{"id":14745,"date":"2016-06-22T10:54:28","date_gmt":"2016-06-22T13:54:28","guid":{"rendered":"http:\/\/anoticiaonline.com.br\/site\/?p=14745"},"modified":"2016-06-22T10:54:28","modified_gmt":"2016-06-22T13:54:28","slug":"passeio-ciclistico-promovido-pelo-colegio-equipe-acontece-neste-sabado","status":"publish","type":"post","link":"https:\/\/anoticiaonline.com.br\/site\/passeio-ciclistico-promovido-pelo-colegio-equipe-acontece-neste-sabado\/","title":{"rendered":"Passeio cicl\u00edstico promovido pelo Col\u00e9gio Equipe acontece neste s\u00e1bado"},"content":{"rendered":"<p><a href=\"https:\/\/anoticiaonline.com.br\/site\/wp-content\/uploads\/2016\/06\/passeio-cicl\u00edstico-col\u00e9gio-equipe.jpg\"><img fetchpriority=\"high\" decoding=\"async\" class=\" size-medium wp-image-14746 alignleft\" src=\"https:\/\/anoticiaonline.com.br\/site\/wp-content\/uploads\/2016\/06\/passeio-cicl\u00edstico-col\u00e9gio-equipe-300x259.jpg\" alt=\"passeio cicl\u00edstico col\u00e9gio equipe\" width=\"300\" height=\"259\" srcset=\"https:\/\/anoticiaonline.com.br\/site\/wp-content\/uploads\/2016\/06\/passeio-cicl\u00edstico-col\u00e9gio-equipe-300x259.jpg 300w, https:\/\/anoticiaonline.com.br\/site\/wp-content\/uploads\/2016\/06\/passeio-cicl\u00edstico-col\u00e9gio-equipe.jpg 600w\" sizes=\"(max-width: 300px) 100vw, 300px\" \/><\/a>O tradicional passeio cicl\u00edstico promovido pelo Col\u00e9gio Equipe acontece neste s\u00e1bado (25). Denominado \u201cPor uma Muria\u00e9 mais verde\u201d, o evento faz parte das comemora\u00e7\u00f5es da Semana do Meio Ambiente e tem como objetivo despertar a consci\u00eancia ecol\u00f3gica, apresentar a bicicleta como forma alternativa de transporte e fomentar o esporte e o social, com a pr\u00e1tica esportiva e a doa\u00e7\u00e3o de alimentos para institui\u00e7\u00f5es filantr\u00f3picas.<\/p>\n<p>A concentra\u00e7\u00e3o acontece \u00e0s 14h30min, na Pra\u00e7a Jo\u00e3o Pinheiro, que ser\u00e1 ponto de partida e chegada, ap\u00f3s o percurso por diversas ruas da cidade. Ao final, haver\u00e1 sorteio de bicicletas.<\/p>\n<p>As inscri\u00e7\u00f5es podem ser feitas no Col\u00e9gio Equipe (Rua Coronel Domiciano, 121, Centro). Os interessados em participar do evento devem levar 2kg de alimentos n\u00e3o perec\u00edveis, que ser\u00e3o doados para institui\u00e7\u00f5es da cidade.<\/p>\n<p>O passeio cicl\u00edstico, que completa sua d\u00e9cima edi\u00e7\u00e3o, conta com o apoio da Pol\u00edcia Militar, Pol\u00edcia Militar de Meio Ambiente, Tiro de Guerra e Secretaria Municipal de Sa\u00fade.<\/p>\n","protected":false},"excerpt":{"rendered":"<p>O tradicional passeio cicl\u00edstico promovido pelo Col\u00e9gio Equipe acontece neste s\u00e1bado (25). Denominado \u201cPor uma Muria\u00e9 mais verde\u201d, o evento faz parte das comemora\u00e7\u00f5es da Semana do Meio Ambiente e tem como objetivo despertar a consci\u00eancia ecol\u00f3gica, apresentar a bicicleta como forma alternativa de transporte e fomentar o esporte e o social, com a pr\u00e1tica &#8230; <a title=\"Passeio cicl\u00edstico promovido pelo Col\u00e9gio Equipe acontece neste s\u00e1bado\" class=\"read-more\" href=\"https:\/\/anoticiaonline.com.br\/site\/passeio-ciclistico-promovido-pelo-colegio-equipe-acontece-neste-sabado\/\" aria-label=\"Read more about Passeio cicl\u00edstico promovido pelo Col\u00e9gio Equipe acontece neste s\u00e1bado\">Ler mais<\/a><\/p>\n","protected":false},"author":2,"featured_media":14746,"comment_status":"open","ping_status":"open","sticky":false,"template":"","format":"standard","meta":{"_acf_changed":false,"_monsterinsights_skip_tracking":false,"footnotes":""},"categories":[30],"tags":[3],"class_list":["post-14745","post","type-post","status-publish","format-standard","has-post-thumbnail","hentry","category-muriae","tag-slide"],"acf":[],"aioseo_notices":[],"aioseo_head":"\n\t\t<!-- All in One SEO 5.0.0.1 - aioseo.com -->\n\t<meta name=\"description\" content=\"O tradicional passeio cicl\u00edstico promovido pelo Col\u00e9gio Equipe acontece neste s\u00e1bado (25). Denominado \u201cPor uma Muria\u00e9 mais verde\u201d, o evento faz parte das comemora\u00e7\u00f5es da Semana do Meio Ambiente e tem como objetivo despertar a consci\u00eancia ecol\u00f3gica, apresentar a bicicleta como forma alternativa de transporte e fomentar o esporte e o social, com a pr\u00e1tica\" \/>\n\t<meta name=\"robots\" content=\"max-image-preview:large\" \/>\n\t<meta name=\"author\" content=\"Juliana Laviola\"\/>\n\t<link rel=\"canonical\" href=\"https:\/\/anoticiaonline.com.br\/site\/passeio-ciclistico-promovido-pelo-colegio-equipe-acontece-neste-sabado\/\" \/>\n\t<meta name=\"generator\" content=\"All in One SEO (AIOSEO) 5.0.0.1\" \/>\n\t\t<meta property=\"og:locale\" content=\"pt_BR\" \/>\n\t\t<meta property=\"og:site_name\" content=\"A Not\u00edcia Online - Noticias de Muria\u00e9 e regi\u00e3o\" \/>\n\t\t<meta property=\"og:type\" content=\"article\" \/>\n\t\t<meta property=\"og:title\" content=\"Passeio cicl\u00edstico promovido pelo Col\u00e9gio Equipe acontece neste s\u00e1bado - A Not\u00edcia Online\" \/>\n\t\t<meta property=\"og:description\" content=\"O tradicional passeio cicl\u00edstico promovido pelo Col\u00e9gio Equipe acontece neste s\u00e1bado (25). Denominado \u201cPor uma Muria\u00e9 mais verde\u201d, o evento faz parte das comemora\u00e7\u00f5es da Semana do Meio Ambiente e tem como objetivo despertar a consci\u00eancia ecol\u00f3gica, apresentar a bicicleta como forma alternativa de transporte e fomentar o esporte e o social, com a pr\u00e1tica\" \/>\n\t\t<meta property=\"og:url\" content=\"https:\/\/anoticiaonline.com.br\/site\/passeio-ciclistico-promovido-pelo-colegio-equipe-acontece-neste-sabado\/\" \/>\n\t\t<meta property=\"og:image\" content=\"https:\/\/scontent-gig4-1.xx.fbcdn.net\/v\/t39.30808-1\/270437624_4564083193639691_6907940295614233970_n.jpg?stp=dst-jpg_s200x200_tt6&#038;_nc_cat=111&#038;ccb=1-7&#038;_nc_sid=f907e8&#038;_nc_ohc=SM1wRlP3lJwQ7kNvwEPuBYA&#038;_nc_oc=AdnqrjDN_BNjSSHWO-GbkIWH6fkGMLw4bqvL_NH6e2wMveX7G-rP2dAqsDSq1mJMOaY&#038;_nc_zt=24&#038;_nc_ht=scontent-gig4-1.xx&#038;_nc_gid=AoBFJeGrT1hVaew_6rchkQ&#038;oh=00_AfX7QmFGhQhG2jAllVgXCiM1ZrWgvtp80-Bfppyexh1QEg&#038;oe=689E923C\" \/>\n\t\t<meta property=\"og:image:secure_url\" content=\"https:\/\/scontent-gig4-1.xx.fbcdn.net\/v\/t39.30808-1\/270437624_4564083193639691_6907940295614233970_n.jpg?stp=dst-jpg_s200x200_tt6&#038;_nc_cat=111&#038;ccb=1-7&#038;_nc_sid=f907e8&#038;_nc_ohc=SM1wRlP3lJwQ7kNvwEPuBYA&#038;_nc_oc=AdnqrjDN_BNjSSHWO-GbkIWH6fkGMLw4bqvL_NH6e2wMveX7G-rP2dAqsDSq1mJMOaY&#038;_nc_zt=24&#038;_nc_ht=scontent-gig4-1.xx&#038;_nc_gid=AoBFJeGrT1hVaew_6rchkQ&#038;oh=00_AfX7QmFGhQhG2jAllVgXCiM1ZrWgvtp80-Bfppyexh1QEg&#038;oe=689E923C\" \/>\n\t\t<meta property=\"article:published_time\" content=\"2016-06-22T13:54:28+00:00\" \/>\n\t\t<meta property=\"article:modified_time\" content=\"2016-06-22T13:54:28+00:00\" \/>\n\t\t<meta name=\"twitter:card\" content=\"summary_large_image\" \/>\n\t\t<meta name=\"twitter:title\" content=\"Passeio cicl\u00edstico promovido pelo Col\u00e9gio Equipe acontece neste s\u00e1bado - A Not\u00edcia Online\" \/>\n\t\t<meta name=\"twitter:description\" content=\"O tradicional passeio cicl\u00edstico promovido pelo Col\u00e9gio Equipe acontece neste s\u00e1bado (25). Denominado \u201cPor uma Muria\u00e9 mais verde\u201d, o evento faz parte das comemora\u00e7\u00f5es da Semana do Meio Ambiente e tem como objetivo despertar a consci\u00eancia ecol\u00f3gica, apresentar a bicicleta como forma alternativa de transporte e fomentar o esporte e o social, com a pr\u00e1tica\" \/>\n\t\t<meta name=\"twitter:image\" content=\"https:\/\/scontent-gig4-1.xx.fbcdn.net\/v\/t39.30808-1\/270437624_4564083193639691_6907940295614233970_n.jpg?stp=dst-jpg_s200x200_tt6&amp;_nc_cat=111&amp;ccb=1-7&amp;_nc_sid=f907e8&amp;_nc_ohc=SM1wRlP3lJwQ7kNvwEPuBYA&amp;_nc_oc=AdnqrjDN_BNjSSHWO-GbkIWH6fkGMLw4bqvL_NH6e2wMveX7G-rP2dAqsDSq1mJMOaY&amp;_nc_zt=24&amp;_nc_ht=scontent-gig4-1.xx&amp;_nc_gid=AoBFJeGrT1hVaew_6rchkQ&amp;oh=00_AfX7QmFGhQhG2jAllVgXCiM1ZrWgvtp80-Bfppyexh1QEg&amp;oe=689E923C\" \/>\n\t\t<script type=\"application\/ld+json\" class=\"aioseo-schema\">\n\t\t\t{\"@context\":\"https:\\\/\\\/schema.org\",\"@graph\":[{\"@type\":\"BlogPosting\",\"@id\":\"https:\\\/\\\/anoticiaonline.com.br\\\/site\\\/passeio-ciclistico-promovido-pelo-colegio-equipe-acontece-neste-sabado\\\/#blogposting\",\"name\":\"Passeio cicl\\u00edstico promovido pelo Col\\u00e9gio Equipe acontece neste s\\u00e1bado - A Not\\u00edcia Online\",\"headline\":\"Passeio cicl\\u00edstico promovido pelo Col\\u00e9gio Equipe acontece neste s\\u00e1bado\",\"author\":{\"@id\":\"https:\\\/\\\/anoticiaonline.com.br\\\/site\\\/author\\\/juliana\\\/#author\"},\"publisher\":{\"@id\":\"https:\\\/\\\/anoticiaonline.com.br\\\/site\\\/#organization\"},\"image\":{\"@type\":\"ImageObject\",\"url\":\"https:\\\/\\\/anoticiaonline.com.br\\\/site\\\/wp-content\\\/uploads\\\/2016\\\/06\\\/passeio-cicl\\u00edstico-col\\u00e9gio-equipe.jpg\",\"width\":600,\"height\":518},\"datePublished\":\"2016-06-22T10:54:28-03:00\",\"dateModified\":\"2016-06-22T10:54:28-03:00\",\"inLanguage\":\"pt-BR\",\"mainEntityOfPage\":{\"@id\":\"https:\\\/\\\/anoticiaonline.com.br\\\/site\\\/passeio-ciclistico-promovido-pelo-colegio-equipe-acontece-neste-sabado\\\/#webpage\"},\"isPartOf\":{\"@id\":\"https:\\\/\\\/anoticiaonline.com.br\\\/site\\\/passeio-ciclistico-promovido-pelo-colegio-equipe-acontece-neste-sabado\\\/#webpage\"},\"articleSection\":\"Blog, slide\"},{\"@type\":\"BreadcrumbList\",\"@id\":\"https:\\\/\\\/anoticiaonline.com.br\\\/site\\\/passeio-ciclistico-promovido-pelo-colegio-equipe-acontece-neste-sabado\\\/#breadcrumblist\",\"itemListElement\":[{\"@type\":\"ListItem\",\"@id\":\"https:\\\/\\\/anoticiaonline.com.br\\\/site#listItem\",\"position\":1,\"name\":\"Home\",\"item\":\"https:\\\/\\\/anoticiaonline.com.br\\\/site\",\"nextItem\":{\"@type\":\"ListItem\",\"@id\":\"https:\\\/\\\/anoticiaonline.com.br\\\/site\\\/categoria\\\/muriae\\\/#listItem\",\"name\":\"Blog\"}},{\"@type\":\"ListItem\",\"@id\":\"https:\\\/\\\/anoticiaonline.com.br\\\/site\\\/categoria\\\/muriae\\\/#listItem\",\"position\":2,\"name\":\"Blog\",\"item\":\"https:\\\/\\\/anoticiaonline.com.br\\\/site\\\/categoria\\\/muriae\\\/\",\"nextItem\":{\"@type\":\"ListItem\",\"@id\":\"https:\\\/\\\/anoticiaonline.com.br\\\/site\\\/passeio-ciclistico-promovido-pelo-colegio-equipe-acontece-neste-sabado\\\/#listItem\",\"name\":\"Passeio cicl\\u00edstico promovido pelo Col\\u00e9gio Equipe acontece neste s\\u00e1bado\"},\"previousItem\":{\"@type\":\"ListItem\",\"@id\":\"https:\\\/\\\/anoticiaonline.com.br\\\/site#listItem\",\"name\":\"Home\"}},{\"@type\":\"ListItem\",\"@id\":\"https:\\\/\\\/anoticiaonline.com.br\\\/site\\\/passeio-ciclistico-promovido-pelo-colegio-equipe-acontece-neste-sabado\\\/#listItem\",\"position\":3,\"name\":\"Passeio cicl\\u00edstico promovido pelo Col\\u00e9gio Equipe acontece neste s\\u00e1bado\",\"previousItem\":{\"@type\":\"ListItem\",\"@id\":\"https:\\\/\\\/anoticiaonline.com.br\\\/site\\\/categoria\\\/muriae\\\/#listItem\",\"name\":\"Blog\"}}]},{\"@type\":\"Organization\",\"@id\":\"https:\\\/\\\/anoticiaonline.com.br\\\/site\\\/#organization\",\"name\":\"A Not\\u00edcia Online\",\"description\":\"Noticias de Muria\\u00e9 e regi\\u00e3o\",\"url\":\"https:\\\/\\\/anoticiaonline.com.br\\\/site\\\/\",\"logo\":{\"@type\":\"ImageObject\",\"url\":\"https:\\\/\\\/scontent-gig4-1.xx.fbcdn.net\\\/v\\\/t39.30808-1\\\/270437624_4564083193639691_6907940295614233970_n.jpg?stp=dst-jpg_s200x200_tt6&_nc_cat=111&ccb=1-7&_nc_sid=f907e8&_nc_ohc=SM1wRlP3lJwQ7kNvwEPuBYA&_nc_oc=AdnqrjDN_BNjSSHWO-GbkIWH6fkGMLw4bqvL_NH6e2wMveX7G-rP2dAqsDSq1mJMOaY&_nc_zt=24&_nc_ht=scontent-gig4-1.xx&_nc_gid=AoBFJeGrT1hVaew_6rchkQ&oh=00_AfX7QmFGhQhG2jAllVgXCiM1ZrWgvtp80-Bfppyexh1QEg&oe=689E923C\",\"@id\":\"https:\\\/\\\/anoticiaonline.com.br\\\/site\\\/passeio-ciclistico-promovido-pelo-colegio-equipe-acontece-neste-sabado\\\/#organizationLogo\"},\"image\":{\"@id\":\"https:\\\/\\\/anoticiaonline.com.br\\\/site\\\/passeio-ciclistico-promovido-pelo-colegio-equipe-acontece-neste-sabado\\\/#organizationLogo\"}},{\"@type\":\"Person\",\"@id\":\"https:\\\/\\\/anoticiaonline.com.br\\\/site\\\/author\\\/juliana\\\/#author\",\"url\":\"https:\\\/\\\/anoticiaonline.com.br\\\/site\\\/author\\\/juliana\\\/\",\"name\":\"Juliana Laviola\",\"image\":{\"@type\":\"ImageObject\",\"@id\":\"https:\\\/\\\/anoticiaonline.com.br\\\/site\\\/passeio-ciclistico-promovido-pelo-colegio-equipe-acontece-neste-sabado\\\/#authorImage\",\"url\":\"https:\\\/\\\/secure.gravatar.com\\\/avatar\\\/b8d45f5c699b100dfaf0e543582f38f38bf94cb7ae3a5e9abf8d891a34773335?s=96&d=mm&r=g\",\"width\":96,\"height\":96,\"caption\":\"Juliana Laviola\"}},{\"@type\":\"WebPage\",\"@id\":\"https:\\\/\\\/anoticiaonline.com.br\\\/site\\\/passeio-ciclistico-promovido-pelo-colegio-equipe-acontece-neste-sabado\\\/#webpage\",\"url\":\"https:\\\/\\\/anoticiaonline.com.br\\\/site\\\/passeio-ciclistico-promovido-pelo-colegio-equipe-acontece-neste-sabado\\\/\",\"name\":\"Passeio cicl\\u00edstico promovido pelo Col\\u00e9gio Equipe acontece neste s\\u00e1bado - A Not\\u00edcia Online\",\"description\":\"O tradicional passeio cicl\\u00edstico promovido pelo Col\\u00e9gio Equipe acontece neste s\\u00e1bado (25). Denominado \\u201cPor uma Muria\\u00e9 mais verde\\u201d, o evento faz parte das comemora\\u00e7\\u00f5es da Semana do Meio Ambiente e tem como objetivo despertar a consci\\u00eancia ecol\\u00f3gica, apresentar a bicicleta como forma alternativa de transporte e fomentar o esporte e o social, com a pr\\u00e1tica\",\"inLanguage\":\"pt-BR\",\"isPartOf\":{\"@id\":\"https:\\\/\\\/anoticiaonline.com.br\\\/site\\\/#website\"},\"breadcrumb\":{\"@id\":\"https:\\\/\\\/anoticiaonline.com.br\\\/site\\\/passeio-ciclistico-promovido-pelo-colegio-equipe-acontece-neste-sabado\\\/#breadcrumblist\"},\"author\":{\"@id\":\"https:\\\/\\\/anoticiaonline.com.br\\\/site\\\/author\\\/juliana\\\/#author\"},\"creator\":{\"@id\":\"https:\\\/\\\/anoticiaonline.com.br\\\/site\\\/author\\\/juliana\\\/#author\"},\"image\":{\"@type\":\"ImageObject\",\"url\":\"https:\\\/\\\/anoticiaonline.com.br\\\/site\\\/wp-content\\\/uploads\\\/2016\\\/06\\\/passeio-cicl\\u00edstico-col\\u00e9gio-equipe.jpg\",\"@id\":\"https:\\\/\\\/anoticiaonline.com.br\\\/site\\\/passeio-ciclistico-promovido-pelo-colegio-equipe-acontece-neste-sabado\\\/#mainImage\",\"width\":600,\"height\":518},\"primaryImageOfPage\":{\"@id\":\"https:\\\/\\\/anoticiaonline.com.br\\\/site\\\/passeio-ciclistico-promovido-pelo-colegio-equipe-acontece-neste-sabado\\\/#mainImage\"},\"datePublished\":\"2016-06-22T10:54:28-03:00\",\"dateModified\":\"2016-06-22T10:54:28-03:00\"},{\"@type\":\"WebSite\",\"@id\":\"https:\\\/\\\/anoticiaonline.com.br\\\/site\\\/#website\",\"url\":\"https:\\\/\\\/anoticiaonline.com.br\\\/site\\\/\",\"name\":\"A Not\\u00edcia Online\",\"description\":\"Noticias de Muria\\u00e9 e regi\\u00e3o\",\"inLanguage\":\"pt-BR\",\"publisher\":{\"@id\":\"https:\\\/\\\/anoticiaonline.com.br\\\/site\\\/#organization\"}}]}\n\t\t<\/script>\n\t\t<!-- All in One SEO -->\n\n","aioseo_head_json":{"title":"Passeio cicl\u00edstico promovido pelo Col\u00e9gio Equipe acontece neste s\u00e1bado - A Not\u00edcia Online","description":"O tradicional passeio cicl\u00edstico promovido pelo Col\u00e9gio Equipe acontece neste s\u00e1bado (25). Denominado \u201cPor uma Muria\u00e9 mais verde\u201d, o evento faz parte das comemora\u00e7\u00f5es da Semana do Meio Ambiente e tem como objetivo despertar a consci\u00eancia ecol\u00f3gica, apresentar a bicicleta como forma alternativa de transporte e fomentar o esporte e o social, com a pr\u00e1tica","canonical_url":"https:\/\/anoticiaonline.com.br\/site\/passeio-ciclistico-promovido-pelo-colegio-equipe-acontece-neste-sabado\/","robots":"max-image-preview:large","keywords":"","webmasterTools":{"miscellaneous":""},"schema":{"@context":"https:\/\/schema.org","@graph":[{"@type":"BlogPosting","@id":"https:\/\/anoticiaonline.com.br\/site\/passeio-ciclistico-promovido-pelo-colegio-equipe-acontece-neste-sabado\/#blogposting","name":"Passeio cicl\u00edstico promovido pelo Col\u00e9gio Equipe acontece neste s\u00e1bado - A Not\u00edcia Online","headline":"Passeio cicl\u00edstico promovido pelo Col\u00e9gio Equipe acontece neste s\u00e1bado","author":{"@id":"https:\/\/anoticiaonline.com.br\/site\/author\/juliana\/#author"},"publisher":{"@id":"https:\/\/anoticiaonline.com.br\/site\/#organization"},"image":{"@type":"ImageObject","url":"https:\/\/anoticiaonline.com.br\/site\/wp-content\/uploads\/2016\/06\/passeio-cicl\u00edstico-col\u00e9gio-equipe.jpg","width":600,"height":518},"datePublished":"2016-06-22T10:54:28-03:00","dateModified":"2016-06-22T10:54:28-03:00","inLanguage":"pt-BR","mainEntityOfPage":{"@id":"https:\/\/anoticiaonline.com.br\/site\/passeio-ciclistico-promovido-pelo-colegio-equipe-acontece-neste-sabado\/#webpage"},"isPartOf":{"@id":"https:\/\/anoticiaonline.com.br\/site\/passeio-ciclistico-promovido-pelo-colegio-equipe-acontece-neste-sabado\/#webpage"},"articleSection":"Blog, slide"},{"@type":"BreadcrumbList","@id":"https:\/\/anoticiaonline.com.br\/site\/passeio-ciclistico-promovido-pelo-colegio-equipe-acontece-neste-sabado\/#breadcrumblist","itemListElement":[{"@type":"ListItem","@id":"https:\/\/anoticiaonline.com.br\/site#listItem","position":1,"name":"Home","item":"https:\/\/anoticiaonline.com.br\/site","nextItem":{"@type":"ListItem","@id":"https:\/\/anoticiaonline.com.br\/site\/categoria\/muriae\/#listItem","name":"Blog"}},{"@type":"ListItem","@id":"https:\/\/anoticiaonline.com.br\/site\/categoria\/muriae\/#listItem","position":2,"name":"Blog","item":"https:\/\/anoticiaonline.com.br\/site\/categoria\/muriae\/","nextItem":{"@type":"ListItem","@id":"https:\/\/anoticiaonline.com.br\/site\/passeio-ciclistico-promovido-pelo-colegio-equipe-acontece-neste-sabado\/#listItem","name":"Passeio cicl\u00edstico promovido pelo Col\u00e9gio Equipe acontece neste s\u00e1bado"},"previousItem":{"@type":"ListItem","@id":"https:\/\/anoticiaonline.com.br\/site#listItem","name":"Home"}},{"@type":"ListItem","@id":"https:\/\/anoticiaonline.com.br\/site\/passeio-ciclistico-promovido-pelo-colegio-equipe-acontece-neste-sabado\/#listItem","position":3,"name":"Passeio cicl\u00edstico promovido pelo Col\u00e9gio Equipe acontece neste s\u00e1bado","previousItem":{"@type":"ListItem","@id":"https:\/\/anoticiaonline.com.br\/site\/categoria\/muriae\/#listItem","name":"Blog"}}]},{"@type":"Organization","@id":"https:\/\/anoticiaonline.com.br\/site\/#organization","name":"A Not\u00edcia Online","description":"Noticias de Muria\u00e9 e regi\u00e3o","url":"https:\/\/anoticiaonline.com.br\/site\/","logo":{"@type":"ImageObject","url":"https:\/\/scontent-gig4-1.xx.fbcdn.net\/v\/t39.30808-1\/270437624_4564083193639691_6907940295614233970_n.jpg?stp=dst-jpg_s200x200_tt6&_nc_cat=111&ccb=1-7&_nc_sid=f907e8&_nc_ohc=SM1wRlP3lJwQ7kNvwEPuBYA&_nc_oc=AdnqrjDN_BNjSSHWO-GbkIWH6fkGMLw4bqvL_NH6e2wMveX7G-rP2dAqsDSq1mJMOaY&_nc_zt=24&_nc_ht=scontent-gig4-1.xx&_nc_gid=AoBFJeGrT1hVaew_6rchkQ&oh=00_AfX7QmFGhQhG2jAllVgXCiM1ZrWgvtp80-Bfppyexh1QEg&oe=689E923C","@id":"https:\/\/anoticiaonline.com.br\/site\/passeio-ciclistico-promovido-pelo-colegio-equipe-acontece-neste-sabado\/#organizationLogo"},"image":{"@id":"https:\/\/anoticiaonline.com.br\/site\/passeio-ciclistico-promovido-pelo-colegio-equipe-acontece-neste-sabado\/#organizationLogo"}},{"@type":"Person","@id":"https:\/\/anoticiaonline.com.br\/site\/author\/juliana\/#author","url":"https:\/\/anoticiaonline.com.br\/site\/author\/juliana\/","name":"Juliana Laviola","image":{"@type":"ImageObject","@id":"https:\/\/anoticiaonline.com.br\/site\/passeio-ciclistico-promovido-pelo-colegio-equipe-acontece-neste-sabado\/#authorImage","url":"https:\/\/secure.gravatar.com\/avatar\/b8d45f5c699b100dfaf0e543582f38f38bf94cb7ae3a5e9abf8d891a34773335?s=96&d=mm&r=g","width":96,"height":96,"caption":"Juliana Laviola"}},{"@type":"WebPage","@id":"https:\/\/anoticiaonline.com.br\/site\/passeio-ciclistico-promovido-pelo-colegio-equipe-acontece-neste-sabado\/#webpage","url":"https:\/\/anoticiaonline.com.br\/site\/passeio-ciclistico-promovido-pelo-colegio-equipe-acontece-neste-sabado\/","name":"Passeio cicl\u00edstico promovido pelo Col\u00e9gio Equipe acontece neste s\u00e1bado - A Not\u00edcia Online","description":"O tradicional passeio cicl\u00edstico promovido pelo Col\u00e9gio Equipe acontece neste s\u00e1bado (25). Denominado \u201cPor uma Muria\u00e9 mais verde\u201d, o evento faz parte das comemora\u00e7\u00f5es da Semana do Meio Ambiente e tem como objetivo despertar a consci\u00eancia ecol\u00f3gica, apresentar a bicicleta como forma alternativa de transporte e fomentar o esporte e o social, com a pr\u00e1tica","inLanguage":"pt-BR","isPartOf":{"@id":"https:\/\/anoticiaonline.com.br\/site\/#website"},"breadcrumb":{"@id":"https:\/\/anoticiaonline.com.br\/site\/passeio-ciclistico-promovido-pelo-colegio-equipe-acontece-neste-sabado\/#breadcrumblist"},"author":{"@id":"https:\/\/anoticiaonline.com.br\/site\/author\/juliana\/#author"},"creator":{"@id":"https:\/\/anoticiaonline.com.br\/site\/author\/juliana\/#author"},"image":{"@type":"ImageObject","url":"https:\/\/anoticiaonline.com.br\/site\/wp-content\/uploads\/2016\/06\/passeio-cicl\u00edstico-col\u00e9gio-equipe.jpg","@id":"https:\/\/anoticiaonline.com.br\/site\/passeio-ciclistico-promovido-pelo-colegio-equipe-acontece-neste-sabado\/#mainImage","width":600,"height":518},"primaryImageOfPage":{"@id":"https:\/\/anoticiaonline.com.br\/site\/passeio-ciclistico-promovido-pelo-colegio-equipe-acontece-neste-sabado\/#mainImage"},"datePublished":"2016-06-22T10:54:28-03:00","dateModified":"2016-06-22T10:54:28-03:00"},{"@type":"WebSite","@id":"https:\/\/anoticiaonline.com.br\/site\/#website","url":"https:\/\/anoticiaonline.com.br\/site\/","name":"A Not\u00edcia Online","description":"Noticias de Muria\u00e9 e regi\u00e3o","inLanguage":"pt-BR","publisher":{"@id":"https:\/\/anoticiaonline.com.br\/site\/#organization"}}]},"og:locale":"pt_BR","og:site_name":"A Not\u00edcia Online - Noticias de Muria\u00e9 e regi\u00e3o","og:type":"article","og:title":"Passeio cicl\u00edstico promovido pelo Col\u00e9gio Equipe acontece neste s\u00e1bado - A Not\u00edcia Online","og:description":"O tradicional passeio cicl\u00edstico promovido pelo Col\u00e9gio Equipe acontece neste s\u00e1bado (25). Denominado \u201cPor uma Muria\u00e9 mais verde\u201d, o evento faz parte das comemora\u00e7\u00f5es da Semana do Meio Ambiente e tem como objetivo despertar a consci\u00eancia ecol\u00f3gica, apresentar a bicicleta como forma alternativa de transporte e fomentar o esporte e o social, com a pr\u00e1tica","og:url":"https:\/\/anoticiaonline.com.br\/site\/passeio-ciclistico-promovido-pelo-colegio-equipe-acontece-neste-sabado\/","og:image":"https:\/\/scontent-gig4-1.xx.fbcdn.net\/v\/t39.30808-1\/270437624_4564083193639691_6907940295614233970_n.jpg?stp=dst-jpg_s200x200_tt6&#038;_nc_cat=111&#038;ccb=1-7&#038;_nc_sid=f907e8&#038;_nc_ohc=SM1wRlP3lJwQ7kNvwEPuBYA&#038;_nc_oc=AdnqrjDN_BNjSSHWO-GbkIWH6fkGMLw4bqvL_NH6e2wMveX7G-rP2dAqsDSq1mJMOaY&#038;_nc_zt=24&#038;_nc_ht=scontent-gig4-1.xx&#038;_nc_gid=AoBFJeGrT1hVaew_6rchkQ&#038;oh=00_AfX7QmFGhQhG2jAllVgXCiM1ZrWgvtp80-Bfppyexh1QEg&#038;oe=689E923C","og:image:secure_url":"https:\/\/scontent-gig4-1.xx.fbcdn.net\/v\/t39.30808-1\/270437624_4564083193639691_6907940295614233970_n.jpg?stp=dst-jpg_s200x200_tt6&#038;_nc_cat=111&#038;ccb=1-7&#038;_nc_sid=f907e8&#038;_nc_ohc=SM1wRlP3lJwQ7kNvwEPuBYA&#038;_nc_oc=AdnqrjDN_BNjSSHWO-GbkIWH6fkGMLw4bqvL_NH6e2wMveX7G-rP2dAqsDSq1mJMOaY&#038;_nc_zt=24&#038;_nc_ht=scontent-gig4-1.xx&#038;_nc_gid=AoBFJeGrT1hVaew_6rchkQ&#038;oh=00_AfX7QmFGhQhG2jAllVgXCiM1ZrWgvtp80-Bfppyexh1QEg&#038;oe=689E923C","article:published_time":"2016-06-22T13:54:28+00:00","article:modified_time":"2016-06-22T13:54:28+00:00","twitter:card":"summary_large_image","twitter:title":"Passeio cicl\u00edstico promovido pelo Col\u00e9gio Equipe acontece neste s\u00e1bado - A Not\u00edcia Online","twitter:description":"O tradicional passeio cicl\u00edstico promovido pelo Col\u00e9gio Equipe acontece neste s\u00e1bado (25). Denominado \u201cPor uma Muria\u00e9 mais verde\u201d, o evento faz parte das comemora\u00e7\u00f5es da Semana do Meio Ambiente e tem como objetivo despertar a consci\u00eancia ecol\u00f3gica, apresentar a bicicleta como forma alternativa de transporte e fomentar o esporte e o social, com a pr\u00e1tica","twitter:image":"https:\/\/scontent-gig4-1.xx.fbcdn.net\/v\/t39.30808-1\/270437624_4564083193639691_6907940295614233970_n.jpg?stp=dst-jpg_s200x200_tt6&_nc_cat=111&ccb=1-7&_nc_sid=f907e8&_nc_ohc=SM1wRlP3lJwQ7kNvwEPuBYA&_nc_oc=AdnqrjDN_BNjSSHWO-GbkIWH6fkGMLw4bqvL_NH6e2wMveX7G-rP2dAqsDSq1mJMOaY&_nc_zt=24&_nc_ht=scontent-gig4-1.xx&_nc_gid=AoBFJeGrT1hVaew_6rchkQ&oh=00_AfX7QmFGhQhG2jAllVgXCiM1ZrWgvtp80-Bfppyexh1QEg&oe=689E923C"},"aioseo_meta_data":{"post_id":"14745","title":null,"description":null,"keywords":null,"keyphrases":null,"primary_term":null,"canonical_url":null,"og_title":null,"og_description":null,"og_object_type":"default","og_image_type":"default","og_image_url":null,"og_image_width":null,"og_image_height":null,"og_image_custom_url":null,"og_image_custom_fields":null,"og_video":null,"og_custom_url":null,"og_article_section":null,"og_article_tags":null,"twitter_use_og":false,"twitter_card":"default","twitter_image_type":"default","twitter_image_url":null,"twitter_image_custom_url":null,"twitter_image_custom_fields":null,"twitter_title":null,"twitter_description":null,"schema":{"blockGraphs":[],"customGraphs":[],"default":{"data":{"Article":[],"Course":[],"Dataset":[],"FAQPage":[],"Movie":[],"Person":[],"Product":[],"ProductReview":[],"Car":[],"Recipe":[],"Service":[],"SoftwareApplication":[],"WebPage":[]},"graphName":"","isEnabled":true},"graphs":[]},"schema_type":"default","schema_type_options":null,"pillar_content":false,"robots_default":true,"robots_noindex":false,"robots_noarchive":false,"robots_nosnippet":false,"robots_nofollow":false,"robots_noimageindex":false,"robots_noodp":false,"robots_notranslate":false,"robots_max_snippet":null,"robots_max_videopreview":null,"robots_max_imagepreview":"large","priority":null,"frequency":null,"local_seo":null,"breadcrumb_settings":null,"limit_modified_date":false,"ai":null,"created":"2025-08-16 16:12:27","updated":"2025-08-16 16:12:27","focus_keyword":null,"additional_keywords":null,"truseo_locale":null,"seo_analyzer_scan_date":null},"aioseo_breadcrumb":"<div class=\"aioseo-breadcrumbs\"><span class=\"aioseo-breadcrumb\">\n\t\t\t<a href=\"https:\/\/anoticiaonline.com.br\/site\" title=\"Home\">Home<\/a>\n\t\t<\/span><span class=\"aioseo-breadcrumb-separator\">&raquo;<\/span><span class=\"aioseo-breadcrumb\">\n\t\t\t<a href=\"https:\/\/anoticiaonline.com.br\/site\/categoria\/muriae\/\" title=\"Blog\">Blog<\/a>\n\t\t<\/span><span class=\"aioseo-breadcrumb-separator\">&raquo;<\/span><span class=\"aioseo-breadcrumb\">\n\t\t\tPasseio cicl\u00edstico promovido pelo Col\u00e9gio Equipe acontece neste s\u00e1bado\n\t\t<\/span><\/div>","aioseo_breadcrumb_json":[{"label":"Home","link":"https:\/\/anoticiaonline.com.br\/site"},{"label":"Blog","link":"https:\/\/anoticiaonline.com.br\/site\/categoria\/muriae\/"},{"label":"Passeio cicl\u00edstico promovido pelo Col\u00e9gio Equipe acontece neste s\u00e1bado","link":"https:\/\/anoticiaonline.com.br\/site\/passeio-ciclistico-promovido-pelo-colegio-equipe-acontece-neste-sabado\/"}],"views":129,"_links":{"self":[{"href":"https:\/\/anoticiaonline.com.br\/site\/wp-json\/wp\/v2\/posts\/14745","targetHints":{"allow":["GET"]}}],"collection":[{"href":"https:\/\/anoticiaonline.com.br\/site\/wp-json\/wp\/v2\/posts"}],"about":[{"href":"https:\/\/anoticiaonline.com.br\/site\/wp-json\/wp\/v2\/types\/post"}],"author":[{"embeddable":true,"href":"https:\/\/anoticiaonline.com.br\/site\/wp-json\/wp\/v2\/users\/2"}],"replies":[{"embeddable":true,"href":"https:\/\/anoticiaonline.com.br\/site\/wp-json\/wp\/v2\/comments?post=14745"}],"version-history":[{"count":0,"href":"https:\/\/anoticiaonline.com.br\/site\/wp-json\/wp\/v2\/posts\/14745\/revisions"}],"wp:featuredmedia":[{"embeddable":true,"href":"https:\/\/anoticiaonline.com.br\/site\/wp-json\/wp\/v2\/media\/14746"}],"wp:attachment":[{"href":"https:\/\/anoticiaonline.com.br\/site\/wp-json\/wp\/v2\/media?parent=14745"}],"wp:term":[{"taxonomy":"category","embeddable":true,"href":"https:\/\/anoticiaonline.com.br\/site\/wp-json\/wp\/v2\/categories?post=14745"},{"taxonomy":"post_tag","embeddable":true,"href":"https:\/\/anoticiaonline.com.br\/site\/wp-json\/wp\/v2\/tags?post=14745"}],"curies":[{"name":"wp","href":"https:\/\/api.w.org\/{rel}","templated":true}]}}