{"id":14553,"date":"2016-06-16T15:16:24","date_gmt":"2016-06-16T18:16:24","guid":{"rendered":"http:\/\/anoticiaonline.com.br\/site\/?p=14553"},"modified":"2016-06-16T18:12:29","modified_gmt":"2016-06-16T21:12:29","slug":"sociarte-41","status":"publish","type":"post","link":"https:\/\/anoticiaonline.com.br\/site\/sociarte-41\/","title":{"rendered":"Sociarte"},"content":{"rendered":"<p><strong>Edi\u00e7\u00e3o 492, de 17 de junho de 2016<\/strong><\/p>\n<p>&nbsp;<\/p>\n<p>&nbsp;<\/p>\n<p>&nbsp;<\/p>\n<p><a href=\"https:\/\/anoticiaonline.com.br\/site\/wp-content\/uploads\/2016\/06\/1-aninho-de-Heitor.jpg\"><img fetchpriority=\"high\" decoding=\"async\" class=\"alignnone size-medium wp-image-14554\" src=\"https:\/\/anoticiaonline.com.br\/site\/wp-content\/uploads\/2016\/06\/1-aninho-de-Heitor-300x210.jpg\" alt=\"1 aninho de Heitor\" width=\"300\" height=\"210\" srcset=\"https:\/\/anoticiaonline.com.br\/site\/wp-content\/uploads\/2016\/06\/1-aninho-de-Heitor-300x210.jpg 300w, https:\/\/anoticiaonline.com.br\/site\/wp-content\/uploads\/2016\/06\/1-aninho-de-Heitor.jpg 640w\" sizes=\"(max-width: 300px) 100vw, 300px\" \/><\/a><br \/>\n<strong>1 aninho de Heitor<\/strong><\/p>\n<p>O 1\u00ba aninho de vida de Heitor Mazzini Soldati Veggi, primog\u00eanito do casal Fabr\u00edcio Veggi e Melissa Mazzini Soldati, foi comemorado com uma linda festa, que aconteceu no s\u00e1bado (11), no Espa\u00e7o Festejar e teve como tema \u201cMundo Bita\u201d. Muitos vivas para o lindo Heitor! (Revele Photo)<\/p>\n<p>&nbsp;<\/p>\n<p>&nbsp;<\/p>\n<p><a href=\"https:\/\/anoticiaonline.com.br\/site\/wp-content\/uploads\/2016\/06\/Batizado-de-Nathan.jpg\"><img decoding=\"async\" class=\"alignnone size-medium wp-image-14555\" src=\"https:\/\/anoticiaonline.com.br\/site\/wp-content\/uploads\/2016\/06\/Batizado-de-Nathan-300x244.jpg\" alt=\"Batizado de Nathan\" width=\"300\" height=\"244\" srcset=\"https:\/\/anoticiaonline.com.br\/site\/wp-content\/uploads\/2016\/06\/Batizado-de-Nathan-300x244.jpg 300w, https:\/\/anoticiaonline.com.br\/site\/wp-content\/uploads\/2016\/06\/Batizado-de-Nathan.jpg 640w\" sizes=\"(max-width: 300px) 100vw, 300px\" \/><\/a><br \/>\n<strong>Batizado de Nathan<\/strong><\/p>\n<p>Nathan Silva Vilela Rodrigues, filho de Marco Ant\u00f4nio Vilela Rodrigues e Simone da Concei\u00e7\u00e3o Silva, recebeu o sacramento do Batismo durante cerim\u00f4nia realizada no domingo (12), na Par\u00f3quia Nossa Senhora Aparecida, no Porto. Nathan tem como padrinhos Ronald Vilela Rodrigues e Ione de Paula Vilela (Batismo), Luciene Ferreira Silva (Consagra\u00e7\u00e3o) e Gl\u00f3ria Carmo de Moura Nascimento (Toalha). (Foto Central)<\/p>\n<p>&nbsp;<\/p>\n<p>&nbsp;<\/p>\n<p><a href=\"https:\/\/anoticiaonline.com.br\/site\/wp-content\/uploads\/2016\/06\/1-ano-de-Izaque.jpg\"><img decoding=\"async\" class=\"alignnone size-medium wp-image-14556\" src=\"https:\/\/anoticiaonline.com.br\/site\/wp-content\/uploads\/2016\/06\/1-ano-de-Izaque-207x300.jpg\" alt=\"1 ano de Izaque\" width=\"207\" height=\"300\" srcset=\"https:\/\/anoticiaonline.com.br\/site\/wp-content\/uploads\/2016\/06\/1-ano-de-Izaque-207x300.jpg 207w, https:\/\/anoticiaonline.com.br\/site\/wp-content\/uploads\/2016\/06\/1-ano-de-Izaque.jpg 441w\" sizes=\"(max-width: 207px) 100vw, 207px\" \/><\/a><br \/>\n<strong>1 ano de Izaque<\/strong><\/p>\n<p>Izaque, filho de Carlos e Lucilda, completou 1 aninho de vida. A data foi muito comemorada durante uma festa, que aconteceu no s\u00e1bado (11), no Espa\u00e7o Nobre. O tema foi \u201cFazendinha\u201d. Aplausos para o Izaque! Que ele cres\u00e7a com muita sa\u00fade! (Foto Central)<\/p>\n<p>&nbsp;<\/p>\n<p>&nbsp;<\/p>\n<p><a href=\"https:\/\/anoticiaonline.com.br\/site\/wp-content\/uploads\/2016\/06\/Novidades-na-Bruno-Lanches.jpg\"><img loading=\"lazy\" decoding=\"async\" class=\"alignnone size-medium wp-image-14557\" src=\"https:\/\/anoticiaonline.com.br\/site\/wp-content\/uploads\/2016\/06\/Novidades-na-Bruno-Lanches-300x199.jpg\" alt=\"Novidades na Bruno Lanches\" width=\"300\" height=\"199\" srcset=\"https:\/\/anoticiaonline.com.br\/site\/wp-content\/uploads\/2016\/06\/Novidades-na-Bruno-Lanches-300x199.jpg 300w, https:\/\/anoticiaonline.com.br\/site\/wp-content\/uploads\/2016\/06\/Novidades-na-Bruno-Lanches.jpg 640w\" sizes=\"(max-width: 300px) 100vw, 300px\" \/><\/a><br \/>\n<strong>Novidades na Bruno Lanches<\/strong><\/p>\n<p>A Bruno Lanches, localizada na Rua Jo\u00e3o Dornelas, 335, no bairro Dornelas, est\u00e1 com novidades. De segunda a s\u00e1bado, est\u00e1 servindo refei\u00e7\u00e3o por R$8,99 por pessoa, de 11h \u00e0s 14h, e tamb\u00e9m marmita mensal. O que est\u00e1 esperando? V\u00e1 saborear as del\u00edcias que a Bruno Lanches tem a oferecer. Os pedidos podem ser feitos pelos telefones, 3722-2303 e 3721-8170.<\/p>\n<p>&nbsp;<\/p>\n<p>&nbsp;<\/p>\n<p><a href=\"https:\/\/anoticiaonline.com.br\/site\/wp-content\/uploads\/2016\/06\/Exposi\u00e7\u00e3o-de-artes.jpg\"><img loading=\"lazy\" decoding=\"async\" class=\"alignnone size-medium wp-image-14558\" src=\"https:\/\/anoticiaonline.com.br\/site\/wp-content\/uploads\/2016\/06\/Exposi\u00e7\u00e3o-de-artes-300x235.jpg\" alt=\"Exposi\u00e7\u00e3o de artes\" width=\"300\" height=\"235\" srcset=\"https:\/\/anoticiaonline.com.br\/site\/wp-content\/uploads\/2016\/06\/Exposi\u00e7\u00e3o-de-artes-300x235.jpg 300w, https:\/\/anoticiaonline.com.br\/site\/wp-content\/uploads\/2016\/06\/Exposi\u00e7\u00e3o-de-artes.jpg 640w\" sizes=\"(max-width: 300px) 100vw, 300px\" \/><\/a><br \/>\n<strong>Exposi\u00e7\u00e3o de artes<\/strong><\/p>\n<p>Est\u00e1 em cartaz na Galeria da Fundarte, a \u201cII Mostra Coletiva da Escola Municipal de Artes Visuais Moacyr Fenelon\u201d. Nesta segunda edi\u00e7\u00e3o, sob a curadoria de Jo\u00e3o Vargas, a mostra integra as atividades do Projeto Circuito Cultural Grande Hotel Muriahe. Reunindo trabalhos com as mais variadas t\u00e9cnicas, desde o grafite at\u00e9 \u00f3leo sobre tela, a exposi\u00e7\u00e3o ficar\u00e1 em cartaz nesta galeria at\u00e9 o dia 19 de julho.<\/p>\n<p>&nbsp;<\/p>\n<p>&nbsp;<\/p>\n<p><a href=\"https:\/\/anoticiaonline.com.br\/site\/wp-content\/uploads\/2016\/06\/Casamento-de-Nath\u00e1lia-e-Marcelo.jpg\"><img loading=\"lazy\" decoding=\"async\" class=\"alignnone size-medium wp-image-14559\" src=\"https:\/\/anoticiaonline.com.br\/site\/wp-content\/uploads\/2016\/06\/Casamento-de-Nath\u00e1lia-e-Marcelo-240x300.jpg\" alt=\"Casamento de Nath\u00e1lia e Marcelo\" width=\"240\" height=\"300\" srcset=\"https:\/\/anoticiaonline.com.br\/site\/wp-content\/uploads\/2016\/06\/Casamento-de-Nath\u00e1lia-e-Marcelo-240x300.jpg 240w, https:\/\/anoticiaonline.com.br\/site\/wp-content\/uploads\/2016\/06\/Casamento-de-Nath\u00e1lia-e-Marcelo.jpg 513w\" sizes=\"(max-width: 240px) 100vw, 240px\" \/><\/a><br \/>\n<strong>Casamento de Nath\u00e1lia e Marcelo<\/strong><\/p>\n<p>A jornalista e assessora parlamentar, Nath\u00e1lia Aquino Sigiliano e Marcelo Vaz, gerente da CG Comercial, se casaram nesta quarta-feira (15), durante cerim\u00f4nia civil realizada em sua resid\u00eancia, na Barra. J\u00e1 a cerim\u00f4nia religiosa acontece nesta sexta-feira (17). A coluna Sociarte parabeniza antecipadamente o casal pelo enlace matrimonial e deseja muitas felicidades nesta nova etapa da vida a dois que se inicia.<\/p>\n<p>&nbsp;<\/p>\n<p>&nbsp;<\/p>\n<p><a href=\"https:\/\/anoticiaonline.com.br\/site\/wp-content\/uploads\/2016\/06\/Pol\u00edcia-solid\u00e1ria.jpg\"><img loading=\"lazy\" decoding=\"async\" class=\"alignnone size-medium wp-image-14560\" src=\"https:\/\/anoticiaonline.com.br\/site\/wp-content\/uploads\/2016\/06\/Pol\u00edcia-solid\u00e1ria-300x198.jpg\" alt=\"Pol\u00edcia solid\u00e1ria\" width=\"300\" height=\"198\" srcset=\"https:\/\/anoticiaonline.com.br\/site\/wp-content\/uploads\/2016\/06\/Pol\u00edcia-solid\u00e1ria-300x198.jpg 300w, https:\/\/anoticiaonline.com.br\/site\/wp-content\/uploads\/2016\/06\/Pol\u00edcia-solid\u00e1ria-290x192.jpg 290w, https:\/\/anoticiaonline.com.br\/site\/wp-content\/uploads\/2016\/06\/Pol\u00edcia-solid\u00e1ria.jpg 640w\" sizes=\"(max-width: 300px) 100vw, 300px\" \/><\/a><br \/>\n<strong>Pol\u00edcia solid\u00e1ria<\/strong><\/p>\n<p>O 47\u00ba Batalh\u00e3o de Pol\u00edcia Militar entregou, na ter\u00e7a-feira (14), cem litros de leite para a Comunidade Terap\u00eautica El Shaday, os quais foram arrecadados durante o passeio cicl\u00edstico \u201cBike do Bem\u201d, promovido pelo Batalh\u00e3o em comemora\u00e7\u00e3o aos seus nove anos de exist\u00eancia. O passeio cicl\u00edstico contou com a participa\u00e7\u00e3o de cerca de 200 pessoas entre adultos e crian\u00e7as. Parab\u00e9ns pelo gesto solid\u00e1rio!<\/p>\n","protected":false},"excerpt":{"rendered":"<p>Edi\u00e7\u00e3o 492, de 17 de junho de 2016 &nbsp; &nbsp; &nbsp; 1 aninho de Heitor O 1\u00ba aninho de vida de Heitor Mazzini Soldati Veggi, primog\u00eanito do casal Fabr\u00edcio Veggi e Melissa Mazzini Soldati, foi comemorado com uma linda festa, que aconteceu no s\u00e1bado (11), no Espa\u00e7o Festejar e teve como tema \u201cMundo Bita\u201d. Muitos &#8230; <a title=\"Sociarte\" class=\"read-more\" href=\"https:\/\/anoticiaonline.com.br\/site\/sociarte-41\/\" aria-label=\"Read more about Sociarte\">Ler mais<\/a><\/p>\n","protected":false},"author":2,"featured_media":0,"comment_status":"open","ping_status":"open","sticky":false,"template":"","format":"standard","meta":{"_acf_changed":false,"_monsterinsights_skip_tracking":false,"footnotes":""},"categories":[38],"tags":[],"class_list":["post-14553","post","type-post","status-publish","format-standard","hentry","category-sociarte"],"acf":[],"aioseo_notices":[],"aioseo_head":"\n\t\t<!-- All in One SEO 5.0.0.1 - aioseo.com -->\n\t<meta name=\"description\" content=\"Edi\u00e7\u00e3o 492, de 17 de junho de 2016 1 aninho de Heitor O 1\u00ba aninho de vida de Heitor Mazzini Soldati Veggi, primog\u00eanito do casal Fabr\u00edcio Veggi e Melissa Mazzini Soldati, foi comemorado com uma linda festa, que aconteceu no s\u00e1bado (11), no Espa\u00e7o Festejar e teve como tema \u201cMundo Bita\u201d. Muitos\" \/>\n\t<meta name=\"robots\" content=\"max-image-preview:large\" \/>\n\t<meta name=\"author\" content=\"Juliana Laviola\"\/>\n\t<link rel=\"canonical\" href=\"https:\/\/anoticiaonline.com.br\/site\/sociarte-41\/\" \/>\n\t<meta name=\"generator\" content=\"All in One SEO (AIOSEO) 5.0.0.1\" \/>\n\t\t<meta property=\"og:locale\" content=\"pt_BR\" \/>\n\t\t<meta property=\"og:site_name\" content=\"A Not\u00edcia Online - Noticias de Muria\u00e9 e regi\u00e3o\" \/>\n\t\t<meta property=\"og:type\" content=\"article\" \/>\n\t\t<meta property=\"og:title\" content=\"Sociarte - A Not\u00edcia Online\" \/>\n\t\t<meta property=\"og:description\" content=\"Edi\u00e7\u00e3o 492, de 17 de junho de 2016 1 aninho de Heitor O 1\u00ba aninho de vida de Heitor Mazzini Soldati Veggi, primog\u00eanito do casal Fabr\u00edcio Veggi e Melissa Mazzini Soldati, foi comemorado com uma linda festa, que aconteceu no s\u00e1bado (11), no Espa\u00e7o Festejar e teve como tema \u201cMundo Bita\u201d. Muitos\" \/>\n\t\t<meta property=\"og:url\" content=\"https:\/\/anoticiaonline.com.br\/site\/sociarte-41\/\" \/>\n\t\t<meta property=\"og:image\" content=\"https:\/\/scontent-gig4-1.xx.fbcdn.net\/v\/t39.30808-1\/270437624_4564083193639691_6907940295614233970_n.jpg?stp=dst-jpg_s200x200_tt6&#038;_nc_cat=111&#038;ccb=1-7&#038;_nc_sid=f907e8&#038;_nc_ohc=SM1wRlP3lJwQ7kNvwEPuBYA&#038;_nc_oc=AdnqrjDN_BNjSSHWO-GbkIWH6fkGMLw4bqvL_NH6e2wMveX7G-rP2dAqsDSq1mJMOaY&#038;_nc_zt=24&#038;_nc_ht=scontent-gig4-1.xx&#038;_nc_gid=AoBFJeGrT1hVaew_6rchkQ&#038;oh=00_AfX7QmFGhQhG2jAllVgXCiM1ZrWgvtp80-Bfppyexh1QEg&#038;oe=689E923C\" \/>\n\t\t<meta property=\"og:image:secure_url\" content=\"https:\/\/scontent-gig4-1.xx.fbcdn.net\/v\/t39.30808-1\/270437624_4564083193639691_6907940295614233970_n.jpg?stp=dst-jpg_s200x200_tt6&#038;_nc_cat=111&#038;ccb=1-7&#038;_nc_sid=f907e8&#038;_nc_ohc=SM1wRlP3lJwQ7kNvwEPuBYA&#038;_nc_oc=AdnqrjDN_BNjSSHWO-GbkIWH6fkGMLw4bqvL_NH6e2wMveX7G-rP2dAqsDSq1mJMOaY&#038;_nc_zt=24&#038;_nc_ht=scontent-gig4-1.xx&#038;_nc_gid=AoBFJeGrT1hVaew_6rchkQ&#038;oh=00_AfX7QmFGhQhG2jAllVgXCiM1ZrWgvtp80-Bfppyexh1QEg&#038;oe=689E923C\" \/>\n\t\t<meta property=\"article:published_time\" content=\"2016-06-16T18:16:24+00:00\" \/>\n\t\t<meta property=\"article:modified_time\" content=\"2016-06-16T21:12:29+00:00\" \/>\n\t\t<meta name=\"twitter:card\" content=\"summary_large_image\" \/>\n\t\t<meta name=\"twitter:title\" content=\"Sociarte - A Not\u00edcia Online\" \/>\n\t\t<meta name=\"twitter:description\" content=\"Edi\u00e7\u00e3o 492, de 17 de junho de 2016 1 aninho de Heitor O 1\u00ba aninho de vida de Heitor Mazzini Soldati Veggi, primog\u00eanito do casal Fabr\u00edcio Veggi e Melissa Mazzini Soldati, foi comemorado com uma linda festa, que aconteceu no s\u00e1bado (11), no Espa\u00e7o Festejar e teve como tema \u201cMundo Bita\u201d. Muitos\" \/>\n\t\t<meta name=\"twitter:image\" content=\"https:\/\/scontent-gig4-1.xx.fbcdn.net\/v\/t39.30808-1\/270437624_4564083193639691_6907940295614233970_n.jpg?stp=dst-jpg_s200x200_tt6&amp;_nc_cat=111&amp;ccb=1-7&amp;_nc_sid=f907e8&amp;_nc_ohc=SM1wRlP3lJwQ7kNvwEPuBYA&amp;_nc_oc=AdnqrjDN_BNjSSHWO-GbkIWH6fkGMLw4bqvL_NH6e2wMveX7G-rP2dAqsDSq1mJMOaY&amp;_nc_zt=24&amp;_nc_ht=scontent-gig4-1.xx&amp;_nc_gid=AoBFJeGrT1hVaew_6rchkQ&amp;oh=00_AfX7QmFGhQhG2jAllVgXCiM1ZrWgvtp80-Bfppyexh1QEg&amp;oe=689E923C\" \/>\n\t\t<script type=\"application\/ld+json\" class=\"aioseo-schema\">\n\t\t\t{\"@context\":\"https:\\\/\\\/schema.org\",\"@graph\":[{\"@type\":\"BlogPosting\",\"@id\":\"https:\\\/\\\/anoticiaonline.com.br\\\/site\\\/sociarte-41\\\/#blogposting\",\"name\":\"Sociarte - A Not\\u00edcia Online\",\"headline\":\"Sociarte\",\"author\":{\"@id\":\"https:\\\/\\\/anoticiaonline.com.br\\\/site\\\/author\\\/juliana\\\/#author\"},\"publisher\":{\"@id\":\"https:\\\/\\\/anoticiaonline.com.br\\\/site\\\/#organization\"},\"image\":{\"@type\":\"ImageObject\",\"url\":\"http:\\\/\\\/anoticiaonline.com.br\\\/site\\\/wp-content\\\/uploads\\\/2016\\\/06\\\/1-aninho-de-Heitor-300x210.jpg\",\"@id\":\"https:\\\/\\\/anoticiaonline.com.br\\\/site\\\/sociarte-41\\\/#articleImage\"},\"datePublished\":\"2016-06-16T15:16:24-03:00\",\"dateModified\":\"2016-06-16T18:12:29-03:00\",\"inLanguage\":\"pt-BR\",\"mainEntityOfPage\":{\"@id\":\"https:\\\/\\\/anoticiaonline.com.br\\\/site\\\/sociarte-41\\\/#webpage\"},\"isPartOf\":{\"@id\":\"https:\\\/\\\/anoticiaonline.com.br\\\/site\\\/sociarte-41\\\/#webpage\"},\"articleSection\":\"Sociarte\"},{\"@type\":\"BreadcrumbList\",\"@id\":\"https:\\\/\\\/anoticiaonline.com.br\\\/site\\\/sociarte-41\\\/#breadcrumblist\",\"itemListElement\":[{\"@type\":\"ListItem\",\"@id\":\"https:\\\/\\\/anoticiaonline.com.br\\\/site#listItem\",\"position\":1,\"name\":\"Home\",\"item\":\"https:\\\/\\\/anoticiaonline.com.br\\\/site\",\"nextItem\":{\"@type\":\"ListItem\",\"@id\":\"https:\\\/\\\/anoticiaonline.com.br\\\/site\\\/categoria\\\/colunistas\\\/#listItem\",\"name\":\"Colunistas\"}},{\"@type\":\"ListItem\",\"@id\":\"https:\\\/\\\/anoticiaonline.com.br\\\/site\\\/categoria\\\/colunistas\\\/#listItem\",\"position\":2,\"name\":\"Colunistas\",\"item\":\"https:\\\/\\\/anoticiaonline.com.br\\\/site\\\/categoria\\\/colunistas\\\/\",\"nextItem\":{\"@type\":\"ListItem\",\"@id\":\"https:\\\/\\\/anoticiaonline.com.br\\\/site\\\/categoria\\\/colunistas\\\/sociarte\\\/#listItem\",\"name\":\"Sociarte\"},\"previousItem\":{\"@type\":\"ListItem\",\"@id\":\"https:\\\/\\\/anoticiaonline.com.br\\\/site#listItem\",\"name\":\"Home\"}},{\"@type\":\"ListItem\",\"@id\":\"https:\\\/\\\/anoticiaonline.com.br\\\/site\\\/categoria\\\/colunistas\\\/sociarte\\\/#listItem\",\"position\":3,\"name\":\"Sociarte\",\"item\":\"https:\\\/\\\/anoticiaonline.com.br\\\/site\\\/categoria\\\/colunistas\\\/sociarte\\\/\",\"nextItem\":{\"@type\":\"ListItem\",\"@id\":\"https:\\\/\\\/anoticiaonline.com.br\\\/site\\\/sociarte-41\\\/#listItem\",\"name\":\"Sociarte\"},\"previousItem\":{\"@type\":\"ListItem\",\"@id\":\"https:\\\/\\\/anoticiaonline.com.br\\\/site\\\/categoria\\\/colunistas\\\/#listItem\",\"name\":\"Colunistas\"}},{\"@type\":\"ListItem\",\"@id\":\"https:\\\/\\\/anoticiaonline.com.br\\\/site\\\/sociarte-41\\\/#listItem\",\"position\":4,\"name\":\"Sociarte\",\"previousItem\":{\"@type\":\"ListItem\",\"@id\":\"https:\\\/\\\/anoticiaonline.com.br\\\/site\\\/categoria\\\/colunistas\\\/sociarte\\\/#listItem\",\"name\":\"Sociarte\"}}]},{\"@type\":\"Organization\",\"@id\":\"https:\\\/\\\/anoticiaonline.com.br\\\/site\\\/#organization\",\"name\":\"A Not\\u00edcia Online\",\"description\":\"Noticias de Muria\\u00e9 e regi\\u00e3o\",\"url\":\"https:\\\/\\\/anoticiaonline.com.br\\\/site\\\/\",\"logo\":{\"@type\":\"ImageObject\",\"url\":\"https:\\\/\\\/scontent-gig4-1.xx.fbcdn.net\\\/v\\\/t39.30808-1\\\/270437624_4564083193639691_6907940295614233970_n.jpg?stp=dst-jpg_s200x200_tt6&_nc_cat=111&ccb=1-7&_nc_sid=f907e8&_nc_ohc=SM1wRlP3lJwQ7kNvwEPuBYA&_nc_oc=AdnqrjDN_BNjSSHWO-GbkIWH6fkGMLw4bqvL_NH6e2wMveX7G-rP2dAqsDSq1mJMOaY&_nc_zt=24&_nc_ht=scontent-gig4-1.xx&_nc_gid=AoBFJeGrT1hVaew_6rchkQ&oh=00_AfX7QmFGhQhG2jAllVgXCiM1ZrWgvtp80-Bfppyexh1QEg&oe=689E923C\",\"@id\":\"https:\\\/\\\/anoticiaonline.com.br\\\/site\\\/sociarte-41\\\/#organizationLogo\"},\"image\":{\"@id\":\"https:\\\/\\\/anoticiaonline.com.br\\\/site\\\/sociarte-41\\\/#organizationLogo\"}},{\"@type\":\"Person\",\"@id\":\"https:\\\/\\\/anoticiaonline.com.br\\\/site\\\/author\\\/juliana\\\/#author\",\"url\":\"https:\\\/\\\/anoticiaonline.com.br\\\/site\\\/author\\\/juliana\\\/\",\"name\":\"Juliana Laviola\",\"image\":{\"@type\":\"ImageObject\",\"@id\":\"https:\\\/\\\/anoticiaonline.com.br\\\/site\\\/sociarte-41\\\/#authorImage\",\"url\":\"https:\\\/\\\/secure.gravatar.com\\\/avatar\\\/b8d45f5c699b100dfaf0e543582f38f38bf94cb7ae3a5e9abf8d891a34773335?s=96&d=mm&r=g\",\"width\":96,\"height\":96,\"caption\":\"Juliana Laviola\"}},{\"@type\":\"WebPage\",\"@id\":\"https:\\\/\\\/anoticiaonline.com.br\\\/site\\\/sociarte-41\\\/#webpage\",\"url\":\"https:\\\/\\\/anoticiaonline.com.br\\\/site\\\/sociarte-41\\\/\",\"name\":\"Sociarte - A Not\\u00edcia Online\",\"description\":\"Edi\\u00e7\\u00e3o 492, de 17 de junho de 2016 1 aninho de Heitor O 1\\u00ba aninho de vida de Heitor Mazzini Soldati Veggi, primog\\u00eanito do casal Fabr\\u00edcio Veggi e Melissa Mazzini Soldati, foi comemorado com uma linda festa, que aconteceu no s\\u00e1bado (11), no Espa\\u00e7o Festejar e teve como tema \\u201cMundo Bita\\u201d. Muitos\",\"inLanguage\":\"pt-BR\",\"isPartOf\":{\"@id\":\"https:\\\/\\\/anoticiaonline.com.br\\\/site\\\/#website\"},\"breadcrumb\":{\"@id\":\"https:\\\/\\\/anoticiaonline.com.br\\\/site\\\/sociarte-41\\\/#breadcrumblist\"},\"author\":{\"@id\":\"https:\\\/\\\/anoticiaonline.com.br\\\/site\\\/author\\\/juliana\\\/#author\"},\"creator\":{\"@id\":\"https:\\\/\\\/anoticiaonline.com.br\\\/site\\\/author\\\/juliana\\\/#author\"},\"datePublished\":\"2016-06-16T15:16:24-03:00\",\"dateModified\":\"2016-06-16T18:12:29-03:00\"},{\"@type\":\"WebSite\",\"@id\":\"https:\\\/\\\/anoticiaonline.com.br\\\/site\\\/#website\",\"url\":\"https:\\\/\\\/anoticiaonline.com.br\\\/site\\\/\",\"name\":\"A Not\\u00edcia Online\",\"description\":\"Noticias de Muria\\u00e9 e regi\\u00e3o\",\"inLanguage\":\"pt-BR\",\"publisher\":{\"@id\":\"https:\\\/\\\/anoticiaonline.com.br\\\/site\\\/#organization\"}}]}\n\t\t<\/script>\n\t\t<!-- All in One SEO -->\n\n","aioseo_head_json":{"title":"Sociarte - A Not\u00edcia Online","description":"Edi\u00e7\u00e3o 492, de 17 de junho de 2016 1 aninho de Heitor O 1\u00ba aninho de vida de Heitor Mazzini Soldati Veggi, primog\u00eanito do casal Fabr\u00edcio Veggi e Melissa Mazzini Soldati, foi comemorado com uma linda festa, que aconteceu no s\u00e1bado (11), no Espa\u00e7o Festejar e teve como tema \u201cMundo Bita\u201d. Muitos","canonical_url":"https:\/\/anoticiaonline.com.br\/site\/sociarte-41\/","robots":"max-image-preview:large","keywords":"","webmasterTools":{"miscellaneous":""},"schema":{"@context":"https:\/\/schema.org","@graph":[{"@type":"BlogPosting","@id":"https:\/\/anoticiaonline.com.br\/site\/sociarte-41\/#blogposting","name":"Sociarte - A Not\u00edcia Online","headline":"Sociarte","author":{"@id":"https:\/\/anoticiaonline.com.br\/site\/author\/juliana\/#author"},"publisher":{"@id":"https:\/\/anoticiaonline.com.br\/site\/#organization"},"image":{"@type":"ImageObject","url":"http:\/\/anoticiaonline.com.br\/site\/wp-content\/uploads\/2016\/06\/1-aninho-de-Heitor-300x210.jpg","@id":"https:\/\/anoticiaonline.com.br\/site\/sociarte-41\/#articleImage"},"datePublished":"2016-06-16T15:16:24-03:00","dateModified":"2016-06-16T18:12:29-03:00","inLanguage":"pt-BR","mainEntityOfPage":{"@id":"https:\/\/anoticiaonline.com.br\/site\/sociarte-41\/#webpage"},"isPartOf":{"@id":"https:\/\/anoticiaonline.com.br\/site\/sociarte-41\/#webpage"},"articleSection":"Sociarte"},{"@type":"BreadcrumbList","@id":"https:\/\/anoticiaonline.com.br\/site\/sociarte-41\/#breadcrumblist","itemListElement":[{"@type":"ListItem","@id":"https:\/\/anoticiaonline.com.br\/site#listItem","position":1,"name":"Home","item":"https:\/\/anoticiaonline.com.br\/site","nextItem":{"@type":"ListItem","@id":"https:\/\/anoticiaonline.com.br\/site\/categoria\/colunistas\/#listItem","name":"Colunistas"}},{"@type":"ListItem","@id":"https:\/\/anoticiaonline.com.br\/site\/categoria\/colunistas\/#listItem","position":2,"name":"Colunistas","item":"https:\/\/anoticiaonline.com.br\/site\/categoria\/colunistas\/","nextItem":{"@type":"ListItem","@id":"https:\/\/anoticiaonline.com.br\/site\/categoria\/colunistas\/sociarte\/#listItem","name":"Sociarte"},"previousItem":{"@type":"ListItem","@id":"https:\/\/anoticiaonline.com.br\/site#listItem","name":"Home"}},{"@type":"ListItem","@id":"https:\/\/anoticiaonline.com.br\/site\/categoria\/colunistas\/sociarte\/#listItem","position":3,"name":"Sociarte","item":"https:\/\/anoticiaonline.com.br\/site\/categoria\/colunistas\/sociarte\/","nextItem":{"@type":"ListItem","@id":"https:\/\/anoticiaonline.com.br\/site\/sociarte-41\/#listItem","name":"Sociarte"},"previousItem":{"@type":"ListItem","@id":"https:\/\/anoticiaonline.com.br\/site\/categoria\/colunistas\/#listItem","name":"Colunistas"}},{"@type":"ListItem","@id":"https:\/\/anoticiaonline.com.br\/site\/sociarte-41\/#listItem","position":4,"name":"Sociarte","previousItem":{"@type":"ListItem","@id":"https:\/\/anoticiaonline.com.br\/site\/categoria\/colunistas\/sociarte\/#listItem","name":"Sociarte"}}]},{"@type":"Organization","@id":"https:\/\/anoticiaonline.com.br\/site\/#organization","name":"A Not\u00edcia Online","description":"Noticias de Muria\u00e9 e regi\u00e3o","url":"https:\/\/anoticiaonline.com.br\/site\/","logo":{"@type":"ImageObject","url":"https:\/\/scontent-gig4-1.xx.fbcdn.net\/v\/t39.30808-1\/270437624_4564083193639691_6907940295614233970_n.jpg?stp=dst-jpg_s200x200_tt6&_nc_cat=111&ccb=1-7&_nc_sid=f907e8&_nc_ohc=SM1wRlP3lJwQ7kNvwEPuBYA&_nc_oc=AdnqrjDN_BNjSSHWO-GbkIWH6fkGMLw4bqvL_NH6e2wMveX7G-rP2dAqsDSq1mJMOaY&_nc_zt=24&_nc_ht=scontent-gig4-1.xx&_nc_gid=AoBFJeGrT1hVaew_6rchkQ&oh=00_AfX7QmFGhQhG2jAllVgXCiM1ZrWgvtp80-Bfppyexh1QEg&oe=689E923C","@id":"https:\/\/anoticiaonline.com.br\/site\/sociarte-41\/#organizationLogo"},"image":{"@id":"https:\/\/anoticiaonline.com.br\/site\/sociarte-41\/#organizationLogo"}},{"@type":"Person","@id":"https:\/\/anoticiaonline.com.br\/site\/author\/juliana\/#author","url":"https:\/\/anoticiaonline.com.br\/site\/author\/juliana\/","name":"Juliana Laviola","image":{"@type":"ImageObject","@id":"https:\/\/anoticiaonline.com.br\/site\/sociarte-41\/#authorImage","url":"https:\/\/secure.gravatar.com\/avatar\/b8d45f5c699b100dfaf0e543582f38f38bf94cb7ae3a5e9abf8d891a34773335?s=96&d=mm&r=g","width":96,"height":96,"caption":"Juliana Laviola"}},{"@type":"WebPage","@id":"https:\/\/anoticiaonline.com.br\/site\/sociarte-41\/#webpage","url":"https:\/\/anoticiaonline.com.br\/site\/sociarte-41\/","name":"Sociarte - A Not\u00edcia Online","description":"Edi\u00e7\u00e3o 492, de 17 de junho de 2016 1 aninho de Heitor O 1\u00ba aninho de vida de Heitor Mazzini Soldati Veggi, primog\u00eanito do casal Fabr\u00edcio Veggi e Melissa Mazzini Soldati, foi comemorado com uma linda festa, que aconteceu no s\u00e1bado (11), no Espa\u00e7o Festejar e teve como tema \u201cMundo Bita\u201d. Muitos","inLanguage":"pt-BR","isPartOf":{"@id":"https:\/\/anoticiaonline.com.br\/site\/#website"},"breadcrumb":{"@id":"https:\/\/anoticiaonline.com.br\/site\/sociarte-41\/#breadcrumblist"},"author":{"@id":"https:\/\/anoticiaonline.com.br\/site\/author\/juliana\/#author"},"creator":{"@id":"https:\/\/anoticiaonline.com.br\/site\/author\/juliana\/#author"},"datePublished":"2016-06-16T15:16:24-03:00","dateModified":"2016-06-16T18:12:29-03:00"},{"@type":"WebSite","@id":"https:\/\/anoticiaonline.com.br\/site\/#website","url":"https:\/\/anoticiaonline.com.br\/site\/","name":"A Not\u00edcia Online","description":"Noticias de Muria\u00e9 e regi\u00e3o","inLanguage":"pt-BR","publisher":{"@id":"https:\/\/anoticiaonline.com.br\/site\/#organization"}}]},"og:locale":"pt_BR","og:site_name":"A Not\u00edcia Online - Noticias de Muria\u00e9 e regi\u00e3o","og:type":"article","og:title":"Sociarte - A Not\u00edcia Online","og:description":"Edi\u00e7\u00e3o 492, de 17 de junho de 2016 1 aninho de Heitor O 1\u00ba aninho de vida de Heitor Mazzini Soldati Veggi, primog\u00eanito do casal Fabr\u00edcio Veggi e Melissa Mazzini Soldati, foi comemorado com uma linda festa, que aconteceu no s\u00e1bado (11), no Espa\u00e7o Festejar e teve como tema \u201cMundo Bita\u201d. Muitos","og:url":"https:\/\/anoticiaonline.com.br\/site\/sociarte-41\/","og:image":"https:\/\/scontent-gig4-1.xx.fbcdn.net\/v\/t39.30808-1\/270437624_4564083193639691_6907940295614233970_n.jpg?stp=dst-jpg_s200x200_tt6&#038;_nc_cat=111&#038;ccb=1-7&#038;_nc_sid=f907e8&#038;_nc_ohc=SM1wRlP3lJwQ7kNvwEPuBYA&#038;_nc_oc=AdnqrjDN_BNjSSHWO-GbkIWH6fkGMLw4bqvL_NH6e2wMveX7G-rP2dAqsDSq1mJMOaY&#038;_nc_zt=24&#038;_nc_ht=scontent-gig4-1.xx&#038;_nc_gid=AoBFJeGrT1hVaew_6rchkQ&#038;oh=00_AfX7QmFGhQhG2jAllVgXCiM1ZrWgvtp80-Bfppyexh1QEg&#038;oe=689E923C","og:image:secure_url":"https:\/\/scontent-gig4-1.xx.fbcdn.net\/v\/t39.30808-1\/270437624_4564083193639691_6907940295614233970_n.jpg?stp=dst-jpg_s200x200_tt6&#038;_nc_cat=111&#038;ccb=1-7&#038;_nc_sid=f907e8&#038;_nc_ohc=SM1wRlP3lJwQ7kNvwEPuBYA&#038;_nc_oc=AdnqrjDN_BNjSSHWO-GbkIWH6fkGMLw4bqvL_NH6e2wMveX7G-rP2dAqsDSq1mJMOaY&#038;_nc_zt=24&#038;_nc_ht=scontent-gig4-1.xx&#038;_nc_gid=AoBFJeGrT1hVaew_6rchkQ&#038;oh=00_AfX7QmFGhQhG2jAllVgXCiM1ZrWgvtp80-Bfppyexh1QEg&#038;oe=689E923C","article:published_time":"2016-06-16T18:16:24+00:00","article:modified_time":"2016-06-16T21:12:29+00:00","twitter:card":"summary_large_image","twitter:title":"Sociarte - A Not\u00edcia Online","twitter:description":"Edi\u00e7\u00e3o 492, de 17 de junho de 2016 1 aninho de Heitor O 1\u00ba aninho de vida de Heitor Mazzini Soldati Veggi, primog\u00eanito do casal Fabr\u00edcio Veggi e Melissa Mazzini Soldati, foi comemorado com uma linda festa, que aconteceu no s\u00e1bado (11), no Espa\u00e7o Festejar e teve como tema \u201cMundo Bita\u201d. Muitos","twitter:image":"https:\/\/scontent-gig4-1.xx.fbcdn.net\/v\/t39.30808-1\/270437624_4564083193639691_6907940295614233970_n.jpg?stp=dst-jpg_s200x200_tt6&_nc_cat=111&ccb=1-7&_nc_sid=f907e8&_nc_ohc=SM1wRlP3lJwQ7kNvwEPuBYA&_nc_oc=AdnqrjDN_BNjSSHWO-GbkIWH6fkGMLw4bqvL_NH6e2wMveX7G-rP2dAqsDSq1mJMOaY&_nc_zt=24&_nc_ht=scontent-gig4-1.xx&_nc_gid=AoBFJeGrT1hVaew_6rchkQ&oh=00_AfX7QmFGhQhG2jAllVgXCiM1ZrWgvtp80-Bfppyexh1QEg&oe=689E923C"},"aioseo_meta_data":{"post_id":"14553","title":null,"description":null,"keywords":null,"keyphrases":null,"primary_term":null,"canonical_url":null,"og_title":null,"og_description":null,"og_object_type":"default","og_image_type":"default","og_image_url":null,"og_image_width":null,"og_image_height":null,"og_image_custom_url":null,"og_image_custom_fields":null,"og_video":null,"og_custom_url":null,"og_article_section":null,"og_article_tags":null,"twitter_use_og":false,"twitter_card":"default","twitter_image_type":"default","twitter_image_url":null,"twitter_image_custom_url":null,"twitter_image_custom_fields":null,"twitter_title":null,"twitter_description":null,"schema":{"blockGraphs":[],"customGraphs":[],"default":{"data":{"Article":[],"Course":[],"Dataset":[],"FAQPage":[],"Movie":[],"Person":[],"Product":[],"ProductReview":[],"Car":[],"Recipe":[],"Service":[],"SoftwareApplication":[],"WebPage":[]},"graphName":"","isEnabled":true},"graphs":[]},"schema_type":"default","schema_type_options":null,"pillar_content":false,"robots_default":true,"robots_noindex":false,"robots_noarchive":false,"robots_nosnippet":false,"robots_nofollow":false,"robots_noimageindex":false,"robots_noodp":false,"robots_notranslate":false,"robots_max_snippet":null,"robots_max_videopreview":null,"robots_max_imagepreview":"large","priority":null,"frequency":null,"local_seo":null,"breadcrumb_settings":null,"limit_modified_date":false,"ai":null,"created":"2025-08-16 16:11:30","updated":"2025-08-16 16:11:30","focus_keyword":null,"additional_keywords":null,"truseo_locale":null,"seo_analyzer_scan_date":null},"aioseo_breadcrumb":"<div class=\"aioseo-breadcrumbs\"><span class=\"aioseo-breadcrumb\">\n\t\t\t<a href=\"https:\/\/anoticiaonline.com.br\/site\" title=\"Home\">Home<\/a>\n\t\t<\/span><span class=\"aioseo-breadcrumb-separator\">&raquo;<\/span><span class=\"aioseo-breadcrumb\">\n\t\t\t<a href=\"https:\/\/anoticiaonline.com.br\/site\/categoria\/colunistas\/\" title=\"Colunistas\">Colunistas<\/a>\n\t\t<\/span><span class=\"aioseo-breadcrumb-separator\">&raquo;<\/span><span class=\"aioseo-breadcrumb\">\n\t\t\t<a href=\"https:\/\/anoticiaonline.com.br\/site\/categoria\/colunistas\/sociarte\/\" title=\"Sociarte\">Sociarte<\/a>\n\t\t<\/span><span class=\"aioseo-breadcrumb-separator\">&raquo;<\/span><span class=\"aioseo-breadcrumb\">\n\t\t\tSociarte\n\t\t<\/span><\/div>","aioseo_breadcrumb_json":[{"label":"Home","link":"https:\/\/anoticiaonline.com.br\/site"},{"label":"Colunistas","link":"https:\/\/anoticiaonline.com.br\/site\/categoria\/colunistas\/"},{"label":"Sociarte","link":"https:\/\/anoticiaonline.com.br\/site\/categoria\/colunistas\/sociarte\/"},{"label":"Sociarte","link":"https:\/\/anoticiaonline.com.br\/site\/sociarte-41\/"}],"views":146,"_links":{"self":[{"href":"https:\/\/anoticiaonline.com.br\/site\/wp-json\/wp\/v2\/posts\/14553","targetHints":{"allow":["GET"]}}],"collection":[{"href":"https:\/\/anoticiaonline.com.br\/site\/wp-json\/wp\/v2\/posts"}],"about":[{"href":"https:\/\/anoticiaonline.com.br\/site\/wp-json\/wp\/v2\/types\/post"}],"author":[{"embeddable":true,"href":"https:\/\/anoticiaonline.com.br\/site\/wp-json\/wp\/v2\/users\/2"}],"replies":[{"embeddable":true,"href":"https:\/\/anoticiaonline.com.br\/site\/wp-json\/wp\/v2\/comments?post=14553"}],"version-history":[{"count":0,"href":"https:\/\/anoticiaonline.com.br\/site\/wp-json\/wp\/v2\/posts\/14553\/revisions"}],"wp:attachment":[{"href":"https:\/\/anoticiaonline.com.br\/site\/wp-json\/wp\/v2\/media?parent=14553"}],"wp:term":[{"taxonomy":"category","embeddable":true,"href":"https:\/\/anoticiaonline.com.br\/site\/wp-json\/wp\/v2\/categories?post=14553"},{"taxonomy":"post_tag","embeddable":true,"href":"https:\/\/anoticiaonline.com.br\/site\/wp-json\/wp\/v2\/tags?post=14553"}],"curies":[{"name":"wp","href":"https:\/\/api.w.org\/{rel}","templated":true}]}}