{"id":14536,"date":"2016-06-15T17:16:11","date_gmt":"2016-06-15T20:16:11","guid":{"rendered":"http:\/\/anoticiaonline.com.br\/site\/?p=14536"},"modified":"2016-06-15T17:16:11","modified_gmt":"2016-06-15T20:16:11","slug":"prefeitura-inaugura-reformas-em-itamuri-neste-sabado","status":"publish","type":"post","link":"https:\/\/anoticiaonline.com.br\/site\/prefeitura-inaugura-reformas-em-itamuri-neste-sabado\/","title":{"rendered":"Prefeitura inaugura reformas em Itamuri neste s\u00e1bado"},"content":{"rendered":"<figure id=\"attachment_14537\" aria-describedby=\"caption-attachment-14537\" style=\"width: 290px\" class=\"wp-caption alignleft\"><a href=\"https:\/\/anoticiaonline.com.br\/site\/wp-content\/uploads\/2016\/06\/IMG_0550.jpg\"><img fetchpriority=\"high\" decoding=\"async\" class=\"wp-image-14537 size-medium\" src=\"https:\/\/anoticiaonline.com.br\/site\/wp-content\/uploads\/2016\/06\/IMG_0550-300x203.jpg\" alt=\"UBS Jo\u00e3o Acelino\" width=\"300\" height=\"203\" srcset=\"https:\/\/anoticiaonline.com.br\/site\/wp-content\/uploads\/2016\/06\/IMG_0550-300x203.jpg 300w, https:\/\/anoticiaonline.com.br\/site\/wp-content\/uploads\/2016\/06\/IMG_0550.jpg 640w\" sizes=\"(max-width: 300px) 100vw, 300px\" \/><\/a><figcaption id=\"caption-attachment-14537\" class=\"wp-caption-text\">UBS Jo\u00e3o Acelino foi contemplada com a reforma<\/figcaption><\/figure>\n<p>A ponte met\u00e1lica Jos\u00e9 L\u00facio Ramos, o campo de futebol e a Unidade B\u00e1sica de Sa\u00fade Jo\u00e3o Acelino de Andrade receberam reformas e revitaliza\u00e7\u00f5es em 2015 e 2016 e ser\u00e3o reinaugurados neste s\u00e1bado (18), \u00e0s 18 horas, em frente \u00e0 UBS. A melhoria dos espa\u00e7os foi com o intuito de qualificar a seguran\u00e7a e os benef\u00edcios oferecidos \u00e0 popula\u00e7\u00e3o.<\/p>\n<p>No caso da ponte, o piso anterior, que era de madeira, estava deteriorado. O prefeito Aloysio Aquino determinou que fossem implantadas chapas de a\u00e7o, para garantir maior durabilidade e confiabilidade para os pedestres que a utilizam como redu\u00e7\u00e3o da caminhada at\u00e9 a rodovia.<\/p>\n<p>A UBS Jo\u00e3o Acelino recebeu revestimento cer\u00e2mico, reestrutura\u00e7\u00e3o de paredes e pintura. J\u00e1 o campo de futebol, que receber\u00e1 o nome de Anderson dos Santos de Souza, em homenagem a um colaborador do distrito, estava com banheiros e vesti\u00e1rios completamente danificados; o alambrado cheio de buracos e precisava, ainda, de bocas de lobo para escoamento das \u00e1guas pluviais. No entorno, vizinhos reclamavam da falta de infraestrutura das ruas laterais.<\/p>\n<p>A Secretaria Municipal de Obras P\u00fablicas alargou a rua de passagem lateral \u2013 construindo um muro de conten\u00e7\u00e3o numa das laterais e urbanizando as demais vias de circula\u00e7\u00e3o. Tamb\u00e9m colocou novos vergalh\u00f5es para o fechamento do campo e trocou alambrado, traves, reconstituiu vesti\u00e1rio, banheiro e port\u00f5es de acesso.<\/p>\n<figure id=\"attachment_14538\" aria-describedby=\"caption-attachment-14538\" style=\"width: 420px\" class=\"wp-caption aligncenter\"><a href=\"https:\/\/anoticiaonline.com.br\/site\/wp-content\/uploads\/2016\/06\/DSC00068.jpg\"><img decoding=\"async\" class=\" wp-image-14538\" src=\"https:\/\/anoticiaonline.com.br\/site\/wp-content\/uploads\/2016\/06\/DSC00068-300x225.jpg\" alt=\"Ponte met\u00e1lica Jos\u00e9 L\u00facio Ramos\" width=\"430\" height=\"323\" srcset=\"https:\/\/anoticiaonline.com.br\/site\/wp-content\/uploads\/2016\/06\/DSC00068-300x225.jpg 300w, https:\/\/anoticiaonline.com.br\/site\/wp-content\/uploads\/2016\/06\/DSC00068.jpg 640w\" sizes=\"(max-width: 430px) 100vw, 430px\" \/><\/a><figcaption id=\"caption-attachment-14538\" class=\"wp-caption-text\">Ponte met\u00e1lica Jos\u00e9 L\u00facio Ramos<\/figcaption><\/figure>\n<p>&nbsp;<\/p>\n<figure id=\"attachment_14539\" aria-describedby=\"caption-attachment-14539\" style=\"width: 429px\" class=\"wp-caption aligncenter\"><a href=\"https:\/\/anoticiaonline.com.br\/site\/wp-content\/uploads\/2016\/06\/IMG_0553.jpg\"><img decoding=\"async\" class=\" wp-image-14539\" src=\"https:\/\/anoticiaonline.com.br\/site\/wp-content\/uploads\/2016\/06\/IMG_0553-300x195.jpg\" alt=\"Campo de futebol receber\u00e1 o nome de Anderson dos Santos de Souza\" width=\"439\" height=\"285\" srcset=\"https:\/\/anoticiaonline.com.br\/site\/wp-content\/uploads\/2016\/06\/IMG_0553-300x195.jpg 300w, https:\/\/anoticiaonline.com.br\/site\/wp-content\/uploads\/2016\/06\/IMG_0553.jpg 640w\" sizes=\"(max-width: 439px) 100vw, 439px\" \/><\/a><figcaption id=\"caption-attachment-14539\" class=\"wp-caption-text\">Campo de futebol receber\u00e1 o nome de Anderson dos Santos de Souza<\/figcaption><\/figure>\n","protected":false},"excerpt":{"rendered":"<p>A ponte met\u00e1lica Jos\u00e9 L\u00facio Ramos, o campo de futebol e a Unidade B\u00e1sica de Sa\u00fade Jo\u00e3o Acelino de Andrade receberam reformas e revitaliza\u00e7\u00f5es em 2015 e 2016 e ser\u00e3o reinaugurados neste s\u00e1bado (18), \u00e0s 18 horas, em frente \u00e0 UBS. A melhoria dos espa\u00e7os foi com o intuito de qualificar a seguran\u00e7a e os &#8230; <a title=\"Prefeitura inaugura reformas em Itamuri neste s\u00e1bado\" class=\"read-more\" href=\"https:\/\/anoticiaonline.com.br\/site\/prefeitura-inaugura-reformas-em-itamuri-neste-sabado\/\" aria-label=\"Read more about Prefeitura inaugura reformas em Itamuri neste s\u00e1bado\">Ler mais<\/a><\/p>\n","protected":false},"author":2,"featured_media":14537,"comment_status":"open","ping_status":"open","sticky":false,"template":"","format":"standard","meta":{"_acf_changed":false,"_monsterinsights_skip_tracking":false,"footnotes":""},"categories":[30],"tags":[3],"class_list":["post-14536","post","type-post","status-publish","format-standard","has-post-thumbnail","hentry","category-muriae","tag-slide"],"acf":[],"aioseo_notices":[],"aioseo_head":"\n\t\t<!-- All in One SEO 5.0.0.1 - aioseo.com -->\n\t<meta name=\"description\" content=\"A ponte met\u00e1lica Jos\u00e9 L\u00facio Ramos, o campo de futebol e a Unidade B\u00e1sica de Sa\u00fade Jo\u00e3o Acelino de Andrade receberam reformas e revitaliza\u00e7\u00f5es em 2015 e 2016 e ser\u00e3o reinaugurados neste s\u00e1bado (18), \u00e0s 18 horas, em frente \u00e0 UBS. A melhoria dos espa\u00e7os foi com o intuito de qualificar a seguran\u00e7a e os\" \/>\n\t<meta name=\"robots\" content=\"max-image-preview:large\" \/>\n\t<meta name=\"author\" content=\"Juliana Laviola\"\/>\n\t<link rel=\"canonical\" href=\"https:\/\/anoticiaonline.com.br\/site\/prefeitura-inaugura-reformas-em-itamuri-neste-sabado\/\" \/>\n\t<meta name=\"generator\" content=\"All in One SEO (AIOSEO) 5.0.0.1\" \/>\n\t\t<meta property=\"og:locale\" content=\"pt_BR\" \/>\n\t\t<meta property=\"og:site_name\" content=\"A Not\u00edcia Online - Noticias de Muria\u00e9 e regi\u00e3o\" \/>\n\t\t<meta property=\"og:type\" content=\"article\" \/>\n\t\t<meta property=\"og:title\" content=\"Prefeitura inaugura reformas em Itamuri neste s\u00e1bado - A Not\u00edcia Online\" \/>\n\t\t<meta property=\"og:description\" content=\"A ponte met\u00e1lica Jos\u00e9 L\u00facio Ramos, o campo de futebol e a Unidade B\u00e1sica de Sa\u00fade Jo\u00e3o Acelino de Andrade receberam reformas e revitaliza\u00e7\u00f5es em 2015 e 2016 e ser\u00e3o reinaugurados neste s\u00e1bado (18), \u00e0s 18 horas, em frente \u00e0 UBS. A melhoria dos espa\u00e7os foi com o intuito de qualificar a seguran\u00e7a e os\" \/>\n\t\t<meta property=\"og:url\" content=\"https:\/\/anoticiaonline.com.br\/site\/prefeitura-inaugura-reformas-em-itamuri-neste-sabado\/\" \/>\n\t\t<meta property=\"og:image\" content=\"https:\/\/scontent-gig4-1.xx.fbcdn.net\/v\/t39.30808-1\/270437624_4564083193639691_6907940295614233970_n.jpg?stp=dst-jpg_s200x200_tt6&#038;_nc_cat=111&#038;ccb=1-7&#038;_nc_sid=f907e8&#038;_nc_ohc=SM1wRlP3lJwQ7kNvwEPuBYA&#038;_nc_oc=AdnqrjDN_BNjSSHWO-GbkIWH6fkGMLw4bqvL_NH6e2wMveX7G-rP2dAqsDSq1mJMOaY&#038;_nc_zt=24&#038;_nc_ht=scontent-gig4-1.xx&#038;_nc_gid=AoBFJeGrT1hVaew_6rchkQ&#038;oh=00_AfX7QmFGhQhG2jAllVgXCiM1ZrWgvtp80-Bfppyexh1QEg&#038;oe=689E923C\" \/>\n\t\t<meta property=\"og:image:secure_url\" content=\"https:\/\/scontent-gig4-1.xx.fbcdn.net\/v\/t39.30808-1\/270437624_4564083193639691_6907940295614233970_n.jpg?stp=dst-jpg_s200x200_tt6&#038;_nc_cat=111&#038;ccb=1-7&#038;_nc_sid=f907e8&#038;_nc_ohc=SM1wRlP3lJwQ7kNvwEPuBYA&#038;_nc_oc=AdnqrjDN_BNjSSHWO-GbkIWH6fkGMLw4bqvL_NH6e2wMveX7G-rP2dAqsDSq1mJMOaY&#038;_nc_zt=24&#038;_nc_ht=scontent-gig4-1.xx&#038;_nc_gid=AoBFJeGrT1hVaew_6rchkQ&#038;oh=00_AfX7QmFGhQhG2jAllVgXCiM1ZrWgvtp80-Bfppyexh1QEg&#038;oe=689E923C\" \/>\n\t\t<meta property=\"article:published_time\" content=\"2016-06-15T20:16:11+00:00\" \/>\n\t\t<meta property=\"article:modified_time\" content=\"2016-06-15T20:16:11+00:00\" \/>\n\t\t<meta name=\"twitter:card\" content=\"summary_large_image\" \/>\n\t\t<meta name=\"twitter:title\" content=\"Prefeitura inaugura reformas em Itamuri neste s\u00e1bado - A Not\u00edcia Online\" \/>\n\t\t<meta name=\"twitter:description\" content=\"A ponte met\u00e1lica Jos\u00e9 L\u00facio Ramos, o campo de futebol e a Unidade B\u00e1sica de Sa\u00fade Jo\u00e3o Acelino de Andrade receberam reformas e revitaliza\u00e7\u00f5es em 2015 e 2016 e ser\u00e3o reinaugurados neste s\u00e1bado (18), \u00e0s 18 horas, em frente \u00e0 UBS. A melhoria dos espa\u00e7os foi com o intuito de qualificar a seguran\u00e7a e os\" \/>\n\t\t<meta name=\"twitter:image\" content=\"https:\/\/scontent-gig4-1.xx.fbcdn.net\/v\/t39.30808-1\/270437624_4564083193639691_6907940295614233970_n.jpg?stp=dst-jpg_s200x200_tt6&amp;_nc_cat=111&amp;ccb=1-7&amp;_nc_sid=f907e8&amp;_nc_ohc=SM1wRlP3lJwQ7kNvwEPuBYA&amp;_nc_oc=AdnqrjDN_BNjSSHWO-GbkIWH6fkGMLw4bqvL_NH6e2wMveX7G-rP2dAqsDSq1mJMOaY&amp;_nc_zt=24&amp;_nc_ht=scontent-gig4-1.xx&amp;_nc_gid=AoBFJeGrT1hVaew_6rchkQ&amp;oh=00_AfX7QmFGhQhG2jAllVgXCiM1ZrWgvtp80-Bfppyexh1QEg&amp;oe=689E923C\" \/>\n\t\t<script type=\"application\/ld+json\" class=\"aioseo-schema\">\n\t\t\t{\"@context\":\"https:\\\/\\\/schema.org\",\"@graph\":[{\"@type\":\"BlogPosting\",\"@id\":\"https:\\\/\\\/anoticiaonline.com.br\\\/site\\\/prefeitura-inaugura-reformas-em-itamuri-neste-sabado\\\/#blogposting\",\"name\":\"Prefeitura inaugura reformas em Itamuri neste s\\u00e1bado - A Not\\u00edcia Online\",\"headline\":\"Prefeitura inaugura reformas em Itamuri neste s\\u00e1bado\",\"author\":{\"@id\":\"https:\\\/\\\/anoticiaonline.com.br\\\/site\\\/author\\\/juliana\\\/#author\"},\"publisher\":{\"@id\":\"https:\\\/\\\/anoticiaonline.com.br\\\/site\\\/#organization\"},\"image\":{\"@type\":\"ImageObject\",\"url\":\"https:\\\/\\\/anoticiaonline.com.br\\\/site\\\/wp-content\\\/uploads\\\/2016\\\/06\\\/IMG_0550.jpg\",\"width\":640,\"height\":434,\"caption\":\"UBS Jo\\u00e3o Acelino\"},\"datePublished\":\"2016-06-15T17:16:11-03:00\",\"dateModified\":\"2016-06-15T17:16:11-03:00\",\"inLanguage\":\"pt-BR\",\"mainEntityOfPage\":{\"@id\":\"https:\\\/\\\/anoticiaonline.com.br\\\/site\\\/prefeitura-inaugura-reformas-em-itamuri-neste-sabado\\\/#webpage\"},\"isPartOf\":{\"@id\":\"https:\\\/\\\/anoticiaonline.com.br\\\/site\\\/prefeitura-inaugura-reformas-em-itamuri-neste-sabado\\\/#webpage\"},\"articleSection\":\"Blog, slide\"},{\"@type\":\"BreadcrumbList\",\"@id\":\"https:\\\/\\\/anoticiaonline.com.br\\\/site\\\/prefeitura-inaugura-reformas-em-itamuri-neste-sabado\\\/#breadcrumblist\",\"itemListElement\":[{\"@type\":\"ListItem\",\"@id\":\"https:\\\/\\\/anoticiaonline.com.br\\\/site#listItem\",\"position\":1,\"name\":\"Home\",\"item\":\"https:\\\/\\\/anoticiaonline.com.br\\\/site\",\"nextItem\":{\"@type\":\"ListItem\",\"@id\":\"https:\\\/\\\/anoticiaonline.com.br\\\/site\\\/categoria\\\/muriae\\\/#listItem\",\"name\":\"Blog\"}},{\"@type\":\"ListItem\",\"@id\":\"https:\\\/\\\/anoticiaonline.com.br\\\/site\\\/categoria\\\/muriae\\\/#listItem\",\"position\":2,\"name\":\"Blog\",\"item\":\"https:\\\/\\\/anoticiaonline.com.br\\\/site\\\/categoria\\\/muriae\\\/\",\"nextItem\":{\"@type\":\"ListItem\",\"@id\":\"https:\\\/\\\/anoticiaonline.com.br\\\/site\\\/prefeitura-inaugura-reformas-em-itamuri-neste-sabado\\\/#listItem\",\"name\":\"Prefeitura inaugura reformas em Itamuri neste s\\u00e1bado\"},\"previousItem\":{\"@type\":\"ListItem\",\"@id\":\"https:\\\/\\\/anoticiaonline.com.br\\\/site#listItem\",\"name\":\"Home\"}},{\"@type\":\"ListItem\",\"@id\":\"https:\\\/\\\/anoticiaonline.com.br\\\/site\\\/prefeitura-inaugura-reformas-em-itamuri-neste-sabado\\\/#listItem\",\"position\":3,\"name\":\"Prefeitura inaugura reformas em Itamuri neste s\\u00e1bado\",\"previousItem\":{\"@type\":\"ListItem\",\"@id\":\"https:\\\/\\\/anoticiaonline.com.br\\\/site\\\/categoria\\\/muriae\\\/#listItem\",\"name\":\"Blog\"}}]},{\"@type\":\"Organization\",\"@id\":\"https:\\\/\\\/anoticiaonline.com.br\\\/site\\\/#organization\",\"name\":\"A Not\\u00edcia Online\",\"description\":\"Noticias de Muria\\u00e9 e regi\\u00e3o\",\"url\":\"https:\\\/\\\/anoticiaonline.com.br\\\/site\\\/\",\"logo\":{\"@type\":\"ImageObject\",\"url\":\"https:\\\/\\\/scontent-gig4-1.xx.fbcdn.net\\\/v\\\/t39.30808-1\\\/270437624_4564083193639691_6907940295614233970_n.jpg?stp=dst-jpg_s200x200_tt6&_nc_cat=111&ccb=1-7&_nc_sid=f907e8&_nc_ohc=SM1wRlP3lJwQ7kNvwEPuBYA&_nc_oc=AdnqrjDN_BNjSSHWO-GbkIWH6fkGMLw4bqvL_NH6e2wMveX7G-rP2dAqsDSq1mJMOaY&_nc_zt=24&_nc_ht=scontent-gig4-1.xx&_nc_gid=AoBFJeGrT1hVaew_6rchkQ&oh=00_AfX7QmFGhQhG2jAllVgXCiM1ZrWgvtp80-Bfppyexh1QEg&oe=689E923C\",\"@id\":\"https:\\\/\\\/anoticiaonline.com.br\\\/site\\\/prefeitura-inaugura-reformas-em-itamuri-neste-sabado\\\/#organizationLogo\"},\"image\":{\"@id\":\"https:\\\/\\\/anoticiaonline.com.br\\\/site\\\/prefeitura-inaugura-reformas-em-itamuri-neste-sabado\\\/#organizationLogo\"}},{\"@type\":\"Person\",\"@id\":\"https:\\\/\\\/anoticiaonline.com.br\\\/site\\\/author\\\/juliana\\\/#author\",\"url\":\"https:\\\/\\\/anoticiaonline.com.br\\\/site\\\/author\\\/juliana\\\/\",\"name\":\"Juliana Laviola\",\"image\":{\"@type\":\"ImageObject\",\"@id\":\"https:\\\/\\\/anoticiaonline.com.br\\\/site\\\/prefeitura-inaugura-reformas-em-itamuri-neste-sabado\\\/#authorImage\",\"url\":\"https:\\\/\\\/secure.gravatar.com\\\/avatar\\\/b8d45f5c699b100dfaf0e543582f38f38bf94cb7ae3a5e9abf8d891a34773335?s=96&d=mm&r=g\",\"width\":96,\"height\":96,\"caption\":\"Juliana Laviola\"}},{\"@type\":\"WebPage\",\"@id\":\"https:\\\/\\\/anoticiaonline.com.br\\\/site\\\/prefeitura-inaugura-reformas-em-itamuri-neste-sabado\\\/#webpage\",\"url\":\"https:\\\/\\\/anoticiaonline.com.br\\\/site\\\/prefeitura-inaugura-reformas-em-itamuri-neste-sabado\\\/\",\"name\":\"Prefeitura inaugura reformas em Itamuri neste s\\u00e1bado - A Not\\u00edcia Online\",\"description\":\"A ponte met\\u00e1lica Jos\\u00e9 L\\u00facio Ramos, o campo de futebol e a Unidade B\\u00e1sica de Sa\\u00fade Jo\\u00e3o Acelino de Andrade receberam reformas e revitaliza\\u00e7\\u00f5es em 2015 e 2016 e ser\\u00e3o reinaugurados neste s\\u00e1bado (18), \\u00e0s 18 horas, em frente \\u00e0 UBS. A melhoria dos espa\\u00e7os foi com o intuito de qualificar a seguran\\u00e7a e os\",\"inLanguage\":\"pt-BR\",\"isPartOf\":{\"@id\":\"https:\\\/\\\/anoticiaonline.com.br\\\/site\\\/#website\"},\"breadcrumb\":{\"@id\":\"https:\\\/\\\/anoticiaonline.com.br\\\/site\\\/prefeitura-inaugura-reformas-em-itamuri-neste-sabado\\\/#breadcrumblist\"},\"author\":{\"@id\":\"https:\\\/\\\/anoticiaonline.com.br\\\/site\\\/author\\\/juliana\\\/#author\"},\"creator\":{\"@id\":\"https:\\\/\\\/anoticiaonline.com.br\\\/site\\\/author\\\/juliana\\\/#author\"},\"image\":{\"@type\":\"ImageObject\",\"url\":\"https:\\\/\\\/anoticiaonline.com.br\\\/site\\\/wp-content\\\/uploads\\\/2016\\\/06\\\/IMG_0550.jpg\",\"@id\":\"https:\\\/\\\/anoticiaonline.com.br\\\/site\\\/prefeitura-inaugura-reformas-em-itamuri-neste-sabado\\\/#mainImage\",\"width\":640,\"height\":434,\"caption\":\"UBS Jo\\u00e3o Acelino\"},\"primaryImageOfPage\":{\"@id\":\"https:\\\/\\\/anoticiaonline.com.br\\\/site\\\/prefeitura-inaugura-reformas-em-itamuri-neste-sabado\\\/#mainImage\"},\"datePublished\":\"2016-06-15T17:16:11-03:00\",\"dateModified\":\"2016-06-15T17:16:11-03:00\"},{\"@type\":\"WebSite\",\"@id\":\"https:\\\/\\\/anoticiaonline.com.br\\\/site\\\/#website\",\"url\":\"https:\\\/\\\/anoticiaonline.com.br\\\/site\\\/\",\"name\":\"A Not\\u00edcia Online\",\"description\":\"Noticias de Muria\\u00e9 e regi\\u00e3o\",\"inLanguage\":\"pt-BR\",\"publisher\":{\"@id\":\"https:\\\/\\\/anoticiaonline.com.br\\\/site\\\/#organization\"}}]}\n\t\t<\/script>\n\t\t<!-- All in One SEO -->\n\n","aioseo_head_json":{"title":"Prefeitura inaugura reformas em Itamuri neste s\u00e1bado - A Not\u00edcia Online","description":"A ponte met\u00e1lica Jos\u00e9 L\u00facio Ramos, o campo de futebol e a Unidade B\u00e1sica de Sa\u00fade Jo\u00e3o Acelino de Andrade receberam reformas e revitaliza\u00e7\u00f5es em 2015 e 2016 e ser\u00e3o reinaugurados neste s\u00e1bado (18), \u00e0s 18 horas, em frente \u00e0 UBS. A melhoria dos espa\u00e7os foi com o intuito de qualificar a seguran\u00e7a e os","canonical_url":"https:\/\/anoticiaonline.com.br\/site\/prefeitura-inaugura-reformas-em-itamuri-neste-sabado\/","robots":"max-image-preview:large","keywords":"","webmasterTools":{"miscellaneous":""},"schema":{"@context":"https:\/\/schema.org","@graph":[{"@type":"BlogPosting","@id":"https:\/\/anoticiaonline.com.br\/site\/prefeitura-inaugura-reformas-em-itamuri-neste-sabado\/#blogposting","name":"Prefeitura inaugura reformas em Itamuri neste s\u00e1bado - A Not\u00edcia Online","headline":"Prefeitura inaugura reformas em Itamuri neste s\u00e1bado","author":{"@id":"https:\/\/anoticiaonline.com.br\/site\/author\/juliana\/#author"},"publisher":{"@id":"https:\/\/anoticiaonline.com.br\/site\/#organization"},"image":{"@type":"ImageObject","url":"https:\/\/anoticiaonline.com.br\/site\/wp-content\/uploads\/2016\/06\/IMG_0550.jpg","width":640,"height":434,"caption":"UBS Jo\u00e3o Acelino"},"datePublished":"2016-06-15T17:16:11-03:00","dateModified":"2016-06-15T17:16:11-03:00","inLanguage":"pt-BR","mainEntityOfPage":{"@id":"https:\/\/anoticiaonline.com.br\/site\/prefeitura-inaugura-reformas-em-itamuri-neste-sabado\/#webpage"},"isPartOf":{"@id":"https:\/\/anoticiaonline.com.br\/site\/prefeitura-inaugura-reformas-em-itamuri-neste-sabado\/#webpage"},"articleSection":"Blog, slide"},{"@type":"BreadcrumbList","@id":"https:\/\/anoticiaonline.com.br\/site\/prefeitura-inaugura-reformas-em-itamuri-neste-sabado\/#breadcrumblist","itemListElement":[{"@type":"ListItem","@id":"https:\/\/anoticiaonline.com.br\/site#listItem","position":1,"name":"Home","item":"https:\/\/anoticiaonline.com.br\/site","nextItem":{"@type":"ListItem","@id":"https:\/\/anoticiaonline.com.br\/site\/categoria\/muriae\/#listItem","name":"Blog"}},{"@type":"ListItem","@id":"https:\/\/anoticiaonline.com.br\/site\/categoria\/muriae\/#listItem","position":2,"name":"Blog","item":"https:\/\/anoticiaonline.com.br\/site\/categoria\/muriae\/","nextItem":{"@type":"ListItem","@id":"https:\/\/anoticiaonline.com.br\/site\/prefeitura-inaugura-reformas-em-itamuri-neste-sabado\/#listItem","name":"Prefeitura inaugura reformas em Itamuri neste s\u00e1bado"},"previousItem":{"@type":"ListItem","@id":"https:\/\/anoticiaonline.com.br\/site#listItem","name":"Home"}},{"@type":"ListItem","@id":"https:\/\/anoticiaonline.com.br\/site\/prefeitura-inaugura-reformas-em-itamuri-neste-sabado\/#listItem","position":3,"name":"Prefeitura inaugura reformas em Itamuri neste s\u00e1bado","previousItem":{"@type":"ListItem","@id":"https:\/\/anoticiaonline.com.br\/site\/categoria\/muriae\/#listItem","name":"Blog"}}]},{"@type":"Organization","@id":"https:\/\/anoticiaonline.com.br\/site\/#organization","name":"A Not\u00edcia Online","description":"Noticias de Muria\u00e9 e regi\u00e3o","url":"https:\/\/anoticiaonline.com.br\/site\/","logo":{"@type":"ImageObject","url":"https:\/\/scontent-gig4-1.xx.fbcdn.net\/v\/t39.30808-1\/270437624_4564083193639691_6907940295614233970_n.jpg?stp=dst-jpg_s200x200_tt6&_nc_cat=111&ccb=1-7&_nc_sid=f907e8&_nc_ohc=SM1wRlP3lJwQ7kNvwEPuBYA&_nc_oc=AdnqrjDN_BNjSSHWO-GbkIWH6fkGMLw4bqvL_NH6e2wMveX7G-rP2dAqsDSq1mJMOaY&_nc_zt=24&_nc_ht=scontent-gig4-1.xx&_nc_gid=AoBFJeGrT1hVaew_6rchkQ&oh=00_AfX7QmFGhQhG2jAllVgXCiM1ZrWgvtp80-Bfppyexh1QEg&oe=689E923C","@id":"https:\/\/anoticiaonline.com.br\/site\/prefeitura-inaugura-reformas-em-itamuri-neste-sabado\/#organizationLogo"},"image":{"@id":"https:\/\/anoticiaonline.com.br\/site\/prefeitura-inaugura-reformas-em-itamuri-neste-sabado\/#organizationLogo"}},{"@type":"Person","@id":"https:\/\/anoticiaonline.com.br\/site\/author\/juliana\/#author","url":"https:\/\/anoticiaonline.com.br\/site\/author\/juliana\/","name":"Juliana Laviola","image":{"@type":"ImageObject","@id":"https:\/\/anoticiaonline.com.br\/site\/prefeitura-inaugura-reformas-em-itamuri-neste-sabado\/#authorImage","url":"https:\/\/secure.gravatar.com\/avatar\/b8d45f5c699b100dfaf0e543582f38f38bf94cb7ae3a5e9abf8d891a34773335?s=96&d=mm&r=g","width":96,"height":96,"caption":"Juliana Laviola"}},{"@type":"WebPage","@id":"https:\/\/anoticiaonline.com.br\/site\/prefeitura-inaugura-reformas-em-itamuri-neste-sabado\/#webpage","url":"https:\/\/anoticiaonline.com.br\/site\/prefeitura-inaugura-reformas-em-itamuri-neste-sabado\/","name":"Prefeitura inaugura reformas em Itamuri neste s\u00e1bado - A Not\u00edcia Online","description":"A ponte met\u00e1lica Jos\u00e9 L\u00facio Ramos, o campo de futebol e a Unidade B\u00e1sica de Sa\u00fade Jo\u00e3o Acelino de Andrade receberam reformas e revitaliza\u00e7\u00f5es em 2015 e 2016 e ser\u00e3o reinaugurados neste s\u00e1bado (18), \u00e0s 18 horas, em frente \u00e0 UBS. A melhoria dos espa\u00e7os foi com o intuito de qualificar a seguran\u00e7a e os","inLanguage":"pt-BR","isPartOf":{"@id":"https:\/\/anoticiaonline.com.br\/site\/#website"},"breadcrumb":{"@id":"https:\/\/anoticiaonline.com.br\/site\/prefeitura-inaugura-reformas-em-itamuri-neste-sabado\/#breadcrumblist"},"author":{"@id":"https:\/\/anoticiaonline.com.br\/site\/author\/juliana\/#author"},"creator":{"@id":"https:\/\/anoticiaonline.com.br\/site\/author\/juliana\/#author"},"image":{"@type":"ImageObject","url":"https:\/\/anoticiaonline.com.br\/site\/wp-content\/uploads\/2016\/06\/IMG_0550.jpg","@id":"https:\/\/anoticiaonline.com.br\/site\/prefeitura-inaugura-reformas-em-itamuri-neste-sabado\/#mainImage","width":640,"height":434,"caption":"UBS Jo\u00e3o Acelino"},"primaryImageOfPage":{"@id":"https:\/\/anoticiaonline.com.br\/site\/prefeitura-inaugura-reformas-em-itamuri-neste-sabado\/#mainImage"},"datePublished":"2016-06-15T17:16:11-03:00","dateModified":"2016-06-15T17:16:11-03:00"},{"@type":"WebSite","@id":"https:\/\/anoticiaonline.com.br\/site\/#website","url":"https:\/\/anoticiaonline.com.br\/site\/","name":"A Not\u00edcia Online","description":"Noticias de Muria\u00e9 e regi\u00e3o","inLanguage":"pt-BR","publisher":{"@id":"https:\/\/anoticiaonline.com.br\/site\/#organization"}}]},"og:locale":"pt_BR","og:site_name":"A Not\u00edcia Online - Noticias de Muria\u00e9 e regi\u00e3o","og:type":"article","og:title":"Prefeitura inaugura reformas em Itamuri neste s\u00e1bado - A Not\u00edcia Online","og:description":"A ponte met\u00e1lica Jos\u00e9 L\u00facio Ramos, o campo de futebol e a Unidade B\u00e1sica de Sa\u00fade Jo\u00e3o Acelino de Andrade receberam reformas e revitaliza\u00e7\u00f5es em 2015 e 2016 e ser\u00e3o reinaugurados neste s\u00e1bado (18), \u00e0s 18 horas, em frente \u00e0 UBS. A melhoria dos espa\u00e7os foi com o intuito de qualificar a seguran\u00e7a e os","og:url":"https:\/\/anoticiaonline.com.br\/site\/prefeitura-inaugura-reformas-em-itamuri-neste-sabado\/","og:image":"https:\/\/scontent-gig4-1.xx.fbcdn.net\/v\/t39.30808-1\/270437624_4564083193639691_6907940295614233970_n.jpg?stp=dst-jpg_s200x200_tt6&#038;_nc_cat=111&#038;ccb=1-7&#038;_nc_sid=f907e8&#038;_nc_ohc=SM1wRlP3lJwQ7kNvwEPuBYA&#038;_nc_oc=AdnqrjDN_BNjSSHWO-GbkIWH6fkGMLw4bqvL_NH6e2wMveX7G-rP2dAqsDSq1mJMOaY&#038;_nc_zt=24&#038;_nc_ht=scontent-gig4-1.xx&#038;_nc_gid=AoBFJeGrT1hVaew_6rchkQ&#038;oh=00_AfX7QmFGhQhG2jAllVgXCiM1ZrWgvtp80-Bfppyexh1QEg&#038;oe=689E923C","og:image:secure_url":"https:\/\/scontent-gig4-1.xx.fbcdn.net\/v\/t39.30808-1\/270437624_4564083193639691_6907940295614233970_n.jpg?stp=dst-jpg_s200x200_tt6&#038;_nc_cat=111&#038;ccb=1-7&#038;_nc_sid=f907e8&#038;_nc_ohc=SM1wRlP3lJwQ7kNvwEPuBYA&#038;_nc_oc=AdnqrjDN_BNjSSHWO-GbkIWH6fkGMLw4bqvL_NH6e2wMveX7G-rP2dAqsDSq1mJMOaY&#038;_nc_zt=24&#038;_nc_ht=scontent-gig4-1.xx&#038;_nc_gid=AoBFJeGrT1hVaew_6rchkQ&#038;oh=00_AfX7QmFGhQhG2jAllVgXCiM1ZrWgvtp80-Bfppyexh1QEg&#038;oe=689E923C","article:published_time":"2016-06-15T20:16:11+00:00","article:modified_time":"2016-06-15T20:16:11+00:00","twitter:card":"summary_large_image","twitter:title":"Prefeitura inaugura reformas em Itamuri neste s\u00e1bado - A Not\u00edcia Online","twitter:description":"A ponte met\u00e1lica Jos\u00e9 L\u00facio Ramos, o campo de futebol e a Unidade B\u00e1sica de Sa\u00fade Jo\u00e3o Acelino de Andrade receberam reformas e revitaliza\u00e7\u00f5es em 2015 e 2016 e ser\u00e3o reinaugurados neste s\u00e1bado (18), \u00e0s 18 horas, em frente \u00e0 UBS. A melhoria dos espa\u00e7os foi com o intuito de qualificar a seguran\u00e7a e os","twitter:image":"https:\/\/scontent-gig4-1.xx.fbcdn.net\/v\/t39.30808-1\/270437624_4564083193639691_6907940295614233970_n.jpg?stp=dst-jpg_s200x200_tt6&_nc_cat=111&ccb=1-7&_nc_sid=f907e8&_nc_ohc=SM1wRlP3lJwQ7kNvwEPuBYA&_nc_oc=AdnqrjDN_BNjSSHWO-GbkIWH6fkGMLw4bqvL_NH6e2wMveX7G-rP2dAqsDSq1mJMOaY&_nc_zt=24&_nc_ht=scontent-gig4-1.xx&_nc_gid=AoBFJeGrT1hVaew_6rchkQ&oh=00_AfX7QmFGhQhG2jAllVgXCiM1ZrWgvtp80-Bfppyexh1QEg&oe=689E923C"},"aioseo_meta_data":{"post_id":"14536","title":null,"description":null,"keywords":null,"keyphrases":null,"primary_term":null,"canonical_url":null,"og_title":null,"og_description":null,"og_object_type":"default","og_image_type":"default","og_image_url":null,"og_image_width":null,"og_image_height":null,"og_image_custom_url":null,"og_image_custom_fields":null,"og_video":null,"og_custom_url":null,"og_article_section":null,"og_article_tags":null,"twitter_use_og":false,"twitter_card":"default","twitter_image_type":"default","twitter_image_url":null,"twitter_image_custom_url":null,"twitter_image_custom_fields":null,"twitter_title":null,"twitter_description":null,"schema":{"blockGraphs":[],"customGraphs":[],"default":{"data":{"Article":[],"Course":[],"Dataset":[],"FAQPage":[],"Movie":[],"Person":[],"Product":[],"ProductReview":[],"Car":[],"Recipe":[],"Service":[],"SoftwareApplication":[],"WebPage":[]},"graphName":"","isEnabled":true},"graphs":[]},"schema_type":"default","schema_type_options":null,"pillar_content":false,"robots_default":true,"robots_noindex":false,"robots_noarchive":false,"robots_nosnippet":false,"robots_nofollow":false,"robots_noimageindex":false,"robots_noodp":false,"robots_notranslate":false,"robots_max_snippet":null,"robots_max_videopreview":null,"robots_max_imagepreview":"large","priority":null,"frequency":null,"local_seo":null,"breadcrumb_settings":null,"limit_modified_date":false,"ai":null,"created":"2025-08-16 16:10:30","updated":"2025-08-16 16:10:30","focus_keyword":null,"additional_keywords":null,"truseo_locale":null,"seo_analyzer_scan_date":null},"aioseo_breadcrumb":"<div class=\"aioseo-breadcrumbs\"><span class=\"aioseo-breadcrumb\">\n\t\t\t<a href=\"https:\/\/anoticiaonline.com.br\/site\" title=\"Home\">Home<\/a>\n\t\t<\/span><span class=\"aioseo-breadcrumb-separator\">&raquo;<\/span><span class=\"aioseo-breadcrumb\">\n\t\t\t<a href=\"https:\/\/anoticiaonline.com.br\/site\/categoria\/muriae\/\" title=\"Blog\">Blog<\/a>\n\t\t<\/span><span class=\"aioseo-breadcrumb-separator\">&raquo;<\/span><span class=\"aioseo-breadcrumb\">\n\t\t\tPrefeitura inaugura reformas em Itamuri neste s\u00e1bado\n\t\t<\/span><\/div>","aioseo_breadcrumb_json":[{"label":"Home","link":"https:\/\/anoticiaonline.com.br\/site"},{"label":"Blog","link":"https:\/\/anoticiaonline.com.br\/site\/categoria\/muriae\/"},{"label":"Prefeitura inaugura reformas em Itamuri neste s\u00e1bado","link":"https:\/\/anoticiaonline.com.br\/site\/prefeitura-inaugura-reformas-em-itamuri-neste-sabado\/"}],"views":137,"_links":{"self":[{"href":"https:\/\/anoticiaonline.com.br\/site\/wp-json\/wp\/v2\/posts\/14536","targetHints":{"allow":["GET"]}}],"collection":[{"href":"https:\/\/anoticiaonline.com.br\/site\/wp-json\/wp\/v2\/posts"}],"about":[{"href":"https:\/\/anoticiaonline.com.br\/site\/wp-json\/wp\/v2\/types\/post"}],"author":[{"embeddable":true,"href":"https:\/\/anoticiaonline.com.br\/site\/wp-json\/wp\/v2\/users\/2"}],"replies":[{"embeddable":true,"href":"https:\/\/anoticiaonline.com.br\/site\/wp-json\/wp\/v2\/comments?post=14536"}],"version-history":[{"count":0,"href":"https:\/\/anoticiaonline.com.br\/site\/wp-json\/wp\/v2\/posts\/14536\/revisions"}],"wp:featuredmedia":[{"embeddable":true,"href":"https:\/\/anoticiaonline.com.br\/site\/wp-json\/wp\/v2\/media\/14537"}],"wp:attachment":[{"href":"https:\/\/anoticiaonline.com.br\/site\/wp-json\/wp\/v2\/media?parent=14536"}],"wp:term":[{"taxonomy":"category","embeddable":true,"href":"https:\/\/anoticiaonline.com.br\/site\/wp-json\/wp\/v2\/categories?post=14536"},{"taxonomy":"post_tag","embeddable":true,"href":"https:\/\/anoticiaonline.com.br\/site\/wp-json\/wp\/v2\/tags?post=14536"}],"curies":[{"name":"wp","href":"https:\/\/api.w.org\/{rel}","templated":true}]}}