{"id":14533,"date":"2016-06-15T15:27:55","date_gmt":"2016-06-15T18:27:55","guid":{"rendered":"http:\/\/anoticiaonline.com.br\/site\/?p=14533"},"modified":"2016-06-15T15:27:55","modified_gmt":"2016-06-15T18:27:55","slug":"vereadores-aprovam-projetos-nas-areas-de-educacao-e-saude-e-em-beneficio-ao-meio-rural","status":"publish","type":"post","link":"https:\/\/anoticiaonline.com.br\/site\/vereadores-aprovam-projetos-nas-areas-de-educacao-e-saude-e-em-beneficio-ao-meio-rural\/","title":{"rendered":"Vereadores aprovam projetos nas \u00e1reas de educa\u00e7\u00e3o e sa\u00fade e em benef\u00edcio ao meio rural"},"content":{"rendered":"<p><a href=\"https:\/\/anoticiaonline.com.br\/site\/wp-content\/uploads\/2016\/06\/Vereadores-aprovam-projetos-nas-\u00e1reas-de-educa\u00e7\u00e3o-e-sa\u00fade-e-em-benef\u00edcio-ao-meio-rural.jpg\"><img fetchpriority=\"high\" decoding=\"async\" class=\" size-medium wp-image-14534 alignleft\" src=\"https:\/\/anoticiaonline.com.br\/site\/wp-content\/uploads\/2016\/06\/Vereadores-aprovam-projetos-nas-\u00e1reas-de-educa\u00e7\u00e3o-e-sa\u00fade-e-em-benef\u00edcio-ao-meio-rural-300x189.jpg\" alt=\"Vereadores aprovam projetos nas \u00e1reas de educa\u00e7\u00e3o e sa\u00fade e em benef\u00edcio ao meio rural\" width=\"300\" height=\"189\" srcset=\"https:\/\/anoticiaonline.com.br\/site\/wp-content\/uploads\/2016\/06\/Vereadores-aprovam-projetos-nas-\u00e1reas-de-educa\u00e7\u00e3o-e-sa\u00fade-e-em-benef\u00edcio-ao-meio-rural-300x189.jpg 300w, https:\/\/anoticiaonline.com.br\/site\/wp-content\/uploads\/2016\/06\/Vereadores-aprovam-projetos-nas-\u00e1reas-de-educa\u00e7\u00e3o-e-sa\u00fade-e-em-benef\u00edcio-ao-meio-rural.jpg 640w\" sizes=\"(max-width: 300px) 100vw, 300px\" \/><\/a>Durante a reuni\u00e3o ordin\u00e1ria da C\u00e2mara desta ter\u00e7a-feira (14), foram apreciados e votados requerimentos, indica\u00e7\u00f5es e mo\u00e7\u00f5es dos vereadores ao Poder Executivo para obten\u00e7\u00e3o de documentos para melhor fiscaliza\u00e7\u00e3o e acompanhamento de a\u00e7\u00f5es do munic\u00edpio.<\/p>\n<p>Tamb\u00e9m foi aprovada permiss\u00e3o \u00e0 Prefeitura de Muria\u00e9 firmar conv\u00eanio com a Funda\u00e7\u00e3o Rural Mineira (Ruralminas) para receber, atrav\u00e9s de termo de cess\u00e3o de uso, tratores, m\u00e1quinas motoniveladoras patrol (ou outra assemelhada), com o objetivo de fomentar as atividades econ\u00f4micas na Zona Rural do munic\u00edpio, melhorando as condi\u00e7\u00f5es de vida do homem do campo.<\/p>\n<p>Outro projeto aprovado permite \u00e0 Prefeitura abrir cr\u00e9dito adicional suplementar na Lei Or\u00e7ament\u00e1ria Anual (LOA), de R$ 85.467,50, para a manuten\u00e7\u00e3o das atividades do programa de sa\u00fade bucal &#8211; execu\u00e7\u00e3o, acompanhamento, controle e avalia\u00e7\u00e3o do processo.<\/p>\n<p>Outro PL aprovado permite abrir cr\u00e9dito adicional suplementar na lei or\u00e7ament\u00e1ria, na ordem de R$ 737.042,00, visando aproveitar recursos financeiros e \u00e0 disposi\u00e7\u00e3o do munic\u00edpio para serem aplicados na educa\u00e7\u00e3o.<\/p>\n<p>De autoria do vereador Manoel Carvalho, foi aprovado projeto para que as institui\u00e7\u00f5es de ensino do munic\u00edpio disponibilizem ledores para alunos deficientes visuais, visando promover a inclus\u00e3o dos deficientes visuais nas redes de ensino, e outro que visa a disponibiliza\u00e7\u00e3o da especialidade de Psiquiatria nos postos de sa\u00fade de Muria\u00e9, uma vez que existe demanda de pacientes nesta especialidade.<\/p>\n","protected":false},"excerpt":{"rendered":"<p>Durante a reuni\u00e3o ordin\u00e1ria da C\u00e2mara desta ter\u00e7a-feira (14), foram apreciados e votados requerimentos, indica\u00e7\u00f5es e mo\u00e7\u00f5es dos vereadores ao Poder Executivo para obten\u00e7\u00e3o de documentos para melhor fiscaliza\u00e7\u00e3o e acompanhamento de a\u00e7\u00f5es do munic\u00edpio. Tamb\u00e9m foi aprovada permiss\u00e3o \u00e0 Prefeitura de Muria\u00e9 firmar conv\u00eanio com a Funda\u00e7\u00e3o Rural Mineira (Ruralminas) para receber, atrav\u00e9s de &#8230; <a title=\"Vereadores aprovam projetos nas \u00e1reas de educa\u00e7\u00e3o e sa\u00fade e em benef\u00edcio ao meio rural\" class=\"read-more\" href=\"https:\/\/anoticiaonline.com.br\/site\/vereadores-aprovam-projetos-nas-areas-de-educacao-e-saude-e-em-beneficio-ao-meio-rural\/\" aria-label=\"Read more about Vereadores aprovam projetos nas \u00e1reas de educa\u00e7\u00e3o e sa\u00fade e em benef\u00edcio ao meio rural\">Ler mais<\/a><\/p>\n","protected":false},"author":2,"featured_media":14534,"comment_status":"open","ping_status":"open","sticky":false,"template":"","format":"standard","meta":{"_acf_changed":false,"_monsterinsights_skip_tracking":false,"footnotes":""},"categories":[30],"tags":[3],"class_list":["post-14533","post","type-post","status-publish","format-standard","has-post-thumbnail","hentry","category-muriae","tag-slide"],"acf":[],"aioseo_notices":[],"aioseo_head":"\n\t\t<!-- All in One SEO 5.0.0.1 - aioseo.com -->\n\t<meta name=\"description\" content=\"Durante a reuni\u00e3o ordin\u00e1ria da C\u00e2mara desta ter\u00e7a-feira (14), foram apreciados e votados requerimentos, indica\u00e7\u00f5es e mo\u00e7\u00f5es dos vereadores ao Poder Executivo para obten\u00e7\u00e3o de documentos para melhor fiscaliza\u00e7\u00e3o e acompanhamento de a\u00e7\u00f5es do munic\u00edpio. Tamb\u00e9m foi aprovada permiss\u00e3o \u00e0 Prefeitura de Muria\u00e9 firmar conv\u00eanio com a Funda\u00e7\u00e3o Rural Mineira (Ruralminas) para receber, atrav\u00e9s de\" \/>\n\t<meta name=\"robots\" content=\"max-image-preview:large\" \/>\n\t<meta name=\"author\" content=\"Juliana Laviola\"\/>\n\t<link rel=\"canonical\" href=\"https:\/\/anoticiaonline.com.br\/site\/vereadores-aprovam-projetos-nas-areas-de-educacao-e-saude-e-em-beneficio-ao-meio-rural\/\" \/>\n\t<meta name=\"generator\" content=\"All in One SEO (AIOSEO) 5.0.0.1\" \/>\n\t\t<meta property=\"og:locale\" content=\"pt_BR\" \/>\n\t\t<meta property=\"og:site_name\" content=\"A Not\u00edcia Online - Noticias de Muria\u00e9 e regi\u00e3o\" \/>\n\t\t<meta property=\"og:type\" content=\"article\" \/>\n\t\t<meta property=\"og:title\" content=\"Vereadores aprovam projetos nas \u00e1reas de educa\u00e7\u00e3o e sa\u00fade e em benef\u00edcio ao meio rural - A Not\u00edcia Online\" \/>\n\t\t<meta property=\"og:description\" content=\"Durante a reuni\u00e3o ordin\u00e1ria da C\u00e2mara desta ter\u00e7a-feira (14), foram apreciados e votados requerimentos, indica\u00e7\u00f5es e mo\u00e7\u00f5es dos vereadores ao Poder Executivo para obten\u00e7\u00e3o de documentos para melhor fiscaliza\u00e7\u00e3o e acompanhamento de a\u00e7\u00f5es do munic\u00edpio. Tamb\u00e9m foi aprovada permiss\u00e3o \u00e0 Prefeitura de Muria\u00e9 firmar conv\u00eanio com a Funda\u00e7\u00e3o Rural Mineira (Ruralminas) para receber, atrav\u00e9s de\" \/>\n\t\t<meta property=\"og:url\" content=\"https:\/\/anoticiaonline.com.br\/site\/vereadores-aprovam-projetos-nas-areas-de-educacao-e-saude-e-em-beneficio-ao-meio-rural\/\" \/>\n\t\t<meta property=\"og:image\" content=\"https:\/\/scontent-gig4-1.xx.fbcdn.net\/v\/t39.30808-1\/270437624_4564083193639691_6907940295614233970_n.jpg?stp=dst-jpg_s200x200_tt6&#038;_nc_cat=111&#038;ccb=1-7&#038;_nc_sid=f907e8&#038;_nc_ohc=SM1wRlP3lJwQ7kNvwEPuBYA&#038;_nc_oc=AdnqrjDN_BNjSSHWO-GbkIWH6fkGMLw4bqvL_NH6e2wMveX7G-rP2dAqsDSq1mJMOaY&#038;_nc_zt=24&#038;_nc_ht=scontent-gig4-1.xx&#038;_nc_gid=AoBFJeGrT1hVaew_6rchkQ&#038;oh=00_AfX7QmFGhQhG2jAllVgXCiM1ZrWgvtp80-Bfppyexh1QEg&#038;oe=689E923C\" \/>\n\t\t<meta property=\"og:image:secure_url\" content=\"https:\/\/scontent-gig4-1.xx.fbcdn.net\/v\/t39.30808-1\/270437624_4564083193639691_6907940295614233970_n.jpg?stp=dst-jpg_s200x200_tt6&#038;_nc_cat=111&#038;ccb=1-7&#038;_nc_sid=f907e8&#038;_nc_ohc=SM1wRlP3lJwQ7kNvwEPuBYA&#038;_nc_oc=AdnqrjDN_BNjSSHWO-GbkIWH6fkGMLw4bqvL_NH6e2wMveX7G-rP2dAqsDSq1mJMOaY&#038;_nc_zt=24&#038;_nc_ht=scontent-gig4-1.xx&#038;_nc_gid=AoBFJeGrT1hVaew_6rchkQ&#038;oh=00_AfX7QmFGhQhG2jAllVgXCiM1ZrWgvtp80-Bfppyexh1QEg&#038;oe=689E923C\" \/>\n\t\t<meta property=\"article:published_time\" content=\"2016-06-15T18:27:55+00:00\" \/>\n\t\t<meta property=\"article:modified_time\" content=\"2016-06-15T18:27:55+00:00\" \/>\n\t\t<meta name=\"twitter:card\" content=\"summary_large_image\" \/>\n\t\t<meta name=\"twitter:title\" content=\"Vereadores aprovam projetos nas \u00e1reas de educa\u00e7\u00e3o e sa\u00fade e em benef\u00edcio ao meio rural - A Not\u00edcia Online\" \/>\n\t\t<meta name=\"twitter:description\" content=\"Durante a reuni\u00e3o ordin\u00e1ria da C\u00e2mara desta ter\u00e7a-feira (14), foram apreciados e votados requerimentos, indica\u00e7\u00f5es e mo\u00e7\u00f5es dos vereadores ao Poder Executivo para obten\u00e7\u00e3o de documentos para melhor fiscaliza\u00e7\u00e3o e acompanhamento de a\u00e7\u00f5es do munic\u00edpio. Tamb\u00e9m foi aprovada permiss\u00e3o \u00e0 Prefeitura de Muria\u00e9 firmar conv\u00eanio com a Funda\u00e7\u00e3o Rural Mineira (Ruralminas) para receber, atrav\u00e9s de\" \/>\n\t\t<meta name=\"twitter:image\" content=\"https:\/\/scontent-gig4-1.xx.fbcdn.net\/v\/t39.30808-1\/270437624_4564083193639691_6907940295614233970_n.jpg?stp=dst-jpg_s200x200_tt6&amp;_nc_cat=111&amp;ccb=1-7&amp;_nc_sid=f907e8&amp;_nc_ohc=SM1wRlP3lJwQ7kNvwEPuBYA&amp;_nc_oc=AdnqrjDN_BNjSSHWO-GbkIWH6fkGMLw4bqvL_NH6e2wMveX7G-rP2dAqsDSq1mJMOaY&amp;_nc_zt=24&amp;_nc_ht=scontent-gig4-1.xx&amp;_nc_gid=AoBFJeGrT1hVaew_6rchkQ&amp;oh=00_AfX7QmFGhQhG2jAllVgXCiM1ZrWgvtp80-Bfppyexh1QEg&amp;oe=689E923C\" \/>\n\t\t<script type=\"application\/ld+json\" class=\"aioseo-schema\">\n\t\t\t{\"@context\":\"https:\\\/\\\/schema.org\",\"@graph\":[{\"@type\":\"BlogPosting\",\"@id\":\"https:\\\/\\\/anoticiaonline.com.br\\\/site\\\/vereadores-aprovam-projetos-nas-areas-de-educacao-e-saude-e-em-beneficio-ao-meio-rural\\\/#blogposting\",\"name\":\"Vereadores aprovam projetos nas \\u00e1reas de educa\\u00e7\\u00e3o e sa\\u00fade e em benef\\u00edcio ao meio rural - A Not\\u00edcia Online\",\"headline\":\"Vereadores aprovam projetos nas \\u00e1reas de educa\\u00e7\\u00e3o e sa\\u00fade e em benef\\u00edcio ao meio rural\",\"author\":{\"@id\":\"https:\\\/\\\/anoticiaonline.com.br\\\/site\\\/author\\\/juliana\\\/#author\"},\"publisher\":{\"@id\":\"https:\\\/\\\/anoticiaonline.com.br\\\/site\\\/#organization\"},\"image\":{\"@type\":\"ImageObject\",\"url\":\"https:\\\/\\\/anoticiaonline.com.br\\\/site\\\/wp-content\\\/uploads\\\/2016\\\/06\\\/Vereadores-aprovam-projetos-nas-\\u00e1reas-de-educa\\u00e7\\u00e3o-e-sa\\u00fade-e-em-benef\\u00edcio-ao-meio-rural.jpg\",\"width\":640,\"height\":404},\"datePublished\":\"2016-06-15T15:27:55-03:00\",\"dateModified\":\"2016-06-15T15:27:55-03:00\",\"inLanguage\":\"pt-BR\",\"mainEntityOfPage\":{\"@id\":\"https:\\\/\\\/anoticiaonline.com.br\\\/site\\\/vereadores-aprovam-projetos-nas-areas-de-educacao-e-saude-e-em-beneficio-ao-meio-rural\\\/#webpage\"},\"isPartOf\":{\"@id\":\"https:\\\/\\\/anoticiaonline.com.br\\\/site\\\/vereadores-aprovam-projetos-nas-areas-de-educacao-e-saude-e-em-beneficio-ao-meio-rural\\\/#webpage\"},\"articleSection\":\"Blog, slide\"},{\"@type\":\"BreadcrumbList\",\"@id\":\"https:\\\/\\\/anoticiaonline.com.br\\\/site\\\/vereadores-aprovam-projetos-nas-areas-de-educacao-e-saude-e-em-beneficio-ao-meio-rural\\\/#breadcrumblist\",\"itemListElement\":[{\"@type\":\"ListItem\",\"@id\":\"https:\\\/\\\/anoticiaonline.com.br\\\/site#listItem\",\"position\":1,\"name\":\"Home\",\"item\":\"https:\\\/\\\/anoticiaonline.com.br\\\/site\",\"nextItem\":{\"@type\":\"ListItem\",\"@id\":\"https:\\\/\\\/anoticiaonline.com.br\\\/site\\\/categoria\\\/muriae\\\/#listItem\",\"name\":\"Blog\"}},{\"@type\":\"ListItem\",\"@id\":\"https:\\\/\\\/anoticiaonline.com.br\\\/site\\\/categoria\\\/muriae\\\/#listItem\",\"position\":2,\"name\":\"Blog\",\"item\":\"https:\\\/\\\/anoticiaonline.com.br\\\/site\\\/categoria\\\/muriae\\\/\",\"nextItem\":{\"@type\":\"ListItem\",\"@id\":\"https:\\\/\\\/anoticiaonline.com.br\\\/site\\\/vereadores-aprovam-projetos-nas-areas-de-educacao-e-saude-e-em-beneficio-ao-meio-rural\\\/#listItem\",\"name\":\"Vereadores aprovam projetos nas \\u00e1reas de educa\\u00e7\\u00e3o e sa\\u00fade e em benef\\u00edcio ao meio rural\"},\"previousItem\":{\"@type\":\"ListItem\",\"@id\":\"https:\\\/\\\/anoticiaonline.com.br\\\/site#listItem\",\"name\":\"Home\"}},{\"@type\":\"ListItem\",\"@id\":\"https:\\\/\\\/anoticiaonline.com.br\\\/site\\\/vereadores-aprovam-projetos-nas-areas-de-educacao-e-saude-e-em-beneficio-ao-meio-rural\\\/#listItem\",\"position\":3,\"name\":\"Vereadores aprovam projetos nas \\u00e1reas de educa\\u00e7\\u00e3o e sa\\u00fade e em benef\\u00edcio ao meio rural\",\"previousItem\":{\"@type\":\"ListItem\",\"@id\":\"https:\\\/\\\/anoticiaonline.com.br\\\/site\\\/categoria\\\/muriae\\\/#listItem\",\"name\":\"Blog\"}}]},{\"@type\":\"Organization\",\"@id\":\"https:\\\/\\\/anoticiaonline.com.br\\\/site\\\/#organization\",\"name\":\"A Not\\u00edcia Online\",\"description\":\"Noticias de Muria\\u00e9 e regi\\u00e3o\",\"url\":\"https:\\\/\\\/anoticiaonline.com.br\\\/site\\\/\",\"logo\":{\"@type\":\"ImageObject\",\"url\":\"https:\\\/\\\/scontent-gig4-1.xx.fbcdn.net\\\/v\\\/t39.30808-1\\\/270437624_4564083193639691_6907940295614233970_n.jpg?stp=dst-jpg_s200x200_tt6&_nc_cat=111&ccb=1-7&_nc_sid=f907e8&_nc_ohc=SM1wRlP3lJwQ7kNvwEPuBYA&_nc_oc=AdnqrjDN_BNjSSHWO-GbkIWH6fkGMLw4bqvL_NH6e2wMveX7G-rP2dAqsDSq1mJMOaY&_nc_zt=24&_nc_ht=scontent-gig4-1.xx&_nc_gid=AoBFJeGrT1hVaew_6rchkQ&oh=00_AfX7QmFGhQhG2jAllVgXCiM1ZrWgvtp80-Bfppyexh1QEg&oe=689E923C\",\"@id\":\"https:\\\/\\\/anoticiaonline.com.br\\\/site\\\/vereadores-aprovam-projetos-nas-areas-de-educacao-e-saude-e-em-beneficio-ao-meio-rural\\\/#organizationLogo\"},\"image\":{\"@id\":\"https:\\\/\\\/anoticiaonline.com.br\\\/site\\\/vereadores-aprovam-projetos-nas-areas-de-educacao-e-saude-e-em-beneficio-ao-meio-rural\\\/#organizationLogo\"}},{\"@type\":\"Person\",\"@id\":\"https:\\\/\\\/anoticiaonline.com.br\\\/site\\\/author\\\/juliana\\\/#author\",\"url\":\"https:\\\/\\\/anoticiaonline.com.br\\\/site\\\/author\\\/juliana\\\/\",\"name\":\"Juliana Laviola\",\"image\":{\"@type\":\"ImageObject\",\"@id\":\"https:\\\/\\\/anoticiaonline.com.br\\\/site\\\/vereadores-aprovam-projetos-nas-areas-de-educacao-e-saude-e-em-beneficio-ao-meio-rural\\\/#authorImage\",\"url\":\"https:\\\/\\\/secure.gravatar.com\\\/avatar\\\/b8d45f5c699b100dfaf0e543582f38f38bf94cb7ae3a5e9abf8d891a34773335?s=96&d=mm&r=g\",\"width\":96,\"height\":96,\"caption\":\"Juliana Laviola\"}},{\"@type\":\"WebPage\",\"@id\":\"https:\\\/\\\/anoticiaonline.com.br\\\/site\\\/vereadores-aprovam-projetos-nas-areas-de-educacao-e-saude-e-em-beneficio-ao-meio-rural\\\/#webpage\",\"url\":\"https:\\\/\\\/anoticiaonline.com.br\\\/site\\\/vereadores-aprovam-projetos-nas-areas-de-educacao-e-saude-e-em-beneficio-ao-meio-rural\\\/\",\"name\":\"Vereadores aprovam projetos nas \\u00e1reas de educa\\u00e7\\u00e3o e sa\\u00fade e em benef\\u00edcio ao meio rural - A Not\\u00edcia Online\",\"description\":\"Durante a reuni\\u00e3o ordin\\u00e1ria da C\\u00e2mara desta ter\\u00e7a-feira (14), foram apreciados e votados requerimentos, indica\\u00e7\\u00f5es e mo\\u00e7\\u00f5es dos vereadores ao Poder Executivo para obten\\u00e7\\u00e3o de documentos para melhor fiscaliza\\u00e7\\u00e3o e acompanhamento de a\\u00e7\\u00f5es do munic\\u00edpio. Tamb\\u00e9m foi aprovada permiss\\u00e3o \\u00e0 Prefeitura de Muria\\u00e9 firmar conv\\u00eanio com a Funda\\u00e7\\u00e3o Rural Mineira (Ruralminas) para receber, atrav\\u00e9s de\",\"inLanguage\":\"pt-BR\",\"isPartOf\":{\"@id\":\"https:\\\/\\\/anoticiaonline.com.br\\\/site\\\/#website\"},\"breadcrumb\":{\"@id\":\"https:\\\/\\\/anoticiaonline.com.br\\\/site\\\/vereadores-aprovam-projetos-nas-areas-de-educacao-e-saude-e-em-beneficio-ao-meio-rural\\\/#breadcrumblist\"},\"author\":{\"@id\":\"https:\\\/\\\/anoticiaonline.com.br\\\/site\\\/author\\\/juliana\\\/#author\"},\"creator\":{\"@id\":\"https:\\\/\\\/anoticiaonline.com.br\\\/site\\\/author\\\/juliana\\\/#author\"},\"image\":{\"@type\":\"ImageObject\",\"url\":\"https:\\\/\\\/anoticiaonline.com.br\\\/site\\\/wp-content\\\/uploads\\\/2016\\\/06\\\/Vereadores-aprovam-projetos-nas-\\u00e1reas-de-educa\\u00e7\\u00e3o-e-sa\\u00fade-e-em-benef\\u00edcio-ao-meio-rural.jpg\",\"@id\":\"https:\\\/\\\/anoticiaonline.com.br\\\/site\\\/vereadores-aprovam-projetos-nas-areas-de-educacao-e-saude-e-em-beneficio-ao-meio-rural\\\/#mainImage\",\"width\":640,\"height\":404},\"primaryImageOfPage\":{\"@id\":\"https:\\\/\\\/anoticiaonline.com.br\\\/site\\\/vereadores-aprovam-projetos-nas-areas-de-educacao-e-saude-e-em-beneficio-ao-meio-rural\\\/#mainImage\"},\"datePublished\":\"2016-06-15T15:27:55-03:00\",\"dateModified\":\"2016-06-15T15:27:55-03:00\"},{\"@type\":\"WebSite\",\"@id\":\"https:\\\/\\\/anoticiaonline.com.br\\\/site\\\/#website\",\"url\":\"https:\\\/\\\/anoticiaonline.com.br\\\/site\\\/\",\"name\":\"A Not\\u00edcia Online\",\"description\":\"Noticias de Muria\\u00e9 e regi\\u00e3o\",\"inLanguage\":\"pt-BR\",\"publisher\":{\"@id\":\"https:\\\/\\\/anoticiaonline.com.br\\\/site\\\/#organization\"}}]}\n\t\t<\/script>\n\t\t<!-- All in One SEO -->\n\n","aioseo_head_json":{"title":"Vereadores aprovam projetos nas \u00e1reas de educa\u00e7\u00e3o e sa\u00fade e em benef\u00edcio ao meio rural - A Not\u00edcia Online","description":"Durante a reuni\u00e3o ordin\u00e1ria da C\u00e2mara desta ter\u00e7a-feira (14), foram apreciados e votados requerimentos, indica\u00e7\u00f5es e mo\u00e7\u00f5es dos vereadores ao Poder Executivo para obten\u00e7\u00e3o de documentos para melhor fiscaliza\u00e7\u00e3o e acompanhamento de a\u00e7\u00f5es do munic\u00edpio. Tamb\u00e9m foi aprovada permiss\u00e3o \u00e0 Prefeitura de Muria\u00e9 firmar conv\u00eanio com a Funda\u00e7\u00e3o Rural Mineira (Ruralminas) para receber, atrav\u00e9s de","canonical_url":"https:\/\/anoticiaonline.com.br\/site\/vereadores-aprovam-projetos-nas-areas-de-educacao-e-saude-e-em-beneficio-ao-meio-rural\/","robots":"max-image-preview:large","keywords":"","webmasterTools":{"miscellaneous":""},"schema":{"@context":"https:\/\/schema.org","@graph":[{"@type":"BlogPosting","@id":"https:\/\/anoticiaonline.com.br\/site\/vereadores-aprovam-projetos-nas-areas-de-educacao-e-saude-e-em-beneficio-ao-meio-rural\/#blogposting","name":"Vereadores aprovam projetos nas \u00e1reas de educa\u00e7\u00e3o e sa\u00fade e em benef\u00edcio ao meio rural - A Not\u00edcia Online","headline":"Vereadores aprovam projetos nas \u00e1reas de educa\u00e7\u00e3o e sa\u00fade e em benef\u00edcio ao meio rural","author":{"@id":"https:\/\/anoticiaonline.com.br\/site\/author\/juliana\/#author"},"publisher":{"@id":"https:\/\/anoticiaonline.com.br\/site\/#organization"},"image":{"@type":"ImageObject","url":"https:\/\/anoticiaonline.com.br\/site\/wp-content\/uploads\/2016\/06\/Vereadores-aprovam-projetos-nas-\u00e1reas-de-educa\u00e7\u00e3o-e-sa\u00fade-e-em-benef\u00edcio-ao-meio-rural.jpg","width":640,"height":404},"datePublished":"2016-06-15T15:27:55-03:00","dateModified":"2016-06-15T15:27:55-03:00","inLanguage":"pt-BR","mainEntityOfPage":{"@id":"https:\/\/anoticiaonline.com.br\/site\/vereadores-aprovam-projetos-nas-areas-de-educacao-e-saude-e-em-beneficio-ao-meio-rural\/#webpage"},"isPartOf":{"@id":"https:\/\/anoticiaonline.com.br\/site\/vereadores-aprovam-projetos-nas-areas-de-educacao-e-saude-e-em-beneficio-ao-meio-rural\/#webpage"},"articleSection":"Blog, slide"},{"@type":"BreadcrumbList","@id":"https:\/\/anoticiaonline.com.br\/site\/vereadores-aprovam-projetos-nas-areas-de-educacao-e-saude-e-em-beneficio-ao-meio-rural\/#breadcrumblist","itemListElement":[{"@type":"ListItem","@id":"https:\/\/anoticiaonline.com.br\/site#listItem","position":1,"name":"Home","item":"https:\/\/anoticiaonline.com.br\/site","nextItem":{"@type":"ListItem","@id":"https:\/\/anoticiaonline.com.br\/site\/categoria\/muriae\/#listItem","name":"Blog"}},{"@type":"ListItem","@id":"https:\/\/anoticiaonline.com.br\/site\/categoria\/muriae\/#listItem","position":2,"name":"Blog","item":"https:\/\/anoticiaonline.com.br\/site\/categoria\/muriae\/","nextItem":{"@type":"ListItem","@id":"https:\/\/anoticiaonline.com.br\/site\/vereadores-aprovam-projetos-nas-areas-de-educacao-e-saude-e-em-beneficio-ao-meio-rural\/#listItem","name":"Vereadores aprovam projetos nas \u00e1reas de educa\u00e7\u00e3o e sa\u00fade e em benef\u00edcio ao meio rural"},"previousItem":{"@type":"ListItem","@id":"https:\/\/anoticiaonline.com.br\/site#listItem","name":"Home"}},{"@type":"ListItem","@id":"https:\/\/anoticiaonline.com.br\/site\/vereadores-aprovam-projetos-nas-areas-de-educacao-e-saude-e-em-beneficio-ao-meio-rural\/#listItem","position":3,"name":"Vereadores aprovam projetos nas \u00e1reas de educa\u00e7\u00e3o e sa\u00fade e em benef\u00edcio ao meio rural","previousItem":{"@type":"ListItem","@id":"https:\/\/anoticiaonline.com.br\/site\/categoria\/muriae\/#listItem","name":"Blog"}}]},{"@type":"Organization","@id":"https:\/\/anoticiaonline.com.br\/site\/#organization","name":"A Not\u00edcia Online","description":"Noticias de Muria\u00e9 e regi\u00e3o","url":"https:\/\/anoticiaonline.com.br\/site\/","logo":{"@type":"ImageObject","url":"https:\/\/scontent-gig4-1.xx.fbcdn.net\/v\/t39.30808-1\/270437624_4564083193639691_6907940295614233970_n.jpg?stp=dst-jpg_s200x200_tt6&_nc_cat=111&ccb=1-7&_nc_sid=f907e8&_nc_ohc=SM1wRlP3lJwQ7kNvwEPuBYA&_nc_oc=AdnqrjDN_BNjSSHWO-GbkIWH6fkGMLw4bqvL_NH6e2wMveX7G-rP2dAqsDSq1mJMOaY&_nc_zt=24&_nc_ht=scontent-gig4-1.xx&_nc_gid=AoBFJeGrT1hVaew_6rchkQ&oh=00_AfX7QmFGhQhG2jAllVgXCiM1ZrWgvtp80-Bfppyexh1QEg&oe=689E923C","@id":"https:\/\/anoticiaonline.com.br\/site\/vereadores-aprovam-projetos-nas-areas-de-educacao-e-saude-e-em-beneficio-ao-meio-rural\/#organizationLogo"},"image":{"@id":"https:\/\/anoticiaonline.com.br\/site\/vereadores-aprovam-projetos-nas-areas-de-educacao-e-saude-e-em-beneficio-ao-meio-rural\/#organizationLogo"}},{"@type":"Person","@id":"https:\/\/anoticiaonline.com.br\/site\/author\/juliana\/#author","url":"https:\/\/anoticiaonline.com.br\/site\/author\/juliana\/","name":"Juliana Laviola","image":{"@type":"ImageObject","@id":"https:\/\/anoticiaonline.com.br\/site\/vereadores-aprovam-projetos-nas-areas-de-educacao-e-saude-e-em-beneficio-ao-meio-rural\/#authorImage","url":"https:\/\/secure.gravatar.com\/avatar\/b8d45f5c699b100dfaf0e543582f38f38bf94cb7ae3a5e9abf8d891a34773335?s=96&d=mm&r=g","width":96,"height":96,"caption":"Juliana Laviola"}},{"@type":"WebPage","@id":"https:\/\/anoticiaonline.com.br\/site\/vereadores-aprovam-projetos-nas-areas-de-educacao-e-saude-e-em-beneficio-ao-meio-rural\/#webpage","url":"https:\/\/anoticiaonline.com.br\/site\/vereadores-aprovam-projetos-nas-areas-de-educacao-e-saude-e-em-beneficio-ao-meio-rural\/","name":"Vereadores aprovam projetos nas \u00e1reas de educa\u00e7\u00e3o e sa\u00fade e em benef\u00edcio ao meio rural - A Not\u00edcia Online","description":"Durante a reuni\u00e3o ordin\u00e1ria da C\u00e2mara desta ter\u00e7a-feira (14), foram apreciados e votados requerimentos, indica\u00e7\u00f5es e mo\u00e7\u00f5es dos vereadores ao Poder Executivo para obten\u00e7\u00e3o de documentos para melhor fiscaliza\u00e7\u00e3o e acompanhamento de a\u00e7\u00f5es do munic\u00edpio. Tamb\u00e9m foi aprovada permiss\u00e3o \u00e0 Prefeitura de Muria\u00e9 firmar conv\u00eanio com a Funda\u00e7\u00e3o Rural Mineira (Ruralminas) para receber, atrav\u00e9s de","inLanguage":"pt-BR","isPartOf":{"@id":"https:\/\/anoticiaonline.com.br\/site\/#website"},"breadcrumb":{"@id":"https:\/\/anoticiaonline.com.br\/site\/vereadores-aprovam-projetos-nas-areas-de-educacao-e-saude-e-em-beneficio-ao-meio-rural\/#breadcrumblist"},"author":{"@id":"https:\/\/anoticiaonline.com.br\/site\/author\/juliana\/#author"},"creator":{"@id":"https:\/\/anoticiaonline.com.br\/site\/author\/juliana\/#author"},"image":{"@type":"ImageObject","url":"https:\/\/anoticiaonline.com.br\/site\/wp-content\/uploads\/2016\/06\/Vereadores-aprovam-projetos-nas-\u00e1reas-de-educa\u00e7\u00e3o-e-sa\u00fade-e-em-benef\u00edcio-ao-meio-rural.jpg","@id":"https:\/\/anoticiaonline.com.br\/site\/vereadores-aprovam-projetos-nas-areas-de-educacao-e-saude-e-em-beneficio-ao-meio-rural\/#mainImage","width":640,"height":404},"primaryImageOfPage":{"@id":"https:\/\/anoticiaonline.com.br\/site\/vereadores-aprovam-projetos-nas-areas-de-educacao-e-saude-e-em-beneficio-ao-meio-rural\/#mainImage"},"datePublished":"2016-06-15T15:27:55-03:00","dateModified":"2016-06-15T15:27:55-03:00"},{"@type":"WebSite","@id":"https:\/\/anoticiaonline.com.br\/site\/#website","url":"https:\/\/anoticiaonline.com.br\/site\/","name":"A Not\u00edcia Online","description":"Noticias de Muria\u00e9 e regi\u00e3o","inLanguage":"pt-BR","publisher":{"@id":"https:\/\/anoticiaonline.com.br\/site\/#organization"}}]},"og:locale":"pt_BR","og:site_name":"A Not\u00edcia Online - Noticias de Muria\u00e9 e regi\u00e3o","og:type":"article","og:title":"Vereadores aprovam projetos nas \u00e1reas de educa\u00e7\u00e3o e sa\u00fade e em benef\u00edcio ao meio rural - A Not\u00edcia Online","og:description":"Durante a reuni\u00e3o ordin\u00e1ria da C\u00e2mara desta ter\u00e7a-feira (14), foram apreciados e votados requerimentos, indica\u00e7\u00f5es e mo\u00e7\u00f5es dos vereadores ao Poder Executivo para obten\u00e7\u00e3o de documentos para melhor fiscaliza\u00e7\u00e3o e acompanhamento de a\u00e7\u00f5es do munic\u00edpio. Tamb\u00e9m foi aprovada permiss\u00e3o \u00e0 Prefeitura de Muria\u00e9 firmar conv\u00eanio com a Funda\u00e7\u00e3o Rural Mineira (Ruralminas) para receber, atrav\u00e9s de","og:url":"https:\/\/anoticiaonline.com.br\/site\/vereadores-aprovam-projetos-nas-areas-de-educacao-e-saude-e-em-beneficio-ao-meio-rural\/","og:image":"https:\/\/scontent-gig4-1.xx.fbcdn.net\/v\/t39.30808-1\/270437624_4564083193639691_6907940295614233970_n.jpg?stp=dst-jpg_s200x200_tt6&#038;_nc_cat=111&#038;ccb=1-7&#038;_nc_sid=f907e8&#038;_nc_ohc=SM1wRlP3lJwQ7kNvwEPuBYA&#038;_nc_oc=AdnqrjDN_BNjSSHWO-GbkIWH6fkGMLw4bqvL_NH6e2wMveX7G-rP2dAqsDSq1mJMOaY&#038;_nc_zt=24&#038;_nc_ht=scontent-gig4-1.xx&#038;_nc_gid=AoBFJeGrT1hVaew_6rchkQ&#038;oh=00_AfX7QmFGhQhG2jAllVgXCiM1ZrWgvtp80-Bfppyexh1QEg&#038;oe=689E923C","og:image:secure_url":"https:\/\/scontent-gig4-1.xx.fbcdn.net\/v\/t39.30808-1\/270437624_4564083193639691_6907940295614233970_n.jpg?stp=dst-jpg_s200x200_tt6&#038;_nc_cat=111&#038;ccb=1-7&#038;_nc_sid=f907e8&#038;_nc_ohc=SM1wRlP3lJwQ7kNvwEPuBYA&#038;_nc_oc=AdnqrjDN_BNjSSHWO-GbkIWH6fkGMLw4bqvL_NH6e2wMveX7G-rP2dAqsDSq1mJMOaY&#038;_nc_zt=24&#038;_nc_ht=scontent-gig4-1.xx&#038;_nc_gid=AoBFJeGrT1hVaew_6rchkQ&#038;oh=00_AfX7QmFGhQhG2jAllVgXCiM1ZrWgvtp80-Bfppyexh1QEg&#038;oe=689E923C","article:published_time":"2016-06-15T18:27:55+00:00","article:modified_time":"2016-06-15T18:27:55+00:00","twitter:card":"summary_large_image","twitter:title":"Vereadores aprovam projetos nas \u00e1reas de educa\u00e7\u00e3o e sa\u00fade e em benef\u00edcio ao meio rural - A Not\u00edcia Online","twitter:description":"Durante a reuni\u00e3o ordin\u00e1ria da C\u00e2mara desta ter\u00e7a-feira (14), foram apreciados e votados requerimentos, indica\u00e7\u00f5es e mo\u00e7\u00f5es dos vereadores ao Poder Executivo para obten\u00e7\u00e3o de documentos para melhor fiscaliza\u00e7\u00e3o e acompanhamento de a\u00e7\u00f5es do munic\u00edpio. Tamb\u00e9m foi aprovada permiss\u00e3o \u00e0 Prefeitura de Muria\u00e9 firmar conv\u00eanio com a Funda\u00e7\u00e3o Rural Mineira (Ruralminas) para receber, atrav\u00e9s de","twitter:image":"https:\/\/scontent-gig4-1.xx.fbcdn.net\/v\/t39.30808-1\/270437624_4564083193639691_6907940295614233970_n.jpg?stp=dst-jpg_s200x200_tt6&_nc_cat=111&ccb=1-7&_nc_sid=f907e8&_nc_ohc=SM1wRlP3lJwQ7kNvwEPuBYA&_nc_oc=AdnqrjDN_BNjSSHWO-GbkIWH6fkGMLw4bqvL_NH6e2wMveX7G-rP2dAqsDSq1mJMOaY&_nc_zt=24&_nc_ht=scontent-gig4-1.xx&_nc_gid=AoBFJeGrT1hVaew_6rchkQ&oh=00_AfX7QmFGhQhG2jAllVgXCiM1ZrWgvtp80-Bfppyexh1QEg&oe=689E923C"},"aioseo_meta_data":{"post_id":"14533","title":null,"description":null,"keywords":null,"keyphrases":null,"primary_term":null,"canonical_url":null,"og_title":null,"og_description":null,"og_object_type":"default","og_image_type":"default","og_image_url":null,"og_image_width":null,"og_image_height":null,"og_image_custom_url":null,"og_image_custom_fields":null,"og_video":null,"og_custom_url":null,"og_article_section":null,"og_article_tags":null,"twitter_use_og":false,"twitter_card":"default","twitter_image_type":"default","twitter_image_url":null,"twitter_image_custom_url":null,"twitter_image_custom_fields":null,"twitter_title":null,"twitter_description":null,"schema":{"blockGraphs":[],"customGraphs":[],"default":{"data":{"Article":[],"Course":[],"Dataset":[],"FAQPage":[],"Movie":[],"Person":[],"Product":[],"ProductReview":[],"Car":[],"Recipe":[],"Service":[],"SoftwareApplication":[],"WebPage":[]},"graphName":"","isEnabled":true},"graphs":[]},"schema_type":"default","schema_type_options":null,"pillar_content":false,"robots_default":true,"robots_noindex":false,"robots_noarchive":false,"robots_nosnippet":false,"robots_nofollow":false,"robots_noimageindex":false,"robots_noodp":false,"robots_notranslate":false,"robots_max_snippet":null,"robots_max_videopreview":null,"robots_max_imagepreview":"large","priority":null,"frequency":null,"local_seo":null,"breadcrumb_settings":null,"limit_modified_date":false,"ai":null,"created":"2025-08-16 16:10:30","updated":"2025-08-16 16:10:30","focus_keyword":null,"additional_keywords":null,"truseo_locale":null,"seo_analyzer_scan_date":null},"aioseo_breadcrumb":"<div class=\"aioseo-breadcrumbs\"><span class=\"aioseo-breadcrumb\">\n\t\t\t<a href=\"https:\/\/anoticiaonline.com.br\/site\" title=\"Home\">Home<\/a>\n\t\t<\/span><span class=\"aioseo-breadcrumb-separator\">&raquo;<\/span><span class=\"aioseo-breadcrumb\">\n\t\t\t<a href=\"https:\/\/anoticiaonline.com.br\/site\/categoria\/muriae\/\" title=\"Blog\">Blog<\/a>\n\t\t<\/span><span class=\"aioseo-breadcrumb-separator\">&raquo;<\/span><span class=\"aioseo-breadcrumb\">\n\t\t\tVereadores aprovam projetos nas \u00e1reas de educa\u00e7\u00e3o e sa\u00fade e em benef\u00edcio ao meio rural\n\t\t<\/span><\/div>","aioseo_breadcrumb_json":[{"label":"Home","link":"https:\/\/anoticiaonline.com.br\/site"},{"label":"Blog","link":"https:\/\/anoticiaonline.com.br\/site\/categoria\/muriae\/"},{"label":"Vereadores aprovam projetos nas \u00e1reas de educa\u00e7\u00e3o e sa\u00fade e em benef\u00edcio ao meio rural","link":"https:\/\/anoticiaonline.com.br\/site\/vereadores-aprovam-projetos-nas-areas-de-educacao-e-saude-e-em-beneficio-ao-meio-rural\/"}],"views":107,"_links":{"self":[{"href":"https:\/\/anoticiaonline.com.br\/site\/wp-json\/wp\/v2\/posts\/14533","targetHints":{"allow":["GET"]}}],"collection":[{"href":"https:\/\/anoticiaonline.com.br\/site\/wp-json\/wp\/v2\/posts"}],"about":[{"href":"https:\/\/anoticiaonline.com.br\/site\/wp-json\/wp\/v2\/types\/post"}],"author":[{"embeddable":true,"href":"https:\/\/anoticiaonline.com.br\/site\/wp-json\/wp\/v2\/users\/2"}],"replies":[{"embeddable":true,"href":"https:\/\/anoticiaonline.com.br\/site\/wp-json\/wp\/v2\/comments?post=14533"}],"version-history":[{"count":0,"href":"https:\/\/anoticiaonline.com.br\/site\/wp-json\/wp\/v2\/posts\/14533\/revisions"}],"wp:featuredmedia":[{"embeddable":true,"href":"https:\/\/anoticiaonline.com.br\/site\/wp-json\/wp\/v2\/media\/14534"}],"wp:attachment":[{"href":"https:\/\/anoticiaonline.com.br\/site\/wp-json\/wp\/v2\/media?parent=14533"}],"wp:term":[{"taxonomy":"category","embeddable":true,"href":"https:\/\/anoticiaonline.com.br\/site\/wp-json\/wp\/v2\/categories?post=14533"},{"taxonomy":"post_tag","embeddable":true,"href":"https:\/\/anoticiaonline.com.br\/site\/wp-json\/wp\/v2\/tags?post=14533"}],"curies":[{"name":"wp","href":"https:\/\/api.w.org\/{rel}","templated":true}]}}