{"id":14518,"date":"2016-06-14T15:21:42","date_gmt":"2016-06-14T18:21:42","guid":{"rendered":"http:\/\/anoticiaonline.com.br\/site\/?p=14518"},"modified":"2016-06-14T15:21:42","modified_gmt":"2016-06-14T18:21:42","slug":"conferencia-da-cidade-acontece-nesta-quarta-feira","status":"publish","type":"post","link":"https:\/\/anoticiaonline.com.br\/site\/conferencia-da-cidade-acontece-nesta-quarta-feira\/","title":{"rendered":"Confer\u00eancia da Cidade acontece nesta quarta-feira"},"content":{"rendered":"<p><a href=\"https:\/\/anoticiaonline.com.br\/site\/wp-content\/uploads\/2016\/05\/A.jpg\"><img fetchpriority=\"high\" decoding=\"async\" class=\" size-medium wp-image-13527 alignleft\" src=\"https:\/\/anoticiaonline.com.br\/site\/wp-content\/uploads\/2016\/05\/A-300x169.jpg\" alt=\"A\" width=\"300\" height=\"169\" srcset=\"https:\/\/anoticiaonline.com.br\/site\/wp-content\/uploads\/2016\/05\/A-300x169.jpg 300w, https:\/\/anoticiaonline.com.br\/site\/wp-content\/uploads\/2016\/05\/A.jpg 640w\" sizes=\"(max-width: 300px) 100vw, 300px\" \/><\/a>Acontece, nesta quarta-feira (15), a II Confer\u00eancia Municipal da Cidade de Muria\u00e9. Com o tema &#8220;A Fun\u00e7\u00e3o Social da Cidade e da Propriedade&#8221;, o evento ser\u00e1 realizado no Teatro Zaccaria Marques, em duas etapas: das 8h \u00e0s 11h e das 13h \u00e0s 17h.<\/p>\n<p>Pela manh\u00e3, logo ap\u00f3s o credenciamento dos participantes, ser\u00e1 feita a leitura e aprova\u00e7\u00e3o do regimento da confer\u00eancia, al\u00e9m da apresenta\u00e7\u00e3o do texto-base que nortear\u00e1 as atividades. \u00c0 tarde, acontecem os debates p\u00fablicos, a elabora\u00e7\u00e3o e sele\u00e7\u00e3o de propostas e a escolha dos delegados que representar\u00e3o o munic\u00edpio na fase estadual.<\/p>\n<p>&#8220;Vamos selecionar tr\u00eas propostas, que poder\u00e3o ser apresentadas por todos os participantes durante os debates, e eleger at\u00e9 oito delegados para nos representar em Belo Horizonte&#8221;, informa o arquiteto da Secretaria Municipal de Obras P\u00fablicas e Urbanismo, F\u00e1bio Almeida Vieira. &#8220;A comiss\u00e3o a ser eleita ser\u00e1 formada por representantes do poder p\u00fablico, de movimentos populares, organiza\u00e7\u00f5es n\u00e3o-governamentais e das classes de trabalhadores e empres\u00e1rios&#8221;, completa.<\/p>\n<p>Tanto a etapa municipal quanto a estadual &#8211; que ainda n\u00e3o teve sua data definida pelo Governo de Minas &#8211; integram o cronograma da VI Confer\u00eancia Nacional das Cidades, prevista para acontecer entre os dias 5 e 9 de junho de 2017, em Bras\u00edlia. O encontro ter\u00e1 a finalidade de indicar as prioridades de atua\u00e7\u00e3o para os entes federativos, no sentido de propor a interlocu\u00e7\u00e3o entre autoridades e gestores p\u00fablicos, estabelecer metas e planos de a\u00e7\u00e3o, promover a participa\u00e7\u00e3o popular e estimular a gest\u00e3o democr\u00e1tica das pol\u00edticas de desenvolvimento urbano.<\/p>\n","protected":false},"excerpt":{"rendered":"<p>Acontece, nesta quarta-feira (15), a II Confer\u00eancia Municipal da Cidade de Muria\u00e9. Com o tema &#8220;A Fun\u00e7\u00e3o Social da Cidade e da Propriedade&#8221;, o evento ser\u00e1 realizado no Teatro Zaccaria Marques, em duas etapas: das 8h \u00e0s 11h e das 13h \u00e0s 17h. Pela manh\u00e3, logo ap\u00f3s o credenciamento dos participantes, ser\u00e1 feita a leitura &#8230; <a title=\"Confer\u00eancia da Cidade acontece nesta quarta-feira\" class=\"read-more\" href=\"https:\/\/anoticiaonline.com.br\/site\/conferencia-da-cidade-acontece-nesta-quarta-feira\/\" aria-label=\"Read more about Confer\u00eancia da Cidade acontece nesta quarta-feira\">Ler mais<\/a><\/p>\n","protected":false},"author":2,"featured_media":13527,"comment_status":"open","ping_status":"open","sticky":false,"template":"","format":"standard","meta":{"_acf_changed":false,"_monsterinsights_skip_tracking":false,"footnotes":""},"categories":[30],"tags":[3],"class_list":["post-14518","post","type-post","status-publish","format-standard","has-post-thumbnail","hentry","category-muriae","tag-slide"],"acf":[],"aioseo_notices":[],"aioseo_head":"\n\t\t<!-- All in One SEO 5.0.0.1 - aioseo.com -->\n\t<meta name=\"description\" content=\"Acontece, nesta quarta-feira (15), a II Confer\u00eancia Municipal da Cidade de Muria\u00e9. Com o tema &quot;A Fun\u00e7\u00e3o Social da Cidade e da Propriedade&quot;, o evento ser\u00e1 realizado no Teatro Zaccaria Marques, em duas etapas: das 8h \u00e0s 11h e das 13h \u00e0s 17h. Pela manh\u00e3, logo ap\u00f3s o credenciamento dos participantes, ser\u00e1 feita a leitura\" \/>\n\t<meta name=\"robots\" content=\"max-image-preview:large\" \/>\n\t<meta name=\"author\" content=\"Juliana Laviola\"\/>\n\t<link rel=\"canonical\" href=\"https:\/\/anoticiaonline.com.br\/site\/conferencia-da-cidade-acontece-nesta-quarta-feira\/\" \/>\n\t<meta name=\"generator\" content=\"All in One SEO (AIOSEO) 5.0.0.1\" \/>\n\t\t<meta property=\"og:locale\" content=\"pt_BR\" \/>\n\t\t<meta property=\"og:site_name\" content=\"A Not\u00edcia Online - Noticias de Muria\u00e9 e regi\u00e3o\" \/>\n\t\t<meta property=\"og:type\" content=\"article\" \/>\n\t\t<meta property=\"og:title\" content=\"Confer\u00eancia da Cidade acontece nesta quarta-feira - A Not\u00edcia Online\" \/>\n\t\t<meta property=\"og:description\" content=\"Acontece, nesta quarta-feira (15), a II Confer\u00eancia Municipal da Cidade de Muria\u00e9. Com o tema &quot;A Fun\u00e7\u00e3o Social da Cidade e da Propriedade&quot;, o evento ser\u00e1 realizado no Teatro Zaccaria Marques, em duas etapas: das 8h \u00e0s 11h e das 13h \u00e0s 17h. Pela manh\u00e3, logo ap\u00f3s o credenciamento dos participantes, ser\u00e1 feita a leitura\" \/>\n\t\t<meta property=\"og:url\" content=\"https:\/\/anoticiaonline.com.br\/site\/conferencia-da-cidade-acontece-nesta-quarta-feira\/\" \/>\n\t\t<meta property=\"og:image\" content=\"https:\/\/scontent-gig4-1.xx.fbcdn.net\/v\/t39.30808-1\/270437624_4564083193639691_6907940295614233970_n.jpg?stp=dst-jpg_s200x200_tt6&#038;_nc_cat=111&#038;ccb=1-7&#038;_nc_sid=f907e8&#038;_nc_ohc=SM1wRlP3lJwQ7kNvwEPuBYA&#038;_nc_oc=AdnqrjDN_BNjSSHWO-GbkIWH6fkGMLw4bqvL_NH6e2wMveX7G-rP2dAqsDSq1mJMOaY&#038;_nc_zt=24&#038;_nc_ht=scontent-gig4-1.xx&#038;_nc_gid=AoBFJeGrT1hVaew_6rchkQ&#038;oh=00_AfX7QmFGhQhG2jAllVgXCiM1ZrWgvtp80-Bfppyexh1QEg&#038;oe=689E923C\" \/>\n\t\t<meta property=\"og:image:secure_url\" content=\"https:\/\/scontent-gig4-1.xx.fbcdn.net\/v\/t39.30808-1\/270437624_4564083193639691_6907940295614233970_n.jpg?stp=dst-jpg_s200x200_tt6&#038;_nc_cat=111&#038;ccb=1-7&#038;_nc_sid=f907e8&#038;_nc_ohc=SM1wRlP3lJwQ7kNvwEPuBYA&#038;_nc_oc=AdnqrjDN_BNjSSHWO-GbkIWH6fkGMLw4bqvL_NH6e2wMveX7G-rP2dAqsDSq1mJMOaY&#038;_nc_zt=24&#038;_nc_ht=scontent-gig4-1.xx&#038;_nc_gid=AoBFJeGrT1hVaew_6rchkQ&#038;oh=00_AfX7QmFGhQhG2jAllVgXCiM1ZrWgvtp80-Bfppyexh1QEg&#038;oe=689E923C\" \/>\n\t\t<meta property=\"article:published_time\" content=\"2016-06-14T18:21:42+00:00\" \/>\n\t\t<meta property=\"article:modified_time\" content=\"2016-06-14T18:21:42+00:00\" \/>\n\t\t<meta name=\"twitter:card\" content=\"summary_large_image\" \/>\n\t\t<meta name=\"twitter:title\" content=\"Confer\u00eancia da Cidade acontece nesta quarta-feira - A Not\u00edcia Online\" \/>\n\t\t<meta name=\"twitter:description\" content=\"Acontece, nesta quarta-feira (15), a II Confer\u00eancia Municipal da Cidade de Muria\u00e9. Com o tema &quot;A Fun\u00e7\u00e3o Social da Cidade e da Propriedade&quot;, o evento ser\u00e1 realizado no Teatro Zaccaria Marques, em duas etapas: das 8h \u00e0s 11h e das 13h \u00e0s 17h. Pela manh\u00e3, logo ap\u00f3s o credenciamento dos participantes, ser\u00e1 feita a leitura\" \/>\n\t\t<meta name=\"twitter:image\" content=\"https:\/\/scontent-gig4-1.xx.fbcdn.net\/v\/t39.30808-1\/270437624_4564083193639691_6907940295614233970_n.jpg?stp=dst-jpg_s200x200_tt6&amp;_nc_cat=111&amp;ccb=1-7&amp;_nc_sid=f907e8&amp;_nc_ohc=SM1wRlP3lJwQ7kNvwEPuBYA&amp;_nc_oc=AdnqrjDN_BNjSSHWO-GbkIWH6fkGMLw4bqvL_NH6e2wMveX7G-rP2dAqsDSq1mJMOaY&amp;_nc_zt=24&amp;_nc_ht=scontent-gig4-1.xx&amp;_nc_gid=AoBFJeGrT1hVaew_6rchkQ&amp;oh=00_AfX7QmFGhQhG2jAllVgXCiM1ZrWgvtp80-Bfppyexh1QEg&amp;oe=689E923C\" \/>\n\t\t<script type=\"application\/ld+json\" class=\"aioseo-schema\">\n\t\t\t{\"@context\":\"https:\\\/\\\/schema.org\",\"@graph\":[{\"@type\":\"BlogPosting\",\"@id\":\"https:\\\/\\\/anoticiaonline.com.br\\\/site\\\/conferencia-da-cidade-acontece-nesta-quarta-feira\\\/#blogposting\",\"name\":\"Confer\\u00eancia da Cidade acontece nesta quarta-feira - A Not\\u00edcia Online\",\"headline\":\"Confer\\u00eancia da Cidade acontece nesta quarta-feira\",\"author\":{\"@id\":\"https:\\\/\\\/anoticiaonline.com.br\\\/site\\\/author\\\/juliana\\\/#author\"},\"publisher\":{\"@id\":\"https:\\\/\\\/anoticiaonline.com.br\\\/site\\\/#organization\"},\"image\":{\"@type\":\"ImageObject\",\"url\":\"https:\\\/\\\/anoticiaonline.com.br\\\/site\\\/wp-content\\\/uploads\\\/2016\\\/05\\\/A.jpg\",\"width\":640,\"height\":360},\"datePublished\":\"2016-06-14T15:21:42-03:00\",\"dateModified\":\"2016-06-14T15:21:42-03:00\",\"inLanguage\":\"pt-BR\",\"mainEntityOfPage\":{\"@id\":\"https:\\\/\\\/anoticiaonline.com.br\\\/site\\\/conferencia-da-cidade-acontece-nesta-quarta-feira\\\/#webpage\"},\"isPartOf\":{\"@id\":\"https:\\\/\\\/anoticiaonline.com.br\\\/site\\\/conferencia-da-cidade-acontece-nesta-quarta-feira\\\/#webpage\"},\"articleSection\":\"Blog, slide\"},{\"@type\":\"BreadcrumbList\",\"@id\":\"https:\\\/\\\/anoticiaonline.com.br\\\/site\\\/conferencia-da-cidade-acontece-nesta-quarta-feira\\\/#breadcrumblist\",\"itemListElement\":[{\"@type\":\"ListItem\",\"@id\":\"https:\\\/\\\/anoticiaonline.com.br\\\/site#listItem\",\"position\":1,\"name\":\"Home\",\"item\":\"https:\\\/\\\/anoticiaonline.com.br\\\/site\",\"nextItem\":{\"@type\":\"ListItem\",\"@id\":\"https:\\\/\\\/anoticiaonline.com.br\\\/site\\\/categoria\\\/muriae\\\/#listItem\",\"name\":\"Blog\"}},{\"@type\":\"ListItem\",\"@id\":\"https:\\\/\\\/anoticiaonline.com.br\\\/site\\\/categoria\\\/muriae\\\/#listItem\",\"position\":2,\"name\":\"Blog\",\"item\":\"https:\\\/\\\/anoticiaonline.com.br\\\/site\\\/categoria\\\/muriae\\\/\",\"nextItem\":{\"@type\":\"ListItem\",\"@id\":\"https:\\\/\\\/anoticiaonline.com.br\\\/site\\\/conferencia-da-cidade-acontece-nesta-quarta-feira\\\/#listItem\",\"name\":\"Confer\\u00eancia da Cidade acontece nesta quarta-feira\"},\"previousItem\":{\"@type\":\"ListItem\",\"@id\":\"https:\\\/\\\/anoticiaonline.com.br\\\/site#listItem\",\"name\":\"Home\"}},{\"@type\":\"ListItem\",\"@id\":\"https:\\\/\\\/anoticiaonline.com.br\\\/site\\\/conferencia-da-cidade-acontece-nesta-quarta-feira\\\/#listItem\",\"position\":3,\"name\":\"Confer\\u00eancia da Cidade acontece nesta quarta-feira\",\"previousItem\":{\"@type\":\"ListItem\",\"@id\":\"https:\\\/\\\/anoticiaonline.com.br\\\/site\\\/categoria\\\/muriae\\\/#listItem\",\"name\":\"Blog\"}}]},{\"@type\":\"Organization\",\"@id\":\"https:\\\/\\\/anoticiaonline.com.br\\\/site\\\/#organization\",\"name\":\"A Not\\u00edcia Online\",\"description\":\"Noticias de Muria\\u00e9 e regi\\u00e3o\",\"url\":\"https:\\\/\\\/anoticiaonline.com.br\\\/site\\\/\",\"logo\":{\"@type\":\"ImageObject\",\"url\":\"https:\\\/\\\/scontent-gig4-1.xx.fbcdn.net\\\/v\\\/t39.30808-1\\\/270437624_4564083193639691_6907940295614233970_n.jpg?stp=dst-jpg_s200x200_tt6&_nc_cat=111&ccb=1-7&_nc_sid=f907e8&_nc_ohc=SM1wRlP3lJwQ7kNvwEPuBYA&_nc_oc=AdnqrjDN_BNjSSHWO-GbkIWH6fkGMLw4bqvL_NH6e2wMveX7G-rP2dAqsDSq1mJMOaY&_nc_zt=24&_nc_ht=scontent-gig4-1.xx&_nc_gid=AoBFJeGrT1hVaew_6rchkQ&oh=00_AfX7QmFGhQhG2jAllVgXCiM1ZrWgvtp80-Bfppyexh1QEg&oe=689E923C\",\"@id\":\"https:\\\/\\\/anoticiaonline.com.br\\\/site\\\/conferencia-da-cidade-acontece-nesta-quarta-feira\\\/#organizationLogo\"},\"image\":{\"@id\":\"https:\\\/\\\/anoticiaonline.com.br\\\/site\\\/conferencia-da-cidade-acontece-nesta-quarta-feira\\\/#organizationLogo\"}},{\"@type\":\"Person\",\"@id\":\"https:\\\/\\\/anoticiaonline.com.br\\\/site\\\/author\\\/juliana\\\/#author\",\"url\":\"https:\\\/\\\/anoticiaonline.com.br\\\/site\\\/author\\\/juliana\\\/\",\"name\":\"Juliana Laviola\",\"image\":{\"@type\":\"ImageObject\",\"@id\":\"https:\\\/\\\/anoticiaonline.com.br\\\/site\\\/conferencia-da-cidade-acontece-nesta-quarta-feira\\\/#authorImage\",\"url\":\"https:\\\/\\\/secure.gravatar.com\\\/avatar\\\/b8d45f5c699b100dfaf0e543582f38f38bf94cb7ae3a5e9abf8d891a34773335?s=96&d=mm&r=g\",\"width\":96,\"height\":96,\"caption\":\"Juliana Laviola\"}},{\"@type\":\"WebPage\",\"@id\":\"https:\\\/\\\/anoticiaonline.com.br\\\/site\\\/conferencia-da-cidade-acontece-nesta-quarta-feira\\\/#webpage\",\"url\":\"https:\\\/\\\/anoticiaonline.com.br\\\/site\\\/conferencia-da-cidade-acontece-nesta-quarta-feira\\\/\",\"name\":\"Confer\\u00eancia da Cidade acontece nesta quarta-feira - A Not\\u00edcia Online\",\"description\":\"Acontece, nesta quarta-feira (15), a II Confer\\u00eancia Municipal da Cidade de Muria\\u00e9. Com o tema \\\"A Fun\\u00e7\\u00e3o Social da Cidade e da Propriedade\\\", o evento ser\\u00e1 realizado no Teatro Zaccaria Marques, em duas etapas: das 8h \\u00e0s 11h e das 13h \\u00e0s 17h. Pela manh\\u00e3, logo ap\\u00f3s o credenciamento dos participantes, ser\\u00e1 feita a leitura\",\"inLanguage\":\"pt-BR\",\"isPartOf\":{\"@id\":\"https:\\\/\\\/anoticiaonline.com.br\\\/site\\\/#website\"},\"breadcrumb\":{\"@id\":\"https:\\\/\\\/anoticiaonline.com.br\\\/site\\\/conferencia-da-cidade-acontece-nesta-quarta-feira\\\/#breadcrumblist\"},\"author\":{\"@id\":\"https:\\\/\\\/anoticiaonline.com.br\\\/site\\\/author\\\/juliana\\\/#author\"},\"creator\":{\"@id\":\"https:\\\/\\\/anoticiaonline.com.br\\\/site\\\/author\\\/juliana\\\/#author\"},\"image\":{\"@type\":\"ImageObject\",\"url\":\"https:\\\/\\\/anoticiaonline.com.br\\\/site\\\/wp-content\\\/uploads\\\/2016\\\/05\\\/A.jpg\",\"@id\":\"https:\\\/\\\/anoticiaonline.com.br\\\/site\\\/conferencia-da-cidade-acontece-nesta-quarta-feira\\\/#mainImage\",\"width\":640,\"height\":360},\"primaryImageOfPage\":{\"@id\":\"https:\\\/\\\/anoticiaonline.com.br\\\/site\\\/conferencia-da-cidade-acontece-nesta-quarta-feira\\\/#mainImage\"},\"datePublished\":\"2016-06-14T15:21:42-03:00\",\"dateModified\":\"2016-06-14T15:21:42-03:00\"},{\"@type\":\"WebSite\",\"@id\":\"https:\\\/\\\/anoticiaonline.com.br\\\/site\\\/#website\",\"url\":\"https:\\\/\\\/anoticiaonline.com.br\\\/site\\\/\",\"name\":\"A Not\\u00edcia Online\",\"description\":\"Noticias de Muria\\u00e9 e regi\\u00e3o\",\"inLanguage\":\"pt-BR\",\"publisher\":{\"@id\":\"https:\\\/\\\/anoticiaonline.com.br\\\/site\\\/#organization\"}}]}\n\t\t<\/script>\n\t\t<!-- All in One SEO -->\n\n","aioseo_head_json":{"title":"Confer\u00eancia da Cidade acontece nesta quarta-feira - A Not\u00edcia Online","description":"Acontece, nesta quarta-feira (15), a II Confer\u00eancia Municipal da Cidade de Muria\u00e9. Com o tema \"A Fun\u00e7\u00e3o Social da Cidade e da Propriedade\", o evento ser\u00e1 realizado no Teatro Zaccaria Marques, em duas etapas: das 8h \u00e0s 11h e das 13h \u00e0s 17h. Pela manh\u00e3, logo ap\u00f3s o credenciamento dos participantes, ser\u00e1 feita a leitura","canonical_url":"https:\/\/anoticiaonline.com.br\/site\/conferencia-da-cidade-acontece-nesta-quarta-feira\/","robots":"max-image-preview:large","keywords":"","webmasterTools":{"miscellaneous":""},"schema":{"@context":"https:\/\/schema.org","@graph":[{"@type":"BlogPosting","@id":"https:\/\/anoticiaonline.com.br\/site\/conferencia-da-cidade-acontece-nesta-quarta-feira\/#blogposting","name":"Confer\u00eancia da Cidade acontece nesta quarta-feira - A Not\u00edcia Online","headline":"Confer\u00eancia da Cidade acontece nesta quarta-feira","author":{"@id":"https:\/\/anoticiaonline.com.br\/site\/author\/juliana\/#author"},"publisher":{"@id":"https:\/\/anoticiaonline.com.br\/site\/#organization"},"image":{"@type":"ImageObject","url":"https:\/\/anoticiaonline.com.br\/site\/wp-content\/uploads\/2016\/05\/A.jpg","width":640,"height":360},"datePublished":"2016-06-14T15:21:42-03:00","dateModified":"2016-06-14T15:21:42-03:00","inLanguage":"pt-BR","mainEntityOfPage":{"@id":"https:\/\/anoticiaonline.com.br\/site\/conferencia-da-cidade-acontece-nesta-quarta-feira\/#webpage"},"isPartOf":{"@id":"https:\/\/anoticiaonline.com.br\/site\/conferencia-da-cidade-acontece-nesta-quarta-feira\/#webpage"},"articleSection":"Blog, slide"},{"@type":"BreadcrumbList","@id":"https:\/\/anoticiaonline.com.br\/site\/conferencia-da-cidade-acontece-nesta-quarta-feira\/#breadcrumblist","itemListElement":[{"@type":"ListItem","@id":"https:\/\/anoticiaonline.com.br\/site#listItem","position":1,"name":"Home","item":"https:\/\/anoticiaonline.com.br\/site","nextItem":{"@type":"ListItem","@id":"https:\/\/anoticiaonline.com.br\/site\/categoria\/muriae\/#listItem","name":"Blog"}},{"@type":"ListItem","@id":"https:\/\/anoticiaonline.com.br\/site\/categoria\/muriae\/#listItem","position":2,"name":"Blog","item":"https:\/\/anoticiaonline.com.br\/site\/categoria\/muriae\/","nextItem":{"@type":"ListItem","@id":"https:\/\/anoticiaonline.com.br\/site\/conferencia-da-cidade-acontece-nesta-quarta-feira\/#listItem","name":"Confer\u00eancia da Cidade acontece nesta quarta-feira"},"previousItem":{"@type":"ListItem","@id":"https:\/\/anoticiaonline.com.br\/site#listItem","name":"Home"}},{"@type":"ListItem","@id":"https:\/\/anoticiaonline.com.br\/site\/conferencia-da-cidade-acontece-nesta-quarta-feira\/#listItem","position":3,"name":"Confer\u00eancia da Cidade acontece nesta quarta-feira","previousItem":{"@type":"ListItem","@id":"https:\/\/anoticiaonline.com.br\/site\/categoria\/muriae\/#listItem","name":"Blog"}}]},{"@type":"Organization","@id":"https:\/\/anoticiaonline.com.br\/site\/#organization","name":"A Not\u00edcia Online","description":"Noticias de Muria\u00e9 e regi\u00e3o","url":"https:\/\/anoticiaonline.com.br\/site\/","logo":{"@type":"ImageObject","url":"https:\/\/scontent-gig4-1.xx.fbcdn.net\/v\/t39.30808-1\/270437624_4564083193639691_6907940295614233970_n.jpg?stp=dst-jpg_s200x200_tt6&_nc_cat=111&ccb=1-7&_nc_sid=f907e8&_nc_ohc=SM1wRlP3lJwQ7kNvwEPuBYA&_nc_oc=AdnqrjDN_BNjSSHWO-GbkIWH6fkGMLw4bqvL_NH6e2wMveX7G-rP2dAqsDSq1mJMOaY&_nc_zt=24&_nc_ht=scontent-gig4-1.xx&_nc_gid=AoBFJeGrT1hVaew_6rchkQ&oh=00_AfX7QmFGhQhG2jAllVgXCiM1ZrWgvtp80-Bfppyexh1QEg&oe=689E923C","@id":"https:\/\/anoticiaonline.com.br\/site\/conferencia-da-cidade-acontece-nesta-quarta-feira\/#organizationLogo"},"image":{"@id":"https:\/\/anoticiaonline.com.br\/site\/conferencia-da-cidade-acontece-nesta-quarta-feira\/#organizationLogo"}},{"@type":"Person","@id":"https:\/\/anoticiaonline.com.br\/site\/author\/juliana\/#author","url":"https:\/\/anoticiaonline.com.br\/site\/author\/juliana\/","name":"Juliana Laviola","image":{"@type":"ImageObject","@id":"https:\/\/anoticiaonline.com.br\/site\/conferencia-da-cidade-acontece-nesta-quarta-feira\/#authorImage","url":"https:\/\/secure.gravatar.com\/avatar\/b8d45f5c699b100dfaf0e543582f38f38bf94cb7ae3a5e9abf8d891a34773335?s=96&d=mm&r=g","width":96,"height":96,"caption":"Juliana Laviola"}},{"@type":"WebPage","@id":"https:\/\/anoticiaonline.com.br\/site\/conferencia-da-cidade-acontece-nesta-quarta-feira\/#webpage","url":"https:\/\/anoticiaonline.com.br\/site\/conferencia-da-cidade-acontece-nesta-quarta-feira\/","name":"Confer\u00eancia da Cidade acontece nesta quarta-feira - A Not\u00edcia Online","description":"Acontece, nesta quarta-feira (15), a II Confer\u00eancia Municipal da Cidade de Muria\u00e9. Com o tema \"A Fun\u00e7\u00e3o Social da Cidade e da Propriedade\", o evento ser\u00e1 realizado no Teatro Zaccaria Marques, em duas etapas: das 8h \u00e0s 11h e das 13h \u00e0s 17h. Pela manh\u00e3, logo ap\u00f3s o credenciamento dos participantes, ser\u00e1 feita a leitura","inLanguage":"pt-BR","isPartOf":{"@id":"https:\/\/anoticiaonline.com.br\/site\/#website"},"breadcrumb":{"@id":"https:\/\/anoticiaonline.com.br\/site\/conferencia-da-cidade-acontece-nesta-quarta-feira\/#breadcrumblist"},"author":{"@id":"https:\/\/anoticiaonline.com.br\/site\/author\/juliana\/#author"},"creator":{"@id":"https:\/\/anoticiaonline.com.br\/site\/author\/juliana\/#author"},"image":{"@type":"ImageObject","url":"https:\/\/anoticiaonline.com.br\/site\/wp-content\/uploads\/2016\/05\/A.jpg","@id":"https:\/\/anoticiaonline.com.br\/site\/conferencia-da-cidade-acontece-nesta-quarta-feira\/#mainImage","width":640,"height":360},"primaryImageOfPage":{"@id":"https:\/\/anoticiaonline.com.br\/site\/conferencia-da-cidade-acontece-nesta-quarta-feira\/#mainImage"},"datePublished":"2016-06-14T15:21:42-03:00","dateModified":"2016-06-14T15:21:42-03:00"},{"@type":"WebSite","@id":"https:\/\/anoticiaonline.com.br\/site\/#website","url":"https:\/\/anoticiaonline.com.br\/site\/","name":"A Not\u00edcia Online","description":"Noticias de Muria\u00e9 e regi\u00e3o","inLanguage":"pt-BR","publisher":{"@id":"https:\/\/anoticiaonline.com.br\/site\/#organization"}}]},"og:locale":"pt_BR","og:site_name":"A Not\u00edcia Online - Noticias de Muria\u00e9 e regi\u00e3o","og:type":"article","og:title":"Confer\u00eancia da Cidade acontece nesta quarta-feira - A Not\u00edcia Online","og:description":"Acontece, nesta quarta-feira (15), a II Confer\u00eancia Municipal da Cidade de Muria\u00e9. Com o tema &quot;A Fun\u00e7\u00e3o Social da Cidade e da Propriedade&quot;, o evento ser\u00e1 realizado no Teatro Zaccaria Marques, em duas etapas: das 8h \u00e0s 11h e das 13h \u00e0s 17h. Pela manh\u00e3, logo ap\u00f3s o credenciamento dos participantes, ser\u00e1 feita a leitura","og:url":"https:\/\/anoticiaonline.com.br\/site\/conferencia-da-cidade-acontece-nesta-quarta-feira\/","og:image":"https:\/\/scontent-gig4-1.xx.fbcdn.net\/v\/t39.30808-1\/270437624_4564083193639691_6907940295614233970_n.jpg?stp=dst-jpg_s200x200_tt6&#038;_nc_cat=111&#038;ccb=1-7&#038;_nc_sid=f907e8&#038;_nc_ohc=SM1wRlP3lJwQ7kNvwEPuBYA&#038;_nc_oc=AdnqrjDN_BNjSSHWO-GbkIWH6fkGMLw4bqvL_NH6e2wMveX7G-rP2dAqsDSq1mJMOaY&#038;_nc_zt=24&#038;_nc_ht=scontent-gig4-1.xx&#038;_nc_gid=AoBFJeGrT1hVaew_6rchkQ&#038;oh=00_AfX7QmFGhQhG2jAllVgXCiM1ZrWgvtp80-Bfppyexh1QEg&#038;oe=689E923C","og:image:secure_url":"https:\/\/scontent-gig4-1.xx.fbcdn.net\/v\/t39.30808-1\/270437624_4564083193639691_6907940295614233970_n.jpg?stp=dst-jpg_s200x200_tt6&#038;_nc_cat=111&#038;ccb=1-7&#038;_nc_sid=f907e8&#038;_nc_ohc=SM1wRlP3lJwQ7kNvwEPuBYA&#038;_nc_oc=AdnqrjDN_BNjSSHWO-GbkIWH6fkGMLw4bqvL_NH6e2wMveX7G-rP2dAqsDSq1mJMOaY&#038;_nc_zt=24&#038;_nc_ht=scontent-gig4-1.xx&#038;_nc_gid=AoBFJeGrT1hVaew_6rchkQ&#038;oh=00_AfX7QmFGhQhG2jAllVgXCiM1ZrWgvtp80-Bfppyexh1QEg&#038;oe=689E923C","article:published_time":"2016-06-14T18:21:42+00:00","article:modified_time":"2016-06-14T18:21:42+00:00","twitter:card":"summary_large_image","twitter:title":"Confer\u00eancia da Cidade acontece nesta quarta-feira - A Not\u00edcia Online","twitter:description":"Acontece, nesta quarta-feira (15), a II Confer\u00eancia Municipal da Cidade de Muria\u00e9. Com o tema &quot;A Fun\u00e7\u00e3o Social da Cidade e da Propriedade&quot;, o evento ser\u00e1 realizado no Teatro Zaccaria Marques, em duas etapas: das 8h \u00e0s 11h e das 13h \u00e0s 17h. Pela manh\u00e3, logo ap\u00f3s o credenciamento dos participantes, ser\u00e1 feita a leitura","twitter:image":"https:\/\/scontent-gig4-1.xx.fbcdn.net\/v\/t39.30808-1\/270437624_4564083193639691_6907940295614233970_n.jpg?stp=dst-jpg_s200x200_tt6&_nc_cat=111&ccb=1-7&_nc_sid=f907e8&_nc_ohc=SM1wRlP3lJwQ7kNvwEPuBYA&_nc_oc=AdnqrjDN_BNjSSHWO-GbkIWH6fkGMLw4bqvL_NH6e2wMveX7G-rP2dAqsDSq1mJMOaY&_nc_zt=24&_nc_ht=scontent-gig4-1.xx&_nc_gid=AoBFJeGrT1hVaew_6rchkQ&oh=00_AfX7QmFGhQhG2jAllVgXCiM1ZrWgvtp80-Bfppyexh1QEg&oe=689E923C"},"aioseo_meta_data":{"post_id":"14518","title":null,"description":null,"keywords":null,"keyphrases":null,"primary_term":null,"canonical_url":null,"og_title":null,"og_description":null,"og_object_type":"default","og_image_type":"default","og_image_url":null,"og_image_width":null,"og_image_height":null,"og_image_custom_url":null,"og_image_custom_fields":null,"og_video":null,"og_custom_url":null,"og_article_section":null,"og_article_tags":null,"twitter_use_og":false,"twitter_card":"default","twitter_image_type":"default","twitter_image_url":null,"twitter_image_custom_url":null,"twitter_image_custom_fields":null,"twitter_title":null,"twitter_description":null,"schema":{"blockGraphs":[],"customGraphs":[],"default":{"data":{"Article":[],"Course":[],"Dataset":[],"FAQPage":[],"Movie":[],"Person":[],"Product":[],"ProductReview":[],"Car":[],"Recipe":[],"Service":[],"SoftwareApplication":[],"WebPage":[]},"graphName":"","isEnabled":true},"graphs":[]},"schema_type":"default","schema_type_options":null,"pillar_content":false,"robots_default":true,"robots_noindex":false,"robots_noarchive":false,"robots_nosnippet":false,"robots_nofollow":false,"robots_noimageindex":false,"robots_noodp":false,"robots_notranslate":false,"robots_max_snippet":null,"robots_max_videopreview":null,"robots_max_imagepreview":"large","priority":null,"frequency":null,"local_seo":null,"breadcrumb_settings":null,"limit_modified_date":false,"ai":null,"created":"2025-08-16 16:10:30","updated":"2025-08-16 16:10:30","focus_keyword":null,"additional_keywords":null,"truseo_locale":null,"seo_analyzer_scan_date":null},"aioseo_breadcrumb":"<div class=\"aioseo-breadcrumbs\"><span class=\"aioseo-breadcrumb\">\n\t\t\t<a href=\"https:\/\/anoticiaonline.com.br\/site\" title=\"Home\">Home<\/a>\n\t\t<\/span><span class=\"aioseo-breadcrumb-separator\">&raquo;<\/span><span class=\"aioseo-breadcrumb\">\n\t\t\t<a href=\"https:\/\/anoticiaonline.com.br\/site\/categoria\/muriae\/\" title=\"Blog\">Blog<\/a>\n\t\t<\/span><span class=\"aioseo-breadcrumb-separator\">&raquo;<\/span><span class=\"aioseo-breadcrumb\">\n\t\t\tConfer\u00eancia da Cidade acontece nesta quarta-feira\n\t\t<\/span><\/div>","aioseo_breadcrumb_json":[{"label":"Home","link":"https:\/\/anoticiaonline.com.br\/site"},{"label":"Blog","link":"https:\/\/anoticiaonline.com.br\/site\/categoria\/muriae\/"},{"label":"Confer\u00eancia da Cidade acontece nesta quarta-feira","link":"https:\/\/anoticiaonline.com.br\/site\/conferencia-da-cidade-acontece-nesta-quarta-feira\/"}],"views":118,"_links":{"self":[{"href":"https:\/\/anoticiaonline.com.br\/site\/wp-json\/wp\/v2\/posts\/14518","targetHints":{"allow":["GET"]}}],"collection":[{"href":"https:\/\/anoticiaonline.com.br\/site\/wp-json\/wp\/v2\/posts"}],"about":[{"href":"https:\/\/anoticiaonline.com.br\/site\/wp-json\/wp\/v2\/types\/post"}],"author":[{"embeddable":true,"href":"https:\/\/anoticiaonline.com.br\/site\/wp-json\/wp\/v2\/users\/2"}],"replies":[{"embeddable":true,"href":"https:\/\/anoticiaonline.com.br\/site\/wp-json\/wp\/v2\/comments?post=14518"}],"version-history":[{"count":0,"href":"https:\/\/anoticiaonline.com.br\/site\/wp-json\/wp\/v2\/posts\/14518\/revisions"}],"wp:featuredmedia":[{"embeddable":true,"href":"https:\/\/anoticiaonline.com.br\/site\/wp-json\/wp\/v2\/media\/13527"}],"wp:attachment":[{"href":"https:\/\/anoticiaonline.com.br\/site\/wp-json\/wp\/v2\/media?parent=14518"}],"wp:term":[{"taxonomy":"category","embeddable":true,"href":"https:\/\/anoticiaonline.com.br\/site\/wp-json\/wp\/v2\/categories?post=14518"},{"taxonomy":"post_tag","embeddable":true,"href":"https:\/\/anoticiaonline.com.br\/site\/wp-json\/wp\/v2\/tags?post=14518"}],"curies":[{"name":"wp","href":"https:\/\/api.w.org\/{rel}","templated":true}]}}