{"id":14427,"date":"2016-06-08T10:00:38","date_gmt":"2016-06-08T13:00:38","guid":{"rendered":"http:\/\/anoticiaonline.com.br\/site\/?p=14427"},"modified":"2016-06-08T10:00:38","modified_gmt":"2016-06-08T13:00:38","slug":"diretora-da-fundarte-participa-do-projeto-aqui-tem-feira-em-bh","status":"publish","type":"post","link":"https:\/\/anoticiaonline.com.br\/site\/diretora-da-fundarte-participa-do-projeto-aqui-tem-feira-em-bh\/","title":{"rendered":"Diretora da Fundarte participa do projeto &#8220;Aqui tem Feira&#8221;, em BH"},"content":{"rendered":"<p><a href=\"https:\/\/anoticiaonline.com.br\/site\/wp-content\/uploads\/2016\/06\/Diretora-da-Fundarte-participa-do-projeto-Aqui-tem-Feira-em-BH.jpg\"><img fetchpriority=\"high\" decoding=\"async\" class=\" size-medium wp-image-14428 alignleft\" src=\"https:\/\/anoticiaonline.com.br\/site\/wp-content\/uploads\/2016\/06\/Diretora-da-Fundarte-participa-do-projeto-Aqui-tem-Feira-em-BH-257x300.jpg\" alt=\"Diretora da Fundarte participa do projeto Aqui tem Feira, em BH\" width=\"257\" height=\"300\" srcset=\"https:\/\/anoticiaonline.com.br\/site\/wp-content\/uploads\/2016\/06\/Diretora-da-Fundarte-participa-do-projeto-Aqui-tem-Feira-em-BH-257x300.jpg 257w, https:\/\/anoticiaonline.com.br\/site\/wp-content\/uploads\/2016\/06\/Diretora-da-Fundarte-participa-do-projeto-Aqui-tem-Feira-em-BH.jpg 549w\" sizes=\"(max-width: 257px) 100vw, 257px\" \/><\/a>A diretora geral da Fundarte, Gilca Napier, logo ap\u00f3s o encerramento da sexta edi\u00e7\u00e3o do Festival de Gastronomia na Serra de Pirapanema, seguiu para Belo Horizonte, onde participou de um evento promovido pela Secretaria Estadual de Desenvolvimento Agr\u00e1rio, para assinar os documentos da entrega das tendas do projeto &#8220;Aqui tem Feira&#8221;, que foram utilizadas pela primeira vez no festival.<\/p>\n<p>As tendas do projeto ser\u00e3o utilizadas nas outras festas dos distritos de Muria\u00e9 onde se trabalha com produ\u00e7\u00e3o de alimentos e artesanatos.<\/p>\n","protected":false},"excerpt":{"rendered":"<p>A diretora geral da Fundarte, Gilca Napier, logo ap\u00f3s o encerramento da sexta edi\u00e7\u00e3o do Festival de Gastronomia na Serra de Pirapanema, seguiu para Belo Horizonte, onde participou de um evento promovido pela Secretaria Estadual de Desenvolvimento Agr\u00e1rio, para assinar os documentos da entrega das tendas do projeto &#8220;Aqui tem Feira&#8221;, que foram utilizadas pela &#8230; <a title=\"Diretora da Fundarte participa do projeto &#8220;Aqui tem Feira&#8221;, em BH\" class=\"read-more\" href=\"https:\/\/anoticiaonline.com.br\/site\/diretora-da-fundarte-participa-do-projeto-aqui-tem-feira-em-bh\/\" aria-label=\"Read more about Diretora da Fundarte participa do projeto &#8220;Aqui tem Feira&#8221;, em BH\">Ler mais<\/a><\/p>\n","protected":false},"author":2,"featured_media":14428,"comment_status":"open","ping_status":"open","sticky":false,"template":"","format":"standard","meta":{"_acf_changed":false,"_monsterinsights_skip_tracking":false,"footnotes":""},"categories":[30],"tags":[3],"class_list":["post-14427","post","type-post","status-publish","format-standard","has-post-thumbnail","hentry","category-muriae","tag-slide"],"acf":[],"aioseo_notices":[],"aioseo_head":"\n\t\t<!-- All in One SEO 5.0.0.1 - aioseo.com -->\n\t<meta name=\"description\" content=\"A diretora geral da Fundarte, Gilca Napier, logo ap\u00f3s o encerramento da sexta edi\u00e7\u00e3o do Festival de Gastronomia na Serra de Pirapanema, seguiu para Belo Horizonte, onde participou de um evento promovido pela Secretaria Estadual de Desenvolvimento Agr\u00e1rio, para assinar os documentos da entrega das tendas do projeto &quot;Aqui tem Feira&quot;, que foram utilizadas pela\" \/>\n\t<meta name=\"robots\" content=\"max-image-preview:large\" \/>\n\t<meta name=\"author\" content=\"Juliana Laviola\"\/>\n\t<link rel=\"canonical\" href=\"https:\/\/anoticiaonline.com.br\/site\/diretora-da-fundarte-participa-do-projeto-aqui-tem-feira-em-bh\/\" \/>\n\t<meta name=\"generator\" content=\"All in One SEO (AIOSEO) 5.0.0.1\" \/>\n\t\t<meta property=\"og:locale\" content=\"pt_BR\" \/>\n\t\t<meta property=\"og:site_name\" content=\"A Not\u00edcia Online - Noticias de Muria\u00e9 e regi\u00e3o\" \/>\n\t\t<meta property=\"og:type\" content=\"article\" \/>\n\t\t<meta property=\"og:title\" content=\"Diretora da Fundarte participa do projeto \u201cAqui tem Feira\u201d, em BH - A Not\u00edcia Online\" \/>\n\t\t<meta property=\"og:description\" content=\"A diretora geral da Fundarte, Gilca Napier, logo ap\u00f3s o encerramento da sexta edi\u00e7\u00e3o do Festival de Gastronomia na Serra de Pirapanema, seguiu para Belo Horizonte, onde participou de um evento promovido pela Secretaria Estadual de Desenvolvimento Agr\u00e1rio, para assinar os documentos da entrega das tendas do projeto &quot;Aqui tem Feira&quot;, que foram utilizadas pela\" \/>\n\t\t<meta property=\"og:url\" content=\"https:\/\/anoticiaonline.com.br\/site\/diretora-da-fundarte-participa-do-projeto-aqui-tem-feira-em-bh\/\" \/>\n\t\t<meta property=\"og:image\" content=\"https:\/\/scontent-gig4-1.xx.fbcdn.net\/v\/t39.30808-1\/270437624_4564083193639691_6907940295614233970_n.jpg?stp=dst-jpg_s200x200_tt6&#038;_nc_cat=111&#038;ccb=1-7&#038;_nc_sid=f907e8&#038;_nc_ohc=SM1wRlP3lJwQ7kNvwEPuBYA&#038;_nc_oc=AdnqrjDN_BNjSSHWO-GbkIWH6fkGMLw4bqvL_NH6e2wMveX7G-rP2dAqsDSq1mJMOaY&#038;_nc_zt=24&#038;_nc_ht=scontent-gig4-1.xx&#038;_nc_gid=AoBFJeGrT1hVaew_6rchkQ&#038;oh=00_AfX7QmFGhQhG2jAllVgXCiM1ZrWgvtp80-Bfppyexh1QEg&#038;oe=689E923C\" \/>\n\t\t<meta property=\"og:image:secure_url\" content=\"https:\/\/scontent-gig4-1.xx.fbcdn.net\/v\/t39.30808-1\/270437624_4564083193639691_6907940295614233970_n.jpg?stp=dst-jpg_s200x200_tt6&#038;_nc_cat=111&#038;ccb=1-7&#038;_nc_sid=f907e8&#038;_nc_ohc=SM1wRlP3lJwQ7kNvwEPuBYA&#038;_nc_oc=AdnqrjDN_BNjSSHWO-GbkIWH6fkGMLw4bqvL_NH6e2wMveX7G-rP2dAqsDSq1mJMOaY&#038;_nc_zt=24&#038;_nc_ht=scontent-gig4-1.xx&#038;_nc_gid=AoBFJeGrT1hVaew_6rchkQ&#038;oh=00_AfX7QmFGhQhG2jAllVgXCiM1ZrWgvtp80-Bfppyexh1QEg&#038;oe=689E923C\" \/>\n\t\t<meta property=\"article:published_time\" content=\"2016-06-08T13:00:38+00:00\" \/>\n\t\t<meta property=\"article:modified_time\" content=\"2016-06-08T13:00:38+00:00\" \/>\n\t\t<meta name=\"twitter:card\" content=\"summary_large_image\" \/>\n\t\t<meta name=\"twitter:title\" content=\"Diretora da Fundarte participa do projeto \u201cAqui tem Feira\u201d, em BH - A Not\u00edcia Online\" \/>\n\t\t<meta name=\"twitter:description\" content=\"A diretora geral da Fundarte, Gilca Napier, logo ap\u00f3s o encerramento da sexta edi\u00e7\u00e3o do Festival de Gastronomia na Serra de Pirapanema, seguiu para Belo Horizonte, onde participou de um evento promovido pela Secretaria Estadual de Desenvolvimento Agr\u00e1rio, para assinar os documentos da entrega das tendas do projeto &quot;Aqui tem Feira&quot;, que foram utilizadas pela\" \/>\n\t\t<meta name=\"twitter:image\" content=\"https:\/\/scontent-gig4-1.xx.fbcdn.net\/v\/t39.30808-1\/270437624_4564083193639691_6907940295614233970_n.jpg?stp=dst-jpg_s200x200_tt6&amp;_nc_cat=111&amp;ccb=1-7&amp;_nc_sid=f907e8&amp;_nc_ohc=SM1wRlP3lJwQ7kNvwEPuBYA&amp;_nc_oc=AdnqrjDN_BNjSSHWO-GbkIWH6fkGMLw4bqvL_NH6e2wMveX7G-rP2dAqsDSq1mJMOaY&amp;_nc_zt=24&amp;_nc_ht=scontent-gig4-1.xx&amp;_nc_gid=AoBFJeGrT1hVaew_6rchkQ&amp;oh=00_AfX7QmFGhQhG2jAllVgXCiM1ZrWgvtp80-Bfppyexh1QEg&amp;oe=689E923C\" \/>\n\t\t<script type=\"application\/ld+json\" class=\"aioseo-schema\">\n\t\t\t{\"@context\":\"https:\\\/\\\/schema.org\",\"@graph\":[{\"@type\":\"BlogPosting\",\"@id\":\"https:\\\/\\\/anoticiaonline.com.br\\\/site\\\/diretora-da-fundarte-participa-do-projeto-aqui-tem-feira-em-bh\\\/#blogposting\",\"name\":\"Diretora da Fundarte participa do projeto \\u201cAqui tem Feira\\u201d, em BH - A Not\\u00edcia Online\",\"headline\":\"Diretora da Fundarte participa do projeto &#8220;Aqui tem Feira&#8221;, em BH\",\"author\":{\"@id\":\"https:\\\/\\\/anoticiaonline.com.br\\\/site\\\/author\\\/juliana\\\/#author\"},\"publisher\":{\"@id\":\"https:\\\/\\\/anoticiaonline.com.br\\\/site\\\/#organization\"},\"image\":{\"@type\":\"ImageObject\",\"url\":\"https:\\\/\\\/anoticiaonline.com.br\\\/site\\\/wp-content\\\/uploads\\\/2016\\\/06\\\/Diretora-da-Fundarte-participa-do-projeto-Aqui-tem-Feira-em-BH.jpg\",\"width\":549,\"height\":640},\"datePublished\":\"2016-06-08T10:00:38-03:00\",\"dateModified\":\"2016-06-08T10:00:38-03:00\",\"inLanguage\":\"pt-BR\",\"mainEntityOfPage\":{\"@id\":\"https:\\\/\\\/anoticiaonline.com.br\\\/site\\\/diretora-da-fundarte-participa-do-projeto-aqui-tem-feira-em-bh\\\/#webpage\"},\"isPartOf\":{\"@id\":\"https:\\\/\\\/anoticiaonline.com.br\\\/site\\\/diretora-da-fundarte-participa-do-projeto-aqui-tem-feira-em-bh\\\/#webpage\"},\"articleSection\":\"Blog, slide\"},{\"@type\":\"BreadcrumbList\",\"@id\":\"https:\\\/\\\/anoticiaonline.com.br\\\/site\\\/diretora-da-fundarte-participa-do-projeto-aqui-tem-feira-em-bh\\\/#breadcrumblist\",\"itemListElement\":[{\"@type\":\"ListItem\",\"@id\":\"https:\\\/\\\/anoticiaonline.com.br\\\/site#listItem\",\"position\":1,\"name\":\"Home\",\"item\":\"https:\\\/\\\/anoticiaonline.com.br\\\/site\",\"nextItem\":{\"@type\":\"ListItem\",\"@id\":\"https:\\\/\\\/anoticiaonline.com.br\\\/site\\\/categoria\\\/muriae\\\/#listItem\",\"name\":\"Blog\"}},{\"@type\":\"ListItem\",\"@id\":\"https:\\\/\\\/anoticiaonline.com.br\\\/site\\\/categoria\\\/muriae\\\/#listItem\",\"position\":2,\"name\":\"Blog\",\"item\":\"https:\\\/\\\/anoticiaonline.com.br\\\/site\\\/categoria\\\/muriae\\\/\",\"nextItem\":{\"@type\":\"ListItem\",\"@id\":\"https:\\\/\\\/anoticiaonline.com.br\\\/site\\\/diretora-da-fundarte-participa-do-projeto-aqui-tem-feira-em-bh\\\/#listItem\",\"name\":\"Diretora da Fundarte participa do projeto &#8220;Aqui tem Feira&#8221;, em BH\"},\"previousItem\":{\"@type\":\"ListItem\",\"@id\":\"https:\\\/\\\/anoticiaonline.com.br\\\/site#listItem\",\"name\":\"Home\"}},{\"@type\":\"ListItem\",\"@id\":\"https:\\\/\\\/anoticiaonline.com.br\\\/site\\\/diretora-da-fundarte-participa-do-projeto-aqui-tem-feira-em-bh\\\/#listItem\",\"position\":3,\"name\":\"Diretora da Fundarte participa do projeto &#8220;Aqui tem Feira&#8221;, em BH\",\"previousItem\":{\"@type\":\"ListItem\",\"@id\":\"https:\\\/\\\/anoticiaonline.com.br\\\/site\\\/categoria\\\/muriae\\\/#listItem\",\"name\":\"Blog\"}}]},{\"@type\":\"Organization\",\"@id\":\"https:\\\/\\\/anoticiaonline.com.br\\\/site\\\/#organization\",\"name\":\"A Not\\u00edcia Online\",\"description\":\"Noticias de Muria\\u00e9 e regi\\u00e3o\",\"url\":\"https:\\\/\\\/anoticiaonline.com.br\\\/site\\\/\",\"logo\":{\"@type\":\"ImageObject\",\"url\":\"https:\\\/\\\/scontent-gig4-1.xx.fbcdn.net\\\/v\\\/t39.30808-1\\\/270437624_4564083193639691_6907940295614233970_n.jpg?stp=dst-jpg_s200x200_tt6&_nc_cat=111&ccb=1-7&_nc_sid=f907e8&_nc_ohc=SM1wRlP3lJwQ7kNvwEPuBYA&_nc_oc=AdnqrjDN_BNjSSHWO-GbkIWH6fkGMLw4bqvL_NH6e2wMveX7G-rP2dAqsDSq1mJMOaY&_nc_zt=24&_nc_ht=scontent-gig4-1.xx&_nc_gid=AoBFJeGrT1hVaew_6rchkQ&oh=00_AfX7QmFGhQhG2jAllVgXCiM1ZrWgvtp80-Bfppyexh1QEg&oe=689E923C\",\"@id\":\"https:\\\/\\\/anoticiaonline.com.br\\\/site\\\/diretora-da-fundarte-participa-do-projeto-aqui-tem-feira-em-bh\\\/#organizationLogo\"},\"image\":{\"@id\":\"https:\\\/\\\/anoticiaonline.com.br\\\/site\\\/diretora-da-fundarte-participa-do-projeto-aqui-tem-feira-em-bh\\\/#organizationLogo\"}},{\"@type\":\"Person\",\"@id\":\"https:\\\/\\\/anoticiaonline.com.br\\\/site\\\/author\\\/juliana\\\/#author\",\"url\":\"https:\\\/\\\/anoticiaonline.com.br\\\/site\\\/author\\\/juliana\\\/\",\"name\":\"Juliana Laviola\",\"image\":{\"@type\":\"ImageObject\",\"@id\":\"https:\\\/\\\/anoticiaonline.com.br\\\/site\\\/diretora-da-fundarte-participa-do-projeto-aqui-tem-feira-em-bh\\\/#authorImage\",\"url\":\"https:\\\/\\\/secure.gravatar.com\\\/avatar\\\/b8d45f5c699b100dfaf0e543582f38f38bf94cb7ae3a5e9abf8d891a34773335?s=96&d=mm&r=g\",\"width\":96,\"height\":96,\"caption\":\"Juliana Laviola\"}},{\"@type\":\"WebPage\",\"@id\":\"https:\\\/\\\/anoticiaonline.com.br\\\/site\\\/diretora-da-fundarte-participa-do-projeto-aqui-tem-feira-em-bh\\\/#webpage\",\"url\":\"https:\\\/\\\/anoticiaonline.com.br\\\/site\\\/diretora-da-fundarte-participa-do-projeto-aqui-tem-feira-em-bh\\\/\",\"name\":\"Diretora da Fundarte participa do projeto \\u201cAqui tem Feira\\u201d, em BH - A Not\\u00edcia Online\",\"description\":\"A diretora geral da Fundarte, Gilca Napier, logo ap\\u00f3s o encerramento da sexta edi\\u00e7\\u00e3o do Festival de Gastronomia na Serra de Pirapanema, seguiu para Belo Horizonte, onde participou de um evento promovido pela Secretaria Estadual de Desenvolvimento Agr\\u00e1rio, para assinar os documentos da entrega das tendas do projeto \\\"Aqui tem Feira\\\", que foram utilizadas pela\",\"inLanguage\":\"pt-BR\",\"isPartOf\":{\"@id\":\"https:\\\/\\\/anoticiaonline.com.br\\\/site\\\/#website\"},\"breadcrumb\":{\"@id\":\"https:\\\/\\\/anoticiaonline.com.br\\\/site\\\/diretora-da-fundarte-participa-do-projeto-aqui-tem-feira-em-bh\\\/#breadcrumblist\"},\"author\":{\"@id\":\"https:\\\/\\\/anoticiaonline.com.br\\\/site\\\/author\\\/juliana\\\/#author\"},\"creator\":{\"@id\":\"https:\\\/\\\/anoticiaonline.com.br\\\/site\\\/author\\\/juliana\\\/#author\"},\"image\":{\"@type\":\"ImageObject\",\"url\":\"https:\\\/\\\/anoticiaonline.com.br\\\/site\\\/wp-content\\\/uploads\\\/2016\\\/06\\\/Diretora-da-Fundarte-participa-do-projeto-Aqui-tem-Feira-em-BH.jpg\",\"@id\":\"https:\\\/\\\/anoticiaonline.com.br\\\/site\\\/diretora-da-fundarte-participa-do-projeto-aqui-tem-feira-em-bh\\\/#mainImage\",\"width\":549,\"height\":640},\"primaryImageOfPage\":{\"@id\":\"https:\\\/\\\/anoticiaonline.com.br\\\/site\\\/diretora-da-fundarte-participa-do-projeto-aqui-tem-feira-em-bh\\\/#mainImage\"},\"datePublished\":\"2016-06-08T10:00:38-03:00\",\"dateModified\":\"2016-06-08T10:00:38-03:00\"},{\"@type\":\"WebSite\",\"@id\":\"https:\\\/\\\/anoticiaonline.com.br\\\/site\\\/#website\",\"url\":\"https:\\\/\\\/anoticiaonline.com.br\\\/site\\\/\",\"name\":\"A Not\\u00edcia Online\",\"description\":\"Noticias de Muria\\u00e9 e regi\\u00e3o\",\"inLanguage\":\"pt-BR\",\"publisher\":{\"@id\":\"https:\\\/\\\/anoticiaonline.com.br\\\/site\\\/#organization\"}}]}\n\t\t<\/script>\n\t\t<!-- All in One SEO -->\n\n","aioseo_head_json":{"title":"Diretora da Fundarte participa do projeto \u201cAqui tem Feira\u201d, em BH - A Not\u00edcia Online","description":"A diretora geral da Fundarte, Gilca Napier, logo ap\u00f3s o encerramento da sexta edi\u00e7\u00e3o do Festival de Gastronomia na Serra de Pirapanema, seguiu para Belo Horizonte, onde participou de um evento promovido pela Secretaria Estadual de Desenvolvimento Agr\u00e1rio, para assinar os documentos da entrega das tendas do projeto \"Aqui tem Feira\", que foram utilizadas pela","canonical_url":"https:\/\/anoticiaonline.com.br\/site\/diretora-da-fundarte-participa-do-projeto-aqui-tem-feira-em-bh\/","robots":"max-image-preview:large","keywords":"","webmasterTools":{"miscellaneous":""},"schema":{"@context":"https:\/\/schema.org","@graph":[{"@type":"BlogPosting","@id":"https:\/\/anoticiaonline.com.br\/site\/diretora-da-fundarte-participa-do-projeto-aqui-tem-feira-em-bh\/#blogposting","name":"Diretora da Fundarte participa do projeto \u201cAqui tem Feira\u201d, em BH - A Not\u00edcia Online","headline":"Diretora da Fundarte participa do projeto &#8220;Aqui tem Feira&#8221;, em BH","author":{"@id":"https:\/\/anoticiaonline.com.br\/site\/author\/juliana\/#author"},"publisher":{"@id":"https:\/\/anoticiaonline.com.br\/site\/#organization"},"image":{"@type":"ImageObject","url":"https:\/\/anoticiaonline.com.br\/site\/wp-content\/uploads\/2016\/06\/Diretora-da-Fundarte-participa-do-projeto-Aqui-tem-Feira-em-BH.jpg","width":549,"height":640},"datePublished":"2016-06-08T10:00:38-03:00","dateModified":"2016-06-08T10:00:38-03:00","inLanguage":"pt-BR","mainEntityOfPage":{"@id":"https:\/\/anoticiaonline.com.br\/site\/diretora-da-fundarte-participa-do-projeto-aqui-tem-feira-em-bh\/#webpage"},"isPartOf":{"@id":"https:\/\/anoticiaonline.com.br\/site\/diretora-da-fundarte-participa-do-projeto-aqui-tem-feira-em-bh\/#webpage"},"articleSection":"Blog, slide"},{"@type":"BreadcrumbList","@id":"https:\/\/anoticiaonline.com.br\/site\/diretora-da-fundarte-participa-do-projeto-aqui-tem-feira-em-bh\/#breadcrumblist","itemListElement":[{"@type":"ListItem","@id":"https:\/\/anoticiaonline.com.br\/site#listItem","position":1,"name":"Home","item":"https:\/\/anoticiaonline.com.br\/site","nextItem":{"@type":"ListItem","@id":"https:\/\/anoticiaonline.com.br\/site\/categoria\/muriae\/#listItem","name":"Blog"}},{"@type":"ListItem","@id":"https:\/\/anoticiaonline.com.br\/site\/categoria\/muriae\/#listItem","position":2,"name":"Blog","item":"https:\/\/anoticiaonline.com.br\/site\/categoria\/muriae\/","nextItem":{"@type":"ListItem","@id":"https:\/\/anoticiaonline.com.br\/site\/diretora-da-fundarte-participa-do-projeto-aqui-tem-feira-em-bh\/#listItem","name":"Diretora da Fundarte participa do projeto &#8220;Aqui tem Feira&#8221;, em BH"},"previousItem":{"@type":"ListItem","@id":"https:\/\/anoticiaonline.com.br\/site#listItem","name":"Home"}},{"@type":"ListItem","@id":"https:\/\/anoticiaonline.com.br\/site\/diretora-da-fundarte-participa-do-projeto-aqui-tem-feira-em-bh\/#listItem","position":3,"name":"Diretora da Fundarte participa do projeto &#8220;Aqui tem Feira&#8221;, em BH","previousItem":{"@type":"ListItem","@id":"https:\/\/anoticiaonline.com.br\/site\/categoria\/muriae\/#listItem","name":"Blog"}}]},{"@type":"Organization","@id":"https:\/\/anoticiaonline.com.br\/site\/#organization","name":"A Not\u00edcia Online","description":"Noticias de Muria\u00e9 e regi\u00e3o","url":"https:\/\/anoticiaonline.com.br\/site\/","logo":{"@type":"ImageObject","url":"https:\/\/scontent-gig4-1.xx.fbcdn.net\/v\/t39.30808-1\/270437624_4564083193639691_6907940295614233970_n.jpg?stp=dst-jpg_s200x200_tt6&_nc_cat=111&ccb=1-7&_nc_sid=f907e8&_nc_ohc=SM1wRlP3lJwQ7kNvwEPuBYA&_nc_oc=AdnqrjDN_BNjSSHWO-GbkIWH6fkGMLw4bqvL_NH6e2wMveX7G-rP2dAqsDSq1mJMOaY&_nc_zt=24&_nc_ht=scontent-gig4-1.xx&_nc_gid=AoBFJeGrT1hVaew_6rchkQ&oh=00_AfX7QmFGhQhG2jAllVgXCiM1ZrWgvtp80-Bfppyexh1QEg&oe=689E923C","@id":"https:\/\/anoticiaonline.com.br\/site\/diretora-da-fundarte-participa-do-projeto-aqui-tem-feira-em-bh\/#organizationLogo"},"image":{"@id":"https:\/\/anoticiaonline.com.br\/site\/diretora-da-fundarte-participa-do-projeto-aqui-tem-feira-em-bh\/#organizationLogo"}},{"@type":"Person","@id":"https:\/\/anoticiaonline.com.br\/site\/author\/juliana\/#author","url":"https:\/\/anoticiaonline.com.br\/site\/author\/juliana\/","name":"Juliana Laviola","image":{"@type":"ImageObject","@id":"https:\/\/anoticiaonline.com.br\/site\/diretora-da-fundarte-participa-do-projeto-aqui-tem-feira-em-bh\/#authorImage","url":"https:\/\/secure.gravatar.com\/avatar\/b8d45f5c699b100dfaf0e543582f38f38bf94cb7ae3a5e9abf8d891a34773335?s=96&d=mm&r=g","width":96,"height":96,"caption":"Juliana Laviola"}},{"@type":"WebPage","@id":"https:\/\/anoticiaonline.com.br\/site\/diretora-da-fundarte-participa-do-projeto-aqui-tem-feira-em-bh\/#webpage","url":"https:\/\/anoticiaonline.com.br\/site\/diretora-da-fundarte-participa-do-projeto-aqui-tem-feira-em-bh\/","name":"Diretora da Fundarte participa do projeto \u201cAqui tem Feira\u201d, em BH - A Not\u00edcia Online","description":"A diretora geral da Fundarte, Gilca Napier, logo ap\u00f3s o encerramento da sexta edi\u00e7\u00e3o do Festival de Gastronomia na Serra de Pirapanema, seguiu para Belo Horizonte, onde participou de um evento promovido pela Secretaria Estadual de Desenvolvimento Agr\u00e1rio, para assinar os documentos da entrega das tendas do projeto \"Aqui tem Feira\", que foram utilizadas pela","inLanguage":"pt-BR","isPartOf":{"@id":"https:\/\/anoticiaonline.com.br\/site\/#website"},"breadcrumb":{"@id":"https:\/\/anoticiaonline.com.br\/site\/diretora-da-fundarte-participa-do-projeto-aqui-tem-feira-em-bh\/#breadcrumblist"},"author":{"@id":"https:\/\/anoticiaonline.com.br\/site\/author\/juliana\/#author"},"creator":{"@id":"https:\/\/anoticiaonline.com.br\/site\/author\/juliana\/#author"},"image":{"@type":"ImageObject","url":"https:\/\/anoticiaonline.com.br\/site\/wp-content\/uploads\/2016\/06\/Diretora-da-Fundarte-participa-do-projeto-Aqui-tem-Feira-em-BH.jpg","@id":"https:\/\/anoticiaonline.com.br\/site\/diretora-da-fundarte-participa-do-projeto-aqui-tem-feira-em-bh\/#mainImage","width":549,"height":640},"primaryImageOfPage":{"@id":"https:\/\/anoticiaonline.com.br\/site\/diretora-da-fundarte-participa-do-projeto-aqui-tem-feira-em-bh\/#mainImage"},"datePublished":"2016-06-08T10:00:38-03:00","dateModified":"2016-06-08T10:00:38-03:00"},{"@type":"WebSite","@id":"https:\/\/anoticiaonline.com.br\/site\/#website","url":"https:\/\/anoticiaonline.com.br\/site\/","name":"A Not\u00edcia Online","description":"Noticias de Muria\u00e9 e regi\u00e3o","inLanguage":"pt-BR","publisher":{"@id":"https:\/\/anoticiaonline.com.br\/site\/#organization"}}]},"og:locale":"pt_BR","og:site_name":"A Not\u00edcia Online - Noticias de Muria\u00e9 e regi\u00e3o","og:type":"article","og:title":"Diretora da Fundarte participa do projeto \u201cAqui tem Feira\u201d, em BH - A Not\u00edcia Online","og:description":"A diretora geral da Fundarte, Gilca Napier, logo ap\u00f3s o encerramento da sexta edi\u00e7\u00e3o do Festival de Gastronomia na Serra de Pirapanema, seguiu para Belo Horizonte, onde participou de um evento promovido pela Secretaria Estadual de Desenvolvimento Agr\u00e1rio, para assinar os documentos da entrega das tendas do projeto &quot;Aqui tem Feira&quot;, que foram utilizadas pela","og:url":"https:\/\/anoticiaonline.com.br\/site\/diretora-da-fundarte-participa-do-projeto-aqui-tem-feira-em-bh\/","og:image":"https:\/\/scontent-gig4-1.xx.fbcdn.net\/v\/t39.30808-1\/270437624_4564083193639691_6907940295614233970_n.jpg?stp=dst-jpg_s200x200_tt6&#038;_nc_cat=111&#038;ccb=1-7&#038;_nc_sid=f907e8&#038;_nc_ohc=SM1wRlP3lJwQ7kNvwEPuBYA&#038;_nc_oc=AdnqrjDN_BNjSSHWO-GbkIWH6fkGMLw4bqvL_NH6e2wMveX7G-rP2dAqsDSq1mJMOaY&#038;_nc_zt=24&#038;_nc_ht=scontent-gig4-1.xx&#038;_nc_gid=AoBFJeGrT1hVaew_6rchkQ&#038;oh=00_AfX7QmFGhQhG2jAllVgXCiM1ZrWgvtp80-Bfppyexh1QEg&#038;oe=689E923C","og:image:secure_url":"https:\/\/scontent-gig4-1.xx.fbcdn.net\/v\/t39.30808-1\/270437624_4564083193639691_6907940295614233970_n.jpg?stp=dst-jpg_s200x200_tt6&#038;_nc_cat=111&#038;ccb=1-7&#038;_nc_sid=f907e8&#038;_nc_ohc=SM1wRlP3lJwQ7kNvwEPuBYA&#038;_nc_oc=AdnqrjDN_BNjSSHWO-GbkIWH6fkGMLw4bqvL_NH6e2wMveX7G-rP2dAqsDSq1mJMOaY&#038;_nc_zt=24&#038;_nc_ht=scontent-gig4-1.xx&#038;_nc_gid=AoBFJeGrT1hVaew_6rchkQ&#038;oh=00_AfX7QmFGhQhG2jAllVgXCiM1ZrWgvtp80-Bfppyexh1QEg&#038;oe=689E923C","article:published_time":"2016-06-08T13:00:38+00:00","article:modified_time":"2016-06-08T13:00:38+00:00","twitter:card":"summary_large_image","twitter:title":"Diretora da Fundarte participa do projeto \u201cAqui tem Feira\u201d, em BH - A Not\u00edcia Online","twitter:description":"A diretora geral da Fundarte, Gilca Napier, logo ap\u00f3s o encerramento da sexta edi\u00e7\u00e3o do Festival de Gastronomia na Serra de Pirapanema, seguiu para Belo Horizonte, onde participou de um evento promovido pela Secretaria Estadual de Desenvolvimento Agr\u00e1rio, para assinar os documentos da entrega das tendas do projeto &quot;Aqui tem Feira&quot;, que foram utilizadas pela","twitter:image":"https:\/\/scontent-gig4-1.xx.fbcdn.net\/v\/t39.30808-1\/270437624_4564083193639691_6907940295614233970_n.jpg?stp=dst-jpg_s200x200_tt6&_nc_cat=111&ccb=1-7&_nc_sid=f907e8&_nc_ohc=SM1wRlP3lJwQ7kNvwEPuBYA&_nc_oc=AdnqrjDN_BNjSSHWO-GbkIWH6fkGMLw4bqvL_NH6e2wMveX7G-rP2dAqsDSq1mJMOaY&_nc_zt=24&_nc_ht=scontent-gig4-1.xx&_nc_gid=AoBFJeGrT1hVaew_6rchkQ&oh=00_AfX7QmFGhQhG2jAllVgXCiM1ZrWgvtp80-Bfppyexh1QEg&oe=689E923C"},"aioseo_meta_data":{"post_id":"14427","title":null,"description":null,"keywords":null,"keyphrases":null,"primary_term":null,"canonical_url":null,"og_title":null,"og_description":null,"og_object_type":"default","og_image_type":"default","og_image_url":null,"og_image_width":null,"og_image_height":null,"og_image_custom_url":null,"og_image_custom_fields":null,"og_video":null,"og_custom_url":null,"og_article_section":null,"og_article_tags":null,"twitter_use_og":false,"twitter_card":"default","twitter_image_type":"default","twitter_image_url":null,"twitter_image_custom_url":null,"twitter_image_custom_fields":null,"twitter_title":null,"twitter_description":null,"schema":{"blockGraphs":[],"customGraphs":[],"default":{"data":{"Article":[],"Course":[],"Dataset":[],"FAQPage":[],"Movie":[],"Person":[],"Product":[],"ProductReview":[],"Car":[],"Recipe":[],"Service":[],"SoftwareApplication":[],"WebPage":[]},"graphName":"","isEnabled":true},"graphs":[]},"schema_type":"default","schema_type_options":null,"pillar_content":false,"robots_default":true,"robots_noindex":false,"robots_noarchive":false,"robots_nosnippet":false,"robots_nofollow":false,"robots_noimageindex":false,"robots_noodp":false,"robots_notranslate":false,"robots_max_snippet":null,"robots_max_videopreview":null,"robots_max_imagepreview":"large","priority":null,"frequency":null,"local_seo":null,"breadcrumb_settings":null,"limit_modified_date":false,"ai":null,"created":"2025-08-16 16:08:26","updated":"2025-08-16 16:08:26","focus_keyword":null,"additional_keywords":null,"truseo_locale":null,"seo_analyzer_scan_date":null},"aioseo_breadcrumb":"<div class=\"aioseo-breadcrumbs\"><span class=\"aioseo-breadcrumb\">\n\t\t\t<a href=\"https:\/\/anoticiaonline.com.br\/site\" title=\"Home\">Home<\/a>\n\t\t<\/span><span class=\"aioseo-breadcrumb-separator\">&raquo;<\/span><span class=\"aioseo-breadcrumb\">\n\t\t\t<a href=\"https:\/\/anoticiaonline.com.br\/site\/categoria\/muriae\/\" title=\"Blog\">Blog<\/a>\n\t\t<\/span><span class=\"aioseo-breadcrumb-separator\">&raquo;<\/span><span class=\"aioseo-breadcrumb\">\n\t\t\tDiretora da Fundarte participa do projeto \u201cAqui tem Feira\u201d, em BH\n\t\t<\/span><\/div>","aioseo_breadcrumb_json":[{"label":"Home","link":"https:\/\/anoticiaonline.com.br\/site"},{"label":"Blog","link":"https:\/\/anoticiaonline.com.br\/site\/categoria\/muriae\/"},{"label":"Diretora da Fundarte participa do projeto &#8220;Aqui tem Feira&#8221;, em BH","link":"https:\/\/anoticiaonline.com.br\/site\/diretora-da-fundarte-participa-do-projeto-aqui-tem-feira-em-bh\/"}],"views":136,"_links":{"self":[{"href":"https:\/\/anoticiaonline.com.br\/site\/wp-json\/wp\/v2\/posts\/14427","targetHints":{"allow":["GET"]}}],"collection":[{"href":"https:\/\/anoticiaonline.com.br\/site\/wp-json\/wp\/v2\/posts"}],"about":[{"href":"https:\/\/anoticiaonline.com.br\/site\/wp-json\/wp\/v2\/types\/post"}],"author":[{"embeddable":true,"href":"https:\/\/anoticiaonline.com.br\/site\/wp-json\/wp\/v2\/users\/2"}],"replies":[{"embeddable":true,"href":"https:\/\/anoticiaonline.com.br\/site\/wp-json\/wp\/v2\/comments?post=14427"}],"version-history":[{"count":0,"href":"https:\/\/anoticiaonline.com.br\/site\/wp-json\/wp\/v2\/posts\/14427\/revisions"}],"wp:featuredmedia":[{"embeddable":true,"href":"https:\/\/anoticiaonline.com.br\/site\/wp-json\/wp\/v2\/media\/14428"}],"wp:attachment":[{"href":"https:\/\/anoticiaonline.com.br\/site\/wp-json\/wp\/v2\/media?parent=14427"}],"wp:term":[{"taxonomy":"category","embeddable":true,"href":"https:\/\/anoticiaonline.com.br\/site\/wp-json\/wp\/v2\/categories?post=14427"},{"taxonomy":"post_tag","embeddable":true,"href":"https:\/\/anoticiaonline.com.br\/site\/wp-json\/wp\/v2\/tags?post=14427"}],"curies":[{"name":"wp","href":"https:\/\/api.w.org\/{rel}","templated":true}]}}