{"id":14239,"date":"2016-06-02T18:48:09","date_gmt":"2016-06-02T21:48:09","guid":{"rendered":"http:\/\/anoticiaonline.com.br\/site\/?p=14239"},"modified":"2016-06-02T19:55:56","modified_gmt":"2016-06-02T22:55:56","slug":"tempo-sujeito-a-tempestades-raios-e-trovoadas","status":"publish","type":"post","link":"https:\/\/anoticiaonline.com.br\/site\/tempo-sujeito-a-tempestades-raios-e-trovoadas\/","title":{"rendered":"Tempo sujeito a tempestades, raios e trovoadas"},"content":{"rendered":"<p>Como j\u00e1 fazia parte do script dessa novela pastel\u00e3o que inundou o pa\u00eds com suas situa\u00e7\u00f5es tragic\u00f4micas, n\u00e3o est\u00e1 nada f\u00e1cil para o presidente interino, Michel Temer, governar. Primeiro, porque ele pegou uma economia bombardeada, totalmente desajustada e com a agravante de ter a obriga\u00e7\u00e3o de mostrar servi\u00e7o num curt\u00edssimo espa\u00e7o de tempo, para ganhar a confian\u00e7a do mercado nacional e internacional. Segundo, porque a classe pol\u00edtica anda em frangalhos moralmente e cercar-se de auxiliares competentes e que tenham um passado limpo, que possa dar ao seu governo um suporte moral para fazer o tal governo de \u201csalva\u00e7\u00e3o nacional\u201d, \u00e9 hoje um tremendo desafio. Prova disso \u00e9 que, em menos de 20 dias de governo, dois dos seus ministros escolhidos a dedo j\u00e1 foram para o espa\u00e7o. Al\u00e9m disso, h\u00e1 ainda a artilharia pesada da nova oposi\u00e7\u00e3o que conseguiu, enquanto foi governo, implodir o pa\u00eds, e agora querem explodir o que restou para n\u00e3o ficar nenhum vest\u00edgio da destrui\u00e7\u00e3o moral que impuseram ao Brasil. O mote velado da campanhacontra Temer \u00e9: quanto pior, melhor.<\/p>\n<p>Enquanto de um lado \u201ca luta continua, companheiros\u201d a qualquer custo, do outro, h\u00e1 uma tentativa desesperada de buscar solu\u00e7\u00f5es para uma governabilidade poss\u00edvel, sem direito a cometer os mesmos erros do fisiologismo e do imp\u00e9rio do \u201ctoma l\u00e1, d\u00e1 c\u00e1\u201d, marcas registradas dos governos Lula\/Dilma e que mergulharam o pa\u00eds na maior crise moral de sua hist\u00f3ria.<\/p>\n<p>A verdade \u00e9 que o pa\u00eds precisa de reformas estruturais urgentes para voltar a crescer e estancar a sangria do desemprego, que j\u00e1 anda na casa dos 11 milh\u00f5es de pessoas sem ter o que fazer, ou seja, correspondente a uma popula\u00e7\u00e3o inteira da cidade de S\u00e3o Paulo, a maior do pa\u00eds. Mas antes, \u00e9 imprescind\u00edvel compatibilizar os gastos p\u00fablicos com os programas sociais, com a sa\u00fade, educa\u00e7\u00e3o e com outras demandas infinitas da popula\u00e7\u00e3o para ganhar a confian\u00e7a e robustecer o governo interino. Tudo isso depende, entretanto, do que pode acontecer ainda nos pr\u00f3ximos cap\u00edtulos da Lava-Jato. Cada situa\u00e7\u00e3o reveladora das dela\u00e7\u00f5es de empreiteiros e pol\u00edticos presos soa como uma bomba, com reflexo direto no governo, que acaba sendo jogado na mesma panela de fritura do governo anterior.<\/p>\n<p>N\u00e3o se sabe, entretanto, se isso \u00e9 bom ou ruim. Nessa altura do \u201ccampeonato\u201d, tudo pode acontecer, inclusive a volta da Dilma, que tamb\u00e9m n\u00e3o ter\u00e1 moral para governar o pa\u00eds e, neste caso, resta a possibilidade da realiza\u00e7\u00e3o de novas elei\u00e7\u00f5es para presidente e que tamb\u00e9m depender\u00e1 da boa vontade do Congresso. Portanto, qualquer previs\u00e3o daqui para frente \u00e9 um mero exerc\u00edcio de futurologia. O tempo est\u00e1 sujeito a trov\u00f5es, raios e tempestades. \u00c9 como escreveu Ancelmo Gois, colunista do jornal O Globo: \u201cQuem for escrever, hoje, uma an\u00e1lise sobre o futuro do Brasil, tem que colocar no texto, a exemplo de uma ap\u00f3lice de seguro, um alerta: Estas previs\u00f5es n\u00e3o incluem terremotos, maremotos, erup\u00e7\u00f5es vulc\u00e2nicas, alagamentos e&#8230; Lava-Jato\u201d. Faz sentido, n\u00e3o?<\/p>\n","protected":false},"excerpt":{"rendered":"<p>Como j\u00e1 fazia parte do script dessa novela pastel\u00e3o que inundou o pa\u00eds com suas situa\u00e7\u00f5es tragic\u00f4micas, n\u00e3o est\u00e1 nada f\u00e1cil para o presidente interino, Michel Temer, governar. Primeiro, porque ele pegou uma economia bombardeada, totalmente desajustada e com a agravante de ter a obriga\u00e7\u00e3o de mostrar servi\u00e7o num curt\u00edssimo espa\u00e7o de tempo, para ganhar &#8230; <a title=\"Tempo sujeito a tempestades, raios e trovoadas\" class=\"read-more\" href=\"https:\/\/anoticiaonline.com.br\/site\/tempo-sujeito-a-tempestades-raios-e-trovoadas\/\" aria-label=\"Read more about Tempo sujeito a tempestades, raios e trovoadas\">Ler mais<\/a><\/p>\n","protected":false},"author":2,"featured_media":0,"comment_status":"open","ping_status":"open","sticky":false,"template":"","format":"standard","meta":{"_acf_changed":false,"_monsterinsights_skip_tracking":false,"footnotes":""},"categories":[33],"tags":[],"class_list":["post-14239","post","type-post","status-publish","format-standard","hentry","category-politica-e-atualidades-francisco-laviola"],"acf":[],"aioseo_notices":[],"aioseo_head":"\n\t\t<!-- All in One SEO 5.0.0.1 - aioseo.com -->\n\t<meta name=\"description\" content=\"Como j\u00e1 fazia parte do script dessa novela pastel\u00e3o que inundou o pa\u00eds com suas situa\u00e7\u00f5es tragic\u00f4micas, n\u00e3o est\u00e1 nada f\u00e1cil para o presidente interino, Michel Temer, governar. Primeiro, porque ele pegou uma economia bombardeada, totalmente desajustada e com a agravante de ter a obriga\u00e7\u00e3o de mostrar servi\u00e7o num curt\u00edssimo espa\u00e7o de tempo, para ganhar\" \/>\n\t<meta name=\"robots\" content=\"max-image-preview:large\" \/>\n\t<meta name=\"author\" content=\"Juliana Laviola\"\/>\n\t<link rel=\"canonical\" href=\"https:\/\/anoticiaonline.com.br\/site\/tempo-sujeito-a-tempestades-raios-e-trovoadas\/\" \/>\n\t<meta name=\"generator\" content=\"All in One SEO (AIOSEO) 5.0.0.1\" \/>\n\t\t<meta property=\"og:locale\" content=\"pt_BR\" \/>\n\t\t<meta property=\"og:site_name\" content=\"A Not\u00edcia Online - Noticias de Muria\u00e9 e regi\u00e3o\" \/>\n\t\t<meta property=\"og:type\" content=\"article\" \/>\n\t\t<meta property=\"og:title\" content=\"Tempo sujeito a tempestades, raios e trovoadas - A Not\u00edcia Online\" \/>\n\t\t<meta property=\"og:description\" content=\"Como j\u00e1 fazia parte do script dessa novela pastel\u00e3o que inundou o pa\u00eds com suas situa\u00e7\u00f5es tragic\u00f4micas, n\u00e3o est\u00e1 nada f\u00e1cil para o presidente interino, Michel Temer, governar. Primeiro, porque ele pegou uma economia bombardeada, totalmente desajustada e com a agravante de ter a obriga\u00e7\u00e3o de mostrar servi\u00e7o num curt\u00edssimo espa\u00e7o de tempo, para ganhar\" \/>\n\t\t<meta property=\"og:url\" content=\"https:\/\/anoticiaonline.com.br\/site\/tempo-sujeito-a-tempestades-raios-e-trovoadas\/\" \/>\n\t\t<meta property=\"og:image\" content=\"https:\/\/scontent-gig4-1.xx.fbcdn.net\/v\/t39.30808-1\/270437624_4564083193639691_6907940295614233970_n.jpg?stp=dst-jpg_s200x200_tt6&#038;_nc_cat=111&#038;ccb=1-7&#038;_nc_sid=f907e8&#038;_nc_ohc=SM1wRlP3lJwQ7kNvwEPuBYA&#038;_nc_oc=AdnqrjDN_BNjSSHWO-GbkIWH6fkGMLw4bqvL_NH6e2wMveX7G-rP2dAqsDSq1mJMOaY&#038;_nc_zt=24&#038;_nc_ht=scontent-gig4-1.xx&#038;_nc_gid=AoBFJeGrT1hVaew_6rchkQ&#038;oh=00_AfX7QmFGhQhG2jAllVgXCiM1ZrWgvtp80-Bfppyexh1QEg&#038;oe=689E923C\" \/>\n\t\t<meta property=\"og:image:secure_url\" content=\"https:\/\/scontent-gig4-1.xx.fbcdn.net\/v\/t39.30808-1\/270437624_4564083193639691_6907940295614233970_n.jpg?stp=dst-jpg_s200x200_tt6&#038;_nc_cat=111&#038;ccb=1-7&#038;_nc_sid=f907e8&#038;_nc_ohc=SM1wRlP3lJwQ7kNvwEPuBYA&#038;_nc_oc=AdnqrjDN_BNjSSHWO-GbkIWH6fkGMLw4bqvL_NH6e2wMveX7G-rP2dAqsDSq1mJMOaY&#038;_nc_zt=24&#038;_nc_ht=scontent-gig4-1.xx&#038;_nc_gid=AoBFJeGrT1hVaew_6rchkQ&#038;oh=00_AfX7QmFGhQhG2jAllVgXCiM1ZrWgvtp80-Bfppyexh1QEg&#038;oe=689E923C\" \/>\n\t\t<meta property=\"article:published_time\" content=\"2016-06-02T21:48:09+00:00\" \/>\n\t\t<meta property=\"article:modified_time\" content=\"2016-06-02T22:55:56+00:00\" \/>\n\t\t<meta name=\"twitter:card\" content=\"summary_large_image\" \/>\n\t\t<meta name=\"twitter:title\" content=\"Tempo sujeito a tempestades, raios e trovoadas - A Not\u00edcia Online\" \/>\n\t\t<meta name=\"twitter:description\" content=\"Como j\u00e1 fazia parte do script dessa novela pastel\u00e3o que inundou o pa\u00eds com suas situa\u00e7\u00f5es tragic\u00f4micas, n\u00e3o est\u00e1 nada f\u00e1cil para o presidente interino, Michel Temer, governar. Primeiro, porque ele pegou uma economia bombardeada, totalmente desajustada e com a agravante de ter a obriga\u00e7\u00e3o de mostrar servi\u00e7o num curt\u00edssimo espa\u00e7o de tempo, para ganhar\" \/>\n\t\t<meta name=\"twitter:image\" content=\"https:\/\/scontent-gig4-1.xx.fbcdn.net\/v\/t39.30808-1\/270437624_4564083193639691_6907940295614233970_n.jpg?stp=dst-jpg_s200x200_tt6&amp;_nc_cat=111&amp;ccb=1-7&amp;_nc_sid=f907e8&amp;_nc_ohc=SM1wRlP3lJwQ7kNvwEPuBYA&amp;_nc_oc=AdnqrjDN_BNjSSHWO-GbkIWH6fkGMLw4bqvL_NH6e2wMveX7G-rP2dAqsDSq1mJMOaY&amp;_nc_zt=24&amp;_nc_ht=scontent-gig4-1.xx&amp;_nc_gid=AoBFJeGrT1hVaew_6rchkQ&amp;oh=00_AfX7QmFGhQhG2jAllVgXCiM1ZrWgvtp80-Bfppyexh1QEg&amp;oe=689E923C\" \/>\n\t\t<script type=\"application\/ld+json\" class=\"aioseo-schema\">\n\t\t\t{\"@context\":\"https:\\\/\\\/schema.org\",\"@graph\":[{\"@type\":\"BlogPosting\",\"@id\":\"https:\\\/\\\/anoticiaonline.com.br\\\/site\\\/tempo-sujeito-a-tempestades-raios-e-trovoadas\\\/#blogposting\",\"name\":\"Tempo sujeito a tempestades, raios e trovoadas - A Not\\u00edcia Online\",\"headline\":\"Tempo sujeito a tempestades, raios e trovoadas\",\"author\":{\"@id\":\"https:\\\/\\\/anoticiaonline.com.br\\\/site\\\/author\\\/juliana\\\/#author\"},\"publisher\":{\"@id\":\"https:\\\/\\\/anoticiaonline.com.br\\\/site\\\/#organization\"},\"image\":{\"@type\":\"ImageObject\",\"url\":\"https:\\\/\\\/scontent-gig4-1.xx.fbcdn.net\\\/v\\\/t39.30808-1\\\/270437624_4564083193639691_6907940295614233970_n.jpg?stp=dst-jpg_s200x200_tt6&_nc_cat=111&ccb=1-7&_nc_sid=f907e8&_nc_ohc=SM1wRlP3lJwQ7kNvwEPuBYA&_nc_oc=AdnqrjDN_BNjSSHWO-GbkIWH6fkGMLw4bqvL_NH6e2wMveX7G-rP2dAqsDSq1mJMOaY&_nc_zt=24&_nc_ht=scontent-gig4-1.xx&_nc_gid=AoBFJeGrT1hVaew_6rchkQ&oh=00_AfX7QmFGhQhG2jAllVgXCiM1ZrWgvtp80-Bfppyexh1QEg&oe=689E923C\",\"@id\":\"https:\\\/\\\/anoticiaonline.com.br\\\/site\\\/#articleImage\"},\"datePublished\":\"2016-06-02T18:48:09-03:00\",\"dateModified\":\"2016-06-02T19:55:56-03:00\",\"inLanguage\":\"pt-BR\",\"mainEntityOfPage\":{\"@id\":\"https:\\\/\\\/anoticiaonline.com.br\\\/site\\\/tempo-sujeito-a-tempestades-raios-e-trovoadas\\\/#webpage\"},\"isPartOf\":{\"@id\":\"https:\\\/\\\/anoticiaonline.com.br\\\/site\\\/tempo-sujeito-a-tempestades-raios-e-trovoadas\\\/#webpage\"},\"articleSection\":\"Pol\\u00edtica e Atualidades - Francisco Laviola\"},{\"@type\":\"BreadcrumbList\",\"@id\":\"https:\\\/\\\/anoticiaonline.com.br\\\/site\\\/tempo-sujeito-a-tempestades-raios-e-trovoadas\\\/#breadcrumblist\",\"itemListElement\":[{\"@type\":\"ListItem\",\"@id\":\"https:\\\/\\\/anoticiaonline.com.br\\\/site#listItem\",\"position\":1,\"name\":\"Home\",\"item\":\"https:\\\/\\\/anoticiaonline.com.br\\\/site\",\"nextItem\":{\"@type\":\"ListItem\",\"@id\":\"https:\\\/\\\/anoticiaonline.com.br\\\/site\\\/categoria\\\/colunistas\\\/#listItem\",\"name\":\"Colunistas\"}},{\"@type\":\"ListItem\",\"@id\":\"https:\\\/\\\/anoticiaonline.com.br\\\/site\\\/categoria\\\/colunistas\\\/#listItem\",\"position\":2,\"name\":\"Colunistas\",\"item\":\"https:\\\/\\\/anoticiaonline.com.br\\\/site\\\/categoria\\\/colunistas\\\/\",\"nextItem\":{\"@type\":\"ListItem\",\"@id\":\"https:\\\/\\\/anoticiaonline.com.br\\\/site\\\/categoria\\\/colunistas\\\/politica-e-atualidades-francisco-laviola\\\/#listItem\",\"name\":\"Pol\\u00edtica e Atualidades - Francisco Laviola\"},\"previousItem\":{\"@type\":\"ListItem\",\"@id\":\"https:\\\/\\\/anoticiaonline.com.br\\\/site#listItem\",\"name\":\"Home\"}},{\"@type\":\"ListItem\",\"@id\":\"https:\\\/\\\/anoticiaonline.com.br\\\/site\\\/categoria\\\/colunistas\\\/politica-e-atualidades-francisco-laviola\\\/#listItem\",\"position\":3,\"name\":\"Pol\\u00edtica e Atualidades - Francisco Laviola\",\"item\":\"https:\\\/\\\/anoticiaonline.com.br\\\/site\\\/categoria\\\/colunistas\\\/politica-e-atualidades-francisco-laviola\\\/\",\"nextItem\":{\"@type\":\"ListItem\",\"@id\":\"https:\\\/\\\/anoticiaonline.com.br\\\/site\\\/tempo-sujeito-a-tempestades-raios-e-trovoadas\\\/#listItem\",\"name\":\"Tempo sujeito a tempestades, raios e trovoadas\"},\"previousItem\":{\"@type\":\"ListItem\",\"@id\":\"https:\\\/\\\/anoticiaonline.com.br\\\/site\\\/categoria\\\/colunistas\\\/#listItem\",\"name\":\"Colunistas\"}},{\"@type\":\"ListItem\",\"@id\":\"https:\\\/\\\/anoticiaonline.com.br\\\/site\\\/tempo-sujeito-a-tempestades-raios-e-trovoadas\\\/#listItem\",\"position\":4,\"name\":\"Tempo sujeito a tempestades, raios e trovoadas\",\"previousItem\":{\"@type\":\"ListItem\",\"@id\":\"https:\\\/\\\/anoticiaonline.com.br\\\/site\\\/categoria\\\/colunistas\\\/politica-e-atualidades-francisco-laviola\\\/#listItem\",\"name\":\"Pol\\u00edtica e Atualidades - Francisco Laviola\"}}]},{\"@type\":\"Organization\",\"@id\":\"https:\\\/\\\/anoticiaonline.com.br\\\/site\\\/#organization\",\"name\":\"A Not\\u00edcia Online\",\"description\":\"Noticias de Muria\\u00e9 e regi\\u00e3o\",\"url\":\"https:\\\/\\\/anoticiaonline.com.br\\\/site\\\/\",\"logo\":{\"@type\":\"ImageObject\",\"url\":\"https:\\\/\\\/scontent-gig4-1.xx.fbcdn.net\\\/v\\\/t39.30808-1\\\/270437624_4564083193639691_6907940295614233970_n.jpg?stp=dst-jpg_s200x200_tt6&_nc_cat=111&ccb=1-7&_nc_sid=f907e8&_nc_ohc=SM1wRlP3lJwQ7kNvwEPuBYA&_nc_oc=AdnqrjDN_BNjSSHWO-GbkIWH6fkGMLw4bqvL_NH6e2wMveX7G-rP2dAqsDSq1mJMOaY&_nc_zt=24&_nc_ht=scontent-gig4-1.xx&_nc_gid=AoBFJeGrT1hVaew_6rchkQ&oh=00_AfX7QmFGhQhG2jAllVgXCiM1ZrWgvtp80-Bfppyexh1QEg&oe=689E923C\",\"@id\":\"https:\\\/\\\/anoticiaonline.com.br\\\/site\\\/tempo-sujeito-a-tempestades-raios-e-trovoadas\\\/#organizationLogo\"},\"image\":{\"@id\":\"https:\\\/\\\/anoticiaonline.com.br\\\/site\\\/tempo-sujeito-a-tempestades-raios-e-trovoadas\\\/#organizationLogo\"}},{\"@type\":\"Person\",\"@id\":\"https:\\\/\\\/anoticiaonline.com.br\\\/site\\\/author\\\/juliana\\\/#author\",\"url\":\"https:\\\/\\\/anoticiaonline.com.br\\\/site\\\/author\\\/juliana\\\/\",\"name\":\"Juliana Laviola\",\"image\":{\"@type\":\"ImageObject\",\"@id\":\"https:\\\/\\\/anoticiaonline.com.br\\\/site\\\/tempo-sujeito-a-tempestades-raios-e-trovoadas\\\/#authorImage\",\"url\":\"https:\\\/\\\/secure.gravatar.com\\\/avatar\\\/b8d45f5c699b100dfaf0e543582f38f38bf94cb7ae3a5e9abf8d891a34773335?s=96&d=mm&r=g\",\"width\":96,\"height\":96,\"caption\":\"Juliana Laviola\"}},{\"@type\":\"WebPage\",\"@id\":\"https:\\\/\\\/anoticiaonline.com.br\\\/site\\\/tempo-sujeito-a-tempestades-raios-e-trovoadas\\\/#webpage\",\"url\":\"https:\\\/\\\/anoticiaonline.com.br\\\/site\\\/tempo-sujeito-a-tempestades-raios-e-trovoadas\\\/\",\"name\":\"Tempo sujeito a tempestades, raios e trovoadas - A Not\\u00edcia Online\",\"description\":\"Como j\\u00e1 fazia parte do script dessa novela pastel\\u00e3o que inundou o pa\\u00eds com suas situa\\u00e7\\u00f5es tragic\\u00f4micas, n\\u00e3o est\\u00e1 nada f\\u00e1cil para o presidente interino, Michel Temer, governar. Primeiro, porque ele pegou uma economia bombardeada, totalmente desajustada e com a agravante de ter a obriga\\u00e7\\u00e3o de mostrar servi\\u00e7o num curt\\u00edssimo espa\\u00e7o de tempo, para ganhar\",\"inLanguage\":\"pt-BR\",\"isPartOf\":{\"@id\":\"https:\\\/\\\/anoticiaonline.com.br\\\/site\\\/#website\"},\"breadcrumb\":{\"@id\":\"https:\\\/\\\/anoticiaonline.com.br\\\/site\\\/tempo-sujeito-a-tempestades-raios-e-trovoadas\\\/#breadcrumblist\"},\"author\":{\"@id\":\"https:\\\/\\\/anoticiaonline.com.br\\\/site\\\/author\\\/juliana\\\/#author\"},\"creator\":{\"@id\":\"https:\\\/\\\/anoticiaonline.com.br\\\/site\\\/author\\\/juliana\\\/#author\"},\"datePublished\":\"2016-06-02T18:48:09-03:00\",\"dateModified\":\"2016-06-02T19:55:56-03:00\"},{\"@type\":\"WebSite\",\"@id\":\"https:\\\/\\\/anoticiaonline.com.br\\\/site\\\/#website\",\"url\":\"https:\\\/\\\/anoticiaonline.com.br\\\/site\\\/\",\"name\":\"A Not\\u00edcia Online\",\"description\":\"Noticias de Muria\\u00e9 e regi\\u00e3o\",\"inLanguage\":\"pt-BR\",\"publisher\":{\"@id\":\"https:\\\/\\\/anoticiaonline.com.br\\\/site\\\/#organization\"}}]}\n\t\t<\/script>\n\t\t<!-- All in One SEO -->\n\n","aioseo_head_json":{"title":"Tempo sujeito a tempestades, raios e trovoadas - A Not\u00edcia Online","description":"Como j\u00e1 fazia parte do script dessa novela pastel\u00e3o que inundou o pa\u00eds com suas situa\u00e7\u00f5es tragic\u00f4micas, n\u00e3o est\u00e1 nada f\u00e1cil para o presidente interino, Michel Temer, governar. Primeiro, porque ele pegou uma economia bombardeada, totalmente desajustada e com a agravante de ter a obriga\u00e7\u00e3o de mostrar servi\u00e7o num curt\u00edssimo espa\u00e7o de tempo, para ganhar","canonical_url":"https:\/\/anoticiaonline.com.br\/site\/tempo-sujeito-a-tempestades-raios-e-trovoadas\/","robots":"max-image-preview:large","keywords":"","webmasterTools":{"miscellaneous":""},"schema":{"@context":"https:\/\/schema.org","@graph":[{"@type":"BlogPosting","@id":"https:\/\/anoticiaonline.com.br\/site\/tempo-sujeito-a-tempestades-raios-e-trovoadas\/#blogposting","name":"Tempo sujeito a tempestades, raios e trovoadas - A Not\u00edcia Online","headline":"Tempo sujeito a tempestades, raios e trovoadas","author":{"@id":"https:\/\/anoticiaonline.com.br\/site\/author\/juliana\/#author"},"publisher":{"@id":"https:\/\/anoticiaonline.com.br\/site\/#organization"},"image":{"@type":"ImageObject","url":"https:\/\/scontent-gig4-1.xx.fbcdn.net\/v\/t39.30808-1\/270437624_4564083193639691_6907940295614233970_n.jpg?stp=dst-jpg_s200x200_tt6&_nc_cat=111&ccb=1-7&_nc_sid=f907e8&_nc_ohc=SM1wRlP3lJwQ7kNvwEPuBYA&_nc_oc=AdnqrjDN_BNjSSHWO-GbkIWH6fkGMLw4bqvL_NH6e2wMveX7G-rP2dAqsDSq1mJMOaY&_nc_zt=24&_nc_ht=scontent-gig4-1.xx&_nc_gid=AoBFJeGrT1hVaew_6rchkQ&oh=00_AfX7QmFGhQhG2jAllVgXCiM1ZrWgvtp80-Bfppyexh1QEg&oe=689E923C","@id":"https:\/\/anoticiaonline.com.br\/site\/#articleImage"},"datePublished":"2016-06-02T18:48:09-03:00","dateModified":"2016-06-02T19:55:56-03:00","inLanguage":"pt-BR","mainEntityOfPage":{"@id":"https:\/\/anoticiaonline.com.br\/site\/tempo-sujeito-a-tempestades-raios-e-trovoadas\/#webpage"},"isPartOf":{"@id":"https:\/\/anoticiaonline.com.br\/site\/tempo-sujeito-a-tempestades-raios-e-trovoadas\/#webpage"},"articleSection":"Pol\u00edtica e Atualidades - Francisco Laviola"},{"@type":"BreadcrumbList","@id":"https:\/\/anoticiaonline.com.br\/site\/tempo-sujeito-a-tempestades-raios-e-trovoadas\/#breadcrumblist","itemListElement":[{"@type":"ListItem","@id":"https:\/\/anoticiaonline.com.br\/site#listItem","position":1,"name":"Home","item":"https:\/\/anoticiaonline.com.br\/site","nextItem":{"@type":"ListItem","@id":"https:\/\/anoticiaonline.com.br\/site\/categoria\/colunistas\/#listItem","name":"Colunistas"}},{"@type":"ListItem","@id":"https:\/\/anoticiaonline.com.br\/site\/categoria\/colunistas\/#listItem","position":2,"name":"Colunistas","item":"https:\/\/anoticiaonline.com.br\/site\/categoria\/colunistas\/","nextItem":{"@type":"ListItem","@id":"https:\/\/anoticiaonline.com.br\/site\/categoria\/colunistas\/politica-e-atualidades-francisco-laviola\/#listItem","name":"Pol\u00edtica e Atualidades - Francisco Laviola"},"previousItem":{"@type":"ListItem","@id":"https:\/\/anoticiaonline.com.br\/site#listItem","name":"Home"}},{"@type":"ListItem","@id":"https:\/\/anoticiaonline.com.br\/site\/categoria\/colunistas\/politica-e-atualidades-francisco-laviola\/#listItem","position":3,"name":"Pol\u00edtica e Atualidades - Francisco Laviola","item":"https:\/\/anoticiaonline.com.br\/site\/categoria\/colunistas\/politica-e-atualidades-francisco-laviola\/","nextItem":{"@type":"ListItem","@id":"https:\/\/anoticiaonline.com.br\/site\/tempo-sujeito-a-tempestades-raios-e-trovoadas\/#listItem","name":"Tempo sujeito a tempestades, raios e trovoadas"},"previousItem":{"@type":"ListItem","@id":"https:\/\/anoticiaonline.com.br\/site\/categoria\/colunistas\/#listItem","name":"Colunistas"}},{"@type":"ListItem","@id":"https:\/\/anoticiaonline.com.br\/site\/tempo-sujeito-a-tempestades-raios-e-trovoadas\/#listItem","position":4,"name":"Tempo sujeito a tempestades, raios e trovoadas","previousItem":{"@type":"ListItem","@id":"https:\/\/anoticiaonline.com.br\/site\/categoria\/colunistas\/politica-e-atualidades-francisco-laviola\/#listItem","name":"Pol\u00edtica e Atualidades - Francisco Laviola"}}]},{"@type":"Organization","@id":"https:\/\/anoticiaonline.com.br\/site\/#organization","name":"A Not\u00edcia Online","description":"Noticias de Muria\u00e9 e regi\u00e3o","url":"https:\/\/anoticiaonline.com.br\/site\/","logo":{"@type":"ImageObject","url":"https:\/\/scontent-gig4-1.xx.fbcdn.net\/v\/t39.30808-1\/270437624_4564083193639691_6907940295614233970_n.jpg?stp=dst-jpg_s200x200_tt6&_nc_cat=111&ccb=1-7&_nc_sid=f907e8&_nc_ohc=SM1wRlP3lJwQ7kNvwEPuBYA&_nc_oc=AdnqrjDN_BNjSSHWO-GbkIWH6fkGMLw4bqvL_NH6e2wMveX7G-rP2dAqsDSq1mJMOaY&_nc_zt=24&_nc_ht=scontent-gig4-1.xx&_nc_gid=AoBFJeGrT1hVaew_6rchkQ&oh=00_AfX7QmFGhQhG2jAllVgXCiM1ZrWgvtp80-Bfppyexh1QEg&oe=689E923C","@id":"https:\/\/anoticiaonline.com.br\/site\/tempo-sujeito-a-tempestades-raios-e-trovoadas\/#organizationLogo"},"image":{"@id":"https:\/\/anoticiaonline.com.br\/site\/tempo-sujeito-a-tempestades-raios-e-trovoadas\/#organizationLogo"}},{"@type":"Person","@id":"https:\/\/anoticiaonline.com.br\/site\/author\/juliana\/#author","url":"https:\/\/anoticiaonline.com.br\/site\/author\/juliana\/","name":"Juliana Laviola","image":{"@type":"ImageObject","@id":"https:\/\/anoticiaonline.com.br\/site\/tempo-sujeito-a-tempestades-raios-e-trovoadas\/#authorImage","url":"https:\/\/secure.gravatar.com\/avatar\/b8d45f5c699b100dfaf0e543582f38f38bf94cb7ae3a5e9abf8d891a34773335?s=96&d=mm&r=g","width":96,"height":96,"caption":"Juliana Laviola"}},{"@type":"WebPage","@id":"https:\/\/anoticiaonline.com.br\/site\/tempo-sujeito-a-tempestades-raios-e-trovoadas\/#webpage","url":"https:\/\/anoticiaonline.com.br\/site\/tempo-sujeito-a-tempestades-raios-e-trovoadas\/","name":"Tempo sujeito a tempestades, raios e trovoadas - A Not\u00edcia Online","description":"Como j\u00e1 fazia parte do script dessa novela pastel\u00e3o que inundou o pa\u00eds com suas situa\u00e7\u00f5es tragic\u00f4micas, n\u00e3o est\u00e1 nada f\u00e1cil para o presidente interino, Michel Temer, governar. Primeiro, porque ele pegou uma economia bombardeada, totalmente desajustada e com a agravante de ter a obriga\u00e7\u00e3o de mostrar servi\u00e7o num curt\u00edssimo espa\u00e7o de tempo, para ganhar","inLanguage":"pt-BR","isPartOf":{"@id":"https:\/\/anoticiaonline.com.br\/site\/#website"},"breadcrumb":{"@id":"https:\/\/anoticiaonline.com.br\/site\/tempo-sujeito-a-tempestades-raios-e-trovoadas\/#breadcrumblist"},"author":{"@id":"https:\/\/anoticiaonline.com.br\/site\/author\/juliana\/#author"},"creator":{"@id":"https:\/\/anoticiaonline.com.br\/site\/author\/juliana\/#author"},"datePublished":"2016-06-02T18:48:09-03:00","dateModified":"2016-06-02T19:55:56-03:00"},{"@type":"WebSite","@id":"https:\/\/anoticiaonline.com.br\/site\/#website","url":"https:\/\/anoticiaonline.com.br\/site\/","name":"A Not\u00edcia Online","description":"Noticias de Muria\u00e9 e regi\u00e3o","inLanguage":"pt-BR","publisher":{"@id":"https:\/\/anoticiaonline.com.br\/site\/#organization"}}]},"og:locale":"pt_BR","og:site_name":"A Not\u00edcia Online - Noticias de Muria\u00e9 e regi\u00e3o","og:type":"article","og:title":"Tempo sujeito a tempestades, raios e trovoadas - A Not\u00edcia Online","og:description":"Como j\u00e1 fazia parte do script dessa novela pastel\u00e3o que inundou o pa\u00eds com suas situa\u00e7\u00f5es tragic\u00f4micas, n\u00e3o est\u00e1 nada f\u00e1cil para o presidente interino, Michel Temer, governar. Primeiro, porque ele pegou uma economia bombardeada, totalmente desajustada e com a agravante de ter a obriga\u00e7\u00e3o de mostrar servi\u00e7o num curt\u00edssimo espa\u00e7o de tempo, para ganhar","og:url":"https:\/\/anoticiaonline.com.br\/site\/tempo-sujeito-a-tempestades-raios-e-trovoadas\/","og:image":"https:\/\/scontent-gig4-1.xx.fbcdn.net\/v\/t39.30808-1\/270437624_4564083193639691_6907940295614233970_n.jpg?stp=dst-jpg_s200x200_tt6&#038;_nc_cat=111&#038;ccb=1-7&#038;_nc_sid=f907e8&#038;_nc_ohc=SM1wRlP3lJwQ7kNvwEPuBYA&#038;_nc_oc=AdnqrjDN_BNjSSHWO-GbkIWH6fkGMLw4bqvL_NH6e2wMveX7G-rP2dAqsDSq1mJMOaY&#038;_nc_zt=24&#038;_nc_ht=scontent-gig4-1.xx&#038;_nc_gid=AoBFJeGrT1hVaew_6rchkQ&#038;oh=00_AfX7QmFGhQhG2jAllVgXCiM1ZrWgvtp80-Bfppyexh1QEg&#038;oe=689E923C","og:image:secure_url":"https:\/\/scontent-gig4-1.xx.fbcdn.net\/v\/t39.30808-1\/270437624_4564083193639691_6907940295614233970_n.jpg?stp=dst-jpg_s200x200_tt6&#038;_nc_cat=111&#038;ccb=1-7&#038;_nc_sid=f907e8&#038;_nc_ohc=SM1wRlP3lJwQ7kNvwEPuBYA&#038;_nc_oc=AdnqrjDN_BNjSSHWO-GbkIWH6fkGMLw4bqvL_NH6e2wMveX7G-rP2dAqsDSq1mJMOaY&#038;_nc_zt=24&#038;_nc_ht=scontent-gig4-1.xx&#038;_nc_gid=AoBFJeGrT1hVaew_6rchkQ&#038;oh=00_AfX7QmFGhQhG2jAllVgXCiM1ZrWgvtp80-Bfppyexh1QEg&#038;oe=689E923C","article:published_time":"2016-06-02T21:48:09+00:00","article:modified_time":"2016-06-02T22:55:56+00:00","twitter:card":"summary_large_image","twitter:title":"Tempo sujeito a tempestades, raios e trovoadas - A Not\u00edcia Online","twitter:description":"Como j\u00e1 fazia parte do script dessa novela pastel\u00e3o que inundou o pa\u00eds com suas situa\u00e7\u00f5es tragic\u00f4micas, n\u00e3o est\u00e1 nada f\u00e1cil para o presidente interino, Michel Temer, governar. Primeiro, porque ele pegou uma economia bombardeada, totalmente desajustada e com a agravante de ter a obriga\u00e7\u00e3o de mostrar servi\u00e7o num curt\u00edssimo espa\u00e7o de tempo, para ganhar","twitter:image":"https:\/\/scontent-gig4-1.xx.fbcdn.net\/v\/t39.30808-1\/270437624_4564083193639691_6907940295614233970_n.jpg?stp=dst-jpg_s200x200_tt6&_nc_cat=111&ccb=1-7&_nc_sid=f907e8&_nc_ohc=SM1wRlP3lJwQ7kNvwEPuBYA&_nc_oc=AdnqrjDN_BNjSSHWO-GbkIWH6fkGMLw4bqvL_NH6e2wMveX7G-rP2dAqsDSq1mJMOaY&_nc_zt=24&_nc_ht=scontent-gig4-1.xx&_nc_gid=AoBFJeGrT1hVaew_6rchkQ&oh=00_AfX7QmFGhQhG2jAllVgXCiM1ZrWgvtp80-Bfppyexh1QEg&oe=689E923C"},"aioseo_meta_data":{"post_id":"14239","title":null,"description":null,"keywords":null,"keyphrases":null,"primary_term":null,"canonical_url":null,"og_title":null,"og_description":null,"og_object_type":"default","og_image_type":"default","og_image_url":null,"og_image_width":null,"og_image_height":null,"og_image_custom_url":null,"og_image_custom_fields":null,"og_video":null,"og_custom_url":null,"og_article_section":null,"og_article_tags":null,"twitter_use_og":false,"twitter_card":"default","twitter_image_type":"default","twitter_image_url":null,"twitter_image_custom_url":null,"twitter_image_custom_fields":null,"twitter_title":null,"twitter_description":null,"schema":{"blockGraphs":[],"customGraphs":[],"default":{"data":{"Article":[],"Course":[],"Dataset":[],"FAQPage":[],"Movie":[],"Person":[],"Product":[],"ProductReview":[],"Car":[],"Recipe":[],"Service":[],"SoftwareApplication":[],"WebPage":[]},"graphName":"","isEnabled":true},"graphs":[]},"schema_type":"default","schema_type_options":null,"pillar_content":false,"robots_default":true,"robots_noindex":false,"robots_noarchive":false,"robots_nosnippet":false,"robots_nofollow":false,"robots_noimageindex":false,"robots_noodp":false,"robots_notranslate":false,"robots_max_snippet":null,"robots_max_videopreview":null,"robots_max_imagepreview":"large","priority":null,"frequency":null,"local_seo":null,"breadcrumb_settings":null,"limit_modified_date":false,"ai":null,"created":"2025-08-16 16:07:31","updated":"2025-08-16 16:07:31","focus_keyword":null,"additional_keywords":null,"truseo_locale":null,"seo_analyzer_scan_date":null},"aioseo_breadcrumb":"<div class=\"aioseo-breadcrumbs\"><span class=\"aioseo-breadcrumb\">\n\t\t\t<a href=\"https:\/\/anoticiaonline.com.br\/site\" title=\"Home\">Home<\/a>\n\t\t<\/span><span class=\"aioseo-breadcrumb-separator\">&raquo;<\/span><span class=\"aioseo-breadcrumb\">\n\t\t\t<a href=\"https:\/\/anoticiaonline.com.br\/site\/categoria\/colunistas\/\" title=\"Colunistas\">Colunistas<\/a>\n\t\t<\/span><span class=\"aioseo-breadcrumb-separator\">&raquo;<\/span><span class=\"aioseo-breadcrumb\">\n\t\t\t<a href=\"https:\/\/anoticiaonline.com.br\/site\/categoria\/colunistas\/politica-e-atualidades-francisco-laviola\/\" title=\"Pol\u00edtica e Atualidades - Francisco Laviola\">Pol\u00edtica e Atualidades - Francisco Laviola<\/a>\n\t\t<\/span><span class=\"aioseo-breadcrumb-separator\">&raquo;<\/span><span class=\"aioseo-breadcrumb\">\n\t\t\tTempo sujeito a tempestades, raios e trovoadas\n\t\t<\/span><\/div>","aioseo_breadcrumb_json":[{"label":"Home","link":"https:\/\/anoticiaonline.com.br\/site"},{"label":"Colunistas","link":"https:\/\/anoticiaonline.com.br\/site\/categoria\/colunistas\/"},{"label":"Pol\u00edtica e Atualidades - Francisco Laviola","link":"https:\/\/anoticiaonline.com.br\/site\/categoria\/colunistas\/politica-e-atualidades-francisco-laviola\/"},{"label":"Tempo sujeito a tempestades, raios e trovoadas","link":"https:\/\/anoticiaonline.com.br\/site\/tempo-sujeito-a-tempestades-raios-e-trovoadas\/"}],"views":123,"_links":{"self":[{"href":"https:\/\/anoticiaonline.com.br\/site\/wp-json\/wp\/v2\/posts\/14239","targetHints":{"allow":["GET"]}}],"collection":[{"href":"https:\/\/anoticiaonline.com.br\/site\/wp-json\/wp\/v2\/posts"}],"about":[{"href":"https:\/\/anoticiaonline.com.br\/site\/wp-json\/wp\/v2\/types\/post"}],"author":[{"embeddable":true,"href":"https:\/\/anoticiaonline.com.br\/site\/wp-json\/wp\/v2\/users\/2"}],"replies":[{"embeddable":true,"href":"https:\/\/anoticiaonline.com.br\/site\/wp-json\/wp\/v2\/comments?post=14239"}],"version-history":[{"count":0,"href":"https:\/\/anoticiaonline.com.br\/site\/wp-json\/wp\/v2\/posts\/14239\/revisions"}],"wp:attachment":[{"href":"https:\/\/anoticiaonline.com.br\/site\/wp-json\/wp\/v2\/media?parent=14239"}],"wp:term":[{"taxonomy":"category","embeddable":true,"href":"https:\/\/anoticiaonline.com.br\/site\/wp-json\/wp\/v2\/categories?post=14239"},{"taxonomy":"post_tag","embeddable":true,"href":"https:\/\/anoticiaonline.com.br\/site\/wp-json\/wp\/v2\/tags?post=14239"}],"curies":[{"name":"wp","href":"https:\/\/api.w.org\/{rel}","templated":true}]}}