{"id":14066,"date":"2016-06-01T08:57:02","date_gmt":"2016-06-01T11:57:02","guid":{"rendered":"http:\/\/anoticiaonline.com.br\/site\/?p=14066"},"modified":"2016-06-01T09:39:25","modified_gmt":"2016-06-01T12:39:25","slug":"inaugurada-a-nova-sede-do-creas","status":"publish","type":"post","link":"https:\/\/anoticiaonline.com.br\/site\/inaugurada-a-nova-sede-do-creas\/","title":{"rendered":"Inaugurada a nova sede do Creas"},"content":{"rendered":"<p><a href=\"https:\/\/anoticiaonline.com.br\/site\/wp-content\/uploads\/2016\/06\/01.jpg\"><img fetchpriority=\"high\" decoding=\"async\" class=\" size-medium wp-image-14067 alignleft\" src=\"https:\/\/anoticiaonline.com.br\/site\/wp-content\/uploads\/2016\/06\/01-300x200.jpg\" alt=\"01\" width=\"300\" height=\"200\" srcset=\"https:\/\/anoticiaonline.com.br\/site\/wp-content\/uploads\/2016\/06\/01-300x200.jpg 300w, https:\/\/anoticiaonline.com.br\/site\/wp-content\/uploads\/2016\/06\/01.jpg 640w\" sizes=\"(max-width: 300px) 100vw, 300px\" \/><\/a>O prefeito Aloysio Aquino realizou, na noite de ter\u00e7a-feira (31), a abertura oficial da nova sede do Centro de Refer\u00eancia Especializado em Assist\u00eancia Social (Creas), localizada na Granja Dom Delfim. A nova unidade conta com ampla recep\u00e7\u00e3o para o p\u00fablico (equipada com aparelho de ar condicionado), cinco salas de atendimento (todas tamb\u00e9m devidamente climatizadas), arquivo, almoxarifado, cozinha e banheiros, al\u00e9m de ambiente para atividades ao ar livre.<\/p>\n<p>Segundo o prefeito, a inaugura\u00e7\u00e3o da nova sede permite que a popula\u00e7\u00e3o seja atendida com mais qualidade e conforto. &#8220;Esta nova unidade conta com acabamento impec\u00e1vel e oferece excelentes condi\u00e7\u00f5es para os cidad\u00e3os e tamb\u00e9m para os profissionais que atuam no local&#8221;, ressalta Aloysio Aquino. Vale lembrar que, at\u00e9 ent\u00e3o, o Creas vinha funcionando nos fundos do antigo pr\u00e9dio do Centro Educacional Dom Delfim, cujas instala\u00e7\u00f5es j\u00e1 n\u00e3o se mostravam adequadas para a realiza\u00e7\u00e3o dos servi\u00e7os.<\/p>\n<figure id=\"attachment_14068\" aria-describedby=\"caption-attachment-14068\" style=\"width: 290px\" class=\"wp-caption alignleft\"><a href=\"https:\/\/anoticiaonline.com.br\/site\/wp-content\/uploads\/2016\/06\/02.jpg\"><img decoding=\"async\" class=\"size-medium wp-image-14068\" src=\"https:\/\/anoticiaonline.com.br\/site\/wp-content\/uploads\/2016\/06\/02-300x200.jpg\" alt=\"Nova sede do Creas est\u00e1 localizada na Granja Dom Delfim\" width=\"300\" height=\"200\" srcset=\"https:\/\/anoticiaonline.com.br\/site\/wp-content\/uploads\/2016\/06\/02-300x200.jpg 300w, https:\/\/anoticiaonline.com.br\/site\/wp-content\/uploads\/2016\/06\/02.jpg 640w\" sizes=\"(max-width: 300px) 100vw, 300px\" \/><\/a><figcaption id=\"caption-attachment-14068\" class=\"wp-caption-text\">Nova sede do Creas est\u00e1 localizada na Granja Dom Delfim<\/figcaption><\/figure>\n<p>O Creas oferece prote\u00e7\u00e3o e atendimento especializado a fam\u00edlias e indiv\u00edduos em situa\u00e7\u00e3o de risco pessoal e social, tais como v\u00edtimas de viol\u00eancia f\u00edsica, psicol\u00f3gica e\/ou sexual, de trabalho infantil, neglig\u00eancia, abandono e discrimina\u00e7\u00e3o, entre outras possibilidades. A institui\u00e7\u00e3o presta servi\u00e7os de informa\u00e7\u00f5es, orienta\u00e7\u00e3o jur\u00eddica, apoio \u00e0 fam\u00edlia e de acesso \u00e0 documenta\u00e7\u00e3o pessoal, e, quando necess\u00e1rio, realiza o encaminhamento dos cidad\u00e3os aos demais servi\u00e7os p\u00fablicos de assist\u00eancia social existentes no munic\u00edpio.<\/p>\n<p><img decoding=\"async\" class=\"ngg_displayed_gallery mceItem\" src=\"https:\/\/anoticiaonline.com.br\/site\/nextgen-attach_to_post\/preview\/id--14091\" alt=\"\" \/><\/p>\n","protected":false},"excerpt":{"rendered":"<p>O prefeito Aloysio Aquino realizou, na noite de ter\u00e7a-feira (31), a abertura oficial da nova sede do Centro de Refer\u00eancia Especializado em Assist\u00eancia Social (Creas), localizada na Granja Dom Delfim. A nova unidade conta com ampla recep\u00e7\u00e3o para o p\u00fablico (equipada com aparelho de ar condicionado), cinco salas de atendimento (todas tamb\u00e9m devidamente climatizadas), arquivo, &#8230; <a title=\"Inaugurada a nova sede do Creas\" class=\"read-more\" href=\"https:\/\/anoticiaonline.com.br\/site\/inaugurada-a-nova-sede-do-creas\/\" aria-label=\"Read more about Inaugurada a nova sede do Creas\">Ler mais<\/a><\/p>\n","protected":false},"author":2,"featured_media":14067,"comment_status":"open","ping_status":"open","sticky":false,"template":"","format":"standard","meta":{"_acf_changed":false,"_monsterinsights_skip_tracking":false,"footnotes":""},"categories":[30],"tags":[3],"class_list":["post-14066","post","type-post","status-publish","format-standard","has-post-thumbnail","hentry","category-muriae","tag-slide"],"acf":[],"aioseo_notices":[],"aioseo_head":"\n\t\t<!-- All in One SEO 5.0.0.1 - aioseo.com -->\n\t<meta name=\"description\" content=\"O prefeito Aloysio Aquino realizou, na noite de ter\u00e7a-feira (31), a abertura oficial da nova sede do Centro de Refer\u00eancia Especializado em Assist\u00eancia Social (Creas), localizada na Granja Dom Delfim. A nova unidade conta com ampla recep\u00e7\u00e3o para o p\u00fablico (equipada com aparelho de ar condicionado), cinco salas de atendimento (todas tamb\u00e9m devidamente climatizadas), arquivo,\" \/>\n\t<meta name=\"robots\" content=\"max-image-preview:large\" \/>\n\t<meta name=\"author\" content=\"Juliana Laviola\"\/>\n\t<link rel=\"canonical\" href=\"https:\/\/anoticiaonline.com.br\/site\/inaugurada-a-nova-sede-do-creas\/\" \/>\n\t<meta name=\"generator\" content=\"All in One SEO (AIOSEO) 5.0.0.1\" \/>\n\t\t<meta property=\"og:locale\" content=\"pt_BR\" \/>\n\t\t<meta property=\"og:site_name\" content=\"A Not\u00edcia Online - Noticias de Muria\u00e9 e regi\u00e3o\" \/>\n\t\t<meta property=\"og:type\" content=\"article\" \/>\n\t\t<meta property=\"og:title\" content=\"Inaugurada a nova sede do Creas - A Not\u00edcia Online\" \/>\n\t\t<meta property=\"og:description\" content=\"O prefeito Aloysio Aquino realizou, na noite de ter\u00e7a-feira (31), a abertura oficial da nova sede do Centro de Refer\u00eancia Especializado em Assist\u00eancia Social (Creas), localizada na Granja Dom Delfim. A nova unidade conta com ampla recep\u00e7\u00e3o para o p\u00fablico (equipada com aparelho de ar condicionado), cinco salas de atendimento (todas tamb\u00e9m devidamente climatizadas), arquivo,\" \/>\n\t\t<meta property=\"og:url\" content=\"https:\/\/anoticiaonline.com.br\/site\/inaugurada-a-nova-sede-do-creas\/\" \/>\n\t\t<meta property=\"og:image\" content=\"https:\/\/scontent-gig4-1.xx.fbcdn.net\/v\/t39.30808-1\/270437624_4564083193639691_6907940295614233970_n.jpg?stp=dst-jpg_s200x200_tt6&#038;_nc_cat=111&#038;ccb=1-7&#038;_nc_sid=f907e8&#038;_nc_ohc=SM1wRlP3lJwQ7kNvwEPuBYA&#038;_nc_oc=AdnqrjDN_BNjSSHWO-GbkIWH6fkGMLw4bqvL_NH6e2wMveX7G-rP2dAqsDSq1mJMOaY&#038;_nc_zt=24&#038;_nc_ht=scontent-gig4-1.xx&#038;_nc_gid=AoBFJeGrT1hVaew_6rchkQ&#038;oh=00_AfX7QmFGhQhG2jAllVgXCiM1ZrWgvtp80-Bfppyexh1QEg&#038;oe=689E923C\" \/>\n\t\t<meta property=\"og:image:secure_url\" content=\"https:\/\/scontent-gig4-1.xx.fbcdn.net\/v\/t39.30808-1\/270437624_4564083193639691_6907940295614233970_n.jpg?stp=dst-jpg_s200x200_tt6&#038;_nc_cat=111&#038;ccb=1-7&#038;_nc_sid=f907e8&#038;_nc_ohc=SM1wRlP3lJwQ7kNvwEPuBYA&#038;_nc_oc=AdnqrjDN_BNjSSHWO-GbkIWH6fkGMLw4bqvL_NH6e2wMveX7G-rP2dAqsDSq1mJMOaY&#038;_nc_zt=24&#038;_nc_ht=scontent-gig4-1.xx&#038;_nc_gid=AoBFJeGrT1hVaew_6rchkQ&#038;oh=00_AfX7QmFGhQhG2jAllVgXCiM1ZrWgvtp80-Bfppyexh1QEg&#038;oe=689E923C\" \/>\n\t\t<meta property=\"article:published_time\" content=\"2016-06-01T11:57:02+00:00\" \/>\n\t\t<meta property=\"article:modified_time\" content=\"2016-06-01T12:39:25+00:00\" \/>\n\t\t<meta name=\"twitter:card\" content=\"summary_large_image\" \/>\n\t\t<meta name=\"twitter:title\" content=\"Inaugurada a nova sede do Creas - A Not\u00edcia Online\" \/>\n\t\t<meta name=\"twitter:description\" content=\"O prefeito Aloysio Aquino realizou, na noite de ter\u00e7a-feira (31), a abertura oficial da nova sede do Centro de Refer\u00eancia Especializado em Assist\u00eancia Social (Creas), localizada na Granja Dom Delfim. A nova unidade conta com ampla recep\u00e7\u00e3o para o p\u00fablico (equipada com aparelho de ar condicionado), cinco salas de atendimento (todas tamb\u00e9m devidamente climatizadas), arquivo,\" \/>\n\t\t<meta name=\"twitter:image\" content=\"https:\/\/scontent-gig4-1.xx.fbcdn.net\/v\/t39.30808-1\/270437624_4564083193639691_6907940295614233970_n.jpg?stp=dst-jpg_s200x200_tt6&amp;_nc_cat=111&amp;ccb=1-7&amp;_nc_sid=f907e8&amp;_nc_ohc=SM1wRlP3lJwQ7kNvwEPuBYA&amp;_nc_oc=AdnqrjDN_BNjSSHWO-GbkIWH6fkGMLw4bqvL_NH6e2wMveX7G-rP2dAqsDSq1mJMOaY&amp;_nc_zt=24&amp;_nc_ht=scontent-gig4-1.xx&amp;_nc_gid=AoBFJeGrT1hVaew_6rchkQ&amp;oh=00_AfX7QmFGhQhG2jAllVgXCiM1ZrWgvtp80-Bfppyexh1QEg&amp;oe=689E923C\" \/>\n\t\t<script type=\"application\/ld+json\" class=\"aioseo-schema\">\n\t\t\t{\"@context\":\"https:\\\/\\\/schema.org\",\"@graph\":[{\"@type\":\"BlogPosting\",\"@id\":\"https:\\\/\\\/anoticiaonline.com.br\\\/site\\\/inaugurada-a-nova-sede-do-creas\\\/#blogposting\",\"name\":\"Inaugurada a nova sede do Creas - A Not\\u00edcia Online\",\"headline\":\"Inaugurada a nova sede do Creas\",\"author\":{\"@id\":\"https:\\\/\\\/anoticiaonline.com.br\\\/site\\\/author\\\/juliana\\\/#author\"},\"publisher\":{\"@id\":\"https:\\\/\\\/anoticiaonline.com.br\\\/site\\\/#organization\"},\"image\":{\"@type\":\"ImageObject\",\"url\":\"https:\\\/\\\/anoticiaonline.com.br\\\/site\\\/wp-content\\\/uploads\\\/2016\\\/06\\\/01.jpg\",\"width\":640,\"height\":427},\"datePublished\":\"2016-06-01T08:57:02-03:00\",\"dateModified\":\"2016-06-01T09:39:25-03:00\",\"inLanguage\":\"pt-BR\",\"mainEntityOfPage\":{\"@id\":\"https:\\\/\\\/anoticiaonline.com.br\\\/site\\\/inaugurada-a-nova-sede-do-creas\\\/#webpage\"},\"isPartOf\":{\"@id\":\"https:\\\/\\\/anoticiaonline.com.br\\\/site\\\/inaugurada-a-nova-sede-do-creas\\\/#webpage\"},\"articleSection\":\"Blog, slide\"},{\"@type\":\"BreadcrumbList\",\"@id\":\"https:\\\/\\\/anoticiaonline.com.br\\\/site\\\/inaugurada-a-nova-sede-do-creas\\\/#breadcrumblist\",\"itemListElement\":[{\"@type\":\"ListItem\",\"@id\":\"https:\\\/\\\/anoticiaonline.com.br\\\/site#listItem\",\"position\":1,\"name\":\"Home\",\"item\":\"https:\\\/\\\/anoticiaonline.com.br\\\/site\",\"nextItem\":{\"@type\":\"ListItem\",\"@id\":\"https:\\\/\\\/anoticiaonline.com.br\\\/site\\\/categoria\\\/muriae\\\/#listItem\",\"name\":\"Blog\"}},{\"@type\":\"ListItem\",\"@id\":\"https:\\\/\\\/anoticiaonline.com.br\\\/site\\\/categoria\\\/muriae\\\/#listItem\",\"position\":2,\"name\":\"Blog\",\"item\":\"https:\\\/\\\/anoticiaonline.com.br\\\/site\\\/categoria\\\/muriae\\\/\",\"nextItem\":{\"@type\":\"ListItem\",\"@id\":\"https:\\\/\\\/anoticiaonline.com.br\\\/site\\\/inaugurada-a-nova-sede-do-creas\\\/#listItem\",\"name\":\"Inaugurada a nova sede do Creas\"},\"previousItem\":{\"@type\":\"ListItem\",\"@id\":\"https:\\\/\\\/anoticiaonline.com.br\\\/site#listItem\",\"name\":\"Home\"}},{\"@type\":\"ListItem\",\"@id\":\"https:\\\/\\\/anoticiaonline.com.br\\\/site\\\/inaugurada-a-nova-sede-do-creas\\\/#listItem\",\"position\":3,\"name\":\"Inaugurada a nova sede do Creas\",\"previousItem\":{\"@type\":\"ListItem\",\"@id\":\"https:\\\/\\\/anoticiaonline.com.br\\\/site\\\/categoria\\\/muriae\\\/#listItem\",\"name\":\"Blog\"}}]},{\"@type\":\"Organization\",\"@id\":\"https:\\\/\\\/anoticiaonline.com.br\\\/site\\\/#organization\",\"name\":\"A Not\\u00edcia Online\",\"description\":\"Noticias de Muria\\u00e9 e regi\\u00e3o\",\"url\":\"https:\\\/\\\/anoticiaonline.com.br\\\/site\\\/\",\"logo\":{\"@type\":\"ImageObject\",\"url\":\"https:\\\/\\\/scontent-gig4-1.xx.fbcdn.net\\\/v\\\/t39.30808-1\\\/270437624_4564083193639691_6907940295614233970_n.jpg?stp=dst-jpg_s200x200_tt6&_nc_cat=111&ccb=1-7&_nc_sid=f907e8&_nc_ohc=SM1wRlP3lJwQ7kNvwEPuBYA&_nc_oc=AdnqrjDN_BNjSSHWO-GbkIWH6fkGMLw4bqvL_NH6e2wMveX7G-rP2dAqsDSq1mJMOaY&_nc_zt=24&_nc_ht=scontent-gig4-1.xx&_nc_gid=AoBFJeGrT1hVaew_6rchkQ&oh=00_AfX7QmFGhQhG2jAllVgXCiM1ZrWgvtp80-Bfppyexh1QEg&oe=689E923C\",\"@id\":\"https:\\\/\\\/anoticiaonline.com.br\\\/site\\\/inaugurada-a-nova-sede-do-creas\\\/#organizationLogo\"},\"image\":{\"@id\":\"https:\\\/\\\/anoticiaonline.com.br\\\/site\\\/inaugurada-a-nova-sede-do-creas\\\/#organizationLogo\"}},{\"@type\":\"Person\",\"@id\":\"https:\\\/\\\/anoticiaonline.com.br\\\/site\\\/author\\\/juliana\\\/#author\",\"url\":\"https:\\\/\\\/anoticiaonline.com.br\\\/site\\\/author\\\/juliana\\\/\",\"name\":\"Juliana Laviola\",\"image\":{\"@type\":\"ImageObject\",\"@id\":\"https:\\\/\\\/anoticiaonline.com.br\\\/site\\\/inaugurada-a-nova-sede-do-creas\\\/#authorImage\",\"url\":\"https:\\\/\\\/secure.gravatar.com\\\/avatar\\\/b8d45f5c699b100dfaf0e543582f38f38bf94cb7ae3a5e9abf8d891a34773335?s=96&d=mm&r=g\",\"width\":96,\"height\":96,\"caption\":\"Juliana Laviola\"}},{\"@type\":\"WebPage\",\"@id\":\"https:\\\/\\\/anoticiaonline.com.br\\\/site\\\/inaugurada-a-nova-sede-do-creas\\\/#webpage\",\"url\":\"https:\\\/\\\/anoticiaonline.com.br\\\/site\\\/inaugurada-a-nova-sede-do-creas\\\/\",\"name\":\"Inaugurada a nova sede do Creas - A Not\\u00edcia Online\",\"description\":\"O prefeito Aloysio Aquino realizou, na noite de ter\\u00e7a-feira (31), a abertura oficial da nova sede do Centro de Refer\\u00eancia Especializado em Assist\\u00eancia Social (Creas), localizada na Granja Dom Delfim. A nova unidade conta com ampla recep\\u00e7\\u00e3o para o p\\u00fablico (equipada com aparelho de ar condicionado), cinco salas de atendimento (todas tamb\\u00e9m devidamente climatizadas), arquivo,\",\"inLanguage\":\"pt-BR\",\"isPartOf\":{\"@id\":\"https:\\\/\\\/anoticiaonline.com.br\\\/site\\\/#website\"},\"breadcrumb\":{\"@id\":\"https:\\\/\\\/anoticiaonline.com.br\\\/site\\\/inaugurada-a-nova-sede-do-creas\\\/#breadcrumblist\"},\"author\":{\"@id\":\"https:\\\/\\\/anoticiaonline.com.br\\\/site\\\/author\\\/juliana\\\/#author\"},\"creator\":{\"@id\":\"https:\\\/\\\/anoticiaonline.com.br\\\/site\\\/author\\\/juliana\\\/#author\"},\"image\":{\"@type\":\"ImageObject\",\"url\":\"https:\\\/\\\/anoticiaonline.com.br\\\/site\\\/wp-content\\\/uploads\\\/2016\\\/06\\\/01.jpg\",\"@id\":\"https:\\\/\\\/anoticiaonline.com.br\\\/site\\\/inaugurada-a-nova-sede-do-creas\\\/#mainImage\",\"width\":640,\"height\":427},\"primaryImageOfPage\":{\"@id\":\"https:\\\/\\\/anoticiaonline.com.br\\\/site\\\/inaugurada-a-nova-sede-do-creas\\\/#mainImage\"},\"datePublished\":\"2016-06-01T08:57:02-03:00\",\"dateModified\":\"2016-06-01T09:39:25-03:00\"},{\"@type\":\"WebSite\",\"@id\":\"https:\\\/\\\/anoticiaonline.com.br\\\/site\\\/#website\",\"url\":\"https:\\\/\\\/anoticiaonline.com.br\\\/site\\\/\",\"name\":\"A Not\\u00edcia Online\",\"description\":\"Noticias de Muria\\u00e9 e regi\\u00e3o\",\"inLanguage\":\"pt-BR\",\"publisher\":{\"@id\":\"https:\\\/\\\/anoticiaonline.com.br\\\/site\\\/#organization\"}}]}\n\t\t<\/script>\n\t\t<!-- All in One SEO -->\n\n","aioseo_head_json":{"title":"Inaugurada a nova sede do Creas - A Not\u00edcia Online","description":"O prefeito Aloysio Aquino realizou, na noite de ter\u00e7a-feira (31), a abertura oficial da nova sede do Centro de Refer\u00eancia Especializado em Assist\u00eancia Social (Creas), localizada na Granja Dom Delfim. A nova unidade conta com ampla recep\u00e7\u00e3o para o p\u00fablico (equipada com aparelho de ar condicionado), cinco salas de atendimento (todas tamb\u00e9m devidamente climatizadas), arquivo,","canonical_url":"https:\/\/anoticiaonline.com.br\/site\/inaugurada-a-nova-sede-do-creas\/","robots":"max-image-preview:large","keywords":"","webmasterTools":{"miscellaneous":""},"schema":{"@context":"https:\/\/schema.org","@graph":[{"@type":"BlogPosting","@id":"https:\/\/anoticiaonline.com.br\/site\/inaugurada-a-nova-sede-do-creas\/#blogposting","name":"Inaugurada a nova sede do Creas - A Not\u00edcia Online","headline":"Inaugurada a nova sede do Creas","author":{"@id":"https:\/\/anoticiaonline.com.br\/site\/author\/juliana\/#author"},"publisher":{"@id":"https:\/\/anoticiaonline.com.br\/site\/#organization"},"image":{"@type":"ImageObject","url":"https:\/\/anoticiaonline.com.br\/site\/wp-content\/uploads\/2016\/06\/01.jpg","width":640,"height":427},"datePublished":"2016-06-01T08:57:02-03:00","dateModified":"2016-06-01T09:39:25-03:00","inLanguage":"pt-BR","mainEntityOfPage":{"@id":"https:\/\/anoticiaonline.com.br\/site\/inaugurada-a-nova-sede-do-creas\/#webpage"},"isPartOf":{"@id":"https:\/\/anoticiaonline.com.br\/site\/inaugurada-a-nova-sede-do-creas\/#webpage"},"articleSection":"Blog, slide"},{"@type":"BreadcrumbList","@id":"https:\/\/anoticiaonline.com.br\/site\/inaugurada-a-nova-sede-do-creas\/#breadcrumblist","itemListElement":[{"@type":"ListItem","@id":"https:\/\/anoticiaonline.com.br\/site#listItem","position":1,"name":"Home","item":"https:\/\/anoticiaonline.com.br\/site","nextItem":{"@type":"ListItem","@id":"https:\/\/anoticiaonline.com.br\/site\/categoria\/muriae\/#listItem","name":"Blog"}},{"@type":"ListItem","@id":"https:\/\/anoticiaonline.com.br\/site\/categoria\/muriae\/#listItem","position":2,"name":"Blog","item":"https:\/\/anoticiaonline.com.br\/site\/categoria\/muriae\/","nextItem":{"@type":"ListItem","@id":"https:\/\/anoticiaonline.com.br\/site\/inaugurada-a-nova-sede-do-creas\/#listItem","name":"Inaugurada a nova sede do Creas"},"previousItem":{"@type":"ListItem","@id":"https:\/\/anoticiaonline.com.br\/site#listItem","name":"Home"}},{"@type":"ListItem","@id":"https:\/\/anoticiaonline.com.br\/site\/inaugurada-a-nova-sede-do-creas\/#listItem","position":3,"name":"Inaugurada a nova sede do Creas","previousItem":{"@type":"ListItem","@id":"https:\/\/anoticiaonline.com.br\/site\/categoria\/muriae\/#listItem","name":"Blog"}}]},{"@type":"Organization","@id":"https:\/\/anoticiaonline.com.br\/site\/#organization","name":"A Not\u00edcia Online","description":"Noticias de Muria\u00e9 e regi\u00e3o","url":"https:\/\/anoticiaonline.com.br\/site\/","logo":{"@type":"ImageObject","url":"https:\/\/scontent-gig4-1.xx.fbcdn.net\/v\/t39.30808-1\/270437624_4564083193639691_6907940295614233970_n.jpg?stp=dst-jpg_s200x200_tt6&_nc_cat=111&ccb=1-7&_nc_sid=f907e8&_nc_ohc=SM1wRlP3lJwQ7kNvwEPuBYA&_nc_oc=AdnqrjDN_BNjSSHWO-GbkIWH6fkGMLw4bqvL_NH6e2wMveX7G-rP2dAqsDSq1mJMOaY&_nc_zt=24&_nc_ht=scontent-gig4-1.xx&_nc_gid=AoBFJeGrT1hVaew_6rchkQ&oh=00_AfX7QmFGhQhG2jAllVgXCiM1ZrWgvtp80-Bfppyexh1QEg&oe=689E923C","@id":"https:\/\/anoticiaonline.com.br\/site\/inaugurada-a-nova-sede-do-creas\/#organizationLogo"},"image":{"@id":"https:\/\/anoticiaonline.com.br\/site\/inaugurada-a-nova-sede-do-creas\/#organizationLogo"}},{"@type":"Person","@id":"https:\/\/anoticiaonline.com.br\/site\/author\/juliana\/#author","url":"https:\/\/anoticiaonline.com.br\/site\/author\/juliana\/","name":"Juliana Laviola","image":{"@type":"ImageObject","@id":"https:\/\/anoticiaonline.com.br\/site\/inaugurada-a-nova-sede-do-creas\/#authorImage","url":"https:\/\/secure.gravatar.com\/avatar\/b8d45f5c699b100dfaf0e543582f38f38bf94cb7ae3a5e9abf8d891a34773335?s=96&d=mm&r=g","width":96,"height":96,"caption":"Juliana Laviola"}},{"@type":"WebPage","@id":"https:\/\/anoticiaonline.com.br\/site\/inaugurada-a-nova-sede-do-creas\/#webpage","url":"https:\/\/anoticiaonline.com.br\/site\/inaugurada-a-nova-sede-do-creas\/","name":"Inaugurada a nova sede do Creas - A Not\u00edcia Online","description":"O prefeito Aloysio Aquino realizou, na noite de ter\u00e7a-feira (31), a abertura oficial da nova sede do Centro de Refer\u00eancia Especializado em Assist\u00eancia Social (Creas), localizada na Granja Dom Delfim. A nova unidade conta com ampla recep\u00e7\u00e3o para o p\u00fablico (equipada com aparelho de ar condicionado), cinco salas de atendimento (todas tamb\u00e9m devidamente climatizadas), arquivo,","inLanguage":"pt-BR","isPartOf":{"@id":"https:\/\/anoticiaonline.com.br\/site\/#website"},"breadcrumb":{"@id":"https:\/\/anoticiaonline.com.br\/site\/inaugurada-a-nova-sede-do-creas\/#breadcrumblist"},"author":{"@id":"https:\/\/anoticiaonline.com.br\/site\/author\/juliana\/#author"},"creator":{"@id":"https:\/\/anoticiaonline.com.br\/site\/author\/juliana\/#author"},"image":{"@type":"ImageObject","url":"https:\/\/anoticiaonline.com.br\/site\/wp-content\/uploads\/2016\/06\/01.jpg","@id":"https:\/\/anoticiaonline.com.br\/site\/inaugurada-a-nova-sede-do-creas\/#mainImage","width":640,"height":427},"primaryImageOfPage":{"@id":"https:\/\/anoticiaonline.com.br\/site\/inaugurada-a-nova-sede-do-creas\/#mainImage"},"datePublished":"2016-06-01T08:57:02-03:00","dateModified":"2016-06-01T09:39:25-03:00"},{"@type":"WebSite","@id":"https:\/\/anoticiaonline.com.br\/site\/#website","url":"https:\/\/anoticiaonline.com.br\/site\/","name":"A Not\u00edcia Online","description":"Noticias de Muria\u00e9 e regi\u00e3o","inLanguage":"pt-BR","publisher":{"@id":"https:\/\/anoticiaonline.com.br\/site\/#organization"}}]},"og:locale":"pt_BR","og:site_name":"A Not\u00edcia Online - Noticias de Muria\u00e9 e regi\u00e3o","og:type":"article","og:title":"Inaugurada a nova sede do Creas - A Not\u00edcia Online","og:description":"O prefeito Aloysio Aquino realizou, na noite de ter\u00e7a-feira (31), a abertura oficial da nova sede do Centro de Refer\u00eancia Especializado em Assist\u00eancia Social (Creas), localizada na Granja Dom Delfim. A nova unidade conta com ampla recep\u00e7\u00e3o para o p\u00fablico (equipada com aparelho de ar condicionado), cinco salas de atendimento (todas tamb\u00e9m devidamente climatizadas), arquivo,","og:url":"https:\/\/anoticiaonline.com.br\/site\/inaugurada-a-nova-sede-do-creas\/","og:image":"https:\/\/scontent-gig4-1.xx.fbcdn.net\/v\/t39.30808-1\/270437624_4564083193639691_6907940295614233970_n.jpg?stp=dst-jpg_s200x200_tt6&#038;_nc_cat=111&#038;ccb=1-7&#038;_nc_sid=f907e8&#038;_nc_ohc=SM1wRlP3lJwQ7kNvwEPuBYA&#038;_nc_oc=AdnqrjDN_BNjSSHWO-GbkIWH6fkGMLw4bqvL_NH6e2wMveX7G-rP2dAqsDSq1mJMOaY&#038;_nc_zt=24&#038;_nc_ht=scontent-gig4-1.xx&#038;_nc_gid=AoBFJeGrT1hVaew_6rchkQ&#038;oh=00_AfX7QmFGhQhG2jAllVgXCiM1ZrWgvtp80-Bfppyexh1QEg&#038;oe=689E923C","og:image:secure_url":"https:\/\/scontent-gig4-1.xx.fbcdn.net\/v\/t39.30808-1\/270437624_4564083193639691_6907940295614233970_n.jpg?stp=dst-jpg_s200x200_tt6&#038;_nc_cat=111&#038;ccb=1-7&#038;_nc_sid=f907e8&#038;_nc_ohc=SM1wRlP3lJwQ7kNvwEPuBYA&#038;_nc_oc=AdnqrjDN_BNjSSHWO-GbkIWH6fkGMLw4bqvL_NH6e2wMveX7G-rP2dAqsDSq1mJMOaY&#038;_nc_zt=24&#038;_nc_ht=scontent-gig4-1.xx&#038;_nc_gid=AoBFJeGrT1hVaew_6rchkQ&#038;oh=00_AfX7QmFGhQhG2jAllVgXCiM1ZrWgvtp80-Bfppyexh1QEg&#038;oe=689E923C","article:published_time":"2016-06-01T11:57:02+00:00","article:modified_time":"2016-06-01T12:39:25+00:00","twitter:card":"summary_large_image","twitter:title":"Inaugurada a nova sede do Creas - A Not\u00edcia Online","twitter:description":"O prefeito Aloysio Aquino realizou, na noite de ter\u00e7a-feira (31), a abertura oficial da nova sede do Centro de Refer\u00eancia Especializado em Assist\u00eancia Social (Creas), localizada na Granja Dom Delfim. A nova unidade conta com ampla recep\u00e7\u00e3o para o p\u00fablico (equipada com aparelho de ar condicionado), cinco salas de atendimento (todas tamb\u00e9m devidamente climatizadas), arquivo,","twitter:image":"https:\/\/scontent-gig4-1.xx.fbcdn.net\/v\/t39.30808-1\/270437624_4564083193639691_6907940295614233970_n.jpg?stp=dst-jpg_s200x200_tt6&_nc_cat=111&ccb=1-7&_nc_sid=f907e8&_nc_ohc=SM1wRlP3lJwQ7kNvwEPuBYA&_nc_oc=AdnqrjDN_BNjSSHWO-GbkIWH6fkGMLw4bqvL_NH6e2wMveX7G-rP2dAqsDSq1mJMOaY&_nc_zt=24&_nc_ht=scontent-gig4-1.xx&_nc_gid=AoBFJeGrT1hVaew_6rchkQ&oh=00_AfX7QmFGhQhG2jAllVgXCiM1ZrWgvtp80-Bfppyexh1QEg&oe=689E923C"},"aioseo_meta_data":{"post_id":"14066","title":null,"description":null,"keywords":null,"keyphrases":null,"primary_term":null,"canonical_url":null,"og_title":null,"og_description":null,"og_object_type":"default","og_image_type":"default","og_image_url":null,"og_image_width":null,"og_image_height":null,"og_image_custom_url":null,"og_image_custom_fields":null,"og_video":null,"og_custom_url":null,"og_article_section":null,"og_article_tags":null,"twitter_use_og":false,"twitter_card":"default","twitter_image_type":"default","twitter_image_url":null,"twitter_image_custom_url":null,"twitter_image_custom_fields":null,"twitter_title":null,"twitter_description":null,"schema":{"blockGraphs":[],"customGraphs":[],"default":{"data":{"Article":[],"Course":[],"Dataset":[],"FAQPage":[],"Movie":[],"Person":[],"Product":[],"ProductReview":[],"Car":[],"Recipe":[],"Service":[],"SoftwareApplication":[],"WebPage":[]},"graphName":"","isEnabled":true},"graphs":[]},"schema_type":"default","schema_type_options":null,"pillar_content":false,"robots_default":true,"robots_noindex":false,"robots_noarchive":false,"robots_nosnippet":false,"robots_nofollow":false,"robots_noimageindex":false,"robots_noodp":false,"robots_notranslate":false,"robots_max_snippet":null,"robots_max_videopreview":null,"robots_max_imagepreview":"large","priority":null,"frequency":null,"local_seo":null,"breadcrumb_settings":null,"limit_modified_date":false,"ai":null,"created":"2025-08-16 16:06:22","updated":"2025-08-16 16:06:22","focus_keyword":null,"additional_keywords":null,"truseo_locale":null,"seo_analyzer_scan_date":null},"aioseo_breadcrumb":"<div class=\"aioseo-breadcrumbs\"><span class=\"aioseo-breadcrumb\">\n\t\t\t<a href=\"https:\/\/anoticiaonline.com.br\/site\" title=\"Home\">Home<\/a>\n\t\t<\/span><span class=\"aioseo-breadcrumb-separator\">&raquo;<\/span><span class=\"aioseo-breadcrumb\">\n\t\t\t<a href=\"https:\/\/anoticiaonline.com.br\/site\/categoria\/muriae\/\" title=\"Blog\">Blog<\/a>\n\t\t<\/span><span class=\"aioseo-breadcrumb-separator\">&raquo;<\/span><span class=\"aioseo-breadcrumb\">\n\t\t\tInaugurada a nova sede do Creas\n\t\t<\/span><\/div>","aioseo_breadcrumb_json":[{"label":"Home","link":"https:\/\/anoticiaonline.com.br\/site"},{"label":"Blog","link":"https:\/\/anoticiaonline.com.br\/site\/categoria\/muriae\/"},{"label":"Inaugurada a nova sede do Creas","link":"https:\/\/anoticiaonline.com.br\/site\/inaugurada-a-nova-sede-do-creas\/"}],"views":151,"_links":{"self":[{"href":"https:\/\/anoticiaonline.com.br\/site\/wp-json\/wp\/v2\/posts\/14066","targetHints":{"allow":["GET"]}}],"collection":[{"href":"https:\/\/anoticiaonline.com.br\/site\/wp-json\/wp\/v2\/posts"}],"about":[{"href":"https:\/\/anoticiaonline.com.br\/site\/wp-json\/wp\/v2\/types\/post"}],"author":[{"embeddable":true,"href":"https:\/\/anoticiaonline.com.br\/site\/wp-json\/wp\/v2\/users\/2"}],"replies":[{"embeddable":true,"href":"https:\/\/anoticiaonline.com.br\/site\/wp-json\/wp\/v2\/comments?post=14066"}],"version-history":[{"count":0,"href":"https:\/\/anoticiaonline.com.br\/site\/wp-json\/wp\/v2\/posts\/14066\/revisions"}],"wp:featuredmedia":[{"embeddable":true,"href":"https:\/\/anoticiaonline.com.br\/site\/wp-json\/wp\/v2\/media\/14067"}],"wp:attachment":[{"href":"https:\/\/anoticiaonline.com.br\/site\/wp-json\/wp\/v2\/media?parent=14066"}],"wp:term":[{"taxonomy":"category","embeddable":true,"href":"https:\/\/anoticiaonline.com.br\/site\/wp-json\/wp\/v2\/categories?post=14066"},{"taxonomy":"post_tag","embeddable":true,"href":"https:\/\/anoticiaonline.com.br\/site\/wp-json\/wp\/v2\/tags?post=14066"}],"curies":[{"name":"wp","href":"https:\/\/api.w.org\/{rel}","templated":true}]}}