{"id":13983,"date":"2016-05-31T11:38:30","date_gmt":"2016-05-31T14:38:30","guid":{"rendered":"http:\/\/anoticiaonline.com.br\/site\/?p=13983"},"modified":"2016-06-06T09:53:11","modified_gmt":"2016-06-06T12:53:11","slug":"workshop-sobre-elaboracao-de-aderecos-e-fantasias-carnavalescas","status":"publish","type":"post","link":"https:\/\/anoticiaonline.com.br\/site\/workshop-sobre-elaboracao-de-aderecos-e-fantasias-carnavalescas\/","title":{"rendered":"Workshop sobre elabora\u00e7\u00e3o de adere\u00e7os e fantasias carnavalescas"},"content":{"rendered":"<p><a href=\"https:\/\/anoticiaonline.com.br\/site\/wp-content\/uploads\/2016\/05\/DSC_0177.jpg\"><img fetchpriority=\"high\" decoding=\"async\" class=\" size-medium wp-image-13984 alignleft\" src=\"https:\/\/anoticiaonline.com.br\/site\/wp-content\/uploads\/2016\/05\/DSC_0177-300x201.jpg\" alt=\"DSC_0177\" width=\"300\" height=\"201\" srcset=\"https:\/\/anoticiaonline.com.br\/site\/wp-content\/uploads\/2016\/05\/DSC_0177-300x201.jpg 300w, https:\/\/anoticiaonline.com.br\/site\/wp-content\/uploads\/2016\/05\/DSC_0177.jpg 640w\" sizes=\"(max-width: 300px) 100vw, 300px\" \/><\/a>O carnavalesco Clebio Freire de Freitas, da Escola de Samba Palmeirinha, do Rio de Janeiro, esteve em Muria\u00e9 no final de semana para ministrar o \u201cIII Workshop de Elabora\u00e7\u00e3o de Adere\u00e7os e Fantasias Carnavalescas\u201d. Organizado pelo tamb\u00e9m carnavalesco Carlinhos Scarleth, o workshop visa aprimorar a cria\u00e7\u00e3o e confec\u00e7\u00e3o de fantasias e adere\u00e7os carnavalescos na cidade.<\/p>\n<p>Durante tr\u00eas dias de workshop \u2013 o evento, que foi realizado no Sal\u00e3o Paroquial Padre Tiago, no bairro Santa Terezinha, come\u00e7ou na \u00faltima sexta-feira (27) e terminou na tarde de domingo (29) &#8211; foram produzidas quatro fantasias, sendo duas de musas e uma de casal de mestre-sala e uma de porta-bandeira. Quem participou do workshop p\u00f4de aprender sobre o corte dos tecidos, a parte t\u00e9cnica de adere\u00e7os e pedrarias, a coloca\u00e7\u00e3o de plumagem e a finaliza\u00e7\u00e3o de ferragens. \u201cEnfim, \u00e9 um curso completo. O que foi feito aqui em Muria\u00e9 foi a n\u00edvel de Rio de Janeiro. Fiquei surpreendido pelo empenho da comunidade. Fiquei muito satisfeito com o resultado, o acabamento das fantasias e adere\u00e7os e a for\u00e7a de vontade dos participantes\u201d, afirma Clebio, citando, ainda, que a confec\u00e7\u00e3o de adere\u00e7os pode se tornar uma fonte de renda para os artes\u00e3os. A secret\u00e1ria municipal de Turismo, Ana L\u00facia Dutra Rodrigues Carvalho e a secret\u00e1ria municipal de Obras P\u00fablicas, Miriam Facchini, no momento licenciada do cargo, estiveram presentes na abertura do evento.<\/p>\n<p>Esta \u00e9 a segunda vez que Clebio vem a Muria\u00e9. \u201cAno passado eu participei desse evento e surgiu o convite para que em 2016 eu pudesse participar do carnaval do Santa Terezinha e fizesse sua produ\u00e7\u00e3o. Com o sucesso desse carnaval, surgiu o convite para ministrar esse workshop\u201d, relata o carnavalesco, que contou com a assist\u00eancia de mais quatro profissionais,\u00a0 Joana D\u2019arc, Raquel Duleg, Quinho do Ogum e o carnavalesco muriaeense, Rom\u00e1rio Sales, durante o evento.<\/p>\n<p>Cerca de 40 pessoas participaram do workshop. Od\u00edlia Maria da Concei\u00e7\u00e3o, moradora do Santa Terezinha, participou do curso pela segunda vez. Segundo ela, o workshop \u00e9 \u201cmuito proveitoso\u201d. \u201cSe tiver outro, eu farei novamente. Cada curso \u00e9 um curso diferente. Nele, aprendemos sobre coisas que podemos empregar no nosso dia a dia, para ganhar um dinheiro extra e ajudar a nossa comunidade na \u00e9poca do carnaval. Estou pronta para ajudar a minha comunidade\u201d, diz. Ao final, foi entregue um certificado aos participantes.<\/p>\n<p>O organizador, Carlos Scarleth, agradece a participa\u00e7\u00e3o dos moradores do bairro Santa Terezinha, do prefeito Aloysio Aquino, do presidente da Escola de Samba Unidos do Santa Terezinha, Cl\u00e1udio Roberto Ventura, o presidente da Escola de Samba Unidos do S\u00e3o Joaquim, Ad\u00edlio Silva, aos carnavalescos da Unidos do S\u00e3o Joaquim que participaram do curso, Alex Silva e Joice Santos, a advogada Jussara Cambraia e a todos que contribu\u00edram com a realiza\u00e7\u00e3o do evento.<\/p>\n<p>O workshop contou com o apoio da Lei Municipal de Incentivo \u00e0 Cultura, ao Esporte e ao Turismo Alcyr Pires Vermelho, da Prefeitura de Muria\u00e9, da Fundarte e da Liga Carnavalesca de Muria\u00e9 (Licamur).<\/p>\n<p><a href=\"https:\/\/anoticiaonline.com.br\/site\/wp-content\/uploads\/2016\/05\/Logos1.jpg\"><img decoding=\"async\" class=\"   aligncenter wp-image-14292\" src=\"https:\/\/anoticiaonline.com.br\/site\/wp-content\/uploads\/2016\/05\/Logos1.jpg\" alt=\"\" width=\"480\" height=\"76\" srcset=\"https:\/\/anoticiaonline.com.br\/site\/wp-content\/uploads\/2016\/05\/Logos1.jpg 640w, https:\/\/anoticiaonline.com.br\/site\/wp-content\/uploads\/2016\/05\/Logos1-300x47.jpg 300w\" sizes=\"(max-width: 480px) 100vw, 480px\" \/><\/a><\/p>\n<p>&nbsp;<\/p>\n<p><img decoding=\"async\" class=\"ngg_displayed_gallery mceItem\" src=\"https:\/\/anoticiaonline.com.br\/site\/nextgen-attach_to_post\/preview\/id--14014\" alt=\"\" \/><\/p>\n","protected":false},"excerpt":{"rendered":"<p>O carnavalesco Clebio Freire de Freitas, da Escola de Samba Palmeirinha, do Rio de Janeiro, esteve em Muria\u00e9 no final de semana para ministrar o \u201cIII Workshop de Elabora\u00e7\u00e3o de Adere\u00e7os e Fantasias Carnavalescas\u201d. Organizado pelo tamb\u00e9m carnavalesco Carlinhos Scarleth, o workshop visa aprimorar a cria\u00e7\u00e3o e confec\u00e7\u00e3o de fantasias e adere\u00e7os carnavalescos na cidade. &#8230; <a title=\"Workshop sobre elabora\u00e7\u00e3o de adere\u00e7os e fantasias carnavalescas\" class=\"read-more\" href=\"https:\/\/anoticiaonline.com.br\/site\/workshop-sobre-elaboracao-de-aderecos-e-fantasias-carnavalescas\/\" aria-label=\"Read more about Workshop sobre elabora\u00e7\u00e3o de adere\u00e7os e fantasias carnavalescas\">Ler mais<\/a><\/p>\n","protected":false},"author":2,"featured_media":13984,"comment_status":"open","ping_status":"open","sticky":false,"template":"","format":"standard","meta":{"_acf_changed":false,"_monsterinsights_skip_tracking":false,"footnotes":""},"categories":[24],"tags":[3],"class_list":["post-13983","post","type-post","status-publish","format-standard","has-post-thumbnail","hentry","category-eventos","tag-slide"],"acf":[],"aioseo_notices":[],"aioseo_head":"\n\t\t<!-- All in One SEO 5.0.0.1 - aioseo.com -->\n\t<meta name=\"description\" content=\"O carnavalesco Clebio Freire de Freitas, da Escola de Samba Palmeirinha, do Rio de Janeiro, esteve em Muria\u00e9 no final de semana para ministrar o \u201cIII Workshop de Elabora\u00e7\u00e3o de Adere\u00e7os e Fantasias Carnavalescas\u201d. Organizado pelo tamb\u00e9m carnavalesco Carlinhos Scarleth, o workshop visa aprimorar a cria\u00e7\u00e3o e confec\u00e7\u00e3o de fantasias e adere\u00e7os carnavalescos na cidade.\" \/>\n\t<meta name=\"robots\" content=\"max-image-preview:large\" \/>\n\t<meta name=\"author\" content=\"Juliana Laviola\"\/>\n\t<link rel=\"canonical\" href=\"https:\/\/anoticiaonline.com.br\/site\/workshop-sobre-elaboracao-de-aderecos-e-fantasias-carnavalescas\/\" \/>\n\t<meta name=\"generator\" content=\"All in One SEO (AIOSEO) 5.0.0.1\" \/>\n\t\t<meta property=\"og:locale\" content=\"pt_BR\" \/>\n\t\t<meta property=\"og:site_name\" content=\"A Not\u00edcia Online - Noticias de Muria\u00e9 e regi\u00e3o\" \/>\n\t\t<meta property=\"og:type\" content=\"article\" \/>\n\t\t<meta property=\"og:title\" content=\"Workshop sobre elabora\u00e7\u00e3o de adere\u00e7os e fantasias carnavalescas - A Not\u00edcia Online\" \/>\n\t\t<meta property=\"og:description\" content=\"O carnavalesco Clebio Freire de Freitas, da Escola de Samba Palmeirinha, do Rio de Janeiro, esteve em Muria\u00e9 no final de semana para ministrar o \u201cIII Workshop de Elabora\u00e7\u00e3o de Adere\u00e7os e Fantasias Carnavalescas\u201d. Organizado pelo tamb\u00e9m carnavalesco Carlinhos Scarleth, o workshop visa aprimorar a cria\u00e7\u00e3o e confec\u00e7\u00e3o de fantasias e adere\u00e7os carnavalescos na cidade.\" \/>\n\t\t<meta property=\"og:url\" content=\"https:\/\/anoticiaonline.com.br\/site\/workshop-sobre-elaboracao-de-aderecos-e-fantasias-carnavalescas\/\" \/>\n\t\t<meta property=\"og:image\" content=\"https:\/\/scontent-gig4-1.xx.fbcdn.net\/v\/t39.30808-1\/270437624_4564083193639691_6907940295614233970_n.jpg?stp=dst-jpg_s200x200_tt6&#038;_nc_cat=111&#038;ccb=1-7&#038;_nc_sid=f907e8&#038;_nc_ohc=SM1wRlP3lJwQ7kNvwEPuBYA&#038;_nc_oc=AdnqrjDN_BNjSSHWO-GbkIWH6fkGMLw4bqvL_NH6e2wMveX7G-rP2dAqsDSq1mJMOaY&#038;_nc_zt=24&#038;_nc_ht=scontent-gig4-1.xx&#038;_nc_gid=AoBFJeGrT1hVaew_6rchkQ&#038;oh=00_AfX7QmFGhQhG2jAllVgXCiM1ZrWgvtp80-Bfppyexh1QEg&#038;oe=689E923C\" \/>\n\t\t<meta property=\"og:image:secure_url\" content=\"https:\/\/scontent-gig4-1.xx.fbcdn.net\/v\/t39.30808-1\/270437624_4564083193639691_6907940295614233970_n.jpg?stp=dst-jpg_s200x200_tt6&#038;_nc_cat=111&#038;ccb=1-7&#038;_nc_sid=f907e8&#038;_nc_ohc=SM1wRlP3lJwQ7kNvwEPuBYA&#038;_nc_oc=AdnqrjDN_BNjSSHWO-GbkIWH6fkGMLw4bqvL_NH6e2wMveX7G-rP2dAqsDSq1mJMOaY&#038;_nc_zt=24&#038;_nc_ht=scontent-gig4-1.xx&#038;_nc_gid=AoBFJeGrT1hVaew_6rchkQ&#038;oh=00_AfX7QmFGhQhG2jAllVgXCiM1ZrWgvtp80-Bfppyexh1QEg&#038;oe=689E923C\" \/>\n\t\t<meta property=\"article:published_time\" content=\"2016-05-31T14:38:30+00:00\" \/>\n\t\t<meta property=\"article:modified_time\" content=\"2016-06-06T12:53:11+00:00\" \/>\n\t\t<meta name=\"twitter:card\" content=\"summary_large_image\" \/>\n\t\t<meta name=\"twitter:title\" content=\"Workshop sobre elabora\u00e7\u00e3o de adere\u00e7os e fantasias carnavalescas - A Not\u00edcia Online\" \/>\n\t\t<meta name=\"twitter:description\" content=\"O carnavalesco Clebio Freire de Freitas, da Escola de Samba Palmeirinha, do Rio de Janeiro, esteve em Muria\u00e9 no final de semana para ministrar o \u201cIII Workshop de Elabora\u00e7\u00e3o de Adere\u00e7os e Fantasias Carnavalescas\u201d. Organizado pelo tamb\u00e9m carnavalesco Carlinhos Scarleth, o workshop visa aprimorar a cria\u00e7\u00e3o e confec\u00e7\u00e3o de fantasias e adere\u00e7os carnavalescos na cidade.\" \/>\n\t\t<meta name=\"twitter:image\" content=\"https:\/\/scontent-gig4-1.xx.fbcdn.net\/v\/t39.30808-1\/270437624_4564083193639691_6907940295614233970_n.jpg?stp=dst-jpg_s200x200_tt6&amp;_nc_cat=111&amp;ccb=1-7&amp;_nc_sid=f907e8&amp;_nc_ohc=SM1wRlP3lJwQ7kNvwEPuBYA&amp;_nc_oc=AdnqrjDN_BNjSSHWO-GbkIWH6fkGMLw4bqvL_NH6e2wMveX7G-rP2dAqsDSq1mJMOaY&amp;_nc_zt=24&amp;_nc_ht=scontent-gig4-1.xx&amp;_nc_gid=AoBFJeGrT1hVaew_6rchkQ&amp;oh=00_AfX7QmFGhQhG2jAllVgXCiM1ZrWgvtp80-Bfppyexh1QEg&amp;oe=689E923C\" \/>\n\t\t<script type=\"application\/ld+json\" class=\"aioseo-schema\">\n\t\t\t{\"@context\":\"https:\\\/\\\/schema.org\",\"@graph\":[{\"@type\":\"BlogPosting\",\"@id\":\"https:\\\/\\\/anoticiaonline.com.br\\\/site\\\/workshop-sobre-elaboracao-de-aderecos-e-fantasias-carnavalescas\\\/#blogposting\",\"name\":\"Workshop sobre elabora\\u00e7\\u00e3o de adere\\u00e7os e fantasias carnavalescas - A Not\\u00edcia Online\",\"headline\":\"Workshop sobre elabora\\u00e7\\u00e3o de adere\\u00e7os e fantasias carnavalescas\",\"author\":{\"@id\":\"https:\\\/\\\/anoticiaonline.com.br\\\/site\\\/author\\\/juliana\\\/#author\"},\"publisher\":{\"@id\":\"https:\\\/\\\/anoticiaonline.com.br\\\/site\\\/#organization\"},\"image\":{\"@type\":\"ImageObject\",\"url\":\"https:\\\/\\\/anoticiaonline.com.br\\\/site\\\/wp-content\\\/uploads\\\/2016\\\/05\\\/DSC_0177.jpg\",\"width\":640,\"height\":429},\"datePublished\":\"2016-05-31T11:38:30-03:00\",\"dateModified\":\"2016-06-06T09:53:11-03:00\",\"inLanguage\":\"pt-BR\",\"mainEntityOfPage\":{\"@id\":\"https:\\\/\\\/anoticiaonline.com.br\\\/site\\\/workshop-sobre-elaboracao-de-aderecos-e-fantasias-carnavalescas\\\/#webpage\"},\"isPartOf\":{\"@id\":\"https:\\\/\\\/anoticiaonline.com.br\\\/site\\\/workshop-sobre-elaboracao-de-aderecos-e-fantasias-carnavalescas\\\/#webpage\"},\"articleSection\":\"Eventos, slide\"},{\"@type\":\"BreadcrumbList\",\"@id\":\"https:\\\/\\\/anoticiaonline.com.br\\\/site\\\/workshop-sobre-elaboracao-de-aderecos-e-fantasias-carnavalescas\\\/#breadcrumblist\",\"itemListElement\":[{\"@type\":\"ListItem\",\"@id\":\"https:\\\/\\\/anoticiaonline.com.br\\\/site#listItem\",\"position\":1,\"name\":\"Home\",\"item\":\"https:\\\/\\\/anoticiaonline.com.br\\\/site\",\"nextItem\":{\"@type\":\"ListItem\",\"@id\":\"https:\\\/\\\/anoticiaonline.com.br\\\/site\\\/categoria\\\/eventos\\\/#listItem\",\"name\":\"Eventos\"}},{\"@type\":\"ListItem\",\"@id\":\"https:\\\/\\\/anoticiaonline.com.br\\\/site\\\/categoria\\\/eventos\\\/#listItem\",\"position\":2,\"name\":\"Eventos\",\"item\":\"https:\\\/\\\/anoticiaonline.com.br\\\/site\\\/categoria\\\/eventos\\\/\",\"nextItem\":{\"@type\":\"ListItem\",\"@id\":\"https:\\\/\\\/anoticiaonline.com.br\\\/site\\\/workshop-sobre-elaboracao-de-aderecos-e-fantasias-carnavalescas\\\/#listItem\",\"name\":\"Workshop sobre elabora\\u00e7\\u00e3o de adere\\u00e7os e fantasias carnavalescas\"},\"previousItem\":{\"@type\":\"ListItem\",\"@id\":\"https:\\\/\\\/anoticiaonline.com.br\\\/site#listItem\",\"name\":\"Home\"}},{\"@type\":\"ListItem\",\"@id\":\"https:\\\/\\\/anoticiaonline.com.br\\\/site\\\/workshop-sobre-elaboracao-de-aderecos-e-fantasias-carnavalescas\\\/#listItem\",\"position\":3,\"name\":\"Workshop sobre elabora\\u00e7\\u00e3o de adere\\u00e7os e fantasias carnavalescas\",\"previousItem\":{\"@type\":\"ListItem\",\"@id\":\"https:\\\/\\\/anoticiaonline.com.br\\\/site\\\/categoria\\\/eventos\\\/#listItem\",\"name\":\"Eventos\"}}]},{\"@type\":\"Organization\",\"@id\":\"https:\\\/\\\/anoticiaonline.com.br\\\/site\\\/#organization\",\"name\":\"A Not\\u00edcia Online\",\"description\":\"Noticias de Muria\\u00e9 e regi\\u00e3o\",\"url\":\"https:\\\/\\\/anoticiaonline.com.br\\\/site\\\/\",\"logo\":{\"@type\":\"ImageObject\",\"url\":\"https:\\\/\\\/scontent-gig4-1.xx.fbcdn.net\\\/v\\\/t39.30808-1\\\/270437624_4564083193639691_6907940295614233970_n.jpg?stp=dst-jpg_s200x200_tt6&_nc_cat=111&ccb=1-7&_nc_sid=f907e8&_nc_ohc=SM1wRlP3lJwQ7kNvwEPuBYA&_nc_oc=AdnqrjDN_BNjSSHWO-GbkIWH6fkGMLw4bqvL_NH6e2wMveX7G-rP2dAqsDSq1mJMOaY&_nc_zt=24&_nc_ht=scontent-gig4-1.xx&_nc_gid=AoBFJeGrT1hVaew_6rchkQ&oh=00_AfX7QmFGhQhG2jAllVgXCiM1ZrWgvtp80-Bfppyexh1QEg&oe=689E923C\",\"@id\":\"https:\\\/\\\/anoticiaonline.com.br\\\/site\\\/workshop-sobre-elaboracao-de-aderecos-e-fantasias-carnavalescas\\\/#organizationLogo\"},\"image\":{\"@id\":\"https:\\\/\\\/anoticiaonline.com.br\\\/site\\\/workshop-sobre-elaboracao-de-aderecos-e-fantasias-carnavalescas\\\/#organizationLogo\"}},{\"@type\":\"Person\",\"@id\":\"https:\\\/\\\/anoticiaonline.com.br\\\/site\\\/author\\\/juliana\\\/#author\",\"url\":\"https:\\\/\\\/anoticiaonline.com.br\\\/site\\\/author\\\/juliana\\\/\",\"name\":\"Juliana Laviola\",\"image\":{\"@type\":\"ImageObject\",\"@id\":\"https:\\\/\\\/anoticiaonline.com.br\\\/site\\\/workshop-sobre-elaboracao-de-aderecos-e-fantasias-carnavalescas\\\/#authorImage\",\"url\":\"https:\\\/\\\/secure.gravatar.com\\\/avatar\\\/b8d45f5c699b100dfaf0e543582f38f38bf94cb7ae3a5e9abf8d891a34773335?s=96&d=mm&r=g\",\"width\":96,\"height\":96,\"caption\":\"Juliana Laviola\"}},{\"@type\":\"WebPage\",\"@id\":\"https:\\\/\\\/anoticiaonline.com.br\\\/site\\\/workshop-sobre-elaboracao-de-aderecos-e-fantasias-carnavalescas\\\/#webpage\",\"url\":\"https:\\\/\\\/anoticiaonline.com.br\\\/site\\\/workshop-sobre-elaboracao-de-aderecos-e-fantasias-carnavalescas\\\/\",\"name\":\"Workshop sobre elabora\\u00e7\\u00e3o de adere\\u00e7os e fantasias carnavalescas - A Not\\u00edcia Online\",\"description\":\"O carnavalesco Clebio Freire de Freitas, da Escola de Samba Palmeirinha, do Rio de Janeiro, esteve em Muria\\u00e9 no final de semana para ministrar o \\u201cIII Workshop de Elabora\\u00e7\\u00e3o de Adere\\u00e7os e Fantasias Carnavalescas\\u201d. Organizado pelo tamb\\u00e9m carnavalesco Carlinhos Scarleth, o workshop visa aprimorar a cria\\u00e7\\u00e3o e confec\\u00e7\\u00e3o de fantasias e adere\\u00e7os carnavalescos na cidade.\",\"inLanguage\":\"pt-BR\",\"isPartOf\":{\"@id\":\"https:\\\/\\\/anoticiaonline.com.br\\\/site\\\/#website\"},\"breadcrumb\":{\"@id\":\"https:\\\/\\\/anoticiaonline.com.br\\\/site\\\/workshop-sobre-elaboracao-de-aderecos-e-fantasias-carnavalescas\\\/#breadcrumblist\"},\"author\":{\"@id\":\"https:\\\/\\\/anoticiaonline.com.br\\\/site\\\/author\\\/juliana\\\/#author\"},\"creator\":{\"@id\":\"https:\\\/\\\/anoticiaonline.com.br\\\/site\\\/author\\\/juliana\\\/#author\"},\"image\":{\"@type\":\"ImageObject\",\"url\":\"https:\\\/\\\/anoticiaonline.com.br\\\/site\\\/wp-content\\\/uploads\\\/2016\\\/05\\\/DSC_0177.jpg\",\"@id\":\"https:\\\/\\\/anoticiaonline.com.br\\\/site\\\/workshop-sobre-elaboracao-de-aderecos-e-fantasias-carnavalescas\\\/#mainImage\",\"width\":640,\"height\":429},\"primaryImageOfPage\":{\"@id\":\"https:\\\/\\\/anoticiaonline.com.br\\\/site\\\/workshop-sobre-elaboracao-de-aderecos-e-fantasias-carnavalescas\\\/#mainImage\"},\"datePublished\":\"2016-05-31T11:38:30-03:00\",\"dateModified\":\"2016-06-06T09:53:11-03:00\"},{\"@type\":\"WebSite\",\"@id\":\"https:\\\/\\\/anoticiaonline.com.br\\\/site\\\/#website\",\"url\":\"https:\\\/\\\/anoticiaonline.com.br\\\/site\\\/\",\"name\":\"A Not\\u00edcia Online\",\"description\":\"Noticias de Muria\\u00e9 e regi\\u00e3o\",\"inLanguage\":\"pt-BR\",\"publisher\":{\"@id\":\"https:\\\/\\\/anoticiaonline.com.br\\\/site\\\/#organization\"}}]}\n\t\t<\/script>\n\t\t<!-- All in One SEO -->\n\n","aioseo_head_json":{"title":"Workshop sobre elabora\u00e7\u00e3o de adere\u00e7os e fantasias carnavalescas - A Not\u00edcia Online","description":"O carnavalesco Clebio Freire de Freitas, da Escola de Samba Palmeirinha, do Rio de Janeiro, esteve em Muria\u00e9 no final de semana para ministrar o \u201cIII Workshop de Elabora\u00e7\u00e3o de Adere\u00e7os e Fantasias Carnavalescas\u201d. Organizado pelo tamb\u00e9m carnavalesco Carlinhos Scarleth, o workshop visa aprimorar a cria\u00e7\u00e3o e confec\u00e7\u00e3o de fantasias e adere\u00e7os carnavalescos na cidade.","canonical_url":"https:\/\/anoticiaonline.com.br\/site\/workshop-sobre-elaboracao-de-aderecos-e-fantasias-carnavalescas\/","robots":"max-image-preview:large","keywords":"","webmasterTools":{"miscellaneous":""},"schema":{"@context":"https:\/\/schema.org","@graph":[{"@type":"BlogPosting","@id":"https:\/\/anoticiaonline.com.br\/site\/workshop-sobre-elaboracao-de-aderecos-e-fantasias-carnavalescas\/#blogposting","name":"Workshop sobre elabora\u00e7\u00e3o de adere\u00e7os e fantasias carnavalescas - A Not\u00edcia Online","headline":"Workshop sobre elabora\u00e7\u00e3o de adere\u00e7os e fantasias carnavalescas","author":{"@id":"https:\/\/anoticiaonline.com.br\/site\/author\/juliana\/#author"},"publisher":{"@id":"https:\/\/anoticiaonline.com.br\/site\/#organization"},"image":{"@type":"ImageObject","url":"https:\/\/anoticiaonline.com.br\/site\/wp-content\/uploads\/2016\/05\/DSC_0177.jpg","width":640,"height":429},"datePublished":"2016-05-31T11:38:30-03:00","dateModified":"2016-06-06T09:53:11-03:00","inLanguage":"pt-BR","mainEntityOfPage":{"@id":"https:\/\/anoticiaonline.com.br\/site\/workshop-sobre-elaboracao-de-aderecos-e-fantasias-carnavalescas\/#webpage"},"isPartOf":{"@id":"https:\/\/anoticiaonline.com.br\/site\/workshop-sobre-elaboracao-de-aderecos-e-fantasias-carnavalescas\/#webpage"},"articleSection":"Eventos, slide"},{"@type":"BreadcrumbList","@id":"https:\/\/anoticiaonline.com.br\/site\/workshop-sobre-elaboracao-de-aderecos-e-fantasias-carnavalescas\/#breadcrumblist","itemListElement":[{"@type":"ListItem","@id":"https:\/\/anoticiaonline.com.br\/site#listItem","position":1,"name":"Home","item":"https:\/\/anoticiaonline.com.br\/site","nextItem":{"@type":"ListItem","@id":"https:\/\/anoticiaonline.com.br\/site\/categoria\/eventos\/#listItem","name":"Eventos"}},{"@type":"ListItem","@id":"https:\/\/anoticiaonline.com.br\/site\/categoria\/eventos\/#listItem","position":2,"name":"Eventos","item":"https:\/\/anoticiaonline.com.br\/site\/categoria\/eventos\/","nextItem":{"@type":"ListItem","@id":"https:\/\/anoticiaonline.com.br\/site\/workshop-sobre-elaboracao-de-aderecos-e-fantasias-carnavalescas\/#listItem","name":"Workshop sobre elabora\u00e7\u00e3o de adere\u00e7os e fantasias carnavalescas"},"previousItem":{"@type":"ListItem","@id":"https:\/\/anoticiaonline.com.br\/site#listItem","name":"Home"}},{"@type":"ListItem","@id":"https:\/\/anoticiaonline.com.br\/site\/workshop-sobre-elaboracao-de-aderecos-e-fantasias-carnavalescas\/#listItem","position":3,"name":"Workshop sobre elabora\u00e7\u00e3o de adere\u00e7os e fantasias carnavalescas","previousItem":{"@type":"ListItem","@id":"https:\/\/anoticiaonline.com.br\/site\/categoria\/eventos\/#listItem","name":"Eventos"}}]},{"@type":"Organization","@id":"https:\/\/anoticiaonline.com.br\/site\/#organization","name":"A Not\u00edcia Online","description":"Noticias de Muria\u00e9 e regi\u00e3o","url":"https:\/\/anoticiaonline.com.br\/site\/","logo":{"@type":"ImageObject","url":"https:\/\/scontent-gig4-1.xx.fbcdn.net\/v\/t39.30808-1\/270437624_4564083193639691_6907940295614233970_n.jpg?stp=dst-jpg_s200x200_tt6&_nc_cat=111&ccb=1-7&_nc_sid=f907e8&_nc_ohc=SM1wRlP3lJwQ7kNvwEPuBYA&_nc_oc=AdnqrjDN_BNjSSHWO-GbkIWH6fkGMLw4bqvL_NH6e2wMveX7G-rP2dAqsDSq1mJMOaY&_nc_zt=24&_nc_ht=scontent-gig4-1.xx&_nc_gid=AoBFJeGrT1hVaew_6rchkQ&oh=00_AfX7QmFGhQhG2jAllVgXCiM1ZrWgvtp80-Bfppyexh1QEg&oe=689E923C","@id":"https:\/\/anoticiaonline.com.br\/site\/workshop-sobre-elaboracao-de-aderecos-e-fantasias-carnavalescas\/#organizationLogo"},"image":{"@id":"https:\/\/anoticiaonline.com.br\/site\/workshop-sobre-elaboracao-de-aderecos-e-fantasias-carnavalescas\/#organizationLogo"}},{"@type":"Person","@id":"https:\/\/anoticiaonline.com.br\/site\/author\/juliana\/#author","url":"https:\/\/anoticiaonline.com.br\/site\/author\/juliana\/","name":"Juliana Laviola","image":{"@type":"ImageObject","@id":"https:\/\/anoticiaonline.com.br\/site\/workshop-sobre-elaboracao-de-aderecos-e-fantasias-carnavalescas\/#authorImage","url":"https:\/\/secure.gravatar.com\/avatar\/b8d45f5c699b100dfaf0e543582f38f38bf94cb7ae3a5e9abf8d891a34773335?s=96&d=mm&r=g","width":96,"height":96,"caption":"Juliana Laviola"}},{"@type":"WebPage","@id":"https:\/\/anoticiaonline.com.br\/site\/workshop-sobre-elaboracao-de-aderecos-e-fantasias-carnavalescas\/#webpage","url":"https:\/\/anoticiaonline.com.br\/site\/workshop-sobre-elaboracao-de-aderecos-e-fantasias-carnavalescas\/","name":"Workshop sobre elabora\u00e7\u00e3o de adere\u00e7os e fantasias carnavalescas - A Not\u00edcia Online","description":"O carnavalesco Clebio Freire de Freitas, da Escola de Samba Palmeirinha, do Rio de Janeiro, esteve em Muria\u00e9 no final de semana para ministrar o \u201cIII Workshop de Elabora\u00e7\u00e3o de Adere\u00e7os e Fantasias Carnavalescas\u201d. Organizado pelo tamb\u00e9m carnavalesco Carlinhos Scarleth, o workshop visa aprimorar a cria\u00e7\u00e3o e confec\u00e7\u00e3o de fantasias e adere\u00e7os carnavalescos na cidade.","inLanguage":"pt-BR","isPartOf":{"@id":"https:\/\/anoticiaonline.com.br\/site\/#website"},"breadcrumb":{"@id":"https:\/\/anoticiaonline.com.br\/site\/workshop-sobre-elaboracao-de-aderecos-e-fantasias-carnavalescas\/#breadcrumblist"},"author":{"@id":"https:\/\/anoticiaonline.com.br\/site\/author\/juliana\/#author"},"creator":{"@id":"https:\/\/anoticiaonline.com.br\/site\/author\/juliana\/#author"},"image":{"@type":"ImageObject","url":"https:\/\/anoticiaonline.com.br\/site\/wp-content\/uploads\/2016\/05\/DSC_0177.jpg","@id":"https:\/\/anoticiaonline.com.br\/site\/workshop-sobre-elaboracao-de-aderecos-e-fantasias-carnavalescas\/#mainImage","width":640,"height":429},"primaryImageOfPage":{"@id":"https:\/\/anoticiaonline.com.br\/site\/workshop-sobre-elaboracao-de-aderecos-e-fantasias-carnavalescas\/#mainImage"},"datePublished":"2016-05-31T11:38:30-03:00","dateModified":"2016-06-06T09:53:11-03:00"},{"@type":"WebSite","@id":"https:\/\/anoticiaonline.com.br\/site\/#website","url":"https:\/\/anoticiaonline.com.br\/site\/","name":"A Not\u00edcia Online","description":"Noticias de Muria\u00e9 e regi\u00e3o","inLanguage":"pt-BR","publisher":{"@id":"https:\/\/anoticiaonline.com.br\/site\/#organization"}}]},"og:locale":"pt_BR","og:site_name":"A Not\u00edcia Online - Noticias de Muria\u00e9 e regi\u00e3o","og:type":"article","og:title":"Workshop sobre elabora\u00e7\u00e3o de adere\u00e7os e fantasias carnavalescas - A Not\u00edcia Online","og:description":"O carnavalesco Clebio Freire de Freitas, da Escola de Samba Palmeirinha, do Rio de Janeiro, esteve em Muria\u00e9 no final de semana para ministrar o \u201cIII Workshop de Elabora\u00e7\u00e3o de Adere\u00e7os e Fantasias Carnavalescas\u201d. Organizado pelo tamb\u00e9m carnavalesco Carlinhos Scarleth, o workshop visa aprimorar a cria\u00e7\u00e3o e confec\u00e7\u00e3o de fantasias e adere\u00e7os carnavalescos na cidade.","og:url":"https:\/\/anoticiaonline.com.br\/site\/workshop-sobre-elaboracao-de-aderecos-e-fantasias-carnavalescas\/","og:image":"https:\/\/scontent-gig4-1.xx.fbcdn.net\/v\/t39.30808-1\/270437624_4564083193639691_6907940295614233970_n.jpg?stp=dst-jpg_s200x200_tt6&#038;_nc_cat=111&#038;ccb=1-7&#038;_nc_sid=f907e8&#038;_nc_ohc=SM1wRlP3lJwQ7kNvwEPuBYA&#038;_nc_oc=AdnqrjDN_BNjSSHWO-GbkIWH6fkGMLw4bqvL_NH6e2wMveX7G-rP2dAqsDSq1mJMOaY&#038;_nc_zt=24&#038;_nc_ht=scontent-gig4-1.xx&#038;_nc_gid=AoBFJeGrT1hVaew_6rchkQ&#038;oh=00_AfX7QmFGhQhG2jAllVgXCiM1ZrWgvtp80-Bfppyexh1QEg&#038;oe=689E923C","og:image:secure_url":"https:\/\/scontent-gig4-1.xx.fbcdn.net\/v\/t39.30808-1\/270437624_4564083193639691_6907940295614233970_n.jpg?stp=dst-jpg_s200x200_tt6&#038;_nc_cat=111&#038;ccb=1-7&#038;_nc_sid=f907e8&#038;_nc_ohc=SM1wRlP3lJwQ7kNvwEPuBYA&#038;_nc_oc=AdnqrjDN_BNjSSHWO-GbkIWH6fkGMLw4bqvL_NH6e2wMveX7G-rP2dAqsDSq1mJMOaY&#038;_nc_zt=24&#038;_nc_ht=scontent-gig4-1.xx&#038;_nc_gid=AoBFJeGrT1hVaew_6rchkQ&#038;oh=00_AfX7QmFGhQhG2jAllVgXCiM1ZrWgvtp80-Bfppyexh1QEg&#038;oe=689E923C","article:published_time":"2016-05-31T14:38:30+00:00","article:modified_time":"2016-06-06T12:53:11+00:00","twitter:card":"summary_large_image","twitter:title":"Workshop sobre elabora\u00e7\u00e3o de adere\u00e7os e fantasias carnavalescas - A Not\u00edcia Online","twitter:description":"O carnavalesco Clebio Freire de Freitas, da Escola de Samba Palmeirinha, do Rio de Janeiro, esteve em Muria\u00e9 no final de semana para ministrar o \u201cIII Workshop de Elabora\u00e7\u00e3o de Adere\u00e7os e Fantasias Carnavalescas\u201d. Organizado pelo tamb\u00e9m carnavalesco Carlinhos Scarleth, o workshop visa aprimorar a cria\u00e7\u00e3o e confec\u00e7\u00e3o de fantasias e adere\u00e7os carnavalescos na cidade.","twitter:image":"https:\/\/scontent-gig4-1.xx.fbcdn.net\/v\/t39.30808-1\/270437624_4564083193639691_6907940295614233970_n.jpg?stp=dst-jpg_s200x200_tt6&_nc_cat=111&ccb=1-7&_nc_sid=f907e8&_nc_ohc=SM1wRlP3lJwQ7kNvwEPuBYA&_nc_oc=AdnqrjDN_BNjSSHWO-GbkIWH6fkGMLw4bqvL_NH6e2wMveX7G-rP2dAqsDSq1mJMOaY&_nc_zt=24&_nc_ht=scontent-gig4-1.xx&_nc_gid=AoBFJeGrT1hVaew_6rchkQ&oh=00_AfX7QmFGhQhG2jAllVgXCiM1ZrWgvtp80-Bfppyexh1QEg&oe=689E923C"},"aioseo_meta_data":{"post_id":"13983","title":null,"description":null,"keywords":null,"keyphrases":null,"primary_term":null,"canonical_url":null,"og_title":null,"og_description":null,"og_object_type":"default","og_image_type":"default","og_image_url":null,"og_image_width":null,"og_image_height":null,"og_image_custom_url":null,"og_image_custom_fields":null,"og_video":null,"og_custom_url":null,"og_article_section":null,"og_article_tags":null,"twitter_use_og":false,"twitter_card":"default","twitter_image_type":"default","twitter_image_url":null,"twitter_image_custom_url":null,"twitter_image_custom_fields":null,"twitter_title":null,"twitter_description":null,"schema":{"blockGraphs":[],"customGraphs":[],"default":{"data":{"Article":[],"Course":[],"Dataset":[],"FAQPage":[],"Movie":[],"Person":[],"Product":[],"ProductReview":[],"Car":[],"Recipe":[],"Service":[],"SoftwareApplication":[],"WebPage":[]},"graphName":"","isEnabled":true},"graphs":[]},"schema_type":"default","schema_type_options":null,"pillar_content":false,"robots_default":true,"robots_noindex":false,"robots_noarchive":false,"robots_nosnippet":false,"robots_nofollow":false,"robots_noimageindex":false,"robots_noodp":false,"robots_notranslate":false,"robots_max_snippet":null,"robots_max_videopreview":null,"robots_max_imagepreview":"large","priority":null,"frequency":null,"local_seo":null,"breadcrumb_settings":null,"limit_modified_date":false,"ai":null,"created":"2025-08-16 16:05:31","updated":"2025-08-16 16:05:31","focus_keyword":null,"additional_keywords":null,"truseo_locale":null,"seo_analyzer_scan_date":null},"aioseo_breadcrumb":"<div class=\"aioseo-breadcrumbs\"><span class=\"aioseo-breadcrumb\">\n\t\t\t<a href=\"https:\/\/anoticiaonline.com.br\/site\" title=\"Home\">Home<\/a>\n\t\t<\/span><span class=\"aioseo-breadcrumb-separator\">&raquo;<\/span><span class=\"aioseo-breadcrumb\">\n\t\t\t<a href=\"https:\/\/anoticiaonline.com.br\/site\/categoria\/eventos\/\" title=\"Eventos\">Eventos<\/a>\n\t\t<\/span><span class=\"aioseo-breadcrumb-separator\">&raquo;<\/span><span class=\"aioseo-breadcrumb\">\n\t\t\tWorkshop sobre elabora\u00e7\u00e3o de adere\u00e7os e fantasias carnavalescas\n\t\t<\/span><\/div>","aioseo_breadcrumb_json":[{"label":"Home","link":"https:\/\/anoticiaonline.com.br\/site"},{"label":"Eventos","link":"https:\/\/anoticiaonline.com.br\/site\/categoria\/eventos\/"},{"label":"Workshop sobre elabora\u00e7\u00e3o de adere\u00e7os e fantasias carnavalescas","link":"https:\/\/anoticiaonline.com.br\/site\/workshop-sobre-elaboracao-de-aderecos-e-fantasias-carnavalescas\/"}],"views":141,"_links":{"self":[{"href":"https:\/\/anoticiaonline.com.br\/site\/wp-json\/wp\/v2\/posts\/13983","targetHints":{"allow":["GET"]}}],"collection":[{"href":"https:\/\/anoticiaonline.com.br\/site\/wp-json\/wp\/v2\/posts"}],"about":[{"href":"https:\/\/anoticiaonline.com.br\/site\/wp-json\/wp\/v2\/types\/post"}],"author":[{"embeddable":true,"href":"https:\/\/anoticiaonline.com.br\/site\/wp-json\/wp\/v2\/users\/2"}],"replies":[{"embeddable":true,"href":"https:\/\/anoticiaonline.com.br\/site\/wp-json\/wp\/v2\/comments?post=13983"}],"version-history":[{"count":0,"href":"https:\/\/anoticiaonline.com.br\/site\/wp-json\/wp\/v2\/posts\/13983\/revisions"}],"wp:featuredmedia":[{"embeddable":true,"href":"https:\/\/anoticiaonline.com.br\/site\/wp-json\/wp\/v2\/media\/13984"}],"wp:attachment":[{"href":"https:\/\/anoticiaonline.com.br\/site\/wp-json\/wp\/v2\/media?parent=13983"}],"wp:term":[{"taxonomy":"category","embeddable":true,"href":"https:\/\/anoticiaonline.com.br\/site\/wp-json\/wp\/v2\/categories?post=13983"},{"taxonomy":"post_tag","embeddable":true,"href":"https:\/\/anoticiaonline.com.br\/site\/wp-json\/wp\/v2\/tags?post=13983"}],"curies":[{"name":"wp","href":"https:\/\/api.w.org\/{rel}","templated":true}]}}