{"id":13969,"date":"2016-05-31T07:00:07","date_gmt":"2016-05-31T10:00:07","guid":{"rendered":"http:\/\/anoticiaonline.com.br\/site\/?p=13969"},"modified":"2016-05-30T14:52:30","modified_gmt":"2016-05-30T17:52:30","slug":"minas-e-reconhecida-como-area-livre-de-peste-suina-classica","status":"publish","type":"post","link":"https:\/\/anoticiaonline.com.br\/site\/minas-e-reconhecida-como-area-livre-de-peste-suina-classica\/","title":{"rendered":"Minas \u00e9 reconhecida como \u00e1rea livre de peste su\u00edna cl\u00e1ssica"},"content":{"rendered":"<figure id=\"attachment_13970\" aria-describedby=\"caption-attachment-13970\" style=\"width: 290px\" class=\"wp-caption alignleft\"><a href=\"https:\/\/anoticiaonline.com.br\/site\/wp-content\/uploads\/2016\/05\/suinos.jpg\"><img fetchpriority=\"high\" decoding=\"async\" class=\"size-medium wp-image-13970\" src=\"https:\/\/anoticiaonline.com.br\/site\/wp-content\/uploads\/2016\/05\/suinos-300x208.jpg\" alt=\"Foto: IMA\/Divulga\u00e7\u00e3o\" width=\"300\" height=\"208\" srcset=\"https:\/\/anoticiaonline.com.br\/site\/wp-content\/uploads\/2016\/05\/suinos-300x208.jpg 300w, https:\/\/anoticiaonline.com.br\/site\/wp-content\/uploads\/2016\/05\/suinos.jpg 640w\" sizes=\"(max-width: 300px) 100vw, 300px\" \/><\/a><figcaption id=\"caption-attachment-13970\" class=\"wp-caption-text\">Foto: IMA\/Divulga\u00e7\u00e3o<\/figcaption><\/figure>\n<p>Minas Gerais recebeu o reconhecimento da Organiza\u00e7\u00e3o Mundial de Sa\u00fade Animal (OIE) como \u00e1rea livre de Peste Su\u00edna Cl\u00e1ssica (PSC). O reconhecimento aconteceu durante a 84\u00aa Sess\u00e3o Geral da Assembleia Mundial de Delegados da OIE, realizada em Paris, na Fran\u00e7a. Outros 13 estados brasileiros e o Distrito Federal tamb\u00e9m receberam o mesmo status da Organiza\u00e7\u00e3o.<\/p>\n<p>Minas Gerais j\u00e1 era reconhecida desde 2001 como \u00e1rea livre de PSC pelo Minist\u00e9rio da Agricultura, Pecu\u00e1ria e Abastecimento (Mapa). O estado tem o quarto maior plantel de su\u00ednos do Brasil, com 5,2 milh\u00f5es de animais e 32 Granjas de Reprodutores de Su\u00ednos Certificadas (GRSC). Outro indicador importante \u00e9 o primeiro lugar ocupado pelo estado como maior exportador de gen\u00e9tica de su\u00ednos para o mercado dom\u00e9stico.<\/p>\n<p>A concess\u00e3o do status de \u00e1rea livre contribuir\u00e1 para que Minas amplie sua fatia de participa\u00e7\u00e3o no mercado internacional, ampliando as vendas de carne su\u00edna para outros pa\u00edses.\u00a0 Atualmente, Minas e Brasil j\u00e1 s\u00e3o exportadores deste produto.<\/p>\n<p>Minas Gerais exporta principalmente para Hong Kong, para onde v\u00e3o 79,4% do volume exportado, seguido de Angola (9,6%) e Uruguai (6,8%).\u00a0 Em 2014, o estado exportou 42 mil toneladas, com receita bruta de U$ 156, 8 milh\u00f5es.<\/p>\n<p><strong>VIGIL\u00c2NCIA PERMANENTE &#8211;<\/strong> Para conquistar o status de \u00e1rea livre de PSC, o servi\u00e7o de defesa sanit\u00e1ria animal do Instituto Mineiro de Agropecu\u00e1ria (IMA) adotou junto aos produtores e granjas uma s\u00e9rie de procedimentos de forma a comprovar o funcionamento correto do sistema de vigil\u00e2ncia da doen\u00e7a em Minas. Entre as diversas a\u00e7\u00f5es realizadas pelo instituto est\u00e3o a coleta peri\u00f3dica de soro de reprodutores em frigor\u00edficos, no intuito de identificar a exist\u00eancia do v\u00edrus da doen\u00e7a em animais e o atendimento imediato pelo IMA \u00e0s notifica\u00e7\u00f5es de suspeita de animais com PSC.<\/p>\n<p>A coordenadora estadual do Programa de Sanidade Su\u00eddea do IMA, J\u00fania Mafra, diz que, nesse rol de a\u00e7\u00f5es, mais recentemente o instituto estabeleceu a obrigatoriedade das granjas adotarem o boletim sanit\u00e1rio que acompanha os lotes de su\u00ednos enviados aos frigor\u00edficos de abate sob inspe\u00e7\u00e3o do IMA. Ela explica que o boletim \u00e9 um documento onde est\u00e3o registradas informa\u00e7\u00f5es importantes sobre a sanidade dos animais pertencentes a cada lote de su\u00ednos enviado aos frigor\u00edficos. S\u00e3o informa\u00e7\u00f5es que incluem, entre outros, poss\u00edveis sinais cl\u00ednicos de doen\u00e7as verificadas nos animais, incluindo a\u00ed a PSC.<\/p>\n<p>J\u00fania Mafra enfatiza que ter\u00e1 continuidade o trabalho realizado pelo IMA de vigil\u00e2ncia ativa e de qualidade de su\u00eddeos de Minas. \u201cO estado possui destaque no setor e nossa miss\u00e3o \u00e9 garantir que amplie, cada vez mais, as vendas de carne su\u00edna e seus derivados tanto no mercado interno como no exterior\u201d, diz. Os \u00faltimos casos de peste su\u00edna cl\u00e1ssica foram registrados no Brasil em agosto de 2009, no Amap\u00e1, Par\u00e1 e Rio Grande do Norte.<\/p>\n","protected":false},"excerpt":{"rendered":"<p>Minas Gerais recebeu o reconhecimento da Organiza\u00e7\u00e3o Mundial de Sa\u00fade Animal (OIE) como \u00e1rea livre de Peste Su\u00edna Cl\u00e1ssica (PSC). O reconhecimento aconteceu durante a 84\u00aa Sess\u00e3o Geral da Assembleia Mundial de Delegados da OIE, realizada em Paris, na Fran\u00e7a. Outros 13 estados brasileiros e o Distrito Federal tamb\u00e9m receberam o mesmo status da Organiza\u00e7\u00e3o. &#8230; <a title=\"Minas \u00e9 reconhecida como \u00e1rea livre de peste su\u00edna cl\u00e1ssica\" class=\"read-more\" href=\"https:\/\/anoticiaonline.com.br\/site\/minas-e-reconhecida-como-area-livre-de-peste-suina-classica\/\" aria-label=\"Read more about Minas \u00e9 reconhecida como \u00e1rea livre de peste su\u00edna cl\u00e1ssica\">Ler mais<\/a><\/p>\n","protected":false},"author":2,"featured_media":13970,"comment_status":"open","ping_status":"open","sticky":false,"template":"","format":"standard","meta":{"_acf_changed":false,"_monsterinsights_skip_tracking":false,"footnotes":""},"categories":[1],"tags":[3],"class_list":["post-13969","post","type-post","status-publish","format-standard","has-post-thumbnail","hentry","category-gerais","tag-slide"],"acf":[],"aioseo_notices":[],"aioseo_head":"\n\t\t<!-- All in One SEO 5.0.0.1 - aioseo.com -->\n\t<meta name=\"description\" content=\"Minas Gerais recebeu o reconhecimento da Organiza\u00e7\u00e3o Mundial de Sa\u00fade Animal (OIE) como \u00e1rea livre de Peste Su\u00edna Cl\u00e1ssica (PSC). O reconhecimento aconteceu durante a 84\u00aa Sess\u00e3o Geral da Assembleia Mundial de Delegados da OIE, realizada em Paris, na Fran\u00e7a. Outros 13 estados brasileiros e o Distrito Federal tamb\u00e9m receberam o mesmo status da Organiza\u00e7\u00e3o.\" \/>\n\t<meta name=\"robots\" content=\"max-image-preview:large\" \/>\n\t<meta name=\"author\" content=\"Juliana Laviola\"\/>\n\t<link rel=\"canonical\" href=\"https:\/\/anoticiaonline.com.br\/site\/minas-e-reconhecida-como-area-livre-de-peste-suina-classica\/\" \/>\n\t<meta name=\"generator\" content=\"All in One SEO (AIOSEO) 5.0.0.1\" \/>\n\t\t<meta property=\"og:locale\" content=\"pt_BR\" \/>\n\t\t<meta property=\"og:site_name\" content=\"A Not\u00edcia Online - Noticias de Muria\u00e9 e regi\u00e3o\" \/>\n\t\t<meta property=\"og:type\" content=\"article\" \/>\n\t\t<meta property=\"og:title\" content=\"Minas \u00e9 reconhecida como \u00e1rea livre de peste su\u00edna cl\u00e1ssica - A Not\u00edcia Online\" \/>\n\t\t<meta property=\"og:description\" content=\"Minas Gerais recebeu o reconhecimento da Organiza\u00e7\u00e3o Mundial de Sa\u00fade Animal (OIE) como \u00e1rea livre de Peste Su\u00edna Cl\u00e1ssica (PSC). O reconhecimento aconteceu durante a 84\u00aa Sess\u00e3o Geral da Assembleia Mundial de Delegados da OIE, realizada em Paris, na Fran\u00e7a. Outros 13 estados brasileiros e o Distrito Federal tamb\u00e9m receberam o mesmo status da Organiza\u00e7\u00e3o.\" \/>\n\t\t<meta property=\"og:url\" content=\"https:\/\/anoticiaonline.com.br\/site\/minas-e-reconhecida-como-area-livre-de-peste-suina-classica\/\" \/>\n\t\t<meta property=\"og:image\" content=\"https:\/\/scontent-gig4-1.xx.fbcdn.net\/v\/t39.30808-1\/270437624_4564083193639691_6907940295614233970_n.jpg?stp=dst-jpg_s200x200_tt6&#038;_nc_cat=111&#038;ccb=1-7&#038;_nc_sid=f907e8&#038;_nc_ohc=SM1wRlP3lJwQ7kNvwEPuBYA&#038;_nc_oc=AdnqrjDN_BNjSSHWO-GbkIWH6fkGMLw4bqvL_NH6e2wMveX7G-rP2dAqsDSq1mJMOaY&#038;_nc_zt=24&#038;_nc_ht=scontent-gig4-1.xx&#038;_nc_gid=AoBFJeGrT1hVaew_6rchkQ&#038;oh=00_AfX7QmFGhQhG2jAllVgXCiM1ZrWgvtp80-Bfppyexh1QEg&#038;oe=689E923C\" \/>\n\t\t<meta property=\"og:image:secure_url\" content=\"https:\/\/scontent-gig4-1.xx.fbcdn.net\/v\/t39.30808-1\/270437624_4564083193639691_6907940295614233970_n.jpg?stp=dst-jpg_s200x200_tt6&#038;_nc_cat=111&#038;ccb=1-7&#038;_nc_sid=f907e8&#038;_nc_ohc=SM1wRlP3lJwQ7kNvwEPuBYA&#038;_nc_oc=AdnqrjDN_BNjSSHWO-GbkIWH6fkGMLw4bqvL_NH6e2wMveX7G-rP2dAqsDSq1mJMOaY&#038;_nc_zt=24&#038;_nc_ht=scontent-gig4-1.xx&#038;_nc_gid=AoBFJeGrT1hVaew_6rchkQ&#038;oh=00_AfX7QmFGhQhG2jAllVgXCiM1ZrWgvtp80-Bfppyexh1QEg&#038;oe=689E923C\" \/>\n\t\t<meta property=\"article:published_time\" content=\"2016-05-31T10:00:07+00:00\" \/>\n\t\t<meta property=\"article:modified_time\" content=\"2016-05-30T17:52:30+00:00\" \/>\n\t\t<meta name=\"twitter:card\" content=\"summary_large_image\" \/>\n\t\t<meta name=\"twitter:title\" content=\"Minas \u00e9 reconhecida como \u00e1rea livre de peste su\u00edna cl\u00e1ssica - A Not\u00edcia Online\" \/>\n\t\t<meta name=\"twitter:description\" content=\"Minas Gerais recebeu o reconhecimento da Organiza\u00e7\u00e3o Mundial de Sa\u00fade Animal (OIE) como \u00e1rea livre de Peste Su\u00edna Cl\u00e1ssica (PSC). O reconhecimento aconteceu durante a 84\u00aa Sess\u00e3o Geral da Assembleia Mundial de Delegados da OIE, realizada em Paris, na Fran\u00e7a. Outros 13 estados brasileiros e o Distrito Federal tamb\u00e9m receberam o mesmo status da Organiza\u00e7\u00e3o.\" \/>\n\t\t<meta name=\"twitter:image\" content=\"https:\/\/scontent-gig4-1.xx.fbcdn.net\/v\/t39.30808-1\/270437624_4564083193639691_6907940295614233970_n.jpg?stp=dst-jpg_s200x200_tt6&amp;_nc_cat=111&amp;ccb=1-7&amp;_nc_sid=f907e8&amp;_nc_ohc=SM1wRlP3lJwQ7kNvwEPuBYA&amp;_nc_oc=AdnqrjDN_BNjSSHWO-GbkIWH6fkGMLw4bqvL_NH6e2wMveX7G-rP2dAqsDSq1mJMOaY&amp;_nc_zt=24&amp;_nc_ht=scontent-gig4-1.xx&amp;_nc_gid=AoBFJeGrT1hVaew_6rchkQ&amp;oh=00_AfX7QmFGhQhG2jAllVgXCiM1ZrWgvtp80-Bfppyexh1QEg&amp;oe=689E923C\" \/>\n\t\t<script type=\"application\/ld+json\" class=\"aioseo-schema\">\n\t\t\t{\"@context\":\"https:\\\/\\\/schema.org\",\"@graph\":[{\"@type\":\"BlogPosting\",\"@id\":\"https:\\\/\\\/anoticiaonline.com.br\\\/site\\\/minas-e-reconhecida-como-area-livre-de-peste-suina-classica\\\/#blogposting\",\"name\":\"Minas \\u00e9 reconhecida como \\u00e1rea livre de peste su\\u00edna cl\\u00e1ssica - A Not\\u00edcia Online\",\"headline\":\"Minas \\u00e9 reconhecida como \\u00e1rea livre de peste su\\u00edna cl\\u00e1ssica\",\"author\":{\"@id\":\"https:\\\/\\\/anoticiaonline.com.br\\\/site\\\/author\\\/juliana\\\/#author\"},\"publisher\":{\"@id\":\"https:\\\/\\\/anoticiaonline.com.br\\\/site\\\/#organization\"},\"image\":{\"@type\":\"ImageObject\",\"url\":\"https:\\\/\\\/anoticiaonline.com.br\\\/site\\\/wp-content\\\/uploads\\\/2016\\\/05\\\/suinos.jpg\",\"width\":640,\"height\":443,\"caption\":\"Foto: IMA\\\/Divulga\\u00e7\\u00e3o\"},\"datePublished\":\"2016-05-31T07:00:07-03:00\",\"dateModified\":\"2016-05-30T14:52:30-03:00\",\"inLanguage\":\"pt-BR\",\"mainEntityOfPage\":{\"@id\":\"https:\\\/\\\/anoticiaonline.com.br\\\/site\\\/minas-e-reconhecida-como-area-livre-de-peste-suina-classica\\\/#webpage\"},\"isPartOf\":{\"@id\":\"https:\\\/\\\/anoticiaonline.com.br\\\/site\\\/minas-e-reconhecida-como-area-livre-de-peste-suina-classica\\\/#webpage\"},\"articleSection\":\"Gerais, slide\"},{\"@type\":\"BreadcrumbList\",\"@id\":\"https:\\\/\\\/anoticiaonline.com.br\\\/site\\\/minas-e-reconhecida-como-area-livre-de-peste-suina-classica\\\/#breadcrumblist\",\"itemListElement\":[{\"@type\":\"ListItem\",\"@id\":\"https:\\\/\\\/anoticiaonline.com.br\\\/site#listItem\",\"position\":1,\"name\":\"Home\",\"item\":\"https:\\\/\\\/anoticiaonline.com.br\\\/site\",\"nextItem\":{\"@type\":\"ListItem\",\"@id\":\"https:\\\/\\\/anoticiaonline.com.br\\\/site\\\/categoria\\\/gerais\\\/#listItem\",\"name\":\"Gerais\"}},{\"@type\":\"ListItem\",\"@id\":\"https:\\\/\\\/anoticiaonline.com.br\\\/site\\\/categoria\\\/gerais\\\/#listItem\",\"position\":2,\"name\":\"Gerais\",\"item\":\"https:\\\/\\\/anoticiaonline.com.br\\\/site\\\/categoria\\\/gerais\\\/\",\"nextItem\":{\"@type\":\"ListItem\",\"@id\":\"https:\\\/\\\/anoticiaonline.com.br\\\/site\\\/minas-e-reconhecida-como-area-livre-de-peste-suina-classica\\\/#listItem\",\"name\":\"Minas \\u00e9 reconhecida como \\u00e1rea livre de peste su\\u00edna cl\\u00e1ssica\"},\"previousItem\":{\"@type\":\"ListItem\",\"@id\":\"https:\\\/\\\/anoticiaonline.com.br\\\/site#listItem\",\"name\":\"Home\"}},{\"@type\":\"ListItem\",\"@id\":\"https:\\\/\\\/anoticiaonline.com.br\\\/site\\\/minas-e-reconhecida-como-area-livre-de-peste-suina-classica\\\/#listItem\",\"position\":3,\"name\":\"Minas \\u00e9 reconhecida como \\u00e1rea livre de peste su\\u00edna cl\\u00e1ssica\",\"previousItem\":{\"@type\":\"ListItem\",\"@id\":\"https:\\\/\\\/anoticiaonline.com.br\\\/site\\\/categoria\\\/gerais\\\/#listItem\",\"name\":\"Gerais\"}}]},{\"@type\":\"Organization\",\"@id\":\"https:\\\/\\\/anoticiaonline.com.br\\\/site\\\/#organization\",\"name\":\"A Not\\u00edcia Online\",\"description\":\"Noticias de Muria\\u00e9 e regi\\u00e3o\",\"url\":\"https:\\\/\\\/anoticiaonline.com.br\\\/site\\\/\",\"logo\":{\"@type\":\"ImageObject\",\"url\":\"https:\\\/\\\/scontent-gig4-1.xx.fbcdn.net\\\/v\\\/t39.30808-1\\\/270437624_4564083193639691_6907940295614233970_n.jpg?stp=dst-jpg_s200x200_tt6&_nc_cat=111&ccb=1-7&_nc_sid=f907e8&_nc_ohc=SM1wRlP3lJwQ7kNvwEPuBYA&_nc_oc=AdnqrjDN_BNjSSHWO-GbkIWH6fkGMLw4bqvL_NH6e2wMveX7G-rP2dAqsDSq1mJMOaY&_nc_zt=24&_nc_ht=scontent-gig4-1.xx&_nc_gid=AoBFJeGrT1hVaew_6rchkQ&oh=00_AfX7QmFGhQhG2jAllVgXCiM1ZrWgvtp80-Bfppyexh1QEg&oe=689E923C\",\"@id\":\"https:\\\/\\\/anoticiaonline.com.br\\\/site\\\/minas-e-reconhecida-como-area-livre-de-peste-suina-classica\\\/#organizationLogo\"},\"image\":{\"@id\":\"https:\\\/\\\/anoticiaonline.com.br\\\/site\\\/minas-e-reconhecida-como-area-livre-de-peste-suina-classica\\\/#organizationLogo\"}},{\"@type\":\"Person\",\"@id\":\"https:\\\/\\\/anoticiaonline.com.br\\\/site\\\/author\\\/juliana\\\/#author\",\"url\":\"https:\\\/\\\/anoticiaonline.com.br\\\/site\\\/author\\\/juliana\\\/\",\"name\":\"Juliana Laviola\",\"image\":{\"@type\":\"ImageObject\",\"@id\":\"https:\\\/\\\/anoticiaonline.com.br\\\/site\\\/minas-e-reconhecida-como-area-livre-de-peste-suina-classica\\\/#authorImage\",\"url\":\"https:\\\/\\\/secure.gravatar.com\\\/avatar\\\/b8d45f5c699b100dfaf0e543582f38f38bf94cb7ae3a5e9abf8d891a34773335?s=96&d=mm&r=g\",\"width\":96,\"height\":96,\"caption\":\"Juliana Laviola\"}},{\"@type\":\"WebPage\",\"@id\":\"https:\\\/\\\/anoticiaonline.com.br\\\/site\\\/minas-e-reconhecida-como-area-livre-de-peste-suina-classica\\\/#webpage\",\"url\":\"https:\\\/\\\/anoticiaonline.com.br\\\/site\\\/minas-e-reconhecida-como-area-livre-de-peste-suina-classica\\\/\",\"name\":\"Minas \\u00e9 reconhecida como \\u00e1rea livre de peste su\\u00edna cl\\u00e1ssica - A Not\\u00edcia Online\",\"description\":\"Minas Gerais recebeu o reconhecimento da Organiza\\u00e7\\u00e3o Mundial de Sa\\u00fade Animal (OIE) como \\u00e1rea livre de Peste Su\\u00edna Cl\\u00e1ssica (PSC). O reconhecimento aconteceu durante a 84\\u00aa Sess\\u00e3o Geral da Assembleia Mundial de Delegados da OIE, realizada em Paris, na Fran\\u00e7a. Outros 13 estados brasileiros e o Distrito Federal tamb\\u00e9m receberam o mesmo status da Organiza\\u00e7\\u00e3o.\",\"inLanguage\":\"pt-BR\",\"isPartOf\":{\"@id\":\"https:\\\/\\\/anoticiaonline.com.br\\\/site\\\/#website\"},\"breadcrumb\":{\"@id\":\"https:\\\/\\\/anoticiaonline.com.br\\\/site\\\/minas-e-reconhecida-como-area-livre-de-peste-suina-classica\\\/#breadcrumblist\"},\"author\":{\"@id\":\"https:\\\/\\\/anoticiaonline.com.br\\\/site\\\/author\\\/juliana\\\/#author\"},\"creator\":{\"@id\":\"https:\\\/\\\/anoticiaonline.com.br\\\/site\\\/author\\\/juliana\\\/#author\"},\"image\":{\"@type\":\"ImageObject\",\"url\":\"https:\\\/\\\/anoticiaonline.com.br\\\/site\\\/wp-content\\\/uploads\\\/2016\\\/05\\\/suinos.jpg\",\"@id\":\"https:\\\/\\\/anoticiaonline.com.br\\\/site\\\/minas-e-reconhecida-como-area-livre-de-peste-suina-classica\\\/#mainImage\",\"width\":640,\"height\":443,\"caption\":\"Foto: IMA\\\/Divulga\\u00e7\\u00e3o\"},\"primaryImageOfPage\":{\"@id\":\"https:\\\/\\\/anoticiaonline.com.br\\\/site\\\/minas-e-reconhecida-como-area-livre-de-peste-suina-classica\\\/#mainImage\"},\"datePublished\":\"2016-05-31T07:00:07-03:00\",\"dateModified\":\"2016-05-30T14:52:30-03:00\"},{\"@type\":\"WebSite\",\"@id\":\"https:\\\/\\\/anoticiaonline.com.br\\\/site\\\/#website\",\"url\":\"https:\\\/\\\/anoticiaonline.com.br\\\/site\\\/\",\"name\":\"A Not\\u00edcia Online\",\"description\":\"Noticias de Muria\\u00e9 e regi\\u00e3o\",\"inLanguage\":\"pt-BR\",\"publisher\":{\"@id\":\"https:\\\/\\\/anoticiaonline.com.br\\\/site\\\/#organization\"}}]}\n\t\t<\/script>\n\t\t<!-- All in One SEO -->\n\n","aioseo_head_json":{"title":"Minas \u00e9 reconhecida como \u00e1rea livre de peste su\u00edna cl\u00e1ssica - A Not\u00edcia Online","description":"Minas Gerais recebeu o reconhecimento da Organiza\u00e7\u00e3o Mundial de Sa\u00fade Animal (OIE) como \u00e1rea livre de Peste Su\u00edna Cl\u00e1ssica (PSC). O reconhecimento aconteceu durante a 84\u00aa Sess\u00e3o Geral da Assembleia Mundial de Delegados da OIE, realizada em Paris, na Fran\u00e7a. Outros 13 estados brasileiros e o Distrito Federal tamb\u00e9m receberam o mesmo status da Organiza\u00e7\u00e3o.","canonical_url":"https:\/\/anoticiaonline.com.br\/site\/minas-e-reconhecida-como-area-livre-de-peste-suina-classica\/","robots":"max-image-preview:large","keywords":"","webmasterTools":{"miscellaneous":""},"schema":{"@context":"https:\/\/schema.org","@graph":[{"@type":"BlogPosting","@id":"https:\/\/anoticiaonline.com.br\/site\/minas-e-reconhecida-como-area-livre-de-peste-suina-classica\/#blogposting","name":"Minas \u00e9 reconhecida como \u00e1rea livre de peste su\u00edna cl\u00e1ssica - A Not\u00edcia Online","headline":"Minas \u00e9 reconhecida como \u00e1rea livre de peste su\u00edna cl\u00e1ssica","author":{"@id":"https:\/\/anoticiaonline.com.br\/site\/author\/juliana\/#author"},"publisher":{"@id":"https:\/\/anoticiaonline.com.br\/site\/#organization"},"image":{"@type":"ImageObject","url":"https:\/\/anoticiaonline.com.br\/site\/wp-content\/uploads\/2016\/05\/suinos.jpg","width":640,"height":443,"caption":"Foto: IMA\/Divulga\u00e7\u00e3o"},"datePublished":"2016-05-31T07:00:07-03:00","dateModified":"2016-05-30T14:52:30-03:00","inLanguage":"pt-BR","mainEntityOfPage":{"@id":"https:\/\/anoticiaonline.com.br\/site\/minas-e-reconhecida-como-area-livre-de-peste-suina-classica\/#webpage"},"isPartOf":{"@id":"https:\/\/anoticiaonline.com.br\/site\/minas-e-reconhecida-como-area-livre-de-peste-suina-classica\/#webpage"},"articleSection":"Gerais, slide"},{"@type":"BreadcrumbList","@id":"https:\/\/anoticiaonline.com.br\/site\/minas-e-reconhecida-como-area-livre-de-peste-suina-classica\/#breadcrumblist","itemListElement":[{"@type":"ListItem","@id":"https:\/\/anoticiaonline.com.br\/site#listItem","position":1,"name":"Home","item":"https:\/\/anoticiaonline.com.br\/site","nextItem":{"@type":"ListItem","@id":"https:\/\/anoticiaonline.com.br\/site\/categoria\/gerais\/#listItem","name":"Gerais"}},{"@type":"ListItem","@id":"https:\/\/anoticiaonline.com.br\/site\/categoria\/gerais\/#listItem","position":2,"name":"Gerais","item":"https:\/\/anoticiaonline.com.br\/site\/categoria\/gerais\/","nextItem":{"@type":"ListItem","@id":"https:\/\/anoticiaonline.com.br\/site\/minas-e-reconhecida-como-area-livre-de-peste-suina-classica\/#listItem","name":"Minas \u00e9 reconhecida como \u00e1rea livre de peste su\u00edna cl\u00e1ssica"},"previousItem":{"@type":"ListItem","@id":"https:\/\/anoticiaonline.com.br\/site#listItem","name":"Home"}},{"@type":"ListItem","@id":"https:\/\/anoticiaonline.com.br\/site\/minas-e-reconhecida-como-area-livre-de-peste-suina-classica\/#listItem","position":3,"name":"Minas \u00e9 reconhecida como \u00e1rea livre de peste su\u00edna cl\u00e1ssica","previousItem":{"@type":"ListItem","@id":"https:\/\/anoticiaonline.com.br\/site\/categoria\/gerais\/#listItem","name":"Gerais"}}]},{"@type":"Organization","@id":"https:\/\/anoticiaonline.com.br\/site\/#organization","name":"A Not\u00edcia Online","description":"Noticias de Muria\u00e9 e regi\u00e3o","url":"https:\/\/anoticiaonline.com.br\/site\/","logo":{"@type":"ImageObject","url":"https:\/\/scontent-gig4-1.xx.fbcdn.net\/v\/t39.30808-1\/270437624_4564083193639691_6907940295614233970_n.jpg?stp=dst-jpg_s200x200_tt6&_nc_cat=111&ccb=1-7&_nc_sid=f907e8&_nc_ohc=SM1wRlP3lJwQ7kNvwEPuBYA&_nc_oc=AdnqrjDN_BNjSSHWO-GbkIWH6fkGMLw4bqvL_NH6e2wMveX7G-rP2dAqsDSq1mJMOaY&_nc_zt=24&_nc_ht=scontent-gig4-1.xx&_nc_gid=AoBFJeGrT1hVaew_6rchkQ&oh=00_AfX7QmFGhQhG2jAllVgXCiM1ZrWgvtp80-Bfppyexh1QEg&oe=689E923C","@id":"https:\/\/anoticiaonline.com.br\/site\/minas-e-reconhecida-como-area-livre-de-peste-suina-classica\/#organizationLogo"},"image":{"@id":"https:\/\/anoticiaonline.com.br\/site\/minas-e-reconhecida-como-area-livre-de-peste-suina-classica\/#organizationLogo"}},{"@type":"Person","@id":"https:\/\/anoticiaonline.com.br\/site\/author\/juliana\/#author","url":"https:\/\/anoticiaonline.com.br\/site\/author\/juliana\/","name":"Juliana Laviola","image":{"@type":"ImageObject","@id":"https:\/\/anoticiaonline.com.br\/site\/minas-e-reconhecida-como-area-livre-de-peste-suina-classica\/#authorImage","url":"https:\/\/secure.gravatar.com\/avatar\/b8d45f5c699b100dfaf0e543582f38f38bf94cb7ae3a5e9abf8d891a34773335?s=96&d=mm&r=g","width":96,"height":96,"caption":"Juliana Laviola"}},{"@type":"WebPage","@id":"https:\/\/anoticiaonline.com.br\/site\/minas-e-reconhecida-como-area-livre-de-peste-suina-classica\/#webpage","url":"https:\/\/anoticiaonline.com.br\/site\/minas-e-reconhecida-como-area-livre-de-peste-suina-classica\/","name":"Minas \u00e9 reconhecida como \u00e1rea livre de peste su\u00edna cl\u00e1ssica - A Not\u00edcia Online","description":"Minas Gerais recebeu o reconhecimento da Organiza\u00e7\u00e3o Mundial de Sa\u00fade Animal (OIE) como \u00e1rea livre de Peste Su\u00edna Cl\u00e1ssica (PSC). O reconhecimento aconteceu durante a 84\u00aa Sess\u00e3o Geral da Assembleia Mundial de Delegados da OIE, realizada em Paris, na Fran\u00e7a. Outros 13 estados brasileiros e o Distrito Federal tamb\u00e9m receberam o mesmo status da Organiza\u00e7\u00e3o.","inLanguage":"pt-BR","isPartOf":{"@id":"https:\/\/anoticiaonline.com.br\/site\/#website"},"breadcrumb":{"@id":"https:\/\/anoticiaonline.com.br\/site\/minas-e-reconhecida-como-area-livre-de-peste-suina-classica\/#breadcrumblist"},"author":{"@id":"https:\/\/anoticiaonline.com.br\/site\/author\/juliana\/#author"},"creator":{"@id":"https:\/\/anoticiaonline.com.br\/site\/author\/juliana\/#author"},"image":{"@type":"ImageObject","url":"https:\/\/anoticiaonline.com.br\/site\/wp-content\/uploads\/2016\/05\/suinos.jpg","@id":"https:\/\/anoticiaonline.com.br\/site\/minas-e-reconhecida-como-area-livre-de-peste-suina-classica\/#mainImage","width":640,"height":443,"caption":"Foto: IMA\/Divulga\u00e7\u00e3o"},"primaryImageOfPage":{"@id":"https:\/\/anoticiaonline.com.br\/site\/minas-e-reconhecida-como-area-livre-de-peste-suina-classica\/#mainImage"},"datePublished":"2016-05-31T07:00:07-03:00","dateModified":"2016-05-30T14:52:30-03:00"},{"@type":"WebSite","@id":"https:\/\/anoticiaonline.com.br\/site\/#website","url":"https:\/\/anoticiaonline.com.br\/site\/","name":"A Not\u00edcia Online","description":"Noticias de Muria\u00e9 e regi\u00e3o","inLanguage":"pt-BR","publisher":{"@id":"https:\/\/anoticiaonline.com.br\/site\/#organization"}}]},"og:locale":"pt_BR","og:site_name":"A Not\u00edcia Online - Noticias de Muria\u00e9 e regi\u00e3o","og:type":"article","og:title":"Minas \u00e9 reconhecida como \u00e1rea livre de peste su\u00edna cl\u00e1ssica - A Not\u00edcia Online","og:description":"Minas Gerais recebeu o reconhecimento da Organiza\u00e7\u00e3o Mundial de Sa\u00fade Animal (OIE) como \u00e1rea livre de Peste Su\u00edna Cl\u00e1ssica (PSC). O reconhecimento aconteceu durante a 84\u00aa Sess\u00e3o Geral da Assembleia Mundial de Delegados da OIE, realizada em Paris, na Fran\u00e7a. Outros 13 estados brasileiros e o Distrito Federal tamb\u00e9m receberam o mesmo status da Organiza\u00e7\u00e3o.","og:url":"https:\/\/anoticiaonline.com.br\/site\/minas-e-reconhecida-como-area-livre-de-peste-suina-classica\/","og:image":"https:\/\/scontent-gig4-1.xx.fbcdn.net\/v\/t39.30808-1\/270437624_4564083193639691_6907940295614233970_n.jpg?stp=dst-jpg_s200x200_tt6&#038;_nc_cat=111&#038;ccb=1-7&#038;_nc_sid=f907e8&#038;_nc_ohc=SM1wRlP3lJwQ7kNvwEPuBYA&#038;_nc_oc=AdnqrjDN_BNjSSHWO-GbkIWH6fkGMLw4bqvL_NH6e2wMveX7G-rP2dAqsDSq1mJMOaY&#038;_nc_zt=24&#038;_nc_ht=scontent-gig4-1.xx&#038;_nc_gid=AoBFJeGrT1hVaew_6rchkQ&#038;oh=00_AfX7QmFGhQhG2jAllVgXCiM1ZrWgvtp80-Bfppyexh1QEg&#038;oe=689E923C","og:image:secure_url":"https:\/\/scontent-gig4-1.xx.fbcdn.net\/v\/t39.30808-1\/270437624_4564083193639691_6907940295614233970_n.jpg?stp=dst-jpg_s200x200_tt6&#038;_nc_cat=111&#038;ccb=1-7&#038;_nc_sid=f907e8&#038;_nc_ohc=SM1wRlP3lJwQ7kNvwEPuBYA&#038;_nc_oc=AdnqrjDN_BNjSSHWO-GbkIWH6fkGMLw4bqvL_NH6e2wMveX7G-rP2dAqsDSq1mJMOaY&#038;_nc_zt=24&#038;_nc_ht=scontent-gig4-1.xx&#038;_nc_gid=AoBFJeGrT1hVaew_6rchkQ&#038;oh=00_AfX7QmFGhQhG2jAllVgXCiM1ZrWgvtp80-Bfppyexh1QEg&#038;oe=689E923C","article:published_time":"2016-05-31T10:00:07+00:00","article:modified_time":"2016-05-30T17:52:30+00:00","twitter:card":"summary_large_image","twitter:title":"Minas \u00e9 reconhecida como \u00e1rea livre de peste su\u00edna cl\u00e1ssica - A Not\u00edcia Online","twitter:description":"Minas Gerais recebeu o reconhecimento da Organiza\u00e7\u00e3o Mundial de Sa\u00fade Animal (OIE) como \u00e1rea livre de Peste Su\u00edna Cl\u00e1ssica (PSC). O reconhecimento aconteceu durante a 84\u00aa Sess\u00e3o Geral da Assembleia Mundial de Delegados da OIE, realizada em Paris, na Fran\u00e7a. Outros 13 estados brasileiros e o Distrito Federal tamb\u00e9m receberam o mesmo status da Organiza\u00e7\u00e3o.","twitter:image":"https:\/\/scontent-gig4-1.xx.fbcdn.net\/v\/t39.30808-1\/270437624_4564083193639691_6907940295614233970_n.jpg?stp=dst-jpg_s200x200_tt6&_nc_cat=111&ccb=1-7&_nc_sid=f907e8&_nc_ohc=SM1wRlP3lJwQ7kNvwEPuBYA&_nc_oc=AdnqrjDN_BNjSSHWO-GbkIWH6fkGMLw4bqvL_NH6e2wMveX7G-rP2dAqsDSq1mJMOaY&_nc_zt=24&_nc_ht=scontent-gig4-1.xx&_nc_gid=AoBFJeGrT1hVaew_6rchkQ&oh=00_AfX7QmFGhQhG2jAllVgXCiM1ZrWgvtp80-Bfppyexh1QEg&oe=689E923C"},"aioseo_meta_data":{"post_id":"13969","title":null,"description":null,"keywords":null,"keyphrases":null,"primary_term":null,"canonical_url":null,"og_title":null,"og_description":null,"og_object_type":"default","og_image_type":"default","og_image_url":null,"og_image_width":null,"og_image_height":null,"og_image_custom_url":null,"og_image_custom_fields":null,"og_video":null,"og_custom_url":null,"og_article_section":null,"og_article_tags":null,"twitter_use_og":false,"twitter_card":"default","twitter_image_type":"default","twitter_image_url":null,"twitter_image_custom_url":null,"twitter_image_custom_fields":null,"twitter_title":null,"twitter_description":null,"schema":{"blockGraphs":[],"customGraphs":[],"default":{"data":{"Article":[],"Course":[],"Dataset":[],"FAQPage":[],"Movie":[],"Person":[],"Product":[],"ProductReview":[],"Car":[],"Recipe":[],"Service":[],"SoftwareApplication":[],"WebPage":[]},"graphName":"","isEnabled":true},"graphs":[]},"schema_type":"default","schema_type_options":null,"pillar_content":false,"robots_default":true,"robots_noindex":false,"robots_noarchive":false,"robots_nosnippet":false,"robots_nofollow":false,"robots_noimageindex":false,"robots_noodp":false,"robots_notranslate":false,"robots_max_snippet":null,"robots_max_videopreview":null,"robots_max_imagepreview":"large","priority":null,"frequency":null,"local_seo":null,"breadcrumb_settings":null,"limit_modified_date":false,"ai":null,"created":"2025-08-16 16:05:31","updated":"2025-08-16 16:05:31","focus_keyword":null,"additional_keywords":null,"truseo_locale":null,"seo_analyzer_scan_date":null},"aioseo_breadcrumb":"<div class=\"aioseo-breadcrumbs\"><span class=\"aioseo-breadcrumb\">\n\t\t\t<a href=\"https:\/\/anoticiaonline.com.br\/site\" title=\"Home\">Home<\/a>\n\t\t<\/span><span class=\"aioseo-breadcrumb-separator\">&raquo;<\/span><span class=\"aioseo-breadcrumb\">\n\t\t\t<a href=\"https:\/\/anoticiaonline.com.br\/site\/categoria\/gerais\/\" title=\"Gerais\">Gerais<\/a>\n\t\t<\/span><span class=\"aioseo-breadcrumb-separator\">&raquo;<\/span><span class=\"aioseo-breadcrumb\">\n\t\t\tMinas \u00e9 reconhecida como \u00e1rea livre de peste su\u00edna cl\u00e1ssica\n\t\t<\/span><\/div>","aioseo_breadcrumb_json":[{"label":"Home","link":"https:\/\/anoticiaonline.com.br\/site"},{"label":"Gerais","link":"https:\/\/anoticiaonline.com.br\/site\/categoria\/gerais\/"},{"label":"Minas \u00e9 reconhecida como \u00e1rea livre de peste su\u00edna cl\u00e1ssica","link":"https:\/\/anoticiaonline.com.br\/site\/minas-e-reconhecida-como-area-livre-de-peste-suina-classica\/"}],"views":127,"_links":{"self":[{"href":"https:\/\/anoticiaonline.com.br\/site\/wp-json\/wp\/v2\/posts\/13969","targetHints":{"allow":["GET"]}}],"collection":[{"href":"https:\/\/anoticiaonline.com.br\/site\/wp-json\/wp\/v2\/posts"}],"about":[{"href":"https:\/\/anoticiaonline.com.br\/site\/wp-json\/wp\/v2\/types\/post"}],"author":[{"embeddable":true,"href":"https:\/\/anoticiaonline.com.br\/site\/wp-json\/wp\/v2\/users\/2"}],"replies":[{"embeddable":true,"href":"https:\/\/anoticiaonline.com.br\/site\/wp-json\/wp\/v2\/comments?post=13969"}],"version-history":[{"count":0,"href":"https:\/\/anoticiaonline.com.br\/site\/wp-json\/wp\/v2\/posts\/13969\/revisions"}],"wp:featuredmedia":[{"embeddable":true,"href":"https:\/\/anoticiaonline.com.br\/site\/wp-json\/wp\/v2\/media\/13970"}],"wp:attachment":[{"href":"https:\/\/anoticiaonline.com.br\/site\/wp-json\/wp\/v2\/media?parent=13969"}],"wp:term":[{"taxonomy":"category","embeddable":true,"href":"https:\/\/anoticiaonline.com.br\/site\/wp-json\/wp\/v2\/categories?post=13969"},{"taxonomy":"post_tag","embeddable":true,"href":"https:\/\/anoticiaonline.com.br\/site\/wp-json\/wp\/v2\/tags?post=13969"}],"curies":[{"name":"wp","href":"https:\/\/api.w.org\/{rel}","templated":true}]}}