{"id":13731,"date":"2016-05-23T14:00:38","date_gmt":"2016-05-23T17:00:38","guid":{"rendered":"http:\/\/anoticiaonline.com.br\/site\/?p=13731"},"modified":"2016-05-25T20:19:25","modified_gmt":"2016-05-25T23:19:25","slug":"show-de-teodoro-sampaio-marca-o-3o-encontro-do-miradourense-ausente","status":"publish","type":"post","link":"https:\/\/anoticiaonline.com.br\/site\/show-de-teodoro-sampaio-marca-o-3o-encontro-do-miradourense-ausente\/","title":{"rendered":"Show de Teodoro &#038; Sampaio marca o 3\u00ba Encontro do Miradourense Ausente"},"content":{"rendered":"<p><a href=\"https:\/\/anoticiaonline.com.br\/site\/wp-content\/uploads\/2016\/05\/DSC041661.jpg\"><img fetchpriority=\"high\" decoding=\"async\" class=\" size-medium wp-image-13733 alignleft\" src=\"https:\/\/anoticiaonline.com.br\/site\/wp-content\/uploads\/2016\/05\/DSC041661-300x225.jpg\" alt=\"DSC04166\" width=\"300\" height=\"225\" srcset=\"https:\/\/anoticiaonline.com.br\/site\/wp-content\/uploads\/2016\/05\/DSC041661-300x225.jpg 300w, https:\/\/anoticiaonline.com.br\/site\/wp-content\/uploads\/2016\/05\/DSC041661.jpg 640w\" sizes=\"(max-width: 300px) 100vw, 300px\" \/><\/a>O mega show da dupla Teodoro &amp; Sampaio foi uma das principais atra\u00e7\u00f5es do 3\u00ba Encontro do Miradourense Ausente. No mesmo dia da apresenta\u00e7\u00e3o, no s\u00e1bado (21), o prefeito Almiro Marques de Lacerda Filho (Mirim), juntamente com a vice-prefeita, Gilsilene Maria Mendes, reinauguraram a Pra\u00e7a Santa Rita.<\/p>\n<p>A pra\u00e7a est\u00e1 moderna, mais confort\u00e1vel, funcional, segura e ideal para o passeio das fam\u00edlias miradourenses. Localizada na regi\u00e3o central daquele munic\u00edpio, o novo espa\u00e7o chama a aten\u00e7\u00e3o pelo seu paisagismo, ilumina\u00e7\u00e3o e estrutura.<\/p>\n<p>A pra\u00e7a recebeu nova ilumina\u00e7\u00e3o em luz branca, reforma do piso e meio-fio, novos bancos e novas lixeiras. Al\u00e9m das melhorias na infraestrutura, agora, a pra\u00e7a conta com wifi para os usu\u00e1rios, playground e academia ao ar livre. \u201cEsta nova pra\u00e7a era um sonho dos miradourenses. Anos atr\u00e1s, essa pra\u00e7a foi destru\u00edda, Essa reinaugura\u00e7\u00e3o resgatou a identidade do nosso povo\u201d, afirma o prefeito Mirim.<\/p>\n<p>Ap\u00f3s a solenidade, Teodoro &amp; Sampaio subiram ao palco e cantaram seus maiores sucessos de quase 40 anos de carreira, algo que atraiu milhares de pessoas de toda a regi\u00e3o para Miradouro. A pra\u00e7a tamb\u00e9m foi uma homenagem ao saudoso padre Jarbas, muito querido naquela cidade.<\/p>\n<p>A festa come\u00e7ou na sexta-feira (20), com recep\u00e7\u00e3o na Casa de Cultura e \u201cforr\u00f3\u201d (Projeto Viva a Vida na Terceira Idade), no Clube Recreativo. Na manh\u00e3 de s\u00e1bado, houve o Encontro do Miradourense Ausente da barraca da igreja cat\u00f3lica.<\/p>\n<p>No domingo (22), Miradouro acordou ao som da Banda de M\u00fasica da Pol\u00edcia Militar de Ub\u00e1. Os policiais m\u00fasicos percorreram as ruas da cidade tocando v\u00e1rias marchinhas. A festa continuou com a cavalgada e almo\u00e7o na barraca da igreja.<\/p>\n<p>O prefeito de Miradouro, Mirim, afirma que a festa tem o objetivo de proporcionar momentos de reencontro para os miradourenses que n\u00e3o residem mais na cidade. \u201cQuisemos trazer de volta o miradourense que, por algum motivo no passado, teve que sair da nossa cidade. Traz\u00ea-lo para reencontrar seus familiares e amigos\u201d, diz.<\/p>\n<p>A assessora de Gabinete da Prefeitura, Isabel Cristina de Oliveira Leite Ara\u00fajo, refor\u00e7a que a programa\u00e7\u00e3o do encontro foi voltada para o resgate de valores e da culin\u00e1ria miradourenses. \u201cQuando a Prefeitura come\u00e7ou a trabalhar na revitaliza\u00e7\u00e3o da Pra\u00e7a Santa Rita, surgiu a ideia de resgatar um pouco a hist\u00f3ria e dos valores miradourenses. Encontramos nos arquivos da Prefeitura algo referente \u00e0 realiza\u00e7\u00e3o do primeiro Encontro do Miradourense Ausente, que aconteceu em 1989, e depois do segundo, que aconteceu em 1986. Quisemos proporcionar para o miradourense presente e o ausente um aconchego, um retorno \u00e0s ra\u00edzes e \u00e0s mem\u00f3rias\u201d, conta.<\/p>\n<p>A festa contou tamb\u00e9m com rodas de viola, feira empreendedora, apresenta\u00e7\u00f5es culturais, exposi\u00e7\u00e3o de quadros da ONG Bicho do Sereno, palestras referentes \u00e0 sa\u00fade, lan\u00e7amento de livro sobre Miradouro, missas e celebra\u00e7\u00f5es. O p\u00fablico tamb\u00e9m p\u00f4de saborear quitutes feitos com produtos tipicamente mineiros e miradoureenses.<\/p>\n<p><img decoding=\"async\" class=\"ngg_displayed_gallery mceItem\" src=\"https:\/\/anoticiaonline.com.br\/site\/nextgen-attach_to_post\/preview\/id--13766\" alt=\"\" \/><\/p>\n","protected":false},"excerpt":{"rendered":"<p>O mega show da dupla Teodoro &amp; Sampaio foi uma das principais atra\u00e7\u00f5es do 3\u00ba Encontro do Miradourense Ausente. No mesmo dia da apresenta\u00e7\u00e3o, no s\u00e1bado (21), o prefeito Almiro Marques de Lacerda Filho (Mirim), juntamente com a vice-prefeita, Gilsilene Maria Mendes, reinauguraram a Pra\u00e7a Santa Rita. A pra\u00e7a est\u00e1 moderna, mais confort\u00e1vel, funcional, segura &#8230; <a title=\"Show de Teodoro &#038; Sampaio marca o 3\u00ba Encontro do Miradourense Ausente\" class=\"read-more\" href=\"https:\/\/anoticiaonline.com.br\/site\/show-de-teodoro-sampaio-marca-o-3o-encontro-do-miradourense-ausente\/\" aria-label=\"Read more about Show de Teodoro &#038; Sampaio marca o 3\u00ba Encontro do Miradourense Ausente\">Ler mais<\/a><\/p>\n","protected":false},"author":2,"featured_media":13733,"comment_status":"open","ping_status":"open","sticky":false,"template":"","format":"standard","meta":{"_acf_changed":false,"_monsterinsights_skip_tracking":false,"footnotes":""},"categories":[6],"tags":[],"class_list":["post-13731","post","type-post","status-publish","format-standard","has-post-thumbnail","hentry","category-regiao"],"acf":[],"aioseo_notices":[],"aioseo_head":"\n\t\t<!-- All in One SEO 5.0.0.1 - aioseo.com -->\n\t<meta name=\"description\" content=\"O mega show da dupla Teodoro &amp; Sampaio foi uma das principais atra\u00e7\u00f5es do 3\u00ba Encontro do Miradourense Ausente. No mesmo dia da apresenta\u00e7\u00e3o, no s\u00e1bado (21), o prefeito Almiro Marques de Lacerda Filho (Mirim), juntamente com a vice-prefeita, Gilsilene Maria Mendes, reinauguraram a Pra\u00e7a Santa Rita. A pra\u00e7a est\u00e1 moderna, mais confort\u00e1vel, funcional, segura\" \/>\n\t<meta name=\"robots\" content=\"max-image-preview:large\" \/>\n\t<meta name=\"author\" content=\"Juliana Laviola\"\/>\n\t<link rel=\"canonical\" href=\"https:\/\/anoticiaonline.com.br\/site\/show-de-teodoro-sampaio-marca-o-3o-encontro-do-miradourense-ausente\/\" \/>\n\t<meta name=\"generator\" content=\"All in One SEO (AIOSEO) 5.0.0.1\" \/>\n\t\t<meta property=\"og:locale\" content=\"pt_BR\" \/>\n\t\t<meta property=\"og:site_name\" content=\"A Not\u00edcia Online - Noticias de Muria\u00e9 e regi\u00e3o\" \/>\n\t\t<meta property=\"og:type\" content=\"article\" \/>\n\t\t<meta property=\"og:title\" content=\"Show de Teodoro &amp; Sampaio marca o 3\u00ba Encontro do Miradourense Ausente - A Not\u00edcia Online\" \/>\n\t\t<meta property=\"og:description\" content=\"O mega show da dupla Teodoro &amp; Sampaio foi uma das principais atra\u00e7\u00f5es do 3\u00ba Encontro do Miradourense Ausente. No mesmo dia da apresenta\u00e7\u00e3o, no s\u00e1bado (21), o prefeito Almiro Marques de Lacerda Filho (Mirim), juntamente com a vice-prefeita, Gilsilene Maria Mendes, reinauguraram a Pra\u00e7a Santa Rita. A pra\u00e7a est\u00e1 moderna, mais confort\u00e1vel, funcional, segura\" \/>\n\t\t<meta property=\"og:url\" content=\"https:\/\/anoticiaonline.com.br\/site\/show-de-teodoro-sampaio-marca-o-3o-encontro-do-miradourense-ausente\/\" \/>\n\t\t<meta property=\"og:image\" content=\"https:\/\/scontent-gig4-1.xx.fbcdn.net\/v\/t39.30808-1\/270437624_4564083193639691_6907940295614233970_n.jpg?stp=dst-jpg_s200x200_tt6&#038;_nc_cat=111&#038;ccb=1-7&#038;_nc_sid=f907e8&#038;_nc_ohc=SM1wRlP3lJwQ7kNvwEPuBYA&#038;_nc_oc=AdnqrjDN_BNjSSHWO-GbkIWH6fkGMLw4bqvL_NH6e2wMveX7G-rP2dAqsDSq1mJMOaY&#038;_nc_zt=24&#038;_nc_ht=scontent-gig4-1.xx&#038;_nc_gid=AoBFJeGrT1hVaew_6rchkQ&#038;oh=00_AfX7QmFGhQhG2jAllVgXCiM1ZrWgvtp80-Bfppyexh1QEg&#038;oe=689E923C\" \/>\n\t\t<meta property=\"og:image:secure_url\" content=\"https:\/\/scontent-gig4-1.xx.fbcdn.net\/v\/t39.30808-1\/270437624_4564083193639691_6907940295614233970_n.jpg?stp=dst-jpg_s200x200_tt6&#038;_nc_cat=111&#038;ccb=1-7&#038;_nc_sid=f907e8&#038;_nc_ohc=SM1wRlP3lJwQ7kNvwEPuBYA&#038;_nc_oc=AdnqrjDN_BNjSSHWO-GbkIWH6fkGMLw4bqvL_NH6e2wMveX7G-rP2dAqsDSq1mJMOaY&#038;_nc_zt=24&#038;_nc_ht=scontent-gig4-1.xx&#038;_nc_gid=AoBFJeGrT1hVaew_6rchkQ&#038;oh=00_AfX7QmFGhQhG2jAllVgXCiM1ZrWgvtp80-Bfppyexh1QEg&#038;oe=689E923C\" \/>\n\t\t<meta property=\"article:published_time\" content=\"2016-05-23T17:00:38+00:00\" \/>\n\t\t<meta property=\"article:modified_time\" content=\"2016-05-25T23:19:25+00:00\" \/>\n\t\t<meta name=\"twitter:card\" content=\"summary_large_image\" \/>\n\t\t<meta name=\"twitter:title\" content=\"Show de Teodoro &amp; Sampaio marca o 3\u00ba Encontro do Miradourense Ausente - A Not\u00edcia Online\" \/>\n\t\t<meta name=\"twitter:description\" content=\"O mega show da dupla Teodoro &amp; Sampaio foi uma das principais atra\u00e7\u00f5es do 3\u00ba Encontro do Miradourense Ausente. No mesmo dia da apresenta\u00e7\u00e3o, no s\u00e1bado (21), o prefeito Almiro Marques de Lacerda Filho (Mirim), juntamente com a vice-prefeita, Gilsilene Maria Mendes, reinauguraram a Pra\u00e7a Santa Rita. A pra\u00e7a est\u00e1 moderna, mais confort\u00e1vel, funcional, segura\" \/>\n\t\t<meta name=\"twitter:image\" content=\"https:\/\/scontent-gig4-1.xx.fbcdn.net\/v\/t39.30808-1\/270437624_4564083193639691_6907940295614233970_n.jpg?stp=dst-jpg_s200x200_tt6&amp;_nc_cat=111&amp;ccb=1-7&amp;_nc_sid=f907e8&amp;_nc_ohc=SM1wRlP3lJwQ7kNvwEPuBYA&amp;_nc_oc=AdnqrjDN_BNjSSHWO-GbkIWH6fkGMLw4bqvL_NH6e2wMveX7G-rP2dAqsDSq1mJMOaY&amp;_nc_zt=24&amp;_nc_ht=scontent-gig4-1.xx&amp;_nc_gid=AoBFJeGrT1hVaew_6rchkQ&amp;oh=00_AfX7QmFGhQhG2jAllVgXCiM1ZrWgvtp80-Bfppyexh1QEg&amp;oe=689E923C\" \/>\n\t\t<script type=\"application\/ld+json\" class=\"aioseo-schema\">\n\t\t\t{\"@context\":\"https:\\\/\\\/schema.org\",\"@graph\":[{\"@type\":\"BlogPosting\",\"@id\":\"https:\\\/\\\/anoticiaonline.com.br\\\/site\\\/show-de-teodoro-sampaio-marca-o-3o-encontro-do-miradourense-ausente\\\/#blogposting\",\"name\":\"Show de Teodoro & Sampaio marca o 3\\u00ba Encontro do Miradourense Ausente - A Not\\u00edcia Online\",\"headline\":\"Show de Teodoro &#038; Sampaio marca o 3\\u00ba Encontro do Miradourense Ausente\",\"author\":{\"@id\":\"https:\\\/\\\/anoticiaonline.com.br\\\/site\\\/author\\\/juliana\\\/#author\"},\"publisher\":{\"@id\":\"https:\\\/\\\/anoticiaonline.com.br\\\/site\\\/#organization\"},\"image\":{\"@type\":\"ImageObject\",\"url\":\"https:\\\/\\\/anoticiaonline.com.br\\\/site\\\/wp-content\\\/uploads\\\/2016\\\/05\\\/DSC041661.jpg\",\"width\":640,\"height\":480},\"datePublished\":\"2016-05-23T14:00:38-03:00\",\"dateModified\":\"2016-05-25T20:19:25-03:00\",\"inLanguage\":\"pt-BR\",\"mainEntityOfPage\":{\"@id\":\"https:\\\/\\\/anoticiaonline.com.br\\\/site\\\/show-de-teodoro-sampaio-marca-o-3o-encontro-do-miradourense-ausente\\\/#webpage\"},\"isPartOf\":{\"@id\":\"https:\\\/\\\/anoticiaonline.com.br\\\/site\\\/show-de-teodoro-sampaio-marca-o-3o-encontro-do-miradourense-ausente\\\/#webpage\"},\"articleSection\":\"Regi\\u00e3o\"},{\"@type\":\"BreadcrumbList\",\"@id\":\"https:\\\/\\\/anoticiaonline.com.br\\\/site\\\/show-de-teodoro-sampaio-marca-o-3o-encontro-do-miradourense-ausente\\\/#breadcrumblist\",\"itemListElement\":[{\"@type\":\"ListItem\",\"@id\":\"https:\\\/\\\/anoticiaonline.com.br\\\/site#listItem\",\"position\":1,\"name\":\"Home\",\"item\":\"https:\\\/\\\/anoticiaonline.com.br\\\/site\",\"nextItem\":{\"@type\":\"ListItem\",\"@id\":\"https:\\\/\\\/anoticiaonline.com.br\\\/site\\\/categoria\\\/regiao\\\/#listItem\",\"name\":\"Regi\\u00e3o\"}},{\"@type\":\"ListItem\",\"@id\":\"https:\\\/\\\/anoticiaonline.com.br\\\/site\\\/categoria\\\/regiao\\\/#listItem\",\"position\":2,\"name\":\"Regi\\u00e3o\",\"item\":\"https:\\\/\\\/anoticiaonline.com.br\\\/site\\\/categoria\\\/regiao\\\/\",\"nextItem\":{\"@type\":\"ListItem\",\"@id\":\"https:\\\/\\\/anoticiaonline.com.br\\\/site\\\/show-de-teodoro-sampaio-marca-o-3o-encontro-do-miradourense-ausente\\\/#listItem\",\"name\":\"Show de Teodoro &#038; Sampaio marca o 3\\u00ba Encontro do Miradourense Ausente\"},\"previousItem\":{\"@type\":\"ListItem\",\"@id\":\"https:\\\/\\\/anoticiaonline.com.br\\\/site#listItem\",\"name\":\"Home\"}},{\"@type\":\"ListItem\",\"@id\":\"https:\\\/\\\/anoticiaonline.com.br\\\/site\\\/show-de-teodoro-sampaio-marca-o-3o-encontro-do-miradourense-ausente\\\/#listItem\",\"position\":3,\"name\":\"Show de Teodoro &#038; Sampaio marca o 3\\u00ba Encontro do Miradourense Ausente\",\"previousItem\":{\"@type\":\"ListItem\",\"@id\":\"https:\\\/\\\/anoticiaonline.com.br\\\/site\\\/categoria\\\/regiao\\\/#listItem\",\"name\":\"Regi\\u00e3o\"}}]},{\"@type\":\"Organization\",\"@id\":\"https:\\\/\\\/anoticiaonline.com.br\\\/site\\\/#organization\",\"name\":\"A Not\\u00edcia Online\",\"description\":\"Noticias de Muria\\u00e9 e regi\\u00e3o\",\"url\":\"https:\\\/\\\/anoticiaonline.com.br\\\/site\\\/\",\"logo\":{\"@type\":\"ImageObject\",\"url\":\"https:\\\/\\\/scontent-gig4-1.xx.fbcdn.net\\\/v\\\/t39.30808-1\\\/270437624_4564083193639691_6907940295614233970_n.jpg?stp=dst-jpg_s200x200_tt6&_nc_cat=111&ccb=1-7&_nc_sid=f907e8&_nc_ohc=SM1wRlP3lJwQ7kNvwEPuBYA&_nc_oc=AdnqrjDN_BNjSSHWO-GbkIWH6fkGMLw4bqvL_NH6e2wMveX7G-rP2dAqsDSq1mJMOaY&_nc_zt=24&_nc_ht=scontent-gig4-1.xx&_nc_gid=AoBFJeGrT1hVaew_6rchkQ&oh=00_AfX7QmFGhQhG2jAllVgXCiM1ZrWgvtp80-Bfppyexh1QEg&oe=689E923C\",\"@id\":\"https:\\\/\\\/anoticiaonline.com.br\\\/site\\\/show-de-teodoro-sampaio-marca-o-3o-encontro-do-miradourense-ausente\\\/#organizationLogo\"},\"image\":{\"@id\":\"https:\\\/\\\/anoticiaonline.com.br\\\/site\\\/show-de-teodoro-sampaio-marca-o-3o-encontro-do-miradourense-ausente\\\/#organizationLogo\"}},{\"@type\":\"Person\",\"@id\":\"https:\\\/\\\/anoticiaonline.com.br\\\/site\\\/author\\\/juliana\\\/#author\",\"url\":\"https:\\\/\\\/anoticiaonline.com.br\\\/site\\\/author\\\/juliana\\\/\",\"name\":\"Juliana Laviola\",\"image\":{\"@type\":\"ImageObject\",\"@id\":\"https:\\\/\\\/anoticiaonline.com.br\\\/site\\\/show-de-teodoro-sampaio-marca-o-3o-encontro-do-miradourense-ausente\\\/#authorImage\",\"url\":\"https:\\\/\\\/secure.gravatar.com\\\/avatar\\\/b8d45f5c699b100dfaf0e543582f38f38bf94cb7ae3a5e9abf8d891a34773335?s=96&d=mm&r=g\",\"width\":96,\"height\":96,\"caption\":\"Juliana Laviola\"}},{\"@type\":\"WebPage\",\"@id\":\"https:\\\/\\\/anoticiaonline.com.br\\\/site\\\/show-de-teodoro-sampaio-marca-o-3o-encontro-do-miradourense-ausente\\\/#webpage\",\"url\":\"https:\\\/\\\/anoticiaonline.com.br\\\/site\\\/show-de-teodoro-sampaio-marca-o-3o-encontro-do-miradourense-ausente\\\/\",\"name\":\"Show de Teodoro & Sampaio marca o 3\\u00ba Encontro do Miradourense Ausente - A Not\\u00edcia Online\",\"description\":\"O mega show da dupla Teodoro & Sampaio foi uma das principais atra\\u00e7\\u00f5es do 3\\u00ba Encontro do Miradourense Ausente. No mesmo dia da apresenta\\u00e7\\u00e3o, no s\\u00e1bado (21), o prefeito Almiro Marques de Lacerda Filho (Mirim), juntamente com a vice-prefeita, Gilsilene Maria Mendes, reinauguraram a Pra\\u00e7a Santa Rita. A pra\\u00e7a est\\u00e1 moderna, mais confort\\u00e1vel, funcional, segura\",\"inLanguage\":\"pt-BR\",\"isPartOf\":{\"@id\":\"https:\\\/\\\/anoticiaonline.com.br\\\/site\\\/#website\"},\"breadcrumb\":{\"@id\":\"https:\\\/\\\/anoticiaonline.com.br\\\/site\\\/show-de-teodoro-sampaio-marca-o-3o-encontro-do-miradourense-ausente\\\/#breadcrumblist\"},\"author\":{\"@id\":\"https:\\\/\\\/anoticiaonline.com.br\\\/site\\\/author\\\/juliana\\\/#author\"},\"creator\":{\"@id\":\"https:\\\/\\\/anoticiaonline.com.br\\\/site\\\/author\\\/juliana\\\/#author\"},\"image\":{\"@type\":\"ImageObject\",\"url\":\"https:\\\/\\\/anoticiaonline.com.br\\\/site\\\/wp-content\\\/uploads\\\/2016\\\/05\\\/DSC041661.jpg\",\"@id\":\"https:\\\/\\\/anoticiaonline.com.br\\\/site\\\/show-de-teodoro-sampaio-marca-o-3o-encontro-do-miradourense-ausente\\\/#mainImage\",\"width\":640,\"height\":480},\"primaryImageOfPage\":{\"@id\":\"https:\\\/\\\/anoticiaonline.com.br\\\/site\\\/show-de-teodoro-sampaio-marca-o-3o-encontro-do-miradourense-ausente\\\/#mainImage\"},\"datePublished\":\"2016-05-23T14:00:38-03:00\",\"dateModified\":\"2016-05-25T20:19:25-03:00\"},{\"@type\":\"WebSite\",\"@id\":\"https:\\\/\\\/anoticiaonline.com.br\\\/site\\\/#website\",\"url\":\"https:\\\/\\\/anoticiaonline.com.br\\\/site\\\/\",\"name\":\"A Not\\u00edcia Online\",\"description\":\"Noticias de Muria\\u00e9 e regi\\u00e3o\",\"inLanguage\":\"pt-BR\",\"publisher\":{\"@id\":\"https:\\\/\\\/anoticiaonline.com.br\\\/site\\\/#organization\"}}]}\n\t\t<\/script>\n\t\t<!-- All in One SEO -->\n\n","aioseo_head_json":{"title":"Show de Teodoro & Sampaio marca o 3\u00ba Encontro do Miradourense Ausente - A Not\u00edcia Online","description":"O mega show da dupla Teodoro & Sampaio foi uma das principais atra\u00e7\u00f5es do 3\u00ba Encontro do Miradourense Ausente. No mesmo dia da apresenta\u00e7\u00e3o, no s\u00e1bado (21), o prefeito Almiro Marques de Lacerda Filho (Mirim), juntamente com a vice-prefeita, Gilsilene Maria Mendes, reinauguraram a Pra\u00e7a Santa Rita. A pra\u00e7a est\u00e1 moderna, mais confort\u00e1vel, funcional, segura","canonical_url":"https:\/\/anoticiaonline.com.br\/site\/show-de-teodoro-sampaio-marca-o-3o-encontro-do-miradourense-ausente\/","robots":"max-image-preview:large","keywords":"","webmasterTools":{"miscellaneous":""},"schema":{"@context":"https:\/\/schema.org","@graph":[{"@type":"BlogPosting","@id":"https:\/\/anoticiaonline.com.br\/site\/show-de-teodoro-sampaio-marca-o-3o-encontro-do-miradourense-ausente\/#blogposting","name":"Show de Teodoro & Sampaio marca o 3\u00ba Encontro do Miradourense Ausente - A Not\u00edcia Online","headline":"Show de Teodoro &#038; Sampaio marca o 3\u00ba Encontro do Miradourense Ausente","author":{"@id":"https:\/\/anoticiaonline.com.br\/site\/author\/juliana\/#author"},"publisher":{"@id":"https:\/\/anoticiaonline.com.br\/site\/#organization"},"image":{"@type":"ImageObject","url":"https:\/\/anoticiaonline.com.br\/site\/wp-content\/uploads\/2016\/05\/DSC041661.jpg","width":640,"height":480},"datePublished":"2016-05-23T14:00:38-03:00","dateModified":"2016-05-25T20:19:25-03:00","inLanguage":"pt-BR","mainEntityOfPage":{"@id":"https:\/\/anoticiaonline.com.br\/site\/show-de-teodoro-sampaio-marca-o-3o-encontro-do-miradourense-ausente\/#webpage"},"isPartOf":{"@id":"https:\/\/anoticiaonline.com.br\/site\/show-de-teodoro-sampaio-marca-o-3o-encontro-do-miradourense-ausente\/#webpage"},"articleSection":"Regi\u00e3o"},{"@type":"BreadcrumbList","@id":"https:\/\/anoticiaonline.com.br\/site\/show-de-teodoro-sampaio-marca-o-3o-encontro-do-miradourense-ausente\/#breadcrumblist","itemListElement":[{"@type":"ListItem","@id":"https:\/\/anoticiaonline.com.br\/site#listItem","position":1,"name":"Home","item":"https:\/\/anoticiaonline.com.br\/site","nextItem":{"@type":"ListItem","@id":"https:\/\/anoticiaonline.com.br\/site\/categoria\/regiao\/#listItem","name":"Regi\u00e3o"}},{"@type":"ListItem","@id":"https:\/\/anoticiaonline.com.br\/site\/categoria\/regiao\/#listItem","position":2,"name":"Regi\u00e3o","item":"https:\/\/anoticiaonline.com.br\/site\/categoria\/regiao\/","nextItem":{"@type":"ListItem","@id":"https:\/\/anoticiaonline.com.br\/site\/show-de-teodoro-sampaio-marca-o-3o-encontro-do-miradourense-ausente\/#listItem","name":"Show de Teodoro &#038; Sampaio marca o 3\u00ba Encontro do Miradourense Ausente"},"previousItem":{"@type":"ListItem","@id":"https:\/\/anoticiaonline.com.br\/site#listItem","name":"Home"}},{"@type":"ListItem","@id":"https:\/\/anoticiaonline.com.br\/site\/show-de-teodoro-sampaio-marca-o-3o-encontro-do-miradourense-ausente\/#listItem","position":3,"name":"Show de Teodoro &#038; Sampaio marca o 3\u00ba Encontro do Miradourense Ausente","previousItem":{"@type":"ListItem","@id":"https:\/\/anoticiaonline.com.br\/site\/categoria\/regiao\/#listItem","name":"Regi\u00e3o"}}]},{"@type":"Organization","@id":"https:\/\/anoticiaonline.com.br\/site\/#organization","name":"A Not\u00edcia Online","description":"Noticias de Muria\u00e9 e regi\u00e3o","url":"https:\/\/anoticiaonline.com.br\/site\/","logo":{"@type":"ImageObject","url":"https:\/\/scontent-gig4-1.xx.fbcdn.net\/v\/t39.30808-1\/270437624_4564083193639691_6907940295614233970_n.jpg?stp=dst-jpg_s200x200_tt6&_nc_cat=111&ccb=1-7&_nc_sid=f907e8&_nc_ohc=SM1wRlP3lJwQ7kNvwEPuBYA&_nc_oc=AdnqrjDN_BNjSSHWO-GbkIWH6fkGMLw4bqvL_NH6e2wMveX7G-rP2dAqsDSq1mJMOaY&_nc_zt=24&_nc_ht=scontent-gig4-1.xx&_nc_gid=AoBFJeGrT1hVaew_6rchkQ&oh=00_AfX7QmFGhQhG2jAllVgXCiM1ZrWgvtp80-Bfppyexh1QEg&oe=689E923C","@id":"https:\/\/anoticiaonline.com.br\/site\/show-de-teodoro-sampaio-marca-o-3o-encontro-do-miradourense-ausente\/#organizationLogo"},"image":{"@id":"https:\/\/anoticiaonline.com.br\/site\/show-de-teodoro-sampaio-marca-o-3o-encontro-do-miradourense-ausente\/#organizationLogo"}},{"@type":"Person","@id":"https:\/\/anoticiaonline.com.br\/site\/author\/juliana\/#author","url":"https:\/\/anoticiaonline.com.br\/site\/author\/juliana\/","name":"Juliana Laviola","image":{"@type":"ImageObject","@id":"https:\/\/anoticiaonline.com.br\/site\/show-de-teodoro-sampaio-marca-o-3o-encontro-do-miradourense-ausente\/#authorImage","url":"https:\/\/secure.gravatar.com\/avatar\/b8d45f5c699b100dfaf0e543582f38f38bf94cb7ae3a5e9abf8d891a34773335?s=96&d=mm&r=g","width":96,"height":96,"caption":"Juliana Laviola"}},{"@type":"WebPage","@id":"https:\/\/anoticiaonline.com.br\/site\/show-de-teodoro-sampaio-marca-o-3o-encontro-do-miradourense-ausente\/#webpage","url":"https:\/\/anoticiaonline.com.br\/site\/show-de-teodoro-sampaio-marca-o-3o-encontro-do-miradourense-ausente\/","name":"Show de Teodoro & Sampaio marca o 3\u00ba Encontro do Miradourense Ausente - A Not\u00edcia Online","description":"O mega show da dupla Teodoro & Sampaio foi uma das principais atra\u00e7\u00f5es do 3\u00ba Encontro do Miradourense Ausente. No mesmo dia da apresenta\u00e7\u00e3o, no s\u00e1bado (21), o prefeito Almiro Marques de Lacerda Filho (Mirim), juntamente com a vice-prefeita, Gilsilene Maria Mendes, reinauguraram a Pra\u00e7a Santa Rita. A pra\u00e7a est\u00e1 moderna, mais confort\u00e1vel, funcional, segura","inLanguage":"pt-BR","isPartOf":{"@id":"https:\/\/anoticiaonline.com.br\/site\/#website"},"breadcrumb":{"@id":"https:\/\/anoticiaonline.com.br\/site\/show-de-teodoro-sampaio-marca-o-3o-encontro-do-miradourense-ausente\/#breadcrumblist"},"author":{"@id":"https:\/\/anoticiaonline.com.br\/site\/author\/juliana\/#author"},"creator":{"@id":"https:\/\/anoticiaonline.com.br\/site\/author\/juliana\/#author"},"image":{"@type":"ImageObject","url":"https:\/\/anoticiaonline.com.br\/site\/wp-content\/uploads\/2016\/05\/DSC041661.jpg","@id":"https:\/\/anoticiaonline.com.br\/site\/show-de-teodoro-sampaio-marca-o-3o-encontro-do-miradourense-ausente\/#mainImage","width":640,"height":480},"primaryImageOfPage":{"@id":"https:\/\/anoticiaonline.com.br\/site\/show-de-teodoro-sampaio-marca-o-3o-encontro-do-miradourense-ausente\/#mainImage"},"datePublished":"2016-05-23T14:00:38-03:00","dateModified":"2016-05-25T20:19:25-03:00"},{"@type":"WebSite","@id":"https:\/\/anoticiaonline.com.br\/site\/#website","url":"https:\/\/anoticiaonline.com.br\/site\/","name":"A Not\u00edcia Online","description":"Noticias de Muria\u00e9 e regi\u00e3o","inLanguage":"pt-BR","publisher":{"@id":"https:\/\/anoticiaonline.com.br\/site\/#organization"}}]},"og:locale":"pt_BR","og:site_name":"A Not\u00edcia Online - Noticias de Muria\u00e9 e regi\u00e3o","og:type":"article","og:title":"Show de Teodoro &amp; Sampaio marca o 3\u00ba Encontro do Miradourense Ausente - A Not\u00edcia Online","og:description":"O mega show da dupla Teodoro &amp; Sampaio foi uma das principais atra\u00e7\u00f5es do 3\u00ba Encontro do Miradourense Ausente. No mesmo dia da apresenta\u00e7\u00e3o, no s\u00e1bado (21), o prefeito Almiro Marques de Lacerda Filho (Mirim), juntamente com a vice-prefeita, Gilsilene Maria Mendes, reinauguraram a Pra\u00e7a Santa Rita. A pra\u00e7a est\u00e1 moderna, mais confort\u00e1vel, funcional, segura","og:url":"https:\/\/anoticiaonline.com.br\/site\/show-de-teodoro-sampaio-marca-o-3o-encontro-do-miradourense-ausente\/","og:image":"https:\/\/scontent-gig4-1.xx.fbcdn.net\/v\/t39.30808-1\/270437624_4564083193639691_6907940295614233970_n.jpg?stp=dst-jpg_s200x200_tt6&#038;_nc_cat=111&#038;ccb=1-7&#038;_nc_sid=f907e8&#038;_nc_ohc=SM1wRlP3lJwQ7kNvwEPuBYA&#038;_nc_oc=AdnqrjDN_BNjSSHWO-GbkIWH6fkGMLw4bqvL_NH6e2wMveX7G-rP2dAqsDSq1mJMOaY&#038;_nc_zt=24&#038;_nc_ht=scontent-gig4-1.xx&#038;_nc_gid=AoBFJeGrT1hVaew_6rchkQ&#038;oh=00_AfX7QmFGhQhG2jAllVgXCiM1ZrWgvtp80-Bfppyexh1QEg&#038;oe=689E923C","og:image:secure_url":"https:\/\/scontent-gig4-1.xx.fbcdn.net\/v\/t39.30808-1\/270437624_4564083193639691_6907940295614233970_n.jpg?stp=dst-jpg_s200x200_tt6&#038;_nc_cat=111&#038;ccb=1-7&#038;_nc_sid=f907e8&#038;_nc_ohc=SM1wRlP3lJwQ7kNvwEPuBYA&#038;_nc_oc=AdnqrjDN_BNjSSHWO-GbkIWH6fkGMLw4bqvL_NH6e2wMveX7G-rP2dAqsDSq1mJMOaY&#038;_nc_zt=24&#038;_nc_ht=scontent-gig4-1.xx&#038;_nc_gid=AoBFJeGrT1hVaew_6rchkQ&#038;oh=00_AfX7QmFGhQhG2jAllVgXCiM1ZrWgvtp80-Bfppyexh1QEg&#038;oe=689E923C","article:published_time":"2016-05-23T17:00:38+00:00","article:modified_time":"2016-05-25T23:19:25+00:00","twitter:card":"summary_large_image","twitter:title":"Show de Teodoro &amp; Sampaio marca o 3\u00ba Encontro do Miradourense Ausente - A Not\u00edcia Online","twitter:description":"O mega show da dupla Teodoro &amp; Sampaio foi uma das principais atra\u00e7\u00f5es do 3\u00ba Encontro do Miradourense Ausente. No mesmo dia da apresenta\u00e7\u00e3o, no s\u00e1bado (21), o prefeito Almiro Marques de Lacerda Filho (Mirim), juntamente com a vice-prefeita, Gilsilene Maria Mendes, reinauguraram a Pra\u00e7a Santa Rita. A pra\u00e7a est\u00e1 moderna, mais confort\u00e1vel, funcional, segura","twitter:image":"https:\/\/scontent-gig4-1.xx.fbcdn.net\/v\/t39.30808-1\/270437624_4564083193639691_6907940295614233970_n.jpg?stp=dst-jpg_s200x200_tt6&_nc_cat=111&ccb=1-7&_nc_sid=f907e8&_nc_ohc=SM1wRlP3lJwQ7kNvwEPuBYA&_nc_oc=AdnqrjDN_BNjSSHWO-GbkIWH6fkGMLw4bqvL_NH6e2wMveX7G-rP2dAqsDSq1mJMOaY&_nc_zt=24&_nc_ht=scontent-gig4-1.xx&_nc_gid=AoBFJeGrT1hVaew_6rchkQ&oh=00_AfX7QmFGhQhG2jAllVgXCiM1ZrWgvtp80-Bfppyexh1QEg&oe=689E923C"},"aioseo_meta_data":{"post_id":"13731","title":null,"description":null,"keywords":null,"keyphrases":null,"primary_term":null,"canonical_url":null,"og_title":null,"og_description":null,"og_object_type":"default","og_image_type":"default","og_image_url":null,"og_image_width":null,"og_image_height":null,"og_image_custom_url":null,"og_image_custom_fields":null,"og_video":null,"og_custom_url":null,"og_article_section":null,"og_article_tags":null,"twitter_use_og":false,"twitter_card":"default","twitter_image_type":"default","twitter_image_url":null,"twitter_image_custom_url":null,"twitter_image_custom_fields":null,"twitter_title":null,"twitter_description":null,"schema":{"blockGraphs":[],"customGraphs":[],"default":{"data":{"Article":[],"Course":[],"Dataset":[],"FAQPage":[],"Movie":[],"Person":[],"Product":[],"ProductReview":[],"Car":[],"Recipe":[],"Service":[],"SoftwareApplication":[],"WebPage":[]},"graphName":"","isEnabled":true},"graphs":[]},"schema_type":"default","schema_type_options":null,"pillar_content":false,"robots_default":true,"robots_noindex":false,"robots_noarchive":false,"robots_nosnippet":false,"robots_nofollow":false,"robots_noimageindex":false,"robots_noodp":false,"robots_notranslate":false,"robots_max_snippet":null,"robots_max_videopreview":null,"robots_max_imagepreview":"large","priority":null,"frequency":null,"local_seo":null,"breadcrumb_settings":null,"limit_modified_date":false,"ai":null,"created":"2025-08-16 16:04:22","updated":"2025-08-16 16:04:22","focus_keyword":null,"additional_keywords":null,"truseo_locale":null,"seo_analyzer_scan_date":null},"aioseo_breadcrumb":"<div class=\"aioseo-breadcrumbs\"><span class=\"aioseo-breadcrumb\">\n\t\t\t<a href=\"https:\/\/anoticiaonline.com.br\/site\" title=\"Home\">Home<\/a>\n\t\t<\/span><span class=\"aioseo-breadcrumb-separator\">&raquo;<\/span><span class=\"aioseo-breadcrumb\">\n\t\t\t<a href=\"https:\/\/anoticiaonline.com.br\/site\/categoria\/regiao\/\" title=\"Regi\u00e3o\">Regi\u00e3o<\/a>\n\t\t<\/span><span class=\"aioseo-breadcrumb-separator\">&raquo;<\/span><span class=\"aioseo-breadcrumb\">\n\t\t\tShow de Teodoro &amp; Sampaio marca o 3\u00ba Encontro do Miradourense Ausente\n\t\t<\/span><\/div>","aioseo_breadcrumb_json":[{"label":"Home","link":"https:\/\/anoticiaonline.com.br\/site"},{"label":"Regi\u00e3o","link":"https:\/\/anoticiaonline.com.br\/site\/categoria\/regiao\/"},{"label":"Show de Teodoro &#038; Sampaio marca o 3\u00ba Encontro do Miradourense Ausente","link":"https:\/\/anoticiaonline.com.br\/site\/show-de-teodoro-sampaio-marca-o-3o-encontro-do-miradourense-ausente\/"}],"views":141,"_links":{"self":[{"href":"https:\/\/anoticiaonline.com.br\/site\/wp-json\/wp\/v2\/posts\/13731","targetHints":{"allow":["GET"]}}],"collection":[{"href":"https:\/\/anoticiaonline.com.br\/site\/wp-json\/wp\/v2\/posts"}],"about":[{"href":"https:\/\/anoticiaonline.com.br\/site\/wp-json\/wp\/v2\/types\/post"}],"author":[{"embeddable":true,"href":"https:\/\/anoticiaonline.com.br\/site\/wp-json\/wp\/v2\/users\/2"}],"replies":[{"embeddable":true,"href":"https:\/\/anoticiaonline.com.br\/site\/wp-json\/wp\/v2\/comments?post=13731"}],"version-history":[{"count":0,"href":"https:\/\/anoticiaonline.com.br\/site\/wp-json\/wp\/v2\/posts\/13731\/revisions"}],"wp:featuredmedia":[{"embeddable":true,"href":"https:\/\/anoticiaonline.com.br\/site\/wp-json\/wp\/v2\/media\/13733"}],"wp:attachment":[{"href":"https:\/\/anoticiaonline.com.br\/site\/wp-json\/wp\/v2\/media?parent=13731"}],"wp:term":[{"taxonomy":"category","embeddable":true,"href":"https:\/\/anoticiaonline.com.br\/site\/wp-json\/wp\/v2\/categories?post=13731"},{"taxonomy":"post_tag","embeddable":true,"href":"https:\/\/anoticiaonline.com.br\/site\/wp-json\/wp\/v2\/tags?post=13731"}],"curies":[{"name":"wp","href":"https:\/\/api.w.org\/{rel}","templated":true}]}}