{"id":13621,"date":"2016-05-25T16:15:21","date_gmt":"2016-05-25T19:15:21","guid":{"rendered":"http:\/\/anoticiaonline.com.br\/site\/?p=13621"},"modified":"2016-05-25T16:15:21","modified_gmt":"2016-05-25T19:15:21","slug":"secretarios-municipais-explicam-sobre-impactos-salariais-na-area-da-saude","status":"publish","type":"post","link":"https:\/\/anoticiaonline.com.br\/site\/secretarios-municipais-explicam-sobre-impactos-salariais-na-area-da-saude\/","title":{"rendered":"Secret\u00e1rios municipais explicam sobre impactos salariais na \u00e1rea da Sa\u00fade"},"content":{"rendered":"<p><a href=\"https:\/\/anoticiaonline.com.br\/site\/wp-content\/uploads\/2016\/05\/Secret\u00e1rios-municipais-explicam-sobre-impactos-salariais-na-\u00e1rea-da-Sa\u00fade.jpg\"><img fetchpriority=\"high\" decoding=\"async\" class=\" size-medium wp-image-13622 alignleft\" src=\"https:\/\/anoticiaonline.com.br\/site\/wp-content\/uploads\/2016\/05\/Secret\u00e1rios-municipais-explicam-sobre-impactos-salariais-na-\u00e1rea-da-Sa\u00fade-300x169.jpg\" alt=\"Secret\u00e1rios municipais explicam sobre impactos salariais na \u00e1rea da Sa\u00fade\" width=\"300\" height=\"169\" srcset=\"https:\/\/anoticiaonline.com.br\/site\/wp-content\/uploads\/2016\/05\/Secret\u00e1rios-municipais-explicam-sobre-impactos-salariais-na-\u00e1rea-da-Sa\u00fade-300x169.jpg 300w, https:\/\/anoticiaonline.com.br\/site\/wp-content\/uploads\/2016\/05\/Secret\u00e1rios-municipais-explicam-sobre-impactos-salariais-na-\u00e1rea-da-Sa\u00fade.jpg 640w\" sizes=\"(max-width: 300px) 100vw, 300px\" \/><\/a>Atendendo a uma convocat\u00f3ria da C\u00e2mara de Vereadores, os secret\u00e1rios municipais de Fazenda e de Sa\u00fade, respectivamente Francisco de Assis Souza J\u00fanior e Franklin Leandro Neto, estiveram presentes na sess\u00e3o ordin\u00e1ria da Casa Legislativa desta ter\u00e7a-feira (24), para explicarem os impactos salariais na folha de pagamento na \u00e1rea de Sa\u00fade, uma vez que o reajuste de 11% oferecido a todos os servidores n\u00e3o atingiu os agentes de sa\u00fade.<\/p>\n<p>Francisco de Assis apresentou uma planilha do or\u00e7amento do munic\u00edpio e como vem sendo empregados os recursos arrecadados pela Prefeitura de Muria\u00e9 neste setor.<\/p>\n<p>Em 2015, segundo ele, o or\u00e7amento municipal foi de R$ 342.633.046,07, quando o projetado para este ano \u00e9 de R$ 314.612.382,30, uma queda de mais de R$ 28 milh\u00f5es. Isto reunindo as receitas corrente, de capital, intra-or\u00e7ament\u00e1rias e redutoras.<\/p>\n<p>O impacto do reajuste de 11% dos programas da Sa\u00fade (Aten\u00e7\u00e3o B\u00e1sica, Vigil\u00e2ncia em Sa\u00fade e M\u00e9dia e Alta Complexidade) apresentaria um impacto parcial superior a R$ 1,2 milh\u00e3o. Computando a previd\u00eancia social atual e projetado o valor, aumentaria em mais de R$ 282 mil.<\/p>\n<p>O secret\u00e1rio de Fazenda explicou ainda que a Prefeitura vem empregando, ano a ano, mais recursos na judicializa\u00e7\u00e3o da Sa\u00fade. Os percentuais s\u00e3o de 22,09% (ano de 2012), 25,15% (2013), 26,32% (2014) e 25,36% (2015), e somente nos quatro primeiros meses deste ano j\u00e1 foram empregados 21,11% de recursos pr\u00f3prios, segundo Francisco.<\/p>\n<p>Ele apresentou ainda o impacto financeiro dos agentes tribut\u00e1rios e fiscais da Fazenda, al\u00e9m dos t\u00e9cnicos administrativos e fiscais de obras, sanit\u00e1rios e de meio ambiente.<\/p>\n<p>A presidente da Casa, vereadora Helena Carvalho, solicitou ao secret\u00e1rio nova planilha anual para facilitar o entendimento, uma vez que parte da categoria teve a readequa\u00e7\u00e3o em 2015 e outra categoria este ano. \u201cEnviaremos novo of\u00edcio \u00e0 Secretaria de Fazenda para que esclare\u00e7a melhor estes impactos no ano e n\u00e3o referente ao per\u00edodo do reajuste\u201d, explica.<\/p>\n<p><strong>INVESTIMENTOS NA QUALIDADE E ATENDIMENTO &#8211;<\/strong> O secret\u00e1rio de Sa\u00fade, Franklin Leandro Neto, fez uma breve exposi\u00e7\u00e3o do trabalho desenvolvido em sua pasta e como s\u00e3o desdobradas as a\u00e7\u00f5es em busca de salvar vidas e dar melhores condi\u00e7\u00f5es no atendimento di\u00e1rio nos postos de sa\u00fade e nos Programas de Sa\u00fade da Fam\u00edlia.<\/p>\n<p>Segundo ele, a judicializa\u00e7\u00e3o da Sa\u00fade imp\u00f5e gastos extras, principalmente por serem atendimentos emergenciais e especializados.<\/p>\n<p>Ele citou algumas situa\u00e7\u00f5es em que a corrida contra o rel\u00f3gio era grande para cumprir os prazos estipulados pelos ju\u00edzes.<\/p>\n","protected":false},"excerpt":{"rendered":"<p>Atendendo a uma convocat\u00f3ria da C\u00e2mara de Vereadores, os secret\u00e1rios municipais de Fazenda e de Sa\u00fade, respectivamente Francisco de Assis Souza J\u00fanior e Franklin Leandro Neto, estiveram presentes na sess\u00e3o ordin\u00e1ria da Casa Legislativa desta ter\u00e7a-feira (24), para explicarem os impactos salariais na folha de pagamento na \u00e1rea de Sa\u00fade, uma vez que o reajuste &#8230; <a title=\"Secret\u00e1rios municipais explicam sobre impactos salariais na \u00e1rea da Sa\u00fade\" class=\"read-more\" href=\"https:\/\/anoticiaonline.com.br\/site\/secretarios-municipais-explicam-sobre-impactos-salariais-na-area-da-saude\/\" aria-label=\"Read more about Secret\u00e1rios municipais explicam sobre impactos salariais na \u00e1rea da Sa\u00fade\">Ler mais<\/a><\/p>\n","protected":false},"author":2,"featured_media":13622,"comment_status":"open","ping_status":"open","sticky":false,"template":"","format":"standard","meta":{"_acf_changed":false,"_monsterinsights_skip_tracking":false,"footnotes":""},"categories":[30],"tags":[3],"class_list":["post-13621","post","type-post","status-publish","format-standard","has-post-thumbnail","hentry","category-muriae","tag-slide"],"acf":[],"aioseo_notices":[],"aioseo_head":"\n\t\t<!-- All in One SEO 5.0.0.1 - aioseo.com -->\n\t<meta name=\"description\" content=\"Atendendo a uma convocat\u00f3ria da C\u00e2mara de Vereadores, os secret\u00e1rios municipais de Fazenda e de Sa\u00fade, respectivamente Francisco de Assis Souza J\u00fanior e Franklin Leandro Neto, estiveram presentes na sess\u00e3o ordin\u00e1ria da Casa Legislativa desta ter\u00e7a-feira (24), para explicarem os impactos salariais na folha de pagamento na \u00e1rea de Sa\u00fade, uma vez que o reajuste\" \/>\n\t<meta name=\"robots\" content=\"max-image-preview:large\" \/>\n\t<meta name=\"author\" content=\"Juliana Laviola\"\/>\n\t<link rel=\"canonical\" href=\"https:\/\/anoticiaonline.com.br\/site\/secretarios-municipais-explicam-sobre-impactos-salariais-na-area-da-saude\/\" \/>\n\t<meta name=\"generator\" content=\"All in One SEO (AIOSEO) 5.0.0.1\" \/>\n\t\t<meta property=\"og:locale\" content=\"pt_BR\" \/>\n\t\t<meta property=\"og:site_name\" content=\"A Not\u00edcia Online - Noticias de Muria\u00e9 e regi\u00e3o\" \/>\n\t\t<meta property=\"og:type\" content=\"article\" \/>\n\t\t<meta property=\"og:title\" content=\"Secret\u00e1rios municipais explicam sobre impactos salariais na \u00e1rea da Sa\u00fade - A Not\u00edcia Online\" \/>\n\t\t<meta property=\"og:description\" content=\"Atendendo a uma convocat\u00f3ria da C\u00e2mara de Vereadores, os secret\u00e1rios municipais de Fazenda e de Sa\u00fade, respectivamente Francisco de Assis Souza J\u00fanior e Franklin Leandro Neto, estiveram presentes na sess\u00e3o ordin\u00e1ria da Casa Legislativa desta ter\u00e7a-feira (24), para explicarem os impactos salariais na folha de pagamento na \u00e1rea de Sa\u00fade, uma vez que o reajuste\" \/>\n\t\t<meta property=\"og:url\" content=\"https:\/\/anoticiaonline.com.br\/site\/secretarios-municipais-explicam-sobre-impactos-salariais-na-area-da-saude\/\" \/>\n\t\t<meta property=\"og:image\" content=\"https:\/\/scontent-gig4-1.xx.fbcdn.net\/v\/t39.30808-1\/270437624_4564083193639691_6907940295614233970_n.jpg?stp=dst-jpg_s200x200_tt6&#038;_nc_cat=111&#038;ccb=1-7&#038;_nc_sid=f907e8&#038;_nc_ohc=SM1wRlP3lJwQ7kNvwEPuBYA&#038;_nc_oc=AdnqrjDN_BNjSSHWO-GbkIWH6fkGMLw4bqvL_NH6e2wMveX7G-rP2dAqsDSq1mJMOaY&#038;_nc_zt=24&#038;_nc_ht=scontent-gig4-1.xx&#038;_nc_gid=AoBFJeGrT1hVaew_6rchkQ&#038;oh=00_AfX7QmFGhQhG2jAllVgXCiM1ZrWgvtp80-Bfppyexh1QEg&#038;oe=689E923C\" \/>\n\t\t<meta property=\"og:image:secure_url\" content=\"https:\/\/scontent-gig4-1.xx.fbcdn.net\/v\/t39.30808-1\/270437624_4564083193639691_6907940295614233970_n.jpg?stp=dst-jpg_s200x200_tt6&#038;_nc_cat=111&#038;ccb=1-7&#038;_nc_sid=f907e8&#038;_nc_ohc=SM1wRlP3lJwQ7kNvwEPuBYA&#038;_nc_oc=AdnqrjDN_BNjSSHWO-GbkIWH6fkGMLw4bqvL_NH6e2wMveX7G-rP2dAqsDSq1mJMOaY&#038;_nc_zt=24&#038;_nc_ht=scontent-gig4-1.xx&#038;_nc_gid=AoBFJeGrT1hVaew_6rchkQ&#038;oh=00_AfX7QmFGhQhG2jAllVgXCiM1ZrWgvtp80-Bfppyexh1QEg&#038;oe=689E923C\" \/>\n\t\t<meta property=\"article:published_time\" content=\"2016-05-25T19:15:21+00:00\" \/>\n\t\t<meta property=\"article:modified_time\" content=\"2016-05-25T19:15:21+00:00\" \/>\n\t\t<meta name=\"twitter:card\" content=\"summary_large_image\" \/>\n\t\t<meta name=\"twitter:title\" content=\"Secret\u00e1rios municipais explicam sobre impactos salariais na \u00e1rea da Sa\u00fade - A Not\u00edcia Online\" \/>\n\t\t<meta name=\"twitter:description\" content=\"Atendendo a uma convocat\u00f3ria da C\u00e2mara de Vereadores, os secret\u00e1rios municipais de Fazenda e de Sa\u00fade, respectivamente Francisco de Assis Souza J\u00fanior e Franklin Leandro Neto, estiveram presentes na sess\u00e3o ordin\u00e1ria da Casa Legislativa desta ter\u00e7a-feira (24), para explicarem os impactos salariais na folha de pagamento na \u00e1rea de Sa\u00fade, uma vez que o reajuste\" \/>\n\t\t<meta name=\"twitter:image\" content=\"https:\/\/scontent-gig4-1.xx.fbcdn.net\/v\/t39.30808-1\/270437624_4564083193639691_6907940295614233970_n.jpg?stp=dst-jpg_s200x200_tt6&amp;_nc_cat=111&amp;ccb=1-7&amp;_nc_sid=f907e8&amp;_nc_ohc=SM1wRlP3lJwQ7kNvwEPuBYA&amp;_nc_oc=AdnqrjDN_BNjSSHWO-GbkIWH6fkGMLw4bqvL_NH6e2wMveX7G-rP2dAqsDSq1mJMOaY&amp;_nc_zt=24&amp;_nc_ht=scontent-gig4-1.xx&amp;_nc_gid=AoBFJeGrT1hVaew_6rchkQ&amp;oh=00_AfX7QmFGhQhG2jAllVgXCiM1ZrWgvtp80-Bfppyexh1QEg&amp;oe=689E923C\" \/>\n\t\t<script type=\"application\/ld+json\" class=\"aioseo-schema\">\n\t\t\t{\"@context\":\"https:\\\/\\\/schema.org\",\"@graph\":[{\"@type\":\"BlogPosting\",\"@id\":\"https:\\\/\\\/anoticiaonline.com.br\\\/site\\\/secretarios-municipais-explicam-sobre-impactos-salariais-na-area-da-saude\\\/#blogposting\",\"name\":\"Secret\\u00e1rios municipais explicam sobre impactos salariais na \\u00e1rea da Sa\\u00fade - A Not\\u00edcia Online\",\"headline\":\"Secret\\u00e1rios municipais explicam sobre impactos salariais na \\u00e1rea da Sa\\u00fade\",\"author\":{\"@id\":\"https:\\\/\\\/anoticiaonline.com.br\\\/site\\\/author\\\/juliana\\\/#author\"},\"publisher\":{\"@id\":\"https:\\\/\\\/anoticiaonline.com.br\\\/site\\\/#organization\"},\"image\":{\"@type\":\"ImageObject\",\"url\":\"https:\\\/\\\/anoticiaonline.com.br\\\/site\\\/wp-content\\\/uploads\\\/2016\\\/05\\\/Secret\\u00e1rios-municipais-explicam-sobre-impactos-salariais-na-\\u00e1rea-da-Sa\\u00fade.jpg\",\"width\":640,\"height\":360},\"datePublished\":\"2016-05-25T16:15:21-03:00\",\"dateModified\":\"2016-05-25T16:15:21-03:00\",\"inLanguage\":\"pt-BR\",\"mainEntityOfPage\":{\"@id\":\"https:\\\/\\\/anoticiaonline.com.br\\\/site\\\/secretarios-municipais-explicam-sobre-impactos-salariais-na-area-da-saude\\\/#webpage\"},\"isPartOf\":{\"@id\":\"https:\\\/\\\/anoticiaonline.com.br\\\/site\\\/secretarios-municipais-explicam-sobre-impactos-salariais-na-area-da-saude\\\/#webpage\"},\"articleSection\":\"Blog, slide\"},{\"@type\":\"BreadcrumbList\",\"@id\":\"https:\\\/\\\/anoticiaonline.com.br\\\/site\\\/secretarios-municipais-explicam-sobre-impactos-salariais-na-area-da-saude\\\/#breadcrumblist\",\"itemListElement\":[{\"@type\":\"ListItem\",\"@id\":\"https:\\\/\\\/anoticiaonline.com.br\\\/site#listItem\",\"position\":1,\"name\":\"Home\",\"item\":\"https:\\\/\\\/anoticiaonline.com.br\\\/site\",\"nextItem\":{\"@type\":\"ListItem\",\"@id\":\"https:\\\/\\\/anoticiaonline.com.br\\\/site\\\/categoria\\\/muriae\\\/#listItem\",\"name\":\"Blog\"}},{\"@type\":\"ListItem\",\"@id\":\"https:\\\/\\\/anoticiaonline.com.br\\\/site\\\/categoria\\\/muriae\\\/#listItem\",\"position\":2,\"name\":\"Blog\",\"item\":\"https:\\\/\\\/anoticiaonline.com.br\\\/site\\\/categoria\\\/muriae\\\/\",\"nextItem\":{\"@type\":\"ListItem\",\"@id\":\"https:\\\/\\\/anoticiaonline.com.br\\\/site\\\/secretarios-municipais-explicam-sobre-impactos-salariais-na-area-da-saude\\\/#listItem\",\"name\":\"Secret\\u00e1rios municipais explicam sobre impactos salariais na \\u00e1rea da Sa\\u00fade\"},\"previousItem\":{\"@type\":\"ListItem\",\"@id\":\"https:\\\/\\\/anoticiaonline.com.br\\\/site#listItem\",\"name\":\"Home\"}},{\"@type\":\"ListItem\",\"@id\":\"https:\\\/\\\/anoticiaonline.com.br\\\/site\\\/secretarios-municipais-explicam-sobre-impactos-salariais-na-area-da-saude\\\/#listItem\",\"position\":3,\"name\":\"Secret\\u00e1rios municipais explicam sobre impactos salariais na \\u00e1rea da Sa\\u00fade\",\"previousItem\":{\"@type\":\"ListItem\",\"@id\":\"https:\\\/\\\/anoticiaonline.com.br\\\/site\\\/categoria\\\/muriae\\\/#listItem\",\"name\":\"Blog\"}}]},{\"@type\":\"Organization\",\"@id\":\"https:\\\/\\\/anoticiaonline.com.br\\\/site\\\/#organization\",\"name\":\"A Not\\u00edcia Online\",\"description\":\"Noticias de Muria\\u00e9 e regi\\u00e3o\",\"url\":\"https:\\\/\\\/anoticiaonline.com.br\\\/site\\\/\",\"logo\":{\"@type\":\"ImageObject\",\"url\":\"https:\\\/\\\/scontent-gig4-1.xx.fbcdn.net\\\/v\\\/t39.30808-1\\\/270437624_4564083193639691_6907940295614233970_n.jpg?stp=dst-jpg_s200x200_tt6&_nc_cat=111&ccb=1-7&_nc_sid=f907e8&_nc_ohc=SM1wRlP3lJwQ7kNvwEPuBYA&_nc_oc=AdnqrjDN_BNjSSHWO-GbkIWH6fkGMLw4bqvL_NH6e2wMveX7G-rP2dAqsDSq1mJMOaY&_nc_zt=24&_nc_ht=scontent-gig4-1.xx&_nc_gid=AoBFJeGrT1hVaew_6rchkQ&oh=00_AfX7QmFGhQhG2jAllVgXCiM1ZrWgvtp80-Bfppyexh1QEg&oe=689E923C\",\"@id\":\"https:\\\/\\\/anoticiaonline.com.br\\\/site\\\/secretarios-municipais-explicam-sobre-impactos-salariais-na-area-da-saude\\\/#organizationLogo\"},\"image\":{\"@id\":\"https:\\\/\\\/anoticiaonline.com.br\\\/site\\\/secretarios-municipais-explicam-sobre-impactos-salariais-na-area-da-saude\\\/#organizationLogo\"}},{\"@type\":\"Person\",\"@id\":\"https:\\\/\\\/anoticiaonline.com.br\\\/site\\\/author\\\/juliana\\\/#author\",\"url\":\"https:\\\/\\\/anoticiaonline.com.br\\\/site\\\/author\\\/juliana\\\/\",\"name\":\"Juliana Laviola\",\"image\":{\"@type\":\"ImageObject\",\"@id\":\"https:\\\/\\\/anoticiaonline.com.br\\\/site\\\/secretarios-municipais-explicam-sobre-impactos-salariais-na-area-da-saude\\\/#authorImage\",\"url\":\"https:\\\/\\\/secure.gravatar.com\\\/avatar\\\/b8d45f5c699b100dfaf0e543582f38f38bf94cb7ae3a5e9abf8d891a34773335?s=96&d=mm&r=g\",\"width\":96,\"height\":96,\"caption\":\"Juliana Laviola\"}},{\"@type\":\"WebPage\",\"@id\":\"https:\\\/\\\/anoticiaonline.com.br\\\/site\\\/secretarios-municipais-explicam-sobre-impactos-salariais-na-area-da-saude\\\/#webpage\",\"url\":\"https:\\\/\\\/anoticiaonline.com.br\\\/site\\\/secretarios-municipais-explicam-sobre-impactos-salariais-na-area-da-saude\\\/\",\"name\":\"Secret\\u00e1rios municipais explicam sobre impactos salariais na \\u00e1rea da Sa\\u00fade - A Not\\u00edcia Online\",\"description\":\"Atendendo a uma convocat\\u00f3ria da C\\u00e2mara de Vereadores, os secret\\u00e1rios municipais de Fazenda e de Sa\\u00fade, respectivamente Francisco de Assis Souza J\\u00fanior e Franklin Leandro Neto, estiveram presentes na sess\\u00e3o ordin\\u00e1ria da Casa Legislativa desta ter\\u00e7a-feira (24), para explicarem os impactos salariais na folha de pagamento na \\u00e1rea de Sa\\u00fade, uma vez que o reajuste\",\"inLanguage\":\"pt-BR\",\"isPartOf\":{\"@id\":\"https:\\\/\\\/anoticiaonline.com.br\\\/site\\\/#website\"},\"breadcrumb\":{\"@id\":\"https:\\\/\\\/anoticiaonline.com.br\\\/site\\\/secretarios-municipais-explicam-sobre-impactos-salariais-na-area-da-saude\\\/#breadcrumblist\"},\"author\":{\"@id\":\"https:\\\/\\\/anoticiaonline.com.br\\\/site\\\/author\\\/juliana\\\/#author\"},\"creator\":{\"@id\":\"https:\\\/\\\/anoticiaonline.com.br\\\/site\\\/author\\\/juliana\\\/#author\"},\"image\":{\"@type\":\"ImageObject\",\"url\":\"https:\\\/\\\/anoticiaonline.com.br\\\/site\\\/wp-content\\\/uploads\\\/2016\\\/05\\\/Secret\\u00e1rios-municipais-explicam-sobre-impactos-salariais-na-\\u00e1rea-da-Sa\\u00fade.jpg\",\"@id\":\"https:\\\/\\\/anoticiaonline.com.br\\\/site\\\/secretarios-municipais-explicam-sobre-impactos-salariais-na-area-da-saude\\\/#mainImage\",\"width\":640,\"height\":360},\"primaryImageOfPage\":{\"@id\":\"https:\\\/\\\/anoticiaonline.com.br\\\/site\\\/secretarios-municipais-explicam-sobre-impactos-salariais-na-area-da-saude\\\/#mainImage\"},\"datePublished\":\"2016-05-25T16:15:21-03:00\",\"dateModified\":\"2016-05-25T16:15:21-03:00\"},{\"@type\":\"WebSite\",\"@id\":\"https:\\\/\\\/anoticiaonline.com.br\\\/site\\\/#website\",\"url\":\"https:\\\/\\\/anoticiaonline.com.br\\\/site\\\/\",\"name\":\"A Not\\u00edcia Online\",\"description\":\"Noticias de Muria\\u00e9 e regi\\u00e3o\",\"inLanguage\":\"pt-BR\",\"publisher\":{\"@id\":\"https:\\\/\\\/anoticiaonline.com.br\\\/site\\\/#organization\"}}]}\n\t\t<\/script>\n\t\t<!-- All in One SEO -->\n\n","aioseo_head_json":{"title":"Secret\u00e1rios municipais explicam sobre impactos salariais na \u00e1rea da Sa\u00fade - A Not\u00edcia Online","description":"Atendendo a uma convocat\u00f3ria da C\u00e2mara de Vereadores, os secret\u00e1rios municipais de Fazenda e de Sa\u00fade, respectivamente Francisco de Assis Souza J\u00fanior e Franklin Leandro Neto, estiveram presentes na sess\u00e3o ordin\u00e1ria da Casa Legislativa desta ter\u00e7a-feira (24), para explicarem os impactos salariais na folha de pagamento na \u00e1rea de Sa\u00fade, uma vez que o reajuste","canonical_url":"https:\/\/anoticiaonline.com.br\/site\/secretarios-municipais-explicam-sobre-impactos-salariais-na-area-da-saude\/","robots":"max-image-preview:large","keywords":"","webmasterTools":{"miscellaneous":""},"schema":{"@context":"https:\/\/schema.org","@graph":[{"@type":"BlogPosting","@id":"https:\/\/anoticiaonline.com.br\/site\/secretarios-municipais-explicam-sobre-impactos-salariais-na-area-da-saude\/#blogposting","name":"Secret\u00e1rios municipais explicam sobre impactos salariais na \u00e1rea da Sa\u00fade - A Not\u00edcia Online","headline":"Secret\u00e1rios municipais explicam sobre impactos salariais na \u00e1rea da Sa\u00fade","author":{"@id":"https:\/\/anoticiaonline.com.br\/site\/author\/juliana\/#author"},"publisher":{"@id":"https:\/\/anoticiaonline.com.br\/site\/#organization"},"image":{"@type":"ImageObject","url":"https:\/\/anoticiaonline.com.br\/site\/wp-content\/uploads\/2016\/05\/Secret\u00e1rios-municipais-explicam-sobre-impactos-salariais-na-\u00e1rea-da-Sa\u00fade.jpg","width":640,"height":360},"datePublished":"2016-05-25T16:15:21-03:00","dateModified":"2016-05-25T16:15:21-03:00","inLanguage":"pt-BR","mainEntityOfPage":{"@id":"https:\/\/anoticiaonline.com.br\/site\/secretarios-municipais-explicam-sobre-impactos-salariais-na-area-da-saude\/#webpage"},"isPartOf":{"@id":"https:\/\/anoticiaonline.com.br\/site\/secretarios-municipais-explicam-sobre-impactos-salariais-na-area-da-saude\/#webpage"},"articleSection":"Blog, slide"},{"@type":"BreadcrumbList","@id":"https:\/\/anoticiaonline.com.br\/site\/secretarios-municipais-explicam-sobre-impactos-salariais-na-area-da-saude\/#breadcrumblist","itemListElement":[{"@type":"ListItem","@id":"https:\/\/anoticiaonline.com.br\/site#listItem","position":1,"name":"Home","item":"https:\/\/anoticiaonline.com.br\/site","nextItem":{"@type":"ListItem","@id":"https:\/\/anoticiaonline.com.br\/site\/categoria\/muriae\/#listItem","name":"Blog"}},{"@type":"ListItem","@id":"https:\/\/anoticiaonline.com.br\/site\/categoria\/muriae\/#listItem","position":2,"name":"Blog","item":"https:\/\/anoticiaonline.com.br\/site\/categoria\/muriae\/","nextItem":{"@type":"ListItem","@id":"https:\/\/anoticiaonline.com.br\/site\/secretarios-municipais-explicam-sobre-impactos-salariais-na-area-da-saude\/#listItem","name":"Secret\u00e1rios municipais explicam sobre impactos salariais na \u00e1rea da Sa\u00fade"},"previousItem":{"@type":"ListItem","@id":"https:\/\/anoticiaonline.com.br\/site#listItem","name":"Home"}},{"@type":"ListItem","@id":"https:\/\/anoticiaonline.com.br\/site\/secretarios-municipais-explicam-sobre-impactos-salariais-na-area-da-saude\/#listItem","position":3,"name":"Secret\u00e1rios municipais explicam sobre impactos salariais na \u00e1rea da Sa\u00fade","previousItem":{"@type":"ListItem","@id":"https:\/\/anoticiaonline.com.br\/site\/categoria\/muriae\/#listItem","name":"Blog"}}]},{"@type":"Organization","@id":"https:\/\/anoticiaonline.com.br\/site\/#organization","name":"A Not\u00edcia Online","description":"Noticias de Muria\u00e9 e regi\u00e3o","url":"https:\/\/anoticiaonline.com.br\/site\/","logo":{"@type":"ImageObject","url":"https:\/\/scontent-gig4-1.xx.fbcdn.net\/v\/t39.30808-1\/270437624_4564083193639691_6907940295614233970_n.jpg?stp=dst-jpg_s200x200_tt6&_nc_cat=111&ccb=1-7&_nc_sid=f907e8&_nc_ohc=SM1wRlP3lJwQ7kNvwEPuBYA&_nc_oc=AdnqrjDN_BNjSSHWO-GbkIWH6fkGMLw4bqvL_NH6e2wMveX7G-rP2dAqsDSq1mJMOaY&_nc_zt=24&_nc_ht=scontent-gig4-1.xx&_nc_gid=AoBFJeGrT1hVaew_6rchkQ&oh=00_AfX7QmFGhQhG2jAllVgXCiM1ZrWgvtp80-Bfppyexh1QEg&oe=689E923C","@id":"https:\/\/anoticiaonline.com.br\/site\/secretarios-municipais-explicam-sobre-impactos-salariais-na-area-da-saude\/#organizationLogo"},"image":{"@id":"https:\/\/anoticiaonline.com.br\/site\/secretarios-municipais-explicam-sobre-impactos-salariais-na-area-da-saude\/#organizationLogo"}},{"@type":"Person","@id":"https:\/\/anoticiaonline.com.br\/site\/author\/juliana\/#author","url":"https:\/\/anoticiaonline.com.br\/site\/author\/juliana\/","name":"Juliana Laviola","image":{"@type":"ImageObject","@id":"https:\/\/anoticiaonline.com.br\/site\/secretarios-municipais-explicam-sobre-impactos-salariais-na-area-da-saude\/#authorImage","url":"https:\/\/secure.gravatar.com\/avatar\/b8d45f5c699b100dfaf0e543582f38f38bf94cb7ae3a5e9abf8d891a34773335?s=96&d=mm&r=g","width":96,"height":96,"caption":"Juliana Laviola"}},{"@type":"WebPage","@id":"https:\/\/anoticiaonline.com.br\/site\/secretarios-municipais-explicam-sobre-impactos-salariais-na-area-da-saude\/#webpage","url":"https:\/\/anoticiaonline.com.br\/site\/secretarios-municipais-explicam-sobre-impactos-salariais-na-area-da-saude\/","name":"Secret\u00e1rios municipais explicam sobre impactos salariais na \u00e1rea da Sa\u00fade - A Not\u00edcia Online","description":"Atendendo a uma convocat\u00f3ria da C\u00e2mara de Vereadores, os secret\u00e1rios municipais de Fazenda e de Sa\u00fade, respectivamente Francisco de Assis Souza J\u00fanior e Franklin Leandro Neto, estiveram presentes na sess\u00e3o ordin\u00e1ria da Casa Legislativa desta ter\u00e7a-feira (24), para explicarem os impactos salariais na folha de pagamento na \u00e1rea de Sa\u00fade, uma vez que o reajuste","inLanguage":"pt-BR","isPartOf":{"@id":"https:\/\/anoticiaonline.com.br\/site\/#website"},"breadcrumb":{"@id":"https:\/\/anoticiaonline.com.br\/site\/secretarios-municipais-explicam-sobre-impactos-salariais-na-area-da-saude\/#breadcrumblist"},"author":{"@id":"https:\/\/anoticiaonline.com.br\/site\/author\/juliana\/#author"},"creator":{"@id":"https:\/\/anoticiaonline.com.br\/site\/author\/juliana\/#author"},"image":{"@type":"ImageObject","url":"https:\/\/anoticiaonline.com.br\/site\/wp-content\/uploads\/2016\/05\/Secret\u00e1rios-municipais-explicam-sobre-impactos-salariais-na-\u00e1rea-da-Sa\u00fade.jpg","@id":"https:\/\/anoticiaonline.com.br\/site\/secretarios-municipais-explicam-sobre-impactos-salariais-na-area-da-saude\/#mainImage","width":640,"height":360},"primaryImageOfPage":{"@id":"https:\/\/anoticiaonline.com.br\/site\/secretarios-municipais-explicam-sobre-impactos-salariais-na-area-da-saude\/#mainImage"},"datePublished":"2016-05-25T16:15:21-03:00","dateModified":"2016-05-25T16:15:21-03:00"},{"@type":"WebSite","@id":"https:\/\/anoticiaonline.com.br\/site\/#website","url":"https:\/\/anoticiaonline.com.br\/site\/","name":"A Not\u00edcia Online","description":"Noticias de Muria\u00e9 e regi\u00e3o","inLanguage":"pt-BR","publisher":{"@id":"https:\/\/anoticiaonline.com.br\/site\/#organization"}}]},"og:locale":"pt_BR","og:site_name":"A Not\u00edcia Online - Noticias de Muria\u00e9 e regi\u00e3o","og:type":"article","og:title":"Secret\u00e1rios municipais explicam sobre impactos salariais na \u00e1rea da Sa\u00fade - A Not\u00edcia Online","og:description":"Atendendo a uma convocat\u00f3ria da C\u00e2mara de Vereadores, os secret\u00e1rios municipais de Fazenda e de Sa\u00fade, respectivamente Francisco de Assis Souza J\u00fanior e Franklin Leandro Neto, estiveram presentes na sess\u00e3o ordin\u00e1ria da Casa Legislativa desta ter\u00e7a-feira (24), para explicarem os impactos salariais na folha de pagamento na \u00e1rea de Sa\u00fade, uma vez que o reajuste","og:url":"https:\/\/anoticiaonline.com.br\/site\/secretarios-municipais-explicam-sobre-impactos-salariais-na-area-da-saude\/","og:image":"https:\/\/scontent-gig4-1.xx.fbcdn.net\/v\/t39.30808-1\/270437624_4564083193639691_6907940295614233970_n.jpg?stp=dst-jpg_s200x200_tt6&#038;_nc_cat=111&#038;ccb=1-7&#038;_nc_sid=f907e8&#038;_nc_ohc=SM1wRlP3lJwQ7kNvwEPuBYA&#038;_nc_oc=AdnqrjDN_BNjSSHWO-GbkIWH6fkGMLw4bqvL_NH6e2wMveX7G-rP2dAqsDSq1mJMOaY&#038;_nc_zt=24&#038;_nc_ht=scontent-gig4-1.xx&#038;_nc_gid=AoBFJeGrT1hVaew_6rchkQ&#038;oh=00_AfX7QmFGhQhG2jAllVgXCiM1ZrWgvtp80-Bfppyexh1QEg&#038;oe=689E923C","og:image:secure_url":"https:\/\/scontent-gig4-1.xx.fbcdn.net\/v\/t39.30808-1\/270437624_4564083193639691_6907940295614233970_n.jpg?stp=dst-jpg_s200x200_tt6&#038;_nc_cat=111&#038;ccb=1-7&#038;_nc_sid=f907e8&#038;_nc_ohc=SM1wRlP3lJwQ7kNvwEPuBYA&#038;_nc_oc=AdnqrjDN_BNjSSHWO-GbkIWH6fkGMLw4bqvL_NH6e2wMveX7G-rP2dAqsDSq1mJMOaY&#038;_nc_zt=24&#038;_nc_ht=scontent-gig4-1.xx&#038;_nc_gid=AoBFJeGrT1hVaew_6rchkQ&#038;oh=00_AfX7QmFGhQhG2jAllVgXCiM1ZrWgvtp80-Bfppyexh1QEg&#038;oe=689E923C","article:published_time":"2016-05-25T19:15:21+00:00","article:modified_time":"2016-05-25T19:15:21+00:00","twitter:card":"summary_large_image","twitter:title":"Secret\u00e1rios municipais explicam sobre impactos salariais na \u00e1rea da Sa\u00fade - A Not\u00edcia Online","twitter:description":"Atendendo a uma convocat\u00f3ria da C\u00e2mara de Vereadores, os secret\u00e1rios municipais de Fazenda e de Sa\u00fade, respectivamente Francisco de Assis Souza J\u00fanior e Franklin Leandro Neto, estiveram presentes na sess\u00e3o ordin\u00e1ria da Casa Legislativa desta ter\u00e7a-feira (24), para explicarem os impactos salariais na folha de pagamento na \u00e1rea de Sa\u00fade, uma vez que o reajuste","twitter:image":"https:\/\/scontent-gig4-1.xx.fbcdn.net\/v\/t39.30808-1\/270437624_4564083193639691_6907940295614233970_n.jpg?stp=dst-jpg_s200x200_tt6&_nc_cat=111&ccb=1-7&_nc_sid=f907e8&_nc_ohc=SM1wRlP3lJwQ7kNvwEPuBYA&_nc_oc=AdnqrjDN_BNjSSHWO-GbkIWH6fkGMLw4bqvL_NH6e2wMveX7G-rP2dAqsDSq1mJMOaY&_nc_zt=24&_nc_ht=scontent-gig4-1.xx&_nc_gid=AoBFJeGrT1hVaew_6rchkQ&oh=00_AfX7QmFGhQhG2jAllVgXCiM1ZrWgvtp80-Bfppyexh1QEg&oe=689E923C"},"aioseo_meta_data":{"post_id":"13621","title":null,"description":null,"keywords":null,"keyphrases":null,"primary_term":null,"canonical_url":null,"og_title":null,"og_description":null,"og_object_type":"default","og_image_type":"default","og_image_url":null,"og_image_width":null,"og_image_height":null,"og_image_custom_url":null,"og_image_custom_fields":null,"og_video":null,"og_custom_url":null,"og_article_section":null,"og_article_tags":null,"twitter_use_og":false,"twitter_card":"default","twitter_image_type":"default","twitter_image_url":null,"twitter_image_custom_url":null,"twitter_image_custom_fields":null,"twitter_title":null,"twitter_description":null,"schema":{"blockGraphs":[],"customGraphs":[],"default":{"data":{"Article":[],"Course":[],"Dataset":[],"FAQPage":[],"Movie":[],"Person":[],"Product":[],"ProductReview":[],"Car":[],"Recipe":[],"Service":[],"SoftwareApplication":[],"WebPage":[]},"graphName":"","isEnabled":true},"graphs":[]},"schema_type":"default","schema_type_options":null,"pillar_content":false,"robots_default":true,"robots_noindex":false,"robots_noarchive":false,"robots_nosnippet":false,"robots_nofollow":false,"robots_noimageindex":false,"robots_noodp":false,"robots_notranslate":false,"robots_max_snippet":null,"robots_max_videopreview":null,"robots_max_imagepreview":"large","priority":null,"frequency":null,"local_seo":null,"breadcrumb_settings":null,"limit_modified_date":false,"ai":null,"created":"2025-08-16 16:03:30","updated":"2025-08-16 16:03:30","focus_keyword":null,"additional_keywords":null,"truseo_locale":null,"seo_analyzer_scan_date":null},"aioseo_breadcrumb":"<div class=\"aioseo-breadcrumbs\"><span class=\"aioseo-breadcrumb\">\n\t\t\t<a href=\"https:\/\/anoticiaonline.com.br\/site\" title=\"Home\">Home<\/a>\n\t\t<\/span><span class=\"aioseo-breadcrumb-separator\">&raquo;<\/span><span class=\"aioseo-breadcrumb\">\n\t\t\t<a href=\"https:\/\/anoticiaonline.com.br\/site\/categoria\/muriae\/\" title=\"Blog\">Blog<\/a>\n\t\t<\/span><span class=\"aioseo-breadcrumb-separator\">&raquo;<\/span><span class=\"aioseo-breadcrumb\">\n\t\t\tSecret\u00e1rios municipais explicam sobre impactos salariais na \u00e1rea da Sa\u00fade\n\t\t<\/span><\/div>","aioseo_breadcrumb_json":[{"label":"Home","link":"https:\/\/anoticiaonline.com.br\/site"},{"label":"Blog","link":"https:\/\/anoticiaonline.com.br\/site\/categoria\/muriae\/"},{"label":"Secret\u00e1rios municipais explicam sobre impactos salariais na \u00e1rea da Sa\u00fade","link":"https:\/\/anoticiaonline.com.br\/site\/secretarios-municipais-explicam-sobre-impactos-salariais-na-area-da-saude\/"}],"views":114,"_links":{"self":[{"href":"https:\/\/anoticiaonline.com.br\/site\/wp-json\/wp\/v2\/posts\/13621","targetHints":{"allow":["GET"]}}],"collection":[{"href":"https:\/\/anoticiaonline.com.br\/site\/wp-json\/wp\/v2\/posts"}],"about":[{"href":"https:\/\/anoticiaonline.com.br\/site\/wp-json\/wp\/v2\/types\/post"}],"author":[{"embeddable":true,"href":"https:\/\/anoticiaonline.com.br\/site\/wp-json\/wp\/v2\/users\/2"}],"replies":[{"embeddable":true,"href":"https:\/\/anoticiaonline.com.br\/site\/wp-json\/wp\/v2\/comments?post=13621"}],"version-history":[{"count":0,"href":"https:\/\/anoticiaonline.com.br\/site\/wp-json\/wp\/v2\/posts\/13621\/revisions"}],"wp:featuredmedia":[{"embeddable":true,"href":"https:\/\/anoticiaonline.com.br\/site\/wp-json\/wp\/v2\/media\/13622"}],"wp:attachment":[{"href":"https:\/\/anoticiaonline.com.br\/site\/wp-json\/wp\/v2\/media?parent=13621"}],"wp:term":[{"taxonomy":"category","embeddable":true,"href":"https:\/\/anoticiaonline.com.br\/site\/wp-json\/wp\/v2\/categories?post=13621"},{"taxonomy":"post_tag","embeddable":true,"href":"https:\/\/anoticiaonline.com.br\/site\/wp-json\/wp\/v2\/tags?post=13621"}],"curies":[{"name":"wp","href":"https:\/\/api.w.org\/{rel}","templated":true}]}}