{"id":13617,"date":"2016-05-25T15:59:39","date_gmt":"2016-05-25T18:59:39","guid":{"rendered":"http:\/\/anoticiaonline.com.br\/site\/?p=13617"},"modified":"2016-05-25T16:01:08","modified_gmt":"2016-05-25T19:01:08","slug":"e-campeao-albino-rocha-conquista-o-primeiro-lugar-em-corrida-no-peru","status":"publish","type":"post","link":"https:\/\/anoticiaonline.com.br\/site\/e-campeao-albino-rocha-conquista-o-primeiro-lugar-em-corrida-no-peru\/","title":{"rendered":"\u00c9 campe\u00e3o! Albino conquista o primeiro lugar em corrida no Peru"},"content":{"rendered":"<p><a href=\"https:\/\/anoticiaonline.com.br\/site\/wp-content\/uploads\/2016\/05\/\u00c9-campe\u00e3o-Albino-Rocha-conquista-o-primeiro-lugar-em-corrida-no-Peru.jpg\"><img fetchpriority=\"high\" decoding=\"async\" class=\" size-medium wp-image-13618 alignleft\" src=\"https:\/\/anoticiaonline.com.br\/site\/wp-content\/uploads\/2016\/05\/\u00c9-campe\u00e3o-Albino-Rocha-conquista-o-primeiro-lugar-em-corrida-no-Peru-300x275.jpg\" alt=\"\u00c9 campe\u00e3o! Albino Rocha conquista o primeiro lugar em corrida no Peru\" width=\"300\" height=\"275\" srcset=\"https:\/\/anoticiaonline.com.br\/site\/wp-content\/uploads\/2016\/05\/\u00c9-campe\u00e3o-Albino-Rocha-conquista-o-primeiro-lugar-em-corrida-no-Peru-300x275.jpg 300w, https:\/\/anoticiaonline.com.br\/site\/wp-content\/uploads\/2016\/05\/\u00c9-campe\u00e3o-Albino-Rocha-conquista-o-primeiro-lugar-em-corrida-no-Peru.jpg 640w\" sizes=\"(max-width: 300px) 100vw, 300px\" \/><\/a>Aos 69 anos, o muriaeense Albino Pinto da Rocha tem o que comemorar em sua carreira como atleta. Ele tem uma \u201ccole\u00e7\u00e3o\u201d de trof\u00e9us em medalhas por participa\u00e7\u00e3o em corridas nacionais e internacionais. Recentemente, obteve mais uma conquista: foi um dos condutores da Tocha, durante o revezamento da chama ol\u00edmpica em Muria\u00e9 no dia 16 de maio.<\/p>\n<p>Mas quem pensou que parou por a\u00ed, enganou-se. No mesmo dia, viajou para o Rio de Janeiro, de onde embarcou, no dia 18, em um avi\u00e3o rumo a Cusco, no Peru, para participar, no s\u00e1bado (22), da \u201cMD Vale Sagrado dos Incas \u2013 Mountain Do\u201d, realizada na Vila de Huambutio.<\/p>\n<p>De l\u00e1, trouxe para a casa mais uma vit\u00f3ria. Ele foi o primeiro colocado em sua categoria (acima de 65 anos), entre 13 concorrentes, ao percorrer 20 km em 2h5min.<\/p>\n","protected":false},"excerpt":{"rendered":"<p>Aos 69 anos, o muriaeense Albino Pinto da Rocha tem o que comemorar em sua carreira como atleta. Ele tem uma \u201ccole\u00e7\u00e3o\u201d de trof\u00e9us em medalhas por participa\u00e7\u00e3o em corridas nacionais e internacionais. Recentemente, obteve mais uma conquista: foi um dos condutores da Tocha, durante o revezamento da chama ol\u00edmpica em Muria\u00e9 no dia 16 &#8230; <a title=\"\u00c9 campe\u00e3o! Albino conquista o primeiro lugar em corrida no Peru\" class=\"read-more\" href=\"https:\/\/anoticiaonline.com.br\/site\/e-campeao-albino-rocha-conquista-o-primeiro-lugar-em-corrida-no-peru\/\" aria-label=\"Read more about \u00c9 campe\u00e3o! Albino conquista o primeiro lugar em corrida no Peru\">Ler mais<\/a><\/p>\n","protected":false},"author":2,"featured_media":13618,"comment_status":"open","ping_status":"open","sticky":false,"template":"","format":"standard","meta":{"_acf_changed":false,"_monsterinsights_skip_tracking":false,"footnotes":""},"categories":[29],"tags":[3],"class_list":["post-13617","post","type-post","status-publish","format-standard","has-post-thumbnail","hentry","category-esporte","tag-slide"],"acf":[],"aioseo_notices":[],"aioseo_head":"\n\t\t<!-- All in One SEO 5.0.0.1 - aioseo.com -->\n\t<meta name=\"description\" content=\"Aos 69 anos, o muriaeense Albino Pinto da Rocha tem o que comemorar em sua carreira como atleta. Ele tem uma \u201ccole\u00e7\u00e3o\u201d de trof\u00e9us em medalhas por participa\u00e7\u00e3o em corridas nacionais e internacionais. Recentemente, obteve mais uma conquista: foi um dos condutores da Tocha, durante o revezamento da chama ol\u00edmpica em Muria\u00e9 no dia 16\" \/>\n\t<meta name=\"robots\" content=\"max-image-preview:large\" \/>\n\t<meta name=\"author\" content=\"Juliana Laviola\"\/>\n\t<link rel=\"canonical\" href=\"https:\/\/anoticiaonline.com.br\/site\/e-campeao-albino-rocha-conquista-o-primeiro-lugar-em-corrida-no-peru\/\" \/>\n\t<meta name=\"generator\" content=\"All in One SEO (AIOSEO) 5.0.0.1\" \/>\n\t\t<meta property=\"og:locale\" content=\"pt_BR\" \/>\n\t\t<meta property=\"og:site_name\" content=\"A Not\u00edcia Online - Noticias de Muria\u00e9 e regi\u00e3o\" \/>\n\t\t<meta property=\"og:type\" content=\"article\" \/>\n\t\t<meta property=\"og:title\" content=\"\u00c9 campe\u00e3o! Albino conquista o primeiro lugar em corrida no Peru - A Not\u00edcia Online\" \/>\n\t\t<meta property=\"og:description\" content=\"Aos 69 anos, o muriaeense Albino Pinto da Rocha tem o que comemorar em sua carreira como atleta. Ele tem uma \u201ccole\u00e7\u00e3o\u201d de trof\u00e9us em medalhas por participa\u00e7\u00e3o em corridas nacionais e internacionais. Recentemente, obteve mais uma conquista: foi um dos condutores da Tocha, durante o revezamento da chama ol\u00edmpica em Muria\u00e9 no dia 16\" \/>\n\t\t<meta property=\"og:url\" content=\"https:\/\/anoticiaonline.com.br\/site\/e-campeao-albino-rocha-conquista-o-primeiro-lugar-em-corrida-no-peru\/\" \/>\n\t\t<meta property=\"og:image\" content=\"https:\/\/scontent-gig4-1.xx.fbcdn.net\/v\/t39.30808-1\/270437624_4564083193639691_6907940295614233970_n.jpg?stp=dst-jpg_s200x200_tt6&#038;_nc_cat=111&#038;ccb=1-7&#038;_nc_sid=f907e8&#038;_nc_ohc=SM1wRlP3lJwQ7kNvwEPuBYA&#038;_nc_oc=AdnqrjDN_BNjSSHWO-GbkIWH6fkGMLw4bqvL_NH6e2wMveX7G-rP2dAqsDSq1mJMOaY&#038;_nc_zt=24&#038;_nc_ht=scontent-gig4-1.xx&#038;_nc_gid=AoBFJeGrT1hVaew_6rchkQ&#038;oh=00_AfX7QmFGhQhG2jAllVgXCiM1ZrWgvtp80-Bfppyexh1QEg&#038;oe=689E923C\" \/>\n\t\t<meta property=\"og:image:secure_url\" content=\"https:\/\/scontent-gig4-1.xx.fbcdn.net\/v\/t39.30808-1\/270437624_4564083193639691_6907940295614233970_n.jpg?stp=dst-jpg_s200x200_tt6&#038;_nc_cat=111&#038;ccb=1-7&#038;_nc_sid=f907e8&#038;_nc_ohc=SM1wRlP3lJwQ7kNvwEPuBYA&#038;_nc_oc=AdnqrjDN_BNjSSHWO-GbkIWH6fkGMLw4bqvL_NH6e2wMveX7G-rP2dAqsDSq1mJMOaY&#038;_nc_zt=24&#038;_nc_ht=scontent-gig4-1.xx&#038;_nc_gid=AoBFJeGrT1hVaew_6rchkQ&#038;oh=00_AfX7QmFGhQhG2jAllVgXCiM1ZrWgvtp80-Bfppyexh1QEg&#038;oe=689E923C\" \/>\n\t\t<meta property=\"article:published_time\" content=\"2016-05-25T18:59:39+00:00\" \/>\n\t\t<meta property=\"article:modified_time\" content=\"2016-05-25T19:01:08+00:00\" \/>\n\t\t<meta name=\"twitter:card\" content=\"summary_large_image\" \/>\n\t\t<meta name=\"twitter:title\" content=\"\u00c9 campe\u00e3o! Albino conquista o primeiro lugar em corrida no Peru - A Not\u00edcia Online\" \/>\n\t\t<meta name=\"twitter:description\" content=\"Aos 69 anos, o muriaeense Albino Pinto da Rocha tem o que comemorar em sua carreira como atleta. Ele tem uma \u201ccole\u00e7\u00e3o\u201d de trof\u00e9us em medalhas por participa\u00e7\u00e3o em corridas nacionais e internacionais. Recentemente, obteve mais uma conquista: foi um dos condutores da Tocha, durante o revezamento da chama ol\u00edmpica em Muria\u00e9 no dia 16\" \/>\n\t\t<meta name=\"twitter:image\" content=\"https:\/\/scontent-gig4-1.xx.fbcdn.net\/v\/t39.30808-1\/270437624_4564083193639691_6907940295614233970_n.jpg?stp=dst-jpg_s200x200_tt6&amp;_nc_cat=111&amp;ccb=1-7&amp;_nc_sid=f907e8&amp;_nc_ohc=SM1wRlP3lJwQ7kNvwEPuBYA&amp;_nc_oc=AdnqrjDN_BNjSSHWO-GbkIWH6fkGMLw4bqvL_NH6e2wMveX7G-rP2dAqsDSq1mJMOaY&amp;_nc_zt=24&amp;_nc_ht=scontent-gig4-1.xx&amp;_nc_gid=AoBFJeGrT1hVaew_6rchkQ&amp;oh=00_AfX7QmFGhQhG2jAllVgXCiM1ZrWgvtp80-Bfppyexh1QEg&amp;oe=689E923C\" \/>\n\t\t<script type=\"application\/ld+json\" class=\"aioseo-schema\">\n\t\t\t{\"@context\":\"https:\\\/\\\/schema.org\",\"@graph\":[{\"@type\":\"BlogPosting\",\"@id\":\"https:\\\/\\\/anoticiaonline.com.br\\\/site\\\/e-campeao-albino-rocha-conquista-o-primeiro-lugar-em-corrida-no-peru\\\/#blogposting\",\"name\":\"\\u00c9 campe\\u00e3o! Albino conquista o primeiro lugar em corrida no Peru - A Not\\u00edcia Online\",\"headline\":\"\\u00c9 campe\\u00e3o! Albino conquista o primeiro lugar em corrida no Peru\",\"author\":{\"@id\":\"https:\\\/\\\/anoticiaonline.com.br\\\/site\\\/author\\\/juliana\\\/#author\"},\"publisher\":{\"@id\":\"https:\\\/\\\/anoticiaonline.com.br\\\/site\\\/#organization\"},\"image\":{\"@type\":\"ImageObject\",\"url\":\"https:\\\/\\\/anoticiaonline.com.br\\\/site\\\/wp-content\\\/uploads\\\/2016\\\/05\\\/\\u00c9-campe\\u00e3o-Albino-Rocha-conquista-o-primeiro-lugar-em-corrida-no-Peru.jpg\",\"width\":640,\"height\":587},\"datePublished\":\"2016-05-25T15:59:39-03:00\",\"dateModified\":\"2016-05-25T16:01:08-03:00\",\"inLanguage\":\"pt-BR\",\"mainEntityOfPage\":{\"@id\":\"https:\\\/\\\/anoticiaonline.com.br\\\/site\\\/e-campeao-albino-rocha-conquista-o-primeiro-lugar-em-corrida-no-peru\\\/#webpage\"},\"isPartOf\":{\"@id\":\"https:\\\/\\\/anoticiaonline.com.br\\\/site\\\/e-campeao-albino-rocha-conquista-o-primeiro-lugar-em-corrida-no-peru\\\/#webpage\"},\"articleSection\":\"Esporte, slide\"},{\"@type\":\"BreadcrumbList\",\"@id\":\"https:\\\/\\\/anoticiaonline.com.br\\\/site\\\/e-campeao-albino-rocha-conquista-o-primeiro-lugar-em-corrida-no-peru\\\/#breadcrumblist\",\"itemListElement\":[{\"@type\":\"ListItem\",\"@id\":\"https:\\\/\\\/anoticiaonline.com.br\\\/site#listItem\",\"position\":1,\"name\":\"Home\",\"item\":\"https:\\\/\\\/anoticiaonline.com.br\\\/site\",\"nextItem\":{\"@type\":\"ListItem\",\"@id\":\"https:\\\/\\\/anoticiaonline.com.br\\\/site\\\/categoria\\\/esporte\\\/#listItem\",\"name\":\"Esporte\"}},{\"@type\":\"ListItem\",\"@id\":\"https:\\\/\\\/anoticiaonline.com.br\\\/site\\\/categoria\\\/esporte\\\/#listItem\",\"position\":2,\"name\":\"Esporte\",\"item\":\"https:\\\/\\\/anoticiaonline.com.br\\\/site\\\/categoria\\\/esporte\\\/\",\"nextItem\":{\"@type\":\"ListItem\",\"@id\":\"https:\\\/\\\/anoticiaonline.com.br\\\/site\\\/e-campeao-albino-rocha-conquista-o-primeiro-lugar-em-corrida-no-peru\\\/#listItem\",\"name\":\"\\u00c9 campe\\u00e3o! Albino conquista o primeiro lugar em corrida no Peru\"},\"previousItem\":{\"@type\":\"ListItem\",\"@id\":\"https:\\\/\\\/anoticiaonline.com.br\\\/site#listItem\",\"name\":\"Home\"}},{\"@type\":\"ListItem\",\"@id\":\"https:\\\/\\\/anoticiaonline.com.br\\\/site\\\/e-campeao-albino-rocha-conquista-o-primeiro-lugar-em-corrida-no-peru\\\/#listItem\",\"position\":3,\"name\":\"\\u00c9 campe\\u00e3o! Albino conquista o primeiro lugar em corrida no Peru\",\"previousItem\":{\"@type\":\"ListItem\",\"@id\":\"https:\\\/\\\/anoticiaonline.com.br\\\/site\\\/categoria\\\/esporte\\\/#listItem\",\"name\":\"Esporte\"}}]},{\"@type\":\"Organization\",\"@id\":\"https:\\\/\\\/anoticiaonline.com.br\\\/site\\\/#organization\",\"name\":\"A Not\\u00edcia Online\",\"description\":\"Noticias de Muria\\u00e9 e regi\\u00e3o\",\"url\":\"https:\\\/\\\/anoticiaonline.com.br\\\/site\\\/\",\"logo\":{\"@type\":\"ImageObject\",\"url\":\"https:\\\/\\\/scontent-gig4-1.xx.fbcdn.net\\\/v\\\/t39.30808-1\\\/270437624_4564083193639691_6907940295614233970_n.jpg?stp=dst-jpg_s200x200_tt6&_nc_cat=111&ccb=1-7&_nc_sid=f907e8&_nc_ohc=SM1wRlP3lJwQ7kNvwEPuBYA&_nc_oc=AdnqrjDN_BNjSSHWO-GbkIWH6fkGMLw4bqvL_NH6e2wMveX7G-rP2dAqsDSq1mJMOaY&_nc_zt=24&_nc_ht=scontent-gig4-1.xx&_nc_gid=AoBFJeGrT1hVaew_6rchkQ&oh=00_AfX7QmFGhQhG2jAllVgXCiM1ZrWgvtp80-Bfppyexh1QEg&oe=689E923C\",\"@id\":\"https:\\\/\\\/anoticiaonline.com.br\\\/site\\\/e-campeao-albino-rocha-conquista-o-primeiro-lugar-em-corrida-no-peru\\\/#organizationLogo\"},\"image\":{\"@id\":\"https:\\\/\\\/anoticiaonline.com.br\\\/site\\\/e-campeao-albino-rocha-conquista-o-primeiro-lugar-em-corrida-no-peru\\\/#organizationLogo\"}},{\"@type\":\"Person\",\"@id\":\"https:\\\/\\\/anoticiaonline.com.br\\\/site\\\/author\\\/juliana\\\/#author\",\"url\":\"https:\\\/\\\/anoticiaonline.com.br\\\/site\\\/author\\\/juliana\\\/\",\"name\":\"Juliana Laviola\",\"image\":{\"@type\":\"ImageObject\",\"@id\":\"https:\\\/\\\/anoticiaonline.com.br\\\/site\\\/e-campeao-albino-rocha-conquista-o-primeiro-lugar-em-corrida-no-peru\\\/#authorImage\",\"url\":\"https:\\\/\\\/secure.gravatar.com\\\/avatar\\\/b8d45f5c699b100dfaf0e543582f38f38bf94cb7ae3a5e9abf8d891a34773335?s=96&d=mm&r=g\",\"width\":96,\"height\":96,\"caption\":\"Juliana Laviola\"}},{\"@type\":\"WebPage\",\"@id\":\"https:\\\/\\\/anoticiaonline.com.br\\\/site\\\/e-campeao-albino-rocha-conquista-o-primeiro-lugar-em-corrida-no-peru\\\/#webpage\",\"url\":\"https:\\\/\\\/anoticiaonline.com.br\\\/site\\\/e-campeao-albino-rocha-conquista-o-primeiro-lugar-em-corrida-no-peru\\\/\",\"name\":\"\\u00c9 campe\\u00e3o! Albino conquista o primeiro lugar em corrida no Peru - A Not\\u00edcia Online\",\"description\":\"Aos 69 anos, o muriaeense Albino Pinto da Rocha tem o que comemorar em sua carreira como atleta. Ele tem uma \\u201ccole\\u00e7\\u00e3o\\u201d de trof\\u00e9us em medalhas por participa\\u00e7\\u00e3o em corridas nacionais e internacionais. Recentemente, obteve mais uma conquista: foi um dos condutores da Tocha, durante o revezamento da chama ol\\u00edmpica em Muria\\u00e9 no dia 16\",\"inLanguage\":\"pt-BR\",\"isPartOf\":{\"@id\":\"https:\\\/\\\/anoticiaonline.com.br\\\/site\\\/#website\"},\"breadcrumb\":{\"@id\":\"https:\\\/\\\/anoticiaonline.com.br\\\/site\\\/e-campeao-albino-rocha-conquista-o-primeiro-lugar-em-corrida-no-peru\\\/#breadcrumblist\"},\"author\":{\"@id\":\"https:\\\/\\\/anoticiaonline.com.br\\\/site\\\/author\\\/juliana\\\/#author\"},\"creator\":{\"@id\":\"https:\\\/\\\/anoticiaonline.com.br\\\/site\\\/author\\\/juliana\\\/#author\"},\"image\":{\"@type\":\"ImageObject\",\"url\":\"https:\\\/\\\/anoticiaonline.com.br\\\/site\\\/wp-content\\\/uploads\\\/2016\\\/05\\\/\\u00c9-campe\\u00e3o-Albino-Rocha-conquista-o-primeiro-lugar-em-corrida-no-Peru.jpg\",\"@id\":\"https:\\\/\\\/anoticiaonline.com.br\\\/site\\\/e-campeao-albino-rocha-conquista-o-primeiro-lugar-em-corrida-no-peru\\\/#mainImage\",\"width\":640,\"height\":587},\"primaryImageOfPage\":{\"@id\":\"https:\\\/\\\/anoticiaonline.com.br\\\/site\\\/e-campeao-albino-rocha-conquista-o-primeiro-lugar-em-corrida-no-peru\\\/#mainImage\"},\"datePublished\":\"2016-05-25T15:59:39-03:00\",\"dateModified\":\"2016-05-25T16:01:08-03:00\"},{\"@type\":\"WebSite\",\"@id\":\"https:\\\/\\\/anoticiaonline.com.br\\\/site\\\/#website\",\"url\":\"https:\\\/\\\/anoticiaonline.com.br\\\/site\\\/\",\"name\":\"A Not\\u00edcia Online\",\"description\":\"Noticias de Muria\\u00e9 e regi\\u00e3o\",\"inLanguage\":\"pt-BR\",\"publisher\":{\"@id\":\"https:\\\/\\\/anoticiaonline.com.br\\\/site\\\/#organization\"}}]}\n\t\t<\/script>\n\t\t<!-- All in One SEO -->\n\n","aioseo_head_json":{"title":"\u00c9 campe\u00e3o! Albino conquista o primeiro lugar em corrida no Peru - A Not\u00edcia Online","description":"Aos 69 anos, o muriaeense Albino Pinto da Rocha tem o que comemorar em sua carreira como atleta. Ele tem uma \u201ccole\u00e7\u00e3o\u201d de trof\u00e9us em medalhas por participa\u00e7\u00e3o em corridas nacionais e internacionais. Recentemente, obteve mais uma conquista: foi um dos condutores da Tocha, durante o revezamento da chama ol\u00edmpica em Muria\u00e9 no dia 16","canonical_url":"https:\/\/anoticiaonline.com.br\/site\/e-campeao-albino-rocha-conquista-o-primeiro-lugar-em-corrida-no-peru\/","robots":"max-image-preview:large","keywords":"","webmasterTools":{"miscellaneous":""},"schema":{"@context":"https:\/\/schema.org","@graph":[{"@type":"BlogPosting","@id":"https:\/\/anoticiaonline.com.br\/site\/e-campeao-albino-rocha-conquista-o-primeiro-lugar-em-corrida-no-peru\/#blogposting","name":"\u00c9 campe\u00e3o! Albino conquista o primeiro lugar em corrida no Peru - A Not\u00edcia Online","headline":"\u00c9 campe\u00e3o! Albino conquista o primeiro lugar em corrida no Peru","author":{"@id":"https:\/\/anoticiaonline.com.br\/site\/author\/juliana\/#author"},"publisher":{"@id":"https:\/\/anoticiaonline.com.br\/site\/#organization"},"image":{"@type":"ImageObject","url":"https:\/\/anoticiaonline.com.br\/site\/wp-content\/uploads\/2016\/05\/\u00c9-campe\u00e3o-Albino-Rocha-conquista-o-primeiro-lugar-em-corrida-no-Peru.jpg","width":640,"height":587},"datePublished":"2016-05-25T15:59:39-03:00","dateModified":"2016-05-25T16:01:08-03:00","inLanguage":"pt-BR","mainEntityOfPage":{"@id":"https:\/\/anoticiaonline.com.br\/site\/e-campeao-albino-rocha-conquista-o-primeiro-lugar-em-corrida-no-peru\/#webpage"},"isPartOf":{"@id":"https:\/\/anoticiaonline.com.br\/site\/e-campeao-albino-rocha-conquista-o-primeiro-lugar-em-corrida-no-peru\/#webpage"},"articleSection":"Esporte, slide"},{"@type":"BreadcrumbList","@id":"https:\/\/anoticiaonline.com.br\/site\/e-campeao-albino-rocha-conquista-o-primeiro-lugar-em-corrida-no-peru\/#breadcrumblist","itemListElement":[{"@type":"ListItem","@id":"https:\/\/anoticiaonline.com.br\/site#listItem","position":1,"name":"Home","item":"https:\/\/anoticiaonline.com.br\/site","nextItem":{"@type":"ListItem","@id":"https:\/\/anoticiaonline.com.br\/site\/categoria\/esporte\/#listItem","name":"Esporte"}},{"@type":"ListItem","@id":"https:\/\/anoticiaonline.com.br\/site\/categoria\/esporte\/#listItem","position":2,"name":"Esporte","item":"https:\/\/anoticiaonline.com.br\/site\/categoria\/esporte\/","nextItem":{"@type":"ListItem","@id":"https:\/\/anoticiaonline.com.br\/site\/e-campeao-albino-rocha-conquista-o-primeiro-lugar-em-corrida-no-peru\/#listItem","name":"\u00c9 campe\u00e3o! Albino conquista o primeiro lugar em corrida no Peru"},"previousItem":{"@type":"ListItem","@id":"https:\/\/anoticiaonline.com.br\/site#listItem","name":"Home"}},{"@type":"ListItem","@id":"https:\/\/anoticiaonline.com.br\/site\/e-campeao-albino-rocha-conquista-o-primeiro-lugar-em-corrida-no-peru\/#listItem","position":3,"name":"\u00c9 campe\u00e3o! Albino conquista o primeiro lugar em corrida no Peru","previousItem":{"@type":"ListItem","@id":"https:\/\/anoticiaonline.com.br\/site\/categoria\/esporte\/#listItem","name":"Esporte"}}]},{"@type":"Organization","@id":"https:\/\/anoticiaonline.com.br\/site\/#organization","name":"A Not\u00edcia Online","description":"Noticias de Muria\u00e9 e regi\u00e3o","url":"https:\/\/anoticiaonline.com.br\/site\/","logo":{"@type":"ImageObject","url":"https:\/\/scontent-gig4-1.xx.fbcdn.net\/v\/t39.30808-1\/270437624_4564083193639691_6907940295614233970_n.jpg?stp=dst-jpg_s200x200_tt6&_nc_cat=111&ccb=1-7&_nc_sid=f907e8&_nc_ohc=SM1wRlP3lJwQ7kNvwEPuBYA&_nc_oc=AdnqrjDN_BNjSSHWO-GbkIWH6fkGMLw4bqvL_NH6e2wMveX7G-rP2dAqsDSq1mJMOaY&_nc_zt=24&_nc_ht=scontent-gig4-1.xx&_nc_gid=AoBFJeGrT1hVaew_6rchkQ&oh=00_AfX7QmFGhQhG2jAllVgXCiM1ZrWgvtp80-Bfppyexh1QEg&oe=689E923C","@id":"https:\/\/anoticiaonline.com.br\/site\/e-campeao-albino-rocha-conquista-o-primeiro-lugar-em-corrida-no-peru\/#organizationLogo"},"image":{"@id":"https:\/\/anoticiaonline.com.br\/site\/e-campeao-albino-rocha-conquista-o-primeiro-lugar-em-corrida-no-peru\/#organizationLogo"}},{"@type":"Person","@id":"https:\/\/anoticiaonline.com.br\/site\/author\/juliana\/#author","url":"https:\/\/anoticiaonline.com.br\/site\/author\/juliana\/","name":"Juliana Laviola","image":{"@type":"ImageObject","@id":"https:\/\/anoticiaonline.com.br\/site\/e-campeao-albino-rocha-conquista-o-primeiro-lugar-em-corrida-no-peru\/#authorImage","url":"https:\/\/secure.gravatar.com\/avatar\/b8d45f5c699b100dfaf0e543582f38f38bf94cb7ae3a5e9abf8d891a34773335?s=96&d=mm&r=g","width":96,"height":96,"caption":"Juliana Laviola"}},{"@type":"WebPage","@id":"https:\/\/anoticiaonline.com.br\/site\/e-campeao-albino-rocha-conquista-o-primeiro-lugar-em-corrida-no-peru\/#webpage","url":"https:\/\/anoticiaonline.com.br\/site\/e-campeao-albino-rocha-conquista-o-primeiro-lugar-em-corrida-no-peru\/","name":"\u00c9 campe\u00e3o! Albino conquista o primeiro lugar em corrida no Peru - A Not\u00edcia Online","description":"Aos 69 anos, o muriaeense Albino Pinto da Rocha tem o que comemorar em sua carreira como atleta. Ele tem uma \u201ccole\u00e7\u00e3o\u201d de trof\u00e9us em medalhas por participa\u00e7\u00e3o em corridas nacionais e internacionais. Recentemente, obteve mais uma conquista: foi um dos condutores da Tocha, durante o revezamento da chama ol\u00edmpica em Muria\u00e9 no dia 16","inLanguage":"pt-BR","isPartOf":{"@id":"https:\/\/anoticiaonline.com.br\/site\/#website"},"breadcrumb":{"@id":"https:\/\/anoticiaonline.com.br\/site\/e-campeao-albino-rocha-conquista-o-primeiro-lugar-em-corrida-no-peru\/#breadcrumblist"},"author":{"@id":"https:\/\/anoticiaonline.com.br\/site\/author\/juliana\/#author"},"creator":{"@id":"https:\/\/anoticiaonline.com.br\/site\/author\/juliana\/#author"},"image":{"@type":"ImageObject","url":"https:\/\/anoticiaonline.com.br\/site\/wp-content\/uploads\/2016\/05\/\u00c9-campe\u00e3o-Albino-Rocha-conquista-o-primeiro-lugar-em-corrida-no-Peru.jpg","@id":"https:\/\/anoticiaonline.com.br\/site\/e-campeao-albino-rocha-conquista-o-primeiro-lugar-em-corrida-no-peru\/#mainImage","width":640,"height":587},"primaryImageOfPage":{"@id":"https:\/\/anoticiaonline.com.br\/site\/e-campeao-albino-rocha-conquista-o-primeiro-lugar-em-corrida-no-peru\/#mainImage"},"datePublished":"2016-05-25T15:59:39-03:00","dateModified":"2016-05-25T16:01:08-03:00"},{"@type":"WebSite","@id":"https:\/\/anoticiaonline.com.br\/site\/#website","url":"https:\/\/anoticiaonline.com.br\/site\/","name":"A Not\u00edcia Online","description":"Noticias de Muria\u00e9 e regi\u00e3o","inLanguage":"pt-BR","publisher":{"@id":"https:\/\/anoticiaonline.com.br\/site\/#organization"}}]},"og:locale":"pt_BR","og:site_name":"A Not\u00edcia Online - Noticias de Muria\u00e9 e regi\u00e3o","og:type":"article","og:title":"\u00c9 campe\u00e3o! Albino conquista o primeiro lugar em corrida no Peru - A Not\u00edcia Online","og:description":"Aos 69 anos, o muriaeense Albino Pinto da Rocha tem o que comemorar em sua carreira como atleta. Ele tem uma \u201ccole\u00e7\u00e3o\u201d de trof\u00e9us em medalhas por participa\u00e7\u00e3o em corridas nacionais e internacionais. Recentemente, obteve mais uma conquista: foi um dos condutores da Tocha, durante o revezamento da chama ol\u00edmpica em Muria\u00e9 no dia 16","og:url":"https:\/\/anoticiaonline.com.br\/site\/e-campeao-albino-rocha-conquista-o-primeiro-lugar-em-corrida-no-peru\/","og:image":"https:\/\/scontent-gig4-1.xx.fbcdn.net\/v\/t39.30808-1\/270437624_4564083193639691_6907940295614233970_n.jpg?stp=dst-jpg_s200x200_tt6&#038;_nc_cat=111&#038;ccb=1-7&#038;_nc_sid=f907e8&#038;_nc_ohc=SM1wRlP3lJwQ7kNvwEPuBYA&#038;_nc_oc=AdnqrjDN_BNjSSHWO-GbkIWH6fkGMLw4bqvL_NH6e2wMveX7G-rP2dAqsDSq1mJMOaY&#038;_nc_zt=24&#038;_nc_ht=scontent-gig4-1.xx&#038;_nc_gid=AoBFJeGrT1hVaew_6rchkQ&#038;oh=00_AfX7QmFGhQhG2jAllVgXCiM1ZrWgvtp80-Bfppyexh1QEg&#038;oe=689E923C","og:image:secure_url":"https:\/\/scontent-gig4-1.xx.fbcdn.net\/v\/t39.30808-1\/270437624_4564083193639691_6907940295614233970_n.jpg?stp=dst-jpg_s200x200_tt6&#038;_nc_cat=111&#038;ccb=1-7&#038;_nc_sid=f907e8&#038;_nc_ohc=SM1wRlP3lJwQ7kNvwEPuBYA&#038;_nc_oc=AdnqrjDN_BNjSSHWO-GbkIWH6fkGMLw4bqvL_NH6e2wMveX7G-rP2dAqsDSq1mJMOaY&#038;_nc_zt=24&#038;_nc_ht=scontent-gig4-1.xx&#038;_nc_gid=AoBFJeGrT1hVaew_6rchkQ&#038;oh=00_AfX7QmFGhQhG2jAllVgXCiM1ZrWgvtp80-Bfppyexh1QEg&#038;oe=689E923C","article:published_time":"2016-05-25T18:59:39+00:00","article:modified_time":"2016-05-25T19:01:08+00:00","twitter:card":"summary_large_image","twitter:title":"\u00c9 campe\u00e3o! Albino conquista o primeiro lugar em corrida no Peru - A Not\u00edcia Online","twitter:description":"Aos 69 anos, o muriaeense Albino Pinto da Rocha tem o que comemorar em sua carreira como atleta. Ele tem uma \u201ccole\u00e7\u00e3o\u201d de trof\u00e9us em medalhas por participa\u00e7\u00e3o em corridas nacionais e internacionais. Recentemente, obteve mais uma conquista: foi um dos condutores da Tocha, durante o revezamento da chama ol\u00edmpica em Muria\u00e9 no dia 16","twitter:image":"https:\/\/scontent-gig4-1.xx.fbcdn.net\/v\/t39.30808-1\/270437624_4564083193639691_6907940295614233970_n.jpg?stp=dst-jpg_s200x200_tt6&_nc_cat=111&ccb=1-7&_nc_sid=f907e8&_nc_ohc=SM1wRlP3lJwQ7kNvwEPuBYA&_nc_oc=AdnqrjDN_BNjSSHWO-GbkIWH6fkGMLw4bqvL_NH6e2wMveX7G-rP2dAqsDSq1mJMOaY&_nc_zt=24&_nc_ht=scontent-gig4-1.xx&_nc_gid=AoBFJeGrT1hVaew_6rchkQ&oh=00_AfX7QmFGhQhG2jAllVgXCiM1ZrWgvtp80-Bfppyexh1QEg&oe=689E923C"},"aioseo_meta_data":{"post_id":"13617","title":null,"description":null,"keywords":null,"keyphrases":null,"primary_term":null,"canonical_url":null,"og_title":null,"og_description":null,"og_object_type":"default","og_image_type":"default","og_image_url":null,"og_image_width":null,"og_image_height":null,"og_image_custom_url":null,"og_image_custom_fields":null,"og_video":null,"og_custom_url":null,"og_article_section":null,"og_article_tags":null,"twitter_use_og":false,"twitter_card":"default","twitter_image_type":"default","twitter_image_url":null,"twitter_image_custom_url":null,"twitter_image_custom_fields":null,"twitter_title":null,"twitter_description":null,"schema":{"blockGraphs":[],"customGraphs":[],"default":{"data":{"Article":[],"Course":[],"Dataset":[],"FAQPage":[],"Movie":[],"Person":[],"Product":[],"ProductReview":[],"Car":[],"Recipe":[],"Service":[],"SoftwareApplication":[],"WebPage":[]},"graphName":"","isEnabled":true},"graphs":[]},"schema_type":"default","schema_type_options":null,"pillar_content":false,"robots_default":true,"robots_noindex":false,"robots_noarchive":false,"robots_nosnippet":false,"robots_nofollow":false,"robots_noimageindex":false,"robots_noodp":false,"robots_notranslate":false,"robots_max_snippet":null,"robots_max_videopreview":null,"robots_max_imagepreview":"large","priority":null,"frequency":null,"local_seo":null,"breadcrumb_settings":null,"limit_modified_date":false,"ai":null,"created":"2025-08-16 16:03:30","updated":"2025-08-16 16:03:30","focus_keyword":null,"additional_keywords":null,"truseo_locale":null,"seo_analyzer_scan_date":null},"aioseo_breadcrumb":"<div class=\"aioseo-breadcrumbs\"><span class=\"aioseo-breadcrumb\">\n\t\t\t<a href=\"https:\/\/anoticiaonline.com.br\/site\" title=\"Home\">Home<\/a>\n\t\t<\/span><span class=\"aioseo-breadcrumb-separator\">&raquo;<\/span><span class=\"aioseo-breadcrumb\">\n\t\t\t<a href=\"https:\/\/anoticiaonline.com.br\/site\/categoria\/esporte\/\" title=\"Esporte\">Esporte<\/a>\n\t\t<\/span><span class=\"aioseo-breadcrumb-separator\">&raquo;<\/span><span class=\"aioseo-breadcrumb\">\n\t\t\t\u00c9 campe\u00e3o! Albino conquista o primeiro lugar em corrida no Peru\n\t\t<\/span><\/div>","aioseo_breadcrumb_json":[{"label":"Home","link":"https:\/\/anoticiaonline.com.br\/site"},{"label":"Esporte","link":"https:\/\/anoticiaonline.com.br\/site\/categoria\/esporte\/"},{"label":"\u00c9 campe\u00e3o! Albino conquista o primeiro lugar em corrida no Peru","link":"https:\/\/anoticiaonline.com.br\/site\/e-campeao-albino-rocha-conquista-o-primeiro-lugar-em-corrida-no-peru\/"}],"views":142,"_links":{"self":[{"href":"https:\/\/anoticiaonline.com.br\/site\/wp-json\/wp\/v2\/posts\/13617","targetHints":{"allow":["GET"]}}],"collection":[{"href":"https:\/\/anoticiaonline.com.br\/site\/wp-json\/wp\/v2\/posts"}],"about":[{"href":"https:\/\/anoticiaonline.com.br\/site\/wp-json\/wp\/v2\/types\/post"}],"author":[{"embeddable":true,"href":"https:\/\/anoticiaonline.com.br\/site\/wp-json\/wp\/v2\/users\/2"}],"replies":[{"embeddable":true,"href":"https:\/\/anoticiaonline.com.br\/site\/wp-json\/wp\/v2\/comments?post=13617"}],"version-history":[{"count":0,"href":"https:\/\/anoticiaonline.com.br\/site\/wp-json\/wp\/v2\/posts\/13617\/revisions"}],"wp:featuredmedia":[{"embeddable":true,"href":"https:\/\/anoticiaonline.com.br\/site\/wp-json\/wp\/v2\/media\/13618"}],"wp:attachment":[{"href":"https:\/\/anoticiaonline.com.br\/site\/wp-json\/wp\/v2\/media?parent=13617"}],"wp:term":[{"taxonomy":"category","embeddable":true,"href":"https:\/\/anoticiaonline.com.br\/site\/wp-json\/wp\/v2\/categories?post=13617"},{"taxonomy":"post_tag","embeddable":true,"href":"https:\/\/anoticiaonline.com.br\/site\/wp-json\/wp\/v2\/tags?post=13617"}],"curies":[{"name":"wp","href":"https:\/\/api.w.org\/{rel}","templated":true}]}}