{"id":13579,"date":"2016-05-23T14:47:20","date_gmt":"2016-05-23T17:47:20","guid":{"rendered":"http:\/\/anoticiaonline.com.br\/site\/?p=13579"},"modified":"2016-05-23T15:59:44","modified_gmt":"2016-05-23T18:59:44","slug":"atiradores-do-tg-recebem-a-boina-verde-oliva","status":"publish","type":"post","link":"https:\/\/anoticiaonline.com.br\/site\/atiradores-do-tg-recebem-a-boina-verde-oliva\/","title":{"rendered":"Atiradores do TG recebem a boina verde-oliva"},"content":{"rendered":"<figure id=\"attachment_13580\" aria-describedby=\"caption-attachment-13580\" style=\"width: 290px\" class=\"wp-caption alignleft\"><a href=\"https:\/\/anoticiaonline.com.br\/site\/wp-content\/uploads\/2016\/05\/Atiradores-do-TG-recebem-a-boina-verde-oliva.jpg\"><img fetchpriority=\"high\" decoding=\"async\" class=\"size-medium wp-image-13580\" src=\"https:\/\/anoticiaonline.com.br\/site\/wp-content\/uploads\/2016\/05\/Atiradores-do-TG-recebem-a-boina-verde-oliva-300x225.jpg\" alt=\"Solenidade de entrega da boina verde-oliva (Foto: Facebook Tiro de Guerra)\" width=\"300\" height=\"225\" srcset=\"https:\/\/anoticiaonline.com.br\/site\/wp-content\/uploads\/2016\/05\/Atiradores-do-TG-recebem-a-boina-verde-oliva-300x225.jpg 300w, https:\/\/anoticiaonline.com.br\/site\/wp-content\/uploads\/2016\/05\/Atiradores-do-TG-recebem-a-boina-verde-oliva.jpg 640w\" sizes=\"(max-width: 300px) 100vw, 300px\" \/><\/a><figcaption id=\"caption-attachment-13580\" class=\"wp-caption-text\">Solenidade de entrega da boina verde-oliva (Foto: Facebook Tiro de Guerra)<\/figcaption><\/figure>\n<p>Os jovens que se alistaram em 2015 e formam a atual turma de atiradores do Tiro de Guerra 04-016 receberam, durante cerim\u00f4nia militar, a boina verde-oliva. A entrega da boina simboliza que o atirador tornou-se um militar qualificado, preparado para o combate b\u00e1sico e est\u00e1 em condi\u00e7\u00f5es de ser designado para cumprir as m\u00faltiplas tarefas inerentes ao TG.<\/p>\n<p>\u201cComo forma de materializar a justa vit\u00f3ria alcan\u00e7ada pelos novos recrutas matriculados no corrente ano, neste \u00f3rg\u00e3o de forma\u00e7\u00e3o da reserva, o Ex\u00e9rcito Brasileiro neste per\u00edodo, durante o t\u00e9rmino das instru\u00e7\u00f5es b\u00e1sicas, realiza a entrega de boinas. \u00c9 uma forma simb\u00f3lica de materializarmos todos os desafios superados e a firme conquista de objetivos inerentes \u00e0s instru\u00e7\u00f5es ministradas no per\u00edodo inicial de forma\u00e7\u00e3o, os quais s\u00e3o reconhecidos e valorizados por nossa for\u00e7a terrestre localizada por todo o nosso territ\u00f3rio brasileiro\u201d, explica o chefe de instru\u00e7\u00e3o do TG 04-016, sargento Valle.<\/p>\n<p>Na solenidade, que aconteceu na tarde de s\u00e1bado (21), no CEFAS, na Barra, sede provis\u00f3ria do TG, os atiradores, al\u00e9m de recebem a boina das m\u00e3os de seus padrinhos &#8211; familiares ou amigos -, firmaram o compromisso perante a Bandeira do Brasil.<\/p>\n<p>Fundado em Muria\u00e9 no dia 26 de junho de 1946, o Tiro de Guerra 04-016 \u00e9 uma organiza\u00e7\u00e3o militar de forma\u00e7\u00e3o de reserva do Ex\u00e9rcito. Sua miss\u00e3o \u00e9 formar atiradores para a reserva n\u00e3o remunerada desta For\u00e7a Armada e, principalmente, transmitir aos cidad\u00e3os matriculados valores militares como f\u00e9 na miss\u00e3o, civismo, patriotismo, bem como atributos como lealdade, camaradagem, disciplina, coragem, dedica\u00e7\u00e3o e autoconfian\u00e7a. A turma de 2016 \u00e9 formada por 96 atiradores.<\/p>\n<figure id=\"attachment_13581\" aria-describedby=\"caption-attachment-13581\" style=\"width: 290px\" class=\"wp-caption alignleft\"><a href=\"https:\/\/anoticiaonline.com.br\/site\/wp-content\/uploads\/2016\/05\/Atiradores-do-TG-recebem-a-boina-verde-oliva-2.jpg\"><img decoding=\"async\" class=\"size-medium wp-image-13581\" src=\"https:\/\/anoticiaonline.com.br\/site\/wp-content\/uploads\/2016\/05\/Atiradores-do-TG-recebem-a-boina-verde-oliva-2-300x225.jpg\" alt=\"Ex-combatente da FEB, tenente Elias Chagas, foi homenageado (Foto: Facebook Tiro de Guerra)\" width=\"300\" height=\"225\" srcset=\"https:\/\/anoticiaonline.com.br\/site\/wp-content\/uploads\/2016\/05\/Atiradores-do-TG-recebem-a-boina-verde-oliva-2-300x225.jpg 300w, https:\/\/anoticiaonline.com.br\/site\/wp-content\/uploads\/2016\/05\/Atiradores-do-TG-recebem-a-boina-verde-oliva-2.jpg 640w\" sizes=\"(max-width: 300px) 100vw, 300px\" \/><\/a><figcaption id=\"caption-attachment-13581\" class=\"wp-caption-text\">Ex-combatente da FEB, tenente Elias Chagas, foi homenageado (Foto: Facebook Tiro de Guerra)<\/figcaption><\/figure>\n<p><strong>HOMENAGEM &#8211;<\/strong> Durante a cerim\u00f4nia, o ex-combatente da For\u00e7a Expedicion\u00e1ria Brasileira (FEB) que atuou na 2\u00aa Guerra Mundial, tenente Elias Chagas de Oliveira, foi homenageado com um quadro em reconhecimento ao servi\u00e7o e dedica\u00e7\u00e3o \u00e0 p\u00e1tria, o qual foi entregue pelo chefe de instru\u00e7\u00e3o do TG, sargento Valle.<\/p>\n","protected":false},"excerpt":{"rendered":"<p>Os jovens que se alistaram em 2015 e formam a atual turma de atiradores do Tiro de Guerra 04-016 receberam, durante cerim\u00f4nia militar, a boina verde-oliva. A entrega da boina simboliza que o atirador tornou-se um militar qualificado, preparado para o combate b\u00e1sico e est\u00e1 em condi\u00e7\u00f5es de ser designado para cumprir as m\u00faltiplas tarefas &#8230; <a title=\"Atiradores do TG recebem a boina verde-oliva\" class=\"read-more\" href=\"https:\/\/anoticiaonline.com.br\/site\/atiradores-do-tg-recebem-a-boina-verde-oliva\/\" aria-label=\"Read more about Atiradores do TG recebem a boina verde-oliva\">Ler mais<\/a><\/p>\n","protected":false},"author":2,"featured_media":13580,"comment_status":"open","ping_status":"open","sticky":false,"template":"","format":"standard","meta":{"_acf_changed":false,"_monsterinsights_skip_tracking":false,"footnotes":""},"categories":[30],"tags":[3],"class_list":["post-13579","post","type-post","status-publish","format-standard","has-post-thumbnail","hentry","category-muriae","tag-slide"],"acf":[],"aioseo_notices":[],"aioseo_head":"\n\t\t<!-- All in One SEO 5.0.0.1 - aioseo.com -->\n\t<meta name=\"description\" content=\"Os jovens que se alistaram em 2015 e formam a atual turma de atiradores do Tiro de Guerra 04-016 receberam, durante cerim\u00f4nia militar, a boina verde-oliva. A entrega da boina simboliza que o atirador tornou-se um militar qualificado, preparado para o combate b\u00e1sico e est\u00e1 em condi\u00e7\u00f5es de ser designado para cumprir as m\u00faltiplas tarefas\" \/>\n\t<meta name=\"robots\" content=\"max-image-preview:large\" \/>\n\t<meta name=\"author\" content=\"Juliana Laviola\"\/>\n\t<link rel=\"canonical\" href=\"https:\/\/anoticiaonline.com.br\/site\/atiradores-do-tg-recebem-a-boina-verde-oliva\/\" \/>\n\t<meta name=\"generator\" content=\"All in One SEO (AIOSEO) 5.0.0.1\" \/>\n\t\t<meta property=\"og:locale\" content=\"pt_BR\" \/>\n\t\t<meta property=\"og:site_name\" content=\"A Not\u00edcia Online - Noticias de Muria\u00e9 e regi\u00e3o\" \/>\n\t\t<meta property=\"og:type\" content=\"article\" \/>\n\t\t<meta property=\"og:title\" content=\"Atiradores do TG recebem a boina verde-oliva - A Not\u00edcia Online\" \/>\n\t\t<meta property=\"og:description\" content=\"Os jovens que se alistaram em 2015 e formam a atual turma de atiradores do Tiro de Guerra 04-016 receberam, durante cerim\u00f4nia militar, a boina verde-oliva. A entrega da boina simboliza que o atirador tornou-se um militar qualificado, preparado para o combate b\u00e1sico e est\u00e1 em condi\u00e7\u00f5es de ser designado para cumprir as m\u00faltiplas tarefas\" \/>\n\t\t<meta property=\"og:url\" content=\"https:\/\/anoticiaonline.com.br\/site\/atiradores-do-tg-recebem-a-boina-verde-oliva\/\" \/>\n\t\t<meta property=\"og:image\" content=\"https:\/\/scontent-gig4-1.xx.fbcdn.net\/v\/t39.30808-1\/270437624_4564083193639691_6907940295614233970_n.jpg?stp=dst-jpg_s200x200_tt6&#038;_nc_cat=111&#038;ccb=1-7&#038;_nc_sid=f907e8&#038;_nc_ohc=SM1wRlP3lJwQ7kNvwEPuBYA&#038;_nc_oc=AdnqrjDN_BNjSSHWO-GbkIWH6fkGMLw4bqvL_NH6e2wMveX7G-rP2dAqsDSq1mJMOaY&#038;_nc_zt=24&#038;_nc_ht=scontent-gig4-1.xx&#038;_nc_gid=AoBFJeGrT1hVaew_6rchkQ&#038;oh=00_AfX7QmFGhQhG2jAllVgXCiM1ZrWgvtp80-Bfppyexh1QEg&#038;oe=689E923C\" \/>\n\t\t<meta property=\"og:image:secure_url\" content=\"https:\/\/scontent-gig4-1.xx.fbcdn.net\/v\/t39.30808-1\/270437624_4564083193639691_6907940295614233970_n.jpg?stp=dst-jpg_s200x200_tt6&#038;_nc_cat=111&#038;ccb=1-7&#038;_nc_sid=f907e8&#038;_nc_ohc=SM1wRlP3lJwQ7kNvwEPuBYA&#038;_nc_oc=AdnqrjDN_BNjSSHWO-GbkIWH6fkGMLw4bqvL_NH6e2wMveX7G-rP2dAqsDSq1mJMOaY&#038;_nc_zt=24&#038;_nc_ht=scontent-gig4-1.xx&#038;_nc_gid=AoBFJeGrT1hVaew_6rchkQ&#038;oh=00_AfX7QmFGhQhG2jAllVgXCiM1ZrWgvtp80-Bfppyexh1QEg&#038;oe=689E923C\" \/>\n\t\t<meta property=\"article:published_time\" content=\"2016-05-23T17:47:20+00:00\" \/>\n\t\t<meta property=\"article:modified_time\" content=\"2016-05-23T18:59:44+00:00\" \/>\n\t\t<meta name=\"twitter:card\" content=\"summary_large_image\" \/>\n\t\t<meta name=\"twitter:title\" content=\"Atiradores do TG recebem a boina verde-oliva - A Not\u00edcia Online\" \/>\n\t\t<meta name=\"twitter:description\" content=\"Os jovens que se alistaram em 2015 e formam a atual turma de atiradores do Tiro de Guerra 04-016 receberam, durante cerim\u00f4nia militar, a boina verde-oliva. A entrega da boina simboliza que o atirador tornou-se um militar qualificado, preparado para o combate b\u00e1sico e est\u00e1 em condi\u00e7\u00f5es de ser designado para cumprir as m\u00faltiplas tarefas\" \/>\n\t\t<meta name=\"twitter:image\" content=\"https:\/\/scontent-gig4-1.xx.fbcdn.net\/v\/t39.30808-1\/270437624_4564083193639691_6907940295614233970_n.jpg?stp=dst-jpg_s200x200_tt6&amp;_nc_cat=111&amp;ccb=1-7&amp;_nc_sid=f907e8&amp;_nc_ohc=SM1wRlP3lJwQ7kNvwEPuBYA&amp;_nc_oc=AdnqrjDN_BNjSSHWO-GbkIWH6fkGMLw4bqvL_NH6e2wMveX7G-rP2dAqsDSq1mJMOaY&amp;_nc_zt=24&amp;_nc_ht=scontent-gig4-1.xx&amp;_nc_gid=AoBFJeGrT1hVaew_6rchkQ&amp;oh=00_AfX7QmFGhQhG2jAllVgXCiM1ZrWgvtp80-Bfppyexh1QEg&amp;oe=689E923C\" \/>\n\t\t<script type=\"application\/ld+json\" class=\"aioseo-schema\">\n\t\t\t{\"@context\":\"https:\\\/\\\/schema.org\",\"@graph\":[{\"@type\":\"BlogPosting\",\"@id\":\"https:\\\/\\\/anoticiaonline.com.br\\\/site\\\/atiradores-do-tg-recebem-a-boina-verde-oliva\\\/#blogposting\",\"name\":\"Atiradores do TG recebem a boina verde-oliva - A Not\\u00edcia Online\",\"headline\":\"Atiradores do TG recebem a boina verde-oliva\",\"author\":{\"@id\":\"https:\\\/\\\/anoticiaonline.com.br\\\/site\\\/author\\\/juliana\\\/#author\"},\"publisher\":{\"@id\":\"https:\\\/\\\/anoticiaonline.com.br\\\/site\\\/#organization\"},\"image\":{\"@type\":\"ImageObject\",\"url\":\"https:\\\/\\\/anoticiaonline.com.br\\\/site\\\/wp-content\\\/uploads\\\/2016\\\/05\\\/Atiradores-do-TG-recebem-a-boina-verde-oliva.jpg\",\"width\":640,\"height\":480,\"caption\":\"Solenidade de entrega da boina verde-oliva (Foto: Facebook Tiro de Guerra)\"},\"datePublished\":\"2016-05-23T14:47:20-03:00\",\"dateModified\":\"2016-05-23T15:59:44-03:00\",\"inLanguage\":\"pt-BR\",\"mainEntityOfPage\":{\"@id\":\"https:\\\/\\\/anoticiaonline.com.br\\\/site\\\/atiradores-do-tg-recebem-a-boina-verde-oliva\\\/#webpage\"},\"isPartOf\":{\"@id\":\"https:\\\/\\\/anoticiaonline.com.br\\\/site\\\/atiradores-do-tg-recebem-a-boina-verde-oliva\\\/#webpage\"},\"articleSection\":\"Blog, slide\"},{\"@type\":\"BreadcrumbList\",\"@id\":\"https:\\\/\\\/anoticiaonline.com.br\\\/site\\\/atiradores-do-tg-recebem-a-boina-verde-oliva\\\/#breadcrumblist\",\"itemListElement\":[{\"@type\":\"ListItem\",\"@id\":\"https:\\\/\\\/anoticiaonline.com.br\\\/site#listItem\",\"position\":1,\"name\":\"Home\",\"item\":\"https:\\\/\\\/anoticiaonline.com.br\\\/site\",\"nextItem\":{\"@type\":\"ListItem\",\"@id\":\"https:\\\/\\\/anoticiaonline.com.br\\\/site\\\/categoria\\\/muriae\\\/#listItem\",\"name\":\"Blog\"}},{\"@type\":\"ListItem\",\"@id\":\"https:\\\/\\\/anoticiaonline.com.br\\\/site\\\/categoria\\\/muriae\\\/#listItem\",\"position\":2,\"name\":\"Blog\",\"item\":\"https:\\\/\\\/anoticiaonline.com.br\\\/site\\\/categoria\\\/muriae\\\/\",\"nextItem\":{\"@type\":\"ListItem\",\"@id\":\"https:\\\/\\\/anoticiaonline.com.br\\\/site\\\/atiradores-do-tg-recebem-a-boina-verde-oliva\\\/#listItem\",\"name\":\"Atiradores do TG recebem a boina verde-oliva\"},\"previousItem\":{\"@type\":\"ListItem\",\"@id\":\"https:\\\/\\\/anoticiaonline.com.br\\\/site#listItem\",\"name\":\"Home\"}},{\"@type\":\"ListItem\",\"@id\":\"https:\\\/\\\/anoticiaonline.com.br\\\/site\\\/atiradores-do-tg-recebem-a-boina-verde-oliva\\\/#listItem\",\"position\":3,\"name\":\"Atiradores do TG recebem a boina verde-oliva\",\"previousItem\":{\"@type\":\"ListItem\",\"@id\":\"https:\\\/\\\/anoticiaonline.com.br\\\/site\\\/categoria\\\/muriae\\\/#listItem\",\"name\":\"Blog\"}}]},{\"@type\":\"Organization\",\"@id\":\"https:\\\/\\\/anoticiaonline.com.br\\\/site\\\/#organization\",\"name\":\"A Not\\u00edcia Online\",\"description\":\"Noticias de Muria\\u00e9 e regi\\u00e3o\",\"url\":\"https:\\\/\\\/anoticiaonline.com.br\\\/site\\\/\",\"logo\":{\"@type\":\"ImageObject\",\"url\":\"https:\\\/\\\/scontent-gig4-1.xx.fbcdn.net\\\/v\\\/t39.30808-1\\\/270437624_4564083193639691_6907940295614233970_n.jpg?stp=dst-jpg_s200x200_tt6&_nc_cat=111&ccb=1-7&_nc_sid=f907e8&_nc_ohc=SM1wRlP3lJwQ7kNvwEPuBYA&_nc_oc=AdnqrjDN_BNjSSHWO-GbkIWH6fkGMLw4bqvL_NH6e2wMveX7G-rP2dAqsDSq1mJMOaY&_nc_zt=24&_nc_ht=scontent-gig4-1.xx&_nc_gid=AoBFJeGrT1hVaew_6rchkQ&oh=00_AfX7QmFGhQhG2jAllVgXCiM1ZrWgvtp80-Bfppyexh1QEg&oe=689E923C\",\"@id\":\"https:\\\/\\\/anoticiaonline.com.br\\\/site\\\/atiradores-do-tg-recebem-a-boina-verde-oliva\\\/#organizationLogo\"},\"image\":{\"@id\":\"https:\\\/\\\/anoticiaonline.com.br\\\/site\\\/atiradores-do-tg-recebem-a-boina-verde-oliva\\\/#organizationLogo\"}},{\"@type\":\"Person\",\"@id\":\"https:\\\/\\\/anoticiaonline.com.br\\\/site\\\/author\\\/juliana\\\/#author\",\"url\":\"https:\\\/\\\/anoticiaonline.com.br\\\/site\\\/author\\\/juliana\\\/\",\"name\":\"Juliana Laviola\",\"image\":{\"@type\":\"ImageObject\",\"@id\":\"https:\\\/\\\/anoticiaonline.com.br\\\/site\\\/atiradores-do-tg-recebem-a-boina-verde-oliva\\\/#authorImage\",\"url\":\"https:\\\/\\\/secure.gravatar.com\\\/avatar\\\/b8d45f5c699b100dfaf0e543582f38f38bf94cb7ae3a5e9abf8d891a34773335?s=96&d=mm&r=g\",\"width\":96,\"height\":96,\"caption\":\"Juliana Laviola\"}},{\"@type\":\"WebPage\",\"@id\":\"https:\\\/\\\/anoticiaonline.com.br\\\/site\\\/atiradores-do-tg-recebem-a-boina-verde-oliva\\\/#webpage\",\"url\":\"https:\\\/\\\/anoticiaonline.com.br\\\/site\\\/atiradores-do-tg-recebem-a-boina-verde-oliva\\\/\",\"name\":\"Atiradores do TG recebem a boina verde-oliva - A Not\\u00edcia Online\",\"description\":\"Os jovens que se alistaram em 2015 e formam a atual turma de atiradores do Tiro de Guerra 04-016 receberam, durante cerim\\u00f4nia militar, a boina verde-oliva. A entrega da boina simboliza que o atirador tornou-se um militar qualificado, preparado para o combate b\\u00e1sico e est\\u00e1 em condi\\u00e7\\u00f5es de ser designado para cumprir as m\\u00faltiplas tarefas\",\"inLanguage\":\"pt-BR\",\"isPartOf\":{\"@id\":\"https:\\\/\\\/anoticiaonline.com.br\\\/site\\\/#website\"},\"breadcrumb\":{\"@id\":\"https:\\\/\\\/anoticiaonline.com.br\\\/site\\\/atiradores-do-tg-recebem-a-boina-verde-oliva\\\/#breadcrumblist\"},\"author\":{\"@id\":\"https:\\\/\\\/anoticiaonline.com.br\\\/site\\\/author\\\/juliana\\\/#author\"},\"creator\":{\"@id\":\"https:\\\/\\\/anoticiaonline.com.br\\\/site\\\/author\\\/juliana\\\/#author\"},\"image\":{\"@type\":\"ImageObject\",\"url\":\"https:\\\/\\\/anoticiaonline.com.br\\\/site\\\/wp-content\\\/uploads\\\/2016\\\/05\\\/Atiradores-do-TG-recebem-a-boina-verde-oliva.jpg\",\"@id\":\"https:\\\/\\\/anoticiaonline.com.br\\\/site\\\/atiradores-do-tg-recebem-a-boina-verde-oliva\\\/#mainImage\",\"width\":640,\"height\":480,\"caption\":\"Solenidade de entrega da boina verde-oliva (Foto: Facebook Tiro de Guerra)\"},\"primaryImageOfPage\":{\"@id\":\"https:\\\/\\\/anoticiaonline.com.br\\\/site\\\/atiradores-do-tg-recebem-a-boina-verde-oliva\\\/#mainImage\"},\"datePublished\":\"2016-05-23T14:47:20-03:00\",\"dateModified\":\"2016-05-23T15:59:44-03:00\"},{\"@type\":\"WebSite\",\"@id\":\"https:\\\/\\\/anoticiaonline.com.br\\\/site\\\/#website\",\"url\":\"https:\\\/\\\/anoticiaonline.com.br\\\/site\\\/\",\"name\":\"A Not\\u00edcia Online\",\"description\":\"Noticias de Muria\\u00e9 e regi\\u00e3o\",\"inLanguage\":\"pt-BR\",\"publisher\":{\"@id\":\"https:\\\/\\\/anoticiaonline.com.br\\\/site\\\/#organization\"}}]}\n\t\t<\/script>\n\t\t<!-- All in One SEO -->\n\n","aioseo_head_json":{"title":"Atiradores do TG recebem a boina verde-oliva - A Not\u00edcia Online","description":"Os jovens que se alistaram em 2015 e formam a atual turma de atiradores do Tiro de Guerra 04-016 receberam, durante cerim\u00f4nia militar, a boina verde-oliva. A entrega da boina simboliza que o atirador tornou-se um militar qualificado, preparado para o combate b\u00e1sico e est\u00e1 em condi\u00e7\u00f5es de ser designado para cumprir as m\u00faltiplas tarefas","canonical_url":"https:\/\/anoticiaonline.com.br\/site\/atiradores-do-tg-recebem-a-boina-verde-oliva\/","robots":"max-image-preview:large","keywords":"","webmasterTools":{"miscellaneous":""},"schema":{"@context":"https:\/\/schema.org","@graph":[{"@type":"BlogPosting","@id":"https:\/\/anoticiaonline.com.br\/site\/atiradores-do-tg-recebem-a-boina-verde-oliva\/#blogposting","name":"Atiradores do TG recebem a boina verde-oliva - A Not\u00edcia Online","headline":"Atiradores do TG recebem a boina verde-oliva","author":{"@id":"https:\/\/anoticiaonline.com.br\/site\/author\/juliana\/#author"},"publisher":{"@id":"https:\/\/anoticiaonline.com.br\/site\/#organization"},"image":{"@type":"ImageObject","url":"https:\/\/anoticiaonline.com.br\/site\/wp-content\/uploads\/2016\/05\/Atiradores-do-TG-recebem-a-boina-verde-oliva.jpg","width":640,"height":480,"caption":"Solenidade de entrega da boina verde-oliva (Foto: Facebook Tiro de Guerra)"},"datePublished":"2016-05-23T14:47:20-03:00","dateModified":"2016-05-23T15:59:44-03:00","inLanguage":"pt-BR","mainEntityOfPage":{"@id":"https:\/\/anoticiaonline.com.br\/site\/atiradores-do-tg-recebem-a-boina-verde-oliva\/#webpage"},"isPartOf":{"@id":"https:\/\/anoticiaonline.com.br\/site\/atiradores-do-tg-recebem-a-boina-verde-oliva\/#webpage"},"articleSection":"Blog, slide"},{"@type":"BreadcrumbList","@id":"https:\/\/anoticiaonline.com.br\/site\/atiradores-do-tg-recebem-a-boina-verde-oliva\/#breadcrumblist","itemListElement":[{"@type":"ListItem","@id":"https:\/\/anoticiaonline.com.br\/site#listItem","position":1,"name":"Home","item":"https:\/\/anoticiaonline.com.br\/site","nextItem":{"@type":"ListItem","@id":"https:\/\/anoticiaonline.com.br\/site\/categoria\/muriae\/#listItem","name":"Blog"}},{"@type":"ListItem","@id":"https:\/\/anoticiaonline.com.br\/site\/categoria\/muriae\/#listItem","position":2,"name":"Blog","item":"https:\/\/anoticiaonline.com.br\/site\/categoria\/muriae\/","nextItem":{"@type":"ListItem","@id":"https:\/\/anoticiaonline.com.br\/site\/atiradores-do-tg-recebem-a-boina-verde-oliva\/#listItem","name":"Atiradores do TG recebem a boina verde-oliva"},"previousItem":{"@type":"ListItem","@id":"https:\/\/anoticiaonline.com.br\/site#listItem","name":"Home"}},{"@type":"ListItem","@id":"https:\/\/anoticiaonline.com.br\/site\/atiradores-do-tg-recebem-a-boina-verde-oliva\/#listItem","position":3,"name":"Atiradores do TG recebem a boina verde-oliva","previousItem":{"@type":"ListItem","@id":"https:\/\/anoticiaonline.com.br\/site\/categoria\/muriae\/#listItem","name":"Blog"}}]},{"@type":"Organization","@id":"https:\/\/anoticiaonline.com.br\/site\/#organization","name":"A Not\u00edcia Online","description":"Noticias de Muria\u00e9 e regi\u00e3o","url":"https:\/\/anoticiaonline.com.br\/site\/","logo":{"@type":"ImageObject","url":"https:\/\/scontent-gig4-1.xx.fbcdn.net\/v\/t39.30808-1\/270437624_4564083193639691_6907940295614233970_n.jpg?stp=dst-jpg_s200x200_tt6&_nc_cat=111&ccb=1-7&_nc_sid=f907e8&_nc_ohc=SM1wRlP3lJwQ7kNvwEPuBYA&_nc_oc=AdnqrjDN_BNjSSHWO-GbkIWH6fkGMLw4bqvL_NH6e2wMveX7G-rP2dAqsDSq1mJMOaY&_nc_zt=24&_nc_ht=scontent-gig4-1.xx&_nc_gid=AoBFJeGrT1hVaew_6rchkQ&oh=00_AfX7QmFGhQhG2jAllVgXCiM1ZrWgvtp80-Bfppyexh1QEg&oe=689E923C","@id":"https:\/\/anoticiaonline.com.br\/site\/atiradores-do-tg-recebem-a-boina-verde-oliva\/#organizationLogo"},"image":{"@id":"https:\/\/anoticiaonline.com.br\/site\/atiradores-do-tg-recebem-a-boina-verde-oliva\/#organizationLogo"}},{"@type":"Person","@id":"https:\/\/anoticiaonline.com.br\/site\/author\/juliana\/#author","url":"https:\/\/anoticiaonline.com.br\/site\/author\/juliana\/","name":"Juliana Laviola","image":{"@type":"ImageObject","@id":"https:\/\/anoticiaonline.com.br\/site\/atiradores-do-tg-recebem-a-boina-verde-oliva\/#authorImage","url":"https:\/\/secure.gravatar.com\/avatar\/b8d45f5c699b100dfaf0e543582f38f38bf94cb7ae3a5e9abf8d891a34773335?s=96&d=mm&r=g","width":96,"height":96,"caption":"Juliana Laviola"}},{"@type":"WebPage","@id":"https:\/\/anoticiaonline.com.br\/site\/atiradores-do-tg-recebem-a-boina-verde-oliva\/#webpage","url":"https:\/\/anoticiaonline.com.br\/site\/atiradores-do-tg-recebem-a-boina-verde-oliva\/","name":"Atiradores do TG recebem a boina verde-oliva - A Not\u00edcia Online","description":"Os jovens que se alistaram em 2015 e formam a atual turma de atiradores do Tiro de Guerra 04-016 receberam, durante cerim\u00f4nia militar, a boina verde-oliva. A entrega da boina simboliza que o atirador tornou-se um militar qualificado, preparado para o combate b\u00e1sico e est\u00e1 em condi\u00e7\u00f5es de ser designado para cumprir as m\u00faltiplas tarefas","inLanguage":"pt-BR","isPartOf":{"@id":"https:\/\/anoticiaonline.com.br\/site\/#website"},"breadcrumb":{"@id":"https:\/\/anoticiaonline.com.br\/site\/atiradores-do-tg-recebem-a-boina-verde-oliva\/#breadcrumblist"},"author":{"@id":"https:\/\/anoticiaonline.com.br\/site\/author\/juliana\/#author"},"creator":{"@id":"https:\/\/anoticiaonline.com.br\/site\/author\/juliana\/#author"},"image":{"@type":"ImageObject","url":"https:\/\/anoticiaonline.com.br\/site\/wp-content\/uploads\/2016\/05\/Atiradores-do-TG-recebem-a-boina-verde-oliva.jpg","@id":"https:\/\/anoticiaonline.com.br\/site\/atiradores-do-tg-recebem-a-boina-verde-oliva\/#mainImage","width":640,"height":480,"caption":"Solenidade de entrega da boina verde-oliva (Foto: Facebook Tiro de Guerra)"},"primaryImageOfPage":{"@id":"https:\/\/anoticiaonline.com.br\/site\/atiradores-do-tg-recebem-a-boina-verde-oliva\/#mainImage"},"datePublished":"2016-05-23T14:47:20-03:00","dateModified":"2016-05-23T15:59:44-03:00"},{"@type":"WebSite","@id":"https:\/\/anoticiaonline.com.br\/site\/#website","url":"https:\/\/anoticiaonline.com.br\/site\/","name":"A Not\u00edcia Online","description":"Noticias de Muria\u00e9 e regi\u00e3o","inLanguage":"pt-BR","publisher":{"@id":"https:\/\/anoticiaonline.com.br\/site\/#organization"}}]},"og:locale":"pt_BR","og:site_name":"A Not\u00edcia Online - Noticias de Muria\u00e9 e regi\u00e3o","og:type":"article","og:title":"Atiradores do TG recebem a boina verde-oliva - A Not\u00edcia Online","og:description":"Os jovens que se alistaram em 2015 e formam a atual turma de atiradores do Tiro de Guerra 04-016 receberam, durante cerim\u00f4nia militar, a boina verde-oliva. A entrega da boina simboliza que o atirador tornou-se um militar qualificado, preparado para o combate b\u00e1sico e est\u00e1 em condi\u00e7\u00f5es de ser designado para cumprir as m\u00faltiplas tarefas","og:url":"https:\/\/anoticiaonline.com.br\/site\/atiradores-do-tg-recebem-a-boina-verde-oliva\/","og:image":"https:\/\/scontent-gig4-1.xx.fbcdn.net\/v\/t39.30808-1\/270437624_4564083193639691_6907940295614233970_n.jpg?stp=dst-jpg_s200x200_tt6&#038;_nc_cat=111&#038;ccb=1-7&#038;_nc_sid=f907e8&#038;_nc_ohc=SM1wRlP3lJwQ7kNvwEPuBYA&#038;_nc_oc=AdnqrjDN_BNjSSHWO-GbkIWH6fkGMLw4bqvL_NH6e2wMveX7G-rP2dAqsDSq1mJMOaY&#038;_nc_zt=24&#038;_nc_ht=scontent-gig4-1.xx&#038;_nc_gid=AoBFJeGrT1hVaew_6rchkQ&#038;oh=00_AfX7QmFGhQhG2jAllVgXCiM1ZrWgvtp80-Bfppyexh1QEg&#038;oe=689E923C","og:image:secure_url":"https:\/\/scontent-gig4-1.xx.fbcdn.net\/v\/t39.30808-1\/270437624_4564083193639691_6907940295614233970_n.jpg?stp=dst-jpg_s200x200_tt6&#038;_nc_cat=111&#038;ccb=1-7&#038;_nc_sid=f907e8&#038;_nc_ohc=SM1wRlP3lJwQ7kNvwEPuBYA&#038;_nc_oc=AdnqrjDN_BNjSSHWO-GbkIWH6fkGMLw4bqvL_NH6e2wMveX7G-rP2dAqsDSq1mJMOaY&#038;_nc_zt=24&#038;_nc_ht=scontent-gig4-1.xx&#038;_nc_gid=AoBFJeGrT1hVaew_6rchkQ&#038;oh=00_AfX7QmFGhQhG2jAllVgXCiM1ZrWgvtp80-Bfppyexh1QEg&#038;oe=689E923C","article:published_time":"2016-05-23T17:47:20+00:00","article:modified_time":"2016-05-23T18:59:44+00:00","twitter:card":"summary_large_image","twitter:title":"Atiradores do TG recebem a boina verde-oliva - A Not\u00edcia Online","twitter:description":"Os jovens que se alistaram em 2015 e formam a atual turma de atiradores do Tiro de Guerra 04-016 receberam, durante cerim\u00f4nia militar, a boina verde-oliva. A entrega da boina simboliza que o atirador tornou-se um militar qualificado, preparado para o combate b\u00e1sico e est\u00e1 em condi\u00e7\u00f5es de ser designado para cumprir as m\u00faltiplas tarefas","twitter:image":"https:\/\/scontent-gig4-1.xx.fbcdn.net\/v\/t39.30808-1\/270437624_4564083193639691_6907940295614233970_n.jpg?stp=dst-jpg_s200x200_tt6&_nc_cat=111&ccb=1-7&_nc_sid=f907e8&_nc_ohc=SM1wRlP3lJwQ7kNvwEPuBYA&_nc_oc=AdnqrjDN_BNjSSHWO-GbkIWH6fkGMLw4bqvL_NH6e2wMveX7G-rP2dAqsDSq1mJMOaY&_nc_zt=24&_nc_ht=scontent-gig4-1.xx&_nc_gid=AoBFJeGrT1hVaew_6rchkQ&oh=00_AfX7QmFGhQhG2jAllVgXCiM1ZrWgvtp80-Bfppyexh1QEg&oe=689E923C"},"aioseo_meta_data":{"post_id":"13579","title":null,"description":null,"keywords":null,"keyphrases":null,"primary_term":null,"canonical_url":null,"og_title":null,"og_description":null,"og_object_type":"default","og_image_type":"default","og_image_url":null,"og_image_width":null,"og_image_height":null,"og_image_custom_url":null,"og_image_custom_fields":null,"og_video":null,"og_custom_url":null,"og_article_section":null,"og_article_tags":null,"twitter_use_og":false,"twitter_card":"default","twitter_image_type":"default","twitter_image_url":null,"twitter_image_custom_url":null,"twitter_image_custom_fields":null,"twitter_title":null,"twitter_description":null,"schema":{"blockGraphs":[],"customGraphs":[],"default":{"data":{"Article":[],"Course":[],"Dataset":[],"FAQPage":[],"Movie":[],"Person":[],"Product":[],"ProductReview":[],"Car":[],"Recipe":[],"Service":[],"SoftwareApplication":[],"WebPage":[]},"graphName":"","isEnabled":true},"graphs":[]},"schema_type":"default","schema_type_options":null,"pillar_content":false,"robots_default":true,"robots_noindex":false,"robots_noarchive":false,"robots_nosnippet":false,"robots_nofollow":false,"robots_noimageindex":false,"robots_noodp":false,"robots_notranslate":false,"robots_max_snippet":null,"robots_max_videopreview":null,"robots_max_imagepreview":"large","priority":null,"frequency":null,"local_seo":null,"breadcrumb_settings":null,"limit_modified_date":false,"ai":null,"created":"2025-08-16 16:02:24","updated":"2025-08-16 16:02:24","focus_keyword":null,"additional_keywords":null,"truseo_locale":null,"seo_analyzer_scan_date":null},"aioseo_breadcrumb":"<div class=\"aioseo-breadcrumbs\"><span class=\"aioseo-breadcrumb\">\n\t\t\t<a href=\"https:\/\/anoticiaonline.com.br\/site\" title=\"Home\">Home<\/a>\n\t\t<\/span><span class=\"aioseo-breadcrumb-separator\">&raquo;<\/span><span class=\"aioseo-breadcrumb\">\n\t\t\t<a href=\"https:\/\/anoticiaonline.com.br\/site\/categoria\/muriae\/\" title=\"Blog\">Blog<\/a>\n\t\t<\/span><span class=\"aioseo-breadcrumb-separator\">&raquo;<\/span><span class=\"aioseo-breadcrumb\">\n\t\t\tAtiradores do TG recebem a boina verde-oliva\n\t\t<\/span><\/div>","aioseo_breadcrumb_json":[{"label":"Home","link":"https:\/\/anoticiaonline.com.br\/site"},{"label":"Blog","link":"https:\/\/anoticiaonline.com.br\/site\/categoria\/muriae\/"},{"label":"Atiradores do TG recebem a boina verde-oliva","link":"https:\/\/anoticiaonline.com.br\/site\/atiradores-do-tg-recebem-a-boina-verde-oliva\/"}],"views":165,"_links":{"self":[{"href":"https:\/\/anoticiaonline.com.br\/site\/wp-json\/wp\/v2\/posts\/13579","targetHints":{"allow":["GET"]}}],"collection":[{"href":"https:\/\/anoticiaonline.com.br\/site\/wp-json\/wp\/v2\/posts"}],"about":[{"href":"https:\/\/anoticiaonline.com.br\/site\/wp-json\/wp\/v2\/types\/post"}],"author":[{"embeddable":true,"href":"https:\/\/anoticiaonline.com.br\/site\/wp-json\/wp\/v2\/users\/2"}],"replies":[{"embeddable":true,"href":"https:\/\/anoticiaonline.com.br\/site\/wp-json\/wp\/v2\/comments?post=13579"}],"version-history":[{"count":0,"href":"https:\/\/anoticiaonline.com.br\/site\/wp-json\/wp\/v2\/posts\/13579\/revisions"}],"wp:featuredmedia":[{"embeddable":true,"href":"https:\/\/anoticiaonline.com.br\/site\/wp-json\/wp\/v2\/media\/13580"}],"wp:attachment":[{"href":"https:\/\/anoticiaonline.com.br\/site\/wp-json\/wp\/v2\/media?parent=13579"}],"wp:term":[{"taxonomy":"category","embeddable":true,"href":"https:\/\/anoticiaonline.com.br\/site\/wp-json\/wp\/v2\/categories?post=13579"},{"taxonomy":"post_tag","embeddable":true,"href":"https:\/\/anoticiaonline.com.br\/site\/wp-json\/wp\/v2\/tags?post=13579"}],"curies":[{"name":"wp","href":"https:\/\/api.w.org\/{rel}","templated":true}]}}