{"id":13574,"date":"2016-05-23T11:51:02","date_gmt":"2016-05-23T14:51:02","guid":{"rendered":"http:\/\/anoticiaonline.com.br\/site\/?p=13574"},"modified":"2016-05-23T11:51:02","modified_gmt":"2016-05-23T14:51:02","slug":"bailarino-muriaeense-e-premiado-em-concurso-em-nova-lima","status":"publish","type":"post","link":"https:\/\/anoticiaonline.com.br\/site\/bailarino-muriaeense-e-premiado-em-concurso-em-nova-lima\/","title":{"rendered":"Bailarino muriaeense \u00e9 premiado em concurso em Nova Lima"},"content":{"rendered":"<figure id=\"attachment_13575\" aria-describedby=\"caption-attachment-13575\" style=\"width: 290px\" class=\"wp-caption alignleft\"><a href=\"https:\/\/anoticiaonline.com.br\/site\/wp-content\/uploads\/2016\/05\/Bailarino-muriaeense-\u00e9-premiado-em-concurso-em-Nova-Lima.jpg\"><img decoding=\"async\" class=\"size-medium wp-image-13575\" src=\"https:\/\/anoticiaonline.com.br\/site\/wp-content\/uploads\/2016\/05\/Bailarino-muriaeense-\u00e9-premiado-em-concurso-em-Nova-Lima-300x159.jpg\" alt=\"Wallyson (o primeiro \u00e0 esquerda) foi premiado juntamente com mais dois bailarinos (Foto: F\u00e1bio Gomes)\" width=\"300\" height=\"159\" srcset=\"https:\/\/anoticiaonline.com.br\/site\/wp-content\/uploads\/2016\/05\/Bailarino-muriaeense-\u00e9-premiado-em-concurso-em-Nova-Lima-300x159.jpg 300w, https:\/\/anoticiaonline.com.br\/site\/wp-content\/uploads\/2016\/05\/Bailarino-muriaeense-\u00e9-premiado-em-concurso-em-Nova-Lima.jpg 640w\" sizes=\"(max-width: 300px) 100vw, 300px\" \/><\/a><figcaption id=\"caption-attachment-13575\" class=\"wp-caption-text\">Wallyson (o primeiro \u00e0 esquerda) foi premiado juntamente com mais dois bailarinos (Foto: F\u00e1bio Gomes)<\/figcaption><\/figure>\n<p>O bailarino muriaeense, Wallyson Malaquias, foi premiado em um concurso em Nova Lima, Regi\u00e3o Metropolitana de Belo Horizonte. Juntamente com os bailarinos do Grupo de Forma\u00e7\u00e3o do C\u00edrculo da Dan\u00e7a, Leandro Alvarenga e Daniel Moura, o muriaeense conquistou o segundo lugar na Categoria Adulto durante o \u201cX Encontro de Dan\u00e7a de Nova Lima\u201d, com a coreografia de Miriam Tomich, &#8220;Classic&#8221;. O evento foi realizado em abril.<\/p>\n<p>O ex-aluno da Escola Municipal de Dan\u00e7a, al\u00e9m de integrante do Grupo de Forma\u00e7\u00e3o do C\u00edrculo da Dan\u00e7a, faz parte do Grupo Experimental de Dan\u00e7a (GED) da ONG Corpo Cidad\u00e3o. Wallyson tamb\u00e9m frequenta o Curso de Dan\u00e7a Profissionalizante do Centro de Forma\u00e7\u00e3o Art\u00edstica e Tecnol\u00f3gica (CEFART) da Funda\u00e7\u00e3o Cl\u00f3vis Salgado\/Pal\u00e1cio das Artes, em Belo Horizonte.<\/p>\n<p>A Prefeitura de Muria\u00e9 e a Fundarte continuam investindo na forma\u00e7\u00e3o do bailarino, atrav\u00e9s da Bolsa de Incentivo \u00e0 Cultura &#8211; BIC da Lei Municipal de Incentivo \u00e0 Cultura, ao Esporte e ao Turismo Alcyr Pires Vermelho.<\/p>\n","protected":false},"excerpt":{"rendered":"<p>O bailarino muriaeense, Wallyson Malaquias, foi premiado em um concurso em Nova Lima, Regi\u00e3o Metropolitana de Belo Horizonte. Juntamente com os bailarinos do Grupo de Forma\u00e7\u00e3o do C\u00edrculo da Dan\u00e7a, Leandro Alvarenga e Daniel Moura, o muriaeense conquistou o segundo lugar na Categoria Adulto durante o \u201cX Encontro de Dan\u00e7a de Nova Lima\u201d, com a &#8230; <a title=\"Bailarino muriaeense \u00e9 premiado em concurso em Nova Lima\" class=\"read-more\" href=\"https:\/\/anoticiaonline.com.br\/site\/bailarino-muriaeense-e-premiado-em-concurso-em-nova-lima\/\" aria-label=\"Read more about Bailarino muriaeense \u00e9 premiado em concurso em Nova Lima\">Ler mais<\/a><\/p>\n","protected":false},"author":2,"featured_media":13575,"comment_status":"open","ping_status":"open","sticky":false,"template":"","format":"standard","meta":{"_acf_changed":false,"_monsterinsights_skip_tracking":false,"footnotes":""},"categories":[30],"tags":[3],"class_list":["post-13574","post","type-post","status-publish","format-standard","has-post-thumbnail","hentry","category-muriae","tag-slide"],"acf":[],"aioseo_notices":[],"aioseo_head":"\n\t\t<!-- All in One SEO 5.0.0.1 - aioseo.com -->\n\t<meta name=\"description\" content=\"O bailarino muriaeense, Wallyson Malaquias, foi premiado em um concurso em Nova Lima, Regi\u00e3o Metropolitana de Belo Horizonte. Juntamente com os bailarinos do Grupo de Forma\u00e7\u00e3o do C\u00edrculo da Dan\u00e7a, Leandro Alvarenga e Daniel Moura, o muriaeense conquistou o segundo lugar na Categoria Adulto durante o \u201cX Encontro de Dan\u00e7a de Nova Lima\u201d, com a\" \/>\n\t<meta name=\"robots\" content=\"max-image-preview:large\" \/>\n\t<meta name=\"author\" content=\"Juliana Laviola\"\/>\n\t<link rel=\"canonical\" href=\"https:\/\/anoticiaonline.com.br\/site\/bailarino-muriaeense-e-premiado-em-concurso-em-nova-lima\/\" \/>\n\t<meta name=\"generator\" content=\"All in One SEO (AIOSEO) 5.0.0.1\" \/>\n\t\t<meta property=\"og:locale\" content=\"pt_BR\" \/>\n\t\t<meta property=\"og:site_name\" content=\"A Not\u00edcia Online - Noticias de Muria\u00e9 e regi\u00e3o\" \/>\n\t\t<meta property=\"og:type\" content=\"article\" \/>\n\t\t<meta property=\"og:title\" content=\"Bailarino muriaeense \u00e9 premiado em concurso em Nova Lima - A Not\u00edcia Online\" \/>\n\t\t<meta property=\"og:description\" content=\"O bailarino muriaeense, Wallyson Malaquias, foi premiado em um concurso em Nova Lima, Regi\u00e3o Metropolitana de Belo Horizonte. Juntamente com os bailarinos do Grupo de Forma\u00e7\u00e3o do C\u00edrculo da Dan\u00e7a, Leandro Alvarenga e Daniel Moura, o muriaeense conquistou o segundo lugar na Categoria Adulto durante o \u201cX Encontro de Dan\u00e7a de Nova Lima\u201d, com a\" \/>\n\t\t<meta property=\"og:url\" content=\"https:\/\/anoticiaonline.com.br\/site\/bailarino-muriaeense-e-premiado-em-concurso-em-nova-lima\/\" \/>\n\t\t<meta property=\"og:image\" content=\"https:\/\/scontent-gig4-1.xx.fbcdn.net\/v\/t39.30808-1\/270437624_4564083193639691_6907940295614233970_n.jpg?stp=dst-jpg_s200x200_tt6&#038;_nc_cat=111&#038;ccb=1-7&#038;_nc_sid=f907e8&#038;_nc_ohc=SM1wRlP3lJwQ7kNvwEPuBYA&#038;_nc_oc=AdnqrjDN_BNjSSHWO-GbkIWH6fkGMLw4bqvL_NH6e2wMveX7G-rP2dAqsDSq1mJMOaY&#038;_nc_zt=24&#038;_nc_ht=scontent-gig4-1.xx&#038;_nc_gid=AoBFJeGrT1hVaew_6rchkQ&#038;oh=00_AfX7QmFGhQhG2jAllVgXCiM1ZrWgvtp80-Bfppyexh1QEg&#038;oe=689E923C\" \/>\n\t\t<meta property=\"og:image:secure_url\" content=\"https:\/\/scontent-gig4-1.xx.fbcdn.net\/v\/t39.30808-1\/270437624_4564083193639691_6907940295614233970_n.jpg?stp=dst-jpg_s200x200_tt6&#038;_nc_cat=111&#038;ccb=1-7&#038;_nc_sid=f907e8&#038;_nc_ohc=SM1wRlP3lJwQ7kNvwEPuBYA&#038;_nc_oc=AdnqrjDN_BNjSSHWO-GbkIWH6fkGMLw4bqvL_NH6e2wMveX7G-rP2dAqsDSq1mJMOaY&#038;_nc_zt=24&#038;_nc_ht=scontent-gig4-1.xx&#038;_nc_gid=AoBFJeGrT1hVaew_6rchkQ&#038;oh=00_AfX7QmFGhQhG2jAllVgXCiM1ZrWgvtp80-Bfppyexh1QEg&#038;oe=689E923C\" \/>\n\t\t<meta property=\"article:published_time\" content=\"2016-05-23T14:51:02+00:00\" \/>\n\t\t<meta property=\"article:modified_time\" content=\"2016-05-23T14:51:02+00:00\" \/>\n\t\t<meta name=\"twitter:card\" content=\"summary_large_image\" \/>\n\t\t<meta name=\"twitter:title\" content=\"Bailarino muriaeense \u00e9 premiado em concurso em Nova Lima - A Not\u00edcia Online\" \/>\n\t\t<meta name=\"twitter:description\" content=\"O bailarino muriaeense, Wallyson Malaquias, foi premiado em um concurso em Nova Lima, Regi\u00e3o Metropolitana de Belo Horizonte. Juntamente com os bailarinos do Grupo de Forma\u00e7\u00e3o do C\u00edrculo da Dan\u00e7a, Leandro Alvarenga e Daniel Moura, o muriaeense conquistou o segundo lugar na Categoria Adulto durante o \u201cX Encontro de Dan\u00e7a de Nova Lima\u201d, com a\" \/>\n\t\t<meta name=\"twitter:image\" content=\"https:\/\/scontent-gig4-1.xx.fbcdn.net\/v\/t39.30808-1\/270437624_4564083193639691_6907940295614233970_n.jpg?stp=dst-jpg_s200x200_tt6&amp;_nc_cat=111&amp;ccb=1-7&amp;_nc_sid=f907e8&amp;_nc_ohc=SM1wRlP3lJwQ7kNvwEPuBYA&amp;_nc_oc=AdnqrjDN_BNjSSHWO-GbkIWH6fkGMLw4bqvL_NH6e2wMveX7G-rP2dAqsDSq1mJMOaY&amp;_nc_zt=24&amp;_nc_ht=scontent-gig4-1.xx&amp;_nc_gid=AoBFJeGrT1hVaew_6rchkQ&amp;oh=00_AfX7QmFGhQhG2jAllVgXCiM1ZrWgvtp80-Bfppyexh1QEg&amp;oe=689E923C\" \/>\n\t\t<script type=\"application\/ld+json\" class=\"aioseo-schema\">\n\t\t\t{\"@context\":\"https:\\\/\\\/schema.org\",\"@graph\":[{\"@type\":\"BlogPosting\",\"@id\":\"https:\\\/\\\/anoticiaonline.com.br\\\/site\\\/bailarino-muriaeense-e-premiado-em-concurso-em-nova-lima\\\/#blogposting\",\"name\":\"Bailarino muriaeense \\u00e9 premiado em concurso em Nova Lima - A Not\\u00edcia Online\",\"headline\":\"Bailarino muriaeense \\u00e9 premiado em concurso em Nova Lima\",\"author\":{\"@id\":\"https:\\\/\\\/anoticiaonline.com.br\\\/site\\\/author\\\/juliana\\\/#author\"},\"publisher\":{\"@id\":\"https:\\\/\\\/anoticiaonline.com.br\\\/site\\\/#organization\"},\"image\":{\"@type\":\"ImageObject\",\"url\":\"https:\\\/\\\/anoticiaonline.com.br\\\/site\\\/wp-content\\\/uploads\\\/2016\\\/05\\\/Bailarino-muriaeense-\\u00e9-premiado-em-concurso-em-Nova-Lima.jpg\",\"width\":640,\"height\":339,\"caption\":\"Wallyson (o primeiro \\u00e0 esquerda) foi premiado juntamente com dois bailarinos (Foto: F\\u00e1bio Gomes)\"},\"datePublished\":\"2016-05-23T11:51:02-03:00\",\"dateModified\":\"2016-05-23T11:51:02-03:00\",\"inLanguage\":\"pt-BR\",\"mainEntityOfPage\":{\"@id\":\"https:\\\/\\\/anoticiaonline.com.br\\\/site\\\/bailarino-muriaeense-e-premiado-em-concurso-em-nova-lima\\\/#webpage\"},\"isPartOf\":{\"@id\":\"https:\\\/\\\/anoticiaonline.com.br\\\/site\\\/bailarino-muriaeense-e-premiado-em-concurso-em-nova-lima\\\/#webpage\"},\"articleSection\":\"Blog, slide\"},{\"@type\":\"BreadcrumbList\",\"@id\":\"https:\\\/\\\/anoticiaonline.com.br\\\/site\\\/bailarino-muriaeense-e-premiado-em-concurso-em-nova-lima\\\/#breadcrumblist\",\"itemListElement\":[{\"@type\":\"ListItem\",\"@id\":\"https:\\\/\\\/anoticiaonline.com.br\\\/site#listItem\",\"position\":1,\"name\":\"Home\",\"item\":\"https:\\\/\\\/anoticiaonline.com.br\\\/site\",\"nextItem\":{\"@type\":\"ListItem\",\"@id\":\"https:\\\/\\\/anoticiaonline.com.br\\\/site\\\/categoria\\\/muriae\\\/#listItem\",\"name\":\"Blog\"}},{\"@type\":\"ListItem\",\"@id\":\"https:\\\/\\\/anoticiaonline.com.br\\\/site\\\/categoria\\\/muriae\\\/#listItem\",\"position\":2,\"name\":\"Blog\",\"item\":\"https:\\\/\\\/anoticiaonline.com.br\\\/site\\\/categoria\\\/muriae\\\/\",\"nextItem\":{\"@type\":\"ListItem\",\"@id\":\"https:\\\/\\\/anoticiaonline.com.br\\\/site\\\/bailarino-muriaeense-e-premiado-em-concurso-em-nova-lima\\\/#listItem\",\"name\":\"Bailarino muriaeense \\u00e9 premiado em concurso em Nova Lima\"},\"previousItem\":{\"@type\":\"ListItem\",\"@id\":\"https:\\\/\\\/anoticiaonline.com.br\\\/site#listItem\",\"name\":\"Home\"}},{\"@type\":\"ListItem\",\"@id\":\"https:\\\/\\\/anoticiaonline.com.br\\\/site\\\/bailarino-muriaeense-e-premiado-em-concurso-em-nova-lima\\\/#listItem\",\"position\":3,\"name\":\"Bailarino muriaeense \\u00e9 premiado em concurso em Nova Lima\",\"previousItem\":{\"@type\":\"ListItem\",\"@id\":\"https:\\\/\\\/anoticiaonline.com.br\\\/site\\\/categoria\\\/muriae\\\/#listItem\",\"name\":\"Blog\"}}]},{\"@type\":\"Organization\",\"@id\":\"https:\\\/\\\/anoticiaonline.com.br\\\/site\\\/#organization\",\"name\":\"A Not\\u00edcia Online\",\"description\":\"Noticias de Muria\\u00e9 e regi\\u00e3o\",\"url\":\"https:\\\/\\\/anoticiaonline.com.br\\\/site\\\/\",\"logo\":{\"@type\":\"ImageObject\",\"url\":\"https:\\\/\\\/scontent-gig4-1.xx.fbcdn.net\\\/v\\\/t39.30808-1\\\/270437624_4564083193639691_6907940295614233970_n.jpg?stp=dst-jpg_s200x200_tt6&_nc_cat=111&ccb=1-7&_nc_sid=f907e8&_nc_ohc=SM1wRlP3lJwQ7kNvwEPuBYA&_nc_oc=AdnqrjDN_BNjSSHWO-GbkIWH6fkGMLw4bqvL_NH6e2wMveX7G-rP2dAqsDSq1mJMOaY&_nc_zt=24&_nc_ht=scontent-gig4-1.xx&_nc_gid=AoBFJeGrT1hVaew_6rchkQ&oh=00_AfX7QmFGhQhG2jAllVgXCiM1ZrWgvtp80-Bfppyexh1QEg&oe=689E923C\",\"@id\":\"https:\\\/\\\/anoticiaonline.com.br\\\/site\\\/bailarino-muriaeense-e-premiado-em-concurso-em-nova-lima\\\/#organizationLogo\"},\"image\":{\"@id\":\"https:\\\/\\\/anoticiaonline.com.br\\\/site\\\/bailarino-muriaeense-e-premiado-em-concurso-em-nova-lima\\\/#organizationLogo\"}},{\"@type\":\"Person\",\"@id\":\"https:\\\/\\\/anoticiaonline.com.br\\\/site\\\/author\\\/juliana\\\/#author\",\"url\":\"https:\\\/\\\/anoticiaonline.com.br\\\/site\\\/author\\\/juliana\\\/\",\"name\":\"Juliana Laviola\",\"image\":{\"@type\":\"ImageObject\",\"@id\":\"https:\\\/\\\/anoticiaonline.com.br\\\/site\\\/bailarino-muriaeense-e-premiado-em-concurso-em-nova-lima\\\/#authorImage\",\"url\":\"https:\\\/\\\/secure.gravatar.com\\\/avatar\\\/b8d45f5c699b100dfaf0e543582f38f38bf94cb7ae3a5e9abf8d891a34773335?s=96&d=mm&r=g\",\"width\":96,\"height\":96,\"caption\":\"Juliana Laviola\"}},{\"@type\":\"WebPage\",\"@id\":\"https:\\\/\\\/anoticiaonline.com.br\\\/site\\\/bailarino-muriaeense-e-premiado-em-concurso-em-nova-lima\\\/#webpage\",\"url\":\"https:\\\/\\\/anoticiaonline.com.br\\\/site\\\/bailarino-muriaeense-e-premiado-em-concurso-em-nova-lima\\\/\",\"name\":\"Bailarino muriaeense \\u00e9 premiado em concurso em Nova Lima - A Not\\u00edcia Online\",\"description\":\"O bailarino muriaeense, Wallyson Malaquias, foi premiado em um concurso em Nova Lima, Regi\\u00e3o Metropolitana de Belo Horizonte. Juntamente com os bailarinos do Grupo de Forma\\u00e7\\u00e3o do C\\u00edrculo da Dan\\u00e7a, Leandro Alvarenga e Daniel Moura, o muriaeense conquistou o segundo lugar na Categoria Adulto durante o \\u201cX Encontro de Dan\\u00e7a de Nova Lima\\u201d, com a\",\"inLanguage\":\"pt-BR\",\"isPartOf\":{\"@id\":\"https:\\\/\\\/anoticiaonline.com.br\\\/site\\\/#website\"},\"breadcrumb\":{\"@id\":\"https:\\\/\\\/anoticiaonline.com.br\\\/site\\\/bailarino-muriaeense-e-premiado-em-concurso-em-nova-lima\\\/#breadcrumblist\"},\"author\":{\"@id\":\"https:\\\/\\\/anoticiaonline.com.br\\\/site\\\/author\\\/juliana\\\/#author\"},\"creator\":{\"@id\":\"https:\\\/\\\/anoticiaonline.com.br\\\/site\\\/author\\\/juliana\\\/#author\"},\"image\":{\"@type\":\"ImageObject\",\"url\":\"https:\\\/\\\/anoticiaonline.com.br\\\/site\\\/wp-content\\\/uploads\\\/2016\\\/05\\\/Bailarino-muriaeense-\\u00e9-premiado-em-concurso-em-Nova-Lima.jpg\",\"@id\":\"https:\\\/\\\/anoticiaonline.com.br\\\/site\\\/bailarino-muriaeense-e-premiado-em-concurso-em-nova-lima\\\/#mainImage\",\"width\":640,\"height\":339,\"caption\":\"Wallyson (o primeiro \\u00e0 esquerda) foi premiado juntamente com dois bailarinos (Foto: F\\u00e1bio Gomes)\"},\"primaryImageOfPage\":{\"@id\":\"https:\\\/\\\/anoticiaonline.com.br\\\/site\\\/bailarino-muriaeense-e-premiado-em-concurso-em-nova-lima\\\/#mainImage\"},\"datePublished\":\"2016-05-23T11:51:02-03:00\",\"dateModified\":\"2016-05-23T11:51:02-03:00\"},{\"@type\":\"WebSite\",\"@id\":\"https:\\\/\\\/anoticiaonline.com.br\\\/site\\\/#website\",\"url\":\"https:\\\/\\\/anoticiaonline.com.br\\\/site\\\/\",\"name\":\"A Not\\u00edcia Online\",\"description\":\"Noticias de Muria\\u00e9 e regi\\u00e3o\",\"inLanguage\":\"pt-BR\",\"publisher\":{\"@id\":\"https:\\\/\\\/anoticiaonline.com.br\\\/site\\\/#organization\"}}]}\n\t\t<\/script>\n\t\t<!-- All in One SEO -->\n\n","aioseo_head_json":{"title":"Bailarino muriaeense \u00e9 premiado em concurso em Nova Lima - A Not\u00edcia Online","description":"O bailarino muriaeense, Wallyson Malaquias, foi premiado em um concurso em Nova Lima, Regi\u00e3o Metropolitana de Belo Horizonte. Juntamente com os bailarinos do Grupo de Forma\u00e7\u00e3o do C\u00edrculo da Dan\u00e7a, Leandro Alvarenga e Daniel Moura, o muriaeense conquistou o segundo lugar na Categoria Adulto durante o \u201cX Encontro de Dan\u00e7a de Nova Lima\u201d, com a","canonical_url":"https:\/\/anoticiaonline.com.br\/site\/bailarino-muriaeense-e-premiado-em-concurso-em-nova-lima\/","robots":"max-image-preview:large","keywords":"","webmasterTools":{"miscellaneous":""},"schema":{"@context":"https:\/\/schema.org","@graph":[{"@type":"BlogPosting","@id":"https:\/\/anoticiaonline.com.br\/site\/bailarino-muriaeense-e-premiado-em-concurso-em-nova-lima\/#blogposting","name":"Bailarino muriaeense \u00e9 premiado em concurso em Nova Lima - A Not\u00edcia Online","headline":"Bailarino muriaeense \u00e9 premiado em concurso em Nova Lima","author":{"@id":"https:\/\/anoticiaonline.com.br\/site\/author\/juliana\/#author"},"publisher":{"@id":"https:\/\/anoticiaonline.com.br\/site\/#organization"},"image":{"@type":"ImageObject","url":"https:\/\/anoticiaonline.com.br\/site\/wp-content\/uploads\/2016\/05\/Bailarino-muriaeense-\u00e9-premiado-em-concurso-em-Nova-Lima.jpg","width":640,"height":339,"caption":"Wallyson (o primeiro \u00e0 esquerda) foi premiado juntamente com dois bailarinos (Foto: F\u00e1bio Gomes)"},"datePublished":"2016-05-23T11:51:02-03:00","dateModified":"2016-05-23T11:51:02-03:00","inLanguage":"pt-BR","mainEntityOfPage":{"@id":"https:\/\/anoticiaonline.com.br\/site\/bailarino-muriaeense-e-premiado-em-concurso-em-nova-lima\/#webpage"},"isPartOf":{"@id":"https:\/\/anoticiaonline.com.br\/site\/bailarino-muriaeense-e-premiado-em-concurso-em-nova-lima\/#webpage"},"articleSection":"Blog, slide"},{"@type":"BreadcrumbList","@id":"https:\/\/anoticiaonline.com.br\/site\/bailarino-muriaeense-e-premiado-em-concurso-em-nova-lima\/#breadcrumblist","itemListElement":[{"@type":"ListItem","@id":"https:\/\/anoticiaonline.com.br\/site#listItem","position":1,"name":"Home","item":"https:\/\/anoticiaonline.com.br\/site","nextItem":{"@type":"ListItem","@id":"https:\/\/anoticiaonline.com.br\/site\/categoria\/muriae\/#listItem","name":"Blog"}},{"@type":"ListItem","@id":"https:\/\/anoticiaonline.com.br\/site\/categoria\/muriae\/#listItem","position":2,"name":"Blog","item":"https:\/\/anoticiaonline.com.br\/site\/categoria\/muriae\/","nextItem":{"@type":"ListItem","@id":"https:\/\/anoticiaonline.com.br\/site\/bailarino-muriaeense-e-premiado-em-concurso-em-nova-lima\/#listItem","name":"Bailarino muriaeense \u00e9 premiado em concurso em Nova Lima"},"previousItem":{"@type":"ListItem","@id":"https:\/\/anoticiaonline.com.br\/site#listItem","name":"Home"}},{"@type":"ListItem","@id":"https:\/\/anoticiaonline.com.br\/site\/bailarino-muriaeense-e-premiado-em-concurso-em-nova-lima\/#listItem","position":3,"name":"Bailarino muriaeense \u00e9 premiado em concurso em Nova Lima","previousItem":{"@type":"ListItem","@id":"https:\/\/anoticiaonline.com.br\/site\/categoria\/muriae\/#listItem","name":"Blog"}}]},{"@type":"Organization","@id":"https:\/\/anoticiaonline.com.br\/site\/#organization","name":"A Not\u00edcia Online","description":"Noticias de Muria\u00e9 e regi\u00e3o","url":"https:\/\/anoticiaonline.com.br\/site\/","logo":{"@type":"ImageObject","url":"https:\/\/scontent-gig4-1.xx.fbcdn.net\/v\/t39.30808-1\/270437624_4564083193639691_6907940295614233970_n.jpg?stp=dst-jpg_s200x200_tt6&_nc_cat=111&ccb=1-7&_nc_sid=f907e8&_nc_ohc=SM1wRlP3lJwQ7kNvwEPuBYA&_nc_oc=AdnqrjDN_BNjSSHWO-GbkIWH6fkGMLw4bqvL_NH6e2wMveX7G-rP2dAqsDSq1mJMOaY&_nc_zt=24&_nc_ht=scontent-gig4-1.xx&_nc_gid=AoBFJeGrT1hVaew_6rchkQ&oh=00_AfX7QmFGhQhG2jAllVgXCiM1ZrWgvtp80-Bfppyexh1QEg&oe=689E923C","@id":"https:\/\/anoticiaonline.com.br\/site\/bailarino-muriaeense-e-premiado-em-concurso-em-nova-lima\/#organizationLogo"},"image":{"@id":"https:\/\/anoticiaonline.com.br\/site\/bailarino-muriaeense-e-premiado-em-concurso-em-nova-lima\/#organizationLogo"}},{"@type":"Person","@id":"https:\/\/anoticiaonline.com.br\/site\/author\/juliana\/#author","url":"https:\/\/anoticiaonline.com.br\/site\/author\/juliana\/","name":"Juliana Laviola","image":{"@type":"ImageObject","@id":"https:\/\/anoticiaonline.com.br\/site\/bailarino-muriaeense-e-premiado-em-concurso-em-nova-lima\/#authorImage","url":"https:\/\/secure.gravatar.com\/avatar\/b8d45f5c699b100dfaf0e543582f38f38bf94cb7ae3a5e9abf8d891a34773335?s=96&d=mm&r=g","width":96,"height":96,"caption":"Juliana Laviola"}},{"@type":"WebPage","@id":"https:\/\/anoticiaonline.com.br\/site\/bailarino-muriaeense-e-premiado-em-concurso-em-nova-lima\/#webpage","url":"https:\/\/anoticiaonline.com.br\/site\/bailarino-muriaeense-e-premiado-em-concurso-em-nova-lima\/","name":"Bailarino muriaeense \u00e9 premiado em concurso em Nova Lima - A Not\u00edcia Online","description":"O bailarino muriaeense, Wallyson Malaquias, foi premiado em um concurso em Nova Lima, Regi\u00e3o Metropolitana de Belo Horizonte. Juntamente com os bailarinos do Grupo de Forma\u00e7\u00e3o do C\u00edrculo da Dan\u00e7a, Leandro Alvarenga e Daniel Moura, o muriaeense conquistou o segundo lugar na Categoria Adulto durante o \u201cX Encontro de Dan\u00e7a de Nova Lima\u201d, com a","inLanguage":"pt-BR","isPartOf":{"@id":"https:\/\/anoticiaonline.com.br\/site\/#website"},"breadcrumb":{"@id":"https:\/\/anoticiaonline.com.br\/site\/bailarino-muriaeense-e-premiado-em-concurso-em-nova-lima\/#breadcrumblist"},"author":{"@id":"https:\/\/anoticiaonline.com.br\/site\/author\/juliana\/#author"},"creator":{"@id":"https:\/\/anoticiaonline.com.br\/site\/author\/juliana\/#author"},"image":{"@type":"ImageObject","url":"https:\/\/anoticiaonline.com.br\/site\/wp-content\/uploads\/2016\/05\/Bailarino-muriaeense-\u00e9-premiado-em-concurso-em-Nova-Lima.jpg","@id":"https:\/\/anoticiaonline.com.br\/site\/bailarino-muriaeense-e-premiado-em-concurso-em-nova-lima\/#mainImage","width":640,"height":339,"caption":"Wallyson (o primeiro \u00e0 esquerda) foi premiado juntamente com dois bailarinos (Foto: F\u00e1bio Gomes)"},"primaryImageOfPage":{"@id":"https:\/\/anoticiaonline.com.br\/site\/bailarino-muriaeense-e-premiado-em-concurso-em-nova-lima\/#mainImage"},"datePublished":"2016-05-23T11:51:02-03:00","dateModified":"2016-05-23T11:51:02-03:00"},{"@type":"WebSite","@id":"https:\/\/anoticiaonline.com.br\/site\/#website","url":"https:\/\/anoticiaonline.com.br\/site\/","name":"A Not\u00edcia Online","description":"Noticias de Muria\u00e9 e regi\u00e3o","inLanguage":"pt-BR","publisher":{"@id":"https:\/\/anoticiaonline.com.br\/site\/#organization"}}]},"og:locale":"pt_BR","og:site_name":"A Not\u00edcia Online - Noticias de Muria\u00e9 e regi\u00e3o","og:type":"article","og:title":"Bailarino muriaeense \u00e9 premiado em concurso em Nova Lima - A Not\u00edcia Online","og:description":"O bailarino muriaeense, Wallyson Malaquias, foi premiado em um concurso em Nova Lima, Regi\u00e3o Metropolitana de Belo Horizonte. Juntamente com os bailarinos do Grupo de Forma\u00e7\u00e3o do C\u00edrculo da Dan\u00e7a, Leandro Alvarenga e Daniel Moura, o muriaeense conquistou o segundo lugar na Categoria Adulto durante o \u201cX Encontro de Dan\u00e7a de Nova Lima\u201d, com a","og:url":"https:\/\/anoticiaonline.com.br\/site\/bailarino-muriaeense-e-premiado-em-concurso-em-nova-lima\/","og:image":"https:\/\/scontent-gig4-1.xx.fbcdn.net\/v\/t39.30808-1\/270437624_4564083193639691_6907940295614233970_n.jpg?stp=dst-jpg_s200x200_tt6&#038;_nc_cat=111&#038;ccb=1-7&#038;_nc_sid=f907e8&#038;_nc_ohc=SM1wRlP3lJwQ7kNvwEPuBYA&#038;_nc_oc=AdnqrjDN_BNjSSHWO-GbkIWH6fkGMLw4bqvL_NH6e2wMveX7G-rP2dAqsDSq1mJMOaY&#038;_nc_zt=24&#038;_nc_ht=scontent-gig4-1.xx&#038;_nc_gid=AoBFJeGrT1hVaew_6rchkQ&#038;oh=00_AfX7QmFGhQhG2jAllVgXCiM1ZrWgvtp80-Bfppyexh1QEg&#038;oe=689E923C","og:image:secure_url":"https:\/\/scontent-gig4-1.xx.fbcdn.net\/v\/t39.30808-1\/270437624_4564083193639691_6907940295614233970_n.jpg?stp=dst-jpg_s200x200_tt6&#038;_nc_cat=111&#038;ccb=1-7&#038;_nc_sid=f907e8&#038;_nc_ohc=SM1wRlP3lJwQ7kNvwEPuBYA&#038;_nc_oc=AdnqrjDN_BNjSSHWO-GbkIWH6fkGMLw4bqvL_NH6e2wMveX7G-rP2dAqsDSq1mJMOaY&#038;_nc_zt=24&#038;_nc_ht=scontent-gig4-1.xx&#038;_nc_gid=AoBFJeGrT1hVaew_6rchkQ&#038;oh=00_AfX7QmFGhQhG2jAllVgXCiM1ZrWgvtp80-Bfppyexh1QEg&#038;oe=689E923C","article:published_time":"2016-05-23T14:51:02+00:00","article:modified_time":"2016-05-23T14:51:02+00:00","twitter:card":"summary_large_image","twitter:title":"Bailarino muriaeense \u00e9 premiado em concurso em Nova Lima - A Not\u00edcia Online","twitter:description":"O bailarino muriaeense, Wallyson Malaquias, foi premiado em um concurso em Nova Lima, Regi\u00e3o Metropolitana de Belo Horizonte. Juntamente com os bailarinos do Grupo de Forma\u00e7\u00e3o do C\u00edrculo da Dan\u00e7a, Leandro Alvarenga e Daniel Moura, o muriaeense conquistou o segundo lugar na Categoria Adulto durante o \u201cX Encontro de Dan\u00e7a de Nova Lima\u201d, com a","twitter:image":"https:\/\/scontent-gig4-1.xx.fbcdn.net\/v\/t39.30808-1\/270437624_4564083193639691_6907940295614233970_n.jpg?stp=dst-jpg_s200x200_tt6&_nc_cat=111&ccb=1-7&_nc_sid=f907e8&_nc_ohc=SM1wRlP3lJwQ7kNvwEPuBYA&_nc_oc=AdnqrjDN_BNjSSHWO-GbkIWH6fkGMLw4bqvL_NH6e2wMveX7G-rP2dAqsDSq1mJMOaY&_nc_zt=24&_nc_ht=scontent-gig4-1.xx&_nc_gid=AoBFJeGrT1hVaew_6rchkQ&oh=00_AfX7QmFGhQhG2jAllVgXCiM1ZrWgvtp80-Bfppyexh1QEg&oe=689E923C"},"aioseo_meta_data":{"post_id":"13574","title":null,"description":null,"keywords":null,"keyphrases":null,"primary_term":null,"canonical_url":null,"og_title":null,"og_description":null,"og_object_type":"default","og_image_type":"default","og_image_url":null,"og_image_width":null,"og_image_height":null,"og_image_custom_url":null,"og_image_custom_fields":null,"og_video":null,"og_custom_url":null,"og_article_section":null,"og_article_tags":null,"twitter_use_og":false,"twitter_card":"default","twitter_image_type":"default","twitter_image_url":null,"twitter_image_custom_url":null,"twitter_image_custom_fields":null,"twitter_title":null,"twitter_description":null,"schema":{"blockGraphs":[],"customGraphs":[],"default":{"data":{"Article":[],"Course":[],"Dataset":[],"FAQPage":[],"Movie":[],"Person":[],"Product":[],"ProductReview":[],"Car":[],"Recipe":[],"Service":[],"SoftwareApplication":[],"WebPage":[]},"graphName":"","isEnabled":true},"graphs":[]},"schema_type":"default","schema_type_options":null,"pillar_content":false,"robots_default":true,"robots_noindex":false,"robots_noarchive":false,"robots_nosnippet":false,"robots_nofollow":false,"robots_noimageindex":false,"robots_noodp":false,"robots_notranslate":false,"robots_max_snippet":null,"robots_max_videopreview":null,"robots_max_imagepreview":"large","priority":null,"frequency":null,"local_seo":null,"breadcrumb_settings":null,"limit_modified_date":false,"ai":null,"created":"2025-08-16 16:02:24","updated":"2025-08-16 16:02:24","focus_keyword":null,"additional_keywords":null,"truseo_locale":null,"seo_analyzer_scan_date":null},"aioseo_breadcrumb":"<div class=\"aioseo-breadcrumbs\"><span class=\"aioseo-breadcrumb\">\n\t\t\t<a href=\"https:\/\/anoticiaonline.com.br\/site\" title=\"Home\">Home<\/a>\n\t\t<\/span><span class=\"aioseo-breadcrumb-separator\">&raquo;<\/span><span class=\"aioseo-breadcrumb\">\n\t\t\t<a href=\"https:\/\/anoticiaonline.com.br\/site\/categoria\/muriae\/\" title=\"Blog\">Blog<\/a>\n\t\t<\/span><span class=\"aioseo-breadcrumb-separator\">&raquo;<\/span><span class=\"aioseo-breadcrumb\">\n\t\t\tBailarino muriaeense \u00e9 premiado em concurso em Nova Lima\n\t\t<\/span><\/div>","aioseo_breadcrumb_json":[{"label":"Home","link":"https:\/\/anoticiaonline.com.br\/site"},{"label":"Blog","link":"https:\/\/anoticiaonline.com.br\/site\/categoria\/muriae\/"},{"label":"Bailarino muriaeense \u00e9 premiado em concurso em Nova Lima","link":"https:\/\/anoticiaonline.com.br\/site\/bailarino-muriaeense-e-premiado-em-concurso-em-nova-lima\/"}],"views":131,"_links":{"self":[{"href":"https:\/\/anoticiaonline.com.br\/site\/wp-json\/wp\/v2\/posts\/13574","targetHints":{"allow":["GET"]}}],"collection":[{"href":"https:\/\/anoticiaonline.com.br\/site\/wp-json\/wp\/v2\/posts"}],"about":[{"href":"https:\/\/anoticiaonline.com.br\/site\/wp-json\/wp\/v2\/types\/post"}],"author":[{"embeddable":true,"href":"https:\/\/anoticiaonline.com.br\/site\/wp-json\/wp\/v2\/users\/2"}],"replies":[{"embeddable":true,"href":"https:\/\/anoticiaonline.com.br\/site\/wp-json\/wp\/v2\/comments?post=13574"}],"version-history":[{"count":0,"href":"https:\/\/anoticiaonline.com.br\/site\/wp-json\/wp\/v2\/posts\/13574\/revisions"}],"wp:featuredmedia":[{"embeddable":true,"href":"https:\/\/anoticiaonline.com.br\/site\/wp-json\/wp\/v2\/media\/13575"}],"wp:attachment":[{"href":"https:\/\/anoticiaonline.com.br\/site\/wp-json\/wp\/v2\/media?parent=13574"}],"wp:term":[{"taxonomy":"category","embeddable":true,"href":"https:\/\/anoticiaonline.com.br\/site\/wp-json\/wp\/v2\/categories?post=13574"},{"taxonomy":"post_tag","embeddable":true,"href":"https:\/\/anoticiaonline.com.br\/site\/wp-json\/wp\/v2\/tags?post=13574"}],"curies":[{"name":"wp","href":"https:\/\/api.w.org\/{rel}","templated":true}]}}