{"id":13539,"date":"2016-05-19T17:33:49","date_gmt":"2016-05-19T20:33:49","guid":{"rendered":"http:\/\/anoticiaonline.com.br\/site\/?p=13539"},"modified":"2016-05-19T17:33:49","modified_gmt":"2016-05-19T20:33:49","slug":"muriaeense-se-torna-campea-brasileira-de-judo","status":"publish","type":"post","link":"https:\/\/anoticiaonline.com.br\/site\/muriaeense-se-torna-campea-brasileira-de-judo\/","title":{"rendered":"Muriaeense se torna campe\u00e3 brasileira de jud\u00f4"},"content":{"rendered":"<p><a href=\"https:\/\/anoticiaonline.com.br\/site\/wp-content\/uploads\/2016\/05\/Jovem-muriaeense-se-torna-campe\u00e3-brasileira-de-jud\u00f4.jpg\"><img fetchpriority=\"high\" decoding=\"async\" class=\" size-medium wp-image-13540 alignleft\" src=\"https:\/\/anoticiaonline.com.br\/site\/wp-content\/uploads\/2016\/05\/Jovem-muriaeense-se-torna-campe\u00e3-brasileira-de-jud\u00f4-209x300.jpg\" alt=\"Jovem muriaeense se torna campe\u00e3 brasileira de jud\u00f4\" width=\"209\" height=\"300\" srcset=\"https:\/\/anoticiaonline.com.br\/site\/wp-content\/uploads\/2016\/05\/Jovem-muriaeense-se-torna-campe\u00e3-brasileira-de-jud\u00f4-209x300.jpg 209w, https:\/\/anoticiaonline.com.br\/site\/wp-content\/uploads\/2016\/05\/Jovem-muriaeense-se-torna-campe\u00e3-brasileira-de-jud\u00f4.jpg 446w\" sizes=\"(max-width: 209px) 100vw, 209px\" \/><\/a>A pequena Laura Teixeira Morais, de Muria\u00e9, sagrou-se campe\u00e3 brasileira de jud\u00f4, na categoria sub-11, no torneio da Confedera\u00e7\u00e3o Brasileira de Ligas de Jud\u00f4, realizado no \u00faltimo s\u00e1bado (14), em Santa Isabel (SP).<\/p>\n<p>Treinada pelo sensei Wanderley Cordeiro de Lima e pelo professor G\u00e9lio Leal, Laura \u00e9 filha do empres\u00e1rio Alexandre Buonincontro Morais e da servidora p\u00fablica municipal Jana\u00edna Teixeira Pereira.<\/p>\n","protected":false},"excerpt":{"rendered":"<p>A pequena Laura Teixeira Morais, de Muria\u00e9, sagrou-se campe\u00e3 brasileira de jud\u00f4, na categoria sub-11, no torneio da Confedera\u00e7\u00e3o Brasileira de Ligas de Jud\u00f4, realizado no \u00faltimo s\u00e1bado (14), em Santa Isabel (SP). Treinada pelo sensei Wanderley Cordeiro de Lima e pelo professor G\u00e9lio Leal, Laura \u00e9 filha do empres\u00e1rio Alexandre Buonincontro Morais e da &#8230; <a title=\"Muriaeense se torna campe\u00e3 brasileira de jud\u00f4\" class=\"read-more\" href=\"https:\/\/anoticiaonline.com.br\/site\/muriaeense-se-torna-campea-brasileira-de-judo\/\" aria-label=\"Read more about Muriaeense se torna campe\u00e3 brasileira de jud\u00f4\">Ler mais<\/a><\/p>\n","protected":false},"author":2,"featured_media":13540,"comment_status":"open","ping_status":"open","sticky":false,"template":"","format":"standard","meta":{"_acf_changed":false,"_monsterinsights_skip_tracking":false,"footnotes":""},"categories":[29],"tags":[3],"class_list":["post-13539","post","type-post","status-publish","format-standard","has-post-thumbnail","hentry","category-esporte","tag-slide"],"acf":[],"aioseo_notices":[],"aioseo_head":"\n\t\t<!-- All in One SEO 5.0.0.1 - aioseo.com -->\n\t<meta name=\"description\" content=\"A pequena Laura Teixeira Morais, de Muria\u00e9, sagrou-se campe\u00e3 brasileira de jud\u00f4, na categoria sub-11, no torneio da Confedera\u00e7\u00e3o Brasileira de Ligas de Jud\u00f4, realizado no \u00faltimo s\u00e1bado (14), em Santa Isabel (SP). Treinada pelo sensei Wanderley Cordeiro de Lima e pelo professor G\u00e9lio Leal, Laura \u00e9 filha do empres\u00e1rio Alexandre Buonincontro Morais e da\" \/>\n\t<meta name=\"robots\" content=\"max-image-preview:large\" \/>\n\t<meta name=\"author\" content=\"Juliana Laviola\"\/>\n\t<link rel=\"canonical\" href=\"https:\/\/anoticiaonline.com.br\/site\/muriaeense-se-torna-campea-brasileira-de-judo\/\" \/>\n\t<meta name=\"generator\" content=\"All in One SEO (AIOSEO) 5.0.0.1\" \/>\n\t\t<meta property=\"og:locale\" content=\"pt_BR\" \/>\n\t\t<meta property=\"og:site_name\" content=\"A Not\u00edcia Online - Noticias de Muria\u00e9 e regi\u00e3o\" \/>\n\t\t<meta property=\"og:type\" content=\"article\" \/>\n\t\t<meta property=\"og:title\" content=\"Muriaeense se torna campe\u00e3 brasileira de jud\u00f4 - A Not\u00edcia Online\" \/>\n\t\t<meta property=\"og:description\" content=\"A pequena Laura Teixeira Morais, de Muria\u00e9, sagrou-se campe\u00e3 brasileira de jud\u00f4, na categoria sub-11, no torneio da Confedera\u00e7\u00e3o Brasileira de Ligas de Jud\u00f4, realizado no \u00faltimo s\u00e1bado (14), em Santa Isabel (SP). Treinada pelo sensei Wanderley Cordeiro de Lima e pelo professor G\u00e9lio Leal, Laura \u00e9 filha do empres\u00e1rio Alexandre Buonincontro Morais e da\" \/>\n\t\t<meta property=\"og:url\" content=\"https:\/\/anoticiaonline.com.br\/site\/muriaeense-se-torna-campea-brasileira-de-judo\/\" \/>\n\t\t<meta property=\"og:image\" content=\"https:\/\/scontent-gig4-1.xx.fbcdn.net\/v\/t39.30808-1\/270437624_4564083193639691_6907940295614233970_n.jpg?stp=dst-jpg_s200x200_tt6&#038;_nc_cat=111&#038;ccb=1-7&#038;_nc_sid=f907e8&#038;_nc_ohc=SM1wRlP3lJwQ7kNvwEPuBYA&#038;_nc_oc=AdnqrjDN_BNjSSHWO-GbkIWH6fkGMLw4bqvL_NH6e2wMveX7G-rP2dAqsDSq1mJMOaY&#038;_nc_zt=24&#038;_nc_ht=scontent-gig4-1.xx&#038;_nc_gid=AoBFJeGrT1hVaew_6rchkQ&#038;oh=00_AfX7QmFGhQhG2jAllVgXCiM1ZrWgvtp80-Bfppyexh1QEg&#038;oe=689E923C\" \/>\n\t\t<meta property=\"og:image:secure_url\" content=\"https:\/\/scontent-gig4-1.xx.fbcdn.net\/v\/t39.30808-1\/270437624_4564083193639691_6907940295614233970_n.jpg?stp=dst-jpg_s200x200_tt6&#038;_nc_cat=111&#038;ccb=1-7&#038;_nc_sid=f907e8&#038;_nc_ohc=SM1wRlP3lJwQ7kNvwEPuBYA&#038;_nc_oc=AdnqrjDN_BNjSSHWO-GbkIWH6fkGMLw4bqvL_NH6e2wMveX7G-rP2dAqsDSq1mJMOaY&#038;_nc_zt=24&#038;_nc_ht=scontent-gig4-1.xx&#038;_nc_gid=AoBFJeGrT1hVaew_6rchkQ&#038;oh=00_AfX7QmFGhQhG2jAllVgXCiM1ZrWgvtp80-Bfppyexh1QEg&#038;oe=689E923C\" \/>\n\t\t<meta property=\"article:published_time\" content=\"2016-05-19T20:33:49+00:00\" \/>\n\t\t<meta property=\"article:modified_time\" content=\"2016-05-19T20:33:49+00:00\" \/>\n\t\t<meta name=\"twitter:card\" content=\"summary_large_image\" \/>\n\t\t<meta name=\"twitter:title\" content=\"Muriaeense se torna campe\u00e3 brasileira de jud\u00f4 - A Not\u00edcia Online\" \/>\n\t\t<meta name=\"twitter:description\" content=\"A pequena Laura Teixeira Morais, de Muria\u00e9, sagrou-se campe\u00e3 brasileira de jud\u00f4, na categoria sub-11, no torneio da Confedera\u00e7\u00e3o Brasileira de Ligas de Jud\u00f4, realizado no \u00faltimo s\u00e1bado (14), em Santa Isabel (SP). Treinada pelo sensei Wanderley Cordeiro de Lima e pelo professor G\u00e9lio Leal, Laura \u00e9 filha do empres\u00e1rio Alexandre Buonincontro Morais e da\" \/>\n\t\t<meta name=\"twitter:image\" content=\"https:\/\/scontent-gig4-1.xx.fbcdn.net\/v\/t39.30808-1\/270437624_4564083193639691_6907940295614233970_n.jpg?stp=dst-jpg_s200x200_tt6&amp;_nc_cat=111&amp;ccb=1-7&amp;_nc_sid=f907e8&amp;_nc_ohc=SM1wRlP3lJwQ7kNvwEPuBYA&amp;_nc_oc=AdnqrjDN_BNjSSHWO-GbkIWH6fkGMLw4bqvL_NH6e2wMveX7G-rP2dAqsDSq1mJMOaY&amp;_nc_zt=24&amp;_nc_ht=scontent-gig4-1.xx&amp;_nc_gid=AoBFJeGrT1hVaew_6rchkQ&amp;oh=00_AfX7QmFGhQhG2jAllVgXCiM1ZrWgvtp80-Bfppyexh1QEg&amp;oe=689E923C\" \/>\n\t\t<script type=\"application\/ld+json\" class=\"aioseo-schema\">\n\t\t\t{\"@context\":\"https:\\\/\\\/schema.org\",\"@graph\":[{\"@type\":\"BlogPosting\",\"@id\":\"https:\\\/\\\/anoticiaonline.com.br\\\/site\\\/muriaeense-se-torna-campea-brasileira-de-judo\\\/#blogposting\",\"name\":\"Muriaeense se torna campe\\u00e3 brasileira de jud\\u00f4 - A Not\\u00edcia Online\",\"headline\":\"Muriaeense se torna campe\\u00e3 brasileira de jud\\u00f4\",\"author\":{\"@id\":\"https:\\\/\\\/anoticiaonline.com.br\\\/site\\\/author\\\/juliana\\\/#author\"},\"publisher\":{\"@id\":\"https:\\\/\\\/anoticiaonline.com.br\\\/site\\\/#organization\"},\"image\":{\"@type\":\"ImageObject\",\"url\":\"https:\\\/\\\/anoticiaonline.com.br\\\/site\\\/wp-content\\\/uploads\\\/2016\\\/05\\\/Jovem-muriaeense-se-torna-campe\\u00e3-brasileira-de-jud\\u00f4.jpg\",\"width\":446,\"height\":640},\"datePublished\":\"2016-05-19T17:33:49-03:00\",\"dateModified\":\"2016-05-19T17:33:49-03:00\",\"inLanguage\":\"pt-BR\",\"mainEntityOfPage\":{\"@id\":\"https:\\\/\\\/anoticiaonline.com.br\\\/site\\\/muriaeense-se-torna-campea-brasileira-de-judo\\\/#webpage\"},\"isPartOf\":{\"@id\":\"https:\\\/\\\/anoticiaonline.com.br\\\/site\\\/muriaeense-se-torna-campea-brasileira-de-judo\\\/#webpage\"},\"articleSection\":\"Esporte, slide\"},{\"@type\":\"BreadcrumbList\",\"@id\":\"https:\\\/\\\/anoticiaonline.com.br\\\/site\\\/muriaeense-se-torna-campea-brasileira-de-judo\\\/#breadcrumblist\",\"itemListElement\":[{\"@type\":\"ListItem\",\"@id\":\"https:\\\/\\\/anoticiaonline.com.br\\\/site#listItem\",\"position\":1,\"name\":\"Home\",\"item\":\"https:\\\/\\\/anoticiaonline.com.br\\\/site\",\"nextItem\":{\"@type\":\"ListItem\",\"@id\":\"https:\\\/\\\/anoticiaonline.com.br\\\/site\\\/categoria\\\/esporte\\\/#listItem\",\"name\":\"Esporte\"}},{\"@type\":\"ListItem\",\"@id\":\"https:\\\/\\\/anoticiaonline.com.br\\\/site\\\/categoria\\\/esporte\\\/#listItem\",\"position\":2,\"name\":\"Esporte\",\"item\":\"https:\\\/\\\/anoticiaonline.com.br\\\/site\\\/categoria\\\/esporte\\\/\",\"nextItem\":{\"@type\":\"ListItem\",\"@id\":\"https:\\\/\\\/anoticiaonline.com.br\\\/site\\\/muriaeense-se-torna-campea-brasileira-de-judo\\\/#listItem\",\"name\":\"Muriaeense se torna campe\\u00e3 brasileira de jud\\u00f4\"},\"previousItem\":{\"@type\":\"ListItem\",\"@id\":\"https:\\\/\\\/anoticiaonline.com.br\\\/site#listItem\",\"name\":\"Home\"}},{\"@type\":\"ListItem\",\"@id\":\"https:\\\/\\\/anoticiaonline.com.br\\\/site\\\/muriaeense-se-torna-campea-brasileira-de-judo\\\/#listItem\",\"position\":3,\"name\":\"Muriaeense se torna campe\\u00e3 brasileira de jud\\u00f4\",\"previousItem\":{\"@type\":\"ListItem\",\"@id\":\"https:\\\/\\\/anoticiaonline.com.br\\\/site\\\/categoria\\\/esporte\\\/#listItem\",\"name\":\"Esporte\"}}]},{\"@type\":\"Organization\",\"@id\":\"https:\\\/\\\/anoticiaonline.com.br\\\/site\\\/#organization\",\"name\":\"A Not\\u00edcia Online\",\"description\":\"Noticias de Muria\\u00e9 e regi\\u00e3o\",\"url\":\"https:\\\/\\\/anoticiaonline.com.br\\\/site\\\/\",\"logo\":{\"@type\":\"ImageObject\",\"url\":\"https:\\\/\\\/scontent-gig4-1.xx.fbcdn.net\\\/v\\\/t39.30808-1\\\/270437624_4564083193639691_6907940295614233970_n.jpg?stp=dst-jpg_s200x200_tt6&_nc_cat=111&ccb=1-7&_nc_sid=f907e8&_nc_ohc=SM1wRlP3lJwQ7kNvwEPuBYA&_nc_oc=AdnqrjDN_BNjSSHWO-GbkIWH6fkGMLw4bqvL_NH6e2wMveX7G-rP2dAqsDSq1mJMOaY&_nc_zt=24&_nc_ht=scontent-gig4-1.xx&_nc_gid=AoBFJeGrT1hVaew_6rchkQ&oh=00_AfX7QmFGhQhG2jAllVgXCiM1ZrWgvtp80-Bfppyexh1QEg&oe=689E923C\",\"@id\":\"https:\\\/\\\/anoticiaonline.com.br\\\/site\\\/muriaeense-se-torna-campea-brasileira-de-judo\\\/#organizationLogo\"},\"image\":{\"@id\":\"https:\\\/\\\/anoticiaonline.com.br\\\/site\\\/muriaeense-se-torna-campea-brasileira-de-judo\\\/#organizationLogo\"}},{\"@type\":\"Person\",\"@id\":\"https:\\\/\\\/anoticiaonline.com.br\\\/site\\\/author\\\/juliana\\\/#author\",\"url\":\"https:\\\/\\\/anoticiaonline.com.br\\\/site\\\/author\\\/juliana\\\/\",\"name\":\"Juliana Laviola\",\"image\":{\"@type\":\"ImageObject\",\"@id\":\"https:\\\/\\\/anoticiaonline.com.br\\\/site\\\/muriaeense-se-torna-campea-brasileira-de-judo\\\/#authorImage\",\"url\":\"https:\\\/\\\/secure.gravatar.com\\\/avatar\\\/b8d45f5c699b100dfaf0e543582f38f38bf94cb7ae3a5e9abf8d891a34773335?s=96&d=mm&r=g\",\"width\":96,\"height\":96,\"caption\":\"Juliana Laviola\"}},{\"@type\":\"WebPage\",\"@id\":\"https:\\\/\\\/anoticiaonline.com.br\\\/site\\\/muriaeense-se-torna-campea-brasileira-de-judo\\\/#webpage\",\"url\":\"https:\\\/\\\/anoticiaonline.com.br\\\/site\\\/muriaeense-se-torna-campea-brasileira-de-judo\\\/\",\"name\":\"Muriaeense se torna campe\\u00e3 brasileira de jud\\u00f4 - A Not\\u00edcia Online\",\"description\":\"A pequena Laura Teixeira Morais, de Muria\\u00e9, sagrou-se campe\\u00e3 brasileira de jud\\u00f4, na categoria sub-11, no torneio da Confedera\\u00e7\\u00e3o Brasileira de Ligas de Jud\\u00f4, realizado no \\u00faltimo s\\u00e1bado (14), em Santa Isabel (SP). Treinada pelo sensei Wanderley Cordeiro de Lima e pelo professor G\\u00e9lio Leal, Laura \\u00e9 filha do empres\\u00e1rio Alexandre Buonincontro Morais e da\",\"inLanguage\":\"pt-BR\",\"isPartOf\":{\"@id\":\"https:\\\/\\\/anoticiaonline.com.br\\\/site\\\/#website\"},\"breadcrumb\":{\"@id\":\"https:\\\/\\\/anoticiaonline.com.br\\\/site\\\/muriaeense-se-torna-campea-brasileira-de-judo\\\/#breadcrumblist\"},\"author\":{\"@id\":\"https:\\\/\\\/anoticiaonline.com.br\\\/site\\\/author\\\/juliana\\\/#author\"},\"creator\":{\"@id\":\"https:\\\/\\\/anoticiaonline.com.br\\\/site\\\/author\\\/juliana\\\/#author\"},\"image\":{\"@type\":\"ImageObject\",\"url\":\"https:\\\/\\\/anoticiaonline.com.br\\\/site\\\/wp-content\\\/uploads\\\/2016\\\/05\\\/Jovem-muriaeense-se-torna-campe\\u00e3-brasileira-de-jud\\u00f4.jpg\",\"@id\":\"https:\\\/\\\/anoticiaonline.com.br\\\/site\\\/muriaeense-se-torna-campea-brasileira-de-judo\\\/#mainImage\",\"width\":446,\"height\":640},\"primaryImageOfPage\":{\"@id\":\"https:\\\/\\\/anoticiaonline.com.br\\\/site\\\/muriaeense-se-torna-campea-brasileira-de-judo\\\/#mainImage\"},\"datePublished\":\"2016-05-19T17:33:49-03:00\",\"dateModified\":\"2016-05-19T17:33:49-03:00\"},{\"@type\":\"WebSite\",\"@id\":\"https:\\\/\\\/anoticiaonline.com.br\\\/site\\\/#website\",\"url\":\"https:\\\/\\\/anoticiaonline.com.br\\\/site\\\/\",\"name\":\"A Not\\u00edcia Online\",\"description\":\"Noticias de Muria\\u00e9 e regi\\u00e3o\",\"inLanguage\":\"pt-BR\",\"publisher\":{\"@id\":\"https:\\\/\\\/anoticiaonline.com.br\\\/site\\\/#organization\"}}]}\n\t\t<\/script>\n\t\t<!-- All in One SEO -->\n\n","aioseo_head_json":{"title":"Muriaeense se torna campe\u00e3 brasileira de jud\u00f4 - A Not\u00edcia Online","description":"A pequena Laura Teixeira Morais, de Muria\u00e9, sagrou-se campe\u00e3 brasileira de jud\u00f4, na categoria sub-11, no torneio da Confedera\u00e7\u00e3o Brasileira de Ligas de Jud\u00f4, realizado no \u00faltimo s\u00e1bado (14), em Santa Isabel (SP). Treinada pelo sensei Wanderley Cordeiro de Lima e pelo professor G\u00e9lio Leal, Laura \u00e9 filha do empres\u00e1rio Alexandre Buonincontro Morais e da","canonical_url":"https:\/\/anoticiaonline.com.br\/site\/muriaeense-se-torna-campea-brasileira-de-judo\/","robots":"max-image-preview:large","keywords":"","webmasterTools":{"miscellaneous":""},"schema":{"@context":"https:\/\/schema.org","@graph":[{"@type":"BlogPosting","@id":"https:\/\/anoticiaonline.com.br\/site\/muriaeense-se-torna-campea-brasileira-de-judo\/#blogposting","name":"Muriaeense se torna campe\u00e3 brasileira de jud\u00f4 - A Not\u00edcia Online","headline":"Muriaeense se torna campe\u00e3 brasileira de jud\u00f4","author":{"@id":"https:\/\/anoticiaonline.com.br\/site\/author\/juliana\/#author"},"publisher":{"@id":"https:\/\/anoticiaonline.com.br\/site\/#organization"},"image":{"@type":"ImageObject","url":"https:\/\/anoticiaonline.com.br\/site\/wp-content\/uploads\/2016\/05\/Jovem-muriaeense-se-torna-campe\u00e3-brasileira-de-jud\u00f4.jpg","width":446,"height":640},"datePublished":"2016-05-19T17:33:49-03:00","dateModified":"2016-05-19T17:33:49-03:00","inLanguage":"pt-BR","mainEntityOfPage":{"@id":"https:\/\/anoticiaonline.com.br\/site\/muriaeense-se-torna-campea-brasileira-de-judo\/#webpage"},"isPartOf":{"@id":"https:\/\/anoticiaonline.com.br\/site\/muriaeense-se-torna-campea-brasileira-de-judo\/#webpage"},"articleSection":"Esporte, slide"},{"@type":"BreadcrumbList","@id":"https:\/\/anoticiaonline.com.br\/site\/muriaeense-se-torna-campea-brasileira-de-judo\/#breadcrumblist","itemListElement":[{"@type":"ListItem","@id":"https:\/\/anoticiaonline.com.br\/site#listItem","position":1,"name":"Home","item":"https:\/\/anoticiaonline.com.br\/site","nextItem":{"@type":"ListItem","@id":"https:\/\/anoticiaonline.com.br\/site\/categoria\/esporte\/#listItem","name":"Esporte"}},{"@type":"ListItem","@id":"https:\/\/anoticiaonline.com.br\/site\/categoria\/esporte\/#listItem","position":2,"name":"Esporte","item":"https:\/\/anoticiaonline.com.br\/site\/categoria\/esporte\/","nextItem":{"@type":"ListItem","@id":"https:\/\/anoticiaonline.com.br\/site\/muriaeense-se-torna-campea-brasileira-de-judo\/#listItem","name":"Muriaeense se torna campe\u00e3 brasileira de jud\u00f4"},"previousItem":{"@type":"ListItem","@id":"https:\/\/anoticiaonline.com.br\/site#listItem","name":"Home"}},{"@type":"ListItem","@id":"https:\/\/anoticiaonline.com.br\/site\/muriaeense-se-torna-campea-brasileira-de-judo\/#listItem","position":3,"name":"Muriaeense se torna campe\u00e3 brasileira de jud\u00f4","previousItem":{"@type":"ListItem","@id":"https:\/\/anoticiaonline.com.br\/site\/categoria\/esporte\/#listItem","name":"Esporte"}}]},{"@type":"Organization","@id":"https:\/\/anoticiaonline.com.br\/site\/#organization","name":"A Not\u00edcia Online","description":"Noticias de Muria\u00e9 e regi\u00e3o","url":"https:\/\/anoticiaonline.com.br\/site\/","logo":{"@type":"ImageObject","url":"https:\/\/scontent-gig4-1.xx.fbcdn.net\/v\/t39.30808-1\/270437624_4564083193639691_6907940295614233970_n.jpg?stp=dst-jpg_s200x200_tt6&_nc_cat=111&ccb=1-7&_nc_sid=f907e8&_nc_ohc=SM1wRlP3lJwQ7kNvwEPuBYA&_nc_oc=AdnqrjDN_BNjSSHWO-GbkIWH6fkGMLw4bqvL_NH6e2wMveX7G-rP2dAqsDSq1mJMOaY&_nc_zt=24&_nc_ht=scontent-gig4-1.xx&_nc_gid=AoBFJeGrT1hVaew_6rchkQ&oh=00_AfX7QmFGhQhG2jAllVgXCiM1ZrWgvtp80-Bfppyexh1QEg&oe=689E923C","@id":"https:\/\/anoticiaonline.com.br\/site\/muriaeense-se-torna-campea-brasileira-de-judo\/#organizationLogo"},"image":{"@id":"https:\/\/anoticiaonline.com.br\/site\/muriaeense-se-torna-campea-brasileira-de-judo\/#organizationLogo"}},{"@type":"Person","@id":"https:\/\/anoticiaonline.com.br\/site\/author\/juliana\/#author","url":"https:\/\/anoticiaonline.com.br\/site\/author\/juliana\/","name":"Juliana Laviola","image":{"@type":"ImageObject","@id":"https:\/\/anoticiaonline.com.br\/site\/muriaeense-se-torna-campea-brasileira-de-judo\/#authorImage","url":"https:\/\/secure.gravatar.com\/avatar\/b8d45f5c699b100dfaf0e543582f38f38bf94cb7ae3a5e9abf8d891a34773335?s=96&d=mm&r=g","width":96,"height":96,"caption":"Juliana Laviola"}},{"@type":"WebPage","@id":"https:\/\/anoticiaonline.com.br\/site\/muriaeense-se-torna-campea-brasileira-de-judo\/#webpage","url":"https:\/\/anoticiaonline.com.br\/site\/muriaeense-se-torna-campea-brasileira-de-judo\/","name":"Muriaeense se torna campe\u00e3 brasileira de jud\u00f4 - A Not\u00edcia Online","description":"A pequena Laura Teixeira Morais, de Muria\u00e9, sagrou-se campe\u00e3 brasileira de jud\u00f4, na categoria sub-11, no torneio da Confedera\u00e7\u00e3o Brasileira de Ligas de Jud\u00f4, realizado no \u00faltimo s\u00e1bado (14), em Santa Isabel (SP). Treinada pelo sensei Wanderley Cordeiro de Lima e pelo professor G\u00e9lio Leal, Laura \u00e9 filha do empres\u00e1rio Alexandre Buonincontro Morais e da","inLanguage":"pt-BR","isPartOf":{"@id":"https:\/\/anoticiaonline.com.br\/site\/#website"},"breadcrumb":{"@id":"https:\/\/anoticiaonline.com.br\/site\/muriaeense-se-torna-campea-brasileira-de-judo\/#breadcrumblist"},"author":{"@id":"https:\/\/anoticiaonline.com.br\/site\/author\/juliana\/#author"},"creator":{"@id":"https:\/\/anoticiaonline.com.br\/site\/author\/juliana\/#author"},"image":{"@type":"ImageObject","url":"https:\/\/anoticiaonline.com.br\/site\/wp-content\/uploads\/2016\/05\/Jovem-muriaeense-se-torna-campe\u00e3-brasileira-de-jud\u00f4.jpg","@id":"https:\/\/anoticiaonline.com.br\/site\/muriaeense-se-torna-campea-brasileira-de-judo\/#mainImage","width":446,"height":640},"primaryImageOfPage":{"@id":"https:\/\/anoticiaonline.com.br\/site\/muriaeense-se-torna-campea-brasileira-de-judo\/#mainImage"},"datePublished":"2016-05-19T17:33:49-03:00","dateModified":"2016-05-19T17:33:49-03:00"},{"@type":"WebSite","@id":"https:\/\/anoticiaonline.com.br\/site\/#website","url":"https:\/\/anoticiaonline.com.br\/site\/","name":"A Not\u00edcia Online","description":"Noticias de Muria\u00e9 e regi\u00e3o","inLanguage":"pt-BR","publisher":{"@id":"https:\/\/anoticiaonline.com.br\/site\/#organization"}}]},"og:locale":"pt_BR","og:site_name":"A Not\u00edcia Online - Noticias de Muria\u00e9 e regi\u00e3o","og:type":"article","og:title":"Muriaeense se torna campe\u00e3 brasileira de jud\u00f4 - A Not\u00edcia Online","og:description":"A pequena Laura Teixeira Morais, de Muria\u00e9, sagrou-se campe\u00e3 brasileira de jud\u00f4, na categoria sub-11, no torneio da Confedera\u00e7\u00e3o Brasileira de Ligas de Jud\u00f4, realizado no \u00faltimo s\u00e1bado (14), em Santa Isabel (SP). Treinada pelo sensei Wanderley Cordeiro de Lima e pelo professor G\u00e9lio Leal, Laura \u00e9 filha do empres\u00e1rio Alexandre Buonincontro Morais e da","og:url":"https:\/\/anoticiaonline.com.br\/site\/muriaeense-se-torna-campea-brasileira-de-judo\/","og:image":"https:\/\/scontent-gig4-1.xx.fbcdn.net\/v\/t39.30808-1\/270437624_4564083193639691_6907940295614233970_n.jpg?stp=dst-jpg_s200x200_tt6&#038;_nc_cat=111&#038;ccb=1-7&#038;_nc_sid=f907e8&#038;_nc_ohc=SM1wRlP3lJwQ7kNvwEPuBYA&#038;_nc_oc=AdnqrjDN_BNjSSHWO-GbkIWH6fkGMLw4bqvL_NH6e2wMveX7G-rP2dAqsDSq1mJMOaY&#038;_nc_zt=24&#038;_nc_ht=scontent-gig4-1.xx&#038;_nc_gid=AoBFJeGrT1hVaew_6rchkQ&#038;oh=00_AfX7QmFGhQhG2jAllVgXCiM1ZrWgvtp80-Bfppyexh1QEg&#038;oe=689E923C","og:image:secure_url":"https:\/\/scontent-gig4-1.xx.fbcdn.net\/v\/t39.30808-1\/270437624_4564083193639691_6907940295614233970_n.jpg?stp=dst-jpg_s200x200_tt6&#038;_nc_cat=111&#038;ccb=1-7&#038;_nc_sid=f907e8&#038;_nc_ohc=SM1wRlP3lJwQ7kNvwEPuBYA&#038;_nc_oc=AdnqrjDN_BNjSSHWO-GbkIWH6fkGMLw4bqvL_NH6e2wMveX7G-rP2dAqsDSq1mJMOaY&#038;_nc_zt=24&#038;_nc_ht=scontent-gig4-1.xx&#038;_nc_gid=AoBFJeGrT1hVaew_6rchkQ&#038;oh=00_AfX7QmFGhQhG2jAllVgXCiM1ZrWgvtp80-Bfppyexh1QEg&#038;oe=689E923C","article:published_time":"2016-05-19T20:33:49+00:00","article:modified_time":"2016-05-19T20:33:49+00:00","twitter:card":"summary_large_image","twitter:title":"Muriaeense se torna campe\u00e3 brasileira de jud\u00f4 - A Not\u00edcia Online","twitter:description":"A pequena Laura Teixeira Morais, de Muria\u00e9, sagrou-se campe\u00e3 brasileira de jud\u00f4, na categoria sub-11, no torneio da Confedera\u00e7\u00e3o Brasileira de Ligas de Jud\u00f4, realizado no \u00faltimo s\u00e1bado (14), em Santa Isabel (SP). Treinada pelo sensei Wanderley Cordeiro de Lima e pelo professor G\u00e9lio Leal, Laura \u00e9 filha do empres\u00e1rio Alexandre Buonincontro Morais e da","twitter:image":"https:\/\/scontent-gig4-1.xx.fbcdn.net\/v\/t39.30808-1\/270437624_4564083193639691_6907940295614233970_n.jpg?stp=dst-jpg_s200x200_tt6&_nc_cat=111&ccb=1-7&_nc_sid=f907e8&_nc_ohc=SM1wRlP3lJwQ7kNvwEPuBYA&_nc_oc=AdnqrjDN_BNjSSHWO-GbkIWH6fkGMLw4bqvL_NH6e2wMveX7G-rP2dAqsDSq1mJMOaY&_nc_zt=24&_nc_ht=scontent-gig4-1.xx&_nc_gid=AoBFJeGrT1hVaew_6rchkQ&oh=00_AfX7QmFGhQhG2jAllVgXCiM1ZrWgvtp80-Bfppyexh1QEg&oe=689E923C"},"aioseo_meta_data":{"post_id":"13539","title":null,"description":null,"keywords":null,"keyphrases":null,"primary_term":null,"canonical_url":null,"og_title":null,"og_description":null,"og_object_type":"default","og_image_type":"default","og_image_url":null,"og_image_width":null,"og_image_height":null,"og_image_custom_url":null,"og_image_custom_fields":null,"og_video":null,"og_custom_url":null,"og_article_section":null,"og_article_tags":null,"twitter_use_og":false,"twitter_card":"default","twitter_image_type":"default","twitter_image_url":null,"twitter_image_custom_url":null,"twitter_image_custom_fields":null,"twitter_title":null,"twitter_description":null,"schema":{"blockGraphs":[],"customGraphs":[],"default":{"data":{"Article":[],"Course":[],"Dataset":[],"FAQPage":[],"Movie":[],"Person":[],"Product":[],"ProductReview":[],"Car":[],"Recipe":[],"Service":[],"SoftwareApplication":[],"WebPage":[]},"graphName":"","isEnabled":true},"graphs":[]},"schema_type":"default","schema_type_options":null,"pillar_content":false,"robots_default":true,"robots_noindex":false,"robots_noarchive":false,"robots_nosnippet":false,"robots_nofollow":false,"robots_noimageindex":false,"robots_noodp":false,"robots_notranslate":false,"robots_max_snippet":null,"robots_max_videopreview":null,"robots_max_imagepreview":"large","priority":null,"frequency":null,"local_seo":null,"breadcrumb_settings":null,"limit_modified_date":false,"ai":null,"created":"2025-08-16 16:02:24","updated":"2025-08-16 16:02:24","focus_keyword":null,"additional_keywords":null,"truseo_locale":null,"seo_analyzer_scan_date":null},"aioseo_breadcrumb":"<div class=\"aioseo-breadcrumbs\"><span class=\"aioseo-breadcrumb\">\n\t\t\t<a href=\"https:\/\/anoticiaonline.com.br\/site\" title=\"Home\">Home<\/a>\n\t\t<\/span><span class=\"aioseo-breadcrumb-separator\">&raquo;<\/span><span class=\"aioseo-breadcrumb\">\n\t\t\t<a href=\"https:\/\/anoticiaonline.com.br\/site\/categoria\/esporte\/\" title=\"Esporte\">Esporte<\/a>\n\t\t<\/span><span class=\"aioseo-breadcrumb-separator\">&raquo;<\/span><span class=\"aioseo-breadcrumb\">\n\t\t\tMuriaeense se torna campe\u00e3 brasileira de jud\u00f4\n\t\t<\/span><\/div>","aioseo_breadcrumb_json":[{"label":"Home","link":"https:\/\/anoticiaonline.com.br\/site"},{"label":"Esporte","link":"https:\/\/anoticiaonline.com.br\/site\/categoria\/esporte\/"},{"label":"Muriaeense se torna campe\u00e3 brasileira de jud\u00f4","link":"https:\/\/anoticiaonline.com.br\/site\/muriaeense-se-torna-campea-brasileira-de-judo\/"}],"views":153,"_links":{"self":[{"href":"https:\/\/anoticiaonline.com.br\/site\/wp-json\/wp\/v2\/posts\/13539","targetHints":{"allow":["GET"]}}],"collection":[{"href":"https:\/\/anoticiaonline.com.br\/site\/wp-json\/wp\/v2\/posts"}],"about":[{"href":"https:\/\/anoticiaonline.com.br\/site\/wp-json\/wp\/v2\/types\/post"}],"author":[{"embeddable":true,"href":"https:\/\/anoticiaonline.com.br\/site\/wp-json\/wp\/v2\/users\/2"}],"replies":[{"embeddable":true,"href":"https:\/\/anoticiaonline.com.br\/site\/wp-json\/wp\/v2\/comments?post=13539"}],"version-history":[{"count":0,"href":"https:\/\/anoticiaonline.com.br\/site\/wp-json\/wp\/v2\/posts\/13539\/revisions"}],"wp:featuredmedia":[{"embeddable":true,"href":"https:\/\/anoticiaonline.com.br\/site\/wp-json\/wp\/v2\/media\/13540"}],"wp:attachment":[{"href":"https:\/\/anoticiaonline.com.br\/site\/wp-json\/wp\/v2\/media?parent=13539"}],"wp:term":[{"taxonomy":"category","embeddable":true,"href":"https:\/\/anoticiaonline.com.br\/site\/wp-json\/wp\/v2\/categories?post=13539"},{"taxonomy":"post_tag","embeddable":true,"href":"https:\/\/anoticiaonline.com.br\/site\/wp-json\/wp\/v2\/tags?post=13539"}],"curies":[{"name":"wp","href":"https:\/\/api.w.org\/{rel}","templated":true}]}}