{"id":13523,"date":"2016-05-19T11:09:48","date_gmt":"2016-05-19T14:09:48","guid":{"rendered":"http:\/\/anoticiaonline.com.br\/site\/?p=13523"},"modified":"2016-05-19T11:09:48","modified_gmt":"2016-05-19T14:09:48","slug":"zita-vasconcelos","status":"publish","type":"post","link":"https:\/\/anoticiaonline.com.br\/site\/zita-vasconcelos\/","title":{"rendered":"ZITA VASCONCELOS"},"content":{"rendered":"<p style=\"text-align: center;\"><strong>Nascido em 18 de julho de 1901<\/strong><br \/>\n<strong>Falecido em 19 de novembro de 1950<\/strong><\/p>\n<p><a href=\"https:\/\/anoticiaonline.com.br\/site\/wp-content\/uploads\/2016\/05\/zita-vasconelos.jpg\"><img fetchpriority=\"high\" decoding=\"async\" class=\" size-medium wp-image-13524 alignleft\" src=\"https:\/\/anoticiaonline.com.br\/site\/wp-content\/uploads\/2016\/05\/zita-vasconelos-264x300.jpg\" alt=\"zita vasconelos\" width=\"264\" height=\"300\" srcset=\"https:\/\/anoticiaonline.com.br\/site\/wp-content\/uploads\/2016\/05\/zita-vasconelos-264x300.jpg 264w, https:\/\/anoticiaonline.com.br\/site\/wp-content\/uploads\/2016\/05\/zita-vasconelos.jpg 563w\" sizes=\"(max-width: 264px) 100vw, 264px\" \/><\/a>Zita Vasconcelos nasceu em Muria\u00e9 no dia 18 de julho de 1901. Era filha de Adolpho Vasconcelos e de Ernestina Andrade Vasconcelos.<\/p>\n<p>Casou-se com o comerciante Jos\u00e9 Elias. Foi propriet\u00e1ria do im\u00f3vel onde se implantou a rua que, hoje, tem o seu nome. Foi neste local que viveu por muitos anos e criou uma numerosa fam\u00edlia: Sofia Vasconcelos de Abreu (falecida), Maria Jos\u00e9 Vasconcelos (falecida), Jos\u00e9 Elias J\u00fanior, Ilca Vasconcelos de Paula, M\u00e1rio Vasconcelos, Guilherme Vasconcelos (falecido), Hilda Vasconcelos Castilho, Oneida Vasconcelos Cavalher e Ione Vasconcelos Menezes. Faleceu no dia 19 de novembro de 1950, quarenta e nove anos.<\/p>\n<p>Em homenagem a Sra. Zita Vasconcelos, que por todos era estimada, foi decretado no dia 09 de agosto de 1976, na administra\u00e7\u00e3o do ex-Prefeito Municipal, Paulo Fraga, que: \u201cArt. 1\u00ba &#8211; Fica denominada Rua Zita Vasconcelos, a via p\u00fablica conhecida por \u201cRua Atalydes\u201d, no bairro da Barra, nesta cidade\u201d. (Decreto n\u00ba 269, de 09 de agosto de 1976).<\/p>\n","protected":false},"excerpt":{"rendered":"<p>Nascido em 18 de julho de 1901 Falecido em 19 de novembro de 1950 Zita Vasconcelos nasceu em Muria\u00e9 no dia 18 de julho de 1901. Era filha de Adolpho Vasconcelos e de Ernestina Andrade Vasconcelos. Casou-se com o comerciante Jos\u00e9 Elias. Foi propriet\u00e1ria do im\u00f3vel onde se implantou a rua que, hoje, tem o &#8230; <a title=\"ZITA VASCONCELOS\" class=\"read-more\" href=\"https:\/\/anoticiaonline.com.br\/site\/zita-vasconcelos\/\" aria-label=\"Read more about ZITA VASCONCELOS\">Ler mais<\/a><\/p>\n","protected":false},"author":2,"featured_media":0,"comment_status":"open","ping_status":"open","sticky":false,"template":"","format":"standard","meta":{"_acf_changed":false,"_monsterinsights_skip_tracking":false,"footnotes":""},"categories":[35],"tags":[],"class_list":["post-13523","post","type-post","status-publish","format-standard","hentry","category-nomes-da-nossa-terra-joao-carlos-vargas-e-flavia-alves-junqueira-memorial-municipal-de-muriae"],"acf":[],"aioseo_notices":[],"aioseo_head":"\n\t\t<!-- All in One SEO 5.0.0.1 - aioseo.com -->\n\t<meta name=\"description\" content=\"Nascido em 18 de julho de 1901 Falecido em 19 de novembro de 1950 Zita Vasconcelos nasceu em Muria\u00e9 no dia 18 de julho de 1901. Era filha de Adolpho Vasconcelos e de Ernestina Andrade Vasconcelos. Casou-se com o comerciante Jos\u00e9 Elias. Foi propriet\u00e1ria do im\u00f3vel onde se implantou a rua que, hoje, tem o\" \/>\n\t<meta name=\"robots\" content=\"max-image-preview:large\" \/>\n\t<meta name=\"author\" content=\"Juliana Laviola\"\/>\n\t<link rel=\"canonical\" href=\"https:\/\/anoticiaonline.com.br\/site\/zita-vasconcelos\/\" \/>\n\t<meta name=\"generator\" content=\"All in One SEO (AIOSEO) 5.0.0.1\" \/>\n\t\t<meta property=\"og:locale\" content=\"pt_BR\" \/>\n\t\t<meta property=\"og:site_name\" content=\"A Not\u00edcia Online - Noticias de Muria\u00e9 e regi\u00e3o\" \/>\n\t\t<meta property=\"og:type\" content=\"article\" \/>\n\t\t<meta property=\"og:title\" content=\"ZITA VASCONCELOS - A Not\u00edcia Online\" \/>\n\t\t<meta property=\"og:description\" content=\"Nascido em 18 de julho de 1901 Falecido em 19 de novembro de 1950 Zita Vasconcelos nasceu em Muria\u00e9 no dia 18 de julho de 1901. Era filha de Adolpho Vasconcelos e de Ernestina Andrade Vasconcelos. Casou-se com o comerciante Jos\u00e9 Elias. Foi propriet\u00e1ria do im\u00f3vel onde se implantou a rua que, hoje, tem o\" \/>\n\t\t<meta property=\"og:url\" content=\"https:\/\/anoticiaonline.com.br\/site\/zita-vasconcelos\/\" \/>\n\t\t<meta property=\"og:image\" content=\"https:\/\/scontent-gig4-1.xx.fbcdn.net\/v\/t39.30808-1\/270437624_4564083193639691_6907940295614233970_n.jpg?stp=dst-jpg_s200x200_tt6&#038;_nc_cat=111&#038;ccb=1-7&#038;_nc_sid=f907e8&#038;_nc_ohc=SM1wRlP3lJwQ7kNvwEPuBYA&#038;_nc_oc=AdnqrjDN_BNjSSHWO-GbkIWH6fkGMLw4bqvL_NH6e2wMveX7G-rP2dAqsDSq1mJMOaY&#038;_nc_zt=24&#038;_nc_ht=scontent-gig4-1.xx&#038;_nc_gid=AoBFJeGrT1hVaew_6rchkQ&#038;oh=00_AfX7QmFGhQhG2jAllVgXCiM1ZrWgvtp80-Bfppyexh1QEg&#038;oe=689E923C\" \/>\n\t\t<meta property=\"og:image:secure_url\" content=\"https:\/\/scontent-gig4-1.xx.fbcdn.net\/v\/t39.30808-1\/270437624_4564083193639691_6907940295614233970_n.jpg?stp=dst-jpg_s200x200_tt6&#038;_nc_cat=111&#038;ccb=1-7&#038;_nc_sid=f907e8&#038;_nc_ohc=SM1wRlP3lJwQ7kNvwEPuBYA&#038;_nc_oc=AdnqrjDN_BNjSSHWO-GbkIWH6fkGMLw4bqvL_NH6e2wMveX7G-rP2dAqsDSq1mJMOaY&#038;_nc_zt=24&#038;_nc_ht=scontent-gig4-1.xx&#038;_nc_gid=AoBFJeGrT1hVaew_6rchkQ&#038;oh=00_AfX7QmFGhQhG2jAllVgXCiM1ZrWgvtp80-Bfppyexh1QEg&#038;oe=689E923C\" \/>\n\t\t<meta property=\"article:published_time\" content=\"2016-05-19T14:09:48+00:00\" \/>\n\t\t<meta property=\"article:modified_time\" content=\"2016-05-19T14:09:48+00:00\" \/>\n\t\t<meta name=\"twitter:card\" content=\"summary_large_image\" \/>\n\t\t<meta name=\"twitter:title\" content=\"ZITA VASCONCELOS - A Not\u00edcia Online\" \/>\n\t\t<meta name=\"twitter:description\" content=\"Nascido em 18 de julho de 1901 Falecido em 19 de novembro de 1950 Zita Vasconcelos nasceu em Muria\u00e9 no dia 18 de julho de 1901. Era filha de Adolpho Vasconcelos e de Ernestina Andrade Vasconcelos. Casou-se com o comerciante Jos\u00e9 Elias. Foi propriet\u00e1ria do im\u00f3vel onde se implantou a rua que, hoje, tem o\" \/>\n\t\t<meta name=\"twitter:image\" content=\"https:\/\/scontent-gig4-1.xx.fbcdn.net\/v\/t39.30808-1\/270437624_4564083193639691_6907940295614233970_n.jpg?stp=dst-jpg_s200x200_tt6&amp;_nc_cat=111&amp;ccb=1-7&amp;_nc_sid=f907e8&amp;_nc_ohc=SM1wRlP3lJwQ7kNvwEPuBYA&amp;_nc_oc=AdnqrjDN_BNjSSHWO-GbkIWH6fkGMLw4bqvL_NH6e2wMveX7G-rP2dAqsDSq1mJMOaY&amp;_nc_zt=24&amp;_nc_ht=scontent-gig4-1.xx&amp;_nc_gid=AoBFJeGrT1hVaew_6rchkQ&amp;oh=00_AfX7QmFGhQhG2jAllVgXCiM1ZrWgvtp80-Bfppyexh1QEg&amp;oe=689E923C\" \/>\n\t\t<script type=\"application\/ld+json\" class=\"aioseo-schema\">\n\t\t\t{\"@context\":\"https:\\\/\\\/schema.org\",\"@graph\":[{\"@type\":\"BlogPosting\",\"@id\":\"https:\\\/\\\/anoticiaonline.com.br\\\/site\\\/zita-vasconcelos\\\/#blogposting\",\"name\":\"ZITA VASCONCELOS - A Not\\u00edcia Online\",\"headline\":\"ZITA VASCONCELOS\",\"author\":{\"@id\":\"https:\\\/\\\/anoticiaonline.com.br\\\/site\\\/author\\\/juliana\\\/#author\"},\"publisher\":{\"@id\":\"https:\\\/\\\/anoticiaonline.com.br\\\/site\\\/#organization\"},\"image\":{\"@type\":\"ImageObject\",\"url\":\"http:\\\/\\\/anoticiaonline.com.br\\\/site\\\/wp-content\\\/uploads\\\/2016\\\/05\\\/zita-vasconelos-264x300.jpg\",\"@id\":\"https:\\\/\\\/anoticiaonline.com.br\\\/site\\\/zita-vasconcelos\\\/#articleImage\"},\"datePublished\":\"2016-05-19T11:09:48-03:00\",\"dateModified\":\"2016-05-19T11:09:48-03:00\",\"inLanguage\":\"pt-BR\",\"mainEntityOfPage\":{\"@id\":\"https:\\\/\\\/anoticiaonline.com.br\\\/site\\\/zita-vasconcelos\\\/#webpage\"},\"isPartOf\":{\"@id\":\"https:\\\/\\\/anoticiaonline.com.br\\\/site\\\/zita-vasconcelos\\\/#webpage\"},\"articleSection\":\"Nomes da Nossa Terra - Jo\\u00e3o Carlos Vargas e Fl\\u00e1via Alves Junqueira - Memorial Municipal de Muria\\u00e9\"},{\"@type\":\"BreadcrumbList\",\"@id\":\"https:\\\/\\\/anoticiaonline.com.br\\\/site\\\/zita-vasconcelos\\\/#breadcrumblist\",\"itemListElement\":[{\"@type\":\"ListItem\",\"@id\":\"https:\\\/\\\/anoticiaonline.com.br\\\/site#listItem\",\"position\":1,\"name\":\"Home\",\"item\":\"https:\\\/\\\/anoticiaonline.com.br\\\/site\",\"nextItem\":{\"@type\":\"ListItem\",\"@id\":\"https:\\\/\\\/anoticiaonline.com.br\\\/site\\\/categoria\\\/colunistas\\\/#listItem\",\"name\":\"Colunistas\"}},{\"@type\":\"ListItem\",\"@id\":\"https:\\\/\\\/anoticiaonline.com.br\\\/site\\\/categoria\\\/colunistas\\\/#listItem\",\"position\":2,\"name\":\"Colunistas\",\"item\":\"https:\\\/\\\/anoticiaonline.com.br\\\/site\\\/categoria\\\/colunistas\\\/\",\"nextItem\":{\"@type\":\"ListItem\",\"@id\":\"https:\\\/\\\/anoticiaonline.com.br\\\/site\\\/categoria\\\/colunistas\\\/nomes-da-nossa-terra-joao-carlos-vargas-e-flavia-alves-junqueira-memorial-municipal-de-muriae\\\/#listItem\",\"name\":\"Nomes da Nossa Terra - Jo\\u00e3o Carlos Vargas e Fl\\u00e1via Alves Junqueira - Memorial Municipal de Muria\\u00e9\"},\"previousItem\":{\"@type\":\"ListItem\",\"@id\":\"https:\\\/\\\/anoticiaonline.com.br\\\/site#listItem\",\"name\":\"Home\"}},{\"@type\":\"ListItem\",\"@id\":\"https:\\\/\\\/anoticiaonline.com.br\\\/site\\\/categoria\\\/colunistas\\\/nomes-da-nossa-terra-joao-carlos-vargas-e-flavia-alves-junqueira-memorial-municipal-de-muriae\\\/#listItem\",\"position\":3,\"name\":\"Nomes da Nossa Terra - Jo\\u00e3o Carlos Vargas e Fl\\u00e1via Alves Junqueira - Memorial Municipal de Muria\\u00e9\",\"item\":\"https:\\\/\\\/anoticiaonline.com.br\\\/site\\\/categoria\\\/colunistas\\\/nomes-da-nossa-terra-joao-carlos-vargas-e-flavia-alves-junqueira-memorial-municipal-de-muriae\\\/\",\"nextItem\":{\"@type\":\"ListItem\",\"@id\":\"https:\\\/\\\/anoticiaonline.com.br\\\/site\\\/zita-vasconcelos\\\/#listItem\",\"name\":\"ZITA VASCONCELOS\"},\"previousItem\":{\"@type\":\"ListItem\",\"@id\":\"https:\\\/\\\/anoticiaonline.com.br\\\/site\\\/categoria\\\/colunistas\\\/#listItem\",\"name\":\"Colunistas\"}},{\"@type\":\"ListItem\",\"@id\":\"https:\\\/\\\/anoticiaonline.com.br\\\/site\\\/zita-vasconcelos\\\/#listItem\",\"position\":4,\"name\":\"ZITA VASCONCELOS\",\"previousItem\":{\"@type\":\"ListItem\",\"@id\":\"https:\\\/\\\/anoticiaonline.com.br\\\/site\\\/categoria\\\/colunistas\\\/nomes-da-nossa-terra-joao-carlos-vargas-e-flavia-alves-junqueira-memorial-municipal-de-muriae\\\/#listItem\",\"name\":\"Nomes da Nossa Terra - Jo\\u00e3o Carlos Vargas e Fl\\u00e1via Alves Junqueira - Memorial Municipal de Muria\\u00e9\"}}]},{\"@type\":\"Organization\",\"@id\":\"https:\\\/\\\/anoticiaonline.com.br\\\/site\\\/#organization\",\"name\":\"A Not\\u00edcia Online\",\"description\":\"Noticias de Muria\\u00e9 e regi\\u00e3o\",\"url\":\"https:\\\/\\\/anoticiaonline.com.br\\\/site\\\/\",\"logo\":{\"@type\":\"ImageObject\",\"url\":\"https:\\\/\\\/scontent-gig4-1.xx.fbcdn.net\\\/v\\\/t39.30808-1\\\/270437624_4564083193639691_6907940295614233970_n.jpg?stp=dst-jpg_s200x200_tt6&_nc_cat=111&ccb=1-7&_nc_sid=f907e8&_nc_ohc=SM1wRlP3lJwQ7kNvwEPuBYA&_nc_oc=AdnqrjDN_BNjSSHWO-GbkIWH6fkGMLw4bqvL_NH6e2wMveX7G-rP2dAqsDSq1mJMOaY&_nc_zt=24&_nc_ht=scontent-gig4-1.xx&_nc_gid=AoBFJeGrT1hVaew_6rchkQ&oh=00_AfX7QmFGhQhG2jAllVgXCiM1ZrWgvtp80-Bfppyexh1QEg&oe=689E923C\",\"@id\":\"https:\\\/\\\/anoticiaonline.com.br\\\/site\\\/zita-vasconcelos\\\/#organizationLogo\"},\"image\":{\"@id\":\"https:\\\/\\\/anoticiaonline.com.br\\\/site\\\/zita-vasconcelos\\\/#organizationLogo\"}},{\"@type\":\"Person\",\"@id\":\"https:\\\/\\\/anoticiaonline.com.br\\\/site\\\/author\\\/juliana\\\/#author\",\"url\":\"https:\\\/\\\/anoticiaonline.com.br\\\/site\\\/author\\\/juliana\\\/\",\"name\":\"Juliana Laviola\",\"image\":{\"@type\":\"ImageObject\",\"@id\":\"https:\\\/\\\/anoticiaonline.com.br\\\/site\\\/zita-vasconcelos\\\/#authorImage\",\"url\":\"https:\\\/\\\/secure.gravatar.com\\\/avatar\\\/b8d45f5c699b100dfaf0e543582f38f38bf94cb7ae3a5e9abf8d891a34773335?s=96&d=mm&r=g\",\"width\":96,\"height\":96,\"caption\":\"Juliana Laviola\"}},{\"@type\":\"WebPage\",\"@id\":\"https:\\\/\\\/anoticiaonline.com.br\\\/site\\\/zita-vasconcelos\\\/#webpage\",\"url\":\"https:\\\/\\\/anoticiaonline.com.br\\\/site\\\/zita-vasconcelos\\\/\",\"name\":\"ZITA VASCONCELOS - A Not\\u00edcia Online\",\"description\":\"Nascido em 18 de julho de 1901 Falecido em 19 de novembro de 1950 Zita Vasconcelos nasceu em Muria\\u00e9 no dia 18 de julho de 1901. Era filha de Adolpho Vasconcelos e de Ernestina Andrade Vasconcelos. Casou-se com o comerciante Jos\\u00e9 Elias. Foi propriet\\u00e1ria do im\\u00f3vel onde se implantou a rua que, hoje, tem o\",\"inLanguage\":\"pt-BR\",\"isPartOf\":{\"@id\":\"https:\\\/\\\/anoticiaonline.com.br\\\/site\\\/#website\"},\"breadcrumb\":{\"@id\":\"https:\\\/\\\/anoticiaonline.com.br\\\/site\\\/zita-vasconcelos\\\/#breadcrumblist\"},\"author\":{\"@id\":\"https:\\\/\\\/anoticiaonline.com.br\\\/site\\\/author\\\/juliana\\\/#author\"},\"creator\":{\"@id\":\"https:\\\/\\\/anoticiaonline.com.br\\\/site\\\/author\\\/juliana\\\/#author\"},\"datePublished\":\"2016-05-19T11:09:48-03:00\",\"dateModified\":\"2016-05-19T11:09:48-03:00\"},{\"@type\":\"WebSite\",\"@id\":\"https:\\\/\\\/anoticiaonline.com.br\\\/site\\\/#website\",\"url\":\"https:\\\/\\\/anoticiaonline.com.br\\\/site\\\/\",\"name\":\"A Not\\u00edcia Online\",\"description\":\"Noticias de Muria\\u00e9 e regi\\u00e3o\",\"inLanguage\":\"pt-BR\",\"publisher\":{\"@id\":\"https:\\\/\\\/anoticiaonline.com.br\\\/site\\\/#organization\"}}]}\n\t\t<\/script>\n\t\t<!-- All in One SEO -->\n\n","aioseo_head_json":{"title":"ZITA VASCONCELOS - A Not\u00edcia Online","description":"Nascido em 18 de julho de 1901 Falecido em 19 de novembro de 1950 Zita Vasconcelos nasceu em Muria\u00e9 no dia 18 de julho de 1901. Era filha de Adolpho Vasconcelos e de Ernestina Andrade Vasconcelos. Casou-se com o comerciante Jos\u00e9 Elias. Foi propriet\u00e1ria do im\u00f3vel onde se implantou a rua que, hoje, tem o","canonical_url":"https:\/\/anoticiaonline.com.br\/site\/zita-vasconcelos\/","robots":"max-image-preview:large","keywords":"","webmasterTools":{"miscellaneous":""},"schema":{"@context":"https:\/\/schema.org","@graph":[{"@type":"BlogPosting","@id":"https:\/\/anoticiaonline.com.br\/site\/zita-vasconcelos\/#blogposting","name":"ZITA VASCONCELOS - A Not\u00edcia Online","headline":"ZITA VASCONCELOS","author":{"@id":"https:\/\/anoticiaonline.com.br\/site\/author\/juliana\/#author"},"publisher":{"@id":"https:\/\/anoticiaonline.com.br\/site\/#organization"},"image":{"@type":"ImageObject","url":"http:\/\/anoticiaonline.com.br\/site\/wp-content\/uploads\/2016\/05\/zita-vasconelos-264x300.jpg","@id":"https:\/\/anoticiaonline.com.br\/site\/zita-vasconcelos\/#articleImage"},"datePublished":"2016-05-19T11:09:48-03:00","dateModified":"2016-05-19T11:09:48-03:00","inLanguage":"pt-BR","mainEntityOfPage":{"@id":"https:\/\/anoticiaonline.com.br\/site\/zita-vasconcelos\/#webpage"},"isPartOf":{"@id":"https:\/\/anoticiaonline.com.br\/site\/zita-vasconcelos\/#webpage"},"articleSection":"Nomes da Nossa Terra - Jo\u00e3o Carlos Vargas e Fl\u00e1via Alves Junqueira - Memorial Municipal de Muria\u00e9"},{"@type":"BreadcrumbList","@id":"https:\/\/anoticiaonline.com.br\/site\/zita-vasconcelos\/#breadcrumblist","itemListElement":[{"@type":"ListItem","@id":"https:\/\/anoticiaonline.com.br\/site#listItem","position":1,"name":"Home","item":"https:\/\/anoticiaonline.com.br\/site","nextItem":{"@type":"ListItem","@id":"https:\/\/anoticiaonline.com.br\/site\/categoria\/colunistas\/#listItem","name":"Colunistas"}},{"@type":"ListItem","@id":"https:\/\/anoticiaonline.com.br\/site\/categoria\/colunistas\/#listItem","position":2,"name":"Colunistas","item":"https:\/\/anoticiaonline.com.br\/site\/categoria\/colunistas\/","nextItem":{"@type":"ListItem","@id":"https:\/\/anoticiaonline.com.br\/site\/categoria\/colunistas\/nomes-da-nossa-terra-joao-carlos-vargas-e-flavia-alves-junqueira-memorial-municipal-de-muriae\/#listItem","name":"Nomes da Nossa Terra - Jo\u00e3o Carlos Vargas e Fl\u00e1via Alves Junqueira - Memorial Municipal de Muria\u00e9"},"previousItem":{"@type":"ListItem","@id":"https:\/\/anoticiaonline.com.br\/site#listItem","name":"Home"}},{"@type":"ListItem","@id":"https:\/\/anoticiaonline.com.br\/site\/categoria\/colunistas\/nomes-da-nossa-terra-joao-carlos-vargas-e-flavia-alves-junqueira-memorial-municipal-de-muriae\/#listItem","position":3,"name":"Nomes da Nossa Terra - Jo\u00e3o Carlos Vargas e Fl\u00e1via Alves Junqueira - Memorial Municipal de Muria\u00e9","item":"https:\/\/anoticiaonline.com.br\/site\/categoria\/colunistas\/nomes-da-nossa-terra-joao-carlos-vargas-e-flavia-alves-junqueira-memorial-municipal-de-muriae\/","nextItem":{"@type":"ListItem","@id":"https:\/\/anoticiaonline.com.br\/site\/zita-vasconcelos\/#listItem","name":"ZITA VASCONCELOS"},"previousItem":{"@type":"ListItem","@id":"https:\/\/anoticiaonline.com.br\/site\/categoria\/colunistas\/#listItem","name":"Colunistas"}},{"@type":"ListItem","@id":"https:\/\/anoticiaonline.com.br\/site\/zita-vasconcelos\/#listItem","position":4,"name":"ZITA VASCONCELOS","previousItem":{"@type":"ListItem","@id":"https:\/\/anoticiaonline.com.br\/site\/categoria\/colunistas\/nomes-da-nossa-terra-joao-carlos-vargas-e-flavia-alves-junqueira-memorial-municipal-de-muriae\/#listItem","name":"Nomes da Nossa Terra - Jo\u00e3o Carlos Vargas e Fl\u00e1via Alves Junqueira - Memorial Municipal de Muria\u00e9"}}]},{"@type":"Organization","@id":"https:\/\/anoticiaonline.com.br\/site\/#organization","name":"A Not\u00edcia Online","description":"Noticias de Muria\u00e9 e regi\u00e3o","url":"https:\/\/anoticiaonline.com.br\/site\/","logo":{"@type":"ImageObject","url":"https:\/\/scontent-gig4-1.xx.fbcdn.net\/v\/t39.30808-1\/270437624_4564083193639691_6907940295614233970_n.jpg?stp=dst-jpg_s200x200_tt6&_nc_cat=111&ccb=1-7&_nc_sid=f907e8&_nc_ohc=SM1wRlP3lJwQ7kNvwEPuBYA&_nc_oc=AdnqrjDN_BNjSSHWO-GbkIWH6fkGMLw4bqvL_NH6e2wMveX7G-rP2dAqsDSq1mJMOaY&_nc_zt=24&_nc_ht=scontent-gig4-1.xx&_nc_gid=AoBFJeGrT1hVaew_6rchkQ&oh=00_AfX7QmFGhQhG2jAllVgXCiM1ZrWgvtp80-Bfppyexh1QEg&oe=689E923C","@id":"https:\/\/anoticiaonline.com.br\/site\/zita-vasconcelos\/#organizationLogo"},"image":{"@id":"https:\/\/anoticiaonline.com.br\/site\/zita-vasconcelos\/#organizationLogo"}},{"@type":"Person","@id":"https:\/\/anoticiaonline.com.br\/site\/author\/juliana\/#author","url":"https:\/\/anoticiaonline.com.br\/site\/author\/juliana\/","name":"Juliana Laviola","image":{"@type":"ImageObject","@id":"https:\/\/anoticiaonline.com.br\/site\/zita-vasconcelos\/#authorImage","url":"https:\/\/secure.gravatar.com\/avatar\/b8d45f5c699b100dfaf0e543582f38f38bf94cb7ae3a5e9abf8d891a34773335?s=96&d=mm&r=g","width":96,"height":96,"caption":"Juliana Laviola"}},{"@type":"WebPage","@id":"https:\/\/anoticiaonline.com.br\/site\/zita-vasconcelos\/#webpage","url":"https:\/\/anoticiaonline.com.br\/site\/zita-vasconcelos\/","name":"ZITA VASCONCELOS - A Not\u00edcia Online","description":"Nascido em 18 de julho de 1901 Falecido em 19 de novembro de 1950 Zita Vasconcelos nasceu em Muria\u00e9 no dia 18 de julho de 1901. Era filha de Adolpho Vasconcelos e de Ernestina Andrade Vasconcelos. Casou-se com o comerciante Jos\u00e9 Elias. Foi propriet\u00e1ria do im\u00f3vel onde se implantou a rua que, hoje, tem o","inLanguage":"pt-BR","isPartOf":{"@id":"https:\/\/anoticiaonline.com.br\/site\/#website"},"breadcrumb":{"@id":"https:\/\/anoticiaonline.com.br\/site\/zita-vasconcelos\/#breadcrumblist"},"author":{"@id":"https:\/\/anoticiaonline.com.br\/site\/author\/juliana\/#author"},"creator":{"@id":"https:\/\/anoticiaonline.com.br\/site\/author\/juliana\/#author"},"datePublished":"2016-05-19T11:09:48-03:00","dateModified":"2016-05-19T11:09:48-03:00"},{"@type":"WebSite","@id":"https:\/\/anoticiaonline.com.br\/site\/#website","url":"https:\/\/anoticiaonline.com.br\/site\/","name":"A Not\u00edcia Online","description":"Noticias de Muria\u00e9 e regi\u00e3o","inLanguage":"pt-BR","publisher":{"@id":"https:\/\/anoticiaonline.com.br\/site\/#organization"}}]},"og:locale":"pt_BR","og:site_name":"A Not\u00edcia Online - Noticias de Muria\u00e9 e regi\u00e3o","og:type":"article","og:title":"ZITA VASCONCELOS - A Not\u00edcia Online","og:description":"Nascido em 18 de julho de 1901 Falecido em 19 de novembro de 1950 Zita Vasconcelos nasceu em Muria\u00e9 no dia 18 de julho de 1901. Era filha de Adolpho Vasconcelos e de Ernestina Andrade Vasconcelos. Casou-se com o comerciante Jos\u00e9 Elias. Foi propriet\u00e1ria do im\u00f3vel onde se implantou a rua que, hoje, tem o","og:url":"https:\/\/anoticiaonline.com.br\/site\/zita-vasconcelos\/","og:image":"https:\/\/scontent-gig4-1.xx.fbcdn.net\/v\/t39.30808-1\/270437624_4564083193639691_6907940295614233970_n.jpg?stp=dst-jpg_s200x200_tt6&#038;_nc_cat=111&#038;ccb=1-7&#038;_nc_sid=f907e8&#038;_nc_ohc=SM1wRlP3lJwQ7kNvwEPuBYA&#038;_nc_oc=AdnqrjDN_BNjSSHWO-GbkIWH6fkGMLw4bqvL_NH6e2wMveX7G-rP2dAqsDSq1mJMOaY&#038;_nc_zt=24&#038;_nc_ht=scontent-gig4-1.xx&#038;_nc_gid=AoBFJeGrT1hVaew_6rchkQ&#038;oh=00_AfX7QmFGhQhG2jAllVgXCiM1ZrWgvtp80-Bfppyexh1QEg&#038;oe=689E923C","og:image:secure_url":"https:\/\/scontent-gig4-1.xx.fbcdn.net\/v\/t39.30808-1\/270437624_4564083193639691_6907940295614233970_n.jpg?stp=dst-jpg_s200x200_tt6&#038;_nc_cat=111&#038;ccb=1-7&#038;_nc_sid=f907e8&#038;_nc_ohc=SM1wRlP3lJwQ7kNvwEPuBYA&#038;_nc_oc=AdnqrjDN_BNjSSHWO-GbkIWH6fkGMLw4bqvL_NH6e2wMveX7G-rP2dAqsDSq1mJMOaY&#038;_nc_zt=24&#038;_nc_ht=scontent-gig4-1.xx&#038;_nc_gid=AoBFJeGrT1hVaew_6rchkQ&#038;oh=00_AfX7QmFGhQhG2jAllVgXCiM1ZrWgvtp80-Bfppyexh1QEg&#038;oe=689E923C","article:published_time":"2016-05-19T14:09:48+00:00","article:modified_time":"2016-05-19T14:09:48+00:00","twitter:card":"summary_large_image","twitter:title":"ZITA VASCONCELOS - A Not\u00edcia Online","twitter:description":"Nascido em 18 de julho de 1901 Falecido em 19 de novembro de 1950 Zita Vasconcelos nasceu em Muria\u00e9 no dia 18 de julho de 1901. Era filha de Adolpho Vasconcelos e de Ernestina Andrade Vasconcelos. Casou-se com o comerciante Jos\u00e9 Elias. Foi propriet\u00e1ria do im\u00f3vel onde se implantou a rua que, hoje, tem o","twitter:image":"https:\/\/scontent-gig4-1.xx.fbcdn.net\/v\/t39.30808-1\/270437624_4564083193639691_6907940295614233970_n.jpg?stp=dst-jpg_s200x200_tt6&_nc_cat=111&ccb=1-7&_nc_sid=f907e8&_nc_ohc=SM1wRlP3lJwQ7kNvwEPuBYA&_nc_oc=AdnqrjDN_BNjSSHWO-GbkIWH6fkGMLw4bqvL_NH6e2wMveX7G-rP2dAqsDSq1mJMOaY&_nc_zt=24&_nc_ht=scontent-gig4-1.xx&_nc_gid=AoBFJeGrT1hVaew_6rchkQ&oh=00_AfX7QmFGhQhG2jAllVgXCiM1ZrWgvtp80-Bfppyexh1QEg&oe=689E923C"},"aioseo_meta_data":{"post_id":"13523","title":null,"description":null,"keywords":null,"keyphrases":null,"primary_term":null,"canonical_url":null,"og_title":null,"og_description":null,"og_object_type":"default","og_image_type":"default","og_image_url":null,"og_image_width":null,"og_image_height":null,"og_image_custom_url":null,"og_image_custom_fields":null,"og_video":null,"og_custom_url":null,"og_article_section":null,"og_article_tags":null,"twitter_use_og":false,"twitter_card":"default","twitter_image_type":"default","twitter_image_url":null,"twitter_image_custom_url":null,"twitter_image_custom_fields":null,"twitter_title":null,"twitter_description":null,"schema":{"blockGraphs":[],"customGraphs":[],"default":{"data":{"Article":[],"Course":[],"Dataset":[],"FAQPage":[],"Movie":[],"Person":[],"Product":[],"ProductReview":[],"Car":[],"Recipe":[],"Service":[],"SoftwareApplication":[],"WebPage":[]},"graphName":"","isEnabled":true},"graphs":[]},"schema_type":"default","schema_type_options":null,"pillar_content":false,"robots_default":true,"robots_noindex":false,"robots_noarchive":false,"robots_nosnippet":false,"robots_nofollow":false,"robots_noimageindex":false,"robots_noodp":false,"robots_notranslate":false,"robots_max_snippet":null,"robots_max_videopreview":null,"robots_max_imagepreview":"large","priority":null,"frequency":null,"local_seo":null,"breadcrumb_settings":null,"limit_modified_date":false,"ai":null,"created":"2025-08-16 16:01:15","updated":"2025-08-16 16:01:15","focus_keyword":null,"additional_keywords":null,"truseo_locale":null,"seo_analyzer_scan_date":null},"aioseo_breadcrumb":"<div class=\"aioseo-breadcrumbs\"><span class=\"aioseo-breadcrumb\">\n\t\t\t<a href=\"https:\/\/anoticiaonline.com.br\/site\" title=\"Home\">Home<\/a>\n\t\t<\/span><span class=\"aioseo-breadcrumb-separator\">&raquo;<\/span><span class=\"aioseo-breadcrumb\">\n\t\t\t<a href=\"https:\/\/anoticiaonline.com.br\/site\/categoria\/colunistas\/\" title=\"Colunistas\">Colunistas<\/a>\n\t\t<\/span><span class=\"aioseo-breadcrumb-separator\">&raquo;<\/span><span class=\"aioseo-breadcrumb\">\n\t\t\t<a href=\"https:\/\/anoticiaonline.com.br\/site\/categoria\/colunistas\/nomes-da-nossa-terra-joao-carlos-vargas-e-flavia-alves-junqueira-memorial-municipal-de-muriae\/\" title=\"Nomes da Nossa Terra - Jo\u00e3o Carlos Vargas e Fl\u00e1via Alves Junqueira - Memorial Municipal de Muria\u00e9\">Nomes da Nossa Terra - Jo\u00e3o Carlos Vargas e Fl\u00e1via Alves Junqueira - Memorial Municipal de Muria\u00e9<\/a>\n\t\t<\/span><span class=\"aioseo-breadcrumb-separator\">&raquo;<\/span><span class=\"aioseo-breadcrumb\">\n\t\t\tZITA VASCONCELOS\n\t\t<\/span><\/div>","aioseo_breadcrumb_json":[{"label":"Home","link":"https:\/\/anoticiaonline.com.br\/site"},{"label":"Colunistas","link":"https:\/\/anoticiaonline.com.br\/site\/categoria\/colunistas\/"},{"label":"Nomes da Nossa Terra - Jo\u00e3o Carlos Vargas e Fl\u00e1via Alves Junqueira - Memorial Municipal de Muria\u00e9","link":"https:\/\/anoticiaonline.com.br\/site\/categoria\/colunistas\/nomes-da-nossa-terra-joao-carlos-vargas-e-flavia-alves-junqueira-memorial-municipal-de-muriae\/"},{"label":"ZITA VASCONCELOS","link":"https:\/\/anoticiaonline.com.br\/site\/zita-vasconcelos\/"}],"views":122,"_links":{"self":[{"href":"https:\/\/anoticiaonline.com.br\/site\/wp-json\/wp\/v2\/posts\/13523","targetHints":{"allow":["GET"]}}],"collection":[{"href":"https:\/\/anoticiaonline.com.br\/site\/wp-json\/wp\/v2\/posts"}],"about":[{"href":"https:\/\/anoticiaonline.com.br\/site\/wp-json\/wp\/v2\/types\/post"}],"author":[{"embeddable":true,"href":"https:\/\/anoticiaonline.com.br\/site\/wp-json\/wp\/v2\/users\/2"}],"replies":[{"embeddable":true,"href":"https:\/\/anoticiaonline.com.br\/site\/wp-json\/wp\/v2\/comments?post=13523"}],"version-history":[{"count":0,"href":"https:\/\/anoticiaonline.com.br\/site\/wp-json\/wp\/v2\/posts\/13523\/revisions"}],"wp:attachment":[{"href":"https:\/\/anoticiaonline.com.br\/site\/wp-json\/wp\/v2\/media?parent=13523"}],"wp:term":[{"taxonomy":"category","embeddable":true,"href":"https:\/\/anoticiaonline.com.br\/site\/wp-json\/wp\/v2\/categories?post=13523"},{"taxonomy":"post_tag","embeddable":true,"href":"https:\/\/anoticiaonline.com.br\/site\/wp-json\/wp\/v2\/tags?post=13523"}],"curies":[{"name":"wp","href":"https:\/\/api.w.org\/{rel}","templated":true}]}}