{"id":13512,"date":"2016-05-19T07:00:47","date_gmt":"2016-05-19T10:00:47","guid":{"rendered":"http:\/\/anoticiaonline.com.br\/site\/?p=13512"},"modified":"2016-05-18T15:51:35","modified_gmt":"2016-05-18T18:51:35","slug":"cadastramento-escolar-para-ingressar-no-ensino-fundamental-na-rede-publica-em-2017-sera-em-junho","status":"publish","type":"post","link":"https:\/\/anoticiaonline.com.br\/site\/cadastramento-escolar-para-ingressar-no-ensino-fundamental-na-rede-publica-em-2017-sera-em-junho\/","title":{"rendered":"Cadastramento Escolar para ingressar no Ensino Fundamental na rede p\u00fablica em 2017 ser\u00e1 em junho"},"content":{"rendered":"<figure id=\"attachment_13513\" aria-describedby=\"caption-attachment-13513\" style=\"width: 290px\" class=\"wp-caption alignleft\"><a href=\"https:\/\/anoticiaonline.com.br\/site\/wp-content\/uploads\/2016\/05\/IMG_7763.jpg\"><img fetchpriority=\"high\" decoding=\"async\" class=\"size-medium wp-image-13513\" src=\"https:\/\/anoticiaonline.com.br\/site\/wp-content\/uploads\/2016\/05\/IMG_7763-300x200.jpg\" alt=\"Foto: Arquivo A NOT\u00cdCIA\" width=\"300\" height=\"200\" srcset=\"https:\/\/anoticiaonline.com.br\/site\/wp-content\/uploads\/2016\/05\/IMG_7763-300x200.jpg 300w, https:\/\/anoticiaonline.com.br\/site\/wp-content\/uploads\/2016\/05\/IMG_7763.jpg 640w\" sizes=\"(max-width: 300px) 100vw, 300px\" \/><\/a><figcaption id=\"caption-attachment-13513\" class=\"wp-caption-text\">Foto: Arquivo A NOT\u00cdCIA<\/figcaption><\/figure>\n<p>Pais ou respons\u00e1veis que desejam garantir vaga para seu filho no Ensino Fundamental da rede p\u00fablica em 2017 e tamb\u00e9m jovens que querem retornar aos estudos j\u00e1 podem se programar. O Cadastramento Escolar ser\u00e1 realizado entre os dias 13 e 17 de junho deste ano.<\/p>\n<p>O cadastro \u00e9 um levantamento utilizado para planejar e garantir vaga ao estudante no Ensino Fundamental da rede p\u00fablica de ensino na escola mais pr\u00f3xima \u00e0 sua resid\u00eancia e ser\u00e1 unificado nas redes municipais e estadual. Por isso \u00e9 importante ficar atento aos prazos.<\/p>\n<p>As normas para a realiza\u00e7\u00e3o do cadastro e da matr\u00edcula foram estabelecidas pela Resolu\u00e7\u00e3o Conjunta SEE\/MG \u2013 SMED\/BH n\u00ba 5, para a rede p\u00fablica de ensino de Belo Horizonte, publicada no jornal Minas Gerais desta ter\u00e7a-feira (17); e a Resolu\u00e7\u00e3o SEE n\u00ba 2974, para a rede p\u00fablica de ensino dos demais munic\u00edpios do estado, publicada no Minas Gerais desta quarta-feira (18).<\/p>\n<p>Poder\u00e3o ser inscritos no Cadastro Escolar as crian\u00e7as que completarem 6 anos at\u00e9 o dia 30 de junho de 2017, jovens que desejam retornar aos estudos e estudantes vindos de outras localidades ou transferidos de escolas particulares. Para realizar o cadastro, dever\u00e1 ser apresentado original e c\u00f3pia da certid\u00e3o de nascimento do candidato e conta de luz recente.<\/p>\n<p>Nos casos de transfer\u00eancia ou retomada de estudos, os interessados tamb\u00e9m devem apresentar documento comprobat\u00f3rio de escolaridade expedido pela escola de origem. Quem tem mais de 18 anos poder\u00e1 fazer a sua pr\u00f3pria inscri\u00e7\u00e3o. A inscri\u00e7\u00e3o \u00e9 isenta de pagamento de taxas por parte do candidato.<\/p>\n<p>O cadastramento dever\u00e1 ser feito em postos definidos pelas comiss\u00f5es municipais de cadastro e matr\u00edcula. Caso n\u00e3o saiba onde encontrar o posto do seu munic\u00edpio, o interessado pode procurar a Secretaria Municipal de Educa\u00e7\u00e3o ou a Superintend\u00eancia Regional de Ensino. O per\u00edodo de matr\u00edcula dos inscritos no Cadastramento Escolar, que tamb\u00e9m ser\u00e1 unificado nas redes estadual e municipal, ser\u00e1 realizado entre os dias 12 e 16 de dezembro de 2016.<\/p>\n<p>O candidato que fizer a matr\u00edcula dentro do prazo estabelecido ter\u00e1 sua vaga assegurada em uma escola p\u00fablica pr\u00f3xima \u00e0 sua resid\u00eancia para a qual ele foi encaminhado por meio do cadastro. Aquele que n\u00e3o se matricular no prazo previsto ser\u00e1 encaminhado para escola onde houver vaga remanescente.<\/p>\n<p><strong>PLANEJAMENTO &#8211;<\/strong> O Cadastramento Escolar permite ao governo do estado e \u00e0s prefeituras dimensionarem a demanda escolar, encaminhando com tranquilidade as crian\u00e7as que v\u00e3o iniciar os estudos, os alunos que desejam a transfer\u00eancia para a rede p\u00fablica e os estudantes que queiram retornar \u00e0 escola, seja qual for o ano do Ensino Fundamental.<\/p>\n<p>Com a demanda apresentada no cadastramento, estado e munic\u00edpios fazem uma an\u00e1lise do fluxo escolar, da capacidade f\u00edsica das escolas, com vista \u00e0 apresenta\u00e7\u00e3o de proposta de expans\u00e3o e\/ou reorganiza\u00e7\u00e3o, buscando compatibilizar a demanda e oferta de vagas nas redes p\u00fablicas de ensino.<\/p>\n","protected":false},"excerpt":{"rendered":"<p>Pais ou respons\u00e1veis que desejam garantir vaga para seu filho no Ensino Fundamental da rede p\u00fablica em 2017 e tamb\u00e9m jovens que querem retornar aos estudos j\u00e1 podem se programar. O Cadastramento Escolar ser\u00e1 realizado entre os dias 13 e 17 de junho deste ano. O cadastro \u00e9 um levantamento utilizado para planejar e garantir &#8230; <a title=\"Cadastramento Escolar para ingressar no Ensino Fundamental na rede p\u00fablica em 2017 ser\u00e1 em junho\" class=\"read-more\" href=\"https:\/\/anoticiaonline.com.br\/site\/cadastramento-escolar-para-ingressar-no-ensino-fundamental-na-rede-publica-em-2017-sera-em-junho\/\" aria-label=\"Read more about Cadastramento Escolar para ingressar no Ensino Fundamental na rede p\u00fablica em 2017 ser\u00e1 em junho\">Ler mais<\/a><\/p>\n","protected":false},"author":2,"featured_media":13513,"comment_status":"open","ping_status":"open","sticky":false,"template":"","format":"standard","meta":{"_acf_changed":false,"_monsterinsights_skip_tracking":false,"footnotes":""},"categories":[1],"tags":[3],"class_list":["post-13512","post","type-post","status-publish","format-standard","has-post-thumbnail","hentry","category-gerais","tag-slide"],"acf":[],"aioseo_notices":[],"aioseo_head":"\n\t\t<!-- All in One SEO 5.0.0.1 - aioseo.com -->\n\t<meta name=\"description\" content=\"Pais ou respons\u00e1veis que desejam garantir vaga para seu filho no Ensino Fundamental da rede p\u00fablica em 2017 e tamb\u00e9m jovens que querem retornar aos estudos j\u00e1 podem se programar. O Cadastramento Escolar ser\u00e1 realizado entre os dias 13 e 17 de junho deste ano. O cadastro \u00e9 um levantamento utilizado para planejar e garantir\" \/>\n\t<meta name=\"robots\" content=\"max-image-preview:large\" \/>\n\t<meta name=\"author\" content=\"Juliana Laviola\"\/>\n\t<link rel=\"canonical\" href=\"https:\/\/anoticiaonline.com.br\/site\/cadastramento-escolar-para-ingressar-no-ensino-fundamental-na-rede-publica-em-2017-sera-em-junho\/\" \/>\n\t<meta name=\"generator\" content=\"All in One SEO (AIOSEO) 5.0.0.1\" \/>\n\t\t<meta property=\"og:locale\" content=\"pt_BR\" \/>\n\t\t<meta property=\"og:site_name\" content=\"A Not\u00edcia Online - Noticias de Muria\u00e9 e regi\u00e3o\" \/>\n\t\t<meta property=\"og:type\" content=\"article\" \/>\n\t\t<meta property=\"og:title\" content=\"Cadastramento Escolar para ingressar no Ensino Fundamental na rede p\u00fablica em 2017 ser\u00e1 em junho - A Not\u00edcia Online\" \/>\n\t\t<meta property=\"og:description\" content=\"Pais ou respons\u00e1veis que desejam garantir vaga para seu filho no Ensino Fundamental da rede p\u00fablica em 2017 e tamb\u00e9m jovens que querem retornar aos estudos j\u00e1 podem se programar. O Cadastramento Escolar ser\u00e1 realizado entre os dias 13 e 17 de junho deste ano. O cadastro \u00e9 um levantamento utilizado para planejar e garantir\" \/>\n\t\t<meta property=\"og:url\" content=\"https:\/\/anoticiaonline.com.br\/site\/cadastramento-escolar-para-ingressar-no-ensino-fundamental-na-rede-publica-em-2017-sera-em-junho\/\" \/>\n\t\t<meta property=\"og:image\" content=\"https:\/\/scontent-gig4-1.xx.fbcdn.net\/v\/t39.30808-1\/270437624_4564083193639691_6907940295614233970_n.jpg?stp=dst-jpg_s200x200_tt6&#038;_nc_cat=111&#038;ccb=1-7&#038;_nc_sid=f907e8&#038;_nc_ohc=SM1wRlP3lJwQ7kNvwEPuBYA&#038;_nc_oc=AdnqrjDN_BNjSSHWO-GbkIWH6fkGMLw4bqvL_NH6e2wMveX7G-rP2dAqsDSq1mJMOaY&#038;_nc_zt=24&#038;_nc_ht=scontent-gig4-1.xx&#038;_nc_gid=AoBFJeGrT1hVaew_6rchkQ&#038;oh=00_AfX7QmFGhQhG2jAllVgXCiM1ZrWgvtp80-Bfppyexh1QEg&#038;oe=689E923C\" \/>\n\t\t<meta property=\"og:image:secure_url\" content=\"https:\/\/scontent-gig4-1.xx.fbcdn.net\/v\/t39.30808-1\/270437624_4564083193639691_6907940295614233970_n.jpg?stp=dst-jpg_s200x200_tt6&#038;_nc_cat=111&#038;ccb=1-7&#038;_nc_sid=f907e8&#038;_nc_ohc=SM1wRlP3lJwQ7kNvwEPuBYA&#038;_nc_oc=AdnqrjDN_BNjSSHWO-GbkIWH6fkGMLw4bqvL_NH6e2wMveX7G-rP2dAqsDSq1mJMOaY&#038;_nc_zt=24&#038;_nc_ht=scontent-gig4-1.xx&#038;_nc_gid=AoBFJeGrT1hVaew_6rchkQ&#038;oh=00_AfX7QmFGhQhG2jAllVgXCiM1ZrWgvtp80-Bfppyexh1QEg&#038;oe=689E923C\" \/>\n\t\t<meta property=\"article:published_time\" content=\"2016-05-19T10:00:47+00:00\" \/>\n\t\t<meta property=\"article:modified_time\" content=\"2016-05-18T18:51:35+00:00\" \/>\n\t\t<meta name=\"twitter:card\" content=\"summary_large_image\" \/>\n\t\t<meta name=\"twitter:title\" content=\"Cadastramento Escolar para ingressar no Ensino Fundamental na rede p\u00fablica em 2017 ser\u00e1 em junho - A Not\u00edcia Online\" \/>\n\t\t<meta name=\"twitter:description\" content=\"Pais ou respons\u00e1veis que desejam garantir vaga para seu filho no Ensino Fundamental da rede p\u00fablica em 2017 e tamb\u00e9m jovens que querem retornar aos estudos j\u00e1 podem se programar. O Cadastramento Escolar ser\u00e1 realizado entre os dias 13 e 17 de junho deste ano. O cadastro \u00e9 um levantamento utilizado para planejar e garantir\" \/>\n\t\t<meta name=\"twitter:image\" content=\"https:\/\/scontent-gig4-1.xx.fbcdn.net\/v\/t39.30808-1\/270437624_4564083193639691_6907940295614233970_n.jpg?stp=dst-jpg_s200x200_tt6&amp;_nc_cat=111&amp;ccb=1-7&amp;_nc_sid=f907e8&amp;_nc_ohc=SM1wRlP3lJwQ7kNvwEPuBYA&amp;_nc_oc=AdnqrjDN_BNjSSHWO-GbkIWH6fkGMLw4bqvL_NH6e2wMveX7G-rP2dAqsDSq1mJMOaY&amp;_nc_zt=24&amp;_nc_ht=scontent-gig4-1.xx&amp;_nc_gid=AoBFJeGrT1hVaew_6rchkQ&amp;oh=00_AfX7QmFGhQhG2jAllVgXCiM1ZrWgvtp80-Bfppyexh1QEg&amp;oe=689E923C\" \/>\n\t\t<script type=\"application\/ld+json\" class=\"aioseo-schema\">\n\t\t\t{\"@context\":\"https:\\\/\\\/schema.org\",\"@graph\":[{\"@type\":\"BlogPosting\",\"@id\":\"https:\\\/\\\/anoticiaonline.com.br\\\/site\\\/cadastramento-escolar-para-ingressar-no-ensino-fundamental-na-rede-publica-em-2017-sera-em-junho\\\/#blogposting\",\"name\":\"Cadastramento Escolar para ingressar no Ensino Fundamental na rede p\\u00fablica em 2017 ser\\u00e1 em junho - A Not\\u00edcia Online\",\"headline\":\"Cadastramento Escolar para ingressar no Ensino Fundamental na rede p\\u00fablica em 2017 ser\\u00e1 em junho\",\"author\":{\"@id\":\"https:\\\/\\\/anoticiaonline.com.br\\\/site\\\/author\\\/juliana\\\/#author\"},\"publisher\":{\"@id\":\"https:\\\/\\\/anoticiaonline.com.br\\\/site\\\/#organization\"},\"image\":{\"@type\":\"ImageObject\",\"url\":\"https:\\\/\\\/anoticiaonline.com.br\\\/site\\\/wp-content\\\/uploads\\\/2016\\\/05\\\/IMG_7763.jpg\",\"width\":640,\"height\":426,\"caption\":\"Foto: Arquivo A NOT\\u00cdCIA\"},\"datePublished\":\"2016-05-19T07:00:47-03:00\",\"dateModified\":\"2016-05-18T15:51:35-03:00\",\"inLanguage\":\"pt-BR\",\"mainEntityOfPage\":{\"@id\":\"https:\\\/\\\/anoticiaonline.com.br\\\/site\\\/cadastramento-escolar-para-ingressar-no-ensino-fundamental-na-rede-publica-em-2017-sera-em-junho\\\/#webpage\"},\"isPartOf\":{\"@id\":\"https:\\\/\\\/anoticiaonline.com.br\\\/site\\\/cadastramento-escolar-para-ingressar-no-ensino-fundamental-na-rede-publica-em-2017-sera-em-junho\\\/#webpage\"},\"articleSection\":\"Gerais, slide\"},{\"@type\":\"BreadcrumbList\",\"@id\":\"https:\\\/\\\/anoticiaonline.com.br\\\/site\\\/cadastramento-escolar-para-ingressar-no-ensino-fundamental-na-rede-publica-em-2017-sera-em-junho\\\/#breadcrumblist\",\"itemListElement\":[{\"@type\":\"ListItem\",\"@id\":\"https:\\\/\\\/anoticiaonline.com.br\\\/site#listItem\",\"position\":1,\"name\":\"Home\",\"item\":\"https:\\\/\\\/anoticiaonline.com.br\\\/site\",\"nextItem\":{\"@type\":\"ListItem\",\"@id\":\"https:\\\/\\\/anoticiaonline.com.br\\\/site\\\/categoria\\\/gerais\\\/#listItem\",\"name\":\"Gerais\"}},{\"@type\":\"ListItem\",\"@id\":\"https:\\\/\\\/anoticiaonline.com.br\\\/site\\\/categoria\\\/gerais\\\/#listItem\",\"position\":2,\"name\":\"Gerais\",\"item\":\"https:\\\/\\\/anoticiaonline.com.br\\\/site\\\/categoria\\\/gerais\\\/\",\"nextItem\":{\"@type\":\"ListItem\",\"@id\":\"https:\\\/\\\/anoticiaonline.com.br\\\/site\\\/cadastramento-escolar-para-ingressar-no-ensino-fundamental-na-rede-publica-em-2017-sera-em-junho\\\/#listItem\",\"name\":\"Cadastramento Escolar para ingressar no Ensino Fundamental na rede p\\u00fablica em 2017 ser\\u00e1 em junho\"},\"previousItem\":{\"@type\":\"ListItem\",\"@id\":\"https:\\\/\\\/anoticiaonline.com.br\\\/site#listItem\",\"name\":\"Home\"}},{\"@type\":\"ListItem\",\"@id\":\"https:\\\/\\\/anoticiaonline.com.br\\\/site\\\/cadastramento-escolar-para-ingressar-no-ensino-fundamental-na-rede-publica-em-2017-sera-em-junho\\\/#listItem\",\"position\":3,\"name\":\"Cadastramento Escolar para ingressar no Ensino Fundamental na rede p\\u00fablica em 2017 ser\\u00e1 em junho\",\"previousItem\":{\"@type\":\"ListItem\",\"@id\":\"https:\\\/\\\/anoticiaonline.com.br\\\/site\\\/categoria\\\/gerais\\\/#listItem\",\"name\":\"Gerais\"}}]},{\"@type\":\"Organization\",\"@id\":\"https:\\\/\\\/anoticiaonline.com.br\\\/site\\\/#organization\",\"name\":\"A Not\\u00edcia Online\",\"description\":\"Noticias de Muria\\u00e9 e regi\\u00e3o\",\"url\":\"https:\\\/\\\/anoticiaonline.com.br\\\/site\\\/\",\"logo\":{\"@type\":\"ImageObject\",\"url\":\"https:\\\/\\\/scontent-gig4-1.xx.fbcdn.net\\\/v\\\/t39.30808-1\\\/270437624_4564083193639691_6907940295614233970_n.jpg?stp=dst-jpg_s200x200_tt6&_nc_cat=111&ccb=1-7&_nc_sid=f907e8&_nc_ohc=SM1wRlP3lJwQ7kNvwEPuBYA&_nc_oc=AdnqrjDN_BNjSSHWO-GbkIWH6fkGMLw4bqvL_NH6e2wMveX7G-rP2dAqsDSq1mJMOaY&_nc_zt=24&_nc_ht=scontent-gig4-1.xx&_nc_gid=AoBFJeGrT1hVaew_6rchkQ&oh=00_AfX7QmFGhQhG2jAllVgXCiM1ZrWgvtp80-Bfppyexh1QEg&oe=689E923C\",\"@id\":\"https:\\\/\\\/anoticiaonline.com.br\\\/site\\\/cadastramento-escolar-para-ingressar-no-ensino-fundamental-na-rede-publica-em-2017-sera-em-junho\\\/#organizationLogo\"},\"image\":{\"@id\":\"https:\\\/\\\/anoticiaonline.com.br\\\/site\\\/cadastramento-escolar-para-ingressar-no-ensino-fundamental-na-rede-publica-em-2017-sera-em-junho\\\/#organizationLogo\"}},{\"@type\":\"Person\",\"@id\":\"https:\\\/\\\/anoticiaonline.com.br\\\/site\\\/author\\\/juliana\\\/#author\",\"url\":\"https:\\\/\\\/anoticiaonline.com.br\\\/site\\\/author\\\/juliana\\\/\",\"name\":\"Juliana Laviola\",\"image\":{\"@type\":\"ImageObject\",\"@id\":\"https:\\\/\\\/anoticiaonline.com.br\\\/site\\\/cadastramento-escolar-para-ingressar-no-ensino-fundamental-na-rede-publica-em-2017-sera-em-junho\\\/#authorImage\",\"url\":\"https:\\\/\\\/secure.gravatar.com\\\/avatar\\\/b8d45f5c699b100dfaf0e543582f38f38bf94cb7ae3a5e9abf8d891a34773335?s=96&d=mm&r=g\",\"width\":96,\"height\":96,\"caption\":\"Juliana Laviola\"}},{\"@type\":\"WebPage\",\"@id\":\"https:\\\/\\\/anoticiaonline.com.br\\\/site\\\/cadastramento-escolar-para-ingressar-no-ensino-fundamental-na-rede-publica-em-2017-sera-em-junho\\\/#webpage\",\"url\":\"https:\\\/\\\/anoticiaonline.com.br\\\/site\\\/cadastramento-escolar-para-ingressar-no-ensino-fundamental-na-rede-publica-em-2017-sera-em-junho\\\/\",\"name\":\"Cadastramento Escolar para ingressar no Ensino Fundamental na rede p\\u00fablica em 2017 ser\\u00e1 em junho - A Not\\u00edcia Online\",\"description\":\"Pais ou respons\\u00e1veis que desejam garantir vaga para seu filho no Ensino Fundamental da rede p\\u00fablica em 2017 e tamb\\u00e9m jovens que querem retornar aos estudos j\\u00e1 podem se programar. O Cadastramento Escolar ser\\u00e1 realizado entre os dias 13 e 17 de junho deste ano. O cadastro \\u00e9 um levantamento utilizado para planejar e garantir\",\"inLanguage\":\"pt-BR\",\"isPartOf\":{\"@id\":\"https:\\\/\\\/anoticiaonline.com.br\\\/site\\\/#website\"},\"breadcrumb\":{\"@id\":\"https:\\\/\\\/anoticiaonline.com.br\\\/site\\\/cadastramento-escolar-para-ingressar-no-ensino-fundamental-na-rede-publica-em-2017-sera-em-junho\\\/#breadcrumblist\"},\"author\":{\"@id\":\"https:\\\/\\\/anoticiaonline.com.br\\\/site\\\/author\\\/juliana\\\/#author\"},\"creator\":{\"@id\":\"https:\\\/\\\/anoticiaonline.com.br\\\/site\\\/author\\\/juliana\\\/#author\"},\"image\":{\"@type\":\"ImageObject\",\"url\":\"https:\\\/\\\/anoticiaonline.com.br\\\/site\\\/wp-content\\\/uploads\\\/2016\\\/05\\\/IMG_7763.jpg\",\"@id\":\"https:\\\/\\\/anoticiaonline.com.br\\\/site\\\/cadastramento-escolar-para-ingressar-no-ensino-fundamental-na-rede-publica-em-2017-sera-em-junho\\\/#mainImage\",\"width\":640,\"height\":426,\"caption\":\"Foto: Arquivo A NOT\\u00cdCIA\"},\"primaryImageOfPage\":{\"@id\":\"https:\\\/\\\/anoticiaonline.com.br\\\/site\\\/cadastramento-escolar-para-ingressar-no-ensino-fundamental-na-rede-publica-em-2017-sera-em-junho\\\/#mainImage\"},\"datePublished\":\"2016-05-19T07:00:47-03:00\",\"dateModified\":\"2016-05-18T15:51:35-03:00\"},{\"@type\":\"WebSite\",\"@id\":\"https:\\\/\\\/anoticiaonline.com.br\\\/site\\\/#website\",\"url\":\"https:\\\/\\\/anoticiaonline.com.br\\\/site\\\/\",\"name\":\"A Not\\u00edcia Online\",\"description\":\"Noticias de Muria\\u00e9 e regi\\u00e3o\",\"inLanguage\":\"pt-BR\",\"publisher\":{\"@id\":\"https:\\\/\\\/anoticiaonline.com.br\\\/site\\\/#organization\"}}]}\n\t\t<\/script>\n\t\t<!-- All in One SEO -->\n\n","aioseo_head_json":{"title":"Cadastramento Escolar para ingressar no Ensino Fundamental na rede p\u00fablica em 2017 ser\u00e1 em junho - A Not\u00edcia Online","description":"Pais ou respons\u00e1veis que desejam garantir vaga para seu filho no Ensino Fundamental da rede p\u00fablica em 2017 e tamb\u00e9m jovens que querem retornar aos estudos j\u00e1 podem se programar. O Cadastramento Escolar ser\u00e1 realizado entre os dias 13 e 17 de junho deste ano. O cadastro \u00e9 um levantamento utilizado para planejar e garantir","canonical_url":"https:\/\/anoticiaonline.com.br\/site\/cadastramento-escolar-para-ingressar-no-ensino-fundamental-na-rede-publica-em-2017-sera-em-junho\/","robots":"max-image-preview:large","keywords":"","webmasterTools":{"miscellaneous":""},"schema":{"@context":"https:\/\/schema.org","@graph":[{"@type":"BlogPosting","@id":"https:\/\/anoticiaonline.com.br\/site\/cadastramento-escolar-para-ingressar-no-ensino-fundamental-na-rede-publica-em-2017-sera-em-junho\/#blogposting","name":"Cadastramento Escolar para ingressar no Ensino Fundamental na rede p\u00fablica em 2017 ser\u00e1 em junho - A Not\u00edcia Online","headline":"Cadastramento Escolar para ingressar no Ensino Fundamental na rede p\u00fablica em 2017 ser\u00e1 em junho","author":{"@id":"https:\/\/anoticiaonline.com.br\/site\/author\/juliana\/#author"},"publisher":{"@id":"https:\/\/anoticiaonline.com.br\/site\/#organization"},"image":{"@type":"ImageObject","url":"https:\/\/anoticiaonline.com.br\/site\/wp-content\/uploads\/2016\/05\/IMG_7763.jpg","width":640,"height":426,"caption":"Foto: Arquivo A NOT\u00cdCIA"},"datePublished":"2016-05-19T07:00:47-03:00","dateModified":"2016-05-18T15:51:35-03:00","inLanguage":"pt-BR","mainEntityOfPage":{"@id":"https:\/\/anoticiaonline.com.br\/site\/cadastramento-escolar-para-ingressar-no-ensino-fundamental-na-rede-publica-em-2017-sera-em-junho\/#webpage"},"isPartOf":{"@id":"https:\/\/anoticiaonline.com.br\/site\/cadastramento-escolar-para-ingressar-no-ensino-fundamental-na-rede-publica-em-2017-sera-em-junho\/#webpage"},"articleSection":"Gerais, slide"},{"@type":"BreadcrumbList","@id":"https:\/\/anoticiaonline.com.br\/site\/cadastramento-escolar-para-ingressar-no-ensino-fundamental-na-rede-publica-em-2017-sera-em-junho\/#breadcrumblist","itemListElement":[{"@type":"ListItem","@id":"https:\/\/anoticiaonline.com.br\/site#listItem","position":1,"name":"Home","item":"https:\/\/anoticiaonline.com.br\/site","nextItem":{"@type":"ListItem","@id":"https:\/\/anoticiaonline.com.br\/site\/categoria\/gerais\/#listItem","name":"Gerais"}},{"@type":"ListItem","@id":"https:\/\/anoticiaonline.com.br\/site\/categoria\/gerais\/#listItem","position":2,"name":"Gerais","item":"https:\/\/anoticiaonline.com.br\/site\/categoria\/gerais\/","nextItem":{"@type":"ListItem","@id":"https:\/\/anoticiaonline.com.br\/site\/cadastramento-escolar-para-ingressar-no-ensino-fundamental-na-rede-publica-em-2017-sera-em-junho\/#listItem","name":"Cadastramento Escolar para ingressar no Ensino Fundamental na rede p\u00fablica em 2017 ser\u00e1 em junho"},"previousItem":{"@type":"ListItem","@id":"https:\/\/anoticiaonline.com.br\/site#listItem","name":"Home"}},{"@type":"ListItem","@id":"https:\/\/anoticiaonline.com.br\/site\/cadastramento-escolar-para-ingressar-no-ensino-fundamental-na-rede-publica-em-2017-sera-em-junho\/#listItem","position":3,"name":"Cadastramento Escolar para ingressar no Ensino Fundamental na rede p\u00fablica em 2017 ser\u00e1 em junho","previousItem":{"@type":"ListItem","@id":"https:\/\/anoticiaonline.com.br\/site\/categoria\/gerais\/#listItem","name":"Gerais"}}]},{"@type":"Organization","@id":"https:\/\/anoticiaonline.com.br\/site\/#organization","name":"A Not\u00edcia Online","description":"Noticias de Muria\u00e9 e regi\u00e3o","url":"https:\/\/anoticiaonline.com.br\/site\/","logo":{"@type":"ImageObject","url":"https:\/\/scontent-gig4-1.xx.fbcdn.net\/v\/t39.30808-1\/270437624_4564083193639691_6907940295614233970_n.jpg?stp=dst-jpg_s200x200_tt6&_nc_cat=111&ccb=1-7&_nc_sid=f907e8&_nc_ohc=SM1wRlP3lJwQ7kNvwEPuBYA&_nc_oc=AdnqrjDN_BNjSSHWO-GbkIWH6fkGMLw4bqvL_NH6e2wMveX7G-rP2dAqsDSq1mJMOaY&_nc_zt=24&_nc_ht=scontent-gig4-1.xx&_nc_gid=AoBFJeGrT1hVaew_6rchkQ&oh=00_AfX7QmFGhQhG2jAllVgXCiM1ZrWgvtp80-Bfppyexh1QEg&oe=689E923C","@id":"https:\/\/anoticiaonline.com.br\/site\/cadastramento-escolar-para-ingressar-no-ensino-fundamental-na-rede-publica-em-2017-sera-em-junho\/#organizationLogo"},"image":{"@id":"https:\/\/anoticiaonline.com.br\/site\/cadastramento-escolar-para-ingressar-no-ensino-fundamental-na-rede-publica-em-2017-sera-em-junho\/#organizationLogo"}},{"@type":"Person","@id":"https:\/\/anoticiaonline.com.br\/site\/author\/juliana\/#author","url":"https:\/\/anoticiaonline.com.br\/site\/author\/juliana\/","name":"Juliana Laviola","image":{"@type":"ImageObject","@id":"https:\/\/anoticiaonline.com.br\/site\/cadastramento-escolar-para-ingressar-no-ensino-fundamental-na-rede-publica-em-2017-sera-em-junho\/#authorImage","url":"https:\/\/secure.gravatar.com\/avatar\/b8d45f5c699b100dfaf0e543582f38f38bf94cb7ae3a5e9abf8d891a34773335?s=96&d=mm&r=g","width":96,"height":96,"caption":"Juliana Laviola"}},{"@type":"WebPage","@id":"https:\/\/anoticiaonline.com.br\/site\/cadastramento-escolar-para-ingressar-no-ensino-fundamental-na-rede-publica-em-2017-sera-em-junho\/#webpage","url":"https:\/\/anoticiaonline.com.br\/site\/cadastramento-escolar-para-ingressar-no-ensino-fundamental-na-rede-publica-em-2017-sera-em-junho\/","name":"Cadastramento Escolar para ingressar no Ensino Fundamental na rede p\u00fablica em 2017 ser\u00e1 em junho - A Not\u00edcia Online","description":"Pais ou respons\u00e1veis que desejam garantir vaga para seu filho no Ensino Fundamental da rede p\u00fablica em 2017 e tamb\u00e9m jovens que querem retornar aos estudos j\u00e1 podem se programar. O Cadastramento Escolar ser\u00e1 realizado entre os dias 13 e 17 de junho deste ano. O cadastro \u00e9 um levantamento utilizado para planejar e garantir","inLanguage":"pt-BR","isPartOf":{"@id":"https:\/\/anoticiaonline.com.br\/site\/#website"},"breadcrumb":{"@id":"https:\/\/anoticiaonline.com.br\/site\/cadastramento-escolar-para-ingressar-no-ensino-fundamental-na-rede-publica-em-2017-sera-em-junho\/#breadcrumblist"},"author":{"@id":"https:\/\/anoticiaonline.com.br\/site\/author\/juliana\/#author"},"creator":{"@id":"https:\/\/anoticiaonline.com.br\/site\/author\/juliana\/#author"},"image":{"@type":"ImageObject","url":"https:\/\/anoticiaonline.com.br\/site\/wp-content\/uploads\/2016\/05\/IMG_7763.jpg","@id":"https:\/\/anoticiaonline.com.br\/site\/cadastramento-escolar-para-ingressar-no-ensino-fundamental-na-rede-publica-em-2017-sera-em-junho\/#mainImage","width":640,"height":426,"caption":"Foto: Arquivo A NOT\u00cdCIA"},"primaryImageOfPage":{"@id":"https:\/\/anoticiaonline.com.br\/site\/cadastramento-escolar-para-ingressar-no-ensino-fundamental-na-rede-publica-em-2017-sera-em-junho\/#mainImage"},"datePublished":"2016-05-19T07:00:47-03:00","dateModified":"2016-05-18T15:51:35-03:00"},{"@type":"WebSite","@id":"https:\/\/anoticiaonline.com.br\/site\/#website","url":"https:\/\/anoticiaonline.com.br\/site\/","name":"A Not\u00edcia Online","description":"Noticias de Muria\u00e9 e regi\u00e3o","inLanguage":"pt-BR","publisher":{"@id":"https:\/\/anoticiaonline.com.br\/site\/#organization"}}]},"og:locale":"pt_BR","og:site_name":"A Not\u00edcia Online - Noticias de Muria\u00e9 e regi\u00e3o","og:type":"article","og:title":"Cadastramento Escolar para ingressar no Ensino Fundamental na rede p\u00fablica em 2017 ser\u00e1 em junho - A Not\u00edcia Online","og:description":"Pais ou respons\u00e1veis que desejam garantir vaga para seu filho no Ensino Fundamental da rede p\u00fablica em 2017 e tamb\u00e9m jovens que querem retornar aos estudos j\u00e1 podem se programar. O Cadastramento Escolar ser\u00e1 realizado entre os dias 13 e 17 de junho deste ano. O cadastro \u00e9 um levantamento utilizado para planejar e garantir","og:url":"https:\/\/anoticiaonline.com.br\/site\/cadastramento-escolar-para-ingressar-no-ensino-fundamental-na-rede-publica-em-2017-sera-em-junho\/","og:image":"https:\/\/scontent-gig4-1.xx.fbcdn.net\/v\/t39.30808-1\/270437624_4564083193639691_6907940295614233970_n.jpg?stp=dst-jpg_s200x200_tt6&#038;_nc_cat=111&#038;ccb=1-7&#038;_nc_sid=f907e8&#038;_nc_ohc=SM1wRlP3lJwQ7kNvwEPuBYA&#038;_nc_oc=AdnqrjDN_BNjSSHWO-GbkIWH6fkGMLw4bqvL_NH6e2wMveX7G-rP2dAqsDSq1mJMOaY&#038;_nc_zt=24&#038;_nc_ht=scontent-gig4-1.xx&#038;_nc_gid=AoBFJeGrT1hVaew_6rchkQ&#038;oh=00_AfX7QmFGhQhG2jAllVgXCiM1ZrWgvtp80-Bfppyexh1QEg&#038;oe=689E923C","og:image:secure_url":"https:\/\/scontent-gig4-1.xx.fbcdn.net\/v\/t39.30808-1\/270437624_4564083193639691_6907940295614233970_n.jpg?stp=dst-jpg_s200x200_tt6&#038;_nc_cat=111&#038;ccb=1-7&#038;_nc_sid=f907e8&#038;_nc_ohc=SM1wRlP3lJwQ7kNvwEPuBYA&#038;_nc_oc=AdnqrjDN_BNjSSHWO-GbkIWH6fkGMLw4bqvL_NH6e2wMveX7G-rP2dAqsDSq1mJMOaY&#038;_nc_zt=24&#038;_nc_ht=scontent-gig4-1.xx&#038;_nc_gid=AoBFJeGrT1hVaew_6rchkQ&#038;oh=00_AfX7QmFGhQhG2jAllVgXCiM1ZrWgvtp80-Bfppyexh1QEg&#038;oe=689E923C","article:published_time":"2016-05-19T10:00:47+00:00","article:modified_time":"2016-05-18T18:51:35+00:00","twitter:card":"summary_large_image","twitter:title":"Cadastramento Escolar para ingressar no Ensino Fundamental na rede p\u00fablica em 2017 ser\u00e1 em junho - A Not\u00edcia Online","twitter:description":"Pais ou respons\u00e1veis que desejam garantir vaga para seu filho no Ensino Fundamental da rede p\u00fablica em 2017 e tamb\u00e9m jovens que querem retornar aos estudos j\u00e1 podem se programar. O Cadastramento Escolar ser\u00e1 realizado entre os dias 13 e 17 de junho deste ano. O cadastro \u00e9 um levantamento utilizado para planejar e garantir","twitter:image":"https:\/\/scontent-gig4-1.xx.fbcdn.net\/v\/t39.30808-1\/270437624_4564083193639691_6907940295614233970_n.jpg?stp=dst-jpg_s200x200_tt6&_nc_cat=111&ccb=1-7&_nc_sid=f907e8&_nc_ohc=SM1wRlP3lJwQ7kNvwEPuBYA&_nc_oc=AdnqrjDN_BNjSSHWO-GbkIWH6fkGMLw4bqvL_NH6e2wMveX7G-rP2dAqsDSq1mJMOaY&_nc_zt=24&_nc_ht=scontent-gig4-1.xx&_nc_gid=AoBFJeGrT1hVaew_6rchkQ&oh=00_AfX7QmFGhQhG2jAllVgXCiM1ZrWgvtp80-Bfppyexh1QEg&oe=689E923C"},"aioseo_meta_data":{"post_id":"13512","title":null,"description":null,"keywords":null,"keyphrases":null,"primary_term":null,"canonical_url":null,"og_title":null,"og_description":null,"og_object_type":"default","og_image_type":"default","og_image_url":null,"og_image_width":null,"og_image_height":null,"og_image_custom_url":null,"og_image_custom_fields":null,"og_video":null,"og_custom_url":null,"og_article_section":null,"og_article_tags":null,"twitter_use_og":false,"twitter_card":"default","twitter_image_type":"default","twitter_image_url":null,"twitter_image_custom_url":null,"twitter_image_custom_fields":null,"twitter_title":null,"twitter_description":null,"schema":{"blockGraphs":[],"customGraphs":[],"default":{"data":{"Article":[],"Course":[],"Dataset":[],"FAQPage":[],"Movie":[],"Person":[],"Product":[],"ProductReview":[],"Car":[],"Recipe":[],"Service":[],"SoftwareApplication":[],"WebPage":[]},"graphName":"","isEnabled":true},"graphs":[]},"schema_type":"default","schema_type_options":null,"pillar_content":false,"robots_default":true,"robots_noindex":false,"robots_noarchive":false,"robots_nosnippet":false,"robots_nofollow":false,"robots_noimageindex":false,"robots_noodp":false,"robots_notranslate":false,"robots_max_snippet":null,"robots_max_videopreview":null,"robots_max_imagepreview":"large","priority":null,"frequency":null,"local_seo":null,"breadcrumb_settings":null,"limit_modified_date":false,"ai":null,"created":"2025-08-16 16:01:15","updated":"2025-08-16 16:01:15","focus_keyword":null,"additional_keywords":null,"truseo_locale":null,"seo_analyzer_scan_date":null},"aioseo_breadcrumb":"<div class=\"aioseo-breadcrumbs\"><span class=\"aioseo-breadcrumb\">\n\t\t\t<a href=\"https:\/\/anoticiaonline.com.br\/site\" title=\"Home\">Home<\/a>\n\t\t<\/span><span class=\"aioseo-breadcrumb-separator\">&raquo;<\/span><span class=\"aioseo-breadcrumb\">\n\t\t\t<a href=\"https:\/\/anoticiaonline.com.br\/site\/categoria\/gerais\/\" title=\"Gerais\">Gerais<\/a>\n\t\t<\/span><span class=\"aioseo-breadcrumb-separator\">&raquo;<\/span><span class=\"aioseo-breadcrumb\">\n\t\t\tCadastramento Escolar para ingressar no Ensino Fundamental na rede p\u00fablica em 2017 ser\u00e1 em junho\n\t\t<\/span><\/div>","aioseo_breadcrumb_json":[{"label":"Home","link":"https:\/\/anoticiaonline.com.br\/site"},{"label":"Gerais","link":"https:\/\/anoticiaonline.com.br\/site\/categoria\/gerais\/"},{"label":"Cadastramento Escolar para ingressar no Ensino Fundamental na rede p\u00fablica em 2017 ser\u00e1 em junho","link":"https:\/\/anoticiaonline.com.br\/site\/cadastramento-escolar-para-ingressar-no-ensino-fundamental-na-rede-publica-em-2017-sera-em-junho\/"}],"views":135,"_links":{"self":[{"href":"https:\/\/anoticiaonline.com.br\/site\/wp-json\/wp\/v2\/posts\/13512","targetHints":{"allow":["GET"]}}],"collection":[{"href":"https:\/\/anoticiaonline.com.br\/site\/wp-json\/wp\/v2\/posts"}],"about":[{"href":"https:\/\/anoticiaonline.com.br\/site\/wp-json\/wp\/v2\/types\/post"}],"author":[{"embeddable":true,"href":"https:\/\/anoticiaonline.com.br\/site\/wp-json\/wp\/v2\/users\/2"}],"replies":[{"embeddable":true,"href":"https:\/\/anoticiaonline.com.br\/site\/wp-json\/wp\/v2\/comments?post=13512"}],"version-history":[{"count":0,"href":"https:\/\/anoticiaonline.com.br\/site\/wp-json\/wp\/v2\/posts\/13512\/revisions"}],"wp:featuredmedia":[{"embeddable":true,"href":"https:\/\/anoticiaonline.com.br\/site\/wp-json\/wp\/v2\/media\/13513"}],"wp:attachment":[{"href":"https:\/\/anoticiaonline.com.br\/site\/wp-json\/wp\/v2\/media?parent=13512"}],"wp:term":[{"taxonomy":"category","embeddable":true,"href":"https:\/\/anoticiaonline.com.br\/site\/wp-json\/wp\/v2\/categories?post=13512"},{"taxonomy":"post_tag","embeddable":true,"href":"https:\/\/anoticiaonline.com.br\/site\/wp-json\/wp\/v2\/tags?post=13512"}],"curies":[{"name":"wp","href":"https:\/\/api.w.org\/{rel}","templated":true}]}}