{"id":13509,"date":"2016-05-18T15:39:17","date_gmt":"2016-05-18T18:39:17","guid":{"rendered":"http:\/\/anoticiaonline.com.br\/site\/?p=13509"},"modified":"2016-05-19T08:14:32","modified_gmt":"2016-05-19T11:14:32","slug":"vereadores-aprovam-mais-de-r-800-mil-para-samu-upa-e-atividades-da-secretaria-de-saude","status":"publish","type":"post","link":"https:\/\/anoticiaonline.com.br\/site\/vereadores-aprovam-mais-de-r-800-mil-para-samu-upa-e-atividades-da-secretaria-de-saude\/","title":{"rendered":"Vereadores aprovam mais de R$1 milh\u00e3o para Samu e atividades da Secretaria de Sa\u00fade"},"content":{"rendered":"<p><a href=\"https:\/\/anoticiaonline.com.br\/site\/wp-content\/uploads\/2016\/05\/Vereadores-aprovam-mais-de-R-800-mil-para-Samu-UPA-e-atividades-da-Secretaria-de-Sa\u00fade.jpg\"><img fetchpriority=\"high\" decoding=\"async\" class=\" size-medium wp-image-13510 alignleft\" src=\"https:\/\/anoticiaonline.com.br\/site\/wp-content\/uploads\/2016\/05\/Vereadores-aprovam-mais-de-R-800-mil-para-Samu-UPA-e-atividades-da-Secretaria-de-Sa\u00fade-300x186.jpg\" alt=\"Vereadores aprovam mais de R$ 800 mil para Samu, UPA e atividades da Secretaria de Sa\u00fade\" width=\"300\" height=\"186\" srcset=\"https:\/\/anoticiaonline.com.br\/site\/wp-content\/uploads\/2016\/05\/Vereadores-aprovam-mais-de-R-800-mil-para-Samu-UPA-e-atividades-da-Secretaria-de-Sa\u00fade-300x186.jpg 300w, https:\/\/anoticiaonline.com.br\/site\/wp-content\/uploads\/2016\/05\/Vereadores-aprovam-mais-de-R-800-mil-para-Samu-UPA-e-atividades-da-Secretaria-de-Sa\u00fade.jpg 640w\" sizes=\"(max-width: 300px) 100vw, 300px\" \/><\/a>Na sess\u00e3o ordin\u00e1ria realizada na noite de ter\u00e7a-feira (17), os vereadores aprovaram um projeto de lei do Poder Executivo municipal que autoriza o munic\u00edpio a firmar acordo em a\u00e7\u00e3o de desapropria\u00e7\u00e3o em im\u00f3vel na Rua Jos\u00e9 Augusto de Abreu, 121, bairro Safira, at\u00e9 o limite de R$380 mil, somados aos rendimentos da conta judicial. O PL foi aprovado por unanimidade.<\/p>\n<p>Outro projeto aprovado de autoria do Poder Executivo abre cr\u00e9dito adicional suplementar na LOA, no valor de R$615mil, para manuten\u00e7\u00e3o das atividades do Centro Especializado Odontol\u00f3gico (CEO) e manuten\u00e7\u00e3o das atividades da Rede de Urg\u00eancia e Emerg\u00eancia (Samu e UPA).<\/p>\n<p>Outro PL aprovado do Executivo foi o que abre cr\u00e9dito adicional suplementar na Lei Or\u00e7ament\u00e1ria, no valor de R$192.330,00, para manuten\u00e7\u00e3o de atividades da Secretaria Municipal de Sa\u00fade, atividades administrativas do setor de transportes e Estrat\u00e9gia Sa\u00fade da Fam\u00edlia e Programa de Controle e Vigil\u00e2ncia Epidemiol\u00f3gica.<\/p>\n<p><strong>TRIBUNA LIVRE &#8211;<\/strong> Face aos in\u00fameros pedidos para utiliza\u00e7\u00e3o da Tribuna Livre durante as sess\u00f5es ordin\u00e1rias da C\u00e2mara de Muria\u00e9, a presidente Helena Carvalho disse que seguir\u00e1 normas preceituadas no regimento interno da Casa, o qual preconiza solicita\u00e7\u00e3o com 48 horas de anteced\u00eancia (dois dias \u00fateis) para participar da tribuna, indicando motivo e tema a ser abordado, bem como a entidade que representa, citando nome do presidente ou coordenador com referidos contatos. \u201cAl\u00e9m de ter um assunto relevante para ser colocado em debate, o interlocutor precisa ficar atento ao prazo de cinco minutos que a palavra \u00e9 franqueada para evitar desvios para outros temas\u201d, enfatiza Helena Carvalho.<\/p>\n<p><strong>ESTACIONAMENTO ROTATIVO \u2013<\/strong> O coordenador da Pastoral do Tr\u00e2nsito da Par\u00f3quia S\u00e3o Paulo, S\u00e9rgio Orondino, usou a Tribuna Livre da C\u00e2mara para pedir que a presid\u00eancia da Casa Legislativa e os demais vereadores realizem uma audi\u00eancia p\u00fablica sobre o tr\u00e2nsito na cidade, principalmente quanto \u00e0 falta de vagas de estacionamento nas ruas do hipercentro, no que \u00e9 chamado de rotativo. \u201cApenas com multa ser\u00e1 poss\u00edvel organizar o tr\u00e2nsito do munic\u00edpio e, por isto, gostaria que uma audi\u00eancia p\u00fablica sobre o tr\u00e2nsito fosse realizada para que possamos entender o que se passa e o motivo na n\u00e3o coloca\u00e7\u00e3o em pr\u00e1tica deste sistema\u201d, indaga ele.<\/p>\n<p>A presidente da C\u00e2mara, vereadora Helena Carvalho, informou a S\u00e9rgio Orondino que uma audi\u00eancia neste sentido j\u00e1 foi convocada e acontecer\u00e1 no dia 31 de maio, motivada por outros requerimentos feitos anteriormente por cidad\u00e3os que tamb\u00e9m usaram a tribuna.<\/p>\n<p><strong>COMBATE \u00c0 HOMOFOBIA &#8211;<\/strong> Em seguida, a presidente passou a palavra para Caic Henriques, estudante da Faculdade Redentor em Itaperuna (RJ) e que representa a ONG LGBT de Muria\u00e9. Ele lembrou o Dia Internacional contra a Homofobia e a Transfobia, data na qual, em 1990, a Organiza\u00e7\u00e3o Mundial da Sa\u00fade (OMS) retirou a homossexualidade da Classifica\u00e7\u00e3o Internacional de Doen\u00e7as. Desde ent\u00e3o, o 17 de maio virou s\u00edmbolo da luta por direitos humanos e pela diversidade sexual, contra a viol\u00eancia e o preconceito. \u201cHoje, o Brasil tem o maior \u00edndice de assassinatos contra homossexuais do mundo. Tamb\u00e9m morrem pessoas heterossexuais que s\u00e3o confundidas pelos agressores. Precisamos entender que s\u00e3o situa\u00e7\u00f5es absurdas e discrimina\u00e7\u00f5es que acontecem em diversos lugares, mas temos que reverter este quadro em nosso pa\u00eds\u201d, enfatiza.<\/p>\n","protected":false},"excerpt":{"rendered":"<p>Na sess\u00e3o ordin\u00e1ria realizada na noite de ter\u00e7a-feira (17), os vereadores aprovaram um projeto de lei do Poder Executivo municipal que autoriza o munic\u00edpio a firmar acordo em a\u00e7\u00e3o de desapropria\u00e7\u00e3o em im\u00f3vel na Rua Jos\u00e9 Augusto de Abreu, 121, bairro Safira, at\u00e9 o limite de R$380 mil, somados aos rendimentos da conta judicial. O &#8230; <a title=\"Vereadores aprovam mais de R$1 milh\u00e3o para Samu e atividades da Secretaria de Sa\u00fade\" class=\"read-more\" href=\"https:\/\/anoticiaonline.com.br\/site\/vereadores-aprovam-mais-de-r-800-mil-para-samu-upa-e-atividades-da-secretaria-de-saude\/\" aria-label=\"Read more about Vereadores aprovam mais de R$1 milh\u00e3o para Samu e atividades da Secretaria de Sa\u00fade\">Ler mais<\/a><\/p>\n","protected":false},"author":2,"featured_media":13510,"comment_status":"open","ping_status":"open","sticky":false,"template":"","format":"standard","meta":{"_acf_changed":false,"_monsterinsights_skip_tracking":false,"footnotes":""},"categories":[30],"tags":[3],"class_list":["post-13509","post","type-post","status-publish","format-standard","has-post-thumbnail","hentry","category-muriae","tag-slide"],"acf":[],"aioseo_notices":[],"aioseo_head":"\n\t\t<!-- All in One SEO 5.0.0.1 - aioseo.com -->\n\t<meta name=\"description\" content=\"Na sess\u00e3o ordin\u00e1ria realizada na noite de ter\u00e7a-feira (17), os vereadores aprovaram um projeto de lei do Poder Executivo municipal que autoriza o munic\u00edpio a firmar acordo em a\u00e7\u00e3o de desapropria\u00e7\u00e3o em im\u00f3vel na Rua Jos\u00e9 Augusto de Abreu, 121, bairro Safira, at\u00e9 o limite de R$380 mil, somados aos rendimentos da conta judicial. O\" \/>\n\t<meta name=\"robots\" content=\"max-image-preview:large\" \/>\n\t<meta name=\"author\" content=\"Juliana Laviola\"\/>\n\t<link rel=\"canonical\" href=\"https:\/\/anoticiaonline.com.br\/site\/vereadores-aprovam-mais-de-r-800-mil-para-samu-upa-e-atividades-da-secretaria-de-saude\/\" \/>\n\t<meta name=\"generator\" content=\"All in One SEO (AIOSEO) 5.0.0.1\" \/>\n\t\t<meta property=\"og:locale\" content=\"pt_BR\" \/>\n\t\t<meta property=\"og:site_name\" content=\"A Not\u00edcia Online - Noticias de Muria\u00e9 e regi\u00e3o\" \/>\n\t\t<meta property=\"og:type\" content=\"article\" \/>\n\t\t<meta property=\"og:title\" content=\"Vereadores aprovam mais de R$1 milh\u00e3o para Samu e atividades da Secretaria de Sa\u00fade - A Not\u00edcia Online\" \/>\n\t\t<meta property=\"og:description\" content=\"Na sess\u00e3o ordin\u00e1ria realizada na noite de ter\u00e7a-feira (17), os vereadores aprovaram um projeto de lei do Poder Executivo municipal que autoriza o munic\u00edpio a firmar acordo em a\u00e7\u00e3o de desapropria\u00e7\u00e3o em im\u00f3vel na Rua Jos\u00e9 Augusto de Abreu, 121, bairro Safira, at\u00e9 o limite de R$380 mil, somados aos rendimentos da conta judicial. O\" \/>\n\t\t<meta property=\"og:url\" content=\"https:\/\/anoticiaonline.com.br\/site\/vereadores-aprovam-mais-de-r-800-mil-para-samu-upa-e-atividades-da-secretaria-de-saude\/\" \/>\n\t\t<meta property=\"og:image\" content=\"https:\/\/scontent-gig4-1.xx.fbcdn.net\/v\/t39.30808-1\/270437624_4564083193639691_6907940295614233970_n.jpg?stp=dst-jpg_s200x200_tt6&#038;_nc_cat=111&#038;ccb=1-7&#038;_nc_sid=f907e8&#038;_nc_ohc=SM1wRlP3lJwQ7kNvwEPuBYA&#038;_nc_oc=AdnqrjDN_BNjSSHWO-GbkIWH6fkGMLw4bqvL_NH6e2wMveX7G-rP2dAqsDSq1mJMOaY&#038;_nc_zt=24&#038;_nc_ht=scontent-gig4-1.xx&#038;_nc_gid=AoBFJeGrT1hVaew_6rchkQ&#038;oh=00_AfX7QmFGhQhG2jAllVgXCiM1ZrWgvtp80-Bfppyexh1QEg&#038;oe=689E923C\" \/>\n\t\t<meta property=\"og:image:secure_url\" content=\"https:\/\/scontent-gig4-1.xx.fbcdn.net\/v\/t39.30808-1\/270437624_4564083193639691_6907940295614233970_n.jpg?stp=dst-jpg_s200x200_tt6&#038;_nc_cat=111&#038;ccb=1-7&#038;_nc_sid=f907e8&#038;_nc_ohc=SM1wRlP3lJwQ7kNvwEPuBYA&#038;_nc_oc=AdnqrjDN_BNjSSHWO-GbkIWH6fkGMLw4bqvL_NH6e2wMveX7G-rP2dAqsDSq1mJMOaY&#038;_nc_zt=24&#038;_nc_ht=scontent-gig4-1.xx&#038;_nc_gid=AoBFJeGrT1hVaew_6rchkQ&#038;oh=00_AfX7QmFGhQhG2jAllVgXCiM1ZrWgvtp80-Bfppyexh1QEg&#038;oe=689E923C\" \/>\n\t\t<meta property=\"article:published_time\" content=\"2016-05-18T18:39:17+00:00\" \/>\n\t\t<meta property=\"article:modified_time\" content=\"2016-05-19T11:14:32+00:00\" \/>\n\t\t<meta name=\"twitter:card\" content=\"summary_large_image\" \/>\n\t\t<meta name=\"twitter:title\" content=\"Vereadores aprovam mais de R$1 milh\u00e3o para Samu e atividades da Secretaria de Sa\u00fade - A Not\u00edcia Online\" \/>\n\t\t<meta name=\"twitter:description\" content=\"Na sess\u00e3o ordin\u00e1ria realizada na noite de ter\u00e7a-feira (17), os vereadores aprovaram um projeto de lei do Poder Executivo municipal que autoriza o munic\u00edpio a firmar acordo em a\u00e7\u00e3o de desapropria\u00e7\u00e3o em im\u00f3vel na Rua Jos\u00e9 Augusto de Abreu, 121, bairro Safira, at\u00e9 o limite de R$380 mil, somados aos rendimentos da conta judicial. O\" \/>\n\t\t<meta name=\"twitter:image\" content=\"https:\/\/scontent-gig4-1.xx.fbcdn.net\/v\/t39.30808-1\/270437624_4564083193639691_6907940295614233970_n.jpg?stp=dst-jpg_s200x200_tt6&amp;_nc_cat=111&amp;ccb=1-7&amp;_nc_sid=f907e8&amp;_nc_ohc=SM1wRlP3lJwQ7kNvwEPuBYA&amp;_nc_oc=AdnqrjDN_BNjSSHWO-GbkIWH6fkGMLw4bqvL_NH6e2wMveX7G-rP2dAqsDSq1mJMOaY&amp;_nc_zt=24&amp;_nc_ht=scontent-gig4-1.xx&amp;_nc_gid=AoBFJeGrT1hVaew_6rchkQ&amp;oh=00_AfX7QmFGhQhG2jAllVgXCiM1ZrWgvtp80-Bfppyexh1QEg&amp;oe=689E923C\" \/>\n\t\t<script type=\"application\/ld+json\" class=\"aioseo-schema\">\n\t\t\t{\"@context\":\"https:\\\/\\\/schema.org\",\"@graph\":[{\"@type\":\"BlogPosting\",\"@id\":\"https:\\\/\\\/anoticiaonline.com.br\\\/site\\\/vereadores-aprovam-mais-de-r-800-mil-para-samu-upa-e-atividades-da-secretaria-de-saude\\\/#blogposting\",\"name\":\"Vereadores aprovam mais de R$1 milh\\u00e3o para Samu e atividades da Secretaria de Sa\\u00fade - A Not\\u00edcia Online\",\"headline\":\"Vereadores aprovam mais de R$1 milh\\u00e3o para Samu e atividades da Secretaria de Sa\\u00fade\",\"author\":{\"@id\":\"https:\\\/\\\/anoticiaonline.com.br\\\/site\\\/author\\\/juliana\\\/#author\"},\"publisher\":{\"@id\":\"https:\\\/\\\/anoticiaonline.com.br\\\/site\\\/#organization\"},\"image\":{\"@type\":\"ImageObject\",\"url\":\"https:\\\/\\\/anoticiaonline.com.br\\\/site\\\/wp-content\\\/uploads\\\/2016\\\/05\\\/Vereadores-aprovam-mais-de-R-800-mil-para-Samu-UPA-e-atividades-da-Secretaria-de-Sa\\u00fade.jpg\",\"width\":640,\"height\":397},\"datePublished\":\"2016-05-18T15:39:17-03:00\",\"dateModified\":\"2016-05-19T08:14:32-03:00\",\"inLanguage\":\"pt-BR\",\"mainEntityOfPage\":{\"@id\":\"https:\\\/\\\/anoticiaonline.com.br\\\/site\\\/vereadores-aprovam-mais-de-r-800-mil-para-samu-upa-e-atividades-da-secretaria-de-saude\\\/#webpage\"},\"isPartOf\":{\"@id\":\"https:\\\/\\\/anoticiaonline.com.br\\\/site\\\/vereadores-aprovam-mais-de-r-800-mil-para-samu-upa-e-atividades-da-secretaria-de-saude\\\/#webpage\"},\"articleSection\":\"Blog, slide\"},{\"@type\":\"BreadcrumbList\",\"@id\":\"https:\\\/\\\/anoticiaonline.com.br\\\/site\\\/vereadores-aprovam-mais-de-r-800-mil-para-samu-upa-e-atividades-da-secretaria-de-saude\\\/#breadcrumblist\",\"itemListElement\":[{\"@type\":\"ListItem\",\"@id\":\"https:\\\/\\\/anoticiaonline.com.br\\\/site#listItem\",\"position\":1,\"name\":\"Home\",\"item\":\"https:\\\/\\\/anoticiaonline.com.br\\\/site\",\"nextItem\":{\"@type\":\"ListItem\",\"@id\":\"https:\\\/\\\/anoticiaonline.com.br\\\/site\\\/categoria\\\/muriae\\\/#listItem\",\"name\":\"Blog\"}},{\"@type\":\"ListItem\",\"@id\":\"https:\\\/\\\/anoticiaonline.com.br\\\/site\\\/categoria\\\/muriae\\\/#listItem\",\"position\":2,\"name\":\"Blog\",\"item\":\"https:\\\/\\\/anoticiaonline.com.br\\\/site\\\/categoria\\\/muriae\\\/\",\"nextItem\":{\"@type\":\"ListItem\",\"@id\":\"https:\\\/\\\/anoticiaonline.com.br\\\/site\\\/vereadores-aprovam-mais-de-r-800-mil-para-samu-upa-e-atividades-da-secretaria-de-saude\\\/#listItem\",\"name\":\"Vereadores aprovam mais de R$1 milh\\u00e3o para Samu e atividades da Secretaria de Sa\\u00fade\"},\"previousItem\":{\"@type\":\"ListItem\",\"@id\":\"https:\\\/\\\/anoticiaonline.com.br\\\/site#listItem\",\"name\":\"Home\"}},{\"@type\":\"ListItem\",\"@id\":\"https:\\\/\\\/anoticiaonline.com.br\\\/site\\\/vereadores-aprovam-mais-de-r-800-mil-para-samu-upa-e-atividades-da-secretaria-de-saude\\\/#listItem\",\"position\":3,\"name\":\"Vereadores aprovam mais de R$1 milh\\u00e3o para Samu e atividades da Secretaria de Sa\\u00fade\",\"previousItem\":{\"@type\":\"ListItem\",\"@id\":\"https:\\\/\\\/anoticiaonline.com.br\\\/site\\\/categoria\\\/muriae\\\/#listItem\",\"name\":\"Blog\"}}]},{\"@type\":\"Organization\",\"@id\":\"https:\\\/\\\/anoticiaonline.com.br\\\/site\\\/#organization\",\"name\":\"A Not\\u00edcia Online\",\"description\":\"Noticias de Muria\\u00e9 e regi\\u00e3o\",\"url\":\"https:\\\/\\\/anoticiaonline.com.br\\\/site\\\/\",\"logo\":{\"@type\":\"ImageObject\",\"url\":\"https:\\\/\\\/scontent-gig4-1.xx.fbcdn.net\\\/v\\\/t39.30808-1\\\/270437624_4564083193639691_6907940295614233970_n.jpg?stp=dst-jpg_s200x200_tt6&_nc_cat=111&ccb=1-7&_nc_sid=f907e8&_nc_ohc=SM1wRlP3lJwQ7kNvwEPuBYA&_nc_oc=AdnqrjDN_BNjSSHWO-GbkIWH6fkGMLw4bqvL_NH6e2wMveX7G-rP2dAqsDSq1mJMOaY&_nc_zt=24&_nc_ht=scontent-gig4-1.xx&_nc_gid=AoBFJeGrT1hVaew_6rchkQ&oh=00_AfX7QmFGhQhG2jAllVgXCiM1ZrWgvtp80-Bfppyexh1QEg&oe=689E923C\",\"@id\":\"https:\\\/\\\/anoticiaonline.com.br\\\/site\\\/vereadores-aprovam-mais-de-r-800-mil-para-samu-upa-e-atividades-da-secretaria-de-saude\\\/#organizationLogo\"},\"image\":{\"@id\":\"https:\\\/\\\/anoticiaonline.com.br\\\/site\\\/vereadores-aprovam-mais-de-r-800-mil-para-samu-upa-e-atividades-da-secretaria-de-saude\\\/#organizationLogo\"}},{\"@type\":\"Person\",\"@id\":\"https:\\\/\\\/anoticiaonline.com.br\\\/site\\\/author\\\/juliana\\\/#author\",\"url\":\"https:\\\/\\\/anoticiaonline.com.br\\\/site\\\/author\\\/juliana\\\/\",\"name\":\"Juliana Laviola\",\"image\":{\"@type\":\"ImageObject\",\"@id\":\"https:\\\/\\\/anoticiaonline.com.br\\\/site\\\/vereadores-aprovam-mais-de-r-800-mil-para-samu-upa-e-atividades-da-secretaria-de-saude\\\/#authorImage\",\"url\":\"https:\\\/\\\/secure.gravatar.com\\\/avatar\\\/b8d45f5c699b100dfaf0e543582f38f38bf94cb7ae3a5e9abf8d891a34773335?s=96&d=mm&r=g\",\"width\":96,\"height\":96,\"caption\":\"Juliana Laviola\"}},{\"@type\":\"WebPage\",\"@id\":\"https:\\\/\\\/anoticiaonline.com.br\\\/site\\\/vereadores-aprovam-mais-de-r-800-mil-para-samu-upa-e-atividades-da-secretaria-de-saude\\\/#webpage\",\"url\":\"https:\\\/\\\/anoticiaonline.com.br\\\/site\\\/vereadores-aprovam-mais-de-r-800-mil-para-samu-upa-e-atividades-da-secretaria-de-saude\\\/\",\"name\":\"Vereadores aprovam mais de R$1 milh\\u00e3o para Samu e atividades da Secretaria de Sa\\u00fade - A Not\\u00edcia Online\",\"description\":\"Na sess\\u00e3o ordin\\u00e1ria realizada na noite de ter\\u00e7a-feira (17), os vereadores aprovaram um projeto de lei do Poder Executivo municipal que autoriza o munic\\u00edpio a firmar acordo em a\\u00e7\\u00e3o de desapropria\\u00e7\\u00e3o em im\\u00f3vel na Rua Jos\\u00e9 Augusto de Abreu, 121, bairro Safira, at\\u00e9 o limite de R$380 mil, somados aos rendimentos da conta judicial. O\",\"inLanguage\":\"pt-BR\",\"isPartOf\":{\"@id\":\"https:\\\/\\\/anoticiaonline.com.br\\\/site\\\/#website\"},\"breadcrumb\":{\"@id\":\"https:\\\/\\\/anoticiaonline.com.br\\\/site\\\/vereadores-aprovam-mais-de-r-800-mil-para-samu-upa-e-atividades-da-secretaria-de-saude\\\/#breadcrumblist\"},\"author\":{\"@id\":\"https:\\\/\\\/anoticiaonline.com.br\\\/site\\\/author\\\/juliana\\\/#author\"},\"creator\":{\"@id\":\"https:\\\/\\\/anoticiaonline.com.br\\\/site\\\/author\\\/juliana\\\/#author\"},\"image\":{\"@type\":\"ImageObject\",\"url\":\"https:\\\/\\\/anoticiaonline.com.br\\\/site\\\/wp-content\\\/uploads\\\/2016\\\/05\\\/Vereadores-aprovam-mais-de-R-800-mil-para-Samu-UPA-e-atividades-da-Secretaria-de-Sa\\u00fade.jpg\",\"@id\":\"https:\\\/\\\/anoticiaonline.com.br\\\/site\\\/vereadores-aprovam-mais-de-r-800-mil-para-samu-upa-e-atividades-da-secretaria-de-saude\\\/#mainImage\",\"width\":640,\"height\":397},\"primaryImageOfPage\":{\"@id\":\"https:\\\/\\\/anoticiaonline.com.br\\\/site\\\/vereadores-aprovam-mais-de-r-800-mil-para-samu-upa-e-atividades-da-secretaria-de-saude\\\/#mainImage\"},\"datePublished\":\"2016-05-18T15:39:17-03:00\",\"dateModified\":\"2016-05-19T08:14:32-03:00\"},{\"@type\":\"WebSite\",\"@id\":\"https:\\\/\\\/anoticiaonline.com.br\\\/site\\\/#website\",\"url\":\"https:\\\/\\\/anoticiaonline.com.br\\\/site\\\/\",\"name\":\"A Not\\u00edcia Online\",\"description\":\"Noticias de Muria\\u00e9 e regi\\u00e3o\",\"inLanguage\":\"pt-BR\",\"publisher\":{\"@id\":\"https:\\\/\\\/anoticiaonline.com.br\\\/site\\\/#organization\"}}]}\n\t\t<\/script>\n\t\t<!-- All in One SEO -->\n\n","aioseo_head_json":{"title":"Vereadores aprovam mais de R$1 milh\u00e3o para Samu e atividades da Secretaria de Sa\u00fade - A Not\u00edcia Online","description":"Na sess\u00e3o ordin\u00e1ria realizada na noite de ter\u00e7a-feira (17), os vereadores aprovaram um projeto de lei do Poder Executivo municipal que autoriza o munic\u00edpio a firmar acordo em a\u00e7\u00e3o de desapropria\u00e7\u00e3o em im\u00f3vel na Rua Jos\u00e9 Augusto de Abreu, 121, bairro Safira, at\u00e9 o limite de R$380 mil, somados aos rendimentos da conta judicial. O","canonical_url":"https:\/\/anoticiaonline.com.br\/site\/vereadores-aprovam-mais-de-r-800-mil-para-samu-upa-e-atividades-da-secretaria-de-saude\/","robots":"max-image-preview:large","keywords":"","webmasterTools":{"miscellaneous":""},"schema":{"@context":"https:\/\/schema.org","@graph":[{"@type":"BlogPosting","@id":"https:\/\/anoticiaonline.com.br\/site\/vereadores-aprovam-mais-de-r-800-mil-para-samu-upa-e-atividades-da-secretaria-de-saude\/#blogposting","name":"Vereadores aprovam mais de R$1 milh\u00e3o para Samu e atividades da Secretaria de Sa\u00fade - A Not\u00edcia Online","headline":"Vereadores aprovam mais de R$1 milh\u00e3o para Samu e atividades da Secretaria de Sa\u00fade","author":{"@id":"https:\/\/anoticiaonline.com.br\/site\/author\/juliana\/#author"},"publisher":{"@id":"https:\/\/anoticiaonline.com.br\/site\/#organization"},"image":{"@type":"ImageObject","url":"https:\/\/anoticiaonline.com.br\/site\/wp-content\/uploads\/2016\/05\/Vereadores-aprovam-mais-de-R-800-mil-para-Samu-UPA-e-atividades-da-Secretaria-de-Sa\u00fade.jpg","width":640,"height":397},"datePublished":"2016-05-18T15:39:17-03:00","dateModified":"2016-05-19T08:14:32-03:00","inLanguage":"pt-BR","mainEntityOfPage":{"@id":"https:\/\/anoticiaonline.com.br\/site\/vereadores-aprovam-mais-de-r-800-mil-para-samu-upa-e-atividades-da-secretaria-de-saude\/#webpage"},"isPartOf":{"@id":"https:\/\/anoticiaonline.com.br\/site\/vereadores-aprovam-mais-de-r-800-mil-para-samu-upa-e-atividades-da-secretaria-de-saude\/#webpage"},"articleSection":"Blog, slide"},{"@type":"BreadcrumbList","@id":"https:\/\/anoticiaonline.com.br\/site\/vereadores-aprovam-mais-de-r-800-mil-para-samu-upa-e-atividades-da-secretaria-de-saude\/#breadcrumblist","itemListElement":[{"@type":"ListItem","@id":"https:\/\/anoticiaonline.com.br\/site#listItem","position":1,"name":"Home","item":"https:\/\/anoticiaonline.com.br\/site","nextItem":{"@type":"ListItem","@id":"https:\/\/anoticiaonline.com.br\/site\/categoria\/muriae\/#listItem","name":"Blog"}},{"@type":"ListItem","@id":"https:\/\/anoticiaonline.com.br\/site\/categoria\/muriae\/#listItem","position":2,"name":"Blog","item":"https:\/\/anoticiaonline.com.br\/site\/categoria\/muriae\/","nextItem":{"@type":"ListItem","@id":"https:\/\/anoticiaonline.com.br\/site\/vereadores-aprovam-mais-de-r-800-mil-para-samu-upa-e-atividades-da-secretaria-de-saude\/#listItem","name":"Vereadores aprovam mais de R$1 milh\u00e3o para Samu e atividades da Secretaria de Sa\u00fade"},"previousItem":{"@type":"ListItem","@id":"https:\/\/anoticiaonline.com.br\/site#listItem","name":"Home"}},{"@type":"ListItem","@id":"https:\/\/anoticiaonline.com.br\/site\/vereadores-aprovam-mais-de-r-800-mil-para-samu-upa-e-atividades-da-secretaria-de-saude\/#listItem","position":3,"name":"Vereadores aprovam mais de R$1 milh\u00e3o para Samu e atividades da Secretaria de Sa\u00fade","previousItem":{"@type":"ListItem","@id":"https:\/\/anoticiaonline.com.br\/site\/categoria\/muriae\/#listItem","name":"Blog"}}]},{"@type":"Organization","@id":"https:\/\/anoticiaonline.com.br\/site\/#organization","name":"A Not\u00edcia Online","description":"Noticias de Muria\u00e9 e regi\u00e3o","url":"https:\/\/anoticiaonline.com.br\/site\/","logo":{"@type":"ImageObject","url":"https:\/\/scontent-gig4-1.xx.fbcdn.net\/v\/t39.30808-1\/270437624_4564083193639691_6907940295614233970_n.jpg?stp=dst-jpg_s200x200_tt6&_nc_cat=111&ccb=1-7&_nc_sid=f907e8&_nc_ohc=SM1wRlP3lJwQ7kNvwEPuBYA&_nc_oc=AdnqrjDN_BNjSSHWO-GbkIWH6fkGMLw4bqvL_NH6e2wMveX7G-rP2dAqsDSq1mJMOaY&_nc_zt=24&_nc_ht=scontent-gig4-1.xx&_nc_gid=AoBFJeGrT1hVaew_6rchkQ&oh=00_AfX7QmFGhQhG2jAllVgXCiM1ZrWgvtp80-Bfppyexh1QEg&oe=689E923C","@id":"https:\/\/anoticiaonline.com.br\/site\/vereadores-aprovam-mais-de-r-800-mil-para-samu-upa-e-atividades-da-secretaria-de-saude\/#organizationLogo"},"image":{"@id":"https:\/\/anoticiaonline.com.br\/site\/vereadores-aprovam-mais-de-r-800-mil-para-samu-upa-e-atividades-da-secretaria-de-saude\/#organizationLogo"}},{"@type":"Person","@id":"https:\/\/anoticiaonline.com.br\/site\/author\/juliana\/#author","url":"https:\/\/anoticiaonline.com.br\/site\/author\/juliana\/","name":"Juliana Laviola","image":{"@type":"ImageObject","@id":"https:\/\/anoticiaonline.com.br\/site\/vereadores-aprovam-mais-de-r-800-mil-para-samu-upa-e-atividades-da-secretaria-de-saude\/#authorImage","url":"https:\/\/secure.gravatar.com\/avatar\/b8d45f5c699b100dfaf0e543582f38f38bf94cb7ae3a5e9abf8d891a34773335?s=96&d=mm&r=g","width":96,"height":96,"caption":"Juliana Laviola"}},{"@type":"WebPage","@id":"https:\/\/anoticiaonline.com.br\/site\/vereadores-aprovam-mais-de-r-800-mil-para-samu-upa-e-atividades-da-secretaria-de-saude\/#webpage","url":"https:\/\/anoticiaonline.com.br\/site\/vereadores-aprovam-mais-de-r-800-mil-para-samu-upa-e-atividades-da-secretaria-de-saude\/","name":"Vereadores aprovam mais de R$1 milh\u00e3o para Samu e atividades da Secretaria de Sa\u00fade - A Not\u00edcia Online","description":"Na sess\u00e3o ordin\u00e1ria realizada na noite de ter\u00e7a-feira (17), os vereadores aprovaram um projeto de lei do Poder Executivo municipal que autoriza o munic\u00edpio a firmar acordo em a\u00e7\u00e3o de desapropria\u00e7\u00e3o em im\u00f3vel na Rua Jos\u00e9 Augusto de Abreu, 121, bairro Safira, at\u00e9 o limite de R$380 mil, somados aos rendimentos da conta judicial. O","inLanguage":"pt-BR","isPartOf":{"@id":"https:\/\/anoticiaonline.com.br\/site\/#website"},"breadcrumb":{"@id":"https:\/\/anoticiaonline.com.br\/site\/vereadores-aprovam-mais-de-r-800-mil-para-samu-upa-e-atividades-da-secretaria-de-saude\/#breadcrumblist"},"author":{"@id":"https:\/\/anoticiaonline.com.br\/site\/author\/juliana\/#author"},"creator":{"@id":"https:\/\/anoticiaonline.com.br\/site\/author\/juliana\/#author"},"image":{"@type":"ImageObject","url":"https:\/\/anoticiaonline.com.br\/site\/wp-content\/uploads\/2016\/05\/Vereadores-aprovam-mais-de-R-800-mil-para-Samu-UPA-e-atividades-da-Secretaria-de-Sa\u00fade.jpg","@id":"https:\/\/anoticiaonline.com.br\/site\/vereadores-aprovam-mais-de-r-800-mil-para-samu-upa-e-atividades-da-secretaria-de-saude\/#mainImage","width":640,"height":397},"primaryImageOfPage":{"@id":"https:\/\/anoticiaonline.com.br\/site\/vereadores-aprovam-mais-de-r-800-mil-para-samu-upa-e-atividades-da-secretaria-de-saude\/#mainImage"},"datePublished":"2016-05-18T15:39:17-03:00","dateModified":"2016-05-19T08:14:32-03:00"},{"@type":"WebSite","@id":"https:\/\/anoticiaonline.com.br\/site\/#website","url":"https:\/\/anoticiaonline.com.br\/site\/","name":"A Not\u00edcia Online","description":"Noticias de Muria\u00e9 e regi\u00e3o","inLanguage":"pt-BR","publisher":{"@id":"https:\/\/anoticiaonline.com.br\/site\/#organization"}}]},"og:locale":"pt_BR","og:site_name":"A Not\u00edcia Online - Noticias de Muria\u00e9 e regi\u00e3o","og:type":"article","og:title":"Vereadores aprovam mais de R$1 milh\u00e3o para Samu e atividades da Secretaria de Sa\u00fade - A Not\u00edcia Online","og:description":"Na sess\u00e3o ordin\u00e1ria realizada na noite de ter\u00e7a-feira (17), os vereadores aprovaram um projeto de lei do Poder Executivo municipal que autoriza o munic\u00edpio a firmar acordo em a\u00e7\u00e3o de desapropria\u00e7\u00e3o em im\u00f3vel na Rua Jos\u00e9 Augusto de Abreu, 121, bairro Safira, at\u00e9 o limite de R$380 mil, somados aos rendimentos da conta judicial. O","og:url":"https:\/\/anoticiaonline.com.br\/site\/vereadores-aprovam-mais-de-r-800-mil-para-samu-upa-e-atividades-da-secretaria-de-saude\/","og:image":"https:\/\/scontent-gig4-1.xx.fbcdn.net\/v\/t39.30808-1\/270437624_4564083193639691_6907940295614233970_n.jpg?stp=dst-jpg_s200x200_tt6&#038;_nc_cat=111&#038;ccb=1-7&#038;_nc_sid=f907e8&#038;_nc_ohc=SM1wRlP3lJwQ7kNvwEPuBYA&#038;_nc_oc=AdnqrjDN_BNjSSHWO-GbkIWH6fkGMLw4bqvL_NH6e2wMveX7G-rP2dAqsDSq1mJMOaY&#038;_nc_zt=24&#038;_nc_ht=scontent-gig4-1.xx&#038;_nc_gid=AoBFJeGrT1hVaew_6rchkQ&#038;oh=00_AfX7QmFGhQhG2jAllVgXCiM1ZrWgvtp80-Bfppyexh1QEg&#038;oe=689E923C","og:image:secure_url":"https:\/\/scontent-gig4-1.xx.fbcdn.net\/v\/t39.30808-1\/270437624_4564083193639691_6907940295614233970_n.jpg?stp=dst-jpg_s200x200_tt6&#038;_nc_cat=111&#038;ccb=1-7&#038;_nc_sid=f907e8&#038;_nc_ohc=SM1wRlP3lJwQ7kNvwEPuBYA&#038;_nc_oc=AdnqrjDN_BNjSSHWO-GbkIWH6fkGMLw4bqvL_NH6e2wMveX7G-rP2dAqsDSq1mJMOaY&#038;_nc_zt=24&#038;_nc_ht=scontent-gig4-1.xx&#038;_nc_gid=AoBFJeGrT1hVaew_6rchkQ&#038;oh=00_AfX7QmFGhQhG2jAllVgXCiM1ZrWgvtp80-Bfppyexh1QEg&#038;oe=689E923C","article:published_time":"2016-05-18T18:39:17+00:00","article:modified_time":"2016-05-19T11:14:32+00:00","twitter:card":"summary_large_image","twitter:title":"Vereadores aprovam mais de R$1 milh\u00e3o para Samu e atividades da Secretaria de Sa\u00fade - A Not\u00edcia Online","twitter:description":"Na sess\u00e3o ordin\u00e1ria realizada na noite de ter\u00e7a-feira (17), os vereadores aprovaram um projeto de lei do Poder Executivo municipal que autoriza o munic\u00edpio a firmar acordo em a\u00e7\u00e3o de desapropria\u00e7\u00e3o em im\u00f3vel na Rua Jos\u00e9 Augusto de Abreu, 121, bairro Safira, at\u00e9 o limite de R$380 mil, somados aos rendimentos da conta judicial. O","twitter:image":"https:\/\/scontent-gig4-1.xx.fbcdn.net\/v\/t39.30808-1\/270437624_4564083193639691_6907940295614233970_n.jpg?stp=dst-jpg_s200x200_tt6&_nc_cat=111&ccb=1-7&_nc_sid=f907e8&_nc_ohc=SM1wRlP3lJwQ7kNvwEPuBYA&_nc_oc=AdnqrjDN_BNjSSHWO-GbkIWH6fkGMLw4bqvL_NH6e2wMveX7G-rP2dAqsDSq1mJMOaY&_nc_zt=24&_nc_ht=scontent-gig4-1.xx&_nc_gid=AoBFJeGrT1hVaew_6rchkQ&oh=00_AfX7QmFGhQhG2jAllVgXCiM1ZrWgvtp80-Bfppyexh1QEg&oe=689E923C"},"aioseo_meta_data":{"post_id":"13509","title":null,"description":null,"keywords":null,"keyphrases":null,"primary_term":null,"canonical_url":null,"og_title":null,"og_description":null,"og_object_type":"default","og_image_type":"default","og_image_url":null,"og_image_width":null,"og_image_height":null,"og_image_custom_url":null,"og_image_custom_fields":null,"og_video":null,"og_custom_url":null,"og_article_section":null,"og_article_tags":null,"twitter_use_og":false,"twitter_card":"default","twitter_image_type":"default","twitter_image_url":null,"twitter_image_custom_url":null,"twitter_image_custom_fields":null,"twitter_title":null,"twitter_description":null,"schema":{"blockGraphs":[],"customGraphs":[],"default":{"data":{"Article":[],"Course":[],"Dataset":[],"FAQPage":[],"Movie":[],"Person":[],"Product":[],"ProductReview":[],"Car":[],"Recipe":[],"Service":[],"SoftwareApplication":[],"WebPage":[]},"graphName":"","isEnabled":true},"graphs":[]},"schema_type":"default","schema_type_options":null,"pillar_content":false,"robots_default":true,"robots_noindex":false,"robots_noarchive":false,"robots_nosnippet":false,"robots_nofollow":false,"robots_noimageindex":false,"robots_noodp":false,"robots_notranslate":false,"robots_max_snippet":null,"robots_max_videopreview":null,"robots_max_imagepreview":"large","priority":null,"frequency":null,"local_seo":null,"breadcrumb_settings":null,"limit_modified_date":false,"ai":null,"created":"2025-08-16 16:01:15","updated":"2025-08-16 16:01:15","focus_keyword":null,"additional_keywords":null,"truseo_locale":null,"seo_analyzer_scan_date":null},"aioseo_breadcrumb":"<div class=\"aioseo-breadcrumbs\"><span class=\"aioseo-breadcrumb\">\n\t\t\t<a href=\"https:\/\/anoticiaonline.com.br\/site\" title=\"Home\">Home<\/a>\n\t\t<\/span><span class=\"aioseo-breadcrumb-separator\">&raquo;<\/span><span class=\"aioseo-breadcrumb\">\n\t\t\t<a href=\"https:\/\/anoticiaonline.com.br\/site\/categoria\/muriae\/\" title=\"Blog\">Blog<\/a>\n\t\t<\/span><span class=\"aioseo-breadcrumb-separator\">&raquo;<\/span><span class=\"aioseo-breadcrumb\">\n\t\t\tVereadores aprovam mais de R$1 milh\u00e3o para Samu e atividades da Secretaria de Sa\u00fade\n\t\t<\/span><\/div>","aioseo_breadcrumb_json":[{"label":"Home","link":"https:\/\/anoticiaonline.com.br\/site"},{"label":"Blog","link":"https:\/\/anoticiaonline.com.br\/site\/categoria\/muriae\/"},{"label":"Vereadores aprovam mais de R$1 milh\u00e3o para Samu e atividades da Secretaria de Sa\u00fade","link":"https:\/\/anoticiaonline.com.br\/site\/vereadores-aprovam-mais-de-r-800-mil-para-samu-upa-e-atividades-da-secretaria-de-saude\/"}],"views":121,"_links":{"self":[{"href":"https:\/\/anoticiaonline.com.br\/site\/wp-json\/wp\/v2\/posts\/13509","targetHints":{"allow":["GET"]}}],"collection":[{"href":"https:\/\/anoticiaonline.com.br\/site\/wp-json\/wp\/v2\/posts"}],"about":[{"href":"https:\/\/anoticiaonline.com.br\/site\/wp-json\/wp\/v2\/types\/post"}],"author":[{"embeddable":true,"href":"https:\/\/anoticiaonline.com.br\/site\/wp-json\/wp\/v2\/users\/2"}],"replies":[{"embeddable":true,"href":"https:\/\/anoticiaonline.com.br\/site\/wp-json\/wp\/v2\/comments?post=13509"}],"version-history":[{"count":0,"href":"https:\/\/anoticiaonline.com.br\/site\/wp-json\/wp\/v2\/posts\/13509\/revisions"}],"wp:featuredmedia":[{"embeddable":true,"href":"https:\/\/anoticiaonline.com.br\/site\/wp-json\/wp\/v2\/media\/13510"}],"wp:attachment":[{"href":"https:\/\/anoticiaonline.com.br\/site\/wp-json\/wp\/v2\/media?parent=13509"}],"wp:term":[{"taxonomy":"category","embeddable":true,"href":"https:\/\/anoticiaonline.com.br\/site\/wp-json\/wp\/v2\/categories?post=13509"},{"taxonomy":"post_tag","embeddable":true,"href":"https:\/\/anoticiaonline.com.br\/site\/wp-json\/wp\/v2\/tags?post=13509"}],"curies":[{"name":"wp","href":"https:\/\/api.w.org\/{rel}","templated":true}]}}