{"id":13497,"date":"2016-05-18T10:33:24","date_gmt":"2016-05-18T13:33:24","guid":{"rendered":"http:\/\/anoticiaonline.com.br\/site\/?p=13497"},"modified":"2016-05-18T10:35:52","modified_gmt":"2016-05-18T13:35:52","slug":"casa-de-reza-de-lucia-kubitschek-esta-em-cartaz-no-grande-hotel","status":"publish","type":"post","link":"https:\/\/anoticiaonline.com.br\/site\/casa-de-reza-de-lucia-kubitschek-esta-em-cartaz-no-grande-hotel\/","title":{"rendered":"&#8220;Casa de Reza&#8221;, de L\u00facia Kubitschek, est\u00e1 em cartaz no Grande Hotel"},"content":{"rendered":"<p><a href=\"https:\/\/anoticiaonline.com.br\/site\/wp-content\/uploads\/2016\/05\/Casa-de-Reza-est\u00e1-em-cartaz-no-Grande-Hotel.jpg\"><img fetchpriority=\"high\" decoding=\"async\" class=\" size-medium wp-image-13498 alignleft\" src=\"https:\/\/anoticiaonline.com.br\/site\/wp-content\/uploads\/2016\/05\/Casa-de-Reza-est\u00e1-em-cartaz-no-Grande-Hotel-300x183.jpg\" alt=\"Casa de Reza est\u00e1 em cartaz no Grande Hotel\" width=\"300\" height=\"183\" srcset=\"https:\/\/anoticiaonline.com.br\/site\/wp-content\/uploads\/2016\/05\/Casa-de-Reza-est\u00e1-em-cartaz-no-Grande-Hotel-300x183.jpg 300w, https:\/\/anoticiaonline.com.br\/site\/wp-content\/uploads\/2016\/05\/Casa-de-Reza-est\u00e1-em-cartaz-no-Grande-Hotel.jpg 640w\" sizes=\"(max-width: 300px) 100vw, 300px\" \/><\/a>A mostra &#8220;Casa de Reza&#8221;, de L\u00facia Kubitschek, est\u00e1 em exposi\u00e7\u00e3o na Galeria M\u00f4nica Botelho, Grande Hotel Muriah\u00e9. As cria\u00e7\u00f5es da artista pl\u00e1stica s\u00e3o resultado de uma consistente explora\u00e7\u00e3o das t\u00e9cnicas \u201cCollage\u201d e \u201cAssemblage\u201d, por meio de ressignifica\u00e7\u00e3o de utens\u00edlios e objetos, uso de materiais diversos, inusitados e reaproveit\u00e1veis. No seu background recorrente, est\u00e3o refer\u00eancias ao multiculturalismo, \u00e0 religiosidade, arqueologias e hereditariedades, \u00e0s revolu\u00e7\u00f5es e ao feminismo.<\/p>\n<p>Na exposi\u00e7\u00e3o &#8220;Casa de Reza&#8221;, a artista teve como inspira\u00e7\u00e3o o &#8220;Ongusu&#8221;, a Grande Casa (lugar do paj\u00e9), lugar de fortalecimento da resist\u00eancia do povo Guarani Kaiow\u00e1, onde a grande fam\u00edlia re\u00fane-se para a tomada de importantes decis\u00f5es, para rituais religiosos, de inicia\u00e7\u00e3o, de colheita, de guerra e outros festejos.<\/p>\n<p>&#8220;Minha inspira\u00e7\u00e3o em &#8216;Casa de Reza&#8217; \u00e9 a ideia de lugar de ritos propondo o resgate daqueles ref\u00fagios criados em circunst\u00e2ncias adversas e diversas para facilitar ao homem a sua conex\u00e3o com a alma e a ancestralidade. Esses tr\u00eas aspectos da vida constroem o modo de ser dos guaranis&#8221;, conta a artista.<\/p>\n<p><a href=\"https:\/\/anoticiaonline.com.br\/site\/wp-content\/uploads\/2016\/05\/Casa-de-Reza-est\u00e1-em-cartaz-no-Grande-Hotel-2.jpg\"><img decoding=\"async\" class=\" size-medium wp-image-13499 alignleft\" src=\"https:\/\/anoticiaonline.com.br\/site\/wp-content\/uploads\/2016\/05\/Casa-de-Reza-est\u00e1-em-cartaz-no-Grande-Hotel-2-300x184.jpg\" alt=\"Casa de Reza est\u00e1 em cartaz no Grande Hotel 2\" width=\"300\" height=\"184\" srcset=\"https:\/\/anoticiaonline.com.br\/site\/wp-content\/uploads\/2016\/05\/Casa-de-Reza-est\u00e1-em-cartaz-no-Grande-Hotel-2-300x184.jpg 300w, https:\/\/anoticiaonline.com.br\/site\/wp-content\/uploads\/2016\/05\/Casa-de-Reza-est\u00e1-em-cartaz-no-Grande-Hotel-2.jpg 640w\" sizes=\"(max-width: 300px) 100vw, 300px\" \/><\/a>A mostra, que permanece em cartaz at\u00e9 o dia 10 de julho, \u00e9 uma promo\u00e7\u00e3o do Circuito Cultural Grande Hotel Muriah\u00e9, com o patroc\u00ednio da Votorantim Metais, via Lei Federal de Incentivo \u00e0 Cultura; e uma realiza\u00e7\u00e3o da Sociedade Musical Uni\u00e3o dos Artistas, Fundarte e Prefeitura Municipal de Muria\u00e9.<\/p>\n<p>&nbsp;<\/p>\n<p><strong>A ARTISTA &#8211;<\/strong> A artista pl\u00e1stica objet\u00e1ria, L\u00facia Kubitschek, que nasceu e reside em Belo Horizonte, tem forma\u00e7\u00e3o acad\u00eamica na UEMG, CBA e PUC-MG. \u00c9 p\u00f3s-graduada em Arte Educa\u00e7\u00e3o no Brasil e Encaderna\u00e7\u00e3o Contempor\u00e2nea em Nova Iorque.<\/p>\n<p>Entre suas atividades, est\u00e1 a participa\u00e7\u00e3o da ONG Mem\u00f3ria Gr\u00e1fica\u2013Typographia e na Escola de Gravuras. Trabalha com Contemporary Art, Graphic Design, Mixed Media, Collage, Visual Arts, Assemblage e Instalation.<\/p>\n<p>L\u00facia buscou conhecimentos nas artes j\u00e1 adulta, tendo estagiado no Center for Book Arts, em Nova Iorque, quando entrou em contato com o mundo art\u00edstico do livro. Sua est\u00e9tica \u00e9 desenvolvida por meio do design de objetos colocados em suas bolsas, caixas, malas e outros suportes, os quais, al\u00e9m de acomod\u00e1-los, acrescenta a fun\u00e7\u00e3o de exibi-los, agregando valor ao conceito.<\/p>\n","protected":false},"excerpt":{"rendered":"<p>A mostra &#8220;Casa de Reza&#8221;, de L\u00facia Kubitschek, est\u00e1 em exposi\u00e7\u00e3o na Galeria M\u00f4nica Botelho, Grande Hotel Muriah\u00e9. As cria\u00e7\u00f5es da artista pl\u00e1stica s\u00e3o resultado de uma consistente explora\u00e7\u00e3o das t\u00e9cnicas \u201cCollage\u201d e \u201cAssemblage\u201d, por meio de ressignifica\u00e7\u00e3o de utens\u00edlios e objetos, uso de materiais diversos, inusitados e reaproveit\u00e1veis. No seu background recorrente, est\u00e3o refer\u00eancias &#8230; <a title=\"&#8220;Casa de Reza&#8221;, de L\u00facia Kubitschek, est\u00e1 em cartaz no Grande Hotel\" class=\"read-more\" href=\"https:\/\/anoticiaonline.com.br\/site\/casa-de-reza-de-lucia-kubitschek-esta-em-cartaz-no-grande-hotel\/\" aria-label=\"Read more about &#8220;Casa de Reza&#8221;, de L\u00facia Kubitschek, est\u00e1 em cartaz no Grande Hotel\">Ler mais<\/a><\/p>\n","protected":false},"author":2,"featured_media":13498,"comment_status":"open","ping_status":"open","sticky":false,"template":"","format":"standard","meta":{"_acf_changed":false,"_monsterinsights_skip_tracking":false,"footnotes":""},"categories":[19],"tags":[3],"class_list":["post-13497","post","type-post","status-publish","format-standard","has-post-thumbnail","hentry","category-cultura","tag-slide"],"acf":[],"aioseo_notices":[],"aioseo_head":"\n\t\t<!-- All in One SEO 5.0.0.1 - aioseo.com -->\n\t<meta name=\"description\" content=\"A mostra &quot;Casa de Reza&quot;, de L\u00facia Kubitschek, est\u00e1 em exposi\u00e7\u00e3o na Galeria M\u00f4nica Botelho, Grande Hotel Muriah\u00e9. As cria\u00e7\u00f5es da artista pl\u00e1stica s\u00e3o resultado de uma consistente explora\u00e7\u00e3o das t\u00e9cnicas \u201cCollage\u201d e \u201cAssemblage\u201d, por meio de ressignifica\u00e7\u00e3o de utens\u00edlios e objetos, uso de materiais diversos, inusitados e reaproveit\u00e1veis. No seu background recorrente, est\u00e3o refer\u00eancias\" \/>\n\t<meta name=\"robots\" content=\"max-image-preview:large\" \/>\n\t<meta name=\"author\" content=\"Juliana Laviola\"\/>\n\t<link rel=\"canonical\" href=\"https:\/\/anoticiaonline.com.br\/site\/casa-de-reza-de-lucia-kubitschek-esta-em-cartaz-no-grande-hotel\/\" \/>\n\t<meta name=\"generator\" content=\"All in One SEO (AIOSEO) 5.0.0.1\" \/>\n\t\t<meta property=\"og:locale\" content=\"pt_BR\" \/>\n\t\t<meta property=\"og:site_name\" content=\"A Not\u00edcia Online - Noticias de Muria\u00e9 e regi\u00e3o\" \/>\n\t\t<meta property=\"og:type\" content=\"article\" \/>\n\t\t<meta property=\"og:title\" content=\"\u201cCasa de Reza\u201d, de L\u00facia Kubitschek, est\u00e1 em cartaz no Grande Hotel - A Not\u00edcia Online\" \/>\n\t\t<meta property=\"og:description\" content=\"A mostra &quot;Casa de Reza&quot;, de L\u00facia Kubitschek, est\u00e1 em exposi\u00e7\u00e3o na Galeria M\u00f4nica Botelho, Grande Hotel Muriah\u00e9. As cria\u00e7\u00f5es da artista pl\u00e1stica s\u00e3o resultado de uma consistente explora\u00e7\u00e3o das t\u00e9cnicas \u201cCollage\u201d e \u201cAssemblage\u201d, por meio de ressignifica\u00e7\u00e3o de utens\u00edlios e objetos, uso de materiais diversos, inusitados e reaproveit\u00e1veis. No seu background recorrente, est\u00e3o refer\u00eancias\" \/>\n\t\t<meta property=\"og:url\" content=\"https:\/\/anoticiaonline.com.br\/site\/casa-de-reza-de-lucia-kubitschek-esta-em-cartaz-no-grande-hotel\/\" \/>\n\t\t<meta property=\"og:image\" content=\"https:\/\/scontent-gig4-1.xx.fbcdn.net\/v\/t39.30808-1\/270437624_4564083193639691_6907940295614233970_n.jpg?stp=dst-jpg_s200x200_tt6&#038;_nc_cat=111&#038;ccb=1-7&#038;_nc_sid=f907e8&#038;_nc_ohc=SM1wRlP3lJwQ7kNvwEPuBYA&#038;_nc_oc=AdnqrjDN_BNjSSHWO-GbkIWH6fkGMLw4bqvL_NH6e2wMveX7G-rP2dAqsDSq1mJMOaY&#038;_nc_zt=24&#038;_nc_ht=scontent-gig4-1.xx&#038;_nc_gid=AoBFJeGrT1hVaew_6rchkQ&#038;oh=00_AfX7QmFGhQhG2jAllVgXCiM1ZrWgvtp80-Bfppyexh1QEg&#038;oe=689E923C\" \/>\n\t\t<meta property=\"og:image:secure_url\" content=\"https:\/\/scontent-gig4-1.xx.fbcdn.net\/v\/t39.30808-1\/270437624_4564083193639691_6907940295614233970_n.jpg?stp=dst-jpg_s200x200_tt6&#038;_nc_cat=111&#038;ccb=1-7&#038;_nc_sid=f907e8&#038;_nc_ohc=SM1wRlP3lJwQ7kNvwEPuBYA&#038;_nc_oc=AdnqrjDN_BNjSSHWO-GbkIWH6fkGMLw4bqvL_NH6e2wMveX7G-rP2dAqsDSq1mJMOaY&#038;_nc_zt=24&#038;_nc_ht=scontent-gig4-1.xx&#038;_nc_gid=AoBFJeGrT1hVaew_6rchkQ&#038;oh=00_AfX7QmFGhQhG2jAllVgXCiM1ZrWgvtp80-Bfppyexh1QEg&#038;oe=689E923C\" \/>\n\t\t<meta property=\"article:published_time\" content=\"2016-05-18T13:33:24+00:00\" \/>\n\t\t<meta property=\"article:modified_time\" content=\"2016-05-18T13:35:52+00:00\" \/>\n\t\t<meta name=\"twitter:card\" content=\"summary_large_image\" \/>\n\t\t<meta name=\"twitter:title\" content=\"\u201cCasa de Reza\u201d, de L\u00facia Kubitschek, est\u00e1 em cartaz no Grande Hotel - A Not\u00edcia Online\" \/>\n\t\t<meta name=\"twitter:description\" content=\"A mostra &quot;Casa de Reza&quot;, de L\u00facia Kubitschek, est\u00e1 em exposi\u00e7\u00e3o na Galeria M\u00f4nica Botelho, Grande Hotel Muriah\u00e9. As cria\u00e7\u00f5es da artista pl\u00e1stica s\u00e3o resultado de uma consistente explora\u00e7\u00e3o das t\u00e9cnicas \u201cCollage\u201d e \u201cAssemblage\u201d, por meio de ressignifica\u00e7\u00e3o de utens\u00edlios e objetos, uso de materiais diversos, inusitados e reaproveit\u00e1veis. No seu background recorrente, est\u00e3o refer\u00eancias\" \/>\n\t\t<meta name=\"twitter:image\" content=\"https:\/\/scontent-gig4-1.xx.fbcdn.net\/v\/t39.30808-1\/270437624_4564083193639691_6907940295614233970_n.jpg?stp=dst-jpg_s200x200_tt6&amp;_nc_cat=111&amp;ccb=1-7&amp;_nc_sid=f907e8&amp;_nc_ohc=SM1wRlP3lJwQ7kNvwEPuBYA&amp;_nc_oc=AdnqrjDN_BNjSSHWO-GbkIWH6fkGMLw4bqvL_NH6e2wMveX7G-rP2dAqsDSq1mJMOaY&amp;_nc_zt=24&amp;_nc_ht=scontent-gig4-1.xx&amp;_nc_gid=AoBFJeGrT1hVaew_6rchkQ&amp;oh=00_AfX7QmFGhQhG2jAllVgXCiM1ZrWgvtp80-Bfppyexh1QEg&amp;oe=689E923C\" \/>\n\t\t<script type=\"application\/ld+json\" class=\"aioseo-schema\">\n\t\t\t{\"@context\":\"https:\\\/\\\/schema.org\",\"@graph\":[{\"@type\":\"BlogPosting\",\"@id\":\"https:\\\/\\\/anoticiaonline.com.br\\\/site\\\/casa-de-reza-de-lucia-kubitschek-esta-em-cartaz-no-grande-hotel\\\/#blogposting\",\"name\":\"\\u201cCasa de Reza\\u201d, de L\\u00facia Kubitschek, est\\u00e1 em cartaz no Grande Hotel - A Not\\u00edcia Online\",\"headline\":\"&#8220;Casa de Reza&#8221;, de L\\u00facia Kubitschek, est\\u00e1 em cartaz no Grande Hotel\",\"author\":{\"@id\":\"https:\\\/\\\/anoticiaonline.com.br\\\/site\\\/author\\\/juliana\\\/#author\"},\"publisher\":{\"@id\":\"https:\\\/\\\/anoticiaonline.com.br\\\/site\\\/#organization\"},\"image\":{\"@type\":\"ImageObject\",\"url\":\"https:\\\/\\\/anoticiaonline.com.br\\\/site\\\/wp-content\\\/uploads\\\/2016\\\/05\\\/Casa-de-Reza-est\\u00e1-em-cartaz-no-Grande-Hotel.jpg\",\"width\":640,\"height\":390},\"datePublished\":\"2016-05-18T10:33:24-03:00\",\"dateModified\":\"2016-05-18T10:35:52-03:00\",\"inLanguage\":\"pt-BR\",\"mainEntityOfPage\":{\"@id\":\"https:\\\/\\\/anoticiaonline.com.br\\\/site\\\/casa-de-reza-de-lucia-kubitschek-esta-em-cartaz-no-grande-hotel\\\/#webpage\"},\"isPartOf\":{\"@id\":\"https:\\\/\\\/anoticiaonline.com.br\\\/site\\\/casa-de-reza-de-lucia-kubitschek-esta-em-cartaz-no-grande-hotel\\\/#webpage\"},\"articleSection\":\"Cultura, slide\"},{\"@type\":\"BreadcrumbList\",\"@id\":\"https:\\\/\\\/anoticiaonline.com.br\\\/site\\\/casa-de-reza-de-lucia-kubitschek-esta-em-cartaz-no-grande-hotel\\\/#breadcrumblist\",\"itemListElement\":[{\"@type\":\"ListItem\",\"@id\":\"https:\\\/\\\/anoticiaonline.com.br\\\/site#listItem\",\"position\":1,\"name\":\"Home\",\"item\":\"https:\\\/\\\/anoticiaonline.com.br\\\/site\",\"nextItem\":{\"@type\":\"ListItem\",\"@id\":\"https:\\\/\\\/anoticiaonline.com.br\\\/site\\\/categoria\\\/muriae\\\/#listItem\",\"name\":\"Blog\"}},{\"@type\":\"ListItem\",\"@id\":\"https:\\\/\\\/anoticiaonline.com.br\\\/site\\\/categoria\\\/muriae\\\/#listItem\",\"position\":2,\"name\":\"Blog\",\"item\":\"https:\\\/\\\/anoticiaonline.com.br\\\/site\\\/categoria\\\/muriae\\\/\",\"nextItem\":{\"@type\":\"ListItem\",\"@id\":\"https:\\\/\\\/anoticiaonline.com.br\\\/site\\\/categoria\\\/muriae\\\/cultura\\\/#listItem\",\"name\":\"Cultura\"},\"previousItem\":{\"@type\":\"ListItem\",\"@id\":\"https:\\\/\\\/anoticiaonline.com.br\\\/site#listItem\",\"name\":\"Home\"}},{\"@type\":\"ListItem\",\"@id\":\"https:\\\/\\\/anoticiaonline.com.br\\\/site\\\/categoria\\\/muriae\\\/cultura\\\/#listItem\",\"position\":3,\"name\":\"Cultura\",\"item\":\"https:\\\/\\\/anoticiaonline.com.br\\\/site\\\/categoria\\\/muriae\\\/cultura\\\/\",\"nextItem\":{\"@type\":\"ListItem\",\"@id\":\"https:\\\/\\\/anoticiaonline.com.br\\\/site\\\/casa-de-reza-de-lucia-kubitschek-esta-em-cartaz-no-grande-hotel\\\/#listItem\",\"name\":\"&#8220;Casa de Reza&#8221;, de L\\u00facia Kubitschek, est\\u00e1 em cartaz no Grande Hotel\"},\"previousItem\":{\"@type\":\"ListItem\",\"@id\":\"https:\\\/\\\/anoticiaonline.com.br\\\/site\\\/categoria\\\/muriae\\\/#listItem\",\"name\":\"Blog\"}},{\"@type\":\"ListItem\",\"@id\":\"https:\\\/\\\/anoticiaonline.com.br\\\/site\\\/casa-de-reza-de-lucia-kubitschek-esta-em-cartaz-no-grande-hotel\\\/#listItem\",\"position\":4,\"name\":\"&#8220;Casa de Reza&#8221;, de L\\u00facia Kubitschek, est\\u00e1 em cartaz no Grande Hotel\",\"previousItem\":{\"@type\":\"ListItem\",\"@id\":\"https:\\\/\\\/anoticiaonline.com.br\\\/site\\\/categoria\\\/muriae\\\/cultura\\\/#listItem\",\"name\":\"Cultura\"}}]},{\"@type\":\"Organization\",\"@id\":\"https:\\\/\\\/anoticiaonline.com.br\\\/site\\\/#organization\",\"name\":\"A Not\\u00edcia Online\",\"description\":\"Noticias de Muria\\u00e9 e regi\\u00e3o\",\"url\":\"https:\\\/\\\/anoticiaonline.com.br\\\/site\\\/\",\"logo\":{\"@type\":\"ImageObject\",\"url\":\"https:\\\/\\\/scontent-gig4-1.xx.fbcdn.net\\\/v\\\/t39.30808-1\\\/270437624_4564083193639691_6907940295614233970_n.jpg?stp=dst-jpg_s200x200_tt6&_nc_cat=111&ccb=1-7&_nc_sid=f907e8&_nc_ohc=SM1wRlP3lJwQ7kNvwEPuBYA&_nc_oc=AdnqrjDN_BNjSSHWO-GbkIWH6fkGMLw4bqvL_NH6e2wMveX7G-rP2dAqsDSq1mJMOaY&_nc_zt=24&_nc_ht=scontent-gig4-1.xx&_nc_gid=AoBFJeGrT1hVaew_6rchkQ&oh=00_AfX7QmFGhQhG2jAllVgXCiM1ZrWgvtp80-Bfppyexh1QEg&oe=689E923C\",\"@id\":\"https:\\\/\\\/anoticiaonline.com.br\\\/site\\\/casa-de-reza-de-lucia-kubitschek-esta-em-cartaz-no-grande-hotel\\\/#organizationLogo\"},\"image\":{\"@id\":\"https:\\\/\\\/anoticiaonline.com.br\\\/site\\\/casa-de-reza-de-lucia-kubitschek-esta-em-cartaz-no-grande-hotel\\\/#organizationLogo\"}},{\"@type\":\"Person\",\"@id\":\"https:\\\/\\\/anoticiaonline.com.br\\\/site\\\/author\\\/juliana\\\/#author\",\"url\":\"https:\\\/\\\/anoticiaonline.com.br\\\/site\\\/author\\\/juliana\\\/\",\"name\":\"Juliana Laviola\",\"image\":{\"@type\":\"ImageObject\",\"@id\":\"https:\\\/\\\/anoticiaonline.com.br\\\/site\\\/casa-de-reza-de-lucia-kubitschek-esta-em-cartaz-no-grande-hotel\\\/#authorImage\",\"url\":\"https:\\\/\\\/secure.gravatar.com\\\/avatar\\\/b8d45f5c699b100dfaf0e543582f38f38bf94cb7ae3a5e9abf8d891a34773335?s=96&d=mm&r=g\",\"width\":96,\"height\":96,\"caption\":\"Juliana Laviola\"}},{\"@type\":\"WebPage\",\"@id\":\"https:\\\/\\\/anoticiaonline.com.br\\\/site\\\/casa-de-reza-de-lucia-kubitschek-esta-em-cartaz-no-grande-hotel\\\/#webpage\",\"url\":\"https:\\\/\\\/anoticiaonline.com.br\\\/site\\\/casa-de-reza-de-lucia-kubitschek-esta-em-cartaz-no-grande-hotel\\\/\",\"name\":\"\\u201cCasa de Reza\\u201d, de L\\u00facia Kubitschek, est\\u00e1 em cartaz no Grande Hotel - A Not\\u00edcia Online\",\"description\":\"A mostra \\\"Casa de Reza\\\", de L\\u00facia Kubitschek, est\\u00e1 em exposi\\u00e7\\u00e3o na Galeria M\\u00f4nica Botelho, Grande Hotel Muriah\\u00e9. As cria\\u00e7\\u00f5es da artista pl\\u00e1stica s\\u00e3o resultado de uma consistente explora\\u00e7\\u00e3o das t\\u00e9cnicas \\u201cCollage\\u201d e \\u201cAssemblage\\u201d, por meio de ressignifica\\u00e7\\u00e3o de utens\\u00edlios e objetos, uso de materiais diversos, inusitados e reaproveit\\u00e1veis. No seu background recorrente, est\\u00e3o refer\\u00eancias\",\"inLanguage\":\"pt-BR\",\"isPartOf\":{\"@id\":\"https:\\\/\\\/anoticiaonline.com.br\\\/site\\\/#website\"},\"breadcrumb\":{\"@id\":\"https:\\\/\\\/anoticiaonline.com.br\\\/site\\\/casa-de-reza-de-lucia-kubitschek-esta-em-cartaz-no-grande-hotel\\\/#breadcrumblist\"},\"author\":{\"@id\":\"https:\\\/\\\/anoticiaonline.com.br\\\/site\\\/author\\\/juliana\\\/#author\"},\"creator\":{\"@id\":\"https:\\\/\\\/anoticiaonline.com.br\\\/site\\\/author\\\/juliana\\\/#author\"},\"image\":{\"@type\":\"ImageObject\",\"url\":\"https:\\\/\\\/anoticiaonline.com.br\\\/site\\\/wp-content\\\/uploads\\\/2016\\\/05\\\/Casa-de-Reza-est\\u00e1-em-cartaz-no-Grande-Hotel.jpg\",\"@id\":\"https:\\\/\\\/anoticiaonline.com.br\\\/site\\\/casa-de-reza-de-lucia-kubitschek-esta-em-cartaz-no-grande-hotel\\\/#mainImage\",\"width\":640,\"height\":390},\"primaryImageOfPage\":{\"@id\":\"https:\\\/\\\/anoticiaonline.com.br\\\/site\\\/casa-de-reza-de-lucia-kubitschek-esta-em-cartaz-no-grande-hotel\\\/#mainImage\"},\"datePublished\":\"2016-05-18T10:33:24-03:00\",\"dateModified\":\"2016-05-18T10:35:52-03:00\"},{\"@type\":\"WebSite\",\"@id\":\"https:\\\/\\\/anoticiaonline.com.br\\\/site\\\/#website\",\"url\":\"https:\\\/\\\/anoticiaonline.com.br\\\/site\\\/\",\"name\":\"A Not\\u00edcia Online\",\"description\":\"Noticias de Muria\\u00e9 e regi\\u00e3o\",\"inLanguage\":\"pt-BR\",\"publisher\":{\"@id\":\"https:\\\/\\\/anoticiaonline.com.br\\\/site\\\/#organization\"}}]}\n\t\t<\/script>\n\t\t<!-- All in One SEO -->\n\n","aioseo_head_json":{"title":"\u201cCasa de Reza\u201d, de L\u00facia Kubitschek, est\u00e1 em cartaz no Grande Hotel - A Not\u00edcia Online","description":"A mostra \"Casa de Reza\", de L\u00facia Kubitschek, est\u00e1 em exposi\u00e7\u00e3o na Galeria M\u00f4nica Botelho, Grande Hotel Muriah\u00e9. As cria\u00e7\u00f5es da artista pl\u00e1stica s\u00e3o resultado de uma consistente explora\u00e7\u00e3o das t\u00e9cnicas \u201cCollage\u201d e \u201cAssemblage\u201d, por meio de ressignifica\u00e7\u00e3o de utens\u00edlios e objetos, uso de materiais diversos, inusitados e reaproveit\u00e1veis. No seu background recorrente, est\u00e3o refer\u00eancias","canonical_url":"https:\/\/anoticiaonline.com.br\/site\/casa-de-reza-de-lucia-kubitschek-esta-em-cartaz-no-grande-hotel\/","robots":"max-image-preview:large","keywords":"","webmasterTools":{"miscellaneous":""},"schema":{"@context":"https:\/\/schema.org","@graph":[{"@type":"BlogPosting","@id":"https:\/\/anoticiaonline.com.br\/site\/casa-de-reza-de-lucia-kubitschek-esta-em-cartaz-no-grande-hotel\/#blogposting","name":"\u201cCasa de Reza\u201d, de L\u00facia Kubitschek, est\u00e1 em cartaz no Grande Hotel - A Not\u00edcia Online","headline":"&#8220;Casa de Reza&#8221;, de L\u00facia Kubitschek, est\u00e1 em cartaz no Grande Hotel","author":{"@id":"https:\/\/anoticiaonline.com.br\/site\/author\/juliana\/#author"},"publisher":{"@id":"https:\/\/anoticiaonline.com.br\/site\/#organization"},"image":{"@type":"ImageObject","url":"https:\/\/anoticiaonline.com.br\/site\/wp-content\/uploads\/2016\/05\/Casa-de-Reza-est\u00e1-em-cartaz-no-Grande-Hotel.jpg","width":640,"height":390},"datePublished":"2016-05-18T10:33:24-03:00","dateModified":"2016-05-18T10:35:52-03:00","inLanguage":"pt-BR","mainEntityOfPage":{"@id":"https:\/\/anoticiaonline.com.br\/site\/casa-de-reza-de-lucia-kubitschek-esta-em-cartaz-no-grande-hotel\/#webpage"},"isPartOf":{"@id":"https:\/\/anoticiaonline.com.br\/site\/casa-de-reza-de-lucia-kubitschek-esta-em-cartaz-no-grande-hotel\/#webpage"},"articleSection":"Cultura, slide"},{"@type":"BreadcrumbList","@id":"https:\/\/anoticiaonline.com.br\/site\/casa-de-reza-de-lucia-kubitschek-esta-em-cartaz-no-grande-hotel\/#breadcrumblist","itemListElement":[{"@type":"ListItem","@id":"https:\/\/anoticiaonline.com.br\/site#listItem","position":1,"name":"Home","item":"https:\/\/anoticiaonline.com.br\/site","nextItem":{"@type":"ListItem","@id":"https:\/\/anoticiaonline.com.br\/site\/categoria\/muriae\/#listItem","name":"Blog"}},{"@type":"ListItem","@id":"https:\/\/anoticiaonline.com.br\/site\/categoria\/muriae\/#listItem","position":2,"name":"Blog","item":"https:\/\/anoticiaonline.com.br\/site\/categoria\/muriae\/","nextItem":{"@type":"ListItem","@id":"https:\/\/anoticiaonline.com.br\/site\/categoria\/muriae\/cultura\/#listItem","name":"Cultura"},"previousItem":{"@type":"ListItem","@id":"https:\/\/anoticiaonline.com.br\/site#listItem","name":"Home"}},{"@type":"ListItem","@id":"https:\/\/anoticiaonline.com.br\/site\/categoria\/muriae\/cultura\/#listItem","position":3,"name":"Cultura","item":"https:\/\/anoticiaonline.com.br\/site\/categoria\/muriae\/cultura\/","nextItem":{"@type":"ListItem","@id":"https:\/\/anoticiaonline.com.br\/site\/casa-de-reza-de-lucia-kubitschek-esta-em-cartaz-no-grande-hotel\/#listItem","name":"&#8220;Casa de Reza&#8221;, de L\u00facia Kubitschek, est\u00e1 em cartaz no Grande Hotel"},"previousItem":{"@type":"ListItem","@id":"https:\/\/anoticiaonline.com.br\/site\/categoria\/muriae\/#listItem","name":"Blog"}},{"@type":"ListItem","@id":"https:\/\/anoticiaonline.com.br\/site\/casa-de-reza-de-lucia-kubitschek-esta-em-cartaz-no-grande-hotel\/#listItem","position":4,"name":"&#8220;Casa de Reza&#8221;, de L\u00facia Kubitschek, est\u00e1 em cartaz no Grande Hotel","previousItem":{"@type":"ListItem","@id":"https:\/\/anoticiaonline.com.br\/site\/categoria\/muriae\/cultura\/#listItem","name":"Cultura"}}]},{"@type":"Organization","@id":"https:\/\/anoticiaonline.com.br\/site\/#organization","name":"A Not\u00edcia Online","description":"Noticias de Muria\u00e9 e regi\u00e3o","url":"https:\/\/anoticiaonline.com.br\/site\/","logo":{"@type":"ImageObject","url":"https:\/\/scontent-gig4-1.xx.fbcdn.net\/v\/t39.30808-1\/270437624_4564083193639691_6907940295614233970_n.jpg?stp=dst-jpg_s200x200_tt6&_nc_cat=111&ccb=1-7&_nc_sid=f907e8&_nc_ohc=SM1wRlP3lJwQ7kNvwEPuBYA&_nc_oc=AdnqrjDN_BNjSSHWO-GbkIWH6fkGMLw4bqvL_NH6e2wMveX7G-rP2dAqsDSq1mJMOaY&_nc_zt=24&_nc_ht=scontent-gig4-1.xx&_nc_gid=AoBFJeGrT1hVaew_6rchkQ&oh=00_AfX7QmFGhQhG2jAllVgXCiM1ZrWgvtp80-Bfppyexh1QEg&oe=689E923C","@id":"https:\/\/anoticiaonline.com.br\/site\/casa-de-reza-de-lucia-kubitschek-esta-em-cartaz-no-grande-hotel\/#organizationLogo"},"image":{"@id":"https:\/\/anoticiaonline.com.br\/site\/casa-de-reza-de-lucia-kubitschek-esta-em-cartaz-no-grande-hotel\/#organizationLogo"}},{"@type":"Person","@id":"https:\/\/anoticiaonline.com.br\/site\/author\/juliana\/#author","url":"https:\/\/anoticiaonline.com.br\/site\/author\/juliana\/","name":"Juliana Laviola","image":{"@type":"ImageObject","@id":"https:\/\/anoticiaonline.com.br\/site\/casa-de-reza-de-lucia-kubitschek-esta-em-cartaz-no-grande-hotel\/#authorImage","url":"https:\/\/secure.gravatar.com\/avatar\/b8d45f5c699b100dfaf0e543582f38f38bf94cb7ae3a5e9abf8d891a34773335?s=96&d=mm&r=g","width":96,"height":96,"caption":"Juliana Laviola"}},{"@type":"WebPage","@id":"https:\/\/anoticiaonline.com.br\/site\/casa-de-reza-de-lucia-kubitschek-esta-em-cartaz-no-grande-hotel\/#webpage","url":"https:\/\/anoticiaonline.com.br\/site\/casa-de-reza-de-lucia-kubitschek-esta-em-cartaz-no-grande-hotel\/","name":"\u201cCasa de Reza\u201d, de L\u00facia Kubitschek, est\u00e1 em cartaz no Grande Hotel - A Not\u00edcia Online","description":"A mostra \"Casa de Reza\", de L\u00facia Kubitschek, est\u00e1 em exposi\u00e7\u00e3o na Galeria M\u00f4nica Botelho, Grande Hotel Muriah\u00e9. As cria\u00e7\u00f5es da artista pl\u00e1stica s\u00e3o resultado de uma consistente explora\u00e7\u00e3o das t\u00e9cnicas \u201cCollage\u201d e \u201cAssemblage\u201d, por meio de ressignifica\u00e7\u00e3o de utens\u00edlios e objetos, uso de materiais diversos, inusitados e reaproveit\u00e1veis. No seu background recorrente, est\u00e3o refer\u00eancias","inLanguage":"pt-BR","isPartOf":{"@id":"https:\/\/anoticiaonline.com.br\/site\/#website"},"breadcrumb":{"@id":"https:\/\/anoticiaonline.com.br\/site\/casa-de-reza-de-lucia-kubitschek-esta-em-cartaz-no-grande-hotel\/#breadcrumblist"},"author":{"@id":"https:\/\/anoticiaonline.com.br\/site\/author\/juliana\/#author"},"creator":{"@id":"https:\/\/anoticiaonline.com.br\/site\/author\/juliana\/#author"},"image":{"@type":"ImageObject","url":"https:\/\/anoticiaonline.com.br\/site\/wp-content\/uploads\/2016\/05\/Casa-de-Reza-est\u00e1-em-cartaz-no-Grande-Hotel.jpg","@id":"https:\/\/anoticiaonline.com.br\/site\/casa-de-reza-de-lucia-kubitschek-esta-em-cartaz-no-grande-hotel\/#mainImage","width":640,"height":390},"primaryImageOfPage":{"@id":"https:\/\/anoticiaonline.com.br\/site\/casa-de-reza-de-lucia-kubitschek-esta-em-cartaz-no-grande-hotel\/#mainImage"},"datePublished":"2016-05-18T10:33:24-03:00","dateModified":"2016-05-18T10:35:52-03:00"},{"@type":"WebSite","@id":"https:\/\/anoticiaonline.com.br\/site\/#website","url":"https:\/\/anoticiaonline.com.br\/site\/","name":"A Not\u00edcia Online","description":"Noticias de Muria\u00e9 e regi\u00e3o","inLanguage":"pt-BR","publisher":{"@id":"https:\/\/anoticiaonline.com.br\/site\/#organization"}}]},"og:locale":"pt_BR","og:site_name":"A Not\u00edcia Online - Noticias de Muria\u00e9 e regi\u00e3o","og:type":"article","og:title":"\u201cCasa de Reza\u201d, de L\u00facia Kubitschek, est\u00e1 em cartaz no Grande Hotel - A Not\u00edcia Online","og:description":"A mostra &quot;Casa de Reza&quot;, de L\u00facia Kubitschek, est\u00e1 em exposi\u00e7\u00e3o na Galeria M\u00f4nica Botelho, Grande Hotel Muriah\u00e9. As cria\u00e7\u00f5es da artista pl\u00e1stica s\u00e3o resultado de uma consistente explora\u00e7\u00e3o das t\u00e9cnicas \u201cCollage\u201d e \u201cAssemblage\u201d, por meio de ressignifica\u00e7\u00e3o de utens\u00edlios e objetos, uso de materiais diversos, inusitados e reaproveit\u00e1veis. No seu background recorrente, est\u00e3o refer\u00eancias","og:url":"https:\/\/anoticiaonline.com.br\/site\/casa-de-reza-de-lucia-kubitschek-esta-em-cartaz-no-grande-hotel\/","og:image":"https:\/\/scontent-gig4-1.xx.fbcdn.net\/v\/t39.30808-1\/270437624_4564083193639691_6907940295614233970_n.jpg?stp=dst-jpg_s200x200_tt6&#038;_nc_cat=111&#038;ccb=1-7&#038;_nc_sid=f907e8&#038;_nc_ohc=SM1wRlP3lJwQ7kNvwEPuBYA&#038;_nc_oc=AdnqrjDN_BNjSSHWO-GbkIWH6fkGMLw4bqvL_NH6e2wMveX7G-rP2dAqsDSq1mJMOaY&#038;_nc_zt=24&#038;_nc_ht=scontent-gig4-1.xx&#038;_nc_gid=AoBFJeGrT1hVaew_6rchkQ&#038;oh=00_AfX7QmFGhQhG2jAllVgXCiM1ZrWgvtp80-Bfppyexh1QEg&#038;oe=689E923C","og:image:secure_url":"https:\/\/scontent-gig4-1.xx.fbcdn.net\/v\/t39.30808-1\/270437624_4564083193639691_6907940295614233970_n.jpg?stp=dst-jpg_s200x200_tt6&#038;_nc_cat=111&#038;ccb=1-7&#038;_nc_sid=f907e8&#038;_nc_ohc=SM1wRlP3lJwQ7kNvwEPuBYA&#038;_nc_oc=AdnqrjDN_BNjSSHWO-GbkIWH6fkGMLw4bqvL_NH6e2wMveX7G-rP2dAqsDSq1mJMOaY&#038;_nc_zt=24&#038;_nc_ht=scontent-gig4-1.xx&#038;_nc_gid=AoBFJeGrT1hVaew_6rchkQ&#038;oh=00_AfX7QmFGhQhG2jAllVgXCiM1ZrWgvtp80-Bfppyexh1QEg&#038;oe=689E923C","article:published_time":"2016-05-18T13:33:24+00:00","article:modified_time":"2016-05-18T13:35:52+00:00","twitter:card":"summary_large_image","twitter:title":"\u201cCasa de Reza\u201d, de L\u00facia Kubitschek, est\u00e1 em cartaz no Grande Hotel - A Not\u00edcia Online","twitter:description":"A mostra &quot;Casa de Reza&quot;, de L\u00facia Kubitschek, est\u00e1 em exposi\u00e7\u00e3o na Galeria M\u00f4nica Botelho, Grande Hotel Muriah\u00e9. As cria\u00e7\u00f5es da artista pl\u00e1stica s\u00e3o resultado de uma consistente explora\u00e7\u00e3o das t\u00e9cnicas \u201cCollage\u201d e \u201cAssemblage\u201d, por meio de ressignifica\u00e7\u00e3o de utens\u00edlios e objetos, uso de materiais diversos, inusitados e reaproveit\u00e1veis. No seu background recorrente, est\u00e3o refer\u00eancias","twitter:image":"https:\/\/scontent-gig4-1.xx.fbcdn.net\/v\/t39.30808-1\/270437624_4564083193639691_6907940295614233970_n.jpg?stp=dst-jpg_s200x200_tt6&_nc_cat=111&ccb=1-7&_nc_sid=f907e8&_nc_ohc=SM1wRlP3lJwQ7kNvwEPuBYA&_nc_oc=AdnqrjDN_BNjSSHWO-GbkIWH6fkGMLw4bqvL_NH6e2wMveX7G-rP2dAqsDSq1mJMOaY&_nc_zt=24&_nc_ht=scontent-gig4-1.xx&_nc_gid=AoBFJeGrT1hVaew_6rchkQ&oh=00_AfX7QmFGhQhG2jAllVgXCiM1ZrWgvtp80-Bfppyexh1QEg&oe=689E923C"},"aioseo_meta_data":{"post_id":"13497","title":null,"description":null,"keywords":null,"keyphrases":null,"primary_term":null,"canonical_url":null,"og_title":null,"og_description":null,"og_object_type":"default","og_image_type":"default","og_image_url":null,"og_image_width":null,"og_image_height":null,"og_image_custom_url":null,"og_image_custom_fields":null,"og_video":null,"og_custom_url":null,"og_article_section":null,"og_article_tags":null,"twitter_use_og":false,"twitter_card":"default","twitter_image_type":"default","twitter_image_url":null,"twitter_image_custom_url":null,"twitter_image_custom_fields":null,"twitter_title":null,"twitter_description":null,"schema":{"blockGraphs":[],"customGraphs":[],"default":{"data":{"Article":[],"Course":[],"Dataset":[],"FAQPage":[],"Movie":[],"Person":[],"Product":[],"ProductReview":[],"Car":[],"Recipe":[],"Service":[],"SoftwareApplication":[],"WebPage":[]},"graphName":"","isEnabled":true},"graphs":[]},"schema_type":"default","schema_type_options":null,"pillar_content":false,"robots_default":true,"robots_noindex":false,"robots_noarchive":false,"robots_nosnippet":false,"robots_nofollow":false,"robots_noimageindex":false,"robots_noodp":false,"robots_notranslate":false,"robots_max_snippet":null,"robots_max_videopreview":null,"robots_max_imagepreview":"large","priority":null,"frequency":null,"local_seo":null,"breadcrumb_settings":null,"limit_modified_date":false,"ai":null,"created":"2025-08-16 16:01:15","updated":"2025-08-16 16:01:15","focus_keyword":null,"additional_keywords":null,"truseo_locale":null,"seo_analyzer_scan_date":null},"aioseo_breadcrumb":"<div class=\"aioseo-breadcrumbs\"><span class=\"aioseo-breadcrumb\">\n\t\t\t<a href=\"https:\/\/anoticiaonline.com.br\/site\" title=\"Home\">Home<\/a>\n\t\t<\/span><span class=\"aioseo-breadcrumb-separator\">&raquo;<\/span><span class=\"aioseo-breadcrumb\">\n\t\t\t<a href=\"https:\/\/anoticiaonline.com.br\/site\/categoria\/muriae\/\" title=\"Blog\">Blog<\/a>\n\t\t<\/span><span class=\"aioseo-breadcrumb-separator\">&raquo;<\/span><span class=\"aioseo-breadcrumb\">\n\t\t\t<a href=\"https:\/\/anoticiaonline.com.br\/site\/categoria\/muriae\/cultura\/\" title=\"Cultura\">Cultura<\/a>\n\t\t<\/span><span class=\"aioseo-breadcrumb-separator\">&raquo;<\/span><span class=\"aioseo-breadcrumb\">\n\t\t\t\u201cCasa de Reza\u201d, de L\u00facia Kubitschek, est\u00e1 em cartaz no Grande Hotel\n\t\t<\/span><\/div>","aioseo_breadcrumb_json":[{"label":"Home","link":"https:\/\/anoticiaonline.com.br\/site"},{"label":"Blog","link":"https:\/\/anoticiaonline.com.br\/site\/categoria\/muriae\/"},{"label":"Cultura","link":"https:\/\/anoticiaonline.com.br\/site\/categoria\/muriae\/cultura\/"},{"label":"&#8220;Casa de Reza&#8221;, de L\u00facia Kubitschek, est\u00e1 em cartaz no Grande Hotel","link":"https:\/\/anoticiaonline.com.br\/site\/casa-de-reza-de-lucia-kubitschek-esta-em-cartaz-no-grande-hotel\/"}],"views":148,"_links":{"self":[{"href":"https:\/\/anoticiaonline.com.br\/site\/wp-json\/wp\/v2\/posts\/13497","targetHints":{"allow":["GET"]}}],"collection":[{"href":"https:\/\/anoticiaonline.com.br\/site\/wp-json\/wp\/v2\/posts"}],"about":[{"href":"https:\/\/anoticiaonline.com.br\/site\/wp-json\/wp\/v2\/types\/post"}],"author":[{"embeddable":true,"href":"https:\/\/anoticiaonline.com.br\/site\/wp-json\/wp\/v2\/users\/2"}],"replies":[{"embeddable":true,"href":"https:\/\/anoticiaonline.com.br\/site\/wp-json\/wp\/v2\/comments?post=13497"}],"version-history":[{"count":0,"href":"https:\/\/anoticiaonline.com.br\/site\/wp-json\/wp\/v2\/posts\/13497\/revisions"}],"wp:featuredmedia":[{"embeddable":true,"href":"https:\/\/anoticiaonline.com.br\/site\/wp-json\/wp\/v2\/media\/13498"}],"wp:attachment":[{"href":"https:\/\/anoticiaonline.com.br\/site\/wp-json\/wp\/v2\/media?parent=13497"}],"wp:term":[{"taxonomy":"category","embeddable":true,"href":"https:\/\/anoticiaonline.com.br\/site\/wp-json\/wp\/v2\/categories?post=13497"},{"taxonomy":"post_tag","embeddable":true,"href":"https:\/\/anoticiaonline.com.br\/site\/wp-json\/wp\/v2\/tags?post=13497"}],"curies":[{"name":"wp","href":"https:\/\/api.w.org\/{rel}","templated":true}]}}