{"id":134657,"date":"2025-03-19T10:32:36","date_gmt":"2025-03-19T13:32:36","guid":{"rendered":"http:\/\/anoticiaonline.com.br\/site\/?p=134657"},"modified":"2025-03-19T10:32:45","modified_gmt":"2025-03-19T13:32:45","slug":"sicoob-credisudeste-inaugura-nova-agencia-em-ervalia-e-celebra-25-anos-de-historia-na-cidade","status":"publish","type":"post","link":"https:\/\/anoticiaonline.com.br\/site\/sicoob-credisudeste-inaugura-nova-agencia-em-ervalia-e-celebra-25-anos-de-historia-na-cidade\/","title":{"rendered":"Sicoob Credisudeste inaugura nova ag\u00eancia em Erv\u00e1lia e celebra 25 anos de hist\u00f3ria na cidade"},"content":{"rendered":"\n<p class=\"wp-block-paragraph\">Na \u00faltima sexta-feira, 15 de mar\u00e7o, a cidade de Erv\u00e1lia celebrou um marco significativo com a inaugura\u00e7\u00e3o da nova ag\u00eancia do Sicoob Credisudeste, coincidindo com as comemora\u00e7\u00f5es dos 25 anos da cooperativa. O evento reuniu cooperados, autoridades locais e colaboradores, ressaltando o compromisso cont\u00ednuo da institui\u00e7\u00e3o com a comunidade local.<\/p>\n\n\n\n<p class=\"wp-block-paragraph\">Durante a cerim\u00f4nia, cinco s\u00f3cios fundadores foram homenageados com placas comemorativas, reconhecendo sua vis\u00e3o e dedica\u00e7\u00e3o na cria\u00e7\u00e3o e desenvolvimento da cooperativa ao longo de um quarto de s\u00e9culo.<\/p>\n\n\n\n<figure class=\"wp-block-gallery has-nested-images columns-2 is-cropped wp-block-gallery-1 is-layout-flex wp-block-gallery-is-layout-flex\">\n<figure class=\"wp-block-image size-large\"><img fetchpriority=\"high\" decoding=\"async\" width=\"525\" height=\"700\" data-id=\"134666\" src=\"https:\/\/anoticiaonline.com.br\/site\/wp-content\/uploads\/2025\/03\/IMG_9174.jpg\" alt=\"\" class=\"wp-image-134666\" srcset=\"https:\/\/anoticiaonline.com.br\/site\/wp-content\/uploads\/2025\/03\/IMG_9174.jpg 525w, https:\/\/anoticiaonline.com.br\/site\/wp-content\/uploads\/2025\/03\/IMG_9174-225x300.jpg 225w\" sizes=\"(max-width: 525px) 100vw, 525px\" \/><\/figure>\n\n\n\n<figure class=\"wp-block-image size-large\"><img decoding=\"async\" width=\"525\" height=\"700\" data-id=\"134662\" src=\"https:\/\/anoticiaonline.com.br\/site\/wp-content\/uploads\/2025\/03\/IMG_9116.jpg\" alt=\"\" class=\"wp-image-134662\" srcset=\"https:\/\/anoticiaonline.com.br\/site\/wp-content\/uploads\/2025\/03\/IMG_9116.jpg 525w, https:\/\/anoticiaonline.com.br\/site\/wp-content\/uploads\/2025\/03\/IMG_9116-225x300.jpg 225w\" sizes=\"(max-width: 525px) 100vw, 525px\" \/><\/figure>\n\n\n\n<figure class=\"wp-block-image size-large\"><img decoding=\"async\" width=\"525\" height=\"700\" data-id=\"134663\" src=\"https:\/\/anoticiaonline.com.br\/site\/wp-content\/uploads\/2025\/03\/IMG_9130.jpg\" alt=\"\" class=\"wp-image-134663\" srcset=\"https:\/\/anoticiaonline.com.br\/site\/wp-content\/uploads\/2025\/03\/IMG_9130.jpg 525w, https:\/\/anoticiaonline.com.br\/site\/wp-content\/uploads\/2025\/03\/IMG_9130-225x300.jpg 225w\" sizes=\"(max-width: 525px) 100vw, 525px\" \/><\/figure>\n\n\n\n<figure class=\"wp-block-image size-large\"><img loading=\"lazy\" decoding=\"async\" width=\"525\" height=\"700\" data-id=\"134664\" src=\"https:\/\/anoticiaonline.com.br\/site\/wp-content\/uploads\/2025\/03\/IMG_9147.jpg\" alt=\"\" class=\"wp-image-134664\" srcset=\"https:\/\/anoticiaonline.com.br\/site\/wp-content\/uploads\/2025\/03\/IMG_9147.jpg 525w, https:\/\/anoticiaonline.com.br\/site\/wp-content\/uploads\/2025\/03\/IMG_9147-225x300.jpg 225w\" sizes=\"(max-width: 525px) 100vw, 525px\" \/><\/figure>\n\n\n\n<figure class=\"wp-block-image size-large\"><img loading=\"lazy\" decoding=\"async\" width=\"525\" height=\"700\" data-id=\"134665\" src=\"https:\/\/anoticiaonline.com.br\/site\/wp-content\/uploads\/2025\/03\/IMG_9153.jpg\" alt=\"\" class=\"wp-image-134665\" srcset=\"https:\/\/anoticiaonline.com.br\/site\/wp-content\/uploads\/2025\/03\/IMG_9153.jpg 525w, https:\/\/anoticiaonline.com.br\/site\/wp-content\/uploads\/2025\/03\/IMG_9153-225x300.jpg 225w\" sizes=\"(max-width: 525px) 100vw, 525px\" \/><\/figure>\n\n\n\n<figure class=\"wp-block-image size-large\"><img loading=\"lazy\" decoding=\"async\" width=\"525\" height=\"700\" data-id=\"134661\" src=\"https:\/\/anoticiaonline.com.br\/site\/wp-content\/uploads\/2025\/03\/IMG_9082.jpg\" alt=\"\" class=\"wp-image-134661\" srcset=\"https:\/\/anoticiaonline.com.br\/site\/wp-content\/uploads\/2025\/03\/IMG_9082.jpg 525w, https:\/\/anoticiaonline.com.br\/site\/wp-content\/uploads\/2025\/03\/IMG_9082-225x300.jpg 225w\" sizes=\"(max-width: 525px) 100vw, 525px\" \/><\/figure>\n<\/figure>\n\n\n\n<p class=\"wp-block-paragraph\">O presidente do conselho, Paulo Alexandre Oliveira Carvalho, destacou a import\u00e2ncia da nova ag\u00eancia para a comunidade de Erv\u00e1lia: \u201cEsta nova ag\u00eancia simboliza nosso compromisso cont\u00ednuo com o desenvolvimento econ\u00f4mico e social de Erv\u00e1lia e regi\u00e3o. Celebrar 25 anos de hist\u00f3ria \u00e9 testemunhar o impacto positivo que o cooperativismo proporciona.\u201d<\/p>\n\n\n\n<p class=\"wp-block-paragraph\">O diretor de neg\u00f3cios, Alvino Ant\u00f4nio Gomes, ressaltou que, mesmo com o avan\u00e7o tecnol\u00f3gico e a moderniza\u00e7\u00e3o dos aplicativos do Sicoob, a cooperativa continua investindo no atendimento presencial para oferecer conforto e proximidade aos cooperados: \u201cTemos aplicativos renovados e premiados, mas sabemos que a experi\u00eancia do atendimento presencial faz a diferen\u00e7a. Por isso, investimos no conforto das ag\u00eancias, garantindo que nossos cooperados sejam atendidos com o melhor que podemos oferecer, com carinho e acolhimento.\u201d<\/p>\n\n\n\n<p class=\"wp-block-paragraph\">J\u00e1 o gerente da ag\u00eancia de Erv\u00e1lia, Renan Coelho, enfatizou os benef\u00edcios da nova estrutura para os cooperados: \u201cCom instala\u00e7\u00f5es modernas e acolhedoras, estamos preparados para oferecer um atendimento ainda mais eficiente e personalizado, refor\u00e7ando nossa miss\u00e3o de ser a principal institui\u00e7\u00e3o financeira de nossos associados.\u201d<\/p>\n\n\n\n<p class=\"wp-block-paragraph\">A nova ag\u00eancia do Sicoob Credisudeste em Erv\u00e1lia representa a evolu\u00e7\u00e3o e o fortalecimento do cooperativismo na regi\u00e3o, reafirmando seu compromisso com a comunidade e projetando um futuro promissor para os pr\u00f3ximos anos.<\/p>\n\n\n\n<figure class=\"wp-block-gallery has-nested-images columns-1 is-cropped wp-block-gallery-2 is-layout-flex wp-block-gallery-is-layout-flex\">\n<figure class=\"wp-block-image size-large\"><img loading=\"lazy\" decoding=\"async\" width=\"700\" height=\"525\" data-id=\"134672\" src=\"https:\/\/anoticiaonline.com.br\/site\/wp-content\/uploads\/2025\/03\/IMG_9039.jpg\" alt=\"\" class=\"wp-image-134672\" srcset=\"https:\/\/anoticiaonline.com.br\/site\/wp-content\/uploads\/2025\/03\/IMG_9039.jpg 700w, https:\/\/anoticiaonline.com.br\/site\/wp-content\/uploads\/2025\/03\/IMG_9039-300x225.jpg 300w\" sizes=\"(max-width: 700px) 100vw, 700px\" \/><\/figure>\n\n\n\n<figure class=\"wp-block-image size-large\"><img loading=\"lazy\" decoding=\"async\" width=\"700\" height=\"525\" data-id=\"134674\" src=\"https:\/\/anoticiaonline.com.br\/site\/wp-content\/uploads\/2025\/03\/IMG_9060.jpg\" alt=\"\" class=\"wp-image-134674\" srcset=\"https:\/\/anoticiaonline.com.br\/site\/wp-content\/uploads\/2025\/03\/IMG_9060.jpg 700w, https:\/\/anoticiaonline.com.br\/site\/wp-content\/uploads\/2025\/03\/IMG_9060-300x225.jpg 300w\" sizes=\"(max-width: 700px) 100vw, 700px\" \/><\/figure>\n\n\n\n<figure class=\"wp-block-image size-large\"><img loading=\"lazy\" decoding=\"async\" width=\"700\" height=\"525\" data-id=\"134676\" src=\"https:\/\/anoticiaonline.com.br\/site\/wp-content\/uploads\/2025\/03\/IMG_9085.jpg\" alt=\"\" class=\"wp-image-134676\" srcset=\"https:\/\/anoticiaonline.com.br\/site\/wp-content\/uploads\/2025\/03\/IMG_9085.jpg 700w, https:\/\/anoticiaonline.com.br\/site\/wp-content\/uploads\/2025\/03\/IMG_9085-300x225.jpg 300w\" sizes=\"(max-width: 700px) 100vw, 700px\" \/><\/figure>\n\n\n\n<figure class=\"wp-block-image size-large\"><img loading=\"lazy\" decoding=\"async\" width=\"700\" height=\"525\" data-id=\"134673\" src=\"https:\/\/anoticiaonline.com.br\/site\/wp-content\/uploads\/2025\/03\/IMG_9052.jpg\" alt=\"\" class=\"wp-image-134673\" srcset=\"https:\/\/anoticiaonline.com.br\/site\/wp-content\/uploads\/2025\/03\/IMG_9052.jpg 700w, https:\/\/anoticiaonline.com.br\/site\/wp-content\/uploads\/2025\/03\/IMG_9052-300x225.jpg 300w\" sizes=\"(max-width: 700px) 100vw, 700px\" \/><\/figure>\n\n\n\n<figure class=\"wp-block-image size-large\"><img loading=\"lazy\" decoding=\"async\" width=\"700\" height=\"525\" data-id=\"134677\" src=\"https:\/\/anoticiaonline.com.br\/site\/wp-content\/uploads\/2025\/03\/IMG_9167.jpg\" alt=\"\" class=\"wp-image-134677\" srcset=\"https:\/\/anoticiaonline.com.br\/site\/wp-content\/uploads\/2025\/03\/IMG_9167.jpg 700w, https:\/\/anoticiaonline.com.br\/site\/wp-content\/uploads\/2025\/03\/IMG_9167-300x225.jpg 300w\" sizes=\"(max-width: 700px) 100vw, 700px\" \/><\/figure>\n\n\n\n<figure class=\"wp-block-image size-large\"><img loading=\"lazy\" decoding=\"async\" width=\"700\" height=\"525\" data-id=\"134670\" src=\"https:\/\/anoticiaonline.com.br\/site\/wp-content\/uploads\/2025\/03\/IMG_9022.jpg\" alt=\"\" class=\"wp-image-134670\" srcset=\"https:\/\/anoticiaonline.com.br\/site\/wp-content\/uploads\/2025\/03\/IMG_9022.jpg 700w, https:\/\/anoticiaonline.com.br\/site\/wp-content\/uploads\/2025\/03\/IMG_9022-300x225.jpg 300w\" sizes=\"(max-width: 700px) 100vw, 700px\" \/><\/figure>\n\n\n\n<figure class=\"wp-block-image size-large\"><img loading=\"lazy\" decoding=\"async\" width=\"700\" height=\"525\" data-id=\"134671\" src=\"https:\/\/anoticiaonline.com.br\/site\/wp-content\/uploads\/2025\/03\/IMG_9031.jpg\" alt=\"\" class=\"wp-image-134671\" srcset=\"https:\/\/anoticiaonline.com.br\/site\/wp-content\/uploads\/2025\/03\/IMG_9031.jpg 700w, https:\/\/anoticiaonline.com.br\/site\/wp-content\/uploads\/2025\/03\/IMG_9031-300x225.jpg 300w\" sizes=\"(max-width: 700px) 100vw, 700px\" \/><\/figure>\n\n\n\n<figure class=\"wp-block-image size-large\"><img loading=\"lazy\" decoding=\"async\" width=\"525\" height=\"700\" data-id=\"134679\" src=\"https:\/\/anoticiaonline.com.br\/site\/wp-content\/uploads\/2025\/03\/IMG_9226.jpg\" alt=\"\" class=\"wp-image-134679\" srcset=\"https:\/\/anoticiaonline.com.br\/site\/wp-content\/uploads\/2025\/03\/IMG_9226.jpg 525w, https:\/\/anoticiaonline.com.br\/site\/wp-content\/uploads\/2025\/03\/IMG_9226-225x300.jpg 225w\" sizes=\"(max-width: 525px) 100vw, 525px\" \/><\/figure>\n\n\n\n<figure class=\"wp-block-image size-large\"><img loading=\"lazy\" decoding=\"async\" width=\"525\" height=\"700\" data-id=\"134680\" src=\"https:\/\/anoticiaonline.com.br\/site\/wp-content\/uploads\/2025\/03\/IMG_9237.jpg\" alt=\"\" class=\"wp-image-134680\" srcset=\"https:\/\/anoticiaonline.com.br\/site\/wp-content\/uploads\/2025\/03\/IMG_9237.jpg 525w, https:\/\/anoticiaonline.com.br\/site\/wp-content\/uploads\/2025\/03\/IMG_9237-225x300.jpg 225w\" sizes=\"(max-width: 525px) 100vw, 525px\" \/><\/figure>\n\n\n\n<figure class=\"wp-block-image size-large\"><img loading=\"lazy\" decoding=\"async\" width=\"700\" height=\"525\" data-id=\"134681\" src=\"https:\/\/anoticiaonline.com.br\/site\/wp-content\/uploads\/2025\/03\/IMG_9239.jpg\" alt=\"\" class=\"wp-image-134681\" srcset=\"https:\/\/anoticiaonline.com.br\/site\/wp-content\/uploads\/2025\/03\/IMG_9239.jpg 700w, https:\/\/anoticiaonline.com.br\/site\/wp-content\/uploads\/2025\/03\/IMG_9239-300x225.jpg 300w\" sizes=\"(max-width: 700px) 100vw, 700px\" \/><\/figure>\n\n\n\n<figure class=\"wp-block-image size-large\"><img loading=\"lazy\" decoding=\"async\" width=\"700\" height=\"525\" data-id=\"134678\" src=\"https:\/\/anoticiaonline.com.br\/site\/wp-content\/uploads\/2025\/03\/IMG_9221.jpg\" alt=\"\" class=\"wp-image-134678\" srcset=\"https:\/\/anoticiaonline.com.br\/site\/wp-content\/uploads\/2025\/03\/IMG_9221.jpg 700w, https:\/\/anoticiaonline.com.br\/site\/wp-content\/uploads\/2025\/03\/IMG_9221-300x225.jpg 300w\" sizes=\"(max-width: 700px) 100vw, 700px\" \/><\/figure>\n\n\n\n<figure class=\"wp-block-image size-large\"><img loading=\"lazy\" decoding=\"async\" width=\"700\" height=\"525\" data-id=\"134667\" src=\"https:\/\/anoticiaonline.com.br\/site\/wp-content\/uploads\/2025\/03\/IMG_8966.jpg\" alt=\"\" class=\"wp-image-134667\" srcset=\"https:\/\/anoticiaonline.com.br\/site\/wp-content\/uploads\/2025\/03\/IMG_8966.jpg 700w, https:\/\/anoticiaonline.com.br\/site\/wp-content\/uploads\/2025\/03\/IMG_8966-300x225.jpg 300w\" sizes=\"(max-width: 700px) 100vw, 700px\" \/><\/figure>\n\n\n\n<figure class=\"wp-block-image size-large\"><img loading=\"lazy\" decoding=\"async\" width=\"700\" height=\"525\" data-id=\"134669\" src=\"https:\/\/anoticiaonline.com.br\/site\/wp-content\/uploads\/2025\/03\/IMG_8992.jpg\" alt=\"\" class=\"wp-image-134669\" srcset=\"https:\/\/anoticiaonline.com.br\/site\/wp-content\/uploads\/2025\/03\/IMG_8992.jpg 700w, https:\/\/anoticiaonline.com.br\/site\/wp-content\/uploads\/2025\/03\/IMG_8992-300x225.jpg 300w\" sizes=\"(max-width: 700px) 100vw, 700px\" \/><\/figure>\n\n\n\n<figure class=\"wp-block-image size-large\"><img loading=\"lazy\" decoding=\"async\" width=\"700\" height=\"525\" data-id=\"134683\" src=\"https:\/\/anoticiaonline.com.br\/site\/wp-content\/uploads\/2025\/03\/IMG_9298.jpg\" alt=\"\" class=\"wp-image-134683\" srcset=\"https:\/\/anoticiaonline.com.br\/site\/wp-content\/uploads\/2025\/03\/IMG_9298.jpg 700w, https:\/\/anoticiaonline.com.br\/site\/wp-content\/uploads\/2025\/03\/IMG_9298-300x225.jpg 300w\" sizes=\"(max-width: 700px) 100vw, 700px\" \/><\/figure>\n\n\n\n<figure class=\"wp-block-image size-large\"><img loading=\"lazy\" decoding=\"async\" width=\"525\" height=\"700\" data-id=\"134682\" src=\"https:\/\/anoticiaonline.com.br\/site\/wp-content\/uploads\/2025\/03\/IMG_9276.jpg\" alt=\"\" class=\"wp-image-134682\" srcset=\"https:\/\/anoticiaonline.com.br\/site\/wp-content\/uploads\/2025\/03\/IMG_9276.jpg 525w, https:\/\/anoticiaonline.com.br\/site\/wp-content\/uploads\/2025\/03\/IMG_9276-225x300.jpg 225w\" sizes=\"(max-width: 525px) 100vw, 525px\" \/><\/figure>\n\n\n\n<figure class=\"wp-block-image size-large\"><img loading=\"lazy\" decoding=\"async\" width=\"700\" height=\"525\" data-id=\"134684\" src=\"https:\/\/anoticiaonline.com.br\/site\/wp-content\/uploads\/2025\/03\/IMG_9312.jpg\" alt=\"\" class=\"wp-image-134684\" srcset=\"https:\/\/anoticiaonline.com.br\/site\/wp-content\/uploads\/2025\/03\/IMG_9312.jpg 700w, https:\/\/anoticiaonline.com.br\/site\/wp-content\/uploads\/2025\/03\/IMG_9312-300x225.jpg 300w\" sizes=\"(max-width: 700px) 100vw, 700px\" \/><\/figure>\n\n\n\n<figure class=\"wp-block-image size-large\"><img loading=\"lazy\" decoding=\"async\" width=\"700\" height=\"525\" data-id=\"134668\" src=\"https:\/\/anoticiaonline.com.br\/site\/wp-content\/uploads\/2025\/03\/IMG_8967-1.jpg\" alt=\"\" class=\"wp-image-134668\" srcset=\"https:\/\/anoticiaonline.com.br\/site\/wp-content\/uploads\/2025\/03\/IMG_8967-1.jpg 700w, https:\/\/anoticiaonline.com.br\/site\/wp-content\/uploads\/2025\/03\/IMG_8967-1-300x225.jpg 300w\" sizes=\"(max-width: 700px) 100vw, 700px\" \/><\/figure>\n<\/figure>\n","protected":false},"excerpt":{"rendered":"<p>Na \u00faltima sexta-feira, 15 de mar\u00e7o, a cidade de Erv\u00e1lia celebrou um marco significativo com a inaugura\u00e7\u00e3o da nova ag\u00eancia do Sicoob Credisudeste, coincidindo com as comemora\u00e7\u00f5es dos 25 anos da cooperativa. O evento reuniu cooperados, autoridades locais e colaboradores, ressaltando o compromisso cont\u00ednuo da institui\u00e7\u00e3o com a comunidade local. Durante a cerim\u00f4nia, cinco s\u00f3cios &#8230; <a title=\"Sicoob Credisudeste inaugura nova ag\u00eancia em Erv\u00e1lia e celebra 25 anos de hist\u00f3ria na cidade\" class=\"read-more\" href=\"https:\/\/anoticiaonline.com.br\/site\/sicoob-credisudeste-inaugura-nova-agencia-em-ervalia-e-celebra-25-anos-de-historia-na-cidade\/\" aria-label=\"Read more about Sicoob Credisudeste inaugura nova ag\u00eancia em Erv\u00e1lia e celebra 25 anos de hist\u00f3ria na cidade\">Ler mais<\/a><\/p>\n","protected":false},"author":7,"featured_media":134660,"comment_status":"open","ping_status":"closed","sticky":false,"template":"","format":"standard","meta":{"_acf_changed":false,"_monsterinsights_skip_tracking":false,"footnotes":""},"categories":[30,2893,24,1,6,7660],"tags":[],"class_list":["post-134657","post","type-post","status-publish","format-standard","has-post-thumbnail","hentry","category-muriae","category-cotidiano","category-eventos","category-gerais","category-regiao","category-slide-principal"],"acf":[],"aioseo_notices":[],"aioseo_head":"\n\t\t<!-- All in One SEO 5.0.0.1 - aioseo.com -->\n\t<meta name=\"description\" content=\"Na \u00faltima sexta-feira, 15 de mar\u00e7o, a cidade de Erv\u00e1lia celebrou um marco significativo com a inaugura\u00e7\u00e3o da nova ag\u00eancia do Sicoob Credisudeste, coincidindo com as comemora\u00e7\u00f5es dos 25 anos da cooperativa. O evento reuniu cooperados, autoridades locais e colaboradores, ressaltando o compromisso cont\u00ednuo da institui\u00e7\u00e3o com a comunidade local. Durante a cerim\u00f4nia, cinco s\u00f3cios\" \/>\n\t<meta name=\"robots\" content=\"max-image-preview:large\" \/>\n\t<meta name=\"author\" content=\"Leandro Bebiano\"\/>\n\t<link rel=\"canonical\" href=\"https:\/\/anoticiaonline.com.br\/site\/sicoob-credisudeste-inaugura-nova-agencia-em-ervalia-e-celebra-25-anos-de-historia-na-cidade\/\" \/>\n\t<meta name=\"generator\" content=\"All in One SEO (AIOSEO) 5.0.0.1\" \/>\n\t\t<meta property=\"og:locale\" content=\"pt_BR\" \/>\n\t\t<meta property=\"og:site_name\" content=\"A Not\u00edcia Online - Noticias de Muria\u00e9 e regi\u00e3o\" \/>\n\t\t<meta property=\"og:type\" content=\"article\" \/>\n\t\t<meta property=\"og:title\" content=\"Sicoob Credisudeste inaugura nova ag\u00eancia em Erv\u00e1lia e celebra 25 anos de hist\u00f3ria na cidade - A Not\u00edcia Online\" \/>\n\t\t<meta property=\"og:description\" content=\"Na \u00faltima sexta-feira, 15 de mar\u00e7o, a cidade de Erv\u00e1lia celebrou um marco significativo com a inaugura\u00e7\u00e3o da nova ag\u00eancia do Sicoob Credisudeste, coincidindo com as comemora\u00e7\u00f5es dos 25 anos da cooperativa. O evento reuniu cooperados, autoridades locais e colaboradores, ressaltando o compromisso cont\u00ednuo da institui\u00e7\u00e3o com a comunidade local. Durante a cerim\u00f4nia, cinco s\u00f3cios\" \/>\n\t\t<meta property=\"og:url\" content=\"https:\/\/anoticiaonline.com.br\/site\/sicoob-credisudeste-inaugura-nova-agencia-em-ervalia-e-celebra-25-anos-de-historia-na-cidade\/\" \/>\n\t\t<meta property=\"og:image\" content=\"https:\/\/scontent-gig4-1.xx.fbcdn.net\/v\/t39.30808-1\/270437624_4564083193639691_6907940295614233970_n.jpg?stp=dst-jpg_s200x200_tt6&#038;_nc_cat=111&#038;ccb=1-7&#038;_nc_sid=f907e8&#038;_nc_ohc=SM1wRlP3lJwQ7kNvwEPuBYA&#038;_nc_oc=AdnqrjDN_BNjSSHWO-GbkIWH6fkGMLw4bqvL_NH6e2wMveX7G-rP2dAqsDSq1mJMOaY&#038;_nc_zt=24&#038;_nc_ht=scontent-gig4-1.xx&#038;_nc_gid=AoBFJeGrT1hVaew_6rchkQ&#038;oh=00_AfX7QmFGhQhG2jAllVgXCiM1ZrWgvtp80-Bfppyexh1QEg&#038;oe=689E923C\" \/>\n\t\t<meta property=\"og:image:secure_url\" content=\"https:\/\/scontent-gig4-1.xx.fbcdn.net\/v\/t39.30808-1\/270437624_4564083193639691_6907940295614233970_n.jpg?stp=dst-jpg_s200x200_tt6&#038;_nc_cat=111&#038;ccb=1-7&#038;_nc_sid=f907e8&#038;_nc_ohc=SM1wRlP3lJwQ7kNvwEPuBYA&#038;_nc_oc=AdnqrjDN_BNjSSHWO-GbkIWH6fkGMLw4bqvL_NH6e2wMveX7G-rP2dAqsDSq1mJMOaY&#038;_nc_zt=24&#038;_nc_ht=scontent-gig4-1.xx&#038;_nc_gid=AoBFJeGrT1hVaew_6rchkQ&#038;oh=00_AfX7QmFGhQhG2jAllVgXCiM1ZrWgvtp80-Bfppyexh1QEg&#038;oe=689E923C\" \/>\n\t\t<meta property=\"article:published_time\" content=\"2025-03-19T13:32:36+00:00\" \/>\n\t\t<meta property=\"article:modified_time\" content=\"2025-03-19T13:32:45+00:00\" \/>\n\t\t<meta name=\"twitter:card\" content=\"summary_large_image\" \/>\n\t\t<meta name=\"twitter:title\" content=\"Sicoob Credisudeste inaugura nova ag\u00eancia em Erv\u00e1lia e celebra 25 anos de hist\u00f3ria na cidade - A Not\u00edcia Online\" \/>\n\t\t<meta name=\"twitter:description\" content=\"Na \u00faltima sexta-feira, 15 de mar\u00e7o, a cidade de Erv\u00e1lia celebrou um marco significativo com a inaugura\u00e7\u00e3o da nova ag\u00eancia do Sicoob Credisudeste, coincidindo com as comemora\u00e7\u00f5es dos 25 anos da cooperativa. O evento reuniu cooperados, autoridades locais e colaboradores, ressaltando o compromisso cont\u00ednuo da institui\u00e7\u00e3o com a comunidade local. Durante a cerim\u00f4nia, cinco s\u00f3cios\" \/>\n\t\t<meta name=\"twitter:image\" content=\"https:\/\/scontent-gig4-1.xx.fbcdn.net\/v\/t39.30808-1\/270437624_4564083193639691_6907940295614233970_n.jpg?stp=dst-jpg_s200x200_tt6&amp;_nc_cat=111&amp;ccb=1-7&amp;_nc_sid=f907e8&amp;_nc_ohc=SM1wRlP3lJwQ7kNvwEPuBYA&amp;_nc_oc=AdnqrjDN_BNjSSHWO-GbkIWH6fkGMLw4bqvL_NH6e2wMveX7G-rP2dAqsDSq1mJMOaY&amp;_nc_zt=24&amp;_nc_ht=scontent-gig4-1.xx&amp;_nc_gid=AoBFJeGrT1hVaew_6rchkQ&amp;oh=00_AfX7QmFGhQhG2jAllVgXCiM1ZrWgvtp80-Bfppyexh1QEg&amp;oe=689E923C\" \/>\n\t\t<script type=\"application\/ld+json\" class=\"aioseo-schema\">\n\t\t\t{\"@context\":\"https:\\\/\\\/schema.org\",\"@graph\":[{\"@type\":\"BlogPosting\",\"@id\":\"https:\\\/\\\/anoticiaonline.com.br\\\/site\\\/sicoob-credisudeste-inaugura-nova-agencia-em-ervalia-e-celebra-25-anos-de-historia-na-cidade\\\/#blogposting\",\"name\":\"Sicoob Credisudeste inaugura nova ag\\u00eancia em Erv\\u00e1lia e celebra 25 anos de hist\\u00f3ria na cidade - A Not\\u00edcia Online\",\"headline\":\"Sicoob Credisudeste inaugura nova ag\\u00eancia em Erv\\u00e1lia e celebra 25 anos de hist\\u00f3ria na cidade\",\"author\":{\"@id\":\"https:\\\/\\\/anoticiaonline.com.br\\\/site\\\/author\\\/leandro\\\/#author\"},\"publisher\":{\"@id\":\"https:\\\/\\\/anoticiaonline.com.br\\\/site\\\/#organization\"},\"image\":{\"@type\":\"ImageObject\",\"url\":\"https:\\\/\\\/anoticiaonline.com.br\\\/site\\\/wp-content\\\/uploads\\\/2025\\\/03\\\/IMG_9252.jpg\",\"width\":700,\"height\":525},\"datePublished\":\"2025-03-19T10:32:36-03:00\",\"dateModified\":\"2025-03-19T10:32:45-03:00\",\"inLanguage\":\"pt-BR\",\"mainEntityOfPage\":{\"@id\":\"https:\\\/\\\/anoticiaonline.com.br\\\/site\\\/sicoob-credisudeste-inaugura-nova-agencia-em-ervalia-e-celebra-25-anos-de-historia-na-cidade\\\/#webpage\"},\"isPartOf\":{\"@id\":\"https:\\\/\\\/anoticiaonline.com.br\\\/site\\\/sicoob-credisudeste-inaugura-nova-agencia-em-ervalia-e-celebra-25-anos-de-historia-na-cidade\\\/#webpage\"},\"articleSection\":\"Blog, Cotidiano, Eventos, Gerais, Regi\\u00e3o, Slide principal\"},{\"@type\":\"BreadcrumbList\",\"@id\":\"https:\\\/\\\/anoticiaonline.com.br\\\/site\\\/sicoob-credisudeste-inaugura-nova-agencia-em-ervalia-e-celebra-25-anos-de-historia-na-cidade\\\/#breadcrumblist\",\"itemListElement\":[{\"@type\":\"ListItem\",\"@id\":\"https:\\\/\\\/anoticiaonline.com.br\\\/site#listItem\",\"position\":1,\"name\":\"Home\",\"item\":\"https:\\\/\\\/anoticiaonline.com.br\\\/site\",\"nextItem\":{\"@type\":\"ListItem\",\"@id\":\"https:\\\/\\\/anoticiaonline.com.br\\\/site\\\/categoria\\\/muriae\\\/#listItem\",\"name\":\"Blog\"}},{\"@type\":\"ListItem\",\"@id\":\"https:\\\/\\\/anoticiaonline.com.br\\\/site\\\/categoria\\\/muriae\\\/#listItem\",\"position\":2,\"name\":\"Blog\",\"item\":\"https:\\\/\\\/anoticiaonline.com.br\\\/site\\\/categoria\\\/muriae\\\/\",\"nextItem\":{\"@type\":\"ListItem\",\"@id\":\"https:\\\/\\\/anoticiaonline.com.br\\\/site\\\/categoria\\\/muriae\\\/cotidiano\\\/#listItem\",\"name\":\"Cotidiano\"},\"previousItem\":{\"@type\":\"ListItem\",\"@id\":\"https:\\\/\\\/anoticiaonline.com.br\\\/site#listItem\",\"name\":\"Home\"}},{\"@type\":\"ListItem\",\"@id\":\"https:\\\/\\\/anoticiaonline.com.br\\\/site\\\/categoria\\\/muriae\\\/cotidiano\\\/#listItem\",\"position\":3,\"name\":\"Cotidiano\",\"item\":\"https:\\\/\\\/anoticiaonline.com.br\\\/site\\\/categoria\\\/muriae\\\/cotidiano\\\/\",\"nextItem\":{\"@type\":\"ListItem\",\"@id\":\"https:\\\/\\\/anoticiaonline.com.br\\\/site\\\/sicoob-credisudeste-inaugura-nova-agencia-em-ervalia-e-celebra-25-anos-de-historia-na-cidade\\\/#listItem\",\"name\":\"Sicoob Credisudeste inaugura nova ag\\u00eancia em Erv\\u00e1lia e celebra 25 anos de hist\\u00f3ria na cidade\"},\"previousItem\":{\"@type\":\"ListItem\",\"@id\":\"https:\\\/\\\/anoticiaonline.com.br\\\/site\\\/categoria\\\/muriae\\\/#listItem\",\"name\":\"Blog\"}},{\"@type\":\"ListItem\",\"@id\":\"https:\\\/\\\/anoticiaonline.com.br\\\/site\\\/sicoob-credisudeste-inaugura-nova-agencia-em-ervalia-e-celebra-25-anos-de-historia-na-cidade\\\/#listItem\",\"position\":4,\"name\":\"Sicoob Credisudeste inaugura nova ag\\u00eancia em Erv\\u00e1lia e celebra 25 anos de hist\\u00f3ria na cidade\",\"previousItem\":{\"@type\":\"ListItem\",\"@id\":\"https:\\\/\\\/anoticiaonline.com.br\\\/site\\\/categoria\\\/muriae\\\/cotidiano\\\/#listItem\",\"name\":\"Cotidiano\"}}]},{\"@type\":\"Organization\",\"@id\":\"https:\\\/\\\/anoticiaonline.com.br\\\/site\\\/#organization\",\"name\":\"A Not\\u00edcia Online\",\"description\":\"Noticias de Muria\\u00e9 e regi\\u00e3o\",\"url\":\"https:\\\/\\\/anoticiaonline.com.br\\\/site\\\/\",\"logo\":{\"@type\":\"ImageObject\",\"url\":\"https:\\\/\\\/scontent-gig4-1.xx.fbcdn.net\\\/v\\\/t39.30808-1\\\/270437624_4564083193639691_6907940295614233970_n.jpg?stp=dst-jpg_s200x200_tt6&_nc_cat=111&ccb=1-7&_nc_sid=f907e8&_nc_ohc=SM1wRlP3lJwQ7kNvwEPuBYA&_nc_oc=AdnqrjDN_BNjSSHWO-GbkIWH6fkGMLw4bqvL_NH6e2wMveX7G-rP2dAqsDSq1mJMOaY&_nc_zt=24&_nc_ht=scontent-gig4-1.xx&_nc_gid=AoBFJeGrT1hVaew_6rchkQ&oh=00_AfX7QmFGhQhG2jAllVgXCiM1ZrWgvtp80-Bfppyexh1QEg&oe=689E923C\",\"@id\":\"https:\\\/\\\/anoticiaonline.com.br\\\/site\\\/sicoob-credisudeste-inaugura-nova-agencia-em-ervalia-e-celebra-25-anos-de-historia-na-cidade\\\/#organizationLogo\"},\"image\":{\"@id\":\"https:\\\/\\\/anoticiaonline.com.br\\\/site\\\/sicoob-credisudeste-inaugura-nova-agencia-em-ervalia-e-celebra-25-anos-de-historia-na-cidade\\\/#organizationLogo\"}},{\"@type\":\"Person\",\"@id\":\"https:\\\/\\\/anoticiaonline.com.br\\\/site\\\/author\\\/leandro\\\/#author\",\"url\":\"https:\\\/\\\/anoticiaonline.com.br\\\/site\\\/author\\\/leandro\\\/\",\"name\":\"Leandro Bebiano\",\"image\":{\"@type\":\"ImageObject\",\"@id\":\"https:\\\/\\\/anoticiaonline.com.br\\\/site\\\/sicoob-credisudeste-inaugura-nova-agencia-em-ervalia-e-celebra-25-anos-de-historia-na-cidade\\\/#authorImage\",\"url\":\"https:\\\/\\\/secure.gravatar.com\\\/avatar\\\/99966a20c143db97c8590c2013307c7c234a4cca48ed5657cbb47e22a400bd5f?s=96&d=mm&r=g\",\"width\":96,\"height\":96,\"caption\":\"Leandro Bebiano\"}},{\"@type\":\"WebPage\",\"@id\":\"https:\\\/\\\/anoticiaonline.com.br\\\/site\\\/sicoob-credisudeste-inaugura-nova-agencia-em-ervalia-e-celebra-25-anos-de-historia-na-cidade\\\/#webpage\",\"url\":\"https:\\\/\\\/anoticiaonline.com.br\\\/site\\\/sicoob-credisudeste-inaugura-nova-agencia-em-ervalia-e-celebra-25-anos-de-historia-na-cidade\\\/\",\"name\":\"Sicoob Credisudeste inaugura nova ag\\u00eancia em Erv\\u00e1lia e celebra 25 anos de hist\\u00f3ria na cidade - A Not\\u00edcia Online\",\"description\":\"Na \\u00faltima sexta-feira, 15 de mar\\u00e7o, a cidade de Erv\\u00e1lia celebrou um marco significativo com a inaugura\\u00e7\\u00e3o da nova ag\\u00eancia do Sicoob Credisudeste, coincidindo com as comemora\\u00e7\\u00f5es dos 25 anos da cooperativa. O evento reuniu cooperados, autoridades locais e colaboradores, ressaltando o compromisso cont\\u00ednuo da institui\\u00e7\\u00e3o com a comunidade local. Durante a cerim\\u00f4nia, cinco s\\u00f3cios\",\"inLanguage\":\"pt-BR\",\"isPartOf\":{\"@id\":\"https:\\\/\\\/anoticiaonline.com.br\\\/site\\\/#website\"},\"breadcrumb\":{\"@id\":\"https:\\\/\\\/anoticiaonline.com.br\\\/site\\\/sicoob-credisudeste-inaugura-nova-agencia-em-ervalia-e-celebra-25-anos-de-historia-na-cidade\\\/#breadcrumblist\"},\"author\":{\"@id\":\"https:\\\/\\\/anoticiaonline.com.br\\\/site\\\/author\\\/leandro\\\/#author\"},\"creator\":{\"@id\":\"https:\\\/\\\/anoticiaonline.com.br\\\/site\\\/author\\\/leandro\\\/#author\"},\"image\":{\"@type\":\"ImageObject\",\"url\":\"https:\\\/\\\/anoticiaonline.com.br\\\/site\\\/wp-content\\\/uploads\\\/2025\\\/03\\\/IMG_9252.jpg\",\"@id\":\"https:\\\/\\\/anoticiaonline.com.br\\\/site\\\/sicoob-credisudeste-inaugura-nova-agencia-em-ervalia-e-celebra-25-anos-de-historia-na-cidade\\\/#mainImage\",\"width\":700,\"height\":525},\"primaryImageOfPage\":{\"@id\":\"https:\\\/\\\/anoticiaonline.com.br\\\/site\\\/sicoob-credisudeste-inaugura-nova-agencia-em-ervalia-e-celebra-25-anos-de-historia-na-cidade\\\/#mainImage\"},\"datePublished\":\"2025-03-19T10:32:36-03:00\",\"dateModified\":\"2025-03-19T10:32:45-03:00\"},{\"@type\":\"WebSite\",\"@id\":\"https:\\\/\\\/anoticiaonline.com.br\\\/site\\\/#website\",\"url\":\"https:\\\/\\\/anoticiaonline.com.br\\\/site\\\/\",\"name\":\"A Not\\u00edcia Online\",\"description\":\"Noticias de Muria\\u00e9 e regi\\u00e3o\",\"inLanguage\":\"pt-BR\",\"publisher\":{\"@id\":\"https:\\\/\\\/anoticiaonline.com.br\\\/site\\\/#organization\"}}]}\n\t\t<\/script>\n\t\t<!-- All in One SEO -->\n\n","aioseo_head_json":{"title":"Sicoob Credisudeste inaugura nova ag\u00eancia em Erv\u00e1lia e celebra 25 anos de hist\u00f3ria na cidade - A Not\u00edcia Online","description":"Na \u00faltima sexta-feira, 15 de mar\u00e7o, a cidade de Erv\u00e1lia celebrou um marco significativo com a inaugura\u00e7\u00e3o da nova ag\u00eancia do Sicoob Credisudeste, coincidindo com as comemora\u00e7\u00f5es dos 25 anos da cooperativa. O evento reuniu cooperados, autoridades locais e colaboradores, ressaltando o compromisso cont\u00ednuo da institui\u00e7\u00e3o com a comunidade local. Durante a cerim\u00f4nia, cinco s\u00f3cios","canonical_url":"https:\/\/anoticiaonline.com.br\/site\/sicoob-credisudeste-inaugura-nova-agencia-em-ervalia-e-celebra-25-anos-de-historia-na-cidade\/","robots":"max-image-preview:large","keywords":"","webmasterTools":{"miscellaneous":""},"schema":{"@context":"https:\/\/schema.org","@graph":[{"@type":"BlogPosting","@id":"https:\/\/anoticiaonline.com.br\/site\/sicoob-credisudeste-inaugura-nova-agencia-em-ervalia-e-celebra-25-anos-de-historia-na-cidade\/#blogposting","name":"Sicoob Credisudeste inaugura nova ag\u00eancia em Erv\u00e1lia e celebra 25 anos de hist\u00f3ria na cidade - A Not\u00edcia Online","headline":"Sicoob Credisudeste inaugura nova ag\u00eancia em Erv\u00e1lia e celebra 25 anos de hist\u00f3ria na cidade","author":{"@id":"https:\/\/anoticiaonline.com.br\/site\/author\/leandro\/#author"},"publisher":{"@id":"https:\/\/anoticiaonline.com.br\/site\/#organization"},"image":{"@type":"ImageObject","url":"https:\/\/anoticiaonline.com.br\/site\/wp-content\/uploads\/2025\/03\/IMG_9252.jpg","width":700,"height":525},"datePublished":"2025-03-19T10:32:36-03:00","dateModified":"2025-03-19T10:32:45-03:00","inLanguage":"pt-BR","mainEntityOfPage":{"@id":"https:\/\/anoticiaonline.com.br\/site\/sicoob-credisudeste-inaugura-nova-agencia-em-ervalia-e-celebra-25-anos-de-historia-na-cidade\/#webpage"},"isPartOf":{"@id":"https:\/\/anoticiaonline.com.br\/site\/sicoob-credisudeste-inaugura-nova-agencia-em-ervalia-e-celebra-25-anos-de-historia-na-cidade\/#webpage"},"articleSection":"Blog, Cotidiano, Eventos, Gerais, Regi\u00e3o, Slide principal"},{"@type":"BreadcrumbList","@id":"https:\/\/anoticiaonline.com.br\/site\/sicoob-credisudeste-inaugura-nova-agencia-em-ervalia-e-celebra-25-anos-de-historia-na-cidade\/#breadcrumblist","itemListElement":[{"@type":"ListItem","@id":"https:\/\/anoticiaonline.com.br\/site#listItem","position":1,"name":"Home","item":"https:\/\/anoticiaonline.com.br\/site","nextItem":{"@type":"ListItem","@id":"https:\/\/anoticiaonline.com.br\/site\/categoria\/muriae\/#listItem","name":"Blog"}},{"@type":"ListItem","@id":"https:\/\/anoticiaonline.com.br\/site\/categoria\/muriae\/#listItem","position":2,"name":"Blog","item":"https:\/\/anoticiaonline.com.br\/site\/categoria\/muriae\/","nextItem":{"@type":"ListItem","@id":"https:\/\/anoticiaonline.com.br\/site\/categoria\/muriae\/cotidiano\/#listItem","name":"Cotidiano"},"previousItem":{"@type":"ListItem","@id":"https:\/\/anoticiaonline.com.br\/site#listItem","name":"Home"}},{"@type":"ListItem","@id":"https:\/\/anoticiaonline.com.br\/site\/categoria\/muriae\/cotidiano\/#listItem","position":3,"name":"Cotidiano","item":"https:\/\/anoticiaonline.com.br\/site\/categoria\/muriae\/cotidiano\/","nextItem":{"@type":"ListItem","@id":"https:\/\/anoticiaonline.com.br\/site\/sicoob-credisudeste-inaugura-nova-agencia-em-ervalia-e-celebra-25-anos-de-historia-na-cidade\/#listItem","name":"Sicoob Credisudeste inaugura nova ag\u00eancia em Erv\u00e1lia e celebra 25 anos de hist\u00f3ria na cidade"},"previousItem":{"@type":"ListItem","@id":"https:\/\/anoticiaonline.com.br\/site\/categoria\/muriae\/#listItem","name":"Blog"}},{"@type":"ListItem","@id":"https:\/\/anoticiaonline.com.br\/site\/sicoob-credisudeste-inaugura-nova-agencia-em-ervalia-e-celebra-25-anos-de-historia-na-cidade\/#listItem","position":4,"name":"Sicoob Credisudeste inaugura nova ag\u00eancia em Erv\u00e1lia e celebra 25 anos de hist\u00f3ria na cidade","previousItem":{"@type":"ListItem","@id":"https:\/\/anoticiaonline.com.br\/site\/categoria\/muriae\/cotidiano\/#listItem","name":"Cotidiano"}}]},{"@type":"Organization","@id":"https:\/\/anoticiaonline.com.br\/site\/#organization","name":"A Not\u00edcia Online","description":"Noticias de Muria\u00e9 e regi\u00e3o","url":"https:\/\/anoticiaonline.com.br\/site\/","logo":{"@type":"ImageObject","url":"https:\/\/scontent-gig4-1.xx.fbcdn.net\/v\/t39.30808-1\/270437624_4564083193639691_6907940295614233970_n.jpg?stp=dst-jpg_s200x200_tt6&_nc_cat=111&ccb=1-7&_nc_sid=f907e8&_nc_ohc=SM1wRlP3lJwQ7kNvwEPuBYA&_nc_oc=AdnqrjDN_BNjSSHWO-GbkIWH6fkGMLw4bqvL_NH6e2wMveX7G-rP2dAqsDSq1mJMOaY&_nc_zt=24&_nc_ht=scontent-gig4-1.xx&_nc_gid=AoBFJeGrT1hVaew_6rchkQ&oh=00_AfX7QmFGhQhG2jAllVgXCiM1ZrWgvtp80-Bfppyexh1QEg&oe=689E923C","@id":"https:\/\/anoticiaonline.com.br\/site\/sicoob-credisudeste-inaugura-nova-agencia-em-ervalia-e-celebra-25-anos-de-historia-na-cidade\/#organizationLogo"},"image":{"@id":"https:\/\/anoticiaonline.com.br\/site\/sicoob-credisudeste-inaugura-nova-agencia-em-ervalia-e-celebra-25-anos-de-historia-na-cidade\/#organizationLogo"}},{"@type":"Person","@id":"https:\/\/anoticiaonline.com.br\/site\/author\/leandro\/#author","url":"https:\/\/anoticiaonline.com.br\/site\/author\/leandro\/","name":"Leandro Bebiano","image":{"@type":"ImageObject","@id":"https:\/\/anoticiaonline.com.br\/site\/sicoob-credisudeste-inaugura-nova-agencia-em-ervalia-e-celebra-25-anos-de-historia-na-cidade\/#authorImage","url":"https:\/\/secure.gravatar.com\/avatar\/99966a20c143db97c8590c2013307c7c234a4cca48ed5657cbb47e22a400bd5f?s=96&d=mm&r=g","width":96,"height":96,"caption":"Leandro Bebiano"}},{"@type":"WebPage","@id":"https:\/\/anoticiaonline.com.br\/site\/sicoob-credisudeste-inaugura-nova-agencia-em-ervalia-e-celebra-25-anos-de-historia-na-cidade\/#webpage","url":"https:\/\/anoticiaonline.com.br\/site\/sicoob-credisudeste-inaugura-nova-agencia-em-ervalia-e-celebra-25-anos-de-historia-na-cidade\/","name":"Sicoob Credisudeste inaugura nova ag\u00eancia em Erv\u00e1lia e celebra 25 anos de hist\u00f3ria na cidade - A Not\u00edcia Online","description":"Na \u00faltima sexta-feira, 15 de mar\u00e7o, a cidade de Erv\u00e1lia celebrou um marco significativo com a inaugura\u00e7\u00e3o da nova ag\u00eancia do Sicoob Credisudeste, coincidindo com as comemora\u00e7\u00f5es dos 25 anos da cooperativa. O evento reuniu cooperados, autoridades locais e colaboradores, ressaltando o compromisso cont\u00ednuo da institui\u00e7\u00e3o com a comunidade local. Durante a cerim\u00f4nia, cinco s\u00f3cios","inLanguage":"pt-BR","isPartOf":{"@id":"https:\/\/anoticiaonline.com.br\/site\/#website"},"breadcrumb":{"@id":"https:\/\/anoticiaonline.com.br\/site\/sicoob-credisudeste-inaugura-nova-agencia-em-ervalia-e-celebra-25-anos-de-historia-na-cidade\/#breadcrumblist"},"author":{"@id":"https:\/\/anoticiaonline.com.br\/site\/author\/leandro\/#author"},"creator":{"@id":"https:\/\/anoticiaonline.com.br\/site\/author\/leandro\/#author"},"image":{"@type":"ImageObject","url":"https:\/\/anoticiaonline.com.br\/site\/wp-content\/uploads\/2025\/03\/IMG_9252.jpg","@id":"https:\/\/anoticiaonline.com.br\/site\/sicoob-credisudeste-inaugura-nova-agencia-em-ervalia-e-celebra-25-anos-de-historia-na-cidade\/#mainImage","width":700,"height":525},"primaryImageOfPage":{"@id":"https:\/\/anoticiaonline.com.br\/site\/sicoob-credisudeste-inaugura-nova-agencia-em-ervalia-e-celebra-25-anos-de-historia-na-cidade\/#mainImage"},"datePublished":"2025-03-19T10:32:36-03:00","dateModified":"2025-03-19T10:32:45-03:00"},{"@type":"WebSite","@id":"https:\/\/anoticiaonline.com.br\/site\/#website","url":"https:\/\/anoticiaonline.com.br\/site\/","name":"A Not\u00edcia Online","description":"Noticias de Muria\u00e9 e regi\u00e3o","inLanguage":"pt-BR","publisher":{"@id":"https:\/\/anoticiaonline.com.br\/site\/#organization"}}]},"og:locale":"pt_BR","og:site_name":"A Not\u00edcia Online - Noticias de Muria\u00e9 e regi\u00e3o","og:type":"article","og:title":"Sicoob Credisudeste inaugura nova ag\u00eancia em Erv\u00e1lia e celebra 25 anos de hist\u00f3ria na cidade - A Not\u00edcia Online","og:description":"Na \u00faltima sexta-feira, 15 de mar\u00e7o, a cidade de Erv\u00e1lia celebrou um marco significativo com a inaugura\u00e7\u00e3o da nova ag\u00eancia do Sicoob Credisudeste, coincidindo com as comemora\u00e7\u00f5es dos 25 anos da cooperativa. O evento reuniu cooperados, autoridades locais e colaboradores, ressaltando o compromisso cont\u00ednuo da institui\u00e7\u00e3o com a comunidade local. Durante a cerim\u00f4nia, cinco s\u00f3cios","og:url":"https:\/\/anoticiaonline.com.br\/site\/sicoob-credisudeste-inaugura-nova-agencia-em-ervalia-e-celebra-25-anos-de-historia-na-cidade\/","og:image":"https:\/\/scontent-gig4-1.xx.fbcdn.net\/v\/t39.30808-1\/270437624_4564083193639691_6907940295614233970_n.jpg?stp=dst-jpg_s200x200_tt6&#038;_nc_cat=111&#038;ccb=1-7&#038;_nc_sid=f907e8&#038;_nc_ohc=SM1wRlP3lJwQ7kNvwEPuBYA&#038;_nc_oc=AdnqrjDN_BNjSSHWO-GbkIWH6fkGMLw4bqvL_NH6e2wMveX7G-rP2dAqsDSq1mJMOaY&#038;_nc_zt=24&#038;_nc_ht=scontent-gig4-1.xx&#038;_nc_gid=AoBFJeGrT1hVaew_6rchkQ&#038;oh=00_AfX7QmFGhQhG2jAllVgXCiM1ZrWgvtp80-Bfppyexh1QEg&#038;oe=689E923C","og:image:secure_url":"https:\/\/scontent-gig4-1.xx.fbcdn.net\/v\/t39.30808-1\/270437624_4564083193639691_6907940295614233970_n.jpg?stp=dst-jpg_s200x200_tt6&#038;_nc_cat=111&#038;ccb=1-7&#038;_nc_sid=f907e8&#038;_nc_ohc=SM1wRlP3lJwQ7kNvwEPuBYA&#038;_nc_oc=AdnqrjDN_BNjSSHWO-GbkIWH6fkGMLw4bqvL_NH6e2wMveX7G-rP2dAqsDSq1mJMOaY&#038;_nc_zt=24&#038;_nc_ht=scontent-gig4-1.xx&#038;_nc_gid=AoBFJeGrT1hVaew_6rchkQ&#038;oh=00_AfX7QmFGhQhG2jAllVgXCiM1ZrWgvtp80-Bfppyexh1QEg&#038;oe=689E923C","article:published_time":"2025-03-19T13:32:36+00:00","article:modified_time":"2025-03-19T13:32:45+00:00","twitter:card":"summary_large_image","twitter:title":"Sicoob Credisudeste inaugura nova ag\u00eancia em Erv\u00e1lia e celebra 25 anos de hist\u00f3ria na cidade - A Not\u00edcia Online","twitter:description":"Na \u00faltima sexta-feira, 15 de mar\u00e7o, a cidade de Erv\u00e1lia celebrou um marco significativo com a inaugura\u00e7\u00e3o da nova ag\u00eancia do Sicoob Credisudeste, coincidindo com as comemora\u00e7\u00f5es dos 25 anos da cooperativa. O evento reuniu cooperados, autoridades locais e colaboradores, ressaltando o compromisso cont\u00ednuo da institui\u00e7\u00e3o com a comunidade local. Durante a cerim\u00f4nia, cinco s\u00f3cios","twitter:image":"https:\/\/scontent-gig4-1.xx.fbcdn.net\/v\/t39.30808-1\/270437624_4564083193639691_6907940295614233970_n.jpg?stp=dst-jpg_s200x200_tt6&_nc_cat=111&ccb=1-7&_nc_sid=f907e8&_nc_ohc=SM1wRlP3lJwQ7kNvwEPuBYA&_nc_oc=AdnqrjDN_BNjSSHWO-GbkIWH6fkGMLw4bqvL_NH6e2wMveX7G-rP2dAqsDSq1mJMOaY&_nc_zt=24&_nc_ht=scontent-gig4-1.xx&_nc_gid=AoBFJeGrT1hVaew_6rchkQ&oh=00_AfX7QmFGhQhG2jAllVgXCiM1ZrWgvtp80-Bfppyexh1QEg&oe=689E923C"},"aioseo_meta_data":{"post_id":"134657","title":null,"description":null,"keywords":null,"keyphrases":null,"primary_term":null,"canonical_url":null,"og_title":null,"og_description":null,"og_object_type":"default","og_image_type":"default","og_image_url":null,"og_image_width":null,"og_image_height":null,"og_image_custom_url":null,"og_image_custom_fields":null,"og_video":null,"og_custom_url":null,"og_article_section":null,"og_article_tags":null,"twitter_use_og":false,"twitter_card":"default","twitter_image_type":"default","twitter_image_url":null,"twitter_image_custom_url":null,"twitter_image_custom_fields":null,"twitter_title":null,"twitter_description":null,"schema":{"blockGraphs":[],"customGraphs":[],"default":{"data":{"Article":[],"Course":[],"Dataset":[],"FAQPage":[],"Movie":[],"Person":[],"Product":[],"ProductReview":[],"Car":[],"Recipe":[],"Service":[],"SoftwareApplication":[],"WebPage":[]},"graphName":"","isEnabled":true},"graphs":[]},"schema_type":"default","schema_type_options":null,"pillar_content":false,"robots_default":true,"robots_noindex":false,"robots_noarchive":false,"robots_nosnippet":false,"robots_nofollow":false,"robots_noimageindex":false,"robots_noodp":false,"robots_notranslate":false,"robots_max_snippet":null,"robots_max_videopreview":null,"robots_max_imagepreview":"large","priority":null,"frequency":null,"local_seo":null,"breadcrumb_settings":null,"limit_modified_date":false,"ai":null,"created":"2025-08-17 12:42:37","updated":"2025-08-17 12:42:37","focus_keyword":null,"additional_keywords":null,"truseo_locale":null,"seo_analyzer_scan_date":null},"aioseo_breadcrumb":"<div class=\"aioseo-breadcrumbs\"><span class=\"aioseo-breadcrumb\">\n\t\t\t<a href=\"https:\/\/anoticiaonline.com.br\/site\" title=\"Home\">Home<\/a>\n\t\t<\/span><span class=\"aioseo-breadcrumb-separator\">&raquo;<\/span><span class=\"aioseo-breadcrumb\">\n\t\t\t<a href=\"https:\/\/anoticiaonline.com.br\/site\/categoria\/muriae\/\" title=\"Blog\">Blog<\/a>\n\t\t<\/span><span class=\"aioseo-breadcrumb-separator\">&raquo;<\/span><span class=\"aioseo-breadcrumb\">\n\t\t\t<a href=\"https:\/\/anoticiaonline.com.br\/site\/categoria\/muriae\/cotidiano\/\" title=\"Cotidiano\">Cotidiano<\/a>\n\t\t<\/span><span class=\"aioseo-breadcrumb-separator\">&raquo;<\/span><span class=\"aioseo-breadcrumb\">\n\t\t\tSicoob Credisudeste inaugura nova ag\u00eancia em Erv\u00e1lia e celebra 25 anos de hist\u00f3ria na cidade\n\t\t<\/span><\/div>","aioseo_breadcrumb_json":[{"label":"Home","link":"https:\/\/anoticiaonline.com.br\/site"},{"label":"Blog","link":"https:\/\/anoticiaonline.com.br\/site\/categoria\/muriae\/"},{"label":"Cotidiano","link":"https:\/\/anoticiaonline.com.br\/site\/categoria\/muriae\/cotidiano\/"},{"label":"Sicoob Credisudeste inaugura nova ag\u00eancia em Erv\u00e1lia e celebra 25 anos de hist\u00f3ria na cidade","link":"https:\/\/anoticiaonline.com.br\/site\/sicoob-credisudeste-inaugura-nova-agencia-em-ervalia-e-celebra-25-anos-de-historia-na-cidade\/"}],"views":160,"_links":{"self":[{"href":"https:\/\/anoticiaonline.com.br\/site\/wp-json\/wp\/v2\/posts\/134657","targetHints":{"allow":["GET"]}}],"collection":[{"href":"https:\/\/anoticiaonline.com.br\/site\/wp-json\/wp\/v2\/posts"}],"about":[{"href":"https:\/\/anoticiaonline.com.br\/site\/wp-json\/wp\/v2\/types\/post"}],"author":[{"embeddable":true,"href":"https:\/\/anoticiaonline.com.br\/site\/wp-json\/wp\/v2\/users\/7"}],"replies":[{"embeddable":true,"href":"https:\/\/anoticiaonline.com.br\/site\/wp-json\/wp\/v2\/comments?post=134657"}],"version-history":[{"count":0,"href":"https:\/\/anoticiaonline.com.br\/site\/wp-json\/wp\/v2\/posts\/134657\/revisions"}],"wp:featuredmedia":[{"embeddable":true,"href":"https:\/\/anoticiaonline.com.br\/site\/wp-json\/wp\/v2\/media\/134660"}],"wp:attachment":[{"href":"https:\/\/anoticiaonline.com.br\/site\/wp-json\/wp\/v2\/media?parent=134657"}],"wp:term":[{"taxonomy":"category","embeddable":true,"href":"https:\/\/anoticiaonline.com.br\/site\/wp-json\/wp\/v2\/categories?post=134657"},{"taxonomy":"post_tag","embeddable":true,"href":"https:\/\/anoticiaonline.com.br\/site\/wp-json\/wp\/v2\/tags?post=134657"}],"curies":[{"name":"wp","href":"https:\/\/api.w.org\/{rel}","templated":true}]}}