{"id":133086,"date":"2025-01-02T14:55:00","date_gmt":"2025-01-02T17:55:00","guid":{"rendered":"http:\/\/anoticiaonline.com.br\/site\/?p=133086"},"modified":"2025-01-02T15:57:49","modified_gmt":"2025-01-02T18:57:49","slug":"marcos-guarino-toma-posse-para-segundo-mandato-como-prefeito-de-muriae","status":"publish","type":"post","link":"https:\/\/anoticiaonline.com.br\/site\/marcos-guarino-toma-posse-para-segundo-mandato-como-prefeito-de-muriae\/","title":{"rendered":"Marcos Guarino toma posse para segundo mandato como prefeito de Muria\u00e9"},"content":{"rendered":"\n<p>Na noite de quarta-feira (1\u00ba), o prefeito de Muria\u00e9, Marcos Guarino, e seu vice, Manoel Carvalho, foram empossados em solenidade realizada na C\u00e2mara Municipal. O evento marcou o in\u00edcio do segundo mandato da dupla \u00e0 frente do Executivo Municipal.<\/p>\n\n\n\n<p>Ap\u00f3s a cerim\u00f4nia, o prefeito e o vice seguiram para a sacada do antigo Pa\u00e7o Municipal, onde discursaram para a popula\u00e7\u00e3o reunida na pra\u00e7a. Em sua fala, Marcos Guarino relembrou os principais feitos de sua primeira gest\u00e3o e apresentou proje\u00e7\u00f5es para os pr\u00f3ximos quatro anos. \u201cSeguiremos trabalhando com dedica\u00e7\u00e3o para transformar Muria\u00e9 em uma cidade ainda melhor para todos\u201d, destacou o prefeito.<\/p>\n\n\n\n<p>Na ocasi\u00e3o, tamb\u00e9m foi oficializada a nova equipe de gest\u00e3o da Prefeitura Municipal de Muria\u00e9. O time conta com um procurador-geral, dois diretores e 14 secret\u00e1rios, que atuar\u00e3o em diversas \u00e1reas para conduzir a administra\u00e7\u00e3o municipal no novo ciclo.<\/p>\n\n\n\n<p>O evento simbolizou o compromisso renovado com a cidade e o entusiasmo da gest\u00e3o em continuar entregando resultados positivos para a popula\u00e7\u00e3o.<\/p>\n\n\n\n<p><strong>Equipe da Prefeitura de Muria\u00e9 \u00e9 oficializada com nomes de destaque<\/strong><\/p>\n\n\n\n<p>Com o in\u00edcio do novo mandato do prefeito Marcos Guarino e do vice Manoel Carvalho, a Prefeitura de Muria\u00e9 apresentou a equipe que estar\u00e1 \u00e0 frente da gest\u00e3o municipal nos pr\u00f3ximos quatro anos. A equipe \u00e9 composta por profissionais experientes, com hist\u00f3rico de realiza\u00e7\u00f5es e comprometimento com o progresso de Muria\u00e9. A seguir, um resumo dos perfis profissionais que comp\u00f5em o time:<\/p>\n\n\n\n<p><strong>Prefeito Marcos Guarino<\/strong><\/p>\n\n\n\n<p>M\u00e9dico pediatra com ampla experi\u00eancia em gest\u00e3o p\u00fablica, foi secret\u00e1rio de Sa\u00fade por quase 10 anos e vice-prefeito de Muria\u00e9 antes de assumir a prefeitura em 2022. Reeleito em 2024, traz como marca o compromisso com a melhoria cont\u00ednua da cidade.<\/p>\n\n\n\n<p><strong>Vice-prefeito Manoel Carvalho<\/strong><\/p>\n\n\n\n<p>Zootecnista e produtor rural, atuou por 10 anos no Sicoob Credimur e foi presidente do Sindicato Rural de Muria\u00e9. Na \u00e1rea p\u00fablica, exerceu dois mandatos como vereador e foi secret\u00e1rio de Agricultura.<\/p>\n\n\n\n<p><strong>Secretarias e \u00d3rg\u00e3os<\/strong><\/p>\n\n\n\n<ul class=\"wp-block-list\">\n<li>Administra\u00e7\u00e3o: Danilo Murta Maciel, contador e advogado com 17 anos de experi\u00eancia em gest\u00e3o p\u00fablica.<\/li>\n\n\n\n<li>Agricultura: Fernando Trota Levati, produtor rural e p\u00f3s-graduado em Direito, secret\u00e1rio desde 2022.<\/li>\n\n\n\n<li>Demsur: Alcemar Felizardo de Oliveira J\u00fanior, t\u00e9cnico agr\u00edcola com quase 30 anos no servi\u00e7o p\u00fablico.<\/li>\n\n\n\n<li>Desenvolvimento Econ\u00f4mico: Cezar Bianchi Botaro, empres\u00e1rio com 16 anos \u00e0 frente da pasta, respons\u00e1vel por grandes avan\u00e7os no setor t\u00eaxtil e forma\u00e7\u00e3o profissional.<\/li>\n\n\n\n<li>Desenvolvimento Social: Vanessa Magalh\u00e3es Azeredo, assistente social e especialista em pol\u00edticas p\u00fablicas com mais de 10 anos de experi\u00eancia.<\/li>\n\n\n\n<li>Direitos Humanos e Cidadania: Tatiana Rangel Viana, contadora e servidora efetiva, especialista em projetos de sa\u00fade e advocacy em direitos humanos.<\/li>\n\n\n\n<li>Educa\u00e7\u00e3o: Maria Cristina Navarro, professora e gestora escolar com experi\u00eancia \u00e0 frente da secretaria desde 2013.<\/li>\n\n\n\n<li>Fazenda: Francisco de Assis Souza J\u00fanior, contador com 30 anos de carreira no servi\u00e7o p\u00fablico.<\/li>\n\n\n\n<li>Fundarte: Sandro Areal Carrizo, professor, mestre em Educa\u00e7\u00e3o e fundador de projetos culturais de destaque em Muria\u00e9.<\/li>\n\n\n\n<li>Governo: Paulo Roberto Varella, empres\u00e1rio e ex-presidente da C\u00e2mara Municipal.<\/li>\n\n\n\n<li>Meio Ambiente: Adriana Morais Ribeiro, t\u00e9cnica em Agroecologia e especialista em cooperativismo e pol\u00edticas p\u00fablicas sustent\u00e1veis.<\/li>\n\n\n\n<li>Obras P\u00fablicas e Urbanismo: Jorge F\u00e9res Filho, arquiteto com 39 anos de experi\u00eancia, j\u00e1 ocupou cargos de destaque na gest\u00e3o municipal.<\/li>\n\n\n\n<li>Planejamento e Controle: Silvio Salvato, administrador e gestor p\u00fablico com experi\u00eancia em diversas \u00e1reas do governo.<\/li>\n\n\n\n<li>Procuradoria Geral: Eduardo Marge, advogado com ampla experi\u00eancia jur\u00eddica e atua\u00e7\u00e3o em v\u00e1rias prefeituras.<\/li>\n\n\n\n<li>Rela\u00e7\u00f5es Institucionais: Carlos Eduardo Hor\u00e1cio, com trajet\u00f3ria pol\u00edtica em n\u00edvel estadual e federal.<\/li>\n\n\n\n<li>Sa\u00fade: Luiza Agostini de Andrade, fisioterapeuta e mestre em Sa\u00fade P\u00fablica, com 15 anos de atua\u00e7\u00e3o no setor p\u00fablico.<\/li>\n<\/ul>\n","protected":false},"excerpt":{"rendered":"<p>Na noite de quarta-feira (1\u00ba), o prefeito de Muria\u00e9, Marcos Guarino, e seu vice, Manoel Carvalho, foram empossados em solenidade realizada na C\u00e2mara Municipal. O evento marcou o in\u00edcio do segundo mandato da dupla \u00e0 frente do Executivo Municipal. Ap\u00f3s a cerim\u00f4nia, o prefeito e o vice seguiram para a sacada do antigo Pa\u00e7o Municipal, &#8230; <a title=\"Marcos Guarino toma posse para segundo mandato como prefeito de Muria\u00e9\" class=\"read-more\" href=\"https:\/\/anoticiaonline.com.br\/site\/marcos-guarino-toma-posse-para-segundo-mandato-como-prefeito-de-muriae\/\" aria-label=\"Read more about Marcos Guarino toma posse para segundo mandato como prefeito de Muria\u00e9\">Ler mais<\/a><\/p>\n","protected":false},"author":2,"featured_media":133089,"comment_status":"open","ping_status":"closed","sticky":false,"template":"","format":"standard","meta":{"_acf_changed":false,"_monsterinsights_skip_tracking":false,"_monsterinsights_sitenote_active":false,"_monsterinsights_sitenote_note":"","_monsterinsights_sitenote_category":0,"footnotes":""},"categories":[30,2893,1,7660],"tags":[],"class_list":["post-133086","post","type-post","status-publish","format-standard","has-post-thumbnail","hentry","category-muriae","category-cotidiano","category-gerais","category-slide-principal"],"acf":[],"aioseo_notices":[],"views":234,"_links":{"self":[{"href":"https:\/\/anoticiaonline.com.br\/site\/wp-json\/wp\/v2\/posts\/133086","targetHints":{"allow":["GET"]}}],"collection":[{"href":"https:\/\/anoticiaonline.com.br\/site\/wp-json\/wp\/v2\/posts"}],"about":[{"href":"https:\/\/anoticiaonline.com.br\/site\/wp-json\/wp\/v2\/types\/post"}],"author":[{"embeddable":true,"href":"https:\/\/anoticiaonline.com.br\/site\/wp-json\/wp\/v2\/users\/2"}],"replies":[{"embeddable":true,"href":"https:\/\/anoticiaonline.com.br\/site\/wp-json\/wp\/v2\/comments?post=133086"}],"version-history":[{"count":0,"href":"https:\/\/anoticiaonline.com.br\/site\/wp-json\/wp\/v2\/posts\/133086\/revisions"}],"wp:featuredmedia":[{"embeddable":true,"href":"https:\/\/anoticiaonline.com.br\/site\/wp-json\/wp\/v2\/media\/133089"}],"wp:attachment":[{"href":"https:\/\/anoticiaonline.com.br\/site\/wp-json\/wp\/v2\/media?parent=133086"}],"wp:term":[{"taxonomy":"category","embeddable":true,"href":"https:\/\/anoticiaonline.com.br\/site\/wp-json\/wp\/v2\/categories?post=133086"},{"taxonomy":"post_tag","embeddable":true,"href":"https:\/\/anoticiaonline.com.br\/site\/wp-json\/wp\/v2\/tags?post=133086"}],"curies":[{"name":"wp","href":"https:\/\/api.w.org\/{rel}","templated":true}]}}