{"id":13165,"date":"2016-05-16T09:41:04","date_gmt":"2016-05-16T12:41:04","guid":{"rendered":"http:\/\/anoticiaonline.com.br\/site\/?p=13165"},"modified":"2016-05-16T09:41:04","modified_gmt":"2016-05-16T12:41:04","slug":"o-comportamento-espirita-cristao","status":"publish","type":"post","link":"https:\/\/anoticiaonline.com.br\/site\/o-comportamento-espirita-cristao\/","title":{"rendered":"O comportamento esp\u00edrita-crist\u00e3o"},"content":{"rendered":"<p><strong>O Espiritismo oferece recursos para superar afli\u00e7\u00f5es e desequil\u00edbrios<\/strong><\/p>\n<p><em>\u201cNa verdade\u00a0 \u00e9\u00a0 j\u00e1\u00a0 realmente\u00a0 uma falta entre v\u00f3s terdes demandas\u00a0 uns\u00a0 contra\u00a0 os\u00a0 outros.\u00a0\u00a0\u00a0 Por que n\u00e3o sofreis, antes, a injusti\u00e7a?\u00a0\u00a0 Por que n\u00e3o sofreis, antes, o dano?\u201d &#8211; Paulo.\u00a0\u00a0 (I Cor., 6:7.)<\/em><\/p>\n<p>A quest\u00e3o das demandas aqui analisada transcende o \u00e2mbito das al\u00e7adas dos tribunais, vez que elas (as demandas) expressam-se em\u00a0 uma escala muito mais ampla no cerne dos lares e das institui\u00e7\u00f5es.<\/p>\n<p>Esclarece Emmanuel : \u201cA\u00ed se movimentam atrav\u00e9s do desregramento mental e da conversa\u00e7\u00e3o em surdina, no lodo invis\u00edvel do \u00f3dio que asfixia cora\u00e7\u00f5es e anula energias ao \u00f3leo da animosidade recalcada.<\/p>\n<p>De modo geral, in\u00fameras criaturas preferem a atitude agressiva, de espada \u00e0s m\u00e3os, esgrimindo com calor na ilus\u00f3ria suposi\u00e7\u00e3o de operar o conserto do pr\u00f3ximo.\u00a0\u00a0 Prontos a protestar, a acusar e criticar com grande estardalha\u00e7o, costumam esclarecer que servem \u00e0 Verdade.\u00a0 Por que motivo, por\u00e9m, n\u00e3o exemplificam a pr\u00f3pria f\u00e9, suportando a injusti\u00e7a e o dano heroicamente, no sil\u00eancio da alma fiel, antes da op\u00e7\u00e3o por qualquer revide?<\/p>\n<p>Quantos lares seriam felizes, quantas institui\u00e7\u00f5es se converteriam em permanentes mananciais de luz, se os crentes do Evangelho aprendessem a calar para falar, a seu tempo, com proveito!\u201d<\/p>\n<p>Se j\u00e1 estamos na Doutrina Esp\u00edrita h\u00e1 algum tempo e o nosso comportamento frente \u00e0s injusti\u00e7as, cal\u00fanias, vicissitudes, morte, ainda \u00e9 o mesmo de antes, significa isso que apenas estamos superficialmente no Espiritismo, mas o Espiritismo n\u00e3o est\u00e1 em n\u00f3s.<\/p>\n<p>Sendo Jesus nosso \u201cModelo e Guia\u201d, conforme assertiva dos Esp\u00edritos Superiores , e sendo Esp\u00edrita somente aquele que \u201cse esfor\u00e7a \u2013 perseverantemente \u2013 para reformar-se moralmente e combater suas m\u00e1s inclina\u00e7\u00f5es\u201d\u00a0 , n\u00e3o \u00e9 digno de ser chamado disc\u00edpulo do Cristo ou Esp\u00edrita sen\u00e3o aquele que satisfa\u00e7a essas condi\u00e7\u00f5es.<\/p>\n<p>O discurso de Jesus, para o disc\u00edpulo sincero, dever\u00e1 ser o par\u00e2metro comportamental para o curso de sua vida.\u00a0 H\u00e1 que se compreender tudo isso, ter convic\u00e7\u00e3o mesmo, porque \u201co primeiro e mais imediato efeito da ado\u00e7\u00e3o das diretrizes da Doutrina Esp\u00edrita, \u00e9 a transforma\u00e7\u00e3o moral do homem, que serve de base para a sua constante renova\u00e7\u00e3o interior, comandando-lhe o \u201cmodus-vivendi\u201d.<\/p>\n<p>Pela mediunidade de Divaldo Pereira Franco, aprendemos com Vianna de Carvalho\u00a0 que \u201c(&#8230;) com muita justeza, Allan Kardec situa, na transforma\u00e7\u00e3o do homem, o efeito positivo do Espiritismo, porque elucida a g\u00eanese dos problemas que afetam o indiv\u00edduo e simultaneamente oferece os recursos para equacionar as dificuldades de qualquer natureza, que produzam afli\u00e7\u00e3o e desequil\u00edbrio.<\/p>\n<p>Doutrina de Responsabilidade pessoal conscientiza a criatura dos deveres para com a vida e dos resultados que defluem dos seus pr\u00f3prios atos, sendo, ele pr\u00f3prio, o semeador e o colhedor da gleba que lhe diz respeito.<\/p>\n<p>A ado\u00e7\u00e3o do Espiritismo faz-se revelada, quando o indiv\u00edduo \u00e9 de car\u00e1ter rebelde e torna-se d\u00f3cil; agressivo e faz-se gentil; tirano e modifica-se para compassivo; avaro e passa a ser generoso; maledicente e adota a compreens\u00e3o; intolerante e transforma-se em piedoso; atrabili\u00e1rio e converte-se em equilibrado; perturbador e apresenta-se pacificado&#8230;\u00a0 Quando consegue sair da faixa das depress\u00f5es para o otimismo; do medo para a confian\u00e7a; do \u00f3dio para o amor; da vingan\u00e7a para a solidariedade; da viol\u00eancia sistem\u00e1tica para a fraternidade; do orgulho para a humildade&#8230;\u00a0 Quando a confian\u00e7a substitui a suspeita pertinaz; a esperan\u00e7a toma conta da paisagem da d\u00favida; a alegria sem exagero sobrep\u00f5e-se \u00e0 tristeza causticante; a prece revela-se um h\u00e1bito em lugar da blasf\u00eamia ou da revolta surda&#8230; Quando a doen\u00e7a de qualquer esp\u00e9cie deixa de ser desgra\u00e7a para converter-se em processo de purifica\u00e7\u00e3o e os problemas em geral recebem lentas, mas, seguras solu\u00e7\u00f5es reais, aquelas que lhes v\u00e3o \u00e0s nascentes, impondo terapia de paz e alegria&#8230;\u00a0 Quando a morte de um ser amado n\u00e3o representa infort\u00fanio traumatizante, antes sendo uma liberta\u00e7\u00e3o que traz conforto e serenidade.<\/p>\n<p>J\u00e1 n\u00e3o ressuma vibra\u00e7\u00f5es delet\u00e9rias, antes habituais, por\u00e9m, atrai com magnetismo ben\u00e9fico, irradiando bem-estar que aos outros contagia.\u00a0\u00a0 Confia em Deus, sem misticismo pernicioso, e age com perseveran\u00e7a, na mesma postura, seja no j\u00fabilo ou sob dificuldades, mantendo a mesma positiva insist\u00eancia no bem.<\/p>\n<p>Silencia o mal e n\u00e3o o vitaliza; acolhe a persegui\u00e7\u00e3o e n\u00e3o revida; entende cada qual no est\u00e1gio em que se encontra, conforme as suas conquistas morais; sem impor-se, libera aqueles que lhe compartem a vida sem a mesquinhez do dom\u00ednio enganoso; sofre, por\u00e9m n\u00e3o desanima, mesmo quando outros desertam&#8230;\u00a0 \u00c9, em suma, feliz, sem embargo das conjunturas naturais que defronte\u201d.<\/p>\n","protected":false},"excerpt":{"rendered":"<p>O Espiritismo oferece recursos para superar afli\u00e7\u00f5es e desequil\u00edbrios \u201cNa verdade\u00a0 \u00e9\u00a0 j\u00e1\u00a0 realmente\u00a0 uma falta entre v\u00f3s terdes demandas\u00a0 uns\u00a0 contra\u00a0 os\u00a0 outros.\u00a0\u00a0\u00a0 Por que n\u00e3o sofreis, antes, a injusti\u00e7a?\u00a0\u00a0 Por que n\u00e3o sofreis, antes, o dano?\u201d &#8211; Paulo.\u00a0\u00a0 (I Cor., 6:7.) A quest\u00e3o das demandas aqui analisada transcende o \u00e2mbito das al\u00e7adas dos &#8230; <a title=\"O comportamento esp\u00edrita-crist\u00e3o\" class=\"read-more\" href=\"https:\/\/anoticiaonline.com.br\/site\/o-comportamento-espirita-cristao\/\" aria-label=\"Read more about O comportamento esp\u00edrita-crist\u00e3o\">Ler mais<\/a><\/p>\n","protected":false},"author":2,"featured_media":0,"comment_status":"open","ping_status":"open","sticky":false,"template":"","format":"standard","meta":{"_acf_changed":false,"_monsterinsights_skip_tracking":false,"footnotes":""},"categories":[44],"tags":[],"class_list":["post-13165","post","type-post","status-publish","format-standard","hentry","category-espiritismo-em-foco-de-rogerio-coelho"],"acf":[],"aioseo_notices":[],"aioseo_head":"\n\t\t<!-- All in One SEO 5.0.0.1 - aioseo.com -->\n\t<meta name=\"description\" content=\"O Espiritismo oferece recursos para superar afli\u00e7\u00f5es e desequil\u00edbrios \u201cNa verdade \u00e9 j\u00e1 realmente uma falta entre v\u00f3s terdes demandas uns contra os outros. Por que n\u00e3o sofreis, antes, a injusti\u00e7a? Por que n\u00e3o sofreis, antes, o dano?\u201d - Paulo. (I Cor., 6:7.) A quest\u00e3o das demandas aqui analisada transcende o \u00e2mbito das al\u00e7adas dos\" \/>\n\t<meta name=\"robots\" content=\"max-image-preview:large\" \/>\n\t<meta name=\"author\" content=\"Juliana Laviola\"\/>\n\t<link rel=\"canonical\" href=\"https:\/\/anoticiaonline.com.br\/site\/o-comportamento-espirita-cristao\/\" \/>\n\t<meta name=\"generator\" content=\"All in One SEO (AIOSEO) 5.0.0.1\" \/>\n\t\t<meta property=\"og:locale\" content=\"pt_BR\" \/>\n\t\t<meta property=\"og:site_name\" content=\"A Not\u00edcia Online - Noticias de Muria\u00e9 e regi\u00e3o\" \/>\n\t\t<meta property=\"og:type\" content=\"article\" \/>\n\t\t<meta property=\"og:title\" content=\"O comportamento esp\u00edrita-crist\u00e3o - A Not\u00edcia Online\" \/>\n\t\t<meta property=\"og:description\" content=\"O Espiritismo oferece recursos para superar afli\u00e7\u00f5es e desequil\u00edbrios \u201cNa verdade \u00e9 j\u00e1 realmente uma falta entre v\u00f3s terdes demandas uns contra os outros. Por que n\u00e3o sofreis, antes, a injusti\u00e7a? Por que n\u00e3o sofreis, antes, o dano?\u201d - Paulo. (I Cor., 6:7.) A quest\u00e3o das demandas aqui analisada transcende o \u00e2mbito das al\u00e7adas dos\" \/>\n\t\t<meta property=\"og:url\" content=\"https:\/\/anoticiaonline.com.br\/site\/o-comportamento-espirita-cristao\/\" \/>\n\t\t<meta property=\"og:image\" content=\"https:\/\/scontent-gig4-1.xx.fbcdn.net\/v\/t39.30808-1\/270437624_4564083193639691_6907940295614233970_n.jpg?stp=dst-jpg_s200x200_tt6&#038;_nc_cat=111&#038;ccb=1-7&#038;_nc_sid=f907e8&#038;_nc_ohc=SM1wRlP3lJwQ7kNvwEPuBYA&#038;_nc_oc=AdnqrjDN_BNjSSHWO-GbkIWH6fkGMLw4bqvL_NH6e2wMveX7G-rP2dAqsDSq1mJMOaY&#038;_nc_zt=24&#038;_nc_ht=scontent-gig4-1.xx&#038;_nc_gid=AoBFJeGrT1hVaew_6rchkQ&#038;oh=00_AfX7QmFGhQhG2jAllVgXCiM1ZrWgvtp80-Bfppyexh1QEg&#038;oe=689E923C\" \/>\n\t\t<meta property=\"og:image:secure_url\" content=\"https:\/\/scontent-gig4-1.xx.fbcdn.net\/v\/t39.30808-1\/270437624_4564083193639691_6907940295614233970_n.jpg?stp=dst-jpg_s200x200_tt6&#038;_nc_cat=111&#038;ccb=1-7&#038;_nc_sid=f907e8&#038;_nc_ohc=SM1wRlP3lJwQ7kNvwEPuBYA&#038;_nc_oc=AdnqrjDN_BNjSSHWO-GbkIWH6fkGMLw4bqvL_NH6e2wMveX7G-rP2dAqsDSq1mJMOaY&#038;_nc_zt=24&#038;_nc_ht=scontent-gig4-1.xx&#038;_nc_gid=AoBFJeGrT1hVaew_6rchkQ&#038;oh=00_AfX7QmFGhQhG2jAllVgXCiM1ZrWgvtp80-Bfppyexh1QEg&#038;oe=689E923C\" \/>\n\t\t<meta property=\"article:published_time\" content=\"2016-05-16T12:41:04+00:00\" \/>\n\t\t<meta property=\"article:modified_time\" content=\"2016-05-16T12:41:04+00:00\" \/>\n\t\t<meta name=\"twitter:card\" content=\"summary_large_image\" \/>\n\t\t<meta name=\"twitter:title\" content=\"O comportamento esp\u00edrita-crist\u00e3o - A Not\u00edcia Online\" \/>\n\t\t<meta name=\"twitter:description\" content=\"O Espiritismo oferece recursos para superar afli\u00e7\u00f5es e desequil\u00edbrios \u201cNa verdade \u00e9 j\u00e1 realmente uma falta entre v\u00f3s terdes demandas uns contra os outros. Por que n\u00e3o sofreis, antes, a injusti\u00e7a? Por que n\u00e3o sofreis, antes, o dano?\u201d - Paulo. (I Cor., 6:7.) A quest\u00e3o das demandas aqui analisada transcende o \u00e2mbito das al\u00e7adas dos\" \/>\n\t\t<meta name=\"twitter:image\" content=\"https:\/\/scontent-gig4-1.xx.fbcdn.net\/v\/t39.30808-1\/270437624_4564083193639691_6907940295614233970_n.jpg?stp=dst-jpg_s200x200_tt6&amp;_nc_cat=111&amp;ccb=1-7&amp;_nc_sid=f907e8&amp;_nc_ohc=SM1wRlP3lJwQ7kNvwEPuBYA&amp;_nc_oc=AdnqrjDN_BNjSSHWO-GbkIWH6fkGMLw4bqvL_NH6e2wMveX7G-rP2dAqsDSq1mJMOaY&amp;_nc_zt=24&amp;_nc_ht=scontent-gig4-1.xx&amp;_nc_gid=AoBFJeGrT1hVaew_6rchkQ&amp;oh=00_AfX7QmFGhQhG2jAllVgXCiM1ZrWgvtp80-Bfppyexh1QEg&amp;oe=689E923C\" \/>\n\t\t<script type=\"application\/ld+json\" class=\"aioseo-schema\">\n\t\t\t{\"@context\":\"https:\\\/\\\/schema.org\",\"@graph\":[{\"@type\":\"BlogPosting\",\"@id\":\"https:\\\/\\\/anoticiaonline.com.br\\\/site\\\/o-comportamento-espirita-cristao\\\/#blogposting\",\"name\":\"O comportamento esp\\u00edrita-crist\\u00e3o - A Not\\u00edcia Online\",\"headline\":\"O comportamento esp\\u00edrita-crist\\u00e3o\",\"author\":{\"@id\":\"https:\\\/\\\/anoticiaonline.com.br\\\/site\\\/author\\\/juliana\\\/#author\"},\"publisher\":{\"@id\":\"https:\\\/\\\/anoticiaonline.com.br\\\/site\\\/#organization\"},\"image\":{\"@type\":\"ImageObject\",\"url\":\"https:\\\/\\\/scontent-gig4-1.xx.fbcdn.net\\\/v\\\/t39.30808-1\\\/270437624_4564083193639691_6907940295614233970_n.jpg?stp=dst-jpg_s200x200_tt6&_nc_cat=111&ccb=1-7&_nc_sid=f907e8&_nc_ohc=SM1wRlP3lJwQ7kNvwEPuBYA&_nc_oc=AdnqrjDN_BNjSSHWO-GbkIWH6fkGMLw4bqvL_NH6e2wMveX7G-rP2dAqsDSq1mJMOaY&_nc_zt=24&_nc_ht=scontent-gig4-1.xx&_nc_gid=AoBFJeGrT1hVaew_6rchkQ&oh=00_AfX7QmFGhQhG2jAllVgXCiM1ZrWgvtp80-Bfppyexh1QEg&oe=689E923C\",\"@id\":\"https:\\\/\\\/anoticiaonline.com.br\\\/site\\\/#articleImage\"},\"datePublished\":\"2016-05-16T09:41:04-03:00\",\"dateModified\":\"2016-05-16T09:41:04-03:00\",\"inLanguage\":\"pt-BR\",\"mainEntityOfPage\":{\"@id\":\"https:\\\/\\\/anoticiaonline.com.br\\\/site\\\/o-comportamento-espirita-cristao\\\/#webpage\"},\"isPartOf\":{\"@id\":\"https:\\\/\\\/anoticiaonline.com.br\\\/site\\\/o-comportamento-espirita-cristao\\\/#webpage\"},\"articleSection\":\"Espiritismo em Foco, por Rog\\u00e9rio Coelho\"},{\"@type\":\"BreadcrumbList\",\"@id\":\"https:\\\/\\\/anoticiaonline.com.br\\\/site\\\/o-comportamento-espirita-cristao\\\/#breadcrumblist\",\"itemListElement\":[{\"@type\":\"ListItem\",\"@id\":\"https:\\\/\\\/anoticiaonline.com.br\\\/site#listItem\",\"position\":1,\"name\":\"Home\",\"item\":\"https:\\\/\\\/anoticiaonline.com.br\\\/site\",\"nextItem\":{\"@type\":\"ListItem\",\"@id\":\"https:\\\/\\\/anoticiaonline.com.br\\\/site\\\/categoria\\\/colunistas\\\/#listItem\",\"name\":\"Colunistas\"}},{\"@type\":\"ListItem\",\"@id\":\"https:\\\/\\\/anoticiaonline.com.br\\\/site\\\/categoria\\\/colunistas\\\/#listItem\",\"position\":2,\"name\":\"Colunistas\",\"item\":\"https:\\\/\\\/anoticiaonline.com.br\\\/site\\\/categoria\\\/colunistas\\\/\",\"nextItem\":{\"@type\":\"ListItem\",\"@id\":\"https:\\\/\\\/anoticiaonline.com.br\\\/site\\\/categoria\\\/colunistas\\\/espiritismo-em-foco-de-rogerio-coelho\\\/#listItem\",\"name\":\"Espiritismo em Foco, por Rog\\u00e9rio Coelho\"},\"previousItem\":{\"@type\":\"ListItem\",\"@id\":\"https:\\\/\\\/anoticiaonline.com.br\\\/site#listItem\",\"name\":\"Home\"}},{\"@type\":\"ListItem\",\"@id\":\"https:\\\/\\\/anoticiaonline.com.br\\\/site\\\/categoria\\\/colunistas\\\/espiritismo-em-foco-de-rogerio-coelho\\\/#listItem\",\"position\":3,\"name\":\"Espiritismo em Foco, por Rog\\u00e9rio Coelho\",\"item\":\"https:\\\/\\\/anoticiaonline.com.br\\\/site\\\/categoria\\\/colunistas\\\/espiritismo-em-foco-de-rogerio-coelho\\\/\",\"nextItem\":{\"@type\":\"ListItem\",\"@id\":\"https:\\\/\\\/anoticiaonline.com.br\\\/site\\\/o-comportamento-espirita-cristao\\\/#listItem\",\"name\":\"O comportamento esp\\u00edrita-crist\\u00e3o\"},\"previousItem\":{\"@type\":\"ListItem\",\"@id\":\"https:\\\/\\\/anoticiaonline.com.br\\\/site\\\/categoria\\\/colunistas\\\/#listItem\",\"name\":\"Colunistas\"}},{\"@type\":\"ListItem\",\"@id\":\"https:\\\/\\\/anoticiaonline.com.br\\\/site\\\/o-comportamento-espirita-cristao\\\/#listItem\",\"position\":4,\"name\":\"O comportamento esp\\u00edrita-crist\\u00e3o\",\"previousItem\":{\"@type\":\"ListItem\",\"@id\":\"https:\\\/\\\/anoticiaonline.com.br\\\/site\\\/categoria\\\/colunistas\\\/espiritismo-em-foco-de-rogerio-coelho\\\/#listItem\",\"name\":\"Espiritismo em Foco, por Rog\\u00e9rio Coelho\"}}]},{\"@type\":\"Organization\",\"@id\":\"https:\\\/\\\/anoticiaonline.com.br\\\/site\\\/#organization\",\"name\":\"A Not\\u00edcia Online\",\"description\":\"Noticias de Muria\\u00e9 e regi\\u00e3o\",\"url\":\"https:\\\/\\\/anoticiaonline.com.br\\\/site\\\/\",\"logo\":{\"@type\":\"ImageObject\",\"url\":\"https:\\\/\\\/scontent-gig4-1.xx.fbcdn.net\\\/v\\\/t39.30808-1\\\/270437624_4564083193639691_6907940295614233970_n.jpg?stp=dst-jpg_s200x200_tt6&_nc_cat=111&ccb=1-7&_nc_sid=f907e8&_nc_ohc=SM1wRlP3lJwQ7kNvwEPuBYA&_nc_oc=AdnqrjDN_BNjSSHWO-GbkIWH6fkGMLw4bqvL_NH6e2wMveX7G-rP2dAqsDSq1mJMOaY&_nc_zt=24&_nc_ht=scontent-gig4-1.xx&_nc_gid=AoBFJeGrT1hVaew_6rchkQ&oh=00_AfX7QmFGhQhG2jAllVgXCiM1ZrWgvtp80-Bfppyexh1QEg&oe=689E923C\",\"@id\":\"https:\\\/\\\/anoticiaonline.com.br\\\/site\\\/o-comportamento-espirita-cristao\\\/#organizationLogo\"},\"image\":{\"@id\":\"https:\\\/\\\/anoticiaonline.com.br\\\/site\\\/o-comportamento-espirita-cristao\\\/#organizationLogo\"}},{\"@type\":\"Person\",\"@id\":\"https:\\\/\\\/anoticiaonline.com.br\\\/site\\\/author\\\/juliana\\\/#author\",\"url\":\"https:\\\/\\\/anoticiaonline.com.br\\\/site\\\/author\\\/juliana\\\/\",\"name\":\"Juliana Laviola\",\"image\":{\"@type\":\"ImageObject\",\"@id\":\"https:\\\/\\\/anoticiaonline.com.br\\\/site\\\/o-comportamento-espirita-cristao\\\/#authorImage\",\"url\":\"https:\\\/\\\/secure.gravatar.com\\\/avatar\\\/b8d45f5c699b100dfaf0e543582f38f38bf94cb7ae3a5e9abf8d891a34773335?s=96&d=mm&r=g\",\"width\":96,\"height\":96,\"caption\":\"Juliana Laviola\"}},{\"@type\":\"WebPage\",\"@id\":\"https:\\\/\\\/anoticiaonline.com.br\\\/site\\\/o-comportamento-espirita-cristao\\\/#webpage\",\"url\":\"https:\\\/\\\/anoticiaonline.com.br\\\/site\\\/o-comportamento-espirita-cristao\\\/\",\"name\":\"O comportamento esp\\u00edrita-crist\\u00e3o - A Not\\u00edcia Online\",\"description\":\"O Espiritismo oferece recursos para superar afli\\u00e7\\u00f5es e desequil\\u00edbrios \\u201cNa verdade \\u00e9 j\\u00e1 realmente uma falta entre v\\u00f3s terdes demandas uns contra os outros. Por que n\\u00e3o sofreis, antes, a injusti\\u00e7a? Por que n\\u00e3o sofreis, antes, o dano?\\u201d - Paulo. (I Cor., 6:7.) A quest\\u00e3o das demandas aqui analisada transcende o \\u00e2mbito das al\\u00e7adas dos\",\"inLanguage\":\"pt-BR\",\"isPartOf\":{\"@id\":\"https:\\\/\\\/anoticiaonline.com.br\\\/site\\\/#website\"},\"breadcrumb\":{\"@id\":\"https:\\\/\\\/anoticiaonline.com.br\\\/site\\\/o-comportamento-espirita-cristao\\\/#breadcrumblist\"},\"author\":{\"@id\":\"https:\\\/\\\/anoticiaonline.com.br\\\/site\\\/author\\\/juliana\\\/#author\"},\"creator\":{\"@id\":\"https:\\\/\\\/anoticiaonline.com.br\\\/site\\\/author\\\/juliana\\\/#author\"},\"datePublished\":\"2016-05-16T09:41:04-03:00\",\"dateModified\":\"2016-05-16T09:41:04-03:00\"},{\"@type\":\"WebSite\",\"@id\":\"https:\\\/\\\/anoticiaonline.com.br\\\/site\\\/#website\",\"url\":\"https:\\\/\\\/anoticiaonline.com.br\\\/site\\\/\",\"name\":\"A Not\\u00edcia Online\",\"description\":\"Noticias de Muria\\u00e9 e regi\\u00e3o\",\"inLanguage\":\"pt-BR\",\"publisher\":{\"@id\":\"https:\\\/\\\/anoticiaonline.com.br\\\/site\\\/#organization\"}}]}\n\t\t<\/script>\n\t\t<!-- All in One SEO -->\n\n","aioseo_head_json":{"title":"O comportamento esp\u00edrita-crist\u00e3o - A Not\u00edcia Online","description":"O Espiritismo oferece recursos para superar afli\u00e7\u00f5es e desequil\u00edbrios \u201cNa verdade \u00e9 j\u00e1 realmente uma falta entre v\u00f3s terdes demandas uns contra os outros. Por que n\u00e3o sofreis, antes, a injusti\u00e7a? Por que n\u00e3o sofreis, antes, o dano?\u201d - Paulo. (I Cor., 6:7.) A quest\u00e3o das demandas aqui analisada transcende o \u00e2mbito das al\u00e7adas dos","canonical_url":"https:\/\/anoticiaonline.com.br\/site\/o-comportamento-espirita-cristao\/","robots":"max-image-preview:large","keywords":"","webmasterTools":{"miscellaneous":""},"schema":{"@context":"https:\/\/schema.org","@graph":[{"@type":"BlogPosting","@id":"https:\/\/anoticiaonline.com.br\/site\/o-comportamento-espirita-cristao\/#blogposting","name":"O comportamento esp\u00edrita-crist\u00e3o - A Not\u00edcia Online","headline":"O comportamento esp\u00edrita-crist\u00e3o","author":{"@id":"https:\/\/anoticiaonline.com.br\/site\/author\/juliana\/#author"},"publisher":{"@id":"https:\/\/anoticiaonline.com.br\/site\/#organization"},"image":{"@type":"ImageObject","url":"https:\/\/scontent-gig4-1.xx.fbcdn.net\/v\/t39.30808-1\/270437624_4564083193639691_6907940295614233970_n.jpg?stp=dst-jpg_s200x200_tt6&_nc_cat=111&ccb=1-7&_nc_sid=f907e8&_nc_ohc=SM1wRlP3lJwQ7kNvwEPuBYA&_nc_oc=AdnqrjDN_BNjSSHWO-GbkIWH6fkGMLw4bqvL_NH6e2wMveX7G-rP2dAqsDSq1mJMOaY&_nc_zt=24&_nc_ht=scontent-gig4-1.xx&_nc_gid=AoBFJeGrT1hVaew_6rchkQ&oh=00_AfX7QmFGhQhG2jAllVgXCiM1ZrWgvtp80-Bfppyexh1QEg&oe=689E923C","@id":"https:\/\/anoticiaonline.com.br\/site\/#articleImage"},"datePublished":"2016-05-16T09:41:04-03:00","dateModified":"2016-05-16T09:41:04-03:00","inLanguage":"pt-BR","mainEntityOfPage":{"@id":"https:\/\/anoticiaonline.com.br\/site\/o-comportamento-espirita-cristao\/#webpage"},"isPartOf":{"@id":"https:\/\/anoticiaonline.com.br\/site\/o-comportamento-espirita-cristao\/#webpage"},"articleSection":"Espiritismo em Foco, por Rog\u00e9rio Coelho"},{"@type":"BreadcrumbList","@id":"https:\/\/anoticiaonline.com.br\/site\/o-comportamento-espirita-cristao\/#breadcrumblist","itemListElement":[{"@type":"ListItem","@id":"https:\/\/anoticiaonline.com.br\/site#listItem","position":1,"name":"Home","item":"https:\/\/anoticiaonline.com.br\/site","nextItem":{"@type":"ListItem","@id":"https:\/\/anoticiaonline.com.br\/site\/categoria\/colunistas\/#listItem","name":"Colunistas"}},{"@type":"ListItem","@id":"https:\/\/anoticiaonline.com.br\/site\/categoria\/colunistas\/#listItem","position":2,"name":"Colunistas","item":"https:\/\/anoticiaonline.com.br\/site\/categoria\/colunistas\/","nextItem":{"@type":"ListItem","@id":"https:\/\/anoticiaonline.com.br\/site\/categoria\/colunistas\/espiritismo-em-foco-de-rogerio-coelho\/#listItem","name":"Espiritismo em Foco, por Rog\u00e9rio Coelho"},"previousItem":{"@type":"ListItem","@id":"https:\/\/anoticiaonline.com.br\/site#listItem","name":"Home"}},{"@type":"ListItem","@id":"https:\/\/anoticiaonline.com.br\/site\/categoria\/colunistas\/espiritismo-em-foco-de-rogerio-coelho\/#listItem","position":3,"name":"Espiritismo em Foco, por Rog\u00e9rio Coelho","item":"https:\/\/anoticiaonline.com.br\/site\/categoria\/colunistas\/espiritismo-em-foco-de-rogerio-coelho\/","nextItem":{"@type":"ListItem","@id":"https:\/\/anoticiaonline.com.br\/site\/o-comportamento-espirita-cristao\/#listItem","name":"O comportamento esp\u00edrita-crist\u00e3o"},"previousItem":{"@type":"ListItem","@id":"https:\/\/anoticiaonline.com.br\/site\/categoria\/colunistas\/#listItem","name":"Colunistas"}},{"@type":"ListItem","@id":"https:\/\/anoticiaonline.com.br\/site\/o-comportamento-espirita-cristao\/#listItem","position":4,"name":"O comportamento esp\u00edrita-crist\u00e3o","previousItem":{"@type":"ListItem","@id":"https:\/\/anoticiaonline.com.br\/site\/categoria\/colunistas\/espiritismo-em-foco-de-rogerio-coelho\/#listItem","name":"Espiritismo em Foco, por Rog\u00e9rio Coelho"}}]},{"@type":"Organization","@id":"https:\/\/anoticiaonline.com.br\/site\/#organization","name":"A Not\u00edcia Online","description":"Noticias de Muria\u00e9 e regi\u00e3o","url":"https:\/\/anoticiaonline.com.br\/site\/","logo":{"@type":"ImageObject","url":"https:\/\/scontent-gig4-1.xx.fbcdn.net\/v\/t39.30808-1\/270437624_4564083193639691_6907940295614233970_n.jpg?stp=dst-jpg_s200x200_tt6&_nc_cat=111&ccb=1-7&_nc_sid=f907e8&_nc_ohc=SM1wRlP3lJwQ7kNvwEPuBYA&_nc_oc=AdnqrjDN_BNjSSHWO-GbkIWH6fkGMLw4bqvL_NH6e2wMveX7G-rP2dAqsDSq1mJMOaY&_nc_zt=24&_nc_ht=scontent-gig4-1.xx&_nc_gid=AoBFJeGrT1hVaew_6rchkQ&oh=00_AfX7QmFGhQhG2jAllVgXCiM1ZrWgvtp80-Bfppyexh1QEg&oe=689E923C","@id":"https:\/\/anoticiaonline.com.br\/site\/o-comportamento-espirita-cristao\/#organizationLogo"},"image":{"@id":"https:\/\/anoticiaonline.com.br\/site\/o-comportamento-espirita-cristao\/#organizationLogo"}},{"@type":"Person","@id":"https:\/\/anoticiaonline.com.br\/site\/author\/juliana\/#author","url":"https:\/\/anoticiaonline.com.br\/site\/author\/juliana\/","name":"Juliana Laviola","image":{"@type":"ImageObject","@id":"https:\/\/anoticiaonline.com.br\/site\/o-comportamento-espirita-cristao\/#authorImage","url":"https:\/\/secure.gravatar.com\/avatar\/b8d45f5c699b100dfaf0e543582f38f38bf94cb7ae3a5e9abf8d891a34773335?s=96&d=mm&r=g","width":96,"height":96,"caption":"Juliana Laviola"}},{"@type":"WebPage","@id":"https:\/\/anoticiaonline.com.br\/site\/o-comportamento-espirita-cristao\/#webpage","url":"https:\/\/anoticiaonline.com.br\/site\/o-comportamento-espirita-cristao\/","name":"O comportamento esp\u00edrita-crist\u00e3o - A Not\u00edcia Online","description":"O Espiritismo oferece recursos para superar afli\u00e7\u00f5es e desequil\u00edbrios \u201cNa verdade \u00e9 j\u00e1 realmente uma falta entre v\u00f3s terdes demandas uns contra os outros. Por que n\u00e3o sofreis, antes, a injusti\u00e7a? Por que n\u00e3o sofreis, antes, o dano?\u201d - Paulo. (I Cor., 6:7.) A quest\u00e3o das demandas aqui analisada transcende o \u00e2mbito das al\u00e7adas dos","inLanguage":"pt-BR","isPartOf":{"@id":"https:\/\/anoticiaonline.com.br\/site\/#website"},"breadcrumb":{"@id":"https:\/\/anoticiaonline.com.br\/site\/o-comportamento-espirita-cristao\/#breadcrumblist"},"author":{"@id":"https:\/\/anoticiaonline.com.br\/site\/author\/juliana\/#author"},"creator":{"@id":"https:\/\/anoticiaonline.com.br\/site\/author\/juliana\/#author"},"datePublished":"2016-05-16T09:41:04-03:00","dateModified":"2016-05-16T09:41:04-03:00"},{"@type":"WebSite","@id":"https:\/\/anoticiaonline.com.br\/site\/#website","url":"https:\/\/anoticiaonline.com.br\/site\/","name":"A Not\u00edcia Online","description":"Noticias de Muria\u00e9 e regi\u00e3o","inLanguage":"pt-BR","publisher":{"@id":"https:\/\/anoticiaonline.com.br\/site\/#organization"}}]},"og:locale":"pt_BR","og:site_name":"A Not\u00edcia Online - Noticias de Muria\u00e9 e regi\u00e3o","og:type":"article","og:title":"O comportamento esp\u00edrita-crist\u00e3o - A Not\u00edcia Online","og:description":"O Espiritismo oferece recursos para superar afli\u00e7\u00f5es e desequil\u00edbrios \u201cNa verdade \u00e9 j\u00e1 realmente uma falta entre v\u00f3s terdes demandas uns contra os outros. Por que n\u00e3o sofreis, antes, a injusti\u00e7a? Por que n\u00e3o sofreis, antes, o dano?\u201d - Paulo. (I Cor., 6:7.) A quest\u00e3o das demandas aqui analisada transcende o \u00e2mbito das al\u00e7adas dos","og:url":"https:\/\/anoticiaonline.com.br\/site\/o-comportamento-espirita-cristao\/","og:image":"https:\/\/scontent-gig4-1.xx.fbcdn.net\/v\/t39.30808-1\/270437624_4564083193639691_6907940295614233970_n.jpg?stp=dst-jpg_s200x200_tt6&#038;_nc_cat=111&#038;ccb=1-7&#038;_nc_sid=f907e8&#038;_nc_ohc=SM1wRlP3lJwQ7kNvwEPuBYA&#038;_nc_oc=AdnqrjDN_BNjSSHWO-GbkIWH6fkGMLw4bqvL_NH6e2wMveX7G-rP2dAqsDSq1mJMOaY&#038;_nc_zt=24&#038;_nc_ht=scontent-gig4-1.xx&#038;_nc_gid=AoBFJeGrT1hVaew_6rchkQ&#038;oh=00_AfX7QmFGhQhG2jAllVgXCiM1ZrWgvtp80-Bfppyexh1QEg&#038;oe=689E923C","og:image:secure_url":"https:\/\/scontent-gig4-1.xx.fbcdn.net\/v\/t39.30808-1\/270437624_4564083193639691_6907940295614233970_n.jpg?stp=dst-jpg_s200x200_tt6&#038;_nc_cat=111&#038;ccb=1-7&#038;_nc_sid=f907e8&#038;_nc_ohc=SM1wRlP3lJwQ7kNvwEPuBYA&#038;_nc_oc=AdnqrjDN_BNjSSHWO-GbkIWH6fkGMLw4bqvL_NH6e2wMveX7G-rP2dAqsDSq1mJMOaY&#038;_nc_zt=24&#038;_nc_ht=scontent-gig4-1.xx&#038;_nc_gid=AoBFJeGrT1hVaew_6rchkQ&#038;oh=00_AfX7QmFGhQhG2jAllVgXCiM1ZrWgvtp80-Bfppyexh1QEg&#038;oe=689E923C","article:published_time":"2016-05-16T12:41:04+00:00","article:modified_time":"2016-05-16T12:41:04+00:00","twitter:card":"summary_large_image","twitter:title":"O comportamento esp\u00edrita-crist\u00e3o - A Not\u00edcia Online","twitter:description":"O Espiritismo oferece recursos para superar afli\u00e7\u00f5es e desequil\u00edbrios \u201cNa verdade \u00e9 j\u00e1 realmente uma falta entre v\u00f3s terdes demandas uns contra os outros. Por que n\u00e3o sofreis, antes, a injusti\u00e7a? Por que n\u00e3o sofreis, antes, o dano?\u201d - Paulo. (I Cor., 6:7.) A quest\u00e3o das demandas aqui analisada transcende o \u00e2mbito das al\u00e7adas dos","twitter:image":"https:\/\/scontent-gig4-1.xx.fbcdn.net\/v\/t39.30808-1\/270437624_4564083193639691_6907940295614233970_n.jpg?stp=dst-jpg_s200x200_tt6&_nc_cat=111&ccb=1-7&_nc_sid=f907e8&_nc_ohc=SM1wRlP3lJwQ7kNvwEPuBYA&_nc_oc=AdnqrjDN_BNjSSHWO-GbkIWH6fkGMLw4bqvL_NH6e2wMveX7G-rP2dAqsDSq1mJMOaY&_nc_zt=24&_nc_ht=scontent-gig4-1.xx&_nc_gid=AoBFJeGrT1hVaew_6rchkQ&oh=00_AfX7QmFGhQhG2jAllVgXCiM1ZrWgvtp80-Bfppyexh1QEg&oe=689E923C"},"aioseo_meta_data":{"post_id":"13165","title":null,"description":null,"keywords":null,"keyphrases":null,"primary_term":null,"canonical_url":null,"og_title":null,"og_description":null,"og_object_type":"default","og_image_type":"default","og_image_url":null,"og_image_width":null,"og_image_height":null,"og_image_custom_url":null,"og_image_custom_fields":null,"og_video":null,"og_custom_url":null,"og_article_section":null,"og_article_tags":null,"twitter_use_og":false,"twitter_card":"default","twitter_image_type":"default","twitter_image_url":null,"twitter_image_custom_url":null,"twitter_image_custom_fields":null,"twitter_title":null,"twitter_description":null,"schema":{"blockGraphs":[],"customGraphs":[],"default":{"data":{"Article":[],"Course":[],"Dataset":[],"FAQPage":[],"Movie":[],"Person":[],"Product":[],"ProductReview":[],"Car":[],"Recipe":[],"Service":[],"SoftwareApplication":[],"WebPage":[]},"graphName":"","isEnabled":true},"graphs":[]},"schema_type":"default","schema_type_options":null,"pillar_content":false,"robots_default":true,"robots_noindex":false,"robots_noarchive":false,"robots_nosnippet":false,"robots_nofollow":false,"robots_noimageindex":false,"robots_noodp":false,"robots_notranslate":false,"robots_max_snippet":null,"robots_max_videopreview":null,"robots_max_imagepreview":"large","priority":null,"frequency":null,"local_seo":null,"breadcrumb_settings":null,"limit_modified_date":false,"ai":null,"created":"2025-08-16 15:59:25","updated":"2025-08-16 15:59:25","focus_keyword":null,"additional_keywords":null,"truseo_locale":null,"seo_analyzer_scan_date":null},"aioseo_breadcrumb":"<div class=\"aioseo-breadcrumbs\"><span class=\"aioseo-breadcrumb\">\n\t\t\t<a href=\"https:\/\/anoticiaonline.com.br\/site\" title=\"Home\">Home<\/a>\n\t\t<\/span><span class=\"aioseo-breadcrumb-separator\">&raquo;<\/span><span class=\"aioseo-breadcrumb\">\n\t\t\t<a href=\"https:\/\/anoticiaonline.com.br\/site\/categoria\/colunistas\/\" title=\"Colunistas\">Colunistas<\/a>\n\t\t<\/span><span class=\"aioseo-breadcrumb-separator\">&raquo;<\/span><span class=\"aioseo-breadcrumb\">\n\t\t\t<a href=\"https:\/\/anoticiaonline.com.br\/site\/categoria\/colunistas\/espiritismo-em-foco-de-rogerio-coelho\/\" title=\"Espiritismo em Foco, por Rog\u00e9rio Coelho\">Espiritismo em Foco, por Rog\u00e9rio Coelho<\/a>\n\t\t<\/span><span class=\"aioseo-breadcrumb-separator\">&raquo;<\/span><span class=\"aioseo-breadcrumb\">\n\t\t\tO comportamento esp\u00edrita-crist\u00e3o\n\t\t<\/span><\/div>","aioseo_breadcrumb_json":[{"label":"Home","link":"https:\/\/anoticiaonline.com.br\/site"},{"label":"Colunistas","link":"https:\/\/anoticiaonline.com.br\/site\/categoria\/colunistas\/"},{"label":"Espiritismo em Foco, por Rog\u00e9rio Coelho","link":"https:\/\/anoticiaonline.com.br\/site\/categoria\/colunistas\/espiritismo-em-foco-de-rogerio-coelho\/"},{"label":"O comportamento esp\u00edrita-crist\u00e3o","link":"https:\/\/anoticiaonline.com.br\/site\/o-comportamento-espirita-cristao\/"}],"views":209,"_links":{"self":[{"href":"https:\/\/anoticiaonline.com.br\/site\/wp-json\/wp\/v2\/posts\/13165","targetHints":{"allow":["GET"]}}],"collection":[{"href":"https:\/\/anoticiaonline.com.br\/site\/wp-json\/wp\/v2\/posts"}],"about":[{"href":"https:\/\/anoticiaonline.com.br\/site\/wp-json\/wp\/v2\/types\/post"}],"author":[{"embeddable":true,"href":"https:\/\/anoticiaonline.com.br\/site\/wp-json\/wp\/v2\/users\/2"}],"replies":[{"embeddable":true,"href":"https:\/\/anoticiaonline.com.br\/site\/wp-json\/wp\/v2\/comments?post=13165"}],"version-history":[{"count":0,"href":"https:\/\/anoticiaonline.com.br\/site\/wp-json\/wp\/v2\/posts\/13165\/revisions"}],"wp:attachment":[{"href":"https:\/\/anoticiaonline.com.br\/site\/wp-json\/wp\/v2\/media?parent=13165"}],"wp:term":[{"taxonomy":"category","embeddable":true,"href":"https:\/\/anoticiaonline.com.br\/site\/wp-json\/wp\/v2\/categories?post=13165"},{"taxonomy":"post_tag","embeddable":true,"href":"https:\/\/anoticiaonline.com.br\/site\/wp-json\/wp\/v2\/tags?post=13165"}],"curies":[{"name":"wp","href":"https:\/\/api.w.org\/{rel}","templated":true}]}}