{"id":13162,"date":"2016-05-16T09:38:11","date_gmt":"2016-05-16T12:38:11","guid":{"rendered":"http:\/\/anoticiaonline.com.br\/site\/?p=13162"},"modified":"2016-05-16T09:38:11","modified_gmt":"2016-05-16T12:38:11","slug":"sancionada-a-lei-que-cria-polo-de-piscicultura-da-zona-da-mata","status":"publish","type":"post","link":"https:\/\/anoticiaonline.com.br\/site\/sancionada-a-lei-que-cria-polo-de-piscicultura-da-zona-da-mata\/","title":{"rendered":"Sancionada a lei que cria Polo de Piscicultura da Zona da Mata"},"content":{"rendered":"<figure id=\"attachment_12101\" aria-describedby=\"caption-attachment-12101\" style=\"width: 290px\" class=\"wp-caption alignleft\"><a href=\"https:\/\/anoticiaonline.com.br\/site\/wp-content\/uploads\/2016\/04\/DSC_0115.jpg\"><img fetchpriority=\"high\" decoding=\"async\" class=\"size-medium wp-image-12101\" src=\"https:\/\/anoticiaonline.com.br\/site\/wp-content\/uploads\/2016\/04\/DSC_0115-300x199.jpg\" alt=\"Foto: Arquivo A NOT\u00cdCIA\" width=\"300\" height=\"199\" srcset=\"https:\/\/anoticiaonline.com.br\/site\/wp-content\/uploads\/2016\/04\/DSC_0115-300x199.jpg 300w, https:\/\/anoticiaonline.com.br\/site\/wp-content\/uploads\/2016\/04\/DSC_0115.jpg 640w\" sizes=\"(max-width: 300px) 100vw, 300px\" \/><\/a><figcaption id=\"caption-attachment-12101\" class=\"wp-caption-text\">Foto: Arquivo A NOT\u00cdCIA<\/figcaption><\/figure>\n<p>A lei 22.111, de autoria do deputado estadual Braulio Braz, que cria o Polo de Excel\u00eancia em Piscicultura Ornamental na regi\u00e3o da Zona da Mata, foi sancionada pelo governador Fernando Pimentel e publicada no Di\u00e1rio Oficial de Minas Gerais do dia 12.<\/p>\n<p>O objetivo da cria\u00e7\u00e3o do polo ser\u00e1 integrar os munic\u00edpios visando incentivar a produ\u00e7\u00e3o e comercializa\u00e7\u00e3o de peixes ornamentais, promover o desenvolvimento de tecnologias relacionadas \u00e0 atividade, contribuir para a gera\u00e7\u00e3o de empregos e renda na \u00e1rea rural, organizar e fortalecer as estruturas geradoras de produ\u00e7\u00e3o e mercado, conhecimento, tecnologias, forma\u00e7\u00e3o de recursos humanos e presta\u00e7\u00e3o de servi\u00e7os e criar condi\u00e7\u00f5es para a atra\u00e7\u00e3o de novos neg\u00f3cios.<\/p>\n<p>A lei 22.111 estipula, ainda, oito diretrizes que dever\u00e3o ser observadas nas a\u00e7\u00f5es governamentais. S\u00e3o elas: desenvolver e divulgar boas t\u00e9cnicas de manejo, aplic\u00e1veis ao cultivo dos peixes ornamentais, destinar recursos espec\u00edficos para a pesquisa, a assist\u00eancia t\u00e9cnica e a extens\u00e3o rural, fornecer assist\u00eancia t\u00e9cnica aos produtores, desenvolver a\u00e7\u00f5es de capacita\u00e7\u00e3o profissional, criar mecanismos que propiciem tratamento tribut\u00e1rio diferenciado para fomentar o cultivo de peixes ornamentais e promover a competitividade dos produtos mineiros, implantar o sistema de informa\u00e7\u00e3o de mercado, para subsidiar a tomada de decis\u00e3o dos agentes envolvidos no neg\u00f3cio, criar linhas de cr\u00e9dito especiais para financiar as atividades de piscicultura ornamental e, por fim, desenvolver parcerias para efetivar a capacita\u00e7\u00e3o profissional de t\u00e9cnicos, agricultores e trabalhadores.<\/p>\n<p>A norma disp\u00f5e, tamb\u00e9m, que as a\u00e7\u00f5es relacionadas \u00e0 implementa\u00e7\u00e3o do polo contar\u00e3o com a participa\u00e7\u00e3o de representantes dos produtores e das entidades p\u00fablicas e privadas ligadas \u00e0 produ\u00e7\u00e3o e \u00e0 comercializa\u00e7\u00e3o dos peixes ornamentais.<\/p>\n<p>\u201cNormalmente praticada em regime familiar, a piscicultura ornamental apresenta baixo custo de produ\u00e7\u00e3o e configura-se como uma importante atividade geradora de renda. Entretanto, percebemos que a cadeia produtiva dessa atividade na regi\u00e3o da Zona da Mata mineira poderia ser potencializada com uma melhor organiza\u00e7\u00e3o, pois ainda h\u00e1 pouca intera\u00e7\u00e3o entre os segmentos de produ\u00e7\u00e3o, insumos e servi\u00e7os. Acreditamos que a nova lei ir\u00e1 contribuir para tornar a piscicultura ornamental do estado mais forte, coesa, competitiva e preparada para atender \u00e0s demandas e exig\u00eancias do mercado consumidor\u201d, destaca o deputado Braulio Braz.<\/p>\n","protected":false},"excerpt":{"rendered":"<p>A lei 22.111, de autoria do deputado estadual Braulio Braz, que cria o Polo de Excel\u00eancia em Piscicultura Ornamental na regi\u00e3o da Zona da Mata, foi sancionada pelo governador Fernando Pimentel e publicada no Di\u00e1rio Oficial de Minas Gerais do dia 12. O objetivo da cria\u00e7\u00e3o do polo ser\u00e1 integrar os munic\u00edpios visando incentivar a &#8230; <a title=\"Sancionada a lei que cria Polo de Piscicultura da Zona da Mata\" class=\"read-more\" href=\"https:\/\/anoticiaonline.com.br\/site\/sancionada-a-lei-que-cria-polo-de-piscicultura-da-zona-da-mata\/\" aria-label=\"Read more about Sancionada a lei que cria Polo de Piscicultura da Zona da Mata\">Ler mais<\/a><\/p>\n","protected":false},"author":2,"featured_media":12101,"comment_status":"open","ping_status":"open","sticky":false,"template":"","format":"standard","meta":{"_acf_changed":false,"_monsterinsights_skip_tracking":false,"footnotes":""},"categories":[1],"tags":[3],"class_list":["post-13162","post","type-post","status-publish","format-standard","has-post-thumbnail","hentry","category-gerais","tag-slide"],"acf":[],"aioseo_notices":[],"aioseo_head":"\n\t\t<!-- All in One SEO 5.0.0.1 - aioseo.com -->\n\t<meta name=\"description\" content=\"A lei 22.111, de autoria do deputado estadual Braulio Braz, que cria o Polo de Excel\u00eancia em Piscicultura Ornamental na regi\u00e3o da Zona da Mata, foi sancionada pelo governador Fernando Pimentel e publicada no Di\u00e1rio Oficial de Minas Gerais do dia 12. O objetivo da cria\u00e7\u00e3o do polo ser\u00e1 integrar os munic\u00edpios visando incentivar a\" \/>\n\t<meta name=\"robots\" content=\"max-image-preview:large\" \/>\n\t<meta name=\"author\" content=\"Juliana Laviola\"\/>\n\t<link rel=\"canonical\" href=\"https:\/\/anoticiaonline.com.br\/site\/sancionada-a-lei-que-cria-polo-de-piscicultura-da-zona-da-mata\/\" \/>\n\t<meta name=\"generator\" content=\"All in One SEO (AIOSEO) 5.0.0.1\" \/>\n\t\t<meta property=\"og:locale\" content=\"pt_BR\" \/>\n\t\t<meta property=\"og:site_name\" content=\"A Not\u00edcia Online - Noticias de Muria\u00e9 e regi\u00e3o\" \/>\n\t\t<meta property=\"og:type\" content=\"article\" \/>\n\t\t<meta property=\"og:title\" content=\"Sancionada a lei que cria Polo de Piscicultura da Zona da Mata - A Not\u00edcia Online\" \/>\n\t\t<meta property=\"og:description\" content=\"A lei 22.111, de autoria do deputado estadual Braulio Braz, que cria o Polo de Excel\u00eancia em Piscicultura Ornamental na regi\u00e3o da Zona da Mata, foi sancionada pelo governador Fernando Pimentel e publicada no Di\u00e1rio Oficial de Minas Gerais do dia 12. O objetivo da cria\u00e7\u00e3o do polo ser\u00e1 integrar os munic\u00edpios visando incentivar a\" \/>\n\t\t<meta property=\"og:url\" content=\"https:\/\/anoticiaonline.com.br\/site\/sancionada-a-lei-que-cria-polo-de-piscicultura-da-zona-da-mata\/\" \/>\n\t\t<meta property=\"og:image\" content=\"https:\/\/scontent-gig4-1.xx.fbcdn.net\/v\/t39.30808-1\/270437624_4564083193639691_6907940295614233970_n.jpg?stp=dst-jpg_s200x200_tt6&#038;_nc_cat=111&#038;ccb=1-7&#038;_nc_sid=f907e8&#038;_nc_ohc=SM1wRlP3lJwQ7kNvwEPuBYA&#038;_nc_oc=AdnqrjDN_BNjSSHWO-GbkIWH6fkGMLw4bqvL_NH6e2wMveX7G-rP2dAqsDSq1mJMOaY&#038;_nc_zt=24&#038;_nc_ht=scontent-gig4-1.xx&#038;_nc_gid=AoBFJeGrT1hVaew_6rchkQ&#038;oh=00_AfX7QmFGhQhG2jAllVgXCiM1ZrWgvtp80-Bfppyexh1QEg&#038;oe=689E923C\" \/>\n\t\t<meta property=\"og:image:secure_url\" content=\"https:\/\/scontent-gig4-1.xx.fbcdn.net\/v\/t39.30808-1\/270437624_4564083193639691_6907940295614233970_n.jpg?stp=dst-jpg_s200x200_tt6&#038;_nc_cat=111&#038;ccb=1-7&#038;_nc_sid=f907e8&#038;_nc_ohc=SM1wRlP3lJwQ7kNvwEPuBYA&#038;_nc_oc=AdnqrjDN_BNjSSHWO-GbkIWH6fkGMLw4bqvL_NH6e2wMveX7G-rP2dAqsDSq1mJMOaY&#038;_nc_zt=24&#038;_nc_ht=scontent-gig4-1.xx&#038;_nc_gid=AoBFJeGrT1hVaew_6rchkQ&#038;oh=00_AfX7QmFGhQhG2jAllVgXCiM1ZrWgvtp80-Bfppyexh1QEg&#038;oe=689E923C\" \/>\n\t\t<meta property=\"article:published_time\" content=\"2016-05-16T12:38:11+00:00\" \/>\n\t\t<meta property=\"article:modified_time\" content=\"2016-05-16T12:38:11+00:00\" \/>\n\t\t<meta name=\"twitter:card\" content=\"summary_large_image\" \/>\n\t\t<meta name=\"twitter:title\" content=\"Sancionada a lei que cria Polo de Piscicultura da Zona da Mata - A Not\u00edcia Online\" \/>\n\t\t<meta name=\"twitter:description\" content=\"A lei 22.111, de autoria do deputado estadual Braulio Braz, que cria o Polo de Excel\u00eancia em Piscicultura Ornamental na regi\u00e3o da Zona da Mata, foi sancionada pelo governador Fernando Pimentel e publicada no Di\u00e1rio Oficial de Minas Gerais do dia 12. O objetivo da cria\u00e7\u00e3o do polo ser\u00e1 integrar os munic\u00edpios visando incentivar a\" \/>\n\t\t<meta name=\"twitter:image\" content=\"https:\/\/scontent-gig4-1.xx.fbcdn.net\/v\/t39.30808-1\/270437624_4564083193639691_6907940295614233970_n.jpg?stp=dst-jpg_s200x200_tt6&amp;_nc_cat=111&amp;ccb=1-7&amp;_nc_sid=f907e8&amp;_nc_ohc=SM1wRlP3lJwQ7kNvwEPuBYA&amp;_nc_oc=AdnqrjDN_BNjSSHWO-GbkIWH6fkGMLw4bqvL_NH6e2wMveX7G-rP2dAqsDSq1mJMOaY&amp;_nc_zt=24&amp;_nc_ht=scontent-gig4-1.xx&amp;_nc_gid=AoBFJeGrT1hVaew_6rchkQ&amp;oh=00_AfX7QmFGhQhG2jAllVgXCiM1ZrWgvtp80-Bfppyexh1QEg&amp;oe=689E923C\" \/>\n\t\t<script type=\"application\/ld+json\" class=\"aioseo-schema\">\n\t\t\t{\"@context\":\"https:\\\/\\\/schema.org\",\"@graph\":[{\"@type\":\"BlogPosting\",\"@id\":\"https:\\\/\\\/anoticiaonline.com.br\\\/site\\\/sancionada-a-lei-que-cria-polo-de-piscicultura-da-zona-da-mata\\\/#blogposting\",\"name\":\"Sancionada a lei que cria Polo de Piscicultura da Zona da Mata - A Not\\u00edcia Online\",\"headline\":\"Sancionada a lei que cria Polo de Piscicultura da Zona da Mata\",\"author\":{\"@id\":\"https:\\\/\\\/anoticiaonline.com.br\\\/site\\\/author\\\/juliana\\\/#author\"},\"publisher\":{\"@id\":\"https:\\\/\\\/anoticiaonline.com.br\\\/site\\\/#organization\"},\"image\":{\"@type\":\"ImageObject\",\"url\":\"https:\\\/\\\/anoticiaonline.com.br\\\/site\\\/wp-content\\\/uploads\\\/2016\\\/04\\\/DSC_0115.jpg\",\"width\":640,\"height\":424,\"caption\":\"Foto: Arquivo A NOT\\u00cdCIA\"},\"datePublished\":\"2016-05-16T09:38:11-03:00\",\"dateModified\":\"2016-05-16T09:38:11-03:00\",\"inLanguage\":\"pt-BR\",\"mainEntityOfPage\":{\"@id\":\"https:\\\/\\\/anoticiaonline.com.br\\\/site\\\/sancionada-a-lei-que-cria-polo-de-piscicultura-da-zona-da-mata\\\/#webpage\"},\"isPartOf\":{\"@id\":\"https:\\\/\\\/anoticiaonline.com.br\\\/site\\\/sancionada-a-lei-que-cria-polo-de-piscicultura-da-zona-da-mata\\\/#webpage\"},\"articleSection\":\"Gerais, slide\"},{\"@type\":\"BreadcrumbList\",\"@id\":\"https:\\\/\\\/anoticiaonline.com.br\\\/site\\\/sancionada-a-lei-que-cria-polo-de-piscicultura-da-zona-da-mata\\\/#breadcrumblist\",\"itemListElement\":[{\"@type\":\"ListItem\",\"@id\":\"https:\\\/\\\/anoticiaonline.com.br\\\/site#listItem\",\"position\":1,\"name\":\"Home\",\"item\":\"https:\\\/\\\/anoticiaonline.com.br\\\/site\",\"nextItem\":{\"@type\":\"ListItem\",\"@id\":\"https:\\\/\\\/anoticiaonline.com.br\\\/site\\\/categoria\\\/gerais\\\/#listItem\",\"name\":\"Gerais\"}},{\"@type\":\"ListItem\",\"@id\":\"https:\\\/\\\/anoticiaonline.com.br\\\/site\\\/categoria\\\/gerais\\\/#listItem\",\"position\":2,\"name\":\"Gerais\",\"item\":\"https:\\\/\\\/anoticiaonline.com.br\\\/site\\\/categoria\\\/gerais\\\/\",\"nextItem\":{\"@type\":\"ListItem\",\"@id\":\"https:\\\/\\\/anoticiaonline.com.br\\\/site\\\/sancionada-a-lei-que-cria-polo-de-piscicultura-da-zona-da-mata\\\/#listItem\",\"name\":\"Sancionada a lei que cria Polo de Piscicultura da Zona da Mata\"},\"previousItem\":{\"@type\":\"ListItem\",\"@id\":\"https:\\\/\\\/anoticiaonline.com.br\\\/site#listItem\",\"name\":\"Home\"}},{\"@type\":\"ListItem\",\"@id\":\"https:\\\/\\\/anoticiaonline.com.br\\\/site\\\/sancionada-a-lei-que-cria-polo-de-piscicultura-da-zona-da-mata\\\/#listItem\",\"position\":3,\"name\":\"Sancionada a lei que cria Polo de Piscicultura da Zona da Mata\",\"previousItem\":{\"@type\":\"ListItem\",\"@id\":\"https:\\\/\\\/anoticiaonline.com.br\\\/site\\\/categoria\\\/gerais\\\/#listItem\",\"name\":\"Gerais\"}}]},{\"@type\":\"Organization\",\"@id\":\"https:\\\/\\\/anoticiaonline.com.br\\\/site\\\/#organization\",\"name\":\"A Not\\u00edcia Online\",\"description\":\"Noticias de Muria\\u00e9 e regi\\u00e3o\",\"url\":\"https:\\\/\\\/anoticiaonline.com.br\\\/site\\\/\",\"logo\":{\"@type\":\"ImageObject\",\"url\":\"https:\\\/\\\/scontent-gig4-1.xx.fbcdn.net\\\/v\\\/t39.30808-1\\\/270437624_4564083193639691_6907940295614233970_n.jpg?stp=dst-jpg_s200x200_tt6&_nc_cat=111&ccb=1-7&_nc_sid=f907e8&_nc_ohc=SM1wRlP3lJwQ7kNvwEPuBYA&_nc_oc=AdnqrjDN_BNjSSHWO-GbkIWH6fkGMLw4bqvL_NH6e2wMveX7G-rP2dAqsDSq1mJMOaY&_nc_zt=24&_nc_ht=scontent-gig4-1.xx&_nc_gid=AoBFJeGrT1hVaew_6rchkQ&oh=00_AfX7QmFGhQhG2jAllVgXCiM1ZrWgvtp80-Bfppyexh1QEg&oe=689E923C\",\"@id\":\"https:\\\/\\\/anoticiaonline.com.br\\\/site\\\/sancionada-a-lei-que-cria-polo-de-piscicultura-da-zona-da-mata\\\/#organizationLogo\"},\"image\":{\"@id\":\"https:\\\/\\\/anoticiaonline.com.br\\\/site\\\/sancionada-a-lei-que-cria-polo-de-piscicultura-da-zona-da-mata\\\/#organizationLogo\"}},{\"@type\":\"Person\",\"@id\":\"https:\\\/\\\/anoticiaonline.com.br\\\/site\\\/author\\\/juliana\\\/#author\",\"url\":\"https:\\\/\\\/anoticiaonline.com.br\\\/site\\\/author\\\/juliana\\\/\",\"name\":\"Juliana Laviola\",\"image\":{\"@type\":\"ImageObject\",\"@id\":\"https:\\\/\\\/anoticiaonline.com.br\\\/site\\\/sancionada-a-lei-que-cria-polo-de-piscicultura-da-zona-da-mata\\\/#authorImage\",\"url\":\"https:\\\/\\\/secure.gravatar.com\\\/avatar\\\/b8d45f5c699b100dfaf0e543582f38f38bf94cb7ae3a5e9abf8d891a34773335?s=96&d=mm&r=g\",\"width\":96,\"height\":96,\"caption\":\"Juliana Laviola\"}},{\"@type\":\"WebPage\",\"@id\":\"https:\\\/\\\/anoticiaonline.com.br\\\/site\\\/sancionada-a-lei-que-cria-polo-de-piscicultura-da-zona-da-mata\\\/#webpage\",\"url\":\"https:\\\/\\\/anoticiaonline.com.br\\\/site\\\/sancionada-a-lei-que-cria-polo-de-piscicultura-da-zona-da-mata\\\/\",\"name\":\"Sancionada a lei que cria Polo de Piscicultura da Zona da Mata - A Not\\u00edcia Online\",\"description\":\"A lei 22.111, de autoria do deputado estadual Braulio Braz, que cria o Polo de Excel\\u00eancia em Piscicultura Ornamental na regi\\u00e3o da Zona da Mata, foi sancionada pelo governador Fernando Pimentel e publicada no Di\\u00e1rio Oficial de Minas Gerais do dia 12. O objetivo da cria\\u00e7\\u00e3o do polo ser\\u00e1 integrar os munic\\u00edpios visando incentivar a\",\"inLanguage\":\"pt-BR\",\"isPartOf\":{\"@id\":\"https:\\\/\\\/anoticiaonline.com.br\\\/site\\\/#website\"},\"breadcrumb\":{\"@id\":\"https:\\\/\\\/anoticiaonline.com.br\\\/site\\\/sancionada-a-lei-que-cria-polo-de-piscicultura-da-zona-da-mata\\\/#breadcrumblist\"},\"author\":{\"@id\":\"https:\\\/\\\/anoticiaonline.com.br\\\/site\\\/author\\\/juliana\\\/#author\"},\"creator\":{\"@id\":\"https:\\\/\\\/anoticiaonline.com.br\\\/site\\\/author\\\/juliana\\\/#author\"},\"image\":{\"@type\":\"ImageObject\",\"url\":\"https:\\\/\\\/anoticiaonline.com.br\\\/site\\\/wp-content\\\/uploads\\\/2016\\\/04\\\/DSC_0115.jpg\",\"@id\":\"https:\\\/\\\/anoticiaonline.com.br\\\/site\\\/sancionada-a-lei-que-cria-polo-de-piscicultura-da-zona-da-mata\\\/#mainImage\",\"width\":640,\"height\":424,\"caption\":\"Foto: Arquivo A NOT\\u00cdCIA\"},\"primaryImageOfPage\":{\"@id\":\"https:\\\/\\\/anoticiaonline.com.br\\\/site\\\/sancionada-a-lei-que-cria-polo-de-piscicultura-da-zona-da-mata\\\/#mainImage\"},\"datePublished\":\"2016-05-16T09:38:11-03:00\",\"dateModified\":\"2016-05-16T09:38:11-03:00\"},{\"@type\":\"WebSite\",\"@id\":\"https:\\\/\\\/anoticiaonline.com.br\\\/site\\\/#website\",\"url\":\"https:\\\/\\\/anoticiaonline.com.br\\\/site\\\/\",\"name\":\"A Not\\u00edcia Online\",\"description\":\"Noticias de Muria\\u00e9 e regi\\u00e3o\",\"inLanguage\":\"pt-BR\",\"publisher\":{\"@id\":\"https:\\\/\\\/anoticiaonline.com.br\\\/site\\\/#organization\"}}]}\n\t\t<\/script>\n\t\t<!-- All in One SEO -->\n\n","aioseo_head_json":{"title":"Sancionada a lei que cria Polo de Piscicultura da Zona da Mata - A Not\u00edcia Online","description":"A lei 22.111, de autoria do deputado estadual Braulio Braz, que cria o Polo de Excel\u00eancia em Piscicultura Ornamental na regi\u00e3o da Zona da Mata, foi sancionada pelo governador Fernando Pimentel e publicada no Di\u00e1rio Oficial de Minas Gerais do dia 12. O objetivo da cria\u00e7\u00e3o do polo ser\u00e1 integrar os munic\u00edpios visando incentivar a","canonical_url":"https:\/\/anoticiaonline.com.br\/site\/sancionada-a-lei-que-cria-polo-de-piscicultura-da-zona-da-mata\/","robots":"max-image-preview:large","keywords":"","webmasterTools":{"miscellaneous":""},"schema":{"@context":"https:\/\/schema.org","@graph":[{"@type":"BlogPosting","@id":"https:\/\/anoticiaonline.com.br\/site\/sancionada-a-lei-que-cria-polo-de-piscicultura-da-zona-da-mata\/#blogposting","name":"Sancionada a lei que cria Polo de Piscicultura da Zona da Mata - A Not\u00edcia Online","headline":"Sancionada a lei que cria Polo de Piscicultura da Zona da Mata","author":{"@id":"https:\/\/anoticiaonline.com.br\/site\/author\/juliana\/#author"},"publisher":{"@id":"https:\/\/anoticiaonline.com.br\/site\/#organization"},"image":{"@type":"ImageObject","url":"https:\/\/anoticiaonline.com.br\/site\/wp-content\/uploads\/2016\/04\/DSC_0115.jpg","width":640,"height":424,"caption":"Foto: Arquivo A NOT\u00cdCIA"},"datePublished":"2016-05-16T09:38:11-03:00","dateModified":"2016-05-16T09:38:11-03:00","inLanguage":"pt-BR","mainEntityOfPage":{"@id":"https:\/\/anoticiaonline.com.br\/site\/sancionada-a-lei-que-cria-polo-de-piscicultura-da-zona-da-mata\/#webpage"},"isPartOf":{"@id":"https:\/\/anoticiaonline.com.br\/site\/sancionada-a-lei-que-cria-polo-de-piscicultura-da-zona-da-mata\/#webpage"},"articleSection":"Gerais, slide"},{"@type":"BreadcrumbList","@id":"https:\/\/anoticiaonline.com.br\/site\/sancionada-a-lei-que-cria-polo-de-piscicultura-da-zona-da-mata\/#breadcrumblist","itemListElement":[{"@type":"ListItem","@id":"https:\/\/anoticiaonline.com.br\/site#listItem","position":1,"name":"Home","item":"https:\/\/anoticiaonline.com.br\/site","nextItem":{"@type":"ListItem","@id":"https:\/\/anoticiaonline.com.br\/site\/categoria\/gerais\/#listItem","name":"Gerais"}},{"@type":"ListItem","@id":"https:\/\/anoticiaonline.com.br\/site\/categoria\/gerais\/#listItem","position":2,"name":"Gerais","item":"https:\/\/anoticiaonline.com.br\/site\/categoria\/gerais\/","nextItem":{"@type":"ListItem","@id":"https:\/\/anoticiaonline.com.br\/site\/sancionada-a-lei-que-cria-polo-de-piscicultura-da-zona-da-mata\/#listItem","name":"Sancionada a lei que cria Polo de Piscicultura da Zona da Mata"},"previousItem":{"@type":"ListItem","@id":"https:\/\/anoticiaonline.com.br\/site#listItem","name":"Home"}},{"@type":"ListItem","@id":"https:\/\/anoticiaonline.com.br\/site\/sancionada-a-lei-que-cria-polo-de-piscicultura-da-zona-da-mata\/#listItem","position":3,"name":"Sancionada a lei que cria Polo de Piscicultura da Zona da Mata","previousItem":{"@type":"ListItem","@id":"https:\/\/anoticiaonline.com.br\/site\/categoria\/gerais\/#listItem","name":"Gerais"}}]},{"@type":"Organization","@id":"https:\/\/anoticiaonline.com.br\/site\/#organization","name":"A Not\u00edcia Online","description":"Noticias de Muria\u00e9 e regi\u00e3o","url":"https:\/\/anoticiaonline.com.br\/site\/","logo":{"@type":"ImageObject","url":"https:\/\/scontent-gig4-1.xx.fbcdn.net\/v\/t39.30808-1\/270437624_4564083193639691_6907940295614233970_n.jpg?stp=dst-jpg_s200x200_tt6&_nc_cat=111&ccb=1-7&_nc_sid=f907e8&_nc_ohc=SM1wRlP3lJwQ7kNvwEPuBYA&_nc_oc=AdnqrjDN_BNjSSHWO-GbkIWH6fkGMLw4bqvL_NH6e2wMveX7G-rP2dAqsDSq1mJMOaY&_nc_zt=24&_nc_ht=scontent-gig4-1.xx&_nc_gid=AoBFJeGrT1hVaew_6rchkQ&oh=00_AfX7QmFGhQhG2jAllVgXCiM1ZrWgvtp80-Bfppyexh1QEg&oe=689E923C","@id":"https:\/\/anoticiaonline.com.br\/site\/sancionada-a-lei-que-cria-polo-de-piscicultura-da-zona-da-mata\/#organizationLogo"},"image":{"@id":"https:\/\/anoticiaonline.com.br\/site\/sancionada-a-lei-que-cria-polo-de-piscicultura-da-zona-da-mata\/#organizationLogo"}},{"@type":"Person","@id":"https:\/\/anoticiaonline.com.br\/site\/author\/juliana\/#author","url":"https:\/\/anoticiaonline.com.br\/site\/author\/juliana\/","name":"Juliana Laviola","image":{"@type":"ImageObject","@id":"https:\/\/anoticiaonline.com.br\/site\/sancionada-a-lei-que-cria-polo-de-piscicultura-da-zona-da-mata\/#authorImage","url":"https:\/\/secure.gravatar.com\/avatar\/b8d45f5c699b100dfaf0e543582f38f38bf94cb7ae3a5e9abf8d891a34773335?s=96&d=mm&r=g","width":96,"height":96,"caption":"Juliana Laviola"}},{"@type":"WebPage","@id":"https:\/\/anoticiaonline.com.br\/site\/sancionada-a-lei-que-cria-polo-de-piscicultura-da-zona-da-mata\/#webpage","url":"https:\/\/anoticiaonline.com.br\/site\/sancionada-a-lei-que-cria-polo-de-piscicultura-da-zona-da-mata\/","name":"Sancionada a lei que cria Polo de Piscicultura da Zona da Mata - A Not\u00edcia Online","description":"A lei 22.111, de autoria do deputado estadual Braulio Braz, que cria o Polo de Excel\u00eancia em Piscicultura Ornamental na regi\u00e3o da Zona da Mata, foi sancionada pelo governador Fernando Pimentel e publicada no Di\u00e1rio Oficial de Minas Gerais do dia 12. O objetivo da cria\u00e7\u00e3o do polo ser\u00e1 integrar os munic\u00edpios visando incentivar a","inLanguage":"pt-BR","isPartOf":{"@id":"https:\/\/anoticiaonline.com.br\/site\/#website"},"breadcrumb":{"@id":"https:\/\/anoticiaonline.com.br\/site\/sancionada-a-lei-que-cria-polo-de-piscicultura-da-zona-da-mata\/#breadcrumblist"},"author":{"@id":"https:\/\/anoticiaonline.com.br\/site\/author\/juliana\/#author"},"creator":{"@id":"https:\/\/anoticiaonline.com.br\/site\/author\/juliana\/#author"},"image":{"@type":"ImageObject","url":"https:\/\/anoticiaonline.com.br\/site\/wp-content\/uploads\/2016\/04\/DSC_0115.jpg","@id":"https:\/\/anoticiaonline.com.br\/site\/sancionada-a-lei-que-cria-polo-de-piscicultura-da-zona-da-mata\/#mainImage","width":640,"height":424,"caption":"Foto: Arquivo A NOT\u00cdCIA"},"primaryImageOfPage":{"@id":"https:\/\/anoticiaonline.com.br\/site\/sancionada-a-lei-que-cria-polo-de-piscicultura-da-zona-da-mata\/#mainImage"},"datePublished":"2016-05-16T09:38:11-03:00","dateModified":"2016-05-16T09:38:11-03:00"},{"@type":"WebSite","@id":"https:\/\/anoticiaonline.com.br\/site\/#website","url":"https:\/\/anoticiaonline.com.br\/site\/","name":"A Not\u00edcia Online","description":"Noticias de Muria\u00e9 e regi\u00e3o","inLanguage":"pt-BR","publisher":{"@id":"https:\/\/anoticiaonline.com.br\/site\/#organization"}}]},"og:locale":"pt_BR","og:site_name":"A Not\u00edcia Online - Noticias de Muria\u00e9 e regi\u00e3o","og:type":"article","og:title":"Sancionada a lei que cria Polo de Piscicultura da Zona da Mata - A Not\u00edcia Online","og:description":"A lei 22.111, de autoria do deputado estadual Braulio Braz, que cria o Polo de Excel\u00eancia em Piscicultura Ornamental na regi\u00e3o da Zona da Mata, foi sancionada pelo governador Fernando Pimentel e publicada no Di\u00e1rio Oficial de Minas Gerais do dia 12. O objetivo da cria\u00e7\u00e3o do polo ser\u00e1 integrar os munic\u00edpios visando incentivar a","og:url":"https:\/\/anoticiaonline.com.br\/site\/sancionada-a-lei-que-cria-polo-de-piscicultura-da-zona-da-mata\/","og:image":"https:\/\/scontent-gig4-1.xx.fbcdn.net\/v\/t39.30808-1\/270437624_4564083193639691_6907940295614233970_n.jpg?stp=dst-jpg_s200x200_tt6&#038;_nc_cat=111&#038;ccb=1-7&#038;_nc_sid=f907e8&#038;_nc_ohc=SM1wRlP3lJwQ7kNvwEPuBYA&#038;_nc_oc=AdnqrjDN_BNjSSHWO-GbkIWH6fkGMLw4bqvL_NH6e2wMveX7G-rP2dAqsDSq1mJMOaY&#038;_nc_zt=24&#038;_nc_ht=scontent-gig4-1.xx&#038;_nc_gid=AoBFJeGrT1hVaew_6rchkQ&#038;oh=00_AfX7QmFGhQhG2jAllVgXCiM1ZrWgvtp80-Bfppyexh1QEg&#038;oe=689E923C","og:image:secure_url":"https:\/\/scontent-gig4-1.xx.fbcdn.net\/v\/t39.30808-1\/270437624_4564083193639691_6907940295614233970_n.jpg?stp=dst-jpg_s200x200_tt6&#038;_nc_cat=111&#038;ccb=1-7&#038;_nc_sid=f907e8&#038;_nc_ohc=SM1wRlP3lJwQ7kNvwEPuBYA&#038;_nc_oc=AdnqrjDN_BNjSSHWO-GbkIWH6fkGMLw4bqvL_NH6e2wMveX7G-rP2dAqsDSq1mJMOaY&#038;_nc_zt=24&#038;_nc_ht=scontent-gig4-1.xx&#038;_nc_gid=AoBFJeGrT1hVaew_6rchkQ&#038;oh=00_AfX7QmFGhQhG2jAllVgXCiM1ZrWgvtp80-Bfppyexh1QEg&#038;oe=689E923C","article:published_time":"2016-05-16T12:38:11+00:00","article:modified_time":"2016-05-16T12:38:11+00:00","twitter:card":"summary_large_image","twitter:title":"Sancionada a lei que cria Polo de Piscicultura da Zona da Mata - A Not\u00edcia Online","twitter:description":"A lei 22.111, de autoria do deputado estadual Braulio Braz, que cria o Polo de Excel\u00eancia em Piscicultura Ornamental na regi\u00e3o da Zona da Mata, foi sancionada pelo governador Fernando Pimentel e publicada no Di\u00e1rio Oficial de Minas Gerais do dia 12. O objetivo da cria\u00e7\u00e3o do polo ser\u00e1 integrar os munic\u00edpios visando incentivar a","twitter:image":"https:\/\/scontent-gig4-1.xx.fbcdn.net\/v\/t39.30808-1\/270437624_4564083193639691_6907940295614233970_n.jpg?stp=dst-jpg_s200x200_tt6&_nc_cat=111&ccb=1-7&_nc_sid=f907e8&_nc_ohc=SM1wRlP3lJwQ7kNvwEPuBYA&_nc_oc=AdnqrjDN_BNjSSHWO-GbkIWH6fkGMLw4bqvL_NH6e2wMveX7G-rP2dAqsDSq1mJMOaY&_nc_zt=24&_nc_ht=scontent-gig4-1.xx&_nc_gid=AoBFJeGrT1hVaew_6rchkQ&oh=00_AfX7QmFGhQhG2jAllVgXCiM1ZrWgvtp80-Bfppyexh1QEg&oe=689E923C"},"aioseo_meta_data":{"post_id":"13162","title":null,"description":null,"keywords":null,"keyphrases":null,"primary_term":null,"canonical_url":null,"og_title":null,"og_description":null,"og_object_type":"default","og_image_type":"default","og_image_url":null,"og_image_width":null,"og_image_height":null,"og_image_custom_url":null,"og_image_custom_fields":null,"og_video":null,"og_custom_url":null,"og_article_section":null,"og_article_tags":null,"twitter_use_og":false,"twitter_card":"default","twitter_image_type":"default","twitter_image_url":null,"twitter_image_custom_url":null,"twitter_image_custom_fields":null,"twitter_title":null,"twitter_description":null,"schema":{"blockGraphs":[],"customGraphs":[],"default":{"data":{"Article":[],"Course":[],"Dataset":[],"FAQPage":[],"Movie":[],"Person":[],"Product":[],"ProductReview":[],"Car":[],"Recipe":[],"Service":[],"SoftwareApplication":[],"WebPage":[]},"graphName":"","isEnabled":true},"graphs":[]},"schema_type":"default","schema_type_options":null,"pillar_content":false,"robots_default":true,"robots_noindex":false,"robots_noarchive":false,"robots_nosnippet":false,"robots_nofollow":false,"robots_noimageindex":false,"robots_noodp":false,"robots_notranslate":false,"robots_max_snippet":null,"robots_max_videopreview":null,"robots_max_imagepreview":"large","priority":null,"frequency":null,"local_seo":null,"breadcrumb_settings":null,"limit_modified_date":false,"ai":null,"created":"2025-08-16 15:59:25","updated":"2025-08-16 15:59:25","focus_keyword":null,"additional_keywords":null,"truseo_locale":null,"seo_analyzer_scan_date":null},"aioseo_breadcrumb":"<div class=\"aioseo-breadcrumbs\"><span class=\"aioseo-breadcrumb\">\n\t\t\t<a href=\"https:\/\/anoticiaonline.com.br\/site\" title=\"Home\">Home<\/a>\n\t\t<\/span><span class=\"aioseo-breadcrumb-separator\">&raquo;<\/span><span class=\"aioseo-breadcrumb\">\n\t\t\t<a href=\"https:\/\/anoticiaonline.com.br\/site\/categoria\/gerais\/\" title=\"Gerais\">Gerais<\/a>\n\t\t<\/span><span class=\"aioseo-breadcrumb-separator\">&raquo;<\/span><span class=\"aioseo-breadcrumb\">\n\t\t\tSancionada a lei que cria Polo de Piscicultura da Zona da Mata\n\t\t<\/span><\/div>","aioseo_breadcrumb_json":[{"label":"Home","link":"https:\/\/anoticiaonline.com.br\/site"},{"label":"Gerais","link":"https:\/\/anoticiaonline.com.br\/site\/categoria\/gerais\/"},{"label":"Sancionada a lei que cria Polo de Piscicultura da Zona da Mata","link":"https:\/\/anoticiaonline.com.br\/site\/sancionada-a-lei-que-cria-polo-de-piscicultura-da-zona-da-mata\/"}],"views":157,"_links":{"self":[{"href":"https:\/\/anoticiaonline.com.br\/site\/wp-json\/wp\/v2\/posts\/13162","targetHints":{"allow":["GET"]}}],"collection":[{"href":"https:\/\/anoticiaonline.com.br\/site\/wp-json\/wp\/v2\/posts"}],"about":[{"href":"https:\/\/anoticiaonline.com.br\/site\/wp-json\/wp\/v2\/types\/post"}],"author":[{"embeddable":true,"href":"https:\/\/anoticiaonline.com.br\/site\/wp-json\/wp\/v2\/users\/2"}],"replies":[{"embeddable":true,"href":"https:\/\/anoticiaonline.com.br\/site\/wp-json\/wp\/v2\/comments?post=13162"}],"version-history":[{"count":0,"href":"https:\/\/anoticiaonline.com.br\/site\/wp-json\/wp\/v2\/posts\/13162\/revisions"}],"wp:featuredmedia":[{"embeddable":true,"href":"https:\/\/anoticiaonline.com.br\/site\/wp-json\/wp\/v2\/media\/12101"}],"wp:attachment":[{"href":"https:\/\/anoticiaonline.com.br\/site\/wp-json\/wp\/v2\/media?parent=13162"}],"wp:term":[{"taxonomy":"category","embeddable":true,"href":"https:\/\/anoticiaonline.com.br\/site\/wp-json\/wp\/v2\/categories?post=13162"},{"taxonomy":"post_tag","embeddable":true,"href":"https:\/\/anoticiaonline.com.br\/site\/wp-json\/wp\/v2\/tags?post=13162"}],"curies":[{"name":"wp","href":"https:\/\/api.w.org\/{rel}","templated":true}]}}