{"id":131034,"date":"2024-10-31T12:20:37","date_gmt":"2024-10-31T15:20:37","guid":{"rendered":"http:\/\/anoticiaonline.com.br\/site\/?p=131034"},"modified":"2024-10-31T12:20:45","modified_gmt":"2024-10-31T15:20:45","slug":"lancamento-da-campanha-papai-noel-dos-correios-2024","status":"publish","type":"post","link":"https:\/\/anoticiaonline.com.br\/site\/lancamento-da-campanha-papai-noel-dos-correios-2024\/","title":{"rendered":"Lan\u00e7amento da campanha Papai Noel dos Correios 2024"},"content":{"rendered":"\n<p class=\"wp-block-paragraph\">Os Correios abrem nessa sexta-feira, 1\u00ba de novembro, a 35\u00aa edi\u00e7\u00e3o da maior a\u00e7\u00e3o de Natal do Brasil, a campanha Papai Noel dos Correios. O lan\u00e7amento da campanha em Belo Horizonte ser\u00e1 realizado \u00e0s 15h, na Ag\u00eancia de Correios Presidente Juscelino Kubitscheck.<\/p>\n\n\n\n<p class=\"wp-block-paragraph\">O Papai Noel vai receber as cartinhas das crian\u00e7as mineiras, cujos pedidos ser\u00e3o disponibilizados para ado\u00e7\u00e3o. Al\u00e9m disso, tamb\u00e9m vamos ter a cerim\u00f4nia de oblitera\u00e7\u00e3o de um selo natalino.<\/p>\n\n\n\n<p class=\"wp-block-paragraph\">A campanha disponibiliza cartas com pedidos de crian\u00e7as matriculadas em escolas da rede p\u00fablica (do 1\u00ba ao 5\u00ba ano do ensino fundamental, independentemente da idade) e de institui\u00e7\u00f5es parceiras, como creches, abrigos e n\u00facleos socioeducativos). Tamb\u00e9m s\u00e3o disponibilizadas para ado\u00e7\u00e3o cartinhas enviadas por crian\u00e7as da sociedade, com at\u00e9 10 anos de idade, em situa\u00e7\u00e3o de vulnerabilidade social.<\/p>\n\n\n\n<p class=\"wp-block-paragraph\">Em 2023, pela primeira vez, a campanha atendeu 100% dos pedidos das crian\u00e7as. Foram 270 mil cartinhas adotadas &#8211; cerca de 210 mil foram adotadas por pessoas f\u00edsicas e 60 mil contempladas por meio de ado\u00e7\u00f5es realizadas por mais de 200 parceiros como empresas e \u00f3rg\u00e3os p\u00fablicos em todo o Brasil.<\/p>\n\n\n\n<p class=\"wp-block-paragraph\">Este ano quem quiser adotar ou enviar as cartinhas on-line deve acessar o site <a href=\"http:\/\/blognoel.correios.com.br\/blognoel\/index.php\">http:\/\/blognoel.correios.com.br\/blognoel\/index.php<\/a><\/p>\n","protected":false},"excerpt":{"rendered":"<p>Os Correios abrem nessa sexta-feira, 1\u00ba de novembro, a 35\u00aa edi\u00e7\u00e3o da maior a\u00e7\u00e3o de Natal do Brasil, a campanha Papai Noel dos Correios. O lan\u00e7amento da campanha em Belo Horizonte ser\u00e1 realizado \u00e0s 15h, na Ag\u00eancia de Correios Presidente Juscelino Kubitscheck. O Papai Noel vai receber as cartinhas das crian\u00e7as mineiras, cujos pedidos ser\u00e3o &#8230; <a title=\"Lan\u00e7amento da campanha Papai Noel dos Correios 2024\" class=\"read-more\" href=\"https:\/\/anoticiaonline.com.br\/site\/lancamento-da-campanha-papai-noel-dos-correios-2024\/\" aria-label=\"Read more about Lan\u00e7amento da campanha Papai Noel dos Correios 2024\">Ler mais<\/a><\/p>\n","protected":false},"author":2,"featured_media":131037,"comment_status":"open","ping_status":"closed","sticky":false,"template":"","format":"standard","meta":{"_acf_changed":false,"_monsterinsights_skip_tracking":false,"footnotes":""},"categories":[30,2893,1,7660],"tags":[],"class_list":["post-131034","post","type-post","status-publish","format-standard","has-post-thumbnail","hentry","category-muriae","category-cotidiano","category-gerais","category-slide-principal"],"acf":[],"aioseo_notices":[],"aioseo_head":"\n\t\t<!-- All in One SEO 5.0.0.1 - aioseo.com -->\n\t<meta name=\"description\" content=\"Os Correios abrem nessa sexta-feira, 1\u00ba de novembro, a 35\u00aa edi\u00e7\u00e3o da maior a\u00e7\u00e3o de Natal do Brasil, a campanha Papai Noel dos Correios. O lan\u00e7amento da campanha em Belo Horizonte ser\u00e1 realizado \u00e0s 15h, na Ag\u00eancia de Correios Presidente Juscelino Kubitscheck. O Papai Noel vai receber as cartinhas das crian\u00e7as mineiras, cujos pedidos ser\u00e3o\" \/>\n\t<meta name=\"robots\" content=\"max-image-preview:large\" \/>\n\t<meta name=\"author\" content=\"Juliana Laviola\"\/>\n\t<link rel=\"canonical\" href=\"https:\/\/anoticiaonline.com.br\/site\/lancamento-da-campanha-papai-noel-dos-correios-2024\/\" \/>\n\t<meta name=\"generator\" content=\"All in One SEO (AIOSEO) 5.0.0.1\" \/>\n\t\t<meta property=\"og:locale\" content=\"pt_BR\" \/>\n\t\t<meta property=\"og:site_name\" content=\"A Not\u00edcia Online - Noticias de Muria\u00e9 e regi\u00e3o\" \/>\n\t\t<meta property=\"og:type\" content=\"article\" \/>\n\t\t<meta property=\"og:title\" content=\"Lan\u00e7amento da campanha Papai Noel dos Correios 2024 - A Not\u00edcia Online\" \/>\n\t\t<meta property=\"og:description\" content=\"Os Correios abrem nessa sexta-feira, 1\u00ba de novembro, a 35\u00aa edi\u00e7\u00e3o da maior a\u00e7\u00e3o de Natal do Brasil, a campanha Papai Noel dos Correios. O lan\u00e7amento da campanha em Belo Horizonte ser\u00e1 realizado \u00e0s 15h, na Ag\u00eancia de Correios Presidente Juscelino Kubitscheck. O Papai Noel vai receber as cartinhas das crian\u00e7as mineiras, cujos pedidos ser\u00e3o\" \/>\n\t\t<meta property=\"og:url\" content=\"https:\/\/anoticiaonline.com.br\/site\/lancamento-da-campanha-papai-noel-dos-correios-2024\/\" \/>\n\t\t<meta property=\"og:image\" content=\"https:\/\/scontent-gig4-1.xx.fbcdn.net\/v\/t39.30808-1\/270437624_4564083193639691_6907940295614233970_n.jpg?stp=dst-jpg_s200x200_tt6&#038;_nc_cat=111&#038;ccb=1-7&#038;_nc_sid=f907e8&#038;_nc_ohc=SM1wRlP3lJwQ7kNvwEPuBYA&#038;_nc_oc=AdnqrjDN_BNjSSHWO-GbkIWH6fkGMLw4bqvL_NH6e2wMveX7G-rP2dAqsDSq1mJMOaY&#038;_nc_zt=24&#038;_nc_ht=scontent-gig4-1.xx&#038;_nc_gid=AoBFJeGrT1hVaew_6rchkQ&#038;oh=00_AfX7QmFGhQhG2jAllVgXCiM1ZrWgvtp80-Bfppyexh1QEg&#038;oe=689E923C\" \/>\n\t\t<meta property=\"og:image:secure_url\" content=\"https:\/\/scontent-gig4-1.xx.fbcdn.net\/v\/t39.30808-1\/270437624_4564083193639691_6907940295614233970_n.jpg?stp=dst-jpg_s200x200_tt6&#038;_nc_cat=111&#038;ccb=1-7&#038;_nc_sid=f907e8&#038;_nc_ohc=SM1wRlP3lJwQ7kNvwEPuBYA&#038;_nc_oc=AdnqrjDN_BNjSSHWO-GbkIWH6fkGMLw4bqvL_NH6e2wMveX7G-rP2dAqsDSq1mJMOaY&#038;_nc_zt=24&#038;_nc_ht=scontent-gig4-1.xx&#038;_nc_gid=AoBFJeGrT1hVaew_6rchkQ&#038;oh=00_AfX7QmFGhQhG2jAllVgXCiM1ZrWgvtp80-Bfppyexh1QEg&#038;oe=689E923C\" \/>\n\t\t<meta property=\"article:published_time\" content=\"2024-10-31T15:20:37+00:00\" \/>\n\t\t<meta property=\"article:modified_time\" content=\"2024-10-31T15:20:45+00:00\" \/>\n\t\t<meta name=\"twitter:card\" content=\"summary_large_image\" \/>\n\t\t<meta name=\"twitter:title\" content=\"Lan\u00e7amento da campanha Papai Noel dos Correios 2024 - A Not\u00edcia Online\" \/>\n\t\t<meta name=\"twitter:description\" content=\"Os Correios abrem nessa sexta-feira, 1\u00ba de novembro, a 35\u00aa edi\u00e7\u00e3o da maior a\u00e7\u00e3o de Natal do Brasil, a campanha Papai Noel dos Correios. O lan\u00e7amento da campanha em Belo Horizonte ser\u00e1 realizado \u00e0s 15h, na Ag\u00eancia de Correios Presidente Juscelino Kubitscheck. O Papai Noel vai receber as cartinhas das crian\u00e7as mineiras, cujos pedidos ser\u00e3o\" \/>\n\t\t<meta name=\"twitter:image\" content=\"https:\/\/scontent-gig4-1.xx.fbcdn.net\/v\/t39.30808-1\/270437624_4564083193639691_6907940295614233970_n.jpg?stp=dst-jpg_s200x200_tt6&amp;_nc_cat=111&amp;ccb=1-7&amp;_nc_sid=f907e8&amp;_nc_ohc=SM1wRlP3lJwQ7kNvwEPuBYA&amp;_nc_oc=AdnqrjDN_BNjSSHWO-GbkIWH6fkGMLw4bqvL_NH6e2wMveX7G-rP2dAqsDSq1mJMOaY&amp;_nc_zt=24&amp;_nc_ht=scontent-gig4-1.xx&amp;_nc_gid=AoBFJeGrT1hVaew_6rchkQ&amp;oh=00_AfX7QmFGhQhG2jAllVgXCiM1ZrWgvtp80-Bfppyexh1QEg&amp;oe=689E923C\" \/>\n\t\t<script type=\"application\/ld+json\" class=\"aioseo-schema\">\n\t\t\t{\"@context\":\"https:\\\/\\\/schema.org\",\"@graph\":[{\"@type\":\"BlogPosting\",\"@id\":\"https:\\\/\\\/anoticiaonline.com.br\\\/site\\\/lancamento-da-campanha-papai-noel-dos-correios-2024\\\/#blogposting\",\"name\":\"Lan\\u00e7amento da campanha Papai Noel dos Correios 2024 - A Not\\u00edcia Online\",\"headline\":\"Lan\\u00e7amento da campanha Papai Noel dos Correios 2024\",\"author\":{\"@id\":\"https:\\\/\\\/anoticiaonline.com.br\\\/site\\\/author\\\/juliana\\\/#author\"},\"publisher\":{\"@id\":\"https:\\\/\\\/anoticiaonline.com.br\\\/site\\\/#organization\"},\"image\":{\"@type\":\"ImageObject\",\"url\":\"https:\\\/\\\/anoticiaonline.com.br\\\/site\\\/wp-content\\\/uploads\\\/2024\\\/10\\\/001_-CAPA-Papai-Noel-Correios.jpeg\",\"width\":1440,\"height\":1080},\"datePublished\":\"2024-10-31T12:20:37-03:00\",\"dateModified\":\"2024-10-31T12:20:45-03:00\",\"inLanguage\":\"pt-BR\",\"mainEntityOfPage\":{\"@id\":\"https:\\\/\\\/anoticiaonline.com.br\\\/site\\\/lancamento-da-campanha-papai-noel-dos-correios-2024\\\/#webpage\"},\"isPartOf\":{\"@id\":\"https:\\\/\\\/anoticiaonline.com.br\\\/site\\\/lancamento-da-campanha-papai-noel-dos-correios-2024\\\/#webpage\"},\"articleSection\":\"Blog, Cotidiano, Gerais, Slide principal\"},{\"@type\":\"BreadcrumbList\",\"@id\":\"https:\\\/\\\/anoticiaonline.com.br\\\/site\\\/lancamento-da-campanha-papai-noel-dos-correios-2024\\\/#breadcrumblist\",\"itemListElement\":[{\"@type\":\"ListItem\",\"@id\":\"https:\\\/\\\/anoticiaonline.com.br\\\/site#listItem\",\"position\":1,\"name\":\"Home\",\"item\":\"https:\\\/\\\/anoticiaonline.com.br\\\/site\",\"nextItem\":{\"@type\":\"ListItem\",\"@id\":\"https:\\\/\\\/anoticiaonline.com.br\\\/site\\\/categoria\\\/muriae\\\/#listItem\",\"name\":\"Blog\"}},{\"@type\":\"ListItem\",\"@id\":\"https:\\\/\\\/anoticiaonline.com.br\\\/site\\\/categoria\\\/muriae\\\/#listItem\",\"position\":2,\"name\":\"Blog\",\"item\":\"https:\\\/\\\/anoticiaonline.com.br\\\/site\\\/categoria\\\/muriae\\\/\",\"nextItem\":{\"@type\":\"ListItem\",\"@id\":\"https:\\\/\\\/anoticiaonline.com.br\\\/site\\\/categoria\\\/muriae\\\/cotidiano\\\/#listItem\",\"name\":\"Cotidiano\"},\"previousItem\":{\"@type\":\"ListItem\",\"@id\":\"https:\\\/\\\/anoticiaonline.com.br\\\/site#listItem\",\"name\":\"Home\"}},{\"@type\":\"ListItem\",\"@id\":\"https:\\\/\\\/anoticiaonline.com.br\\\/site\\\/categoria\\\/muriae\\\/cotidiano\\\/#listItem\",\"position\":3,\"name\":\"Cotidiano\",\"item\":\"https:\\\/\\\/anoticiaonline.com.br\\\/site\\\/categoria\\\/muriae\\\/cotidiano\\\/\",\"nextItem\":{\"@type\":\"ListItem\",\"@id\":\"https:\\\/\\\/anoticiaonline.com.br\\\/site\\\/lancamento-da-campanha-papai-noel-dos-correios-2024\\\/#listItem\",\"name\":\"Lan\\u00e7amento da campanha Papai Noel dos Correios 2024\"},\"previousItem\":{\"@type\":\"ListItem\",\"@id\":\"https:\\\/\\\/anoticiaonline.com.br\\\/site\\\/categoria\\\/muriae\\\/#listItem\",\"name\":\"Blog\"}},{\"@type\":\"ListItem\",\"@id\":\"https:\\\/\\\/anoticiaonline.com.br\\\/site\\\/lancamento-da-campanha-papai-noel-dos-correios-2024\\\/#listItem\",\"position\":4,\"name\":\"Lan\\u00e7amento da campanha Papai Noel dos Correios 2024\",\"previousItem\":{\"@type\":\"ListItem\",\"@id\":\"https:\\\/\\\/anoticiaonline.com.br\\\/site\\\/categoria\\\/muriae\\\/cotidiano\\\/#listItem\",\"name\":\"Cotidiano\"}}]},{\"@type\":\"Organization\",\"@id\":\"https:\\\/\\\/anoticiaonline.com.br\\\/site\\\/#organization\",\"name\":\"A Not\\u00edcia Online\",\"description\":\"Noticias de Muria\\u00e9 e regi\\u00e3o\",\"url\":\"https:\\\/\\\/anoticiaonline.com.br\\\/site\\\/\",\"logo\":{\"@type\":\"ImageObject\",\"url\":\"https:\\\/\\\/scontent-gig4-1.xx.fbcdn.net\\\/v\\\/t39.30808-1\\\/270437624_4564083193639691_6907940295614233970_n.jpg?stp=dst-jpg_s200x200_tt6&_nc_cat=111&ccb=1-7&_nc_sid=f907e8&_nc_ohc=SM1wRlP3lJwQ7kNvwEPuBYA&_nc_oc=AdnqrjDN_BNjSSHWO-GbkIWH6fkGMLw4bqvL_NH6e2wMveX7G-rP2dAqsDSq1mJMOaY&_nc_zt=24&_nc_ht=scontent-gig4-1.xx&_nc_gid=AoBFJeGrT1hVaew_6rchkQ&oh=00_AfX7QmFGhQhG2jAllVgXCiM1ZrWgvtp80-Bfppyexh1QEg&oe=689E923C\",\"@id\":\"https:\\\/\\\/anoticiaonline.com.br\\\/site\\\/lancamento-da-campanha-papai-noel-dos-correios-2024\\\/#organizationLogo\"},\"image\":{\"@id\":\"https:\\\/\\\/anoticiaonline.com.br\\\/site\\\/lancamento-da-campanha-papai-noel-dos-correios-2024\\\/#organizationLogo\"}},{\"@type\":\"Person\",\"@id\":\"https:\\\/\\\/anoticiaonline.com.br\\\/site\\\/author\\\/juliana\\\/#author\",\"url\":\"https:\\\/\\\/anoticiaonline.com.br\\\/site\\\/author\\\/juliana\\\/\",\"name\":\"Juliana Laviola\",\"image\":{\"@type\":\"ImageObject\",\"@id\":\"https:\\\/\\\/anoticiaonline.com.br\\\/site\\\/lancamento-da-campanha-papai-noel-dos-correios-2024\\\/#authorImage\",\"url\":\"https:\\\/\\\/secure.gravatar.com\\\/avatar\\\/b8d45f5c699b100dfaf0e543582f38f38bf94cb7ae3a5e9abf8d891a34773335?s=96&d=mm&r=g\",\"width\":96,\"height\":96,\"caption\":\"Juliana Laviola\"}},{\"@type\":\"WebPage\",\"@id\":\"https:\\\/\\\/anoticiaonline.com.br\\\/site\\\/lancamento-da-campanha-papai-noel-dos-correios-2024\\\/#webpage\",\"url\":\"https:\\\/\\\/anoticiaonline.com.br\\\/site\\\/lancamento-da-campanha-papai-noel-dos-correios-2024\\\/\",\"name\":\"Lan\\u00e7amento da campanha Papai Noel dos Correios 2024 - A Not\\u00edcia Online\",\"description\":\"Os Correios abrem nessa sexta-feira, 1\\u00ba de novembro, a 35\\u00aa edi\\u00e7\\u00e3o da maior a\\u00e7\\u00e3o de Natal do Brasil, a campanha Papai Noel dos Correios. O lan\\u00e7amento da campanha em Belo Horizonte ser\\u00e1 realizado \\u00e0s 15h, na Ag\\u00eancia de Correios Presidente Juscelino Kubitscheck. O Papai Noel vai receber as cartinhas das crian\\u00e7as mineiras, cujos pedidos ser\\u00e3o\",\"inLanguage\":\"pt-BR\",\"isPartOf\":{\"@id\":\"https:\\\/\\\/anoticiaonline.com.br\\\/site\\\/#website\"},\"breadcrumb\":{\"@id\":\"https:\\\/\\\/anoticiaonline.com.br\\\/site\\\/lancamento-da-campanha-papai-noel-dos-correios-2024\\\/#breadcrumblist\"},\"author\":{\"@id\":\"https:\\\/\\\/anoticiaonline.com.br\\\/site\\\/author\\\/juliana\\\/#author\"},\"creator\":{\"@id\":\"https:\\\/\\\/anoticiaonline.com.br\\\/site\\\/author\\\/juliana\\\/#author\"},\"image\":{\"@type\":\"ImageObject\",\"url\":\"https:\\\/\\\/anoticiaonline.com.br\\\/site\\\/wp-content\\\/uploads\\\/2024\\\/10\\\/001_-CAPA-Papai-Noel-Correios.jpeg\",\"@id\":\"https:\\\/\\\/anoticiaonline.com.br\\\/site\\\/lancamento-da-campanha-papai-noel-dos-correios-2024\\\/#mainImage\",\"width\":1440,\"height\":1080},\"primaryImageOfPage\":{\"@id\":\"https:\\\/\\\/anoticiaonline.com.br\\\/site\\\/lancamento-da-campanha-papai-noel-dos-correios-2024\\\/#mainImage\"},\"datePublished\":\"2024-10-31T12:20:37-03:00\",\"dateModified\":\"2024-10-31T12:20:45-03:00\"},{\"@type\":\"WebSite\",\"@id\":\"https:\\\/\\\/anoticiaonline.com.br\\\/site\\\/#website\",\"url\":\"https:\\\/\\\/anoticiaonline.com.br\\\/site\\\/\",\"name\":\"A Not\\u00edcia Online\",\"description\":\"Noticias de Muria\\u00e9 e regi\\u00e3o\",\"inLanguage\":\"pt-BR\",\"publisher\":{\"@id\":\"https:\\\/\\\/anoticiaonline.com.br\\\/site\\\/#organization\"}}]}\n\t\t<\/script>\n\t\t<!-- All in One SEO -->\n\n","aioseo_head_json":{"title":"Lan\u00e7amento da campanha Papai Noel dos Correios 2024 - A Not\u00edcia Online","description":"Os Correios abrem nessa sexta-feira, 1\u00ba de novembro, a 35\u00aa edi\u00e7\u00e3o da maior a\u00e7\u00e3o de Natal do Brasil, a campanha Papai Noel dos Correios. O lan\u00e7amento da campanha em Belo Horizonte ser\u00e1 realizado \u00e0s 15h, na Ag\u00eancia de Correios Presidente Juscelino Kubitscheck. O Papai Noel vai receber as cartinhas das crian\u00e7as mineiras, cujos pedidos ser\u00e3o","canonical_url":"https:\/\/anoticiaonline.com.br\/site\/lancamento-da-campanha-papai-noel-dos-correios-2024\/","robots":"max-image-preview:large","keywords":"","webmasterTools":{"miscellaneous":""},"schema":{"@context":"https:\/\/schema.org","@graph":[{"@type":"BlogPosting","@id":"https:\/\/anoticiaonline.com.br\/site\/lancamento-da-campanha-papai-noel-dos-correios-2024\/#blogposting","name":"Lan\u00e7amento da campanha Papai Noel dos Correios 2024 - A Not\u00edcia Online","headline":"Lan\u00e7amento da campanha Papai Noel dos Correios 2024","author":{"@id":"https:\/\/anoticiaonline.com.br\/site\/author\/juliana\/#author"},"publisher":{"@id":"https:\/\/anoticiaonline.com.br\/site\/#organization"},"image":{"@type":"ImageObject","url":"https:\/\/anoticiaonline.com.br\/site\/wp-content\/uploads\/2024\/10\/001_-CAPA-Papai-Noel-Correios.jpeg","width":1440,"height":1080},"datePublished":"2024-10-31T12:20:37-03:00","dateModified":"2024-10-31T12:20:45-03:00","inLanguage":"pt-BR","mainEntityOfPage":{"@id":"https:\/\/anoticiaonline.com.br\/site\/lancamento-da-campanha-papai-noel-dos-correios-2024\/#webpage"},"isPartOf":{"@id":"https:\/\/anoticiaonline.com.br\/site\/lancamento-da-campanha-papai-noel-dos-correios-2024\/#webpage"},"articleSection":"Blog, Cotidiano, Gerais, Slide principal"},{"@type":"BreadcrumbList","@id":"https:\/\/anoticiaonline.com.br\/site\/lancamento-da-campanha-papai-noel-dos-correios-2024\/#breadcrumblist","itemListElement":[{"@type":"ListItem","@id":"https:\/\/anoticiaonline.com.br\/site#listItem","position":1,"name":"Home","item":"https:\/\/anoticiaonline.com.br\/site","nextItem":{"@type":"ListItem","@id":"https:\/\/anoticiaonline.com.br\/site\/categoria\/muriae\/#listItem","name":"Blog"}},{"@type":"ListItem","@id":"https:\/\/anoticiaonline.com.br\/site\/categoria\/muriae\/#listItem","position":2,"name":"Blog","item":"https:\/\/anoticiaonline.com.br\/site\/categoria\/muriae\/","nextItem":{"@type":"ListItem","@id":"https:\/\/anoticiaonline.com.br\/site\/categoria\/muriae\/cotidiano\/#listItem","name":"Cotidiano"},"previousItem":{"@type":"ListItem","@id":"https:\/\/anoticiaonline.com.br\/site#listItem","name":"Home"}},{"@type":"ListItem","@id":"https:\/\/anoticiaonline.com.br\/site\/categoria\/muriae\/cotidiano\/#listItem","position":3,"name":"Cotidiano","item":"https:\/\/anoticiaonline.com.br\/site\/categoria\/muriae\/cotidiano\/","nextItem":{"@type":"ListItem","@id":"https:\/\/anoticiaonline.com.br\/site\/lancamento-da-campanha-papai-noel-dos-correios-2024\/#listItem","name":"Lan\u00e7amento da campanha Papai Noel dos Correios 2024"},"previousItem":{"@type":"ListItem","@id":"https:\/\/anoticiaonline.com.br\/site\/categoria\/muriae\/#listItem","name":"Blog"}},{"@type":"ListItem","@id":"https:\/\/anoticiaonline.com.br\/site\/lancamento-da-campanha-papai-noel-dos-correios-2024\/#listItem","position":4,"name":"Lan\u00e7amento da campanha Papai Noel dos Correios 2024","previousItem":{"@type":"ListItem","@id":"https:\/\/anoticiaonline.com.br\/site\/categoria\/muriae\/cotidiano\/#listItem","name":"Cotidiano"}}]},{"@type":"Organization","@id":"https:\/\/anoticiaonline.com.br\/site\/#organization","name":"A Not\u00edcia Online","description":"Noticias de Muria\u00e9 e regi\u00e3o","url":"https:\/\/anoticiaonline.com.br\/site\/","logo":{"@type":"ImageObject","url":"https:\/\/scontent-gig4-1.xx.fbcdn.net\/v\/t39.30808-1\/270437624_4564083193639691_6907940295614233970_n.jpg?stp=dst-jpg_s200x200_tt6&_nc_cat=111&ccb=1-7&_nc_sid=f907e8&_nc_ohc=SM1wRlP3lJwQ7kNvwEPuBYA&_nc_oc=AdnqrjDN_BNjSSHWO-GbkIWH6fkGMLw4bqvL_NH6e2wMveX7G-rP2dAqsDSq1mJMOaY&_nc_zt=24&_nc_ht=scontent-gig4-1.xx&_nc_gid=AoBFJeGrT1hVaew_6rchkQ&oh=00_AfX7QmFGhQhG2jAllVgXCiM1ZrWgvtp80-Bfppyexh1QEg&oe=689E923C","@id":"https:\/\/anoticiaonline.com.br\/site\/lancamento-da-campanha-papai-noel-dos-correios-2024\/#organizationLogo"},"image":{"@id":"https:\/\/anoticiaonline.com.br\/site\/lancamento-da-campanha-papai-noel-dos-correios-2024\/#organizationLogo"}},{"@type":"Person","@id":"https:\/\/anoticiaonline.com.br\/site\/author\/juliana\/#author","url":"https:\/\/anoticiaonline.com.br\/site\/author\/juliana\/","name":"Juliana Laviola","image":{"@type":"ImageObject","@id":"https:\/\/anoticiaonline.com.br\/site\/lancamento-da-campanha-papai-noel-dos-correios-2024\/#authorImage","url":"https:\/\/secure.gravatar.com\/avatar\/b8d45f5c699b100dfaf0e543582f38f38bf94cb7ae3a5e9abf8d891a34773335?s=96&d=mm&r=g","width":96,"height":96,"caption":"Juliana Laviola"}},{"@type":"WebPage","@id":"https:\/\/anoticiaonline.com.br\/site\/lancamento-da-campanha-papai-noel-dos-correios-2024\/#webpage","url":"https:\/\/anoticiaonline.com.br\/site\/lancamento-da-campanha-papai-noel-dos-correios-2024\/","name":"Lan\u00e7amento da campanha Papai Noel dos Correios 2024 - A Not\u00edcia Online","description":"Os Correios abrem nessa sexta-feira, 1\u00ba de novembro, a 35\u00aa edi\u00e7\u00e3o da maior a\u00e7\u00e3o de Natal do Brasil, a campanha Papai Noel dos Correios. O lan\u00e7amento da campanha em Belo Horizonte ser\u00e1 realizado \u00e0s 15h, na Ag\u00eancia de Correios Presidente Juscelino Kubitscheck. O Papai Noel vai receber as cartinhas das crian\u00e7as mineiras, cujos pedidos ser\u00e3o","inLanguage":"pt-BR","isPartOf":{"@id":"https:\/\/anoticiaonline.com.br\/site\/#website"},"breadcrumb":{"@id":"https:\/\/anoticiaonline.com.br\/site\/lancamento-da-campanha-papai-noel-dos-correios-2024\/#breadcrumblist"},"author":{"@id":"https:\/\/anoticiaonline.com.br\/site\/author\/juliana\/#author"},"creator":{"@id":"https:\/\/anoticiaonline.com.br\/site\/author\/juliana\/#author"},"image":{"@type":"ImageObject","url":"https:\/\/anoticiaonline.com.br\/site\/wp-content\/uploads\/2024\/10\/001_-CAPA-Papai-Noel-Correios.jpeg","@id":"https:\/\/anoticiaonline.com.br\/site\/lancamento-da-campanha-papai-noel-dos-correios-2024\/#mainImage","width":1440,"height":1080},"primaryImageOfPage":{"@id":"https:\/\/anoticiaonline.com.br\/site\/lancamento-da-campanha-papai-noel-dos-correios-2024\/#mainImage"},"datePublished":"2024-10-31T12:20:37-03:00","dateModified":"2024-10-31T12:20:45-03:00"},{"@type":"WebSite","@id":"https:\/\/anoticiaonline.com.br\/site\/#website","url":"https:\/\/anoticiaonline.com.br\/site\/","name":"A Not\u00edcia Online","description":"Noticias de Muria\u00e9 e regi\u00e3o","inLanguage":"pt-BR","publisher":{"@id":"https:\/\/anoticiaonline.com.br\/site\/#organization"}}]},"og:locale":"pt_BR","og:site_name":"A Not\u00edcia Online - Noticias de Muria\u00e9 e regi\u00e3o","og:type":"article","og:title":"Lan\u00e7amento da campanha Papai Noel dos Correios 2024 - A Not\u00edcia Online","og:description":"Os Correios abrem nessa sexta-feira, 1\u00ba de novembro, a 35\u00aa edi\u00e7\u00e3o da maior a\u00e7\u00e3o de Natal do Brasil, a campanha Papai Noel dos Correios. O lan\u00e7amento da campanha em Belo Horizonte ser\u00e1 realizado \u00e0s 15h, na Ag\u00eancia de Correios Presidente Juscelino Kubitscheck. O Papai Noel vai receber as cartinhas das crian\u00e7as mineiras, cujos pedidos ser\u00e3o","og:url":"https:\/\/anoticiaonline.com.br\/site\/lancamento-da-campanha-papai-noel-dos-correios-2024\/","og:image":"https:\/\/scontent-gig4-1.xx.fbcdn.net\/v\/t39.30808-1\/270437624_4564083193639691_6907940295614233970_n.jpg?stp=dst-jpg_s200x200_tt6&#038;_nc_cat=111&#038;ccb=1-7&#038;_nc_sid=f907e8&#038;_nc_ohc=SM1wRlP3lJwQ7kNvwEPuBYA&#038;_nc_oc=AdnqrjDN_BNjSSHWO-GbkIWH6fkGMLw4bqvL_NH6e2wMveX7G-rP2dAqsDSq1mJMOaY&#038;_nc_zt=24&#038;_nc_ht=scontent-gig4-1.xx&#038;_nc_gid=AoBFJeGrT1hVaew_6rchkQ&#038;oh=00_AfX7QmFGhQhG2jAllVgXCiM1ZrWgvtp80-Bfppyexh1QEg&#038;oe=689E923C","og:image:secure_url":"https:\/\/scontent-gig4-1.xx.fbcdn.net\/v\/t39.30808-1\/270437624_4564083193639691_6907940295614233970_n.jpg?stp=dst-jpg_s200x200_tt6&#038;_nc_cat=111&#038;ccb=1-7&#038;_nc_sid=f907e8&#038;_nc_ohc=SM1wRlP3lJwQ7kNvwEPuBYA&#038;_nc_oc=AdnqrjDN_BNjSSHWO-GbkIWH6fkGMLw4bqvL_NH6e2wMveX7G-rP2dAqsDSq1mJMOaY&#038;_nc_zt=24&#038;_nc_ht=scontent-gig4-1.xx&#038;_nc_gid=AoBFJeGrT1hVaew_6rchkQ&#038;oh=00_AfX7QmFGhQhG2jAllVgXCiM1ZrWgvtp80-Bfppyexh1QEg&#038;oe=689E923C","article:published_time":"2024-10-31T15:20:37+00:00","article:modified_time":"2024-10-31T15:20:45+00:00","twitter:card":"summary_large_image","twitter:title":"Lan\u00e7amento da campanha Papai Noel dos Correios 2024 - A Not\u00edcia Online","twitter:description":"Os Correios abrem nessa sexta-feira, 1\u00ba de novembro, a 35\u00aa edi\u00e7\u00e3o da maior a\u00e7\u00e3o de Natal do Brasil, a campanha Papai Noel dos Correios. O lan\u00e7amento da campanha em Belo Horizonte ser\u00e1 realizado \u00e0s 15h, na Ag\u00eancia de Correios Presidente Juscelino Kubitscheck. O Papai Noel vai receber as cartinhas das crian\u00e7as mineiras, cujos pedidos ser\u00e3o","twitter:image":"https:\/\/scontent-gig4-1.xx.fbcdn.net\/v\/t39.30808-1\/270437624_4564083193639691_6907940295614233970_n.jpg?stp=dst-jpg_s200x200_tt6&_nc_cat=111&ccb=1-7&_nc_sid=f907e8&_nc_ohc=SM1wRlP3lJwQ7kNvwEPuBYA&_nc_oc=AdnqrjDN_BNjSSHWO-GbkIWH6fkGMLw4bqvL_NH6e2wMveX7G-rP2dAqsDSq1mJMOaY&_nc_zt=24&_nc_ht=scontent-gig4-1.xx&_nc_gid=AoBFJeGrT1hVaew_6rchkQ&oh=00_AfX7QmFGhQhG2jAllVgXCiM1ZrWgvtp80-Bfppyexh1QEg&oe=689E923C"},"aioseo_meta_data":{"post_id":"131034","title":null,"description":null,"keywords":null,"keyphrases":null,"primary_term":null,"canonical_url":null,"og_title":null,"og_description":null,"og_object_type":"default","og_image_type":"default","og_image_url":null,"og_image_width":null,"og_image_height":null,"og_image_custom_url":null,"og_image_custom_fields":null,"og_video":null,"og_custom_url":null,"og_article_section":null,"og_article_tags":null,"twitter_use_og":false,"twitter_card":"default","twitter_image_type":"default","twitter_image_url":null,"twitter_image_custom_url":null,"twitter_image_custom_fields":null,"twitter_title":null,"twitter_description":null,"schema":{"blockGraphs":[],"customGraphs":[],"default":{"data":{"Article":[],"Course":[],"Dataset":[],"FAQPage":[],"Movie":[],"Person":[],"Product":[],"ProductReview":[],"Car":[],"Recipe":[],"Service":[],"SoftwareApplication":[],"WebPage":[]},"graphName":"","isEnabled":true},"graphs":[]},"schema_type":"default","schema_type_options":null,"pillar_content":false,"robots_default":true,"robots_noindex":false,"robots_noarchive":false,"robots_nosnippet":false,"robots_nofollow":false,"robots_noimageindex":false,"robots_noodp":false,"robots_notranslate":false,"robots_max_snippet":null,"robots_max_videopreview":null,"robots_max_imagepreview":"large","priority":null,"frequency":null,"local_seo":null,"breadcrumb_settings":null,"limit_modified_date":false,"ai":null,"created":"2025-08-17 12:06:23","updated":"2025-08-17 12:06:23","focus_keyword":null,"additional_keywords":null,"truseo_locale":null,"seo_analyzer_scan_date":null},"aioseo_breadcrumb":"<div class=\"aioseo-breadcrumbs\"><span class=\"aioseo-breadcrumb\">\n\t\t\t<a href=\"https:\/\/anoticiaonline.com.br\/site\" title=\"Home\">Home<\/a>\n\t\t<\/span><span class=\"aioseo-breadcrumb-separator\">&raquo;<\/span><span class=\"aioseo-breadcrumb\">\n\t\t\t<a href=\"https:\/\/anoticiaonline.com.br\/site\/categoria\/muriae\/\" title=\"Blog\">Blog<\/a>\n\t\t<\/span><span class=\"aioseo-breadcrumb-separator\">&raquo;<\/span><span class=\"aioseo-breadcrumb\">\n\t\t\t<a href=\"https:\/\/anoticiaonline.com.br\/site\/categoria\/muriae\/cotidiano\/\" title=\"Cotidiano\">Cotidiano<\/a>\n\t\t<\/span><span class=\"aioseo-breadcrumb-separator\">&raquo;<\/span><span class=\"aioseo-breadcrumb\">\n\t\t\tLan\u00e7amento da campanha Papai Noel dos Correios 2024\n\t\t<\/span><\/div>","aioseo_breadcrumb_json":[{"label":"Home","link":"https:\/\/anoticiaonline.com.br\/site"},{"label":"Blog","link":"https:\/\/anoticiaonline.com.br\/site\/categoria\/muriae\/"},{"label":"Cotidiano","link":"https:\/\/anoticiaonline.com.br\/site\/categoria\/muriae\/cotidiano\/"},{"label":"Lan\u00e7amento da campanha Papai Noel dos Correios 2024","link":"https:\/\/anoticiaonline.com.br\/site\/lancamento-da-campanha-papai-noel-dos-correios-2024\/"}],"views":208,"_links":{"self":[{"href":"https:\/\/anoticiaonline.com.br\/site\/wp-json\/wp\/v2\/posts\/131034","targetHints":{"allow":["GET"]}}],"collection":[{"href":"https:\/\/anoticiaonline.com.br\/site\/wp-json\/wp\/v2\/posts"}],"about":[{"href":"https:\/\/anoticiaonline.com.br\/site\/wp-json\/wp\/v2\/types\/post"}],"author":[{"embeddable":true,"href":"https:\/\/anoticiaonline.com.br\/site\/wp-json\/wp\/v2\/users\/2"}],"replies":[{"embeddable":true,"href":"https:\/\/anoticiaonline.com.br\/site\/wp-json\/wp\/v2\/comments?post=131034"}],"version-history":[{"count":0,"href":"https:\/\/anoticiaonline.com.br\/site\/wp-json\/wp\/v2\/posts\/131034\/revisions"}],"wp:featuredmedia":[{"embeddable":true,"href":"https:\/\/anoticiaonline.com.br\/site\/wp-json\/wp\/v2\/media\/131037"}],"wp:attachment":[{"href":"https:\/\/anoticiaonline.com.br\/site\/wp-json\/wp\/v2\/media?parent=131034"}],"wp:term":[{"taxonomy":"category","embeddable":true,"href":"https:\/\/anoticiaonline.com.br\/site\/wp-json\/wp\/v2\/categories?post=131034"},{"taxonomy":"post_tag","embeddable":true,"href":"https:\/\/anoticiaonline.com.br\/site\/wp-json\/wp\/v2\/tags?post=131034"}],"curies":[{"name":"wp","href":"https:\/\/api.w.org\/{rel}","templated":true}]}}