{"id":130921,"date":"2024-10-28T16:34:26","date_gmt":"2024-10-28T19:34:26","guid":{"rendered":"http:\/\/anoticiaonline.com.br\/site\/?p=130921"},"modified":"2024-10-28T16:34:33","modified_gmt":"2024-10-28T19:34:33","slug":"acidente-fatal-na-br-116-na-serra-do-belvedere-deixa-um-morto-e-tres-feridos","status":"publish","type":"post","link":"https:\/\/anoticiaonline.com.br\/site\/acidente-fatal-na-br-116-na-serra-do-belvedere-deixa-um-morto-e-tres-feridos\/","title":{"rendered":"Acidente fatal na BR-116, na Serra do Belvedere, deixa um morto e tr\u00eas feridos"},"content":{"rendered":"\n<p>Um grave acidente ocorreu na manh\u00e3 desta segunda-feira (28\/10) na BR-116, na Serra do Belvedere, em Muria\u00e9. Segundo informa\u00e7\u00f5es, uma colis\u00e3o entre um carro de passeio e uma carreta resultou em quatro feridos, sendo que uma das v\u00edtimas, Gerson Santana, de 61 anos, n\u00e3o resistiu aos ferimentos e faleceu ap\u00f3s ser socorrido.<\/p>\n\n\n\n<p>O acidente aconteceu quando a carreta, que transportava ferragens e seguia sentido Muria\u00e9, tombou em uma das curvas e colidiu com o carro, onde viajava uma fam\u00edlia da cidade de Leopoldina. As equipes de resgate \u2013 Corpo de Bombeiros, SAMU e a concession\u00e1ria Ecoriominas \u2013 foram acionadas e prestaram os primeiros atendimentos no local.<\/p>\n\n\n\n<p>Entre os quatro feridos, Gerson Santana foi levado em estado grave ao Hospital S\u00e3o Paulo, mas acabou falecendo devido \u00e0 gravidade dos ferimentos. A BR-116 ficou parcialmente interditada para o trabalho das equipes e a remo\u00e7\u00e3o dos ve\u00edculos.<\/p>\n\n\n\n<p>O acidente refor\u00e7a os riscos do trecho sinuoso da Serra do Belvedere, alertando motoristas a redobrarem a aten\u00e7\u00e3o ao trafegar pela regi\u00e3o.<\/p>\n\n\n\n<p>Foto: R\u00e1dio Muria\u00e9<\/p>\n","protected":false},"excerpt":{"rendered":"<p>Um grave acidente ocorreu na manh\u00e3 desta segunda-feira (28\/10) na BR-116, na Serra do Belvedere, em Muria\u00e9. Segundo informa\u00e7\u00f5es, uma colis\u00e3o entre um carro de passeio e uma carreta resultou em quatro feridos, sendo que uma das v\u00edtimas, Gerson Santana, de 61 anos, n\u00e3o resistiu aos ferimentos e faleceu ap\u00f3s ser socorrido. O acidente aconteceu &#8230; <a title=\"Acidente fatal na BR-116, na Serra do Belvedere, deixa um morto e tr\u00eas feridos\" class=\"read-more\" href=\"https:\/\/anoticiaonline.com.br\/site\/acidente-fatal-na-br-116-na-serra-do-belvedere-deixa-um-morto-e-tres-feridos\/\" aria-label=\"Read more about Acidente fatal na BR-116, na Serra do Belvedere, deixa um morto e tr\u00eas feridos\">Ler mais<\/a><\/p>\n","protected":false},"author":2,"featured_media":130924,"comment_status":"open","ping_status":"closed","sticky":false,"template":"","format":"standard","meta":{"_acf_changed":false,"_monsterinsights_skip_tracking":false,"_monsterinsights_sitenote_active":false,"_monsterinsights_sitenote_note":"","_monsterinsights_sitenote_category":0,"footnotes":""},"categories":[30,6,7660,45],"tags":[],"class_list":["post-130921","post","type-post","status-publish","format-standard","has-post-thumbnail","hentry","category-muriae","category-regiao","category-slide-principal","category-transito"],"acf":[],"aioseo_notices":[],"views":276,"_links":{"self":[{"href":"https:\/\/anoticiaonline.com.br\/site\/wp-json\/wp\/v2\/posts\/130921","targetHints":{"allow":["GET"]}}],"collection":[{"href":"https:\/\/anoticiaonline.com.br\/site\/wp-json\/wp\/v2\/posts"}],"about":[{"href":"https:\/\/anoticiaonline.com.br\/site\/wp-json\/wp\/v2\/types\/post"}],"author":[{"embeddable":true,"href":"https:\/\/anoticiaonline.com.br\/site\/wp-json\/wp\/v2\/users\/2"}],"replies":[{"embeddable":true,"href":"https:\/\/anoticiaonline.com.br\/site\/wp-json\/wp\/v2\/comments?post=130921"}],"version-history":[{"count":0,"href":"https:\/\/anoticiaonline.com.br\/site\/wp-json\/wp\/v2\/posts\/130921\/revisions"}],"wp:featuredmedia":[{"embeddable":true,"href":"https:\/\/anoticiaonline.com.br\/site\/wp-json\/wp\/v2\/media\/130924"}],"wp:attachment":[{"href":"https:\/\/anoticiaonline.com.br\/site\/wp-json\/wp\/v2\/media?parent=130921"}],"wp:term":[{"taxonomy":"category","embeddable":true,"href":"https:\/\/anoticiaonline.com.br\/site\/wp-json\/wp\/v2\/categories?post=130921"},{"taxonomy":"post_tag","embeddable":true,"href":"https:\/\/anoticiaonline.com.br\/site\/wp-json\/wp\/v2\/tags?post=130921"}],"curies":[{"name":"wp","href":"https:\/\/api.w.org\/{rel}","templated":true}]}}