{"id":12878,"date":"2016-05-13T07:00:12","date_gmt":"2016-05-13T10:00:12","guid":{"rendered":"http:\/\/anoticiaonline.com.br\/site\/?p=12878"},"modified":"2016-05-12T23:14:42","modified_gmt":"2016-05-13T02:14:42","slug":"sancar-caminhoes-comemora-95-anos-de-parceria-com-a-ford","status":"publish","type":"post","link":"https:\/\/anoticiaonline.com.br\/site\/sancar-caminhoes-comemora-95-anos-de-parceria-com-a-ford\/","title":{"rendered":"Sancar Caminh\u00f5es comemora 95 anos de parceria com a Ford"},"content":{"rendered":"<p><a href=\"https:\/\/anoticiaonline.com.br\/site\/wp-content\/uploads\/2016\/05\/e8a61a0ca9268f23c9b19f3b8fb2d170.capa-011.jpg\"><img fetchpriority=\"high\" decoding=\"async\" class=\" size-medium wp-image-12973 alignleft\" src=\"https:\/\/anoticiaonline.com.br\/site\/wp-content\/uploads\/2016\/05\/e8a61a0ca9268f23c9b19f3b8fb2d170.capa-011-300x202.jpg\" alt=\"e8a61a0ca9268f23c9b19f3b8fb2d170.capa-01\" width=\"300\" height=\"202\" srcset=\"https:\/\/anoticiaonline.com.br\/site\/wp-content\/uploads\/2016\/05\/e8a61a0ca9268f23c9b19f3b8fb2d170.capa-011-300x202.jpg 300w, https:\/\/anoticiaonline.com.br\/site\/wp-content\/uploads\/2016\/05\/e8a61a0ca9268f23c9b19f3b8fb2d170.capa-011.jpg 640w\" sizes=\"(max-width: 300px) 100vw, 300px\" \/><\/a>A Sancar Caminh\u00f5es, uma das mais tradicionais concession\u00e1rias Ford do Brasil, completou 95 anos de funda\u00e7\u00e3o. A data foi comemorada com os funcion\u00e1rios e com uma atividade social na Pra\u00e7a Jo\u00e3o Pinheiro, Centro.<\/p>\n<p>Durante a manh\u00e3 de quarta-feira (11), Eron Carvalho e seus filhos, Eron Filho, Gabriel e Alice, promoveram um caf\u00e9 da manh\u00e3 para os funcion\u00e1rios, quando aconteceu, tamb\u00e9m, uma b\u00ean\u00e7\u00e3o, feita pelo padre Roberto, da Igreja Nossa Senhora do Divino Pranto.<\/p>\n<p>O diretor da SANCAR Caminh\u00f5es, Eron Jos\u00e9 dos Santos Carvalho Filho, afirma que a Sancar est\u00e1 orgulhosa de fazer parte da hist\u00f3ria da cidade e do pa\u00eds com a Ford. \u201c\u00c9 com muito orgulho que fazemos parte do desenvolvimento de uma empresa mundialmente conhecida e crescemos juntos com a Ford\u201d, destaca.<\/p>\n<p>O fundador da Sancar Caminh\u00f5es, Jos\u00e9 dos Santos, constituiu em 1921 uma sociedade, quando foi nomeado distribuidor Ford. Em 1922, comercializou os primeiros ve\u00edculos. Hoje, a Sancar \u00e9 a concession\u00e1ria Ford mais antiga do Brasil sendo dirigida por uma mesma fam\u00edlia.<\/p>\n<p>O consultor de P\u00f3s-Venda do escrit\u00f3rio da Ford que atende a regi\u00e3o, Carlos Alberto Marinho Pires, afirma que a Sancar \u00e9 uma franquia importante para a Ford e parabeniza a empresa pelos seus 95 anos. \u201cA Sancar abrange quase toda a metade do estado de Minas Gerais, prestando um servi\u00e7o de qualidade e um excelente suporte t\u00e9cnico aos clientes. A caracter\u00edstica mais marcante da Sancar \u00e9 que os diretores se envolvem pessoalmente, eles t\u00eam contato direto com o cliente, dando total apoio\u201d, conta.<\/p>\n<p>Com instala\u00e7\u00f5es na cidade de Muria\u00e9, Ub\u00e1, Campanha, Divin\u00f3polis e Passos, a Sancar atende 284 munic\u00edpios em Minas Gerais, nove no Rio de Janeiro e tr\u00eas no Esp\u00edrito Santo.<\/p>\n<p>Em 2000 e 2001, foi agraciada com o trof\u00e9u \u201cChairman\u2019s Award\u201d na categoria Caminh\u00f5es. Atualmente, \u00e9 pentacampe\u00e3 do pr\u00eamio \u201cPE$O\u201d com a classifica\u00e7\u00e3o Ouro, sendo reconhecida pelos clientes como o melhor distribuidor Ford Caminh\u00f5es de Minas Gerais.<\/p>\n<p><strong>ONDONTOM\u00d3VEL FORD \u2013<\/strong> Durante a quarta e quinta-feira (11 e 12), uma unidade m\u00f3vel odontol\u00f3gica da Ford ficou estacionada na Pra\u00e7a Jo\u00e3o Pinheiro e realizou atendimentos gratuitos \u00e0 popula\u00e7\u00e3o.<\/p>\n<p>O projeto \u201cSorrindo com a Ford\u201d existe h\u00e1 17 anos. Nesses anos de estrada rodando todo o pa\u00eds, o projeto j\u00e1 atendeu 72 mil pessoas e realizou 470 mil procedimentos, segundo dados referentes a dezembro de 2015. Em Muria\u00e9, nesses dois dias foram realizados 55 atendimentos.<\/p>\n<p>De acordo com C\u00e1ssio de Melo, dentista patrocinado pela Ford, o objetivo \u00e9 levar educa\u00e7\u00e3o e informa\u00e7\u00e3o, al\u00e9m de tratamento odontol\u00f3gico. \u201cEm cada consulta, insistimos na higiene dent\u00e1ria, al\u00e9m de, nestas oportunidades, podermos fazer trabalho emergencial com o paciente. A higiene bucal no Brasil ainda \u00e9 secund\u00e1ria, por isso refor\u00e7armos sempre para a import\u00e2ncia da preven\u00e7\u00e3o e conscientiza\u00e7\u00e3o de doen\u00e7as bucais\u201d, conta.<\/p>\n<p>Esta foi a primeira vez que o projeto foi realizado na cidade. Em Muria\u00e9, o \u201cSorrindo com a Ford\u201d aconteceu em parceria com a Prefeitura.<\/p>\n<p><img decoding=\"async\" class=\"ngg_displayed_gallery mceItem\" src=\"https:\/\/anoticiaonline.com.br\/site\/nextgen-attach_to_post\/preview\/id--13003\" alt=\"\" \/><\/p>\n","protected":false},"excerpt":{"rendered":"<p>A Sancar Caminh\u00f5es, uma das mais tradicionais concession\u00e1rias Ford do Brasil, completou 95 anos de funda\u00e7\u00e3o. A data foi comemorada com os funcion\u00e1rios e com uma atividade social na Pra\u00e7a Jo\u00e3o Pinheiro, Centro. Durante a manh\u00e3 de quarta-feira (11), Eron Carvalho e seus filhos, Eron Filho, Gabriel e Alice, promoveram um caf\u00e9 da manh\u00e3 para &#8230; <a title=\"Sancar Caminh\u00f5es comemora 95 anos de parceria com a Ford\" class=\"read-more\" href=\"https:\/\/anoticiaonline.com.br\/site\/sancar-caminhoes-comemora-95-anos-de-parceria-com-a-ford\/\" aria-label=\"Read more about Sancar Caminh\u00f5es comemora 95 anos de parceria com a Ford\">Ler mais<\/a><\/p>\n","protected":false},"author":2,"featured_media":12973,"comment_status":"open","ping_status":"open","sticky":false,"template":"","format":"standard","meta":{"_acf_changed":false,"_monsterinsights_skip_tracking":false,"footnotes":""},"categories":[24],"tags":[3],"class_list":["post-12878","post","type-post","status-publish","format-standard","has-post-thumbnail","hentry","category-eventos","tag-slide"],"acf":[],"aioseo_notices":[],"aioseo_head":"\n\t\t<!-- All in One SEO 5.0.0.1 - aioseo.com -->\n\t<meta name=\"description\" content=\"A Sancar Caminh\u00f5es, uma das mais tradicionais concession\u00e1rias Ford do Brasil, completou 95 anos de funda\u00e7\u00e3o. A data foi comemorada com os funcion\u00e1rios e com uma atividade social na Pra\u00e7a Jo\u00e3o Pinheiro, Centro. Durante a manh\u00e3 de quarta-feira (11), Eron Carvalho e seus filhos, Eron Filho, Gabriel e Alice, promoveram um caf\u00e9 da manh\u00e3 para\" \/>\n\t<meta name=\"robots\" content=\"max-image-preview:large\" \/>\n\t<meta name=\"author\" content=\"Juliana Laviola\"\/>\n\t<link rel=\"canonical\" href=\"https:\/\/anoticiaonline.com.br\/site\/sancar-caminhoes-comemora-95-anos-de-parceria-com-a-ford\/\" \/>\n\t<meta name=\"generator\" content=\"All in One SEO (AIOSEO) 5.0.0.1\" \/>\n\t\t<meta property=\"og:locale\" content=\"pt_BR\" \/>\n\t\t<meta property=\"og:site_name\" content=\"A Not\u00edcia Online - Noticias de Muria\u00e9 e regi\u00e3o\" \/>\n\t\t<meta property=\"og:type\" content=\"article\" \/>\n\t\t<meta property=\"og:title\" content=\"Sancar Caminh\u00f5es comemora 95 anos de parceria com a Ford - A Not\u00edcia Online\" \/>\n\t\t<meta property=\"og:description\" content=\"A Sancar Caminh\u00f5es, uma das mais tradicionais concession\u00e1rias Ford do Brasil, completou 95 anos de funda\u00e7\u00e3o. A data foi comemorada com os funcion\u00e1rios e com uma atividade social na Pra\u00e7a Jo\u00e3o Pinheiro, Centro. Durante a manh\u00e3 de quarta-feira (11), Eron Carvalho e seus filhos, Eron Filho, Gabriel e Alice, promoveram um caf\u00e9 da manh\u00e3 para\" \/>\n\t\t<meta property=\"og:url\" content=\"https:\/\/anoticiaonline.com.br\/site\/sancar-caminhoes-comemora-95-anos-de-parceria-com-a-ford\/\" \/>\n\t\t<meta property=\"og:image\" content=\"https:\/\/scontent-gig4-1.xx.fbcdn.net\/v\/t39.30808-1\/270437624_4564083193639691_6907940295614233970_n.jpg?stp=dst-jpg_s200x200_tt6&#038;_nc_cat=111&#038;ccb=1-7&#038;_nc_sid=f907e8&#038;_nc_ohc=SM1wRlP3lJwQ7kNvwEPuBYA&#038;_nc_oc=AdnqrjDN_BNjSSHWO-GbkIWH6fkGMLw4bqvL_NH6e2wMveX7G-rP2dAqsDSq1mJMOaY&#038;_nc_zt=24&#038;_nc_ht=scontent-gig4-1.xx&#038;_nc_gid=AoBFJeGrT1hVaew_6rchkQ&#038;oh=00_AfX7QmFGhQhG2jAllVgXCiM1ZrWgvtp80-Bfppyexh1QEg&#038;oe=689E923C\" \/>\n\t\t<meta property=\"og:image:secure_url\" content=\"https:\/\/scontent-gig4-1.xx.fbcdn.net\/v\/t39.30808-1\/270437624_4564083193639691_6907940295614233970_n.jpg?stp=dst-jpg_s200x200_tt6&#038;_nc_cat=111&#038;ccb=1-7&#038;_nc_sid=f907e8&#038;_nc_ohc=SM1wRlP3lJwQ7kNvwEPuBYA&#038;_nc_oc=AdnqrjDN_BNjSSHWO-GbkIWH6fkGMLw4bqvL_NH6e2wMveX7G-rP2dAqsDSq1mJMOaY&#038;_nc_zt=24&#038;_nc_ht=scontent-gig4-1.xx&#038;_nc_gid=AoBFJeGrT1hVaew_6rchkQ&#038;oh=00_AfX7QmFGhQhG2jAllVgXCiM1ZrWgvtp80-Bfppyexh1QEg&#038;oe=689E923C\" \/>\n\t\t<meta property=\"article:published_time\" content=\"2016-05-13T10:00:12+00:00\" \/>\n\t\t<meta property=\"article:modified_time\" content=\"2016-05-13T02:14:42+00:00\" \/>\n\t\t<meta name=\"twitter:card\" content=\"summary_large_image\" \/>\n\t\t<meta name=\"twitter:title\" content=\"Sancar Caminh\u00f5es comemora 95 anos de parceria com a Ford - A Not\u00edcia Online\" \/>\n\t\t<meta name=\"twitter:description\" content=\"A Sancar Caminh\u00f5es, uma das mais tradicionais concession\u00e1rias Ford do Brasil, completou 95 anos de funda\u00e7\u00e3o. A data foi comemorada com os funcion\u00e1rios e com uma atividade social na Pra\u00e7a Jo\u00e3o Pinheiro, Centro. Durante a manh\u00e3 de quarta-feira (11), Eron Carvalho e seus filhos, Eron Filho, Gabriel e Alice, promoveram um caf\u00e9 da manh\u00e3 para\" \/>\n\t\t<meta name=\"twitter:image\" content=\"https:\/\/scontent-gig4-1.xx.fbcdn.net\/v\/t39.30808-1\/270437624_4564083193639691_6907940295614233970_n.jpg?stp=dst-jpg_s200x200_tt6&amp;_nc_cat=111&amp;ccb=1-7&amp;_nc_sid=f907e8&amp;_nc_ohc=SM1wRlP3lJwQ7kNvwEPuBYA&amp;_nc_oc=AdnqrjDN_BNjSSHWO-GbkIWH6fkGMLw4bqvL_NH6e2wMveX7G-rP2dAqsDSq1mJMOaY&amp;_nc_zt=24&amp;_nc_ht=scontent-gig4-1.xx&amp;_nc_gid=AoBFJeGrT1hVaew_6rchkQ&amp;oh=00_AfX7QmFGhQhG2jAllVgXCiM1ZrWgvtp80-Bfppyexh1QEg&amp;oe=689E923C\" \/>\n\t\t<script type=\"application\/ld+json\" class=\"aioseo-schema\">\n\t\t\t{\"@context\":\"https:\\\/\\\/schema.org\",\"@graph\":[{\"@type\":\"BlogPosting\",\"@id\":\"https:\\\/\\\/anoticiaonline.com.br\\\/site\\\/sancar-caminhoes-comemora-95-anos-de-parceria-com-a-ford\\\/#blogposting\",\"name\":\"Sancar Caminh\\u00f5es comemora 95 anos de parceria com a Ford - A Not\\u00edcia Online\",\"headline\":\"Sancar Caminh\\u00f5es comemora 95 anos de parceria com a Ford\",\"author\":{\"@id\":\"https:\\\/\\\/anoticiaonline.com.br\\\/site\\\/author\\\/juliana\\\/#author\"},\"publisher\":{\"@id\":\"https:\\\/\\\/anoticiaonline.com.br\\\/site\\\/#organization\"},\"image\":{\"@type\":\"ImageObject\",\"url\":\"https:\\\/\\\/anoticiaonline.com.br\\\/site\\\/wp-content\\\/uploads\\\/2016\\\/05\\\/e8a61a0ca9268f23c9b19f3b8fb2d170.capa-011.jpg\",\"width\":640,\"height\":431},\"datePublished\":\"2016-05-13T07:00:12-03:00\",\"dateModified\":\"2016-05-12T23:14:42-03:00\",\"inLanguage\":\"pt-BR\",\"mainEntityOfPage\":{\"@id\":\"https:\\\/\\\/anoticiaonline.com.br\\\/site\\\/sancar-caminhoes-comemora-95-anos-de-parceria-com-a-ford\\\/#webpage\"},\"isPartOf\":{\"@id\":\"https:\\\/\\\/anoticiaonline.com.br\\\/site\\\/sancar-caminhoes-comemora-95-anos-de-parceria-com-a-ford\\\/#webpage\"},\"articleSection\":\"Eventos, slide\"},{\"@type\":\"BreadcrumbList\",\"@id\":\"https:\\\/\\\/anoticiaonline.com.br\\\/site\\\/sancar-caminhoes-comemora-95-anos-de-parceria-com-a-ford\\\/#breadcrumblist\",\"itemListElement\":[{\"@type\":\"ListItem\",\"@id\":\"https:\\\/\\\/anoticiaonline.com.br\\\/site#listItem\",\"position\":1,\"name\":\"Home\",\"item\":\"https:\\\/\\\/anoticiaonline.com.br\\\/site\",\"nextItem\":{\"@type\":\"ListItem\",\"@id\":\"https:\\\/\\\/anoticiaonline.com.br\\\/site\\\/categoria\\\/eventos\\\/#listItem\",\"name\":\"Eventos\"}},{\"@type\":\"ListItem\",\"@id\":\"https:\\\/\\\/anoticiaonline.com.br\\\/site\\\/categoria\\\/eventos\\\/#listItem\",\"position\":2,\"name\":\"Eventos\",\"item\":\"https:\\\/\\\/anoticiaonline.com.br\\\/site\\\/categoria\\\/eventos\\\/\",\"nextItem\":{\"@type\":\"ListItem\",\"@id\":\"https:\\\/\\\/anoticiaonline.com.br\\\/site\\\/sancar-caminhoes-comemora-95-anos-de-parceria-com-a-ford\\\/#listItem\",\"name\":\"Sancar Caminh\\u00f5es comemora 95 anos de parceria com a Ford\"},\"previousItem\":{\"@type\":\"ListItem\",\"@id\":\"https:\\\/\\\/anoticiaonline.com.br\\\/site#listItem\",\"name\":\"Home\"}},{\"@type\":\"ListItem\",\"@id\":\"https:\\\/\\\/anoticiaonline.com.br\\\/site\\\/sancar-caminhoes-comemora-95-anos-de-parceria-com-a-ford\\\/#listItem\",\"position\":3,\"name\":\"Sancar Caminh\\u00f5es comemora 95 anos de parceria com a Ford\",\"previousItem\":{\"@type\":\"ListItem\",\"@id\":\"https:\\\/\\\/anoticiaonline.com.br\\\/site\\\/categoria\\\/eventos\\\/#listItem\",\"name\":\"Eventos\"}}]},{\"@type\":\"Organization\",\"@id\":\"https:\\\/\\\/anoticiaonline.com.br\\\/site\\\/#organization\",\"name\":\"A Not\\u00edcia Online\",\"description\":\"Noticias de Muria\\u00e9 e regi\\u00e3o\",\"url\":\"https:\\\/\\\/anoticiaonline.com.br\\\/site\\\/\",\"logo\":{\"@type\":\"ImageObject\",\"url\":\"https:\\\/\\\/scontent-gig4-1.xx.fbcdn.net\\\/v\\\/t39.30808-1\\\/270437624_4564083193639691_6907940295614233970_n.jpg?stp=dst-jpg_s200x200_tt6&_nc_cat=111&ccb=1-7&_nc_sid=f907e8&_nc_ohc=SM1wRlP3lJwQ7kNvwEPuBYA&_nc_oc=AdnqrjDN_BNjSSHWO-GbkIWH6fkGMLw4bqvL_NH6e2wMveX7G-rP2dAqsDSq1mJMOaY&_nc_zt=24&_nc_ht=scontent-gig4-1.xx&_nc_gid=AoBFJeGrT1hVaew_6rchkQ&oh=00_AfX7QmFGhQhG2jAllVgXCiM1ZrWgvtp80-Bfppyexh1QEg&oe=689E923C\",\"@id\":\"https:\\\/\\\/anoticiaonline.com.br\\\/site\\\/sancar-caminhoes-comemora-95-anos-de-parceria-com-a-ford\\\/#organizationLogo\"},\"image\":{\"@id\":\"https:\\\/\\\/anoticiaonline.com.br\\\/site\\\/sancar-caminhoes-comemora-95-anos-de-parceria-com-a-ford\\\/#organizationLogo\"}},{\"@type\":\"Person\",\"@id\":\"https:\\\/\\\/anoticiaonline.com.br\\\/site\\\/author\\\/juliana\\\/#author\",\"url\":\"https:\\\/\\\/anoticiaonline.com.br\\\/site\\\/author\\\/juliana\\\/\",\"name\":\"Juliana Laviola\",\"image\":{\"@type\":\"ImageObject\",\"@id\":\"https:\\\/\\\/anoticiaonline.com.br\\\/site\\\/sancar-caminhoes-comemora-95-anos-de-parceria-com-a-ford\\\/#authorImage\",\"url\":\"https:\\\/\\\/secure.gravatar.com\\\/avatar\\\/b8d45f5c699b100dfaf0e543582f38f38bf94cb7ae3a5e9abf8d891a34773335?s=96&d=mm&r=g\",\"width\":96,\"height\":96,\"caption\":\"Juliana Laviola\"}},{\"@type\":\"WebPage\",\"@id\":\"https:\\\/\\\/anoticiaonline.com.br\\\/site\\\/sancar-caminhoes-comemora-95-anos-de-parceria-com-a-ford\\\/#webpage\",\"url\":\"https:\\\/\\\/anoticiaonline.com.br\\\/site\\\/sancar-caminhoes-comemora-95-anos-de-parceria-com-a-ford\\\/\",\"name\":\"Sancar Caminh\\u00f5es comemora 95 anos de parceria com a Ford - A Not\\u00edcia Online\",\"description\":\"A Sancar Caminh\\u00f5es, uma das mais tradicionais concession\\u00e1rias Ford do Brasil, completou 95 anos de funda\\u00e7\\u00e3o. A data foi comemorada com os funcion\\u00e1rios e com uma atividade social na Pra\\u00e7a Jo\\u00e3o Pinheiro, Centro. Durante a manh\\u00e3 de quarta-feira (11), Eron Carvalho e seus filhos, Eron Filho, Gabriel e Alice, promoveram um caf\\u00e9 da manh\\u00e3 para\",\"inLanguage\":\"pt-BR\",\"isPartOf\":{\"@id\":\"https:\\\/\\\/anoticiaonline.com.br\\\/site\\\/#website\"},\"breadcrumb\":{\"@id\":\"https:\\\/\\\/anoticiaonline.com.br\\\/site\\\/sancar-caminhoes-comemora-95-anos-de-parceria-com-a-ford\\\/#breadcrumblist\"},\"author\":{\"@id\":\"https:\\\/\\\/anoticiaonline.com.br\\\/site\\\/author\\\/juliana\\\/#author\"},\"creator\":{\"@id\":\"https:\\\/\\\/anoticiaonline.com.br\\\/site\\\/author\\\/juliana\\\/#author\"},\"image\":{\"@type\":\"ImageObject\",\"url\":\"https:\\\/\\\/anoticiaonline.com.br\\\/site\\\/wp-content\\\/uploads\\\/2016\\\/05\\\/e8a61a0ca9268f23c9b19f3b8fb2d170.capa-011.jpg\",\"@id\":\"https:\\\/\\\/anoticiaonline.com.br\\\/site\\\/sancar-caminhoes-comemora-95-anos-de-parceria-com-a-ford\\\/#mainImage\",\"width\":640,\"height\":431},\"primaryImageOfPage\":{\"@id\":\"https:\\\/\\\/anoticiaonline.com.br\\\/site\\\/sancar-caminhoes-comemora-95-anos-de-parceria-com-a-ford\\\/#mainImage\"},\"datePublished\":\"2016-05-13T07:00:12-03:00\",\"dateModified\":\"2016-05-12T23:14:42-03:00\"},{\"@type\":\"WebSite\",\"@id\":\"https:\\\/\\\/anoticiaonline.com.br\\\/site\\\/#website\",\"url\":\"https:\\\/\\\/anoticiaonline.com.br\\\/site\\\/\",\"name\":\"A Not\\u00edcia Online\",\"description\":\"Noticias de Muria\\u00e9 e regi\\u00e3o\",\"inLanguage\":\"pt-BR\",\"publisher\":{\"@id\":\"https:\\\/\\\/anoticiaonline.com.br\\\/site\\\/#organization\"}}]}\n\t\t<\/script>\n\t\t<!-- All in One SEO -->\n\n","aioseo_head_json":{"title":"Sancar Caminh\u00f5es comemora 95 anos de parceria com a Ford - A Not\u00edcia Online","description":"A Sancar Caminh\u00f5es, uma das mais tradicionais concession\u00e1rias Ford do Brasil, completou 95 anos de funda\u00e7\u00e3o. A data foi comemorada com os funcion\u00e1rios e com uma atividade social na Pra\u00e7a Jo\u00e3o Pinheiro, Centro. Durante a manh\u00e3 de quarta-feira (11), Eron Carvalho e seus filhos, Eron Filho, Gabriel e Alice, promoveram um caf\u00e9 da manh\u00e3 para","canonical_url":"https:\/\/anoticiaonline.com.br\/site\/sancar-caminhoes-comemora-95-anos-de-parceria-com-a-ford\/","robots":"max-image-preview:large","keywords":"","webmasterTools":{"miscellaneous":""},"schema":{"@context":"https:\/\/schema.org","@graph":[{"@type":"BlogPosting","@id":"https:\/\/anoticiaonline.com.br\/site\/sancar-caminhoes-comemora-95-anos-de-parceria-com-a-ford\/#blogposting","name":"Sancar Caminh\u00f5es comemora 95 anos de parceria com a Ford - A Not\u00edcia Online","headline":"Sancar Caminh\u00f5es comemora 95 anos de parceria com a Ford","author":{"@id":"https:\/\/anoticiaonline.com.br\/site\/author\/juliana\/#author"},"publisher":{"@id":"https:\/\/anoticiaonline.com.br\/site\/#organization"},"image":{"@type":"ImageObject","url":"https:\/\/anoticiaonline.com.br\/site\/wp-content\/uploads\/2016\/05\/e8a61a0ca9268f23c9b19f3b8fb2d170.capa-011.jpg","width":640,"height":431},"datePublished":"2016-05-13T07:00:12-03:00","dateModified":"2016-05-12T23:14:42-03:00","inLanguage":"pt-BR","mainEntityOfPage":{"@id":"https:\/\/anoticiaonline.com.br\/site\/sancar-caminhoes-comemora-95-anos-de-parceria-com-a-ford\/#webpage"},"isPartOf":{"@id":"https:\/\/anoticiaonline.com.br\/site\/sancar-caminhoes-comemora-95-anos-de-parceria-com-a-ford\/#webpage"},"articleSection":"Eventos, slide"},{"@type":"BreadcrumbList","@id":"https:\/\/anoticiaonline.com.br\/site\/sancar-caminhoes-comemora-95-anos-de-parceria-com-a-ford\/#breadcrumblist","itemListElement":[{"@type":"ListItem","@id":"https:\/\/anoticiaonline.com.br\/site#listItem","position":1,"name":"Home","item":"https:\/\/anoticiaonline.com.br\/site","nextItem":{"@type":"ListItem","@id":"https:\/\/anoticiaonline.com.br\/site\/categoria\/eventos\/#listItem","name":"Eventos"}},{"@type":"ListItem","@id":"https:\/\/anoticiaonline.com.br\/site\/categoria\/eventos\/#listItem","position":2,"name":"Eventos","item":"https:\/\/anoticiaonline.com.br\/site\/categoria\/eventos\/","nextItem":{"@type":"ListItem","@id":"https:\/\/anoticiaonline.com.br\/site\/sancar-caminhoes-comemora-95-anos-de-parceria-com-a-ford\/#listItem","name":"Sancar Caminh\u00f5es comemora 95 anos de parceria com a Ford"},"previousItem":{"@type":"ListItem","@id":"https:\/\/anoticiaonline.com.br\/site#listItem","name":"Home"}},{"@type":"ListItem","@id":"https:\/\/anoticiaonline.com.br\/site\/sancar-caminhoes-comemora-95-anos-de-parceria-com-a-ford\/#listItem","position":3,"name":"Sancar Caminh\u00f5es comemora 95 anos de parceria com a Ford","previousItem":{"@type":"ListItem","@id":"https:\/\/anoticiaonline.com.br\/site\/categoria\/eventos\/#listItem","name":"Eventos"}}]},{"@type":"Organization","@id":"https:\/\/anoticiaonline.com.br\/site\/#organization","name":"A Not\u00edcia Online","description":"Noticias de Muria\u00e9 e regi\u00e3o","url":"https:\/\/anoticiaonline.com.br\/site\/","logo":{"@type":"ImageObject","url":"https:\/\/scontent-gig4-1.xx.fbcdn.net\/v\/t39.30808-1\/270437624_4564083193639691_6907940295614233970_n.jpg?stp=dst-jpg_s200x200_tt6&_nc_cat=111&ccb=1-7&_nc_sid=f907e8&_nc_ohc=SM1wRlP3lJwQ7kNvwEPuBYA&_nc_oc=AdnqrjDN_BNjSSHWO-GbkIWH6fkGMLw4bqvL_NH6e2wMveX7G-rP2dAqsDSq1mJMOaY&_nc_zt=24&_nc_ht=scontent-gig4-1.xx&_nc_gid=AoBFJeGrT1hVaew_6rchkQ&oh=00_AfX7QmFGhQhG2jAllVgXCiM1ZrWgvtp80-Bfppyexh1QEg&oe=689E923C","@id":"https:\/\/anoticiaonline.com.br\/site\/sancar-caminhoes-comemora-95-anos-de-parceria-com-a-ford\/#organizationLogo"},"image":{"@id":"https:\/\/anoticiaonline.com.br\/site\/sancar-caminhoes-comemora-95-anos-de-parceria-com-a-ford\/#organizationLogo"}},{"@type":"Person","@id":"https:\/\/anoticiaonline.com.br\/site\/author\/juliana\/#author","url":"https:\/\/anoticiaonline.com.br\/site\/author\/juliana\/","name":"Juliana Laviola","image":{"@type":"ImageObject","@id":"https:\/\/anoticiaonline.com.br\/site\/sancar-caminhoes-comemora-95-anos-de-parceria-com-a-ford\/#authorImage","url":"https:\/\/secure.gravatar.com\/avatar\/b8d45f5c699b100dfaf0e543582f38f38bf94cb7ae3a5e9abf8d891a34773335?s=96&d=mm&r=g","width":96,"height":96,"caption":"Juliana Laviola"}},{"@type":"WebPage","@id":"https:\/\/anoticiaonline.com.br\/site\/sancar-caminhoes-comemora-95-anos-de-parceria-com-a-ford\/#webpage","url":"https:\/\/anoticiaonline.com.br\/site\/sancar-caminhoes-comemora-95-anos-de-parceria-com-a-ford\/","name":"Sancar Caminh\u00f5es comemora 95 anos de parceria com a Ford - A Not\u00edcia Online","description":"A Sancar Caminh\u00f5es, uma das mais tradicionais concession\u00e1rias Ford do Brasil, completou 95 anos de funda\u00e7\u00e3o. A data foi comemorada com os funcion\u00e1rios e com uma atividade social na Pra\u00e7a Jo\u00e3o Pinheiro, Centro. Durante a manh\u00e3 de quarta-feira (11), Eron Carvalho e seus filhos, Eron Filho, Gabriel e Alice, promoveram um caf\u00e9 da manh\u00e3 para","inLanguage":"pt-BR","isPartOf":{"@id":"https:\/\/anoticiaonline.com.br\/site\/#website"},"breadcrumb":{"@id":"https:\/\/anoticiaonline.com.br\/site\/sancar-caminhoes-comemora-95-anos-de-parceria-com-a-ford\/#breadcrumblist"},"author":{"@id":"https:\/\/anoticiaonline.com.br\/site\/author\/juliana\/#author"},"creator":{"@id":"https:\/\/anoticiaonline.com.br\/site\/author\/juliana\/#author"},"image":{"@type":"ImageObject","url":"https:\/\/anoticiaonline.com.br\/site\/wp-content\/uploads\/2016\/05\/e8a61a0ca9268f23c9b19f3b8fb2d170.capa-011.jpg","@id":"https:\/\/anoticiaonline.com.br\/site\/sancar-caminhoes-comemora-95-anos-de-parceria-com-a-ford\/#mainImage","width":640,"height":431},"primaryImageOfPage":{"@id":"https:\/\/anoticiaonline.com.br\/site\/sancar-caminhoes-comemora-95-anos-de-parceria-com-a-ford\/#mainImage"},"datePublished":"2016-05-13T07:00:12-03:00","dateModified":"2016-05-12T23:14:42-03:00"},{"@type":"WebSite","@id":"https:\/\/anoticiaonline.com.br\/site\/#website","url":"https:\/\/anoticiaonline.com.br\/site\/","name":"A Not\u00edcia Online","description":"Noticias de Muria\u00e9 e regi\u00e3o","inLanguage":"pt-BR","publisher":{"@id":"https:\/\/anoticiaonline.com.br\/site\/#organization"}}]},"og:locale":"pt_BR","og:site_name":"A Not\u00edcia Online - Noticias de Muria\u00e9 e regi\u00e3o","og:type":"article","og:title":"Sancar Caminh\u00f5es comemora 95 anos de parceria com a Ford - A Not\u00edcia Online","og:description":"A Sancar Caminh\u00f5es, uma das mais tradicionais concession\u00e1rias Ford do Brasil, completou 95 anos de funda\u00e7\u00e3o. A data foi comemorada com os funcion\u00e1rios e com uma atividade social na Pra\u00e7a Jo\u00e3o Pinheiro, Centro. Durante a manh\u00e3 de quarta-feira (11), Eron Carvalho e seus filhos, Eron Filho, Gabriel e Alice, promoveram um caf\u00e9 da manh\u00e3 para","og:url":"https:\/\/anoticiaonline.com.br\/site\/sancar-caminhoes-comemora-95-anos-de-parceria-com-a-ford\/","og:image":"https:\/\/scontent-gig4-1.xx.fbcdn.net\/v\/t39.30808-1\/270437624_4564083193639691_6907940295614233970_n.jpg?stp=dst-jpg_s200x200_tt6&#038;_nc_cat=111&#038;ccb=1-7&#038;_nc_sid=f907e8&#038;_nc_ohc=SM1wRlP3lJwQ7kNvwEPuBYA&#038;_nc_oc=AdnqrjDN_BNjSSHWO-GbkIWH6fkGMLw4bqvL_NH6e2wMveX7G-rP2dAqsDSq1mJMOaY&#038;_nc_zt=24&#038;_nc_ht=scontent-gig4-1.xx&#038;_nc_gid=AoBFJeGrT1hVaew_6rchkQ&#038;oh=00_AfX7QmFGhQhG2jAllVgXCiM1ZrWgvtp80-Bfppyexh1QEg&#038;oe=689E923C","og:image:secure_url":"https:\/\/scontent-gig4-1.xx.fbcdn.net\/v\/t39.30808-1\/270437624_4564083193639691_6907940295614233970_n.jpg?stp=dst-jpg_s200x200_tt6&#038;_nc_cat=111&#038;ccb=1-7&#038;_nc_sid=f907e8&#038;_nc_ohc=SM1wRlP3lJwQ7kNvwEPuBYA&#038;_nc_oc=AdnqrjDN_BNjSSHWO-GbkIWH6fkGMLw4bqvL_NH6e2wMveX7G-rP2dAqsDSq1mJMOaY&#038;_nc_zt=24&#038;_nc_ht=scontent-gig4-1.xx&#038;_nc_gid=AoBFJeGrT1hVaew_6rchkQ&#038;oh=00_AfX7QmFGhQhG2jAllVgXCiM1ZrWgvtp80-Bfppyexh1QEg&#038;oe=689E923C","article:published_time":"2016-05-13T10:00:12+00:00","article:modified_time":"2016-05-13T02:14:42+00:00","twitter:card":"summary_large_image","twitter:title":"Sancar Caminh\u00f5es comemora 95 anos de parceria com a Ford - A Not\u00edcia Online","twitter:description":"A Sancar Caminh\u00f5es, uma das mais tradicionais concession\u00e1rias Ford do Brasil, completou 95 anos de funda\u00e7\u00e3o. A data foi comemorada com os funcion\u00e1rios e com uma atividade social na Pra\u00e7a Jo\u00e3o Pinheiro, Centro. Durante a manh\u00e3 de quarta-feira (11), Eron Carvalho e seus filhos, Eron Filho, Gabriel e Alice, promoveram um caf\u00e9 da manh\u00e3 para","twitter:image":"https:\/\/scontent-gig4-1.xx.fbcdn.net\/v\/t39.30808-1\/270437624_4564083193639691_6907940295614233970_n.jpg?stp=dst-jpg_s200x200_tt6&_nc_cat=111&ccb=1-7&_nc_sid=f907e8&_nc_ohc=SM1wRlP3lJwQ7kNvwEPuBYA&_nc_oc=AdnqrjDN_BNjSSHWO-GbkIWH6fkGMLw4bqvL_NH6e2wMveX7G-rP2dAqsDSq1mJMOaY&_nc_zt=24&_nc_ht=scontent-gig4-1.xx&_nc_gid=AoBFJeGrT1hVaew_6rchkQ&oh=00_AfX7QmFGhQhG2jAllVgXCiM1ZrWgvtp80-Bfppyexh1QEg&oe=689E923C"},"aioseo_meta_data":{"post_id":"12878","title":null,"description":null,"keywords":null,"keyphrases":null,"primary_term":null,"canonical_url":null,"og_title":null,"og_description":null,"og_object_type":"default","og_image_type":"default","og_image_url":null,"og_image_width":null,"og_image_height":null,"og_image_custom_url":null,"og_image_custom_fields":null,"og_video":null,"og_custom_url":null,"og_article_section":null,"og_article_tags":null,"twitter_use_og":false,"twitter_card":"default","twitter_image_type":"default","twitter_image_url":null,"twitter_image_custom_url":null,"twitter_image_custom_fields":null,"twitter_title":null,"twitter_description":null,"schema":{"blockGraphs":[],"customGraphs":[],"default":{"data":{"Article":[],"Course":[],"Dataset":[],"FAQPage":[],"Movie":[],"Person":[],"Product":[],"ProductReview":[],"Car":[],"Recipe":[],"Service":[],"SoftwareApplication":[],"WebPage":[]},"graphName":"","isEnabled":true},"graphs":[]},"schema_type":"default","schema_type_options":null,"pillar_content":false,"robots_default":true,"robots_noindex":false,"robots_noarchive":false,"robots_nosnippet":false,"robots_nofollow":false,"robots_noimageindex":false,"robots_noodp":false,"robots_notranslate":false,"robots_max_snippet":null,"robots_max_videopreview":null,"robots_max_imagepreview":"large","priority":null,"frequency":null,"local_seo":null,"breadcrumb_settings":null,"limit_modified_date":false,"ai":null,"created":"2025-08-16 15:57:20","updated":"2025-08-16 15:57:20","focus_keyword":null,"additional_keywords":null,"truseo_locale":null,"seo_analyzer_scan_date":null},"aioseo_breadcrumb":"<div class=\"aioseo-breadcrumbs\"><span class=\"aioseo-breadcrumb\">\n\t\t\t<a href=\"https:\/\/anoticiaonline.com.br\/site\" title=\"Home\">Home<\/a>\n\t\t<\/span><span class=\"aioseo-breadcrumb-separator\">&raquo;<\/span><span class=\"aioseo-breadcrumb\">\n\t\t\t<a href=\"https:\/\/anoticiaonline.com.br\/site\/categoria\/eventos\/\" title=\"Eventos\">Eventos<\/a>\n\t\t<\/span><span class=\"aioseo-breadcrumb-separator\">&raquo;<\/span><span class=\"aioseo-breadcrumb\">\n\t\t\tSancar Caminh\u00f5es comemora 95 anos de parceria com a Ford\n\t\t<\/span><\/div>","aioseo_breadcrumb_json":[{"label":"Home","link":"https:\/\/anoticiaonline.com.br\/site"},{"label":"Eventos","link":"https:\/\/anoticiaonline.com.br\/site\/categoria\/eventos\/"},{"label":"Sancar Caminh\u00f5es comemora 95 anos de parceria com a Ford","link":"https:\/\/anoticiaonline.com.br\/site\/sancar-caminhoes-comemora-95-anos-de-parceria-com-a-ford\/"}],"views":172,"_links":{"self":[{"href":"https:\/\/anoticiaonline.com.br\/site\/wp-json\/wp\/v2\/posts\/12878","targetHints":{"allow":["GET"]}}],"collection":[{"href":"https:\/\/anoticiaonline.com.br\/site\/wp-json\/wp\/v2\/posts"}],"about":[{"href":"https:\/\/anoticiaonline.com.br\/site\/wp-json\/wp\/v2\/types\/post"}],"author":[{"embeddable":true,"href":"https:\/\/anoticiaonline.com.br\/site\/wp-json\/wp\/v2\/users\/2"}],"replies":[{"embeddable":true,"href":"https:\/\/anoticiaonline.com.br\/site\/wp-json\/wp\/v2\/comments?post=12878"}],"version-history":[{"count":0,"href":"https:\/\/anoticiaonline.com.br\/site\/wp-json\/wp\/v2\/posts\/12878\/revisions"}],"wp:featuredmedia":[{"embeddable":true,"href":"https:\/\/anoticiaonline.com.br\/site\/wp-json\/wp\/v2\/media\/12973"}],"wp:attachment":[{"href":"https:\/\/anoticiaonline.com.br\/site\/wp-json\/wp\/v2\/media?parent=12878"}],"wp:term":[{"taxonomy":"category","embeddable":true,"href":"https:\/\/anoticiaonline.com.br\/site\/wp-json\/wp\/v2\/categories?post=12878"},{"taxonomy":"post_tag","embeddable":true,"href":"https:\/\/anoticiaonline.com.br\/site\/wp-json\/wp\/v2\/tags?post=12878"}],"curies":[{"name":"wp","href":"https:\/\/api.w.org\/{rel}","templated":true}]}}