{"id":12873,"date":"2016-05-12T22:15:10","date_gmt":"2016-05-13T01:15:10","guid":{"rendered":"http:\/\/anoticiaonline.com.br\/site\/?p=12873"},"modified":"2016-05-12T22:15:10","modified_gmt":"2016-05-13T01:15:10","slug":"jovem-acusado-de-atirar-em-policiais-no-santa-terezinha-e-julgado-por-juri-popular","status":"publish","type":"post","link":"https:\/\/anoticiaonline.com.br\/site\/jovem-acusado-de-atirar-em-policiais-no-santa-terezinha-e-julgado-por-juri-popular\/","title":{"rendered":"Jovem acusado de atirar em policiais no Santa Terezinha \u00e9 julgado por j\u00fari popular"},"content":{"rendered":"<figure id=\"attachment_12874\" aria-describedby=\"caption-attachment-12874\" style=\"width: 290px\" class=\"wp-caption alignleft\"><a href=\"https:\/\/anoticiaonline.com.br\/site\/wp-content\/uploads\/2016\/05\/foto-capa.jpg\"><img fetchpriority=\"high\" decoding=\"async\" class=\"size-medium wp-image-12874\" src=\"https:\/\/anoticiaonline.com.br\/site\/wp-content\/uploads\/2016\/05\/foto-capa-300x205.jpg\" alt=\"Jovem est\u00e1 sendo julgado por tentativa de homic\u00eddio\" width=\"300\" height=\"205\" srcset=\"https:\/\/anoticiaonline.com.br\/site\/wp-content\/uploads\/2016\/05\/foto-capa-300x205.jpg 300w, https:\/\/anoticiaonline.com.br\/site\/wp-content\/uploads\/2016\/05\/foto-capa.jpg 640w\" sizes=\"(max-width: 300px) 100vw, 300px\" \/><\/a><figcaption id=\"caption-attachment-12874\" class=\"wp-caption-text\">Jovem est\u00e1 sendo julgado por tentativa de homic\u00eddio<\/figcaption><\/figure>\n<p>Um jovem de 19 anos est\u00e1 sendo julgado por j\u00fari popular, acusado de tentativa de homic\u00eddio contra policiais militares. Ele \u00e9 suspeito de atirar contra os policiais durante uma abordagem de rotina, no dia 3 de abril de 2015, na Rua Juiz de Fora, no bairro Santa Terezinha.<\/p>\n<p>O j\u00fari popular, que foi realizado no F\u00f3rum Tabeli\u00e3o Pacheco de Medeiros, come\u00e7ou pouco depois das 9h30min de quinta-feira (12), com a escolha dos jurados \u2013 sendo cinco homens e duas mulheres. O julgamento foi presidido pelo juiz da Vara Criminal da Comarca de Muria\u00e9, Maur\u00edcio Jos\u00e9 Machado Pirozi. A acusa\u00e7\u00e3o ficou a cargo da promotora Jackeliny Rangel. J\u00e1 a defesa do r\u00e9u foi feita pelo advogado Ricardo Couri.<\/p>\n<p>Segundo a Pol\u00edcia Militar, no dia 3 de abril do ano passado, um grupo de pessoas, incluindo supostos infratores, atacou os militares e disparou tiros contra a viatura policial, causando ferimentos em pelo menos um policial militar.<\/p>\n<p>Na noite seguinte, em um s\u00e1bado, a PM realizou uma mega opera\u00e7\u00e3o no bairro para capturar o grupo que hostilizou os policiais na noite anterior. Na \u00e9poca, seis pessoas foram detidas, entre maiores e menores de idade, inclusive o r\u00e9u e outros tr\u00eas suspeitos &#8211; um deles foi morto a tiros meses depois do fato &#8211; pela autoria dos disparos. A pol\u00edcia tamb\u00e9m apreendeu dois rev\u00f3lveres calibre 38, 60 muni\u00e7\u00f5es de diversos calibres, 160 papelotes de coca\u00edna e mais de R$7mil em dinheiro.<\/p>\n<p>Policiais militares &#8211; ao todo, sete depuseram &#8211; estavam entre as testemunhas que foram ouvidas por acusa\u00e7\u00e3o e defesa. Depois, o r\u00e9u foi ouvido e interrogado.<\/p>\n<p>Em seguida, a promotora Jackeliny Rangel fez a acusa\u00e7\u00e3o do jovem perante o corpo de jurados. Logo ap\u00f3s, foi a vez do advogado Ricardo Couri fazer a defesa.<\/p>\n<p>Por volta das 22h, o juiz Maur\u00edcio Pirozi encerrou a sess\u00e3o, para que a mesma retorne nesta sexta-feira (13). A previs\u00e3o \u00e9 que a senten\u00e7a saia por volta das 12h.<\/p>\n","protected":false},"excerpt":{"rendered":"<p>Um jovem de 19 anos est\u00e1 sendo julgado por j\u00fari popular, acusado de tentativa de homic\u00eddio contra policiais militares. Ele \u00e9 suspeito de atirar contra os policiais durante uma abordagem de rotina, no dia 3 de abril de 2015, na Rua Juiz de Fora, no bairro Santa Terezinha. O j\u00fari popular, que foi realizado no &#8230; <a title=\"Jovem acusado de atirar em policiais no Santa Terezinha \u00e9 julgado por j\u00fari popular\" class=\"read-more\" href=\"https:\/\/anoticiaonline.com.br\/site\/jovem-acusado-de-atirar-em-policiais-no-santa-terezinha-e-julgado-por-juri-popular\/\" aria-label=\"Read more about Jovem acusado de atirar em policiais no Santa Terezinha \u00e9 julgado por j\u00fari popular\">Ler mais<\/a><\/p>\n","protected":false},"author":2,"featured_media":12874,"comment_status":"open","ping_status":"open","sticky":false,"template":"","format":"standard","meta":{"_acf_changed":false,"_monsterinsights_skip_tracking":false,"footnotes":""},"categories":[30],"tags":[3],"class_list":["post-12873","post","type-post","status-publish","format-standard","has-post-thumbnail","hentry","category-muriae","tag-slide"],"acf":[],"aioseo_notices":[],"aioseo_head":"\n\t\t<!-- All in One SEO 5.0.0.1 - aioseo.com -->\n\t<meta name=\"description\" content=\"Um jovem de 19 anos est\u00e1 sendo julgado por j\u00fari popular, acusado de tentativa de homic\u00eddio contra policiais militares. Ele \u00e9 suspeito de atirar contra os policiais durante uma abordagem de rotina, no dia 3 de abril de 2015, na Rua Juiz de Fora, no bairro Santa Terezinha. O j\u00fari popular, que foi realizado no\" \/>\n\t<meta name=\"robots\" content=\"max-image-preview:large\" \/>\n\t<meta name=\"author\" content=\"Juliana Laviola\"\/>\n\t<link rel=\"canonical\" href=\"https:\/\/anoticiaonline.com.br\/site\/jovem-acusado-de-atirar-em-policiais-no-santa-terezinha-e-julgado-por-juri-popular\/\" \/>\n\t<meta name=\"generator\" content=\"All in One SEO (AIOSEO) 5.0.0.1\" \/>\n\t\t<meta property=\"og:locale\" content=\"pt_BR\" \/>\n\t\t<meta property=\"og:site_name\" content=\"A Not\u00edcia Online - Noticias de Muria\u00e9 e regi\u00e3o\" \/>\n\t\t<meta property=\"og:type\" content=\"article\" \/>\n\t\t<meta property=\"og:title\" content=\"Jovem acusado de atirar em policiais no Santa Terezinha \u00e9 julgado por j\u00fari popular - A Not\u00edcia Online\" \/>\n\t\t<meta property=\"og:description\" content=\"Um jovem de 19 anos est\u00e1 sendo julgado por j\u00fari popular, acusado de tentativa de homic\u00eddio contra policiais militares. Ele \u00e9 suspeito de atirar contra os policiais durante uma abordagem de rotina, no dia 3 de abril de 2015, na Rua Juiz de Fora, no bairro Santa Terezinha. O j\u00fari popular, que foi realizado no\" \/>\n\t\t<meta property=\"og:url\" content=\"https:\/\/anoticiaonline.com.br\/site\/jovem-acusado-de-atirar-em-policiais-no-santa-terezinha-e-julgado-por-juri-popular\/\" \/>\n\t\t<meta property=\"og:image\" content=\"https:\/\/scontent-gig4-1.xx.fbcdn.net\/v\/t39.30808-1\/270437624_4564083193639691_6907940295614233970_n.jpg?stp=dst-jpg_s200x200_tt6&#038;_nc_cat=111&#038;ccb=1-7&#038;_nc_sid=f907e8&#038;_nc_ohc=SM1wRlP3lJwQ7kNvwEPuBYA&#038;_nc_oc=AdnqrjDN_BNjSSHWO-GbkIWH6fkGMLw4bqvL_NH6e2wMveX7G-rP2dAqsDSq1mJMOaY&#038;_nc_zt=24&#038;_nc_ht=scontent-gig4-1.xx&#038;_nc_gid=AoBFJeGrT1hVaew_6rchkQ&#038;oh=00_AfX7QmFGhQhG2jAllVgXCiM1ZrWgvtp80-Bfppyexh1QEg&#038;oe=689E923C\" \/>\n\t\t<meta property=\"og:image:secure_url\" content=\"https:\/\/scontent-gig4-1.xx.fbcdn.net\/v\/t39.30808-1\/270437624_4564083193639691_6907940295614233970_n.jpg?stp=dst-jpg_s200x200_tt6&#038;_nc_cat=111&#038;ccb=1-7&#038;_nc_sid=f907e8&#038;_nc_ohc=SM1wRlP3lJwQ7kNvwEPuBYA&#038;_nc_oc=AdnqrjDN_BNjSSHWO-GbkIWH6fkGMLw4bqvL_NH6e2wMveX7G-rP2dAqsDSq1mJMOaY&#038;_nc_zt=24&#038;_nc_ht=scontent-gig4-1.xx&#038;_nc_gid=AoBFJeGrT1hVaew_6rchkQ&#038;oh=00_AfX7QmFGhQhG2jAllVgXCiM1ZrWgvtp80-Bfppyexh1QEg&#038;oe=689E923C\" \/>\n\t\t<meta property=\"article:published_time\" content=\"2016-05-13T01:15:10+00:00\" \/>\n\t\t<meta property=\"article:modified_time\" content=\"2016-05-13T01:15:10+00:00\" \/>\n\t\t<meta name=\"twitter:card\" content=\"summary_large_image\" \/>\n\t\t<meta name=\"twitter:title\" content=\"Jovem acusado de atirar em policiais no Santa Terezinha \u00e9 julgado por j\u00fari popular - A Not\u00edcia Online\" \/>\n\t\t<meta name=\"twitter:description\" content=\"Um jovem de 19 anos est\u00e1 sendo julgado por j\u00fari popular, acusado de tentativa de homic\u00eddio contra policiais militares. Ele \u00e9 suspeito de atirar contra os policiais durante uma abordagem de rotina, no dia 3 de abril de 2015, na Rua Juiz de Fora, no bairro Santa Terezinha. O j\u00fari popular, que foi realizado no\" \/>\n\t\t<meta name=\"twitter:image\" content=\"https:\/\/scontent-gig4-1.xx.fbcdn.net\/v\/t39.30808-1\/270437624_4564083193639691_6907940295614233970_n.jpg?stp=dst-jpg_s200x200_tt6&amp;_nc_cat=111&amp;ccb=1-7&amp;_nc_sid=f907e8&amp;_nc_ohc=SM1wRlP3lJwQ7kNvwEPuBYA&amp;_nc_oc=AdnqrjDN_BNjSSHWO-GbkIWH6fkGMLw4bqvL_NH6e2wMveX7G-rP2dAqsDSq1mJMOaY&amp;_nc_zt=24&amp;_nc_ht=scontent-gig4-1.xx&amp;_nc_gid=AoBFJeGrT1hVaew_6rchkQ&amp;oh=00_AfX7QmFGhQhG2jAllVgXCiM1ZrWgvtp80-Bfppyexh1QEg&amp;oe=689E923C\" \/>\n\t\t<script type=\"application\/ld+json\" class=\"aioseo-schema\">\n\t\t\t{\"@context\":\"https:\\\/\\\/schema.org\",\"@graph\":[{\"@type\":\"BlogPosting\",\"@id\":\"https:\\\/\\\/anoticiaonline.com.br\\\/site\\\/jovem-acusado-de-atirar-em-policiais-no-santa-terezinha-e-julgado-por-juri-popular\\\/#blogposting\",\"name\":\"Jovem acusado de atirar em policiais no Santa Terezinha \\u00e9 julgado por j\\u00fari popular - A Not\\u00edcia Online\",\"headline\":\"Jovem acusado de atirar em policiais no Santa Terezinha \\u00e9 julgado por j\\u00fari popular\",\"author\":{\"@id\":\"https:\\\/\\\/anoticiaonline.com.br\\\/site\\\/author\\\/juliana\\\/#author\"},\"publisher\":{\"@id\":\"https:\\\/\\\/anoticiaonline.com.br\\\/site\\\/#organization\"},\"image\":{\"@type\":\"ImageObject\",\"url\":\"https:\\\/\\\/anoticiaonline.com.br\\\/site\\\/wp-content\\\/uploads\\\/2016\\\/05\\\/foto-capa.jpg\",\"width\":640,\"height\":438,\"caption\":\"Jovem est\\u00e1 sendo julgado por tentativa de homic\\u00eddio\"},\"datePublished\":\"2016-05-12T22:15:10-03:00\",\"dateModified\":\"2016-05-12T22:15:10-03:00\",\"inLanguage\":\"pt-BR\",\"mainEntityOfPage\":{\"@id\":\"https:\\\/\\\/anoticiaonline.com.br\\\/site\\\/jovem-acusado-de-atirar-em-policiais-no-santa-terezinha-e-julgado-por-juri-popular\\\/#webpage\"},\"isPartOf\":{\"@id\":\"https:\\\/\\\/anoticiaonline.com.br\\\/site\\\/jovem-acusado-de-atirar-em-policiais-no-santa-terezinha-e-julgado-por-juri-popular\\\/#webpage\"},\"articleSection\":\"Blog, slide\"},{\"@type\":\"BreadcrumbList\",\"@id\":\"https:\\\/\\\/anoticiaonline.com.br\\\/site\\\/jovem-acusado-de-atirar-em-policiais-no-santa-terezinha-e-julgado-por-juri-popular\\\/#breadcrumblist\",\"itemListElement\":[{\"@type\":\"ListItem\",\"@id\":\"https:\\\/\\\/anoticiaonline.com.br\\\/site#listItem\",\"position\":1,\"name\":\"Home\",\"item\":\"https:\\\/\\\/anoticiaonline.com.br\\\/site\",\"nextItem\":{\"@type\":\"ListItem\",\"@id\":\"https:\\\/\\\/anoticiaonline.com.br\\\/site\\\/categoria\\\/muriae\\\/#listItem\",\"name\":\"Blog\"}},{\"@type\":\"ListItem\",\"@id\":\"https:\\\/\\\/anoticiaonline.com.br\\\/site\\\/categoria\\\/muriae\\\/#listItem\",\"position\":2,\"name\":\"Blog\",\"item\":\"https:\\\/\\\/anoticiaonline.com.br\\\/site\\\/categoria\\\/muriae\\\/\",\"nextItem\":{\"@type\":\"ListItem\",\"@id\":\"https:\\\/\\\/anoticiaonline.com.br\\\/site\\\/jovem-acusado-de-atirar-em-policiais-no-santa-terezinha-e-julgado-por-juri-popular\\\/#listItem\",\"name\":\"Jovem acusado de atirar em policiais no Santa Terezinha \\u00e9 julgado por j\\u00fari popular\"},\"previousItem\":{\"@type\":\"ListItem\",\"@id\":\"https:\\\/\\\/anoticiaonline.com.br\\\/site#listItem\",\"name\":\"Home\"}},{\"@type\":\"ListItem\",\"@id\":\"https:\\\/\\\/anoticiaonline.com.br\\\/site\\\/jovem-acusado-de-atirar-em-policiais-no-santa-terezinha-e-julgado-por-juri-popular\\\/#listItem\",\"position\":3,\"name\":\"Jovem acusado de atirar em policiais no Santa Terezinha \\u00e9 julgado por j\\u00fari popular\",\"previousItem\":{\"@type\":\"ListItem\",\"@id\":\"https:\\\/\\\/anoticiaonline.com.br\\\/site\\\/categoria\\\/muriae\\\/#listItem\",\"name\":\"Blog\"}}]},{\"@type\":\"Organization\",\"@id\":\"https:\\\/\\\/anoticiaonline.com.br\\\/site\\\/#organization\",\"name\":\"A Not\\u00edcia Online\",\"description\":\"Noticias de Muria\\u00e9 e regi\\u00e3o\",\"url\":\"https:\\\/\\\/anoticiaonline.com.br\\\/site\\\/\",\"logo\":{\"@type\":\"ImageObject\",\"url\":\"https:\\\/\\\/scontent-gig4-1.xx.fbcdn.net\\\/v\\\/t39.30808-1\\\/270437624_4564083193639691_6907940295614233970_n.jpg?stp=dst-jpg_s200x200_tt6&_nc_cat=111&ccb=1-7&_nc_sid=f907e8&_nc_ohc=SM1wRlP3lJwQ7kNvwEPuBYA&_nc_oc=AdnqrjDN_BNjSSHWO-GbkIWH6fkGMLw4bqvL_NH6e2wMveX7G-rP2dAqsDSq1mJMOaY&_nc_zt=24&_nc_ht=scontent-gig4-1.xx&_nc_gid=AoBFJeGrT1hVaew_6rchkQ&oh=00_AfX7QmFGhQhG2jAllVgXCiM1ZrWgvtp80-Bfppyexh1QEg&oe=689E923C\",\"@id\":\"https:\\\/\\\/anoticiaonline.com.br\\\/site\\\/jovem-acusado-de-atirar-em-policiais-no-santa-terezinha-e-julgado-por-juri-popular\\\/#organizationLogo\"},\"image\":{\"@id\":\"https:\\\/\\\/anoticiaonline.com.br\\\/site\\\/jovem-acusado-de-atirar-em-policiais-no-santa-terezinha-e-julgado-por-juri-popular\\\/#organizationLogo\"}},{\"@type\":\"Person\",\"@id\":\"https:\\\/\\\/anoticiaonline.com.br\\\/site\\\/author\\\/juliana\\\/#author\",\"url\":\"https:\\\/\\\/anoticiaonline.com.br\\\/site\\\/author\\\/juliana\\\/\",\"name\":\"Juliana Laviola\",\"image\":{\"@type\":\"ImageObject\",\"@id\":\"https:\\\/\\\/anoticiaonline.com.br\\\/site\\\/jovem-acusado-de-atirar-em-policiais-no-santa-terezinha-e-julgado-por-juri-popular\\\/#authorImage\",\"url\":\"https:\\\/\\\/secure.gravatar.com\\\/avatar\\\/b8d45f5c699b100dfaf0e543582f38f38bf94cb7ae3a5e9abf8d891a34773335?s=96&d=mm&r=g\",\"width\":96,\"height\":96,\"caption\":\"Juliana Laviola\"}},{\"@type\":\"WebPage\",\"@id\":\"https:\\\/\\\/anoticiaonline.com.br\\\/site\\\/jovem-acusado-de-atirar-em-policiais-no-santa-terezinha-e-julgado-por-juri-popular\\\/#webpage\",\"url\":\"https:\\\/\\\/anoticiaonline.com.br\\\/site\\\/jovem-acusado-de-atirar-em-policiais-no-santa-terezinha-e-julgado-por-juri-popular\\\/\",\"name\":\"Jovem acusado de atirar em policiais no Santa Terezinha \\u00e9 julgado por j\\u00fari popular - A Not\\u00edcia Online\",\"description\":\"Um jovem de 19 anos est\\u00e1 sendo julgado por j\\u00fari popular, acusado de tentativa de homic\\u00eddio contra policiais militares. Ele \\u00e9 suspeito de atirar contra os policiais durante uma abordagem de rotina, no dia 3 de abril de 2015, na Rua Juiz de Fora, no bairro Santa Terezinha. O j\\u00fari popular, que foi realizado no\",\"inLanguage\":\"pt-BR\",\"isPartOf\":{\"@id\":\"https:\\\/\\\/anoticiaonline.com.br\\\/site\\\/#website\"},\"breadcrumb\":{\"@id\":\"https:\\\/\\\/anoticiaonline.com.br\\\/site\\\/jovem-acusado-de-atirar-em-policiais-no-santa-terezinha-e-julgado-por-juri-popular\\\/#breadcrumblist\"},\"author\":{\"@id\":\"https:\\\/\\\/anoticiaonline.com.br\\\/site\\\/author\\\/juliana\\\/#author\"},\"creator\":{\"@id\":\"https:\\\/\\\/anoticiaonline.com.br\\\/site\\\/author\\\/juliana\\\/#author\"},\"image\":{\"@type\":\"ImageObject\",\"url\":\"https:\\\/\\\/anoticiaonline.com.br\\\/site\\\/wp-content\\\/uploads\\\/2016\\\/05\\\/foto-capa.jpg\",\"@id\":\"https:\\\/\\\/anoticiaonline.com.br\\\/site\\\/jovem-acusado-de-atirar-em-policiais-no-santa-terezinha-e-julgado-por-juri-popular\\\/#mainImage\",\"width\":640,\"height\":438,\"caption\":\"Jovem est\\u00e1 sendo julgado por tentativa de homic\\u00eddio\"},\"primaryImageOfPage\":{\"@id\":\"https:\\\/\\\/anoticiaonline.com.br\\\/site\\\/jovem-acusado-de-atirar-em-policiais-no-santa-terezinha-e-julgado-por-juri-popular\\\/#mainImage\"},\"datePublished\":\"2016-05-12T22:15:10-03:00\",\"dateModified\":\"2016-05-12T22:15:10-03:00\"},{\"@type\":\"WebSite\",\"@id\":\"https:\\\/\\\/anoticiaonline.com.br\\\/site\\\/#website\",\"url\":\"https:\\\/\\\/anoticiaonline.com.br\\\/site\\\/\",\"name\":\"A Not\\u00edcia Online\",\"description\":\"Noticias de Muria\\u00e9 e regi\\u00e3o\",\"inLanguage\":\"pt-BR\",\"publisher\":{\"@id\":\"https:\\\/\\\/anoticiaonline.com.br\\\/site\\\/#organization\"}}]}\n\t\t<\/script>\n\t\t<!-- All in One SEO -->\n\n","aioseo_head_json":{"title":"Jovem acusado de atirar em policiais no Santa Terezinha \u00e9 julgado por j\u00fari popular - A Not\u00edcia Online","description":"Um jovem de 19 anos est\u00e1 sendo julgado por j\u00fari popular, acusado de tentativa de homic\u00eddio contra policiais militares. Ele \u00e9 suspeito de atirar contra os policiais durante uma abordagem de rotina, no dia 3 de abril de 2015, na Rua Juiz de Fora, no bairro Santa Terezinha. O j\u00fari popular, que foi realizado no","canonical_url":"https:\/\/anoticiaonline.com.br\/site\/jovem-acusado-de-atirar-em-policiais-no-santa-terezinha-e-julgado-por-juri-popular\/","robots":"max-image-preview:large","keywords":"","webmasterTools":{"miscellaneous":""},"schema":{"@context":"https:\/\/schema.org","@graph":[{"@type":"BlogPosting","@id":"https:\/\/anoticiaonline.com.br\/site\/jovem-acusado-de-atirar-em-policiais-no-santa-terezinha-e-julgado-por-juri-popular\/#blogposting","name":"Jovem acusado de atirar em policiais no Santa Terezinha \u00e9 julgado por j\u00fari popular - A Not\u00edcia Online","headline":"Jovem acusado de atirar em policiais no Santa Terezinha \u00e9 julgado por j\u00fari popular","author":{"@id":"https:\/\/anoticiaonline.com.br\/site\/author\/juliana\/#author"},"publisher":{"@id":"https:\/\/anoticiaonline.com.br\/site\/#organization"},"image":{"@type":"ImageObject","url":"https:\/\/anoticiaonline.com.br\/site\/wp-content\/uploads\/2016\/05\/foto-capa.jpg","width":640,"height":438,"caption":"Jovem est\u00e1 sendo julgado por tentativa de homic\u00eddio"},"datePublished":"2016-05-12T22:15:10-03:00","dateModified":"2016-05-12T22:15:10-03:00","inLanguage":"pt-BR","mainEntityOfPage":{"@id":"https:\/\/anoticiaonline.com.br\/site\/jovem-acusado-de-atirar-em-policiais-no-santa-terezinha-e-julgado-por-juri-popular\/#webpage"},"isPartOf":{"@id":"https:\/\/anoticiaonline.com.br\/site\/jovem-acusado-de-atirar-em-policiais-no-santa-terezinha-e-julgado-por-juri-popular\/#webpage"},"articleSection":"Blog, slide"},{"@type":"BreadcrumbList","@id":"https:\/\/anoticiaonline.com.br\/site\/jovem-acusado-de-atirar-em-policiais-no-santa-terezinha-e-julgado-por-juri-popular\/#breadcrumblist","itemListElement":[{"@type":"ListItem","@id":"https:\/\/anoticiaonline.com.br\/site#listItem","position":1,"name":"Home","item":"https:\/\/anoticiaonline.com.br\/site","nextItem":{"@type":"ListItem","@id":"https:\/\/anoticiaonline.com.br\/site\/categoria\/muriae\/#listItem","name":"Blog"}},{"@type":"ListItem","@id":"https:\/\/anoticiaonline.com.br\/site\/categoria\/muriae\/#listItem","position":2,"name":"Blog","item":"https:\/\/anoticiaonline.com.br\/site\/categoria\/muriae\/","nextItem":{"@type":"ListItem","@id":"https:\/\/anoticiaonline.com.br\/site\/jovem-acusado-de-atirar-em-policiais-no-santa-terezinha-e-julgado-por-juri-popular\/#listItem","name":"Jovem acusado de atirar em policiais no Santa Terezinha \u00e9 julgado por j\u00fari popular"},"previousItem":{"@type":"ListItem","@id":"https:\/\/anoticiaonline.com.br\/site#listItem","name":"Home"}},{"@type":"ListItem","@id":"https:\/\/anoticiaonline.com.br\/site\/jovem-acusado-de-atirar-em-policiais-no-santa-terezinha-e-julgado-por-juri-popular\/#listItem","position":3,"name":"Jovem acusado de atirar em policiais no Santa Terezinha \u00e9 julgado por j\u00fari popular","previousItem":{"@type":"ListItem","@id":"https:\/\/anoticiaonline.com.br\/site\/categoria\/muriae\/#listItem","name":"Blog"}}]},{"@type":"Organization","@id":"https:\/\/anoticiaonline.com.br\/site\/#organization","name":"A Not\u00edcia Online","description":"Noticias de Muria\u00e9 e regi\u00e3o","url":"https:\/\/anoticiaonline.com.br\/site\/","logo":{"@type":"ImageObject","url":"https:\/\/scontent-gig4-1.xx.fbcdn.net\/v\/t39.30808-1\/270437624_4564083193639691_6907940295614233970_n.jpg?stp=dst-jpg_s200x200_tt6&_nc_cat=111&ccb=1-7&_nc_sid=f907e8&_nc_ohc=SM1wRlP3lJwQ7kNvwEPuBYA&_nc_oc=AdnqrjDN_BNjSSHWO-GbkIWH6fkGMLw4bqvL_NH6e2wMveX7G-rP2dAqsDSq1mJMOaY&_nc_zt=24&_nc_ht=scontent-gig4-1.xx&_nc_gid=AoBFJeGrT1hVaew_6rchkQ&oh=00_AfX7QmFGhQhG2jAllVgXCiM1ZrWgvtp80-Bfppyexh1QEg&oe=689E923C","@id":"https:\/\/anoticiaonline.com.br\/site\/jovem-acusado-de-atirar-em-policiais-no-santa-terezinha-e-julgado-por-juri-popular\/#organizationLogo"},"image":{"@id":"https:\/\/anoticiaonline.com.br\/site\/jovem-acusado-de-atirar-em-policiais-no-santa-terezinha-e-julgado-por-juri-popular\/#organizationLogo"}},{"@type":"Person","@id":"https:\/\/anoticiaonline.com.br\/site\/author\/juliana\/#author","url":"https:\/\/anoticiaonline.com.br\/site\/author\/juliana\/","name":"Juliana Laviola","image":{"@type":"ImageObject","@id":"https:\/\/anoticiaonline.com.br\/site\/jovem-acusado-de-atirar-em-policiais-no-santa-terezinha-e-julgado-por-juri-popular\/#authorImage","url":"https:\/\/secure.gravatar.com\/avatar\/b8d45f5c699b100dfaf0e543582f38f38bf94cb7ae3a5e9abf8d891a34773335?s=96&d=mm&r=g","width":96,"height":96,"caption":"Juliana Laviola"}},{"@type":"WebPage","@id":"https:\/\/anoticiaonline.com.br\/site\/jovem-acusado-de-atirar-em-policiais-no-santa-terezinha-e-julgado-por-juri-popular\/#webpage","url":"https:\/\/anoticiaonline.com.br\/site\/jovem-acusado-de-atirar-em-policiais-no-santa-terezinha-e-julgado-por-juri-popular\/","name":"Jovem acusado de atirar em policiais no Santa Terezinha \u00e9 julgado por j\u00fari popular - A Not\u00edcia Online","description":"Um jovem de 19 anos est\u00e1 sendo julgado por j\u00fari popular, acusado de tentativa de homic\u00eddio contra policiais militares. Ele \u00e9 suspeito de atirar contra os policiais durante uma abordagem de rotina, no dia 3 de abril de 2015, na Rua Juiz de Fora, no bairro Santa Terezinha. O j\u00fari popular, que foi realizado no","inLanguage":"pt-BR","isPartOf":{"@id":"https:\/\/anoticiaonline.com.br\/site\/#website"},"breadcrumb":{"@id":"https:\/\/anoticiaonline.com.br\/site\/jovem-acusado-de-atirar-em-policiais-no-santa-terezinha-e-julgado-por-juri-popular\/#breadcrumblist"},"author":{"@id":"https:\/\/anoticiaonline.com.br\/site\/author\/juliana\/#author"},"creator":{"@id":"https:\/\/anoticiaonline.com.br\/site\/author\/juliana\/#author"},"image":{"@type":"ImageObject","url":"https:\/\/anoticiaonline.com.br\/site\/wp-content\/uploads\/2016\/05\/foto-capa.jpg","@id":"https:\/\/anoticiaonline.com.br\/site\/jovem-acusado-de-atirar-em-policiais-no-santa-terezinha-e-julgado-por-juri-popular\/#mainImage","width":640,"height":438,"caption":"Jovem est\u00e1 sendo julgado por tentativa de homic\u00eddio"},"primaryImageOfPage":{"@id":"https:\/\/anoticiaonline.com.br\/site\/jovem-acusado-de-atirar-em-policiais-no-santa-terezinha-e-julgado-por-juri-popular\/#mainImage"},"datePublished":"2016-05-12T22:15:10-03:00","dateModified":"2016-05-12T22:15:10-03:00"},{"@type":"WebSite","@id":"https:\/\/anoticiaonline.com.br\/site\/#website","url":"https:\/\/anoticiaonline.com.br\/site\/","name":"A Not\u00edcia Online","description":"Noticias de Muria\u00e9 e regi\u00e3o","inLanguage":"pt-BR","publisher":{"@id":"https:\/\/anoticiaonline.com.br\/site\/#organization"}}]},"og:locale":"pt_BR","og:site_name":"A Not\u00edcia Online - Noticias de Muria\u00e9 e regi\u00e3o","og:type":"article","og:title":"Jovem acusado de atirar em policiais no Santa Terezinha \u00e9 julgado por j\u00fari popular - A Not\u00edcia Online","og:description":"Um jovem de 19 anos est\u00e1 sendo julgado por j\u00fari popular, acusado de tentativa de homic\u00eddio contra policiais militares. Ele \u00e9 suspeito de atirar contra os policiais durante uma abordagem de rotina, no dia 3 de abril de 2015, na Rua Juiz de Fora, no bairro Santa Terezinha. O j\u00fari popular, que foi realizado no","og:url":"https:\/\/anoticiaonline.com.br\/site\/jovem-acusado-de-atirar-em-policiais-no-santa-terezinha-e-julgado-por-juri-popular\/","og:image":"https:\/\/scontent-gig4-1.xx.fbcdn.net\/v\/t39.30808-1\/270437624_4564083193639691_6907940295614233970_n.jpg?stp=dst-jpg_s200x200_tt6&#038;_nc_cat=111&#038;ccb=1-7&#038;_nc_sid=f907e8&#038;_nc_ohc=SM1wRlP3lJwQ7kNvwEPuBYA&#038;_nc_oc=AdnqrjDN_BNjSSHWO-GbkIWH6fkGMLw4bqvL_NH6e2wMveX7G-rP2dAqsDSq1mJMOaY&#038;_nc_zt=24&#038;_nc_ht=scontent-gig4-1.xx&#038;_nc_gid=AoBFJeGrT1hVaew_6rchkQ&#038;oh=00_AfX7QmFGhQhG2jAllVgXCiM1ZrWgvtp80-Bfppyexh1QEg&#038;oe=689E923C","og:image:secure_url":"https:\/\/scontent-gig4-1.xx.fbcdn.net\/v\/t39.30808-1\/270437624_4564083193639691_6907940295614233970_n.jpg?stp=dst-jpg_s200x200_tt6&#038;_nc_cat=111&#038;ccb=1-7&#038;_nc_sid=f907e8&#038;_nc_ohc=SM1wRlP3lJwQ7kNvwEPuBYA&#038;_nc_oc=AdnqrjDN_BNjSSHWO-GbkIWH6fkGMLw4bqvL_NH6e2wMveX7G-rP2dAqsDSq1mJMOaY&#038;_nc_zt=24&#038;_nc_ht=scontent-gig4-1.xx&#038;_nc_gid=AoBFJeGrT1hVaew_6rchkQ&#038;oh=00_AfX7QmFGhQhG2jAllVgXCiM1ZrWgvtp80-Bfppyexh1QEg&#038;oe=689E923C","article:published_time":"2016-05-13T01:15:10+00:00","article:modified_time":"2016-05-13T01:15:10+00:00","twitter:card":"summary_large_image","twitter:title":"Jovem acusado de atirar em policiais no Santa Terezinha \u00e9 julgado por j\u00fari popular - A Not\u00edcia Online","twitter:description":"Um jovem de 19 anos est\u00e1 sendo julgado por j\u00fari popular, acusado de tentativa de homic\u00eddio contra policiais militares. Ele \u00e9 suspeito de atirar contra os policiais durante uma abordagem de rotina, no dia 3 de abril de 2015, na Rua Juiz de Fora, no bairro Santa Terezinha. O j\u00fari popular, que foi realizado no","twitter:image":"https:\/\/scontent-gig4-1.xx.fbcdn.net\/v\/t39.30808-1\/270437624_4564083193639691_6907940295614233970_n.jpg?stp=dst-jpg_s200x200_tt6&_nc_cat=111&ccb=1-7&_nc_sid=f907e8&_nc_ohc=SM1wRlP3lJwQ7kNvwEPuBYA&_nc_oc=AdnqrjDN_BNjSSHWO-GbkIWH6fkGMLw4bqvL_NH6e2wMveX7G-rP2dAqsDSq1mJMOaY&_nc_zt=24&_nc_ht=scontent-gig4-1.xx&_nc_gid=AoBFJeGrT1hVaew_6rchkQ&oh=00_AfX7QmFGhQhG2jAllVgXCiM1ZrWgvtp80-Bfppyexh1QEg&oe=689E923C"},"aioseo_meta_data":{"post_id":"12873","title":null,"description":null,"keywords":null,"keyphrases":null,"primary_term":null,"canonical_url":null,"og_title":null,"og_description":null,"og_object_type":"default","og_image_type":"default","og_image_url":null,"og_image_width":null,"og_image_height":null,"og_image_custom_url":null,"og_image_custom_fields":null,"og_video":null,"og_custom_url":null,"og_article_section":null,"og_article_tags":null,"twitter_use_og":false,"twitter_card":"default","twitter_image_type":"default","twitter_image_url":null,"twitter_image_custom_url":null,"twitter_image_custom_fields":null,"twitter_title":null,"twitter_description":null,"schema":{"blockGraphs":[],"customGraphs":[],"default":{"data":{"Article":[],"Course":[],"Dataset":[],"FAQPage":[],"Movie":[],"Person":[],"Product":[],"ProductReview":[],"Car":[],"Recipe":[],"Service":[],"SoftwareApplication":[],"WebPage":[]},"graphName":"","isEnabled":true},"graphs":[]},"schema_type":"default","schema_type_options":null,"pillar_content":false,"robots_default":true,"robots_noindex":false,"robots_noarchive":false,"robots_nosnippet":false,"robots_nofollow":false,"robots_noimageindex":false,"robots_noodp":false,"robots_notranslate":false,"robots_max_snippet":null,"robots_max_videopreview":null,"robots_max_imagepreview":"large","priority":null,"frequency":null,"local_seo":null,"breadcrumb_settings":null,"limit_modified_date":false,"ai":null,"created":"2025-08-16 15:57:20","updated":"2025-08-16 15:57:20","focus_keyword":null,"additional_keywords":null,"truseo_locale":null,"seo_analyzer_scan_date":null},"aioseo_breadcrumb":"<div class=\"aioseo-breadcrumbs\"><span class=\"aioseo-breadcrumb\">\n\t\t\t<a href=\"https:\/\/anoticiaonline.com.br\/site\" title=\"Home\">Home<\/a>\n\t\t<\/span><span class=\"aioseo-breadcrumb-separator\">&raquo;<\/span><span class=\"aioseo-breadcrumb\">\n\t\t\t<a href=\"https:\/\/anoticiaonline.com.br\/site\/categoria\/muriae\/\" title=\"Blog\">Blog<\/a>\n\t\t<\/span><span class=\"aioseo-breadcrumb-separator\">&raquo;<\/span><span class=\"aioseo-breadcrumb\">\n\t\t\tJovem acusado de atirar em policiais no Santa Terezinha \u00e9 julgado por j\u00fari popular\n\t\t<\/span><\/div>","aioseo_breadcrumb_json":[{"label":"Home","link":"https:\/\/anoticiaonline.com.br\/site"},{"label":"Blog","link":"https:\/\/anoticiaonline.com.br\/site\/categoria\/muriae\/"},{"label":"Jovem acusado de atirar em policiais no Santa Terezinha \u00e9 julgado por j\u00fari popular","link":"https:\/\/anoticiaonline.com.br\/site\/jovem-acusado-de-atirar-em-policiais-no-santa-terezinha-e-julgado-por-juri-popular\/"}],"views":142,"_links":{"self":[{"href":"https:\/\/anoticiaonline.com.br\/site\/wp-json\/wp\/v2\/posts\/12873","targetHints":{"allow":["GET"]}}],"collection":[{"href":"https:\/\/anoticiaonline.com.br\/site\/wp-json\/wp\/v2\/posts"}],"about":[{"href":"https:\/\/anoticiaonline.com.br\/site\/wp-json\/wp\/v2\/types\/post"}],"author":[{"embeddable":true,"href":"https:\/\/anoticiaonline.com.br\/site\/wp-json\/wp\/v2\/users\/2"}],"replies":[{"embeddable":true,"href":"https:\/\/anoticiaonline.com.br\/site\/wp-json\/wp\/v2\/comments?post=12873"}],"version-history":[{"count":0,"href":"https:\/\/anoticiaonline.com.br\/site\/wp-json\/wp\/v2\/posts\/12873\/revisions"}],"wp:featuredmedia":[{"embeddable":true,"href":"https:\/\/anoticiaonline.com.br\/site\/wp-json\/wp\/v2\/media\/12874"}],"wp:attachment":[{"href":"https:\/\/anoticiaonline.com.br\/site\/wp-json\/wp\/v2\/media?parent=12873"}],"wp:term":[{"taxonomy":"category","embeddable":true,"href":"https:\/\/anoticiaonline.com.br\/site\/wp-json\/wp\/v2\/categories?post=12873"},{"taxonomy":"post_tag","embeddable":true,"href":"https:\/\/anoticiaonline.com.br\/site\/wp-json\/wp\/v2\/tags?post=12873"}],"curies":[{"name":"wp","href":"https:\/\/api.w.org\/{rel}","templated":true}]}}