{"id":12846,"date":"2016-05-11T16:12:50","date_gmt":"2016-05-11T19:12:50","guid":{"rendered":"http:\/\/anoticiaonline.com.br\/site\/?p=12846"},"modified":"2016-05-11T16:12:50","modified_gmt":"2016-05-11T19:12:50","slug":"estar-desperto","status":"publish","type":"post","link":"https:\/\/anoticiaonline.com.br\/site\/estar-desperto\/","title":{"rendered":"Estar desperto"},"content":{"rendered":"<p><strong>O autoconhecimento amplia o horizonte do infinito<\/strong><\/p>\n<p><em>&#8220;(&#8230;) Desperta, tu que dormes! Levanta-te dentre os mortos e o Cristo te iluminar\u00e1\u201d. &#8211; Paulo. (Ef\u00e9sios, 5:14)<\/em><\/p>\n<p>Segundo Joanna de \u00c2ngelis , &#8220;(&#8230;) estar desperto \u00e9 mais do que encontrar-se vivo, do ponto de vista fisiol\u00f3gico, superando os automatismos para localizar-se nas realiza\u00e7\u00f5es da intelig\u00eancia e do sentimento enobrecido\u201d.<\/p>\n<p>Amodorrado pelo pesado mergulho no corpo f\u00edsico, o Esp\u00edrito Imortal como que se encanta com o canto da sereia e anestesia suas potencialidades perdendo-se nas distra\u00e7\u00f5es e quimeras dos interesses subalterno-horizontais. Largas por\u00e7\u00f5es de tempo s\u00e3o empregadas em quest\u00f5es secund\u00e1rias, em flagrante desconsidera\u00e7\u00e3o pelos &#8220;tesouros dos C\u00e9us&#8221;, e \u00e0s vezes mesmo por ignor\u00e2ncia do que \u00e9 essencial&#8230;<\/p>\n<p>&#8220;Disse Jesus : &#8220;conhecereis a verdade, e a verdade vos libertar\u00e1&#8221;.<\/p>\n<p>Chega, ent\u00e3o, o tempo de despertar! E nesse momento, a c\u00e9lebre frase do s\u00e1bio grego S\u00f3lon, divulgada por S\u00f3crates: &#8220;conhece-te a ti mesmo&#8221;, assume real significado. Com a vis\u00e3o livre das belidas que a constringia, o homem parte para o autoconhecimento, ampliando-se o horizonte do Infinito.<\/p>\n<p>Entende, assim, que o per\u00edodo de sono ancestral \u00e9 o fulcro gerador dos in\u00fameros conflitos existenciais, bem como das perplexidades que o assaltam.<\/p>\n<p>Identifica a grande defasagem existente entre o que pensa e faz, entre o que aspira e realiza e sente-se frustrado. Liberta-se, aos poucos, das cargas opressoras e asfixiantes, direcionando o foco de seu interesse para a verticalidade transcendente.<\/p>\n<p>Ainda segundo a nobre Mentora de Divaldo, na obra citada, \u201c(&#8230;) ser consciente significa estar desperto, respons\u00e1vel, n\u00e3o arrogante, n\u00e3o submisso, livre de algemas, liberado do passado e do futuro&#8230;<\/p>\n<p>Cada momento atual \u00e9 magno na vida do homem consciente, e tudo quanto se prop\u00f5e realizar, ao inv\u00e9s de tornar-se desafio, \u00e9-lhe est\u00edmulo ao prosseguimento tranquilo da ilumina\u00e7\u00e3o interior&#8230;<\/p>\n<p>Usa a intelig\u00eancia e aplica o sentimento em perfeita intera\u00e7\u00e3o, avan\u00e7ando sempre, sem recuos nem amarguras. Certamente experimenta as conting\u00eancias da vida social, dos preju\u00edzos pol\u00edticos, das injun\u00e7\u00f5es do corpo, sem que tais ocorr\u00eancias o desanimem ou o infelicitem.<\/p>\n<p>Consciente desses fen\u00f4menos, mais se afervora na busca da harmonia, conquistando novas \u00e1reas que antes permaneciam desconhecidas.<\/p>\n<p>Age sempre l\u00facido, e cada compromisso que assume, dele se desincumbe em paz, sem a preocupa\u00e7\u00e3o de vit\u00f3ria exterior ou mesmo de supera\u00e7\u00e3o.<\/p>\n<p>A autoconquista \u00e9-lhe um crescimento natural e n\u00e3o perturbador, assinalado pelo aprofundamento da vis\u00e3o da vida, totalmente diverso do comum, passando-a a transpessoal, portanto espiritual&#8221;, por isto, tem toda raz\u00e3o o nobre doutor tarsense ao escrever para os seus irm\u00e3os de \u00c9feso: \u201cdesperta tu que dormes, e o Cristo te iluminar\u00e1!&#8221;<\/p>\n<p>PERFIL DO SER CONSCIENTE &#8211; \u201c(&#8230;) O ser consciente \u00e9 austero, mas sem carranca; \u00e9 jovial, por\u00e9m sem vulgaridade; \u00e9 complacente, no entanto sem coniv\u00eancia; \u00e9 bondoso, todavia sem anu\u00eancia com o erro. Ajuda e promove aquele que lhe recebe o socorro, seguindo adiante sem cobrar retribui\u00e7\u00e3o; \u00e9 respons\u00e1vel, e n\u00e3o se permite o v\u00e3o repouso enquanto o dever o aguarda. Conhecendo suas possibilidades, coloca-as em a\u00e7\u00e3o sempre que necess\u00e1rio, aberto ao amor e ao bem.<\/p>\n<p>S\u00f3 o amadurecimento psicol\u00f3gico, atrav\u00e9s das experi\u00eancias vividas libera a consci\u00eancia do ser, e, ao consegui-la, ei-lo feliz, conquistando a \u2018Terra da Promiss\u00e3o\u2019 b\u00edblica\u201d.<\/p>\n","protected":false},"excerpt":{"rendered":"<p>O autoconhecimento amplia o horizonte do infinito &#8220;(&#8230;) Desperta, tu que dormes! Levanta-te dentre os mortos e o Cristo te iluminar\u00e1\u201d. &#8211; Paulo. (Ef\u00e9sios, 5:14) Segundo Joanna de \u00c2ngelis , &#8220;(&#8230;) estar desperto \u00e9 mais do que encontrar-se vivo, do ponto de vista fisiol\u00f3gico, superando os automatismos para localizar-se nas realiza\u00e7\u00f5es da intelig\u00eancia e do &#8230; <a title=\"Estar desperto\" class=\"read-more\" href=\"https:\/\/anoticiaonline.com.br\/site\/estar-desperto\/\" aria-label=\"Read more about Estar desperto\">Ler mais<\/a><\/p>\n","protected":false},"author":2,"featured_media":0,"comment_status":"open","ping_status":"open","sticky":false,"template":"","format":"standard","meta":{"_acf_changed":false,"_monsterinsights_skip_tracking":false,"footnotes":""},"categories":[44],"tags":[],"class_list":["post-12846","post","type-post","status-publish","format-standard","hentry","category-espiritismo-em-foco-de-rogerio-coelho"],"acf":[],"aioseo_notices":[],"aioseo_head":"\n\t\t<!-- All in One SEO 5.0.0.1 - aioseo.com -->\n\t<meta name=\"description\" content=\"O autoconhecimento amplia o horizonte do infinito &quot;(...) Desperta, tu que dormes! Levanta-te dentre os mortos e o Cristo te iluminar\u00e1\u201d. - Paulo. (Ef\u00e9sios, 5:14) Segundo Joanna de \u00c2ngelis , &quot;(...) estar desperto \u00e9 mais do que encontrar-se vivo, do ponto de vista fisiol\u00f3gico, superando os automatismos para localizar-se nas realiza\u00e7\u00f5es da intelig\u00eancia e do\" \/>\n\t<meta name=\"robots\" content=\"max-image-preview:large\" \/>\n\t<meta name=\"author\" content=\"Juliana Laviola\"\/>\n\t<link rel=\"canonical\" href=\"https:\/\/anoticiaonline.com.br\/site\/estar-desperto\/\" \/>\n\t<meta name=\"generator\" content=\"All in One SEO (AIOSEO) 5.0.0.1\" \/>\n\t\t<meta property=\"og:locale\" content=\"pt_BR\" \/>\n\t\t<meta property=\"og:site_name\" content=\"A Not\u00edcia Online - Noticias de Muria\u00e9 e regi\u00e3o\" \/>\n\t\t<meta property=\"og:type\" content=\"article\" \/>\n\t\t<meta property=\"og:title\" content=\"Estar desperto - A Not\u00edcia Online\" \/>\n\t\t<meta property=\"og:description\" content=\"O autoconhecimento amplia o horizonte do infinito &quot;(...) Desperta, tu que dormes! Levanta-te dentre os mortos e o Cristo te iluminar\u00e1\u201d. - Paulo. (Ef\u00e9sios, 5:14) Segundo Joanna de \u00c2ngelis , &quot;(...) estar desperto \u00e9 mais do que encontrar-se vivo, do ponto de vista fisiol\u00f3gico, superando os automatismos para localizar-se nas realiza\u00e7\u00f5es da intelig\u00eancia e do\" \/>\n\t\t<meta property=\"og:url\" content=\"https:\/\/anoticiaonline.com.br\/site\/estar-desperto\/\" \/>\n\t\t<meta property=\"og:image\" content=\"https:\/\/scontent-gig4-1.xx.fbcdn.net\/v\/t39.30808-1\/270437624_4564083193639691_6907940295614233970_n.jpg?stp=dst-jpg_s200x200_tt6&#038;_nc_cat=111&#038;ccb=1-7&#038;_nc_sid=f907e8&#038;_nc_ohc=SM1wRlP3lJwQ7kNvwEPuBYA&#038;_nc_oc=AdnqrjDN_BNjSSHWO-GbkIWH6fkGMLw4bqvL_NH6e2wMveX7G-rP2dAqsDSq1mJMOaY&#038;_nc_zt=24&#038;_nc_ht=scontent-gig4-1.xx&#038;_nc_gid=AoBFJeGrT1hVaew_6rchkQ&#038;oh=00_AfX7QmFGhQhG2jAllVgXCiM1ZrWgvtp80-Bfppyexh1QEg&#038;oe=689E923C\" \/>\n\t\t<meta property=\"og:image:secure_url\" content=\"https:\/\/scontent-gig4-1.xx.fbcdn.net\/v\/t39.30808-1\/270437624_4564083193639691_6907940295614233970_n.jpg?stp=dst-jpg_s200x200_tt6&#038;_nc_cat=111&#038;ccb=1-7&#038;_nc_sid=f907e8&#038;_nc_ohc=SM1wRlP3lJwQ7kNvwEPuBYA&#038;_nc_oc=AdnqrjDN_BNjSSHWO-GbkIWH6fkGMLw4bqvL_NH6e2wMveX7G-rP2dAqsDSq1mJMOaY&#038;_nc_zt=24&#038;_nc_ht=scontent-gig4-1.xx&#038;_nc_gid=AoBFJeGrT1hVaew_6rchkQ&#038;oh=00_AfX7QmFGhQhG2jAllVgXCiM1ZrWgvtp80-Bfppyexh1QEg&#038;oe=689E923C\" \/>\n\t\t<meta property=\"article:published_time\" content=\"2016-05-11T19:12:50+00:00\" \/>\n\t\t<meta property=\"article:modified_time\" content=\"2016-05-11T19:12:50+00:00\" \/>\n\t\t<meta name=\"twitter:card\" content=\"summary_large_image\" \/>\n\t\t<meta name=\"twitter:title\" content=\"Estar desperto - A Not\u00edcia Online\" \/>\n\t\t<meta name=\"twitter:description\" content=\"O autoconhecimento amplia o horizonte do infinito &quot;(...) Desperta, tu que dormes! Levanta-te dentre os mortos e o Cristo te iluminar\u00e1\u201d. - Paulo. (Ef\u00e9sios, 5:14) Segundo Joanna de \u00c2ngelis , &quot;(...) estar desperto \u00e9 mais do que encontrar-se vivo, do ponto de vista fisiol\u00f3gico, superando os automatismos para localizar-se nas realiza\u00e7\u00f5es da intelig\u00eancia e do\" \/>\n\t\t<meta name=\"twitter:image\" content=\"https:\/\/scontent-gig4-1.xx.fbcdn.net\/v\/t39.30808-1\/270437624_4564083193639691_6907940295614233970_n.jpg?stp=dst-jpg_s200x200_tt6&amp;_nc_cat=111&amp;ccb=1-7&amp;_nc_sid=f907e8&amp;_nc_ohc=SM1wRlP3lJwQ7kNvwEPuBYA&amp;_nc_oc=AdnqrjDN_BNjSSHWO-GbkIWH6fkGMLw4bqvL_NH6e2wMveX7G-rP2dAqsDSq1mJMOaY&amp;_nc_zt=24&amp;_nc_ht=scontent-gig4-1.xx&amp;_nc_gid=AoBFJeGrT1hVaew_6rchkQ&amp;oh=00_AfX7QmFGhQhG2jAllVgXCiM1ZrWgvtp80-Bfppyexh1QEg&amp;oe=689E923C\" \/>\n\t\t<script type=\"application\/ld+json\" class=\"aioseo-schema\">\n\t\t\t{\"@context\":\"https:\\\/\\\/schema.org\",\"@graph\":[{\"@type\":\"BlogPosting\",\"@id\":\"https:\\\/\\\/anoticiaonline.com.br\\\/site\\\/estar-desperto\\\/#blogposting\",\"name\":\"Estar desperto - A Not\\u00edcia Online\",\"headline\":\"Estar desperto\",\"author\":{\"@id\":\"https:\\\/\\\/anoticiaonline.com.br\\\/site\\\/author\\\/juliana\\\/#author\"},\"publisher\":{\"@id\":\"https:\\\/\\\/anoticiaonline.com.br\\\/site\\\/#organization\"},\"image\":{\"@type\":\"ImageObject\",\"url\":\"https:\\\/\\\/scontent-gig4-1.xx.fbcdn.net\\\/v\\\/t39.30808-1\\\/270437624_4564083193639691_6907940295614233970_n.jpg?stp=dst-jpg_s200x200_tt6&_nc_cat=111&ccb=1-7&_nc_sid=f907e8&_nc_ohc=SM1wRlP3lJwQ7kNvwEPuBYA&_nc_oc=AdnqrjDN_BNjSSHWO-GbkIWH6fkGMLw4bqvL_NH6e2wMveX7G-rP2dAqsDSq1mJMOaY&_nc_zt=24&_nc_ht=scontent-gig4-1.xx&_nc_gid=AoBFJeGrT1hVaew_6rchkQ&oh=00_AfX7QmFGhQhG2jAllVgXCiM1ZrWgvtp80-Bfppyexh1QEg&oe=689E923C\",\"@id\":\"https:\\\/\\\/anoticiaonline.com.br\\\/site\\\/#articleImage\"},\"datePublished\":\"2016-05-11T16:12:50-03:00\",\"dateModified\":\"2016-05-11T16:12:50-03:00\",\"inLanguage\":\"pt-BR\",\"mainEntityOfPage\":{\"@id\":\"https:\\\/\\\/anoticiaonline.com.br\\\/site\\\/estar-desperto\\\/#webpage\"},\"isPartOf\":{\"@id\":\"https:\\\/\\\/anoticiaonline.com.br\\\/site\\\/estar-desperto\\\/#webpage\"},\"articleSection\":\"Espiritismo em Foco, por Rog\\u00e9rio Coelho\"},{\"@type\":\"BreadcrumbList\",\"@id\":\"https:\\\/\\\/anoticiaonline.com.br\\\/site\\\/estar-desperto\\\/#breadcrumblist\",\"itemListElement\":[{\"@type\":\"ListItem\",\"@id\":\"https:\\\/\\\/anoticiaonline.com.br\\\/site#listItem\",\"position\":1,\"name\":\"Home\",\"item\":\"https:\\\/\\\/anoticiaonline.com.br\\\/site\",\"nextItem\":{\"@type\":\"ListItem\",\"@id\":\"https:\\\/\\\/anoticiaonline.com.br\\\/site\\\/categoria\\\/colunistas\\\/#listItem\",\"name\":\"Colunistas\"}},{\"@type\":\"ListItem\",\"@id\":\"https:\\\/\\\/anoticiaonline.com.br\\\/site\\\/categoria\\\/colunistas\\\/#listItem\",\"position\":2,\"name\":\"Colunistas\",\"item\":\"https:\\\/\\\/anoticiaonline.com.br\\\/site\\\/categoria\\\/colunistas\\\/\",\"nextItem\":{\"@type\":\"ListItem\",\"@id\":\"https:\\\/\\\/anoticiaonline.com.br\\\/site\\\/categoria\\\/colunistas\\\/espiritismo-em-foco-de-rogerio-coelho\\\/#listItem\",\"name\":\"Espiritismo em Foco, por Rog\\u00e9rio Coelho\"},\"previousItem\":{\"@type\":\"ListItem\",\"@id\":\"https:\\\/\\\/anoticiaonline.com.br\\\/site#listItem\",\"name\":\"Home\"}},{\"@type\":\"ListItem\",\"@id\":\"https:\\\/\\\/anoticiaonline.com.br\\\/site\\\/categoria\\\/colunistas\\\/espiritismo-em-foco-de-rogerio-coelho\\\/#listItem\",\"position\":3,\"name\":\"Espiritismo em Foco, por Rog\\u00e9rio Coelho\",\"item\":\"https:\\\/\\\/anoticiaonline.com.br\\\/site\\\/categoria\\\/colunistas\\\/espiritismo-em-foco-de-rogerio-coelho\\\/\",\"nextItem\":{\"@type\":\"ListItem\",\"@id\":\"https:\\\/\\\/anoticiaonline.com.br\\\/site\\\/estar-desperto\\\/#listItem\",\"name\":\"Estar desperto\"},\"previousItem\":{\"@type\":\"ListItem\",\"@id\":\"https:\\\/\\\/anoticiaonline.com.br\\\/site\\\/categoria\\\/colunistas\\\/#listItem\",\"name\":\"Colunistas\"}},{\"@type\":\"ListItem\",\"@id\":\"https:\\\/\\\/anoticiaonline.com.br\\\/site\\\/estar-desperto\\\/#listItem\",\"position\":4,\"name\":\"Estar desperto\",\"previousItem\":{\"@type\":\"ListItem\",\"@id\":\"https:\\\/\\\/anoticiaonline.com.br\\\/site\\\/categoria\\\/colunistas\\\/espiritismo-em-foco-de-rogerio-coelho\\\/#listItem\",\"name\":\"Espiritismo em Foco, por Rog\\u00e9rio Coelho\"}}]},{\"@type\":\"Organization\",\"@id\":\"https:\\\/\\\/anoticiaonline.com.br\\\/site\\\/#organization\",\"name\":\"A Not\\u00edcia Online\",\"description\":\"Noticias de Muria\\u00e9 e regi\\u00e3o\",\"url\":\"https:\\\/\\\/anoticiaonline.com.br\\\/site\\\/\",\"logo\":{\"@type\":\"ImageObject\",\"url\":\"https:\\\/\\\/scontent-gig4-1.xx.fbcdn.net\\\/v\\\/t39.30808-1\\\/270437624_4564083193639691_6907940295614233970_n.jpg?stp=dst-jpg_s200x200_tt6&_nc_cat=111&ccb=1-7&_nc_sid=f907e8&_nc_ohc=SM1wRlP3lJwQ7kNvwEPuBYA&_nc_oc=AdnqrjDN_BNjSSHWO-GbkIWH6fkGMLw4bqvL_NH6e2wMveX7G-rP2dAqsDSq1mJMOaY&_nc_zt=24&_nc_ht=scontent-gig4-1.xx&_nc_gid=AoBFJeGrT1hVaew_6rchkQ&oh=00_AfX7QmFGhQhG2jAllVgXCiM1ZrWgvtp80-Bfppyexh1QEg&oe=689E923C\",\"@id\":\"https:\\\/\\\/anoticiaonline.com.br\\\/site\\\/estar-desperto\\\/#organizationLogo\"},\"image\":{\"@id\":\"https:\\\/\\\/anoticiaonline.com.br\\\/site\\\/estar-desperto\\\/#organizationLogo\"}},{\"@type\":\"Person\",\"@id\":\"https:\\\/\\\/anoticiaonline.com.br\\\/site\\\/author\\\/juliana\\\/#author\",\"url\":\"https:\\\/\\\/anoticiaonline.com.br\\\/site\\\/author\\\/juliana\\\/\",\"name\":\"Juliana Laviola\",\"image\":{\"@type\":\"ImageObject\",\"@id\":\"https:\\\/\\\/anoticiaonline.com.br\\\/site\\\/estar-desperto\\\/#authorImage\",\"url\":\"https:\\\/\\\/secure.gravatar.com\\\/avatar\\\/b8d45f5c699b100dfaf0e543582f38f38bf94cb7ae3a5e9abf8d891a34773335?s=96&d=mm&r=g\",\"width\":96,\"height\":96,\"caption\":\"Juliana Laviola\"}},{\"@type\":\"WebPage\",\"@id\":\"https:\\\/\\\/anoticiaonline.com.br\\\/site\\\/estar-desperto\\\/#webpage\",\"url\":\"https:\\\/\\\/anoticiaonline.com.br\\\/site\\\/estar-desperto\\\/\",\"name\":\"Estar desperto - A Not\\u00edcia Online\",\"description\":\"O autoconhecimento amplia o horizonte do infinito \\\"(...) Desperta, tu que dormes! Levanta-te dentre os mortos e o Cristo te iluminar\\u00e1\\u201d. - Paulo. (Ef\\u00e9sios, 5:14) Segundo Joanna de \\u00c2ngelis , \\\"(...) estar desperto \\u00e9 mais do que encontrar-se vivo, do ponto de vista fisiol\\u00f3gico, superando os automatismos para localizar-se nas realiza\\u00e7\\u00f5es da intelig\\u00eancia e do\",\"inLanguage\":\"pt-BR\",\"isPartOf\":{\"@id\":\"https:\\\/\\\/anoticiaonline.com.br\\\/site\\\/#website\"},\"breadcrumb\":{\"@id\":\"https:\\\/\\\/anoticiaonline.com.br\\\/site\\\/estar-desperto\\\/#breadcrumblist\"},\"author\":{\"@id\":\"https:\\\/\\\/anoticiaonline.com.br\\\/site\\\/author\\\/juliana\\\/#author\"},\"creator\":{\"@id\":\"https:\\\/\\\/anoticiaonline.com.br\\\/site\\\/author\\\/juliana\\\/#author\"},\"datePublished\":\"2016-05-11T16:12:50-03:00\",\"dateModified\":\"2016-05-11T16:12:50-03:00\"},{\"@type\":\"WebSite\",\"@id\":\"https:\\\/\\\/anoticiaonline.com.br\\\/site\\\/#website\",\"url\":\"https:\\\/\\\/anoticiaonline.com.br\\\/site\\\/\",\"name\":\"A Not\\u00edcia Online\",\"description\":\"Noticias de Muria\\u00e9 e regi\\u00e3o\",\"inLanguage\":\"pt-BR\",\"publisher\":{\"@id\":\"https:\\\/\\\/anoticiaonline.com.br\\\/site\\\/#organization\"}}]}\n\t\t<\/script>\n\t\t<!-- All in One SEO -->\n\n","aioseo_head_json":{"title":"Estar desperto - A Not\u00edcia Online","description":"O autoconhecimento amplia o horizonte do infinito \"(...) Desperta, tu que dormes! Levanta-te dentre os mortos e o Cristo te iluminar\u00e1\u201d. - Paulo. (Ef\u00e9sios, 5:14) Segundo Joanna de \u00c2ngelis , \"(...) estar desperto \u00e9 mais do que encontrar-se vivo, do ponto de vista fisiol\u00f3gico, superando os automatismos para localizar-se nas realiza\u00e7\u00f5es da intelig\u00eancia e do","canonical_url":"https:\/\/anoticiaonline.com.br\/site\/estar-desperto\/","robots":"max-image-preview:large","keywords":"","webmasterTools":{"miscellaneous":""},"schema":{"@context":"https:\/\/schema.org","@graph":[{"@type":"BlogPosting","@id":"https:\/\/anoticiaonline.com.br\/site\/estar-desperto\/#blogposting","name":"Estar desperto - A Not\u00edcia Online","headline":"Estar desperto","author":{"@id":"https:\/\/anoticiaonline.com.br\/site\/author\/juliana\/#author"},"publisher":{"@id":"https:\/\/anoticiaonline.com.br\/site\/#organization"},"image":{"@type":"ImageObject","url":"https:\/\/scontent-gig4-1.xx.fbcdn.net\/v\/t39.30808-1\/270437624_4564083193639691_6907940295614233970_n.jpg?stp=dst-jpg_s200x200_tt6&_nc_cat=111&ccb=1-7&_nc_sid=f907e8&_nc_ohc=SM1wRlP3lJwQ7kNvwEPuBYA&_nc_oc=AdnqrjDN_BNjSSHWO-GbkIWH6fkGMLw4bqvL_NH6e2wMveX7G-rP2dAqsDSq1mJMOaY&_nc_zt=24&_nc_ht=scontent-gig4-1.xx&_nc_gid=AoBFJeGrT1hVaew_6rchkQ&oh=00_AfX7QmFGhQhG2jAllVgXCiM1ZrWgvtp80-Bfppyexh1QEg&oe=689E923C","@id":"https:\/\/anoticiaonline.com.br\/site\/#articleImage"},"datePublished":"2016-05-11T16:12:50-03:00","dateModified":"2016-05-11T16:12:50-03:00","inLanguage":"pt-BR","mainEntityOfPage":{"@id":"https:\/\/anoticiaonline.com.br\/site\/estar-desperto\/#webpage"},"isPartOf":{"@id":"https:\/\/anoticiaonline.com.br\/site\/estar-desperto\/#webpage"},"articleSection":"Espiritismo em Foco, por Rog\u00e9rio Coelho"},{"@type":"BreadcrumbList","@id":"https:\/\/anoticiaonline.com.br\/site\/estar-desperto\/#breadcrumblist","itemListElement":[{"@type":"ListItem","@id":"https:\/\/anoticiaonline.com.br\/site#listItem","position":1,"name":"Home","item":"https:\/\/anoticiaonline.com.br\/site","nextItem":{"@type":"ListItem","@id":"https:\/\/anoticiaonline.com.br\/site\/categoria\/colunistas\/#listItem","name":"Colunistas"}},{"@type":"ListItem","@id":"https:\/\/anoticiaonline.com.br\/site\/categoria\/colunistas\/#listItem","position":2,"name":"Colunistas","item":"https:\/\/anoticiaonline.com.br\/site\/categoria\/colunistas\/","nextItem":{"@type":"ListItem","@id":"https:\/\/anoticiaonline.com.br\/site\/categoria\/colunistas\/espiritismo-em-foco-de-rogerio-coelho\/#listItem","name":"Espiritismo em Foco, por Rog\u00e9rio Coelho"},"previousItem":{"@type":"ListItem","@id":"https:\/\/anoticiaonline.com.br\/site#listItem","name":"Home"}},{"@type":"ListItem","@id":"https:\/\/anoticiaonline.com.br\/site\/categoria\/colunistas\/espiritismo-em-foco-de-rogerio-coelho\/#listItem","position":3,"name":"Espiritismo em Foco, por Rog\u00e9rio Coelho","item":"https:\/\/anoticiaonline.com.br\/site\/categoria\/colunistas\/espiritismo-em-foco-de-rogerio-coelho\/","nextItem":{"@type":"ListItem","@id":"https:\/\/anoticiaonline.com.br\/site\/estar-desperto\/#listItem","name":"Estar desperto"},"previousItem":{"@type":"ListItem","@id":"https:\/\/anoticiaonline.com.br\/site\/categoria\/colunistas\/#listItem","name":"Colunistas"}},{"@type":"ListItem","@id":"https:\/\/anoticiaonline.com.br\/site\/estar-desperto\/#listItem","position":4,"name":"Estar desperto","previousItem":{"@type":"ListItem","@id":"https:\/\/anoticiaonline.com.br\/site\/categoria\/colunistas\/espiritismo-em-foco-de-rogerio-coelho\/#listItem","name":"Espiritismo em Foco, por Rog\u00e9rio Coelho"}}]},{"@type":"Organization","@id":"https:\/\/anoticiaonline.com.br\/site\/#organization","name":"A Not\u00edcia Online","description":"Noticias de Muria\u00e9 e regi\u00e3o","url":"https:\/\/anoticiaonline.com.br\/site\/","logo":{"@type":"ImageObject","url":"https:\/\/scontent-gig4-1.xx.fbcdn.net\/v\/t39.30808-1\/270437624_4564083193639691_6907940295614233970_n.jpg?stp=dst-jpg_s200x200_tt6&_nc_cat=111&ccb=1-7&_nc_sid=f907e8&_nc_ohc=SM1wRlP3lJwQ7kNvwEPuBYA&_nc_oc=AdnqrjDN_BNjSSHWO-GbkIWH6fkGMLw4bqvL_NH6e2wMveX7G-rP2dAqsDSq1mJMOaY&_nc_zt=24&_nc_ht=scontent-gig4-1.xx&_nc_gid=AoBFJeGrT1hVaew_6rchkQ&oh=00_AfX7QmFGhQhG2jAllVgXCiM1ZrWgvtp80-Bfppyexh1QEg&oe=689E923C","@id":"https:\/\/anoticiaonline.com.br\/site\/estar-desperto\/#organizationLogo"},"image":{"@id":"https:\/\/anoticiaonline.com.br\/site\/estar-desperto\/#organizationLogo"}},{"@type":"Person","@id":"https:\/\/anoticiaonline.com.br\/site\/author\/juliana\/#author","url":"https:\/\/anoticiaonline.com.br\/site\/author\/juliana\/","name":"Juliana Laviola","image":{"@type":"ImageObject","@id":"https:\/\/anoticiaonline.com.br\/site\/estar-desperto\/#authorImage","url":"https:\/\/secure.gravatar.com\/avatar\/b8d45f5c699b100dfaf0e543582f38f38bf94cb7ae3a5e9abf8d891a34773335?s=96&d=mm&r=g","width":96,"height":96,"caption":"Juliana Laviola"}},{"@type":"WebPage","@id":"https:\/\/anoticiaonline.com.br\/site\/estar-desperto\/#webpage","url":"https:\/\/anoticiaonline.com.br\/site\/estar-desperto\/","name":"Estar desperto - A Not\u00edcia Online","description":"O autoconhecimento amplia o horizonte do infinito \"(...) Desperta, tu que dormes! Levanta-te dentre os mortos e o Cristo te iluminar\u00e1\u201d. - Paulo. (Ef\u00e9sios, 5:14) Segundo Joanna de \u00c2ngelis , \"(...) estar desperto \u00e9 mais do que encontrar-se vivo, do ponto de vista fisiol\u00f3gico, superando os automatismos para localizar-se nas realiza\u00e7\u00f5es da intelig\u00eancia e do","inLanguage":"pt-BR","isPartOf":{"@id":"https:\/\/anoticiaonline.com.br\/site\/#website"},"breadcrumb":{"@id":"https:\/\/anoticiaonline.com.br\/site\/estar-desperto\/#breadcrumblist"},"author":{"@id":"https:\/\/anoticiaonline.com.br\/site\/author\/juliana\/#author"},"creator":{"@id":"https:\/\/anoticiaonline.com.br\/site\/author\/juliana\/#author"},"datePublished":"2016-05-11T16:12:50-03:00","dateModified":"2016-05-11T16:12:50-03:00"},{"@type":"WebSite","@id":"https:\/\/anoticiaonline.com.br\/site\/#website","url":"https:\/\/anoticiaonline.com.br\/site\/","name":"A Not\u00edcia Online","description":"Noticias de Muria\u00e9 e regi\u00e3o","inLanguage":"pt-BR","publisher":{"@id":"https:\/\/anoticiaonline.com.br\/site\/#organization"}}]},"og:locale":"pt_BR","og:site_name":"A Not\u00edcia Online - Noticias de Muria\u00e9 e regi\u00e3o","og:type":"article","og:title":"Estar desperto - A Not\u00edcia Online","og:description":"O autoconhecimento amplia o horizonte do infinito &quot;(...) Desperta, tu que dormes! Levanta-te dentre os mortos e o Cristo te iluminar\u00e1\u201d. - Paulo. (Ef\u00e9sios, 5:14) Segundo Joanna de \u00c2ngelis , &quot;(...) estar desperto \u00e9 mais do que encontrar-se vivo, do ponto de vista fisiol\u00f3gico, superando os automatismos para localizar-se nas realiza\u00e7\u00f5es da intelig\u00eancia e do","og:url":"https:\/\/anoticiaonline.com.br\/site\/estar-desperto\/","og:image":"https:\/\/scontent-gig4-1.xx.fbcdn.net\/v\/t39.30808-1\/270437624_4564083193639691_6907940295614233970_n.jpg?stp=dst-jpg_s200x200_tt6&#038;_nc_cat=111&#038;ccb=1-7&#038;_nc_sid=f907e8&#038;_nc_ohc=SM1wRlP3lJwQ7kNvwEPuBYA&#038;_nc_oc=AdnqrjDN_BNjSSHWO-GbkIWH6fkGMLw4bqvL_NH6e2wMveX7G-rP2dAqsDSq1mJMOaY&#038;_nc_zt=24&#038;_nc_ht=scontent-gig4-1.xx&#038;_nc_gid=AoBFJeGrT1hVaew_6rchkQ&#038;oh=00_AfX7QmFGhQhG2jAllVgXCiM1ZrWgvtp80-Bfppyexh1QEg&#038;oe=689E923C","og:image:secure_url":"https:\/\/scontent-gig4-1.xx.fbcdn.net\/v\/t39.30808-1\/270437624_4564083193639691_6907940295614233970_n.jpg?stp=dst-jpg_s200x200_tt6&#038;_nc_cat=111&#038;ccb=1-7&#038;_nc_sid=f907e8&#038;_nc_ohc=SM1wRlP3lJwQ7kNvwEPuBYA&#038;_nc_oc=AdnqrjDN_BNjSSHWO-GbkIWH6fkGMLw4bqvL_NH6e2wMveX7G-rP2dAqsDSq1mJMOaY&#038;_nc_zt=24&#038;_nc_ht=scontent-gig4-1.xx&#038;_nc_gid=AoBFJeGrT1hVaew_6rchkQ&#038;oh=00_AfX7QmFGhQhG2jAllVgXCiM1ZrWgvtp80-Bfppyexh1QEg&#038;oe=689E923C","article:published_time":"2016-05-11T19:12:50+00:00","article:modified_time":"2016-05-11T19:12:50+00:00","twitter:card":"summary_large_image","twitter:title":"Estar desperto - A Not\u00edcia Online","twitter:description":"O autoconhecimento amplia o horizonte do infinito &quot;(...) Desperta, tu que dormes! Levanta-te dentre os mortos e o Cristo te iluminar\u00e1\u201d. - Paulo. (Ef\u00e9sios, 5:14) Segundo Joanna de \u00c2ngelis , &quot;(...) estar desperto \u00e9 mais do que encontrar-se vivo, do ponto de vista fisiol\u00f3gico, superando os automatismos para localizar-se nas realiza\u00e7\u00f5es da intelig\u00eancia e do","twitter:image":"https:\/\/scontent-gig4-1.xx.fbcdn.net\/v\/t39.30808-1\/270437624_4564083193639691_6907940295614233970_n.jpg?stp=dst-jpg_s200x200_tt6&_nc_cat=111&ccb=1-7&_nc_sid=f907e8&_nc_ohc=SM1wRlP3lJwQ7kNvwEPuBYA&_nc_oc=AdnqrjDN_BNjSSHWO-GbkIWH6fkGMLw4bqvL_NH6e2wMveX7G-rP2dAqsDSq1mJMOaY&_nc_zt=24&_nc_ht=scontent-gig4-1.xx&_nc_gid=AoBFJeGrT1hVaew_6rchkQ&oh=00_AfX7QmFGhQhG2jAllVgXCiM1ZrWgvtp80-Bfppyexh1QEg&oe=689E923C"},"aioseo_meta_data":{"post_id":"12846","title":null,"description":null,"keywords":null,"keyphrases":null,"primary_term":null,"canonical_url":null,"og_title":null,"og_description":null,"og_object_type":"default","og_image_type":"default","og_image_url":null,"og_image_width":null,"og_image_height":null,"og_image_custom_url":null,"og_image_custom_fields":null,"og_video":null,"og_custom_url":null,"og_article_section":null,"og_article_tags":null,"twitter_use_og":false,"twitter_card":"default","twitter_image_type":"default","twitter_image_url":null,"twitter_image_custom_url":null,"twitter_image_custom_fields":null,"twitter_title":null,"twitter_description":null,"schema":{"blockGraphs":[],"customGraphs":[],"default":{"data":{"Article":[],"Course":[],"Dataset":[],"FAQPage":[],"Movie":[],"Person":[],"Product":[],"ProductReview":[],"Car":[],"Recipe":[],"Service":[],"SoftwareApplication":[],"WebPage":[]},"graphName":"","isEnabled":true},"graphs":[]},"schema_type":"default","schema_type_options":null,"pillar_content":false,"robots_default":true,"robots_noindex":false,"robots_noarchive":false,"robots_nosnippet":false,"robots_nofollow":false,"robots_noimageindex":false,"robots_noodp":false,"robots_notranslate":false,"robots_max_snippet":null,"robots_max_videopreview":null,"robots_max_imagepreview":"large","priority":null,"frequency":null,"local_seo":null,"breadcrumb_settings":null,"limit_modified_date":false,"ai":null,"created":"2025-08-16 15:57:20","updated":"2025-08-16 15:57:20","focus_keyword":null,"additional_keywords":null,"truseo_locale":null,"seo_analyzer_scan_date":null},"aioseo_breadcrumb":"<div class=\"aioseo-breadcrumbs\"><span class=\"aioseo-breadcrumb\">\n\t\t\t<a href=\"https:\/\/anoticiaonline.com.br\/site\" title=\"Home\">Home<\/a>\n\t\t<\/span><span class=\"aioseo-breadcrumb-separator\">&raquo;<\/span><span class=\"aioseo-breadcrumb\">\n\t\t\t<a href=\"https:\/\/anoticiaonline.com.br\/site\/categoria\/colunistas\/\" title=\"Colunistas\">Colunistas<\/a>\n\t\t<\/span><span class=\"aioseo-breadcrumb-separator\">&raquo;<\/span><span class=\"aioseo-breadcrumb\">\n\t\t\t<a href=\"https:\/\/anoticiaonline.com.br\/site\/categoria\/colunistas\/espiritismo-em-foco-de-rogerio-coelho\/\" title=\"Espiritismo em Foco, por Rog\u00e9rio Coelho\">Espiritismo em Foco, por Rog\u00e9rio Coelho<\/a>\n\t\t<\/span><span class=\"aioseo-breadcrumb-separator\">&raquo;<\/span><span class=\"aioseo-breadcrumb\">\n\t\t\tEstar desperto\n\t\t<\/span><\/div>","aioseo_breadcrumb_json":[{"label":"Home","link":"https:\/\/anoticiaonline.com.br\/site"},{"label":"Colunistas","link":"https:\/\/anoticiaonline.com.br\/site\/categoria\/colunistas\/"},{"label":"Espiritismo em Foco, por Rog\u00e9rio Coelho","link":"https:\/\/anoticiaonline.com.br\/site\/categoria\/colunistas\/espiritismo-em-foco-de-rogerio-coelho\/"},{"label":"Estar desperto","link":"https:\/\/anoticiaonline.com.br\/site\/estar-desperto\/"}],"views":223,"_links":{"self":[{"href":"https:\/\/anoticiaonline.com.br\/site\/wp-json\/wp\/v2\/posts\/12846","targetHints":{"allow":["GET"]}}],"collection":[{"href":"https:\/\/anoticiaonline.com.br\/site\/wp-json\/wp\/v2\/posts"}],"about":[{"href":"https:\/\/anoticiaonline.com.br\/site\/wp-json\/wp\/v2\/types\/post"}],"author":[{"embeddable":true,"href":"https:\/\/anoticiaonline.com.br\/site\/wp-json\/wp\/v2\/users\/2"}],"replies":[{"embeddable":true,"href":"https:\/\/anoticiaonline.com.br\/site\/wp-json\/wp\/v2\/comments?post=12846"}],"version-history":[{"count":0,"href":"https:\/\/anoticiaonline.com.br\/site\/wp-json\/wp\/v2\/posts\/12846\/revisions"}],"wp:attachment":[{"href":"https:\/\/anoticiaonline.com.br\/site\/wp-json\/wp\/v2\/media?parent=12846"}],"wp:term":[{"taxonomy":"category","embeddable":true,"href":"https:\/\/anoticiaonline.com.br\/site\/wp-json\/wp\/v2\/categories?post=12846"},{"taxonomy":"post_tag","embeddable":true,"href":"https:\/\/anoticiaonline.com.br\/site\/wp-json\/wp\/v2\/tags?post=12846"}],"curies":[{"name":"wp","href":"https:\/\/api.w.org\/{rel}","templated":true}]}}