{"id":12843,"date":"2016-05-11T15:29:36","date_gmt":"2016-05-11T18:29:36","guid":{"rendered":"http:\/\/anoticiaonline.com.br\/site\/?p=12843"},"modified":"2016-05-11T15:29:36","modified_gmt":"2016-05-11T18:29:36","slug":"cinco-projetos-sao-aprovados-na-sessao-ordinaria-da-camara","status":"publish","type":"post","link":"https:\/\/anoticiaonline.com.br\/site\/cinco-projetos-sao-aprovados-na-sessao-ordinaria-da-camara\/","title":{"rendered":"Cinco projetos s\u00e3o aprovados na sess\u00e3o ordin\u00e1ria da C\u00e2mara"},"content":{"rendered":"<p><a href=\"https:\/\/anoticiaonline.com.br\/site\/wp-content\/uploads\/2016\/05\/Cinco-projetos-s\u00e3o-aprovados-na-sess\u00e3o-ordin\u00e1ria-da-C\u00e2mara.jpg\"><img fetchpriority=\"high\" decoding=\"async\" class=\" size-medium wp-image-12844 alignleft\" src=\"https:\/\/anoticiaonline.com.br\/site\/wp-content\/uploads\/2016\/05\/Cinco-projetos-s\u00e3o-aprovados-na-sess\u00e3o-ordin\u00e1ria-da-C\u00e2mara-300x169.jpg\" alt=\"Cinco projetos s\u00e3o aprovados na sess\u00e3o ordin\u00e1ria da C\u00e2mara\" width=\"300\" height=\"169\" srcset=\"https:\/\/anoticiaonline.com.br\/site\/wp-content\/uploads\/2016\/05\/Cinco-projetos-s\u00e3o-aprovados-na-sess\u00e3o-ordin\u00e1ria-da-C\u00e2mara-300x169.jpg 300w, https:\/\/anoticiaonline.com.br\/site\/wp-content\/uploads\/2016\/05\/Cinco-projetos-s\u00e3o-aprovados-na-sess\u00e3o-ordin\u00e1ria-da-C\u00e2mara.jpg 640w\" sizes=\"(max-width: 300px) 100vw, 300px\" \/><\/a>A segunda sess\u00e3o ordin\u00e1ria de maio da C\u00e2mara de Muria\u00e9 aconteceu nesta ter\u00e7a-feira (10), quando os vereadores receberam estudantes do curso de Direito da Faminas, que foram conhecer o processo legislativo e a constru\u00e7\u00e3o e aprova\u00e7\u00e3o de um projeto de lei no munic\u00edpio, como parte do estudo acad\u00eamico.<\/p>\n<p>A presidente Helena Carvalho disse estar \u201chonrada\u201d em abrir as portas para os alunos do curso de Direito, por ser advogada e tamb\u00e9m educadora.<\/p>\n<p>Durante a reuni\u00e3o, foram apreciados e aprovados cinco projetos. Um deles, de autoria do vereador Jair Abreu, determina ao poder p\u00fablico municipal divulgar informa\u00e7\u00f5es a respeito do preju\u00edzo do desperd\u00edcio de \u00e1gua pot\u00e1vel ao consumidor, fiscalizar e aplicar multas em caso de gastos e uso desnecess\u00e1rio no munic\u00edpio.<\/p>\n<p>De autoria do vereador Ademar Camerino, foi apreciado e aprovado um projeto de lei que autoriza a administra\u00e7\u00e3o p\u00fablica municipal, autarquias e funda\u00e7\u00f5es a implanta\u00e7\u00e3o do programa Jovem Aprendiz, oportunizando aos aprendizes inscritos a forma\u00e7\u00e3o t\u00e9cnico-profissional de ingresso ao trabalho, estimulando a inser\u00e7\u00e3o e manuten\u00e7\u00e3o dos aprendizes no sistema educacional, contribui\u00e7\u00e3o no or\u00e7amento familiar e garantir meios que efetivem o exerc\u00edcio da cidadania.<\/p>\n<p>Foi apreciado e aprovado um PL, de autoria do vereador Manoel Carvalho, que autoriza o poder p\u00fablico municipal a substituir as torneiras comuns por torneiras econ\u00f4micas em escolas e pr\u00e9dios p\u00fablicos municipais, a fim de preservar o meio ambiente e evitar o desperd\u00edcio de \u00e1gua pot\u00e1vel na cidade.<\/p>\n<p>Do Poder Executivo, foram aprovados dois projetos de lei que autorizam a abertura de cr\u00e9dito adicional especial no valor de R$ 25.760,00 no Fundo Municipal de Sa\u00fade, para tratamento e assist\u00eancia m\u00e9dica de pessoas carentes. Tamb\u00e9m foi aprovado um projeto que pede abertura de cr\u00e9dito adicional suplementar de R$ 20 mil para o Fundo Municipal de Esportes, para apoio a jogos estudantis e eventos diversos. O recurso servir\u00e1 para loca\u00e7\u00e3o de m\u00e3o de obra para estas atividades.<\/p>\n<p><strong>TRIBUNA LIVRE &#8211;<\/strong> Na Tribuna Libre da C\u00e2mara, Leversom Cruz, que administra o grupo do Facebook \u201cVigiando Muria\u00e9\u201d, solicitou o espa\u00e7o para entregar um documento aos vereadores pedindo explica\u00e7\u00f5es junto ao Poder Executivo municipal sobre o Demsur, que, segundo o documento, tem trabalhadores em excesso. Tamb\u00e9m cobra respostas \u00e0s den\u00fancias de abuso por parte do Poder Executivo j\u00e1 protocoladas anteriormente, pede respostas sobre a aplica\u00e7\u00e3o dos recursos na \u00e1rea de sa\u00fade, o motivo do aumento do transporte p\u00fablico, sobre a tramita\u00e7\u00e3o de propostas para servi\u00e7os auxiliares no transporte urbano, como vans e moto-t\u00e1xi, recursos da Secretaria Municipal de Turismo nos quatro anos e como foram gastos, o\u00a0 valor gasto com a passagem da Tocha Ol\u00edmpica no munic\u00edpio, al\u00e9m dos gastos com verba de gabinete nos poderes Legislativo e Executivo nos \u00faltimos quatro anos. O documento foi assinado por 81 pessoas.<\/p>\n<p>Tamb\u00e9m usou a tribunal o bacharel em Servi\u00e7o Social, Romylson Freitas Oliveira, que pediu apoio da presidente Helena Carvalho, para que se cobre da Secretaria Municipal de Sa\u00fade sobre medicamentos necess\u00e1rios para sua sa\u00fade e que, segundo ele, n\u00e3o est\u00e3o sendo entregues pela Prefeitura.<\/p>\n","protected":false},"excerpt":{"rendered":"<p>A segunda sess\u00e3o ordin\u00e1ria de maio da C\u00e2mara de Muria\u00e9 aconteceu nesta ter\u00e7a-feira (10), quando os vereadores receberam estudantes do curso de Direito da Faminas, que foram conhecer o processo legislativo e a constru\u00e7\u00e3o e aprova\u00e7\u00e3o de um projeto de lei no munic\u00edpio, como parte do estudo acad\u00eamico. A presidente Helena Carvalho disse estar \u201chonrada\u201d &#8230; <a title=\"Cinco projetos s\u00e3o aprovados na sess\u00e3o ordin\u00e1ria da C\u00e2mara\" class=\"read-more\" href=\"https:\/\/anoticiaonline.com.br\/site\/cinco-projetos-sao-aprovados-na-sessao-ordinaria-da-camara\/\" aria-label=\"Read more about Cinco projetos s\u00e3o aprovados na sess\u00e3o ordin\u00e1ria da C\u00e2mara\">Ler mais<\/a><\/p>\n","protected":false},"author":2,"featured_media":12844,"comment_status":"open","ping_status":"open","sticky":false,"template":"","format":"standard","meta":{"_acf_changed":false,"_monsterinsights_skip_tracking":false,"footnotes":""},"categories":[30],"tags":[3],"class_list":["post-12843","post","type-post","status-publish","format-standard","has-post-thumbnail","hentry","category-muriae","tag-slide"],"acf":[],"aioseo_notices":[],"aioseo_head":"\n\t\t<!-- All in One SEO 5.0.0.1 - aioseo.com -->\n\t<meta name=\"description\" content=\"A segunda sess\u00e3o ordin\u00e1ria de maio da C\u00e2mara de Muria\u00e9 aconteceu nesta ter\u00e7a-feira (10), quando os vereadores receberam estudantes do curso de Direito da Faminas, que foram conhecer o processo legislativo e a constru\u00e7\u00e3o e aprova\u00e7\u00e3o de um projeto de lei no munic\u00edpio, como parte do estudo acad\u00eamico. A presidente Helena Carvalho disse estar \u201chonrada\u201d\" \/>\n\t<meta name=\"robots\" content=\"max-image-preview:large\" \/>\n\t<meta name=\"author\" content=\"Juliana Laviola\"\/>\n\t<link rel=\"canonical\" href=\"https:\/\/anoticiaonline.com.br\/site\/cinco-projetos-sao-aprovados-na-sessao-ordinaria-da-camara\/\" \/>\n\t<meta name=\"generator\" content=\"All in One SEO (AIOSEO) 5.0.0.1\" \/>\n\t\t<meta property=\"og:locale\" content=\"pt_BR\" \/>\n\t\t<meta property=\"og:site_name\" content=\"A Not\u00edcia Online - Noticias de Muria\u00e9 e regi\u00e3o\" \/>\n\t\t<meta property=\"og:type\" content=\"article\" \/>\n\t\t<meta property=\"og:title\" content=\"Cinco projetos s\u00e3o aprovados na sess\u00e3o ordin\u00e1ria da C\u00e2mara - A Not\u00edcia Online\" \/>\n\t\t<meta property=\"og:description\" content=\"A segunda sess\u00e3o ordin\u00e1ria de maio da C\u00e2mara de Muria\u00e9 aconteceu nesta ter\u00e7a-feira (10), quando os vereadores receberam estudantes do curso de Direito da Faminas, que foram conhecer o processo legislativo e a constru\u00e7\u00e3o e aprova\u00e7\u00e3o de um projeto de lei no munic\u00edpio, como parte do estudo acad\u00eamico. A presidente Helena Carvalho disse estar \u201chonrada\u201d\" \/>\n\t\t<meta property=\"og:url\" content=\"https:\/\/anoticiaonline.com.br\/site\/cinco-projetos-sao-aprovados-na-sessao-ordinaria-da-camara\/\" \/>\n\t\t<meta property=\"og:image\" content=\"https:\/\/scontent-gig4-1.xx.fbcdn.net\/v\/t39.30808-1\/270437624_4564083193639691_6907940295614233970_n.jpg?stp=dst-jpg_s200x200_tt6&#038;_nc_cat=111&#038;ccb=1-7&#038;_nc_sid=f907e8&#038;_nc_ohc=SM1wRlP3lJwQ7kNvwEPuBYA&#038;_nc_oc=AdnqrjDN_BNjSSHWO-GbkIWH6fkGMLw4bqvL_NH6e2wMveX7G-rP2dAqsDSq1mJMOaY&#038;_nc_zt=24&#038;_nc_ht=scontent-gig4-1.xx&#038;_nc_gid=AoBFJeGrT1hVaew_6rchkQ&#038;oh=00_AfX7QmFGhQhG2jAllVgXCiM1ZrWgvtp80-Bfppyexh1QEg&#038;oe=689E923C\" \/>\n\t\t<meta property=\"og:image:secure_url\" content=\"https:\/\/scontent-gig4-1.xx.fbcdn.net\/v\/t39.30808-1\/270437624_4564083193639691_6907940295614233970_n.jpg?stp=dst-jpg_s200x200_tt6&#038;_nc_cat=111&#038;ccb=1-7&#038;_nc_sid=f907e8&#038;_nc_ohc=SM1wRlP3lJwQ7kNvwEPuBYA&#038;_nc_oc=AdnqrjDN_BNjSSHWO-GbkIWH6fkGMLw4bqvL_NH6e2wMveX7G-rP2dAqsDSq1mJMOaY&#038;_nc_zt=24&#038;_nc_ht=scontent-gig4-1.xx&#038;_nc_gid=AoBFJeGrT1hVaew_6rchkQ&#038;oh=00_AfX7QmFGhQhG2jAllVgXCiM1ZrWgvtp80-Bfppyexh1QEg&#038;oe=689E923C\" \/>\n\t\t<meta property=\"article:published_time\" content=\"2016-05-11T18:29:36+00:00\" \/>\n\t\t<meta property=\"article:modified_time\" content=\"2016-05-11T18:29:36+00:00\" \/>\n\t\t<meta name=\"twitter:card\" content=\"summary_large_image\" \/>\n\t\t<meta name=\"twitter:title\" content=\"Cinco projetos s\u00e3o aprovados na sess\u00e3o ordin\u00e1ria da C\u00e2mara - A Not\u00edcia Online\" \/>\n\t\t<meta name=\"twitter:description\" content=\"A segunda sess\u00e3o ordin\u00e1ria de maio da C\u00e2mara de Muria\u00e9 aconteceu nesta ter\u00e7a-feira (10), quando os vereadores receberam estudantes do curso de Direito da Faminas, que foram conhecer o processo legislativo e a constru\u00e7\u00e3o e aprova\u00e7\u00e3o de um projeto de lei no munic\u00edpio, como parte do estudo acad\u00eamico. A presidente Helena Carvalho disse estar \u201chonrada\u201d\" \/>\n\t\t<meta name=\"twitter:image\" content=\"https:\/\/scontent-gig4-1.xx.fbcdn.net\/v\/t39.30808-1\/270437624_4564083193639691_6907940295614233970_n.jpg?stp=dst-jpg_s200x200_tt6&amp;_nc_cat=111&amp;ccb=1-7&amp;_nc_sid=f907e8&amp;_nc_ohc=SM1wRlP3lJwQ7kNvwEPuBYA&amp;_nc_oc=AdnqrjDN_BNjSSHWO-GbkIWH6fkGMLw4bqvL_NH6e2wMveX7G-rP2dAqsDSq1mJMOaY&amp;_nc_zt=24&amp;_nc_ht=scontent-gig4-1.xx&amp;_nc_gid=AoBFJeGrT1hVaew_6rchkQ&amp;oh=00_AfX7QmFGhQhG2jAllVgXCiM1ZrWgvtp80-Bfppyexh1QEg&amp;oe=689E923C\" \/>\n\t\t<script type=\"application\/ld+json\" class=\"aioseo-schema\">\n\t\t\t{\"@context\":\"https:\\\/\\\/schema.org\",\"@graph\":[{\"@type\":\"BlogPosting\",\"@id\":\"https:\\\/\\\/anoticiaonline.com.br\\\/site\\\/cinco-projetos-sao-aprovados-na-sessao-ordinaria-da-camara\\\/#blogposting\",\"name\":\"Cinco projetos s\\u00e3o aprovados na sess\\u00e3o ordin\\u00e1ria da C\\u00e2mara - A Not\\u00edcia Online\",\"headline\":\"Cinco projetos s\\u00e3o aprovados na sess\\u00e3o ordin\\u00e1ria da C\\u00e2mara\",\"author\":{\"@id\":\"https:\\\/\\\/anoticiaonline.com.br\\\/site\\\/author\\\/juliana\\\/#author\"},\"publisher\":{\"@id\":\"https:\\\/\\\/anoticiaonline.com.br\\\/site\\\/#organization\"},\"image\":{\"@type\":\"ImageObject\",\"url\":\"https:\\\/\\\/anoticiaonline.com.br\\\/site\\\/wp-content\\\/uploads\\\/2016\\\/05\\\/Cinco-projetos-s\\u00e3o-aprovados-na-sess\\u00e3o-ordin\\u00e1ria-da-C\\u00e2mara.jpg\",\"width\":640,\"height\":360},\"datePublished\":\"2016-05-11T15:29:36-03:00\",\"dateModified\":\"2016-05-11T15:29:36-03:00\",\"inLanguage\":\"pt-BR\",\"mainEntityOfPage\":{\"@id\":\"https:\\\/\\\/anoticiaonline.com.br\\\/site\\\/cinco-projetos-sao-aprovados-na-sessao-ordinaria-da-camara\\\/#webpage\"},\"isPartOf\":{\"@id\":\"https:\\\/\\\/anoticiaonline.com.br\\\/site\\\/cinco-projetos-sao-aprovados-na-sessao-ordinaria-da-camara\\\/#webpage\"},\"articleSection\":\"Blog, slide\"},{\"@type\":\"BreadcrumbList\",\"@id\":\"https:\\\/\\\/anoticiaonline.com.br\\\/site\\\/cinco-projetos-sao-aprovados-na-sessao-ordinaria-da-camara\\\/#breadcrumblist\",\"itemListElement\":[{\"@type\":\"ListItem\",\"@id\":\"https:\\\/\\\/anoticiaonline.com.br\\\/site#listItem\",\"position\":1,\"name\":\"Home\",\"item\":\"https:\\\/\\\/anoticiaonline.com.br\\\/site\",\"nextItem\":{\"@type\":\"ListItem\",\"@id\":\"https:\\\/\\\/anoticiaonline.com.br\\\/site\\\/categoria\\\/muriae\\\/#listItem\",\"name\":\"Blog\"}},{\"@type\":\"ListItem\",\"@id\":\"https:\\\/\\\/anoticiaonline.com.br\\\/site\\\/categoria\\\/muriae\\\/#listItem\",\"position\":2,\"name\":\"Blog\",\"item\":\"https:\\\/\\\/anoticiaonline.com.br\\\/site\\\/categoria\\\/muriae\\\/\",\"nextItem\":{\"@type\":\"ListItem\",\"@id\":\"https:\\\/\\\/anoticiaonline.com.br\\\/site\\\/cinco-projetos-sao-aprovados-na-sessao-ordinaria-da-camara\\\/#listItem\",\"name\":\"Cinco projetos s\\u00e3o aprovados na sess\\u00e3o ordin\\u00e1ria da C\\u00e2mara\"},\"previousItem\":{\"@type\":\"ListItem\",\"@id\":\"https:\\\/\\\/anoticiaonline.com.br\\\/site#listItem\",\"name\":\"Home\"}},{\"@type\":\"ListItem\",\"@id\":\"https:\\\/\\\/anoticiaonline.com.br\\\/site\\\/cinco-projetos-sao-aprovados-na-sessao-ordinaria-da-camara\\\/#listItem\",\"position\":3,\"name\":\"Cinco projetos s\\u00e3o aprovados na sess\\u00e3o ordin\\u00e1ria da C\\u00e2mara\",\"previousItem\":{\"@type\":\"ListItem\",\"@id\":\"https:\\\/\\\/anoticiaonline.com.br\\\/site\\\/categoria\\\/muriae\\\/#listItem\",\"name\":\"Blog\"}}]},{\"@type\":\"Organization\",\"@id\":\"https:\\\/\\\/anoticiaonline.com.br\\\/site\\\/#organization\",\"name\":\"A Not\\u00edcia Online\",\"description\":\"Noticias de Muria\\u00e9 e regi\\u00e3o\",\"url\":\"https:\\\/\\\/anoticiaonline.com.br\\\/site\\\/\",\"logo\":{\"@type\":\"ImageObject\",\"url\":\"https:\\\/\\\/scontent-gig4-1.xx.fbcdn.net\\\/v\\\/t39.30808-1\\\/270437624_4564083193639691_6907940295614233970_n.jpg?stp=dst-jpg_s200x200_tt6&_nc_cat=111&ccb=1-7&_nc_sid=f907e8&_nc_ohc=SM1wRlP3lJwQ7kNvwEPuBYA&_nc_oc=AdnqrjDN_BNjSSHWO-GbkIWH6fkGMLw4bqvL_NH6e2wMveX7G-rP2dAqsDSq1mJMOaY&_nc_zt=24&_nc_ht=scontent-gig4-1.xx&_nc_gid=AoBFJeGrT1hVaew_6rchkQ&oh=00_AfX7QmFGhQhG2jAllVgXCiM1ZrWgvtp80-Bfppyexh1QEg&oe=689E923C\",\"@id\":\"https:\\\/\\\/anoticiaonline.com.br\\\/site\\\/cinco-projetos-sao-aprovados-na-sessao-ordinaria-da-camara\\\/#organizationLogo\"},\"image\":{\"@id\":\"https:\\\/\\\/anoticiaonline.com.br\\\/site\\\/cinco-projetos-sao-aprovados-na-sessao-ordinaria-da-camara\\\/#organizationLogo\"}},{\"@type\":\"Person\",\"@id\":\"https:\\\/\\\/anoticiaonline.com.br\\\/site\\\/author\\\/juliana\\\/#author\",\"url\":\"https:\\\/\\\/anoticiaonline.com.br\\\/site\\\/author\\\/juliana\\\/\",\"name\":\"Juliana Laviola\",\"image\":{\"@type\":\"ImageObject\",\"@id\":\"https:\\\/\\\/anoticiaonline.com.br\\\/site\\\/cinco-projetos-sao-aprovados-na-sessao-ordinaria-da-camara\\\/#authorImage\",\"url\":\"https:\\\/\\\/secure.gravatar.com\\\/avatar\\\/b8d45f5c699b100dfaf0e543582f38f38bf94cb7ae3a5e9abf8d891a34773335?s=96&d=mm&r=g\",\"width\":96,\"height\":96,\"caption\":\"Juliana Laviola\"}},{\"@type\":\"WebPage\",\"@id\":\"https:\\\/\\\/anoticiaonline.com.br\\\/site\\\/cinco-projetos-sao-aprovados-na-sessao-ordinaria-da-camara\\\/#webpage\",\"url\":\"https:\\\/\\\/anoticiaonline.com.br\\\/site\\\/cinco-projetos-sao-aprovados-na-sessao-ordinaria-da-camara\\\/\",\"name\":\"Cinco projetos s\\u00e3o aprovados na sess\\u00e3o ordin\\u00e1ria da C\\u00e2mara - A Not\\u00edcia Online\",\"description\":\"A segunda sess\\u00e3o ordin\\u00e1ria de maio da C\\u00e2mara de Muria\\u00e9 aconteceu nesta ter\\u00e7a-feira (10), quando os vereadores receberam estudantes do curso de Direito da Faminas, que foram conhecer o processo legislativo e a constru\\u00e7\\u00e3o e aprova\\u00e7\\u00e3o de um projeto de lei no munic\\u00edpio, como parte do estudo acad\\u00eamico. A presidente Helena Carvalho disse estar \\u201chonrada\\u201d\",\"inLanguage\":\"pt-BR\",\"isPartOf\":{\"@id\":\"https:\\\/\\\/anoticiaonline.com.br\\\/site\\\/#website\"},\"breadcrumb\":{\"@id\":\"https:\\\/\\\/anoticiaonline.com.br\\\/site\\\/cinco-projetos-sao-aprovados-na-sessao-ordinaria-da-camara\\\/#breadcrumblist\"},\"author\":{\"@id\":\"https:\\\/\\\/anoticiaonline.com.br\\\/site\\\/author\\\/juliana\\\/#author\"},\"creator\":{\"@id\":\"https:\\\/\\\/anoticiaonline.com.br\\\/site\\\/author\\\/juliana\\\/#author\"},\"image\":{\"@type\":\"ImageObject\",\"url\":\"https:\\\/\\\/anoticiaonline.com.br\\\/site\\\/wp-content\\\/uploads\\\/2016\\\/05\\\/Cinco-projetos-s\\u00e3o-aprovados-na-sess\\u00e3o-ordin\\u00e1ria-da-C\\u00e2mara.jpg\",\"@id\":\"https:\\\/\\\/anoticiaonline.com.br\\\/site\\\/cinco-projetos-sao-aprovados-na-sessao-ordinaria-da-camara\\\/#mainImage\",\"width\":640,\"height\":360},\"primaryImageOfPage\":{\"@id\":\"https:\\\/\\\/anoticiaonline.com.br\\\/site\\\/cinco-projetos-sao-aprovados-na-sessao-ordinaria-da-camara\\\/#mainImage\"},\"datePublished\":\"2016-05-11T15:29:36-03:00\",\"dateModified\":\"2016-05-11T15:29:36-03:00\"},{\"@type\":\"WebSite\",\"@id\":\"https:\\\/\\\/anoticiaonline.com.br\\\/site\\\/#website\",\"url\":\"https:\\\/\\\/anoticiaonline.com.br\\\/site\\\/\",\"name\":\"A Not\\u00edcia Online\",\"description\":\"Noticias de Muria\\u00e9 e regi\\u00e3o\",\"inLanguage\":\"pt-BR\",\"publisher\":{\"@id\":\"https:\\\/\\\/anoticiaonline.com.br\\\/site\\\/#organization\"}}]}\n\t\t<\/script>\n\t\t<!-- All in One SEO -->\n\n","aioseo_head_json":{"title":"Cinco projetos s\u00e3o aprovados na sess\u00e3o ordin\u00e1ria da C\u00e2mara - A Not\u00edcia Online","description":"A segunda sess\u00e3o ordin\u00e1ria de maio da C\u00e2mara de Muria\u00e9 aconteceu nesta ter\u00e7a-feira (10), quando os vereadores receberam estudantes do curso de Direito da Faminas, que foram conhecer o processo legislativo e a constru\u00e7\u00e3o e aprova\u00e7\u00e3o de um projeto de lei no munic\u00edpio, como parte do estudo acad\u00eamico. A presidente Helena Carvalho disse estar \u201chonrada\u201d","canonical_url":"https:\/\/anoticiaonline.com.br\/site\/cinco-projetos-sao-aprovados-na-sessao-ordinaria-da-camara\/","robots":"max-image-preview:large","keywords":"","webmasterTools":{"miscellaneous":""},"schema":{"@context":"https:\/\/schema.org","@graph":[{"@type":"BlogPosting","@id":"https:\/\/anoticiaonline.com.br\/site\/cinco-projetos-sao-aprovados-na-sessao-ordinaria-da-camara\/#blogposting","name":"Cinco projetos s\u00e3o aprovados na sess\u00e3o ordin\u00e1ria da C\u00e2mara - A Not\u00edcia Online","headline":"Cinco projetos s\u00e3o aprovados na sess\u00e3o ordin\u00e1ria da C\u00e2mara","author":{"@id":"https:\/\/anoticiaonline.com.br\/site\/author\/juliana\/#author"},"publisher":{"@id":"https:\/\/anoticiaonline.com.br\/site\/#organization"},"image":{"@type":"ImageObject","url":"https:\/\/anoticiaonline.com.br\/site\/wp-content\/uploads\/2016\/05\/Cinco-projetos-s\u00e3o-aprovados-na-sess\u00e3o-ordin\u00e1ria-da-C\u00e2mara.jpg","width":640,"height":360},"datePublished":"2016-05-11T15:29:36-03:00","dateModified":"2016-05-11T15:29:36-03:00","inLanguage":"pt-BR","mainEntityOfPage":{"@id":"https:\/\/anoticiaonline.com.br\/site\/cinco-projetos-sao-aprovados-na-sessao-ordinaria-da-camara\/#webpage"},"isPartOf":{"@id":"https:\/\/anoticiaonline.com.br\/site\/cinco-projetos-sao-aprovados-na-sessao-ordinaria-da-camara\/#webpage"},"articleSection":"Blog, slide"},{"@type":"BreadcrumbList","@id":"https:\/\/anoticiaonline.com.br\/site\/cinco-projetos-sao-aprovados-na-sessao-ordinaria-da-camara\/#breadcrumblist","itemListElement":[{"@type":"ListItem","@id":"https:\/\/anoticiaonline.com.br\/site#listItem","position":1,"name":"Home","item":"https:\/\/anoticiaonline.com.br\/site","nextItem":{"@type":"ListItem","@id":"https:\/\/anoticiaonline.com.br\/site\/categoria\/muriae\/#listItem","name":"Blog"}},{"@type":"ListItem","@id":"https:\/\/anoticiaonline.com.br\/site\/categoria\/muriae\/#listItem","position":2,"name":"Blog","item":"https:\/\/anoticiaonline.com.br\/site\/categoria\/muriae\/","nextItem":{"@type":"ListItem","@id":"https:\/\/anoticiaonline.com.br\/site\/cinco-projetos-sao-aprovados-na-sessao-ordinaria-da-camara\/#listItem","name":"Cinco projetos s\u00e3o aprovados na sess\u00e3o ordin\u00e1ria da C\u00e2mara"},"previousItem":{"@type":"ListItem","@id":"https:\/\/anoticiaonline.com.br\/site#listItem","name":"Home"}},{"@type":"ListItem","@id":"https:\/\/anoticiaonline.com.br\/site\/cinco-projetos-sao-aprovados-na-sessao-ordinaria-da-camara\/#listItem","position":3,"name":"Cinco projetos s\u00e3o aprovados na sess\u00e3o ordin\u00e1ria da C\u00e2mara","previousItem":{"@type":"ListItem","@id":"https:\/\/anoticiaonline.com.br\/site\/categoria\/muriae\/#listItem","name":"Blog"}}]},{"@type":"Organization","@id":"https:\/\/anoticiaonline.com.br\/site\/#organization","name":"A Not\u00edcia Online","description":"Noticias de Muria\u00e9 e regi\u00e3o","url":"https:\/\/anoticiaonline.com.br\/site\/","logo":{"@type":"ImageObject","url":"https:\/\/scontent-gig4-1.xx.fbcdn.net\/v\/t39.30808-1\/270437624_4564083193639691_6907940295614233970_n.jpg?stp=dst-jpg_s200x200_tt6&_nc_cat=111&ccb=1-7&_nc_sid=f907e8&_nc_ohc=SM1wRlP3lJwQ7kNvwEPuBYA&_nc_oc=AdnqrjDN_BNjSSHWO-GbkIWH6fkGMLw4bqvL_NH6e2wMveX7G-rP2dAqsDSq1mJMOaY&_nc_zt=24&_nc_ht=scontent-gig4-1.xx&_nc_gid=AoBFJeGrT1hVaew_6rchkQ&oh=00_AfX7QmFGhQhG2jAllVgXCiM1ZrWgvtp80-Bfppyexh1QEg&oe=689E923C","@id":"https:\/\/anoticiaonline.com.br\/site\/cinco-projetos-sao-aprovados-na-sessao-ordinaria-da-camara\/#organizationLogo"},"image":{"@id":"https:\/\/anoticiaonline.com.br\/site\/cinco-projetos-sao-aprovados-na-sessao-ordinaria-da-camara\/#organizationLogo"}},{"@type":"Person","@id":"https:\/\/anoticiaonline.com.br\/site\/author\/juliana\/#author","url":"https:\/\/anoticiaonline.com.br\/site\/author\/juliana\/","name":"Juliana Laviola","image":{"@type":"ImageObject","@id":"https:\/\/anoticiaonline.com.br\/site\/cinco-projetos-sao-aprovados-na-sessao-ordinaria-da-camara\/#authorImage","url":"https:\/\/secure.gravatar.com\/avatar\/b8d45f5c699b100dfaf0e543582f38f38bf94cb7ae3a5e9abf8d891a34773335?s=96&d=mm&r=g","width":96,"height":96,"caption":"Juliana Laviola"}},{"@type":"WebPage","@id":"https:\/\/anoticiaonline.com.br\/site\/cinco-projetos-sao-aprovados-na-sessao-ordinaria-da-camara\/#webpage","url":"https:\/\/anoticiaonline.com.br\/site\/cinco-projetos-sao-aprovados-na-sessao-ordinaria-da-camara\/","name":"Cinco projetos s\u00e3o aprovados na sess\u00e3o ordin\u00e1ria da C\u00e2mara - A Not\u00edcia Online","description":"A segunda sess\u00e3o ordin\u00e1ria de maio da C\u00e2mara de Muria\u00e9 aconteceu nesta ter\u00e7a-feira (10), quando os vereadores receberam estudantes do curso de Direito da Faminas, que foram conhecer o processo legislativo e a constru\u00e7\u00e3o e aprova\u00e7\u00e3o de um projeto de lei no munic\u00edpio, como parte do estudo acad\u00eamico. A presidente Helena Carvalho disse estar \u201chonrada\u201d","inLanguage":"pt-BR","isPartOf":{"@id":"https:\/\/anoticiaonline.com.br\/site\/#website"},"breadcrumb":{"@id":"https:\/\/anoticiaonline.com.br\/site\/cinco-projetos-sao-aprovados-na-sessao-ordinaria-da-camara\/#breadcrumblist"},"author":{"@id":"https:\/\/anoticiaonline.com.br\/site\/author\/juliana\/#author"},"creator":{"@id":"https:\/\/anoticiaonline.com.br\/site\/author\/juliana\/#author"},"image":{"@type":"ImageObject","url":"https:\/\/anoticiaonline.com.br\/site\/wp-content\/uploads\/2016\/05\/Cinco-projetos-s\u00e3o-aprovados-na-sess\u00e3o-ordin\u00e1ria-da-C\u00e2mara.jpg","@id":"https:\/\/anoticiaonline.com.br\/site\/cinco-projetos-sao-aprovados-na-sessao-ordinaria-da-camara\/#mainImage","width":640,"height":360},"primaryImageOfPage":{"@id":"https:\/\/anoticiaonline.com.br\/site\/cinco-projetos-sao-aprovados-na-sessao-ordinaria-da-camara\/#mainImage"},"datePublished":"2016-05-11T15:29:36-03:00","dateModified":"2016-05-11T15:29:36-03:00"},{"@type":"WebSite","@id":"https:\/\/anoticiaonline.com.br\/site\/#website","url":"https:\/\/anoticiaonline.com.br\/site\/","name":"A Not\u00edcia Online","description":"Noticias de Muria\u00e9 e regi\u00e3o","inLanguage":"pt-BR","publisher":{"@id":"https:\/\/anoticiaonline.com.br\/site\/#organization"}}]},"og:locale":"pt_BR","og:site_name":"A Not\u00edcia Online - Noticias de Muria\u00e9 e regi\u00e3o","og:type":"article","og:title":"Cinco projetos s\u00e3o aprovados na sess\u00e3o ordin\u00e1ria da C\u00e2mara - A Not\u00edcia Online","og:description":"A segunda sess\u00e3o ordin\u00e1ria de maio da C\u00e2mara de Muria\u00e9 aconteceu nesta ter\u00e7a-feira (10), quando os vereadores receberam estudantes do curso de Direito da Faminas, que foram conhecer o processo legislativo e a constru\u00e7\u00e3o e aprova\u00e7\u00e3o de um projeto de lei no munic\u00edpio, como parte do estudo acad\u00eamico. A presidente Helena Carvalho disse estar \u201chonrada\u201d","og:url":"https:\/\/anoticiaonline.com.br\/site\/cinco-projetos-sao-aprovados-na-sessao-ordinaria-da-camara\/","og:image":"https:\/\/scontent-gig4-1.xx.fbcdn.net\/v\/t39.30808-1\/270437624_4564083193639691_6907940295614233970_n.jpg?stp=dst-jpg_s200x200_tt6&#038;_nc_cat=111&#038;ccb=1-7&#038;_nc_sid=f907e8&#038;_nc_ohc=SM1wRlP3lJwQ7kNvwEPuBYA&#038;_nc_oc=AdnqrjDN_BNjSSHWO-GbkIWH6fkGMLw4bqvL_NH6e2wMveX7G-rP2dAqsDSq1mJMOaY&#038;_nc_zt=24&#038;_nc_ht=scontent-gig4-1.xx&#038;_nc_gid=AoBFJeGrT1hVaew_6rchkQ&#038;oh=00_AfX7QmFGhQhG2jAllVgXCiM1ZrWgvtp80-Bfppyexh1QEg&#038;oe=689E923C","og:image:secure_url":"https:\/\/scontent-gig4-1.xx.fbcdn.net\/v\/t39.30808-1\/270437624_4564083193639691_6907940295614233970_n.jpg?stp=dst-jpg_s200x200_tt6&#038;_nc_cat=111&#038;ccb=1-7&#038;_nc_sid=f907e8&#038;_nc_ohc=SM1wRlP3lJwQ7kNvwEPuBYA&#038;_nc_oc=AdnqrjDN_BNjSSHWO-GbkIWH6fkGMLw4bqvL_NH6e2wMveX7G-rP2dAqsDSq1mJMOaY&#038;_nc_zt=24&#038;_nc_ht=scontent-gig4-1.xx&#038;_nc_gid=AoBFJeGrT1hVaew_6rchkQ&#038;oh=00_AfX7QmFGhQhG2jAllVgXCiM1ZrWgvtp80-Bfppyexh1QEg&#038;oe=689E923C","article:published_time":"2016-05-11T18:29:36+00:00","article:modified_time":"2016-05-11T18:29:36+00:00","twitter:card":"summary_large_image","twitter:title":"Cinco projetos s\u00e3o aprovados na sess\u00e3o ordin\u00e1ria da C\u00e2mara - A Not\u00edcia Online","twitter:description":"A segunda sess\u00e3o ordin\u00e1ria de maio da C\u00e2mara de Muria\u00e9 aconteceu nesta ter\u00e7a-feira (10), quando os vereadores receberam estudantes do curso de Direito da Faminas, que foram conhecer o processo legislativo e a constru\u00e7\u00e3o e aprova\u00e7\u00e3o de um projeto de lei no munic\u00edpio, como parte do estudo acad\u00eamico. A presidente Helena Carvalho disse estar \u201chonrada\u201d","twitter:image":"https:\/\/scontent-gig4-1.xx.fbcdn.net\/v\/t39.30808-1\/270437624_4564083193639691_6907940295614233970_n.jpg?stp=dst-jpg_s200x200_tt6&_nc_cat=111&ccb=1-7&_nc_sid=f907e8&_nc_ohc=SM1wRlP3lJwQ7kNvwEPuBYA&_nc_oc=AdnqrjDN_BNjSSHWO-GbkIWH6fkGMLw4bqvL_NH6e2wMveX7G-rP2dAqsDSq1mJMOaY&_nc_zt=24&_nc_ht=scontent-gig4-1.xx&_nc_gid=AoBFJeGrT1hVaew_6rchkQ&oh=00_AfX7QmFGhQhG2jAllVgXCiM1ZrWgvtp80-Bfppyexh1QEg&oe=689E923C"},"aioseo_meta_data":{"post_id":"12843","title":null,"description":null,"keywords":null,"keyphrases":null,"primary_term":null,"canonical_url":null,"og_title":null,"og_description":null,"og_object_type":"default","og_image_type":"default","og_image_url":null,"og_image_width":null,"og_image_height":null,"og_image_custom_url":null,"og_image_custom_fields":null,"og_video":null,"og_custom_url":null,"og_article_section":null,"og_article_tags":null,"twitter_use_og":false,"twitter_card":"default","twitter_image_type":"default","twitter_image_url":null,"twitter_image_custom_url":null,"twitter_image_custom_fields":null,"twitter_title":null,"twitter_description":null,"schema":{"blockGraphs":[],"customGraphs":[],"default":{"data":{"Article":[],"Course":[],"Dataset":[],"FAQPage":[],"Movie":[],"Person":[],"Product":[],"ProductReview":[],"Car":[],"Recipe":[],"Service":[],"SoftwareApplication":[],"WebPage":[]},"graphName":"","isEnabled":true},"graphs":[]},"schema_type":"default","schema_type_options":null,"pillar_content":false,"robots_default":true,"robots_noindex":false,"robots_noarchive":false,"robots_nosnippet":false,"robots_nofollow":false,"robots_noimageindex":false,"robots_noodp":false,"robots_notranslate":false,"robots_max_snippet":null,"robots_max_videopreview":null,"robots_max_imagepreview":"large","priority":null,"frequency":null,"local_seo":null,"breadcrumb_settings":null,"limit_modified_date":false,"ai":null,"created":"2025-08-16 15:56:25","updated":"2025-08-16 15:56:25","focus_keyword":null,"additional_keywords":null,"truseo_locale":null,"seo_analyzer_scan_date":null},"aioseo_breadcrumb":"<div class=\"aioseo-breadcrumbs\"><span class=\"aioseo-breadcrumb\">\n\t\t\t<a href=\"https:\/\/anoticiaonline.com.br\/site\" title=\"Home\">Home<\/a>\n\t\t<\/span><span class=\"aioseo-breadcrumb-separator\">&raquo;<\/span><span class=\"aioseo-breadcrumb\">\n\t\t\t<a href=\"https:\/\/anoticiaonline.com.br\/site\/categoria\/muriae\/\" title=\"Blog\">Blog<\/a>\n\t\t<\/span><span class=\"aioseo-breadcrumb-separator\">&raquo;<\/span><span class=\"aioseo-breadcrumb\">\n\t\t\tCinco projetos s\u00e3o aprovados na sess\u00e3o ordin\u00e1ria da C\u00e2mara\n\t\t<\/span><\/div>","aioseo_breadcrumb_json":[{"label":"Home","link":"https:\/\/anoticiaonline.com.br\/site"},{"label":"Blog","link":"https:\/\/anoticiaonline.com.br\/site\/categoria\/muriae\/"},{"label":"Cinco projetos s\u00e3o aprovados na sess\u00e3o ordin\u00e1ria da C\u00e2mara","link":"https:\/\/anoticiaonline.com.br\/site\/cinco-projetos-sao-aprovados-na-sessao-ordinaria-da-camara\/"}],"views":137,"_links":{"self":[{"href":"https:\/\/anoticiaonline.com.br\/site\/wp-json\/wp\/v2\/posts\/12843","targetHints":{"allow":["GET"]}}],"collection":[{"href":"https:\/\/anoticiaonline.com.br\/site\/wp-json\/wp\/v2\/posts"}],"about":[{"href":"https:\/\/anoticiaonline.com.br\/site\/wp-json\/wp\/v2\/types\/post"}],"author":[{"embeddable":true,"href":"https:\/\/anoticiaonline.com.br\/site\/wp-json\/wp\/v2\/users\/2"}],"replies":[{"embeddable":true,"href":"https:\/\/anoticiaonline.com.br\/site\/wp-json\/wp\/v2\/comments?post=12843"}],"version-history":[{"count":0,"href":"https:\/\/anoticiaonline.com.br\/site\/wp-json\/wp\/v2\/posts\/12843\/revisions"}],"wp:featuredmedia":[{"embeddable":true,"href":"https:\/\/anoticiaonline.com.br\/site\/wp-json\/wp\/v2\/media\/12844"}],"wp:attachment":[{"href":"https:\/\/anoticiaonline.com.br\/site\/wp-json\/wp\/v2\/media?parent=12843"}],"wp:term":[{"taxonomy":"category","embeddable":true,"href":"https:\/\/anoticiaonline.com.br\/site\/wp-json\/wp\/v2\/categories?post=12843"},{"taxonomy":"post_tag","embeddable":true,"href":"https:\/\/anoticiaonline.com.br\/site\/wp-json\/wp\/v2\/tags?post=12843"}],"curies":[{"name":"wp","href":"https:\/\/api.w.org\/{rel}","templated":true}]}}