{"id":12803,"date":"2016-05-09T16:07:05","date_gmt":"2016-05-09T19:07:05","guid":{"rendered":"http:\/\/anoticiaonline.com.br\/site\/?p=12803"},"modified":"2016-05-09T16:07:05","modified_gmt":"2016-05-09T19:07:05","slug":"prefeitura-de-sao-francisco-do-gloria-investe-na-melhoria-de-estradas-rurais","status":"publish","type":"post","link":"https:\/\/anoticiaonline.com.br\/site\/prefeitura-de-sao-francisco-do-gloria-investe-na-melhoria-de-estradas-rurais\/","title":{"rendered":"Prefeitura de S\u00e3o Francisco do Gl\u00f3ria investe na melhoria de estradas rurais"},"content":{"rendered":"<p><a href=\"https:\/\/anoticiaonline.com.br\/site\/wp-content\/uploads\/2016\/05\/Prefeitura-de-S\u00e3o-Francisco-do-Gl\u00f3ria-investe-na-melhoria-de-estradas-rurais.jpg\"><img fetchpriority=\"high\" decoding=\"async\" class=\" size-medium wp-image-12804 alignleft\" src=\"https:\/\/anoticiaonline.com.br\/site\/wp-content\/uploads\/2016\/05\/Prefeitura-de-S\u00e3o-Francisco-do-Gl\u00f3ria-investe-na-melhoria-de-estradas-rurais-300x225.jpg\" alt=\"Prefeitura de S\u00e3o Francisco do Gl\u00f3ria investe na melhoria de estradas rurais\" width=\"300\" height=\"225\" srcset=\"https:\/\/anoticiaonline.com.br\/site\/wp-content\/uploads\/2016\/05\/Prefeitura-de-S\u00e3o-Francisco-do-Gl\u00f3ria-investe-na-melhoria-de-estradas-rurais-300x225.jpg 300w, https:\/\/anoticiaonline.com.br\/site\/wp-content\/uploads\/2016\/05\/Prefeitura-de-S\u00e3o-Francisco-do-Gl\u00f3ria-investe-na-melhoria-de-estradas-rurais.jpg 640w\" sizes=\"(max-width: 300px) 100vw, 300px\" \/><\/a>A Prefeitura de S\u00e3o Francisco do Gl\u00f3ria deu in\u00edcio \u00e0 manuten\u00e7\u00e3o e amplia\u00e7\u00e3o das estradas rurais, com recupera\u00e7\u00e3o, patrolamento, alargamento e assentamento de cascalho, para que as vias continuem transit\u00e1veis mesmo em dias de chuva.<\/p>\n<p>A principal preocupa\u00e7\u00e3o da administra\u00e7\u00e3o municipal \u00e9 garantir estradas em boas condi\u00e7\u00f5es de tr\u00e1fego, facilitando a acessibilidade dos moradores e o escoamento da produ\u00e7\u00e3o, proporcionando uma melhor condi\u00e7\u00e3o de uso para os agricultores, pecuaristas e tamb\u00e9m facilitar o transporte escolar rural do munic\u00edpio.<\/p>\n<p>&#8220;Todos sabem da voca\u00e7\u00e3o agr\u00edcola de nosso munic\u00edpio e a import\u00e2ncia que a agricultura tem no desenvolvimento da regi\u00e3o como um todo. Dessa forma, a manuten\u00e7\u00e3o de estradas \u00e9 fundamental&#8221;, afirma o prefeito de S\u00e3o Francisco do Gl\u00f3ria, Jos\u00e9 Bissiati.<\/p>\n","protected":false},"excerpt":{"rendered":"<p>A Prefeitura de S\u00e3o Francisco do Gl\u00f3ria deu in\u00edcio \u00e0 manuten\u00e7\u00e3o e amplia\u00e7\u00e3o das estradas rurais, com recupera\u00e7\u00e3o, patrolamento, alargamento e assentamento de cascalho, para que as vias continuem transit\u00e1veis mesmo em dias de chuva. A principal preocupa\u00e7\u00e3o da administra\u00e7\u00e3o municipal \u00e9 garantir estradas em boas condi\u00e7\u00f5es de tr\u00e1fego, facilitando a acessibilidade dos moradores e &#8230; <a title=\"Prefeitura de S\u00e3o Francisco do Gl\u00f3ria investe na melhoria de estradas rurais\" class=\"read-more\" href=\"https:\/\/anoticiaonline.com.br\/site\/prefeitura-de-sao-francisco-do-gloria-investe-na-melhoria-de-estradas-rurais\/\" aria-label=\"Read more about Prefeitura de S\u00e3o Francisco do Gl\u00f3ria investe na melhoria de estradas rurais\">Ler mais<\/a><\/p>\n","protected":false},"author":2,"featured_media":12804,"comment_status":"open","ping_status":"open","sticky":false,"template":"","format":"standard","meta":{"_acf_changed":false,"_monsterinsights_skip_tracking":false,"footnotes":""},"categories":[6],"tags":[3],"class_list":["post-12803","post","type-post","status-publish","format-standard","has-post-thumbnail","hentry","category-regiao","tag-slide"],"acf":[],"aioseo_notices":[],"aioseo_head":"\n\t\t<!-- All in One SEO 5.0.0.1 - aioseo.com -->\n\t<meta name=\"description\" content=\"A Prefeitura de S\u00e3o Francisco do Gl\u00f3ria deu in\u00edcio \u00e0 manuten\u00e7\u00e3o e amplia\u00e7\u00e3o das estradas rurais, com recupera\u00e7\u00e3o, patrolamento, alargamento e assentamento de cascalho, para que as vias continuem transit\u00e1veis mesmo em dias de chuva. A principal preocupa\u00e7\u00e3o da administra\u00e7\u00e3o municipal \u00e9 garantir estradas em boas condi\u00e7\u00f5es de tr\u00e1fego, facilitando a acessibilidade dos moradores e\" \/>\n\t<meta name=\"robots\" content=\"max-image-preview:large\" \/>\n\t<meta name=\"author\" content=\"Juliana Laviola\"\/>\n\t<link rel=\"canonical\" href=\"https:\/\/anoticiaonline.com.br\/site\/prefeitura-de-sao-francisco-do-gloria-investe-na-melhoria-de-estradas-rurais\/\" \/>\n\t<meta name=\"generator\" content=\"All in One SEO (AIOSEO) 5.0.0.1\" \/>\n\t\t<meta property=\"og:locale\" content=\"pt_BR\" \/>\n\t\t<meta property=\"og:site_name\" content=\"A Not\u00edcia Online - Noticias de Muria\u00e9 e regi\u00e3o\" \/>\n\t\t<meta property=\"og:type\" content=\"article\" \/>\n\t\t<meta property=\"og:title\" content=\"Prefeitura de S\u00e3o Francisco do Gl\u00f3ria investe na melhoria de estradas rurais - A Not\u00edcia Online\" \/>\n\t\t<meta property=\"og:description\" content=\"A Prefeitura de S\u00e3o Francisco do Gl\u00f3ria deu in\u00edcio \u00e0 manuten\u00e7\u00e3o e amplia\u00e7\u00e3o das estradas rurais, com recupera\u00e7\u00e3o, patrolamento, alargamento e assentamento de cascalho, para que as vias continuem transit\u00e1veis mesmo em dias de chuva. A principal preocupa\u00e7\u00e3o da administra\u00e7\u00e3o municipal \u00e9 garantir estradas em boas condi\u00e7\u00f5es de tr\u00e1fego, facilitando a acessibilidade dos moradores e\" \/>\n\t\t<meta property=\"og:url\" content=\"https:\/\/anoticiaonline.com.br\/site\/prefeitura-de-sao-francisco-do-gloria-investe-na-melhoria-de-estradas-rurais\/\" \/>\n\t\t<meta property=\"og:image\" content=\"https:\/\/scontent-gig4-1.xx.fbcdn.net\/v\/t39.30808-1\/270437624_4564083193639691_6907940295614233970_n.jpg?stp=dst-jpg_s200x200_tt6&#038;_nc_cat=111&#038;ccb=1-7&#038;_nc_sid=f907e8&#038;_nc_ohc=SM1wRlP3lJwQ7kNvwEPuBYA&#038;_nc_oc=AdnqrjDN_BNjSSHWO-GbkIWH6fkGMLw4bqvL_NH6e2wMveX7G-rP2dAqsDSq1mJMOaY&#038;_nc_zt=24&#038;_nc_ht=scontent-gig4-1.xx&#038;_nc_gid=AoBFJeGrT1hVaew_6rchkQ&#038;oh=00_AfX7QmFGhQhG2jAllVgXCiM1ZrWgvtp80-Bfppyexh1QEg&#038;oe=689E923C\" \/>\n\t\t<meta property=\"og:image:secure_url\" content=\"https:\/\/scontent-gig4-1.xx.fbcdn.net\/v\/t39.30808-1\/270437624_4564083193639691_6907940295614233970_n.jpg?stp=dst-jpg_s200x200_tt6&#038;_nc_cat=111&#038;ccb=1-7&#038;_nc_sid=f907e8&#038;_nc_ohc=SM1wRlP3lJwQ7kNvwEPuBYA&#038;_nc_oc=AdnqrjDN_BNjSSHWO-GbkIWH6fkGMLw4bqvL_NH6e2wMveX7G-rP2dAqsDSq1mJMOaY&#038;_nc_zt=24&#038;_nc_ht=scontent-gig4-1.xx&#038;_nc_gid=AoBFJeGrT1hVaew_6rchkQ&#038;oh=00_AfX7QmFGhQhG2jAllVgXCiM1ZrWgvtp80-Bfppyexh1QEg&#038;oe=689E923C\" \/>\n\t\t<meta property=\"article:published_time\" content=\"2016-05-09T19:07:05+00:00\" \/>\n\t\t<meta property=\"article:modified_time\" content=\"2016-05-09T19:07:05+00:00\" \/>\n\t\t<meta name=\"twitter:card\" content=\"summary_large_image\" \/>\n\t\t<meta name=\"twitter:title\" content=\"Prefeitura de S\u00e3o Francisco do Gl\u00f3ria investe na melhoria de estradas rurais - A Not\u00edcia Online\" \/>\n\t\t<meta name=\"twitter:description\" content=\"A Prefeitura de S\u00e3o Francisco do Gl\u00f3ria deu in\u00edcio \u00e0 manuten\u00e7\u00e3o e amplia\u00e7\u00e3o das estradas rurais, com recupera\u00e7\u00e3o, patrolamento, alargamento e assentamento de cascalho, para que as vias continuem transit\u00e1veis mesmo em dias de chuva. A principal preocupa\u00e7\u00e3o da administra\u00e7\u00e3o municipal \u00e9 garantir estradas em boas condi\u00e7\u00f5es de tr\u00e1fego, facilitando a acessibilidade dos moradores e\" \/>\n\t\t<meta name=\"twitter:image\" content=\"https:\/\/scontent-gig4-1.xx.fbcdn.net\/v\/t39.30808-1\/270437624_4564083193639691_6907940295614233970_n.jpg?stp=dst-jpg_s200x200_tt6&amp;_nc_cat=111&amp;ccb=1-7&amp;_nc_sid=f907e8&amp;_nc_ohc=SM1wRlP3lJwQ7kNvwEPuBYA&amp;_nc_oc=AdnqrjDN_BNjSSHWO-GbkIWH6fkGMLw4bqvL_NH6e2wMveX7G-rP2dAqsDSq1mJMOaY&amp;_nc_zt=24&amp;_nc_ht=scontent-gig4-1.xx&amp;_nc_gid=AoBFJeGrT1hVaew_6rchkQ&amp;oh=00_AfX7QmFGhQhG2jAllVgXCiM1ZrWgvtp80-Bfppyexh1QEg&amp;oe=689E923C\" \/>\n\t\t<script type=\"application\/ld+json\" class=\"aioseo-schema\">\n\t\t\t{\"@context\":\"https:\\\/\\\/schema.org\",\"@graph\":[{\"@type\":\"BlogPosting\",\"@id\":\"https:\\\/\\\/anoticiaonline.com.br\\\/site\\\/prefeitura-de-sao-francisco-do-gloria-investe-na-melhoria-de-estradas-rurais\\\/#blogposting\",\"name\":\"Prefeitura de S\\u00e3o Francisco do Gl\\u00f3ria investe na melhoria de estradas rurais - A Not\\u00edcia Online\",\"headline\":\"Prefeitura de S\\u00e3o Francisco do Gl\\u00f3ria investe na melhoria de estradas rurais\",\"author\":{\"@id\":\"https:\\\/\\\/anoticiaonline.com.br\\\/site\\\/author\\\/juliana\\\/#author\"},\"publisher\":{\"@id\":\"https:\\\/\\\/anoticiaonline.com.br\\\/site\\\/#organization\"},\"image\":{\"@type\":\"ImageObject\",\"url\":\"https:\\\/\\\/anoticiaonline.com.br\\\/site\\\/wp-content\\\/uploads\\\/2016\\\/05\\\/Prefeitura-de-S\\u00e3o-Francisco-do-Gl\\u00f3ria-investe-na-melhoria-de-estradas-rurais.jpg\",\"width\":640,\"height\":480},\"datePublished\":\"2016-05-09T16:07:05-03:00\",\"dateModified\":\"2016-05-09T16:07:05-03:00\",\"inLanguage\":\"pt-BR\",\"mainEntityOfPage\":{\"@id\":\"https:\\\/\\\/anoticiaonline.com.br\\\/site\\\/prefeitura-de-sao-francisco-do-gloria-investe-na-melhoria-de-estradas-rurais\\\/#webpage\"},\"isPartOf\":{\"@id\":\"https:\\\/\\\/anoticiaonline.com.br\\\/site\\\/prefeitura-de-sao-francisco-do-gloria-investe-na-melhoria-de-estradas-rurais\\\/#webpage\"},\"articleSection\":\"Regi\\u00e3o, slide\"},{\"@type\":\"BreadcrumbList\",\"@id\":\"https:\\\/\\\/anoticiaonline.com.br\\\/site\\\/prefeitura-de-sao-francisco-do-gloria-investe-na-melhoria-de-estradas-rurais\\\/#breadcrumblist\",\"itemListElement\":[{\"@type\":\"ListItem\",\"@id\":\"https:\\\/\\\/anoticiaonline.com.br\\\/site#listItem\",\"position\":1,\"name\":\"Home\",\"item\":\"https:\\\/\\\/anoticiaonline.com.br\\\/site\",\"nextItem\":{\"@type\":\"ListItem\",\"@id\":\"https:\\\/\\\/anoticiaonline.com.br\\\/site\\\/categoria\\\/regiao\\\/#listItem\",\"name\":\"Regi\\u00e3o\"}},{\"@type\":\"ListItem\",\"@id\":\"https:\\\/\\\/anoticiaonline.com.br\\\/site\\\/categoria\\\/regiao\\\/#listItem\",\"position\":2,\"name\":\"Regi\\u00e3o\",\"item\":\"https:\\\/\\\/anoticiaonline.com.br\\\/site\\\/categoria\\\/regiao\\\/\",\"nextItem\":{\"@type\":\"ListItem\",\"@id\":\"https:\\\/\\\/anoticiaonline.com.br\\\/site\\\/prefeitura-de-sao-francisco-do-gloria-investe-na-melhoria-de-estradas-rurais\\\/#listItem\",\"name\":\"Prefeitura de S\\u00e3o Francisco do Gl\\u00f3ria investe na melhoria de estradas rurais\"},\"previousItem\":{\"@type\":\"ListItem\",\"@id\":\"https:\\\/\\\/anoticiaonline.com.br\\\/site#listItem\",\"name\":\"Home\"}},{\"@type\":\"ListItem\",\"@id\":\"https:\\\/\\\/anoticiaonline.com.br\\\/site\\\/prefeitura-de-sao-francisco-do-gloria-investe-na-melhoria-de-estradas-rurais\\\/#listItem\",\"position\":3,\"name\":\"Prefeitura de S\\u00e3o Francisco do Gl\\u00f3ria investe na melhoria de estradas rurais\",\"previousItem\":{\"@type\":\"ListItem\",\"@id\":\"https:\\\/\\\/anoticiaonline.com.br\\\/site\\\/categoria\\\/regiao\\\/#listItem\",\"name\":\"Regi\\u00e3o\"}}]},{\"@type\":\"Organization\",\"@id\":\"https:\\\/\\\/anoticiaonline.com.br\\\/site\\\/#organization\",\"name\":\"A Not\\u00edcia Online\",\"description\":\"Noticias de Muria\\u00e9 e regi\\u00e3o\",\"url\":\"https:\\\/\\\/anoticiaonline.com.br\\\/site\\\/\",\"logo\":{\"@type\":\"ImageObject\",\"url\":\"https:\\\/\\\/scontent-gig4-1.xx.fbcdn.net\\\/v\\\/t39.30808-1\\\/270437624_4564083193639691_6907940295614233970_n.jpg?stp=dst-jpg_s200x200_tt6&_nc_cat=111&ccb=1-7&_nc_sid=f907e8&_nc_ohc=SM1wRlP3lJwQ7kNvwEPuBYA&_nc_oc=AdnqrjDN_BNjSSHWO-GbkIWH6fkGMLw4bqvL_NH6e2wMveX7G-rP2dAqsDSq1mJMOaY&_nc_zt=24&_nc_ht=scontent-gig4-1.xx&_nc_gid=AoBFJeGrT1hVaew_6rchkQ&oh=00_AfX7QmFGhQhG2jAllVgXCiM1ZrWgvtp80-Bfppyexh1QEg&oe=689E923C\",\"@id\":\"https:\\\/\\\/anoticiaonline.com.br\\\/site\\\/prefeitura-de-sao-francisco-do-gloria-investe-na-melhoria-de-estradas-rurais\\\/#organizationLogo\"},\"image\":{\"@id\":\"https:\\\/\\\/anoticiaonline.com.br\\\/site\\\/prefeitura-de-sao-francisco-do-gloria-investe-na-melhoria-de-estradas-rurais\\\/#organizationLogo\"}},{\"@type\":\"Person\",\"@id\":\"https:\\\/\\\/anoticiaonline.com.br\\\/site\\\/author\\\/juliana\\\/#author\",\"url\":\"https:\\\/\\\/anoticiaonline.com.br\\\/site\\\/author\\\/juliana\\\/\",\"name\":\"Juliana Laviola\",\"image\":{\"@type\":\"ImageObject\",\"@id\":\"https:\\\/\\\/anoticiaonline.com.br\\\/site\\\/prefeitura-de-sao-francisco-do-gloria-investe-na-melhoria-de-estradas-rurais\\\/#authorImage\",\"url\":\"https:\\\/\\\/secure.gravatar.com\\\/avatar\\\/b8d45f5c699b100dfaf0e543582f38f38bf94cb7ae3a5e9abf8d891a34773335?s=96&d=mm&r=g\",\"width\":96,\"height\":96,\"caption\":\"Juliana Laviola\"}},{\"@type\":\"WebPage\",\"@id\":\"https:\\\/\\\/anoticiaonline.com.br\\\/site\\\/prefeitura-de-sao-francisco-do-gloria-investe-na-melhoria-de-estradas-rurais\\\/#webpage\",\"url\":\"https:\\\/\\\/anoticiaonline.com.br\\\/site\\\/prefeitura-de-sao-francisco-do-gloria-investe-na-melhoria-de-estradas-rurais\\\/\",\"name\":\"Prefeitura de S\\u00e3o Francisco do Gl\\u00f3ria investe na melhoria de estradas rurais - A Not\\u00edcia Online\",\"description\":\"A Prefeitura de S\\u00e3o Francisco do Gl\\u00f3ria deu in\\u00edcio \\u00e0 manuten\\u00e7\\u00e3o e amplia\\u00e7\\u00e3o das estradas rurais, com recupera\\u00e7\\u00e3o, patrolamento, alargamento e assentamento de cascalho, para que as vias continuem transit\\u00e1veis mesmo em dias de chuva. A principal preocupa\\u00e7\\u00e3o da administra\\u00e7\\u00e3o municipal \\u00e9 garantir estradas em boas condi\\u00e7\\u00f5es de tr\\u00e1fego, facilitando a acessibilidade dos moradores e\",\"inLanguage\":\"pt-BR\",\"isPartOf\":{\"@id\":\"https:\\\/\\\/anoticiaonline.com.br\\\/site\\\/#website\"},\"breadcrumb\":{\"@id\":\"https:\\\/\\\/anoticiaonline.com.br\\\/site\\\/prefeitura-de-sao-francisco-do-gloria-investe-na-melhoria-de-estradas-rurais\\\/#breadcrumblist\"},\"author\":{\"@id\":\"https:\\\/\\\/anoticiaonline.com.br\\\/site\\\/author\\\/juliana\\\/#author\"},\"creator\":{\"@id\":\"https:\\\/\\\/anoticiaonline.com.br\\\/site\\\/author\\\/juliana\\\/#author\"},\"image\":{\"@type\":\"ImageObject\",\"url\":\"https:\\\/\\\/anoticiaonline.com.br\\\/site\\\/wp-content\\\/uploads\\\/2016\\\/05\\\/Prefeitura-de-S\\u00e3o-Francisco-do-Gl\\u00f3ria-investe-na-melhoria-de-estradas-rurais.jpg\",\"@id\":\"https:\\\/\\\/anoticiaonline.com.br\\\/site\\\/prefeitura-de-sao-francisco-do-gloria-investe-na-melhoria-de-estradas-rurais\\\/#mainImage\",\"width\":640,\"height\":480},\"primaryImageOfPage\":{\"@id\":\"https:\\\/\\\/anoticiaonline.com.br\\\/site\\\/prefeitura-de-sao-francisco-do-gloria-investe-na-melhoria-de-estradas-rurais\\\/#mainImage\"},\"datePublished\":\"2016-05-09T16:07:05-03:00\",\"dateModified\":\"2016-05-09T16:07:05-03:00\"},{\"@type\":\"WebSite\",\"@id\":\"https:\\\/\\\/anoticiaonline.com.br\\\/site\\\/#website\",\"url\":\"https:\\\/\\\/anoticiaonline.com.br\\\/site\\\/\",\"name\":\"A Not\\u00edcia Online\",\"description\":\"Noticias de Muria\\u00e9 e regi\\u00e3o\",\"inLanguage\":\"pt-BR\",\"publisher\":{\"@id\":\"https:\\\/\\\/anoticiaonline.com.br\\\/site\\\/#organization\"}}]}\n\t\t<\/script>\n\t\t<!-- All in One SEO -->\n\n","aioseo_head_json":{"title":"Prefeitura de S\u00e3o Francisco do Gl\u00f3ria investe na melhoria de estradas rurais - A Not\u00edcia Online","description":"A Prefeitura de S\u00e3o Francisco do Gl\u00f3ria deu in\u00edcio \u00e0 manuten\u00e7\u00e3o e amplia\u00e7\u00e3o das estradas rurais, com recupera\u00e7\u00e3o, patrolamento, alargamento e assentamento de cascalho, para que as vias continuem transit\u00e1veis mesmo em dias de chuva. A principal preocupa\u00e7\u00e3o da administra\u00e7\u00e3o municipal \u00e9 garantir estradas em boas condi\u00e7\u00f5es de tr\u00e1fego, facilitando a acessibilidade dos moradores e","canonical_url":"https:\/\/anoticiaonline.com.br\/site\/prefeitura-de-sao-francisco-do-gloria-investe-na-melhoria-de-estradas-rurais\/","robots":"max-image-preview:large","keywords":"","webmasterTools":{"miscellaneous":""},"schema":{"@context":"https:\/\/schema.org","@graph":[{"@type":"BlogPosting","@id":"https:\/\/anoticiaonline.com.br\/site\/prefeitura-de-sao-francisco-do-gloria-investe-na-melhoria-de-estradas-rurais\/#blogposting","name":"Prefeitura de S\u00e3o Francisco do Gl\u00f3ria investe na melhoria de estradas rurais - A Not\u00edcia Online","headline":"Prefeitura de S\u00e3o Francisco do Gl\u00f3ria investe na melhoria de estradas rurais","author":{"@id":"https:\/\/anoticiaonline.com.br\/site\/author\/juliana\/#author"},"publisher":{"@id":"https:\/\/anoticiaonline.com.br\/site\/#organization"},"image":{"@type":"ImageObject","url":"https:\/\/anoticiaonline.com.br\/site\/wp-content\/uploads\/2016\/05\/Prefeitura-de-S\u00e3o-Francisco-do-Gl\u00f3ria-investe-na-melhoria-de-estradas-rurais.jpg","width":640,"height":480},"datePublished":"2016-05-09T16:07:05-03:00","dateModified":"2016-05-09T16:07:05-03:00","inLanguage":"pt-BR","mainEntityOfPage":{"@id":"https:\/\/anoticiaonline.com.br\/site\/prefeitura-de-sao-francisco-do-gloria-investe-na-melhoria-de-estradas-rurais\/#webpage"},"isPartOf":{"@id":"https:\/\/anoticiaonline.com.br\/site\/prefeitura-de-sao-francisco-do-gloria-investe-na-melhoria-de-estradas-rurais\/#webpage"},"articleSection":"Regi\u00e3o, slide"},{"@type":"BreadcrumbList","@id":"https:\/\/anoticiaonline.com.br\/site\/prefeitura-de-sao-francisco-do-gloria-investe-na-melhoria-de-estradas-rurais\/#breadcrumblist","itemListElement":[{"@type":"ListItem","@id":"https:\/\/anoticiaonline.com.br\/site#listItem","position":1,"name":"Home","item":"https:\/\/anoticiaonline.com.br\/site","nextItem":{"@type":"ListItem","@id":"https:\/\/anoticiaonline.com.br\/site\/categoria\/regiao\/#listItem","name":"Regi\u00e3o"}},{"@type":"ListItem","@id":"https:\/\/anoticiaonline.com.br\/site\/categoria\/regiao\/#listItem","position":2,"name":"Regi\u00e3o","item":"https:\/\/anoticiaonline.com.br\/site\/categoria\/regiao\/","nextItem":{"@type":"ListItem","@id":"https:\/\/anoticiaonline.com.br\/site\/prefeitura-de-sao-francisco-do-gloria-investe-na-melhoria-de-estradas-rurais\/#listItem","name":"Prefeitura de S\u00e3o Francisco do Gl\u00f3ria investe na melhoria de estradas rurais"},"previousItem":{"@type":"ListItem","@id":"https:\/\/anoticiaonline.com.br\/site#listItem","name":"Home"}},{"@type":"ListItem","@id":"https:\/\/anoticiaonline.com.br\/site\/prefeitura-de-sao-francisco-do-gloria-investe-na-melhoria-de-estradas-rurais\/#listItem","position":3,"name":"Prefeitura de S\u00e3o Francisco do Gl\u00f3ria investe na melhoria de estradas rurais","previousItem":{"@type":"ListItem","@id":"https:\/\/anoticiaonline.com.br\/site\/categoria\/regiao\/#listItem","name":"Regi\u00e3o"}}]},{"@type":"Organization","@id":"https:\/\/anoticiaonline.com.br\/site\/#organization","name":"A Not\u00edcia Online","description":"Noticias de Muria\u00e9 e regi\u00e3o","url":"https:\/\/anoticiaonline.com.br\/site\/","logo":{"@type":"ImageObject","url":"https:\/\/scontent-gig4-1.xx.fbcdn.net\/v\/t39.30808-1\/270437624_4564083193639691_6907940295614233970_n.jpg?stp=dst-jpg_s200x200_tt6&_nc_cat=111&ccb=1-7&_nc_sid=f907e8&_nc_ohc=SM1wRlP3lJwQ7kNvwEPuBYA&_nc_oc=AdnqrjDN_BNjSSHWO-GbkIWH6fkGMLw4bqvL_NH6e2wMveX7G-rP2dAqsDSq1mJMOaY&_nc_zt=24&_nc_ht=scontent-gig4-1.xx&_nc_gid=AoBFJeGrT1hVaew_6rchkQ&oh=00_AfX7QmFGhQhG2jAllVgXCiM1ZrWgvtp80-Bfppyexh1QEg&oe=689E923C","@id":"https:\/\/anoticiaonline.com.br\/site\/prefeitura-de-sao-francisco-do-gloria-investe-na-melhoria-de-estradas-rurais\/#organizationLogo"},"image":{"@id":"https:\/\/anoticiaonline.com.br\/site\/prefeitura-de-sao-francisco-do-gloria-investe-na-melhoria-de-estradas-rurais\/#organizationLogo"}},{"@type":"Person","@id":"https:\/\/anoticiaonline.com.br\/site\/author\/juliana\/#author","url":"https:\/\/anoticiaonline.com.br\/site\/author\/juliana\/","name":"Juliana Laviola","image":{"@type":"ImageObject","@id":"https:\/\/anoticiaonline.com.br\/site\/prefeitura-de-sao-francisco-do-gloria-investe-na-melhoria-de-estradas-rurais\/#authorImage","url":"https:\/\/secure.gravatar.com\/avatar\/b8d45f5c699b100dfaf0e543582f38f38bf94cb7ae3a5e9abf8d891a34773335?s=96&d=mm&r=g","width":96,"height":96,"caption":"Juliana Laviola"}},{"@type":"WebPage","@id":"https:\/\/anoticiaonline.com.br\/site\/prefeitura-de-sao-francisco-do-gloria-investe-na-melhoria-de-estradas-rurais\/#webpage","url":"https:\/\/anoticiaonline.com.br\/site\/prefeitura-de-sao-francisco-do-gloria-investe-na-melhoria-de-estradas-rurais\/","name":"Prefeitura de S\u00e3o Francisco do Gl\u00f3ria investe na melhoria de estradas rurais - A Not\u00edcia Online","description":"A Prefeitura de S\u00e3o Francisco do Gl\u00f3ria deu in\u00edcio \u00e0 manuten\u00e7\u00e3o e amplia\u00e7\u00e3o das estradas rurais, com recupera\u00e7\u00e3o, patrolamento, alargamento e assentamento de cascalho, para que as vias continuem transit\u00e1veis mesmo em dias de chuva. A principal preocupa\u00e7\u00e3o da administra\u00e7\u00e3o municipal \u00e9 garantir estradas em boas condi\u00e7\u00f5es de tr\u00e1fego, facilitando a acessibilidade dos moradores e","inLanguage":"pt-BR","isPartOf":{"@id":"https:\/\/anoticiaonline.com.br\/site\/#website"},"breadcrumb":{"@id":"https:\/\/anoticiaonline.com.br\/site\/prefeitura-de-sao-francisco-do-gloria-investe-na-melhoria-de-estradas-rurais\/#breadcrumblist"},"author":{"@id":"https:\/\/anoticiaonline.com.br\/site\/author\/juliana\/#author"},"creator":{"@id":"https:\/\/anoticiaonline.com.br\/site\/author\/juliana\/#author"},"image":{"@type":"ImageObject","url":"https:\/\/anoticiaonline.com.br\/site\/wp-content\/uploads\/2016\/05\/Prefeitura-de-S\u00e3o-Francisco-do-Gl\u00f3ria-investe-na-melhoria-de-estradas-rurais.jpg","@id":"https:\/\/anoticiaonline.com.br\/site\/prefeitura-de-sao-francisco-do-gloria-investe-na-melhoria-de-estradas-rurais\/#mainImage","width":640,"height":480},"primaryImageOfPage":{"@id":"https:\/\/anoticiaonline.com.br\/site\/prefeitura-de-sao-francisco-do-gloria-investe-na-melhoria-de-estradas-rurais\/#mainImage"},"datePublished":"2016-05-09T16:07:05-03:00","dateModified":"2016-05-09T16:07:05-03:00"},{"@type":"WebSite","@id":"https:\/\/anoticiaonline.com.br\/site\/#website","url":"https:\/\/anoticiaonline.com.br\/site\/","name":"A Not\u00edcia Online","description":"Noticias de Muria\u00e9 e regi\u00e3o","inLanguage":"pt-BR","publisher":{"@id":"https:\/\/anoticiaonline.com.br\/site\/#organization"}}]},"og:locale":"pt_BR","og:site_name":"A Not\u00edcia Online - Noticias de Muria\u00e9 e regi\u00e3o","og:type":"article","og:title":"Prefeitura de S\u00e3o Francisco do Gl\u00f3ria investe na melhoria de estradas rurais - A Not\u00edcia Online","og:description":"A Prefeitura de S\u00e3o Francisco do Gl\u00f3ria deu in\u00edcio \u00e0 manuten\u00e7\u00e3o e amplia\u00e7\u00e3o das estradas rurais, com recupera\u00e7\u00e3o, patrolamento, alargamento e assentamento de cascalho, para que as vias continuem transit\u00e1veis mesmo em dias de chuva. A principal preocupa\u00e7\u00e3o da administra\u00e7\u00e3o municipal \u00e9 garantir estradas em boas condi\u00e7\u00f5es de tr\u00e1fego, facilitando a acessibilidade dos moradores e","og:url":"https:\/\/anoticiaonline.com.br\/site\/prefeitura-de-sao-francisco-do-gloria-investe-na-melhoria-de-estradas-rurais\/","og:image":"https:\/\/scontent-gig4-1.xx.fbcdn.net\/v\/t39.30808-1\/270437624_4564083193639691_6907940295614233970_n.jpg?stp=dst-jpg_s200x200_tt6&#038;_nc_cat=111&#038;ccb=1-7&#038;_nc_sid=f907e8&#038;_nc_ohc=SM1wRlP3lJwQ7kNvwEPuBYA&#038;_nc_oc=AdnqrjDN_BNjSSHWO-GbkIWH6fkGMLw4bqvL_NH6e2wMveX7G-rP2dAqsDSq1mJMOaY&#038;_nc_zt=24&#038;_nc_ht=scontent-gig4-1.xx&#038;_nc_gid=AoBFJeGrT1hVaew_6rchkQ&#038;oh=00_AfX7QmFGhQhG2jAllVgXCiM1ZrWgvtp80-Bfppyexh1QEg&#038;oe=689E923C","og:image:secure_url":"https:\/\/scontent-gig4-1.xx.fbcdn.net\/v\/t39.30808-1\/270437624_4564083193639691_6907940295614233970_n.jpg?stp=dst-jpg_s200x200_tt6&#038;_nc_cat=111&#038;ccb=1-7&#038;_nc_sid=f907e8&#038;_nc_ohc=SM1wRlP3lJwQ7kNvwEPuBYA&#038;_nc_oc=AdnqrjDN_BNjSSHWO-GbkIWH6fkGMLw4bqvL_NH6e2wMveX7G-rP2dAqsDSq1mJMOaY&#038;_nc_zt=24&#038;_nc_ht=scontent-gig4-1.xx&#038;_nc_gid=AoBFJeGrT1hVaew_6rchkQ&#038;oh=00_AfX7QmFGhQhG2jAllVgXCiM1ZrWgvtp80-Bfppyexh1QEg&#038;oe=689E923C","article:published_time":"2016-05-09T19:07:05+00:00","article:modified_time":"2016-05-09T19:07:05+00:00","twitter:card":"summary_large_image","twitter:title":"Prefeitura de S\u00e3o Francisco do Gl\u00f3ria investe na melhoria de estradas rurais - A Not\u00edcia Online","twitter:description":"A Prefeitura de S\u00e3o Francisco do Gl\u00f3ria deu in\u00edcio \u00e0 manuten\u00e7\u00e3o e amplia\u00e7\u00e3o das estradas rurais, com recupera\u00e7\u00e3o, patrolamento, alargamento e assentamento de cascalho, para que as vias continuem transit\u00e1veis mesmo em dias de chuva. A principal preocupa\u00e7\u00e3o da administra\u00e7\u00e3o municipal \u00e9 garantir estradas em boas condi\u00e7\u00f5es de tr\u00e1fego, facilitando a acessibilidade dos moradores e","twitter:image":"https:\/\/scontent-gig4-1.xx.fbcdn.net\/v\/t39.30808-1\/270437624_4564083193639691_6907940295614233970_n.jpg?stp=dst-jpg_s200x200_tt6&_nc_cat=111&ccb=1-7&_nc_sid=f907e8&_nc_ohc=SM1wRlP3lJwQ7kNvwEPuBYA&_nc_oc=AdnqrjDN_BNjSSHWO-GbkIWH6fkGMLw4bqvL_NH6e2wMveX7G-rP2dAqsDSq1mJMOaY&_nc_zt=24&_nc_ht=scontent-gig4-1.xx&_nc_gid=AoBFJeGrT1hVaew_6rchkQ&oh=00_AfX7QmFGhQhG2jAllVgXCiM1ZrWgvtp80-Bfppyexh1QEg&oe=689E923C"},"aioseo_meta_data":{"post_id":"12803","title":null,"description":null,"keywords":null,"keyphrases":null,"primary_term":null,"canonical_url":null,"og_title":null,"og_description":null,"og_object_type":"default","og_image_type":"default","og_image_url":null,"og_image_width":null,"og_image_height":null,"og_image_custom_url":null,"og_image_custom_fields":null,"og_video":null,"og_custom_url":null,"og_article_section":null,"og_article_tags":null,"twitter_use_og":false,"twitter_card":"default","twitter_image_type":"default","twitter_image_url":null,"twitter_image_custom_url":null,"twitter_image_custom_fields":null,"twitter_title":null,"twitter_description":null,"schema":{"blockGraphs":[],"customGraphs":[],"default":{"data":{"Article":[],"Course":[],"Dataset":[],"FAQPage":[],"Movie":[],"Person":[],"Product":[],"ProductReview":[],"Car":[],"Recipe":[],"Service":[],"SoftwareApplication":[],"WebPage":[]},"graphName":"","isEnabled":true},"graphs":[]},"schema_type":"default","schema_type_options":null,"pillar_content":false,"robots_default":true,"robots_noindex":false,"robots_noarchive":false,"robots_nosnippet":false,"robots_nofollow":false,"robots_noimageindex":false,"robots_noodp":false,"robots_notranslate":false,"robots_max_snippet":null,"robots_max_videopreview":null,"robots_max_imagepreview":"large","priority":null,"frequency":null,"local_seo":null,"breadcrumb_settings":null,"limit_modified_date":false,"ai":null,"created":"2025-08-16 15:56:25","updated":"2025-08-16 15:56:25","focus_keyword":null,"additional_keywords":null,"truseo_locale":null,"seo_analyzer_scan_date":null},"aioseo_breadcrumb":"<div class=\"aioseo-breadcrumbs\"><span class=\"aioseo-breadcrumb\">\n\t\t\t<a href=\"https:\/\/anoticiaonline.com.br\/site\" title=\"Home\">Home<\/a>\n\t\t<\/span><span class=\"aioseo-breadcrumb-separator\">&raquo;<\/span><span class=\"aioseo-breadcrumb\">\n\t\t\t<a href=\"https:\/\/anoticiaonline.com.br\/site\/categoria\/regiao\/\" title=\"Regi\u00e3o\">Regi\u00e3o<\/a>\n\t\t<\/span><span class=\"aioseo-breadcrumb-separator\">&raquo;<\/span><span class=\"aioseo-breadcrumb\">\n\t\t\tPrefeitura de S\u00e3o Francisco do Gl\u00f3ria investe na melhoria de estradas rurais\n\t\t<\/span><\/div>","aioseo_breadcrumb_json":[{"label":"Home","link":"https:\/\/anoticiaonline.com.br\/site"},{"label":"Regi\u00e3o","link":"https:\/\/anoticiaonline.com.br\/site\/categoria\/regiao\/"},{"label":"Prefeitura de S\u00e3o Francisco do Gl\u00f3ria investe na melhoria de estradas rurais","link":"https:\/\/anoticiaonline.com.br\/site\/prefeitura-de-sao-francisco-do-gloria-investe-na-melhoria-de-estradas-rurais\/"}],"views":141,"_links":{"self":[{"href":"https:\/\/anoticiaonline.com.br\/site\/wp-json\/wp\/v2\/posts\/12803","targetHints":{"allow":["GET"]}}],"collection":[{"href":"https:\/\/anoticiaonline.com.br\/site\/wp-json\/wp\/v2\/posts"}],"about":[{"href":"https:\/\/anoticiaonline.com.br\/site\/wp-json\/wp\/v2\/types\/post"}],"author":[{"embeddable":true,"href":"https:\/\/anoticiaonline.com.br\/site\/wp-json\/wp\/v2\/users\/2"}],"replies":[{"embeddable":true,"href":"https:\/\/anoticiaonline.com.br\/site\/wp-json\/wp\/v2\/comments?post=12803"}],"version-history":[{"count":0,"href":"https:\/\/anoticiaonline.com.br\/site\/wp-json\/wp\/v2\/posts\/12803\/revisions"}],"wp:featuredmedia":[{"embeddable":true,"href":"https:\/\/anoticiaonline.com.br\/site\/wp-json\/wp\/v2\/media\/12804"}],"wp:attachment":[{"href":"https:\/\/anoticiaonline.com.br\/site\/wp-json\/wp\/v2\/media?parent=12803"}],"wp:term":[{"taxonomy":"category","embeddable":true,"href":"https:\/\/anoticiaonline.com.br\/site\/wp-json\/wp\/v2\/categories?post=12803"},{"taxonomy":"post_tag","embeddable":true,"href":"https:\/\/anoticiaonline.com.br\/site\/wp-json\/wp\/v2\/tags?post=12803"}],"curies":[{"name":"wp","href":"https:\/\/api.w.org\/{rel}","templated":true}]}}