{"id":12794,"date":"2016-05-05T19:03:30","date_gmt":"2016-05-05T22:03:30","guid":{"rendered":"http:\/\/anoticiaonline.com.br\/site\/?p=12794"},"modified":"2016-05-05T19:03:30","modified_gmt":"2016-05-05T22:03:30","slug":"um-futuro-pouco-promissor","status":"publish","type":"post","link":"https:\/\/anoticiaonline.com.br\/site\/um-futuro-pouco-promissor\/","title":{"rendered":"Um futuro pouco promissor"},"content":{"rendered":"<p>N\u00e3o ser\u00e1 f\u00e1cil um poss\u00edvel governo de Michel Temer, como tamb\u00e9m n\u00e3o seria nada c\u00f4moda a posi\u00e7\u00e3o da presidenta Dilma Rousseff na possibilidade, hoje considerada bastante remota, de sua perman\u00eancia na Presid\u00eancia da Rep\u00fablica.<\/p>\n<p>Em qualquer das duas possibilidades, as dificuldades ser\u00e3o muitas, considerando n\u00e3o s\u00f3 a crise econ\u00f4mica pela qual passa o pa\u00eds, mas, principalmente, em fun\u00e7\u00e3o da crise \u00e9tica e moral que atinge a nossa representatividade pol\u00edtica. \u00c9 fundamental que o pa\u00eds seja passado a limpo, e a Pol\u00edcia Federal, o Minist\u00e9rio P\u00fablico e o Judici\u00e1rio caminham nessa dire\u00e7\u00e3o com total apoio da sociedade, doa a quem doer. Isto \u00e9 fato. Os delatores presos atiram para todos os lados, com alvos fixos ou m\u00f3veis, a pol\u00edcia investiga, o Minist\u00e9rio P\u00fablico denuncia e o Judici\u00e1rio decide. Tem sido assim, e a esperan\u00e7a \u00e9 que alguma coisa possa mudar para melhor.<\/p>\n<p>Antes da primeira elei\u00e7\u00e3o da Dilma, j\u00e1 se sabia que o Lula, por absoluta falta de op\u00e7\u00e3o, estava elegendo um \u201cposte\u201d. Mas apesar de todas as evid\u00eancias de haver nos bastidores governamentais um projeto de poder, n\u00e3o se sabia da sua extens\u00e3o e muito menos o quanto esse projeto se tornaria mal\u00e9fico para o pa\u00eds. Sem contar as arquiteturas do roubo, dos desvios, dos assaltos \u00e0s estatais, do aparelhamento do Estado, das mentiras apregoadas v\u00e1rias vezes com o mesmo teor para que parecessem verdades absolutas, conseguiram, tamb\u00e9m, desmontar o maior patrim\u00f4nio adquirido pelos brasileiros, que foi a estabiliza\u00e7\u00e3o da economia herdada sem custos maiores do governo FHC. Hoje, a recess\u00e3o, a paralisia da economia e o desemprego s\u00e3o realidades que batem \u00e0 porta de todos os brasileiros, seguidores do lulopetismo ou n\u00e3o.<\/p>\n<p>Para recompor o pa\u00eds, ser\u00e1 necess\u00e1rio, al\u00e9m de muito trabalho, restabelecer a confian\u00e7a dos brasileiros e do mercado internacional. Mais do que isso. N\u00e3o haver\u00e1 mais espa\u00e7os para o erro ou para os conchavos daqueles que s\u00f3 pensam na pr\u00f3xima elei\u00e7\u00e3o. O pr\u00f3ximo presidente, caso haja mesmo a derrocada dos assaltantes do poder, ter\u00e1 que ser, num curto espa\u00e7o de tempo, um iluminado para restabelecer a responsabilidade fiscal, promover os ajustes necess\u00e1rios, fazer as reformas estruturais, reconduzir as estatais ao crescimento e desmontar o aparelhamento do Estado. E com a onda de desconfian\u00e7a que ronda o povo brasileiro, as dificuldades de recomposi\u00e7\u00e3o do pa\u00eds, seja pol\u00edtica ou econ\u00f4mica, ter\u00e3o muitos entraves.<\/p>\n<p>O fato ineg\u00e1vel \u00e9 que h\u00e1 uma expectativa enorme quanto ao desenrolar dos acontecimentos. E sempre me perguntam na rua: \u201cE a \u2018mulher\u2019, cai ou n\u00e3o cai? E se cair, vai melhorar?\u201d Respondo aos meus interlocutores: \u201cTenho esperan\u00e7as de que se vislumbre uma luz no fim do t\u00fanel, mas n\u00e3o se sabe. S\u00f3 o futuro dir\u00e1\u201d. S\u00f3 sei que as dificuldades ser\u00e3o muitas, mas me permito lembrar o grande \u201cfil\u00f3sofo\u201d Titirica: \u201cPior do que t\u00e1 n\u00e3o fica\u201d.<\/p>\n","protected":false},"excerpt":{"rendered":"<p>N\u00e3o ser\u00e1 f\u00e1cil um poss\u00edvel governo de Michel Temer, como tamb\u00e9m n\u00e3o seria nada c\u00f4moda a posi\u00e7\u00e3o da presidenta Dilma Rousseff na possibilidade, hoje considerada bastante remota, de sua perman\u00eancia na Presid\u00eancia da Rep\u00fablica. Em qualquer das duas possibilidades, as dificuldades ser\u00e3o muitas, considerando n\u00e3o s\u00f3 a crise econ\u00f4mica pela qual passa o pa\u00eds, mas, &#8230; <a title=\"Um futuro pouco promissor\" class=\"read-more\" href=\"https:\/\/anoticiaonline.com.br\/site\/um-futuro-pouco-promissor\/\" aria-label=\"Read more about Um futuro pouco promissor\">Ler mais<\/a><\/p>\n","protected":false},"author":2,"featured_media":0,"comment_status":"open","ping_status":"open","sticky":false,"template":"","format":"standard","meta":{"_acf_changed":false,"_monsterinsights_skip_tracking":false,"footnotes":""},"categories":[33],"tags":[],"class_list":["post-12794","post","type-post","status-publish","format-standard","hentry","category-politica-e-atualidades-francisco-laviola"],"acf":[],"aioseo_notices":[],"aioseo_head":"\n\t\t<!-- All in One SEO 5.0.0.1 - aioseo.com -->\n\t<meta name=\"description\" content=\"N\u00e3o ser\u00e1 f\u00e1cil um poss\u00edvel governo de Michel Temer, como tamb\u00e9m n\u00e3o seria nada c\u00f4moda a posi\u00e7\u00e3o da presidenta Dilma Rousseff na possibilidade, hoje considerada bastante remota, de sua perman\u00eancia na Presid\u00eancia da Rep\u00fablica. Em qualquer das duas possibilidades, as dificuldades ser\u00e3o muitas, considerando n\u00e3o s\u00f3 a crise econ\u00f4mica pela qual passa o pa\u00eds, mas,\" \/>\n\t<meta name=\"robots\" content=\"max-image-preview:large\" \/>\n\t<meta name=\"author\" content=\"Juliana Laviola\"\/>\n\t<link rel=\"canonical\" href=\"https:\/\/anoticiaonline.com.br\/site\/um-futuro-pouco-promissor\/\" \/>\n\t<meta name=\"generator\" content=\"All in One SEO (AIOSEO) 5.0.0.1\" \/>\n\t\t<meta property=\"og:locale\" content=\"pt_BR\" \/>\n\t\t<meta property=\"og:site_name\" content=\"A Not\u00edcia Online - Noticias de Muria\u00e9 e regi\u00e3o\" \/>\n\t\t<meta property=\"og:type\" content=\"article\" \/>\n\t\t<meta property=\"og:title\" content=\"Um futuro pouco promissor - A Not\u00edcia Online\" \/>\n\t\t<meta property=\"og:description\" content=\"N\u00e3o ser\u00e1 f\u00e1cil um poss\u00edvel governo de Michel Temer, como tamb\u00e9m n\u00e3o seria nada c\u00f4moda a posi\u00e7\u00e3o da presidenta Dilma Rousseff na possibilidade, hoje considerada bastante remota, de sua perman\u00eancia na Presid\u00eancia da Rep\u00fablica. Em qualquer das duas possibilidades, as dificuldades ser\u00e3o muitas, considerando n\u00e3o s\u00f3 a crise econ\u00f4mica pela qual passa o pa\u00eds, mas,\" \/>\n\t\t<meta property=\"og:url\" content=\"https:\/\/anoticiaonline.com.br\/site\/um-futuro-pouco-promissor\/\" \/>\n\t\t<meta property=\"og:image\" content=\"https:\/\/scontent-gig4-1.xx.fbcdn.net\/v\/t39.30808-1\/270437624_4564083193639691_6907940295614233970_n.jpg?stp=dst-jpg_s200x200_tt6&#038;_nc_cat=111&#038;ccb=1-7&#038;_nc_sid=f907e8&#038;_nc_ohc=SM1wRlP3lJwQ7kNvwEPuBYA&#038;_nc_oc=AdnqrjDN_BNjSSHWO-GbkIWH6fkGMLw4bqvL_NH6e2wMveX7G-rP2dAqsDSq1mJMOaY&#038;_nc_zt=24&#038;_nc_ht=scontent-gig4-1.xx&#038;_nc_gid=AoBFJeGrT1hVaew_6rchkQ&#038;oh=00_AfX7QmFGhQhG2jAllVgXCiM1ZrWgvtp80-Bfppyexh1QEg&#038;oe=689E923C\" \/>\n\t\t<meta property=\"og:image:secure_url\" content=\"https:\/\/scontent-gig4-1.xx.fbcdn.net\/v\/t39.30808-1\/270437624_4564083193639691_6907940295614233970_n.jpg?stp=dst-jpg_s200x200_tt6&#038;_nc_cat=111&#038;ccb=1-7&#038;_nc_sid=f907e8&#038;_nc_ohc=SM1wRlP3lJwQ7kNvwEPuBYA&#038;_nc_oc=AdnqrjDN_BNjSSHWO-GbkIWH6fkGMLw4bqvL_NH6e2wMveX7G-rP2dAqsDSq1mJMOaY&#038;_nc_zt=24&#038;_nc_ht=scontent-gig4-1.xx&#038;_nc_gid=AoBFJeGrT1hVaew_6rchkQ&#038;oh=00_AfX7QmFGhQhG2jAllVgXCiM1ZrWgvtp80-Bfppyexh1QEg&#038;oe=689E923C\" \/>\n\t\t<meta property=\"article:published_time\" content=\"2016-05-05T22:03:30+00:00\" \/>\n\t\t<meta property=\"article:modified_time\" content=\"2016-05-05T22:03:30+00:00\" \/>\n\t\t<meta name=\"twitter:card\" content=\"summary_large_image\" \/>\n\t\t<meta name=\"twitter:title\" content=\"Um futuro pouco promissor - A Not\u00edcia Online\" \/>\n\t\t<meta name=\"twitter:description\" content=\"N\u00e3o ser\u00e1 f\u00e1cil um poss\u00edvel governo de Michel Temer, como tamb\u00e9m n\u00e3o seria nada c\u00f4moda a posi\u00e7\u00e3o da presidenta Dilma Rousseff na possibilidade, hoje considerada bastante remota, de sua perman\u00eancia na Presid\u00eancia da Rep\u00fablica. Em qualquer das duas possibilidades, as dificuldades ser\u00e3o muitas, considerando n\u00e3o s\u00f3 a crise econ\u00f4mica pela qual passa o pa\u00eds, mas,\" \/>\n\t\t<meta name=\"twitter:image\" content=\"https:\/\/scontent-gig4-1.xx.fbcdn.net\/v\/t39.30808-1\/270437624_4564083193639691_6907940295614233970_n.jpg?stp=dst-jpg_s200x200_tt6&amp;_nc_cat=111&amp;ccb=1-7&amp;_nc_sid=f907e8&amp;_nc_ohc=SM1wRlP3lJwQ7kNvwEPuBYA&amp;_nc_oc=AdnqrjDN_BNjSSHWO-GbkIWH6fkGMLw4bqvL_NH6e2wMveX7G-rP2dAqsDSq1mJMOaY&amp;_nc_zt=24&amp;_nc_ht=scontent-gig4-1.xx&amp;_nc_gid=AoBFJeGrT1hVaew_6rchkQ&amp;oh=00_AfX7QmFGhQhG2jAllVgXCiM1ZrWgvtp80-Bfppyexh1QEg&amp;oe=689E923C\" \/>\n\t\t<script type=\"application\/ld+json\" class=\"aioseo-schema\">\n\t\t\t{\"@context\":\"https:\\\/\\\/schema.org\",\"@graph\":[{\"@type\":\"BlogPosting\",\"@id\":\"https:\\\/\\\/anoticiaonline.com.br\\\/site\\\/um-futuro-pouco-promissor\\\/#blogposting\",\"name\":\"Um futuro pouco promissor - A Not\\u00edcia Online\",\"headline\":\"Um futuro pouco promissor\",\"author\":{\"@id\":\"https:\\\/\\\/anoticiaonline.com.br\\\/site\\\/author\\\/juliana\\\/#author\"},\"publisher\":{\"@id\":\"https:\\\/\\\/anoticiaonline.com.br\\\/site\\\/#organization\"},\"image\":{\"@type\":\"ImageObject\",\"url\":\"https:\\\/\\\/scontent-gig4-1.xx.fbcdn.net\\\/v\\\/t39.30808-1\\\/270437624_4564083193639691_6907940295614233970_n.jpg?stp=dst-jpg_s200x200_tt6&_nc_cat=111&ccb=1-7&_nc_sid=f907e8&_nc_ohc=SM1wRlP3lJwQ7kNvwEPuBYA&_nc_oc=AdnqrjDN_BNjSSHWO-GbkIWH6fkGMLw4bqvL_NH6e2wMveX7G-rP2dAqsDSq1mJMOaY&_nc_zt=24&_nc_ht=scontent-gig4-1.xx&_nc_gid=AoBFJeGrT1hVaew_6rchkQ&oh=00_AfX7QmFGhQhG2jAllVgXCiM1ZrWgvtp80-Bfppyexh1QEg&oe=689E923C\",\"@id\":\"https:\\\/\\\/anoticiaonline.com.br\\\/site\\\/#articleImage\"},\"datePublished\":\"2016-05-05T19:03:30-03:00\",\"dateModified\":\"2016-05-05T19:03:30-03:00\",\"inLanguage\":\"pt-BR\",\"mainEntityOfPage\":{\"@id\":\"https:\\\/\\\/anoticiaonline.com.br\\\/site\\\/um-futuro-pouco-promissor\\\/#webpage\"},\"isPartOf\":{\"@id\":\"https:\\\/\\\/anoticiaonline.com.br\\\/site\\\/um-futuro-pouco-promissor\\\/#webpage\"},\"articleSection\":\"Pol\\u00edtica e Atualidades - Francisco Laviola\"},{\"@type\":\"BreadcrumbList\",\"@id\":\"https:\\\/\\\/anoticiaonline.com.br\\\/site\\\/um-futuro-pouco-promissor\\\/#breadcrumblist\",\"itemListElement\":[{\"@type\":\"ListItem\",\"@id\":\"https:\\\/\\\/anoticiaonline.com.br\\\/site#listItem\",\"position\":1,\"name\":\"Home\",\"item\":\"https:\\\/\\\/anoticiaonline.com.br\\\/site\",\"nextItem\":{\"@type\":\"ListItem\",\"@id\":\"https:\\\/\\\/anoticiaonline.com.br\\\/site\\\/categoria\\\/colunistas\\\/#listItem\",\"name\":\"Colunistas\"}},{\"@type\":\"ListItem\",\"@id\":\"https:\\\/\\\/anoticiaonline.com.br\\\/site\\\/categoria\\\/colunistas\\\/#listItem\",\"position\":2,\"name\":\"Colunistas\",\"item\":\"https:\\\/\\\/anoticiaonline.com.br\\\/site\\\/categoria\\\/colunistas\\\/\",\"nextItem\":{\"@type\":\"ListItem\",\"@id\":\"https:\\\/\\\/anoticiaonline.com.br\\\/site\\\/categoria\\\/colunistas\\\/politica-e-atualidades-francisco-laviola\\\/#listItem\",\"name\":\"Pol\\u00edtica e Atualidades - Francisco Laviola\"},\"previousItem\":{\"@type\":\"ListItem\",\"@id\":\"https:\\\/\\\/anoticiaonline.com.br\\\/site#listItem\",\"name\":\"Home\"}},{\"@type\":\"ListItem\",\"@id\":\"https:\\\/\\\/anoticiaonline.com.br\\\/site\\\/categoria\\\/colunistas\\\/politica-e-atualidades-francisco-laviola\\\/#listItem\",\"position\":3,\"name\":\"Pol\\u00edtica e Atualidades - Francisco Laviola\",\"item\":\"https:\\\/\\\/anoticiaonline.com.br\\\/site\\\/categoria\\\/colunistas\\\/politica-e-atualidades-francisco-laviola\\\/\",\"nextItem\":{\"@type\":\"ListItem\",\"@id\":\"https:\\\/\\\/anoticiaonline.com.br\\\/site\\\/um-futuro-pouco-promissor\\\/#listItem\",\"name\":\"Um futuro pouco promissor\"},\"previousItem\":{\"@type\":\"ListItem\",\"@id\":\"https:\\\/\\\/anoticiaonline.com.br\\\/site\\\/categoria\\\/colunistas\\\/#listItem\",\"name\":\"Colunistas\"}},{\"@type\":\"ListItem\",\"@id\":\"https:\\\/\\\/anoticiaonline.com.br\\\/site\\\/um-futuro-pouco-promissor\\\/#listItem\",\"position\":4,\"name\":\"Um futuro pouco promissor\",\"previousItem\":{\"@type\":\"ListItem\",\"@id\":\"https:\\\/\\\/anoticiaonline.com.br\\\/site\\\/categoria\\\/colunistas\\\/politica-e-atualidades-francisco-laviola\\\/#listItem\",\"name\":\"Pol\\u00edtica e Atualidades - Francisco Laviola\"}}]},{\"@type\":\"Organization\",\"@id\":\"https:\\\/\\\/anoticiaonline.com.br\\\/site\\\/#organization\",\"name\":\"A Not\\u00edcia Online\",\"description\":\"Noticias de Muria\\u00e9 e regi\\u00e3o\",\"url\":\"https:\\\/\\\/anoticiaonline.com.br\\\/site\\\/\",\"logo\":{\"@type\":\"ImageObject\",\"url\":\"https:\\\/\\\/scontent-gig4-1.xx.fbcdn.net\\\/v\\\/t39.30808-1\\\/270437624_4564083193639691_6907940295614233970_n.jpg?stp=dst-jpg_s200x200_tt6&_nc_cat=111&ccb=1-7&_nc_sid=f907e8&_nc_ohc=SM1wRlP3lJwQ7kNvwEPuBYA&_nc_oc=AdnqrjDN_BNjSSHWO-GbkIWH6fkGMLw4bqvL_NH6e2wMveX7G-rP2dAqsDSq1mJMOaY&_nc_zt=24&_nc_ht=scontent-gig4-1.xx&_nc_gid=AoBFJeGrT1hVaew_6rchkQ&oh=00_AfX7QmFGhQhG2jAllVgXCiM1ZrWgvtp80-Bfppyexh1QEg&oe=689E923C\",\"@id\":\"https:\\\/\\\/anoticiaonline.com.br\\\/site\\\/um-futuro-pouco-promissor\\\/#organizationLogo\"},\"image\":{\"@id\":\"https:\\\/\\\/anoticiaonline.com.br\\\/site\\\/um-futuro-pouco-promissor\\\/#organizationLogo\"}},{\"@type\":\"Person\",\"@id\":\"https:\\\/\\\/anoticiaonline.com.br\\\/site\\\/author\\\/juliana\\\/#author\",\"url\":\"https:\\\/\\\/anoticiaonline.com.br\\\/site\\\/author\\\/juliana\\\/\",\"name\":\"Juliana Laviola\",\"image\":{\"@type\":\"ImageObject\",\"@id\":\"https:\\\/\\\/anoticiaonline.com.br\\\/site\\\/um-futuro-pouco-promissor\\\/#authorImage\",\"url\":\"https:\\\/\\\/secure.gravatar.com\\\/avatar\\\/b8d45f5c699b100dfaf0e543582f38f38bf94cb7ae3a5e9abf8d891a34773335?s=96&d=mm&r=g\",\"width\":96,\"height\":96,\"caption\":\"Juliana Laviola\"}},{\"@type\":\"WebPage\",\"@id\":\"https:\\\/\\\/anoticiaonline.com.br\\\/site\\\/um-futuro-pouco-promissor\\\/#webpage\",\"url\":\"https:\\\/\\\/anoticiaonline.com.br\\\/site\\\/um-futuro-pouco-promissor\\\/\",\"name\":\"Um futuro pouco promissor - A Not\\u00edcia Online\",\"description\":\"N\\u00e3o ser\\u00e1 f\\u00e1cil um poss\\u00edvel governo de Michel Temer, como tamb\\u00e9m n\\u00e3o seria nada c\\u00f4moda a posi\\u00e7\\u00e3o da presidenta Dilma Rousseff na possibilidade, hoje considerada bastante remota, de sua perman\\u00eancia na Presid\\u00eancia da Rep\\u00fablica. Em qualquer das duas possibilidades, as dificuldades ser\\u00e3o muitas, considerando n\\u00e3o s\\u00f3 a crise econ\\u00f4mica pela qual passa o pa\\u00eds, mas,\",\"inLanguage\":\"pt-BR\",\"isPartOf\":{\"@id\":\"https:\\\/\\\/anoticiaonline.com.br\\\/site\\\/#website\"},\"breadcrumb\":{\"@id\":\"https:\\\/\\\/anoticiaonline.com.br\\\/site\\\/um-futuro-pouco-promissor\\\/#breadcrumblist\"},\"author\":{\"@id\":\"https:\\\/\\\/anoticiaonline.com.br\\\/site\\\/author\\\/juliana\\\/#author\"},\"creator\":{\"@id\":\"https:\\\/\\\/anoticiaonline.com.br\\\/site\\\/author\\\/juliana\\\/#author\"},\"datePublished\":\"2016-05-05T19:03:30-03:00\",\"dateModified\":\"2016-05-05T19:03:30-03:00\"},{\"@type\":\"WebSite\",\"@id\":\"https:\\\/\\\/anoticiaonline.com.br\\\/site\\\/#website\",\"url\":\"https:\\\/\\\/anoticiaonline.com.br\\\/site\\\/\",\"name\":\"A Not\\u00edcia Online\",\"description\":\"Noticias de Muria\\u00e9 e regi\\u00e3o\",\"inLanguage\":\"pt-BR\",\"publisher\":{\"@id\":\"https:\\\/\\\/anoticiaonline.com.br\\\/site\\\/#organization\"}}]}\n\t\t<\/script>\n\t\t<!-- All in One SEO -->\n\n","aioseo_head_json":{"title":"Um futuro pouco promissor - A Not\u00edcia Online","description":"N\u00e3o ser\u00e1 f\u00e1cil um poss\u00edvel governo de Michel Temer, como tamb\u00e9m n\u00e3o seria nada c\u00f4moda a posi\u00e7\u00e3o da presidenta Dilma Rousseff na possibilidade, hoje considerada bastante remota, de sua perman\u00eancia na Presid\u00eancia da Rep\u00fablica. Em qualquer das duas possibilidades, as dificuldades ser\u00e3o muitas, considerando n\u00e3o s\u00f3 a crise econ\u00f4mica pela qual passa o pa\u00eds, mas,","canonical_url":"https:\/\/anoticiaonline.com.br\/site\/um-futuro-pouco-promissor\/","robots":"max-image-preview:large","keywords":"","webmasterTools":{"miscellaneous":""},"schema":{"@context":"https:\/\/schema.org","@graph":[{"@type":"BlogPosting","@id":"https:\/\/anoticiaonline.com.br\/site\/um-futuro-pouco-promissor\/#blogposting","name":"Um futuro pouco promissor - A Not\u00edcia Online","headline":"Um futuro pouco promissor","author":{"@id":"https:\/\/anoticiaonline.com.br\/site\/author\/juliana\/#author"},"publisher":{"@id":"https:\/\/anoticiaonline.com.br\/site\/#organization"},"image":{"@type":"ImageObject","url":"https:\/\/scontent-gig4-1.xx.fbcdn.net\/v\/t39.30808-1\/270437624_4564083193639691_6907940295614233970_n.jpg?stp=dst-jpg_s200x200_tt6&_nc_cat=111&ccb=1-7&_nc_sid=f907e8&_nc_ohc=SM1wRlP3lJwQ7kNvwEPuBYA&_nc_oc=AdnqrjDN_BNjSSHWO-GbkIWH6fkGMLw4bqvL_NH6e2wMveX7G-rP2dAqsDSq1mJMOaY&_nc_zt=24&_nc_ht=scontent-gig4-1.xx&_nc_gid=AoBFJeGrT1hVaew_6rchkQ&oh=00_AfX7QmFGhQhG2jAllVgXCiM1ZrWgvtp80-Bfppyexh1QEg&oe=689E923C","@id":"https:\/\/anoticiaonline.com.br\/site\/#articleImage"},"datePublished":"2016-05-05T19:03:30-03:00","dateModified":"2016-05-05T19:03:30-03:00","inLanguage":"pt-BR","mainEntityOfPage":{"@id":"https:\/\/anoticiaonline.com.br\/site\/um-futuro-pouco-promissor\/#webpage"},"isPartOf":{"@id":"https:\/\/anoticiaonline.com.br\/site\/um-futuro-pouco-promissor\/#webpage"},"articleSection":"Pol\u00edtica e Atualidades - Francisco Laviola"},{"@type":"BreadcrumbList","@id":"https:\/\/anoticiaonline.com.br\/site\/um-futuro-pouco-promissor\/#breadcrumblist","itemListElement":[{"@type":"ListItem","@id":"https:\/\/anoticiaonline.com.br\/site#listItem","position":1,"name":"Home","item":"https:\/\/anoticiaonline.com.br\/site","nextItem":{"@type":"ListItem","@id":"https:\/\/anoticiaonline.com.br\/site\/categoria\/colunistas\/#listItem","name":"Colunistas"}},{"@type":"ListItem","@id":"https:\/\/anoticiaonline.com.br\/site\/categoria\/colunistas\/#listItem","position":2,"name":"Colunistas","item":"https:\/\/anoticiaonline.com.br\/site\/categoria\/colunistas\/","nextItem":{"@type":"ListItem","@id":"https:\/\/anoticiaonline.com.br\/site\/categoria\/colunistas\/politica-e-atualidades-francisco-laviola\/#listItem","name":"Pol\u00edtica e Atualidades - Francisco Laviola"},"previousItem":{"@type":"ListItem","@id":"https:\/\/anoticiaonline.com.br\/site#listItem","name":"Home"}},{"@type":"ListItem","@id":"https:\/\/anoticiaonline.com.br\/site\/categoria\/colunistas\/politica-e-atualidades-francisco-laviola\/#listItem","position":3,"name":"Pol\u00edtica e Atualidades - Francisco Laviola","item":"https:\/\/anoticiaonline.com.br\/site\/categoria\/colunistas\/politica-e-atualidades-francisco-laviola\/","nextItem":{"@type":"ListItem","@id":"https:\/\/anoticiaonline.com.br\/site\/um-futuro-pouco-promissor\/#listItem","name":"Um futuro pouco promissor"},"previousItem":{"@type":"ListItem","@id":"https:\/\/anoticiaonline.com.br\/site\/categoria\/colunistas\/#listItem","name":"Colunistas"}},{"@type":"ListItem","@id":"https:\/\/anoticiaonline.com.br\/site\/um-futuro-pouco-promissor\/#listItem","position":4,"name":"Um futuro pouco promissor","previousItem":{"@type":"ListItem","@id":"https:\/\/anoticiaonline.com.br\/site\/categoria\/colunistas\/politica-e-atualidades-francisco-laviola\/#listItem","name":"Pol\u00edtica e Atualidades - Francisco Laviola"}}]},{"@type":"Organization","@id":"https:\/\/anoticiaonline.com.br\/site\/#organization","name":"A Not\u00edcia Online","description":"Noticias de Muria\u00e9 e regi\u00e3o","url":"https:\/\/anoticiaonline.com.br\/site\/","logo":{"@type":"ImageObject","url":"https:\/\/scontent-gig4-1.xx.fbcdn.net\/v\/t39.30808-1\/270437624_4564083193639691_6907940295614233970_n.jpg?stp=dst-jpg_s200x200_tt6&_nc_cat=111&ccb=1-7&_nc_sid=f907e8&_nc_ohc=SM1wRlP3lJwQ7kNvwEPuBYA&_nc_oc=AdnqrjDN_BNjSSHWO-GbkIWH6fkGMLw4bqvL_NH6e2wMveX7G-rP2dAqsDSq1mJMOaY&_nc_zt=24&_nc_ht=scontent-gig4-1.xx&_nc_gid=AoBFJeGrT1hVaew_6rchkQ&oh=00_AfX7QmFGhQhG2jAllVgXCiM1ZrWgvtp80-Bfppyexh1QEg&oe=689E923C","@id":"https:\/\/anoticiaonline.com.br\/site\/um-futuro-pouco-promissor\/#organizationLogo"},"image":{"@id":"https:\/\/anoticiaonline.com.br\/site\/um-futuro-pouco-promissor\/#organizationLogo"}},{"@type":"Person","@id":"https:\/\/anoticiaonline.com.br\/site\/author\/juliana\/#author","url":"https:\/\/anoticiaonline.com.br\/site\/author\/juliana\/","name":"Juliana Laviola","image":{"@type":"ImageObject","@id":"https:\/\/anoticiaonline.com.br\/site\/um-futuro-pouco-promissor\/#authorImage","url":"https:\/\/secure.gravatar.com\/avatar\/b8d45f5c699b100dfaf0e543582f38f38bf94cb7ae3a5e9abf8d891a34773335?s=96&d=mm&r=g","width":96,"height":96,"caption":"Juliana Laviola"}},{"@type":"WebPage","@id":"https:\/\/anoticiaonline.com.br\/site\/um-futuro-pouco-promissor\/#webpage","url":"https:\/\/anoticiaonline.com.br\/site\/um-futuro-pouco-promissor\/","name":"Um futuro pouco promissor - A Not\u00edcia Online","description":"N\u00e3o ser\u00e1 f\u00e1cil um poss\u00edvel governo de Michel Temer, como tamb\u00e9m n\u00e3o seria nada c\u00f4moda a posi\u00e7\u00e3o da presidenta Dilma Rousseff na possibilidade, hoje considerada bastante remota, de sua perman\u00eancia na Presid\u00eancia da Rep\u00fablica. Em qualquer das duas possibilidades, as dificuldades ser\u00e3o muitas, considerando n\u00e3o s\u00f3 a crise econ\u00f4mica pela qual passa o pa\u00eds, mas,","inLanguage":"pt-BR","isPartOf":{"@id":"https:\/\/anoticiaonline.com.br\/site\/#website"},"breadcrumb":{"@id":"https:\/\/anoticiaonline.com.br\/site\/um-futuro-pouco-promissor\/#breadcrumblist"},"author":{"@id":"https:\/\/anoticiaonline.com.br\/site\/author\/juliana\/#author"},"creator":{"@id":"https:\/\/anoticiaonline.com.br\/site\/author\/juliana\/#author"},"datePublished":"2016-05-05T19:03:30-03:00","dateModified":"2016-05-05T19:03:30-03:00"},{"@type":"WebSite","@id":"https:\/\/anoticiaonline.com.br\/site\/#website","url":"https:\/\/anoticiaonline.com.br\/site\/","name":"A Not\u00edcia Online","description":"Noticias de Muria\u00e9 e regi\u00e3o","inLanguage":"pt-BR","publisher":{"@id":"https:\/\/anoticiaonline.com.br\/site\/#organization"}}]},"og:locale":"pt_BR","og:site_name":"A Not\u00edcia Online - Noticias de Muria\u00e9 e regi\u00e3o","og:type":"article","og:title":"Um futuro pouco promissor - A Not\u00edcia Online","og:description":"N\u00e3o ser\u00e1 f\u00e1cil um poss\u00edvel governo de Michel Temer, como tamb\u00e9m n\u00e3o seria nada c\u00f4moda a posi\u00e7\u00e3o da presidenta Dilma Rousseff na possibilidade, hoje considerada bastante remota, de sua perman\u00eancia na Presid\u00eancia da Rep\u00fablica. Em qualquer das duas possibilidades, as dificuldades ser\u00e3o muitas, considerando n\u00e3o s\u00f3 a crise econ\u00f4mica pela qual passa o pa\u00eds, mas,","og:url":"https:\/\/anoticiaonline.com.br\/site\/um-futuro-pouco-promissor\/","og:image":"https:\/\/scontent-gig4-1.xx.fbcdn.net\/v\/t39.30808-1\/270437624_4564083193639691_6907940295614233970_n.jpg?stp=dst-jpg_s200x200_tt6&#038;_nc_cat=111&#038;ccb=1-7&#038;_nc_sid=f907e8&#038;_nc_ohc=SM1wRlP3lJwQ7kNvwEPuBYA&#038;_nc_oc=AdnqrjDN_BNjSSHWO-GbkIWH6fkGMLw4bqvL_NH6e2wMveX7G-rP2dAqsDSq1mJMOaY&#038;_nc_zt=24&#038;_nc_ht=scontent-gig4-1.xx&#038;_nc_gid=AoBFJeGrT1hVaew_6rchkQ&#038;oh=00_AfX7QmFGhQhG2jAllVgXCiM1ZrWgvtp80-Bfppyexh1QEg&#038;oe=689E923C","og:image:secure_url":"https:\/\/scontent-gig4-1.xx.fbcdn.net\/v\/t39.30808-1\/270437624_4564083193639691_6907940295614233970_n.jpg?stp=dst-jpg_s200x200_tt6&#038;_nc_cat=111&#038;ccb=1-7&#038;_nc_sid=f907e8&#038;_nc_ohc=SM1wRlP3lJwQ7kNvwEPuBYA&#038;_nc_oc=AdnqrjDN_BNjSSHWO-GbkIWH6fkGMLw4bqvL_NH6e2wMveX7G-rP2dAqsDSq1mJMOaY&#038;_nc_zt=24&#038;_nc_ht=scontent-gig4-1.xx&#038;_nc_gid=AoBFJeGrT1hVaew_6rchkQ&#038;oh=00_AfX7QmFGhQhG2jAllVgXCiM1ZrWgvtp80-Bfppyexh1QEg&#038;oe=689E923C","article:published_time":"2016-05-05T22:03:30+00:00","article:modified_time":"2016-05-05T22:03:30+00:00","twitter:card":"summary_large_image","twitter:title":"Um futuro pouco promissor - A Not\u00edcia Online","twitter:description":"N\u00e3o ser\u00e1 f\u00e1cil um poss\u00edvel governo de Michel Temer, como tamb\u00e9m n\u00e3o seria nada c\u00f4moda a posi\u00e7\u00e3o da presidenta Dilma Rousseff na possibilidade, hoje considerada bastante remota, de sua perman\u00eancia na Presid\u00eancia da Rep\u00fablica. Em qualquer das duas possibilidades, as dificuldades ser\u00e3o muitas, considerando n\u00e3o s\u00f3 a crise econ\u00f4mica pela qual passa o pa\u00eds, mas,","twitter:image":"https:\/\/scontent-gig4-1.xx.fbcdn.net\/v\/t39.30808-1\/270437624_4564083193639691_6907940295614233970_n.jpg?stp=dst-jpg_s200x200_tt6&_nc_cat=111&ccb=1-7&_nc_sid=f907e8&_nc_ohc=SM1wRlP3lJwQ7kNvwEPuBYA&_nc_oc=AdnqrjDN_BNjSSHWO-GbkIWH6fkGMLw4bqvL_NH6e2wMveX7G-rP2dAqsDSq1mJMOaY&_nc_zt=24&_nc_ht=scontent-gig4-1.xx&_nc_gid=AoBFJeGrT1hVaew_6rchkQ&oh=00_AfX7QmFGhQhG2jAllVgXCiM1ZrWgvtp80-Bfppyexh1QEg&oe=689E923C"},"aioseo_meta_data":{"post_id":"12794","title":null,"description":null,"keywords":null,"keyphrases":null,"primary_term":null,"canonical_url":null,"og_title":null,"og_description":null,"og_object_type":"default","og_image_type":"default","og_image_url":null,"og_image_width":null,"og_image_height":null,"og_image_custom_url":null,"og_image_custom_fields":null,"og_video":null,"og_custom_url":null,"og_article_section":null,"og_article_tags":null,"twitter_use_og":false,"twitter_card":"default","twitter_image_type":"default","twitter_image_url":null,"twitter_image_custom_url":null,"twitter_image_custom_fields":null,"twitter_title":null,"twitter_description":null,"schema":{"blockGraphs":[],"customGraphs":[],"default":{"data":{"Article":[],"Course":[],"Dataset":[],"FAQPage":[],"Movie":[],"Person":[],"Product":[],"ProductReview":[],"Car":[],"Recipe":[],"Service":[],"SoftwareApplication":[],"WebPage":[]},"graphName":"","isEnabled":true},"graphs":[]},"schema_type":"default","schema_type_options":null,"pillar_content":false,"robots_default":true,"robots_noindex":false,"robots_noarchive":false,"robots_nosnippet":false,"robots_nofollow":false,"robots_noimageindex":false,"robots_noodp":false,"robots_notranslate":false,"robots_max_snippet":null,"robots_max_videopreview":null,"robots_max_imagepreview":"large","priority":null,"frequency":null,"local_seo":null,"breadcrumb_settings":null,"limit_modified_date":false,"ai":null,"created":"2025-08-16 15:56:25","updated":"2025-08-16 15:56:25","focus_keyword":null,"additional_keywords":null,"truseo_locale":null,"seo_analyzer_scan_date":null},"aioseo_breadcrumb":"<div class=\"aioseo-breadcrumbs\"><span class=\"aioseo-breadcrumb\">\n\t\t\t<a href=\"https:\/\/anoticiaonline.com.br\/site\" title=\"Home\">Home<\/a>\n\t\t<\/span><span class=\"aioseo-breadcrumb-separator\">&raquo;<\/span><span class=\"aioseo-breadcrumb\">\n\t\t\t<a href=\"https:\/\/anoticiaonline.com.br\/site\/categoria\/colunistas\/\" title=\"Colunistas\">Colunistas<\/a>\n\t\t<\/span><span class=\"aioseo-breadcrumb-separator\">&raquo;<\/span><span class=\"aioseo-breadcrumb\">\n\t\t\t<a href=\"https:\/\/anoticiaonline.com.br\/site\/categoria\/colunistas\/politica-e-atualidades-francisco-laviola\/\" title=\"Pol\u00edtica e Atualidades - Francisco Laviola\">Pol\u00edtica e Atualidades - Francisco Laviola<\/a>\n\t\t<\/span><span class=\"aioseo-breadcrumb-separator\">&raquo;<\/span><span class=\"aioseo-breadcrumb\">\n\t\t\tUm futuro pouco promissor\n\t\t<\/span><\/div>","aioseo_breadcrumb_json":[{"label":"Home","link":"https:\/\/anoticiaonline.com.br\/site"},{"label":"Colunistas","link":"https:\/\/anoticiaonline.com.br\/site\/categoria\/colunistas\/"},{"label":"Pol\u00edtica e Atualidades - Francisco Laviola","link":"https:\/\/anoticiaonline.com.br\/site\/categoria\/colunistas\/politica-e-atualidades-francisco-laviola\/"},{"label":"Um futuro pouco promissor","link":"https:\/\/anoticiaonline.com.br\/site\/um-futuro-pouco-promissor\/"}],"views":131,"_links":{"self":[{"href":"https:\/\/anoticiaonline.com.br\/site\/wp-json\/wp\/v2\/posts\/12794","targetHints":{"allow":["GET"]}}],"collection":[{"href":"https:\/\/anoticiaonline.com.br\/site\/wp-json\/wp\/v2\/posts"}],"about":[{"href":"https:\/\/anoticiaonline.com.br\/site\/wp-json\/wp\/v2\/types\/post"}],"author":[{"embeddable":true,"href":"https:\/\/anoticiaonline.com.br\/site\/wp-json\/wp\/v2\/users\/2"}],"replies":[{"embeddable":true,"href":"https:\/\/anoticiaonline.com.br\/site\/wp-json\/wp\/v2\/comments?post=12794"}],"version-history":[{"count":0,"href":"https:\/\/anoticiaonline.com.br\/site\/wp-json\/wp\/v2\/posts\/12794\/revisions"}],"wp:attachment":[{"href":"https:\/\/anoticiaonline.com.br\/site\/wp-json\/wp\/v2\/media?parent=12794"}],"wp:term":[{"taxonomy":"category","embeddable":true,"href":"https:\/\/anoticiaonline.com.br\/site\/wp-json\/wp\/v2\/categories?post=12794"},{"taxonomy":"post_tag","embeddable":true,"href":"https:\/\/anoticiaonline.com.br\/site\/wp-json\/wp\/v2\/tags?post=12794"}],"curies":[{"name":"wp","href":"https:\/\/api.w.org\/{rel}","templated":true}]}}