{"id":12754,"date":"2016-05-05T16:59:15","date_gmt":"2016-05-05T19:59:15","guid":{"rendered":"http:\/\/anoticiaonline.com.br\/site\/?p=12754"},"modified":"2016-08-09T09:31:45","modified_gmt":"2016-08-09T12:31:45","slug":"clima-air-muriae-inova-e-instala-ar-condicionado-em-fusca-dos-anos-80","status":"publish","type":"post","link":"https:\/\/anoticiaonline.com.br\/site\/clima-air-muriae-inova-e-instala-ar-condicionado-em-fusca-dos-anos-80\/","title":{"rendered":"Clima Air Muria\u00e9 inova e instala ar condicionado em Fusca dos anos 80"},"content":{"rendered":"<p><a href=\"https:\/\/anoticiaonline.com.br\/site\/wp-content\/uploads\/2016\/05\/DSC_0103.jpg\"><img decoding=\"async\" class=\" size-medium wp-image-12755 alignleft\" src=\"https:\/\/anoticiaonline.com.br\/site\/wp-content\/uploads\/2016\/05\/DSC_0103-300x162.jpg\" alt=\"DSC_0103\" width=\"300\" height=\"162\" srcset=\"https:\/\/anoticiaonline.com.br\/site\/wp-content\/uploads\/2016\/05\/DSC_0103-300x162.jpg 300w, https:\/\/anoticiaonline.com.br\/site\/wp-content\/uploads\/2016\/05\/DSC_0103.jpg 640w\" sizes=\"(max-width: 300px) 100vw, 300px\" \/><\/a>Algo que parecia um sonho talvez imposs\u00edvel se tornou realidade: um Fusca dos anos 80 ter ar condicionado. Pois foi exatamente este desejo de Sebasti\u00e3o Nunes Bevilacqua, propriet\u00e1rio do ve\u00edculo, que a Clima Air Muria\u00e9, conseguiu tornar real. A empresa inovou e oferece mais um servi\u00e7o em seu mix de produtos.<\/p>\n<p>Sebasti\u00e3o, que \u00e9 natural de Carangola, mas reside em Muria\u00e9 h\u00e1 quase tr\u00eas d\u00e9cadas, tem uma enorme paix\u00e3o pelo seu Fusca. Tem quase 30 anos que ele possui o ve\u00edculo, que se tornou seu xod\u00f3, como ele mesmo considera. \u201cVenho cuidando e colocando acess\u00f3rios neste Fusca desde que eu o comprei. Chegou um tempo que eu resolvi colocar ar condicionado nele. Fui a S\u00e3o Paulo, no Morumbi, tentar instalar ar condicionado nele, mas como tinha que deixar meu carro por l\u00e1 por 30 dias, na \u00e9poca eu resolvi n\u00e3o colocar\u201d, relata Sebasti\u00e3o.<\/p>\n<p>Por\u00e9m, o desejo de climatizar o ve\u00edculo n\u00e3o acabou. \u201cAt\u00e9 ent\u00e3o, n\u00e3o tinha conseguido nenhum profissional especializado para instalar o ar condicionado no meu Fusca. Quando fiquei sabendo que a Clima Air Muria\u00e9 poderia fazer esse servi\u00e7o, confie no trabalho deles. Fui muito bem atendido e o servi\u00e7o foi r\u00e1pido\u201d, conta.<\/p>\n<p>Os propriet\u00e1rios da Clima Air Muria\u00e9 contam que encontrar pe\u00e7as para Fusca \u00e9 dif\u00edcil, mas conseguiram contato com uma f\u00e1brica, no Rio Grande do Sul, que aceitou o desafio e desenvolveu o projeto. \u201cO senhor Sebasti\u00e3o chegou na empresa decepcionado e muito frustrado, querendo instalar ar condicionado em seu Fusca. Sabemos que achar pe\u00e7as para Fusca \u00e9 um pouco dif\u00edcil, mas n\u00f3s conseguimos contato com uma f\u00e1brica, que aceitou o desafio e desenvolveu esta caixa de ar condicionado. Desde o in\u00edcio, respeitamos todos os requisitos que o cliente pediu, pois sab\u00edamos do amor que ele tem pelo carro\u201d, dizem.<\/p>\n<p><a href=\"https:\/\/anoticiaonline.com.br\/site\/wp-content\/uploads\/2016\/05\/DSC_0076.jpg\"><img fetchpriority=\"high\" decoding=\"async\" class=\" size-medium wp-image-12756 alignleft\" src=\"https:\/\/anoticiaonline.com.br\/site\/wp-content\/uploads\/2016\/05\/DSC_0076-300x196.jpg\" alt=\"DSC_0076\" width=\"300\" height=\"196\" srcset=\"https:\/\/anoticiaonline.com.br\/site\/wp-content\/uploads\/2016\/05\/DSC_0076-300x196.jpg 300w, https:\/\/anoticiaonline.com.br\/site\/wp-content\/uploads\/2016\/05\/DSC_0076.jpg 640w\" sizes=\"(max-width: 300px) 100vw, 300px\" \/><\/a>Um engenheiro mec\u00e2nico do Rio Grande do Sul desenhou as pe\u00e7as, pois n\u00e3o existe ar condicionado para o modelo e esses tipos de pe\u00e7as n\u00e3o s\u00e3o mantidos em estoque (elas t\u00eam que ser fabricadas por encomenda). J\u00e1 em Muria\u00e9 aconteceram a instala\u00e7\u00e3o da caixa evaporadora, compressor, mangueiras e o condensador. Todo o processo demorou 15 dias, entre a chegada das pe\u00e7as e a instala\u00e7\u00e3o do aparelho de refrigera\u00e7\u00e3o. \u201cPara n\u00f3s, foi muito bom ver o cliente satisfeito. Fizemos o melhor poss\u00edvel, e o resultado ficou excelente, perfeito. Estamos muito felizes\u201d, avaliam os empres\u00e1rios da Clima Air Muria\u00e9.<\/p>\n<p>Localizada Avenida Jos\u00e9 M\u00e1ximo Ribeiro, 568, no bairro Jo\u00e3o XXIII, a Clima Air Muria\u00e9, empresa do ramo de manuten\u00e7\u00e3o de ar condicionado para ve\u00edculos, oferece servi\u00e7os de manuten\u00e7\u00e3o e instala\u00e7\u00e3o de ar condicionado automotivo, oficina e venda de pe\u00e7as especializadas. A empresa come\u00e7ou suas atividades em 1978 (h\u00e1 38 anos), no estado do Rio de Janeiro, e hoje possui seis lojas. O telefone para contato \u00e9 o 3721-9834.<\/p>\n<p>Agora, ap\u00f3s dez anos de tentativas de climatizar o seu \u201cfusquinha\u201d, Sebasti\u00e3o saiu da Clima Air Muria\u00e9 com o sonho realizado e com o Fusca anos 80 com ar condicionado. \u201cTudo ficou do jeito que eu queria, como eu sonhei\u201d, finaliza Sebasti\u00e3o Bevilacqua, satisfeito com o resultado. Este \u00e9 o primeiro Fusca com ar condicionado da cidade.<\/p>\n<p>&nbsp;<\/p>\n<p><img decoding=\"async\" class=\"ngg_displayed_gallery mceItem\" src=\"https:\/\/anoticiaonline.com.br\/site\/nextgen-attach_to_post\/preview\/id--12783\" alt=\"\" \/><\/p>\n<p>&nbsp;<\/p>\n","protected":false},"excerpt":{"rendered":"<p>Algo que parecia um sonho talvez imposs\u00edvel se tornou realidade: um Fusca dos anos 80 ter ar condicionado. Pois foi exatamente este desejo de Sebasti\u00e3o Nunes Bevilacqua, propriet\u00e1rio do ve\u00edculo, que a Clima Air Muria\u00e9, conseguiu tornar real. A empresa inovou e oferece mais um servi\u00e7o em seu mix de produtos. Sebasti\u00e3o, que \u00e9 natural &#8230; <a title=\"Clima Air Muria\u00e9 inova e instala ar condicionado em Fusca dos anos 80\" class=\"read-more\" href=\"https:\/\/anoticiaonline.com.br\/site\/clima-air-muriae-inova-e-instala-ar-condicionado-em-fusca-dos-anos-80\/\" aria-label=\"Read more about Clima Air Muria\u00e9 inova e instala ar condicionado em Fusca dos anos 80\">Ler mais<\/a><\/p>\n","protected":false},"author":2,"featured_media":12755,"comment_status":"open","ping_status":"open","sticky":false,"template":"","format":"standard","meta":{"_acf_changed":false,"_monsterinsights_skip_tracking":false,"footnotes":""},"categories":[24],"tags":[3],"class_list":["post-12754","post","type-post","status-publish","format-standard","has-post-thumbnail","hentry","category-eventos","tag-slide"],"acf":[],"aioseo_notices":[],"aioseo_head":"\n\t\t<!-- All in One SEO 5.0.0.1 - aioseo.com -->\n\t<meta name=\"description\" content=\"Algo que parecia um sonho talvez imposs\u00edvel se tornou realidade: um Fusca dos anos 80 ter ar condicionado. Pois foi exatamente este desejo de Sebasti\u00e3o Nunes Bevilacqua, propriet\u00e1rio do ve\u00edculo, que a Clima Air Muria\u00e9, conseguiu tornar real. A empresa inovou e oferece mais um servi\u00e7o em seu mix de produtos. Sebasti\u00e3o, que \u00e9 natural\" \/>\n\t<meta name=\"robots\" content=\"max-image-preview:large\" \/>\n\t<meta name=\"author\" content=\"Juliana Laviola\"\/>\n\t<link rel=\"canonical\" href=\"https:\/\/anoticiaonline.com.br\/site\/clima-air-muriae-inova-e-instala-ar-condicionado-em-fusca-dos-anos-80\/\" \/>\n\t<meta name=\"generator\" content=\"All in One SEO (AIOSEO) 5.0.0.1\" \/>\n\t\t<meta property=\"og:locale\" content=\"pt_BR\" \/>\n\t\t<meta property=\"og:site_name\" content=\"A Not\u00edcia Online - Noticias de Muria\u00e9 e regi\u00e3o\" \/>\n\t\t<meta property=\"og:type\" content=\"article\" \/>\n\t\t<meta property=\"og:title\" content=\"Clima Air Muria\u00e9 inova e instala ar condicionado em Fusca dos anos 80 - A Not\u00edcia Online\" \/>\n\t\t<meta property=\"og:description\" content=\"Algo que parecia um sonho talvez imposs\u00edvel se tornou realidade: um Fusca dos anos 80 ter ar condicionado. Pois foi exatamente este desejo de Sebasti\u00e3o Nunes Bevilacqua, propriet\u00e1rio do ve\u00edculo, que a Clima Air Muria\u00e9, conseguiu tornar real. A empresa inovou e oferece mais um servi\u00e7o em seu mix de produtos. Sebasti\u00e3o, que \u00e9 natural\" \/>\n\t\t<meta property=\"og:url\" content=\"https:\/\/anoticiaonline.com.br\/site\/clima-air-muriae-inova-e-instala-ar-condicionado-em-fusca-dos-anos-80\/\" \/>\n\t\t<meta property=\"og:image\" content=\"https:\/\/scontent-gig4-1.xx.fbcdn.net\/v\/t39.30808-1\/270437624_4564083193639691_6907940295614233970_n.jpg?stp=dst-jpg_s200x200_tt6&#038;_nc_cat=111&#038;ccb=1-7&#038;_nc_sid=f907e8&#038;_nc_ohc=SM1wRlP3lJwQ7kNvwEPuBYA&#038;_nc_oc=AdnqrjDN_BNjSSHWO-GbkIWH6fkGMLw4bqvL_NH6e2wMveX7G-rP2dAqsDSq1mJMOaY&#038;_nc_zt=24&#038;_nc_ht=scontent-gig4-1.xx&#038;_nc_gid=AoBFJeGrT1hVaew_6rchkQ&#038;oh=00_AfX7QmFGhQhG2jAllVgXCiM1ZrWgvtp80-Bfppyexh1QEg&#038;oe=689E923C\" \/>\n\t\t<meta property=\"og:image:secure_url\" content=\"https:\/\/scontent-gig4-1.xx.fbcdn.net\/v\/t39.30808-1\/270437624_4564083193639691_6907940295614233970_n.jpg?stp=dst-jpg_s200x200_tt6&#038;_nc_cat=111&#038;ccb=1-7&#038;_nc_sid=f907e8&#038;_nc_ohc=SM1wRlP3lJwQ7kNvwEPuBYA&#038;_nc_oc=AdnqrjDN_BNjSSHWO-GbkIWH6fkGMLw4bqvL_NH6e2wMveX7G-rP2dAqsDSq1mJMOaY&#038;_nc_zt=24&#038;_nc_ht=scontent-gig4-1.xx&#038;_nc_gid=AoBFJeGrT1hVaew_6rchkQ&#038;oh=00_AfX7QmFGhQhG2jAllVgXCiM1ZrWgvtp80-Bfppyexh1QEg&#038;oe=689E923C\" \/>\n\t\t<meta property=\"article:published_time\" content=\"2016-05-05T19:59:15+00:00\" \/>\n\t\t<meta property=\"article:modified_time\" content=\"2016-08-09T12:31:45+00:00\" \/>\n\t\t<meta name=\"twitter:card\" content=\"summary_large_image\" \/>\n\t\t<meta name=\"twitter:title\" content=\"Clima Air Muria\u00e9 inova e instala ar condicionado em Fusca dos anos 80 - A Not\u00edcia Online\" \/>\n\t\t<meta name=\"twitter:description\" content=\"Algo que parecia um sonho talvez imposs\u00edvel se tornou realidade: um Fusca dos anos 80 ter ar condicionado. Pois foi exatamente este desejo de Sebasti\u00e3o Nunes Bevilacqua, propriet\u00e1rio do ve\u00edculo, que a Clima Air Muria\u00e9, conseguiu tornar real. A empresa inovou e oferece mais um servi\u00e7o em seu mix de produtos. Sebasti\u00e3o, que \u00e9 natural\" \/>\n\t\t<meta name=\"twitter:image\" content=\"https:\/\/scontent-gig4-1.xx.fbcdn.net\/v\/t39.30808-1\/270437624_4564083193639691_6907940295614233970_n.jpg?stp=dst-jpg_s200x200_tt6&amp;_nc_cat=111&amp;ccb=1-7&amp;_nc_sid=f907e8&amp;_nc_ohc=SM1wRlP3lJwQ7kNvwEPuBYA&amp;_nc_oc=AdnqrjDN_BNjSSHWO-GbkIWH6fkGMLw4bqvL_NH6e2wMveX7G-rP2dAqsDSq1mJMOaY&amp;_nc_zt=24&amp;_nc_ht=scontent-gig4-1.xx&amp;_nc_gid=AoBFJeGrT1hVaew_6rchkQ&amp;oh=00_AfX7QmFGhQhG2jAllVgXCiM1ZrWgvtp80-Bfppyexh1QEg&amp;oe=689E923C\" \/>\n\t\t<script type=\"application\/ld+json\" class=\"aioseo-schema\">\n\t\t\t{\"@context\":\"https:\\\/\\\/schema.org\",\"@graph\":[{\"@type\":\"BlogPosting\",\"@id\":\"https:\\\/\\\/anoticiaonline.com.br\\\/site\\\/clima-air-muriae-inova-e-instala-ar-condicionado-em-fusca-dos-anos-80\\\/#blogposting\",\"name\":\"Clima Air Muria\\u00e9 inova e instala ar condicionado em Fusca dos anos 80 - A Not\\u00edcia Online\",\"headline\":\"Clima Air Muria\\u00e9 inova e instala ar condicionado em Fusca dos anos 80\",\"author\":{\"@id\":\"https:\\\/\\\/anoticiaonline.com.br\\\/site\\\/author\\\/juliana\\\/#author\"},\"publisher\":{\"@id\":\"https:\\\/\\\/anoticiaonline.com.br\\\/site\\\/#organization\"},\"image\":{\"@type\":\"ImageObject\",\"url\":\"https:\\\/\\\/anoticiaonline.com.br\\\/site\\\/wp-content\\\/uploads\\\/2016\\\/05\\\/DSC_0103.jpg\",\"width\":640,\"height\":346},\"datePublished\":\"2016-05-05T16:59:15-03:00\",\"dateModified\":\"2016-08-09T09:31:45-03:00\",\"inLanguage\":\"pt-BR\",\"mainEntityOfPage\":{\"@id\":\"https:\\\/\\\/anoticiaonline.com.br\\\/site\\\/clima-air-muriae-inova-e-instala-ar-condicionado-em-fusca-dos-anos-80\\\/#webpage\"},\"isPartOf\":{\"@id\":\"https:\\\/\\\/anoticiaonline.com.br\\\/site\\\/clima-air-muriae-inova-e-instala-ar-condicionado-em-fusca-dos-anos-80\\\/#webpage\"},\"articleSection\":\"Eventos, slide\"},{\"@type\":\"BreadcrumbList\",\"@id\":\"https:\\\/\\\/anoticiaonline.com.br\\\/site\\\/clima-air-muriae-inova-e-instala-ar-condicionado-em-fusca-dos-anos-80\\\/#breadcrumblist\",\"itemListElement\":[{\"@type\":\"ListItem\",\"@id\":\"https:\\\/\\\/anoticiaonline.com.br\\\/site#listItem\",\"position\":1,\"name\":\"Home\",\"item\":\"https:\\\/\\\/anoticiaonline.com.br\\\/site\",\"nextItem\":{\"@type\":\"ListItem\",\"@id\":\"https:\\\/\\\/anoticiaonline.com.br\\\/site\\\/categoria\\\/eventos\\\/#listItem\",\"name\":\"Eventos\"}},{\"@type\":\"ListItem\",\"@id\":\"https:\\\/\\\/anoticiaonline.com.br\\\/site\\\/categoria\\\/eventos\\\/#listItem\",\"position\":2,\"name\":\"Eventos\",\"item\":\"https:\\\/\\\/anoticiaonline.com.br\\\/site\\\/categoria\\\/eventos\\\/\",\"nextItem\":{\"@type\":\"ListItem\",\"@id\":\"https:\\\/\\\/anoticiaonline.com.br\\\/site\\\/clima-air-muriae-inova-e-instala-ar-condicionado-em-fusca-dos-anos-80\\\/#listItem\",\"name\":\"Clima Air Muria\\u00e9 inova e instala ar condicionado em Fusca dos anos 80\"},\"previousItem\":{\"@type\":\"ListItem\",\"@id\":\"https:\\\/\\\/anoticiaonline.com.br\\\/site#listItem\",\"name\":\"Home\"}},{\"@type\":\"ListItem\",\"@id\":\"https:\\\/\\\/anoticiaonline.com.br\\\/site\\\/clima-air-muriae-inova-e-instala-ar-condicionado-em-fusca-dos-anos-80\\\/#listItem\",\"position\":3,\"name\":\"Clima Air Muria\\u00e9 inova e instala ar condicionado em Fusca dos anos 80\",\"previousItem\":{\"@type\":\"ListItem\",\"@id\":\"https:\\\/\\\/anoticiaonline.com.br\\\/site\\\/categoria\\\/eventos\\\/#listItem\",\"name\":\"Eventos\"}}]},{\"@type\":\"Organization\",\"@id\":\"https:\\\/\\\/anoticiaonline.com.br\\\/site\\\/#organization\",\"name\":\"A Not\\u00edcia Online\",\"description\":\"Noticias de Muria\\u00e9 e regi\\u00e3o\",\"url\":\"https:\\\/\\\/anoticiaonline.com.br\\\/site\\\/\",\"logo\":{\"@type\":\"ImageObject\",\"url\":\"https:\\\/\\\/scontent-gig4-1.xx.fbcdn.net\\\/v\\\/t39.30808-1\\\/270437624_4564083193639691_6907940295614233970_n.jpg?stp=dst-jpg_s200x200_tt6&_nc_cat=111&ccb=1-7&_nc_sid=f907e8&_nc_ohc=SM1wRlP3lJwQ7kNvwEPuBYA&_nc_oc=AdnqrjDN_BNjSSHWO-GbkIWH6fkGMLw4bqvL_NH6e2wMveX7G-rP2dAqsDSq1mJMOaY&_nc_zt=24&_nc_ht=scontent-gig4-1.xx&_nc_gid=AoBFJeGrT1hVaew_6rchkQ&oh=00_AfX7QmFGhQhG2jAllVgXCiM1ZrWgvtp80-Bfppyexh1QEg&oe=689E923C\",\"@id\":\"https:\\\/\\\/anoticiaonline.com.br\\\/site\\\/clima-air-muriae-inova-e-instala-ar-condicionado-em-fusca-dos-anos-80\\\/#organizationLogo\"},\"image\":{\"@id\":\"https:\\\/\\\/anoticiaonline.com.br\\\/site\\\/clima-air-muriae-inova-e-instala-ar-condicionado-em-fusca-dos-anos-80\\\/#organizationLogo\"}},{\"@type\":\"Person\",\"@id\":\"https:\\\/\\\/anoticiaonline.com.br\\\/site\\\/author\\\/juliana\\\/#author\",\"url\":\"https:\\\/\\\/anoticiaonline.com.br\\\/site\\\/author\\\/juliana\\\/\",\"name\":\"Juliana Laviola\",\"image\":{\"@type\":\"ImageObject\",\"@id\":\"https:\\\/\\\/anoticiaonline.com.br\\\/site\\\/clima-air-muriae-inova-e-instala-ar-condicionado-em-fusca-dos-anos-80\\\/#authorImage\",\"url\":\"https:\\\/\\\/secure.gravatar.com\\\/avatar\\\/b8d45f5c699b100dfaf0e543582f38f38bf94cb7ae3a5e9abf8d891a34773335?s=96&d=mm&r=g\",\"width\":96,\"height\":96,\"caption\":\"Juliana Laviola\"}},{\"@type\":\"WebPage\",\"@id\":\"https:\\\/\\\/anoticiaonline.com.br\\\/site\\\/clima-air-muriae-inova-e-instala-ar-condicionado-em-fusca-dos-anos-80\\\/#webpage\",\"url\":\"https:\\\/\\\/anoticiaonline.com.br\\\/site\\\/clima-air-muriae-inova-e-instala-ar-condicionado-em-fusca-dos-anos-80\\\/\",\"name\":\"Clima Air Muria\\u00e9 inova e instala ar condicionado em Fusca dos anos 80 - A Not\\u00edcia Online\",\"description\":\"Algo que parecia um sonho talvez imposs\\u00edvel se tornou realidade: um Fusca dos anos 80 ter ar condicionado. Pois foi exatamente este desejo de Sebasti\\u00e3o Nunes Bevilacqua, propriet\\u00e1rio do ve\\u00edculo, que a Clima Air Muria\\u00e9, conseguiu tornar real. A empresa inovou e oferece mais um servi\\u00e7o em seu mix de produtos. Sebasti\\u00e3o, que \\u00e9 natural\",\"inLanguage\":\"pt-BR\",\"isPartOf\":{\"@id\":\"https:\\\/\\\/anoticiaonline.com.br\\\/site\\\/#website\"},\"breadcrumb\":{\"@id\":\"https:\\\/\\\/anoticiaonline.com.br\\\/site\\\/clima-air-muriae-inova-e-instala-ar-condicionado-em-fusca-dos-anos-80\\\/#breadcrumblist\"},\"author\":{\"@id\":\"https:\\\/\\\/anoticiaonline.com.br\\\/site\\\/author\\\/juliana\\\/#author\"},\"creator\":{\"@id\":\"https:\\\/\\\/anoticiaonline.com.br\\\/site\\\/author\\\/juliana\\\/#author\"},\"image\":{\"@type\":\"ImageObject\",\"url\":\"https:\\\/\\\/anoticiaonline.com.br\\\/site\\\/wp-content\\\/uploads\\\/2016\\\/05\\\/DSC_0103.jpg\",\"@id\":\"https:\\\/\\\/anoticiaonline.com.br\\\/site\\\/clima-air-muriae-inova-e-instala-ar-condicionado-em-fusca-dos-anos-80\\\/#mainImage\",\"width\":640,\"height\":346},\"primaryImageOfPage\":{\"@id\":\"https:\\\/\\\/anoticiaonline.com.br\\\/site\\\/clima-air-muriae-inova-e-instala-ar-condicionado-em-fusca-dos-anos-80\\\/#mainImage\"},\"datePublished\":\"2016-05-05T16:59:15-03:00\",\"dateModified\":\"2016-08-09T09:31:45-03:00\"},{\"@type\":\"WebSite\",\"@id\":\"https:\\\/\\\/anoticiaonline.com.br\\\/site\\\/#website\",\"url\":\"https:\\\/\\\/anoticiaonline.com.br\\\/site\\\/\",\"name\":\"A Not\\u00edcia Online\",\"description\":\"Noticias de Muria\\u00e9 e regi\\u00e3o\",\"inLanguage\":\"pt-BR\",\"publisher\":{\"@id\":\"https:\\\/\\\/anoticiaonline.com.br\\\/site\\\/#organization\"}}]}\n\t\t<\/script>\n\t\t<!-- All in One SEO -->\n\n","aioseo_head_json":{"title":"Clima Air Muria\u00e9 inova e instala ar condicionado em Fusca dos anos 80 - A Not\u00edcia Online","description":"Algo que parecia um sonho talvez imposs\u00edvel se tornou realidade: um Fusca dos anos 80 ter ar condicionado. Pois foi exatamente este desejo de Sebasti\u00e3o Nunes Bevilacqua, propriet\u00e1rio do ve\u00edculo, que a Clima Air Muria\u00e9, conseguiu tornar real. A empresa inovou e oferece mais um servi\u00e7o em seu mix de produtos. Sebasti\u00e3o, que \u00e9 natural","canonical_url":"https:\/\/anoticiaonline.com.br\/site\/clima-air-muriae-inova-e-instala-ar-condicionado-em-fusca-dos-anos-80\/","robots":"max-image-preview:large","keywords":"","webmasterTools":{"miscellaneous":""},"schema":{"@context":"https:\/\/schema.org","@graph":[{"@type":"BlogPosting","@id":"https:\/\/anoticiaonline.com.br\/site\/clima-air-muriae-inova-e-instala-ar-condicionado-em-fusca-dos-anos-80\/#blogposting","name":"Clima Air Muria\u00e9 inova e instala ar condicionado em Fusca dos anos 80 - A Not\u00edcia Online","headline":"Clima Air Muria\u00e9 inova e instala ar condicionado em Fusca dos anos 80","author":{"@id":"https:\/\/anoticiaonline.com.br\/site\/author\/juliana\/#author"},"publisher":{"@id":"https:\/\/anoticiaonline.com.br\/site\/#organization"},"image":{"@type":"ImageObject","url":"https:\/\/anoticiaonline.com.br\/site\/wp-content\/uploads\/2016\/05\/DSC_0103.jpg","width":640,"height":346},"datePublished":"2016-05-05T16:59:15-03:00","dateModified":"2016-08-09T09:31:45-03:00","inLanguage":"pt-BR","mainEntityOfPage":{"@id":"https:\/\/anoticiaonline.com.br\/site\/clima-air-muriae-inova-e-instala-ar-condicionado-em-fusca-dos-anos-80\/#webpage"},"isPartOf":{"@id":"https:\/\/anoticiaonline.com.br\/site\/clima-air-muriae-inova-e-instala-ar-condicionado-em-fusca-dos-anos-80\/#webpage"},"articleSection":"Eventos, slide"},{"@type":"BreadcrumbList","@id":"https:\/\/anoticiaonline.com.br\/site\/clima-air-muriae-inova-e-instala-ar-condicionado-em-fusca-dos-anos-80\/#breadcrumblist","itemListElement":[{"@type":"ListItem","@id":"https:\/\/anoticiaonline.com.br\/site#listItem","position":1,"name":"Home","item":"https:\/\/anoticiaonline.com.br\/site","nextItem":{"@type":"ListItem","@id":"https:\/\/anoticiaonline.com.br\/site\/categoria\/eventos\/#listItem","name":"Eventos"}},{"@type":"ListItem","@id":"https:\/\/anoticiaonline.com.br\/site\/categoria\/eventos\/#listItem","position":2,"name":"Eventos","item":"https:\/\/anoticiaonline.com.br\/site\/categoria\/eventos\/","nextItem":{"@type":"ListItem","@id":"https:\/\/anoticiaonline.com.br\/site\/clima-air-muriae-inova-e-instala-ar-condicionado-em-fusca-dos-anos-80\/#listItem","name":"Clima Air Muria\u00e9 inova e instala ar condicionado em Fusca dos anos 80"},"previousItem":{"@type":"ListItem","@id":"https:\/\/anoticiaonline.com.br\/site#listItem","name":"Home"}},{"@type":"ListItem","@id":"https:\/\/anoticiaonline.com.br\/site\/clima-air-muriae-inova-e-instala-ar-condicionado-em-fusca-dos-anos-80\/#listItem","position":3,"name":"Clima Air Muria\u00e9 inova e instala ar condicionado em Fusca dos anos 80","previousItem":{"@type":"ListItem","@id":"https:\/\/anoticiaonline.com.br\/site\/categoria\/eventos\/#listItem","name":"Eventos"}}]},{"@type":"Organization","@id":"https:\/\/anoticiaonline.com.br\/site\/#organization","name":"A Not\u00edcia Online","description":"Noticias de Muria\u00e9 e regi\u00e3o","url":"https:\/\/anoticiaonline.com.br\/site\/","logo":{"@type":"ImageObject","url":"https:\/\/scontent-gig4-1.xx.fbcdn.net\/v\/t39.30808-1\/270437624_4564083193639691_6907940295614233970_n.jpg?stp=dst-jpg_s200x200_tt6&_nc_cat=111&ccb=1-7&_nc_sid=f907e8&_nc_ohc=SM1wRlP3lJwQ7kNvwEPuBYA&_nc_oc=AdnqrjDN_BNjSSHWO-GbkIWH6fkGMLw4bqvL_NH6e2wMveX7G-rP2dAqsDSq1mJMOaY&_nc_zt=24&_nc_ht=scontent-gig4-1.xx&_nc_gid=AoBFJeGrT1hVaew_6rchkQ&oh=00_AfX7QmFGhQhG2jAllVgXCiM1ZrWgvtp80-Bfppyexh1QEg&oe=689E923C","@id":"https:\/\/anoticiaonline.com.br\/site\/clima-air-muriae-inova-e-instala-ar-condicionado-em-fusca-dos-anos-80\/#organizationLogo"},"image":{"@id":"https:\/\/anoticiaonline.com.br\/site\/clima-air-muriae-inova-e-instala-ar-condicionado-em-fusca-dos-anos-80\/#organizationLogo"}},{"@type":"Person","@id":"https:\/\/anoticiaonline.com.br\/site\/author\/juliana\/#author","url":"https:\/\/anoticiaonline.com.br\/site\/author\/juliana\/","name":"Juliana Laviola","image":{"@type":"ImageObject","@id":"https:\/\/anoticiaonline.com.br\/site\/clima-air-muriae-inova-e-instala-ar-condicionado-em-fusca-dos-anos-80\/#authorImage","url":"https:\/\/secure.gravatar.com\/avatar\/b8d45f5c699b100dfaf0e543582f38f38bf94cb7ae3a5e9abf8d891a34773335?s=96&d=mm&r=g","width":96,"height":96,"caption":"Juliana Laviola"}},{"@type":"WebPage","@id":"https:\/\/anoticiaonline.com.br\/site\/clima-air-muriae-inova-e-instala-ar-condicionado-em-fusca-dos-anos-80\/#webpage","url":"https:\/\/anoticiaonline.com.br\/site\/clima-air-muriae-inova-e-instala-ar-condicionado-em-fusca-dos-anos-80\/","name":"Clima Air Muria\u00e9 inova e instala ar condicionado em Fusca dos anos 80 - A Not\u00edcia Online","description":"Algo que parecia um sonho talvez imposs\u00edvel se tornou realidade: um Fusca dos anos 80 ter ar condicionado. Pois foi exatamente este desejo de Sebasti\u00e3o Nunes Bevilacqua, propriet\u00e1rio do ve\u00edculo, que a Clima Air Muria\u00e9, conseguiu tornar real. A empresa inovou e oferece mais um servi\u00e7o em seu mix de produtos. Sebasti\u00e3o, que \u00e9 natural","inLanguage":"pt-BR","isPartOf":{"@id":"https:\/\/anoticiaonline.com.br\/site\/#website"},"breadcrumb":{"@id":"https:\/\/anoticiaonline.com.br\/site\/clima-air-muriae-inova-e-instala-ar-condicionado-em-fusca-dos-anos-80\/#breadcrumblist"},"author":{"@id":"https:\/\/anoticiaonline.com.br\/site\/author\/juliana\/#author"},"creator":{"@id":"https:\/\/anoticiaonline.com.br\/site\/author\/juliana\/#author"},"image":{"@type":"ImageObject","url":"https:\/\/anoticiaonline.com.br\/site\/wp-content\/uploads\/2016\/05\/DSC_0103.jpg","@id":"https:\/\/anoticiaonline.com.br\/site\/clima-air-muriae-inova-e-instala-ar-condicionado-em-fusca-dos-anos-80\/#mainImage","width":640,"height":346},"primaryImageOfPage":{"@id":"https:\/\/anoticiaonline.com.br\/site\/clima-air-muriae-inova-e-instala-ar-condicionado-em-fusca-dos-anos-80\/#mainImage"},"datePublished":"2016-05-05T16:59:15-03:00","dateModified":"2016-08-09T09:31:45-03:00"},{"@type":"WebSite","@id":"https:\/\/anoticiaonline.com.br\/site\/#website","url":"https:\/\/anoticiaonline.com.br\/site\/","name":"A Not\u00edcia Online","description":"Noticias de Muria\u00e9 e regi\u00e3o","inLanguage":"pt-BR","publisher":{"@id":"https:\/\/anoticiaonline.com.br\/site\/#organization"}}]},"og:locale":"pt_BR","og:site_name":"A Not\u00edcia Online - Noticias de Muria\u00e9 e regi\u00e3o","og:type":"article","og:title":"Clima Air Muria\u00e9 inova e instala ar condicionado em Fusca dos anos 80 - A Not\u00edcia Online","og:description":"Algo que parecia um sonho talvez imposs\u00edvel se tornou realidade: um Fusca dos anos 80 ter ar condicionado. Pois foi exatamente este desejo de Sebasti\u00e3o Nunes Bevilacqua, propriet\u00e1rio do ve\u00edculo, que a Clima Air Muria\u00e9, conseguiu tornar real. A empresa inovou e oferece mais um servi\u00e7o em seu mix de produtos. Sebasti\u00e3o, que \u00e9 natural","og:url":"https:\/\/anoticiaonline.com.br\/site\/clima-air-muriae-inova-e-instala-ar-condicionado-em-fusca-dos-anos-80\/","og:image":"https:\/\/scontent-gig4-1.xx.fbcdn.net\/v\/t39.30808-1\/270437624_4564083193639691_6907940295614233970_n.jpg?stp=dst-jpg_s200x200_tt6&#038;_nc_cat=111&#038;ccb=1-7&#038;_nc_sid=f907e8&#038;_nc_ohc=SM1wRlP3lJwQ7kNvwEPuBYA&#038;_nc_oc=AdnqrjDN_BNjSSHWO-GbkIWH6fkGMLw4bqvL_NH6e2wMveX7G-rP2dAqsDSq1mJMOaY&#038;_nc_zt=24&#038;_nc_ht=scontent-gig4-1.xx&#038;_nc_gid=AoBFJeGrT1hVaew_6rchkQ&#038;oh=00_AfX7QmFGhQhG2jAllVgXCiM1ZrWgvtp80-Bfppyexh1QEg&#038;oe=689E923C","og:image:secure_url":"https:\/\/scontent-gig4-1.xx.fbcdn.net\/v\/t39.30808-1\/270437624_4564083193639691_6907940295614233970_n.jpg?stp=dst-jpg_s200x200_tt6&#038;_nc_cat=111&#038;ccb=1-7&#038;_nc_sid=f907e8&#038;_nc_ohc=SM1wRlP3lJwQ7kNvwEPuBYA&#038;_nc_oc=AdnqrjDN_BNjSSHWO-GbkIWH6fkGMLw4bqvL_NH6e2wMveX7G-rP2dAqsDSq1mJMOaY&#038;_nc_zt=24&#038;_nc_ht=scontent-gig4-1.xx&#038;_nc_gid=AoBFJeGrT1hVaew_6rchkQ&#038;oh=00_AfX7QmFGhQhG2jAllVgXCiM1ZrWgvtp80-Bfppyexh1QEg&#038;oe=689E923C","article:published_time":"2016-05-05T19:59:15+00:00","article:modified_time":"2016-08-09T12:31:45+00:00","twitter:card":"summary_large_image","twitter:title":"Clima Air Muria\u00e9 inova e instala ar condicionado em Fusca dos anos 80 - A Not\u00edcia Online","twitter:description":"Algo que parecia um sonho talvez imposs\u00edvel se tornou realidade: um Fusca dos anos 80 ter ar condicionado. Pois foi exatamente este desejo de Sebasti\u00e3o Nunes Bevilacqua, propriet\u00e1rio do ve\u00edculo, que a Clima Air Muria\u00e9, conseguiu tornar real. A empresa inovou e oferece mais um servi\u00e7o em seu mix de produtos. Sebasti\u00e3o, que \u00e9 natural","twitter:image":"https:\/\/scontent-gig4-1.xx.fbcdn.net\/v\/t39.30808-1\/270437624_4564083193639691_6907940295614233970_n.jpg?stp=dst-jpg_s200x200_tt6&_nc_cat=111&ccb=1-7&_nc_sid=f907e8&_nc_ohc=SM1wRlP3lJwQ7kNvwEPuBYA&_nc_oc=AdnqrjDN_BNjSSHWO-GbkIWH6fkGMLw4bqvL_NH6e2wMveX7G-rP2dAqsDSq1mJMOaY&_nc_zt=24&_nc_ht=scontent-gig4-1.xx&_nc_gid=AoBFJeGrT1hVaew_6rchkQ&oh=00_AfX7QmFGhQhG2jAllVgXCiM1ZrWgvtp80-Bfppyexh1QEg&oe=689E923C"},"aioseo_meta_data":{"post_id":"12754","title":null,"description":null,"keywords":null,"keyphrases":null,"primary_term":null,"canonical_url":null,"og_title":null,"og_description":null,"og_object_type":"default","og_image_type":"default","og_image_url":null,"og_image_width":null,"og_image_height":null,"og_image_custom_url":null,"og_image_custom_fields":null,"og_video":null,"og_custom_url":null,"og_article_section":null,"og_article_tags":null,"twitter_use_og":false,"twitter_card":"default","twitter_image_type":"default","twitter_image_url":null,"twitter_image_custom_url":null,"twitter_image_custom_fields":null,"twitter_title":null,"twitter_description":null,"schema":{"blockGraphs":[],"customGraphs":[],"default":{"data":{"Article":[],"Course":[],"Dataset":[],"FAQPage":[],"Movie":[],"Person":[],"Product":[],"ProductReview":[],"Car":[],"Recipe":[],"Service":[],"SoftwareApplication":[],"WebPage":[]},"graphName":"","isEnabled":true},"graphs":[]},"schema_type":"default","schema_type_options":null,"pillar_content":false,"robots_default":true,"robots_noindex":false,"robots_noarchive":false,"robots_nosnippet":false,"robots_nofollow":false,"robots_noimageindex":false,"robots_noodp":false,"robots_notranslate":false,"robots_max_snippet":null,"robots_max_videopreview":null,"robots_max_imagepreview":"large","priority":null,"frequency":null,"local_seo":null,"breadcrumb_settings":null,"limit_modified_date":false,"ai":null,"created":"2025-08-16 15:55:33","updated":"2025-08-16 15:55:33","focus_keyword":null,"additional_keywords":null,"truseo_locale":null,"seo_analyzer_scan_date":null},"aioseo_breadcrumb":"<div class=\"aioseo-breadcrumbs\"><span class=\"aioseo-breadcrumb\">\n\t\t\t<a href=\"https:\/\/anoticiaonline.com.br\/site\" title=\"Home\">Home<\/a>\n\t\t<\/span><span class=\"aioseo-breadcrumb-separator\">&raquo;<\/span><span class=\"aioseo-breadcrumb\">\n\t\t\t<a href=\"https:\/\/anoticiaonline.com.br\/site\/categoria\/eventos\/\" title=\"Eventos\">Eventos<\/a>\n\t\t<\/span><span class=\"aioseo-breadcrumb-separator\">&raquo;<\/span><span class=\"aioseo-breadcrumb\">\n\t\t\tClima Air Muria\u00e9 inova e instala ar condicionado em Fusca dos anos 80\n\t\t<\/span><\/div>","aioseo_breadcrumb_json":[{"label":"Home","link":"https:\/\/anoticiaonline.com.br\/site"},{"label":"Eventos","link":"https:\/\/anoticiaonline.com.br\/site\/categoria\/eventos\/"},{"label":"Clima Air Muria\u00e9 inova e instala ar condicionado em Fusca dos anos 80","link":"https:\/\/anoticiaonline.com.br\/site\/clima-air-muriae-inova-e-instala-ar-condicionado-em-fusca-dos-anos-80\/"}],"views":202,"_links":{"self":[{"href":"https:\/\/anoticiaonline.com.br\/site\/wp-json\/wp\/v2\/posts\/12754","targetHints":{"allow":["GET"]}}],"collection":[{"href":"https:\/\/anoticiaonline.com.br\/site\/wp-json\/wp\/v2\/posts"}],"about":[{"href":"https:\/\/anoticiaonline.com.br\/site\/wp-json\/wp\/v2\/types\/post"}],"author":[{"embeddable":true,"href":"https:\/\/anoticiaonline.com.br\/site\/wp-json\/wp\/v2\/users\/2"}],"replies":[{"embeddable":true,"href":"https:\/\/anoticiaonline.com.br\/site\/wp-json\/wp\/v2\/comments?post=12754"}],"version-history":[{"count":0,"href":"https:\/\/anoticiaonline.com.br\/site\/wp-json\/wp\/v2\/posts\/12754\/revisions"}],"wp:featuredmedia":[{"embeddable":true,"href":"https:\/\/anoticiaonline.com.br\/site\/wp-json\/wp\/v2\/media\/12755"}],"wp:attachment":[{"href":"https:\/\/anoticiaonline.com.br\/site\/wp-json\/wp\/v2\/media?parent=12754"}],"wp:term":[{"taxonomy":"category","embeddable":true,"href":"https:\/\/anoticiaonline.com.br\/site\/wp-json\/wp\/v2\/categories?post=12754"},{"taxonomy":"post_tag","embeddable":true,"href":"https:\/\/anoticiaonline.com.br\/site\/wp-json\/wp\/v2\/tags?post=12754"}],"curies":[{"name":"wp","href":"https:\/\/api.w.org\/{rel}","templated":true}]}}