{"id":12698,"date":"2016-05-05T09:22:56","date_gmt":"2016-05-05T12:22:56","guid":{"rendered":"http:\/\/anoticiaonline.com.br\/site\/?p=12698"},"modified":"2016-05-05T09:22:56","modified_gmt":"2016-05-05T12:22:56","slug":"zaccaria-cirilo-marques","status":"publish","type":"post","link":"https:\/\/anoticiaonline.com.br\/site\/zaccaria-cirilo-marques\/","title":{"rendered":"ZACCARIA CIRILO MARQUES"},"content":{"rendered":"<p style=\"text-align: center;\"><strong>Nascido em 04 de novembro de 1927<\/strong><br \/>\n<strong>Falecido em 27 de fevereiro de 1985<\/strong><\/p>\n<p><a href=\"https:\/\/anoticiaonline.com.br\/site\/wp-content\/uploads\/2016\/05\/zaccaria-marques.jpg\"><img fetchpriority=\"high\" decoding=\"async\" class=\" size-medium wp-image-12699 alignleft\" src=\"https:\/\/anoticiaonline.com.br\/site\/wp-content\/uploads\/2016\/05\/zaccaria-marques-243x300.jpg\" alt=\"zaccaria marques\" width=\"243\" height=\"300\" srcset=\"https:\/\/anoticiaonline.com.br\/site\/wp-content\/uploads\/2016\/05\/zaccaria-marques-243x300.jpg 243w, https:\/\/anoticiaonline.com.br\/site\/wp-content\/uploads\/2016\/05\/zaccaria-marques.jpg 518w\" sizes=\"(max-width: 243px) 100vw, 243px\" \/><\/a>Zaccaria Cirilo Marques nasceu em Muria\u00e9 no ano de 1927, filho do alfaiate Jos\u00e9 Cirilo Marques e de Minervina Ramos Marques, residentes na Rua Benedito Valadares.<\/p>\n<p>Desde crian\u00e7a, j\u00e1 revelava tend\u00eancias art\u00edsticas. Aos doze anos, foi convidado a fazer parte da Banda de M\u00fasica \u201cImaculada Concei\u00e7\u00e3o\u201d, regida pelo seu padrinho Maestro Sebasti\u00e3o Laviola, que foi o seu primeiro professor de m\u00fasica. Mais tarde, Zaccaria organizava, com alguns colegas de banda, o \u201cJazz-Orquestra\u201d, sobressaindo-se a sua bela voz.<\/p>\n<p>Estudou Contabilidade por correspond\u00eancia e aprofundou seu italiano: era um autodidata. Como todo menino do interior que deseja seguir nos estudos, mudou-se para Juiz de Fora onde conheceu Geralda Armond, Diretora do Museu Mariano Proc\u00f3pio, com quem se casou. Geralda seria ent\u00e3o a pessoa fundamental para seu desenvolvimento art\u00edstico, estimulando muito sua carreira de cantor, que culminaria num dos maiores tenores que o Brasil j\u00e1 teve.<\/p>\n<p>Mudou-se para o Rio de Janeiro em 1946, onde cantou, pela primeira vez, no programa de calouros de Renato Murce que disse ser Zaccaria \u201cum diamante a ser lapidado\u201d.<\/p>\n<p>Em 1953, Zaccaria entrou para o \u201cTeatro Experimental de \u00d3pera\u201d. No mesmo ano, prestou concurso de canto para o coro do Teatro Municipal do Rio de Janeiro sagrando-se vencedor em 2\u00ba lugar dentre 142 candidatos.<\/p>\n<p>Estreou como artista profissional em 1956 no Teatro Municipal do Rio de Janeiro, ao lado de artistas renomados, como Mario Del M\u00f4naco e Boris Cristoff. Apenas dois anos depois, j\u00e1 aparecia interpretando pap\u00e9is principais de \u00f3peras importantes, como La Boh\u00e8me de Puccini, Cavaleiro da Rosa de Strauss, Macbeth de Verdi e Jeanne D\u2019Arc de Honneger.<\/p>\n<p>Cantou nos principais teatros brasileiros e no exterior. Brilhou em Nova York, Caracas, Santiago, La Plata, Buenos Aires, Palermo e tantas outras cidades mundo afora.<\/p>\n<p>Suas apresenta\u00e7\u00f5es em cantatas e orat\u00f3rios foram filmadas pela TV Educativa do Rio de Janeiro e pela TV Cultura de S\u00e3o Paulo. Gravou v\u00e1rios discos, entre eles, a Madame<\/p>\n<p>Butterfly, de Puccini, e Fosca, de Carlos Gomes.<\/p>\n<p>Seu repert\u00f3rio constava de vinte e oito \u00f3peras apresentadas sob a reg\u00eancia dos melhores maestros brasileiros e alguns dos mais renomados regentes internacionais.<\/p>\n<p>A imprensa s\u00f3 tinha elogios para Zaccaria Marques: \u201c&#8230; o nosso Zaccaria Marques, por exemplo, personificando um cantor tipo italiano, foi o primeiro a conseguir palmas interruptoras do espet\u00e1culo e merecidas, por sinal\u201d. (O Globo de 27\/07\/1959)<\/p>\n<p>A imprensa muriaeense, sempre que podia, tecia elogios a Zaccaria: \u201cAtuando no Teatro Municipal&#8230; o nosso conterr\u00e2neo tem impressionado como tenor de magn\u00edfico recurso, com voz clara, firme e possante\u201d.<\/p>\n<p>Apresentou-se em Muria\u00e9, nos anos 70, acompanhado de outros artistas da \u00f3pera de renome nacional, como Paulo Fortes, Diva Pieranti, Maria Helena Buzelin e Ruth Staerke, para uma apresenta\u00e7\u00e3o de alguns trechos de \u00f3pera.<\/p>\n<p>Faleceu prematuramente de infarto em 27 de fevereiro de 1985, com apenas cinq\u00fcenta e sete anos, na cidade do Rio de Janeiro, deixando incompleta uma bel\u00edssima carreira. O Brasil perdeu um de seus maiores cantores l\u00edricos e Muria\u00e9 um de seus filhos mais ilustres.<\/p>\n<p>Como justa homenagem, o teatro municipal, localizado na Fundarte, recebe seu nome.<\/p>\n","protected":false},"excerpt":{"rendered":"<p>Nascido em 04 de novembro de 1927 Falecido em 27 de fevereiro de 1985 Zaccaria Cirilo Marques nasceu em Muria\u00e9 no ano de 1927, filho do alfaiate Jos\u00e9 Cirilo Marques e de Minervina Ramos Marques, residentes na Rua Benedito Valadares. Desde crian\u00e7a, j\u00e1 revelava tend\u00eancias art\u00edsticas. Aos doze anos, foi convidado a fazer parte da &#8230; <a title=\"ZACCARIA CIRILO MARQUES\" class=\"read-more\" href=\"https:\/\/anoticiaonline.com.br\/site\/zaccaria-cirilo-marques\/\" aria-label=\"Read more about ZACCARIA CIRILO MARQUES\">Ler mais<\/a><\/p>\n","protected":false},"author":2,"featured_media":0,"comment_status":"open","ping_status":"open","sticky":false,"template":"","format":"standard","meta":{"_acf_changed":false,"_monsterinsights_skip_tracking":false,"footnotes":""},"categories":[35],"tags":[],"class_list":["post-12698","post","type-post","status-publish","format-standard","hentry","category-nomes-da-nossa-terra-joao-carlos-vargas-e-flavia-alves-junqueira-memorial-municipal-de-muriae"],"acf":[],"aioseo_notices":[],"aioseo_head":"\n\t\t<!-- All in One SEO 5.0.0.1 - aioseo.com -->\n\t<meta name=\"description\" content=\"Nascido em 04 de novembro de 1927 Falecido em 27 de fevereiro de 1985 Zaccaria Cirilo Marques nasceu em Muria\u00e9 no ano de 1927, filho do alfaiate Jos\u00e9 Cirilo Marques e de Minervina Ramos Marques, residentes na Rua Benedito Valadares. Desde crian\u00e7a, j\u00e1 revelava tend\u00eancias art\u00edsticas. Aos doze anos, foi convidado a fazer parte da\" \/>\n\t<meta name=\"robots\" content=\"max-image-preview:large\" \/>\n\t<meta name=\"author\" content=\"Juliana Laviola\"\/>\n\t<link rel=\"canonical\" href=\"https:\/\/anoticiaonline.com.br\/site\/zaccaria-cirilo-marques\/\" \/>\n\t<meta name=\"generator\" content=\"All in One SEO (AIOSEO) 5.0.0.1\" \/>\n\t\t<meta property=\"og:locale\" content=\"pt_BR\" \/>\n\t\t<meta property=\"og:site_name\" content=\"A Not\u00edcia Online - Noticias de Muria\u00e9 e regi\u00e3o\" \/>\n\t\t<meta property=\"og:type\" content=\"article\" \/>\n\t\t<meta property=\"og:title\" content=\"ZACCARIA CIRILO MARQUES - A Not\u00edcia Online\" \/>\n\t\t<meta property=\"og:description\" content=\"Nascido em 04 de novembro de 1927 Falecido em 27 de fevereiro de 1985 Zaccaria Cirilo Marques nasceu em Muria\u00e9 no ano de 1927, filho do alfaiate Jos\u00e9 Cirilo Marques e de Minervina Ramos Marques, residentes na Rua Benedito Valadares. Desde crian\u00e7a, j\u00e1 revelava tend\u00eancias art\u00edsticas. Aos doze anos, foi convidado a fazer parte da\" \/>\n\t\t<meta property=\"og:url\" content=\"https:\/\/anoticiaonline.com.br\/site\/zaccaria-cirilo-marques\/\" \/>\n\t\t<meta property=\"og:image\" content=\"https:\/\/scontent-gig4-1.xx.fbcdn.net\/v\/t39.30808-1\/270437624_4564083193639691_6907940295614233970_n.jpg?stp=dst-jpg_s200x200_tt6&#038;_nc_cat=111&#038;ccb=1-7&#038;_nc_sid=f907e8&#038;_nc_ohc=SM1wRlP3lJwQ7kNvwEPuBYA&#038;_nc_oc=AdnqrjDN_BNjSSHWO-GbkIWH6fkGMLw4bqvL_NH6e2wMveX7G-rP2dAqsDSq1mJMOaY&#038;_nc_zt=24&#038;_nc_ht=scontent-gig4-1.xx&#038;_nc_gid=AoBFJeGrT1hVaew_6rchkQ&#038;oh=00_AfX7QmFGhQhG2jAllVgXCiM1ZrWgvtp80-Bfppyexh1QEg&#038;oe=689E923C\" \/>\n\t\t<meta property=\"og:image:secure_url\" content=\"https:\/\/scontent-gig4-1.xx.fbcdn.net\/v\/t39.30808-1\/270437624_4564083193639691_6907940295614233970_n.jpg?stp=dst-jpg_s200x200_tt6&#038;_nc_cat=111&#038;ccb=1-7&#038;_nc_sid=f907e8&#038;_nc_ohc=SM1wRlP3lJwQ7kNvwEPuBYA&#038;_nc_oc=AdnqrjDN_BNjSSHWO-GbkIWH6fkGMLw4bqvL_NH6e2wMveX7G-rP2dAqsDSq1mJMOaY&#038;_nc_zt=24&#038;_nc_ht=scontent-gig4-1.xx&#038;_nc_gid=AoBFJeGrT1hVaew_6rchkQ&#038;oh=00_AfX7QmFGhQhG2jAllVgXCiM1ZrWgvtp80-Bfppyexh1QEg&#038;oe=689E923C\" \/>\n\t\t<meta property=\"article:published_time\" content=\"2016-05-05T12:22:56+00:00\" \/>\n\t\t<meta property=\"article:modified_time\" content=\"2016-05-05T12:22:56+00:00\" \/>\n\t\t<meta name=\"twitter:card\" content=\"summary_large_image\" \/>\n\t\t<meta name=\"twitter:title\" content=\"ZACCARIA CIRILO MARQUES - A Not\u00edcia Online\" \/>\n\t\t<meta name=\"twitter:description\" content=\"Nascido em 04 de novembro de 1927 Falecido em 27 de fevereiro de 1985 Zaccaria Cirilo Marques nasceu em Muria\u00e9 no ano de 1927, filho do alfaiate Jos\u00e9 Cirilo Marques e de Minervina Ramos Marques, residentes na Rua Benedito Valadares. Desde crian\u00e7a, j\u00e1 revelava tend\u00eancias art\u00edsticas. Aos doze anos, foi convidado a fazer parte da\" \/>\n\t\t<meta name=\"twitter:image\" content=\"https:\/\/scontent-gig4-1.xx.fbcdn.net\/v\/t39.30808-1\/270437624_4564083193639691_6907940295614233970_n.jpg?stp=dst-jpg_s200x200_tt6&amp;_nc_cat=111&amp;ccb=1-7&amp;_nc_sid=f907e8&amp;_nc_ohc=SM1wRlP3lJwQ7kNvwEPuBYA&amp;_nc_oc=AdnqrjDN_BNjSSHWO-GbkIWH6fkGMLw4bqvL_NH6e2wMveX7G-rP2dAqsDSq1mJMOaY&amp;_nc_zt=24&amp;_nc_ht=scontent-gig4-1.xx&amp;_nc_gid=AoBFJeGrT1hVaew_6rchkQ&amp;oh=00_AfX7QmFGhQhG2jAllVgXCiM1ZrWgvtp80-Bfppyexh1QEg&amp;oe=689E923C\" \/>\n\t\t<script type=\"application\/ld+json\" class=\"aioseo-schema\">\n\t\t\t{\"@context\":\"https:\\\/\\\/schema.org\",\"@graph\":[{\"@type\":\"BlogPosting\",\"@id\":\"https:\\\/\\\/anoticiaonline.com.br\\\/site\\\/zaccaria-cirilo-marques\\\/#blogposting\",\"name\":\"ZACCARIA CIRILO MARQUES - A Not\\u00edcia Online\",\"headline\":\"ZACCARIA CIRILO MARQUES\",\"author\":{\"@id\":\"https:\\\/\\\/anoticiaonline.com.br\\\/site\\\/author\\\/juliana\\\/#author\"},\"publisher\":{\"@id\":\"https:\\\/\\\/anoticiaonline.com.br\\\/site\\\/#organization\"},\"image\":{\"@type\":\"ImageObject\",\"url\":\"http:\\\/\\\/anoticiaonline.com.br\\\/site\\\/wp-content\\\/uploads\\\/2016\\\/05\\\/zaccaria-marques-243x300.jpg\",\"@id\":\"https:\\\/\\\/anoticiaonline.com.br\\\/site\\\/zaccaria-cirilo-marques\\\/#articleImage\"},\"datePublished\":\"2016-05-05T09:22:56-03:00\",\"dateModified\":\"2016-05-05T09:22:56-03:00\",\"inLanguage\":\"pt-BR\",\"mainEntityOfPage\":{\"@id\":\"https:\\\/\\\/anoticiaonline.com.br\\\/site\\\/zaccaria-cirilo-marques\\\/#webpage\"},\"isPartOf\":{\"@id\":\"https:\\\/\\\/anoticiaonline.com.br\\\/site\\\/zaccaria-cirilo-marques\\\/#webpage\"},\"articleSection\":\"Nomes da Nossa Terra - Jo\\u00e3o Carlos Vargas e Fl\\u00e1via Alves Junqueira - Memorial Municipal de Muria\\u00e9\"},{\"@type\":\"BreadcrumbList\",\"@id\":\"https:\\\/\\\/anoticiaonline.com.br\\\/site\\\/zaccaria-cirilo-marques\\\/#breadcrumblist\",\"itemListElement\":[{\"@type\":\"ListItem\",\"@id\":\"https:\\\/\\\/anoticiaonline.com.br\\\/site#listItem\",\"position\":1,\"name\":\"Home\",\"item\":\"https:\\\/\\\/anoticiaonline.com.br\\\/site\",\"nextItem\":{\"@type\":\"ListItem\",\"@id\":\"https:\\\/\\\/anoticiaonline.com.br\\\/site\\\/categoria\\\/colunistas\\\/#listItem\",\"name\":\"Colunistas\"}},{\"@type\":\"ListItem\",\"@id\":\"https:\\\/\\\/anoticiaonline.com.br\\\/site\\\/categoria\\\/colunistas\\\/#listItem\",\"position\":2,\"name\":\"Colunistas\",\"item\":\"https:\\\/\\\/anoticiaonline.com.br\\\/site\\\/categoria\\\/colunistas\\\/\",\"nextItem\":{\"@type\":\"ListItem\",\"@id\":\"https:\\\/\\\/anoticiaonline.com.br\\\/site\\\/categoria\\\/colunistas\\\/nomes-da-nossa-terra-joao-carlos-vargas-e-flavia-alves-junqueira-memorial-municipal-de-muriae\\\/#listItem\",\"name\":\"Nomes da Nossa Terra - Jo\\u00e3o Carlos Vargas e Fl\\u00e1via Alves Junqueira - Memorial Municipal de Muria\\u00e9\"},\"previousItem\":{\"@type\":\"ListItem\",\"@id\":\"https:\\\/\\\/anoticiaonline.com.br\\\/site#listItem\",\"name\":\"Home\"}},{\"@type\":\"ListItem\",\"@id\":\"https:\\\/\\\/anoticiaonline.com.br\\\/site\\\/categoria\\\/colunistas\\\/nomes-da-nossa-terra-joao-carlos-vargas-e-flavia-alves-junqueira-memorial-municipal-de-muriae\\\/#listItem\",\"position\":3,\"name\":\"Nomes da Nossa Terra - Jo\\u00e3o Carlos Vargas e Fl\\u00e1via Alves Junqueira - Memorial Municipal de Muria\\u00e9\",\"item\":\"https:\\\/\\\/anoticiaonline.com.br\\\/site\\\/categoria\\\/colunistas\\\/nomes-da-nossa-terra-joao-carlos-vargas-e-flavia-alves-junqueira-memorial-municipal-de-muriae\\\/\",\"nextItem\":{\"@type\":\"ListItem\",\"@id\":\"https:\\\/\\\/anoticiaonline.com.br\\\/site\\\/zaccaria-cirilo-marques\\\/#listItem\",\"name\":\"ZACCARIA CIRILO MARQUES\"},\"previousItem\":{\"@type\":\"ListItem\",\"@id\":\"https:\\\/\\\/anoticiaonline.com.br\\\/site\\\/categoria\\\/colunistas\\\/#listItem\",\"name\":\"Colunistas\"}},{\"@type\":\"ListItem\",\"@id\":\"https:\\\/\\\/anoticiaonline.com.br\\\/site\\\/zaccaria-cirilo-marques\\\/#listItem\",\"position\":4,\"name\":\"ZACCARIA CIRILO MARQUES\",\"previousItem\":{\"@type\":\"ListItem\",\"@id\":\"https:\\\/\\\/anoticiaonline.com.br\\\/site\\\/categoria\\\/colunistas\\\/nomes-da-nossa-terra-joao-carlos-vargas-e-flavia-alves-junqueira-memorial-municipal-de-muriae\\\/#listItem\",\"name\":\"Nomes da Nossa Terra - Jo\\u00e3o Carlos Vargas e Fl\\u00e1via Alves Junqueira - Memorial Municipal de Muria\\u00e9\"}}]},{\"@type\":\"Organization\",\"@id\":\"https:\\\/\\\/anoticiaonline.com.br\\\/site\\\/#organization\",\"name\":\"A Not\\u00edcia Online\",\"description\":\"Noticias de Muria\\u00e9 e regi\\u00e3o\",\"url\":\"https:\\\/\\\/anoticiaonline.com.br\\\/site\\\/\",\"logo\":{\"@type\":\"ImageObject\",\"url\":\"https:\\\/\\\/scontent-gig4-1.xx.fbcdn.net\\\/v\\\/t39.30808-1\\\/270437624_4564083193639691_6907940295614233970_n.jpg?stp=dst-jpg_s200x200_tt6&_nc_cat=111&ccb=1-7&_nc_sid=f907e8&_nc_ohc=SM1wRlP3lJwQ7kNvwEPuBYA&_nc_oc=AdnqrjDN_BNjSSHWO-GbkIWH6fkGMLw4bqvL_NH6e2wMveX7G-rP2dAqsDSq1mJMOaY&_nc_zt=24&_nc_ht=scontent-gig4-1.xx&_nc_gid=AoBFJeGrT1hVaew_6rchkQ&oh=00_AfX7QmFGhQhG2jAllVgXCiM1ZrWgvtp80-Bfppyexh1QEg&oe=689E923C\",\"@id\":\"https:\\\/\\\/anoticiaonline.com.br\\\/site\\\/zaccaria-cirilo-marques\\\/#organizationLogo\"},\"image\":{\"@id\":\"https:\\\/\\\/anoticiaonline.com.br\\\/site\\\/zaccaria-cirilo-marques\\\/#organizationLogo\"}},{\"@type\":\"Person\",\"@id\":\"https:\\\/\\\/anoticiaonline.com.br\\\/site\\\/author\\\/juliana\\\/#author\",\"url\":\"https:\\\/\\\/anoticiaonline.com.br\\\/site\\\/author\\\/juliana\\\/\",\"name\":\"Juliana Laviola\",\"image\":{\"@type\":\"ImageObject\",\"@id\":\"https:\\\/\\\/anoticiaonline.com.br\\\/site\\\/zaccaria-cirilo-marques\\\/#authorImage\",\"url\":\"https:\\\/\\\/secure.gravatar.com\\\/avatar\\\/b8d45f5c699b100dfaf0e543582f38f38bf94cb7ae3a5e9abf8d891a34773335?s=96&d=mm&r=g\",\"width\":96,\"height\":96,\"caption\":\"Juliana Laviola\"}},{\"@type\":\"WebPage\",\"@id\":\"https:\\\/\\\/anoticiaonline.com.br\\\/site\\\/zaccaria-cirilo-marques\\\/#webpage\",\"url\":\"https:\\\/\\\/anoticiaonline.com.br\\\/site\\\/zaccaria-cirilo-marques\\\/\",\"name\":\"ZACCARIA CIRILO MARQUES - A Not\\u00edcia Online\",\"description\":\"Nascido em 04 de novembro de 1927 Falecido em 27 de fevereiro de 1985 Zaccaria Cirilo Marques nasceu em Muria\\u00e9 no ano de 1927, filho do alfaiate Jos\\u00e9 Cirilo Marques e de Minervina Ramos Marques, residentes na Rua Benedito Valadares. Desde crian\\u00e7a, j\\u00e1 revelava tend\\u00eancias art\\u00edsticas. Aos doze anos, foi convidado a fazer parte da\",\"inLanguage\":\"pt-BR\",\"isPartOf\":{\"@id\":\"https:\\\/\\\/anoticiaonline.com.br\\\/site\\\/#website\"},\"breadcrumb\":{\"@id\":\"https:\\\/\\\/anoticiaonline.com.br\\\/site\\\/zaccaria-cirilo-marques\\\/#breadcrumblist\"},\"author\":{\"@id\":\"https:\\\/\\\/anoticiaonline.com.br\\\/site\\\/author\\\/juliana\\\/#author\"},\"creator\":{\"@id\":\"https:\\\/\\\/anoticiaonline.com.br\\\/site\\\/author\\\/juliana\\\/#author\"},\"datePublished\":\"2016-05-05T09:22:56-03:00\",\"dateModified\":\"2016-05-05T09:22:56-03:00\"},{\"@type\":\"WebSite\",\"@id\":\"https:\\\/\\\/anoticiaonline.com.br\\\/site\\\/#website\",\"url\":\"https:\\\/\\\/anoticiaonline.com.br\\\/site\\\/\",\"name\":\"A Not\\u00edcia Online\",\"description\":\"Noticias de Muria\\u00e9 e regi\\u00e3o\",\"inLanguage\":\"pt-BR\",\"publisher\":{\"@id\":\"https:\\\/\\\/anoticiaonline.com.br\\\/site\\\/#organization\"}}]}\n\t\t<\/script>\n\t\t<!-- All in One SEO -->\n\n","aioseo_head_json":{"title":"ZACCARIA CIRILO MARQUES - A Not\u00edcia Online","description":"Nascido em 04 de novembro de 1927 Falecido em 27 de fevereiro de 1985 Zaccaria Cirilo Marques nasceu em Muria\u00e9 no ano de 1927, filho do alfaiate Jos\u00e9 Cirilo Marques e de Minervina Ramos Marques, residentes na Rua Benedito Valadares. Desde crian\u00e7a, j\u00e1 revelava tend\u00eancias art\u00edsticas. Aos doze anos, foi convidado a fazer parte da","canonical_url":"https:\/\/anoticiaonline.com.br\/site\/zaccaria-cirilo-marques\/","robots":"max-image-preview:large","keywords":"","webmasterTools":{"miscellaneous":""},"schema":{"@context":"https:\/\/schema.org","@graph":[{"@type":"BlogPosting","@id":"https:\/\/anoticiaonline.com.br\/site\/zaccaria-cirilo-marques\/#blogposting","name":"ZACCARIA CIRILO MARQUES - A Not\u00edcia Online","headline":"ZACCARIA CIRILO MARQUES","author":{"@id":"https:\/\/anoticiaonline.com.br\/site\/author\/juliana\/#author"},"publisher":{"@id":"https:\/\/anoticiaonline.com.br\/site\/#organization"},"image":{"@type":"ImageObject","url":"http:\/\/anoticiaonline.com.br\/site\/wp-content\/uploads\/2016\/05\/zaccaria-marques-243x300.jpg","@id":"https:\/\/anoticiaonline.com.br\/site\/zaccaria-cirilo-marques\/#articleImage"},"datePublished":"2016-05-05T09:22:56-03:00","dateModified":"2016-05-05T09:22:56-03:00","inLanguage":"pt-BR","mainEntityOfPage":{"@id":"https:\/\/anoticiaonline.com.br\/site\/zaccaria-cirilo-marques\/#webpage"},"isPartOf":{"@id":"https:\/\/anoticiaonline.com.br\/site\/zaccaria-cirilo-marques\/#webpage"},"articleSection":"Nomes da Nossa Terra - Jo\u00e3o Carlos Vargas e Fl\u00e1via Alves Junqueira - Memorial Municipal de Muria\u00e9"},{"@type":"BreadcrumbList","@id":"https:\/\/anoticiaonline.com.br\/site\/zaccaria-cirilo-marques\/#breadcrumblist","itemListElement":[{"@type":"ListItem","@id":"https:\/\/anoticiaonline.com.br\/site#listItem","position":1,"name":"Home","item":"https:\/\/anoticiaonline.com.br\/site","nextItem":{"@type":"ListItem","@id":"https:\/\/anoticiaonline.com.br\/site\/categoria\/colunistas\/#listItem","name":"Colunistas"}},{"@type":"ListItem","@id":"https:\/\/anoticiaonline.com.br\/site\/categoria\/colunistas\/#listItem","position":2,"name":"Colunistas","item":"https:\/\/anoticiaonline.com.br\/site\/categoria\/colunistas\/","nextItem":{"@type":"ListItem","@id":"https:\/\/anoticiaonline.com.br\/site\/categoria\/colunistas\/nomes-da-nossa-terra-joao-carlos-vargas-e-flavia-alves-junqueira-memorial-municipal-de-muriae\/#listItem","name":"Nomes da Nossa Terra - Jo\u00e3o Carlos Vargas e Fl\u00e1via Alves Junqueira - Memorial Municipal de Muria\u00e9"},"previousItem":{"@type":"ListItem","@id":"https:\/\/anoticiaonline.com.br\/site#listItem","name":"Home"}},{"@type":"ListItem","@id":"https:\/\/anoticiaonline.com.br\/site\/categoria\/colunistas\/nomes-da-nossa-terra-joao-carlos-vargas-e-flavia-alves-junqueira-memorial-municipal-de-muriae\/#listItem","position":3,"name":"Nomes da Nossa Terra - Jo\u00e3o Carlos Vargas e Fl\u00e1via Alves Junqueira - Memorial Municipal de Muria\u00e9","item":"https:\/\/anoticiaonline.com.br\/site\/categoria\/colunistas\/nomes-da-nossa-terra-joao-carlos-vargas-e-flavia-alves-junqueira-memorial-municipal-de-muriae\/","nextItem":{"@type":"ListItem","@id":"https:\/\/anoticiaonline.com.br\/site\/zaccaria-cirilo-marques\/#listItem","name":"ZACCARIA CIRILO MARQUES"},"previousItem":{"@type":"ListItem","@id":"https:\/\/anoticiaonline.com.br\/site\/categoria\/colunistas\/#listItem","name":"Colunistas"}},{"@type":"ListItem","@id":"https:\/\/anoticiaonline.com.br\/site\/zaccaria-cirilo-marques\/#listItem","position":4,"name":"ZACCARIA CIRILO MARQUES","previousItem":{"@type":"ListItem","@id":"https:\/\/anoticiaonline.com.br\/site\/categoria\/colunistas\/nomes-da-nossa-terra-joao-carlos-vargas-e-flavia-alves-junqueira-memorial-municipal-de-muriae\/#listItem","name":"Nomes da Nossa Terra - Jo\u00e3o Carlos Vargas e Fl\u00e1via Alves Junqueira - Memorial Municipal de Muria\u00e9"}}]},{"@type":"Organization","@id":"https:\/\/anoticiaonline.com.br\/site\/#organization","name":"A Not\u00edcia Online","description":"Noticias de Muria\u00e9 e regi\u00e3o","url":"https:\/\/anoticiaonline.com.br\/site\/","logo":{"@type":"ImageObject","url":"https:\/\/scontent-gig4-1.xx.fbcdn.net\/v\/t39.30808-1\/270437624_4564083193639691_6907940295614233970_n.jpg?stp=dst-jpg_s200x200_tt6&_nc_cat=111&ccb=1-7&_nc_sid=f907e8&_nc_ohc=SM1wRlP3lJwQ7kNvwEPuBYA&_nc_oc=AdnqrjDN_BNjSSHWO-GbkIWH6fkGMLw4bqvL_NH6e2wMveX7G-rP2dAqsDSq1mJMOaY&_nc_zt=24&_nc_ht=scontent-gig4-1.xx&_nc_gid=AoBFJeGrT1hVaew_6rchkQ&oh=00_AfX7QmFGhQhG2jAllVgXCiM1ZrWgvtp80-Bfppyexh1QEg&oe=689E923C","@id":"https:\/\/anoticiaonline.com.br\/site\/zaccaria-cirilo-marques\/#organizationLogo"},"image":{"@id":"https:\/\/anoticiaonline.com.br\/site\/zaccaria-cirilo-marques\/#organizationLogo"}},{"@type":"Person","@id":"https:\/\/anoticiaonline.com.br\/site\/author\/juliana\/#author","url":"https:\/\/anoticiaonline.com.br\/site\/author\/juliana\/","name":"Juliana Laviola","image":{"@type":"ImageObject","@id":"https:\/\/anoticiaonline.com.br\/site\/zaccaria-cirilo-marques\/#authorImage","url":"https:\/\/secure.gravatar.com\/avatar\/b8d45f5c699b100dfaf0e543582f38f38bf94cb7ae3a5e9abf8d891a34773335?s=96&d=mm&r=g","width":96,"height":96,"caption":"Juliana Laviola"}},{"@type":"WebPage","@id":"https:\/\/anoticiaonline.com.br\/site\/zaccaria-cirilo-marques\/#webpage","url":"https:\/\/anoticiaonline.com.br\/site\/zaccaria-cirilo-marques\/","name":"ZACCARIA CIRILO MARQUES - A Not\u00edcia Online","description":"Nascido em 04 de novembro de 1927 Falecido em 27 de fevereiro de 1985 Zaccaria Cirilo Marques nasceu em Muria\u00e9 no ano de 1927, filho do alfaiate Jos\u00e9 Cirilo Marques e de Minervina Ramos Marques, residentes na Rua Benedito Valadares. Desde crian\u00e7a, j\u00e1 revelava tend\u00eancias art\u00edsticas. Aos doze anos, foi convidado a fazer parte da","inLanguage":"pt-BR","isPartOf":{"@id":"https:\/\/anoticiaonline.com.br\/site\/#website"},"breadcrumb":{"@id":"https:\/\/anoticiaonline.com.br\/site\/zaccaria-cirilo-marques\/#breadcrumblist"},"author":{"@id":"https:\/\/anoticiaonline.com.br\/site\/author\/juliana\/#author"},"creator":{"@id":"https:\/\/anoticiaonline.com.br\/site\/author\/juliana\/#author"},"datePublished":"2016-05-05T09:22:56-03:00","dateModified":"2016-05-05T09:22:56-03:00"},{"@type":"WebSite","@id":"https:\/\/anoticiaonline.com.br\/site\/#website","url":"https:\/\/anoticiaonline.com.br\/site\/","name":"A Not\u00edcia Online","description":"Noticias de Muria\u00e9 e regi\u00e3o","inLanguage":"pt-BR","publisher":{"@id":"https:\/\/anoticiaonline.com.br\/site\/#organization"}}]},"og:locale":"pt_BR","og:site_name":"A Not\u00edcia Online - Noticias de Muria\u00e9 e regi\u00e3o","og:type":"article","og:title":"ZACCARIA CIRILO MARQUES - A Not\u00edcia Online","og:description":"Nascido em 04 de novembro de 1927 Falecido em 27 de fevereiro de 1985 Zaccaria Cirilo Marques nasceu em Muria\u00e9 no ano de 1927, filho do alfaiate Jos\u00e9 Cirilo Marques e de Minervina Ramos Marques, residentes na Rua Benedito Valadares. Desde crian\u00e7a, j\u00e1 revelava tend\u00eancias art\u00edsticas. Aos doze anos, foi convidado a fazer parte da","og:url":"https:\/\/anoticiaonline.com.br\/site\/zaccaria-cirilo-marques\/","og:image":"https:\/\/scontent-gig4-1.xx.fbcdn.net\/v\/t39.30808-1\/270437624_4564083193639691_6907940295614233970_n.jpg?stp=dst-jpg_s200x200_tt6&#038;_nc_cat=111&#038;ccb=1-7&#038;_nc_sid=f907e8&#038;_nc_ohc=SM1wRlP3lJwQ7kNvwEPuBYA&#038;_nc_oc=AdnqrjDN_BNjSSHWO-GbkIWH6fkGMLw4bqvL_NH6e2wMveX7G-rP2dAqsDSq1mJMOaY&#038;_nc_zt=24&#038;_nc_ht=scontent-gig4-1.xx&#038;_nc_gid=AoBFJeGrT1hVaew_6rchkQ&#038;oh=00_AfX7QmFGhQhG2jAllVgXCiM1ZrWgvtp80-Bfppyexh1QEg&#038;oe=689E923C","og:image:secure_url":"https:\/\/scontent-gig4-1.xx.fbcdn.net\/v\/t39.30808-1\/270437624_4564083193639691_6907940295614233970_n.jpg?stp=dst-jpg_s200x200_tt6&#038;_nc_cat=111&#038;ccb=1-7&#038;_nc_sid=f907e8&#038;_nc_ohc=SM1wRlP3lJwQ7kNvwEPuBYA&#038;_nc_oc=AdnqrjDN_BNjSSHWO-GbkIWH6fkGMLw4bqvL_NH6e2wMveX7G-rP2dAqsDSq1mJMOaY&#038;_nc_zt=24&#038;_nc_ht=scontent-gig4-1.xx&#038;_nc_gid=AoBFJeGrT1hVaew_6rchkQ&#038;oh=00_AfX7QmFGhQhG2jAllVgXCiM1ZrWgvtp80-Bfppyexh1QEg&#038;oe=689E923C","article:published_time":"2016-05-05T12:22:56+00:00","article:modified_time":"2016-05-05T12:22:56+00:00","twitter:card":"summary_large_image","twitter:title":"ZACCARIA CIRILO MARQUES - A Not\u00edcia Online","twitter:description":"Nascido em 04 de novembro de 1927 Falecido em 27 de fevereiro de 1985 Zaccaria Cirilo Marques nasceu em Muria\u00e9 no ano de 1927, filho do alfaiate Jos\u00e9 Cirilo Marques e de Minervina Ramos Marques, residentes na Rua Benedito Valadares. Desde crian\u00e7a, j\u00e1 revelava tend\u00eancias art\u00edsticas. Aos doze anos, foi convidado a fazer parte da","twitter:image":"https:\/\/scontent-gig4-1.xx.fbcdn.net\/v\/t39.30808-1\/270437624_4564083193639691_6907940295614233970_n.jpg?stp=dst-jpg_s200x200_tt6&_nc_cat=111&ccb=1-7&_nc_sid=f907e8&_nc_ohc=SM1wRlP3lJwQ7kNvwEPuBYA&_nc_oc=AdnqrjDN_BNjSSHWO-GbkIWH6fkGMLw4bqvL_NH6e2wMveX7G-rP2dAqsDSq1mJMOaY&_nc_zt=24&_nc_ht=scontent-gig4-1.xx&_nc_gid=AoBFJeGrT1hVaew_6rchkQ&oh=00_AfX7QmFGhQhG2jAllVgXCiM1ZrWgvtp80-Bfppyexh1QEg&oe=689E923C"},"aioseo_meta_data":{"post_id":"12698","title":null,"description":null,"keywords":null,"keyphrases":null,"primary_term":null,"canonical_url":null,"og_title":null,"og_description":null,"og_object_type":"default","og_image_type":"default","og_image_url":null,"og_image_width":null,"og_image_height":null,"og_image_custom_url":null,"og_image_custom_fields":null,"og_video":null,"og_custom_url":null,"og_article_section":null,"og_article_tags":null,"twitter_use_og":false,"twitter_card":"default","twitter_image_type":"default","twitter_image_url":null,"twitter_image_custom_url":null,"twitter_image_custom_fields":null,"twitter_title":null,"twitter_description":null,"schema":{"blockGraphs":[],"customGraphs":[],"default":{"data":{"Article":[],"Course":[],"Dataset":[],"FAQPage":[],"Movie":[],"Person":[],"Product":[],"ProductReview":[],"Car":[],"Recipe":[],"Service":[],"SoftwareApplication":[],"WebPage":[]},"graphName":"","isEnabled":true},"graphs":[]},"schema_type":"default","schema_type_options":null,"pillar_content":false,"robots_default":true,"robots_noindex":false,"robots_noarchive":false,"robots_nosnippet":false,"robots_nofollow":false,"robots_noimageindex":false,"robots_noodp":false,"robots_notranslate":false,"robots_max_snippet":null,"robots_max_videopreview":null,"robots_max_imagepreview":"large","priority":null,"frequency":null,"local_seo":null,"breadcrumb_settings":null,"limit_modified_date":false,"ai":null,"created":"2025-08-16 15:55:32","updated":"2025-08-16 15:55:32","focus_keyword":null,"additional_keywords":null,"truseo_locale":null,"seo_analyzer_scan_date":null},"aioseo_breadcrumb":"<div class=\"aioseo-breadcrumbs\"><span class=\"aioseo-breadcrumb\">\n\t\t\t<a href=\"https:\/\/anoticiaonline.com.br\/site\" title=\"Home\">Home<\/a>\n\t\t<\/span><span class=\"aioseo-breadcrumb-separator\">&raquo;<\/span><span class=\"aioseo-breadcrumb\">\n\t\t\t<a href=\"https:\/\/anoticiaonline.com.br\/site\/categoria\/colunistas\/\" title=\"Colunistas\">Colunistas<\/a>\n\t\t<\/span><span class=\"aioseo-breadcrumb-separator\">&raquo;<\/span><span class=\"aioseo-breadcrumb\">\n\t\t\t<a href=\"https:\/\/anoticiaonline.com.br\/site\/categoria\/colunistas\/nomes-da-nossa-terra-joao-carlos-vargas-e-flavia-alves-junqueira-memorial-municipal-de-muriae\/\" title=\"Nomes da Nossa Terra - Jo\u00e3o Carlos Vargas e Fl\u00e1via Alves Junqueira - Memorial Municipal de Muria\u00e9\">Nomes da Nossa Terra - Jo\u00e3o Carlos Vargas e Fl\u00e1via Alves Junqueira - Memorial Municipal de Muria\u00e9<\/a>\n\t\t<\/span><span class=\"aioseo-breadcrumb-separator\">&raquo;<\/span><span class=\"aioseo-breadcrumb\">\n\t\t\tZACCARIA CIRILO MARQUES\n\t\t<\/span><\/div>","aioseo_breadcrumb_json":[{"label":"Home","link":"https:\/\/anoticiaonline.com.br\/site"},{"label":"Colunistas","link":"https:\/\/anoticiaonline.com.br\/site\/categoria\/colunistas\/"},{"label":"Nomes da Nossa Terra - Jo\u00e3o Carlos Vargas e Fl\u00e1via Alves Junqueira - Memorial Municipal de Muria\u00e9","link":"https:\/\/anoticiaonline.com.br\/site\/categoria\/colunistas\/nomes-da-nossa-terra-joao-carlos-vargas-e-flavia-alves-junqueira-memorial-municipal-de-muriae\/"},{"label":"ZACCARIA CIRILO MARQUES","link":"https:\/\/anoticiaonline.com.br\/site\/zaccaria-cirilo-marques\/"}],"views":175,"_links":{"self":[{"href":"https:\/\/anoticiaonline.com.br\/site\/wp-json\/wp\/v2\/posts\/12698","targetHints":{"allow":["GET"]}}],"collection":[{"href":"https:\/\/anoticiaonline.com.br\/site\/wp-json\/wp\/v2\/posts"}],"about":[{"href":"https:\/\/anoticiaonline.com.br\/site\/wp-json\/wp\/v2\/types\/post"}],"author":[{"embeddable":true,"href":"https:\/\/anoticiaonline.com.br\/site\/wp-json\/wp\/v2\/users\/2"}],"replies":[{"embeddable":true,"href":"https:\/\/anoticiaonline.com.br\/site\/wp-json\/wp\/v2\/comments?post=12698"}],"version-history":[{"count":0,"href":"https:\/\/anoticiaonline.com.br\/site\/wp-json\/wp\/v2\/posts\/12698\/revisions"}],"wp:attachment":[{"href":"https:\/\/anoticiaonline.com.br\/site\/wp-json\/wp\/v2\/media?parent=12698"}],"wp:term":[{"taxonomy":"category","embeddable":true,"href":"https:\/\/anoticiaonline.com.br\/site\/wp-json\/wp\/v2\/categories?post=12698"},{"taxonomy":"post_tag","embeddable":true,"href":"https:\/\/anoticiaonline.com.br\/site\/wp-json\/wp\/v2\/tags?post=12698"}],"curies":[{"name":"wp","href":"https:\/\/api.w.org\/{rel}","templated":true}]}}