{"id":12679,"date":"2016-05-04T14:50:30","date_gmt":"2016-05-04T17:50:30","guid":{"rendered":"http:\/\/anoticiaonline.com.br\/site\/?p=12679"},"modified":"2016-05-04T14:50:30","modified_gmt":"2016-05-04T17:50:30","slug":"aumento-da-tarifa-de-onibus-e-mobilidade-urbana-sao-debatidos-na-tribuna-da-camara","status":"publish","type":"post","link":"https:\/\/anoticiaonline.com.br\/site\/aumento-da-tarifa-de-onibus-e-mobilidade-urbana-sao-debatidos-na-tribuna-da-camara\/","title":{"rendered":"Aumento da tarifa de \u00f4nibus e mobilidade urbana s\u00e3o debatidos na tribuna da C\u00e2mara"},"content":{"rendered":"<figure id=\"attachment_9404\" aria-describedby=\"caption-attachment-9404\" style=\"width: 290px\" class=\"wp-caption alignleft\"><a href=\"https:\/\/anoticiaonline.com.br\/site\/wp-content\/uploads\/2016\/02\/C\u00e2mara-Municipal.jpg\"><img fetchpriority=\"high\" decoding=\"async\" class=\"wp-image-9404 size-medium\" src=\"https:\/\/anoticiaonline.com.br\/site\/wp-content\/uploads\/2016\/02\/C\u00e2mara-Municipal-300x225.jpg\" alt=\"C\u00e2mara Municipal\" width=\"300\" height=\"225\" srcset=\"https:\/\/anoticiaonline.com.br\/site\/wp-content\/uploads\/2016\/02\/C\u00e2mara-Municipal-300x225.jpg 300w, https:\/\/anoticiaonline.com.br\/site\/wp-content\/uploads\/2016\/02\/C\u00e2mara-Municipal.jpg 640w\" sizes=\"(max-width: 300px) 100vw, 300px\" \/><\/a><figcaption id=\"caption-attachment-9404\" class=\"wp-caption-text\">Foto: Arquivo A NOT\u00cdCIA<\/figcaption><\/figure>\n<p>Estudantes de gr\u00eamios estudantis ocuparam a tribuna da C\u00e2mara de Vereadores para protestar contra o reajuste de R$ 0,25 aplicado no transporte urbano, sem que a lei tivesse sido aprovada em plen\u00e1rio do Poder Legislativo, e reclamar da qualidade do servi\u00e7o prestado pela empresa.<\/p>\n<p>Os estudantes Igor Oliveira e Gustavo Henrique solicitaram aos vereadores que promovam uma audi\u00eancia p\u00fablica para discutir com o Departamento Municipal de Transportes e Tr\u00e2nsito (Demuttran) sobre a mobilidade urbana, o reajuste efetivado nos \u00f4nibus urbanos em abril e a qualidade do servi\u00e7o, conforme levantamento feito pelos estudantes. Os alunos ressaltaram se manter\u00e3o mobilizados, aguardando uma posi\u00e7\u00e3o por parte do Poder Executivo na discuss\u00e3o proposta.<\/p>\n<p>A presidente da Casa Legislativa, Helena Carvalho, disse que entrar\u00e1 em contato com o Poder Executivo e o Minist\u00e9rio P\u00fablico para agendar data para audi\u00eancia, com o fim de procurar solu\u00e7\u00f5es para a melhoria do transporte urbano municipal. Os estudantes e a sociedade ser\u00e3o informados da data para participarem e emitirem suas opini\u00f5es.<\/p>\n<p><strong>REDUTOR DE VELOCIDADE NO BAIRRO BARRA \u2013<\/strong> Na tribuna, a professora Rosane Maria Rios Mairink pediu que os vereadores se empenhem na cobran\u00e7a para instala\u00e7\u00e3o de redutor de velocidade (quebra-molas) ou passagem elevada na Avenida Monteiro de Castro com a Rua Belis\u00e1rio, no bairro da Barra, pr\u00f3ximo \u00e0 Pra\u00e7a do Prefeito Paulo Carvalho. Segundo ela, os ve\u00edculos, inclusive os \u00f4nibus urbanos, trafegam em alta velocidade e ocorreram diversos atropelamentos com \u00f3bito no local.<\/p>\n<p>A presidente Helena Carvalho informou que j\u00e1 fez tal reivindica\u00e7\u00e3o e o vereador Reinaldo Dornelas disse que apresentou reivindica\u00e7\u00e3o ao Poder P\u00fablico neste sentido.<\/p>\n<p><strong>REDU\u00c7\u00c3O DO SAL\u00c1RIO DOS VEREADORES E PODER EXECUTIVO &#8211;<\/strong> Joel Sanches Abreu, representante da Pastoral Social da Diocese Leopoldina, cobrou resposta ao abaixo-assinado apresentado na Casa Legislativa, o qual pede redu\u00e7\u00e3o nos subs\u00eddios dos vereadores, dos secret\u00e1rios municipais, prefeito e vice-prefeito.<\/p>\n<p>A presidente Helena Carvalho explicou que uma comiss\u00e3o especial foi formada pelos vereadores Ademar Camerino, Devail Gomes e Jos\u00e9 Harold Ferreira J\u00fanior, que consultaram o Cart\u00f3rio Eleitoral para checagem dos n\u00fameros dos t\u00edtulos de eleitores, conforme prev\u00ea na legisla\u00e7\u00e3o, para a aceitabilidade de propostas populares. Assim que a comiss\u00e3o encerrar este trabalho, os vereadores se reunir\u00e3o para elabora\u00e7\u00e3o do projeto, que dever\u00e1 ser votado no primeiro semestre.<\/p>\n","protected":false},"excerpt":{"rendered":"<p>Estudantes de gr\u00eamios estudantis ocuparam a tribuna da C\u00e2mara de Vereadores para protestar contra o reajuste de R$ 0,25 aplicado no transporte urbano, sem que a lei tivesse sido aprovada em plen\u00e1rio do Poder Legislativo, e reclamar da qualidade do servi\u00e7o prestado pela empresa. Os estudantes Igor Oliveira e Gustavo Henrique solicitaram aos vereadores que &#8230; <a title=\"Aumento da tarifa de \u00f4nibus e mobilidade urbana s\u00e3o debatidos na tribuna da C\u00e2mara\" class=\"read-more\" href=\"https:\/\/anoticiaonline.com.br\/site\/aumento-da-tarifa-de-onibus-e-mobilidade-urbana-sao-debatidos-na-tribuna-da-camara\/\" aria-label=\"Read more about Aumento da tarifa de \u00f4nibus e mobilidade urbana s\u00e3o debatidos na tribuna da C\u00e2mara\">Ler mais<\/a><\/p>\n","protected":false},"author":2,"featured_media":9404,"comment_status":"open","ping_status":"open","sticky":false,"template":"","format":"standard","meta":{"_acf_changed":false,"_monsterinsights_skip_tracking":false,"footnotes":""},"categories":[30],"tags":[3],"class_list":["post-12679","post","type-post","status-publish","format-standard","has-post-thumbnail","hentry","category-muriae","tag-slide"],"acf":[],"aioseo_notices":[],"aioseo_head":"\n\t\t<!-- All in One SEO 5.0.0.1 - aioseo.com -->\n\t<meta name=\"description\" content=\"Estudantes de gr\u00eamios estudantis ocuparam a tribuna da C\u00e2mara de Vereadores para protestar contra o reajuste de R$ 0,25 aplicado no transporte urbano, sem que a lei tivesse sido aprovada em plen\u00e1rio do Poder Legislativo, e reclamar da qualidade do servi\u00e7o prestado pela empresa. Os estudantes Igor Oliveira e Gustavo Henrique solicitaram aos vereadores que\" \/>\n\t<meta name=\"robots\" content=\"max-image-preview:large\" \/>\n\t<meta name=\"author\" content=\"Juliana Laviola\"\/>\n\t<link rel=\"canonical\" href=\"https:\/\/anoticiaonline.com.br\/site\/aumento-da-tarifa-de-onibus-e-mobilidade-urbana-sao-debatidos-na-tribuna-da-camara\/\" \/>\n\t<meta name=\"generator\" content=\"All in One SEO (AIOSEO) 5.0.0.1\" \/>\n\t\t<meta property=\"og:locale\" content=\"pt_BR\" \/>\n\t\t<meta property=\"og:site_name\" content=\"A Not\u00edcia Online - Noticias de Muria\u00e9 e regi\u00e3o\" \/>\n\t\t<meta property=\"og:type\" content=\"article\" \/>\n\t\t<meta property=\"og:title\" content=\"Aumento da tarifa de \u00f4nibus e mobilidade urbana s\u00e3o debatidos na tribuna da C\u00e2mara - A Not\u00edcia Online\" \/>\n\t\t<meta property=\"og:description\" content=\"Estudantes de gr\u00eamios estudantis ocuparam a tribuna da C\u00e2mara de Vereadores para protestar contra o reajuste de R$ 0,25 aplicado no transporte urbano, sem que a lei tivesse sido aprovada em plen\u00e1rio do Poder Legislativo, e reclamar da qualidade do servi\u00e7o prestado pela empresa. Os estudantes Igor Oliveira e Gustavo Henrique solicitaram aos vereadores que\" \/>\n\t\t<meta property=\"og:url\" content=\"https:\/\/anoticiaonline.com.br\/site\/aumento-da-tarifa-de-onibus-e-mobilidade-urbana-sao-debatidos-na-tribuna-da-camara\/\" \/>\n\t\t<meta property=\"og:image\" content=\"https:\/\/scontent-gig4-1.xx.fbcdn.net\/v\/t39.30808-1\/270437624_4564083193639691_6907940295614233970_n.jpg?stp=dst-jpg_s200x200_tt6&#038;_nc_cat=111&#038;ccb=1-7&#038;_nc_sid=f907e8&#038;_nc_ohc=SM1wRlP3lJwQ7kNvwEPuBYA&#038;_nc_oc=AdnqrjDN_BNjSSHWO-GbkIWH6fkGMLw4bqvL_NH6e2wMveX7G-rP2dAqsDSq1mJMOaY&#038;_nc_zt=24&#038;_nc_ht=scontent-gig4-1.xx&#038;_nc_gid=AoBFJeGrT1hVaew_6rchkQ&#038;oh=00_AfX7QmFGhQhG2jAllVgXCiM1ZrWgvtp80-Bfppyexh1QEg&#038;oe=689E923C\" \/>\n\t\t<meta property=\"og:image:secure_url\" content=\"https:\/\/scontent-gig4-1.xx.fbcdn.net\/v\/t39.30808-1\/270437624_4564083193639691_6907940295614233970_n.jpg?stp=dst-jpg_s200x200_tt6&#038;_nc_cat=111&#038;ccb=1-7&#038;_nc_sid=f907e8&#038;_nc_ohc=SM1wRlP3lJwQ7kNvwEPuBYA&#038;_nc_oc=AdnqrjDN_BNjSSHWO-GbkIWH6fkGMLw4bqvL_NH6e2wMveX7G-rP2dAqsDSq1mJMOaY&#038;_nc_zt=24&#038;_nc_ht=scontent-gig4-1.xx&#038;_nc_gid=AoBFJeGrT1hVaew_6rchkQ&#038;oh=00_AfX7QmFGhQhG2jAllVgXCiM1ZrWgvtp80-Bfppyexh1QEg&#038;oe=689E923C\" \/>\n\t\t<meta property=\"article:published_time\" content=\"2016-05-04T17:50:30+00:00\" \/>\n\t\t<meta property=\"article:modified_time\" content=\"2016-05-04T17:50:30+00:00\" \/>\n\t\t<meta name=\"twitter:card\" content=\"summary_large_image\" \/>\n\t\t<meta name=\"twitter:title\" content=\"Aumento da tarifa de \u00f4nibus e mobilidade urbana s\u00e3o debatidos na tribuna da C\u00e2mara - A Not\u00edcia Online\" \/>\n\t\t<meta name=\"twitter:description\" content=\"Estudantes de gr\u00eamios estudantis ocuparam a tribuna da C\u00e2mara de Vereadores para protestar contra o reajuste de R$ 0,25 aplicado no transporte urbano, sem que a lei tivesse sido aprovada em plen\u00e1rio do Poder Legislativo, e reclamar da qualidade do servi\u00e7o prestado pela empresa. Os estudantes Igor Oliveira e Gustavo Henrique solicitaram aos vereadores que\" \/>\n\t\t<meta name=\"twitter:image\" content=\"https:\/\/scontent-gig4-1.xx.fbcdn.net\/v\/t39.30808-1\/270437624_4564083193639691_6907940295614233970_n.jpg?stp=dst-jpg_s200x200_tt6&amp;_nc_cat=111&amp;ccb=1-7&amp;_nc_sid=f907e8&amp;_nc_ohc=SM1wRlP3lJwQ7kNvwEPuBYA&amp;_nc_oc=AdnqrjDN_BNjSSHWO-GbkIWH6fkGMLw4bqvL_NH6e2wMveX7G-rP2dAqsDSq1mJMOaY&amp;_nc_zt=24&amp;_nc_ht=scontent-gig4-1.xx&amp;_nc_gid=AoBFJeGrT1hVaew_6rchkQ&amp;oh=00_AfX7QmFGhQhG2jAllVgXCiM1ZrWgvtp80-Bfppyexh1QEg&amp;oe=689E923C\" \/>\n\t\t<script type=\"application\/ld+json\" class=\"aioseo-schema\">\n\t\t\t{\"@context\":\"https:\\\/\\\/schema.org\",\"@graph\":[{\"@type\":\"BlogPosting\",\"@id\":\"https:\\\/\\\/anoticiaonline.com.br\\\/site\\\/aumento-da-tarifa-de-onibus-e-mobilidade-urbana-sao-debatidos-na-tribuna-da-camara\\\/#blogposting\",\"name\":\"Aumento da tarifa de \\u00f4nibus e mobilidade urbana s\\u00e3o debatidos na tribuna da C\\u00e2mara - A Not\\u00edcia Online\",\"headline\":\"Aumento da tarifa de \\u00f4nibus e mobilidade urbana s\\u00e3o debatidos na tribuna da C\\u00e2mara\",\"author\":{\"@id\":\"https:\\\/\\\/anoticiaonline.com.br\\\/site\\\/author\\\/juliana\\\/#author\"},\"publisher\":{\"@id\":\"https:\\\/\\\/anoticiaonline.com.br\\\/site\\\/#organization\"},\"image\":{\"@type\":\"ImageObject\",\"url\":\"https:\\\/\\\/anoticiaonline.com.br\\\/site\\\/wp-content\\\/uploads\\\/2016\\\/02\\\/C\\u00e2mara-Municipal.jpg\",\"width\":640,\"height\":480},\"datePublished\":\"2016-05-04T14:50:30-03:00\",\"dateModified\":\"2016-05-04T14:50:30-03:00\",\"inLanguage\":\"pt-BR\",\"mainEntityOfPage\":{\"@id\":\"https:\\\/\\\/anoticiaonline.com.br\\\/site\\\/aumento-da-tarifa-de-onibus-e-mobilidade-urbana-sao-debatidos-na-tribuna-da-camara\\\/#webpage\"},\"isPartOf\":{\"@id\":\"https:\\\/\\\/anoticiaonline.com.br\\\/site\\\/aumento-da-tarifa-de-onibus-e-mobilidade-urbana-sao-debatidos-na-tribuna-da-camara\\\/#webpage\"},\"articleSection\":\"Blog, slide\"},{\"@type\":\"BreadcrumbList\",\"@id\":\"https:\\\/\\\/anoticiaonline.com.br\\\/site\\\/aumento-da-tarifa-de-onibus-e-mobilidade-urbana-sao-debatidos-na-tribuna-da-camara\\\/#breadcrumblist\",\"itemListElement\":[{\"@type\":\"ListItem\",\"@id\":\"https:\\\/\\\/anoticiaonline.com.br\\\/site#listItem\",\"position\":1,\"name\":\"Home\",\"item\":\"https:\\\/\\\/anoticiaonline.com.br\\\/site\",\"nextItem\":{\"@type\":\"ListItem\",\"@id\":\"https:\\\/\\\/anoticiaonline.com.br\\\/site\\\/categoria\\\/muriae\\\/#listItem\",\"name\":\"Blog\"}},{\"@type\":\"ListItem\",\"@id\":\"https:\\\/\\\/anoticiaonline.com.br\\\/site\\\/categoria\\\/muriae\\\/#listItem\",\"position\":2,\"name\":\"Blog\",\"item\":\"https:\\\/\\\/anoticiaonline.com.br\\\/site\\\/categoria\\\/muriae\\\/\",\"nextItem\":{\"@type\":\"ListItem\",\"@id\":\"https:\\\/\\\/anoticiaonline.com.br\\\/site\\\/aumento-da-tarifa-de-onibus-e-mobilidade-urbana-sao-debatidos-na-tribuna-da-camara\\\/#listItem\",\"name\":\"Aumento da tarifa de \\u00f4nibus e mobilidade urbana s\\u00e3o debatidos na tribuna da C\\u00e2mara\"},\"previousItem\":{\"@type\":\"ListItem\",\"@id\":\"https:\\\/\\\/anoticiaonline.com.br\\\/site#listItem\",\"name\":\"Home\"}},{\"@type\":\"ListItem\",\"@id\":\"https:\\\/\\\/anoticiaonline.com.br\\\/site\\\/aumento-da-tarifa-de-onibus-e-mobilidade-urbana-sao-debatidos-na-tribuna-da-camara\\\/#listItem\",\"position\":3,\"name\":\"Aumento da tarifa de \\u00f4nibus e mobilidade urbana s\\u00e3o debatidos na tribuna da C\\u00e2mara\",\"previousItem\":{\"@type\":\"ListItem\",\"@id\":\"https:\\\/\\\/anoticiaonline.com.br\\\/site\\\/categoria\\\/muriae\\\/#listItem\",\"name\":\"Blog\"}}]},{\"@type\":\"Organization\",\"@id\":\"https:\\\/\\\/anoticiaonline.com.br\\\/site\\\/#organization\",\"name\":\"A Not\\u00edcia Online\",\"description\":\"Noticias de Muria\\u00e9 e regi\\u00e3o\",\"url\":\"https:\\\/\\\/anoticiaonline.com.br\\\/site\\\/\",\"logo\":{\"@type\":\"ImageObject\",\"url\":\"https:\\\/\\\/scontent-gig4-1.xx.fbcdn.net\\\/v\\\/t39.30808-1\\\/270437624_4564083193639691_6907940295614233970_n.jpg?stp=dst-jpg_s200x200_tt6&_nc_cat=111&ccb=1-7&_nc_sid=f907e8&_nc_ohc=SM1wRlP3lJwQ7kNvwEPuBYA&_nc_oc=AdnqrjDN_BNjSSHWO-GbkIWH6fkGMLw4bqvL_NH6e2wMveX7G-rP2dAqsDSq1mJMOaY&_nc_zt=24&_nc_ht=scontent-gig4-1.xx&_nc_gid=AoBFJeGrT1hVaew_6rchkQ&oh=00_AfX7QmFGhQhG2jAllVgXCiM1ZrWgvtp80-Bfppyexh1QEg&oe=689E923C\",\"@id\":\"https:\\\/\\\/anoticiaonline.com.br\\\/site\\\/aumento-da-tarifa-de-onibus-e-mobilidade-urbana-sao-debatidos-na-tribuna-da-camara\\\/#organizationLogo\"},\"image\":{\"@id\":\"https:\\\/\\\/anoticiaonline.com.br\\\/site\\\/aumento-da-tarifa-de-onibus-e-mobilidade-urbana-sao-debatidos-na-tribuna-da-camara\\\/#organizationLogo\"}},{\"@type\":\"Person\",\"@id\":\"https:\\\/\\\/anoticiaonline.com.br\\\/site\\\/author\\\/juliana\\\/#author\",\"url\":\"https:\\\/\\\/anoticiaonline.com.br\\\/site\\\/author\\\/juliana\\\/\",\"name\":\"Juliana Laviola\",\"image\":{\"@type\":\"ImageObject\",\"@id\":\"https:\\\/\\\/anoticiaonline.com.br\\\/site\\\/aumento-da-tarifa-de-onibus-e-mobilidade-urbana-sao-debatidos-na-tribuna-da-camara\\\/#authorImage\",\"url\":\"https:\\\/\\\/secure.gravatar.com\\\/avatar\\\/b8d45f5c699b100dfaf0e543582f38f38bf94cb7ae3a5e9abf8d891a34773335?s=96&d=mm&r=g\",\"width\":96,\"height\":96,\"caption\":\"Juliana Laviola\"}},{\"@type\":\"WebPage\",\"@id\":\"https:\\\/\\\/anoticiaonline.com.br\\\/site\\\/aumento-da-tarifa-de-onibus-e-mobilidade-urbana-sao-debatidos-na-tribuna-da-camara\\\/#webpage\",\"url\":\"https:\\\/\\\/anoticiaonline.com.br\\\/site\\\/aumento-da-tarifa-de-onibus-e-mobilidade-urbana-sao-debatidos-na-tribuna-da-camara\\\/\",\"name\":\"Aumento da tarifa de \\u00f4nibus e mobilidade urbana s\\u00e3o debatidos na tribuna da C\\u00e2mara - A Not\\u00edcia Online\",\"description\":\"Estudantes de gr\\u00eamios estudantis ocuparam a tribuna da C\\u00e2mara de Vereadores para protestar contra o reajuste de R$ 0,25 aplicado no transporte urbano, sem que a lei tivesse sido aprovada em plen\\u00e1rio do Poder Legislativo, e reclamar da qualidade do servi\\u00e7o prestado pela empresa. Os estudantes Igor Oliveira e Gustavo Henrique solicitaram aos vereadores que\",\"inLanguage\":\"pt-BR\",\"isPartOf\":{\"@id\":\"https:\\\/\\\/anoticiaonline.com.br\\\/site\\\/#website\"},\"breadcrumb\":{\"@id\":\"https:\\\/\\\/anoticiaonline.com.br\\\/site\\\/aumento-da-tarifa-de-onibus-e-mobilidade-urbana-sao-debatidos-na-tribuna-da-camara\\\/#breadcrumblist\"},\"author\":{\"@id\":\"https:\\\/\\\/anoticiaonline.com.br\\\/site\\\/author\\\/juliana\\\/#author\"},\"creator\":{\"@id\":\"https:\\\/\\\/anoticiaonline.com.br\\\/site\\\/author\\\/juliana\\\/#author\"},\"image\":{\"@type\":\"ImageObject\",\"url\":\"https:\\\/\\\/anoticiaonline.com.br\\\/site\\\/wp-content\\\/uploads\\\/2016\\\/02\\\/C\\u00e2mara-Municipal.jpg\",\"@id\":\"https:\\\/\\\/anoticiaonline.com.br\\\/site\\\/aumento-da-tarifa-de-onibus-e-mobilidade-urbana-sao-debatidos-na-tribuna-da-camara\\\/#mainImage\",\"width\":640,\"height\":480},\"primaryImageOfPage\":{\"@id\":\"https:\\\/\\\/anoticiaonline.com.br\\\/site\\\/aumento-da-tarifa-de-onibus-e-mobilidade-urbana-sao-debatidos-na-tribuna-da-camara\\\/#mainImage\"},\"datePublished\":\"2016-05-04T14:50:30-03:00\",\"dateModified\":\"2016-05-04T14:50:30-03:00\"},{\"@type\":\"WebSite\",\"@id\":\"https:\\\/\\\/anoticiaonline.com.br\\\/site\\\/#website\",\"url\":\"https:\\\/\\\/anoticiaonline.com.br\\\/site\\\/\",\"name\":\"A Not\\u00edcia Online\",\"description\":\"Noticias de Muria\\u00e9 e regi\\u00e3o\",\"inLanguage\":\"pt-BR\",\"publisher\":{\"@id\":\"https:\\\/\\\/anoticiaonline.com.br\\\/site\\\/#organization\"}}]}\n\t\t<\/script>\n\t\t<!-- All in One SEO -->\n\n","aioseo_head_json":{"title":"Aumento da tarifa de \u00f4nibus e mobilidade urbana s\u00e3o debatidos na tribuna da C\u00e2mara - A Not\u00edcia Online","description":"Estudantes de gr\u00eamios estudantis ocuparam a tribuna da C\u00e2mara de Vereadores para protestar contra o reajuste de R$ 0,25 aplicado no transporte urbano, sem que a lei tivesse sido aprovada em plen\u00e1rio do Poder Legislativo, e reclamar da qualidade do servi\u00e7o prestado pela empresa. Os estudantes Igor Oliveira e Gustavo Henrique solicitaram aos vereadores que","canonical_url":"https:\/\/anoticiaonline.com.br\/site\/aumento-da-tarifa-de-onibus-e-mobilidade-urbana-sao-debatidos-na-tribuna-da-camara\/","robots":"max-image-preview:large","keywords":"","webmasterTools":{"miscellaneous":""},"schema":{"@context":"https:\/\/schema.org","@graph":[{"@type":"BlogPosting","@id":"https:\/\/anoticiaonline.com.br\/site\/aumento-da-tarifa-de-onibus-e-mobilidade-urbana-sao-debatidos-na-tribuna-da-camara\/#blogposting","name":"Aumento da tarifa de \u00f4nibus e mobilidade urbana s\u00e3o debatidos na tribuna da C\u00e2mara - A Not\u00edcia Online","headline":"Aumento da tarifa de \u00f4nibus e mobilidade urbana s\u00e3o debatidos na tribuna da C\u00e2mara","author":{"@id":"https:\/\/anoticiaonline.com.br\/site\/author\/juliana\/#author"},"publisher":{"@id":"https:\/\/anoticiaonline.com.br\/site\/#organization"},"image":{"@type":"ImageObject","url":"https:\/\/anoticiaonline.com.br\/site\/wp-content\/uploads\/2016\/02\/C\u00e2mara-Municipal.jpg","width":640,"height":480},"datePublished":"2016-05-04T14:50:30-03:00","dateModified":"2016-05-04T14:50:30-03:00","inLanguage":"pt-BR","mainEntityOfPage":{"@id":"https:\/\/anoticiaonline.com.br\/site\/aumento-da-tarifa-de-onibus-e-mobilidade-urbana-sao-debatidos-na-tribuna-da-camara\/#webpage"},"isPartOf":{"@id":"https:\/\/anoticiaonline.com.br\/site\/aumento-da-tarifa-de-onibus-e-mobilidade-urbana-sao-debatidos-na-tribuna-da-camara\/#webpage"},"articleSection":"Blog, slide"},{"@type":"BreadcrumbList","@id":"https:\/\/anoticiaonline.com.br\/site\/aumento-da-tarifa-de-onibus-e-mobilidade-urbana-sao-debatidos-na-tribuna-da-camara\/#breadcrumblist","itemListElement":[{"@type":"ListItem","@id":"https:\/\/anoticiaonline.com.br\/site#listItem","position":1,"name":"Home","item":"https:\/\/anoticiaonline.com.br\/site","nextItem":{"@type":"ListItem","@id":"https:\/\/anoticiaonline.com.br\/site\/categoria\/muriae\/#listItem","name":"Blog"}},{"@type":"ListItem","@id":"https:\/\/anoticiaonline.com.br\/site\/categoria\/muriae\/#listItem","position":2,"name":"Blog","item":"https:\/\/anoticiaonline.com.br\/site\/categoria\/muriae\/","nextItem":{"@type":"ListItem","@id":"https:\/\/anoticiaonline.com.br\/site\/aumento-da-tarifa-de-onibus-e-mobilidade-urbana-sao-debatidos-na-tribuna-da-camara\/#listItem","name":"Aumento da tarifa de \u00f4nibus e mobilidade urbana s\u00e3o debatidos na tribuna da C\u00e2mara"},"previousItem":{"@type":"ListItem","@id":"https:\/\/anoticiaonline.com.br\/site#listItem","name":"Home"}},{"@type":"ListItem","@id":"https:\/\/anoticiaonline.com.br\/site\/aumento-da-tarifa-de-onibus-e-mobilidade-urbana-sao-debatidos-na-tribuna-da-camara\/#listItem","position":3,"name":"Aumento da tarifa de \u00f4nibus e mobilidade urbana s\u00e3o debatidos na tribuna da C\u00e2mara","previousItem":{"@type":"ListItem","@id":"https:\/\/anoticiaonline.com.br\/site\/categoria\/muriae\/#listItem","name":"Blog"}}]},{"@type":"Organization","@id":"https:\/\/anoticiaonline.com.br\/site\/#organization","name":"A Not\u00edcia Online","description":"Noticias de Muria\u00e9 e regi\u00e3o","url":"https:\/\/anoticiaonline.com.br\/site\/","logo":{"@type":"ImageObject","url":"https:\/\/scontent-gig4-1.xx.fbcdn.net\/v\/t39.30808-1\/270437624_4564083193639691_6907940295614233970_n.jpg?stp=dst-jpg_s200x200_tt6&_nc_cat=111&ccb=1-7&_nc_sid=f907e8&_nc_ohc=SM1wRlP3lJwQ7kNvwEPuBYA&_nc_oc=AdnqrjDN_BNjSSHWO-GbkIWH6fkGMLw4bqvL_NH6e2wMveX7G-rP2dAqsDSq1mJMOaY&_nc_zt=24&_nc_ht=scontent-gig4-1.xx&_nc_gid=AoBFJeGrT1hVaew_6rchkQ&oh=00_AfX7QmFGhQhG2jAllVgXCiM1ZrWgvtp80-Bfppyexh1QEg&oe=689E923C","@id":"https:\/\/anoticiaonline.com.br\/site\/aumento-da-tarifa-de-onibus-e-mobilidade-urbana-sao-debatidos-na-tribuna-da-camara\/#organizationLogo"},"image":{"@id":"https:\/\/anoticiaonline.com.br\/site\/aumento-da-tarifa-de-onibus-e-mobilidade-urbana-sao-debatidos-na-tribuna-da-camara\/#organizationLogo"}},{"@type":"Person","@id":"https:\/\/anoticiaonline.com.br\/site\/author\/juliana\/#author","url":"https:\/\/anoticiaonline.com.br\/site\/author\/juliana\/","name":"Juliana Laviola","image":{"@type":"ImageObject","@id":"https:\/\/anoticiaonline.com.br\/site\/aumento-da-tarifa-de-onibus-e-mobilidade-urbana-sao-debatidos-na-tribuna-da-camara\/#authorImage","url":"https:\/\/secure.gravatar.com\/avatar\/b8d45f5c699b100dfaf0e543582f38f38bf94cb7ae3a5e9abf8d891a34773335?s=96&d=mm&r=g","width":96,"height":96,"caption":"Juliana Laviola"}},{"@type":"WebPage","@id":"https:\/\/anoticiaonline.com.br\/site\/aumento-da-tarifa-de-onibus-e-mobilidade-urbana-sao-debatidos-na-tribuna-da-camara\/#webpage","url":"https:\/\/anoticiaonline.com.br\/site\/aumento-da-tarifa-de-onibus-e-mobilidade-urbana-sao-debatidos-na-tribuna-da-camara\/","name":"Aumento da tarifa de \u00f4nibus e mobilidade urbana s\u00e3o debatidos na tribuna da C\u00e2mara - A Not\u00edcia Online","description":"Estudantes de gr\u00eamios estudantis ocuparam a tribuna da C\u00e2mara de Vereadores para protestar contra o reajuste de R$ 0,25 aplicado no transporte urbano, sem que a lei tivesse sido aprovada em plen\u00e1rio do Poder Legislativo, e reclamar da qualidade do servi\u00e7o prestado pela empresa. Os estudantes Igor Oliveira e Gustavo Henrique solicitaram aos vereadores que","inLanguage":"pt-BR","isPartOf":{"@id":"https:\/\/anoticiaonline.com.br\/site\/#website"},"breadcrumb":{"@id":"https:\/\/anoticiaonline.com.br\/site\/aumento-da-tarifa-de-onibus-e-mobilidade-urbana-sao-debatidos-na-tribuna-da-camara\/#breadcrumblist"},"author":{"@id":"https:\/\/anoticiaonline.com.br\/site\/author\/juliana\/#author"},"creator":{"@id":"https:\/\/anoticiaonline.com.br\/site\/author\/juliana\/#author"},"image":{"@type":"ImageObject","url":"https:\/\/anoticiaonline.com.br\/site\/wp-content\/uploads\/2016\/02\/C\u00e2mara-Municipal.jpg","@id":"https:\/\/anoticiaonline.com.br\/site\/aumento-da-tarifa-de-onibus-e-mobilidade-urbana-sao-debatidos-na-tribuna-da-camara\/#mainImage","width":640,"height":480},"primaryImageOfPage":{"@id":"https:\/\/anoticiaonline.com.br\/site\/aumento-da-tarifa-de-onibus-e-mobilidade-urbana-sao-debatidos-na-tribuna-da-camara\/#mainImage"},"datePublished":"2016-05-04T14:50:30-03:00","dateModified":"2016-05-04T14:50:30-03:00"},{"@type":"WebSite","@id":"https:\/\/anoticiaonline.com.br\/site\/#website","url":"https:\/\/anoticiaonline.com.br\/site\/","name":"A Not\u00edcia Online","description":"Noticias de Muria\u00e9 e regi\u00e3o","inLanguage":"pt-BR","publisher":{"@id":"https:\/\/anoticiaonline.com.br\/site\/#organization"}}]},"og:locale":"pt_BR","og:site_name":"A Not\u00edcia Online - Noticias de Muria\u00e9 e regi\u00e3o","og:type":"article","og:title":"Aumento da tarifa de \u00f4nibus e mobilidade urbana s\u00e3o debatidos na tribuna da C\u00e2mara - A Not\u00edcia Online","og:description":"Estudantes de gr\u00eamios estudantis ocuparam a tribuna da C\u00e2mara de Vereadores para protestar contra o reajuste de R$ 0,25 aplicado no transporte urbano, sem que a lei tivesse sido aprovada em plen\u00e1rio do Poder Legislativo, e reclamar da qualidade do servi\u00e7o prestado pela empresa. Os estudantes Igor Oliveira e Gustavo Henrique solicitaram aos vereadores que","og:url":"https:\/\/anoticiaonline.com.br\/site\/aumento-da-tarifa-de-onibus-e-mobilidade-urbana-sao-debatidos-na-tribuna-da-camara\/","og:image":"https:\/\/scontent-gig4-1.xx.fbcdn.net\/v\/t39.30808-1\/270437624_4564083193639691_6907940295614233970_n.jpg?stp=dst-jpg_s200x200_tt6&#038;_nc_cat=111&#038;ccb=1-7&#038;_nc_sid=f907e8&#038;_nc_ohc=SM1wRlP3lJwQ7kNvwEPuBYA&#038;_nc_oc=AdnqrjDN_BNjSSHWO-GbkIWH6fkGMLw4bqvL_NH6e2wMveX7G-rP2dAqsDSq1mJMOaY&#038;_nc_zt=24&#038;_nc_ht=scontent-gig4-1.xx&#038;_nc_gid=AoBFJeGrT1hVaew_6rchkQ&#038;oh=00_AfX7QmFGhQhG2jAllVgXCiM1ZrWgvtp80-Bfppyexh1QEg&#038;oe=689E923C","og:image:secure_url":"https:\/\/scontent-gig4-1.xx.fbcdn.net\/v\/t39.30808-1\/270437624_4564083193639691_6907940295614233970_n.jpg?stp=dst-jpg_s200x200_tt6&#038;_nc_cat=111&#038;ccb=1-7&#038;_nc_sid=f907e8&#038;_nc_ohc=SM1wRlP3lJwQ7kNvwEPuBYA&#038;_nc_oc=AdnqrjDN_BNjSSHWO-GbkIWH6fkGMLw4bqvL_NH6e2wMveX7G-rP2dAqsDSq1mJMOaY&#038;_nc_zt=24&#038;_nc_ht=scontent-gig4-1.xx&#038;_nc_gid=AoBFJeGrT1hVaew_6rchkQ&#038;oh=00_AfX7QmFGhQhG2jAllVgXCiM1ZrWgvtp80-Bfppyexh1QEg&#038;oe=689E923C","article:published_time":"2016-05-04T17:50:30+00:00","article:modified_time":"2016-05-04T17:50:30+00:00","twitter:card":"summary_large_image","twitter:title":"Aumento da tarifa de \u00f4nibus e mobilidade urbana s\u00e3o debatidos na tribuna da C\u00e2mara - A Not\u00edcia Online","twitter:description":"Estudantes de gr\u00eamios estudantis ocuparam a tribuna da C\u00e2mara de Vereadores para protestar contra o reajuste de R$ 0,25 aplicado no transporte urbano, sem que a lei tivesse sido aprovada em plen\u00e1rio do Poder Legislativo, e reclamar da qualidade do servi\u00e7o prestado pela empresa. Os estudantes Igor Oliveira e Gustavo Henrique solicitaram aos vereadores que","twitter:image":"https:\/\/scontent-gig4-1.xx.fbcdn.net\/v\/t39.30808-1\/270437624_4564083193639691_6907940295614233970_n.jpg?stp=dst-jpg_s200x200_tt6&_nc_cat=111&ccb=1-7&_nc_sid=f907e8&_nc_ohc=SM1wRlP3lJwQ7kNvwEPuBYA&_nc_oc=AdnqrjDN_BNjSSHWO-GbkIWH6fkGMLw4bqvL_NH6e2wMveX7G-rP2dAqsDSq1mJMOaY&_nc_zt=24&_nc_ht=scontent-gig4-1.xx&_nc_gid=AoBFJeGrT1hVaew_6rchkQ&oh=00_AfX7QmFGhQhG2jAllVgXCiM1ZrWgvtp80-Bfppyexh1QEg&oe=689E923C"},"aioseo_meta_data":{"post_id":"12679","title":null,"description":null,"keywords":null,"keyphrases":null,"primary_term":null,"canonical_url":null,"og_title":null,"og_description":null,"og_object_type":"default","og_image_type":"default","og_image_url":null,"og_image_width":null,"og_image_height":null,"og_image_custom_url":null,"og_image_custom_fields":null,"og_video":null,"og_custom_url":null,"og_article_section":null,"og_article_tags":null,"twitter_use_og":false,"twitter_card":"default","twitter_image_type":"default","twitter_image_url":null,"twitter_image_custom_url":null,"twitter_image_custom_fields":null,"twitter_title":null,"twitter_description":null,"schema":{"blockGraphs":[],"customGraphs":[],"default":{"data":{"Article":[],"Course":[],"Dataset":[],"FAQPage":[],"Movie":[],"Person":[],"Product":[],"ProductReview":[],"Car":[],"Recipe":[],"Service":[],"SoftwareApplication":[],"WebPage":[]},"graphName":"","isEnabled":true},"graphs":[]},"schema_type":"default","schema_type_options":null,"pillar_content":false,"robots_default":true,"robots_noindex":false,"robots_noarchive":false,"robots_nosnippet":false,"robots_nofollow":false,"robots_noimageindex":false,"robots_noodp":false,"robots_notranslate":false,"robots_max_snippet":null,"robots_max_videopreview":null,"robots_max_imagepreview":"large","priority":null,"frequency":null,"local_seo":null,"breadcrumb_settings":null,"limit_modified_date":false,"ai":null,"created":"2025-08-16 15:55:32","updated":"2025-08-16 15:55:32","focus_keyword":null,"additional_keywords":null,"truseo_locale":null,"seo_analyzer_scan_date":null},"aioseo_breadcrumb":"<div class=\"aioseo-breadcrumbs\"><span class=\"aioseo-breadcrumb\">\n\t\t\t<a href=\"https:\/\/anoticiaonline.com.br\/site\" title=\"Home\">Home<\/a>\n\t\t<\/span><span class=\"aioseo-breadcrumb-separator\">&raquo;<\/span><span class=\"aioseo-breadcrumb\">\n\t\t\t<a href=\"https:\/\/anoticiaonline.com.br\/site\/categoria\/muriae\/\" title=\"Blog\">Blog<\/a>\n\t\t<\/span><span class=\"aioseo-breadcrumb-separator\">&raquo;<\/span><span class=\"aioseo-breadcrumb\">\n\t\t\tAumento da tarifa de \u00f4nibus e mobilidade urbana s\u00e3o debatidos na tribuna da C\u00e2mara\n\t\t<\/span><\/div>","aioseo_breadcrumb_json":[{"label":"Home","link":"https:\/\/anoticiaonline.com.br\/site"},{"label":"Blog","link":"https:\/\/anoticiaonline.com.br\/site\/categoria\/muriae\/"},{"label":"Aumento da tarifa de \u00f4nibus e mobilidade urbana s\u00e3o debatidos na tribuna da C\u00e2mara","link":"https:\/\/anoticiaonline.com.br\/site\/aumento-da-tarifa-de-onibus-e-mobilidade-urbana-sao-debatidos-na-tribuna-da-camara\/"}],"views":132,"_links":{"self":[{"href":"https:\/\/anoticiaonline.com.br\/site\/wp-json\/wp\/v2\/posts\/12679","targetHints":{"allow":["GET"]}}],"collection":[{"href":"https:\/\/anoticiaonline.com.br\/site\/wp-json\/wp\/v2\/posts"}],"about":[{"href":"https:\/\/anoticiaonline.com.br\/site\/wp-json\/wp\/v2\/types\/post"}],"author":[{"embeddable":true,"href":"https:\/\/anoticiaonline.com.br\/site\/wp-json\/wp\/v2\/users\/2"}],"replies":[{"embeddable":true,"href":"https:\/\/anoticiaonline.com.br\/site\/wp-json\/wp\/v2\/comments?post=12679"}],"version-history":[{"count":0,"href":"https:\/\/anoticiaonline.com.br\/site\/wp-json\/wp\/v2\/posts\/12679\/revisions"}],"wp:featuredmedia":[{"embeddable":true,"href":"https:\/\/anoticiaonline.com.br\/site\/wp-json\/wp\/v2\/media\/9404"}],"wp:attachment":[{"href":"https:\/\/anoticiaonline.com.br\/site\/wp-json\/wp\/v2\/media?parent=12679"}],"wp:term":[{"taxonomy":"category","embeddable":true,"href":"https:\/\/anoticiaonline.com.br\/site\/wp-json\/wp\/v2\/categories?post=12679"},{"taxonomy":"post_tag","embeddable":true,"href":"https:\/\/anoticiaonline.com.br\/site\/wp-json\/wp\/v2\/tags?post=12679"}],"curies":[{"name":"wp","href":"https:\/\/api.w.org\/{rel}","templated":true}]}}