{"id":12654,"date":"2016-05-03T09:06:32","date_gmt":"2016-05-03T12:06:32","guid":{"rendered":"http:\/\/anoticiaonline.com.br\/site\/?p=12654"},"modified":"2016-05-05T16:16:30","modified_gmt":"2016-05-05T19:16:30","slug":"historia-da-paroquia-do-porto-e-eternizada-em-livro","status":"publish","type":"post","link":"https:\/\/anoticiaonline.com.br\/site\/historia-da-paroquia-do-porto-e-eternizada-em-livro\/","title":{"rendered":"Hist\u00f3ria da par\u00f3quia do Porto \u00e9 eternizada em livro"},"content":{"rendered":"<p><a href=\"https:\/\/anoticiaonline.com.br\/site\/wp-content\/uploads\/2016\/05\/DSCN8291.jpg\"><img fetchpriority=\"high\" decoding=\"async\" class=\" size-medium wp-image-12656 alignleft\" src=\"https:\/\/anoticiaonline.com.br\/site\/wp-content\/uploads\/2016\/05\/DSCN8291-300x223.jpg\" alt=\"DSCN8291\" width=\"300\" height=\"223\" srcset=\"https:\/\/anoticiaonline.com.br\/site\/wp-content\/uploads\/2016\/05\/DSCN8291-300x223.jpg 300w, https:\/\/anoticiaonline.com.br\/site\/wp-content\/uploads\/2016\/05\/DSCN8291.jpg 640w\" sizes=\"(max-width: 300px) 100vw, 300px\" \/><\/a>Os 50 anos da Par\u00f3quia Nossa Senhora Aparecida, localizada no Porto, foram contados no livro \u201cConstru\u00e7\u00e3o do Tempo\u201d, de autoria de Cristian Gomes Lima. A obra, publicada pela Editora FAMINAS, remonta, com a ajuda de um grande repert\u00f3rio hist\u00f3rico-fotogr\u00e1fico, a hist\u00f3ria da par\u00f3quia desde as primeiras movimenta\u00e7\u00f5es religiosas na antiga capela, em 1925, at\u00e9 os dias atuais, bem como as comemora\u00e7\u00f5es \u00e1ureas realizadas em 2015.<\/p>\n<p>O lan\u00e7amento do livro, que aconteceu na noite de s\u00e1bado (30), no sal\u00e3o paroquial da igreja, com a presen\u00e7a do atual p\u00e1roco, padre Carlos Henrique Mariosa, de fi\u00e9is, parentes e amigos do autor, al\u00e9m de representantes da Academia Muriaeense de Letras (AMLE), fez parte das comemora\u00e7\u00f5es em homenagem \u00e0s cinco d\u00e9cadas da par\u00f3quia e marcou tamb\u00e9m a despedida de padre Silas Geraldo.<\/p>\n<p>Na obra de 268 p\u00e1ginas, \u00e9 poss\u00edvel acompanhar a din\u00e2mica administrativa e pastoral da igreja do Porto ao longo do tempo juntamente com a vida e a\u00e7\u00e3o de cada padre que passou na comunidade, como \u00e9 o caso dos padres Maximino Benassati, Henrique de Groot, \u00canio Martin, Pio Locks, Tiago Prins, Henrique Revers, Jacques, Carlos Borges, Valdemar Tadeu, Luiz Neto e Silas Geraldo.<\/p>\n<p>Al\u00e9m disso, traz um completo estudo de caso de uma igreja local no modelo tridentino (antes de 1965) e da aplica\u00e7\u00e3o da reforma lit\u00fargica provocada pelo Conc\u00edlio Vaticano II (depois de 1965).<\/p>\n<p>Segundo o autor, Cristian Lima, o livro \u2013 que \u00e9 o segundo de sua carreira como escritor &#8211; \u00e9 resultado de ampla pesquisa documental e oral realizada ao longo dos \u00faltimos dois anos. \u201cCome\u00e7amos com a parte documental e, a partir da\u00ed, comecei a sistematizar os trabalhos, que foram conclu\u00eddos com as entrevistas orais com pessoas que viveram essa hist\u00f3ria\u201d, conta o escritor. \u201cQuem ler o livro ver\u00e1 o valor historiogr\u00e1fico que ele tem. \u00c9 uma obra que merece ser lida pelos muriaeenses\u201d, completa.<\/p>\n<p>\u201cConstru\u00e7\u00e3o do Tempo\u201d pode ser adquirido na Secretaria da Par\u00f3quia Nossa Senhora Aparecida. Mais informa\u00e7\u00f5es podem ser obtidas pelo telefone 3729-1045.<\/p>\n<p><strong><a href=\"https:\/\/anoticiaonline.com.br\/site\/wp-content\/uploads\/2016\/05\/DSCN8220.jpg\"><img decoding=\"async\" class=\" size-medium wp-image-12655 alignleft\" src=\"https:\/\/anoticiaonline.com.br\/site\/wp-content\/uploads\/2016\/05\/DSCN8220-300x222.jpg\" alt=\"DSCN8220\" width=\"300\" height=\"222\" srcset=\"https:\/\/anoticiaonline.com.br\/site\/wp-content\/uploads\/2016\/05\/DSCN8220-300x222.jpg 300w, https:\/\/anoticiaonline.com.br\/site\/wp-content\/uploads\/2016\/05\/DSCN8220.jpg 640w\" sizes=\"(max-width: 300px) 100vw, 300px\" \/><\/a>O AUTOR \u2013<\/strong> Nascido em Muria\u00e9 em 2 de dezembro de 1987, Cristian Lima \u00e9 filho ca\u00e7ula de Clelio de Souza Lima e Maria Jos\u00e9 Gomes Lima e casado com Larissa Rocha Mota. Foi criado em uma fam\u00edlia crist\u00e3 cat\u00f3lica no bairro Inconfid\u00eancia e sempre atuou em movimentos e pastorais da Igreja Cat\u00f3lica.<\/p>\n<p>Cristian \u00e9 graduado em Hist\u00f3ria e Geografia pela FASM e p\u00f3s-graduado em Estado e Sociedade Brasileira pela Universidade Federal de Juiz de Fora (UFJF).<\/p>\n<p>\u00c9 autor, tamb\u00e9m, de \u201cPico do Itajuru: Mem\u00f3rias da Natureza\u201d, livro escrito conjuntamente com o professor de Cinema e produtor cultural, doutor Adriano Medeiros.<\/p>\n<p>Al\u00e9m de escritor, Cristian \u00e9 professor nas redes estaduais de Minas e do Rio de Janeiro e da Escola S\u00e3o Paulo. \u00c9, ainda, integrante, desde 2012, da Academia Muriaeense de Letras.<\/p>\n","protected":false},"excerpt":{"rendered":"<p>Os 50 anos da Par\u00f3quia Nossa Senhora Aparecida, localizada no Porto, foram contados no livro \u201cConstru\u00e7\u00e3o do Tempo\u201d, de autoria de Cristian Gomes Lima. A obra, publicada pela Editora FAMINAS, remonta, com a ajuda de um grande repert\u00f3rio hist\u00f3rico-fotogr\u00e1fico, a hist\u00f3ria da par\u00f3quia desde as primeiras movimenta\u00e7\u00f5es religiosas na antiga capela, em 1925, at\u00e9 os &#8230; <a title=\"Hist\u00f3ria da par\u00f3quia do Porto \u00e9 eternizada em livro\" class=\"read-more\" href=\"https:\/\/anoticiaonline.com.br\/site\/historia-da-paroquia-do-porto-e-eternizada-em-livro\/\" aria-label=\"Read more about Hist\u00f3ria da par\u00f3quia do Porto \u00e9 eternizada em livro\">Ler mais<\/a><\/p>\n","protected":false},"author":2,"featured_media":12657,"comment_status":"open","ping_status":"open","sticky":false,"template":"","format":"standard","meta":{"_acf_changed":false,"_monsterinsights_skip_tracking":false,"footnotes":""},"categories":[30],"tags":[3],"class_list":["post-12654","post","type-post","status-publish","format-standard","has-post-thumbnail","hentry","category-muriae","tag-slide"],"acf":[],"aioseo_notices":[],"aioseo_head":"\n\t\t<!-- All in One SEO 5.0.0.1 - aioseo.com -->\n\t<meta name=\"description\" content=\"Os 50 anos da Par\u00f3quia Nossa Senhora Aparecida, localizada no Porto, foram contados no livro \u201cConstru\u00e7\u00e3o do Tempo\u201d, de autoria de Cristian Gomes Lima. A obra, publicada pela Editora FAMINAS, remonta, com a ajuda de um grande repert\u00f3rio hist\u00f3rico-fotogr\u00e1fico, a hist\u00f3ria da par\u00f3quia desde as primeiras movimenta\u00e7\u00f5es religiosas na antiga capela, em 1925, at\u00e9 os\" \/>\n\t<meta name=\"robots\" content=\"max-image-preview:large\" \/>\n\t<meta name=\"author\" content=\"Juliana Laviola\"\/>\n\t<link rel=\"canonical\" href=\"https:\/\/anoticiaonline.com.br\/site\/historia-da-paroquia-do-porto-e-eternizada-em-livro\/\" \/>\n\t<meta name=\"generator\" content=\"All in One SEO (AIOSEO) 5.0.0.1\" \/>\n\t\t<meta property=\"og:locale\" content=\"pt_BR\" \/>\n\t\t<meta property=\"og:site_name\" content=\"A Not\u00edcia Online - Noticias de Muria\u00e9 e regi\u00e3o\" \/>\n\t\t<meta property=\"og:type\" content=\"article\" \/>\n\t\t<meta property=\"og:title\" content=\"Hist\u00f3ria da par\u00f3quia do Porto \u00e9 eternizada em livro - A Not\u00edcia Online\" \/>\n\t\t<meta property=\"og:description\" content=\"Os 50 anos da Par\u00f3quia Nossa Senhora Aparecida, localizada no Porto, foram contados no livro \u201cConstru\u00e7\u00e3o do Tempo\u201d, de autoria de Cristian Gomes Lima. A obra, publicada pela Editora FAMINAS, remonta, com a ajuda de um grande repert\u00f3rio hist\u00f3rico-fotogr\u00e1fico, a hist\u00f3ria da par\u00f3quia desde as primeiras movimenta\u00e7\u00f5es religiosas na antiga capela, em 1925, at\u00e9 os\" \/>\n\t\t<meta property=\"og:url\" content=\"https:\/\/anoticiaonline.com.br\/site\/historia-da-paroquia-do-porto-e-eternizada-em-livro\/\" \/>\n\t\t<meta property=\"og:image\" content=\"https:\/\/scontent-gig4-1.xx.fbcdn.net\/v\/t39.30808-1\/270437624_4564083193639691_6907940295614233970_n.jpg?stp=dst-jpg_s200x200_tt6&#038;_nc_cat=111&#038;ccb=1-7&#038;_nc_sid=f907e8&#038;_nc_ohc=SM1wRlP3lJwQ7kNvwEPuBYA&#038;_nc_oc=AdnqrjDN_BNjSSHWO-GbkIWH6fkGMLw4bqvL_NH6e2wMveX7G-rP2dAqsDSq1mJMOaY&#038;_nc_zt=24&#038;_nc_ht=scontent-gig4-1.xx&#038;_nc_gid=AoBFJeGrT1hVaew_6rchkQ&#038;oh=00_AfX7QmFGhQhG2jAllVgXCiM1ZrWgvtp80-Bfppyexh1QEg&#038;oe=689E923C\" \/>\n\t\t<meta property=\"og:image:secure_url\" content=\"https:\/\/scontent-gig4-1.xx.fbcdn.net\/v\/t39.30808-1\/270437624_4564083193639691_6907940295614233970_n.jpg?stp=dst-jpg_s200x200_tt6&#038;_nc_cat=111&#038;ccb=1-7&#038;_nc_sid=f907e8&#038;_nc_ohc=SM1wRlP3lJwQ7kNvwEPuBYA&#038;_nc_oc=AdnqrjDN_BNjSSHWO-GbkIWH6fkGMLw4bqvL_NH6e2wMveX7G-rP2dAqsDSq1mJMOaY&#038;_nc_zt=24&#038;_nc_ht=scontent-gig4-1.xx&#038;_nc_gid=AoBFJeGrT1hVaew_6rchkQ&#038;oh=00_AfX7QmFGhQhG2jAllVgXCiM1ZrWgvtp80-Bfppyexh1QEg&#038;oe=689E923C\" \/>\n\t\t<meta property=\"article:published_time\" content=\"2016-05-03T12:06:32+00:00\" \/>\n\t\t<meta property=\"article:modified_time\" content=\"2016-05-05T19:16:30+00:00\" \/>\n\t\t<meta name=\"twitter:card\" content=\"summary_large_image\" \/>\n\t\t<meta name=\"twitter:title\" content=\"Hist\u00f3ria da par\u00f3quia do Porto \u00e9 eternizada em livro - A Not\u00edcia Online\" \/>\n\t\t<meta name=\"twitter:description\" content=\"Os 50 anos da Par\u00f3quia Nossa Senhora Aparecida, localizada no Porto, foram contados no livro \u201cConstru\u00e7\u00e3o do Tempo\u201d, de autoria de Cristian Gomes Lima. A obra, publicada pela Editora FAMINAS, remonta, com a ajuda de um grande repert\u00f3rio hist\u00f3rico-fotogr\u00e1fico, a hist\u00f3ria da par\u00f3quia desde as primeiras movimenta\u00e7\u00f5es religiosas na antiga capela, em 1925, at\u00e9 os\" \/>\n\t\t<meta name=\"twitter:image\" content=\"https:\/\/scontent-gig4-1.xx.fbcdn.net\/v\/t39.30808-1\/270437624_4564083193639691_6907940295614233970_n.jpg?stp=dst-jpg_s200x200_tt6&amp;_nc_cat=111&amp;ccb=1-7&amp;_nc_sid=f907e8&amp;_nc_ohc=SM1wRlP3lJwQ7kNvwEPuBYA&amp;_nc_oc=AdnqrjDN_BNjSSHWO-GbkIWH6fkGMLw4bqvL_NH6e2wMveX7G-rP2dAqsDSq1mJMOaY&amp;_nc_zt=24&amp;_nc_ht=scontent-gig4-1.xx&amp;_nc_gid=AoBFJeGrT1hVaew_6rchkQ&amp;oh=00_AfX7QmFGhQhG2jAllVgXCiM1ZrWgvtp80-Bfppyexh1QEg&amp;oe=689E923C\" \/>\n\t\t<script type=\"application\/ld+json\" class=\"aioseo-schema\">\n\t\t\t{\"@context\":\"https:\\\/\\\/schema.org\",\"@graph\":[{\"@type\":\"BlogPosting\",\"@id\":\"https:\\\/\\\/anoticiaonline.com.br\\\/site\\\/historia-da-paroquia-do-porto-e-eternizada-em-livro\\\/#blogposting\",\"name\":\"Hist\\u00f3ria da par\\u00f3quia do Porto \\u00e9 eternizada em livro - A Not\\u00edcia Online\",\"headline\":\"Hist\\u00f3ria da par\\u00f3quia do Porto \\u00e9 eternizada em livro\",\"author\":{\"@id\":\"https:\\\/\\\/anoticiaonline.com.br\\\/site\\\/author\\\/juliana\\\/#author\"},\"publisher\":{\"@id\":\"https:\\\/\\\/anoticiaonline.com.br\\\/site\\\/#organization\"},\"image\":{\"@type\":\"ImageObject\",\"url\":\"https:\\\/\\\/anoticiaonline.com.br\\\/site\\\/wp-content\\\/uploads\\\/2016\\\/05\\\/DSC_0495.jpg\",\"width\":640,\"height\":335},\"datePublished\":\"2016-05-03T09:06:32-03:00\",\"dateModified\":\"2016-05-05T16:16:30-03:00\",\"inLanguage\":\"pt-BR\",\"mainEntityOfPage\":{\"@id\":\"https:\\\/\\\/anoticiaonline.com.br\\\/site\\\/historia-da-paroquia-do-porto-e-eternizada-em-livro\\\/#webpage\"},\"isPartOf\":{\"@id\":\"https:\\\/\\\/anoticiaonline.com.br\\\/site\\\/historia-da-paroquia-do-porto-e-eternizada-em-livro\\\/#webpage\"},\"articleSection\":\"Blog, slide\"},{\"@type\":\"BreadcrumbList\",\"@id\":\"https:\\\/\\\/anoticiaonline.com.br\\\/site\\\/historia-da-paroquia-do-porto-e-eternizada-em-livro\\\/#breadcrumblist\",\"itemListElement\":[{\"@type\":\"ListItem\",\"@id\":\"https:\\\/\\\/anoticiaonline.com.br\\\/site#listItem\",\"position\":1,\"name\":\"Home\",\"item\":\"https:\\\/\\\/anoticiaonline.com.br\\\/site\",\"nextItem\":{\"@type\":\"ListItem\",\"@id\":\"https:\\\/\\\/anoticiaonline.com.br\\\/site\\\/categoria\\\/muriae\\\/#listItem\",\"name\":\"Blog\"}},{\"@type\":\"ListItem\",\"@id\":\"https:\\\/\\\/anoticiaonline.com.br\\\/site\\\/categoria\\\/muriae\\\/#listItem\",\"position\":2,\"name\":\"Blog\",\"item\":\"https:\\\/\\\/anoticiaonline.com.br\\\/site\\\/categoria\\\/muriae\\\/\",\"nextItem\":{\"@type\":\"ListItem\",\"@id\":\"https:\\\/\\\/anoticiaonline.com.br\\\/site\\\/historia-da-paroquia-do-porto-e-eternizada-em-livro\\\/#listItem\",\"name\":\"Hist\\u00f3ria da par\\u00f3quia do Porto \\u00e9 eternizada em livro\"},\"previousItem\":{\"@type\":\"ListItem\",\"@id\":\"https:\\\/\\\/anoticiaonline.com.br\\\/site#listItem\",\"name\":\"Home\"}},{\"@type\":\"ListItem\",\"@id\":\"https:\\\/\\\/anoticiaonline.com.br\\\/site\\\/historia-da-paroquia-do-porto-e-eternizada-em-livro\\\/#listItem\",\"position\":3,\"name\":\"Hist\\u00f3ria da par\\u00f3quia do Porto \\u00e9 eternizada em livro\",\"previousItem\":{\"@type\":\"ListItem\",\"@id\":\"https:\\\/\\\/anoticiaonline.com.br\\\/site\\\/categoria\\\/muriae\\\/#listItem\",\"name\":\"Blog\"}}]},{\"@type\":\"Organization\",\"@id\":\"https:\\\/\\\/anoticiaonline.com.br\\\/site\\\/#organization\",\"name\":\"A Not\\u00edcia Online\",\"description\":\"Noticias de Muria\\u00e9 e regi\\u00e3o\",\"url\":\"https:\\\/\\\/anoticiaonline.com.br\\\/site\\\/\",\"logo\":{\"@type\":\"ImageObject\",\"url\":\"https:\\\/\\\/scontent-gig4-1.xx.fbcdn.net\\\/v\\\/t39.30808-1\\\/270437624_4564083193639691_6907940295614233970_n.jpg?stp=dst-jpg_s200x200_tt6&_nc_cat=111&ccb=1-7&_nc_sid=f907e8&_nc_ohc=SM1wRlP3lJwQ7kNvwEPuBYA&_nc_oc=AdnqrjDN_BNjSSHWO-GbkIWH6fkGMLw4bqvL_NH6e2wMveX7G-rP2dAqsDSq1mJMOaY&_nc_zt=24&_nc_ht=scontent-gig4-1.xx&_nc_gid=AoBFJeGrT1hVaew_6rchkQ&oh=00_AfX7QmFGhQhG2jAllVgXCiM1ZrWgvtp80-Bfppyexh1QEg&oe=689E923C\",\"@id\":\"https:\\\/\\\/anoticiaonline.com.br\\\/site\\\/historia-da-paroquia-do-porto-e-eternizada-em-livro\\\/#organizationLogo\"},\"image\":{\"@id\":\"https:\\\/\\\/anoticiaonline.com.br\\\/site\\\/historia-da-paroquia-do-porto-e-eternizada-em-livro\\\/#organizationLogo\"}},{\"@type\":\"Person\",\"@id\":\"https:\\\/\\\/anoticiaonline.com.br\\\/site\\\/author\\\/juliana\\\/#author\",\"url\":\"https:\\\/\\\/anoticiaonline.com.br\\\/site\\\/author\\\/juliana\\\/\",\"name\":\"Juliana Laviola\",\"image\":{\"@type\":\"ImageObject\",\"@id\":\"https:\\\/\\\/anoticiaonline.com.br\\\/site\\\/historia-da-paroquia-do-porto-e-eternizada-em-livro\\\/#authorImage\",\"url\":\"https:\\\/\\\/secure.gravatar.com\\\/avatar\\\/b8d45f5c699b100dfaf0e543582f38f38bf94cb7ae3a5e9abf8d891a34773335?s=96&d=mm&r=g\",\"width\":96,\"height\":96,\"caption\":\"Juliana Laviola\"}},{\"@type\":\"WebPage\",\"@id\":\"https:\\\/\\\/anoticiaonline.com.br\\\/site\\\/historia-da-paroquia-do-porto-e-eternizada-em-livro\\\/#webpage\",\"url\":\"https:\\\/\\\/anoticiaonline.com.br\\\/site\\\/historia-da-paroquia-do-porto-e-eternizada-em-livro\\\/\",\"name\":\"Hist\\u00f3ria da par\\u00f3quia do Porto \\u00e9 eternizada em livro - A Not\\u00edcia Online\",\"description\":\"Os 50 anos da Par\\u00f3quia Nossa Senhora Aparecida, localizada no Porto, foram contados no livro \\u201cConstru\\u00e7\\u00e3o do Tempo\\u201d, de autoria de Cristian Gomes Lima. A obra, publicada pela Editora FAMINAS, remonta, com a ajuda de um grande repert\\u00f3rio hist\\u00f3rico-fotogr\\u00e1fico, a hist\\u00f3ria da par\\u00f3quia desde as primeiras movimenta\\u00e7\\u00f5es religiosas na antiga capela, em 1925, at\\u00e9 os\",\"inLanguage\":\"pt-BR\",\"isPartOf\":{\"@id\":\"https:\\\/\\\/anoticiaonline.com.br\\\/site\\\/#website\"},\"breadcrumb\":{\"@id\":\"https:\\\/\\\/anoticiaonline.com.br\\\/site\\\/historia-da-paroquia-do-porto-e-eternizada-em-livro\\\/#breadcrumblist\"},\"author\":{\"@id\":\"https:\\\/\\\/anoticiaonline.com.br\\\/site\\\/author\\\/juliana\\\/#author\"},\"creator\":{\"@id\":\"https:\\\/\\\/anoticiaonline.com.br\\\/site\\\/author\\\/juliana\\\/#author\"},\"image\":{\"@type\":\"ImageObject\",\"url\":\"https:\\\/\\\/anoticiaonline.com.br\\\/site\\\/wp-content\\\/uploads\\\/2016\\\/05\\\/DSC_0495.jpg\",\"@id\":\"https:\\\/\\\/anoticiaonline.com.br\\\/site\\\/historia-da-paroquia-do-porto-e-eternizada-em-livro\\\/#mainImage\",\"width\":640,\"height\":335},\"primaryImageOfPage\":{\"@id\":\"https:\\\/\\\/anoticiaonline.com.br\\\/site\\\/historia-da-paroquia-do-porto-e-eternizada-em-livro\\\/#mainImage\"},\"datePublished\":\"2016-05-03T09:06:32-03:00\",\"dateModified\":\"2016-05-05T16:16:30-03:00\"},{\"@type\":\"WebSite\",\"@id\":\"https:\\\/\\\/anoticiaonline.com.br\\\/site\\\/#website\",\"url\":\"https:\\\/\\\/anoticiaonline.com.br\\\/site\\\/\",\"name\":\"A Not\\u00edcia Online\",\"description\":\"Noticias de Muria\\u00e9 e regi\\u00e3o\",\"inLanguage\":\"pt-BR\",\"publisher\":{\"@id\":\"https:\\\/\\\/anoticiaonline.com.br\\\/site\\\/#organization\"}}]}\n\t\t<\/script>\n\t\t<!-- All in One SEO -->\n\n","aioseo_head_json":{"title":"Hist\u00f3ria da par\u00f3quia do Porto \u00e9 eternizada em livro - A Not\u00edcia Online","description":"Os 50 anos da Par\u00f3quia Nossa Senhora Aparecida, localizada no Porto, foram contados no livro \u201cConstru\u00e7\u00e3o do Tempo\u201d, de autoria de Cristian Gomes Lima. A obra, publicada pela Editora FAMINAS, remonta, com a ajuda de um grande repert\u00f3rio hist\u00f3rico-fotogr\u00e1fico, a hist\u00f3ria da par\u00f3quia desde as primeiras movimenta\u00e7\u00f5es religiosas na antiga capela, em 1925, at\u00e9 os","canonical_url":"https:\/\/anoticiaonline.com.br\/site\/historia-da-paroquia-do-porto-e-eternizada-em-livro\/","robots":"max-image-preview:large","keywords":"","webmasterTools":{"miscellaneous":""},"schema":{"@context":"https:\/\/schema.org","@graph":[{"@type":"BlogPosting","@id":"https:\/\/anoticiaonline.com.br\/site\/historia-da-paroquia-do-porto-e-eternizada-em-livro\/#blogposting","name":"Hist\u00f3ria da par\u00f3quia do Porto \u00e9 eternizada em livro - A Not\u00edcia Online","headline":"Hist\u00f3ria da par\u00f3quia do Porto \u00e9 eternizada em livro","author":{"@id":"https:\/\/anoticiaonline.com.br\/site\/author\/juliana\/#author"},"publisher":{"@id":"https:\/\/anoticiaonline.com.br\/site\/#organization"},"image":{"@type":"ImageObject","url":"https:\/\/anoticiaonline.com.br\/site\/wp-content\/uploads\/2016\/05\/DSC_0495.jpg","width":640,"height":335},"datePublished":"2016-05-03T09:06:32-03:00","dateModified":"2016-05-05T16:16:30-03:00","inLanguage":"pt-BR","mainEntityOfPage":{"@id":"https:\/\/anoticiaonline.com.br\/site\/historia-da-paroquia-do-porto-e-eternizada-em-livro\/#webpage"},"isPartOf":{"@id":"https:\/\/anoticiaonline.com.br\/site\/historia-da-paroquia-do-porto-e-eternizada-em-livro\/#webpage"},"articleSection":"Blog, slide"},{"@type":"BreadcrumbList","@id":"https:\/\/anoticiaonline.com.br\/site\/historia-da-paroquia-do-porto-e-eternizada-em-livro\/#breadcrumblist","itemListElement":[{"@type":"ListItem","@id":"https:\/\/anoticiaonline.com.br\/site#listItem","position":1,"name":"Home","item":"https:\/\/anoticiaonline.com.br\/site","nextItem":{"@type":"ListItem","@id":"https:\/\/anoticiaonline.com.br\/site\/categoria\/muriae\/#listItem","name":"Blog"}},{"@type":"ListItem","@id":"https:\/\/anoticiaonline.com.br\/site\/categoria\/muriae\/#listItem","position":2,"name":"Blog","item":"https:\/\/anoticiaonline.com.br\/site\/categoria\/muriae\/","nextItem":{"@type":"ListItem","@id":"https:\/\/anoticiaonline.com.br\/site\/historia-da-paroquia-do-porto-e-eternizada-em-livro\/#listItem","name":"Hist\u00f3ria da par\u00f3quia do Porto \u00e9 eternizada em livro"},"previousItem":{"@type":"ListItem","@id":"https:\/\/anoticiaonline.com.br\/site#listItem","name":"Home"}},{"@type":"ListItem","@id":"https:\/\/anoticiaonline.com.br\/site\/historia-da-paroquia-do-porto-e-eternizada-em-livro\/#listItem","position":3,"name":"Hist\u00f3ria da par\u00f3quia do Porto \u00e9 eternizada em livro","previousItem":{"@type":"ListItem","@id":"https:\/\/anoticiaonline.com.br\/site\/categoria\/muriae\/#listItem","name":"Blog"}}]},{"@type":"Organization","@id":"https:\/\/anoticiaonline.com.br\/site\/#organization","name":"A Not\u00edcia Online","description":"Noticias de Muria\u00e9 e regi\u00e3o","url":"https:\/\/anoticiaonline.com.br\/site\/","logo":{"@type":"ImageObject","url":"https:\/\/scontent-gig4-1.xx.fbcdn.net\/v\/t39.30808-1\/270437624_4564083193639691_6907940295614233970_n.jpg?stp=dst-jpg_s200x200_tt6&_nc_cat=111&ccb=1-7&_nc_sid=f907e8&_nc_ohc=SM1wRlP3lJwQ7kNvwEPuBYA&_nc_oc=AdnqrjDN_BNjSSHWO-GbkIWH6fkGMLw4bqvL_NH6e2wMveX7G-rP2dAqsDSq1mJMOaY&_nc_zt=24&_nc_ht=scontent-gig4-1.xx&_nc_gid=AoBFJeGrT1hVaew_6rchkQ&oh=00_AfX7QmFGhQhG2jAllVgXCiM1ZrWgvtp80-Bfppyexh1QEg&oe=689E923C","@id":"https:\/\/anoticiaonline.com.br\/site\/historia-da-paroquia-do-porto-e-eternizada-em-livro\/#organizationLogo"},"image":{"@id":"https:\/\/anoticiaonline.com.br\/site\/historia-da-paroquia-do-porto-e-eternizada-em-livro\/#organizationLogo"}},{"@type":"Person","@id":"https:\/\/anoticiaonline.com.br\/site\/author\/juliana\/#author","url":"https:\/\/anoticiaonline.com.br\/site\/author\/juliana\/","name":"Juliana Laviola","image":{"@type":"ImageObject","@id":"https:\/\/anoticiaonline.com.br\/site\/historia-da-paroquia-do-porto-e-eternizada-em-livro\/#authorImage","url":"https:\/\/secure.gravatar.com\/avatar\/b8d45f5c699b100dfaf0e543582f38f38bf94cb7ae3a5e9abf8d891a34773335?s=96&d=mm&r=g","width":96,"height":96,"caption":"Juliana Laviola"}},{"@type":"WebPage","@id":"https:\/\/anoticiaonline.com.br\/site\/historia-da-paroquia-do-porto-e-eternizada-em-livro\/#webpage","url":"https:\/\/anoticiaonline.com.br\/site\/historia-da-paroquia-do-porto-e-eternizada-em-livro\/","name":"Hist\u00f3ria da par\u00f3quia do Porto \u00e9 eternizada em livro - A Not\u00edcia Online","description":"Os 50 anos da Par\u00f3quia Nossa Senhora Aparecida, localizada no Porto, foram contados no livro \u201cConstru\u00e7\u00e3o do Tempo\u201d, de autoria de Cristian Gomes Lima. A obra, publicada pela Editora FAMINAS, remonta, com a ajuda de um grande repert\u00f3rio hist\u00f3rico-fotogr\u00e1fico, a hist\u00f3ria da par\u00f3quia desde as primeiras movimenta\u00e7\u00f5es religiosas na antiga capela, em 1925, at\u00e9 os","inLanguage":"pt-BR","isPartOf":{"@id":"https:\/\/anoticiaonline.com.br\/site\/#website"},"breadcrumb":{"@id":"https:\/\/anoticiaonline.com.br\/site\/historia-da-paroquia-do-porto-e-eternizada-em-livro\/#breadcrumblist"},"author":{"@id":"https:\/\/anoticiaonline.com.br\/site\/author\/juliana\/#author"},"creator":{"@id":"https:\/\/anoticiaonline.com.br\/site\/author\/juliana\/#author"},"image":{"@type":"ImageObject","url":"https:\/\/anoticiaonline.com.br\/site\/wp-content\/uploads\/2016\/05\/DSC_0495.jpg","@id":"https:\/\/anoticiaonline.com.br\/site\/historia-da-paroquia-do-porto-e-eternizada-em-livro\/#mainImage","width":640,"height":335},"primaryImageOfPage":{"@id":"https:\/\/anoticiaonline.com.br\/site\/historia-da-paroquia-do-porto-e-eternizada-em-livro\/#mainImage"},"datePublished":"2016-05-03T09:06:32-03:00","dateModified":"2016-05-05T16:16:30-03:00"},{"@type":"WebSite","@id":"https:\/\/anoticiaonline.com.br\/site\/#website","url":"https:\/\/anoticiaonline.com.br\/site\/","name":"A Not\u00edcia Online","description":"Noticias de Muria\u00e9 e regi\u00e3o","inLanguage":"pt-BR","publisher":{"@id":"https:\/\/anoticiaonline.com.br\/site\/#organization"}}]},"og:locale":"pt_BR","og:site_name":"A Not\u00edcia Online - Noticias de Muria\u00e9 e regi\u00e3o","og:type":"article","og:title":"Hist\u00f3ria da par\u00f3quia do Porto \u00e9 eternizada em livro - A Not\u00edcia Online","og:description":"Os 50 anos da Par\u00f3quia Nossa Senhora Aparecida, localizada no Porto, foram contados no livro \u201cConstru\u00e7\u00e3o do Tempo\u201d, de autoria de Cristian Gomes Lima. A obra, publicada pela Editora FAMINAS, remonta, com a ajuda de um grande repert\u00f3rio hist\u00f3rico-fotogr\u00e1fico, a hist\u00f3ria da par\u00f3quia desde as primeiras movimenta\u00e7\u00f5es religiosas na antiga capela, em 1925, at\u00e9 os","og:url":"https:\/\/anoticiaonline.com.br\/site\/historia-da-paroquia-do-porto-e-eternizada-em-livro\/","og:image":"https:\/\/scontent-gig4-1.xx.fbcdn.net\/v\/t39.30808-1\/270437624_4564083193639691_6907940295614233970_n.jpg?stp=dst-jpg_s200x200_tt6&#038;_nc_cat=111&#038;ccb=1-7&#038;_nc_sid=f907e8&#038;_nc_ohc=SM1wRlP3lJwQ7kNvwEPuBYA&#038;_nc_oc=AdnqrjDN_BNjSSHWO-GbkIWH6fkGMLw4bqvL_NH6e2wMveX7G-rP2dAqsDSq1mJMOaY&#038;_nc_zt=24&#038;_nc_ht=scontent-gig4-1.xx&#038;_nc_gid=AoBFJeGrT1hVaew_6rchkQ&#038;oh=00_AfX7QmFGhQhG2jAllVgXCiM1ZrWgvtp80-Bfppyexh1QEg&#038;oe=689E923C","og:image:secure_url":"https:\/\/scontent-gig4-1.xx.fbcdn.net\/v\/t39.30808-1\/270437624_4564083193639691_6907940295614233970_n.jpg?stp=dst-jpg_s200x200_tt6&#038;_nc_cat=111&#038;ccb=1-7&#038;_nc_sid=f907e8&#038;_nc_ohc=SM1wRlP3lJwQ7kNvwEPuBYA&#038;_nc_oc=AdnqrjDN_BNjSSHWO-GbkIWH6fkGMLw4bqvL_NH6e2wMveX7G-rP2dAqsDSq1mJMOaY&#038;_nc_zt=24&#038;_nc_ht=scontent-gig4-1.xx&#038;_nc_gid=AoBFJeGrT1hVaew_6rchkQ&#038;oh=00_AfX7QmFGhQhG2jAllVgXCiM1ZrWgvtp80-Bfppyexh1QEg&#038;oe=689E923C","article:published_time":"2016-05-03T12:06:32+00:00","article:modified_time":"2016-05-05T19:16:30+00:00","twitter:card":"summary_large_image","twitter:title":"Hist\u00f3ria da par\u00f3quia do Porto \u00e9 eternizada em livro - A Not\u00edcia Online","twitter:description":"Os 50 anos da Par\u00f3quia Nossa Senhora Aparecida, localizada no Porto, foram contados no livro \u201cConstru\u00e7\u00e3o do Tempo\u201d, de autoria de Cristian Gomes Lima. A obra, publicada pela Editora FAMINAS, remonta, com a ajuda de um grande repert\u00f3rio hist\u00f3rico-fotogr\u00e1fico, a hist\u00f3ria da par\u00f3quia desde as primeiras movimenta\u00e7\u00f5es religiosas na antiga capela, em 1925, at\u00e9 os","twitter:image":"https:\/\/scontent-gig4-1.xx.fbcdn.net\/v\/t39.30808-1\/270437624_4564083193639691_6907940295614233970_n.jpg?stp=dst-jpg_s200x200_tt6&_nc_cat=111&ccb=1-7&_nc_sid=f907e8&_nc_ohc=SM1wRlP3lJwQ7kNvwEPuBYA&_nc_oc=AdnqrjDN_BNjSSHWO-GbkIWH6fkGMLw4bqvL_NH6e2wMveX7G-rP2dAqsDSq1mJMOaY&_nc_zt=24&_nc_ht=scontent-gig4-1.xx&_nc_gid=AoBFJeGrT1hVaew_6rchkQ&oh=00_AfX7QmFGhQhG2jAllVgXCiM1ZrWgvtp80-Bfppyexh1QEg&oe=689E923C"},"aioseo_meta_data":{"post_id":"12654","title":null,"description":null,"keywords":null,"keyphrases":null,"primary_term":null,"canonical_url":null,"og_title":null,"og_description":null,"og_object_type":"default","og_image_type":"default","og_image_url":null,"og_image_width":null,"og_image_height":null,"og_image_custom_url":null,"og_image_custom_fields":null,"og_video":null,"og_custom_url":null,"og_article_section":null,"og_article_tags":null,"twitter_use_og":false,"twitter_card":"default","twitter_image_type":"default","twitter_image_url":null,"twitter_image_custom_url":null,"twitter_image_custom_fields":null,"twitter_title":null,"twitter_description":null,"schema":{"blockGraphs":[],"customGraphs":[],"default":{"data":{"Article":[],"Course":[],"Dataset":[],"FAQPage":[],"Movie":[],"Person":[],"Product":[],"ProductReview":[],"Car":[],"Recipe":[],"Service":[],"SoftwareApplication":[],"WebPage":[]},"graphName":"","isEnabled":true},"graphs":[]},"schema_type":"default","schema_type_options":null,"pillar_content":false,"robots_default":true,"robots_noindex":false,"robots_noarchive":false,"robots_nosnippet":false,"robots_nofollow":false,"robots_noimageindex":false,"robots_noodp":false,"robots_notranslate":false,"robots_max_snippet":null,"robots_max_videopreview":null,"robots_max_imagepreview":"large","priority":null,"frequency":null,"local_seo":null,"breadcrumb_settings":null,"limit_modified_date":false,"ai":null,"created":"2025-08-16 15:54:19","updated":"2025-08-16 15:54:19","focus_keyword":null,"additional_keywords":null,"truseo_locale":null,"seo_analyzer_scan_date":null},"aioseo_breadcrumb":"<div class=\"aioseo-breadcrumbs\"><span class=\"aioseo-breadcrumb\">\n\t\t\t<a href=\"https:\/\/anoticiaonline.com.br\/site\" title=\"Home\">Home<\/a>\n\t\t<\/span><span class=\"aioseo-breadcrumb-separator\">&raquo;<\/span><span class=\"aioseo-breadcrumb\">\n\t\t\t<a href=\"https:\/\/anoticiaonline.com.br\/site\/categoria\/muriae\/\" title=\"Blog\">Blog<\/a>\n\t\t<\/span><span class=\"aioseo-breadcrumb-separator\">&raquo;<\/span><span class=\"aioseo-breadcrumb\">\n\t\t\tHist\u00f3ria da par\u00f3quia do Porto \u00e9 eternizada em livro\n\t\t<\/span><\/div>","aioseo_breadcrumb_json":[{"label":"Home","link":"https:\/\/anoticiaonline.com.br\/site"},{"label":"Blog","link":"https:\/\/anoticiaonline.com.br\/site\/categoria\/muriae\/"},{"label":"Hist\u00f3ria da par\u00f3quia do Porto \u00e9 eternizada em livro","link":"https:\/\/anoticiaonline.com.br\/site\/historia-da-paroquia-do-porto-e-eternizada-em-livro\/"}],"views":188,"_links":{"self":[{"href":"https:\/\/anoticiaonline.com.br\/site\/wp-json\/wp\/v2\/posts\/12654","targetHints":{"allow":["GET"]}}],"collection":[{"href":"https:\/\/anoticiaonline.com.br\/site\/wp-json\/wp\/v2\/posts"}],"about":[{"href":"https:\/\/anoticiaonline.com.br\/site\/wp-json\/wp\/v2\/types\/post"}],"author":[{"embeddable":true,"href":"https:\/\/anoticiaonline.com.br\/site\/wp-json\/wp\/v2\/users\/2"}],"replies":[{"embeddable":true,"href":"https:\/\/anoticiaonline.com.br\/site\/wp-json\/wp\/v2\/comments?post=12654"}],"version-history":[{"count":0,"href":"https:\/\/anoticiaonline.com.br\/site\/wp-json\/wp\/v2\/posts\/12654\/revisions"}],"wp:featuredmedia":[{"embeddable":true,"href":"https:\/\/anoticiaonline.com.br\/site\/wp-json\/wp\/v2\/media\/12657"}],"wp:attachment":[{"href":"https:\/\/anoticiaonline.com.br\/site\/wp-json\/wp\/v2\/media?parent=12654"}],"wp:term":[{"taxonomy":"category","embeddable":true,"href":"https:\/\/anoticiaonline.com.br\/site\/wp-json\/wp\/v2\/categories?post=12654"},{"taxonomy":"post_tag","embeddable":true,"href":"https:\/\/anoticiaonline.com.br\/site\/wp-json\/wp\/v2\/tags?post=12654"}],"curies":[{"name":"wp","href":"https:\/\/api.w.org\/{rel}","templated":true}]}}