{"id":12643,"date":"2016-05-02T11:53:33","date_gmt":"2016-05-02T14:53:33","guid":{"rendered":"http:\/\/anoticiaonline.com.br\/site\/?p=12643"},"modified":"2016-05-02T11:55:56","modified_gmt":"2016-05-02T14:55:56","slug":"albino-traz-mais-um-trofeu-para-muriae","status":"publish","type":"post","link":"https:\/\/anoticiaonline.com.br\/site\/albino-traz-mais-um-trofeu-para-muriae\/","title":{"rendered":"Albino traz mais um trof\u00e9u para Muria\u00e9"},"content":{"rendered":"<p><a href=\"https:\/\/anoticiaonline.com.br\/site\/wp-content\/uploads\/2016\/05\/Albino-traz-mais-um-trof\u00e9u-para-Muria\u00e9.jpg\"><img fetchpriority=\"high\" decoding=\"async\" class=\" size-medium wp-image-12644 alignleft\" src=\"https:\/\/anoticiaonline.com.br\/site\/wp-content\/uploads\/2016\/05\/Albino-traz-mais-um-trof\u00e9u-para-Muria\u00e9-300x237.jpg\" alt=\"Albino traz mais um trof\u00e9u para Muria\u00e9\" width=\"300\" height=\"237\" srcset=\"https:\/\/anoticiaonline.com.br\/site\/wp-content\/uploads\/2016\/05\/Albino-traz-mais-um-trof\u00e9u-para-Muria\u00e9-300x237.jpg 300w, https:\/\/anoticiaonline.com.br\/site\/wp-content\/uploads\/2016\/05\/Albino-traz-mais-um-trof\u00e9u-para-Muria\u00e9.jpg 640w\" sizes=\"(max-width: 300px) 100vw, 300px\" \/><\/a>O atleta Albino Pinto da Rocha conquistou mais um trof\u00e9u no atletismo. Desta vez, ele alcan\u00e7ou o primeiro lugar na categoria Masculino 60 Anos Acima da terceira edi\u00e7\u00e3o da APTR \u2013 Ultra Videiras, corrida que aconteceu no s\u00e1bado (30), em Petr\u00f3polis, Rio de Janeiro. O muriaeense percorreu os 12,800 km em uma hora e 21 minutos.<\/p>\n<p>Essa competi\u00e7\u00e3o foi uma pr\u00e9via para a corrida principal, a MD Vale Sagrado dos Incas \u2013 Mountain Do, que acontecer\u00e1 no dia 22 de maio, em Cusco, no Peru.<\/p>\n<p>Albino, de 69 anos, ser\u00e1 um dos condutores da Tocha Ol\u00edmpica em Muria\u00e9, no dia 16 de maio. Ele \u00e9 um atleta de express\u00e3o na cidade, por ter vencido diversas corridas, inclusive competi\u00e7\u00f5es internacionais, em sua carreira e por incentivar esta modalidade esportiva no munic\u00edpio.<\/p>\n","protected":false},"excerpt":{"rendered":"<p>O atleta Albino Pinto da Rocha conquistou mais um trof\u00e9u no atletismo. Desta vez, ele alcan\u00e7ou o primeiro lugar na categoria Masculino 60 Anos Acima da terceira edi\u00e7\u00e3o da APTR \u2013 Ultra Videiras, corrida que aconteceu no s\u00e1bado (30), em Petr\u00f3polis, Rio de Janeiro. O muriaeense percorreu os 12,800 km em uma hora e 21 &#8230; <a title=\"Albino traz mais um trof\u00e9u para Muria\u00e9\" class=\"read-more\" href=\"https:\/\/anoticiaonline.com.br\/site\/albino-traz-mais-um-trofeu-para-muriae\/\" aria-label=\"Read more about Albino traz mais um trof\u00e9u para Muria\u00e9\">Ler mais<\/a><\/p>\n","protected":false},"author":2,"featured_media":12644,"comment_status":"open","ping_status":"open","sticky":false,"template":"","format":"standard","meta":{"_acf_changed":false,"_monsterinsights_skip_tracking":false,"footnotes":""},"categories":[29],"tags":[3],"class_list":["post-12643","post","type-post","status-publish","format-standard","has-post-thumbnail","hentry","category-esporte","tag-slide"],"acf":[],"aioseo_notices":[],"aioseo_head":"\n\t\t<!-- All in One SEO 5.0.0.1 - aioseo.com -->\n\t<meta name=\"description\" content=\"O atleta Albino Pinto da Rocha conquistou mais um trof\u00e9u no atletismo. Desta vez, ele alcan\u00e7ou o primeiro lugar na categoria Masculino 60 Anos Acima da terceira edi\u00e7\u00e3o da APTR \u2013 Ultra Videiras, corrida que aconteceu no s\u00e1bado (30), em Petr\u00f3polis, Rio de Janeiro. O muriaeense percorreu os 12,800 km em uma hora e 21\" \/>\n\t<meta name=\"robots\" content=\"max-image-preview:large\" \/>\n\t<meta name=\"author\" content=\"Juliana Laviola\"\/>\n\t<link rel=\"canonical\" href=\"https:\/\/anoticiaonline.com.br\/site\/albino-traz-mais-um-trofeu-para-muriae\/\" \/>\n\t<meta name=\"generator\" content=\"All in One SEO (AIOSEO) 5.0.0.1\" \/>\n\t\t<meta property=\"og:locale\" content=\"pt_BR\" \/>\n\t\t<meta property=\"og:site_name\" content=\"A Not\u00edcia Online - Noticias de Muria\u00e9 e regi\u00e3o\" \/>\n\t\t<meta property=\"og:type\" content=\"article\" \/>\n\t\t<meta property=\"og:title\" content=\"Albino traz mais um trof\u00e9u para Muria\u00e9 - A Not\u00edcia Online\" \/>\n\t\t<meta property=\"og:description\" content=\"O atleta Albino Pinto da Rocha conquistou mais um trof\u00e9u no atletismo. Desta vez, ele alcan\u00e7ou o primeiro lugar na categoria Masculino 60 Anos Acima da terceira edi\u00e7\u00e3o da APTR \u2013 Ultra Videiras, corrida que aconteceu no s\u00e1bado (30), em Petr\u00f3polis, Rio de Janeiro. O muriaeense percorreu os 12,800 km em uma hora e 21\" \/>\n\t\t<meta property=\"og:url\" content=\"https:\/\/anoticiaonline.com.br\/site\/albino-traz-mais-um-trofeu-para-muriae\/\" \/>\n\t\t<meta property=\"og:image\" content=\"https:\/\/scontent-gig4-1.xx.fbcdn.net\/v\/t39.30808-1\/270437624_4564083193639691_6907940295614233970_n.jpg?stp=dst-jpg_s200x200_tt6&#038;_nc_cat=111&#038;ccb=1-7&#038;_nc_sid=f907e8&#038;_nc_ohc=SM1wRlP3lJwQ7kNvwEPuBYA&#038;_nc_oc=AdnqrjDN_BNjSSHWO-GbkIWH6fkGMLw4bqvL_NH6e2wMveX7G-rP2dAqsDSq1mJMOaY&#038;_nc_zt=24&#038;_nc_ht=scontent-gig4-1.xx&#038;_nc_gid=AoBFJeGrT1hVaew_6rchkQ&#038;oh=00_AfX7QmFGhQhG2jAllVgXCiM1ZrWgvtp80-Bfppyexh1QEg&#038;oe=689E923C\" \/>\n\t\t<meta property=\"og:image:secure_url\" content=\"https:\/\/scontent-gig4-1.xx.fbcdn.net\/v\/t39.30808-1\/270437624_4564083193639691_6907940295614233970_n.jpg?stp=dst-jpg_s200x200_tt6&#038;_nc_cat=111&#038;ccb=1-7&#038;_nc_sid=f907e8&#038;_nc_ohc=SM1wRlP3lJwQ7kNvwEPuBYA&#038;_nc_oc=AdnqrjDN_BNjSSHWO-GbkIWH6fkGMLw4bqvL_NH6e2wMveX7G-rP2dAqsDSq1mJMOaY&#038;_nc_zt=24&#038;_nc_ht=scontent-gig4-1.xx&#038;_nc_gid=AoBFJeGrT1hVaew_6rchkQ&#038;oh=00_AfX7QmFGhQhG2jAllVgXCiM1ZrWgvtp80-Bfppyexh1QEg&#038;oe=689E923C\" \/>\n\t\t<meta property=\"article:published_time\" content=\"2016-05-02T14:53:33+00:00\" \/>\n\t\t<meta property=\"article:modified_time\" content=\"2016-05-02T14:55:56+00:00\" \/>\n\t\t<meta name=\"twitter:card\" content=\"summary_large_image\" \/>\n\t\t<meta name=\"twitter:title\" content=\"Albino traz mais um trof\u00e9u para Muria\u00e9 - A Not\u00edcia Online\" \/>\n\t\t<meta name=\"twitter:description\" content=\"O atleta Albino Pinto da Rocha conquistou mais um trof\u00e9u no atletismo. Desta vez, ele alcan\u00e7ou o primeiro lugar na categoria Masculino 60 Anos Acima da terceira edi\u00e7\u00e3o da APTR \u2013 Ultra Videiras, corrida que aconteceu no s\u00e1bado (30), em Petr\u00f3polis, Rio de Janeiro. O muriaeense percorreu os 12,800 km em uma hora e 21\" \/>\n\t\t<meta name=\"twitter:image\" content=\"https:\/\/scontent-gig4-1.xx.fbcdn.net\/v\/t39.30808-1\/270437624_4564083193639691_6907940295614233970_n.jpg?stp=dst-jpg_s200x200_tt6&amp;_nc_cat=111&amp;ccb=1-7&amp;_nc_sid=f907e8&amp;_nc_ohc=SM1wRlP3lJwQ7kNvwEPuBYA&amp;_nc_oc=AdnqrjDN_BNjSSHWO-GbkIWH6fkGMLw4bqvL_NH6e2wMveX7G-rP2dAqsDSq1mJMOaY&amp;_nc_zt=24&amp;_nc_ht=scontent-gig4-1.xx&amp;_nc_gid=AoBFJeGrT1hVaew_6rchkQ&amp;oh=00_AfX7QmFGhQhG2jAllVgXCiM1ZrWgvtp80-Bfppyexh1QEg&amp;oe=689E923C\" \/>\n\t\t<script type=\"application\/ld+json\" class=\"aioseo-schema\">\n\t\t\t{\"@context\":\"https:\\\/\\\/schema.org\",\"@graph\":[{\"@type\":\"BlogPosting\",\"@id\":\"https:\\\/\\\/anoticiaonline.com.br\\\/site\\\/albino-traz-mais-um-trofeu-para-muriae\\\/#blogposting\",\"name\":\"Albino traz mais um trof\\u00e9u para Muria\\u00e9 - A Not\\u00edcia Online\",\"headline\":\"Albino traz mais um trof\\u00e9u para Muria\\u00e9\",\"author\":{\"@id\":\"https:\\\/\\\/anoticiaonline.com.br\\\/site\\\/author\\\/juliana\\\/#author\"},\"publisher\":{\"@id\":\"https:\\\/\\\/anoticiaonline.com.br\\\/site\\\/#organization\"},\"image\":{\"@type\":\"ImageObject\",\"url\":\"https:\\\/\\\/anoticiaonline.com.br\\\/site\\\/wp-content\\\/uploads\\\/2016\\\/05\\\/Albino-traz-mais-um-trof\\u00e9u-para-Muria\\u00e9.jpg\",\"width\":640,\"height\":505},\"datePublished\":\"2016-05-02T11:53:33-03:00\",\"dateModified\":\"2016-05-02T11:55:56-03:00\",\"inLanguage\":\"pt-BR\",\"mainEntityOfPage\":{\"@id\":\"https:\\\/\\\/anoticiaonline.com.br\\\/site\\\/albino-traz-mais-um-trofeu-para-muriae\\\/#webpage\"},\"isPartOf\":{\"@id\":\"https:\\\/\\\/anoticiaonline.com.br\\\/site\\\/albino-traz-mais-um-trofeu-para-muriae\\\/#webpage\"},\"articleSection\":\"Esporte, slide\"},{\"@type\":\"BreadcrumbList\",\"@id\":\"https:\\\/\\\/anoticiaonline.com.br\\\/site\\\/albino-traz-mais-um-trofeu-para-muriae\\\/#breadcrumblist\",\"itemListElement\":[{\"@type\":\"ListItem\",\"@id\":\"https:\\\/\\\/anoticiaonline.com.br\\\/site#listItem\",\"position\":1,\"name\":\"Home\",\"item\":\"https:\\\/\\\/anoticiaonline.com.br\\\/site\",\"nextItem\":{\"@type\":\"ListItem\",\"@id\":\"https:\\\/\\\/anoticiaonline.com.br\\\/site\\\/categoria\\\/esporte\\\/#listItem\",\"name\":\"Esporte\"}},{\"@type\":\"ListItem\",\"@id\":\"https:\\\/\\\/anoticiaonline.com.br\\\/site\\\/categoria\\\/esporte\\\/#listItem\",\"position\":2,\"name\":\"Esporte\",\"item\":\"https:\\\/\\\/anoticiaonline.com.br\\\/site\\\/categoria\\\/esporte\\\/\",\"nextItem\":{\"@type\":\"ListItem\",\"@id\":\"https:\\\/\\\/anoticiaonline.com.br\\\/site\\\/albino-traz-mais-um-trofeu-para-muriae\\\/#listItem\",\"name\":\"Albino traz mais um trof\\u00e9u para Muria\\u00e9\"},\"previousItem\":{\"@type\":\"ListItem\",\"@id\":\"https:\\\/\\\/anoticiaonline.com.br\\\/site#listItem\",\"name\":\"Home\"}},{\"@type\":\"ListItem\",\"@id\":\"https:\\\/\\\/anoticiaonline.com.br\\\/site\\\/albino-traz-mais-um-trofeu-para-muriae\\\/#listItem\",\"position\":3,\"name\":\"Albino traz mais um trof\\u00e9u para Muria\\u00e9\",\"previousItem\":{\"@type\":\"ListItem\",\"@id\":\"https:\\\/\\\/anoticiaonline.com.br\\\/site\\\/categoria\\\/esporte\\\/#listItem\",\"name\":\"Esporte\"}}]},{\"@type\":\"Organization\",\"@id\":\"https:\\\/\\\/anoticiaonline.com.br\\\/site\\\/#organization\",\"name\":\"A Not\\u00edcia Online\",\"description\":\"Noticias de Muria\\u00e9 e regi\\u00e3o\",\"url\":\"https:\\\/\\\/anoticiaonline.com.br\\\/site\\\/\",\"logo\":{\"@type\":\"ImageObject\",\"url\":\"https:\\\/\\\/scontent-gig4-1.xx.fbcdn.net\\\/v\\\/t39.30808-1\\\/270437624_4564083193639691_6907940295614233970_n.jpg?stp=dst-jpg_s200x200_tt6&_nc_cat=111&ccb=1-7&_nc_sid=f907e8&_nc_ohc=SM1wRlP3lJwQ7kNvwEPuBYA&_nc_oc=AdnqrjDN_BNjSSHWO-GbkIWH6fkGMLw4bqvL_NH6e2wMveX7G-rP2dAqsDSq1mJMOaY&_nc_zt=24&_nc_ht=scontent-gig4-1.xx&_nc_gid=AoBFJeGrT1hVaew_6rchkQ&oh=00_AfX7QmFGhQhG2jAllVgXCiM1ZrWgvtp80-Bfppyexh1QEg&oe=689E923C\",\"@id\":\"https:\\\/\\\/anoticiaonline.com.br\\\/site\\\/albino-traz-mais-um-trofeu-para-muriae\\\/#organizationLogo\"},\"image\":{\"@id\":\"https:\\\/\\\/anoticiaonline.com.br\\\/site\\\/albino-traz-mais-um-trofeu-para-muriae\\\/#organizationLogo\"}},{\"@type\":\"Person\",\"@id\":\"https:\\\/\\\/anoticiaonline.com.br\\\/site\\\/author\\\/juliana\\\/#author\",\"url\":\"https:\\\/\\\/anoticiaonline.com.br\\\/site\\\/author\\\/juliana\\\/\",\"name\":\"Juliana Laviola\",\"image\":{\"@type\":\"ImageObject\",\"@id\":\"https:\\\/\\\/anoticiaonline.com.br\\\/site\\\/albino-traz-mais-um-trofeu-para-muriae\\\/#authorImage\",\"url\":\"https:\\\/\\\/secure.gravatar.com\\\/avatar\\\/b8d45f5c699b100dfaf0e543582f38f38bf94cb7ae3a5e9abf8d891a34773335?s=96&d=mm&r=g\",\"width\":96,\"height\":96,\"caption\":\"Juliana Laviola\"}},{\"@type\":\"WebPage\",\"@id\":\"https:\\\/\\\/anoticiaonline.com.br\\\/site\\\/albino-traz-mais-um-trofeu-para-muriae\\\/#webpage\",\"url\":\"https:\\\/\\\/anoticiaonline.com.br\\\/site\\\/albino-traz-mais-um-trofeu-para-muriae\\\/\",\"name\":\"Albino traz mais um trof\\u00e9u para Muria\\u00e9 - A Not\\u00edcia Online\",\"description\":\"O atleta Albino Pinto da Rocha conquistou mais um trof\\u00e9u no atletismo. Desta vez, ele alcan\\u00e7ou o primeiro lugar na categoria Masculino 60 Anos Acima da terceira edi\\u00e7\\u00e3o da APTR \\u2013 Ultra Videiras, corrida que aconteceu no s\\u00e1bado (30), em Petr\\u00f3polis, Rio de Janeiro. O muriaeense percorreu os 12,800 km em uma hora e 21\",\"inLanguage\":\"pt-BR\",\"isPartOf\":{\"@id\":\"https:\\\/\\\/anoticiaonline.com.br\\\/site\\\/#website\"},\"breadcrumb\":{\"@id\":\"https:\\\/\\\/anoticiaonline.com.br\\\/site\\\/albino-traz-mais-um-trofeu-para-muriae\\\/#breadcrumblist\"},\"author\":{\"@id\":\"https:\\\/\\\/anoticiaonline.com.br\\\/site\\\/author\\\/juliana\\\/#author\"},\"creator\":{\"@id\":\"https:\\\/\\\/anoticiaonline.com.br\\\/site\\\/author\\\/juliana\\\/#author\"},\"image\":{\"@type\":\"ImageObject\",\"url\":\"https:\\\/\\\/anoticiaonline.com.br\\\/site\\\/wp-content\\\/uploads\\\/2016\\\/05\\\/Albino-traz-mais-um-trof\\u00e9u-para-Muria\\u00e9.jpg\",\"@id\":\"https:\\\/\\\/anoticiaonline.com.br\\\/site\\\/albino-traz-mais-um-trofeu-para-muriae\\\/#mainImage\",\"width\":640,\"height\":505},\"primaryImageOfPage\":{\"@id\":\"https:\\\/\\\/anoticiaonline.com.br\\\/site\\\/albino-traz-mais-um-trofeu-para-muriae\\\/#mainImage\"},\"datePublished\":\"2016-05-02T11:53:33-03:00\",\"dateModified\":\"2016-05-02T11:55:56-03:00\"},{\"@type\":\"WebSite\",\"@id\":\"https:\\\/\\\/anoticiaonline.com.br\\\/site\\\/#website\",\"url\":\"https:\\\/\\\/anoticiaonline.com.br\\\/site\\\/\",\"name\":\"A Not\\u00edcia Online\",\"description\":\"Noticias de Muria\\u00e9 e regi\\u00e3o\",\"inLanguage\":\"pt-BR\",\"publisher\":{\"@id\":\"https:\\\/\\\/anoticiaonline.com.br\\\/site\\\/#organization\"}}]}\n\t\t<\/script>\n\t\t<!-- All in One SEO -->\n\n","aioseo_head_json":{"title":"Albino traz mais um trof\u00e9u para Muria\u00e9 - A Not\u00edcia Online","description":"O atleta Albino Pinto da Rocha conquistou mais um trof\u00e9u no atletismo. Desta vez, ele alcan\u00e7ou o primeiro lugar na categoria Masculino 60 Anos Acima da terceira edi\u00e7\u00e3o da APTR \u2013 Ultra Videiras, corrida que aconteceu no s\u00e1bado (30), em Petr\u00f3polis, Rio de Janeiro. O muriaeense percorreu os 12,800 km em uma hora e 21","canonical_url":"https:\/\/anoticiaonline.com.br\/site\/albino-traz-mais-um-trofeu-para-muriae\/","robots":"max-image-preview:large","keywords":"","webmasterTools":{"miscellaneous":""},"schema":{"@context":"https:\/\/schema.org","@graph":[{"@type":"BlogPosting","@id":"https:\/\/anoticiaonline.com.br\/site\/albino-traz-mais-um-trofeu-para-muriae\/#blogposting","name":"Albino traz mais um trof\u00e9u para Muria\u00e9 - A Not\u00edcia Online","headline":"Albino traz mais um trof\u00e9u para Muria\u00e9","author":{"@id":"https:\/\/anoticiaonline.com.br\/site\/author\/juliana\/#author"},"publisher":{"@id":"https:\/\/anoticiaonline.com.br\/site\/#organization"},"image":{"@type":"ImageObject","url":"https:\/\/anoticiaonline.com.br\/site\/wp-content\/uploads\/2016\/05\/Albino-traz-mais-um-trof\u00e9u-para-Muria\u00e9.jpg","width":640,"height":505},"datePublished":"2016-05-02T11:53:33-03:00","dateModified":"2016-05-02T11:55:56-03:00","inLanguage":"pt-BR","mainEntityOfPage":{"@id":"https:\/\/anoticiaonline.com.br\/site\/albino-traz-mais-um-trofeu-para-muriae\/#webpage"},"isPartOf":{"@id":"https:\/\/anoticiaonline.com.br\/site\/albino-traz-mais-um-trofeu-para-muriae\/#webpage"},"articleSection":"Esporte, slide"},{"@type":"BreadcrumbList","@id":"https:\/\/anoticiaonline.com.br\/site\/albino-traz-mais-um-trofeu-para-muriae\/#breadcrumblist","itemListElement":[{"@type":"ListItem","@id":"https:\/\/anoticiaonline.com.br\/site#listItem","position":1,"name":"Home","item":"https:\/\/anoticiaonline.com.br\/site","nextItem":{"@type":"ListItem","@id":"https:\/\/anoticiaonline.com.br\/site\/categoria\/esporte\/#listItem","name":"Esporte"}},{"@type":"ListItem","@id":"https:\/\/anoticiaonline.com.br\/site\/categoria\/esporte\/#listItem","position":2,"name":"Esporte","item":"https:\/\/anoticiaonline.com.br\/site\/categoria\/esporte\/","nextItem":{"@type":"ListItem","@id":"https:\/\/anoticiaonline.com.br\/site\/albino-traz-mais-um-trofeu-para-muriae\/#listItem","name":"Albino traz mais um trof\u00e9u para Muria\u00e9"},"previousItem":{"@type":"ListItem","@id":"https:\/\/anoticiaonline.com.br\/site#listItem","name":"Home"}},{"@type":"ListItem","@id":"https:\/\/anoticiaonline.com.br\/site\/albino-traz-mais-um-trofeu-para-muriae\/#listItem","position":3,"name":"Albino traz mais um trof\u00e9u para Muria\u00e9","previousItem":{"@type":"ListItem","@id":"https:\/\/anoticiaonline.com.br\/site\/categoria\/esporte\/#listItem","name":"Esporte"}}]},{"@type":"Organization","@id":"https:\/\/anoticiaonline.com.br\/site\/#organization","name":"A Not\u00edcia Online","description":"Noticias de Muria\u00e9 e regi\u00e3o","url":"https:\/\/anoticiaonline.com.br\/site\/","logo":{"@type":"ImageObject","url":"https:\/\/scontent-gig4-1.xx.fbcdn.net\/v\/t39.30808-1\/270437624_4564083193639691_6907940295614233970_n.jpg?stp=dst-jpg_s200x200_tt6&_nc_cat=111&ccb=1-7&_nc_sid=f907e8&_nc_ohc=SM1wRlP3lJwQ7kNvwEPuBYA&_nc_oc=AdnqrjDN_BNjSSHWO-GbkIWH6fkGMLw4bqvL_NH6e2wMveX7G-rP2dAqsDSq1mJMOaY&_nc_zt=24&_nc_ht=scontent-gig4-1.xx&_nc_gid=AoBFJeGrT1hVaew_6rchkQ&oh=00_AfX7QmFGhQhG2jAllVgXCiM1ZrWgvtp80-Bfppyexh1QEg&oe=689E923C","@id":"https:\/\/anoticiaonline.com.br\/site\/albino-traz-mais-um-trofeu-para-muriae\/#organizationLogo"},"image":{"@id":"https:\/\/anoticiaonline.com.br\/site\/albino-traz-mais-um-trofeu-para-muriae\/#organizationLogo"}},{"@type":"Person","@id":"https:\/\/anoticiaonline.com.br\/site\/author\/juliana\/#author","url":"https:\/\/anoticiaonline.com.br\/site\/author\/juliana\/","name":"Juliana Laviola","image":{"@type":"ImageObject","@id":"https:\/\/anoticiaonline.com.br\/site\/albino-traz-mais-um-trofeu-para-muriae\/#authorImage","url":"https:\/\/secure.gravatar.com\/avatar\/b8d45f5c699b100dfaf0e543582f38f38bf94cb7ae3a5e9abf8d891a34773335?s=96&d=mm&r=g","width":96,"height":96,"caption":"Juliana Laviola"}},{"@type":"WebPage","@id":"https:\/\/anoticiaonline.com.br\/site\/albino-traz-mais-um-trofeu-para-muriae\/#webpage","url":"https:\/\/anoticiaonline.com.br\/site\/albino-traz-mais-um-trofeu-para-muriae\/","name":"Albino traz mais um trof\u00e9u para Muria\u00e9 - A Not\u00edcia Online","description":"O atleta Albino Pinto da Rocha conquistou mais um trof\u00e9u no atletismo. Desta vez, ele alcan\u00e7ou o primeiro lugar na categoria Masculino 60 Anos Acima da terceira edi\u00e7\u00e3o da APTR \u2013 Ultra Videiras, corrida que aconteceu no s\u00e1bado (30), em Petr\u00f3polis, Rio de Janeiro. O muriaeense percorreu os 12,800 km em uma hora e 21","inLanguage":"pt-BR","isPartOf":{"@id":"https:\/\/anoticiaonline.com.br\/site\/#website"},"breadcrumb":{"@id":"https:\/\/anoticiaonline.com.br\/site\/albino-traz-mais-um-trofeu-para-muriae\/#breadcrumblist"},"author":{"@id":"https:\/\/anoticiaonline.com.br\/site\/author\/juliana\/#author"},"creator":{"@id":"https:\/\/anoticiaonline.com.br\/site\/author\/juliana\/#author"},"image":{"@type":"ImageObject","url":"https:\/\/anoticiaonline.com.br\/site\/wp-content\/uploads\/2016\/05\/Albino-traz-mais-um-trof\u00e9u-para-Muria\u00e9.jpg","@id":"https:\/\/anoticiaonline.com.br\/site\/albino-traz-mais-um-trofeu-para-muriae\/#mainImage","width":640,"height":505},"primaryImageOfPage":{"@id":"https:\/\/anoticiaonline.com.br\/site\/albino-traz-mais-um-trofeu-para-muriae\/#mainImage"},"datePublished":"2016-05-02T11:53:33-03:00","dateModified":"2016-05-02T11:55:56-03:00"},{"@type":"WebSite","@id":"https:\/\/anoticiaonline.com.br\/site\/#website","url":"https:\/\/anoticiaonline.com.br\/site\/","name":"A Not\u00edcia Online","description":"Noticias de Muria\u00e9 e regi\u00e3o","inLanguage":"pt-BR","publisher":{"@id":"https:\/\/anoticiaonline.com.br\/site\/#organization"}}]},"og:locale":"pt_BR","og:site_name":"A Not\u00edcia Online - Noticias de Muria\u00e9 e regi\u00e3o","og:type":"article","og:title":"Albino traz mais um trof\u00e9u para Muria\u00e9 - A Not\u00edcia Online","og:description":"O atleta Albino Pinto da Rocha conquistou mais um trof\u00e9u no atletismo. Desta vez, ele alcan\u00e7ou o primeiro lugar na categoria Masculino 60 Anos Acima da terceira edi\u00e7\u00e3o da APTR \u2013 Ultra Videiras, corrida que aconteceu no s\u00e1bado (30), em Petr\u00f3polis, Rio de Janeiro. O muriaeense percorreu os 12,800 km em uma hora e 21","og:url":"https:\/\/anoticiaonline.com.br\/site\/albino-traz-mais-um-trofeu-para-muriae\/","og:image":"https:\/\/scontent-gig4-1.xx.fbcdn.net\/v\/t39.30808-1\/270437624_4564083193639691_6907940295614233970_n.jpg?stp=dst-jpg_s200x200_tt6&#038;_nc_cat=111&#038;ccb=1-7&#038;_nc_sid=f907e8&#038;_nc_ohc=SM1wRlP3lJwQ7kNvwEPuBYA&#038;_nc_oc=AdnqrjDN_BNjSSHWO-GbkIWH6fkGMLw4bqvL_NH6e2wMveX7G-rP2dAqsDSq1mJMOaY&#038;_nc_zt=24&#038;_nc_ht=scontent-gig4-1.xx&#038;_nc_gid=AoBFJeGrT1hVaew_6rchkQ&#038;oh=00_AfX7QmFGhQhG2jAllVgXCiM1ZrWgvtp80-Bfppyexh1QEg&#038;oe=689E923C","og:image:secure_url":"https:\/\/scontent-gig4-1.xx.fbcdn.net\/v\/t39.30808-1\/270437624_4564083193639691_6907940295614233970_n.jpg?stp=dst-jpg_s200x200_tt6&#038;_nc_cat=111&#038;ccb=1-7&#038;_nc_sid=f907e8&#038;_nc_ohc=SM1wRlP3lJwQ7kNvwEPuBYA&#038;_nc_oc=AdnqrjDN_BNjSSHWO-GbkIWH6fkGMLw4bqvL_NH6e2wMveX7G-rP2dAqsDSq1mJMOaY&#038;_nc_zt=24&#038;_nc_ht=scontent-gig4-1.xx&#038;_nc_gid=AoBFJeGrT1hVaew_6rchkQ&#038;oh=00_AfX7QmFGhQhG2jAllVgXCiM1ZrWgvtp80-Bfppyexh1QEg&#038;oe=689E923C","article:published_time":"2016-05-02T14:53:33+00:00","article:modified_time":"2016-05-02T14:55:56+00:00","twitter:card":"summary_large_image","twitter:title":"Albino traz mais um trof\u00e9u para Muria\u00e9 - A Not\u00edcia Online","twitter:description":"O atleta Albino Pinto da Rocha conquistou mais um trof\u00e9u no atletismo. Desta vez, ele alcan\u00e7ou o primeiro lugar na categoria Masculino 60 Anos Acima da terceira edi\u00e7\u00e3o da APTR \u2013 Ultra Videiras, corrida que aconteceu no s\u00e1bado (30), em Petr\u00f3polis, Rio de Janeiro. O muriaeense percorreu os 12,800 km em uma hora e 21","twitter:image":"https:\/\/scontent-gig4-1.xx.fbcdn.net\/v\/t39.30808-1\/270437624_4564083193639691_6907940295614233970_n.jpg?stp=dst-jpg_s200x200_tt6&_nc_cat=111&ccb=1-7&_nc_sid=f907e8&_nc_ohc=SM1wRlP3lJwQ7kNvwEPuBYA&_nc_oc=AdnqrjDN_BNjSSHWO-GbkIWH6fkGMLw4bqvL_NH6e2wMveX7G-rP2dAqsDSq1mJMOaY&_nc_zt=24&_nc_ht=scontent-gig4-1.xx&_nc_gid=AoBFJeGrT1hVaew_6rchkQ&oh=00_AfX7QmFGhQhG2jAllVgXCiM1ZrWgvtp80-Bfppyexh1QEg&oe=689E923C"},"aioseo_meta_data":{"post_id":"12643","title":null,"description":null,"keywords":null,"keyphrases":null,"primary_term":null,"canonical_url":null,"og_title":null,"og_description":null,"og_object_type":"default","og_image_type":"default","og_image_url":null,"og_image_width":null,"og_image_height":null,"og_image_custom_url":null,"og_image_custom_fields":null,"og_video":null,"og_custom_url":null,"og_article_section":null,"og_article_tags":null,"twitter_use_og":false,"twitter_card":"default","twitter_image_type":"default","twitter_image_url":null,"twitter_image_custom_url":null,"twitter_image_custom_fields":null,"twitter_title":null,"twitter_description":null,"schema":{"blockGraphs":[],"customGraphs":[],"default":{"data":{"Article":[],"Course":[],"Dataset":[],"FAQPage":[],"Movie":[],"Person":[],"Product":[],"ProductReview":[],"Car":[],"Recipe":[],"Service":[],"SoftwareApplication":[],"WebPage":[]},"graphName":"","isEnabled":true},"graphs":[]},"schema_type":"default","schema_type_options":null,"pillar_content":false,"robots_default":true,"robots_noindex":false,"robots_noarchive":false,"robots_nosnippet":false,"robots_nofollow":false,"robots_noimageindex":false,"robots_noodp":false,"robots_notranslate":false,"robots_max_snippet":null,"robots_max_videopreview":null,"robots_max_imagepreview":"large","priority":null,"frequency":null,"local_seo":null,"breadcrumb_settings":null,"limit_modified_date":false,"ai":null,"created":"2025-08-16 15:54:19","updated":"2025-08-16 15:54:19","focus_keyword":null,"additional_keywords":null,"truseo_locale":null,"seo_analyzer_scan_date":null},"aioseo_breadcrumb":"<div class=\"aioseo-breadcrumbs\"><span class=\"aioseo-breadcrumb\">\n\t\t\t<a href=\"https:\/\/anoticiaonline.com.br\/site\" title=\"Home\">Home<\/a>\n\t\t<\/span><span class=\"aioseo-breadcrumb-separator\">&raquo;<\/span><span class=\"aioseo-breadcrumb\">\n\t\t\t<a href=\"https:\/\/anoticiaonline.com.br\/site\/categoria\/esporte\/\" title=\"Esporte\">Esporte<\/a>\n\t\t<\/span><span class=\"aioseo-breadcrumb-separator\">&raquo;<\/span><span class=\"aioseo-breadcrumb\">\n\t\t\tAlbino traz mais um trof\u00e9u para Muria\u00e9\n\t\t<\/span><\/div>","aioseo_breadcrumb_json":[{"label":"Home","link":"https:\/\/anoticiaonline.com.br\/site"},{"label":"Esporte","link":"https:\/\/anoticiaonline.com.br\/site\/categoria\/esporte\/"},{"label":"Albino traz mais um trof\u00e9u para Muria\u00e9","link":"https:\/\/anoticiaonline.com.br\/site\/albino-traz-mais-um-trofeu-para-muriae\/"}],"views":133,"_links":{"self":[{"href":"https:\/\/anoticiaonline.com.br\/site\/wp-json\/wp\/v2\/posts\/12643","targetHints":{"allow":["GET"]}}],"collection":[{"href":"https:\/\/anoticiaonline.com.br\/site\/wp-json\/wp\/v2\/posts"}],"about":[{"href":"https:\/\/anoticiaonline.com.br\/site\/wp-json\/wp\/v2\/types\/post"}],"author":[{"embeddable":true,"href":"https:\/\/anoticiaonline.com.br\/site\/wp-json\/wp\/v2\/users\/2"}],"replies":[{"embeddable":true,"href":"https:\/\/anoticiaonline.com.br\/site\/wp-json\/wp\/v2\/comments?post=12643"}],"version-history":[{"count":0,"href":"https:\/\/anoticiaonline.com.br\/site\/wp-json\/wp\/v2\/posts\/12643\/revisions"}],"wp:featuredmedia":[{"embeddable":true,"href":"https:\/\/anoticiaonline.com.br\/site\/wp-json\/wp\/v2\/media\/12644"}],"wp:attachment":[{"href":"https:\/\/anoticiaonline.com.br\/site\/wp-json\/wp\/v2\/media?parent=12643"}],"wp:term":[{"taxonomy":"category","embeddable":true,"href":"https:\/\/anoticiaonline.com.br\/site\/wp-json\/wp\/v2\/categories?post=12643"},{"taxonomy":"post_tag","embeddable":true,"href":"https:\/\/anoticiaonline.com.br\/site\/wp-json\/wp\/v2\/tags?post=12643"}],"curies":[{"name":"wp","href":"https:\/\/api.w.org\/{rel}","templated":true}]}}