{"id":12641,"date":"2016-05-02T10:17:28","date_gmt":"2016-05-02T13:17:28","guid":{"rendered":"http:\/\/anoticiaonline.com.br\/site\/?p=12641"},"modified":"2016-05-02T10:17:28","modified_gmt":"2016-05-02T13:17:28","slug":"espirito-materia","status":"publish","type":"post","link":"https:\/\/anoticiaonline.com.br\/site\/espirito-materia\/","title":{"rendered":"Esp\u00edrito &#038; Mat\u00e9ria"},"content":{"rendered":"<p><strong>A carne s\u00f3 \u00e9 fraca porque o Esp\u00edrito \u00e9 fraco<\/strong><\/p>\n<p><em>\u201cO Esp\u00edrito \u00e9 tudo; o corpo \u00e9 simples veste que apodrece. Eis tudo\u201d. &#8211; L.E. q. 196a <\/em><\/p>\n<p>Existe muita confus\u00e3o entre as criaturas no que se refere \u00e0 influ\u00eancia do Esp\u00edrito e da carne, quando muitos atribuem a esta a fraqueza daquele, esquecidas de que o corpo f\u00edsico \u00e9 t\u00e3o somente um filtro que, atrav\u00e9s das reencarna\u00e7\u00f5es pelos s\u00e9culos a fora, proporciona a depura\u00e7\u00e3o do Esp\u00edrito. Ser\u00e1 sempre efeito e n\u00e3o causa&#8230; Um dos maiores absurdos \u00e9 atribuir ao corpo f\u00edsico, conjunto de c\u00e9lulas passivas, a paternidade das fraquezas, quando, na verdade, tudo procede do Esp\u00edrito.<\/p>\n<p>Segundo Emmanuel , o nobre e atencioso guia espiritual de Chico Xavier, \u201c(&#8230;) quando falamos em pecados da carne, podemos traduzir a express\u00e3o por faltas devidas \u00e0 condi\u00e7\u00e3o inferior do homem espiritual sobre o Planeta. Os desejos aviltantes, os impulsos deprimentes, a ingratid\u00e3o, a m\u00e1-f\u00e9, o tra\u00e7o do traidor, nunca foram da carne.<\/p>\n<p>Inobstante ter o pr\u00f3prio Mestre figurado que o Esp\u00edrito, como elemento divino, \u00e9 forte, mas que a carne, como express\u00e3o humana \u00e9 fraca, o que \u00e9 a carne, entretanto?\u00a0\u00a0 A carne \u00e9 um composto de fluidos condensados.\u00a0 Naturalmente, esses fluidos, em se reunindo, obedecer\u00e3o aos imperativos da exist\u00eancia terrestre, no que designais por lei de hereditariedade; mas, esse conjunto \u00e9 passivo e n\u00e3o determina por si.\u00a0 Podemos figur\u00e1-lo como a casa terrestre, dentro da qual o Esp\u00edrito \u00e9 dirigente, habita\u00e7\u00e3o essa que tomar\u00e1 as caracter\u00edsticas boas ou m\u00e1s do seu possuidor\u201d.<\/p>\n<p>Na quest\u00e3o 367 de \u201cO Livro dos Esp\u00edritos\u201d, os Benfeitores Espirituais responderam a Kardec que \u201co Esp\u00edrito unindo-se ao corpo, conserva os atributos da natureza espiritual\u201d.\u00a0\u00a0 Entendemos, assim, que fraco \u00e9 o Esp\u00edrito e n\u00e3o a carne, sendo esta o efeito e aquele a causa.<\/p>\n<p>A quest\u00e3o \u00e9 retomada pelo Mestre Lion\u00eas no livro: \u201cO C\u00e9u e o Inferno\u201d, cap. VII, da primeira parte, nos seguintes termos: \u201ch\u00e1 tend\u00eancias viciosas que s\u00e3o evidentemente pr\u00f3prias do Esp\u00edrito, porque se apegam mais ao moral do que ao f\u00edsico; outras, parecem antes dependentes do organismo e, por esse motivo, menos respons\u00e1veis s\u00e3o julgados os que as possuem: consideram-se como tais as disposi\u00e7\u00f5es \u00e0 c\u00f3lera, \u00e0 pregui\u00e7a, \u00e0 sensualidade, etc&#8230;\u00a0 Hoje est\u00e1 plenamente reconhecido pelos fil\u00f3sofos espiritualistas que os \u00f3rg\u00e3os cerebrais correspondentes a diversas aptid\u00f5es devem o seu desenvolvimento \u00e0 atividade do Esp\u00edrito.\u00a0 Assim, esse desenvolvimento \u00e9 um efeito e n\u00e3o uma causa.<\/p>\n<p>O Esp\u00edrito \u00e9, desse modo, o artista do pr\u00f3prio corpo, por ele talhado, por assim dizer, \u00e0 fei\u00e7\u00e3o das suas necessidades e \u00e0 manifesta\u00e7\u00e3o das suas tend\u00eancias.\u00a0 Dessa forma, a perfei\u00e7\u00e3o corporal das ra\u00e7as adiantadas deixa de ser produto de cria\u00e7\u00f5es distintas para ser o resultado do trabalho espiritual, que aperfei\u00e7oa o inv\u00f3lucro material \u00e0 medida que as faculdades aumentam.<\/p>\n<p>Compreende-se que um Esp\u00edrito irasc\u00edvel deve encaminhar-se para estimular o temperamento bilioso, do que resulta n\u00e3o ser um homem col\u00e9rico por bilioso, mas bilioso por col\u00e9rico. O mesmo se d\u00e1 em rela\u00e7\u00e3o a todas as outras disposi\u00e7\u00f5es instintivas: um Esp\u00edrito indolente e fraco deixar\u00e1 o organismo em estado de atonia relativo ao seu car\u00e1ter, ao passo que, ativo e en\u00e9rgico, dar\u00e1 ao sangue como aos nervos qualidades perfeitamente opostas. A a\u00e7\u00e3o do Esp\u00edrito sobre o f\u00edsico \u00e9 t\u00e3o evidente que n\u00e3o raro vemos graves desordens org\u00e2nicas sobrevirem a violentas como\u00e7\u00f5es morais.<\/p>\n<p>A express\u00e3o vulgar: \u201ca emo\u00e7\u00e3o transtornou-lhe o sangue\u201d n\u00e3o \u00e9 t\u00e3o destitu\u00edda de sentido quanto se poderia supor. Ora, que poderia transtornar o sangue sen\u00e3o as disposi\u00e7\u00f5es morais do Esp\u00edrito?<\/p>\n<p>A carne s\u00f3 \u00e9 fraca porque o Esp\u00edrito \u00e9 fraco, o que inverte a quest\u00e3o deixando \u00e0quele a responsabilidade de todos os seus atos. A carne, destitu\u00edda de pensamento e vontade, n\u00e3o pode prevalecer jamais sobre o Esp\u00edrito, que \u00e9 o ser pensante e de vontade pr\u00f3pria&#8230;\u201d<\/p>\n<p>Afirma Emmanuel ser necess\u00e1rio instalar \u201cno homem a compreens\u00e3o de sua necessidade de autodom\u00ednio, acordando-lhe as faculdades de disciplinador e renovador de si mesmo em Jesus Cristo\u201d.<\/p>\n","protected":false},"excerpt":{"rendered":"<p>A carne s\u00f3 \u00e9 fraca porque o Esp\u00edrito \u00e9 fraco \u201cO Esp\u00edrito \u00e9 tudo; o corpo \u00e9 simples veste que apodrece. Eis tudo\u201d. &#8211; L.E. q. 196a Existe muita confus\u00e3o entre as criaturas no que se refere \u00e0 influ\u00eancia do Esp\u00edrito e da carne, quando muitos atribuem a esta a fraqueza daquele, esquecidas de que &#8230; <a title=\"Esp\u00edrito &#038; Mat\u00e9ria\" class=\"read-more\" href=\"https:\/\/anoticiaonline.com.br\/site\/espirito-materia\/\" aria-label=\"Read more about Esp\u00edrito &#038; Mat\u00e9ria\">Ler mais<\/a><\/p>\n","protected":false},"author":2,"featured_media":0,"comment_status":"open","ping_status":"open","sticky":false,"template":"","format":"standard","meta":{"_acf_changed":false,"_monsterinsights_skip_tracking":false,"footnotes":""},"categories":[44],"tags":[],"class_list":["post-12641","post","type-post","status-publish","format-standard","hentry","category-espiritismo-em-foco-de-rogerio-coelho"],"acf":[],"aioseo_notices":[],"aioseo_head":"\n\t\t<!-- All in One SEO 5.0.0.1 - aioseo.com -->\n\t<meta name=\"description\" content=\"A carne s\u00f3 \u00e9 fraca porque o Esp\u00edrito \u00e9 fraco \u201cO Esp\u00edrito \u00e9 tudo; o corpo \u00e9 simples veste que apodrece. Eis tudo\u201d. - L.E. q. 196a Existe muita confus\u00e3o entre as criaturas no que se refere \u00e0 influ\u00eancia do Esp\u00edrito e da carne, quando muitos atribuem a esta a fraqueza daquele, esquecidas de que\" \/>\n\t<meta name=\"robots\" content=\"max-image-preview:large\" \/>\n\t<meta name=\"author\" content=\"Juliana Laviola\"\/>\n\t<link rel=\"canonical\" href=\"https:\/\/anoticiaonline.com.br\/site\/espirito-materia\/\" \/>\n\t<meta name=\"generator\" content=\"All in One SEO (AIOSEO) 5.0.0.1\" \/>\n\t\t<meta property=\"og:locale\" content=\"pt_BR\" \/>\n\t\t<meta property=\"og:site_name\" content=\"A Not\u00edcia Online - Noticias de Muria\u00e9 e regi\u00e3o\" \/>\n\t\t<meta property=\"og:type\" content=\"article\" \/>\n\t\t<meta property=\"og:title\" content=\"Esp\u00edrito &amp; Mat\u00e9ria - A Not\u00edcia Online\" \/>\n\t\t<meta property=\"og:description\" content=\"A carne s\u00f3 \u00e9 fraca porque o Esp\u00edrito \u00e9 fraco \u201cO Esp\u00edrito \u00e9 tudo; o corpo \u00e9 simples veste que apodrece. Eis tudo\u201d. - L.E. q. 196a Existe muita confus\u00e3o entre as criaturas no que se refere \u00e0 influ\u00eancia do Esp\u00edrito e da carne, quando muitos atribuem a esta a fraqueza daquele, esquecidas de que\" \/>\n\t\t<meta property=\"og:url\" content=\"https:\/\/anoticiaonline.com.br\/site\/espirito-materia\/\" \/>\n\t\t<meta property=\"og:image\" content=\"https:\/\/scontent-gig4-1.xx.fbcdn.net\/v\/t39.30808-1\/270437624_4564083193639691_6907940295614233970_n.jpg?stp=dst-jpg_s200x200_tt6&#038;_nc_cat=111&#038;ccb=1-7&#038;_nc_sid=f907e8&#038;_nc_ohc=SM1wRlP3lJwQ7kNvwEPuBYA&#038;_nc_oc=AdnqrjDN_BNjSSHWO-GbkIWH6fkGMLw4bqvL_NH6e2wMveX7G-rP2dAqsDSq1mJMOaY&#038;_nc_zt=24&#038;_nc_ht=scontent-gig4-1.xx&#038;_nc_gid=AoBFJeGrT1hVaew_6rchkQ&#038;oh=00_AfX7QmFGhQhG2jAllVgXCiM1ZrWgvtp80-Bfppyexh1QEg&#038;oe=689E923C\" \/>\n\t\t<meta property=\"og:image:secure_url\" content=\"https:\/\/scontent-gig4-1.xx.fbcdn.net\/v\/t39.30808-1\/270437624_4564083193639691_6907940295614233970_n.jpg?stp=dst-jpg_s200x200_tt6&#038;_nc_cat=111&#038;ccb=1-7&#038;_nc_sid=f907e8&#038;_nc_ohc=SM1wRlP3lJwQ7kNvwEPuBYA&#038;_nc_oc=AdnqrjDN_BNjSSHWO-GbkIWH6fkGMLw4bqvL_NH6e2wMveX7G-rP2dAqsDSq1mJMOaY&#038;_nc_zt=24&#038;_nc_ht=scontent-gig4-1.xx&#038;_nc_gid=AoBFJeGrT1hVaew_6rchkQ&#038;oh=00_AfX7QmFGhQhG2jAllVgXCiM1ZrWgvtp80-Bfppyexh1QEg&#038;oe=689E923C\" \/>\n\t\t<meta property=\"article:published_time\" content=\"2016-05-02T13:17:28+00:00\" \/>\n\t\t<meta property=\"article:modified_time\" content=\"2016-05-02T13:17:28+00:00\" \/>\n\t\t<meta name=\"twitter:card\" content=\"summary_large_image\" \/>\n\t\t<meta name=\"twitter:title\" content=\"Esp\u00edrito &amp; Mat\u00e9ria - A Not\u00edcia Online\" \/>\n\t\t<meta name=\"twitter:description\" content=\"A carne s\u00f3 \u00e9 fraca porque o Esp\u00edrito \u00e9 fraco \u201cO Esp\u00edrito \u00e9 tudo; o corpo \u00e9 simples veste que apodrece. Eis tudo\u201d. - L.E. q. 196a Existe muita confus\u00e3o entre as criaturas no que se refere \u00e0 influ\u00eancia do Esp\u00edrito e da carne, quando muitos atribuem a esta a fraqueza daquele, esquecidas de que\" \/>\n\t\t<meta name=\"twitter:image\" content=\"https:\/\/scontent-gig4-1.xx.fbcdn.net\/v\/t39.30808-1\/270437624_4564083193639691_6907940295614233970_n.jpg?stp=dst-jpg_s200x200_tt6&amp;_nc_cat=111&amp;ccb=1-7&amp;_nc_sid=f907e8&amp;_nc_ohc=SM1wRlP3lJwQ7kNvwEPuBYA&amp;_nc_oc=AdnqrjDN_BNjSSHWO-GbkIWH6fkGMLw4bqvL_NH6e2wMveX7G-rP2dAqsDSq1mJMOaY&amp;_nc_zt=24&amp;_nc_ht=scontent-gig4-1.xx&amp;_nc_gid=AoBFJeGrT1hVaew_6rchkQ&amp;oh=00_AfX7QmFGhQhG2jAllVgXCiM1ZrWgvtp80-Bfppyexh1QEg&amp;oe=689E923C\" \/>\n\t\t<script type=\"application\/ld+json\" class=\"aioseo-schema\">\n\t\t\t{\"@context\":\"https:\\\/\\\/schema.org\",\"@graph\":[{\"@type\":\"BlogPosting\",\"@id\":\"https:\\\/\\\/anoticiaonline.com.br\\\/site\\\/espirito-materia\\\/#blogposting\",\"name\":\"Esp\\u00edrito & Mat\\u00e9ria - A Not\\u00edcia Online\",\"headline\":\"Esp\\u00edrito &#038; Mat\\u00e9ria\",\"author\":{\"@id\":\"https:\\\/\\\/anoticiaonline.com.br\\\/site\\\/author\\\/juliana\\\/#author\"},\"publisher\":{\"@id\":\"https:\\\/\\\/anoticiaonline.com.br\\\/site\\\/#organization\"},\"image\":{\"@type\":\"ImageObject\",\"url\":\"https:\\\/\\\/scontent-gig4-1.xx.fbcdn.net\\\/v\\\/t39.30808-1\\\/270437624_4564083193639691_6907940295614233970_n.jpg?stp=dst-jpg_s200x200_tt6&_nc_cat=111&ccb=1-7&_nc_sid=f907e8&_nc_ohc=SM1wRlP3lJwQ7kNvwEPuBYA&_nc_oc=AdnqrjDN_BNjSSHWO-GbkIWH6fkGMLw4bqvL_NH6e2wMveX7G-rP2dAqsDSq1mJMOaY&_nc_zt=24&_nc_ht=scontent-gig4-1.xx&_nc_gid=AoBFJeGrT1hVaew_6rchkQ&oh=00_AfX7QmFGhQhG2jAllVgXCiM1ZrWgvtp80-Bfppyexh1QEg&oe=689E923C\",\"@id\":\"https:\\\/\\\/anoticiaonline.com.br\\\/site\\\/#articleImage\"},\"datePublished\":\"2016-05-02T10:17:28-03:00\",\"dateModified\":\"2016-05-02T10:17:28-03:00\",\"inLanguage\":\"pt-BR\",\"mainEntityOfPage\":{\"@id\":\"https:\\\/\\\/anoticiaonline.com.br\\\/site\\\/espirito-materia\\\/#webpage\"},\"isPartOf\":{\"@id\":\"https:\\\/\\\/anoticiaonline.com.br\\\/site\\\/espirito-materia\\\/#webpage\"},\"articleSection\":\"Espiritismo em Foco, por Rog\\u00e9rio Coelho\"},{\"@type\":\"BreadcrumbList\",\"@id\":\"https:\\\/\\\/anoticiaonline.com.br\\\/site\\\/espirito-materia\\\/#breadcrumblist\",\"itemListElement\":[{\"@type\":\"ListItem\",\"@id\":\"https:\\\/\\\/anoticiaonline.com.br\\\/site#listItem\",\"position\":1,\"name\":\"Home\",\"item\":\"https:\\\/\\\/anoticiaonline.com.br\\\/site\",\"nextItem\":{\"@type\":\"ListItem\",\"@id\":\"https:\\\/\\\/anoticiaonline.com.br\\\/site\\\/categoria\\\/colunistas\\\/#listItem\",\"name\":\"Colunistas\"}},{\"@type\":\"ListItem\",\"@id\":\"https:\\\/\\\/anoticiaonline.com.br\\\/site\\\/categoria\\\/colunistas\\\/#listItem\",\"position\":2,\"name\":\"Colunistas\",\"item\":\"https:\\\/\\\/anoticiaonline.com.br\\\/site\\\/categoria\\\/colunistas\\\/\",\"nextItem\":{\"@type\":\"ListItem\",\"@id\":\"https:\\\/\\\/anoticiaonline.com.br\\\/site\\\/categoria\\\/colunistas\\\/espiritismo-em-foco-de-rogerio-coelho\\\/#listItem\",\"name\":\"Espiritismo em Foco, por Rog\\u00e9rio Coelho\"},\"previousItem\":{\"@type\":\"ListItem\",\"@id\":\"https:\\\/\\\/anoticiaonline.com.br\\\/site#listItem\",\"name\":\"Home\"}},{\"@type\":\"ListItem\",\"@id\":\"https:\\\/\\\/anoticiaonline.com.br\\\/site\\\/categoria\\\/colunistas\\\/espiritismo-em-foco-de-rogerio-coelho\\\/#listItem\",\"position\":3,\"name\":\"Espiritismo em Foco, por Rog\\u00e9rio Coelho\",\"item\":\"https:\\\/\\\/anoticiaonline.com.br\\\/site\\\/categoria\\\/colunistas\\\/espiritismo-em-foco-de-rogerio-coelho\\\/\",\"nextItem\":{\"@type\":\"ListItem\",\"@id\":\"https:\\\/\\\/anoticiaonline.com.br\\\/site\\\/espirito-materia\\\/#listItem\",\"name\":\"Esp\\u00edrito &#038; Mat\\u00e9ria\"},\"previousItem\":{\"@type\":\"ListItem\",\"@id\":\"https:\\\/\\\/anoticiaonline.com.br\\\/site\\\/categoria\\\/colunistas\\\/#listItem\",\"name\":\"Colunistas\"}},{\"@type\":\"ListItem\",\"@id\":\"https:\\\/\\\/anoticiaonline.com.br\\\/site\\\/espirito-materia\\\/#listItem\",\"position\":4,\"name\":\"Esp\\u00edrito &#038; Mat\\u00e9ria\",\"previousItem\":{\"@type\":\"ListItem\",\"@id\":\"https:\\\/\\\/anoticiaonline.com.br\\\/site\\\/categoria\\\/colunistas\\\/espiritismo-em-foco-de-rogerio-coelho\\\/#listItem\",\"name\":\"Espiritismo em Foco, por Rog\\u00e9rio Coelho\"}}]},{\"@type\":\"Organization\",\"@id\":\"https:\\\/\\\/anoticiaonline.com.br\\\/site\\\/#organization\",\"name\":\"A Not\\u00edcia Online\",\"description\":\"Noticias de Muria\\u00e9 e regi\\u00e3o\",\"url\":\"https:\\\/\\\/anoticiaonline.com.br\\\/site\\\/\",\"logo\":{\"@type\":\"ImageObject\",\"url\":\"https:\\\/\\\/scontent-gig4-1.xx.fbcdn.net\\\/v\\\/t39.30808-1\\\/270437624_4564083193639691_6907940295614233970_n.jpg?stp=dst-jpg_s200x200_tt6&_nc_cat=111&ccb=1-7&_nc_sid=f907e8&_nc_ohc=SM1wRlP3lJwQ7kNvwEPuBYA&_nc_oc=AdnqrjDN_BNjSSHWO-GbkIWH6fkGMLw4bqvL_NH6e2wMveX7G-rP2dAqsDSq1mJMOaY&_nc_zt=24&_nc_ht=scontent-gig4-1.xx&_nc_gid=AoBFJeGrT1hVaew_6rchkQ&oh=00_AfX7QmFGhQhG2jAllVgXCiM1ZrWgvtp80-Bfppyexh1QEg&oe=689E923C\",\"@id\":\"https:\\\/\\\/anoticiaonline.com.br\\\/site\\\/espirito-materia\\\/#organizationLogo\"},\"image\":{\"@id\":\"https:\\\/\\\/anoticiaonline.com.br\\\/site\\\/espirito-materia\\\/#organizationLogo\"}},{\"@type\":\"Person\",\"@id\":\"https:\\\/\\\/anoticiaonline.com.br\\\/site\\\/author\\\/juliana\\\/#author\",\"url\":\"https:\\\/\\\/anoticiaonline.com.br\\\/site\\\/author\\\/juliana\\\/\",\"name\":\"Juliana Laviola\",\"image\":{\"@type\":\"ImageObject\",\"@id\":\"https:\\\/\\\/anoticiaonline.com.br\\\/site\\\/espirito-materia\\\/#authorImage\",\"url\":\"https:\\\/\\\/secure.gravatar.com\\\/avatar\\\/b8d45f5c699b100dfaf0e543582f38f38bf94cb7ae3a5e9abf8d891a34773335?s=96&d=mm&r=g\",\"width\":96,\"height\":96,\"caption\":\"Juliana Laviola\"}},{\"@type\":\"WebPage\",\"@id\":\"https:\\\/\\\/anoticiaonline.com.br\\\/site\\\/espirito-materia\\\/#webpage\",\"url\":\"https:\\\/\\\/anoticiaonline.com.br\\\/site\\\/espirito-materia\\\/\",\"name\":\"Esp\\u00edrito & Mat\\u00e9ria - A Not\\u00edcia Online\",\"description\":\"A carne s\\u00f3 \\u00e9 fraca porque o Esp\\u00edrito \\u00e9 fraco \\u201cO Esp\\u00edrito \\u00e9 tudo; o corpo \\u00e9 simples veste que apodrece. Eis tudo\\u201d. - L.E. q. 196a Existe muita confus\\u00e3o entre as criaturas no que se refere \\u00e0 influ\\u00eancia do Esp\\u00edrito e da carne, quando muitos atribuem a esta a fraqueza daquele, esquecidas de que\",\"inLanguage\":\"pt-BR\",\"isPartOf\":{\"@id\":\"https:\\\/\\\/anoticiaonline.com.br\\\/site\\\/#website\"},\"breadcrumb\":{\"@id\":\"https:\\\/\\\/anoticiaonline.com.br\\\/site\\\/espirito-materia\\\/#breadcrumblist\"},\"author\":{\"@id\":\"https:\\\/\\\/anoticiaonline.com.br\\\/site\\\/author\\\/juliana\\\/#author\"},\"creator\":{\"@id\":\"https:\\\/\\\/anoticiaonline.com.br\\\/site\\\/author\\\/juliana\\\/#author\"},\"datePublished\":\"2016-05-02T10:17:28-03:00\",\"dateModified\":\"2016-05-02T10:17:28-03:00\"},{\"@type\":\"WebSite\",\"@id\":\"https:\\\/\\\/anoticiaonline.com.br\\\/site\\\/#website\",\"url\":\"https:\\\/\\\/anoticiaonline.com.br\\\/site\\\/\",\"name\":\"A Not\\u00edcia Online\",\"description\":\"Noticias de Muria\\u00e9 e regi\\u00e3o\",\"inLanguage\":\"pt-BR\",\"publisher\":{\"@id\":\"https:\\\/\\\/anoticiaonline.com.br\\\/site\\\/#organization\"}}]}\n\t\t<\/script>\n\t\t<!-- All in One SEO -->\n\n","aioseo_head_json":{"title":"Esp\u00edrito & Mat\u00e9ria - A Not\u00edcia Online","description":"A carne s\u00f3 \u00e9 fraca porque o Esp\u00edrito \u00e9 fraco \u201cO Esp\u00edrito \u00e9 tudo; o corpo \u00e9 simples veste que apodrece. Eis tudo\u201d. - L.E. q. 196a Existe muita confus\u00e3o entre as criaturas no que se refere \u00e0 influ\u00eancia do Esp\u00edrito e da carne, quando muitos atribuem a esta a fraqueza daquele, esquecidas de que","canonical_url":"https:\/\/anoticiaonline.com.br\/site\/espirito-materia\/","robots":"max-image-preview:large","keywords":"","webmasterTools":{"miscellaneous":""},"schema":{"@context":"https:\/\/schema.org","@graph":[{"@type":"BlogPosting","@id":"https:\/\/anoticiaonline.com.br\/site\/espirito-materia\/#blogposting","name":"Esp\u00edrito & Mat\u00e9ria - A Not\u00edcia Online","headline":"Esp\u00edrito &#038; Mat\u00e9ria","author":{"@id":"https:\/\/anoticiaonline.com.br\/site\/author\/juliana\/#author"},"publisher":{"@id":"https:\/\/anoticiaonline.com.br\/site\/#organization"},"image":{"@type":"ImageObject","url":"https:\/\/scontent-gig4-1.xx.fbcdn.net\/v\/t39.30808-1\/270437624_4564083193639691_6907940295614233970_n.jpg?stp=dst-jpg_s200x200_tt6&_nc_cat=111&ccb=1-7&_nc_sid=f907e8&_nc_ohc=SM1wRlP3lJwQ7kNvwEPuBYA&_nc_oc=AdnqrjDN_BNjSSHWO-GbkIWH6fkGMLw4bqvL_NH6e2wMveX7G-rP2dAqsDSq1mJMOaY&_nc_zt=24&_nc_ht=scontent-gig4-1.xx&_nc_gid=AoBFJeGrT1hVaew_6rchkQ&oh=00_AfX7QmFGhQhG2jAllVgXCiM1ZrWgvtp80-Bfppyexh1QEg&oe=689E923C","@id":"https:\/\/anoticiaonline.com.br\/site\/#articleImage"},"datePublished":"2016-05-02T10:17:28-03:00","dateModified":"2016-05-02T10:17:28-03:00","inLanguage":"pt-BR","mainEntityOfPage":{"@id":"https:\/\/anoticiaonline.com.br\/site\/espirito-materia\/#webpage"},"isPartOf":{"@id":"https:\/\/anoticiaonline.com.br\/site\/espirito-materia\/#webpage"},"articleSection":"Espiritismo em Foco, por Rog\u00e9rio Coelho"},{"@type":"BreadcrumbList","@id":"https:\/\/anoticiaonline.com.br\/site\/espirito-materia\/#breadcrumblist","itemListElement":[{"@type":"ListItem","@id":"https:\/\/anoticiaonline.com.br\/site#listItem","position":1,"name":"Home","item":"https:\/\/anoticiaonline.com.br\/site","nextItem":{"@type":"ListItem","@id":"https:\/\/anoticiaonline.com.br\/site\/categoria\/colunistas\/#listItem","name":"Colunistas"}},{"@type":"ListItem","@id":"https:\/\/anoticiaonline.com.br\/site\/categoria\/colunistas\/#listItem","position":2,"name":"Colunistas","item":"https:\/\/anoticiaonline.com.br\/site\/categoria\/colunistas\/","nextItem":{"@type":"ListItem","@id":"https:\/\/anoticiaonline.com.br\/site\/categoria\/colunistas\/espiritismo-em-foco-de-rogerio-coelho\/#listItem","name":"Espiritismo em Foco, por Rog\u00e9rio Coelho"},"previousItem":{"@type":"ListItem","@id":"https:\/\/anoticiaonline.com.br\/site#listItem","name":"Home"}},{"@type":"ListItem","@id":"https:\/\/anoticiaonline.com.br\/site\/categoria\/colunistas\/espiritismo-em-foco-de-rogerio-coelho\/#listItem","position":3,"name":"Espiritismo em Foco, por Rog\u00e9rio Coelho","item":"https:\/\/anoticiaonline.com.br\/site\/categoria\/colunistas\/espiritismo-em-foco-de-rogerio-coelho\/","nextItem":{"@type":"ListItem","@id":"https:\/\/anoticiaonline.com.br\/site\/espirito-materia\/#listItem","name":"Esp\u00edrito &#038; Mat\u00e9ria"},"previousItem":{"@type":"ListItem","@id":"https:\/\/anoticiaonline.com.br\/site\/categoria\/colunistas\/#listItem","name":"Colunistas"}},{"@type":"ListItem","@id":"https:\/\/anoticiaonline.com.br\/site\/espirito-materia\/#listItem","position":4,"name":"Esp\u00edrito &#038; Mat\u00e9ria","previousItem":{"@type":"ListItem","@id":"https:\/\/anoticiaonline.com.br\/site\/categoria\/colunistas\/espiritismo-em-foco-de-rogerio-coelho\/#listItem","name":"Espiritismo em Foco, por Rog\u00e9rio Coelho"}}]},{"@type":"Organization","@id":"https:\/\/anoticiaonline.com.br\/site\/#organization","name":"A Not\u00edcia Online","description":"Noticias de Muria\u00e9 e regi\u00e3o","url":"https:\/\/anoticiaonline.com.br\/site\/","logo":{"@type":"ImageObject","url":"https:\/\/scontent-gig4-1.xx.fbcdn.net\/v\/t39.30808-1\/270437624_4564083193639691_6907940295614233970_n.jpg?stp=dst-jpg_s200x200_tt6&_nc_cat=111&ccb=1-7&_nc_sid=f907e8&_nc_ohc=SM1wRlP3lJwQ7kNvwEPuBYA&_nc_oc=AdnqrjDN_BNjSSHWO-GbkIWH6fkGMLw4bqvL_NH6e2wMveX7G-rP2dAqsDSq1mJMOaY&_nc_zt=24&_nc_ht=scontent-gig4-1.xx&_nc_gid=AoBFJeGrT1hVaew_6rchkQ&oh=00_AfX7QmFGhQhG2jAllVgXCiM1ZrWgvtp80-Bfppyexh1QEg&oe=689E923C","@id":"https:\/\/anoticiaonline.com.br\/site\/espirito-materia\/#organizationLogo"},"image":{"@id":"https:\/\/anoticiaonline.com.br\/site\/espirito-materia\/#organizationLogo"}},{"@type":"Person","@id":"https:\/\/anoticiaonline.com.br\/site\/author\/juliana\/#author","url":"https:\/\/anoticiaonline.com.br\/site\/author\/juliana\/","name":"Juliana Laviola","image":{"@type":"ImageObject","@id":"https:\/\/anoticiaonline.com.br\/site\/espirito-materia\/#authorImage","url":"https:\/\/secure.gravatar.com\/avatar\/b8d45f5c699b100dfaf0e543582f38f38bf94cb7ae3a5e9abf8d891a34773335?s=96&d=mm&r=g","width":96,"height":96,"caption":"Juliana Laviola"}},{"@type":"WebPage","@id":"https:\/\/anoticiaonline.com.br\/site\/espirito-materia\/#webpage","url":"https:\/\/anoticiaonline.com.br\/site\/espirito-materia\/","name":"Esp\u00edrito & Mat\u00e9ria - A Not\u00edcia Online","description":"A carne s\u00f3 \u00e9 fraca porque o Esp\u00edrito \u00e9 fraco \u201cO Esp\u00edrito \u00e9 tudo; o corpo \u00e9 simples veste que apodrece. Eis tudo\u201d. - L.E. q. 196a Existe muita confus\u00e3o entre as criaturas no que se refere \u00e0 influ\u00eancia do Esp\u00edrito e da carne, quando muitos atribuem a esta a fraqueza daquele, esquecidas de que","inLanguage":"pt-BR","isPartOf":{"@id":"https:\/\/anoticiaonline.com.br\/site\/#website"},"breadcrumb":{"@id":"https:\/\/anoticiaonline.com.br\/site\/espirito-materia\/#breadcrumblist"},"author":{"@id":"https:\/\/anoticiaonline.com.br\/site\/author\/juliana\/#author"},"creator":{"@id":"https:\/\/anoticiaonline.com.br\/site\/author\/juliana\/#author"},"datePublished":"2016-05-02T10:17:28-03:00","dateModified":"2016-05-02T10:17:28-03:00"},{"@type":"WebSite","@id":"https:\/\/anoticiaonline.com.br\/site\/#website","url":"https:\/\/anoticiaonline.com.br\/site\/","name":"A Not\u00edcia Online","description":"Noticias de Muria\u00e9 e regi\u00e3o","inLanguage":"pt-BR","publisher":{"@id":"https:\/\/anoticiaonline.com.br\/site\/#organization"}}]},"og:locale":"pt_BR","og:site_name":"A Not\u00edcia Online - Noticias de Muria\u00e9 e regi\u00e3o","og:type":"article","og:title":"Esp\u00edrito &amp; Mat\u00e9ria - A Not\u00edcia Online","og:description":"A carne s\u00f3 \u00e9 fraca porque o Esp\u00edrito \u00e9 fraco \u201cO Esp\u00edrito \u00e9 tudo; o corpo \u00e9 simples veste que apodrece. Eis tudo\u201d. - L.E. q. 196a Existe muita confus\u00e3o entre as criaturas no que se refere \u00e0 influ\u00eancia do Esp\u00edrito e da carne, quando muitos atribuem a esta a fraqueza daquele, esquecidas de que","og:url":"https:\/\/anoticiaonline.com.br\/site\/espirito-materia\/","og:image":"https:\/\/scontent-gig4-1.xx.fbcdn.net\/v\/t39.30808-1\/270437624_4564083193639691_6907940295614233970_n.jpg?stp=dst-jpg_s200x200_tt6&#038;_nc_cat=111&#038;ccb=1-7&#038;_nc_sid=f907e8&#038;_nc_ohc=SM1wRlP3lJwQ7kNvwEPuBYA&#038;_nc_oc=AdnqrjDN_BNjSSHWO-GbkIWH6fkGMLw4bqvL_NH6e2wMveX7G-rP2dAqsDSq1mJMOaY&#038;_nc_zt=24&#038;_nc_ht=scontent-gig4-1.xx&#038;_nc_gid=AoBFJeGrT1hVaew_6rchkQ&#038;oh=00_AfX7QmFGhQhG2jAllVgXCiM1ZrWgvtp80-Bfppyexh1QEg&#038;oe=689E923C","og:image:secure_url":"https:\/\/scontent-gig4-1.xx.fbcdn.net\/v\/t39.30808-1\/270437624_4564083193639691_6907940295614233970_n.jpg?stp=dst-jpg_s200x200_tt6&#038;_nc_cat=111&#038;ccb=1-7&#038;_nc_sid=f907e8&#038;_nc_ohc=SM1wRlP3lJwQ7kNvwEPuBYA&#038;_nc_oc=AdnqrjDN_BNjSSHWO-GbkIWH6fkGMLw4bqvL_NH6e2wMveX7G-rP2dAqsDSq1mJMOaY&#038;_nc_zt=24&#038;_nc_ht=scontent-gig4-1.xx&#038;_nc_gid=AoBFJeGrT1hVaew_6rchkQ&#038;oh=00_AfX7QmFGhQhG2jAllVgXCiM1ZrWgvtp80-Bfppyexh1QEg&#038;oe=689E923C","article:published_time":"2016-05-02T13:17:28+00:00","article:modified_time":"2016-05-02T13:17:28+00:00","twitter:card":"summary_large_image","twitter:title":"Esp\u00edrito &amp; Mat\u00e9ria - A Not\u00edcia Online","twitter:description":"A carne s\u00f3 \u00e9 fraca porque o Esp\u00edrito \u00e9 fraco \u201cO Esp\u00edrito \u00e9 tudo; o corpo \u00e9 simples veste que apodrece. Eis tudo\u201d. - L.E. q. 196a Existe muita confus\u00e3o entre as criaturas no que se refere \u00e0 influ\u00eancia do Esp\u00edrito e da carne, quando muitos atribuem a esta a fraqueza daquele, esquecidas de que","twitter:image":"https:\/\/scontent-gig4-1.xx.fbcdn.net\/v\/t39.30808-1\/270437624_4564083193639691_6907940295614233970_n.jpg?stp=dst-jpg_s200x200_tt6&_nc_cat=111&ccb=1-7&_nc_sid=f907e8&_nc_ohc=SM1wRlP3lJwQ7kNvwEPuBYA&_nc_oc=AdnqrjDN_BNjSSHWO-GbkIWH6fkGMLw4bqvL_NH6e2wMveX7G-rP2dAqsDSq1mJMOaY&_nc_zt=24&_nc_ht=scontent-gig4-1.xx&_nc_gid=AoBFJeGrT1hVaew_6rchkQ&oh=00_AfX7QmFGhQhG2jAllVgXCiM1ZrWgvtp80-Bfppyexh1QEg&oe=689E923C"},"aioseo_meta_data":{"post_id":"12641","title":null,"description":null,"keywords":null,"keyphrases":null,"primary_term":null,"canonical_url":null,"og_title":null,"og_description":null,"og_object_type":"default","og_image_type":"default","og_image_url":null,"og_image_width":null,"og_image_height":null,"og_image_custom_url":null,"og_image_custom_fields":null,"og_video":null,"og_custom_url":null,"og_article_section":null,"og_article_tags":null,"twitter_use_og":false,"twitter_card":"default","twitter_image_type":"default","twitter_image_url":null,"twitter_image_custom_url":null,"twitter_image_custom_fields":null,"twitter_title":null,"twitter_description":null,"schema":{"blockGraphs":[],"customGraphs":[],"default":{"data":{"Article":[],"Course":[],"Dataset":[],"FAQPage":[],"Movie":[],"Person":[],"Product":[],"ProductReview":[],"Car":[],"Recipe":[],"Service":[],"SoftwareApplication":[],"WebPage":[]},"graphName":"","isEnabled":true},"graphs":[]},"schema_type":"default","schema_type_options":null,"pillar_content":false,"robots_default":true,"robots_noindex":false,"robots_noarchive":false,"robots_nosnippet":false,"robots_nofollow":false,"robots_noimageindex":false,"robots_noodp":false,"robots_notranslate":false,"robots_max_snippet":null,"robots_max_videopreview":null,"robots_max_imagepreview":"large","priority":null,"frequency":null,"local_seo":null,"breadcrumb_settings":null,"limit_modified_date":false,"ai":null,"created":"2025-08-16 15:54:19","updated":"2025-08-16 15:54:19","focus_keyword":null,"additional_keywords":null,"truseo_locale":null,"seo_analyzer_scan_date":null},"aioseo_breadcrumb":"<div class=\"aioseo-breadcrumbs\"><span class=\"aioseo-breadcrumb\">\n\t\t\t<a href=\"https:\/\/anoticiaonline.com.br\/site\" title=\"Home\">Home<\/a>\n\t\t<\/span><span class=\"aioseo-breadcrumb-separator\">&raquo;<\/span><span class=\"aioseo-breadcrumb\">\n\t\t\t<a href=\"https:\/\/anoticiaonline.com.br\/site\/categoria\/colunistas\/\" title=\"Colunistas\">Colunistas<\/a>\n\t\t<\/span><span class=\"aioseo-breadcrumb-separator\">&raquo;<\/span><span class=\"aioseo-breadcrumb\">\n\t\t\t<a href=\"https:\/\/anoticiaonline.com.br\/site\/categoria\/colunistas\/espiritismo-em-foco-de-rogerio-coelho\/\" title=\"Espiritismo em Foco, por Rog\u00e9rio Coelho\">Espiritismo em Foco, por Rog\u00e9rio Coelho<\/a>\n\t\t<\/span><span class=\"aioseo-breadcrumb-separator\">&raquo;<\/span><span class=\"aioseo-breadcrumb\">\n\t\t\tEsp\u00edrito &amp; Mat\u00e9ria\n\t\t<\/span><\/div>","aioseo_breadcrumb_json":[{"label":"Home","link":"https:\/\/anoticiaonline.com.br\/site"},{"label":"Colunistas","link":"https:\/\/anoticiaonline.com.br\/site\/categoria\/colunistas\/"},{"label":"Espiritismo em Foco, por Rog\u00e9rio Coelho","link":"https:\/\/anoticiaonline.com.br\/site\/categoria\/colunistas\/espiritismo-em-foco-de-rogerio-coelho\/"},{"label":"Esp\u00edrito &#038; Mat\u00e9ria","link":"https:\/\/anoticiaonline.com.br\/site\/espirito-materia\/"}],"views":130,"_links":{"self":[{"href":"https:\/\/anoticiaonline.com.br\/site\/wp-json\/wp\/v2\/posts\/12641","targetHints":{"allow":["GET"]}}],"collection":[{"href":"https:\/\/anoticiaonline.com.br\/site\/wp-json\/wp\/v2\/posts"}],"about":[{"href":"https:\/\/anoticiaonline.com.br\/site\/wp-json\/wp\/v2\/types\/post"}],"author":[{"embeddable":true,"href":"https:\/\/anoticiaonline.com.br\/site\/wp-json\/wp\/v2\/users\/2"}],"replies":[{"embeddable":true,"href":"https:\/\/anoticiaonline.com.br\/site\/wp-json\/wp\/v2\/comments?post=12641"}],"version-history":[{"count":0,"href":"https:\/\/anoticiaonline.com.br\/site\/wp-json\/wp\/v2\/posts\/12641\/revisions"}],"wp:attachment":[{"href":"https:\/\/anoticiaonline.com.br\/site\/wp-json\/wp\/v2\/media?parent=12641"}],"wp:term":[{"taxonomy":"category","embeddable":true,"href":"https:\/\/anoticiaonline.com.br\/site\/wp-json\/wp\/v2\/categories?post=12641"},{"taxonomy":"post_tag","embeddable":true,"href":"https:\/\/anoticiaonline.com.br\/site\/wp-json\/wp\/v2\/tags?post=12641"}],"curies":[{"name":"wp","href":"https:\/\/api.w.org\/{rel}","templated":true}]}}