{"id":12467,"date":"2016-04-27T07:00:34","date_gmt":"2016-04-27T10:00:34","guid":{"rendered":"http:\/\/anoticiaonline.com.br\/site\/?p=12467"},"modified":"2016-04-26T17:08:00","modified_gmt":"2016-04-26T20:08:00","slug":"sede-propria-da-escola-e-praca-serao-inauguradas-na-comemoracao-dos-122-anos-de-macuco","status":"publish","type":"post","link":"https:\/\/anoticiaonline.com.br\/site\/sede-propria-da-escola-e-praca-serao-inauguradas-na-comemoracao-dos-122-anos-de-macuco\/","title":{"rendered":"Sede pr\u00f3pria da escola e pra\u00e7a ser\u00e3o inauguradas na comemora\u00e7\u00e3o dos 122 anos de Macuco"},"content":{"rendered":"<figure id=\"attachment_12468\" aria-describedby=\"caption-attachment-12468\" style=\"width: 290px\" class=\"wp-caption alignleft\"><a href=\"https:\/\/anoticiaonline.com.br\/site\/wp-content\/uploads\/2016\/04\/Sede-pr\u00f3pria-da-escola-e-pra\u00e7a-ser\u00e3o-inauguradas-na-comemora\u00e7\u00e3o-dos-122-anos-de-Macuco.jpg\"><img fetchpriority=\"high\" decoding=\"async\" class=\"size-medium wp-image-12468\" src=\"https:\/\/anoticiaonline.com.br\/site\/wp-content\/uploads\/2016\/04\/Sede-pr\u00f3pria-da-escola-e-pra\u00e7a-ser\u00e3o-inauguradas-na-comemora\u00e7\u00e3o-dos-122-anos-de-Macuco-300x200.jpg\" alt=\"Escola Municipal Dejanira Passoni de Oliveira\" width=\"300\" height=\"200\" srcset=\"https:\/\/anoticiaonline.com.br\/site\/wp-content\/uploads\/2016\/04\/Sede-pr\u00f3pria-da-escola-e-pra\u00e7a-ser\u00e3o-inauguradas-na-comemora\u00e7\u00e3o-dos-122-anos-de-Macuco-300x200.jpg 300w, https:\/\/anoticiaonline.com.br\/site\/wp-content\/uploads\/2016\/04\/Sede-pr\u00f3pria-da-escola-e-pra\u00e7a-ser\u00e3o-inauguradas-na-comemora\u00e7\u00e3o-dos-122-anos-de-Macuco-290x192.jpg 290w, https:\/\/anoticiaonline.com.br\/site\/wp-content\/uploads\/2016\/04\/Sede-pr\u00f3pria-da-escola-e-pra\u00e7a-ser\u00e3o-inauguradas-na-comemora\u00e7\u00e3o-dos-122-anos-de-Macuco.jpg 640w\" sizes=\"(max-width: 300px) 100vw, 300px\" \/><\/a><figcaption id=\"caption-attachment-12468\" class=\"wp-caption-text\">Escola Municipal Dejanira Passoni de Oliveira<\/figcaption><\/figure>\n<p>Uma sede pr\u00f3pria para a escola-creche e a reestrutura\u00e7\u00e3o da pra\u00e7a de lazer do distrito de Macuco ser\u00e3o inauguradas neste s\u00e1bado (30) pela Prefeitura de Muria\u00e9, juntamente com a festa de comemora\u00e7\u00e3o dos 122 anos de funda\u00e7\u00e3o da localidade. O evento iniciar\u00e1 \u00e0s 13 horas, com o \u201cMutir\u00e3o da Cidadania\u201d.<\/p>\n<p>A Escola Municipal Dejanira Passoni de Oliveira j\u00e1 existia em espa\u00e7o alugado e reduzido. Agora, a nova escola ter\u00e1 salas de aula de dire\u00e7\u00e3o e professores, banheiros feminino e masculino, cozinha, almoxarifado, lavanderia, playground e, ainda, ber\u00e7\u00e1rio para a creche. \u201cA sede pr\u00f3pria da escola foi constru\u00edda para melhor atender os profissionais e crian\u00e7as\u201d, afirma o prefeito Aloysio Aquino.<\/p>\n<figure id=\"attachment_12469\" aria-describedby=\"caption-attachment-12469\" style=\"width: 290px\" class=\"wp-caption alignleft\"><a href=\"https:\/\/anoticiaonline.com.br\/site\/wp-content\/uploads\/2016\/04\/Sede-pr\u00f3pria-da-escola-e-pra\u00e7a-ser\u00e3o-inauguradas-na-comemora\u00e7\u00e3o-dos-122-anos-de-Macuco-2.jpg\"><img decoding=\"async\" class=\"size-medium wp-image-12469\" src=\"https:\/\/anoticiaonline.com.br\/site\/wp-content\/uploads\/2016\/04\/Sede-pr\u00f3pria-da-escola-e-pra\u00e7a-ser\u00e3o-inauguradas-na-comemora\u00e7\u00e3o-dos-122-anos-de-Macuco-2-300x200.jpg\" alt=\"Pra\u00e7a do distrito foi reestruturada\" width=\"300\" height=\"200\" srcset=\"https:\/\/anoticiaonline.com.br\/site\/wp-content\/uploads\/2016\/04\/Sede-pr\u00f3pria-da-escola-e-pra\u00e7a-ser\u00e3o-inauguradas-na-comemora\u00e7\u00e3o-dos-122-anos-de-Macuco-2-300x200.jpg 300w, https:\/\/anoticiaonline.com.br\/site\/wp-content\/uploads\/2016\/04\/Sede-pr\u00f3pria-da-escola-e-pra\u00e7a-ser\u00e3o-inauguradas-na-comemora\u00e7\u00e3o-dos-122-anos-de-Macuco-2-290x192.jpg 290w, https:\/\/anoticiaonline.com.br\/site\/wp-content\/uploads\/2016\/04\/Sede-pr\u00f3pria-da-escola-e-pra\u00e7a-ser\u00e3o-inauguradas-na-comemora\u00e7\u00e3o-dos-122-anos-de-Macuco-2.jpg 640w\" sizes=\"(max-width: 300px) 100vw, 300px\" \/><\/a><figcaption id=\"caption-attachment-12469\" class=\"wp-caption-text\">Pra\u00e7a do distrito foi reestruturada<\/figcaption><\/figure>\n<p>A pra\u00e7a, que era um canteiro de terra, foi reformulada. O espa\u00e7o recebeu meio-fios, cal\u00e7amento em bloquetes, lumin\u00e1rias, bancos, parque de divers\u00e3o, canteiros para as palmeiras imperiais e outras esp\u00e9cies, novo abrigo para maquin\u00e1rio do Demsur e mesa de jogos.<\/p>\n<p><strong>MUTIR\u00c3O &#8211;<\/strong> O \u201cMutir\u00e3o da Cidadania\u201d est\u00e1 sendo preparado por v\u00e1rias secretarias da Prefeitura. Entre os servi\u00e7os dispon\u00edveis est\u00e3o o fornecimento da segunda via de documenta\u00e7\u00e3o, orienta\u00e7\u00e3o sobre o programa Bolsa Fam\u00edlia, exame de aferi\u00e7\u00e3o de press\u00e3o arterial, teste de glicemia, sa\u00fade bucal, ensinamentos sobre o combate \u00e0 dengue, rodas de leitura, conta\u00e7\u00e3o de hist\u00f3rias, apresenta\u00e7\u00e3o da Banda Sociedade Musical Uni\u00e3o dos Artistas e outras, al\u00e9m da distribui\u00e7\u00e3o de mudas de plantas de esp\u00e9cies variadas.<\/p>\n","protected":false},"excerpt":{"rendered":"<p>Uma sede pr\u00f3pria para a escola-creche e a reestrutura\u00e7\u00e3o da pra\u00e7a de lazer do distrito de Macuco ser\u00e3o inauguradas neste s\u00e1bado (30) pela Prefeitura de Muria\u00e9, juntamente com a festa de comemora\u00e7\u00e3o dos 122 anos de funda\u00e7\u00e3o da localidade. O evento iniciar\u00e1 \u00e0s 13 horas, com o \u201cMutir\u00e3o da Cidadania\u201d. A Escola Municipal Dejanira Passoni &#8230; <a title=\"Sede pr\u00f3pria da escola e pra\u00e7a ser\u00e3o inauguradas na comemora\u00e7\u00e3o dos 122 anos de Macuco\" class=\"read-more\" href=\"https:\/\/anoticiaonline.com.br\/site\/sede-propria-da-escola-e-praca-serao-inauguradas-na-comemoracao-dos-122-anos-de-macuco\/\" aria-label=\"Read more about Sede pr\u00f3pria da escola e pra\u00e7a ser\u00e3o inauguradas na comemora\u00e7\u00e3o dos 122 anos de Macuco\">Ler mais<\/a><\/p>\n","protected":false},"author":2,"featured_media":12468,"comment_status":"open","ping_status":"open","sticky":false,"template":"","format":"standard","meta":{"_acf_changed":false,"_monsterinsights_skip_tracking":false,"footnotes":""},"categories":[30],"tags":[3],"class_list":["post-12467","post","type-post","status-publish","format-standard","has-post-thumbnail","hentry","category-muriae","tag-slide"],"acf":[],"aioseo_notices":[],"aioseo_head":"\n\t\t<!-- All in One SEO 5.0.0.1 - aioseo.com -->\n\t<meta name=\"description\" content=\"Uma sede pr\u00f3pria para a escola-creche e a reestrutura\u00e7\u00e3o da pra\u00e7a de lazer do distrito de Macuco ser\u00e3o inauguradas neste s\u00e1bado (30) pela Prefeitura de Muria\u00e9, juntamente com a festa de comemora\u00e7\u00e3o dos 122 anos de funda\u00e7\u00e3o da localidade. O evento iniciar\u00e1 \u00e0s 13 horas, com o \u201cMutir\u00e3o da Cidadania\u201d. A Escola Municipal Dejanira Passoni\" \/>\n\t<meta name=\"robots\" content=\"max-image-preview:large\" \/>\n\t<meta name=\"author\" content=\"Juliana Laviola\"\/>\n\t<link rel=\"canonical\" href=\"https:\/\/anoticiaonline.com.br\/site\/sede-propria-da-escola-e-praca-serao-inauguradas-na-comemoracao-dos-122-anos-de-macuco\/\" \/>\n\t<meta name=\"generator\" content=\"All in One SEO (AIOSEO) 5.0.0.1\" \/>\n\t\t<meta property=\"og:locale\" content=\"pt_BR\" \/>\n\t\t<meta property=\"og:site_name\" content=\"A Not\u00edcia Online - Noticias de Muria\u00e9 e regi\u00e3o\" \/>\n\t\t<meta property=\"og:type\" content=\"article\" \/>\n\t\t<meta property=\"og:title\" content=\"Sede pr\u00f3pria da escola e pra\u00e7a ser\u00e3o inauguradas na comemora\u00e7\u00e3o dos 122 anos de Macuco - A Not\u00edcia Online\" \/>\n\t\t<meta property=\"og:description\" content=\"Uma sede pr\u00f3pria para a escola-creche e a reestrutura\u00e7\u00e3o da pra\u00e7a de lazer do distrito de Macuco ser\u00e3o inauguradas neste s\u00e1bado (30) pela Prefeitura de Muria\u00e9, juntamente com a festa de comemora\u00e7\u00e3o dos 122 anos de funda\u00e7\u00e3o da localidade. O evento iniciar\u00e1 \u00e0s 13 horas, com o \u201cMutir\u00e3o da Cidadania\u201d. A Escola Municipal Dejanira Passoni\" \/>\n\t\t<meta property=\"og:url\" content=\"https:\/\/anoticiaonline.com.br\/site\/sede-propria-da-escola-e-praca-serao-inauguradas-na-comemoracao-dos-122-anos-de-macuco\/\" \/>\n\t\t<meta property=\"og:image\" content=\"https:\/\/scontent-gig4-1.xx.fbcdn.net\/v\/t39.30808-1\/270437624_4564083193639691_6907940295614233970_n.jpg?stp=dst-jpg_s200x200_tt6&#038;_nc_cat=111&#038;ccb=1-7&#038;_nc_sid=f907e8&#038;_nc_ohc=SM1wRlP3lJwQ7kNvwEPuBYA&#038;_nc_oc=AdnqrjDN_BNjSSHWO-GbkIWH6fkGMLw4bqvL_NH6e2wMveX7G-rP2dAqsDSq1mJMOaY&#038;_nc_zt=24&#038;_nc_ht=scontent-gig4-1.xx&#038;_nc_gid=AoBFJeGrT1hVaew_6rchkQ&#038;oh=00_AfX7QmFGhQhG2jAllVgXCiM1ZrWgvtp80-Bfppyexh1QEg&#038;oe=689E923C\" \/>\n\t\t<meta property=\"og:image:secure_url\" content=\"https:\/\/scontent-gig4-1.xx.fbcdn.net\/v\/t39.30808-1\/270437624_4564083193639691_6907940295614233970_n.jpg?stp=dst-jpg_s200x200_tt6&#038;_nc_cat=111&#038;ccb=1-7&#038;_nc_sid=f907e8&#038;_nc_ohc=SM1wRlP3lJwQ7kNvwEPuBYA&#038;_nc_oc=AdnqrjDN_BNjSSHWO-GbkIWH6fkGMLw4bqvL_NH6e2wMveX7G-rP2dAqsDSq1mJMOaY&#038;_nc_zt=24&#038;_nc_ht=scontent-gig4-1.xx&#038;_nc_gid=AoBFJeGrT1hVaew_6rchkQ&#038;oh=00_AfX7QmFGhQhG2jAllVgXCiM1ZrWgvtp80-Bfppyexh1QEg&#038;oe=689E923C\" \/>\n\t\t<meta property=\"article:published_time\" content=\"2016-04-27T10:00:34+00:00\" \/>\n\t\t<meta property=\"article:modified_time\" content=\"2016-04-26T20:08:00+00:00\" \/>\n\t\t<meta name=\"twitter:card\" content=\"summary_large_image\" \/>\n\t\t<meta name=\"twitter:title\" content=\"Sede pr\u00f3pria da escola e pra\u00e7a ser\u00e3o inauguradas na comemora\u00e7\u00e3o dos 122 anos de Macuco - A Not\u00edcia Online\" \/>\n\t\t<meta name=\"twitter:description\" content=\"Uma sede pr\u00f3pria para a escola-creche e a reestrutura\u00e7\u00e3o da pra\u00e7a de lazer do distrito de Macuco ser\u00e3o inauguradas neste s\u00e1bado (30) pela Prefeitura de Muria\u00e9, juntamente com a festa de comemora\u00e7\u00e3o dos 122 anos de funda\u00e7\u00e3o da localidade. O evento iniciar\u00e1 \u00e0s 13 horas, com o \u201cMutir\u00e3o da Cidadania\u201d. A Escola Municipal Dejanira Passoni\" \/>\n\t\t<meta name=\"twitter:image\" content=\"https:\/\/scontent-gig4-1.xx.fbcdn.net\/v\/t39.30808-1\/270437624_4564083193639691_6907940295614233970_n.jpg?stp=dst-jpg_s200x200_tt6&amp;_nc_cat=111&amp;ccb=1-7&amp;_nc_sid=f907e8&amp;_nc_ohc=SM1wRlP3lJwQ7kNvwEPuBYA&amp;_nc_oc=AdnqrjDN_BNjSSHWO-GbkIWH6fkGMLw4bqvL_NH6e2wMveX7G-rP2dAqsDSq1mJMOaY&amp;_nc_zt=24&amp;_nc_ht=scontent-gig4-1.xx&amp;_nc_gid=AoBFJeGrT1hVaew_6rchkQ&amp;oh=00_AfX7QmFGhQhG2jAllVgXCiM1ZrWgvtp80-Bfppyexh1QEg&amp;oe=689E923C\" \/>\n\t\t<script type=\"application\/ld+json\" class=\"aioseo-schema\">\n\t\t\t{\"@context\":\"https:\\\/\\\/schema.org\",\"@graph\":[{\"@type\":\"BlogPosting\",\"@id\":\"https:\\\/\\\/anoticiaonline.com.br\\\/site\\\/sede-propria-da-escola-e-praca-serao-inauguradas-na-comemoracao-dos-122-anos-de-macuco\\\/#blogposting\",\"name\":\"Sede pr\\u00f3pria da escola e pra\\u00e7a ser\\u00e3o inauguradas na comemora\\u00e7\\u00e3o dos 122 anos de Macuco - A Not\\u00edcia Online\",\"headline\":\"Sede pr\\u00f3pria da escola e pra\\u00e7a ser\\u00e3o inauguradas na comemora\\u00e7\\u00e3o dos 122 anos de Macuco\",\"author\":{\"@id\":\"https:\\\/\\\/anoticiaonline.com.br\\\/site\\\/author\\\/juliana\\\/#author\"},\"publisher\":{\"@id\":\"https:\\\/\\\/anoticiaonline.com.br\\\/site\\\/#organization\"},\"image\":{\"@type\":\"ImageObject\",\"url\":\"https:\\\/\\\/anoticiaonline.com.br\\\/site\\\/wp-content\\\/uploads\\\/2016\\\/04\\\/Sede-pr\\u00f3pria-da-escola-e-pra\\u00e7a-ser\\u00e3o-inauguradas-na-comemora\\u00e7\\u00e3o-dos-122-anos-de-Macuco.jpg\",\"width\":640,\"height\":426,\"caption\":\"Escola Municipal Dejanira Passoni de Oliveira\"},\"datePublished\":\"2016-04-27T07:00:34-03:00\",\"dateModified\":\"2016-04-26T17:08:00-03:00\",\"inLanguage\":\"pt-BR\",\"mainEntityOfPage\":{\"@id\":\"https:\\\/\\\/anoticiaonline.com.br\\\/site\\\/sede-propria-da-escola-e-praca-serao-inauguradas-na-comemoracao-dos-122-anos-de-macuco\\\/#webpage\"},\"isPartOf\":{\"@id\":\"https:\\\/\\\/anoticiaonline.com.br\\\/site\\\/sede-propria-da-escola-e-praca-serao-inauguradas-na-comemoracao-dos-122-anos-de-macuco\\\/#webpage\"},\"articleSection\":\"Blog, slide\"},{\"@type\":\"BreadcrumbList\",\"@id\":\"https:\\\/\\\/anoticiaonline.com.br\\\/site\\\/sede-propria-da-escola-e-praca-serao-inauguradas-na-comemoracao-dos-122-anos-de-macuco\\\/#breadcrumblist\",\"itemListElement\":[{\"@type\":\"ListItem\",\"@id\":\"https:\\\/\\\/anoticiaonline.com.br\\\/site#listItem\",\"position\":1,\"name\":\"Home\",\"item\":\"https:\\\/\\\/anoticiaonline.com.br\\\/site\",\"nextItem\":{\"@type\":\"ListItem\",\"@id\":\"https:\\\/\\\/anoticiaonline.com.br\\\/site\\\/categoria\\\/muriae\\\/#listItem\",\"name\":\"Blog\"}},{\"@type\":\"ListItem\",\"@id\":\"https:\\\/\\\/anoticiaonline.com.br\\\/site\\\/categoria\\\/muriae\\\/#listItem\",\"position\":2,\"name\":\"Blog\",\"item\":\"https:\\\/\\\/anoticiaonline.com.br\\\/site\\\/categoria\\\/muriae\\\/\",\"nextItem\":{\"@type\":\"ListItem\",\"@id\":\"https:\\\/\\\/anoticiaonline.com.br\\\/site\\\/sede-propria-da-escola-e-praca-serao-inauguradas-na-comemoracao-dos-122-anos-de-macuco\\\/#listItem\",\"name\":\"Sede pr\\u00f3pria da escola e pra\\u00e7a ser\\u00e3o inauguradas na comemora\\u00e7\\u00e3o dos 122 anos de Macuco\"},\"previousItem\":{\"@type\":\"ListItem\",\"@id\":\"https:\\\/\\\/anoticiaonline.com.br\\\/site#listItem\",\"name\":\"Home\"}},{\"@type\":\"ListItem\",\"@id\":\"https:\\\/\\\/anoticiaonline.com.br\\\/site\\\/sede-propria-da-escola-e-praca-serao-inauguradas-na-comemoracao-dos-122-anos-de-macuco\\\/#listItem\",\"position\":3,\"name\":\"Sede pr\\u00f3pria da escola e pra\\u00e7a ser\\u00e3o inauguradas na comemora\\u00e7\\u00e3o dos 122 anos de Macuco\",\"previousItem\":{\"@type\":\"ListItem\",\"@id\":\"https:\\\/\\\/anoticiaonline.com.br\\\/site\\\/categoria\\\/muriae\\\/#listItem\",\"name\":\"Blog\"}}]},{\"@type\":\"Organization\",\"@id\":\"https:\\\/\\\/anoticiaonline.com.br\\\/site\\\/#organization\",\"name\":\"A Not\\u00edcia Online\",\"description\":\"Noticias de Muria\\u00e9 e regi\\u00e3o\",\"url\":\"https:\\\/\\\/anoticiaonline.com.br\\\/site\\\/\",\"logo\":{\"@type\":\"ImageObject\",\"url\":\"https:\\\/\\\/scontent-gig4-1.xx.fbcdn.net\\\/v\\\/t39.30808-1\\\/270437624_4564083193639691_6907940295614233970_n.jpg?stp=dst-jpg_s200x200_tt6&_nc_cat=111&ccb=1-7&_nc_sid=f907e8&_nc_ohc=SM1wRlP3lJwQ7kNvwEPuBYA&_nc_oc=AdnqrjDN_BNjSSHWO-GbkIWH6fkGMLw4bqvL_NH6e2wMveX7G-rP2dAqsDSq1mJMOaY&_nc_zt=24&_nc_ht=scontent-gig4-1.xx&_nc_gid=AoBFJeGrT1hVaew_6rchkQ&oh=00_AfX7QmFGhQhG2jAllVgXCiM1ZrWgvtp80-Bfppyexh1QEg&oe=689E923C\",\"@id\":\"https:\\\/\\\/anoticiaonline.com.br\\\/site\\\/sede-propria-da-escola-e-praca-serao-inauguradas-na-comemoracao-dos-122-anos-de-macuco\\\/#organizationLogo\"},\"image\":{\"@id\":\"https:\\\/\\\/anoticiaonline.com.br\\\/site\\\/sede-propria-da-escola-e-praca-serao-inauguradas-na-comemoracao-dos-122-anos-de-macuco\\\/#organizationLogo\"}},{\"@type\":\"Person\",\"@id\":\"https:\\\/\\\/anoticiaonline.com.br\\\/site\\\/author\\\/juliana\\\/#author\",\"url\":\"https:\\\/\\\/anoticiaonline.com.br\\\/site\\\/author\\\/juliana\\\/\",\"name\":\"Juliana Laviola\",\"image\":{\"@type\":\"ImageObject\",\"@id\":\"https:\\\/\\\/anoticiaonline.com.br\\\/site\\\/sede-propria-da-escola-e-praca-serao-inauguradas-na-comemoracao-dos-122-anos-de-macuco\\\/#authorImage\",\"url\":\"https:\\\/\\\/secure.gravatar.com\\\/avatar\\\/b8d45f5c699b100dfaf0e543582f38f38bf94cb7ae3a5e9abf8d891a34773335?s=96&d=mm&r=g\",\"width\":96,\"height\":96,\"caption\":\"Juliana Laviola\"}},{\"@type\":\"WebPage\",\"@id\":\"https:\\\/\\\/anoticiaonline.com.br\\\/site\\\/sede-propria-da-escola-e-praca-serao-inauguradas-na-comemoracao-dos-122-anos-de-macuco\\\/#webpage\",\"url\":\"https:\\\/\\\/anoticiaonline.com.br\\\/site\\\/sede-propria-da-escola-e-praca-serao-inauguradas-na-comemoracao-dos-122-anos-de-macuco\\\/\",\"name\":\"Sede pr\\u00f3pria da escola e pra\\u00e7a ser\\u00e3o inauguradas na comemora\\u00e7\\u00e3o dos 122 anos de Macuco - A Not\\u00edcia Online\",\"description\":\"Uma sede pr\\u00f3pria para a escola-creche e a reestrutura\\u00e7\\u00e3o da pra\\u00e7a de lazer do distrito de Macuco ser\\u00e3o inauguradas neste s\\u00e1bado (30) pela Prefeitura de Muria\\u00e9, juntamente com a festa de comemora\\u00e7\\u00e3o dos 122 anos de funda\\u00e7\\u00e3o da localidade. O evento iniciar\\u00e1 \\u00e0s 13 horas, com o \\u201cMutir\\u00e3o da Cidadania\\u201d. A Escola Municipal Dejanira Passoni\",\"inLanguage\":\"pt-BR\",\"isPartOf\":{\"@id\":\"https:\\\/\\\/anoticiaonline.com.br\\\/site\\\/#website\"},\"breadcrumb\":{\"@id\":\"https:\\\/\\\/anoticiaonline.com.br\\\/site\\\/sede-propria-da-escola-e-praca-serao-inauguradas-na-comemoracao-dos-122-anos-de-macuco\\\/#breadcrumblist\"},\"author\":{\"@id\":\"https:\\\/\\\/anoticiaonline.com.br\\\/site\\\/author\\\/juliana\\\/#author\"},\"creator\":{\"@id\":\"https:\\\/\\\/anoticiaonline.com.br\\\/site\\\/author\\\/juliana\\\/#author\"},\"image\":{\"@type\":\"ImageObject\",\"url\":\"https:\\\/\\\/anoticiaonline.com.br\\\/site\\\/wp-content\\\/uploads\\\/2016\\\/04\\\/Sede-pr\\u00f3pria-da-escola-e-pra\\u00e7a-ser\\u00e3o-inauguradas-na-comemora\\u00e7\\u00e3o-dos-122-anos-de-Macuco.jpg\",\"@id\":\"https:\\\/\\\/anoticiaonline.com.br\\\/site\\\/sede-propria-da-escola-e-praca-serao-inauguradas-na-comemoracao-dos-122-anos-de-macuco\\\/#mainImage\",\"width\":640,\"height\":426,\"caption\":\"Escola Municipal Dejanira Passoni de Oliveira\"},\"primaryImageOfPage\":{\"@id\":\"https:\\\/\\\/anoticiaonline.com.br\\\/site\\\/sede-propria-da-escola-e-praca-serao-inauguradas-na-comemoracao-dos-122-anos-de-macuco\\\/#mainImage\"},\"datePublished\":\"2016-04-27T07:00:34-03:00\",\"dateModified\":\"2016-04-26T17:08:00-03:00\"},{\"@type\":\"WebSite\",\"@id\":\"https:\\\/\\\/anoticiaonline.com.br\\\/site\\\/#website\",\"url\":\"https:\\\/\\\/anoticiaonline.com.br\\\/site\\\/\",\"name\":\"A Not\\u00edcia Online\",\"description\":\"Noticias de Muria\\u00e9 e regi\\u00e3o\",\"inLanguage\":\"pt-BR\",\"publisher\":{\"@id\":\"https:\\\/\\\/anoticiaonline.com.br\\\/site\\\/#organization\"}}]}\n\t\t<\/script>\n\t\t<!-- All in One SEO -->\n\n","aioseo_head_json":{"title":"Sede pr\u00f3pria da escola e pra\u00e7a ser\u00e3o inauguradas na comemora\u00e7\u00e3o dos 122 anos de Macuco - A Not\u00edcia Online","description":"Uma sede pr\u00f3pria para a escola-creche e a reestrutura\u00e7\u00e3o da pra\u00e7a de lazer do distrito de Macuco ser\u00e3o inauguradas neste s\u00e1bado (30) pela Prefeitura de Muria\u00e9, juntamente com a festa de comemora\u00e7\u00e3o dos 122 anos de funda\u00e7\u00e3o da localidade. O evento iniciar\u00e1 \u00e0s 13 horas, com o \u201cMutir\u00e3o da Cidadania\u201d. A Escola Municipal Dejanira Passoni","canonical_url":"https:\/\/anoticiaonline.com.br\/site\/sede-propria-da-escola-e-praca-serao-inauguradas-na-comemoracao-dos-122-anos-de-macuco\/","robots":"max-image-preview:large","keywords":"","webmasterTools":{"miscellaneous":""},"schema":{"@context":"https:\/\/schema.org","@graph":[{"@type":"BlogPosting","@id":"https:\/\/anoticiaonline.com.br\/site\/sede-propria-da-escola-e-praca-serao-inauguradas-na-comemoracao-dos-122-anos-de-macuco\/#blogposting","name":"Sede pr\u00f3pria da escola e pra\u00e7a ser\u00e3o inauguradas na comemora\u00e7\u00e3o dos 122 anos de Macuco - A Not\u00edcia Online","headline":"Sede pr\u00f3pria da escola e pra\u00e7a ser\u00e3o inauguradas na comemora\u00e7\u00e3o dos 122 anos de Macuco","author":{"@id":"https:\/\/anoticiaonline.com.br\/site\/author\/juliana\/#author"},"publisher":{"@id":"https:\/\/anoticiaonline.com.br\/site\/#organization"},"image":{"@type":"ImageObject","url":"https:\/\/anoticiaonline.com.br\/site\/wp-content\/uploads\/2016\/04\/Sede-pr\u00f3pria-da-escola-e-pra\u00e7a-ser\u00e3o-inauguradas-na-comemora\u00e7\u00e3o-dos-122-anos-de-Macuco.jpg","width":640,"height":426,"caption":"Escola Municipal Dejanira Passoni de Oliveira"},"datePublished":"2016-04-27T07:00:34-03:00","dateModified":"2016-04-26T17:08:00-03:00","inLanguage":"pt-BR","mainEntityOfPage":{"@id":"https:\/\/anoticiaonline.com.br\/site\/sede-propria-da-escola-e-praca-serao-inauguradas-na-comemoracao-dos-122-anos-de-macuco\/#webpage"},"isPartOf":{"@id":"https:\/\/anoticiaonline.com.br\/site\/sede-propria-da-escola-e-praca-serao-inauguradas-na-comemoracao-dos-122-anos-de-macuco\/#webpage"},"articleSection":"Blog, slide"},{"@type":"BreadcrumbList","@id":"https:\/\/anoticiaonline.com.br\/site\/sede-propria-da-escola-e-praca-serao-inauguradas-na-comemoracao-dos-122-anos-de-macuco\/#breadcrumblist","itemListElement":[{"@type":"ListItem","@id":"https:\/\/anoticiaonline.com.br\/site#listItem","position":1,"name":"Home","item":"https:\/\/anoticiaonline.com.br\/site","nextItem":{"@type":"ListItem","@id":"https:\/\/anoticiaonline.com.br\/site\/categoria\/muriae\/#listItem","name":"Blog"}},{"@type":"ListItem","@id":"https:\/\/anoticiaonline.com.br\/site\/categoria\/muriae\/#listItem","position":2,"name":"Blog","item":"https:\/\/anoticiaonline.com.br\/site\/categoria\/muriae\/","nextItem":{"@type":"ListItem","@id":"https:\/\/anoticiaonline.com.br\/site\/sede-propria-da-escola-e-praca-serao-inauguradas-na-comemoracao-dos-122-anos-de-macuco\/#listItem","name":"Sede pr\u00f3pria da escola e pra\u00e7a ser\u00e3o inauguradas na comemora\u00e7\u00e3o dos 122 anos de Macuco"},"previousItem":{"@type":"ListItem","@id":"https:\/\/anoticiaonline.com.br\/site#listItem","name":"Home"}},{"@type":"ListItem","@id":"https:\/\/anoticiaonline.com.br\/site\/sede-propria-da-escola-e-praca-serao-inauguradas-na-comemoracao-dos-122-anos-de-macuco\/#listItem","position":3,"name":"Sede pr\u00f3pria da escola e pra\u00e7a ser\u00e3o inauguradas na comemora\u00e7\u00e3o dos 122 anos de Macuco","previousItem":{"@type":"ListItem","@id":"https:\/\/anoticiaonline.com.br\/site\/categoria\/muriae\/#listItem","name":"Blog"}}]},{"@type":"Organization","@id":"https:\/\/anoticiaonline.com.br\/site\/#organization","name":"A Not\u00edcia Online","description":"Noticias de Muria\u00e9 e regi\u00e3o","url":"https:\/\/anoticiaonline.com.br\/site\/","logo":{"@type":"ImageObject","url":"https:\/\/scontent-gig4-1.xx.fbcdn.net\/v\/t39.30808-1\/270437624_4564083193639691_6907940295614233970_n.jpg?stp=dst-jpg_s200x200_tt6&_nc_cat=111&ccb=1-7&_nc_sid=f907e8&_nc_ohc=SM1wRlP3lJwQ7kNvwEPuBYA&_nc_oc=AdnqrjDN_BNjSSHWO-GbkIWH6fkGMLw4bqvL_NH6e2wMveX7G-rP2dAqsDSq1mJMOaY&_nc_zt=24&_nc_ht=scontent-gig4-1.xx&_nc_gid=AoBFJeGrT1hVaew_6rchkQ&oh=00_AfX7QmFGhQhG2jAllVgXCiM1ZrWgvtp80-Bfppyexh1QEg&oe=689E923C","@id":"https:\/\/anoticiaonline.com.br\/site\/sede-propria-da-escola-e-praca-serao-inauguradas-na-comemoracao-dos-122-anos-de-macuco\/#organizationLogo"},"image":{"@id":"https:\/\/anoticiaonline.com.br\/site\/sede-propria-da-escola-e-praca-serao-inauguradas-na-comemoracao-dos-122-anos-de-macuco\/#organizationLogo"}},{"@type":"Person","@id":"https:\/\/anoticiaonline.com.br\/site\/author\/juliana\/#author","url":"https:\/\/anoticiaonline.com.br\/site\/author\/juliana\/","name":"Juliana Laviola","image":{"@type":"ImageObject","@id":"https:\/\/anoticiaonline.com.br\/site\/sede-propria-da-escola-e-praca-serao-inauguradas-na-comemoracao-dos-122-anos-de-macuco\/#authorImage","url":"https:\/\/secure.gravatar.com\/avatar\/b8d45f5c699b100dfaf0e543582f38f38bf94cb7ae3a5e9abf8d891a34773335?s=96&d=mm&r=g","width":96,"height":96,"caption":"Juliana Laviola"}},{"@type":"WebPage","@id":"https:\/\/anoticiaonline.com.br\/site\/sede-propria-da-escola-e-praca-serao-inauguradas-na-comemoracao-dos-122-anos-de-macuco\/#webpage","url":"https:\/\/anoticiaonline.com.br\/site\/sede-propria-da-escola-e-praca-serao-inauguradas-na-comemoracao-dos-122-anos-de-macuco\/","name":"Sede pr\u00f3pria da escola e pra\u00e7a ser\u00e3o inauguradas na comemora\u00e7\u00e3o dos 122 anos de Macuco - A Not\u00edcia Online","description":"Uma sede pr\u00f3pria para a escola-creche e a reestrutura\u00e7\u00e3o da pra\u00e7a de lazer do distrito de Macuco ser\u00e3o inauguradas neste s\u00e1bado (30) pela Prefeitura de Muria\u00e9, juntamente com a festa de comemora\u00e7\u00e3o dos 122 anos de funda\u00e7\u00e3o da localidade. O evento iniciar\u00e1 \u00e0s 13 horas, com o \u201cMutir\u00e3o da Cidadania\u201d. A Escola Municipal Dejanira Passoni","inLanguage":"pt-BR","isPartOf":{"@id":"https:\/\/anoticiaonline.com.br\/site\/#website"},"breadcrumb":{"@id":"https:\/\/anoticiaonline.com.br\/site\/sede-propria-da-escola-e-praca-serao-inauguradas-na-comemoracao-dos-122-anos-de-macuco\/#breadcrumblist"},"author":{"@id":"https:\/\/anoticiaonline.com.br\/site\/author\/juliana\/#author"},"creator":{"@id":"https:\/\/anoticiaonline.com.br\/site\/author\/juliana\/#author"},"image":{"@type":"ImageObject","url":"https:\/\/anoticiaonline.com.br\/site\/wp-content\/uploads\/2016\/04\/Sede-pr\u00f3pria-da-escola-e-pra\u00e7a-ser\u00e3o-inauguradas-na-comemora\u00e7\u00e3o-dos-122-anos-de-Macuco.jpg","@id":"https:\/\/anoticiaonline.com.br\/site\/sede-propria-da-escola-e-praca-serao-inauguradas-na-comemoracao-dos-122-anos-de-macuco\/#mainImage","width":640,"height":426,"caption":"Escola Municipal Dejanira Passoni de Oliveira"},"primaryImageOfPage":{"@id":"https:\/\/anoticiaonline.com.br\/site\/sede-propria-da-escola-e-praca-serao-inauguradas-na-comemoracao-dos-122-anos-de-macuco\/#mainImage"},"datePublished":"2016-04-27T07:00:34-03:00","dateModified":"2016-04-26T17:08:00-03:00"},{"@type":"WebSite","@id":"https:\/\/anoticiaonline.com.br\/site\/#website","url":"https:\/\/anoticiaonline.com.br\/site\/","name":"A Not\u00edcia Online","description":"Noticias de Muria\u00e9 e regi\u00e3o","inLanguage":"pt-BR","publisher":{"@id":"https:\/\/anoticiaonline.com.br\/site\/#organization"}}]},"og:locale":"pt_BR","og:site_name":"A Not\u00edcia Online - Noticias de Muria\u00e9 e regi\u00e3o","og:type":"article","og:title":"Sede pr\u00f3pria da escola e pra\u00e7a ser\u00e3o inauguradas na comemora\u00e7\u00e3o dos 122 anos de Macuco - A Not\u00edcia Online","og:description":"Uma sede pr\u00f3pria para a escola-creche e a reestrutura\u00e7\u00e3o da pra\u00e7a de lazer do distrito de Macuco ser\u00e3o inauguradas neste s\u00e1bado (30) pela Prefeitura de Muria\u00e9, juntamente com a festa de comemora\u00e7\u00e3o dos 122 anos de funda\u00e7\u00e3o da localidade. O evento iniciar\u00e1 \u00e0s 13 horas, com o \u201cMutir\u00e3o da Cidadania\u201d. A Escola Municipal Dejanira Passoni","og:url":"https:\/\/anoticiaonline.com.br\/site\/sede-propria-da-escola-e-praca-serao-inauguradas-na-comemoracao-dos-122-anos-de-macuco\/","og:image":"https:\/\/scontent-gig4-1.xx.fbcdn.net\/v\/t39.30808-1\/270437624_4564083193639691_6907940295614233970_n.jpg?stp=dst-jpg_s200x200_tt6&#038;_nc_cat=111&#038;ccb=1-7&#038;_nc_sid=f907e8&#038;_nc_ohc=SM1wRlP3lJwQ7kNvwEPuBYA&#038;_nc_oc=AdnqrjDN_BNjSSHWO-GbkIWH6fkGMLw4bqvL_NH6e2wMveX7G-rP2dAqsDSq1mJMOaY&#038;_nc_zt=24&#038;_nc_ht=scontent-gig4-1.xx&#038;_nc_gid=AoBFJeGrT1hVaew_6rchkQ&#038;oh=00_AfX7QmFGhQhG2jAllVgXCiM1ZrWgvtp80-Bfppyexh1QEg&#038;oe=689E923C","og:image:secure_url":"https:\/\/scontent-gig4-1.xx.fbcdn.net\/v\/t39.30808-1\/270437624_4564083193639691_6907940295614233970_n.jpg?stp=dst-jpg_s200x200_tt6&#038;_nc_cat=111&#038;ccb=1-7&#038;_nc_sid=f907e8&#038;_nc_ohc=SM1wRlP3lJwQ7kNvwEPuBYA&#038;_nc_oc=AdnqrjDN_BNjSSHWO-GbkIWH6fkGMLw4bqvL_NH6e2wMveX7G-rP2dAqsDSq1mJMOaY&#038;_nc_zt=24&#038;_nc_ht=scontent-gig4-1.xx&#038;_nc_gid=AoBFJeGrT1hVaew_6rchkQ&#038;oh=00_AfX7QmFGhQhG2jAllVgXCiM1ZrWgvtp80-Bfppyexh1QEg&#038;oe=689E923C","article:published_time":"2016-04-27T10:00:34+00:00","article:modified_time":"2016-04-26T20:08:00+00:00","twitter:card":"summary_large_image","twitter:title":"Sede pr\u00f3pria da escola e pra\u00e7a ser\u00e3o inauguradas na comemora\u00e7\u00e3o dos 122 anos de Macuco - A Not\u00edcia Online","twitter:description":"Uma sede pr\u00f3pria para a escola-creche e a reestrutura\u00e7\u00e3o da pra\u00e7a de lazer do distrito de Macuco ser\u00e3o inauguradas neste s\u00e1bado (30) pela Prefeitura de Muria\u00e9, juntamente com a festa de comemora\u00e7\u00e3o dos 122 anos de funda\u00e7\u00e3o da localidade. O evento iniciar\u00e1 \u00e0s 13 horas, com o \u201cMutir\u00e3o da Cidadania\u201d. A Escola Municipal Dejanira Passoni","twitter:image":"https:\/\/scontent-gig4-1.xx.fbcdn.net\/v\/t39.30808-1\/270437624_4564083193639691_6907940295614233970_n.jpg?stp=dst-jpg_s200x200_tt6&_nc_cat=111&ccb=1-7&_nc_sid=f907e8&_nc_ohc=SM1wRlP3lJwQ7kNvwEPuBYA&_nc_oc=AdnqrjDN_BNjSSHWO-GbkIWH6fkGMLw4bqvL_NH6e2wMveX7G-rP2dAqsDSq1mJMOaY&_nc_zt=24&_nc_ht=scontent-gig4-1.xx&_nc_gid=AoBFJeGrT1hVaew_6rchkQ&oh=00_AfX7QmFGhQhG2jAllVgXCiM1ZrWgvtp80-Bfppyexh1QEg&oe=689E923C"},"aioseo_meta_data":{"post_id":"12467","title":null,"description":null,"keywords":null,"keyphrases":null,"primary_term":null,"canonical_url":null,"og_title":null,"og_description":null,"og_object_type":"default","og_image_type":"default","og_image_url":null,"og_image_width":null,"og_image_height":null,"og_image_custom_url":null,"og_image_custom_fields":null,"og_video":null,"og_custom_url":null,"og_article_section":null,"og_article_tags":null,"twitter_use_og":false,"twitter_card":"default","twitter_image_type":"default","twitter_image_url":null,"twitter_image_custom_url":null,"twitter_image_custom_fields":null,"twitter_title":null,"twitter_description":null,"schema":{"blockGraphs":[],"customGraphs":[],"default":{"data":{"Article":[],"Course":[],"Dataset":[],"FAQPage":[],"Movie":[],"Person":[],"Product":[],"ProductReview":[],"Car":[],"Recipe":[],"Service":[],"SoftwareApplication":[],"WebPage":[]},"graphName":"","isEnabled":true},"graphs":[]},"schema_type":"default","schema_type_options":null,"pillar_content":false,"robots_default":true,"robots_noindex":false,"robots_noarchive":false,"robots_nosnippet":false,"robots_nofollow":false,"robots_noimageindex":false,"robots_noodp":false,"robots_notranslate":false,"robots_max_snippet":null,"robots_max_videopreview":null,"robots_max_imagepreview":"large","priority":null,"frequency":null,"local_seo":null,"breadcrumb_settings":null,"limit_modified_date":false,"ai":null,"created":"2025-08-16 15:52:40","updated":"2025-08-16 15:52:40","focus_keyword":null,"additional_keywords":null,"truseo_locale":null,"seo_analyzer_scan_date":null},"aioseo_breadcrumb":"<div class=\"aioseo-breadcrumbs\"><span class=\"aioseo-breadcrumb\">\n\t\t\t<a href=\"https:\/\/anoticiaonline.com.br\/site\" title=\"Home\">Home<\/a>\n\t\t<\/span><span class=\"aioseo-breadcrumb-separator\">&raquo;<\/span><span class=\"aioseo-breadcrumb\">\n\t\t\t<a href=\"https:\/\/anoticiaonline.com.br\/site\/categoria\/muriae\/\" title=\"Blog\">Blog<\/a>\n\t\t<\/span><span class=\"aioseo-breadcrumb-separator\">&raquo;<\/span><span class=\"aioseo-breadcrumb\">\n\t\t\tSede pr\u00f3pria da escola e pra\u00e7a ser\u00e3o inauguradas na comemora\u00e7\u00e3o dos 122 anos de Macuco\n\t\t<\/span><\/div>","aioseo_breadcrumb_json":[{"label":"Home","link":"https:\/\/anoticiaonline.com.br\/site"},{"label":"Blog","link":"https:\/\/anoticiaonline.com.br\/site\/categoria\/muriae\/"},{"label":"Sede pr\u00f3pria da escola e pra\u00e7a ser\u00e3o inauguradas na comemora\u00e7\u00e3o dos 122 anos de Macuco","link":"https:\/\/anoticiaonline.com.br\/site\/sede-propria-da-escola-e-praca-serao-inauguradas-na-comemoracao-dos-122-anos-de-macuco\/"}],"views":109,"_links":{"self":[{"href":"https:\/\/anoticiaonline.com.br\/site\/wp-json\/wp\/v2\/posts\/12467","targetHints":{"allow":["GET"]}}],"collection":[{"href":"https:\/\/anoticiaonline.com.br\/site\/wp-json\/wp\/v2\/posts"}],"about":[{"href":"https:\/\/anoticiaonline.com.br\/site\/wp-json\/wp\/v2\/types\/post"}],"author":[{"embeddable":true,"href":"https:\/\/anoticiaonline.com.br\/site\/wp-json\/wp\/v2\/users\/2"}],"replies":[{"embeddable":true,"href":"https:\/\/anoticiaonline.com.br\/site\/wp-json\/wp\/v2\/comments?post=12467"}],"version-history":[{"count":0,"href":"https:\/\/anoticiaonline.com.br\/site\/wp-json\/wp\/v2\/posts\/12467\/revisions"}],"wp:featuredmedia":[{"embeddable":true,"href":"https:\/\/anoticiaonline.com.br\/site\/wp-json\/wp\/v2\/media\/12468"}],"wp:attachment":[{"href":"https:\/\/anoticiaonline.com.br\/site\/wp-json\/wp\/v2\/media?parent=12467"}],"wp:term":[{"taxonomy":"category","embeddable":true,"href":"https:\/\/anoticiaonline.com.br\/site\/wp-json\/wp\/v2\/categories?post=12467"},{"taxonomy":"post_tag","embeddable":true,"href":"https:\/\/anoticiaonline.com.br\/site\/wp-json\/wp\/v2\/tags?post=12467"}],"curies":[{"name":"wp","href":"https:\/\/api.w.org\/{rel}","templated":true}]}}