{"id":12453,"date":"2016-04-26T10:36:46","date_gmt":"2016-04-26T13:36:46","guid":{"rendered":"http:\/\/anoticiaonline.com.br\/site\/?p=12453"},"modified":"2016-04-26T10:36:46","modified_gmt":"2016-04-26T13:36:46","slug":"prazo-para-emitir-ou-transferir-titulo-eleitoral-termina-no-dia-4-de-maio","status":"publish","type":"post","link":"https:\/\/anoticiaonline.com.br\/site\/prazo-para-emitir-ou-transferir-titulo-eleitoral-termina-no-dia-4-de-maio\/","title":{"rendered":"Prazo para emitir ou transferir t\u00edtulo eleitoral termina no dia 4 de maio"},"content":{"rendered":"<p><a href=\"https:\/\/anoticiaonline.com.br\/site\/wp-content\/uploads\/2016\/04\/Prazo-para-emitir-ou-transferir-t\u00edtulo-eleitoral-termina-no-dia-4-de-maio.jpg\"><img fetchpriority=\"high\" decoding=\"async\" class=\" size-medium wp-image-12454 alignleft\" src=\"https:\/\/anoticiaonline.com.br\/site\/wp-content\/uploads\/2016\/04\/Prazo-para-emitir-ou-transferir-t\u00edtulo-eleitoral-termina-no-dia-4-de-maio-300x194.jpg\" alt=\"Prazo para emitir ou transferir t\u00edtulo eleitoral termina no dia 4 de maio\" width=\"300\" height=\"194\" srcset=\"https:\/\/anoticiaonline.com.br\/site\/wp-content\/uploads\/2016\/04\/Prazo-para-emitir-ou-transferir-t\u00edtulo-eleitoral-termina-no-dia-4-de-maio-300x194.jpg 300w, https:\/\/anoticiaonline.com.br\/site\/wp-content\/uploads\/2016\/04\/Prazo-para-emitir-ou-transferir-t\u00edtulo-eleitoral-termina-no-dia-4-de-maio.jpg 640w\" sizes=\"(max-width: 300px) 100vw, 300px\" \/><\/a>O prazo para emitir o t\u00edtulo de eleitor, transferir o documento ou proceder a quita\u00e7\u00e3o eleitoral termina no dia 4 de maio. Depois desta data at\u00e9 o processamento e resultado das elei\u00e7\u00f5es, o cadastro eleitoral \u00e9 suspenso para atendimento.<\/p>\n<p>\u201cPor isso, depois do dia 4, o eleitor n\u00e3o conseguir\u00e1 regularizar a sua situa\u00e7\u00e3o. Para retirar passaporte ou tomar posse em concurso p\u00fablico, por exemplo, o eleitor deve estar quite com a Justi\u00e7a Eleitoral\u201d, explica a chefe do Cart\u00f3rio Eleitoral da Comarca de Muria\u00e9, Polyana Karine Pereira Machado.<\/p>\n<p>Para proporcionar mais op\u00e7\u00f5es de hor\u00e1rio para os eleitores que precisam transferir o domic\u00edlio eleitoral ou emitir o t\u00edtulo, o cart\u00f3rio est\u00e1 trabalhando em regime de plant\u00e3o, inclusive aos finais de semana. Neste s\u00e1bado e domingo (30 e 1\u00ba), o atendimento acontecer\u00e1 de 12h \u00e0s 18h. \u201c\u00c9 importante que as pessoas n\u00e3o deixem para os \u00faltimos dias para regularizarem sua situa\u00e7\u00e3o, pois a fila \u00e9 cansativa. Se o eleitor vier ao cart\u00f3rio nesse tempo de menor demanda, ele \u00e9 atendido mais rapidamente\u201d, alerta Polyana Machado.<\/p>\n<p>Em Muria\u00e9, o Cart\u00f3rio Eleitoral funciona no F\u00f3rum Tabeli\u00e3o Pacheco de Medeiros, situado na Rua Presidente Arthur Bernardes, Centro. O hor\u00e1rio de funcionamento \u00e9 de 12h \u00e0s 18h. O telefone de contato \u00e9 (32) 3722-2771.<\/p>\n<p>Podem emitir o t\u00edtulo brasileiros que j\u00e1 tenham 16 anos, ou que ir\u00e3o complet\u00e1-los at\u00e9 a data do primeiro turno (2 de outubro). Os documentos necess\u00e1rios s\u00e3o: documento de identidade original com foto (n\u00e3o ser\u00e3o aceitos carteira de habilita\u00e7\u00e3o e passaporte), comprovante de endere\u00e7o recente, e para os brasileiros maiores de 18 anos do sexo masculino \u00e9 exigido, ainda, comprovante de quita\u00e7\u00e3o com o servi\u00e7o militar.<\/p>\n<p>Para pedir a transfer\u00eancia do domic\u00edlio eleitoral, o eleitor deve procurar o cart\u00f3rio de sua nova resid\u00eancia portando o t\u00edtulo, se ainda o possuir, um documento de identidade original com foto e comprovante de resid\u00eancia.<\/p>\n<p>Nos dois casos \u00e9 necess\u00e1rio apresentar original e c\u00f3pia dos documentos exigidos.<\/p>\n<p>A data limite serve tamb\u00e9m para os eleitores que tiverem outros tipos de pend\u00eancias, como terem ficado tr\u00eas vezes sem votar ou se justificar.<\/p>\n<p><strong>NOVA SE\u00c7\u00c3O ELEITORAL \u2013<\/strong> A se\u00e7\u00e3o eleitoral do bairro Santo Ant\u00f4nio foi reativada. Os moradores que tiverem interesse em votar nesse bairro podem comparecer ao Cart\u00f3rio Eleitoral para transferirem o t\u00edtulo. \u201cHavia uma se\u00e7\u00e3o eleitoral no bairro Santo Ant\u00f4nio e essa se\u00e7\u00e3o foi inativada. Agora, n\u00f3s a reativamos\u201d, conta a chefe do cart\u00f3rio eleitoral.<\/p>\n","protected":false},"excerpt":{"rendered":"<p>O prazo para emitir o t\u00edtulo de eleitor, transferir o documento ou proceder a quita\u00e7\u00e3o eleitoral termina no dia 4 de maio. Depois desta data at\u00e9 o processamento e resultado das elei\u00e7\u00f5es, o cadastro eleitoral \u00e9 suspenso para atendimento. \u201cPor isso, depois do dia 4, o eleitor n\u00e3o conseguir\u00e1 regularizar a sua situa\u00e7\u00e3o. Para retirar &#8230; <a title=\"Prazo para emitir ou transferir t\u00edtulo eleitoral termina no dia 4 de maio\" class=\"read-more\" href=\"https:\/\/anoticiaonline.com.br\/site\/prazo-para-emitir-ou-transferir-titulo-eleitoral-termina-no-dia-4-de-maio\/\" aria-label=\"Read more about Prazo para emitir ou transferir t\u00edtulo eleitoral termina no dia 4 de maio\">Ler mais<\/a><\/p>\n","protected":false},"author":2,"featured_media":12454,"comment_status":"open","ping_status":"open","sticky":false,"template":"","format":"standard","meta":{"_acf_changed":false,"_monsterinsights_skip_tracking":false,"footnotes":""},"categories":[30],"tags":[3],"class_list":["post-12453","post","type-post","status-publish","format-standard","has-post-thumbnail","hentry","category-muriae","tag-slide"],"acf":[],"aioseo_notices":[],"aioseo_head":"\n\t\t<!-- All in One SEO 5.0.0.1 - aioseo.com -->\n\t<meta name=\"description\" content=\"O prazo para emitir o t\u00edtulo de eleitor, transferir o documento ou proceder a quita\u00e7\u00e3o eleitoral termina no dia 4 de maio. Depois desta data at\u00e9 o processamento e resultado das elei\u00e7\u00f5es, o cadastro eleitoral \u00e9 suspenso para atendimento. \u201cPor isso, depois do dia 4, o eleitor n\u00e3o conseguir\u00e1 regularizar a sua situa\u00e7\u00e3o. Para retirar\" \/>\n\t<meta name=\"robots\" content=\"max-image-preview:large\" \/>\n\t<meta name=\"author\" content=\"Juliana Laviola\"\/>\n\t<link rel=\"canonical\" href=\"https:\/\/anoticiaonline.com.br\/site\/prazo-para-emitir-ou-transferir-titulo-eleitoral-termina-no-dia-4-de-maio\/\" \/>\n\t<meta name=\"generator\" content=\"All in One SEO (AIOSEO) 5.0.0.1\" \/>\n\t\t<meta property=\"og:locale\" content=\"pt_BR\" \/>\n\t\t<meta property=\"og:site_name\" content=\"A Not\u00edcia Online - Noticias de Muria\u00e9 e regi\u00e3o\" \/>\n\t\t<meta property=\"og:type\" content=\"article\" \/>\n\t\t<meta property=\"og:title\" content=\"Prazo para emitir ou transferir t\u00edtulo eleitoral termina no dia 4 de maio - A Not\u00edcia Online\" \/>\n\t\t<meta property=\"og:description\" content=\"O prazo para emitir o t\u00edtulo de eleitor, transferir o documento ou proceder a quita\u00e7\u00e3o eleitoral termina no dia 4 de maio. Depois desta data at\u00e9 o processamento e resultado das elei\u00e7\u00f5es, o cadastro eleitoral \u00e9 suspenso para atendimento. \u201cPor isso, depois do dia 4, o eleitor n\u00e3o conseguir\u00e1 regularizar a sua situa\u00e7\u00e3o. Para retirar\" \/>\n\t\t<meta property=\"og:url\" content=\"https:\/\/anoticiaonline.com.br\/site\/prazo-para-emitir-ou-transferir-titulo-eleitoral-termina-no-dia-4-de-maio\/\" \/>\n\t\t<meta property=\"og:image\" content=\"https:\/\/scontent-gig4-1.xx.fbcdn.net\/v\/t39.30808-1\/270437624_4564083193639691_6907940295614233970_n.jpg?stp=dst-jpg_s200x200_tt6&#038;_nc_cat=111&#038;ccb=1-7&#038;_nc_sid=f907e8&#038;_nc_ohc=SM1wRlP3lJwQ7kNvwEPuBYA&#038;_nc_oc=AdnqrjDN_BNjSSHWO-GbkIWH6fkGMLw4bqvL_NH6e2wMveX7G-rP2dAqsDSq1mJMOaY&#038;_nc_zt=24&#038;_nc_ht=scontent-gig4-1.xx&#038;_nc_gid=AoBFJeGrT1hVaew_6rchkQ&#038;oh=00_AfX7QmFGhQhG2jAllVgXCiM1ZrWgvtp80-Bfppyexh1QEg&#038;oe=689E923C\" \/>\n\t\t<meta property=\"og:image:secure_url\" content=\"https:\/\/scontent-gig4-1.xx.fbcdn.net\/v\/t39.30808-1\/270437624_4564083193639691_6907940295614233970_n.jpg?stp=dst-jpg_s200x200_tt6&#038;_nc_cat=111&#038;ccb=1-7&#038;_nc_sid=f907e8&#038;_nc_ohc=SM1wRlP3lJwQ7kNvwEPuBYA&#038;_nc_oc=AdnqrjDN_BNjSSHWO-GbkIWH6fkGMLw4bqvL_NH6e2wMveX7G-rP2dAqsDSq1mJMOaY&#038;_nc_zt=24&#038;_nc_ht=scontent-gig4-1.xx&#038;_nc_gid=AoBFJeGrT1hVaew_6rchkQ&#038;oh=00_AfX7QmFGhQhG2jAllVgXCiM1ZrWgvtp80-Bfppyexh1QEg&#038;oe=689E923C\" \/>\n\t\t<meta property=\"article:published_time\" content=\"2016-04-26T13:36:46+00:00\" \/>\n\t\t<meta property=\"article:modified_time\" content=\"2016-04-26T13:36:46+00:00\" \/>\n\t\t<meta name=\"twitter:card\" content=\"summary_large_image\" \/>\n\t\t<meta name=\"twitter:title\" content=\"Prazo para emitir ou transferir t\u00edtulo eleitoral termina no dia 4 de maio - A Not\u00edcia Online\" \/>\n\t\t<meta name=\"twitter:description\" content=\"O prazo para emitir o t\u00edtulo de eleitor, transferir o documento ou proceder a quita\u00e7\u00e3o eleitoral termina no dia 4 de maio. Depois desta data at\u00e9 o processamento e resultado das elei\u00e7\u00f5es, o cadastro eleitoral \u00e9 suspenso para atendimento. \u201cPor isso, depois do dia 4, o eleitor n\u00e3o conseguir\u00e1 regularizar a sua situa\u00e7\u00e3o. Para retirar\" \/>\n\t\t<meta name=\"twitter:image\" content=\"https:\/\/scontent-gig4-1.xx.fbcdn.net\/v\/t39.30808-1\/270437624_4564083193639691_6907940295614233970_n.jpg?stp=dst-jpg_s200x200_tt6&amp;_nc_cat=111&amp;ccb=1-7&amp;_nc_sid=f907e8&amp;_nc_ohc=SM1wRlP3lJwQ7kNvwEPuBYA&amp;_nc_oc=AdnqrjDN_BNjSSHWO-GbkIWH6fkGMLw4bqvL_NH6e2wMveX7G-rP2dAqsDSq1mJMOaY&amp;_nc_zt=24&amp;_nc_ht=scontent-gig4-1.xx&amp;_nc_gid=AoBFJeGrT1hVaew_6rchkQ&amp;oh=00_AfX7QmFGhQhG2jAllVgXCiM1ZrWgvtp80-Bfppyexh1QEg&amp;oe=689E923C\" \/>\n\t\t<script type=\"application\/ld+json\" class=\"aioseo-schema\">\n\t\t\t{\"@context\":\"https:\\\/\\\/schema.org\",\"@graph\":[{\"@type\":\"BlogPosting\",\"@id\":\"https:\\\/\\\/anoticiaonline.com.br\\\/site\\\/prazo-para-emitir-ou-transferir-titulo-eleitoral-termina-no-dia-4-de-maio\\\/#blogposting\",\"name\":\"Prazo para emitir ou transferir t\\u00edtulo eleitoral termina no dia 4 de maio - A Not\\u00edcia Online\",\"headline\":\"Prazo para emitir ou transferir t\\u00edtulo eleitoral termina no dia 4 de maio\",\"author\":{\"@id\":\"https:\\\/\\\/anoticiaonline.com.br\\\/site\\\/author\\\/juliana\\\/#author\"},\"publisher\":{\"@id\":\"https:\\\/\\\/anoticiaonline.com.br\\\/site\\\/#organization\"},\"image\":{\"@type\":\"ImageObject\",\"url\":\"https:\\\/\\\/anoticiaonline.com.br\\\/site\\\/wp-content\\\/uploads\\\/2016\\\/04\\\/Prazo-para-emitir-ou-transferir-t\\u00edtulo-eleitoral-termina-no-dia-4-de-maio.jpg\",\"width\":640,\"height\":414},\"datePublished\":\"2016-04-26T10:36:46-03:00\",\"dateModified\":\"2016-04-26T10:36:46-03:00\",\"inLanguage\":\"pt-BR\",\"mainEntityOfPage\":{\"@id\":\"https:\\\/\\\/anoticiaonline.com.br\\\/site\\\/prazo-para-emitir-ou-transferir-titulo-eleitoral-termina-no-dia-4-de-maio\\\/#webpage\"},\"isPartOf\":{\"@id\":\"https:\\\/\\\/anoticiaonline.com.br\\\/site\\\/prazo-para-emitir-ou-transferir-titulo-eleitoral-termina-no-dia-4-de-maio\\\/#webpage\"},\"articleSection\":\"Blog, slide\"},{\"@type\":\"BreadcrumbList\",\"@id\":\"https:\\\/\\\/anoticiaonline.com.br\\\/site\\\/prazo-para-emitir-ou-transferir-titulo-eleitoral-termina-no-dia-4-de-maio\\\/#breadcrumblist\",\"itemListElement\":[{\"@type\":\"ListItem\",\"@id\":\"https:\\\/\\\/anoticiaonline.com.br\\\/site#listItem\",\"position\":1,\"name\":\"Home\",\"item\":\"https:\\\/\\\/anoticiaonline.com.br\\\/site\",\"nextItem\":{\"@type\":\"ListItem\",\"@id\":\"https:\\\/\\\/anoticiaonline.com.br\\\/site\\\/categoria\\\/muriae\\\/#listItem\",\"name\":\"Blog\"}},{\"@type\":\"ListItem\",\"@id\":\"https:\\\/\\\/anoticiaonline.com.br\\\/site\\\/categoria\\\/muriae\\\/#listItem\",\"position\":2,\"name\":\"Blog\",\"item\":\"https:\\\/\\\/anoticiaonline.com.br\\\/site\\\/categoria\\\/muriae\\\/\",\"nextItem\":{\"@type\":\"ListItem\",\"@id\":\"https:\\\/\\\/anoticiaonline.com.br\\\/site\\\/prazo-para-emitir-ou-transferir-titulo-eleitoral-termina-no-dia-4-de-maio\\\/#listItem\",\"name\":\"Prazo para emitir ou transferir t\\u00edtulo eleitoral termina no dia 4 de maio\"},\"previousItem\":{\"@type\":\"ListItem\",\"@id\":\"https:\\\/\\\/anoticiaonline.com.br\\\/site#listItem\",\"name\":\"Home\"}},{\"@type\":\"ListItem\",\"@id\":\"https:\\\/\\\/anoticiaonline.com.br\\\/site\\\/prazo-para-emitir-ou-transferir-titulo-eleitoral-termina-no-dia-4-de-maio\\\/#listItem\",\"position\":3,\"name\":\"Prazo para emitir ou transferir t\\u00edtulo eleitoral termina no dia 4 de maio\",\"previousItem\":{\"@type\":\"ListItem\",\"@id\":\"https:\\\/\\\/anoticiaonline.com.br\\\/site\\\/categoria\\\/muriae\\\/#listItem\",\"name\":\"Blog\"}}]},{\"@type\":\"Organization\",\"@id\":\"https:\\\/\\\/anoticiaonline.com.br\\\/site\\\/#organization\",\"name\":\"A Not\\u00edcia Online\",\"description\":\"Noticias de Muria\\u00e9 e regi\\u00e3o\",\"url\":\"https:\\\/\\\/anoticiaonline.com.br\\\/site\\\/\",\"logo\":{\"@type\":\"ImageObject\",\"url\":\"https:\\\/\\\/scontent-gig4-1.xx.fbcdn.net\\\/v\\\/t39.30808-1\\\/270437624_4564083193639691_6907940295614233970_n.jpg?stp=dst-jpg_s200x200_tt6&_nc_cat=111&ccb=1-7&_nc_sid=f907e8&_nc_ohc=SM1wRlP3lJwQ7kNvwEPuBYA&_nc_oc=AdnqrjDN_BNjSSHWO-GbkIWH6fkGMLw4bqvL_NH6e2wMveX7G-rP2dAqsDSq1mJMOaY&_nc_zt=24&_nc_ht=scontent-gig4-1.xx&_nc_gid=AoBFJeGrT1hVaew_6rchkQ&oh=00_AfX7QmFGhQhG2jAllVgXCiM1ZrWgvtp80-Bfppyexh1QEg&oe=689E923C\",\"@id\":\"https:\\\/\\\/anoticiaonline.com.br\\\/site\\\/prazo-para-emitir-ou-transferir-titulo-eleitoral-termina-no-dia-4-de-maio\\\/#organizationLogo\"},\"image\":{\"@id\":\"https:\\\/\\\/anoticiaonline.com.br\\\/site\\\/prazo-para-emitir-ou-transferir-titulo-eleitoral-termina-no-dia-4-de-maio\\\/#organizationLogo\"}},{\"@type\":\"Person\",\"@id\":\"https:\\\/\\\/anoticiaonline.com.br\\\/site\\\/author\\\/juliana\\\/#author\",\"url\":\"https:\\\/\\\/anoticiaonline.com.br\\\/site\\\/author\\\/juliana\\\/\",\"name\":\"Juliana Laviola\",\"image\":{\"@type\":\"ImageObject\",\"@id\":\"https:\\\/\\\/anoticiaonline.com.br\\\/site\\\/prazo-para-emitir-ou-transferir-titulo-eleitoral-termina-no-dia-4-de-maio\\\/#authorImage\",\"url\":\"https:\\\/\\\/secure.gravatar.com\\\/avatar\\\/b8d45f5c699b100dfaf0e543582f38f38bf94cb7ae3a5e9abf8d891a34773335?s=96&d=mm&r=g\",\"width\":96,\"height\":96,\"caption\":\"Juliana Laviola\"}},{\"@type\":\"WebPage\",\"@id\":\"https:\\\/\\\/anoticiaonline.com.br\\\/site\\\/prazo-para-emitir-ou-transferir-titulo-eleitoral-termina-no-dia-4-de-maio\\\/#webpage\",\"url\":\"https:\\\/\\\/anoticiaonline.com.br\\\/site\\\/prazo-para-emitir-ou-transferir-titulo-eleitoral-termina-no-dia-4-de-maio\\\/\",\"name\":\"Prazo para emitir ou transferir t\\u00edtulo eleitoral termina no dia 4 de maio - A Not\\u00edcia Online\",\"description\":\"O prazo para emitir o t\\u00edtulo de eleitor, transferir o documento ou proceder a quita\\u00e7\\u00e3o eleitoral termina no dia 4 de maio. Depois desta data at\\u00e9 o processamento e resultado das elei\\u00e7\\u00f5es, o cadastro eleitoral \\u00e9 suspenso para atendimento. \\u201cPor isso, depois do dia 4, o eleitor n\\u00e3o conseguir\\u00e1 regularizar a sua situa\\u00e7\\u00e3o. Para retirar\",\"inLanguage\":\"pt-BR\",\"isPartOf\":{\"@id\":\"https:\\\/\\\/anoticiaonline.com.br\\\/site\\\/#website\"},\"breadcrumb\":{\"@id\":\"https:\\\/\\\/anoticiaonline.com.br\\\/site\\\/prazo-para-emitir-ou-transferir-titulo-eleitoral-termina-no-dia-4-de-maio\\\/#breadcrumblist\"},\"author\":{\"@id\":\"https:\\\/\\\/anoticiaonline.com.br\\\/site\\\/author\\\/juliana\\\/#author\"},\"creator\":{\"@id\":\"https:\\\/\\\/anoticiaonline.com.br\\\/site\\\/author\\\/juliana\\\/#author\"},\"image\":{\"@type\":\"ImageObject\",\"url\":\"https:\\\/\\\/anoticiaonline.com.br\\\/site\\\/wp-content\\\/uploads\\\/2016\\\/04\\\/Prazo-para-emitir-ou-transferir-t\\u00edtulo-eleitoral-termina-no-dia-4-de-maio.jpg\",\"@id\":\"https:\\\/\\\/anoticiaonline.com.br\\\/site\\\/prazo-para-emitir-ou-transferir-titulo-eleitoral-termina-no-dia-4-de-maio\\\/#mainImage\",\"width\":640,\"height\":414},\"primaryImageOfPage\":{\"@id\":\"https:\\\/\\\/anoticiaonline.com.br\\\/site\\\/prazo-para-emitir-ou-transferir-titulo-eleitoral-termina-no-dia-4-de-maio\\\/#mainImage\"},\"datePublished\":\"2016-04-26T10:36:46-03:00\",\"dateModified\":\"2016-04-26T10:36:46-03:00\"},{\"@type\":\"WebSite\",\"@id\":\"https:\\\/\\\/anoticiaonline.com.br\\\/site\\\/#website\",\"url\":\"https:\\\/\\\/anoticiaonline.com.br\\\/site\\\/\",\"name\":\"A Not\\u00edcia Online\",\"description\":\"Noticias de Muria\\u00e9 e regi\\u00e3o\",\"inLanguage\":\"pt-BR\",\"publisher\":{\"@id\":\"https:\\\/\\\/anoticiaonline.com.br\\\/site\\\/#organization\"}}]}\n\t\t<\/script>\n\t\t<!-- All in One SEO -->\n\n","aioseo_head_json":{"title":"Prazo para emitir ou transferir t\u00edtulo eleitoral termina no dia 4 de maio - A Not\u00edcia Online","description":"O prazo para emitir o t\u00edtulo de eleitor, transferir o documento ou proceder a quita\u00e7\u00e3o eleitoral termina no dia 4 de maio. Depois desta data at\u00e9 o processamento e resultado das elei\u00e7\u00f5es, o cadastro eleitoral \u00e9 suspenso para atendimento. \u201cPor isso, depois do dia 4, o eleitor n\u00e3o conseguir\u00e1 regularizar a sua situa\u00e7\u00e3o. Para retirar","canonical_url":"https:\/\/anoticiaonline.com.br\/site\/prazo-para-emitir-ou-transferir-titulo-eleitoral-termina-no-dia-4-de-maio\/","robots":"max-image-preview:large","keywords":"","webmasterTools":{"miscellaneous":""},"schema":{"@context":"https:\/\/schema.org","@graph":[{"@type":"BlogPosting","@id":"https:\/\/anoticiaonline.com.br\/site\/prazo-para-emitir-ou-transferir-titulo-eleitoral-termina-no-dia-4-de-maio\/#blogposting","name":"Prazo para emitir ou transferir t\u00edtulo eleitoral termina no dia 4 de maio - A Not\u00edcia Online","headline":"Prazo para emitir ou transferir t\u00edtulo eleitoral termina no dia 4 de maio","author":{"@id":"https:\/\/anoticiaonline.com.br\/site\/author\/juliana\/#author"},"publisher":{"@id":"https:\/\/anoticiaonline.com.br\/site\/#organization"},"image":{"@type":"ImageObject","url":"https:\/\/anoticiaonline.com.br\/site\/wp-content\/uploads\/2016\/04\/Prazo-para-emitir-ou-transferir-t\u00edtulo-eleitoral-termina-no-dia-4-de-maio.jpg","width":640,"height":414},"datePublished":"2016-04-26T10:36:46-03:00","dateModified":"2016-04-26T10:36:46-03:00","inLanguage":"pt-BR","mainEntityOfPage":{"@id":"https:\/\/anoticiaonline.com.br\/site\/prazo-para-emitir-ou-transferir-titulo-eleitoral-termina-no-dia-4-de-maio\/#webpage"},"isPartOf":{"@id":"https:\/\/anoticiaonline.com.br\/site\/prazo-para-emitir-ou-transferir-titulo-eleitoral-termina-no-dia-4-de-maio\/#webpage"},"articleSection":"Blog, slide"},{"@type":"BreadcrumbList","@id":"https:\/\/anoticiaonline.com.br\/site\/prazo-para-emitir-ou-transferir-titulo-eleitoral-termina-no-dia-4-de-maio\/#breadcrumblist","itemListElement":[{"@type":"ListItem","@id":"https:\/\/anoticiaonline.com.br\/site#listItem","position":1,"name":"Home","item":"https:\/\/anoticiaonline.com.br\/site","nextItem":{"@type":"ListItem","@id":"https:\/\/anoticiaonline.com.br\/site\/categoria\/muriae\/#listItem","name":"Blog"}},{"@type":"ListItem","@id":"https:\/\/anoticiaonline.com.br\/site\/categoria\/muriae\/#listItem","position":2,"name":"Blog","item":"https:\/\/anoticiaonline.com.br\/site\/categoria\/muriae\/","nextItem":{"@type":"ListItem","@id":"https:\/\/anoticiaonline.com.br\/site\/prazo-para-emitir-ou-transferir-titulo-eleitoral-termina-no-dia-4-de-maio\/#listItem","name":"Prazo para emitir ou transferir t\u00edtulo eleitoral termina no dia 4 de maio"},"previousItem":{"@type":"ListItem","@id":"https:\/\/anoticiaonline.com.br\/site#listItem","name":"Home"}},{"@type":"ListItem","@id":"https:\/\/anoticiaonline.com.br\/site\/prazo-para-emitir-ou-transferir-titulo-eleitoral-termina-no-dia-4-de-maio\/#listItem","position":3,"name":"Prazo para emitir ou transferir t\u00edtulo eleitoral termina no dia 4 de maio","previousItem":{"@type":"ListItem","@id":"https:\/\/anoticiaonline.com.br\/site\/categoria\/muriae\/#listItem","name":"Blog"}}]},{"@type":"Organization","@id":"https:\/\/anoticiaonline.com.br\/site\/#organization","name":"A Not\u00edcia Online","description":"Noticias de Muria\u00e9 e regi\u00e3o","url":"https:\/\/anoticiaonline.com.br\/site\/","logo":{"@type":"ImageObject","url":"https:\/\/scontent-gig4-1.xx.fbcdn.net\/v\/t39.30808-1\/270437624_4564083193639691_6907940295614233970_n.jpg?stp=dst-jpg_s200x200_tt6&_nc_cat=111&ccb=1-7&_nc_sid=f907e8&_nc_ohc=SM1wRlP3lJwQ7kNvwEPuBYA&_nc_oc=AdnqrjDN_BNjSSHWO-GbkIWH6fkGMLw4bqvL_NH6e2wMveX7G-rP2dAqsDSq1mJMOaY&_nc_zt=24&_nc_ht=scontent-gig4-1.xx&_nc_gid=AoBFJeGrT1hVaew_6rchkQ&oh=00_AfX7QmFGhQhG2jAllVgXCiM1ZrWgvtp80-Bfppyexh1QEg&oe=689E923C","@id":"https:\/\/anoticiaonline.com.br\/site\/prazo-para-emitir-ou-transferir-titulo-eleitoral-termina-no-dia-4-de-maio\/#organizationLogo"},"image":{"@id":"https:\/\/anoticiaonline.com.br\/site\/prazo-para-emitir-ou-transferir-titulo-eleitoral-termina-no-dia-4-de-maio\/#organizationLogo"}},{"@type":"Person","@id":"https:\/\/anoticiaonline.com.br\/site\/author\/juliana\/#author","url":"https:\/\/anoticiaonline.com.br\/site\/author\/juliana\/","name":"Juliana Laviola","image":{"@type":"ImageObject","@id":"https:\/\/anoticiaonline.com.br\/site\/prazo-para-emitir-ou-transferir-titulo-eleitoral-termina-no-dia-4-de-maio\/#authorImage","url":"https:\/\/secure.gravatar.com\/avatar\/b8d45f5c699b100dfaf0e543582f38f38bf94cb7ae3a5e9abf8d891a34773335?s=96&d=mm&r=g","width":96,"height":96,"caption":"Juliana Laviola"}},{"@type":"WebPage","@id":"https:\/\/anoticiaonline.com.br\/site\/prazo-para-emitir-ou-transferir-titulo-eleitoral-termina-no-dia-4-de-maio\/#webpage","url":"https:\/\/anoticiaonline.com.br\/site\/prazo-para-emitir-ou-transferir-titulo-eleitoral-termina-no-dia-4-de-maio\/","name":"Prazo para emitir ou transferir t\u00edtulo eleitoral termina no dia 4 de maio - A Not\u00edcia Online","description":"O prazo para emitir o t\u00edtulo de eleitor, transferir o documento ou proceder a quita\u00e7\u00e3o eleitoral termina no dia 4 de maio. Depois desta data at\u00e9 o processamento e resultado das elei\u00e7\u00f5es, o cadastro eleitoral \u00e9 suspenso para atendimento. \u201cPor isso, depois do dia 4, o eleitor n\u00e3o conseguir\u00e1 regularizar a sua situa\u00e7\u00e3o. Para retirar","inLanguage":"pt-BR","isPartOf":{"@id":"https:\/\/anoticiaonline.com.br\/site\/#website"},"breadcrumb":{"@id":"https:\/\/anoticiaonline.com.br\/site\/prazo-para-emitir-ou-transferir-titulo-eleitoral-termina-no-dia-4-de-maio\/#breadcrumblist"},"author":{"@id":"https:\/\/anoticiaonline.com.br\/site\/author\/juliana\/#author"},"creator":{"@id":"https:\/\/anoticiaonline.com.br\/site\/author\/juliana\/#author"},"image":{"@type":"ImageObject","url":"https:\/\/anoticiaonline.com.br\/site\/wp-content\/uploads\/2016\/04\/Prazo-para-emitir-ou-transferir-t\u00edtulo-eleitoral-termina-no-dia-4-de-maio.jpg","@id":"https:\/\/anoticiaonline.com.br\/site\/prazo-para-emitir-ou-transferir-titulo-eleitoral-termina-no-dia-4-de-maio\/#mainImage","width":640,"height":414},"primaryImageOfPage":{"@id":"https:\/\/anoticiaonline.com.br\/site\/prazo-para-emitir-ou-transferir-titulo-eleitoral-termina-no-dia-4-de-maio\/#mainImage"},"datePublished":"2016-04-26T10:36:46-03:00","dateModified":"2016-04-26T10:36:46-03:00"},{"@type":"WebSite","@id":"https:\/\/anoticiaonline.com.br\/site\/#website","url":"https:\/\/anoticiaonline.com.br\/site\/","name":"A Not\u00edcia Online","description":"Noticias de Muria\u00e9 e regi\u00e3o","inLanguage":"pt-BR","publisher":{"@id":"https:\/\/anoticiaonline.com.br\/site\/#organization"}}]},"og:locale":"pt_BR","og:site_name":"A Not\u00edcia Online - Noticias de Muria\u00e9 e regi\u00e3o","og:type":"article","og:title":"Prazo para emitir ou transferir t\u00edtulo eleitoral termina no dia 4 de maio - A Not\u00edcia Online","og:description":"O prazo para emitir o t\u00edtulo de eleitor, transferir o documento ou proceder a quita\u00e7\u00e3o eleitoral termina no dia 4 de maio. Depois desta data at\u00e9 o processamento e resultado das elei\u00e7\u00f5es, o cadastro eleitoral \u00e9 suspenso para atendimento. \u201cPor isso, depois do dia 4, o eleitor n\u00e3o conseguir\u00e1 regularizar a sua situa\u00e7\u00e3o. Para retirar","og:url":"https:\/\/anoticiaonline.com.br\/site\/prazo-para-emitir-ou-transferir-titulo-eleitoral-termina-no-dia-4-de-maio\/","og:image":"https:\/\/scontent-gig4-1.xx.fbcdn.net\/v\/t39.30808-1\/270437624_4564083193639691_6907940295614233970_n.jpg?stp=dst-jpg_s200x200_tt6&#038;_nc_cat=111&#038;ccb=1-7&#038;_nc_sid=f907e8&#038;_nc_ohc=SM1wRlP3lJwQ7kNvwEPuBYA&#038;_nc_oc=AdnqrjDN_BNjSSHWO-GbkIWH6fkGMLw4bqvL_NH6e2wMveX7G-rP2dAqsDSq1mJMOaY&#038;_nc_zt=24&#038;_nc_ht=scontent-gig4-1.xx&#038;_nc_gid=AoBFJeGrT1hVaew_6rchkQ&#038;oh=00_AfX7QmFGhQhG2jAllVgXCiM1ZrWgvtp80-Bfppyexh1QEg&#038;oe=689E923C","og:image:secure_url":"https:\/\/scontent-gig4-1.xx.fbcdn.net\/v\/t39.30808-1\/270437624_4564083193639691_6907940295614233970_n.jpg?stp=dst-jpg_s200x200_tt6&#038;_nc_cat=111&#038;ccb=1-7&#038;_nc_sid=f907e8&#038;_nc_ohc=SM1wRlP3lJwQ7kNvwEPuBYA&#038;_nc_oc=AdnqrjDN_BNjSSHWO-GbkIWH6fkGMLw4bqvL_NH6e2wMveX7G-rP2dAqsDSq1mJMOaY&#038;_nc_zt=24&#038;_nc_ht=scontent-gig4-1.xx&#038;_nc_gid=AoBFJeGrT1hVaew_6rchkQ&#038;oh=00_AfX7QmFGhQhG2jAllVgXCiM1ZrWgvtp80-Bfppyexh1QEg&#038;oe=689E923C","article:published_time":"2016-04-26T13:36:46+00:00","article:modified_time":"2016-04-26T13:36:46+00:00","twitter:card":"summary_large_image","twitter:title":"Prazo para emitir ou transferir t\u00edtulo eleitoral termina no dia 4 de maio - A Not\u00edcia Online","twitter:description":"O prazo para emitir o t\u00edtulo de eleitor, transferir o documento ou proceder a quita\u00e7\u00e3o eleitoral termina no dia 4 de maio. Depois desta data at\u00e9 o processamento e resultado das elei\u00e7\u00f5es, o cadastro eleitoral \u00e9 suspenso para atendimento. \u201cPor isso, depois do dia 4, o eleitor n\u00e3o conseguir\u00e1 regularizar a sua situa\u00e7\u00e3o. Para retirar","twitter:image":"https:\/\/scontent-gig4-1.xx.fbcdn.net\/v\/t39.30808-1\/270437624_4564083193639691_6907940295614233970_n.jpg?stp=dst-jpg_s200x200_tt6&_nc_cat=111&ccb=1-7&_nc_sid=f907e8&_nc_ohc=SM1wRlP3lJwQ7kNvwEPuBYA&_nc_oc=AdnqrjDN_BNjSSHWO-GbkIWH6fkGMLw4bqvL_NH6e2wMveX7G-rP2dAqsDSq1mJMOaY&_nc_zt=24&_nc_ht=scontent-gig4-1.xx&_nc_gid=AoBFJeGrT1hVaew_6rchkQ&oh=00_AfX7QmFGhQhG2jAllVgXCiM1ZrWgvtp80-Bfppyexh1QEg&oe=689E923C"},"aioseo_meta_data":{"post_id":"12453","title":null,"description":null,"keywords":null,"keyphrases":null,"primary_term":null,"canonical_url":null,"og_title":null,"og_description":null,"og_object_type":"default","og_image_type":"default","og_image_url":null,"og_image_width":null,"og_image_height":null,"og_image_custom_url":null,"og_image_custom_fields":null,"og_video":null,"og_custom_url":null,"og_article_section":null,"og_article_tags":null,"twitter_use_og":false,"twitter_card":"default","twitter_image_type":"default","twitter_image_url":null,"twitter_image_custom_url":null,"twitter_image_custom_fields":null,"twitter_title":null,"twitter_description":null,"schema":{"blockGraphs":[],"customGraphs":[],"default":{"data":{"Article":[],"Course":[],"Dataset":[],"FAQPage":[],"Movie":[],"Person":[],"Product":[],"ProductReview":[],"Car":[],"Recipe":[],"Service":[],"SoftwareApplication":[],"WebPage":[]},"graphName":"","isEnabled":true},"graphs":[]},"schema_type":"default","schema_type_options":null,"pillar_content":false,"robots_default":true,"robots_noindex":false,"robots_noarchive":false,"robots_nosnippet":false,"robots_nofollow":false,"robots_noimageindex":false,"robots_noodp":false,"robots_notranslate":false,"robots_max_snippet":null,"robots_max_videopreview":null,"robots_max_imagepreview":"large","priority":null,"frequency":null,"local_seo":null,"breadcrumb_settings":null,"limit_modified_date":false,"ai":null,"created":"2025-08-16 15:50:53","updated":"2025-08-16 15:50:53","focus_keyword":null,"additional_keywords":null,"truseo_locale":null,"seo_analyzer_scan_date":null},"aioseo_breadcrumb":"<div class=\"aioseo-breadcrumbs\"><span class=\"aioseo-breadcrumb\">\n\t\t\t<a href=\"https:\/\/anoticiaonline.com.br\/site\" title=\"Home\">Home<\/a>\n\t\t<\/span><span class=\"aioseo-breadcrumb-separator\">&raquo;<\/span><span class=\"aioseo-breadcrumb\">\n\t\t\t<a href=\"https:\/\/anoticiaonline.com.br\/site\/categoria\/muriae\/\" title=\"Blog\">Blog<\/a>\n\t\t<\/span><span class=\"aioseo-breadcrumb-separator\">&raquo;<\/span><span class=\"aioseo-breadcrumb\">\n\t\t\tPrazo para emitir ou transferir t\u00edtulo eleitoral termina no dia 4 de maio\n\t\t<\/span><\/div>","aioseo_breadcrumb_json":[{"label":"Home","link":"https:\/\/anoticiaonline.com.br\/site"},{"label":"Blog","link":"https:\/\/anoticiaonline.com.br\/site\/categoria\/muriae\/"},{"label":"Prazo para emitir ou transferir t\u00edtulo eleitoral termina no dia 4 de maio","link":"https:\/\/anoticiaonline.com.br\/site\/prazo-para-emitir-ou-transferir-titulo-eleitoral-termina-no-dia-4-de-maio\/"}],"views":88,"_links":{"self":[{"href":"https:\/\/anoticiaonline.com.br\/site\/wp-json\/wp\/v2\/posts\/12453","targetHints":{"allow":["GET"]}}],"collection":[{"href":"https:\/\/anoticiaonline.com.br\/site\/wp-json\/wp\/v2\/posts"}],"about":[{"href":"https:\/\/anoticiaonline.com.br\/site\/wp-json\/wp\/v2\/types\/post"}],"author":[{"embeddable":true,"href":"https:\/\/anoticiaonline.com.br\/site\/wp-json\/wp\/v2\/users\/2"}],"replies":[{"embeddable":true,"href":"https:\/\/anoticiaonline.com.br\/site\/wp-json\/wp\/v2\/comments?post=12453"}],"version-history":[{"count":0,"href":"https:\/\/anoticiaonline.com.br\/site\/wp-json\/wp\/v2\/posts\/12453\/revisions"}],"wp:featuredmedia":[{"embeddable":true,"href":"https:\/\/anoticiaonline.com.br\/site\/wp-json\/wp\/v2\/media\/12454"}],"wp:attachment":[{"href":"https:\/\/anoticiaonline.com.br\/site\/wp-json\/wp\/v2\/media?parent=12453"}],"wp:term":[{"taxonomy":"category","embeddable":true,"href":"https:\/\/anoticiaonline.com.br\/site\/wp-json\/wp\/v2\/categories?post=12453"},{"taxonomy":"post_tag","embeddable":true,"href":"https:\/\/anoticiaonline.com.br\/site\/wp-json\/wp\/v2\/tags?post=12453"}],"curies":[{"name":"wp","href":"https:\/\/api.w.org\/{rel}","templated":true}]}}