{"id":12441,"date":"2016-04-25T16:18:58","date_gmt":"2016-04-25T19:18:58","guid":{"rendered":"http:\/\/anoticiaonline.com.br\/site\/?p=12441"},"modified":"2016-04-25T16:18:58","modified_gmt":"2016-04-25T19:18:58","slug":"exposicao-de-muriaeense-estara-em-cartaz-na-fundarte-a-partir-de-quinta-feira","status":"publish","type":"post","link":"https:\/\/anoticiaonline.com.br\/site\/exposicao-de-muriaeense-estara-em-cartaz-na-fundarte-a-partir-de-quinta-feira\/","title":{"rendered":"Exposi\u00e7\u00e3o de muriaeense estar\u00e1 em cartaz na Fundarte a partir de quinta-feira"},"content":{"rendered":"<p><a href=\"https:\/\/anoticiaonline.com.br\/site\/wp-content\/uploads\/2016\/04\/Exposi\u00e7\u00e3o.jpg\"><img fetchpriority=\"high\" decoding=\"async\" class=\" size-medium wp-image-12442 alignleft\" src=\"https:\/\/anoticiaonline.com.br\/site\/wp-content\/uploads\/2016\/04\/Exposi\u00e7\u00e3o-300x237.jpg\" alt=\"Exposi\u00e7\u00e3o\" width=\"300\" height=\"237\" srcset=\"https:\/\/anoticiaonline.com.br\/site\/wp-content\/uploads\/2016\/04\/Exposi\u00e7\u00e3o-300x237.jpg 300w, https:\/\/anoticiaonline.com.br\/site\/wp-content\/uploads\/2016\/04\/Exposi\u00e7\u00e3o.jpg 640w\" sizes=\"(max-width: 300px) 100vw, 300px\" \/><\/a>Estar\u00e1 em cartaz na galeria da Fundarte, a partir desta quinta-feira (28), a exposi\u00e7\u00e3o \u201cDesenhos e Pinturas\u201d, do muriaeense Renan Rodrigues. Sua arte \u00e9 baseada em temas como retratos, figuras, animais, crian\u00e7as, m\u00fasica, religi\u00e3o, paisagens e releituras de quadros conceituados. Com um estilo pr\u00f3prio, procura expressar, atrav\u00e9s de sua arte, a esperan\u00e7a de levar cada um a refletir sobre a vida e acreditar em algo melhor atrav\u00e9s de atitudes criativas e com olhar otimista sobre as coisas simples do dia a dia.<\/p>\n<p>O coquetel de abertura da exposi\u00e7\u00e3o acontece a partir das 19h30min. Nesta quinta-feira, o artista estar\u00e1 tamb\u00e9m, durante a manh\u00e3 e a tarde, recebendo visitantes e escolas agendadas.<\/p>\n<p>Nascido no dia 24 de dezembro de 1988, Renan de Almeida Rodrigues possui forma\u00e7\u00e3o acad\u00eamica em Ci\u00eancias Cont\u00e1beis e, atualmente, exerce a profiss\u00e3o de contador.<\/p>\n<p>Esbo\u00e7ou desde muito pequeno o seu interesse pela arte, demonstrando criatividade nos desenhos. Com o passar do tempo, a arte deixou de ser apenar uma distra\u00e7\u00e3o. Houve, ent\u00e3o, a necessidade de se aperfei\u00e7oar e conhecer novas t\u00e9cnicas e materiais. Em 2003, ingressou no Curso de Desenho na institui\u00e7\u00e3o Criart, em Muria\u00e9. Concluiu o curso com forma\u00e7\u00e3o em grafite, nankin, aquarela e guache. Desde ent\u00e3o, aumentou o seu interesse pela arte, crescendo tamb\u00e9m sua produ\u00e7\u00e3o art\u00edstica.<\/p>\n<p><a href=\"https:\/\/anoticiaonline.com.br\/site\/wp-content\/uploads\/2016\/04\/13054397_1007980752620115_1576682621_o.jpg\"><img decoding=\"async\" class=\" size-medium wp-image-12443 alignleft\" src=\"https:\/\/anoticiaonline.com.br\/site\/wp-content\/uploads\/2016\/04\/13054397_1007980752620115_1576682621_o-214x300.jpg\" alt=\"13054397_1007980752620115_1576682621_o\" width=\"214\" height=\"300\" srcset=\"https:\/\/anoticiaonline.com.br\/site\/wp-content\/uploads\/2016\/04\/13054397_1007980752620115_1576682621_o-214x300.jpg 214w, https:\/\/anoticiaonline.com.br\/site\/wp-content\/uploads\/2016\/04\/13054397_1007980752620115_1576682621_o.jpg 456w\" sizes=\"(max-width: 214px) 100vw, 214px\" \/><\/a>Buscando aprimorar sua t\u00e9cnica, frequenta hoje o Ateli\u00ea de Curso Livre da Fundarte, pelo qual foi apresentado a novas t\u00e9cnicas de trabalho. Introduziu na cria\u00e7\u00e3o de sua arte o uso do pastel seco, pastel oleoso e a pintura com tinta \u00f3leo, a qual vem sendo explorada com mais frequ\u00eancia. Isso tornou suas cria\u00e7\u00f5es mais apreciadas e com caracter\u00edsticas mais apuradas.<\/p>\n<p>Seu interesse aumentou pela pintura ap\u00f3s o primeiro trabalho utilizando tinta a \u00f3leo. Encontrou, ent\u00e3o, o segmento da arte que mais se identificou para desenvolver.<\/p>\n<p>Esta \u00e9 a primeira exposi\u00e7\u00e3o individual do artista, a qual fica em cartaz at\u00e9 o dia 3 de junho.<\/p>\n<p>A mostra \u00e9 uma realiza\u00e7\u00e3o da Sociedade Musical Uni\u00e3o dos Artistas, com o apoio da Prefeitura de Muria\u00e9 e Fundarte e conta com o patroc\u00ednio Votorantim Metais e Lei Federal de Incentivo \u00e0 Cultura.<\/p>\n","protected":false},"excerpt":{"rendered":"<p>Estar\u00e1 em cartaz na galeria da Fundarte, a partir desta quinta-feira (28), a exposi\u00e7\u00e3o \u201cDesenhos e Pinturas\u201d, do muriaeense Renan Rodrigues. Sua arte \u00e9 baseada em temas como retratos, figuras, animais, crian\u00e7as, m\u00fasica, religi\u00e3o, paisagens e releituras de quadros conceituados. Com um estilo pr\u00f3prio, procura expressar, atrav\u00e9s de sua arte, a esperan\u00e7a de levar cada &#8230; <a title=\"Exposi\u00e7\u00e3o de muriaeense estar\u00e1 em cartaz na Fundarte a partir de quinta-feira\" class=\"read-more\" href=\"https:\/\/anoticiaonline.com.br\/site\/exposicao-de-muriaeense-estara-em-cartaz-na-fundarte-a-partir-de-quinta-feira\/\" aria-label=\"Read more about Exposi\u00e7\u00e3o de muriaeense estar\u00e1 em cartaz na Fundarte a partir de quinta-feira\">Ler mais<\/a><\/p>\n","protected":false},"author":2,"featured_media":12442,"comment_status":"open","ping_status":"open","sticky":false,"template":"","format":"standard","meta":{"_acf_changed":false,"_monsterinsights_skip_tracking":false,"footnotes":""},"categories":[19],"tags":[3],"class_list":["post-12441","post","type-post","status-publish","format-standard","has-post-thumbnail","hentry","category-cultura","tag-slide"],"acf":[],"aioseo_notices":[],"aioseo_head":"\n\t\t<!-- All in One SEO 5.0.0.1 - aioseo.com -->\n\t<meta name=\"description\" content=\"Estar\u00e1 em cartaz na galeria da Fundarte, a partir desta quinta-feira (28), a exposi\u00e7\u00e3o \u201cDesenhos e Pinturas\u201d, do muriaeense Renan Rodrigues. Sua arte \u00e9 baseada em temas como retratos, figuras, animais, crian\u00e7as, m\u00fasica, religi\u00e3o, paisagens e releituras de quadros conceituados. Com um estilo pr\u00f3prio, procura expressar, atrav\u00e9s de sua arte, a esperan\u00e7a de levar cada\" \/>\n\t<meta name=\"robots\" content=\"max-image-preview:large\" \/>\n\t<meta name=\"author\" content=\"Juliana Laviola\"\/>\n\t<link rel=\"canonical\" href=\"https:\/\/anoticiaonline.com.br\/site\/exposicao-de-muriaeense-estara-em-cartaz-na-fundarte-a-partir-de-quinta-feira\/\" \/>\n\t<meta name=\"generator\" content=\"All in One SEO (AIOSEO) 5.0.0.1\" \/>\n\t\t<meta property=\"og:locale\" content=\"pt_BR\" \/>\n\t\t<meta property=\"og:site_name\" content=\"A Not\u00edcia Online - Noticias de Muria\u00e9 e regi\u00e3o\" \/>\n\t\t<meta property=\"og:type\" content=\"article\" \/>\n\t\t<meta property=\"og:title\" content=\"Exposi\u00e7\u00e3o de muriaeense estar\u00e1 em cartaz na Fundarte a partir de quinta-feira - A Not\u00edcia Online\" \/>\n\t\t<meta property=\"og:description\" content=\"Estar\u00e1 em cartaz na galeria da Fundarte, a partir desta quinta-feira (28), a exposi\u00e7\u00e3o \u201cDesenhos e Pinturas\u201d, do muriaeense Renan Rodrigues. Sua arte \u00e9 baseada em temas como retratos, figuras, animais, crian\u00e7as, m\u00fasica, religi\u00e3o, paisagens e releituras de quadros conceituados. Com um estilo pr\u00f3prio, procura expressar, atrav\u00e9s de sua arte, a esperan\u00e7a de levar cada\" \/>\n\t\t<meta property=\"og:url\" content=\"https:\/\/anoticiaonline.com.br\/site\/exposicao-de-muriaeense-estara-em-cartaz-na-fundarte-a-partir-de-quinta-feira\/\" \/>\n\t\t<meta property=\"og:image\" content=\"https:\/\/scontent-gig4-1.xx.fbcdn.net\/v\/t39.30808-1\/270437624_4564083193639691_6907940295614233970_n.jpg?stp=dst-jpg_s200x200_tt6&#038;_nc_cat=111&#038;ccb=1-7&#038;_nc_sid=f907e8&#038;_nc_ohc=SM1wRlP3lJwQ7kNvwEPuBYA&#038;_nc_oc=AdnqrjDN_BNjSSHWO-GbkIWH6fkGMLw4bqvL_NH6e2wMveX7G-rP2dAqsDSq1mJMOaY&#038;_nc_zt=24&#038;_nc_ht=scontent-gig4-1.xx&#038;_nc_gid=AoBFJeGrT1hVaew_6rchkQ&#038;oh=00_AfX7QmFGhQhG2jAllVgXCiM1ZrWgvtp80-Bfppyexh1QEg&#038;oe=689E923C\" \/>\n\t\t<meta property=\"og:image:secure_url\" content=\"https:\/\/scontent-gig4-1.xx.fbcdn.net\/v\/t39.30808-1\/270437624_4564083193639691_6907940295614233970_n.jpg?stp=dst-jpg_s200x200_tt6&#038;_nc_cat=111&#038;ccb=1-7&#038;_nc_sid=f907e8&#038;_nc_ohc=SM1wRlP3lJwQ7kNvwEPuBYA&#038;_nc_oc=AdnqrjDN_BNjSSHWO-GbkIWH6fkGMLw4bqvL_NH6e2wMveX7G-rP2dAqsDSq1mJMOaY&#038;_nc_zt=24&#038;_nc_ht=scontent-gig4-1.xx&#038;_nc_gid=AoBFJeGrT1hVaew_6rchkQ&#038;oh=00_AfX7QmFGhQhG2jAllVgXCiM1ZrWgvtp80-Bfppyexh1QEg&#038;oe=689E923C\" \/>\n\t\t<meta property=\"article:published_time\" content=\"2016-04-25T19:18:58+00:00\" \/>\n\t\t<meta property=\"article:modified_time\" content=\"2016-04-25T19:18:58+00:00\" \/>\n\t\t<meta name=\"twitter:card\" content=\"summary_large_image\" \/>\n\t\t<meta name=\"twitter:title\" content=\"Exposi\u00e7\u00e3o de muriaeense estar\u00e1 em cartaz na Fundarte a partir de quinta-feira - A Not\u00edcia Online\" \/>\n\t\t<meta name=\"twitter:description\" content=\"Estar\u00e1 em cartaz na galeria da Fundarte, a partir desta quinta-feira (28), a exposi\u00e7\u00e3o \u201cDesenhos e Pinturas\u201d, do muriaeense Renan Rodrigues. Sua arte \u00e9 baseada em temas como retratos, figuras, animais, crian\u00e7as, m\u00fasica, religi\u00e3o, paisagens e releituras de quadros conceituados. Com um estilo pr\u00f3prio, procura expressar, atrav\u00e9s de sua arte, a esperan\u00e7a de levar cada\" \/>\n\t\t<meta name=\"twitter:image\" content=\"https:\/\/scontent-gig4-1.xx.fbcdn.net\/v\/t39.30808-1\/270437624_4564083193639691_6907940295614233970_n.jpg?stp=dst-jpg_s200x200_tt6&amp;_nc_cat=111&amp;ccb=1-7&amp;_nc_sid=f907e8&amp;_nc_ohc=SM1wRlP3lJwQ7kNvwEPuBYA&amp;_nc_oc=AdnqrjDN_BNjSSHWO-GbkIWH6fkGMLw4bqvL_NH6e2wMveX7G-rP2dAqsDSq1mJMOaY&amp;_nc_zt=24&amp;_nc_ht=scontent-gig4-1.xx&amp;_nc_gid=AoBFJeGrT1hVaew_6rchkQ&amp;oh=00_AfX7QmFGhQhG2jAllVgXCiM1ZrWgvtp80-Bfppyexh1QEg&amp;oe=689E923C\" \/>\n\t\t<script type=\"application\/ld+json\" class=\"aioseo-schema\">\n\t\t\t{\"@context\":\"https:\\\/\\\/schema.org\",\"@graph\":[{\"@type\":\"BlogPosting\",\"@id\":\"https:\\\/\\\/anoticiaonline.com.br\\\/site\\\/exposicao-de-muriaeense-estara-em-cartaz-na-fundarte-a-partir-de-quinta-feira\\\/#blogposting\",\"name\":\"Exposi\\u00e7\\u00e3o de muriaeense estar\\u00e1 em cartaz na Fundarte a partir de quinta-feira - A Not\\u00edcia Online\",\"headline\":\"Exposi\\u00e7\\u00e3o de muriaeense estar\\u00e1 em cartaz na Fundarte a partir de quinta-feira\",\"author\":{\"@id\":\"https:\\\/\\\/anoticiaonline.com.br\\\/site\\\/author\\\/juliana\\\/#author\"},\"publisher\":{\"@id\":\"https:\\\/\\\/anoticiaonline.com.br\\\/site\\\/#organization\"},\"image\":{\"@type\":\"ImageObject\",\"url\":\"https:\\\/\\\/anoticiaonline.com.br\\\/site\\\/wp-content\\\/uploads\\\/2016\\\/04\\\/Exposi\\u00e7\\u00e3o.jpg\",\"width\":640,\"height\":506},\"datePublished\":\"2016-04-25T16:18:58-03:00\",\"dateModified\":\"2016-04-25T16:18:58-03:00\",\"inLanguage\":\"pt-BR\",\"mainEntityOfPage\":{\"@id\":\"https:\\\/\\\/anoticiaonline.com.br\\\/site\\\/exposicao-de-muriaeense-estara-em-cartaz-na-fundarte-a-partir-de-quinta-feira\\\/#webpage\"},\"isPartOf\":{\"@id\":\"https:\\\/\\\/anoticiaonline.com.br\\\/site\\\/exposicao-de-muriaeense-estara-em-cartaz-na-fundarte-a-partir-de-quinta-feira\\\/#webpage\"},\"articleSection\":\"Cultura, slide\"},{\"@type\":\"BreadcrumbList\",\"@id\":\"https:\\\/\\\/anoticiaonline.com.br\\\/site\\\/exposicao-de-muriaeense-estara-em-cartaz-na-fundarte-a-partir-de-quinta-feira\\\/#breadcrumblist\",\"itemListElement\":[{\"@type\":\"ListItem\",\"@id\":\"https:\\\/\\\/anoticiaonline.com.br\\\/site#listItem\",\"position\":1,\"name\":\"Home\",\"item\":\"https:\\\/\\\/anoticiaonline.com.br\\\/site\",\"nextItem\":{\"@type\":\"ListItem\",\"@id\":\"https:\\\/\\\/anoticiaonline.com.br\\\/site\\\/categoria\\\/muriae\\\/#listItem\",\"name\":\"Blog\"}},{\"@type\":\"ListItem\",\"@id\":\"https:\\\/\\\/anoticiaonline.com.br\\\/site\\\/categoria\\\/muriae\\\/#listItem\",\"position\":2,\"name\":\"Blog\",\"item\":\"https:\\\/\\\/anoticiaonline.com.br\\\/site\\\/categoria\\\/muriae\\\/\",\"nextItem\":{\"@type\":\"ListItem\",\"@id\":\"https:\\\/\\\/anoticiaonline.com.br\\\/site\\\/categoria\\\/muriae\\\/cultura\\\/#listItem\",\"name\":\"Cultura\"},\"previousItem\":{\"@type\":\"ListItem\",\"@id\":\"https:\\\/\\\/anoticiaonline.com.br\\\/site#listItem\",\"name\":\"Home\"}},{\"@type\":\"ListItem\",\"@id\":\"https:\\\/\\\/anoticiaonline.com.br\\\/site\\\/categoria\\\/muriae\\\/cultura\\\/#listItem\",\"position\":3,\"name\":\"Cultura\",\"item\":\"https:\\\/\\\/anoticiaonline.com.br\\\/site\\\/categoria\\\/muriae\\\/cultura\\\/\",\"nextItem\":{\"@type\":\"ListItem\",\"@id\":\"https:\\\/\\\/anoticiaonline.com.br\\\/site\\\/exposicao-de-muriaeense-estara-em-cartaz-na-fundarte-a-partir-de-quinta-feira\\\/#listItem\",\"name\":\"Exposi\\u00e7\\u00e3o de muriaeense estar\\u00e1 em cartaz na Fundarte a partir de quinta-feira\"},\"previousItem\":{\"@type\":\"ListItem\",\"@id\":\"https:\\\/\\\/anoticiaonline.com.br\\\/site\\\/categoria\\\/muriae\\\/#listItem\",\"name\":\"Blog\"}},{\"@type\":\"ListItem\",\"@id\":\"https:\\\/\\\/anoticiaonline.com.br\\\/site\\\/exposicao-de-muriaeense-estara-em-cartaz-na-fundarte-a-partir-de-quinta-feira\\\/#listItem\",\"position\":4,\"name\":\"Exposi\\u00e7\\u00e3o de muriaeense estar\\u00e1 em cartaz na Fundarte a partir de quinta-feira\",\"previousItem\":{\"@type\":\"ListItem\",\"@id\":\"https:\\\/\\\/anoticiaonline.com.br\\\/site\\\/categoria\\\/muriae\\\/cultura\\\/#listItem\",\"name\":\"Cultura\"}}]},{\"@type\":\"Organization\",\"@id\":\"https:\\\/\\\/anoticiaonline.com.br\\\/site\\\/#organization\",\"name\":\"A Not\\u00edcia Online\",\"description\":\"Noticias de Muria\\u00e9 e regi\\u00e3o\",\"url\":\"https:\\\/\\\/anoticiaonline.com.br\\\/site\\\/\",\"logo\":{\"@type\":\"ImageObject\",\"url\":\"https:\\\/\\\/scontent-gig4-1.xx.fbcdn.net\\\/v\\\/t39.30808-1\\\/270437624_4564083193639691_6907940295614233970_n.jpg?stp=dst-jpg_s200x200_tt6&_nc_cat=111&ccb=1-7&_nc_sid=f907e8&_nc_ohc=SM1wRlP3lJwQ7kNvwEPuBYA&_nc_oc=AdnqrjDN_BNjSSHWO-GbkIWH6fkGMLw4bqvL_NH6e2wMveX7G-rP2dAqsDSq1mJMOaY&_nc_zt=24&_nc_ht=scontent-gig4-1.xx&_nc_gid=AoBFJeGrT1hVaew_6rchkQ&oh=00_AfX7QmFGhQhG2jAllVgXCiM1ZrWgvtp80-Bfppyexh1QEg&oe=689E923C\",\"@id\":\"https:\\\/\\\/anoticiaonline.com.br\\\/site\\\/exposicao-de-muriaeense-estara-em-cartaz-na-fundarte-a-partir-de-quinta-feira\\\/#organizationLogo\"},\"image\":{\"@id\":\"https:\\\/\\\/anoticiaonline.com.br\\\/site\\\/exposicao-de-muriaeense-estara-em-cartaz-na-fundarte-a-partir-de-quinta-feira\\\/#organizationLogo\"}},{\"@type\":\"Person\",\"@id\":\"https:\\\/\\\/anoticiaonline.com.br\\\/site\\\/author\\\/juliana\\\/#author\",\"url\":\"https:\\\/\\\/anoticiaonline.com.br\\\/site\\\/author\\\/juliana\\\/\",\"name\":\"Juliana Laviola\",\"image\":{\"@type\":\"ImageObject\",\"@id\":\"https:\\\/\\\/anoticiaonline.com.br\\\/site\\\/exposicao-de-muriaeense-estara-em-cartaz-na-fundarte-a-partir-de-quinta-feira\\\/#authorImage\",\"url\":\"https:\\\/\\\/secure.gravatar.com\\\/avatar\\\/b8d45f5c699b100dfaf0e543582f38f38bf94cb7ae3a5e9abf8d891a34773335?s=96&d=mm&r=g\",\"width\":96,\"height\":96,\"caption\":\"Juliana Laviola\"}},{\"@type\":\"WebPage\",\"@id\":\"https:\\\/\\\/anoticiaonline.com.br\\\/site\\\/exposicao-de-muriaeense-estara-em-cartaz-na-fundarte-a-partir-de-quinta-feira\\\/#webpage\",\"url\":\"https:\\\/\\\/anoticiaonline.com.br\\\/site\\\/exposicao-de-muriaeense-estara-em-cartaz-na-fundarte-a-partir-de-quinta-feira\\\/\",\"name\":\"Exposi\\u00e7\\u00e3o de muriaeense estar\\u00e1 em cartaz na Fundarte a partir de quinta-feira - A Not\\u00edcia Online\",\"description\":\"Estar\\u00e1 em cartaz na galeria da Fundarte, a partir desta quinta-feira (28), a exposi\\u00e7\\u00e3o \\u201cDesenhos e Pinturas\\u201d, do muriaeense Renan Rodrigues. Sua arte \\u00e9 baseada em temas como retratos, figuras, animais, crian\\u00e7as, m\\u00fasica, religi\\u00e3o, paisagens e releituras de quadros conceituados. Com um estilo pr\\u00f3prio, procura expressar, atrav\\u00e9s de sua arte, a esperan\\u00e7a de levar cada\",\"inLanguage\":\"pt-BR\",\"isPartOf\":{\"@id\":\"https:\\\/\\\/anoticiaonline.com.br\\\/site\\\/#website\"},\"breadcrumb\":{\"@id\":\"https:\\\/\\\/anoticiaonline.com.br\\\/site\\\/exposicao-de-muriaeense-estara-em-cartaz-na-fundarte-a-partir-de-quinta-feira\\\/#breadcrumblist\"},\"author\":{\"@id\":\"https:\\\/\\\/anoticiaonline.com.br\\\/site\\\/author\\\/juliana\\\/#author\"},\"creator\":{\"@id\":\"https:\\\/\\\/anoticiaonline.com.br\\\/site\\\/author\\\/juliana\\\/#author\"},\"image\":{\"@type\":\"ImageObject\",\"url\":\"https:\\\/\\\/anoticiaonline.com.br\\\/site\\\/wp-content\\\/uploads\\\/2016\\\/04\\\/Exposi\\u00e7\\u00e3o.jpg\",\"@id\":\"https:\\\/\\\/anoticiaonline.com.br\\\/site\\\/exposicao-de-muriaeense-estara-em-cartaz-na-fundarte-a-partir-de-quinta-feira\\\/#mainImage\",\"width\":640,\"height\":506},\"primaryImageOfPage\":{\"@id\":\"https:\\\/\\\/anoticiaonline.com.br\\\/site\\\/exposicao-de-muriaeense-estara-em-cartaz-na-fundarte-a-partir-de-quinta-feira\\\/#mainImage\"},\"datePublished\":\"2016-04-25T16:18:58-03:00\",\"dateModified\":\"2016-04-25T16:18:58-03:00\"},{\"@type\":\"WebSite\",\"@id\":\"https:\\\/\\\/anoticiaonline.com.br\\\/site\\\/#website\",\"url\":\"https:\\\/\\\/anoticiaonline.com.br\\\/site\\\/\",\"name\":\"A Not\\u00edcia Online\",\"description\":\"Noticias de Muria\\u00e9 e regi\\u00e3o\",\"inLanguage\":\"pt-BR\",\"publisher\":{\"@id\":\"https:\\\/\\\/anoticiaonline.com.br\\\/site\\\/#organization\"}}]}\n\t\t<\/script>\n\t\t<!-- All in One SEO -->\n\n","aioseo_head_json":{"title":"Exposi\u00e7\u00e3o de muriaeense estar\u00e1 em cartaz na Fundarte a partir de quinta-feira - A Not\u00edcia Online","description":"Estar\u00e1 em cartaz na galeria da Fundarte, a partir desta quinta-feira (28), a exposi\u00e7\u00e3o \u201cDesenhos e Pinturas\u201d, do muriaeense Renan Rodrigues. Sua arte \u00e9 baseada em temas como retratos, figuras, animais, crian\u00e7as, m\u00fasica, religi\u00e3o, paisagens e releituras de quadros conceituados. Com um estilo pr\u00f3prio, procura expressar, atrav\u00e9s de sua arte, a esperan\u00e7a de levar cada","canonical_url":"https:\/\/anoticiaonline.com.br\/site\/exposicao-de-muriaeense-estara-em-cartaz-na-fundarte-a-partir-de-quinta-feira\/","robots":"max-image-preview:large","keywords":"","webmasterTools":{"miscellaneous":""},"schema":{"@context":"https:\/\/schema.org","@graph":[{"@type":"BlogPosting","@id":"https:\/\/anoticiaonline.com.br\/site\/exposicao-de-muriaeense-estara-em-cartaz-na-fundarte-a-partir-de-quinta-feira\/#blogposting","name":"Exposi\u00e7\u00e3o de muriaeense estar\u00e1 em cartaz na Fundarte a partir de quinta-feira - A Not\u00edcia Online","headline":"Exposi\u00e7\u00e3o de muriaeense estar\u00e1 em cartaz na Fundarte a partir de quinta-feira","author":{"@id":"https:\/\/anoticiaonline.com.br\/site\/author\/juliana\/#author"},"publisher":{"@id":"https:\/\/anoticiaonline.com.br\/site\/#organization"},"image":{"@type":"ImageObject","url":"https:\/\/anoticiaonline.com.br\/site\/wp-content\/uploads\/2016\/04\/Exposi\u00e7\u00e3o.jpg","width":640,"height":506},"datePublished":"2016-04-25T16:18:58-03:00","dateModified":"2016-04-25T16:18:58-03:00","inLanguage":"pt-BR","mainEntityOfPage":{"@id":"https:\/\/anoticiaonline.com.br\/site\/exposicao-de-muriaeense-estara-em-cartaz-na-fundarte-a-partir-de-quinta-feira\/#webpage"},"isPartOf":{"@id":"https:\/\/anoticiaonline.com.br\/site\/exposicao-de-muriaeense-estara-em-cartaz-na-fundarte-a-partir-de-quinta-feira\/#webpage"},"articleSection":"Cultura, slide"},{"@type":"BreadcrumbList","@id":"https:\/\/anoticiaonline.com.br\/site\/exposicao-de-muriaeense-estara-em-cartaz-na-fundarte-a-partir-de-quinta-feira\/#breadcrumblist","itemListElement":[{"@type":"ListItem","@id":"https:\/\/anoticiaonline.com.br\/site#listItem","position":1,"name":"Home","item":"https:\/\/anoticiaonline.com.br\/site","nextItem":{"@type":"ListItem","@id":"https:\/\/anoticiaonline.com.br\/site\/categoria\/muriae\/#listItem","name":"Blog"}},{"@type":"ListItem","@id":"https:\/\/anoticiaonline.com.br\/site\/categoria\/muriae\/#listItem","position":2,"name":"Blog","item":"https:\/\/anoticiaonline.com.br\/site\/categoria\/muriae\/","nextItem":{"@type":"ListItem","@id":"https:\/\/anoticiaonline.com.br\/site\/categoria\/muriae\/cultura\/#listItem","name":"Cultura"},"previousItem":{"@type":"ListItem","@id":"https:\/\/anoticiaonline.com.br\/site#listItem","name":"Home"}},{"@type":"ListItem","@id":"https:\/\/anoticiaonline.com.br\/site\/categoria\/muriae\/cultura\/#listItem","position":3,"name":"Cultura","item":"https:\/\/anoticiaonline.com.br\/site\/categoria\/muriae\/cultura\/","nextItem":{"@type":"ListItem","@id":"https:\/\/anoticiaonline.com.br\/site\/exposicao-de-muriaeense-estara-em-cartaz-na-fundarte-a-partir-de-quinta-feira\/#listItem","name":"Exposi\u00e7\u00e3o de muriaeense estar\u00e1 em cartaz na Fundarte a partir de quinta-feira"},"previousItem":{"@type":"ListItem","@id":"https:\/\/anoticiaonline.com.br\/site\/categoria\/muriae\/#listItem","name":"Blog"}},{"@type":"ListItem","@id":"https:\/\/anoticiaonline.com.br\/site\/exposicao-de-muriaeense-estara-em-cartaz-na-fundarte-a-partir-de-quinta-feira\/#listItem","position":4,"name":"Exposi\u00e7\u00e3o de muriaeense estar\u00e1 em cartaz na Fundarte a partir de quinta-feira","previousItem":{"@type":"ListItem","@id":"https:\/\/anoticiaonline.com.br\/site\/categoria\/muriae\/cultura\/#listItem","name":"Cultura"}}]},{"@type":"Organization","@id":"https:\/\/anoticiaonline.com.br\/site\/#organization","name":"A Not\u00edcia Online","description":"Noticias de Muria\u00e9 e regi\u00e3o","url":"https:\/\/anoticiaonline.com.br\/site\/","logo":{"@type":"ImageObject","url":"https:\/\/scontent-gig4-1.xx.fbcdn.net\/v\/t39.30808-1\/270437624_4564083193639691_6907940295614233970_n.jpg?stp=dst-jpg_s200x200_tt6&_nc_cat=111&ccb=1-7&_nc_sid=f907e8&_nc_ohc=SM1wRlP3lJwQ7kNvwEPuBYA&_nc_oc=AdnqrjDN_BNjSSHWO-GbkIWH6fkGMLw4bqvL_NH6e2wMveX7G-rP2dAqsDSq1mJMOaY&_nc_zt=24&_nc_ht=scontent-gig4-1.xx&_nc_gid=AoBFJeGrT1hVaew_6rchkQ&oh=00_AfX7QmFGhQhG2jAllVgXCiM1ZrWgvtp80-Bfppyexh1QEg&oe=689E923C","@id":"https:\/\/anoticiaonline.com.br\/site\/exposicao-de-muriaeense-estara-em-cartaz-na-fundarte-a-partir-de-quinta-feira\/#organizationLogo"},"image":{"@id":"https:\/\/anoticiaonline.com.br\/site\/exposicao-de-muriaeense-estara-em-cartaz-na-fundarte-a-partir-de-quinta-feira\/#organizationLogo"}},{"@type":"Person","@id":"https:\/\/anoticiaonline.com.br\/site\/author\/juliana\/#author","url":"https:\/\/anoticiaonline.com.br\/site\/author\/juliana\/","name":"Juliana Laviola","image":{"@type":"ImageObject","@id":"https:\/\/anoticiaonline.com.br\/site\/exposicao-de-muriaeense-estara-em-cartaz-na-fundarte-a-partir-de-quinta-feira\/#authorImage","url":"https:\/\/secure.gravatar.com\/avatar\/b8d45f5c699b100dfaf0e543582f38f38bf94cb7ae3a5e9abf8d891a34773335?s=96&d=mm&r=g","width":96,"height":96,"caption":"Juliana Laviola"}},{"@type":"WebPage","@id":"https:\/\/anoticiaonline.com.br\/site\/exposicao-de-muriaeense-estara-em-cartaz-na-fundarte-a-partir-de-quinta-feira\/#webpage","url":"https:\/\/anoticiaonline.com.br\/site\/exposicao-de-muriaeense-estara-em-cartaz-na-fundarte-a-partir-de-quinta-feira\/","name":"Exposi\u00e7\u00e3o de muriaeense estar\u00e1 em cartaz na Fundarte a partir de quinta-feira - A Not\u00edcia Online","description":"Estar\u00e1 em cartaz na galeria da Fundarte, a partir desta quinta-feira (28), a exposi\u00e7\u00e3o \u201cDesenhos e Pinturas\u201d, do muriaeense Renan Rodrigues. Sua arte \u00e9 baseada em temas como retratos, figuras, animais, crian\u00e7as, m\u00fasica, religi\u00e3o, paisagens e releituras de quadros conceituados. Com um estilo pr\u00f3prio, procura expressar, atrav\u00e9s de sua arte, a esperan\u00e7a de levar cada","inLanguage":"pt-BR","isPartOf":{"@id":"https:\/\/anoticiaonline.com.br\/site\/#website"},"breadcrumb":{"@id":"https:\/\/anoticiaonline.com.br\/site\/exposicao-de-muriaeense-estara-em-cartaz-na-fundarte-a-partir-de-quinta-feira\/#breadcrumblist"},"author":{"@id":"https:\/\/anoticiaonline.com.br\/site\/author\/juliana\/#author"},"creator":{"@id":"https:\/\/anoticiaonline.com.br\/site\/author\/juliana\/#author"},"image":{"@type":"ImageObject","url":"https:\/\/anoticiaonline.com.br\/site\/wp-content\/uploads\/2016\/04\/Exposi\u00e7\u00e3o.jpg","@id":"https:\/\/anoticiaonline.com.br\/site\/exposicao-de-muriaeense-estara-em-cartaz-na-fundarte-a-partir-de-quinta-feira\/#mainImage","width":640,"height":506},"primaryImageOfPage":{"@id":"https:\/\/anoticiaonline.com.br\/site\/exposicao-de-muriaeense-estara-em-cartaz-na-fundarte-a-partir-de-quinta-feira\/#mainImage"},"datePublished":"2016-04-25T16:18:58-03:00","dateModified":"2016-04-25T16:18:58-03:00"},{"@type":"WebSite","@id":"https:\/\/anoticiaonline.com.br\/site\/#website","url":"https:\/\/anoticiaonline.com.br\/site\/","name":"A Not\u00edcia Online","description":"Noticias de Muria\u00e9 e regi\u00e3o","inLanguage":"pt-BR","publisher":{"@id":"https:\/\/anoticiaonline.com.br\/site\/#organization"}}]},"og:locale":"pt_BR","og:site_name":"A Not\u00edcia Online - Noticias de Muria\u00e9 e regi\u00e3o","og:type":"article","og:title":"Exposi\u00e7\u00e3o de muriaeense estar\u00e1 em cartaz na Fundarte a partir de quinta-feira - A Not\u00edcia Online","og:description":"Estar\u00e1 em cartaz na galeria da Fundarte, a partir desta quinta-feira (28), a exposi\u00e7\u00e3o \u201cDesenhos e Pinturas\u201d, do muriaeense Renan Rodrigues. Sua arte \u00e9 baseada em temas como retratos, figuras, animais, crian\u00e7as, m\u00fasica, religi\u00e3o, paisagens e releituras de quadros conceituados. Com um estilo pr\u00f3prio, procura expressar, atrav\u00e9s de sua arte, a esperan\u00e7a de levar cada","og:url":"https:\/\/anoticiaonline.com.br\/site\/exposicao-de-muriaeense-estara-em-cartaz-na-fundarte-a-partir-de-quinta-feira\/","og:image":"https:\/\/scontent-gig4-1.xx.fbcdn.net\/v\/t39.30808-1\/270437624_4564083193639691_6907940295614233970_n.jpg?stp=dst-jpg_s200x200_tt6&#038;_nc_cat=111&#038;ccb=1-7&#038;_nc_sid=f907e8&#038;_nc_ohc=SM1wRlP3lJwQ7kNvwEPuBYA&#038;_nc_oc=AdnqrjDN_BNjSSHWO-GbkIWH6fkGMLw4bqvL_NH6e2wMveX7G-rP2dAqsDSq1mJMOaY&#038;_nc_zt=24&#038;_nc_ht=scontent-gig4-1.xx&#038;_nc_gid=AoBFJeGrT1hVaew_6rchkQ&#038;oh=00_AfX7QmFGhQhG2jAllVgXCiM1ZrWgvtp80-Bfppyexh1QEg&#038;oe=689E923C","og:image:secure_url":"https:\/\/scontent-gig4-1.xx.fbcdn.net\/v\/t39.30808-1\/270437624_4564083193639691_6907940295614233970_n.jpg?stp=dst-jpg_s200x200_tt6&#038;_nc_cat=111&#038;ccb=1-7&#038;_nc_sid=f907e8&#038;_nc_ohc=SM1wRlP3lJwQ7kNvwEPuBYA&#038;_nc_oc=AdnqrjDN_BNjSSHWO-GbkIWH6fkGMLw4bqvL_NH6e2wMveX7G-rP2dAqsDSq1mJMOaY&#038;_nc_zt=24&#038;_nc_ht=scontent-gig4-1.xx&#038;_nc_gid=AoBFJeGrT1hVaew_6rchkQ&#038;oh=00_AfX7QmFGhQhG2jAllVgXCiM1ZrWgvtp80-Bfppyexh1QEg&#038;oe=689E923C","article:published_time":"2016-04-25T19:18:58+00:00","article:modified_time":"2016-04-25T19:18:58+00:00","twitter:card":"summary_large_image","twitter:title":"Exposi\u00e7\u00e3o de muriaeense estar\u00e1 em cartaz na Fundarte a partir de quinta-feira - A Not\u00edcia Online","twitter:description":"Estar\u00e1 em cartaz na galeria da Fundarte, a partir desta quinta-feira (28), a exposi\u00e7\u00e3o \u201cDesenhos e Pinturas\u201d, do muriaeense Renan Rodrigues. Sua arte \u00e9 baseada em temas como retratos, figuras, animais, crian\u00e7as, m\u00fasica, religi\u00e3o, paisagens e releituras de quadros conceituados. Com um estilo pr\u00f3prio, procura expressar, atrav\u00e9s de sua arte, a esperan\u00e7a de levar cada","twitter:image":"https:\/\/scontent-gig4-1.xx.fbcdn.net\/v\/t39.30808-1\/270437624_4564083193639691_6907940295614233970_n.jpg?stp=dst-jpg_s200x200_tt6&_nc_cat=111&ccb=1-7&_nc_sid=f907e8&_nc_ohc=SM1wRlP3lJwQ7kNvwEPuBYA&_nc_oc=AdnqrjDN_BNjSSHWO-GbkIWH6fkGMLw4bqvL_NH6e2wMveX7G-rP2dAqsDSq1mJMOaY&_nc_zt=24&_nc_ht=scontent-gig4-1.xx&_nc_gid=AoBFJeGrT1hVaew_6rchkQ&oh=00_AfX7QmFGhQhG2jAllVgXCiM1ZrWgvtp80-Bfppyexh1QEg&oe=689E923C"},"aioseo_meta_data":{"post_id":"12441","title":null,"description":null,"keywords":null,"keyphrases":null,"primary_term":null,"canonical_url":null,"og_title":null,"og_description":null,"og_object_type":"default","og_image_type":"default","og_image_url":null,"og_image_width":null,"og_image_height":null,"og_image_custom_url":null,"og_image_custom_fields":null,"og_video":null,"og_custom_url":null,"og_article_section":null,"og_article_tags":null,"twitter_use_og":false,"twitter_card":"default","twitter_image_type":"default","twitter_image_url":null,"twitter_image_custom_url":null,"twitter_image_custom_fields":null,"twitter_title":null,"twitter_description":null,"schema":{"blockGraphs":[],"customGraphs":[],"default":{"data":{"Article":[],"Course":[],"Dataset":[],"FAQPage":[],"Movie":[],"Person":[],"Product":[],"ProductReview":[],"Car":[],"Recipe":[],"Service":[],"SoftwareApplication":[],"WebPage":[]},"graphName":"","isEnabled":true},"graphs":[]},"schema_type":"default","schema_type_options":null,"pillar_content":false,"robots_default":true,"robots_noindex":false,"robots_noarchive":false,"robots_nosnippet":false,"robots_nofollow":false,"robots_noimageindex":false,"robots_noodp":false,"robots_notranslate":false,"robots_max_snippet":null,"robots_max_videopreview":null,"robots_max_imagepreview":"large","priority":null,"frequency":null,"local_seo":null,"breadcrumb_settings":null,"limit_modified_date":false,"ai":null,"created":"2025-08-16 15:50:53","updated":"2025-08-16 15:50:53","focus_keyword":null,"additional_keywords":null,"truseo_locale":null,"seo_analyzer_scan_date":null},"aioseo_breadcrumb":"<div class=\"aioseo-breadcrumbs\"><span class=\"aioseo-breadcrumb\">\n\t\t\t<a href=\"https:\/\/anoticiaonline.com.br\/site\" title=\"Home\">Home<\/a>\n\t\t<\/span><span class=\"aioseo-breadcrumb-separator\">&raquo;<\/span><span class=\"aioseo-breadcrumb\">\n\t\t\t<a href=\"https:\/\/anoticiaonline.com.br\/site\/categoria\/muriae\/\" title=\"Blog\">Blog<\/a>\n\t\t<\/span><span class=\"aioseo-breadcrumb-separator\">&raquo;<\/span><span class=\"aioseo-breadcrumb\">\n\t\t\t<a href=\"https:\/\/anoticiaonline.com.br\/site\/categoria\/muriae\/cultura\/\" title=\"Cultura\">Cultura<\/a>\n\t\t<\/span><span class=\"aioseo-breadcrumb-separator\">&raquo;<\/span><span class=\"aioseo-breadcrumb\">\n\t\t\tExposi\u00e7\u00e3o de muriaeense estar\u00e1 em cartaz na Fundarte a partir de quinta-feira\n\t\t<\/span><\/div>","aioseo_breadcrumb_json":[{"label":"Home","link":"https:\/\/anoticiaonline.com.br\/site"},{"label":"Blog","link":"https:\/\/anoticiaonline.com.br\/site\/categoria\/muriae\/"},{"label":"Cultura","link":"https:\/\/anoticiaonline.com.br\/site\/categoria\/muriae\/cultura\/"},{"label":"Exposi\u00e7\u00e3o de muriaeense estar\u00e1 em cartaz na Fundarte a partir de quinta-feira","link":"https:\/\/anoticiaonline.com.br\/site\/exposicao-de-muriaeense-estara-em-cartaz-na-fundarte-a-partir-de-quinta-feira\/"}],"views":152,"_links":{"self":[{"href":"https:\/\/anoticiaonline.com.br\/site\/wp-json\/wp\/v2\/posts\/12441","targetHints":{"allow":["GET"]}}],"collection":[{"href":"https:\/\/anoticiaonline.com.br\/site\/wp-json\/wp\/v2\/posts"}],"about":[{"href":"https:\/\/anoticiaonline.com.br\/site\/wp-json\/wp\/v2\/types\/post"}],"author":[{"embeddable":true,"href":"https:\/\/anoticiaonline.com.br\/site\/wp-json\/wp\/v2\/users\/2"}],"replies":[{"embeddable":true,"href":"https:\/\/anoticiaonline.com.br\/site\/wp-json\/wp\/v2\/comments?post=12441"}],"version-history":[{"count":0,"href":"https:\/\/anoticiaonline.com.br\/site\/wp-json\/wp\/v2\/posts\/12441\/revisions"}],"wp:featuredmedia":[{"embeddable":true,"href":"https:\/\/anoticiaonline.com.br\/site\/wp-json\/wp\/v2\/media\/12442"}],"wp:attachment":[{"href":"https:\/\/anoticiaonline.com.br\/site\/wp-json\/wp\/v2\/media?parent=12441"}],"wp:term":[{"taxonomy":"category","embeddable":true,"href":"https:\/\/anoticiaonline.com.br\/site\/wp-json\/wp\/v2\/categories?post=12441"},{"taxonomy":"post_tag","embeddable":true,"href":"https:\/\/anoticiaonline.com.br\/site\/wp-json\/wp\/v2\/tags?post=12441"}],"curies":[{"name":"wp","href":"https:\/\/api.w.org\/{rel}","templated":true}]}}