{"id":122511,"date":"2024-03-18T13:36:00","date_gmt":"2024-03-18T16:36:00","guid":{"rendered":"http:\/\/anoticiaonline.com.br\/site\/?p=122511"},"modified":"2024-03-18T19:43:49","modified_gmt":"2024-03-18T22:43:49","slug":"tragedia-na-estrada-jovem-jogador-do-alvorada-f-c-perde-a-vida-em-acidente-na-mg-482-em-carangola","status":"publish","type":"post","link":"https:\/\/anoticiaonline.com.br\/site\/tragedia-na-estrada-jovem-jogador-do-alvorada-f-c-perde-a-vida-em-acidente-na-mg-482-em-carangola\/","title":{"rendered":"Trag\u00e9dia na Estrada: Jovem jogador do Alvorada F.C. perde a vida em acidente na MG 482 em Carangola"},"content":{"rendered":"\n<p>Um tr\u00e1gico acidente tirou a vida do jovem Deivid Faria Costa, de apenas 20 anos, jogador do Alvorada F.C. O fato aconteceu no domingo (17), na MG 482, em Carangola. O acidente ocorreu quando a motocicleta que Deivid pilotava colidiu frontalmente com um ve\u00edculo.<\/p>\n\n\n\n<figure class=\"wp-block-image size-full\"><img fetchpriority=\"high\" decoding=\"async\" width=\"800\" height=\"709\" src=\"https:\/\/anoticiaonline.com.br\/site\/wp-content\/uploads\/2024\/03\/Jogador-Alvorada-_foto-Rredes-sociais-.jpg\" alt=\"\" class=\"wp-image-122515\" srcset=\"https:\/\/anoticiaonline.com.br\/site\/wp-content\/uploads\/2024\/03\/Jogador-Alvorada-_foto-Rredes-sociais-.jpg 800w, https:\/\/anoticiaonline.com.br\/site\/wp-content\/uploads\/2024\/03\/Jogador-Alvorada-_foto-Rredes-sociais--300x266.jpg 300w, https:\/\/anoticiaonline.com.br\/site\/wp-content\/uploads\/2024\/03\/Jogador-Alvorada-_foto-Rredes-sociais--768x681.jpg 768w\" sizes=\"(max-width: 800px) 100vw, 800px\" \/><\/figure>\n\n\n\n<p>Segundo informa\u00e7\u00f5es da Pol\u00edcia Militar Rodovi\u00e1ria, o atleta estava conduzindo a motocicleta quando invadiu a contram\u00e3o, resultando na colis\u00e3o com o autom\u00f3vel. O motorista do ve\u00edculo relatou aos militares que n\u00e3o teve tempo h\u00e1bil para evitar o impacto.<\/p>\n\n\n\n<p>Equipes do SAMU foram acionadas e, ao chegarem ao local, constataram o \u00f3bito de Deivid. O ancidente aconteceu nas proximidades da regi\u00e3o conhecida como Canos D\u2019\u00e1gua, pr\u00f3ximo \u00e0 cidade de Carangola.<\/p>\n\n\n\n<p>A per\u00edcia da Pol\u00edcia Civil compareceu ao local do acidente para os procedimentos padr\u00e3o e, ap\u00f3s as dilig\u00eancias necess\u00e1rias, o corpo do jovem foi liberado para ser encaminhado ao Instituto M\u00e9dico Legal de Muria\u00e9.<\/p>\n\n\n\n<p>Muitas mensagens de solidariedade \u00e0 fam\u00edlia enlutada e de apoio aos colegas de equipe de Deivid foram publicadas nas redes sociais.<\/p>\n\n\n\n<p>O munic\u00edpio de Carangola expressou profundo pesar pelo falecimento de Deivid, anunciando o adiamento da partida de abertura do Campeonato Rural entre Barroso e Alvorada, em homenagem ao jovem atleta.<\/p>\n\n\n\n<figure class=\"wp-block-image size-full\"><img decoding=\"async\" width=\"800\" height=\"770\" src=\"https:\/\/anoticiaonline.com.br\/site\/wp-content\/uploads\/2024\/03\/Jogador-Alvorada-_Nota-de-pesar.jpg\" alt=\"\" class=\"wp-image-122516\" srcset=\"https:\/\/anoticiaonline.com.br\/site\/wp-content\/uploads\/2024\/03\/Jogador-Alvorada-_Nota-de-pesar.jpg 800w, https:\/\/anoticiaonline.com.br\/site\/wp-content\/uploads\/2024\/03\/Jogador-Alvorada-_Nota-de-pesar-300x289.jpg 300w, https:\/\/anoticiaonline.com.br\/site\/wp-content\/uploads\/2024\/03\/Jogador-Alvorada-_Nota-de-pesar-768x739.jpg 768w\" sizes=\"(max-width: 800px) 100vw, 800px\" \/><\/figure>\n","protected":false},"excerpt":{"rendered":"<p>Um tr\u00e1gico acidente tirou a vida do jovem Deivid Faria Costa, de apenas 20 anos, jogador do Alvorada F.C. O fato aconteceu no domingo (17), na MG 482, em Carangola. O acidente ocorreu quando a motocicleta que Deivid pilotava colidiu frontalmente com um ve\u00edculo. Segundo informa\u00e7\u00f5es da Pol\u00edcia Militar Rodovi\u00e1ria, o atleta estava conduzindo a &#8230; <a title=\"Trag\u00e9dia na Estrada: Jovem jogador do Alvorada F.C. perde a vida em acidente na MG 482 em Carangola\" class=\"read-more\" href=\"https:\/\/anoticiaonline.com.br\/site\/tragedia-na-estrada-jovem-jogador-do-alvorada-f-c-perde-a-vida-em-acidente-na-mg-482-em-carangola\/\" aria-label=\"Read more about Trag\u00e9dia na Estrada: Jovem jogador do Alvorada F.C. perde a vida em acidente na MG 482 em Carangola\">Ler mais<\/a><\/p>\n","protected":false},"author":2,"featured_media":122514,"comment_status":"open","ping_status":"closed","sticky":false,"template":"","format":"standard","meta":{"_acf_changed":false,"_monsterinsights_skip_tracking":false,"_monsterinsights_sitenote_active":false,"_monsterinsights_sitenote_note":"","_monsterinsights_sitenote_category":0,"footnotes":""},"categories":[30,29,6,7660,45],"tags":[],"class_list":["post-122511","post","type-post","status-publish","format-standard","has-post-thumbnail","hentry","category-muriae","category-esporte","category-regiao","category-slide-principal","category-transito"],"acf":[],"aioseo_notices":[],"views":375,"_links":{"self":[{"href":"https:\/\/anoticiaonline.com.br\/site\/wp-json\/wp\/v2\/posts\/122511","targetHints":{"allow":["GET"]}}],"collection":[{"href":"https:\/\/anoticiaonline.com.br\/site\/wp-json\/wp\/v2\/posts"}],"about":[{"href":"https:\/\/anoticiaonline.com.br\/site\/wp-json\/wp\/v2\/types\/post"}],"author":[{"embeddable":true,"href":"https:\/\/anoticiaonline.com.br\/site\/wp-json\/wp\/v2\/users\/2"}],"replies":[{"embeddable":true,"href":"https:\/\/anoticiaonline.com.br\/site\/wp-json\/wp\/v2\/comments?post=122511"}],"version-history":[{"count":0,"href":"https:\/\/anoticiaonline.com.br\/site\/wp-json\/wp\/v2\/posts\/122511\/revisions"}],"wp:featuredmedia":[{"embeddable":true,"href":"https:\/\/anoticiaonline.com.br\/site\/wp-json\/wp\/v2\/media\/122514"}],"wp:attachment":[{"href":"https:\/\/anoticiaonline.com.br\/site\/wp-json\/wp\/v2\/media?parent=122511"}],"wp:term":[{"taxonomy":"category","embeddable":true,"href":"https:\/\/anoticiaonline.com.br\/site\/wp-json\/wp\/v2\/categories?post=122511"},{"taxonomy":"post_tag","embeddable":true,"href":"https:\/\/anoticiaonline.com.br\/site\/wp-json\/wp\/v2\/tags?post=122511"}],"curies":[{"name":"wp","href":"https:\/\/api.w.org\/{rel}","templated":true}]}}