{"id":122496,"date":"2024-03-18T14:53:00","date_gmt":"2024-03-18T17:53:00","guid":{"rendered":"http:\/\/anoticiaonline.com.br\/site\/?p=122496"},"modified":"2024-03-18T18:55:18","modified_gmt":"2024-03-18T21:55:18","slug":"inmet-emite-alerta-de-saude-em-muriae-devido-a-temperaturas-5oc-acima-da-media","status":"publish","type":"post","link":"https:\/\/anoticiaonline.com.br\/site\/inmet-emite-alerta-de-saude-em-muriae-devido-a-temperaturas-5oc-acima-da-media\/","title":{"rendered":"INMET emite alerta de sa\u00fade em Muria\u00e9 devido a temperaturas 5\u00baC acima da m\u00e9dia"},"content":{"rendered":"\n<p>O Instituto Nacional de Meteorologia (INMET) emitiu um alerta nesta segunda-feira (18) para a regi\u00e3o de Muria\u00e9, devido a temperaturas extremas que est\u00e3o afetando a \u00e1rea. O term\u00f4metro subiu a impressionantes 5\u00baC acima da m\u00e9dia esperada para esta \u00e9poca do ano, gerando preocupa\u00e7\u00f5es quanto aos impactos na sa\u00fade da popula\u00e7\u00e3o. Al\u00e9m disso, o instituto tamb\u00e9m alertou para o risco de chuvas fortes que devem atingir boa parte do pa\u00eds.<\/p>\n\n\n\n<p>De acordo com dados oficiais da Defesa Civil, no \u00faltimo domingo, dia 17, as temperaturas atingiram a marca de 38\u00baC na regi\u00e3o, com os term\u00f4metros de rua registrando at\u00e9 40\u00baC no in\u00edcio da tarde em Muria\u00e9. Essas condi\u00e7\u00f5es clim\u00e1ticas extremas t\u00eam preocupado as autoridades locais, especialmente diante da previs\u00e3o de continuidade da onda de calor durante a primeira metade da semana, com m\u00e1ximas que podem chegar aos 37\u00b0C at\u00e9 quarta-feira.<\/p>\n\n\n\n<p>Contudo, h\u00e1 uma perspectiva de mudan\u00e7a no clima para o final da semana. Na sexta-feira, dia 22, est\u00e1 prevista uma significativa queda de temperatura, com uma m\u00e9dia de at\u00e9 sete graus a menos. No entanto, essa mudan\u00e7a ser\u00e1 acompanhada por uma massa de ar frio, que pode trazer consigo chuvas fortes e ventos intensos entre quinta e sexta-feira.<\/p>\n\n\n\n<p>Diante desse cen\u00e1rio preocupante, a Defesa Civil e outros \u00f3rg\u00e3os de sa\u00fade est\u00e3o recomendando \u00e0 popula\u00e7\u00e3o que adote medidas preventivas para proteger a sa\u00fade. Entre as orienta\u00e7\u00f5es est\u00e3o evitar o contato direto com o sol entre as 11h e 16h, usar roupas leves e claras, manter-se hidratado, preferir alimentos frescos e ficar em locais com sombra.<\/p>\n\n\n\n<p>Al\u00e9m disso, \u00e9 fundamental aplicar protetor solar, usar \u00f3culos escuros e bon\u00e9s, manter os ambientes bem ventilados ou climatizados e, em ve\u00edculos sem ar-condicionado, deixar as janelas abertas.<\/p>\n\n\n\n<p>\u00c9 importante ressaltar que o aumento das temperaturas pode causar efeitos prejudiciais \u00e0 sa\u00fade humana, como insola\u00e7\u00e3o, desmaios, desidrata\u00e7\u00e3o e doen\u00e7as de pele. Portanto, \u00e9 imprescind\u00edvel que a popula\u00e7\u00e3o esteja atenta e siga todas as orienta\u00e7\u00f5es para evitar complica\u00e7\u00f5es decorrentes do clima adverso.<\/p>\n\n\n\n<p>Foto: Inmet\/Reprodu\u00e7\u00e3o<\/p>\n","protected":false},"excerpt":{"rendered":"<p>O Instituto Nacional de Meteorologia (INMET) emitiu um alerta nesta segunda-feira (18) para a regi\u00e3o de Muria\u00e9, devido a temperaturas extremas que est\u00e3o afetando a \u00e1rea. O term\u00f4metro subiu a impressionantes 5\u00baC acima da m\u00e9dia esperada para esta \u00e9poca do ano, gerando preocupa\u00e7\u00f5es quanto aos impactos na sa\u00fade da popula\u00e7\u00e3o. Al\u00e9m disso, o instituto tamb\u00e9m &#8230; <a title=\"INMET emite alerta de sa\u00fade em Muria\u00e9 devido a temperaturas 5\u00baC acima da m\u00e9dia\" class=\"read-more\" href=\"https:\/\/anoticiaonline.com.br\/site\/inmet-emite-alerta-de-saude-em-muriae-devido-a-temperaturas-5oc-acima-da-media\/\" aria-label=\"Read more about INMET emite alerta de sa\u00fade em Muria\u00e9 devido a temperaturas 5\u00baC acima da m\u00e9dia\">Ler mais<\/a><\/p>\n","protected":false},"author":2,"featured_media":122499,"comment_status":"open","ping_status":"closed","sticky":false,"template":"","format":"standard","meta":{"_acf_changed":false,"_monsterinsights_skip_tracking":false,"_monsterinsights_sitenote_active":false,"_monsterinsights_sitenote_note":"","_monsterinsights_sitenote_category":0,"footnotes":""},"categories":[30,2893,1,7660],"tags":[],"class_list":["post-122496","post","type-post","status-publish","format-standard","has-post-thumbnail","hentry","category-muriae","category-cotidiano","category-gerais","category-slide-principal"],"acf":[],"aioseo_notices":[],"views":256,"_links":{"self":[{"href":"https:\/\/anoticiaonline.com.br\/site\/wp-json\/wp\/v2\/posts\/122496","targetHints":{"allow":["GET"]}}],"collection":[{"href":"https:\/\/anoticiaonline.com.br\/site\/wp-json\/wp\/v2\/posts"}],"about":[{"href":"https:\/\/anoticiaonline.com.br\/site\/wp-json\/wp\/v2\/types\/post"}],"author":[{"embeddable":true,"href":"https:\/\/anoticiaonline.com.br\/site\/wp-json\/wp\/v2\/users\/2"}],"replies":[{"embeddable":true,"href":"https:\/\/anoticiaonline.com.br\/site\/wp-json\/wp\/v2\/comments?post=122496"}],"version-history":[{"count":0,"href":"https:\/\/anoticiaonline.com.br\/site\/wp-json\/wp\/v2\/posts\/122496\/revisions"}],"wp:featuredmedia":[{"embeddable":true,"href":"https:\/\/anoticiaonline.com.br\/site\/wp-json\/wp\/v2\/media\/122499"}],"wp:attachment":[{"href":"https:\/\/anoticiaonline.com.br\/site\/wp-json\/wp\/v2\/media?parent=122496"}],"wp:term":[{"taxonomy":"category","embeddable":true,"href":"https:\/\/anoticiaonline.com.br\/site\/wp-json\/wp\/v2\/categories?post=122496"},{"taxonomy":"post_tag","embeddable":true,"href":"https:\/\/anoticiaonline.com.br\/site\/wp-json\/wp\/v2\/tags?post=122496"}],"curies":[{"name":"wp","href":"https:\/\/api.w.org\/{rel}","templated":true}]}}