{"id":122480,"date":"2024-03-18T10:09:28","date_gmt":"2024-03-18T13:09:28","guid":{"rendered":"http:\/\/anoticiaonline.com.br\/site\/?p=122480"},"modified":"2024-03-18T10:09:38","modified_gmt":"2024-03-18T13:09:38","slug":"coluna-esplanada-18-03-24","status":"publish","type":"post","link":"https:\/\/anoticiaonline.com.br\/site\/coluna-esplanada-18-03-24\/","title":{"rendered":"Coluna Esplanada 18\/03\/24"},"content":{"rendered":"\n<p><strong>Nova onda<\/strong><\/p>\n\n\n\n<p>A queda significativa e t\u00e3o cedo dos \u00edndices de aprova\u00e7\u00e3o do presidente Lula da Silva mexeu com o jogo do Poder. Caciques de partidos de centro acreditam que vem a\u00ed nova onda de direita no Brasil, a despeito da derrocada de Jair Bolsonaro, com militantes mais disciplinados nas ruas, novos nomes nas urnas. No convescote nas executivas, aponta-se o desgaste natural do PT nos \u00faltimos 20 anos com o retorno de um Lula n\u00e3o mais forte como antes. Isso motiva a potencial federa\u00e7\u00e3o do Progressistas com o Republicanos. Embora este \u00faltimo ensaie uma reaproxima\u00e7\u00e3o com Lula, os dirigentes ficaram cautelosos. Outro na moita \u00e9 o Uni\u00e3o Brasil, que apesar de manter tr\u00eas minist\u00e9rios neste Governo (Turismo, Comunica\u00e7\u00f5es e Desenvolvimento Regional) tem seu DNA na direita, vindo da fus\u00e3o do DEM com o PSL. E pode repensar sua posi\u00e7\u00e3o at\u00e9 2025.<\/p>\n\n\n\n<p><strong>Vendeta<\/strong><\/p>\n\n\n\n<figure class=\"wp-block-image alignwide size-full\"><a href=\"https:\/\/anoticiaonline.com.br\/site\/wp-content\/uploads\/2024\/03\/CHARGE-ESPLANADA-18-03-24.jpg\"><img fetchpriority=\"high\" decoding=\"async\" width=\"750\" height=\"726\" src=\"https:\/\/anoticiaonline.com.br\/site\/wp-content\/uploads\/2024\/03\/CHARGE-ESPLANADA-18-03-24.jpg\" alt=\"\" class=\"wp-image-122483\" srcset=\"https:\/\/anoticiaonline.com.br\/site\/wp-content\/uploads\/2024\/03\/CHARGE-ESPLANADA-18-03-24.jpg 750w, https:\/\/anoticiaonline.com.br\/site\/wp-content\/uploads\/2024\/03\/CHARGE-ESPLANADA-18-03-24-300x290.jpg 300w\" sizes=\"(max-width: 750px) 100vw, 750px\" \/><\/a><\/figure>\n\n\n\n<p>O senador Sergio Moro (Uni\u00e3o Brasil-PR), em perigo no mandato, correu com equipe jur\u00eddica, chefiada por Gustavo Guedes, para levantar documentos que assegurem a esposa Ros\u00e2ngela Moro na C\u00e2mara. A vendeta da oposi\u00e7\u00e3o est\u00e1 pesada.<strong><\/strong><\/p>\n\n\n\n<p><strong>Lula, Zema &amp; A\u00e9cio<\/strong><\/p>\n\n\n\n<p>O presidente Lula da Silva vai come\u00e7ar a visitar mais Minas Gerais. Projeto eleitoral puro. \u00c9 o 2\u00ba col\u00e9gio eleitoral do Brasil. O governador Romeu Zema (Novo), embora bem aprovado no interior, tem perdido apoios seguidos. Zema deve sair ao Senado em 2026 e, na outra ponta, deve ter o deputado federal A\u00e9cio Neves (PSDB) como concorrente.<\/p>\n\n\n\n<p><strong>Grupo apeado<\/strong><\/p>\n\n\n\n<p>Pol\u00edcia Civil do Rio de Janeiro est\u00e1 na imin\u00eancia de desvendar, se assim quiser, a motiva\u00e7\u00e3o da morte do advogado no Centro da capital. Suspeita-se de conex\u00e3o com a opera\u00e7\u00e3o da Loterj, de onde um grupo poderoso foi apeado, e pode esbarrar em deputados que deram guarida aos criminosos.<\/p>\n\n\n\n<p><strong>Cen\u00e1rio<\/strong><\/p>\n\n\n\n<p>O presidente Lula da Silva n\u00e3o tem o que entregar. Isso influenciou diretamente na queda dos \u00edndices de sua aprova\u00e7\u00e3o e de seu Governo. As viagens seguidas ao exterior, para se dizer inocente na opera\u00e7\u00e3o Lava Jato, o PAC travado e a bronca de congressistas com suas demandas em obras que n\u00e3o saem do papel para munic\u00edpios contribuem para o cen\u00e1rio.<\/p>\n\n\n\n<p><strong>Turma Sarney<\/strong><\/p>\n\n\n\n<p>O ex-presidente Jos\u00e9 Sarney vai fazer rara apari\u00e7\u00e3o p\u00fablica dia 12 de abril. Ser\u00e1 paraninfo da turma de ci\u00eancias pol\u00edticas da Faculdade Republicana, em Bras\u00edlia, a convite do amigo Elp\u00eddio Amanajas.<\/p>\n\n\n\n<p><strong>ESPLANADEIRA<\/strong><\/p>\n\n\n\n<p># Piloto&nbsp;<strong>M\u00e1rcio Giordano<\/strong>, parceiro do Naskar Cons\u00f3rcio, \u00e9 a nova aposta da Copa Truck 2024 que ocorre em Mato Grosso (MS), em 17 de mar\u00e7o. #&nbsp;<strong>Carmela Tartarel<\/strong>&nbsp;ser\u00e1 homenageada, dia 22, pela C\u00e2mara Municipal de Saquarema. #&nbsp;<strong>Brasilcap<\/strong>&nbsp;\u00e9 l\u00edder absoluta do mercado de capitaliza\u00e7\u00e3o, segundo a SUSEP. #&nbsp;<strong>Atlantica Hospitality International<\/strong>&nbsp;realiza a 1\u00aa edi\u00e7\u00e3o da Atlantica Week, de 11 a 17 de mar\u00e7o. # 2\u00aa edi\u00e7\u00e3o do&nbsp;<strong>\u201cCerimonialistas em A\u00e7\u00e3o\u201d<\/strong>&nbsp;re\u00fane profissionais da \u00e1rea de eventos na Barra da Tijuca (RJ). #&nbsp;<strong>Licks Attorneys<\/strong>&nbsp;promove, dia 28, webinar para explicar os princ\u00edpios do Direito e da Gest\u00e3o P\u00fablica.<\/p>\n","protected":false},"excerpt":{"rendered":"<p>Nova onda A queda significativa e t\u00e3o cedo dos \u00edndices de aprova\u00e7\u00e3o do presidente Lula da Silva mexeu com o jogo do Poder. Caciques de partidos de centro acreditam que vem a\u00ed nova onda de direita no Brasil, a despeito da derrocada de Jair Bolsonaro, com militantes mais disciplinados nas ruas, novos nomes nas urnas. &#8230; <a title=\"Coluna Esplanada 18\/03\/24\" class=\"read-more\" href=\"https:\/\/anoticiaonline.com.br\/site\/coluna-esplanada-18-03-24\/\" aria-label=\"Read more about Coluna Esplanada 18\/03\/24\">Ler mais<\/a><\/p>\n","protected":false},"author":7,"featured_media":0,"comment_status":"open","ping_status":"closed","sticky":false,"template":"","format":"standard","meta":{"_acf_changed":false,"_monsterinsights_skip_tracking":false,"_monsterinsights_sitenote_active":false,"_monsterinsights_sitenote_note":"","_monsterinsights_sitenote_category":0,"footnotes":""},"categories":[7690],"tags":[],"class_list":["post-122480","post","type-post","status-publish","format-standard","hentry","category-opiniao"],"acf":[],"aioseo_notices":[],"views":151,"_links":{"self":[{"href":"https:\/\/anoticiaonline.com.br\/site\/wp-json\/wp\/v2\/posts\/122480","targetHints":{"allow":["GET"]}}],"collection":[{"href":"https:\/\/anoticiaonline.com.br\/site\/wp-json\/wp\/v2\/posts"}],"about":[{"href":"https:\/\/anoticiaonline.com.br\/site\/wp-json\/wp\/v2\/types\/post"}],"author":[{"embeddable":true,"href":"https:\/\/anoticiaonline.com.br\/site\/wp-json\/wp\/v2\/users\/7"}],"replies":[{"embeddable":true,"href":"https:\/\/anoticiaonline.com.br\/site\/wp-json\/wp\/v2\/comments?post=122480"}],"version-history":[{"count":0,"href":"https:\/\/anoticiaonline.com.br\/site\/wp-json\/wp\/v2\/posts\/122480\/revisions"}],"wp:attachment":[{"href":"https:\/\/anoticiaonline.com.br\/site\/wp-json\/wp\/v2\/media?parent=122480"}],"wp:term":[{"taxonomy":"category","embeddable":true,"href":"https:\/\/anoticiaonline.com.br\/site\/wp-json\/wp\/v2\/categories?post=122480"},{"taxonomy":"post_tag","embeddable":true,"href":"https:\/\/anoticiaonline.com.br\/site\/wp-json\/wp\/v2\/tags?post=122480"}],"curies":[{"name":"wp","href":"https:\/\/api.w.org\/{rel}","templated":true}]}}