{"id":12111,"date":"2016-04-20T15:04:41","date_gmt":"2016-04-20T18:04:41","guid":{"rendered":"http:\/\/anoticiaonline.com.br\/site\/?p=12111"},"modified":"2016-04-20T15:04:41","modified_gmt":"2016-04-20T18:04:41","slug":"secretaria-de-estado-de-saude-orienta-municipios-a-anteciparem-a-vacinacao-contra-a-gripe","status":"publish","type":"post","link":"https:\/\/anoticiaonline.com.br\/site\/secretaria-de-estado-de-saude-orienta-municipios-a-anteciparem-a-vacinacao-contra-a-gripe\/","title":{"rendered":"Secretaria de Estado de Sa\u00fade orienta munic\u00edpios a anteciparem a vacina\u00e7\u00e3o contra a gripe"},"content":{"rendered":"<figure id=\"attachment_12112\" aria-describedby=\"caption-attachment-12112\" style=\"width: 290px\" class=\"wp-caption alignleft\"><a href=\"https:\/\/anoticiaonline.com.br\/site\/wp-content\/uploads\/2016\/04\/SES-MG-001.jpg\"><img decoding=\"async\" class=\"size-medium wp-image-12112\" src=\"https:\/\/anoticiaonline.com.br\/site\/wp-content\/uploads\/2016\/04\/SES-MG-001-300x112.jpg\" alt=\"Foto: Rodrigo Silva\" width=\"300\" height=\"112\" srcset=\"https:\/\/anoticiaonline.com.br\/site\/wp-content\/uploads\/2016\/04\/SES-MG-001-300x112.jpg 300w, https:\/\/anoticiaonline.com.br\/site\/wp-content\/uploads\/2016\/04\/SES-MG-001.jpg 640w\" sizes=\"(max-width: 300px) 100vw, 300px\" \/><\/a><figcaption id=\"caption-attachment-12112\" class=\"wp-caption-text\">Foto: Rodrigo Silva<\/figcaption><\/figure>\n<p>A Secretaria de Estado de Sa\u00fade de Minas Gerais (SES-MG) recomenda a todos os munic\u00edpios mineiros que deem in\u00edcio \u00e0 Campanha de Vacina\u00e7\u00e3o contra Gripe na pr\u00f3xima segunda-feira (25). Em Muria\u00e9, a campanha deve come\u00e7ar somente no dia 30, pois as doses, segundo o Centro Municipal de Vacina\u00e7\u00e3o, ainda n\u00e3o chegaram \u00e0 cidade.<\/p>\n<p>A orienta\u00e7\u00e3o para a antecipa\u00e7\u00e3o se d\u00e1 pela detec\u00e7\u00e3o, por parte da Vigil\u00e2ncia Epidemiol\u00f3gica da SES-MG, do predom\u00ednio da circula\u00e7\u00e3o do v\u00edrus Influenza A (H1N1) dentre os demais v\u00edrus respirat\u00f3rios; e atende tamb\u00e9m a solicita\u00e7\u00f5es feitas pelos pr\u00f3prios munic\u00edpios mineiros. \u201cDeterminando uma data \u00fanica, conseguimos evitar que pessoas que devem se vacinar tenham que se deslocar de seus munic\u00edpios a outros, e assim minimizar poss\u00edveis problemas de desabastecimento localizados\u201d, explica o superintendente de Vigil\u00e2ncia Epidemiol\u00f3gica, Ambiental e Sa\u00fade do Trabalhador da SES-MG, Rodrigo Said.<\/p>\n<p>A meta \u00e9 vacinar 80% do p\u00fablico alvo definido pelo Minist\u00e9rio da Sa\u00fade, composto por aproximadamente 4,9 milh\u00f5es de pessoas, entre idosos acima de 60 anos, gestantes, mulheres no per\u00edodo de at\u00e9 45 dias ap\u00f3s o parto, crian\u00e7as entre seis meses e 5 anos de idade, profissionais de sa\u00fade, ind\u00edgenas, al\u00e9m dos doentes cr\u00f4nicos, como pessoas com diabetes, asma, bronquite e hipertens\u00e3o, dentre outros grupos. Em 2015, Minas Gerais atingiu 91% do p\u00fablico priorit\u00e1rio da Campanha.<\/p>\n<p>At\u00e9 o momento, aproximadamente 2,2 milh\u00f5es de doses j\u00e1 foram encaminhadas \u00e0s Regionais de Sa\u00fade do Estado para distribui\u00e7\u00e3o aos munic\u00edpios, quantitativo que corresponde 40% das doses (cerca de 5,2 milh\u00f5es) j\u00e1 enviadas pelo Minist\u00e9rio da Sa\u00fade a Minas Gerais. Segundo cronograma da pasta, a distribui\u00e7\u00e3o das vacinas ocorrer\u00e1 em seis etapas at\u00e9 o m\u00eas de maio, com respectivas redistribui\u00e7\u00f5es \u00e0s Regionais de Sa\u00fade pela SES-MG.<\/p>\n","protected":false},"excerpt":{"rendered":"<p>A Secretaria de Estado de Sa\u00fade de Minas Gerais (SES-MG) recomenda a todos os munic\u00edpios mineiros que deem in\u00edcio \u00e0 Campanha de Vacina\u00e7\u00e3o contra Gripe na pr\u00f3xima segunda-feira (25). Em Muria\u00e9, a campanha deve come\u00e7ar somente no dia 30, pois as doses, segundo o Centro Municipal de Vacina\u00e7\u00e3o, ainda n\u00e3o chegaram \u00e0 cidade. A orienta\u00e7\u00e3o &#8230; <a title=\"Secretaria de Estado de Sa\u00fade orienta munic\u00edpios a anteciparem a vacina\u00e7\u00e3o contra a gripe\" class=\"read-more\" href=\"https:\/\/anoticiaonline.com.br\/site\/secretaria-de-estado-de-saude-orienta-municipios-a-anteciparem-a-vacinacao-contra-a-gripe\/\" aria-label=\"Read more about Secretaria de Estado de Sa\u00fade orienta munic\u00edpios a anteciparem a vacina\u00e7\u00e3o contra a gripe\">Ler mais<\/a><\/p>\n","protected":false},"author":2,"featured_media":12112,"comment_status":"open","ping_status":"open","sticky":false,"template":"","format":"standard","meta":{"_acf_changed":false,"_monsterinsights_skip_tracking":false,"footnotes":""},"categories":[1],"tags":[3],"class_list":["post-12111","post","type-post","status-publish","format-standard","has-post-thumbnail","hentry","category-gerais","tag-slide"],"acf":[],"aioseo_notices":[],"aioseo_head":"\n\t\t<!-- All in One SEO 5.0.0.1 - aioseo.com -->\n\t<meta name=\"description\" content=\"A Secretaria de Estado de Sa\u00fade de Minas Gerais (SES-MG) recomenda a todos os munic\u00edpios mineiros que deem in\u00edcio \u00e0 Campanha de Vacina\u00e7\u00e3o contra Gripe na pr\u00f3xima segunda-feira (25). Em Muria\u00e9, a campanha deve come\u00e7ar somente no dia 30, pois as doses, segundo o Centro Municipal de Vacina\u00e7\u00e3o, ainda n\u00e3o chegaram \u00e0 cidade. A orienta\u00e7\u00e3o\" \/>\n\t<meta name=\"robots\" content=\"max-image-preview:large\" \/>\n\t<meta name=\"author\" content=\"Juliana Laviola\"\/>\n\t<link rel=\"canonical\" href=\"https:\/\/anoticiaonline.com.br\/site\/secretaria-de-estado-de-saude-orienta-municipios-a-anteciparem-a-vacinacao-contra-a-gripe\/\" \/>\n\t<meta name=\"generator\" content=\"All in One SEO (AIOSEO) 5.0.0.1\" \/>\n\t\t<meta property=\"og:locale\" content=\"pt_BR\" \/>\n\t\t<meta property=\"og:site_name\" content=\"A Not\u00edcia Online - Noticias de Muria\u00e9 e regi\u00e3o\" \/>\n\t\t<meta property=\"og:type\" content=\"article\" \/>\n\t\t<meta property=\"og:title\" content=\"Secretaria de Estado de Sa\u00fade orienta munic\u00edpios a anteciparem a vacina\u00e7\u00e3o contra a gripe - A Not\u00edcia Online\" \/>\n\t\t<meta property=\"og:description\" content=\"A Secretaria de Estado de Sa\u00fade de Minas Gerais (SES-MG) recomenda a todos os munic\u00edpios mineiros que deem in\u00edcio \u00e0 Campanha de Vacina\u00e7\u00e3o contra Gripe na pr\u00f3xima segunda-feira (25). Em Muria\u00e9, a campanha deve come\u00e7ar somente no dia 30, pois as doses, segundo o Centro Municipal de Vacina\u00e7\u00e3o, ainda n\u00e3o chegaram \u00e0 cidade. A orienta\u00e7\u00e3o\" \/>\n\t\t<meta property=\"og:url\" content=\"https:\/\/anoticiaonline.com.br\/site\/secretaria-de-estado-de-saude-orienta-municipios-a-anteciparem-a-vacinacao-contra-a-gripe\/\" \/>\n\t\t<meta property=\"og:image\" content=\"https:\/\/scontent-gig4-1.xx.fbcdn.net\/v\/t39.30808-1\/270437624_4564083193639691_6907940295614233970_n.jpg?stp=dst-jpg_s200x200_tt6&#038;_nc_cat=111&#038;ccb=1-7&#038;_nc_sid=f907e8&#038;_nc_ohc=SM1wRlP3lJwQ7kNvwEPuBYA&#038;_nc_oc=AdnqrjDN_BNjSSHWO-GbkIWH6fkGMLw4bqvL_NH6e2wMveX7G-rP2dAqsDSq1mJMOaY&#038;_nc_zt=24&#038;_nc_ht=scontent-gig4-1.xx&#038;_nc_gid=AoBFJeGrT1hVaew_6rchkQ&#038;oh=00_AfX7QmFGhQhG2jAllVgXCiM1ZrWgvtp80-Bfppyexh1QEg&#038;oe=689E923C\" \/>\n\t\t<meta property=\"og:image:secure_url\" content=\"https:\/\/scontent-gig4-1.xx.fbcdn.net\/v\/t39.30808-1\/270437624_4564083193639691_6907940295614233970_n.jpg?stp=dst-jpg_s200x200_tt6&#038;_nc_cat=111&#038;ccb=1-7&#038;_nc_sid=f907e8&#038;_nc_ohc=SM1wRlP3lJwQ7kNvwEPuBYA&#038;_nc_oc=AdnqrjDN_BNjSSHWO-GbkIWH6fkGMLw4bqvL_NH6e2wMveX7G-rP2dAqsDSq1mJMOaY&#038;_nc_zt=24&#038;_nc_ht=scontent-gig4-1.xx&#038;_nc_gid=AoBFJeGrT1hVaew_6rchkQ&#038;oh=00_AfX7QmFGhQhG2jAllVgXCiM1ZrWgvtp80-Bfppyexh1QEg&#038;oe=689E923C\" \/>\n\t\t<meta property=\"article:published_time\" content=\"2016-04-20T18:04:41+00:00\" \/>\n\t\t<meta property=\"article:modified_time\" content=\"2016-04-20T18:04:41+00:00\" \/>\n\t\t<meta name=\"twitter:card\" content=\"summary_large_image\" \/>\n\t\t<meta name=\"twitter:title\" content=\"Secretaria de Estado de Sa\u00fade orienta munic\u00edpios a anteciparem a vacina\u00e7\u00e3o contra a gripe - A Not\u00edcia Online\" \/>\n\t\t<meta name=\"twitter:description\" content=\"A Secretaria de Estado de Sa\u00fade de Minas Gerais (SES-MG) recomenda a todos os munic\u00edpios mineiros que deem in\u00edcio \u00e0 Campanha de Vacina\u00e7\u00e3o contra Gripe na pr\u00f3xima segunda-feira (25). Em Muria\u00e9, a campanha deve come\u00e7ar somente no dia 30, pois as doses, segundo o Centro Municipal de Vacina\u00e7\u00e3o, ainda n\u00e3o chegaram \u00e0 cidade. A orienta\u00e7\u00e3o\" \/>\n\t\t<meta name=\"twitter:image\" content=\"https:\/\/scontent-gig4-1.xx.fbcdn.net\/v\/t39.30808-1\/270437624_4564083193639691_6907940295614233970_n.jpg?stp=dst-jpg_s200x200_tt6&amp;_nc_cat=111&amp;ccb=1-7&amp;_nc_sid=f907e8&amp;_nc_ohc=SM1wRlP3lJwQ7kNvwEPuBYA&amp;_nc_oc=AdnqrjDN_BNjSSHWO-GbkIWH6fkGMLw4bqvL_NH6e2wMveX7G-rP2dAqsDSq1mJMOaY&amp;_nc_zt=24&amp;_nc_ht=scontent-gig4-1.xx&amp;_nc_gid=AoBFJeGrT1hVaew_6rchkQ&amp;oh=00_AfX7QmFGhQhG2jAllVgXCiM1ZrWgvtp80-Bfppyexh1QEg&amp;oe=689E923C\" \/>\n\t\t<script type=\"application\/ld+json\" class=\"aioseo-schema\">\n\t\t\t{\"@context\":\"https:\\\/\\\/schema.org\",\"@graph\":[{\"@type\":\"BlogPosting\",\"@id\":\"https:\\\/\\\/anoticiaonline.com.br\\\/site\\\/secretaria-de-estado-de-saude-orienta-municipios-a-anteciparem-a-vacinacao-contra-a-gripe\\\/#blogposting\",\"name\":\"Secretaria de Estado de Sa\\u00fade orienta munic\\u00edpios a anteciparem a vacina\\u00e7\\u00e3o contra a gripe - A Not\\u00edcia Online\",\"headline\":\"Secretaria de Estado de Sa\\u00fade orienta munic\\u00edpios a anteciparem a vacina\\u00e7\\u00e3o contra a gripe\",\"author\":{\"@id\":\"https:\\\/\\\/anoticiaonline.com.br\\\/site\\\/author\\\/juliana\\\/#author\"},\"publisher\":{\"@id\":\"https:\\\/\\\/anoticiaonline.com.br\\\/site\\\/#organization\"},\"image\":{\"@type\":\"ImageObject\",\"url\":\"https:\\\/\\\/anoticiaonline.com.br\\\/site\\\/wp-content\\\/uploads\\\/2016\\\/04\\\/SES-MG-001.jpg\",\"width\":640,\"height\":238,\"caption\":\"Foto: Rodrigo Silva\"},\"datePublished\":\"2016-04-20T15:04:41-03:00\",\"dateModified\":\"2016-04-20T15:04:41-03:00\",\"inLanguage\":\"pt-BR\",\"mainEntityOfPage\":{\"@id\":\"https:\\\/\\\/anoticiaonline.com.br\\\/site\\\/secretaria-de-estado-de-saude-orienta-municipios-a-anteciparem-a-vacinacao-contra-a-gripe\\\/#webpage\"},\"isPartOf\":{\"@id\":\"https:\\\/\\\/anoticiaonline.com.br\\\/site\\\/secretaria-de-estado-de-saude-orienta-municipios-a-anteciparem-a-vacinacao-contra-a-gripe\\\/#webpage\"},\"articleSection\":\"Gerais, slide\"},{\"@type\":\"BreadcrumbList\",\"@id\":\"https:\\\/\\\/anoticiaonline.com.br\\\/site\\\/secretaria-de-estado-de-saude-orienta-municipios-a-anteciparem-a-vacinacao-contra-a-gripe\\\/#breadcrumblist\",\"itemListElement\":[{\"@type\":\"ListItem\",\"@id\":\"https:\\\/\\\/anoticiaonline.com.br\\\/site#listItem\",\"position\":1,\"name\":\"Home\",\"item\":\"https:\\\/\\\/anoticiaonline.com.br\\\/site\",\"nextItem\":{\"@type\":\"ListItem\",\"@id\":\"https:\\\/\\\/anoticiaonline.com.br\\\/site\\\/categoria\\\/gerais\\\/#listItem\",\"name\":\"Gerais\"}},{\"@type\":\"ListItem\",\"@id\":\"https:\\\/\\\/anoticiaonline.com.br\\\/site\\\/categoria\\\/gerais\\\/#listItem\",\"position\":2,\"name\":\"Gerais\",\"item\":\"https:\\\/\\\/anoticiaonline.com.br\\\/site\\\/categoria\\\/gerais\\\/\",\"nextItem\":{\"@type\":\"ListItem\",\"@id\":\"https:\\\/\\\/anoticiaonline.com.br\\\/site\\\/secretaria-de-estado-de-saude-orienta-municipios-a-anteciparem-a-vacinacao-contra-a-gripe\\\/#listItem\",\"name\":\"Secretaria de Estado de Sa\\u00fade orienta munic\\u00edpios a anteciparem a vacina\\u00e7\\u00e3o contra a gripe\"},\"previousItem\":{\"@type\":\"ListItem\",\"@id\":\"https:\\\/\\\/anoticiaonline.com.br\\\/site#listItem\",\"name\":\"Home\"}},{\"@type\":\"ListItem\",\"@id\":\"https:\\\/\\\/anoticiaonline.com.br\\\/site\\\/secretaria-de-estado-de-saude-orienta-municipios-a-anteciparem-a-vacinacao-contra-a-gripe\\\/#listItem\",\"position\":3,\"name\":\"Secretaria de Estado de Sa\\u00fade orienta munic\\u00edpios a anteciparem a vacina\\u00e7\\u00e3o contra a gripe\",\"previousItem\":{\"@type\":\"ListItem\",\"@id\":\"https:\\\/\\\/anoticiaonline.com.br\\\/site\\\/categoria\\\/gerais\\\/#listItem\",\"name\":\"Gerais\"}}]},{\"@type\":\"Organization\",\"@id\":\"https:\\\/\\\/anoticiaonline.com.br\\\/site\\\/#organization\",\"name\":\"A Not\\u00edcia Online\",\"description\":\"Noticias de Muria\\u00e9 e regi\\u00e3o\",\"url\":\"https:\\\/\\\/anoticiaonline.com.br\\\/site\\\/\",\"logo\":{\"@type\":\"ImageObject\",\"url\":\"https:\\\/\\\/scontent-gig4-1.xx.fbcdn.net\\\/v\\\/t39.30808-1\\\/270437624_4564083193639691_6907940295614233970_n.jpg?stp=dst-jpg_s200x200_tt6&_nc_cat=111&ccb=1-7&_nc_sid=f907e8&_nc_ohc=SM1wRlP3lJwQ7kNvwEPuBYA&_nc_oc=AdnqrjDN_BNjSSHWO-GbkIWH6fkGMLw4bqvL_NH6e2wMveX7G-rP2dAqsDSq1mJMOaY&_nc_zt=24&_nc_ht=scontent-gig4-1.xx&_nc_gid=AoBFJeGrT1hVaew_6rchkQ&oh=00_AfX7QmFGhQhG2jAllVgXCiM1ZrWgvtp80-Bfppyexh1QEg&oe=689E923C\",\"@id\":\"https:\\\/\\\/anoticiaonline.com.br\\\/site\\\/secretaria-de-estado-de-saude-orienta-municipios-a-anteciparem-a-vacinacao-contra-a-gripe\\\/#organizationLogo\"},\"image\":{\"@id\":\"https:\\\/\\\/anoticiaonline.com.br\\\/site\\\/secretaria-de-estado-de-saude-orienta-municipios-a-anteciparem-a-vacinacao-contra-a-gripe\\\/#organizationLogo\"}},{\"@type\":\"Person\",\"@id\":\"https:\\\/\\\/anoticiaonline.com.br\\\/site\\\/author\\\/juliana\\\/#author\",\"url\":\"https:\\\/\\\/anoticiaonline.com.br\\\/site\\\/author\\\/juliana\\\/\",\"name\":\"Juliana Laviola\",\"image\":{\"@type\":\"ImageObject\",\"@id\":\"https:\\\/\\\/anoticiaonline.com.br\\\/site\\\/secretaria-de-estado-de-saude-orienta-municipios-a-anteciparem-a-vacinacao-contra-a-gripe\\\/#authorImage\",\"url\":\"https:\\\/\\\/secure.gravatar.com\\\/avatar\\\/b8d45f5c699b100dfaf0e543582f38f38bf94cb7ae3a5e9abf8d891a34773335?s=96&d=mm&r=g\",\"width\":96,\"height\":96,\"caption\":\"Juliana Laviola\"}},{\"@type\":\"WebPage\",\"@id\":\"https:\\\/\\\/anoticiaonline.com.br\\\/site\\\/secretaria-de-estado-de-saude-orienta-municipios-a-anteciparem-a-vacinacao-contra-a-gripe\\\/#webpage\",\"url\":\"https:\\\/\\\/anoticiaonline.com.br\\\/site\\\/secretaria-de-estado-de-saude-orienta-municipios-a-anteciparem-a-vacinacao-contra-a-gripe\\\/\",\"name\":\"Secretaria de Estado de Sa\\u00fade orienta munic\\u00edpios a anteciparem a vacina\\u00e7\\u00e3o contra a gripe - A Not\\u00edcia Online\",\"description\":\"A Secretaria de Estado de Sa\\u00fade de Minas Gerais (SES-MG) recomenda a todos os munic\\u00edpios mineiros que deem in\\u00edcio \\u00e0 Campanha de Vacina\\u00e7\\u00e3o contra Gripe na pr\\u00f3xima segunda-feira (25). Em Muria\\u00e9, a campanha deve come\\u00e7ar somente no dia 30, pois as doses, segundo o Centro Municipal de Vacina\\u00e7\\u00e3o, ainda n\\u00e3o chegaram \\u00e0 cidade. A orienta\\u00e7\\u00e3o\",\"inLanguage\":\"pt-BR\",\"isPartOf\":{\"@id\":\"https:\\\/\\\/anoticiaonline.com.br\\\/site\\\/#website\"},\"breadcrumb\":{\"@id\":\"https:\\\/\\\/anoticiaonline.com.br\\\/site\\\/secretaria-de-estado-de-saude-orienta-municipios-a-anteciparem-a-vacinacao-contra-a-gripe\\\/#breadcrumblist\"},\"author\":{\"@id\":\"https:\\\/\\\/anoticiaonline.com.br\\\/site\\\/author\\\/juliana\\\/#author\"},\"creator\":{\"@id\":\"https:\\\/\\\/anoticiaonline.com.br\\\/site\\\/author\\\/juliana\\\/#author\"},\"image\":{\"@type\":\"ImageObject\",\"url\":\"https:\\\/\\\/anoticiaonline.com.br\\\/site\\\/wp-content\\\/uploads\\\/2016\\\/04\\\/SES-MG-001.jpg\",\"@id\":\"https:\\\/\\\/anoticiaonline.com.br\\\/site\\\/secretaria-de-estado-de-saude-orienta-municipios-a-anteciparem-a-vacinacao-contra-a-gripe\\\/#mainImage\",\"width\":640,\"height\":238,\"caption\":\"Foto: Rodrigo Silva\"},\"primaryImageOfPage\":{\"@id\":\"https:\\\/\\\/anoticiaonline.com.br\\\/site\\\/secretaria-de-estado-de-saude-orienta-municipios-a-anteciparem-a-vacinacao-contra-a-gripe\\\/#mainImage\"},\"datePublished\":\"2016-04-20T15:04:41-03:00\",\"dateModified\":\"2016-04-20T15:04:41-03:00\"},{\"@type\":\"WebSite\",\"@id\":\"https:\\\/\\\/anoticiaonline.com.br\\\/site\\\/#website\",\"url\":\"https:\\\/\\\/anoticiaonline.com.br\\\/site\\\/\",\"name\":\"A Not\\u00edcia Online\",\"description\":\"Noticias de Muria\\u00e9 e regi\\u00e3o\",\"inLanguage\":\"pt-BR\",\"publisher\":{\"@id\":\"https:\\\/\\\/anoticiaonline.com.br\\\/site\\\/#organization\"}}]}\n\t\t<\/script>\n\t\t<!-- All in One SEO -->\n\n","aioseo_head_json":{"title":"Secretaria de Estado de Sa\u00fade orienta munic\u00edpios a anteciparem a vacina\u00e7\u00e3o contra a gripe - A Not\u00edcia Online","description":"A Secretaria de Estado de Sa\u00fade de Minas Gerais (SES-MG) recomenda a todos os munic\u00edpios mineiros que deem in\u00edcio \u00e0 Campanha de Vacina\u00e7\u00e3o contra Gripe na pr\u00f3xima segunda-feira (25). Em Muria\u00e9, a campanha deve come\u00e7ar somente no dia 30, pois as doses, segundo o Centro Municipal de Vacina\u00e7\u00e3o, ainda n\u00e3o chegaram \u00e0 cidade. A orienta\u00e7\u00e3o","canonical_url":"https:\/\/anoticiaonline.com.br\/site\/secretaria-de-estado-de-saude-orienta-municipios-a-anteciparem-a-vacinacao-contra-a-gripe\/","robots":"max-image-preview:large","keywords":"","webmasterTools":{"miscellaneous":""},"schema":{"@context":"https:\/\/schema.org","@graph":[{"@type":"BlogPosting","@id":"https:\/\/anoticiaonline.com.br\/site\/secretaria-de-estado-de-saude-orienta-municipios-a-anteciparem-a-vacinacao-contra-a-gripe\/#blogposting","name":"Secretaria de Estado de Sa\u00fade orienta munic\u00edpios a anteciparem a vacina\u00e7\u00e3o contra a gripe - A Not\u00edcia Online","headline":"Secretaria de Estado de Sa\u00fade orienta munic\u00edpios a anteciparem a vacina\u00e7\u00e3o contra a gripe","author":{"@id":"https:\/\/anoticiaonline.com.br\/site\/author\/juliana\/#author"},"publisher":{"@id":"https:\/\/anoticiaonline.com.br\/site\/#organization"},"image":{"@type":"ImageObject","url":"https:\/\/anoticiaonline.com.br\/site\/wp-content\/uploads\/2016\/04\/SES-MG-001.jpg","width":640,"height":238,"caption":"Foto: Rodrigo Silva"},"datePublished":"2016-04-20T15:04:41-03:00","dateModified":"2016-04-20T15:04:41-03:00","inLanguage":"pt-BR","mainEntityOfPage":{"@id":"https:\/\/anoticiaonline.com.br\/site\/secretaria-de-estado-de-saude-orienta-municipios-a-anteciparem-a-vacinacao-contra-a-gripe\/#webpage"},"isPartOf":{"@id":"https:\/\/anoticiaonline.com.br\/site\/secretaria-de-estado-de-saude-orienta-municipios-a-anteciparem-a-vacinacao-contra-a-gripe\/#webpage"},"articleSection":"Gerais, slide"},{"@type":"BreadcrumbList","@id":"https:\/\/anoticiaonline.com.br\/site\/secretaria-de-estado-de-saude-orienta-municipios-a-anteciparem-a-vacinacao-contra-a-gripe\/#breadcrumblist","itemListElement":[{"@type":"ListItem","@id":"https:\/\/anoticiaonline.com.br\/site#listItem","position":1,"name":"Home","item":"https:\/\/anoticiaonline.com.br\/site","nextItem":{"@type":"ListItem","@id":"https:\/\/anoticiaonline.com.br\/site\/categoria\/gerais\/#listItem","name":"Gerais"}},{"@type":"ListItem","@id":"https:\/\/anoticiaonline.com.br\/site\/categoria\/gerais\/#listItem","position":2,"name":"Gerais","item":"https:\/\/anoticiaonline.com.br\/site\/categoria\/gerais\/","nextItem":{"@type":"ListItem","@id":"https:\/\/anoticiaonline.com.br\/site\/secretaria-de-estado-de-saude-orienta-municipios-a-anteciparem-a-vacinacao-contra-a-gripe\/#listItem","name":"Secretaria de Estado de Sa\u00fade orienta munic\u00edpios a anteciparem a vacina\u00e7\u00e3o contra a gripe"},"previousItem":{"@type":"ListItem","@id":"https:\/\/anoticiaonline.com.br\/site#listItem","name":"Home"}},{"@type":"ListItem","@id":"https:\/\/anoticiaonline.com.br\/site\/secretaria-de-estado-de-saude-orienta-municipios-a-anteciparem-a-vacinacao-contra-a-gripe\/#listItem","position":3,"name":"Secretaria de Estado de Sa\u00fade orienta munic\u00edpios a anteciparem a vacina\u00e7\u00e3o contra a gripe","previousItem":{"@type":"ListItem","@id":"https:\/\/anoticiaonline.com.br\/site\/categoria\/gerais\/#listItem","name":"Gerais"}}]},{"@type":"Organization","@id":"https:\/\/anoticiaonline.com.br\/site\/#organization","name":"A Not\u00edcia Online","description":"Noticias de Muria\u00e9 e regi\u00e3o","url":"https:\/\/anoticiaonline.com.br\/site\/","logo":{"@type":"ImageObject","url":"https:\/\/scontent-gig4-1.xx.fbcdn.net\/v\/t39.30808-1\/270437624_4564083193639691_6907940295614233970_n.jpg?stp=dst-jpg_s200x200_tt6&_nc_cat=111&ccb=1-7&_nc_sid=f907e8&_nc_ohc=SM1wRlP3lJwQ7kNvwEPuBYA&_nc_oc=AdnqrjDN_BNjSSHWO-GbkIWH6fkGMLw4bqvL_NH6e2wMveX7G-rP2dAqsDSq1mJMOaY&_nc_zt=24&_nc_ht=scontent-gig4-1.xx&_nc_gid=AoBFJeGrT1hVaew_6rchkQ&oh=00_AfX7QmFGhQhG2jAllVgXCiM1ZrWgvtp80-Bfppyexh1QEg&oe=689E923C","@id":"https:\/\/anoticiaonline.com.br\/site\/secretaria-de-estado-de-saude-orienta-municipios-a-anteciparem-a-vacinacao-contra-a-gripe\/#organizationLogo"},"image":{"@id":"https:\/\/anoticiaonline.com.br\/site\/secretaria-de-estado-de-saude-orienta-municipios-a-anteciparem-a-vacinacao-contra-a-gripe\/#organizationLogo"}},{"@type":"Person","@id":"https:\/\/anoticiaonline.com.br\/site\/author\/juliana\/#author","url":"https:\/\/anoticiaonline.com.br\/site\/author\/juliana\/","name":"Juliana Laviola","image":{"@type":"ImageObject","@id":"https:\/\/anoticiaonline.com.br\/site\/secretaria-de-estado-de-saude-orienta-municipios-a-anteciparem-a-vacinacao-contra-a-gripe\/#authorImage","url":"https:\/\/secure.gravatar.com\/avatar\/b8d45f5c699b100dfaf0e543582f38f38bf94cb7ae3a5e9abf8d891a34773335?s=96&d=mm&r=g","width":96,"height":96,"caption":"Juliana Laviola"}},{"@type":"WebPage","@id":"https:\/\/anoticiaonline.com.br\/site\/secretaria-de-estado-de-saude-orienta-municipios-a-anteciparem-a-vacinacao-contra-a-gripe\/#webpage","url":"https:\/\/anoticiaonline.com.br\/site\/secretaria-de-estado-de-saude-orienta-municipios-a-anteciparem-a-vacinacao-contra-a-gripe\/","name":"Secretaria de Estado de Sa\u00fade orienta munic\u00edpios a anteciparem a vacina\u00e7\u00e3o contra a gripe - A Not\u00edcia Online","description":"A Secretaria de Estado de Sa\u00fade de Minas Gerais (SES-MG) recomenda a todos os munic\u00edpios mineiros que deem in\u00edcio \u00e0 Campanha de Vacina\u00e7\u00e3o contra Gripe na pr\u00f3xima segunda-feira (25). Em Muria\u00e9, a campanha deve come\u00e7ar somente no dia 30, pois as doses, segundo o Centro Municipal de Vacina\u00e7\u00e3o, ainda n\u00e3o chegaram \u00e0 cidade. A orienta\u00e7\u00e3o","inLanguage":"pt-BR","isPartOf":{"@id":"https:\/\/anoticiaonline.com.br\/site\/#website"},"breadcrumb":{"@id":"https:\/\/anoticiaonline.com.br\/site\/secretaria-de-estado-de-saude-orienta-municipios-a-anteciparem-a-vacinacao-contra-a-gripe\/#breadcrumblist"},"author":{"@id":"https:\/\/anoticiaonline.com.br\/site\/author\/juliana\/#author"},"creator":{"@id":"https:\/\/anoticiaonline.com.br\/site\/author\/juliana\/#author"},"image":{"@type":"ImageObject","url":"https:\/\/anoticiaonline.com.br\/site\/wp-content\/uploads\/2016\/04\/SES-MG-001.jpg","@id":"https:\/\/anoticiaonline.com.br\/site\/secretaria-de-estado-de-saude-orienta-municipios-a-anteciparem-a-vacinacao-contra-a-gripe\/#mainImage","width":640,"height":238,"caption":"Foto: Rodrigo Silva"},"primaryImageOfPage":{"@id":"https:\/\/anoticiaonline.com.br\/site\/secretaria-de-estado-de-saude-orienta-municipios-a-anteciparem-a-vacinacao-contra-a-gripe\/#mainImage"},"datePublished":"2016-04-20T15:04:41-03:00","dateModified":"2016-04-20T15:04:41-03:00"},{"@type":"WebSite","@id":"https:\/\/anoticiaonline.com.br\/site\/#website","url":"https:\/\/anoticiaonline.com.br\/site\/","name":"A Not\u00edcia Online","description":"Noticias de Muria\u00e9 e regi\u00e3o","inLanguage":"pt-BR","publisher":{"@id":"https:\/\/anoticiaonline.com.br\/site\/#organization"}}]},"og:locale":"pt_BR","og:site_name":"A Not\u00edcia Online - Noticias de Muria\u00e9 e regi\u00e3o","og:type":"article","og:title":"Secretaria de Estado de Sa\u00fade orienta munic\u00edpios a anteciparem a vacina\u00e7\u00e3o contra a gripe - A Not\u00edcia Online","og:description":"A Secretaria de Estado de Sa\u00fade de Minas Gerais (SES-MG) recomenda a todos os munic\u00edpios mineiros que deem in\u00edcio \u00e0 Campanha de Vacina\u00e7\u00e3o contra Gripe na pr\u00f3xima segunda-feira (25). Em Muria\u00e9, a campanha deve come\u00e7ar somente no dia 30, pois as doses, segundo o Centro Municipal de Vacina\u00e7\u00e3o, ainda n\u00e3o chegaram \u00e0 cidade. A orienta\u00e7\u00e3o","og:url":"https:\/\/anoticiaonline.com.br\/site\/secretaria-de-estado-de-saude-orienta-municipios-a-anteciparem-a-vacinacao-contra-a-gripe\/","og:image":"https:\/\/scontent-gig4-1.xx.fbcdn.net\/v\/t39.30808-1\/270437624_4564083193639691_6907940295614233970_n.jpg?stp=dst-jpg_s200x200_tt6&#038;_nc_cat=111&#038;ccb=1-7&#038;_nc_sid=f907e8&#038;_nc_ohc=SM1wRlP3lJwQ7kNvwEPuBYA&#038;_nc_oc=AdnqrjDN_BNjSSHWO-GbkIWH6fkGMLw4bqvL_NH6e2wMveX7G-rP2dAqsDSq1mJMOaY&#038;_nc_zt=24&#038;_nc_ht=scontent-gig4-1.xx&#038;_nc_gid=AoBFJeGrT1hVaew_6rchkQ&#038;oh=00_AfX7QmFGhQhG2jAllVgXCiM1ZrWgvtp80-Bfppyexh1QEg&#038;oe=689E923C","og:image:secure_url":"https:\/\/scontent-gig4-1.xx.fbcdn.net\/v\/t39.30808-1\/270437624_4564083193639691_6907940295614233970_n.jpg?stp=dst-jpg_s200x200_tt6&#038;_nc_cat=111&#038;ccb=1-7&#038;_nc_sid=f907e8&#038;_nc_ohc=SM1wRlP3lJwQ7kNvwEPuBYA&#038;_nc_oc=AdnqrjDN_BNjSSHWO-GbkIWH6fkGMLw4bqvL_NH6e2wMveX7G-rP2dAqsDSq1mJMOaY&#038;_nc_zt=24&#038;_nc_ht=scontent-gig4-1.xx&#038;_nc_gid=AoBFJeGrT1hVaew_6rchkQ&#038;oh=00_AfX7QmFGhQhG2jAllVgXCiM1ZrWgvtp80-Bfppyexh1QEg&#038;oe=689E923C","article:published_time":"2016-04-20T18:04:41+00:00","article:modified_time":"2016-04-20T18:04:41+00:00","twitter:card":"summary_large_image","twitter:title":"Secretaria de Estado de Sa\u00fade orienta munic\u00edpios a anteciparem a vacina\u00e7\u00e3o contra a gripe - A Not\u00edcia Online","twitter:description":"A Secretaria de Estado de Sa\u00fade de Minas Gerais (SES-MG) recomenda a todos os munic\u00edpios mineiros que deem in\u00edcio \u00e0 Campanha de Vacina\u00e7\u00e3o contra Gripe na pr\u00f3xima segunda-feira (25). Em Muria\u00e9, a campanha deve come\u00e7ar somente no dia 30, pois as doses, segundo o Centro Municipal de Vacina\u00e7\u00e3o, ainda n\u00e3o chegaram \u00e0 cidade. A orienta\u00e7\u00e3o","twitter:image":"https:\/\/scontent-gig4-1.xx.fbcdn.net\/v\/t39.30808-1\/270437624_4564083193639691_6907940295614233970_n.jpg?stp=dst-jpg_s200x200_tt6&_nc_cat=111&ccb=1-7&_nc_sid=f907e8&_nc_ohc=SM1wRlP3lJwQ7kNvwEPuBYA&_nc_oc=AdnqrjDN_BNjSSHWO-GbkIWH6fkGMLw4bqvL_NH6e2wMveX7G-rP2dAqsDSq1mJMOaY&_nc_zt=24&_nc_ht=scontent-gig4-1.xx&_nc_gid=AoBFJeGrT1hVaew_6rchkQ&oh=00_AfX7QmFGhQhG2jAllVgXCiM1ZrWgvtp80-Bfppyexh1QEg&oe=689E923C"},"aioseo_meta_data":{"post_id":"12111","title":null,"description":null,"keywords":null,"keyphrases":null,"primary_term":null,"canonical_url":null,"og_title":null,"og_description":null,"og_object_type":"default","og_image_type":"default","og_image_url":null,"og_image_width":null,"og_image_height":null,"og_image_custom_url":null,"og_image_custom_fields":null,"og_video":null,"og_custom_url":null,"og_article_section":null,"og_article_tags":null,"twitter_use_og":false,"twitter_card":"default","twitter_image_type":"default","twitter_image_url":null,"twitter_image_custom_url":null,"twitter_image_custom_fields":null,"twitter_title":null,"twitter_description":null,"schema":{"blockGraphs":[],"customGraphs":[],"default":{"data":{"Article":[],"Course":[],"Dataset":[],"FAQPage":[],"Movie":[],"Person":[],"Product":[],"ProductReview":[],"Car":[],"Recipe":[],"Service":[],"SoftwareApplication":[],"WebPage":[]},"graphName":"","isEnabled":true},"graphs":[]},"schema_type":"default","schema_type_options":null,"pillar_content":false,"robots_default":true,"robots_noindex":false,"robots_noarchive":false,"robots_nosnippet":false,"robots_nofollow":false,"robots_noimageindex":false,"robots_noodp":false,"robots_notranslate":false,"robots_max_snippet":null,"robots_max_videopreview":null,"robots_max_imagepreview":"large","priority":null,"frequency":null,"local_seo":null,"breadcrumb_settings":null,"limit_modified_date":false,"ai":null,"created":"2025-08-16 15:49:28","updated":"2025-08-16 15:49:28","focus_keyword":null,"additional_keywords":null,"truseo_locale":null,"seo_analyzer_scan_date":null},"aioseo_breadcrumb":"<div class=\"aioseo-breadcrumbs\"><span class=\"aioseo-breadcrumb\">\n\t\t\t<a href=\"https:\/\/anoticiaonline.com.br\/site\" title=\"Home\">Home<\/a>\n\t\t<\/span><span class=\"aioseo-breadcrumb-separator\">&raquo;<\/span><span class=\"aioseo-breadcrumb\">\n\t\t\t<a href=\"https:\/\/anoticiaonline.com.br\/site\/categoria\/gerais\/\" title=\"Gerais\">Gerais<\/a>\n\t\t<\/span><span class=\"aioseo-breadcrumb-separator\">&raquo;<\/span><span class=\"aioseo-breadcrumb\">\n\t\t\tSecretaria de Estado de Sa\u00fade orienta munic\u00edpios a anteciparem a vacina\u00e7\u00e3o contra a gripe\n\t\t<\/span><\/div>","aioseo_breadcrumb_json":[{"label":"Home","link":"https:\/\/anoticiaonline.com.br\/site"},{"label":"Gerais","link":"https:\/\/anoticiaonline.com.br\/site\/categoria\/gerais\/"},{"label":"Secretaria de Estado de Sa\u00fade orienta munic\u00edpios a anteciparem a vacina\u00e7\u00e3o contra a gripe","link":"https:\/\/anoticiaonline.com.br\/site\/secretaria-de-estado-de-saude-orienta-municipios-a-anteciparem-a-vacinacao-contra-a-gripe\/"}],"views":139,"_links":{"self":[{"href":"https:\/\/anoticiaonline.com.br\/site\/wp-json\/wp\/v2\/posts\/12111","targetHints":{"allow":["GET"]}}],"collection":[{"href":"https:\/\/anoticiaonline.com.br\/site\/wp-json\/wp\/v2\/posts"}],"about":[{"href":"https:\/\/anoticiaonline.com.br\/site\/wp-json\/wp\/v2\/types\/post"}],"author":[{"embeddable":true,"href":"https:\/\/anoticiaonline.com.br\/site\/wp-json\/wp\/v2\/users\/2"}],"replies":[{"embeddable":true,"href":"https:\/\/anoticiaonline.com.br\/site\/wp-json\/wp\/v2\/comments?post=12111"}],"version-history":[{"count":0,"href":"https:\/\/anoticiaonline.com.br\/site\/wp-json\/wp\/v2\/posts\/12111\/revisions"}],"wp:featuredmedia":[{"embeddable":true,"href":"https:\/\/anoticiaonline.com.br\/site\/wp-json\/wp\/v2\/media\/12112"}],"wp:attachment":[{"href":"https:\/\/anoticiaonline.com.br\/site\/wp-json\/wp\/v2\/media?parent=12111"}],"wp:term":[{"taxonomy":"category","embeddable":true,"href":"https:\/\/anoticiaonline.com.br\/site\/wp-json\/wp\/v2\/categories?post=12111"},{"taxonomy":"post_tag","embeddable":true,"href":"https:\/\/anoticiaonline.com.br\/site\/wp-json\/wp\/v2\/tags?post=12111"}],"curies":[{"name":"wp","href":"https:\/\/api.w.org\/{rel}","templated":true}]}}