{"id":12090,"date":"2016-04-14T21:16:53","date_gmt":"2016-04-15T00:16:53","guid":{"rendered":"http:\/\/anoticiaonline.com.br\/site\/?p=12090"},"modified":"2016-04-14T21:16:53","modified_gmt":"2016-04-15T00:16:53","slug":"entre-a-cruz-e-a-espada","status":"publish","type":"post","link":"https:\/\/anoticiaonline.com.br\/site\/entre-a-cruz-e-a-espada\/","title":{"rendered":"Entre a cruz e a espada"},"content":{"rendered":"<p><strong><em>\u201cMeu Deus do c\u00e9u! Essa \u00e9 nossa alternativa de poder.\u201d (Luis Roberto Barroso \u2013 Ministro do STF)<\/em><\/strong><\/p>\n<p>Estamos numa encruzilhada. O Brasil vive a maior crise pol\u00edtica desde o in\u00edcio de sua redemocratiza\u00e7\u00e3o. Arquitetado por Lula e sua trupe, o maior projeto de perman\u00eancia de poder da Hist\u00f3ria republicana mergulhou o pa\u00eds num mar de lamas, e hoje, infelizmente, n\u00e3o se vislumbra nenhuma sa\u00edda honrosa para o caos que foi ardilosamente instalado.<\/p>\n<p>O processo de impeachment da presidenta Dilma Rousseff anda a todo vapor. Talvez ele seja votado pelo Plen\u00e1rio at\u00e9 no pr\u00f3ximo domingo. Se passar pela C\u00e2mara dos Deputados, vai para o Senado para seguir o seu rito, dando continuidade. Se n\u00e3o for aprovado o impeachment, nessa primeira vota\u00e7\u00e3o do Plen\u00e1rio da C\u00e2mara, existem outros sete pedidos engavetados pelo presidente Eduardo Cunha \u00e0 espera do resultado da vota\u00e7\u00e3o. Portanto, a discuss\u00e3o sobre o \u201cbota-fora\u201d da presidenta continuar\u00e1 de uma forma ou de outra.<\/p>\n<p>O cen\u00e1rio pol\u00edtico e econ\u00f4mico do pa\u00eds n\u00e3o \u00e9 nada animador. Muito pelo contr\u00e1rio. Suponhamos que a presidenta, mesmo com todas as acusa\u00e7\u00f5es que lhe pesam sobre os\u00a0 ombros, como as chamadas pedaladas fiscais, o estelionato eleitoral, os crimes de responsabilidade e outras mais, saia ilesa para continuar o seu governo por mais dois anos e meio, qual ser\u00e1 a sua credibilidade para governar o pa\u00eds pelo tempo que lhe resta? Teria ela condi\u00e7\u00f5es de governabilidade daqui para frente?\u00a0 Se com cinco anos e meio de governo ela s\u00f3 conseguiu afundar o pa\u00eds na recess\u00e3o, agora sem o PMDB para apoi\u00e1-la, qual seria a m\u00e1gica ou o norte salvador da p\u00e1tria? A incompet\u00eancia do seu governo fez com que crescesse a taxa de desemprego, que j\u00e1 anda na casa dos dois d\u00edgitos; permitiu, ainda, a volta da infla\u00e7\u00e3o que corr\u00f3i os sal\u00e1rios, jogando no lixo todas as tais conquistas sociais do povo, benef\u00edcios amplamente alardeados nas campanhas eleitorais pelos petistas e seguidores; permitiu a escalada dos assaltos \u00e0 Petrobras, estatal da qual ela foi a presidente do Conselho Administrativo. Repito a pergunta: encontrar\u00e1 a presidenta, nos dois anos e meio que lhe restam de mandato, ambiente e terreno f\u00e9rtil para tirar o pa\u00eds do fundo do po\u00e7o, logo ela que foi uma das principais protagonistas deste verdadeiro filme de terror?<\/p>\n<p>De outro lado, temos o vice Michel Temer, que com o seu apoio, queira ou n\u00e3o os seus defensores, foi, sim, um importante coadjuvante do governo na derrocada econ\u00f4mica do pa\u00eds. Ele s\u00f3 pulou fora do barco no \u00faltimo instante e porque vislumbrou alguns salva-vidas que lhe deram a m\u00e3o. J\u00e1 nesta semana, ele deixou escapar um \u00e1udio inoportuno, amplamente divulgado pela imprensa, o que demonstra o seu despreparo e a sua imodera\u00e7\u00e3o para lidar com a alta complexidade dos problemas que o pa\u00eds enfrenta neste momento, caso ele tenha mesmo que assumir a Presid\u00eancia da Rep\u00fablica.<\/p>\n<p>E neste caso, as d\u00favidas ser\u00e3o as mesmas. Na eventualidade de assumir a Presid\u00eancia da Rep\u00fablica, ter\u00e1 o \u201cnovo comandante\u201d, ao exercer um mandato \u201ctamp\u00e3o\u201d, credibilidade para enfrentar os temporais que se anunciam? A volta da estabilidade e da confian\u00e7a para navegar em \u00e1guas t\u00e3o turvas e revoltas n\u00e3o ser\u00e1 uma miss\u00e3o t\u00e3o f\u00e1cil. Recolocar o pa\u00eds nos trilhos exigir\u00e1 do novo presidente muita habilidade pol\u00edtica para aglutinar for\u00e7as. Se utilizar-se do fisiologismo barato para ganhar for\u00e7a, estar\u00e1 cometendo as mesmas pr\u00e1ticas conden\u00e1veis de seus antecessores. E com certeza, para piorar o cen\u00e1rio, o novo presidente ter\u00e1 a oposi\u00e7\u00e3o ferrenha de Lula, dos sindicalistas, de movimentos sociais como o MST, que j\u00e1 prometeram que, caso a presidenta Dilma seja defenestrada, \u201cfar\u00e3o da sua vida um inferno\u201d.\u00a0 \u00c9 o \u00f3dio que falar\u00e1 mais alto, e certamente se utilizar\u00e3o do lema de \u201cquanto pior melhor\u201d.<\/p>\n<p>Na verdade, observando o cen\u00e1rio pol\u00edtico que se vislumbra aos olhos de qualquer brasileiro, sem a presen\u00e7a de uma lideran\u00e7a com o m\u00ednimo de credibilidade, justifica-se a exclama\u00e7\u00e3o quase desesperada do ministro do STF, Luis Roberto Barroso.<\/p>\n<p>Claro que tudo isso se trata de hip\u00f3teses, at\u00e9 porque, o processo de impeachment da presidenta est\u00e1 s\u00f3 come\u00e7ando, e uma longa batalha ser\u00e1 travada pelo poder. Embora estejamos neste momento entre a cruz e a espada, a li\u00e7\u00e3o que fica, \u00e9 que ningu\u00e9m \u00e9 t\u00e3o soberano o bastante para continuar no poder se o povo n\u00e3o quiser. Basta que se fa\u00e7a a mobiliza\u00e7\u00e3o correta.\u00a0 O povo p\u00f5e, e se quiser, o povo pode tirar.<\/p>\n","protected":false},"excerpt":{"rendered":"<p>\u201cMeu Deus do c\u00e9u! Essa \u00e9 nossa alternativa de poder.\u201d (Luis Roberto Barroso \u2013 Ministro do STF) Estamos numa encruzilhada. O Brasil vive a maior crise pol\u00edtica desde o in\u00edcio de sua redemocratiza\u00e7\u00e3o. Arquitetado por Lula e sua trupe, o maior projeto de perman\u00eancia de poder da Hist\u00f3ria republicana mergulhou o pa\u00eds num mar de &#8230; <a title=\"Entre a cruz e a espada\" class=\"read-more\" href=\"https:\/\/anoticiaonline.com.br\/site\/entre-a-cruz-e-a-espada\/\" aria-label=\"Read more about Entre a cruz e a espada\">Ler mais<\/a><\/p>\n","protected":false},"author":2,"featured_media":0,"comment_status":"open","ping_status":"open","sticky":false,"template":"","format":"standard","meta":{"_acf_changed":false,"_monsterinsights_skip_tracking":false,"footnotes":""},"categories":[33],"tags":[],"class_list":["post-12090","post","type-post","status-publish","format-standard","hentry","category-politica-e-atualidades-francisco-laviola"],"acf":[],"aioseo_notices":[],"aioseo_head":"\n\t\t<!-- All in One SEO 5.0.0.1 - aioseo.com -->\n\t<meta name=\"description\" content=\"\u201cMeu Deus do c\u00e9u! Essa \u00e9 nossa alternativa de poder.\u201d (Luis Roberto Barroso \u2013 Ministro do STF) Estamos numa encruzilhada. O Brasil vive a maior crise pol\u00edtica desde o in\u00edcio de sua redemocratiza\u00e7\u00e3o. Arquitetado por Lula e sua trupe, o maior projeto de perman\u00eancia de poder da Hist\u00f3ria republicana mergulhou o pa\u00eds num mar de\" \/>\n\t<meta name=\"robots\" content=\"max-image-preview:large\" \/>\n\t<meta name=\"author\" content=\"Juliana Laviola\"\/>\n\t<link rel=\"canonical\" href=\"https:\/\/anoticiaonline.com.br\/site\/entre-a-cruz-e-a-espada\/\" \/>\n\t<meta name=\"generator\" content=\"All in One SEO (AIOSEO) 5.0.0.1\" \/>\n\t\t<meta property=\"og:locale\" content=\"pt_BR\" \/>\n\t\t<meta property=\"og:site_name\" content=\"A Not\u00edcia Online - Noticias de Muria\u00e9 e regi\u00e3o\" \/>\n\t\t<meta property=\"og:type\" content=\"article\" \/>\n\t\t<meta property=\"og:title\" content=\"Entre a cruz e a espada - A Not\u00edcia Online\" \/>\n\t\t<meta property=\"og:description\" content=\"\u201cMeu Deus do c\u00e9u! Essa \u00e9 nossa alternativa de poder.\u201d (Luis Roberto Barroso \u2013 Ministro do STF) Estamos numa encruzilhada. O Brasil vive a maior crise pol\u00edtica desde o in\u00edcio de sua redemocratiza\u00e7\u00e3o. Arquitetado por Lula e sua trupe, o maior projeto de perman\u00eancia de poder da Hist\u00f3ria republicana mergulhou o pa\u00eds num mar de\" \/>\n\t\t<meta property=\"og:url\" content=\"https:\/\/anoticiaonline.com.br\/site\/entre-a-cruz-e-a-espada\/\" \/>\n\t\t<meta property=\"og:image\" content=\"https:\/\/scontent-gig4-1.xx.fbcdn.net\/v\/t39.30808-1\/270437624_4564083193639691_6907940295614233970_n.jpg?stp=dst-jpg_s200x200_tt6&#038;_nc_cat=111&#038;ccb=1-7&#038;_nc_sid=f907e8&#038;_nc_ohc=SM1wRlP3lJwQ7kNvwEPuBYA&#038;_nc_oc=AdnqrjDN_BNjSSHWO-GbkIWH6fkGMLw4bqvL_NH6e2wMveX7G-rP2dAqsDSq1mJMOaY&#038;_nc_zt=24&#038;_nc_ht=scontent-gig4-1.xx&#038;_nc_gid=AoBFJeGrT1hVaew_6rchkQ&#038;oh=00_AfX7QmFGhQhG2jAllVgXCiM1ZrWgvtp80-Bfppyexh1QEg&#038;oe=689E923C\" \/>\n\t\t<meta property=\"og:image:secure_url\" content=\"https:\/\/scontent-gig4-1.xx.fbcdn.net\/v\/t39.30808-1\/270437624_4564083193639691_6907940295614233970_n.jpg?stp=dst-jpg_s200x200_tt6&#038;_nc_cat=111&#038;ccb=1-7&#038;_nc_sid=f907e8&#038;_nc_ohc=SM1wRlP3lJwQ7kNvwEPuBYA&#038;_nc_oc=AdnqrjDN_BNjSSHWO-GbkIWH6fkGMLw4bqvL_NH6e2wMveX7G-rP2dAqsDSq1mJMOaY&#038;_nc_zt=24&#038;_nc_ht=scontent-gig4-1.xx&#038;_nc_gid=AoBFJeGrT1hVaew_6rchkQ&#038;oh=00_AfX7QmFGhQhG2jAllVgXCiM1ZrWgvtp80-Bfppyexh1QEg&#038;oe=689E923C\" \/>\n\t\t<meta property=\"article:published_time\" content=\"2016-04-15T00:16:53+00:00\" \/>\n\t\t<meta property=\"article:modified_time\" content=\"2016-04-15T00:16:53+00:00\" \/>\n\t\t<meta name=\"twitter:card\" content=\"summary_large_image\" \/>\n\t\t<meta name=\"twitter:title\" content=\"Entre a cruz e a espada - A Not\u00edcia Online\" \/>\n\t\t<meta name=\"twitter:description\" content=\"\u201cMeu Deus do c\u00e9u! Essa \u00e9 nossa alternativa de poder.\u201d (Luis Roberto Barroso \u2013 Ministro do STF) Estamos numa encruzilhada. O Brasil vive a maior crise pol\u00edtica desde o in\u00edcio de sua redemocratiza\u00e7\u00e3o. Arquitetado por Lula e sua trupe, o maior projeto de perman\u00eancia de poder da Hist\u00f3ria republicana mergulhou o pa\u00eds num mar de\" \/>\n\t\t<meta name=\"twitter:image\" content=\"https:\/\/scontent-gig4-1.xx.fbcdn.net\/v\/t39.30808-1\/270437624_4564083193639691_6907940295614233970_n.jpg?stp=dst-jpg_s200x200_tt6&amp;_nc_cat=111&amp;ccb=1-7&amp;_nc_sid=f907e8&amp;_nc_ohc=SM1wRlP3lJwQ7kNvwEPuBYA&amp;_nc_oc=AdnqrjDN_BNjSSHWO-GbkIWH6fkGMLw4bqvL_NH6e2wMveX7G-rP2dAqsDSq1mJMOaY&amp;_nc_zt=24&amp;_nc_ht=scontent-gig4-1.xx&amp;_nc_gid=AoBFJeGrT1hVaew_6rchkQ&amp;oh=00_AfX7QmFGhQhG2jAllVgXCiM1ZrWgvtp80-Bfppyexh1QEg&amp;oe=689E923C\" \/>\n\t\t<script type=\"application\/ld+json\" class=\"aioseo-schema\">\n\t\t\t{\"@context\":\"https:\\\/\\\/schema.org\",\"@graph\":[{\"@type\":\"BlogPosting\",\"@id\":\"https:\\\/\\\/anoticiaonline.com.br\\\/site\\\/entre-a-cruz-e-a-espada\\\/#blogposting\",\"name\":\"Entre a cruz e a espada - A Not\\u00edcia Online\",\"headline\":\"Entre a cruz e a espada\",\"author\":{\"@id\":\"https:\\\/\\\/anoticiaonline.com.br\\\/site\\\/author\\\/juliana\\\/#author\"},\"publisher\":{\"@id\":\"https:\\\/\\\/anoticiaonline.com.br\\\/site\\\/#organization\"},\"image\":{\"@type\":\"ImageObject\",\"url\":\"https:\\\/\\\/scontent-gig4-1.xx.fbcdn.net\\\/v\\\/t39.30808-1\\\/270437624_4564083193639691_6907940295614233970_n.jpg?stp=dst-jpg_s200x200_tt6&_nc_cat=111&ccb=1-7&_nc_sid=f907e8&_nc_ohc=SM1wRlP3lJwQ7kNvwEPuBYA&_nc_oc=AdnqrjDN_BNjSSHWO-GbkIWH6fkGMLw4bqvL_NH6e2wMveX7G-rP2dAqsDSq1mJMOaY&_nc_zt=24&_nc_ht=scontent-gig4-1.xx&_nc_gid=AoBFJeGrT1hVaew_6rchkQ&oh=00_AfX7QmFGhQhG2jAllVgXCiM1ZrWgvtp80-Bfppyexh1QEg&oe=689E923C\",\"@id\":\"https:\\\/\\\/anoticiaonline.com.br\\\/site\\\/#articleImage\"},\"datePublished\":\"2016-04-14T21:16:53-03:00\",\"dateModified\":\"2016-04-14T21:16:53-03:00\",\"inLanguage\":\"pt-BR\",\"mainEntityOfPage\":{\"@id\":\"https:\\\/\\\/anoticiaonline.com.br\\\/site\\\/entre-a-cruz-e-a-espada\\\/#webpage\"},\"isPartOf\":{\"@id\":\"https:\\\/\\\/anoticiaonline.com.br\\\/site\\\/entre-a-cruz-e-a-espada\\\/#webpage\"},\"articleSection\":\"Pol\\u00edtica e Atualidades - Francisco Laviola\"},{\"@type\":\"BreadcrumbList\",\"@id\":\"https:\\\/\\\/anoticiaonline.com.br\\\/site\\\/entre-a-cruz-e-a-espada\\\/#breadcrumblist\",\"itemListElement\":[{\"@type\":\"ListItem\",\"@id\":\"https:\\\/\\\/anoticiaonline.com.br\\\/site#listItem\",\"position\":1,\"name\":\"Home\",\"item\":\"https:\\\/\\\/anoticiaonline.com.br\\\/site\",\"nextItem\":{\"@type\":\"ListItem\",\"@id\":\"https:\\\/\\\/anoticiaonline.com.br\\\/site\\\/categoria\\\/colunistas\\\/#listItem\",\"name\":\"Colunistas\"}},{\"@type\":\"ListItem\",\"@id\":\"https:\\\/\\\/anoticiaonline.com.br\\\/site\\\/categoria\\\/colunistas\\\/#listItem\",\"position\":2,\"name\":\"Colunistas\",\"item\":\"https:\\\/\\\/anoticiaonline.com.br\\\/site\\\/categoria\\\/colunistas\\\/\",\"nextItem\":{\"@type\":\"ListItem\",\"@id\":\"https:\\\/\\\/anoticiaonline.com.br\\\/site\\\/categoria\\\/colunistas\\\/politica-e-atualidades-francisco-laviola\\\/#listItem\",\"name\":\"Pol\\u00edtica e Atualidades - Francisco Laviola\"},\"previousItem\":{\"@type\":\"ListItem\",\"@id\":\"https:\\\/\\\/anoticiaonline.com.br\\\/site#listItem\",\"name\":\"Home\"}},{\"@type\":\"ListItem\",\"@id\":\"https:\\\/\\\/anoticiaonline.com.br\\\/site\\\/categoria\\\/colunistas\\\/politica-e-atualidades-francisco-laviola\\\/#listItem\",\"position\":3,\"name\":\"Pol\\u00edtica e Atualidades - Francisco Laviola\",\"item\":\"https:\\\/\\\/anoticiaonline.com.br\\\/site\\\/categoria\\\/colunistas\\\/politica-e-atualidades-francisco-laviola\\\/\",\"nextItem\":{\"@type\":\"ListItem\",\"@id\":\"https:\\\/\\\/anoticiaonline.com.br\\\/site\\\/entre-a-cruz-e-a-espada\\\/#listItem\",\"name\":\"Entre a cruz e a espada\"},\"previousItem\":{\"@type\":\"ListItem\",\"@id\":\"https:\\\/\\\/anoticiaonline.com.br\\\/site\\\/categoria\\\/colunistas\\\/#listItem\",\"name\":\"Colunistas\"}},{\"@type\":\"ListItem\",\"@id\":\"https:\\\/\\\/anoticiaonline.com.br\\\/site\\\/entre-a-cruz-e-a-espada\\\/#listItem\",\"position\":4,\"name\":\"Entre a cruz e a espada\",\"previousItem\":{\"@type\":\"ListItem\",\"@id\":\"https:\\\/\\\/anoticiaonline.com.br\\\/site\\\/categoria\\\/colunistas\\\/politica-e-atualidades-francisco-laviola\\\/#listItem\",\"name\":\"Pol\\u00edtica e Atualidades - Francisco Laviola\"}}]},{\"@type\":\"Organization\",\"@id\":\"https:\\\/\\\/anoticiaonline.com.br\\\/site\\\/#organization\",\"name\":\"A Not\\u00edcia Online\",\"description\":\"Noticias de Muria\\u00e9 e regi\\u00e3o\",\"url\":\"https:\\\/\\\/anoticiaonline.com.br\\\/site\\\/\",\"logo\":{\"@type\":\"ImageObject\",\"url\":\"https:\\\/\\\/scontent-gig4-1.xx.fbcdn.net\\\/v\\\/t39.30808-1\\\/270437624_4564083193639691_6907940295614233970_n.jpg?stp=dst-jpg_s200x200_tt6&_nc_cat=111&ccb=1-7&_nc_sid=f907e8&_nc_ohc=SM1wRlP3lJwQ7kNvwEPuBYA&_nc_oc=AdnqrjDN_BNjSSHWO-GbkIWH6fkGMLw4bqvL_NH6e2wMveX7G-rP2dAqsDSq1mJMOaY&_nc_zt=24&_nc_ht=scontent-gig4-1.xx&_nc_gid=AoBFJeGrT1hVaew_6rchkQ&oh=00_AfX7QmFGhQhG2jAllVgXCiM1ZrWgvtp80-Bfppyexh1QEg&oe=689E923C\",\"@id\":\"https:\\\/\\\/anoticiaonline.com.br\\\/site\\\/entre-a-cruz-e-a-espada\\\/#organizationLogo\"},\"image\":{\"@id\":\"https:\\\/\\\/anoticiaonline.com.br\\\/site\\\/entre-a-cruz-e-a-espada\\\/#organizationLogo\"}},{\"@type\":\"Person\",\"@id\":\"https:\\\/\\\/anoticiaonline.com.br\\\/site\\\/author\\\/juliana\\\/#author\",\"url\":\"https:\\\/\\\/anoticiaonline.com.br\\\/site\\\/author\\\/juliana\\\/\",\"name\":\"Juliana Laviola\",\"image\":{\"@type\":\"ImageObject\",\"@id\":\"https:\\\/\\\/anoticiaonline.com.br\\\/site\\\/entre-a-cruz-e-a-espada\\\/#authorImage\",\"url\":\"https:\\\/\\\/secure.gravatar.com\\\/avatar\\\/b8d45f5c699b100dfaf0e543582f38f38bf94cb7ae3a5e9abf8d891a34773335?s=96&d=mm&r=g\",\"width\":96,\"height\":96,\"caption\":\"Juliana Laviola\"}},{\"@type\":\"WebPage\",\"@id\":\"https:\\\/\\\/anoticiaonline.com.br\\\/site\\\/entre-a-cruz-e-a-espada\\\/#webpage\",\"url\":\"https:\\\/\\\/anoticiaonline.com.br\\\/site\\\/entre-a-cruz-e-a-espada\\\/\",\"name\":\"Entre a cruz e a espada - A Not\\u00edcia Online\",\"description\":\"\\u201cMeu Deus do c\\u00e9u! Essa \\u00e9 nossa alternativa de poder.\\u201d (Luis Roberto Barroso \\u2013 Ministro do STF) Estamos numa encruzilhada. O Brasil vive a maior crise pol\\u00edtica desde o in\\u00edcio de sua redemocratiza\\u00e7\\u00e3o. Arquitetado por Lula e sua trupe, o maior projeto de perman\\u00eancia de poder da Hist\\u00f3ria republicana mergulhou o pa\\u00eds num mar de\",\"inLanguage\":\"pt-BR\",\"isPartOf\":{\"@id\":\"https:\\\/\\\/anoticiaonline.com.br\\\/site\\\/#website\"},\"breadcrumb\":{\"@id\":\"https:\\\/\\\/anoticiaonline.com.br\\\/site\\\/entre-a-cruz-e-a-espada\\\/#breadcrumblist\"},\"author\":{\"@id\":\"https:\\\/\\\/anoticiaonline.com.br\\\/site\\\/author\\\/juliana\\\/#author\"},\"creator\":{\"@id\":\"https:\\\/\\\/anoticiaonline.com.br\\\/site\\\/author\\\/juliana\\\/#author\"},\"datePublished\":\"2016-04-14T21:16:53-03:00\",\"dateModified\":\"2016-04-14T21:16:53-03:00\"},{\"@type\":\"WebSite\",\"@id\":\"https:\\\/\\\/anoticiaonline.com.br\\\/site\\\/#website\",\"url\":\"https:\\\/\\\/anoticiaonline.com.br\\\/site\\\/\",\"name\":\"A Not\\u00edcia Online\",\"description\":\"Noticias de Muria\\u00e9 e regi\\u00e3o\",\"inLanguage\":\"pt-BR\",\"publisher\":{\"@id\":\"https:\\\/\\\/anoticiaonline.com.br\\\/site\\\/#organization\"}}]}\n\t\t<\/script>\n\t\t<!-- All in One SEO -->\n\n","aioseo_head_json":{"title":"Entre a cruz e a espada - A Not\u00edcia Online","description":"\u201cMeu Deus do c\u00e9u! Essa \u00e9 nossa alternativa de poder.\u201d (Luis Roberto Barroso \u2013 Ministro do STF) Estamos numa encruzilhada. O Brasil vive a maior crise pol\u00edtica desde o in\u00edcio de sua redemocratiza\u00e7\u00e3o. Arquitetado por Lula e sua trupe, o maior projeto de perman\u00eancia de poder da Hist\u00f3ria republicana mergulhou o pa\u00eds num mar de","canonical_url":"https:\/\/anoticiaonline.com.br\/site\/entre-a-cruz-e-a-espada\/","robots":"max-image-preview:large","keywords":"","webmasterTools":{"miscellaneous":""},"schema":{"@context":"https:\/\/schema.org","@graph":[{"@type":"BlogPosting","@id":"https:\/\/anoticiaonline.com.br\/site\/entre-a-cruz-e-a-espada\/#blogposting","name":"Entre a cruz e a espada - A Not\u00edcia Online","headline":"Entre a cruz e a espada","author":{"@id":"https:\/\/anoticiaonline.com.br\/site\/author\/juliana\/#author"},"publisher":{"@id":"https:\/\/anoticiaonline.com.br\/site\/#organization"},"image":{"@type":"ImageObject","url":"https:\/\/scontent-gig4-1.xx.fbcdn.net\/v\/t39.30808-1\/270437624_4564083193639691_6907940295614233970_n.jpg?stp=dst-jpg_s200x200_tt6&_nc_cat=111&ccb=1-7&_nc_sid=f907e8&_nc_ohc=SM1wRlP3lJwQ7kNvwEPuBYA&_nc_oc=AdnqrjDN_BNjSSHWO-GbkIWH6fkGMLw4bqvL_NH6e2wMveX7G-rP2dAqsDSq1mJMOaY&_nc_zt=24&_nc_ht=scontent-gig4-1.xx&_nc_gid=AoBFJeGrT1hVaew_6rchkQ&oh=00_AfX7QmFGhQhG2jAllVgXCiM1ZrWgvtp80-Bfppyexh1QEg&oe=689E923C","@id":"https:\/\/anoticiaonline.com.br\/site\/#articleImage"},"datePublished":"2016-04-14T21:16:53-03:00","dateModified":"2016-04-14T21:16:53-03:00","inLanguage":"pt-BR","mainEntityOfPage":{"@id":"https:\/\/anoticiaonline.com.br\/site\/entre-a-cruz-e-a-espada\/#webpage"},"isPartOf":{"@id":"https:\/\/anoticiaonline.com.br\/site\/entre-a-cruz-e-a-espada\/#webpage"},"articleSection":"Pol\u00edtica e Atualidades - Francisco Laviola"},{"@type":"BreadcrumbList","@id":"https:\/\/anoticiaonline.com.br\/site\/entre-a-cruz-e-a-espada\/#breadcrumblist","itemListElement":[{"@type":"ListItem","@id":"https:\/\/anoticiaonline.com.br\/site#listItem","position":1,"name":"Home","item":"https:\/\/anoticiaonline.com.br\/site","nextItem":{"@type":"ListItem","@id":"https:\/\/anoticiaonline.com.br\/site\/categoria\/colunistas\/#listItem","name":"Colunistas"}},{"@type":"ListItem","@id":"https:\/\/anoticiaonline.com.br\/site\/categoria\/colunistas\/#listItem","position":2,"name":"Colunistas","item":"https:\/\/anoticiaonline.com.br\/site\/categoria\/colunistas\/","nextItem":{"@type":"ListItem","@id":"https:\/\/anoticiaonline.com.br\/site\/categoria\/colunistas\/politica-e-atualidades-francisco-laviola\/#listItem","name":"Pol\u00edtica e Atualidades - Francisco Laviola"},"previousItem":{"@type":"ListItem","@id":"https:\/\/anoticiaonline.com.br\/site#listItem","name":"Home"}},{"@type":"ListItem","@id":"https:\/\/anoticiaonline.com.br\/site\/categoria\/colunistas\/politica-e-atualidades-francisco-laviola\/#listItem","position":3,"name":"Pol\u00edtica e Atualidades - Francisco Laviola","item":"https:\/\/anoticiaonline.com.br\/site\/categoria\/colunistas\/politica-e-atualidades-francisco-laviola\/","nextItem":{"@type":"ListItem","@id":"https:\/\/anoticiaonline.com.br\/site\/entre-a-cruz-e-a-espada\/#listItem","name":"Entre a cruz e a espada"},"previousItem":{"@type":"ListItem","@id":"https:\/\/anoticiaonline.com.br\/site\/categoria\/colunistas\/#listItem","name":"Colunistas"}},{"@type":"ListItem","@id":"https:\/\/anoticiaonline.com.br\/site\/entre-a-cruz-e-a-espada\/#listItem","position":4,"name":"Entre a cruz e a espada","previousItem":{"@type":"ListItem","@id":"https:\/\/anoticiaonline.com.br\/site\/categoria\/colunistas\/politica-e-atualidades-francisco-laviola\/#listItem","name":"Pol\u00edtica e Atualidades - Francisco Laviola"}}]},{"@type":"Organization","@id":"https:\/\/anoticiaonline.com.br\/site\/#organization","name":"A Not\u00edcia Online","description":"Noticias de Muria\u00e9 e regi\u00e3o","url":"https:\/\/anoticiaonline.com.br\/site\/","logo":{"@type":"ImageObject","url":"https:\/\/scontent-gig4-1.xx.fbcdn.net\/v\/t39.30808-1\/270437624_4564083193639691_6907940295614233970_n.jpg?stp=dst-jpg_s200x200_tt6&_nc_cat=111&ccb=1-7&_nc_sid=f907e8&_nc_ohc=SM1wRlP3lJwQ7kNvwEPuBYA&_nc_oc=AdnqrjDN_BNjSSHWO-GbkIWH6fkGMLw4bqvL_NH6e2wMveX7G-rP2dAqsDSq1mJMOaY&_nc_zt=24&_nc_ht=scontent-gig4-1.xx&_nc_gid=AoBFJeGrT1hVaew_6rchkQ&oh=00_AfX7QmFGhQhG2jAllVgXCiM1ZrWgvtp80-Bfppyexh1QEg&oe=689E923C","@id":"https:\/\/anoticiaonline.com.br\/site\/entre-a-cruz-e-a-espada\/#organizationLogo"},"image":{"@id":"https:\/\/anoticiaonline.com.br\/site\/entre-a-cruz-e-a-espada\/#organizationLogo"}},{"@type":"Person","@id":"https:\/\/anoticiaonline.com.br\/site\/author\/juliana\/#author","url":"https:\/\/anoticiaonline.com.br\/site\/author\/juliana\/","name":"Juliana Laviola","image":{"@type":"ImageObject","@id":"https:\/\/anoticiaonline.com.br\/site\/entre-a-cruz-e-a-espada\/#authorImage","url":"https:\/\/secure.gravatar.com\/avatar\/b8d45f5c699b100dfaf0e543582f38f38bf94cb7ae3a5e9abf8d891a34773335?s=96&d=mm&r=g","width":96,"height":96,"caption":"Juliana Laviola"}},{"@type":"WebPage","@id":"https:\/\/anoticiaonline.com.br\/site\/entre-a-cruz-e-a-espada\/#webpage","url":"https:\/\/anoticiaonline.com.br\/site\/entre-a-cruz-e-a-espada\/","name":"Entre a cruz e a espada - A Not\u00edcia Online","description":"\u201cMeu Deus do c\u00e9u! Essa \u00e9 nossa alternativa de poder.\u201d (Luis Roberto Barroso \u2013 Ministro do STF) Estamos numa encruzilhada. O Brasil vive a maior crise pol\u00edtica desde o in\u00edcio de sua redemocratiza\u00e7\u00e3o. Arquitetado por Lula e sua trupe, o maior projeto de perman\u00eancia de poder da Hist\u00f3ria republicana mergulhou o pa\u00eds num mar de","inLanguage":"pt-BR","isPartOf":{"@id":"https:\/\/anoticiaonline.com.br\/site\/#website"},"breadcrumb":{"@id":"https:\/\/anoticiaonline.com.br\/site\/entre-a-cruz-e-a-espada\/#breadcrumblist"},"author":{"@id":"https:\/\/anoticiaonline.com.br\/site\/author\/juliana\/#author"},"creator":{"@id":"https:\/\/anoticiaonline.com.br\/site\/author\/juliana\/#author"},"datePublished":"2016-04-14T21:16:53-03:00","dateModified":"2016-04-14T21:16:53-03:00"},{"@type":"WebSite","@id":"https:\/\/anoticiaonline.com.br\/site\/#website","url":"https:\/\/anoticiaonline.com.br\/site\/","name":"A Not\u00edcia Online","description":"Noticias de Muria\u00e9 e regi\u00e3o","inLanguage":"pt-BR","publisher":{"@id":"https:\/\/anoticiaonline.com.br\/site\/#organization"}}]},"og:locale":"pt_BR","og:site_name":"A Not\u00edcia Online - Noticias de Muria\u00e9 e regi\u00e3o","og:type":"article","og:title":"Entre a cruz e a espada - A Not\u00edcia Online","og:description":"\u201cMeu Deus do c\u00e9u! Essa \u00e9 nossa alternativa de poder.\u201d (Luis Roberto Barroso \u2013 Ministro do STF) Estamos numa encruzilhada. O Brasil vive a maior crise pol\u00edtica desde o in\u00edcio de sua redemocratiza\u00e7\u00e3o. Arquitetado por Lula e sua trupe, o maior projeto de perman\u00eancia de poder da Hist\u00f3ria republicana mergulhou o pa\u00eds num mar de","og:url":"https:\/\/anoticiaonline.com.br\/site\/entre-a-cruz-e-a-espada\/","og:image":"https:\/\/scontent-gig4-1.xx.fbcdn.net\/v\/t39.30808-1\/270437624_4564083193639691_6907940295614233970_n.jpg?stp=dst-jpg_s200x200_tt6&#038;_nc_cat=111&#038;ccb=1-7&#038;_nc_sid=f907e8&#038;_nc_ohc=SM1wRlP3lJwQ7kNvwEPuBYA&#038;_nc_oc=AdnqrjDN_BNjSSHWO-GbkIWH6fkGMLw4bqvL_NH6e2wMveX7G-rP2dAqsDSq1mJMOaY&#038;_nc_zt=24&#038;_nc_ht=scontent-gig4-1.xx&#038;_nc_gid=AoBFJeGrT1hVaew_6rchkQ&#038;oh=00_AfX7QmFGhQhG2jAllVgXCiM1ZrWgvtp80-Bfppyexh1QEg&#038;oe=689E923C","og:image:secure_url":"https:\/\/scontent-gig4-1.xx.fbcdn.net\/v\/t39.30808-1\/270437624_4564083193639691_6907940295614233970_n.jpg?stp=dst-jpg_s200x200_tt6&#038;_nc_cat=111&#038;ccb=1-7&#038;_nc_sid=f907e8&#038;_nc_ohc=SM1wRlP3lJwQ7kNvwEPuBYA&#038;_nc_oc=AdnqrjDN_BNjSSHWO-GbkIWH6fkGMLw4bqvL_NH6e2wMveX7G-rP2dAqsDSq1mJMOaY&#038;_nc_zt=24&#038;_nc_ht=scontent-gig4-1.xx&#038;_nc_gid=AoBFJeGrT1hVaew_6rchkQ&#038;oh=00_AfX7QmFGhQhG2jAllVgXCiM1ZrWgvtp80-Bfppyexh1QEg&#038;oe=689E923C","article:published_time":"2016-04-15T00:16:53+00:00","article:modified_time":"2016-04-15T00:16:53+00:00","twitter:card":"summary_large_image","twitter:title":"Entre a cruz e a espada - A Not\u00edcia Online","twitter:description":"\u201cMeu Deus do c\u00e9u! Essa \u00e9 nossa alternativa de poder.\u201d (Luis Roberto Barroso \u2013 Ministro do STF) Estamos numa encruzilhada. O Brasil vive a maior crise pol\u00edtica desde o in\u00edcio de sua redemocratiza\u00e7\u00e3o. Arquitetado por Lula e sua trupe, o maior projeto de perman\u00eancia de poder da Hist\u00f3ria republicana mergulhou o pa\u00eds num mar de","twitter:image":"https:\/\/scontent-gig4-1.xx.fbcdn.net\/v\/t39.30808-1\/270437624_4564083193639691_6907940295614233970_n.jpg?stp=dst-jpg_s200x200_tt6&_nc_cat=111&ccb=1-7&_nc_sid=f907e8&_nc_ohc=SM1wRlP3lJwQ7kNvwEPuBYA&_nc_oc=AdnqrjDN_BNjSSHWO-GbkIWH6fkGMLw4bqvL_NH6e2wMveX7G-rP2dAqsDSq1mJMOaY&_nc_zt=24&_nc_ht=scontent-gig4-1.xx&_nc_gid=AoBFJeGrT1hVaew_6rchkQ&oh=00_AfX7QmFGhQhG2jAllVgXCiM1ZrWgvtp80-Bfppyexh1QEg&oe=689E923C"},"aioseo_meta_data":{"post_id":"12090","title":null,"description":null,"keywords":null,"keyphrases":null,"primary_term":null,"canonical_url":null,"og_title":null,"og_description":null,"og_object_type":"default","og_image_type":"default","og_image_url":null,"og_image_width":null,"og_image_height":null,"og_image_custom_url":null,"og_image_custom_fields":null,"og_video":null,"og_custom_url":null,"og_article_section":null,"og_article_tags":null,"twitter_use_og":false,"twitter_card":"default","twitter_image_type":"default","twitter_image_url":null,"twitter_image_custom_url":null,"twitter_image_custom_fields":null,"twitter_title":null,"twitter_description":null,"schema":{"blockGraphs":[],"customGraphs":[],"default":{"data":{"Article":[],"Course":[],"Dataset":[],"FAQPage":[],"Movie":[],"Person":[],"Product":[],"ProductReview":[],"Car":[],"Recipe":[],"Service":[],"SoftwareApplication":[],"WebPage":[]},"graphName":"","isEnabled":true},"graphs":[]},"schema_type":"default","schema_type_options":null,"pillar_content":false,"robots_default":true,"robots_noindex":false,"robots_noarchive":false,"robots_nosnippet":false,"robots_nofollow":false,"robots_noimageindex":false,"robots_noodp":false,"robots_notranslate":false,"robots_max_snippet":null,"robots_max_videopreview":null,"robots_max_imagepreview":"large","priority":null,"frequency":null,"local_seo":null,"breadcrumb_settings":null,"limit_modified_date":false,"ai":null,"created":"2025-08-16 15:48:29","updated":"2025-08-16 15:48:29","focus_keyword":null,"additional_keywords":null,"truseo_locale":null,"seo_analyzer_scan_date":null},"aioseo_breadcrumb":"<div class=\"aioseo-breadcrumbs\"><span class=\"aioseo-breadcrumb\">\n\t\t\t<a href=\"https:\/\/anoticiaonline.com.br\/site\" title=\"Home\">Home<\/a>\n\t\t<\/span><span class=\"aioseo-breadcrumb-separator\">&raquo;<\/span><span class=\"aioseo-breadcrumb\">\n\t\t\t<a href=\"https:\/\/anoticiaonline.com.br\/site\/categoria\/colunistas\/\" title=\"Colunistas\">Colunistas<\/a>\n\t\t<\/span><span class=\"aioseo-breadcrumb-separator\">&raquo;<\/span><span class=\"aioseo-breadcrumb\">\n\t\t\t<a href=\"https:\/\/anoticiaonline.com.br\/site\/categoria\/colunistas\/politica-e-atualidades-francisco-laviola\/\" title=\"Pol\u00edtica e Atualidades - Francisco Laviola\">Pol\u00edtica e Atualidades - Francisco Laviola<\/a>\n\t\t<\/span><span class=\"aioseo-breadcrumb-separator\">&raquo;<\/span><span class=\"aioseo-breadcrumb\">\n\t\t\tEntre a cruz e a espada\n\t\t<\/span><\/div>","aioseo_breadcrumb_json":[{"label":"Home","link":"https:\/\/anoticiaonline.com.br\/site"},{"label":"Colunistas","link":"https:\/\/anoticiaonline.com.br\/site\/categoria\/colunistas\/"},{"label":"Pol\u00edtica e Atualidades - Francisco Laviola","link":"https:\/\/anoticiaonline.com.br\/site\/categoria\/colunistas\/politica-e-atualidades-francisco-laviola\/"},{"label":"Entre a cruz e a espada","link":"https:\/\/anoticiaonline.com.br\/site\/entre-a-cruz-e-a-espada\/"}],"views":123,"_links":{"self":[{"href":"https:\/\/anoticiaonline.com.br\/site\/wp-json\/wp\/v2\/posts\/12090","targetHints":{"allow":["GET"]}}],"collection":[{"href":"https:\/\/anoticiaonline.com.br\/site\/wp-json\/wp\/v2\/posts"}],"about":[{"href":"https:\/\/anoticiaonline.com.br\/site\/wp-json\/wp\/v2\/types\/post"}],"author":[{"embeddable":true,"href":"https:\/\/anoticiaonline.com.br\/site\/wp-json\/wp\/v2\/users\/2"}],"replies":[{"embeddable":true,"href":"https:\/\/anoticiaonline.com.br\/site\/wp-json\/wp\/v2\/comments?post=12090"}],"version-history":[{"count":0,"href":"https:\/\/anoticiaonline.com.br\/site\/wp-json\/wp\/v2\/posts\/12090\/revisions"}],"wp:attachment":[{"href":"https:\/\/anoticiaonline.com.br\/site\/wp-json\/wp\/v2\/media?parent=12090"}],"wp:term":[{"taxonomy":"category","embeddable":true,"href":"https:\/\/anoticiaonline.com.br\/site\/wp-json\/wp\/v2\/categories?post=12090"},{"taxonomy":"post_tag","embeddable":true,"href":"https:\/\/anoticiaonline.com.br\/site\/wp-json\/wp\/v2\/tags?post=12090"}],"curies":[{"name":"wp","href":"https:\/\/api.w.org\/{rel}","templated":true}]}}