{"id":119801,"date":"2023-12-06T08:15:48","date_gmt":"2023-12-06T11:15:48","guid":{"rendered":"http:\/\/anoticiaonline.com.br\/site\/?p=119801"},"modified":"2023-12-06T08:16:00","modified_gmt":"2023-12-06T11:16:00","slug":"fecomercio-mg-e-sindicatos-empresariais-enviam-manifesto-ao-governador-contra-aumento-da-aliquota-de-icms","status":"publish","type":"post","link":"https:\/\/anoticiaonline.com.br\/site\/fecomercio-mg-e-sindicatos-empresariais-enviam-manifesto-ao-governador-contra-aumento-da-aliquota-de-icms\/","title":{"rendered":"Fecom\u00e9rcio MG e Sindicatos Empresariais enviam manifesto ao Governador contra aumento da al\u00edquota de ICMS"},"content":{"rendered":"\n<p class=\"wp-block-paragraph\">A Federa\u00e7\u00e3o do Com\u00e9rcio de Bens, Servi\u00e7os e Turismo de Minas Gerais (Fecom\u00e9rcio MG) e todos os sindicatos empresariais filiados \u00e0 Federa\u00e7\u00e3o assinaram of\u00edcio que foi enviado ao Governador Romeu Zema em manifesta\u00e7\u00e3o contra a inten\u00e7\u00e3o de aumento da al\u00edquota de ICMS no estado.<\/p>\n\n\n\n<p class=\"wp-block-paragraph\">O documento cita a possibilidade do aumento do ICMS como uma amea\u00e7a tanto para consumidores como para todo o setor de bens e servi\u00e7os. \u201cSabe-se que as empresas continuam enfrentando dificuldades de cr\u00e9dito devido ao \u00f4nus dos pagamentos das d\u00edvidas acumuladas durante a pandemia. Al\u00e9m disso, a alta mortalidade empresarial persiste, refletindo o endividamento significativo dos consumidores e das fam\u00edlias mineiras\u201d<\/p>\n\n\n\n<p class=\"wp-block-paragraph\">A alta da carga tribut\u00e1ria, prossegue o documento, pode minar qualquer esperan\u00e7a de estabilidade econ\u00f4mica pelas empresas e consumidores, abrindo portas para a instabilidade inflacion\u00e1ria, gerando a perda de competitividade das empresas, a redu\u00e7\u00e3o do investimento produtivo, aumentando assim o desemprego em Minas Gerais.<\/p>\n\n\n\n<p class=\"wp-block-paragraph\">Sobre a Fecom\u00e9rcio MG<\/p>\n\n\n\n<p class=\"wp-block-paragraph\">A Federa\u00e7\u00e3o do Com\u00e9rcio de Bens, Servi\u00e7os e Turismo de Minas Gerais integra o Sistema Fecom\u00e9rcio MG, Sesc e Senac em Minas e Sindicatos Empresariais que tem como presidente o empres\u00e1rio Nadim Donato. A Fecom\u00e9rcio MG \u00e9 a maior representante do setor terci\u00e1rio no estado, atuando em prol de mais de 740 mil empresas mineiras. Em conjunto com a Confedera\u00e7\u00e3o Nacional do Com\u00e9rcio (CNC), presidida por Jos\u00e9 Roberto Tadros, a Fecom\u00e9rcio MG atua junto \u00e0s esferas p\u00fablica e privada para defender os interesses do setor de Bens, Servi\u00e7os e Turismo a fim de requisitar melhores condi\u00e7\u00f5es tribut\u00e1rias, celebrar conven\u00e7\u00f5es coletivas de trabalho, disponibilizar benef\u00edcios visando o desenvolvimento do com\u00e9rcio no estado e muito mais.<\/p>\n","protected":false},"excerpt":{"rendered":"<p>A Federa\u00e7\u00e3o do Com\u00e9rcio de Bens, Servi\u00e7os e Turismo de Minas Gerais (Fecom\u00e9rcio MG) e todos os sindicatos empresariais filiados \u00e0 Federa\u00e7\u00e3o assinaram of\u00edcio que foi enviado ao Governador Romeu Zema em manifesta\u00e7\u00e3o contra a inten\u00e7\u00e3o de aumento da al\u00edquota de ICMS no estado. O documento cita a possibilidade do aumento do ICMS como uma &#8230; <a title=\"Fecom\u00e9rcio MG e Sindicatos Empresariais enviam manifesto ao Governador contra aumento da al\u00edquota de ICMS\" class=\"read-more\" href=\"https:\/\/anoticiaonline.com.br\/site\/fecomercio-mg-e-sindicatos-empresariais-enviam-manifesto-ao-governador-contra-aumento-da-aliquota-de-icms\/\" aria-label=\"Read more about Fecom\u00e9rcio MG e Sindicatos Empresariais enviam manifesto ao Governador contra aumento da al\u00edquota de ICMS\">Ler mais<\/a><\/p>\n","protected":false},"author":2,"featured_media":119802,"comment_status":"open","ping_status":"closed","sticky":false,"template":"","format":"standard","meta":{"_acf_changed":false,"_monsterinsights_skip_tracking":false,"footnotes":""},"categories":[30,2893,1,7660],"tags":[],"class_list":["post-119801","post","type-post","status-publish","format-standard","has-post-thumbnail","hentry","category-muriae","category-cotidiano","category-gerais","category-slide-principal"],"acf":[],"aioseo_notices":[],"aioseo_head":"\n\t\t<!-- All in One SEO 5.0.0.1 - aioseo.com -->\n\t<meta name=\"description\" content=\"A Federa\u00e7\u00e3o do Com\u00e9rcio de Bens, Servi\u00e7os e Turismo de Minas Gerais (Fecom\u00e9rcio MG) e todos os sindicatos empresariais filiados \u00e0 Federa\u00e7\u00e3o assinaram of\u00edcio que foi enviado ao Governador Romeu Zema em manifesta\u00e7\u00e3o contra a inten\u00e7\u00e3o de aumento da al\u00edquota de ICMS no estado. O documento cita a possibilidade do aumento do ICMS como uma\" \/>\n\t<meta name=\"robots\" content=\"max-image-preview:large\" \/>\n\t<meta name=\"author\" content=\"Juliana Laviola\"\/>\n\t<link rel=\"canonical\" href=\"https:\/\/anoticiaonline.com.br\/site\/fecomercio-mg-e-sindicatos-empresariais-enviam-manifesto-ao-governador-contra-aumento-da-aliquota-de-icms\/\" \/>\n\t<meta name=\"generator\" content=\"All in One SEO (AIOSEO) 5.0.0.1\" \/>\n\t\t<meta property=\"og:locale\" content=\"pt_BR\" \/>\n\t\t<meta property=\"og:site_name\" content=\"A Not\u00edcia Online - Noticias de Muria\u00e9 e regi\u00e3o\" \/>\n\t\t<meta property=\"og:type\" content=\"article\" \/>\n\t\t<meta property=\"og:title\" content=\"Fecom\u00e9rcio MG e Sindicatos Empresariais enviam manifesto ao Governador contra aumento da al\u00edquota de ICMS - A Not\u00edcia Online\" \/>\n\t\t<meta property=\"og:description\" content=\"A Federa\u00e7\u00e3o do Com\u00e9rcio de Bens, Servi\u00e7os e Turismo de Minas Gerais (Fecom\u00e9rcio MG) e todos os sindicatos empresariais filiados \u00e0 Federa\u00e7\u00e3o assinaram of\u00edcio que foi enviado ao Governador Romeu Zema em manifesta\u00e7\u00e3o contra a inten\u00e7\u00e3o de aumento da al\u00edquota de ICMS no estado. O documento cita a possibilidade do aumento do ICMS como uma\" \/>\n\t\t<meta property=\"og:url\" content=\"https:\/\/anoticiaonline.com.br\/site\/fecomercio-mg-e-sindicatos-empresariais-enviam-manifesto-ao-governador-contra-aumento-da-aliquota-de-icms\/\" \/>\n\t\t<meta property=\"og:image\" content=\"https:\/\/scontent-gig4-1.xx.fbcdn.net\/v\/t39.30808-1\/270437624_4564083193639691_6907940295614233970_n.jpg?stp=dst-jpg_s200x200_tt6&#038;_nc_cat=111&#038;ccb=1-7&#038;_nc_sid=f907e8&#038;_nc_ohc=SM1wRlP3lJwQ7kNvwEPuBYA&#038;_nc_oc=AdnqrjDN_BNjSSHWO-GbkIWH6fkGMLw4bqvL_NH6e2wMveX7G-rP2dAqsDSq1mJMOaY&#038;_nc_zt=24&#038;_nc_ht=scontent-gig4-1.xx&#038;_nc_gid=AoBFJeGrT1hVaew_6rchkQ&#038;oh=00_AfX7QmFGhQhG2jAllVgXCiM1ZrWgvtp80-Bfppyexh1QEg&#038;oe=689E923C\" \/>\n\t\t<meta property=\"og:image:secure_url\" content=\"https:\/\/scontent-gig4-1.xx.fbcdn.net\/v\/t39.30808-1\/270437624_4564083193639691_6907940295614233970_n.jpg?stp=dst-jpg_s200x200_tt6&#038;_nc_cat=111&#038;ccb=1-7&#038;_nc_sid=f907e8&#038;_nc_ohc=SM1wRlP3lJwQ7kNvwEPuBYA&#038;_nc_oc=AdnqrjDN_BNjSSHWO-GbkIWH6fkGMLw4bqvL_NH6e2wMveX7G-rP2dAqsDSq1mJMOaY&#038;_nc_zt=24&#038;_nc_ht=scontent-gig4-1.xx&#038;_nc_gid=AoBFJeGrT1hVaew_6rchkQ&#038;oh=00_AfX7QmFGhQhG2jAllVgXCiM1ZrWgvtp80-Bfppyexh1QEg&#038;oe=689E923C\" \/>\n\t\t<meta property=\"article:published_time\" content=\"2023-12-06T11:15:48+00:00\" \/>\n\t\t<meta property=\"article:modified_time\" content=\"2023-12-06T11:16:00+00:00\" \/>\n\t\t<meta name=\"twitter:card\" content=\"summary_large_image\" \/>\n\t\t<meta name=\"twitter:title\" content=\"Fecom\u00e9rcio MG e Sindicatos Empresariais enviam manifesto ao Governador contra aumento da al\u00edquota de ICMS - A Not\u00edcia Online\" \/>\n\t\t<meta name=\"twitter:description\" content=\"A Federa\u00e7\u00e3o do Com\u00e9rcio de Bens, Servi\u00e7os e Turismo de Minas Gerais (Fecom\u00e9rcio MG) e todos os sindicatos empresariais filiados \u00e0 Federa\u00e7\u00e3o assinaram of\u00edcio que foi enviado ao Governador Romeu Zema em manifesta\u00e7\u00e3o contra a inten\u00e7\u00e3o de aumento da al\u00edquota de ICMS no estado. O documento cita a possibilidade do aumento do ICMS como uma\" \/>\n\t\t<meta name=\"twitter:image\" content=\"https:\/\/scontent-gig4-1.xx.fbcdn.net\/v\/t39.30808-1\/270437624_4564083193639691_6907940295614233970_n.jpg?stp=dst-jpg_s200x200_tt6&amp;_nc_cat=111&amp;ccb=1-7&amp;_nc_sid=f907e8&amp;_nc_ohc=SM1wRlP3lJwQ7kNvwEPuBYA&amp;_nc_oc=AdnqrjDN_BNjSSHWO-GbkIWH6fkGMLw4bqvL_NH6e2wMveX7G-rP2dAqsDSq1mJMOaY&amp;_nc_zt=24&amp;_nc_ht=scontent-gig4-1.xx&amp;_nc_gid=AoBFJeGrT1hVaew_6rchkQ&amp;oh=00_AfX7QmFGhQhG2jAllVgXCiM1ZrWgvtp80-Bfppyexh1QEg&amp;oe=689E923C\" \/>\n\t\t<script type=\"application\/ld+json\" class=\"aioseo-schema\">\n\t\t\t{\"@context\":\"https:\\\/\\\/schema.org\",\"@graph\":[{\"@type\":\"BlogPosting\",\"@id\":\"https:\\\/\\\/anoticiaonline.com.br\\\/site\\\/fecomercio-mg-e-sindicatos-empresariais-enviam-manifesto-ao-governador-contra-aumento-da-aliquota-de-icms\\\/#blogposting\",\"name\":\"Fecom\\u00e9rcio MG e Sindicatos Empresariais enviam manifesto ao Governador contra aumento da al\\u00edquota de ICMS - A Not\\u00edcia Online\",\"headline\":\"Fecom\\u00e9rcio MG e Sindicatos Empresariais enviam manifesto ao Governador contra aumento da al\\u00edquota de ICMS\",\"author\":{\"@id\":\"https:\\\/\\\/anoticiaonline.com.br\\\/site\\\/author\\\/juliana\\\/#author\"},\"publisher\":{\"@id\":\"https:\\\/\\\/anoticiaonline.com.br\\\/site\\\/#organization\"},\"image\":{\"@type\":\"ImageObject\",\"url\":\"https:\\\/\\\/anoticiaonline.com.br\\\/site\\\/wp-content\\\/uploads\\\/2023\\\/12\\\/fecomercio-aliquota-ICMS-capa.jpeg\",\"width\":800,\"height\":677},\"datePublished\":\"2023-12-06T08:15:48-03:00\",\"dateModified\":\"2023-12-06T08:16:00-03:00\",\"inLanguage\":\"pt-BR\",\"mainEntityOfPage\":{\"@id\":\"https:\\\/\\\/anoticiaonline.com.br\\\/site\\\/fecomercio-mg-e-sindicatos-empresariais-enviam-manifesto-ao-governador-contra-aumento-da-aliquota-de-icms\\\/#webpage\"},\"isPartOf\":{\"@id\":\"https:\\\/\\\/anoticiaonline.com.br\\\/site\\\/fecomercio-mg-e-sindicatos-empresariais-enviam-manifesto-ao-governador-contra-aumento-da-aliquota-de-icms\\\/#webpage\"},\"articleSection\":\"Blog, Cotidiano, Gerais, Slide principal\"},{\"@type\":\"BreadcrumbList\",\"@id\":\"https:\\\/\\\/anoticiaonline.com.br\\\/site\\\/fecomercio-mg-e-sindicatos-empresariais-enviam-manifesto-ao-governador-contra-aumento-da-aliquota-de-icms\\\/#breadcrumblist\",\"itemListElement\":[{\"@type\":\"ListItem\",\"@id\":\"https:\\\/\\\/anoticiaonline.com.br\\\/site#listItem\",\"position\":1,\"name\":\"Home\",\"item\":\"https:\\\/\\\/anoticiaonline.com.br\\\/site\",\"nextItem\":{\"@type\":\"ListItem\",\"@id\":\"https:\\\/\\\/anoticiaonline.com.br\\\/site\\\/categoria\\\/muriae\\\/#listItem\",\"name\":\"Blog\"}},{\"@type\":\"ListItem\",\"@id\":\"https:\\\/\\\/anoticiaonline.com.br\\\/site\\\/categoria\\\/muriae\\\/#listItem\",\"position\":2,\"name\":\"Blog\",\"item\":\"https:\\\/\\\/anoticiaonline.com.br\\\/site\\\/categoria\\\/muriae\\\/\",\"nextItem\":{\"@type\":\"ListItem\",\"@id\":\"https:\\\/\\\/anoticiaonline.com.br\\\/site\\\/categoria\\\/muriae\\\/cotidiano\\\/#listItem\",\"name\":\"Cotidiano\"},\"previousItem\":{\"@type\":\"ListItem\",\"@id\":\"https:\\\/\\\/anoticiaonline.com.br\\\/site#listItem\",\"name\":\"Home\"}},{\"@type\":\"ListItem\",\"@id\":\"https:\\\/\\\/anoticiaonline.com.br\\\/site\\\/categoria\\\/muriae\\\/cotidiano\\\/#listItem\",\"position\":3,\"name\":\"Cotidiano\",\"item\":\"https:\\\/\\\/anoticiaonline.com.br\\\/site\\\/categoria\\\/muriae\\\/cotidiano\\\/\",\"nextItem\":{\"@type\":\"ListItem\",\"@id\":\"https:\\\/\\\/anoticiaonline.com.br\\\/site\\\/fecomercio-mg-e-sindicatos-empresariais-enviam-manifesto-ao-governador-contra-aumento-da-aliquota-de-icms\\\/#listItem\",\"name\":\"Fecom\\u00e9rcio MG e Sindicatos Empresariais enviam manifesto ao Governador contra aumento da al\\u00edquota de ICMS\"},\"previousItem\":{\"@type\":\"ListItem\",\"@id\":\"https:\\\/\\\/anoticiaonline.com.br\\\/site\\\/categoria\\\/muriae\\\/#listItem\",\"name\":\"Blog\"}},{\"@type\":\"ListItem\",\"@id\":\"https:\\\/\\\/anoticiaonline.com.br\\\/site\\\/fecomercio-mg-e-sindicatos-empresariais-enviam-manifesto-ao-governador-contra-aumento-da-aliquota-de-icms\\\/#listItem\",\"position\":4,\"name\":\"Fecom\\u00e9rcio MG e Sindicatos Empresariais enviam manifesto ao Governador contra aumento da al\\u00edquota de ICMS\",\"previousItem\":{\"@type\":\"ListItem\",\"@id\":\"https:\\\/\\\/anoticiaonline.com.br\\\/site\\\/categoria\\\/muriae\\\/cotidiano\\\/#listItem\",\"name\":\"Cotidiano\"}}]},{\"@type\":\"Organization\",\"@id\":\"https:\\\/\\\/anoticiaonline.com.br\\\/site\\\/#organization\",\"name\":\"A Not\\u00edcia Online\",\"description\":\"Noticias de Muria\\u00e9 e regi\\u00e3o\",\"url\":\"https:\\\/\\\/anoticiaonline.com.br\\\/site\\\/\",\"logo\":{\"@type\":\"ImageObject\",\"url\":\"https:\\\/\\\/scontent-gig4-1.xx.fbcdn.net\\\/v\\\/t39.30808-1\\\/270437624_4564083193639691_6907940295614233970_n.jpg?stp=dst-jpg_s200x200_tt6&_nc_cat=111&ccb=1-7&_nc_sid=f907e8&_nc_ohc=SM1wRlP3lJwQ7kNvwEPuBYA&_nc_oc=AdnqrjDN_BNjSSHWO-GbkIWH6fkGMLw4bqvL_NH6e2wMveX7G-rP2dAqsDSq1mJMOaY&_nc_zt=24&_nc_ht=scontent-gig4-1.xx&_nc_gid=AoBFJeGrT1hVaew_6rchkQ&oh=00_AfX7QmFGhQhG2jAllVgXCiM1ZrWgvtp80-Bfppyexh1QEg&oe=689E923C\",\"@id\":\"https:\\\/\\\/anoticiaonline.com.br\\\/site\\\/fecomercio-mg-e-sindicatos-empresariais-enviam-manifesto-ao-governador-contra-aumento-da-aliquota-de-icms\\\/#organizationLogo\"},\"image\":{\"@id\":\"https:\\\/\\\/anoticiaonline.com.br\\\/site\\\/fecomercio-mg-e-sindicatos-empresariais-enviam-manifesto-ao-governador-contra-aumento-da-aliquota-de-icms\\\/#organizationLogo\"}},{\"@type\":\"Person\",\"@id\":\"https:\\\/\\\/anoticiaonline.com.br\\\/site\\\/author\\\/juliana\\\/#author\",\"url\":\"https:\\\/\\\/anoticiaonline.com.br\\\/site\\\/author\\\/juliana\\\/\",\"name\":\"Juliana Laviola\",\"image\":{\"@type\":\"ImageObject\",\"@id\":\"https:\\\/\\\/anoticiaonline.com.br\\\/site\\\/fecomercio-mg-e-sindicatos-empresariais-enviam-manifesto-ao-governador-contra-aumento-da-aliquota-de-icms\\\/#authorImage\",\"url\":\"https:\\\/\\\/secure.gravatar.com\\\/avatar\\\/b8d45f5c699b100dfaf0e543582f38f38bf94cb7ae3a5e9abf8d891a34773335?s=96&d=mm&r=g\",\"width\":96,\"height\":96,\"caption\":\"Juliana Laviola\"}},{\"@type\":\"WebPage\",\"@id\":\"https:\\\/\\\/anoticiaonline.com.br\\\/site\\\/fecomercio-mg-e-sindicatos-empresariais-enviam-manifesto-ao-governador-contra-aumento-da-aliquota-de-icms\\\/#webpage\",\"url\":\"https:\\\/\\\/anoticiaonline.com.br\\\/site\\\/fecomercio-mg-e-sindicatos-empresariais-enviam-manifesto-ao-governador-contra-aumento-da-aliquota-de-icms\\\/\",\"name\":\"Fecom\\u00e9rcio MG e Sindicatos Empresariais enviam manifesto ao Governador contra aumento da al\\u00edquota de ICMS - A Not\\u00edcia Online\",\"description\":\"A Federa\\u00e7\\u00e3o do Com\\u00e9rcio de Bens, Servi\\u00e7os e Turismo de Minas Gerais (Fecom\\u00e9rcio MG) e todos os sindicatos empresariais filiados \\u00e0 Federa\\u00e7\\u00e3o assinaram of\\u00edcio que foi enviado ao Governador Romeu Zema em manifesta\\u00e7\\u00e3o contra a inten\\u00e7\\u00e3o de aumento da al\\u00edquota de ICMS no estado. O documento cita a possibilidade do aumento do ICMS como uma\",\"inLanguage\":\"pt-BR\",\"isPartOf\":{\"@id\":\"https:\\\/\\\/anoticiaonline.com.br\\\/site\\\/#website\"},\"breadcrumb\":{\"@id\":\"https:\\\/\\\/anoticiaonline.com.br\\\/site\\\/fecomercio-mg-e-sindicatos-empresariais-enviam-manifesto-ao-governador-contra-aumento-da-aliquota-de-icms\\\/#breadcrumblist\"},\"author\":{\"@id\":\"https:\\\/\\\/anoticiaonline.com.br\\\/site\\\/author\\\/juliana\\\/#author\"},\"creator\":{\"@id\":\"https:\\\/\\\/anoticiaonline.com.br\\\/site\\\/author\\\/juliana\\\/#author\"},\"image\":{\"@type\":\"ImageObject\",\"url\":\"https:\\\/\\\/anoticiaonline.com.br\\\/site\\\/wp-content\\\/uploads\\\/2023\\\/12\\\/fecomercio-aliquota-ICMS-capa.jpeg\",\"@id\":\"https:\\\/\\\/anoticiaonline.com.br\\\/site\\\/fecomercio-mg-e-sindicatos-empresariais-enviam-manifesto-ao-governador-contra-aumento-da-aliquota-de-icms\\\/#mainImage\",\"width\":800,\"height\":677},\"primaryImageOfPage\":{\"@id\":\"https:\\\/\\\/anoticiaonline.com.br\\\/site\\\/fecomercio-mg-e-sindicatos-empresariais-enviam-manifesto-ao-governador-contra-aumento-da-aliquota-de-icms\\\/#mainImage\"},\"datePublished\":\"2023-12-06T08:15:48-03:00\",\"dateModified\":\"2023-12-06T08:16:00-03:00\"},{\"@type\":\"WebSite\",\"@id\":\"https:\\\/\\\/anoticiaonline.com.br\\\/site\\\/#website\",\"url\":\"https:\\\/\\\/anoticiaonline.com.br\\\/site\\\/\",\"name\":\"A Not\\u00edcia Online\",\"description\":\"Noticias de Muria\\u00e9 e regi\\u00e3o\",\"inLanguage\":\"pt-BR\",\"publisher\":{\"@id\":\"https:\\\/\\\/anoticiaonline.com.br\\\/site\\\/#organization\"}}]}\n\t\t<\/script>\n\t\t<!-- All in One SEO -->\n\n","aioseo_head_json":{"title":"Fecom\u00e9rcio MG e Sindicatos Empresariais enviam manifesto ao Governador contra aumento da al\u00edquota de ICMS - A Not\u00edcia Online","description":"A Federa\u00e7\u00e3o do Com\u00e9rcio de Bens, Servi\u00e7os e Turismo de Minas Gerais (Fecom\u00e9rcio MG) e todos os sindicatos empresariais filiados \u00e0 Federa\u00e7\u00e3o assinaram of\u00edcio que foi enviado ao Governador Romeu Zema em manifesta\u00e7\u00e3o contra a inten\u00e7\u00e3o de aumento da al\u00edquota de ICMS no estado. O documento cita a possibilidade do aumento do ICMS como uma","canonical_url":"https:\/\/anoticiaonline.com.br\/site\/fecomercio-mg-e-sindicatos-empresariais-enviam-manifesto-ao-governador-contra-aumento-da-aliquota-de-icms\/","robots":"max-image-preview:large","keywords":"","webmasterTools":{"miscellaneous":""},"schema":{"@context":"https:\/\/schema.org","@graph":[{"@type":"BlogPosting","@id":"https:\/\/anoticiaonline.com.br\/site\/fecomercio-mg-e-sindicatos-empresariais-enviam-manifesto-ao-governador-contra-aumento-da-aliquota-de-icms\/#blogposting","name":"Fecom\u00e9rcio MG e Sindicatos Empresariais enviam manifesto ao Governador contra aumento da al\u00edquota de ICMS - A Not\u00edcia Online","headline":"Fecom\u00e9rcio MG e Sindicatos Empresariais enviam manifesto ao Governador contra aumento da al\u00edquota de ICMS","author":{"@id":"https:\/\/anoticiaonline.com.br\/site\/author\/juliana\/#author"},"publisher":{"@id":"https:\/\/anoticiaonline.com.br\/site\/#organization"},"image":{"@type":"ImageObject","url":"https:\/\/anoticiaonline.com.br\/site\/wp-content\/uploads\/2023\/12\/fecomercio-aliquota-ICMS-capa.jpeg","width":800,"height":677},"datePublished":"2023-12-06T08:15:48-03:00","dateModified":"2023-12-06T08:16:00-03:00","inLanguage":"pt-BR","mainEntityOfPage":{"@id":"https:\/\/anoticiaonline.com.br\/site\/fecomercio-mg-e-sindicatos-empresariais-enviam-manifesto-ao-governador-contra-aumento-da-aliquota-de-icms\/#webpage"},"isPartOf":{"@id":"https:\/\/anoticiaonline.com.br\/site\/fecomercio-mg-e-sindicatos-empresariais-enviam-manifesto-ao-governador-contra-aumento-da-aliquota-de-icms\/#webpage"},"articleSection":"Blog, Cotidiano, Gerais, Slide principal"},{"@type":"BreadcrumbList","@id":"https:\/\/anoticiaonline.com.br\/site\/fecomercio-mg-e-sindicatos-empresariais-enviam-manifesto-ao-governador-contra-aumento-da-aliquota-de-icms\/#breadcrumblist","itemListElement":[{"@type":"ListItem","@id":"https:\/\/anoticiaonline.com.br\/site#listItem","position":1,"name":"Home","item":"https:\/\/anoticiaonline.com.br\/site","nextItem":{"@type":"ListItem","@id":"https:\/\/anoticiaonline.com.br\/site\/categoria\/muriae\/#listItem","name":"Blog"}},{"@type":"ListItem","@id":"https:\/\/anoticiaonline.com.br\/site\/categoria\/muriae\/#listItem","position":2,"name":"Blog","item":"https:\/\/anoticiaonline.com.br\/site\/categoria\/muriae\/","nextItem":{"@type":"ListItem","@id":"https:\/\/anoticiaonline.com.br\/site\/categoria\/muriae\/cotidiano\/#listItem","name":"Cotidiano"},"previousItem":{"@type":"ListItem","@id":"https:\/\/anoticiaonline.com.br\/site#listItem","name":"Home"}},{"@type":"ListItem","@id":"https:\/\/anoticiaonline.com.br\/site\/categoria\/muriae\/cotidiano\/#listItem","position":3,"name":"Cotidiano","item":"https:\/\/anoticiaonline.com.br\/site\/categoria\/muriae\/cotidiano\/","nextItem":{"@type":"ListItem","@id":"https:\/\/anoticiaonline.com.br\/site\/fecomercio-mg-e-sindicatos-empresariais-enviam-manifesto-ao-governador-contra-aumento-da-aliquota-de-icms\/#listItem","name":"Fecom\u00e9rcio MG e Sindicatos Empresariais enviam manifesto ao Governador contra aumento da al\u00edquota de ICMS"},"previousItem":{"@type":"ListItem","@id":"https:\/\/anoticiaonline.com.br\/site\/categoria\/muriae\/#listItem","name":"Blog"}},{"@type":"ListItem","@id":"https:\/\/anoticiaonline.com.br\/site\/fecomercio-mg-e-sindicatos-empresariais-enviam-manifesto-ao-governador-contra-aumento-da-aliquota-de-icms\/#listItem","position":4,"name":"Fecom\u00e9rcio MG e Sindicatos Empresariais enviam manifesto ao Governador contra aumento da al\u00edquota de ICMS","previousItem":{"@type":"ListItem","@id":"https:\/\/anoticiaonline.com.br\/site\/categoria\/muriae\/cotidiano\/#listItem","name":"Cotidiano"}}]},{"@type":"Organization","@id":"https:\/\/anoticiaonline.com.br\/site\/#organization","name":"A Not\u00edcia Online","description":"Noticias de Muria\u00e9 e regi\u00e3o","url":"https:\/\/anoticiaonline.com.br\/site\/","logo":{"@type":"ImageObject","url":"https:\/\/scontent-gig4-1.xx.fbcdn.net\/v\/t39.30808-1\/270437624_4564083193639691_6907940295614233970_n.jpg?stp=dst-jpg_s200x200_tt6&_nc_cat=111&ccb=1-7&_nc_sid=f907e8&_nc_ohc=SM1wRlP3lJwQ7kNvwEPuBYA&_nc_oc=AdnqrjDN_BNjSSHWO-GbkIWH6fkGMLw4bqvL_NH6e2wMveX7G-rP2dAqsDSq1mJMOaY&_nc_zt=24&_nc_ht=scontent-gig4-1.xx&_nc_gid=AoBFJeGrT1hVaew_6rchkQ&oh=00_AfX7QmFGhQhG2jAllVgXCiM1ZrWgvtp80-Bfppyexh1QEg&oe=689E923C","@id":"https:\/\/anoticiaonline.com.br\/site\/fecomercio-mg-e-sindicatos-empresariais-enviam-manifesto-ao-governador-contra-aumento-da-aliquota-de-icms\/#organizationLogo"},"image":{"@id":"https:\/\/anoticiaonline.com.br\/site\/fecomercio-mg-e-sindicatos-empresariais-enviam-manifesto-ao-governador-contra-aumento-da-aliquota-de-icms\/#organizationLogo"}},{"@type":"Person","@id":"https:\/\/anoticiaonline.com.br\/site\/author\/juliana\/#author","url":"https:\/\/anoticiaonline.com.br\/site\/author\/juliana\/","name":"Juliana Laviola","image":{"@type":"ImageObject","@id":"https:\/\/anoticiaonline.com.br\/site\/fecomercio-mg-e-sindicatos-empresariais-enviam-manifesto-ao-governador-contra-aumento-da-aliquota-de-icms\/#authorImage","url":"https:\/\/secure.gravatar.com\/avatar\/b8d45f5c699b100dfaf0e543582f38f38bf94cb7ae3a5e9abf8d891a34773335?s=96&d=mm&r=g","width":96,"height":96,"caption":"Juliana Laviola"}},{"@type":"WebPage","@id":"https:\/\/anoticiaonline.com.br\/site\/fecomercio-mg-e-sindicatos-empresariais-enviam-manifesto-ao-governador-contra-aumento-da-aliquota-de-icms\/#webpage","url":"https:\/\/anoticiaonline.com.br\/site\/fecomercio-mg-e-sindicatos-empresariais-enviam-manifesto-ao-governador-contra-aumento-da-aliquota-de-icms\/","name":"Fecom\u00e9rcio MG e Sindicatos Empresariais enviam manifesto ao Governador contra aumento da al\u00edquota de ICMS - A Not\u00edcia Online","description":"A Federa\u00e7\u00e3o do Com\u00e9rcio de Bens, Servi\u00e7os e Turismo de Minas Gerais (Fecom\u00e9rcio MG) e todos os sindicatos empresariais filiados \u00e0 Federa\u00e7\u00e3o assinaram of\u00edcio que foi enviado ao Governador Romeu Zema em manifesta\u00e7\u00e3o contra a inten\u00e7\u00e3o de aumento da al\u00edquota de ICMS no estado. O documento cita a possibilidade do aumento do ICMS como uma","inLanguage":"pt-BR","isPartOf":{"@id":"https:\/\/anoticiaonline.com.br\/site\/#website"},"breadcrumb":{"@id":"https:\/\/anoticiaonline.com.br\/site\/fecomercio-mg-e-sindicatos-empresariais-enviam-manifesto-ao-governador-contra-aumento-da-aliquota-de-icms\/#breadcrumblist"},"author":{"@id":"https:\/\/anoticiaonline.com.br\/site\/author\/juliana\/#author"},"creator":{"@id":"https:\/\/anoticiaonline.com.br\/site\/author\/juliana\/#author"},"image":{"@type":"ImageObject","url":"https:\/\/anoticiaonline.com.br\/site\/wp-content\/uploads\/2023\/12\/fecomercio-aliquota-ICMS-capa.jpeg","@id":"https:\/\/anoticiaonline.com.br\/site\/fecomercio-mg-e-sindicatos-empresariais-enviam-manifesto-ao-governador-contra-aumento-da-aliquota-de-icms\/#mainImage","width":800,"height":677},"primaryImageOfPage":{"@id":"https:\/\/anoticiaonline.com.br\/site\/fecomercio-mg-e-sindicatos-empresariais-enviam-manifesto-ao-governador-contra-aumento-da-aliquota-de-icms\/#mainImage"},"datePublished":"2023-12-06T08:15:48-03:00","dateModified":"2023-12-06T08:16:00-03:00"},{"@type":"WebSite","@id":"https:\/\/anoticiaonline.com.br\/site\/#website","url":"https:\/\/anoticiaonline.com.br\/site\/","name":"A Not\u00edcia Online","description":"Noticias de Muria\u00e9 e regi\u00e3o","inLanguage":"pt-BR","publisher":{"@id":"https:\/\/anoticiaonline.com.br\/site\/#organization"}}]},"og:locale":"pt_BR","og:site_name":"A Not\u00edcia Online - Noticias de Muria\u00e9 e regi\u00e3o","og:type":"article","og:title":"Fecom\u00e9rcio MG e Sindicatos Empresariais enviam manifesto ao Governador contra aumento da al\u00edquota de ICMS - A Not\u00edcia Online","og:description":"A Federa\u00e7\u00e3o do Com\u00e9rcio de Bens, Servi\u00e7os e Turismo de Minas Gerais (Fecom\u00e9rcio MG) e todos os sindicatos empresariais filiados \u00e0 Federa\u00e7\u00e3o assinaram of\u00edcio que foi enviado ao Governador Romeu Zema em manifesta\u00e7\u00e3o contra a inten\u00e7\u00e3o de aumento da al\u00edquota de ICMS no estado. O documento cita a possibilidade do aumento do ICMS como uma","og:url":"https:\/\/anoticiaonline.com.br\/site\/fecomercio-mg-e-sindicatos-empresariais-enviam-manifesto-ao-governador-contra-aumento-da-aliquota-de-icms\/","og:image":"https:\/\/scontent-gig4-1.xx.fbcdn.net\/v\/t39.30808-1\/270437624_4564083193639691_6907940295614233970_n.jpg?stp=dst-jpg_s200x200_tt6&#038;_nc_cat=111&#038;ccb=1-7&#038;_nc_sid=f907e8&#038;_nc_ohc=SM1wRlP3lJwQ7kNvwEPuBYA&#038;_nc_oc=AdnqrjDN_BNjSSHWO-GbkIWH6fkGMLw4bqvL_NH6e2wMveX7G-rP2dAqsDSq1mJMOaY&#038;_nc_zt=24&#038;_nc_ht=scontent-gig4-1.xx&#038;_nc_gid=AoBFJeGrT1hVaew_6rchkQ&#038;oh=00_AfX7QmFGhQhG2jAllVgXCiM1ZrWgvtp80-Bfppyexh1QEg&#038;oe=689E923C","og:image:secure_url":"https:\/\/scontent-gig4-1.xx.fbcdn.net\/v\/t39.30808-1\/270437624_4564083193639691_6907940295614233970_n.jpg?stp=dst-jpg_s200x200_tt6&#038;_nc_cat=111&#038;ccb=1-7&#038;_nc_sid=f907e8&#038;_nc_ohc=SM1wRlP3lJwQ7kNvwEPuBYA&#038;_nc_oc=AdnqrjDN_BNjSSHWO-GbkIWH6fkGMLw4bqvL_NH6e2wMveX7G-rP2dAqsDSq1mJMOaY&#038;_nc_zt=24&#038;_nc_ht=scontent-gig4-1.xx&#038;_nc_gid=AoBFJeGrT1hVaew_6rchkQ&#038;oh=00_AfX7QmFGhQhG2jAllVgXCiM1ZrWgvtp80-Bfppyexh1QEg&#038;oe=689E923C","article:published_time":"2023-12-06T11:15:48+00:00","article:modified_time":"2023-12-06T11:16:00+00:00","twitter:card":"summary_large_image","twitter:title":"Fecom\u00e9rcio MG e Sindicatos Empresariais enviam manifesto ao Governador contra aumento da al\u00edquota de ICMS - A Not\u00edcia Online","twitter:description":"A Federa\u00e7\u00e3o do Com\u00e9rcio de Bens, Servi\u00e7os e Turismo de Minas Gerais (Fecom\u00e9rcio MG) e todos os sindicatos empresariais filiados \u00e0 Federa\u00e7\u00e3o assinaram of\u00edcio que foi enviado ao Governador Romeu Zema em manifesta\u00e7\u00e3o contra a inten\u00e7\u00e3o de aumento da al\u00edquota de ICMS no estado. O documento cita a possibilidade do aumento do ICMS como uma","twitter:image":"https:\/\/scontent-gig4-1.xx.fbcdn.net\/v\/t39.30808-1\/270437624_4564083193639691_6907940295614233970_n.jpg?stp=dst-jpg_s200x200_tt6&_nc_cat=111&ccb=1-7&_nc_sid=f907e8&_nc_ohc=SM1wRlP3lJwQ7kNvwEPuBYA&_nc_oc=AdnqrjDN_BNjSSHWO-GbkIWH6fkGMLw4bqvL_NH6e2wMveX7G-rP2dAqsDSq1mJMOaY&_nc_zt=24&_nc_ht=scontent-gig4-1.xx&_nc_gid=AoBFJeGrT1hVaew_6rchkQ&oh=00_AfX7QmFGhQhG2jAllVgXCiM1ZrWgvtp80-Bfppyexh1QEg&oe=689E923C"},"aioseo_meta_data":{"post_id":"119801","title":null,"description":null,"keywords":null,"keyphrases":null,"primary_term":null,"canonical_url":null,"og_title":null,"og_description":null,"og_object_type":"default","og_image_type":"default","og_image_url":null,"og_image_width":null,"og_image_height":null,"og_image_custom_url":null,"og_image_custom_fields":null,"og_video":null,"og_custom_url":null,"og_article_section":null,"og_article_tags":null,"twitter_use_og":false,"twitter_card":"default","twitter_image_type":"default","twitter_image_url":null,"twitter_image_custom_url":null,"twitter_image_custom_fields":null,"twitter_title":null,"twitter_description":null,"schema":{"blockGraphs":[],"customGraphs":[],"default":{"data":{"Article":[],"Course":[],"Dataset":[],"FAQPage":[],"Movie":[],"Person":[],"Product":[],"ProductReview":[],"Car":[],"Recipe":[],"Service":[],"SoftwareApplication":[],"WebPage":[]},"graphName":"","isEnabled":true},"graphs":[]},"schema_type":"default","schema_type_options":null,"pillar_content":false,"robots_default":true,"robots_noindex":false,"robots_noarchive":false,"robots_nosnippet":false,"robots_nofollow":false,"robots_noimageindex":false,"robots_noodp":false,"robots_notranslate":false,"robots_max_snippet":null,"robots_max_videopreview":null,"robots_max_imagepreview":"large","priority":null,"frequency":null,"local_seo":null,"breadcrumb_settings":null,"limit_modified_date":false,"ai":null,"created":"2025-08-17 09:56:21","updated":"2025-08-17 09:56:21","focus_keyword":null,"additional_keywords":null,"truseo_locale":null,"seo_analyzer_scan_date":null},"aioseo_breadcrumb":"<div class=\"aioseo-breadcrumbs\"><span class=\"aioseo-breadcrumb\">\n\t\t\t<a href=\"https:\/\/anoticiaonline.com.br\/site\" title=\"Home\">Home<\/a>\n\t\t<\/span><span class=\"aioseo-breadcrumb-separator\">&raquo;<\/span><span class=\"aioseo-breadcrumb\">\n\t\t\t<a href=\"https:\/\/anoticiaonline.com.br\/site\/categoria\/muriae\/\" title=\"Blog\">Blog<\/a>\n\t\t<\/span><span class=\"aioseo-breadcrumb-separator\">&raquo;<\/span><span class=\"aioseo-breadcrumb\">\n\t\t\t<a href=\"https:\/\/anoticiaonline.com.br\/site\/categoria\/muriae\/cotidiano\/\" title=\"Cotidiano\">Cotidiano<\/a>\n\t\t<\/span><span class=\"aioseo-breadcrumb-separator\">&raquo;<\/span><span class=\"aioseo-breadcrumb\">\n\t\t\tFecom\u00e9rcio MG e Sindicatos Empresariais enviam manifesto ao Governador contra aumento da al\u00edquota de ICMS\n\t\t<\/span><\/div>","aioseo_breadcrumb_json":[{"label":"Home","link":"https:\/\/anoticiaonline.com.br\/site"},{"label":"Blog","link":"https:\/\/anoticiaonline.com.br\/site\/categoria\/muriae\/"},{"label":"Cotidiano","link":"https:\/\/anoticiaonline.com.br\/site\/categoria\/muriae\/cotidiano\/"},{"label":"Fecom\u00e9rcio MG e Sindicatos Empresariais enviam manifesto ao Governador contra aumento da al\u00edquota de ICMS","link":"https:\/\/anoticiaonline.com.br\/site\/fecomercio-mg-e-sindicatos-empresariais-enviam-manifesto-ao-governador-contra-aumento-da-aliquota-de-icms\/"}],"views":343,"_links":{"self":[{"href":"https:\/\/anoticiaonline.com.br\/site\/wp-json\/wp\/v2\/posts\/119801","targetHints":{"allow":["GET"]}}],"collection":[{"href":"https:\/\/anoticiaonline.com.br\/site\/wp-json\/wp\/v2\/posts"}],"about":[{"href":"https:\/\/anoticiaonline.com.br\/site\/wp-json\/wp\/v2\/types\/post"}],"author":[{"embeddable":true,"href":"https:\/\/anoticiaonline.com.br\/site\/wp-json\/wp\/v2\/users\/2"}],"replies":[{"embeddable":true,"href":"https:\/\/anoticiaonline.com.br\/site\/wp-json\/wp\/v2\/comments?post=119801"}],"version-history":[{"count":0,"href":"https:\/\/anoticiaonline.com.br\/site\/wp-json\/wp\/v2\/posts\/119801\/revisions"}],"wp:featuredmedia":[{"embeddable":true,"href":"https:\/\/anoticiaonline.com.br\/site\/wp-json\/wp\/v2\/media\/119802"}],"wp:attachment":[{"href":"https:\/\/anoticiaonline.com.br\/site\/wp-json\/wp\/v2\/media?parent=119801"}],"wp:term":[{"taxonomy":"category","embeddable":true,"href":"https:\/\/anoticiaonline.com.br\/site\/wp-json\/wp\/v2\/categories?post=119801"},{"taxonomy":"post_tag","embeddable":true,"href":"https:\/\/anoticiaonline.com.br\/site\/wp-json\/wp\/v2\/tags?post=119801"}],"curies":[{"name":"wp","href":"https:\/\/api.w.org\/{rel}","templated":true}]}}