{"id":119763,"date":"2023-12-04T11:44:35","date_gmt":"2023-12-04T14:44:35","guid":{"rendered":"http:\/\/anoticiaonline.com.br\/site\/?p=119763"},"modified":"2023-12-04T11:44:51","modified_gmt":"2023-12-04T14:44:51","slug":"chorelly-encanta-muriae-alegria-inclusao-e-cultura-nas-escolas-municipais-e-no-corredor-cultural","status":"publish","type":"post","link":"https:\/\/anoticiaonline.com.br\/site\/chorelly-encanta-muriae-alegria-inclusao-e-cultura-nas-escolas-municipais-e-no-corredor-cultural\/","title":{"rendered":"Chorelly Encanta Muria\u00e9: Alegria, Inclus\u00e3o e Cultura nas Escolas Municipais e no Corredor Cultural"},"content":{"rendered":"\n<p class=\"wp-block-paragraph\">O m\u00eas de novembro foi de alegria e descontra\u00e7\u00e3o para quem assistiu aos shows do Chrorelly, pela&nbsp; 2\u00b0 edi\u00e7\u00e3o do projeto executado pelo Fundo Municipal de Incentivo \u00e0 Cultura Alcyr Pires Vermelho \u2013 Edital n\u00ba 01\/2023. O artista apresentou tr\u00eas espet\u00e1culos em tr\u00eas escolas municipais de Muria\u00e9.&nbsp; Chorelly (Jeferson Leandro do Carmo) acompanhado de seus mestres de pista, Roh Victorio (Rom\u00e1rio Da Silva Ferreira) e Cacau Silva (Cl\u00e1udia Ros\u00e2ngela Silva), arrancaram muitas gargalhadas por onde passaram.<\/p>\n\n\n\n<figure class=\"wp-block-image alignwide size-full\"><img fetchpriority=\"high\" decoding=\"async\" width=\"700\" height=\"514\" src=\"https:\/\/anoticiaonline.com.br\/site\/wp-content\/uploads\/2023\/12\/WhatsApp-Image-2023-12-04-at-08.502.jpg\" alt=\"\" class=\"wp-image-119765\" srcset=\"https:\/\/anoticiaonline.com.br\/site\/wp-content\/uploads\/2023\/12\/WhatsApp-Image-2023-12-04-at-08.502.jpg 700w, https:\/\/anoticiaonline.com.br\/site\/wp-content\/uploads\/2023\/12\/WhatsApp-Image-2023-12-04-at-08.502-300x220.jpg 300w\" sizes=\"(max-width: 700px) 100vw, 700px\" \/><\/figure>\n\n\n\n<p class=\"wp-block-paragraph\">Os espet\u00e1culos itinerantes de novembro aconteceram nas Escolas Municipais Irene Pereira Dias Nunes, Professora Esmeralda Viana e Professora Stella Fid\u00e9lis. O p\u00fablico total estimado foi de 500 espectadores escolares. O projeto contou com int\u00e9rprete de LIBRAS, demonstrando o qu\u00e3o importante \u00e9 trabalhar a inclus\u00e3o e propor a acessibilidade para que todos possam participar.<\/p>\n\n\n\n<p class=\"wp-block-paragraph\">Chorelly e sua equipe tamb\u00e9m se apresentaram no Corredor Cultural, evento realizado pela FUNDARTE&nbsp; e Prefeitura Municipal, no domingo (26).<\/p>\n\n\n\n<p class=\"wp-block-paragraph\">J\u00e1 tra\u00e7ando novidades para 2024, o artista e produtor cultural continuar\u00e1 disseminando a arte circense e a palha\u00e7aria em novas edi\u00e7\u00f5es.<\/p>\n\n\n\n<figure class=\"wp-block-gallery has-nested-images columns-1 is-cropped wp-block-gallery-1 is-layout-flex wp-block-gallery-is-layout-flex\">\n<figure class=\"wp-block-image size-large\"><a href=\"https:\/\/anoticiaonline.com.br\/site\/wp-content\/uploads\/2023\/12\/WhatsApp-Image-2023-12-04-at-08.50.jpg\"><img decoding=\"async\" width=\"524\" height=\"700\" data-id=\"119767\" src=\"https:\/\/anoticiaonline.com.br\/site\/wp-content\/uploads\/2023\/12\/WhatsApp-Image-2023-12-04-at-08.50.jpg\" alt=\"\" class=\"wp-image-119767\" srcset=\"https:\/\/anoticiaonline.com.br\/site\/wp-content\/uploads\/2023\/12\/WhatsApp-Image-2023-12-04-at-08.50.jpg 524w, https:\/\/anoticiaonline.com.br\/site\/wp-content\/uploads\/2023\/12\/WhatsApp-Image-2023-12-04-at-08.50-225x300.jpg 225w\" sizes=\"(max-width: 524px) 100vw, 524px\" \/><\/a><\/figure>\n\n\n\n<figure class=\"wp-block-image size-large\"><a href=\"https:\/\/anoticiaonline.com.br\/site\/wp-content\/uploads\/2023\/12\/WhatsApp-Image-2023-12-04-at-08.501.jpg\"><img decoding=\"async\" width=\"525\" height=\"700\" data-id=\"119768\" src=\"https:\/\/anoticiaonline.com.br\/site\/wp-content\/uploads\/2023\/12\/WhatsApp-Image-2023-12-04-at-08.501.jpg\" alt=\"\" class=\"wp-image-119768\" srcset=\"https:\/\/anoticiaonline.com.br\/site\/wp-content\/uploads\/2023\/12\/WhatsApp-Image-2023-12-04-at-08.501.jpg 525w, https:\/\/anoticiaonline.com.br\/site\/wp-content\/uploads\/2023\/12\/WhatsApp-Image-2023-12-04-at-08.501-225x300.jpg 225w\" sizes=\"(max-width: 525px) 100vw, 525px\" \/><\/a><\/figure>\n\n\n\n<figure class=\"wp-block-image size-large\"><a href=\"https:\/\/anoticiaonline.com.br\/site\/wp-content\/uploads\/2023\/12\/WhatsApp-Image-2023-12-04-at-08.503.jpg\"><img loading=\"lazy\" decoding=\"async\" width=\"547\" height=\"700\" data-id=\"119772\" src=\"https:\/\/anoticiaonline.com.br\/site\/wp-content\/uploads\/2023\/12\/WhatsApp-Image-2023-12-04-at-08.503.jpg\" alt=\"\" class=\"wp-image-119772\" srcset=\"https:\/\/anoticiaonline.com.br\/site\/wp-content\/uploads\/2023\/12\/WhatsApp-Image-2023-12-04-at-08.503.jpg 547w, https:\/\/anoticiaonline.com.br\/site\/wp-content\/uploads\/2023\/12\/WhatsApp-Image-2023-12-04-at-08.503-234x300.jpg 234w\" sizes=\"(max-width: 547px) 100vw, 547px\" \/><\/a><\/figure>\n\n\n\n<figure class=\"wp-block-image size-large\"><a href=\"https:\/\/anoticiaonline.com.br\/site\/wp-content\/uploads\/2023\/12\/WhatsApp-Image-2023-12-04-at-08.504.jpg\"><img loading=\"lazy\" decoding=\"async\" width=\"700\" height=\"516\" data-id=\"119771\" src=\"https:\/\/anoticiaonline.com.br\/site\/wp-content\/uploads\/2023\/12\/WhatsApp-Image-2023-12-04-at-08.504.jpg\" alt=\"\" class=\"wp-image-119771\" srcset=\"https:\/\/anoticiaonline.com.br\/site\/wp-content\/uploads\/2023\/12\/WhatsApp-Image-2023-12-04-at-08.504.jpg 700w, https:\/\/anoticiaonline.com.br\/site\/wp-content\/uploads\/2023\/12\/WhatsApp-Image-2023-12-04-at-08.504-300x221.jpg 300w\" sizes=\"(max-width: 700px) 100vw, 700px\" \/><\/a><\/figure>\n\n\n\n<figure class=\"wp-block-image size-large\"><a href=\"https:\/\/anoticiaonline.com.br\/site\/wp-content\/uploads\/2023\/12\/WhatsApp-Image-2023-12-04-at-08.505.jpg\"><img loading=\"lazy\" decoding=\"async\" width=\"700\" height=\"525\" data-id=\"119769\" src=\"https:\/\/anoticiaonline.com.br\/site\/wp-content\/uploads\/2023\/12\/WhatsApp-Image-2023-12-04-at-08.505.jpg\" alt=\"\" class=\"wp-image-119769\" srcset=\"https:\/\/anoticiaonline.com.br\/site\/wp-content\/uploads\/2023\/12\/WhatsApp-Image-2023-12-04-at-08.505.jpg 700w, https:\/\/anoticiaonline.com.br\/site\/wp-content\/uploads\/2023\/12\/WhatsApp-Image-2023-12-04-at-08.505-300x225.jpg 300w\" sizes=\"(max-width: 700px) 100vw, 700px\" \/><\/a><\/figure>\n\n\n\n<figure class=\"wp-block-image size-large\"><a href=\"https:\/\/anoticiaonline.com.br\/site\/wp-content\/uploads\/2023\/12\/WhatsApp-Image-2023-12-04-at-08.506.jpg\"><img loading=\"lazy\" decoding=\"async\" width=\"700\" height=\"533\" data-id=\"119766\" src=\"https:\/\/anoticiaonline.com.br\/site\/wp-content\/uploads\/2023\/12\/WhatsApp-Image-2023-12-04-at-08.506.jpg\" alt=\"\" class=\"wp-image-119766\" srcset=\"https:\/\/anoticiaonline.com.br\/site\/wp-content\/uploads\/2023\/12\/WhatsApp-Image-2023-12-04-at-08.506.jpg 700w, https:\/\/anoticiaonline.com.br\/site\/wp-content\/uploads\/2023\/12\/WhatsApp-Image-2023-12-04-at-08.506-300x228.jpg 300w\" sizes=\"(max-width: 700px) 100vw, 700px\" \/><\/a><\/figure>\n\n\n\n<figure class=\"wp-block-image size-large\"><a href=\"https:\/\/anoticiaonline.com.br\/site\/wp-content\/uploads\/2023\/12\/WhatsApp-Image-2023-12-04-at-08.508.jpg\"><img loading=\"lazy\" decoding=\"async\" width=\"700\" height=\"541\" data-id=\"119770\" src=\"https:\/\/anoticiaonline.com.br\/site\/wp-content\/uploads\/2023\/12\/WhatsApp-Image-2023-12-04-at-08.508.jpg\" alt=\"\" class=\"wp-image-119770\" srcset=\"https:\/\/anoticiaonline.com.br\/site\/wp-content\/uploads\/2023\/12\/WhatsApp-Image-2023-12-04-at-08.508.jpg 700w, https:\/\/anoticiaonline.com.br\/site\/wp-content\/uploads\/2023\/12\/WhatsApp-Image-2023-12-04-at-08.508-300x232.jpg 300w\" sizes=\"(max-width: 700px) 100vw, 700px\" \/><\/a><\/figure>\n\n\n\n<figure class=\"wp-block-image size-large\"><a href=\"https:\/\/anoticiaonline.com.br\/site\/wp-content\/uploads\/2023\/12\/WhatsApp-Image-2023-12-04-at-08.509.jpg\"><img loading=\"lazy\" decoding=\"async\" width=\"521\" height=\"700\" data-id=\"119773\" src=\"https:\/\/anoticiaonline.com.br\/site\/wp-content\/uploads\/2023\/12\/WhatsApp-Image-2023-12-04-at-08.509.jpg\" alt=\"\" class=\"wp-image-119773\" srcset=\"https:\/\/anoticiaonline.com.br\/site\/wp-content\/uploads\/2023\/12\/WhatsApp-Image-2023-12-04-at-08.509.jpg 521w, https:\/\/anoticiaonline.com.br\/site\/wp-content\/uploads\/2023\/12\/WhatsApp-Image-2023-12-04-at-08.509-223x300.jpg 223w\" sizes=\"(max-width: 521px) 100vw, 521px\" \/><\/a><\/figure>\n\n\n\n<figure class=\"wp-block-image size-large\"><a href=\"https:\/\/anoticiaonline.com.br\/site\/wp-content\/uploads\/2023\/12\/WhatsApp-Image-2023-12-04-at-08.5010.jpg\"><img loading=\"lazy\" decoding=\"async\" width=\"700\" height=\"525\" data-id=\"119774\" src=\"https:\/\/anoticiaonline.com.br\/site\/wp-content\/uploads\/2023\/12\/WhatsApp-Image-2023-12-04-at-08.5010.jpg\" alt=\"\" class=\"wp-image-119774\" srcset=\"https:\/\/anoticiaonline.com.br\/site\/wp-content\/uploads\/2023\/12\/WhatsApp-Image-2023-12-04-at-08.5010.jpg 700w, https:\/\/anoticiaonline.com.br\/site\/wp-content\/uploads\/2023\/12\/WhatsApp-Image-2023-12-04-at-08.5010-300x225.jpg 300w\" sizes=\"(max-width: 700px) 100vw, 700px\" \/><\/a><\/figure>\n\n\n\n<figure class=\"wp-block-image size-large\"><a href=\"https:\/\/anoticiaonline.com.br\/site\/wp-content\/uploads\/2023\/12\/WhatsApp-Image-2023-12-04-at-08.5011.jpg\"><img loading=\"lazy\" decoding=\"async\" width=\"525\" height=\"700\" data-id=\"119776\" src=\"https:\/\/anoticiaonline.com.br\/site\/wp-content\/uploads\/2023\/12\/WhatsApp-Image-2023-12-04-at-08.5011.jpg\" alt=\"\" class=\"wp-image-119776\" srcset=\"https:\/\/anoticiaonline.com.br\/site\/wp-content\/uploads\/2023\/12\/WhatsApp-Image-2023-12-04-at-08.5011.jpg 525w, https:\/\/anoticiaonline.com.br\/site\/wp-content\/uploads\/2023\/12\/WhatsApp-Image-2023-12-04-at-08.5011-225x300.jpg 225w\" sizes=\"(max-width: 525px) 100vw, 525px\" \/><\/a><\/figure>\n\n\n\n<figure class=\"wp-block-image size-large\"><a href=\"https:\/\/anoticiaonline.com.br\/site\/wp-content\/uploads\/2023\/12\/WhatsApp-Image-2023-12-04-at-08.5012.jpg\"><img loading=\"lazy\" decoding=\"async\" width=\"700\" height=\"525\" data-id=\"119775\" src=\"https:\/\/anoticiaonline.com.br\/site\/wp-content\/uploads\/2023\/12\/WhatsApp-Image-2023-12-04-at-08.5012.jpg\" alt=\"\" class=\"wp-image-119775\" srcset=\"https:\/\/anoticiaonline.com.br\/site\/wp-content\/uploads\/2023\/12\/WhatsApp-Image-2023-12-04-at-08.5012.jpg 700w, https:\/\/anoticiaonline.com.br\/site\/wp-content\/uploads\/2023\/12\/WhatsApp-Image-2023-12-04-at-08.5012-300x225.jpg 300w\" sizes=\"(max-width: 700px) 100vw, 700px\" \/><\/a><\/figure>\n\n\n\n<figure class=\"wp-block-image size-large\"><a href=\"https:\/\/anoticiaonline.com.br\/site\/wp-content\/uploads\/2023\/12\/WhatsApp-Image-2023-12-04-at-08.5013.jpg\"><img loading=\"lazy\" decoding=\"async\" width=\"525\" height=\"700\" data-id=\"119777\" src=\"https:\/\/anoticiaonline.com.br\/site\/wp-content\/uploads\/2023\/12\/WhatsApp-Image-2023-12-04-at-08.5013.jpg\" alt=\"\" class=\"wp-image-119777\" srcset=\"https:\/\/anoticiaonline.com.br\/site\/wp-content\/uploads\/2023\/12\/WhatsApp-Image-2023-12-04-at-08.5013.jpg 525w, https:\/\/anoticiaonline.com.br\/site\/wp-content\/uploads\/2023\/12\/WhatsApp-Image-2023-12-04-at-08.5013-225x300.jpg 225w\" sizes=\"(max-width: 525px) 100vw, 525px\" \/><\/a><\/figure>\n\n\n\n<figure class=\"wp-block-image size-large\"><a href=\"https:\/\/anoticiaonline.com.br\/site\/wp-content\/uploads\/2023\/12\/WhatsApp-Image-2023-12-04-at-08.5015.jpg\"><img loading=\"lazy\" decoding=\"async\" width=\"700\" height=\"525\" data-id=\"119778\" src=\"https:\/\/anoticiaonline.com.br\/site\/wp-content\/uploads\/2023\/12\/WhatsApp-Image-2023-12-04-at-08.5015.jpg\" alt=\"\" class=\"wp-image-119778\" srcset=\"https:\/\/anoticiaonline.com.br\/site\/wp-content\/uploads\/2023\/12\/WhatsApp-Image-2023-12-04-at-08.5015.jpg 700w, https:\/\/anoticiaonline.com.br\/site\/wp-content\/uploads\/2023\/12\/WhatsApp-Image-2023-12-04-at-08.5015-300x225.jpg 300w\" sizes=\"(max-width: 700px) 100vw, 700px\" \/><\/a><\/figure>\n\n\n\n<figure class=\"wp-block-image size-large\"><img loading=\"lazy\" decoding=\"async\" width=\"700\" height=\"525\" data-id=\"119783\" src=\"https:\/\/anoticiaonline.com.br\/site\/wp-content\/uploads\/2023\/12\/WhatsApp-Image-2023-12-04-at-08.5016.jpg\" alt=\"\" class=\"wp-image-119783\" srcset=\"https:\/\/anoticiaonline.com.br\/site\/wp-content\/uploads\/2023\/12\/WhatsApp-Image-2023-12-04-at-08.5016.jpg 700w, https:\/\/anoticiaonline.com.br\/site\/wp-content\/uploads\/2023\/12\/WhatsApp-Image-2023-12-04-at-08.5016-300x225.jpg 300w\" sizes=\"(max-width: 700px) 100vw, 700px\" \/><\/figure>\n\n\n\n<figure class=\"wp-block-image size-large\"><img loading=\"lazy\" decoding=\"async\" width=\"700\" height=\"525\" data-id=\"119782\" src=\"https:\/\/anoticiaonline.com.br\/site\/wp-content\/uploads\/2023\/12\/WhatsApp-Image-2023-12-04-at-08.5017.jpg\" alt=\"\" class=\"wp-image-119782\" srcset=\"https:\/\/anoticiaonline.com.br\/site\/wp-content\/uploads\/2023\/12\/WhatsApp-Image-2023-12-04-at-08.5017.jpg 700w, https:\/\/anoticiaonline.com.br\/site\/wp-content\/uploads\/2023\/12\/WhatsApp-Image-2023-12-04-at-08.5017-300x225.jpg 300w\" sizes=\"(max-width: 700px) 100vw, 700px\" \/><\/figure>\n\n\n\n<figure class=\"wp-block-image size-large\"><img loading=\"lazy\" decoding=\"async\" width=\"700\" height=\"525\" data-id=\"119780\" src=\"https:\/\/anoticiaonline.com.br\/site\/wp-content\/uploads\/2023\/12\/WhatsApp-Image-2023-12-04-at-08.5018.jpg\" alt=\"\" class=\"wp-image-119780\" srcset=\"https:\/\/anoticiaonline.com.br\/site\/wp-content\/uploads\/2023\/12\/WhatsApp-Image-2023-12-04-at-08.5018.jpg 700w, https:\/\/anoticiaonline.com.br\/site\/wp-content\/uploads\/2023\/12\/WhatsApp-Image-2023-12-04-at-08.5018-300x225.jpg 300w\" sizes=\"(max-width: 700px) 100vw, 700px\" \/><\/figure>\n\n\n\n<figure class=\"wp-block-image size-large\"><img loading=\"lazy\" decoding=\"async\" width=\"700\" height=\"525\" data-id=\"119784\" src=\"https:\/\/anoticiaonline.com.br\/site\/wp-content\/uploads\/2023\/12\/WhatsApp-Image-2023-12-04-at-08.5019.jpg\" alt=\"\" class=\"wp-image-119784\" srcset=\"https:\/\/anoticiaonline.com.br\/site\/wp-content\/uploads\/2023\/12\/WhatsApp-Image-2023-12-04-at-08.5019.jpg 700w, https:\/\/anoticiaonline.com.br\/site\/wp-content\/uploads\/2023\/12\/WhatsApp-Image-2023-12-04-at-08.5019-300x225.jpg 300w\" sizes=\"(max-width: 700px) 100vw, 700px\" \/><\/figure>\n\n\n\n<figure class=\"wp-block-image size-large\"><a href=\"https:\/\/anoticiaonline.com.br\/site\/wp-content\/uploads\/2023\/12\/WhatsApp-Image-2023-12-04-at-08.5020.jpg\"><img loading=\"lazy\" decoding=\"async\" width=\"700\" height=\"525\" data-id=\"119779\" src=\"https:\/\/anoticiaonline.com.br\/site\/wp-content\/uploads\/2023\/12\/WhatsApp-Image-2023-12-04-at-08.5020.jpg\" alt=\"\" class=\"wp-image-119779\" srcset=\"https:\/\/anoticiaonline.com.br\/site\/wp-content\/uploads\/2023\/12\/WhatsApp-Image-2023-12-04-at-08.5020.jpg 700w, https:\/\/anoticiaonline.com.br\/site\/wp-content\/uploads\/2023\/12\/WhatsApp-Image-2023-12-04-at-08.5020-300x225.jpg 300w\" sizes=\"(max-width: 700px) 100vw, 700px\" \/><\/a><\/figure>\n\n\n\n<figure class=\"wp-block-image size-large\"><img loading=\"lazy\" decoding=\"async\" width=\"700\" height=\"525\" data-id=\"119781\" src=\"https:\/\/anoticiaonline.com.br\/site\/wp-content\/uploads\/2023\/12\/WhatsApp-Image-2023-12-04-at-08.5067.jpg\" alt=\"\" class=\"wp-image-119781\" srcset=\"https:\/\/anoticiaonline.com.br\/site\/wp-content\/uploads\/2023\/12\/WhatsApp-Image-2023-12-04-at-08.5067.jpg 700w, https:\/\/anoticiaonline.com.br\/site\/wp-content\/uploads\/2023\/12\/WhatsApp-Image-2023-12-04-at-08.5067-300x225.jpg 300w\" sizes=\"(max-width: 700px) 100vw, 700px\" \/><\/figure>\n\n\n\n<figure class=\"wp-block-image size-large\"><img loading=\"lazy\" decoding=\"async\" width=\"700\" height=\"655\" data-id=\"119785\" src=\"https:\/\/anoticiaonline.com.br\/site\/wp-content\/uploads\/2023\/12\/WhatsApp-Image-2023-12-04-at-08.501314.jpg\" alt=\"\" class=\"wp-image-119785\" srcset=\"https:\/\/anoticiaonline.com.br\/site\/wp-content\/uploads\/2023\/12\/WhatsApp-Image-2023-12-04-at-08.501314.jpg 700w, https:\/\/anoticiaonline.com.br\/site\/wp-content\/uploads\/2023\/12\/WhatsApp-Image-2023-12-04-at-08.501314-300x281.jpg 300w\" sizes=\"(max-width: 700px) 100vw, 700px\" \/><\/figure>\n<\/figure>\n","protected":false},"excerpt":{"rendered":"<p>O m\u00eas de novembro foi de alegria e descontra\u00e7\u00e3o para quem assistiu aos shows do Chrorelly, pela&nbsp; 2\u00b0 edi\u00e7\u00e3o do projeto executado pelo Fundo Municipal de Incentivo \u00e0 Cultura Alcyr Pires Vermelho \u2013 Edital n\u00ba 01\/2023. O artista apresentou tr\u00eas espet\u00e1culos em tr\u00eas escolas municipais de Muria\u00e9.&nbsp; Chorelly (Jeferson Leandro do Carmo) acompanhado de seus &#8230; <a title=\"Chorelly Encanta Muria\u00e9: Alegria, Inclus\u00e3o e Cultura nas Escolas Municipais e no Corredor Cultural\" class=\"read-more\" href=\"https:\/\/anoticiaonline.com.br\/site\/chorelly-encanta-muriae-alegria-inclusao-e-cultura-nas-escolas-municipais-e-no-corredor-cultural\/\" aria-label=\"Read more about Chorelly Encanta Muria\u00e9: Alegria, Inclus\u00e3o e Cultura nas Escolas Municipais e no Corredor Cultural\">Ler mais<\/a><\/p>\n","protected":false},"author":7,"featured_media":119764,"comment_status":"open","ping_status":"closed","sticky":false,"template":"","format":"standard","meta":{"_acf_changed":false,"_monsterinsights_skip_tracking":false,"footnotes":""},"categories":[30,24,7660],"tags":[],"class_list":["post-119763","post","type-post","status-publish","format-standard","has-post-thumbnail","hentry","category-muriae","category-eventos","category-slide-principal"],"acf":[],"aioseo_notices":[],"aioseo_head":"\n\t\t<!-- All in One SEO 5.0.0.1 - aioseo.com -->\n\t<meta name=\"description\" content=\"O m\u00eas de novembro foi de alegria e descontra\u00e7\u00e3o para quem assistiu aos shows do Chrorelly, pela 2\u00b0 edi\u00e7\u00e3o do projeto executado pelo Fundo Municipal de Incentivo \u00e0 Cultura Alcyr Pires Vermelho \u2013 Edital n\u00ba 01\/2023. O artista apresentou tr\u00eas espet\u00e1culos em tr\u00eas escolas municipais de Muria\u00e9. Chorelly (Jeferson Leandro do Carmo) acompanhado de seus\" \/>\n\t<meta name=\"robots\" content=\"max-image-preview:large\" \/>\n\t<meta name=\"author\" content=\"Leandro Bebiano\"\/>\n\t<link rel=\"canonical\" href=\"https:\/\/anoticiaonline.com.br\/site\/chorelly-encanta-muriae-alegria-inclusao-e-cultura-nas-escolas-municipais-e-no-corredor-cultural\/\" \/>\n\t<meta name=\"generator\" content=\"All in One SEO (AIOSEO) 5.0.0.1\" \/>\n\t\t<meta property=\"og:locale\" content=\"pt_BR\" \/>\n\t\t<meta property=\"og:site_name\" content=\"A Not\u00edcia Online - Noticias de Muria\u00e9 e regi\u00e3o\" \/>\n\t\t<meta property=\"og:type\" content=\"article\" \/>\n\t\t<meta property=\"og:title\" content=\"Chorelly Encanta Muria\u00e9: Alegria, Inclus\u00e3o e Cultura nas Escolas Municipais e no Corredor Cultural - A Not\u00edcia Online\" \/>\n\t\t<meta property=\"og:description\" content=\"O m\u00eas de novembro foi de alegria e descontra\u00e7\u00e3o para quem assistiu aos shows do Chrorelly, pela 2\u00b0 edi\u00e7\u00e3o do projeto executado pelo Fundo Municipal de Incentivo \u00e0 Cultura Alcyr Pires Vermelho \u2013 Edital n\u00ba 01\/2023. O artista apresentou tr\u00eas espet\u00e1culos em tr\u00eas escolas municipais de Muria\u00e9. Chorelly (Jeferson Leandro do Carmo) acompanhado de seus\" \/>\n\t\t<meta property=\"og:url\" content=\"https:\/\/anoticiaonline.com.br\/site\/chorelly-encanta-muriae-alegria-inclusao-e-cultura-nas-escolas-municipais-e-no-corredor-cultural\/\" \/>\n\t\t<meta property=\"og:image\" content=\"https:\/\/scontent-gig4-1.xx.fbcdn.net\/v\/t39.30808-1\/270437624_4564083193639691_6907940295614233970_n.jpg?stp=dst-jpg_s200x200_tt6&#038;_nc_cat=111&#038;ccb=1-7&#038;_nc_sid=f907e8&#038;_nc_ohc=SM1wRlP3lJwQ7kNvwEPuBYA&#038;_nc_oc=AdnqrjDN_BNjSSHWO-GbkIWH6fkGMLw4bqvL_NH6e2wMveX7G-rP2dAqsDSq1mJMOaY&#038;_nc_zt=24&#038;_nc_ht=scontent-gig4-1.xx&#038;_nc_gid=AoBFJeGrT1hVaew_6rchkQ&#038;oh=00_AfX7QmFGhQhG2jAllVgXCiM1ZrWgvtp80-Bfppyexh1QEg&#038;oe=689E923C\" \/>\n\t\t<meta property=\"og:image:secure_url\" content=\"https:\/\/scontent-gig4-1.xx.fbcdn.net\/v\/t39.30808-1\/270437624_4564083193639691_6907940295614233970_n.jpg?stp=dst-jpg_s200x200_tt6&#038;_nc_cat=111&#038;ccb=1-7&#038;_nc_sid=f907e8&#038;_nc_ohc=SM1wRlP3lJwQ7kNvwEPuBYA&#038;_nc_oc=AdnqrjDN_BNjSSHWO-GbkIWH6fkGMLw4bqvL_NH6e2wMveX7G-rP2dAqsDSq1mJMOaY&#038;_nc_zt=24&#038;_nc_ht=scontent-gig4-1.xx&#038;_nc_gid=AoBFJeGrT1hVaew_6rchkQ&#038;oh=00_AfX7QmFGhQhG2jAllVgXCiM1ZrWgvtp80-Bfppyexh1QEg&#038;oe=689E923C\" \/>\n\t\t<meta property=\"article:published_time\" content=\"2023-12-04T14:44:35+00:00\" \/>\n\t\t<meta property=\"article:modified_time\" content=\"2023-12-04T14:44:51+00:00\" \/>\n\t\t<meta name=\"twitter:card\" content=\"summary_large_image\" \/>\n\t\t<meta name=\"twitter:title\" content=\"Chorelly Encanta Muria\u00e9: Alegria, Inclus\u00e3o e Cultura nas Escolas Municipais e no Corredor Cultural - A Not\u00edcia Online\" \/>\n\t\t<meta name=\"twitter:description\" content=\"O m\u00eas de novembro foi de alegria e descontra\u00e7\u00e3o para quem assistiu aos shows do Chrorelly, pela 2\u00b0 edi\u00e7\u00e3o do projeto executado pelo Fundo Municipal de Incentivo \u00e0 Cultura Alcyr Pires Vermelho \u2013 Edital n\u00ba 01\/2023. O artista apresentou tr\u00eas espet\u00e1culos em tr\u00eas escolas municipais de Muria\u00e9. Chorelly (Jeferson Leandro do Carmo) acompanhado de seus\" \/>\n\t\t<meta name=\"twitter:image\" content=\"https:\/\/scontent-gig4-1.xx.fbcdn.net\/v\/t39.30808-1\/270437624_4564083193639691_6907940295614233970_n.jpg?stp=dst-jpg_s200x200_tt6&amp;_nc_cat=111&amp;ccb=1-7&amp;_nc_sid=f907e8&amp;_nc_ohc=SM1wRlP3lJwQ7kNvwEPuBYA&amp;_nc_oc=AdnqrjDN_BNjSSHWO-GbkIWH6fkGMLw4bqvL_NH6e2wMveX7G-rP2dAqsDSq1mJMOaY&amp;_nc_zt=24&amp;_nc_ht=scontent-gig4-1.xx&amp;_nc_gid=AoBFJeGrT1hVaew_6rchkQ&amp;oh=00_AfX7QmFGhQhG2jAllVgXCiM1ZrWgvtp80-Bfppyexh1QEg&amp;oe=689E923C\" \/>\n\t\t<script type=\"application\/ld+json\" class=\"aioseo-schema\">\n\t\t\t{\"@context\":\"https:\\\/\\\/schema.org\",\"@graph\":[{\"@type\":\"BlogPosting\",\"@id\":\"https:\\\/\\\/anoticiaonline.com.br\\\/site\\\/chorelly-encanta-muriae-alegria-inclusao-e-cultura-nas-escolas-municipais-e-no-corredor-cultural\\\/#blogposting\",\"name\":\"Chorelly Encanta Muria\\u00e9: Alegria, Inclus\\u00e3o e Cultura nas Escolas Municipais e no Corredor Cultural - A Not\\u00edcia Online\",\"headline\":\"Chorelly Encanta Muria\\u00e9: Alegria, Inclus\\u00e3o e Cultura nas Escolas Municipais e no Corredor Cultural\",\"author\":{\"@id\":\"https:\\\/\\\/anoticiaonline.com.br\\\/site\\\/author\\\/leandro\\\/#author\"},\"publisher\":{\"@id\":\"https:\\\/\\\/anoticiaonline.com.br\\\/site\\\/#organization\"},\"image\":{\"@type\":\"ImageObject\",\"url\":\"https:\\\/\\\/anoticiaonline.com.br\\\/site\\\/wp-content\\\/uploads\\\/2023\\\/12\\\/capa.jpg\",\"width\":700,\"height\":526},\"datePublished\":\"2023-12-04T11:44:35-03:00\",\"dateModified\":\"2023-12-04T11:44:51-03:00\",\"inLanguage\":\"pt-BR\",\"mainEntityOfPage\":{\"@id\":\"https:\\\/\\\/anoticiaonline.com.br\\\/site\\\/chorelly-encanta-muriae-alegria-inclusao-e-cultura-nas-escolas-municipais-e-no-corredor-cultural\\\/#webpage\"},\"isPartOf\":{\"@id\":\"https:\\\/\\\/anoticiaonline.com.br\\\/site\\\/chorelly-encanta-muriae-alegria-inclusao-e-cultura-nas-escolas-municipais-e-no-corredor-cultural\\\/#webpage\"},\"articleSection\":\"Blog, Eventos, Slide principal\"},{\"@type\":\"BreadcrumbList\",\"@id\":\"https:\\\/\\\/anoticiaonline.com.br\\\/site\\\/chorelly-encanta-muriae-alegria-inclusao-e-cultura-nas-escolas-municipais-e-no-corredor-cultural\\\/#breadcrumblist\",\"itemListElement\":[{\"@type\":\"ListItem\",\"@id\":\"https:\\\/\\\/anoticiaonline.com.br\\\/site#listItem\",\"position\":1,\"name\":\"Home\",\"item\":\"https:\\\/\\\/anoticiaonline.com.br\\\/site\",\"nextItem\":{\"@type\":\"ListItem\",\"@id\":\"https:\\\/\\\/anoticiaonline.com.br\\\/site\\\/categoria\\\/slides\\\/#listItem\",\"name\":\"Slides\"}},{\"@type\":\"ListItem\",\"@id\":\"https:\\\/\\\/anoticiaonline.com.br\\\/site\\\/categoria\\\/slides\\\/#listItem\",\"position\":2,\"name\":\"Slides\",\"item\":\"https:\\\/\\\/anoticiaonline.com.br\\\/site\\\/categoria\\\/slides\\\/\",\"nextItem\":{\"@type\":\"ListItem\",\"@id\":\"https:\\\/\\\/anoticiaonline.com.br\\\/site\\\/categoria\\\/slides\\\/slide-principal\\\/#listItem\",\"name\":\"Slide principal\"},\"previousItem\":{\"@type\":\"ListItem\",\"@id\":\"https:\\\/\\\/anoticiaonline.com.br\\\/site#listItem\",\"name\":\"Home\"}},{\"@type\":\"ListItem\",\"@id\":\"https:\\\/\\\/anoticiaonline.com.br\\\/site\\\/categoria\\\/slides\\\/slide-principal\\\/#listItem\",\"position\":3,\"name\":\"Slide principal\",\"item\":\"https:\\\/\\\/anoticiaonline.com.br\\\/site\\\/categoria\\\/slides\\\/slide-principal\\\/\",\"nextItem\":{\"@type\":\"ListItem\",\"@id\":\"https:\\\/\\\/anoticiaonline.com.br\\\/site\\\/chorelly-encanta-muriae-alegria-inclusao-e-cultura-nas-escolas-municipais-e-no-corredor-cultural\\\/#listItem\",\"name\":\"Chorelly Encanta Muria\\u00e9: Alegria, Inclus\\u00e3o e Cultura nas Escolas Municipais e no Corredor Cultural\"},\"previousItem\":{\"@type\":\"ListItem\",\"@id\":\"https:\\\/\\\/anoticiaonline.com.br\\\/site\\\/categoria\\\/slides\\\/#listItem\",\"name\":\"Slides\"}},{\"@type\":\"ListItem\",\"@id\":\"https:\\\/\\\/anoticiaonline.com.br\\\/site\\\/chorelly-encanta-muriae-alegria-inclusao-e-cultura-nas-escolas-municipais-e-no-corredor-cultural\\\/#listItem\",\"position\":4,\"name\":\"Chorelly Encanta Muria\\u00e9: Alegria, Inclus\\u00e3o e Cultura nas Escolas Municipais e no Corredor Cultural\",\"previousItem\":{\"@type\":\"ListItem\",\"@id\":\"https:\\\/\\\/anoticiaonline.com.br\\\/site\\\/categoria\\\/slides\\\/slide-principal\\\/#listItem\",\"name\":\"Slide principal\"}}]},{\"@type\":\"Organization\",\"@id\":\"https:\\\/\\\/anoticiaonline.com.br\\\/site\\\/#organization\",\"name\":\"A Not\\u00edcia Online\",\"description\":\"Noticias de Muria\\u00e9 e regi\\u00e3o\",\"url\":\"https:\\\/\\\/anoticiaonline.com.br\\\/site\\\/\",\"logo\":{\"@type\":\"ImageObject\",\"url\":\"https:\\\/\\\/scontent-gig4-1.xx.fbcdn.net\\\/v\\\/t39.30808-1\\\/270437624_4564083193639691_6907940295614233970_n.jpg?stp=dst-jpg_s200x200_tt6&_nc_cat=111&ccb=1-7&_nc_sid=f907e8&_nc_ohc=SM1wRlP3lJwQ7kNvwEPuBYA&_nc_oc=AdnqrjDN_BNjSSHWO-GbkIWH6fkGMLw4bqvL_NH6e2wMveX7G-rP2dAqsDSq1mJMOaY&_nc_zt=24&_nc_ht=scontent-gig4-1.xx&_nc_gid=AoBFJeGrT1hVaew_6rchkQ&oh=00_AfX7QmFGhQhG2jAllVgXCiM1ZrWgvtp80-Bfppyexh1QEg&oe=689E923C\",\"@id\":\"https:\\\/\\\/anoticiaonline.com.br\\\/site\\\/chorelly-encanta-muriae-alegria-inclusao-e-cultura-nas-escolas-municipais-e-no-corredor-cultural\\\/#organizationLogo\"},\"image\":{\"@id\":\"https:\\\/\\\/anoticiaonline.com.br\\\/site\\\/chorelly-encanta-muriae-alegria-inclusao-e-cultura-nas-escolas-municipais-e-no-corredor-cultural\\\/#organizationLogo\"}},{\"@type\":\"Person\",\"@id\":\"https:\\\/\\\/anoticiaonline.com.br\\\/site\\\/author\\\/leandro\\\/#author\",\"url\":\"https:\\\/\\\/anoticiaonline.com.br\\\/site\\\/author\\\/leandro\\\/\",\"name\":\"Leandro Bebiano\",\"image\":{\"@type\":\"ImageObject\",\"@id\":\"https:\\\/\\\/anoticiaonline.com.br\\\/site\\\/chorelly-encanta-muriae-alegria-inclusao-e-cultura-nas-escolas-municipais-e-no-corredor-cultural\\\/#authorImage\",\"url\":\"https:\\\/\\\/secure.gravatar.com\\\/avatar\\\/99966a20c143db97c8590c2013307c7c234a4cca48ed5657cbb47e22a400bd5f?s=96&d=mm&r=g\",\"width\":96,\"height\":96,\"caption\":\"Leandro Bebiano\"}},{\"@type\":\"WebPage\",\"@id\":\"https:\\\/\\\/anoticiaonline.com.br\\\/site\\\/chorelly-encanta-muriae-alegria-inclusao-e-cultura-nas-escolas-municipais-e-no-corredor-cultural\\\/#webpage\",\"url\":\"https:\\\/\\\/anoticiaonline.com.br\\\/site\\\/chorelly-encanta-muriae-alegria-inclusao-e-cultura-nas-escolas-municipais-e-no-corredor-cultural\\\/\",\"name\":\"Chorelly Encanta Muria\\u00e9: Alegria, Inclus\\u00e3o e Cultura nas Escolas Municipais e no Corredor Cultural - A Not\\u00edcia Online\",\"description\":\"O m\\u00eas de novembro foi de alegria e descontra\\u00e7\\u00e3o para quem assistiu aos shows do Chrorelly, pela 2\\u00b0 edi\\u00e7\\u00e3o do projeto executado pelo Fundo Municipal de Incentivo \\u00e0 Cultura Alcyr Pires Vermelho \\u2013 Edital n\\u00ba 01\\\/2023. O artista apresentou tr\\u00eas espet\\u00e1culos em tr\\u00eas escolas municipais de Muria\\u00e9. Chorelly (Jeferson Leandro do Carmo) acompanhado de seus\",\"inLanguage\":\"pt-BR\",\"isPartOf\":{\"@id\":\"https:\\\/\\\/anoticiaonline.com.br\\\/site\\\/#website\"},\"breadcrumb\":{\"@id\":\"https:\\\/\\\/anoticiaonline.com.br\\\/site\\\/chorelly-encanta-muriae-alegria-inclusao-e-cultura-nas-escolas-municipais-e-no-corredor-cultural\\\/#breadcrumblist\"},\"author\":{\"@id\":\"https:\\\/\\\/anoticiaonline.com.br\\\/site\\\/author\\\/leandro\\\/#author\"},\"creator\":{\"@id\":\"https:\\\/\\\/anoticiaonline.com.br\\\/site\\\/author\\\/leandro\\\/#author\"},\"image\":{\"@type\":\"ImageObject\",\"url\":\"https:\\\/\\\/anoticiaonline.com.br\\\/site\\\/wp-content\\\/uploads\\\/2023\\\/12\\\/capa.jpg\",\"@id\":\"https:\\\/\\\/anoticiaonline.com.br\\\/site\\\/chorelly-encanta-muriae-alegria-inclusao-e-cultura-nas-escolas-municipais-e-no-corredor-cultural\\\/#mainImage\",\"width\":700,\"height\":526},\"primaryImageOfPage\":{\"@id\":\"https:\\\/\\\/anoticiaonline.com.br\\\/site\\\/chorelly-encanta-muriae-alegria-inclusao-e-cultura-nas-escolas-municipais-e-no-corredor-cultural\\\/#mainImage\"},\"datePublished\":\"2023-12-04T11:44:35-03:00\",\"dateModified\":\"2023-12-04T11:44:51-03:00\"},{\"@type\":\"WebSite\",\"@id\":\"https:\\\/\\\/anoticiaonline.com.br\\\/site\\\/#website\",\"url\":\"https:\\\/\\\/anoticiaonline.com.br\\\/site\\\/\",\"name\":\"A Not\\u00edcia Online\",\"description\":\"Noticias de Muria\\u00e9 e regi\\u00e3o\",\"inLanguage\":\"pt-BR\",\"publisher\":{\"@id\":\"https:\\\/\\\/anoticiaonline.com.br\\\/site\\\/#organization\"}}]}\n\t\t<\/script>\n\t\t<!-- All in One SEO -->\n\n","aioseo_head_json":{"title":"Chorelly Encanta Muria\u00e9: Alegria, Inclus\u00e3o e Cultura nas Escolas Municipais e no Corredor Cultural - A Not\u00edcia Online","description":"O m\u00eas de novembro foi de alegria e descontra\u00e7\u00e3o para quem assistiu aos shows do Chrorelly, pela 2\u00b0 edi\u00e7\u00e3o do projeto executado pelo Fundo Municipal de Incentivo \u00e0 Cultura Alcyr Pires Vermelho \u2013 Edital n\u00ba 01\/2023. O artista apresentou tr\u00eas espet\u00e1culos em tr\u00eas escolas municipais de Muria\u00e9. Chorelly (Jeferson Leandro do Carmo) acompanhado de seus","canonical_url":"https:\/\/anoticiaonline.com.br\/site\/chorelly-encanta-muriae-alegria-inclusao-e-cultura-nas-escolas-municipais-e-no-corredor-cultural\/","robots":"max-image-preview:large","keywords":"","webmasterTools":{"miscellaneous":""},"schema":{"@context":"https:\/\/schema.org","@graph":[{"@type":"BlogPosting","@id":"https:\/\/anoticiaonline.com.br\/site\/chorelly-encanta-muriae-alegria-inclusao-e-cultura-nas-escolas-municipais-e-no-corredor-cultural\/#blogposting","name":"Chorelly Encanta Muria\u00e9: Alegria, Inclus\u00e3o e Cultura nas Escolas Municipais e no Corredor Cultural - A Not\u00edcia Online","headline":"Chorelly Encanta Muria\u00e9: Alegria, Inclus\u00e3o e Cultura nas Escolas Municipais e no Corredor Cultural","author":{"@id":"https:\/\/anoticiaonline.com.br\/site\/author\/leandro\/#author"},"publisher":{"@id":"https:\/\/anoticiaonline.com.br\/site\/#organization"},"image":{"@type":"ImageObject","url":"https:\/\/anoticiaonline.com.br\/site\/wp-content\/uploads\/2023\/12\/capa.jpg","width":700,"height":526},"datePublished":"2023-12-04T11:44:35-03:00","dateModified":"2023-12-04T11:44:51-03:00","inLanguage":"pt-BR","mainEntityOfPage":{"@id":"https:\/\/anoticiaonline.com.br\/site\/chorelly-encanta-muriae-alegria-inclusao-e-cultura-nas-escolas-municipais-e-no-corredor-cultural\/#webpage"},"isPartOf":{"@id":"https:\/\/anoticiaonline.com.br\/site\/chorelly-encanta-muriae-alegria-inclusao-e-cultura-nas-escolas-municipais-e-no-corredor-cultural\/#webpage"},"articleSection":"Blog, Eventos, Slide principal"},{"@type":"BreadcrumbList","@id":"https:\/\/anoticiaonline.com.br\/site\/chorelly-encanta-muriae-alegria-inclusao-e-cultura-nas-escolas-municipais-e-no-corredor-cultural\/#breadcrumblist","itemListElement":[{"@type":"ListItem","@id":"https:\/\/anoticiaonline.com.br\/site#listItem","position":1,"name":"Home","item":"https:\/\/anoticiaonline.com.br\/site","nextItem":{"@type":"ListItem","@id":"https:\/\/anoticiaonline.com.br\/site\/categoria\/slides\/#listItem","name":"Slides"}},{"@type":"ListItem","@id":"https:\/\/anoticiaonline.com.br\/site\/categoria\/slides\/#listItem","position":2,"name":"Slides","item":"https:\/\/anoticiaonline.com.br\/site\/categoria\/slides\/","nextItem":{"@type":"ListItem","@id":"https:\/\/anoticiaonline.com.br\/site\/categoria\/slides\/slide-principal\/#listItem","name":"Slide principal"},"previousItem":{"@type":"ListItem","@id":"https:\/\/anoticiaonline.com.br\/site#listItem","name":"Home"}},{"@type":"ListItem","@id":"https:\/\/anoticiaonline.com.br\/site\/categoria\/slides\/slide-principal\/#listItem","position":3,"name":"Slide principal","item":"https:\/\/anoticiaonline.com.br\/site\/categoria\/slides\/slide-principal\/","nextItem":{"@type":"ListItem","@id":"https:\/\/anoticiaonline.com.br\/site\/chorelly-encanta-muriae-alegria-inclusao-e-cultura-nas-escolas-municipais-e-no-corredor-cultural\/#listItem","name":"Chorelly Encanta Muria\u00e9: Alegria, Inclus\u00e3o e Cultura nas Escolas Municipais e no Corredor Cultural"},"previousItem":{"@type":"ListItem","@id":"https:\/\/anoticiaonline.com.br\/site\/categoria\/slides\/#listItem","name":"Slides"}},{"@type":"ListItem","@id":"https:\/\/anoticiaonline.com.br\/site\/chorelly-encanta-muriae-alegria-inclusao-e-cultura-nas-escolas-municipais-e-no-corredor-cultural\/#listItem","position":4,"name":"Chorelly Encanta Muria\u00e9: Alegria, Inclus\u00e3o e Cultura nas Escolas Municipais e no Corredor Cultural","previousItem":{"@type":"ListItem","@id":"https:\/\/anoticiaonline.com.br\/site\/categoria\/slides\/slide-principal\/#listItem","name":"Slide principal"}}]},{"@type":"Organization","@id":"https:\/\/anoticiaonline.com.br\/site\/#organization","name":"A Not\u00edcia Online","description":"Noticias de Muria\u00e9 e regi\u00e3o","url":"https:\/\/anoticiaonline.com.br\/site\/","logo":{"@type":"ImageObject","url":"https:\/\/scontent-gig4-1.xx.fbcdn.net\/v\/t39.30808-1\/270437624_4564083193639691_6907940295614233970_n.jpg?stp=dst-jpg_s200x200_tt6&_nc_cat=111&ccb=1-7&_nc_sid=f907e8&_nc_ohc=SM1wRlP3lJwQ7kNvwEPuBYA&_nc_oc=AdnqrjDN_BNjSSHWO-GbkIWH6fkGMLw4bqvL_NH6e2wMveX7G-rP2dAqsDSq1mJMOaY&_nc_zt=24&_nc_ht=scontent-gig4-1.xx&_nc_gid=AoBFJeGrT1hVaew_6rchkQ&oh=00_AfX7QmFGhQhG2jAllVgXCiM1ZrWgvtp80-Bfppyexh1QEg&oe=689E923C","@id":"https:\/\/anoticiaonline.com.br\/site\/chorelly-encanta-muriae-alegria-inclusao-e-cultura-nas-escolas-municipais-e-no-corredor-cultural\/#organizationLogo"},"image":{"@id":"https:\/\/anoticiaonline.com.br\/site\/chorelly-encanta-muriae-alegria-inclusao-e-cultura-nas-escolas-municipais-e-no-corredor-cultural\/#organizationLogo"}},{"@type":"Person","@id":"https:\/\/anoticiaonline.com.br\/site\/author\/leandro\/#author","url":"https:\/\/anoticiaonline.com.br\/site\/author\/leandro\/","name":"Leandro Bebiano","image":{"@type":"ImageObject","@id":"https:\/\/anoticiaonline.com.br\/site\/chorelly-encanta-muriae-alegria-inclusao-e-cultura-nas-escolas-municipais-e-no-corredor-cultural\/#authorImage","url":"https:\/\/secure.gravatar.com\/avatar\/99966a20c143db97c8590c2013307c7c234a4cca48ed5657cbb47e22a400bd5f?s=96&d=mm&r=g","width":96,"height":96,"caption":"Leandro Bebiano"}},{"@type":"WebPage","@id":"https:\/\/anoticiaonline.com.br\/site\/chorelly-encanta-muriae-alegria-inclusao-e-cultura-nas-escolas-municipais-e-no-corredor-cultural\/#webpage","url":"https:\/\/anoticiaonline.com.br\/site\/chorelly-encanta-muriae-alegria-inclusao-e-cultura-nas-escolas-municipais-e-no-corredor-cultural\/","name":"Chorelly Encanta Muria\u00e9: Alegria, Inclus\u00e3o e Cultura nas Escolas Municipais e no Corredor Cultural - A Not\u00edcia Online","description":"O m\u00eas de novembro foi de alegria e descontra\u00e7\u00e3o para quem assistiu aos shows do Chrorelly, pela 2\u00b0 edi\u00e7\u00e3o do projeto executado pelo Fundo Municipal de Incentivo \u00e0 Cultura Alcyr Pires Vermelho \u2013 Edital n\u00ba 01\/2023. O artista apresentou tr\u00eas espet\u00e1culos em tr\u00eas escolas municipais de Muria\u00e9. Chorelly (Jeferson Leandro do Carmo) acompanhado de seus","inLanguage":"pt-BR","isPartOf":{"@id":"https:\/\/anoticiaonline.com.br\/site\/#website"},"breadcrumb":{"@id":"https:\/\/anoticiaonline.com.br\/site\/chorelly-encanta-muriae-alegria-inclusao-e-cultura-nas-escolas-municipais-e-no-corredor-cultural\/#breadcrumblist"},"author":{"@id":"https:\/\/anoticiaonline.com.br\/site\/author\/leandro\/#author"},"creator":{"@id":"https:\/\/anoticiaonline.com.br\/site\/author\/leandro\/#author"},"image":{"@type":"ImageObject","url":"https:\/\/anoticiaonline.com.br\/site\/wp-content\/uploads\/2023\/12\/capa.jpg","@id":"https:\/\/anoticiaonline.com.br\/site\/chorelly-encanta-muriae-alegria-inclusao-e-cultura-nas-escolas-municipais-e-no-corredor-cultural\/#mainImage","width":700,"height":526},"primaryImageOfPage":{"@id":"https:\/\/anoticiaonline.com.br\/site\/chorelly-encanta-muriae-alegria-inclusao-e-cultura-nas-escolas-municipais-e-no-corredor-cultural\/#mainImage"},"datePublished":"2023-12-04T11:44:35-03:00","dateModified":"2023-12-04T11:44:51-03:00"},{"@type":"WebSite","@id":"https:\/\/anoticiaonline.com.br\/site\/#website","url":"https:\/\/anoticiaonline.com.br\/site\/","name":"A Not\u00edcia Online","description":"Noticias de Muria\u00e9 e regi\u00e3o","inLanguage":"pt-BR","publisher":{"@id":"https:\/\/anoticiaonline.com.br\/site\/#organization"}}]},"og:locale":"pt_BR","og:site_name":"A Not\u00edcia Online - Noticias de Muria\u00e9 e regi\u00e3o","og:type":"article","og:title":"Chorelly Encanta Muria\u00e9: Alegria, Inclus\u00e3o e Cultura nas Escolas Municipais e no Corredor Cultural - A Not\u00edcia Online","og:description":"O m\u00eas de novembro foi de alegria e descontra\u00e7\u00e3o para quem assistiu aos shows do Chrorelly, pela 2\u00b0 edi\u00e7\u00e3o do projeto executado pelo Fundo Municipal de Incentivo \u00e0 Cultura Alcyr Pires Vermelho \u2013 Edital n\u00ba 01\/2023. O artista apresentou tr\u00eas espet\u00e1culos em tr\u00eas escolas municipais de Muria\u00e9. Chorelly (Jeferson Leandro do Carmo) acompanhado de seus","og:url":"https:\/\/anoticiaonline.com.br\/site\/chorelly-encanta-muriae-alegria-inclusao-e-cultura-nas-escolas-municipais-e-no-corredor-cultural\/","og:image":"https:\/\/scontent-gig4-1.xx.fbcdn.net\/v\/t39.30808-1\/270437624_4564083193639691_6907940295614233970_n.jpg?stp=dst-jpg_s200x200_tt6&#038;_nc_cat=111&#038;ccb=1-7&#038;_nc_sid=f907e8&#038;_nc_ohc=SM1wRlP3lJwQ7kNvwEPuBYA&#038;_nc_oc=AdnqrjDN_BNjSSHWO-GbkIWH6fkGMLw4bqvL_NH6e2wMveX7G-rP2dAqsDSq1mJMOaY&#038;_nc_zt=24&#038;_nc_ht=scontent-gig4-1.xx&#038;_nc_gid=AoBFJeGrT1hVaew_6rchkQ&#038;oh=00_AfX7QmFGhQhG2jAllVgXCiM1ZrWgvtp80-Bfppyexh1QEg&#038;oe=689E923C","og:image:secure_url":"https:\/\/scontent-gig4-1.xx.fbcdn.net\/v\/t39.30808-1\/270437624_4564083193639691_6907940295614233970_n.jpg?stp=dst-jpg_s200x200_tt6&#038;_nc_cat=111&#038;ccb=1-7&#038;_nc_sid=f907e8&#038;_nc_ohc=SM1wRlP3lJwQ7kNvwEPuBYA&#038;_nc_oc=AdnqrjDN_BNjSSHWO-GbkIWH6fkGMLw4bqvL_NH6e2wMveX7G-rP2dAqsDSq1mJMOaY&#038;_nc_zt=24&#038;_nc_ht=scontent-gig4-1.xx&#038;_nc_gid=AoBFJeGrT1hVaew_6rchkQ&#038;oh=00_AfX7QmFGhQhG2jAllVgXCiM1ZrWgvtp80-Bfppyexh1QEg&#038;oe=689E923C","article:published_time":"2023-12-04T14:44:35+00:00","article:modified_time":"2023-12-04T14:44:51+00:00","twitter:card":"summary_large_image","twitter:title":"Chorelly Encanta Muria\u00e9: Alegria, Inclus\u00e3o e Cultura nas Escolas Municipais e no Corredor Cultural - A Not\u00edcia Online","twitter:description":"O m\u00eas de novembro foi de alegria e descontra\u00e7\u00e3o para quem assistiu aos shows do Chrorelly, pela 2\u00b0 edi\u00e7\u00e3o do projeto executado pelo Fundo Municipal de Incentivo \u00e0 Cultura Alcyr Pires Vermelho \u2013 Edital n\u00ba 01\/2023. O artista apresentou tr\u00eas espet\u00e1culos em tr\u00eas escolas municipais de Muria\u00e9. Chorelly (Jeferson Leandro do Carmo) acompanhado de seus","twitter:image":"https:\/\/scontent-gig4-1.xx.fbcdn.net\/v\/t39.30808-1\/270437624_4564083193639691_6907940295614233970_n.jpg?stp=dst-jpg_s200x200_tt6&_nc_cat=111&ccb=1-7&_nc_sid=f907e8&_nc_ohc=SM1wRlP3lJwQ7kNvwEPuBYA&_nc_oc=AdnqrjDN_BNjSSHWO-GbkIWH6fkGMLw4bqvL_NH6e2wMveX7G-rP2dAqsDSq1mJMOaY&_nc_zt=24&_nc_ht=scontent-gig4-1.xx&_nc_gid=AoBFJeGrT1hVaew_6rchkQ&oh=00_AfX7QmFGhQhG2jAllVgXCiM1ZrWgvtp80-Bfppyexh1QEg&oe=689E923C"},"aioseo_meta_data":{"post_id":"119763","title":null,"description":null,"keywords":null,"keyphrases":null,"primary_term":null,"canonical_url":null,"og_title":null,"og_description":null,"og_object_type":"default","og_image_type":"default","og_image_url":null,"og_image_width":null,"og_image_height":null,"og_image_custom_url":null,"og_image_custom_fields":null,"og_video":null,"og_custom_url":null,"og_article_section":null,"og_article_tags":null,"twitter_use_og":false,"twitter_card":"default","twitter_image_type":"default","twitter_image_url":null,"twitter_image_custom_url":null,"twitter_image_custom_fields":null,"twitter_title":null,"twitter_description":null,"schema":{"blockGraphs":[],"customGraphs":[],"default":{"data":{"Article":[],"Course":[],"Dataset":[],"FAQPage":[],"Movie":[],"Person":[],"Product":[],"ProductReview":[],"Car":[],"Recipe":[],"Service":[],"SoftwareApplication":[],"WebPage":[]},"graphName":"","isEnabled":true},"graphs":[]},"schema_type":"default","schema_type_options":null,"pillar_content":false,"robots_default":true,"robots_noindex":false,"robots_noarchive":false,"robots_nosnippet":false,"robots_nofollow":false,"robots_noimageindex":false,"robots_noodp":false,"robots_notranslate":false,"robots_max_snippet":null,"robots_max_videopreview":null,"robots_max_imagepreview":"large","priority":null,"frequency":null,"local_seo":null,"breadcrumb_settings":null,"limit_modified_date":false,"ai":null,"created":"2025-08-17 09:54:52","updated":"2025-08-17 09:54:52","focus_keyword":null,"additional_keywords":null,"truseo_locale":null,"seo_analyzer_scan_date":null},"aioseo_breadcrumb":"<div class=\"aioseo-breadcrumbs\"><span class=\"aioseo-breadcrumb\">\n\t\t\t<a href=\"https:\/\/anoticiaonline.com.br\/site\" title=\"Home\">Home<\/a>\n\t\t<\/span><span class=\"aioseo-breadcrumb-separator\">&raquo;<\/span><span class=\"aioseo-breadcrumb\">\n\t\t\t<a href=\"https:\/\/anoticiaonline.com.br\/site\/categoria\/slides\/\" title=\"Slides\">Slides<\/a>\n\t\t<\/span><span class=\"aioseo-breadcrumb-separator\">&raquo;<\/span><span class=\"aioseo-breadcrumb\">\n\t\t\t<a href=\"https:\/\/anoticiaonline.com.br\/site\/categoria\/slides\/slide-principal\/\" title=\"Slide principal\">Slide principal<\/a>\n\t\t<\/span><span class=\"aioseo-breadcrumb-separator\">&raquo;<\/span><span class=\"aioseo-breadcrumb\">\n\t\t\tChorelly Encanta Muria\u00e9: Alegria, Inclus\u00e3o e Cultura nas Escolas Municipais e no Corredor Cultural\n\t\t<\/span><\/div>","aioseo_breadcrumb_json":[{"label":"Home","link":"https:\/\/anoticiaonline.com.br\/site"},{"label":"Slides","link":"https:\/\/anoticiaonline.com.br\/site\/categoria\/slides\/"},{"label":"Slide principal","link":"https:\/\/anoticiaonline.com.br\/site\/categoria\/slides\/slide-principal\/"},{"label":"Chorelly Encanta Muria\u00e9: Alegria, Inclus\u00e3o e Cultura nas Escolas Municipais e no Corredor Cultural","link":"https:\/\/anoticiaonline.com.br\/site\/chorelly-encanta-muriae-alegria-inclusao-e-cultura-nas-escolas-municipais-e-no-corredor-cultural\/"}],"views":124,"_links":{"self":[{"href":"https:\/\/anoticiaonline.com.br\/site\/wp-json\/wp\/v2\/posts\/119763","targetHints":{"allow":["GET"]}}],"collection":[{"href":"https:\/\/anoticiaonline.com.br\/site\/wp-json\/wp\/v2\/posts"}],"about":[{"href":"https:\/\/anoticiaonline.com.br\/site\/wp-json\/wp\/v2\/types\/post"}],"author":[{"embeddable":true,"href":"https:\/\/anoticiaonline.com.br\/site\/wp-json\/wp\/v2\/users\/7"}],"replies":[{"embeddable":true,"href":"https:\/\/anoticiaonline.com.br\/site\/wp-json\/wp\/v2\/comments?post=119763"}],"version-history":[{"count":0,"href":"https:\/\/anoticiaonline.com.br\/site\/wp-json\/wp\/v2\/posts\/119763\/revisions"}],"wp:featuredmedia":[{"embeddable":true,"href":"https:\/\/anoticiaonline.com.br\/site\/wp-json\/wp\/v2\/media\/119764"}],"wp:attachment":[{"href":"https:\/\/anoticiaonline.com.br\/site\/wp-json\/wp\/v2\/media?parent=119763"}],"wp:term":[{"taxonomy":"category","embeddable":true,"href":"https:\/\/anoticiaonline.com.br\/site\/wp-json\/wp\/v2\/categories?post=119763"},{"taxonomy":"post_tag","embeddable":true,"href":"https:\/\/anoticiaonline.com.br\/site\/wp-json\/wp\/v2\/tags?post=119763"}],"curies":[{"name":"wp","href":"https:\/\/api.w.org\/{rel}","templated":true}]}}