{"id":11956,"date":"2016-04-14T20:23:32","date_gmt":"2016-04-14T23:23:32","guid":{"rendered":"http:\/\/anoticiaonline.com.br\/site\/?p=11956"},"modified":"2016-04-14T20:23:32","modified_gmt":"2016-04-14T23:23:32","slug":"cooperativa-de-credito-cresol-realiza-assembleia-de-prestacao-de-contas","status":"publish","type":"post","link":"https:\/\/anoticiaonline.com.br\/site\/cooperativa-de-credito-cresol-realiza-assembleia-de-prestacao-de-contas\/","title":{"rendered":"Cooperativa de cr\u00e9dito Cresol realiza assembleia de presta\u00e7\u00e3o de contas"},"content":{"rendered":"<p><a href=\"https:\/\/anoticiaonline.com.br\/site\/wp-content\/uploads\/2016\/04\/DSC_0313.jpg\"><img fetchpriority=\"high\" decoding=\"async\" class=\" size-medium wp-image-11957 alignleft\" src=\"https:\/\/anoticiaonline.com.br\/site\/wp-content\/uploads\/2016\/04\/DSC_0313-300x199.jpg\" alt=\"DSC_0313\" width=\"300\" height=\"199\" srcset=\"https:\/\/anoticiaonline.com.br\/site\/wp-content\/uploads\/2016\/04\/DSC_0313-300x199.jpg 300w, https:\/\/anoticiaonline.com.br\/site\/wp-content\/uploads\/2016\/04\/DSC_0313.jpg 640w\" sizes=\"(max-width: 300px) 100vw, 300px\" \/><\/a>A Cresol Fervedouro, institui\u00e7\u00e3o que faz parte do sistema de cooperativas de cr\u00e9dito rural com intera\u00e7\u00e3o solid\u00e1ria, apresentou aos cooperados um balan\u00e7o de a\u00e7\u00f5es e investimentos realizados em 2015 durante a Assembleia Geral Extraordin\u00e1ria e Ordin\u00e1ria. O evento aconteceu no s\u00e1bado (9), no Cefas, em Muria\u00e9.<\/p>\n<p>Estiveram presentes na assembleia o diretor-presidente da Cresol Base Minas Gerais, Get\u00falio Gomes Vieira, o diretor financeiro da Central Cresol Baser, Edson Vieira, o secret\u00e1rio de Estado de Agricultura, Pecu\u00e1ria e Abastecimento, Jo\u00e3o Cruz Reis Filho, o presidente da Emater de Minas Gerais, Amarildo Kalil, o deputado estadual Cristiano Silveira, o presidente do Sindicato dos Trabalhadores Rurais de Muria\u00e9, Bar\u00e3o do Monte Alto e Ros\u00e1rio da Limeira, Dalberto Luiz Gomes, o prefeito de Vieiras, Waldinei Chicarelli e associados.<\/p>\n<p>Para o presidente da Cresol Fervedouro, Jo\u00e3o Paulo Dias da Fonseca, a presta\u00e7\u00e3o de contas \u00e9 um momento importante para a cooperativa. \u201cN\u00f3s valorizamos muito este momento de prestar contas aos nossos cooperados, falar para eles de como est\u00e1 a \u2018vida\u2019 financeira da cooperativa, os rumos e os resultados obtidos em 2015. A nossa cooperativa alcan\u00e7ou resultados positivos, os quais s\u00e3o revertidos para os cooperados. A cooperativa \u00e9 de todos os associados a ela. Queremos, cada vez mais, fortalecer este momento\u201d, afirma, contando, ainda, que a Cresol vem se consolidando cada dia mais na regi\u00e3o da Zona da Mata. Cerca de 30% do quadro social da Cresol Fervedouro participou das pr\u00e9-assembleias que antecederam a AGO.<\/p>\n<p>O objetivo da Cresol \u00e9 promover a inclus\u00e3o social da agricultura familiar, atrav\u00e9s do acesso ao cr\u00e9dito, da poupan\u00e7a e da apropria\u00e7\u00e3o do conhecimento, visando o desenvolvimento local e a sustentabilidade institucional. A cooperativa de cr\u00e9dito rural, com sede em Fervedouro, tem ag\u00eancias em mais seis munic\u00edpios da regi\u00e3o e possui, atualmente, 5 mil cooperados.<\/p>\n<p><a href=\"https:\/\/anoticiaonline.com.br\/site\/wp-content\/uploads\/2016\/04\/DSC_0246.jpg\"><img decoding=\"async\" class=\" size-medium wp-image-11958 alignleft\" src=\"https:\/\/anoticiaonline.com.br\/site\/wp-content\/uploads\/2016\/04\/DSC_0246-300x142.jpg\" alt=\"DSC_0246\" width=\"300\" height=\"142\" srcset=\"https:\/\/anoticiaonline.com.br\/site\/wp-content\/uploads\/2016\/04\/DSC_0246-300x142.jpg 300w, https:\/\/anoticiaonline.com.br\/site\/wp-content\/uploads\/2016\/04\/DSC_0246.jpg 640w\" sizes=\"(max-width: 300px) 100vw, 300px\" \/><\/a>De acordo com o secret\u00e1rio de Estado de Agricultura, Pecu\u00e1ria e Abastecimento, Jo\u00e3o Cruz Reis Filho, o cooperativismo de cr\u00e9dito \u00e9 o setor do cooperativismo que mais cresce. \u201cEle \u00e9 uma ferramenta importante e poderosa para reduzir as imperfei\u00e7\u00f5es de mercado. Ao agrupar os pequenos produtores rurais, o cooperativismo d\u00e1 a eles a capacidade de negocia\u00e7\u00e3o e barganha, extremamente importantes na aplica\u00e7\u00e3o das linhas de cr\u00e9dito e na organiza\u00e7\u00e3o da base de produ\u00e7\u00e3o para compra de insumos. O cooperativismo de cr\u00e9dito tem transformado muito as pequenas propriedades rurais\u201d, considera.<\/p>\n<p>Apesar da crise econ\u00f4mica pela qual o pa\u00eds est\u00e1 passando desde o ano passado, segundo o diretor financeiro da Central Cresol Baser, \u00c9dson Vieira, refor\u00e7ando o que o secret\u00e1rio Jo\u00e3o Cruz disse, 2015 foi um dos melhores anos para o sistema Cresol. \u201cTivemos um aumento consider\u00e1vel, principalmente no estado de Minas Gerais, onde chegamos a mais de 50% de crescimento no n\u00famero de ativos e associados. Isso \u00e9 quase anormal. Ficamos muito contentes com essa evolu\u00e7\u00e3o do sistema no estado. Aqui na Zona da Mata, o sistema tamb\u00e9m cresceu. Jo\u00e3o Paulo e equipe est\u00e3o fazendo um excelente trabalho na regi\u00e3o\u201d, avalia.<\/p>\n<p>Para o diretor-presidente da Cresol Base Minas Gerais, Get\u00falio Gomes Vieira, esse crescimento em meio \u00e0 crise econ\u00f4mica se deve a dois fatores. Primeiro, pela forma com o que sistema Cresol administra o recurso dos agricultores, de maneira participativa e coletiva; e segundo, pela credibilidade do sistema cooperativista e do sistema Cresol, fazendo com que a ades\u00e3o ao sistema cres\u00e7a cada vez mais. \u201cO cooperativismo, de fato, foi o alicerce da crise econ\u00f4mica da Europa, em 2008. Aqui no Brasil, onde estamos atravessando uma crise pol\u00edtica, que gerou uma crise econ\u00f4mica, o cooperativismo tamb\u00e9m est\u00e1 crescendo, e os agricultores est\u00e3o junto com as cooperativas\u201d, enfatiza.<\/p>\n<p>Ainda segundo o diretor-presidente, as proje\u00e7\u00f5es para 2016 s\u00e3o ainda melhores, devido \u00e0s parcerias que a Cresol j\u00e1 firmou com outras institui\u00e7\u00f5es financeiras. \u201cEste ano devemos firmar parceria com o BDMG, al\u00e9m de outras linhas e parcerias que estamos trazendo para melhor atender os agricultores. Nossa perspectiva \u00e9 crescer mais 50%\u201d, conta.<\/p>\n<p>Para o presidente da Emater de Minas Gerais, Amarildo Kalil, o cr\u00e9dito rural \u00e9 \u201cessencial\u201d para complementar o trabalho da assist\u00eancia t\u00e9cnica realizada pela Emater. \u201cO cr\u00e9dito rural \u00e9 uma ferramenta que utilizamos para levar at\u00e9 o agricultor novas tecnologias e novos conhecimentos, para que ele possa melhorar sua produtividade e, consequentemente, sua qualidade de vida. A Emater n\u00e3o consegue trazer uma nova tecnologia se n\u00e3o tiver agregado a essa tecnologia o recurso necess\u00e1rio para auferir os lucros e a renda que ele precisa ter\u201d, diz.<\/p>\n<p>O presidente do Sindicato dos Trabalhadores Rurais de Muria\u00e9, Bar\u00e3o do Monte Alto e Ros\u00e1rio da Limeira, Dalberto Luiz Gomes, afirma que com os dez anos de implanta\u00e7\u00e3o do sistema Cresol em Muria\u00e9, os produtores t\u00eam \u201cmuito o que comemorar, principalmente a inclus\u00e3o no sistema financeiro\u201d. \u201cHoje, com a cooperativa, os agricultores, al\u00e9m de bem atendidos, t\u00eam acesso ao cr\u00e9dito do Pronaf, assim como todos os servi\u00e7os que a Cresol oferece\u201d, diz.<\/p>\n<p>Ao final, houve o lan\u00e7amento do produto \u201cColheita F\u00e1cil\u201d \u2013 uma linha de cr\u00e9dito espec\u00edfica para os produtores de caf\u00e9 iniciantes que precisam de recurso para colher a sua primeira safra do gr\u00e3o &#8211; e o sorteio de uma televis\u00e3o para os cooperados do posto de atendimento da Cresol Muria\u00e9 e de uma moto 0Km. O contemplado com a motocicleta foi o produtor rural aposentado, Luiz Ribeiro de Oliveira, morador da Comunidade Santo Agostinho, no munic\u00edpio de Ros\u00e1rio de Limeira, e um dos s\u00f3cios-fundadores da Cresol na regi\u00e3o. \u201cA \u00fanica conta banc\u00e1ria que tenho \u00e9 na Cresol. Tudo o que fa\u00e7o \u00e9 na Cresol. Estou muito feliz em ter ganhado a moto, pois estava precisando\u201d, conta. Logo ap\u00f3s, foram servidos caldos aos presentes.<\/p>\n<figure id=\"attachment_11959\" aria-describedby=\"caption-attachment-11959\" style=\"width: 290px\" class=\"wp-caption alignleft\"><a href=\"https:\/\/anoticiaonline.com.br\/site\/wp-content\/uploads\/2016\/04\/DSC_0187.jpg\"><img decoding=\"async\" class=\"wp-image-11959 size-medium\" src=\"https:\/\/anoticiaonline.com.br\/site\/wp-content\/uploads\/2016\/04\/DSC_0187-300x218.jpg\" alt=\"DSC_0187\" width=\"300\" height=\"218\" srcset=\"https:\/\/anoticiaonline.com.br\/site\/wp-content\/uploads\/2016\/04\/DSC_0187-300x218.jpg 300w, https:\/\/anoticiaonline.com.br\/site\/wp-content\/uploads\/2016\/04\/DSC_0187.jpg 640w\" sizes=\"(max-width: 300px) 100vw, 300px\" \/><\/a><figcaption id=\"caption-attachment-11959\" class=\"wp-caption-text\">Artesanato exposto durante a assembleia<\/figcaption><\/figure>\n<p><strong>EXPOSI\u00c7\u00c3O DE ARTESANATO \u2013<\/strong> Durante a Assembleia Geral Extraordin\u00e1ria da Cresol houve uma exposi\u00e7\u00e3o de artesanato. A Cresol tem uma parceria com as cooperativas de produ\u00e7\u00e3o, com associa\u00e7\u00f5es de produtores e com grupos de mulheres e oferece uma linha de cr\u00e9dito espec\u00edfica para beneficiar estes p\u00fablicos, a fim de fortalecer o trabalho dos mesmos. \u201cLevamos cr\u00e9dito a essas pessoas que precisam de investimento\u201d, ressalta o presidente da Cresol Fervedouro, Jo\u00e3o Paulo Dias da Fonseca.<\/p>\n<p>&nbsp;<\/p>\n<p>&nbsp;<\/p>\n<p>&nbsp;<\/p>\n<p>&nbsp;<\/p>\n<p>&nbsp;<\/p>\n<p><img decoding=\"async\" class=\"ngg_displayed_gallery mceItem\" src=\"https:\/\/anoticiaonline.com.br\/site\/nextgen-attach_to_post\/preview\/id--12016\" alt=\"\" \/><\/p>\n","protected":false},"excerpt":{"rendered":"<p>A Cresol Fervedouro, institui\u00e7\u00e3o que faz parte do sistema de cooperativas de cr\u00e9dito rural com intera\u00e7\u00e3o solid\u00e1ria, apresentou aos cooperados um balan\u00e7o de a\u00e7\u00f5es e investimentos realizados em 2015 durante a Assembleia Geral Extraordin\u00e1ria e Ordin\u00e1ria. O evento aconteceu no s\u00e1bado (9), no Cefas, em Muria\u00e9. Estiveram presentes na assembleia o diretor-presidente da Cresol Base &#8230; <a title=\"Cooperativa de cr\u00e9dito Cresol realiza assembleia de presta\u00e7\u00e3o de contas\" class=\"read-more\" href=\"https:\/\/anoticiaonline.com.br\/site\/cooperativa-de-credito-cresol-realiza-assembleia-de-prestacao-de-contas\/\" aria-label=\"Read more about Cooperativa de cr\u00e9dito Cresol realiza assembleia de presta\u00e7\u00e3o de contas\">Ler mais<\/a><\/p>\n","protected":false},"author":2,"featured_media":11957,"comment_status":"open","ping_status":"open","sticky":false,"template":"","format":"standard","meta":{"_acf_changed":false,"_monsterinsights_skip_tracking":false,"footnotes":""},"categories":[24],"tags":[3],"class_list":["post-11956","post","type-post","status-publish","format-standard","has-post-thumbnail","hentry","category-eventos","tag-slide"],"acf":[],"aioseo_notices":[],"aioseo_head":"\n\t\t<!-- All in One SEO 5.0.0.1 - aioseo.com -->\n\t<meta name=\"description\" content=\"A Cresol Fervedouro, institui\u00e7\u00e3o que faz parte do sistema de cooperativas de cr\u00e9dito rural com intera\u00e7\u00e3o solid\u00e1ria, apresentou aos cooperados um balan\u00e7o de a\u00e7\u00f5es e investimentos realizados em 2015 durante a Assembleia Geral Extraordin\u00e1ria e Ordin\u00e1ria. O evento aconteceu no s\u00e1bado (9), no Cefas, em Muria\u00e9. Estiveram presentes na assembleia o diretor-presidente da Cresol Base\" \/>\n\t<meta name=\"robots\" content=\"max-image-preview:large\" \/>\n\t<meta name=\"author\" content=\"Juliana Laviola\"\/>\n\t<link rel=\"canonical\" href=\"https:\/\/anoticiaonline.com.br\/site\/cooperativa-de-credito-cresol-realiza-assembleia-de-prestacao-de-contas\/\" \/>\n\t<meta name=\"generator\" content=\"All in One SEO (AIOSEO) 5.0.0.1\" \/>\n\t\t<meta property=\"og:locale\" content=\"pt_BR\" \/>\n\t\t<meta property=\"og:site_name\" content=\"A Not\u00edcia Online - Noticias de Muria\u00e9 e regi\u00e3o\" \/>\n\t\t<meta property=\"og:type\" content=\"article\" \/>\n\t\t<meta property=\"og:title\" content=\"Cooperativa de cr\u00e9dito Cresol realiza assembleia de presta\u00e7\u00e3o de contas - A Not\u00edcia Online\" \/>\n\t\t<meta property=\"og:description\" content=\"A Cresol Fervedouro, institui\u00e7\u00e3o que faz parte do sistema de cooperativas de cr\u00e9dito rural com intera\u00e7\u00e3o solid\u00e1ria, apresentou aos cooperados um balan\u00e7o de a\u00e7\u00f5es e investimentos realizados em 2015 durante a Assembleia Geral Extraordin\u00e1ria e Ordin\u00e1ria. O evento aconteceu no s\u00e1bado (9), no Cefas, em Muria\u00e9. Estiveram presentes na assembleia o diretor-presidente da Cresol Base\" \/>\n\t\t<meta property=\"og:url\" content=\"https:\/\/anoticiaonline.com.br\/site\/cooperativa-de-credito-cresol-realiza-assembleia-de-prestacao-de-contas\/\" \/>\n\t\t<meta property=\"og:image\" content=\"https:\/\/scontent-gig4-1.xx.fbcdn.net\/v\/t39.30808-1\/270437624_4564083193639691_6907940295614233970_n.jpg?stp=dst-jpg_s200x200_tt6&#038;_nc_cat=111&#038;ccb=1-7&#038;_nc_sid=f907e8&#038;_nc_ohc=SM1wRlP3lJwQ7kNvwEPuBYA&#038;_nc_oc=AdnqrjDN_BNjSSHWO-GbkIWH6fkGMLw4bqvL_NH6e2wMveX7G-rP2dAqsDSq1mJMOaY&#038;_nc_zt=24&#038;_nc_ht=scontent-gig4-1.xx&#038;_nc_gid=AoBFJeGrT1hVaew_6rchkQ&#038;oh=00_AfX7QmFGhQhG2jAllVgXCiM1ZrWgvtp80-Bfppyexh1QEg&#038;oe=689E923C\" \/>\n\t\t<meta property=\"og:image:secure_url\" content=\"https:\/\/scontent-gig4-1.xx.fbcdn.net\/v\/t39.30808-1\/270437624_4564083193639691_6907940295614233970_n.jpg?stp=dst-jpg_s200x200_tt6&#038;_nc_cat=111&#038;ccb=1-7&#038;_nc_sid=f907e8&#038;_nc_ohc=SM1wRlP3lJwQ7kNvwEPuBYA&#038;_nc_oc=AdnqrjDN_BNjSSHWO-GbkIWH6fkGMLw4bqvL_NH6e2wMveX7G-rP2dAqsDSq1mJMOaY&#038;_nc_zt=24&#038;_nc_ht=scontent-gig4-1.xx&#038;_nc_gid=AoBFJeGrT1hVaew_6rchkQ&#038;oh=00_AfX7QmFGhQhG2jAllVgXCiM1ZrWgvtp80-Bfppyexh1QEg&#038;oe=689E923C\" \/>\n\t\t<meta property=\"article:published_time\" content=\"2016-04-14T23:23:32+00:00\" \/>\n\t\t<meta property=\"article:modified_time\" content=\"2016-04-14T23:23:32+00:00\" \/>\n\t\t<meta name=\"twitter:card\" content=\"summary_large_image\" \/>\n\t\t<meta name=\"twitter:title\" content=\"Cooperativa de cr\u00e9dito Cresol realiza assembleia de presta\u00e7\u00e3o de contas - A Not\u00edcia Online\" \/>\n\t\t<meta name=\"twitter:description\" content=\"A Cresol Fervedouro, institui\u00e7\u00e3o que faz parte do sistema de cooperativas de cr\u00e9dito rural com intera\u00e7\u00e3o solid\u00e1ria, apresentou aos cooperados um balan\u00e7o de a\u00e7\u00f5es e investimentos realizados em 2015 durante a Assembleia Geral Extraordin\u00e1ria e Ordin\u00e1ria. O evento aconteceu no s\u00e1bado (9), no Cefas, em Muria\u00e9. Estiveram presentes na assembleia o diretor-presidente da Cresol Base\" \/>\n\t\t<meta name=\"twitter:image\" content=\"https:\/\/scontent-gig4-1.xx.fbcdn.net\/v\/t39.30808-1\/270437624_4564083193639691_6907940295614233970_n.jpg?stp=dst-jpg_s200x200_tt6&amp;_nc_cat=111&amp;ccb=1-7&amp;_nc_sid=f907e8&amp;_nc_ohc=SM1wRlP3lJwQ7kNvwEPuBYA&amp;_nc_oc=AdnqrjDN_BNjSSHWO-GbkIWH6fkGMLw4bqvL_NH6e2wMveX7G-rP2dAqsDSq1mJMOaY&amp;_nc_zt=24&amp;_nc_ht=scontent-gig4-1.xx&amp;_nc_gid=AoBFJeGrT1hVaew_6rchkQ&amp;oh=00_AfX7QmFGhQhG2jAllVgXCiM1ZrWgvtp80-Bfppyexh1QEg&amp;oe=689E923C\" \/>\n\t\t<script type=\"application\/ld+json\" class=\"aioseo-schema\">\n\t\t\t{\"@context\":\"https:\\\/\\\/schema.org\",\"@graph\":[{\"@type\":\"BlogPosting\",\"@id\":\"https:\\\/\\\/anoticiaonline.com.br\\\/site\\\/cooperativa-de-credito-cresol-realiza-assembleia-de-prestacao-de-contas\\\/#blogposting\",\"name\":\"Cooperativa de cr\\u00e9dito Cresol realiza assembleia de presta\\u00e7\\u00e3o de contas - A Not\\u00edcia Online\",\"headline\":\"Cooperativa de cr\\u00e9dito Cresol realiza assembleia de presta\\u00e7\\u00e3o de contas\",\"author\":{\"@id\":\"https:\\\/\\\/anoticiaonline.com.br\\\/site\\\/author\\\/juliana\\\/#author\"},\"publisher\":{\"@id\":\"https:\\\/\\\/anoticiaonline.com.br\\\/site\\\/#organization\"},\"image\":{\"@type\":\"ImageObject\",\"url\":\"https:\\\/\\\/anoticiaonline.com.br\\\/site\\\/wp-content\\\/uploads\\\/2016\\\/04\\\/DSC_0313.jpg\",\"width\":640,\"height\":424},\"datePublished\":\"2016-04-14T20:23:32-03:00\",\"dateModified\":\"2016-04-14T20:23:32-03:00\",\"inLanguage\":\"pt-BR\",\"mainEntityOfPage\":{\"@id\":\"https:\\\/\\\/anoticiaonline.com.br\\\/site\\\/cooperativa-de-credito-cresol-realiza-assembleia-de-prestacao-de-contas\\\/#webpage\"},\"isPartOf\":{\"@id\":\"https:\\\/\\\/anoticiaonline.com.br\\\/site\\\/cooperativa-de-credito-cresol-realiza-assembleia-de-prestacao-de-contas\\\/#webpage\"},\"articleSection\":\"Eventos, slide\"},{\"@type\":\"BreadcrumbList\",\"@id\":\"https:\\\/\\\/anoticiaonline.com.br\\\/site\\\/cooperativa-de-credito-cresol-realiza-assembleia-de-prestacao-de-contas\\\/#breadcrumblist\",\"itemListElement\":[{\"@type\":\"ListItem\",\"@id\":\"https:\\\/\\\/anoticiaonline.com.br\\\/site#listItem\",\"position\":1,\"name\":\"Home\",\"item\":\"https:\\\/\\\/anoticiaonline.com.br\\\/site\",\"nextItem\":{\"@type\":\"ListItem\",\"@id\":\"https:\\\/\\\/anoticiaonline.com.br\\\/site\\\/categoria\\\/eventos\\\/#listItem\",\"name\":\"Eventos\"}},{\"@type\":\"ListItem\",\"@id\":\"https:\\\/\\\/anoticiaonline.com.br\\\/site\\\/categoria\\\/eventos\\\/#listItem\",\"position\":2,\"name\":\"Eventos\",\"item\":\"https:\\\/\\\/anoticiaonline.com.br\\\/site\\\/categoria\\\/eventos\\\/\",\"nextItem\":{\"@type\":\"ListItem\",\"@id\":\"https:\\\/\\\/anoticiaonline.com.br\\\/site\\\/cooperativa-de-credito-cresol-realiza-assembleia-de-prestacao-de-contas\\\/#listItem\",\"name\":\"Cooperativa de cr\\u00e9dito Cresol realiza assembleia de presta\\u00e7\\u00e3o de contas\"},\"previousItem\":{\"@type\":\"ListItem\",\"@id\":\"https:\\\/\\\/anoticiaonline.com.br\\\/site#listItem\",\"name\":\"Home\"}},{\"@type\":\"ListItem\",\"@id\":\"https:\\\/\\\/anoticiaonline.com.br\\\/site\\\/cooperativa-de-credito-cresol-realiza-assembleia-de-prestacao-de-contas\\\/#listItem\",\"position\":3,\"name\":\"Cooperativa de cr\\u00e9dito Cresol realiza assembleia de presta\\u00e7\\u00e3o de contas\",\"previousItem\":{\"@type\":\"ListItem\",\"@id\":\"https:\\\/\\\/anoticiaonline.com.br\\\/site\\\/categoria\\\/eventos\\\/#listItem\",\"name\":\"Eventos\"}}]},{\"@type\":\"Organization\",\"@id\":\"https:\\\/\\\/anoticiaonline.com.br\\\/site\\\/#organization\",\"name\":\"A Not\\u00edcia Online\",\"description\":\"Noticias de Muria\\u00e9 e regi\\u00e3o\",\"url\":\"https:\\\/\\\/anoticiaonline.com.br\\\/site\\\/\",\"logo\":{\"@type\":\"ImageObject\",\"url\":\"https:\\\/\\\/scontent-gig4-1.xx.fbcdn.net\\\/v\\\/t39.30808-1\\\/270437624_4564083193639691_6907940295614233970_n.jpg?stp=dst-jpg_s200x200_tt6&_nc_cat=111&ccb=1-7&_nc_sid=f907e8&_nc_ohc=SM1wRlP3lJwQ7kNvwEPuBYA&_nc_oc=AdnqrjDN_BNjSSHWO-GbkIWH6fkGMLw4bqvL_NH6e2wMveX7G-rP2dAqsDSq1mJMOaY&_nc_zt=24&_nc_ht=scontent-gig4-1.xx&_nc_gid=AoBFJeGrT1hVaew_6rchkQ&oh=00_AfX7QmFGhQhG2jAllVgXCiM1ZrWgvtp80-Bfppyexh1QEg&oe=689E923C\",\"@id\":\"https:\\\/\\\/anoticiaonline.com.br\\\/site\\\/cooperativa-de-credito-cresol-realiza-assembleia-de-prestacao-de-contas\\\/#organizationLogo\"},\"image\":{\"@id\":\"https:\\\/\\\/anoticiaonline.com.br\\\/site\\\/cooperativa-de-credito-cresol-realiza-assembleia-de-prestacao-de-contas\\\/#organizationLogo\"}},{\"@type\":\"Person\",\"@id\":\"https:\\\/\\\/anoticiaonline.com.br\\\/site\\\/author\\\/juliana\\\/#author\",\"url\":\"https:\\\/\\\/anoticiaonline.com.br\\\/site\\\/author\\\/juliana\\\/\",\"name\":\"Juliana Laviola\",\"image\":{\"@type\":\"ImageObject\",\"@id\":\"https:\\\/\\\/anoticiaonline.com.br\\\/site\\\/cooperativa-de-credito-cresol-realiza-assembleia-de-prestacao-de-contas\\\/#authorImage\",\"url\":\"https:\\\/\\\/secure.gravatar.com\\\/avatar\\\/b8d45f5c699b100dfaf0e543582f38f38bf94cb7ae3a5e9abf8d891a34773335?s=96&d=mm&r=g\",\"width\":96,\"height\":96,\"caption\":\"Juliana Laviola\"}},{\"@type\":\"WebPage\",\"@id\":\"https:\\\/\\\/anoticiaonline.com.br\\\/site\\\/cooperativa-de-credito-cresol-realiza-assembleia-de-prestacao-de-contas\\\/#webpage\",\"url\":\"https:\\\/\\\/anoticiaonline.com.br\\\/site\\\/cooperativa-de-credito-cresol-realiza-assembleia-de-prestacao-de-contas\\\/\",\"name\":\"Cooperativa de cr\\u00e9dito Cresol realiza assembleia de presta\\u00e7\\u00e3o de contas - A Not\\u00edcia Online\",\"description\":\"A Cresol Fervedouro, institui\\u00e7\\u00e3o que faz parte do sistema de cooperativas de cr\\u00e9dito rural com intera\\u00e7\\u00e3o solid\\u00e1ria, apresentou aos cooperados um balan\\u00e7o de a\\u00e7\\u00f5es e investimentos realizados em 2015 durante a Assembleia Geral Extraordin\\u00e1ria e Ordin\\u00e1ria. O evento aconteceu no s\\u00e1bado (9), no Cefas, em Muria\\u00e9. Estiveram presentes na assembleia o diretor-presidente da Cresol Base\",\"inLanguage\":\"pt-BR\",\"isPartOf\":{\"@id\":\"https:\\\/\\\/anoticiaonline.com.br\\\/site\\\/#website\"},\"breadcrumb\":{\"@id\":\"https:\\\/\\\/anoticiaonline.com.br\\\/site\\\/cooperativa-de-credito-cresol-realiza-assembleia-de-prestacao-de-contas\\\/#breadcrumblist\"},\"author\":{\"@id\":\"https:\\\/\\\/anoticiaonline.com.br\\\/site\\\/author\\\/juliana\\\/#author\"},\"creator\":{\"@id\":\"https:\\\/\\\/anoticiaonline.com.br\\\/site\\\/author\\\/juliana\\\/#author\"},\"image\":{\"@type\":\"ImageObject\",\"url\":\"https:\\\/\\\/anoticiaonline.com.br\\\/site\\\/wp-content\\\/uploads\\\/2016\\\/04\\\/DSC_0313.jpg\",\"@id\":\"https:\\\/\\\/anoticiaonline.com.br\\\/site\\\/cooperativa-de-credito-cresol-realiza-assembleia-de-prestacao-de-contas\\\/#mainImage\",\"width\":640,\"height\":424},\"primaryImageOfPage\":{\"@id\":\"https:\\\/\\\/anoticiaonline.com.br\\\/site\\\/cooperativa-de-credito-cresol-realiza-assembleia-de-prestacao-de-contas\\\/#mainImage\"},\"datePublished\":\"2016-04-14T20:23:32-03:00\",\"dateModified\":\"2016-04-14T20:23:32-03:00\"},{\"@type\":\"WebSite\",\"@id\":\"https:\\\/\\\/anoticiaonline.com.br\\\/site\\\/#website\",\"url\":\"https:\\\/\\\/anoticiaonline.com.br\\\/site\\\/\",\"name\":\"A Not\\u00edcia Online\",\"description\":\"Noticias de Muria\\u00e9 e regi\\u00e3o\",\"inLanguage\":\"pt-BR\",\"publisher\":{\"@id\":\"https:\\\/\\\/anoticiaonline.com.br\\\/site\\\/#organization\"}}]}\n\t\t<\/script>\n\t\t<!-- All in One SEO -->\n\n","aioseo_head_json":{"title":"Cooperativa de cr\u00e9dito Cresol realiza assembleia de presta\u00e7\u00e3o de contas - A Not\u00edcia Online","description":"A Cresol Fervedouro, institui\u00e7\u00e3o que faz parte do sistema de cooperativas de cr\u00e9dito rural com intera\u00e7\u00e3o solid\u00e1ria, apresentou aos cooperados um balan\u00e7o de a\u00e7\u00f5es e investimentos realizados em 2015 durante a Assembleia Geral Extraordin\u00e1ria e Ordin\u00e1ria. O evento aconteceu no s\u00e1bado (9), no Cefas, em Muria\u00e9. Estiveram presentes na assembleia o diretor-presidente da Cresol Base","canonical_url":"https:\/\/anoticiaonline.com.br\/site\/cooperativa-de-credito-cresol-realiza-assembleia-de-prestacao-de-contas\/","robots":"max-image-preview:large","keywords":"","webmasterTools":{"miscellaneous":""},"schema":{"@context":"https:\/\/schema.org","@graph":[{"@type":"BlogPosting","@id":"https:\/\/anoticiaonline.com.br\/site\/cooperativa-de-credito-cresol-realiza-assembleia-de-prestacao-de-contas\/#blogposting","name":"Cooperativa de cr\u00e9dito Cresol realiza assembleia de presta\u00e7\u00e3o de contas - A Not\u00edcia Online","headline":"Cooperativa de cr\u00e9dito Cresol realiza assembleia de presta\u00e7\u00e3o de contas","author":{"@id":"https:\/\/anoticiaonline.com.br\/site\/author\/juliana\/#author"},"publisher":{"@id":"https:\/\/anoticiaonline.com.br\/site\/#organization"},"image":{"@type":"ImageObject","url":"https:\/\/anoticiaonline.com.br\/site\/wp-content\/uploads\/2016\/04\/DSC_0313.jpg","width":640,"height":424},"datePublished":"2016-04-14T20:23:32-03:00","dateModified":"2016-04-14T20:23:32-03:00","inLanguage":"pt-BR","mainEntityOfPage":{"@id":"https:\/\/anoticiaonline.com.br\/site\/cooperativa-de-credito-cresol-realiza-assembleia-de-prestacao-de-contas\/#webpage"},"isPartOf":{"@id":"https:\/\/anoticiaonline.com.br\/site\/cooperativa-de-credito-cresol-realiza-assembleia-de-prestacao-de-contas\/#webpage"},"articleSection":"Eventos, slide"},{"@type":"BreadcrumbList","@id":"https:\/\/anoticiaonline.com.br\/site\/cooperativa-de-credito-cresol-realiza-assembleia-de-prestacao-de-contas\/#breadcrumblist","itemListElement":[{"@type":"ListItem","@id":"https:\/\/anoticiaonline.com.br\/site#listItem","position":1,"name":"Home","item":"https:\/\/anoticiaonline.com.br\/site","nextItem":{"@type":"ListItem","@id":"https:\/\/anoticiaonline.com.br\/site\/categoria\/eventos\/#listItem","name":"Eventos"}},{"@type":"ListItem","@id":"https:\/\/anoticiaonline.com.br\/site\/categoria\/eventos\/#listItem","position":2,"name":"Eventos","item":"https:\/\/anoticiaonline.com.br\/site\/categoria\/eventos\/","nextItem":{"@type":"ListItem","@id":"https:\/\/anoticiaonline.com.br\/site\/cooperativa-de-credito-cresol-realiza-assembleia-de-prestacao-de-contas\/#listItem","name":"Cooperativa de cr\u00e9dito Cresol realiza assembleia de presta\u00e7\u00e3o de contas"},"previousItem":{"@type":"ListItem","@id":"https:\/\/anoticiaonline.com.br\/site#listItem","name":"Home"}},{"@type":"ListItem","@id":"https:\/\/anoticiaonline.com.br\/site\/cooperativa-de-credito-cresol-realiza-assembleia-de-prestacao-de-contas\/#listItem","position":3,"name":"Cooperativa de cr\u00e9dito Cresol realiza assembleia de presta\u00e7\u00e3o de contas","previousItem":{"@type":"ListItem","@id":"https:\/\/anoticiaonline.com.br\/site\/categoria\/eventos\/#listItem","name":"Eventos"}}]},{"@type":"Organization","@id":"https:\/\/anoticiaonline.com.br\/site\/#organization","name":"A Not\u00edcia Online","description":"Noticias de Muria\u00e9 e regi\u00e3o","url":"https:\/\/anoticiaonline.com.br\/site\/","logo":{"@type":"ImageObject","url":"https:\/\/scontent-gig4-1.xx.fbcdn.net\/v\/t39.30808-1\/270437624_4564083193639691_6907940295614233970_n.jpg?stp=dst-jpg_s200x200_tt6&_nc_cat=111&ccb=1-7&_nc_sid=f907e8&_nc_ohc=SM1wRlP3lJwQ7kNvwEPuBYA&_nc_oc=AdnqrjDN_BNjSSHWO-GbkIWH6fkGMLw4bqvL_NH6e2wMveX7G-rP2dAqsDSq1mJMOaY&_nc_zt=24&_nc_ht=scontent-gig4-1.xx&_nc_gid=AoBFJeGrT1hVaew_6rchkQ&oh=00_AfX7QmFGhQhG2jAllVgXCiM1ZrWgvtp80-Bfppyexh1QEg&oe=689E923C","@id":"https:\/\/anoticiaonline.com.br\/site\/cooperativa-de-credito-cresol-realiza-assembleia-de-prestacao-de-contas\/#organizationLogo"},"image":{"@id":"https:\/\/anoticiaonline.com.br\/site\/cooperativa-de-credito-cresol-realiza-assembleia-de-prestacao-de-contas\/#organizationLogo"}},{"@type":"Person","@id":"https:\/\/anoticiaonline.com.br\/site\/author\/juliana\/#author","url":"https:\/\/anoticiaonline.com.br\/site\/author\/juliana\/","name":"Juliana Laviola","image":{"@type":"ImageObject","@id":"https:\/\/anoticiaonline.com.br\/site\/cooperativa-de-credito-cresol-realiza-assembleia-de-prestacao-de-contas\/#authorImage","url":"https:\/\/secure.gravatar.com\/avatar\/b8d45f5c699b100dfaf0e543582f38f38bf94cb7ae3a5e9abf8d891a34773335?s=96&d=mm&r=g","width":96,"height":96,"caption":"Juliana Laviola"}},{"@type":"WebPage","@id":"https:\/\/anoticiaonline.com.br\/site\/cooperativa-de-credito-cresol-realiza-assembleia-de-prestacao-de-contas\/#webpage","url":"https:\/\/anoticiaonline.com.br\/site\/cooperativa-de-credito-cresol-realiza-assembleia-de-prestacao-de-contas\/","name":"Cooperativa de cr\u00e9dito Cresol realiza assembleia de presta\u00e7\u00e3o de contas - A Not\u00edcia Online","description":"A Cresol Fervedouro, institui\u00e7\u00e3o que faz parte do sistema de cooperativas de cr\u00e9dito rural com intera\u00e7\u00e3o solid\u00e1ria, apresentou aos cooperados um balan\u00e7o de a\u00e7\u00f5es e investimentos realizados em 2015 durante a Assembleia Geral Extraordin\u00e1ria e Ordin\u00e1ria. O evento aconteceu no s\u00e1bado (9), no Cefas, em Muria\u00e9. Estiveram presentes na assembleia o diretor-presidente da Cresol Base","inLanguage":"pt-BR","isPartOf":{"@id":"https:\/\/anoticiaonline.com.br\/site\/#website"},"breadcrumb":{"@id":"https:\/\/anoticiaonline.com.br\/site\/cooperativa-de-credito-cresol-realiza-assembleia-de-prestacao-de-contas\/#breadcrumblist"},"author":{"@id":"https:\/\/anoticiaonline.com.br\/site\/author\/juliana\/#author"},"creator":{"@id":"https:\/\/anoticiaonline.com.br\/site\/author\/juliana\/#author"},"image":{"@type":"ImageObject","url":"https:\/\/anoticiaonline.com.br\/site\/wp-content\/uploads\/2016\/04\/DSC_0313.jpg","@id":"https:\/\/anoticiaonline.com.br\/site\/cooperativa-de-credito-cresol-realiza-assembleia-de-prestacao-de-contas\/#mainImage","width":640,"height":424},"primaryImageOfPage":{"@id":"https:\/\/anoticiaonline.com.br\/site\/cooperativa-de-credito-cresol-realiza-assembleia-de-prestacao-de-contas\/#mainImage"},"datePublished":"2016-04-14T20:23:32-03:00","dateModified":"2016-04-14T20:23:32-03:00"},{"@type":"WebSite","@id":"https:\/\/anoticiaonline.com.br\/site\/#website","url":"https:\/\/anoticiaonline.com.br\/site\/","name":"A Not\u00edcia Online","description":"Noticias de Muria\u00e9 e regi\u00e3o","inLanguage":"pt-BR","publisher":{"@id":"https:\/\/anoticiaonline.com.br\/site\/#organization"}}]},"og:locale":"pt_BR","og:site_name":"A Not\u00edcia Online - Noticias de Muria\u00e9 e regi\u00e3o","og:type":"article","og:title":"Cooperativa de cr\u00e9dito Cresol realiza assembleia de presta\u00e7\u00e3o de contas - A Not\u00edcia Online","og:description":"A Cresol Fervedouro, institui\u00e7\u00e3o que faz parte do sistema de cooperativas de cr\u00e9dito rural com intera\u00e7\u00e3o solid\u00e1ria, apresentou aos cooperados um balan\u00e7o de a\u00e7\u00f5es e investimentos realizados em 2015 durante a Assembleia Geral Extraordin\u00e1ria e Ordin\u00e1ria. O evento aconteceu no s\u00e1bado (9), no Cefas, em Muria\u00e9. Estiveram presentes na assembleia o diretor-presidente da Cresol Base","og:url":"https:\/\/anoticiaonline.com.br\/site\/cooperativa-de-credito-cresol-realiza-assembleia-de-prestacao-de-contas\/","og:image":"https:\/\/scontent-gig4-1.xx.fbcdn.net\/v\/t39.30808-1\/270437624_4564083193639691_6907940295614233970_n.jpg?stp=dst-jpg_s200x200_tt6&#038;_nc_cat=111&#038;ccb=1-7&#038;_nc_sid=f907e8&#038;_nc_ohc=SM1wRlP3lJwQ7kNvwEPuBYA&#038;_nc_oc=AdnqrjDN_BNjSSHWO-GbkIWH6fkGMLw4bqvL_NH6e2wMveX7G-rP2dAqsDSq1mJMOaY&#038;_nc_zt=24&#038;_nc_ht=scontent-gig4-1.xx&#038;_nc_gid=AoBFJeGrT1hVaew_6rchkQ&#038;oh=00_AfX7QmFGhQhG2jAllVgXCiM1ZrWgvtp80-Bfppyexh1QEg&#038;oe=689E923C","og:image:secure_url":"https:\/\/scontent-gig4-1.xx.fbcdn.net\/v\/t39.30808-1\/270437624_4564083193639691_6907940295614233970_n.jpg?stp=dst-jpg_s200x200_tt6&#038;_nc_cat=111&#038;ccb=1-7&#038;_nc_sid=f907e8&#038;_nc_ohc=SM1wRlP3lJwQ7kNvwEPuBYA&#038;_nc_oc=AdnqrjDN_BNjSSHWO-GbkIWH6fkGMLw4bqvL_NH6e2wMveX7G-rP2dAqsDSq1mJMOaY&#038;_nc_zt=24&#038;_nc_ht=scontent-gig4-1.xx&#038;_nc_gid=AoBFJeGrT1hVaew_6rchkQ&#038;oh=00_AfX7QmFGhQhG2jAllVgXCiM1ZrWgvtp80-Bfppyexh1QEg&#038;oe=689E923C","article:published_time":"2016-04-14T23:23:32+00:00","article:modified_time":"2016-04-14T23:23:32+00:00","twitter:card":"summary_large_image","twitter:title":"Cooperativa de cr\u00e9dito Cresol realiza assembleia de presta\u00e7\u00e3o de contas - A Not\u00edcia Online","twitter:description":"A Cresol Fervedouro, institui\u00e7\u00e3o que faz parte do sistema de cooperativas de cr\u00e9dito rural com intera\u00e7\u00e3o solid\u00e1ria, apresentou aos cooperados um balan\u00e7o de a\u00e7\u00f5es e investimentos realizados em 2015 durante a Assembleia Geral Extraordin\u00e1ria e Ordin\u00e1ria. O evento aconteceu no s\u00e1bado (9), no Cefas, em Muria\u00e9. Estiveram presentes na assembleia o diretor-presidente da Cresol Base","twitter:image":"https:\/\/scontent-gig4-1.xx.fbcdn.net\/v\/t39.30808-1\/270437624_4564083193639691_6907940295614233970_n.jpg?stp=dst-jpg_s200x200_tt6&_nc_cat=111&ccb=1-7&_nc_sid=f907e8&_nc_ohc=SM1wRlP3lJwQ7kNvwEPuBYA&_nc_oc=AdnqrjDN_BNjSSHWO-GbkIWH6fkGMLw4bqvL_NH6e2wMveX7G-rP2dAqsDSq1mJMOaY&_nc_zt=24&_nc_ht=scontent-gig4-1.xx&_nc_gid=AoBFJeGrT1hVaew_6rchkQ&oh=00_AfX7QmFGhQhG2jAllVgXCiM1ZrWgvtp80-Bfppyexh1QEg&oe=689E923C"},"aioseo_meta_data":{"post_id":"11956","title":null,"description":null,"keywords":null,"keyphrases":null,"primary_term":null,"canonical_url":null,"og_title":null,"og_description":null,"og_object_type":"default","og_image_type":"default","og_image_url":null,"og_image_width":null,"og_image_height":null,"og_image_custom_url":null,"og_image_custom_fields":null,"og_video":null,"og_custom_url":null,"og_article_section":null,"og_article_tags":null,"twitter_use_og":false,"twitter_card":"default","twitter_image_type":"default","twitter_image_url":null,"twitter_image_custom_url":null,"twitter_image_custom_fields":null,"twitter_title":null,"twitter_description":null,"schema":{"blockGraphs":[],"customGraphs":[],"default":{"data":{"Article":[],"Course":[],"Dataset":[],"FAQPage":[],"Movie":[],"Person":[],"Product":[],"ProductReview":[],"Car":[],"Recipe":[],"Service":[],"SoftwareApplication":[],"WebPage":[]},"graphName":"","isEnabled":true},"graphs":[]},"schema_type":"default","schema_type_options":null,"pillar_content":false,"robots_default":true,"robots_noindex":false,"robots_noarchive":false,"robots_nosnippet":false,"robots_nofollow":false,"robots_noimageindex":false,"robots_noodp":false,"robots_notranslate":false,"robots_max_snippet":null,"robots_max_videopreview":null,"robots_max_imagepreview":"large","priority":null,"frequency":null,"local_seo":null,"breadcrumb_settings":null,"limit_modified_date":false,"ai":null,"created":"2025-08-16 15:48:29","updated":"2025-08-16 15:48:29","focus_keyword":null,"additional_keywords":null,"truseo_locale":null,"seo_analyzer_scan_date":null},"aioseo_breadcrumb":"<div class=\"aioseo-breadcrumbs\"><span class=\"aioseo-breadcrumb\">\n\t\t\t<a href=\"https:\/\/anoticiaonline.com.br\/site\" title=\"Home\">Home<\/a>\n\t\t<\/span><span class=\"aioseo-breadcrumb-separator\">&raquo;<\/span><span class=\"aioseo-breadcrumb\">\n\t\t\t<a href=\"https:\/\/anoticiaonline.com.br\/site\/categoria\/eventos\/\" title=\"Eventos\">Eventos<\/a>\n\t\t<\/span><span class=\"aioseo-breadcrumb-separator\">&raquo;<\/span><span class=\"aioseo-breadcrumb\">\n\t\t\tCooperativa de cr\u00e9dito Cresol realiza assembleia de presta\u00e7\u00e3o de contas\n\t\t<\/span><\/div>","aioseo_breadcrumb_json":[{"label":"Home","link":"https:\/\/anoticiaonline.com.br\/site"},{"label":"Eventos","link":"https:\/\/anoticiaonline.com.br\/site\/categoria\/eventos\/"},{"label":"Cooperativa de cr\u00e9dito Cresol realiza assembleia de presta\u00e7\u00e3o de contas","link":"https:\/\/anoticiaonline.com.br\/site\/cooperativa-de-credito-cresol-realiza-assembleia-de-prestacao-de-contas\/"}],"views":148,"_links":{"self":[{"href":"https:\/\/anoticiaonline.com.br\/site\/wp-json\/wp\/v2\/posts\/11956","targetHints":{"allow":["GET"]}}],"collection":[{"href":"https:\/\/anoticiaonline.com.br\/site\/wp-json\/wp\/v2\/posts"}],"about":[{"href":"https:\/\/anoticiaonline.com.br\/site\/wp-json\/wp\/v2\/types\/post"}],"author":[{"embeddable":true,"href":"https:\/\/anoticiaonline.com.br\/site\/wp-json\/wp\/v2\/users\/2"}],"replies":[{"embeddable":true,"href":"https:\/\/anoticiaonline.com.br\/site\/wp-json\/wp\/v2\/comments?post=11956"}],"version-history":[{"count":0,"href":"https:\/\/anoticiaonline.com.br\/site\/wp-json\/wp\/v2\/posts\/11956\/revisions"}],"wp:featuredmedia":[{"embeddable":true,"href":"https:\/\/anoticiaonline.com.br\/site\/wp-json\/wp\/v2\/media\/11957"}],"wp:attachment":[{"href":"https:\/\/anoticiaonline.com.br\/site\/wp-json\/wp\/v2\/media?parent=11956"}],"wp:term":[{"taxonomy":"category","embeddable":true,"href":"https:\/\/anoticiaonline.com.br\/site\/wp-json\/wp\/v2\/categories?post=11956"},{"taxonomy":"post_tag","embeddable":true,"href":"https:\/\/anoticiaonline.com.br\/site\/wp-json\/wp\/v2\/tags?post=11956"}],"curies":[{"name":"wp","href":"https:\/\/api.w.org\/{rel}","templated":true}]}}