{"id":119383,"date":"2023-11-21T10:23:13","date_gmt":"2023-11-21T13:23:13","guid":{"rendered":"http:\/\/anoticiaonline.com.br\/site\/?p=119383"},"modified":"2023-11-21T10:29:16","modified_gmt":"2023-11-21T13:29:16","slug":"coluna-esplanada-21-11-2023","status":"publish","type":"post","link":"https:\/\/anoticiaonline.com.br\/site\/coluna-esplanada-21-11-2023\/","title":{"rendered":"Coluna Esplanada 21\/11\/2023"},"content":{"rendered":"\n<p class=\"wp-block-paragraph\">A articula\u00e7\u00e3o pol\u00edtica no Senado Federal pesou para a prov\u00e1vel indica\u00e7\u00e3o do vice-procurador geral eleitoral, Paulo Gonet Branco, para o comando da Procuradoria-Geral da Rep\u00fablica (PGR). Depois da traum\u00e1tica derrota com a rejei\u00e7\u00e3o ao nome de Igor Roque, indicado do presidente Lula da Silva \u00e0 Defensoria P\u00fablica da Uni\u00e3o (DPU), ministros palacianos e l\u00edderes no Senado avaliam que \u2013 dos concorrentes -, Paulo Gonet tem mais simpatia na Casa, inclusive entre parlamentares da oposi\u00e7\u00e3o. Pesa tamb\u00e9m o apoio que o vice-procurador tem dos ministros do Supremo Tribunal Federal, Gilmar Mendes e Alexandre de Moraes, do ministro da Justi\u00e7a e Seguran\u00e7a P\u00fablica, Fl\u00e1vio Dino, e do presidente do Congresso, Rodrigo Pacheco. <\/p>\n\n\n\n<p class=\"wp-block-paragraph\"><strong>Malha fina<\/strong><\/p>\n\n\n\n<figure class=\"wp-block-image alignwide size-full\"><img fetchpriority=\"high\" decoding=\"async\" width=\"800\" height=\"774\" src=\"https:\/\/anoticiaonline.com.br\/site\/wp-content\/uploads\/2023\/11\/21-11-23.jpg\" alt=\"\" class=\"wp-image-119384\" srcset=\"https:\/\/anoticiaonline.com.br\/site\/wp-content\/uploads\/2023\/11\/21-11-23.jpg 800w, https:\/\/anoticiaonline.com.br\/site\/wp-content\/uploads\/2023\/11\/21-11-23-300x290.jpg 300w, https:\/\/anoticiaonline.com.br\/site\/wp-content\/uploads\/2023\/11\/21-11-23-768x743.jpg 768w\" sizes=\"(max-width: 800px) 100vw, 800px\" \/><\/figure>\n\n\n\n<p class=\"wp-block-paragraph\">O PTB, o DEM e PSC ca\u00edram na malha fina da Justi\u00e7a Eleitoral e foram condenados por terem usado mulheres apenas para atingir o percentual m\u00ednimo de 30% de candidaturas femininas. Um dado rastreado foi a quantidade de votos. Uma das \u201ccandidatas\u201d, F\u00e1bia Evangelista da Silva (PTB-PB), obteve apenas um voto.&nbsp; Tamb\u00e9m foi constada presta\u00e7\u00e3o de contas id\u00eanticas, com despesas apenas de servi\u00e7os cont\u00e1beis e advocat\u00edcios.<\/p>\n\n\n\n<p class=\"wp-block-paragraph\"><strong>Tom republicano <\/strong><strong><\/strong><\/p>\n\n\n\n<p class=\"wp-block-paragraph\">Embora tenha sido chamado de \u201cgrande corrupto\u201d, o presidente Lula da Silva foi aconselhado pelos assessores para assuntos internacionais a adotar um tom republicano ap\u00f3s vit\u00f3ria de Javier Milei, na Argentina. Frisou na mensagem que o Brasil &#8220;sempre estar\u00e1 \u00e0 disposi\u00e7\u00e3o para trabalhar junto com nossos irm\u00e3os argentinos&#8221;. Mas Lula n\u00e3o vai, por ora, telefonar para Milei. Tamb\u00e9m n\u00e3o estar\u00e1 na posse.<\/p>\n\n\n\n<p class=\"wp-block-paragraph\"><strong>Privatiza\u00e7\u00e3o da Copel<\/strong><\/p>\n\n\n\n<p class=\"wp-block-paragraph\">Al\u00e9m de interromper processos de privatiza\u00e7\u00e3o de estatais \u2013 como Correios, Telebras e outras -, o Governo Lula atua para questionar a desestatiza\u00e7\u00e3o nos Estados. A AGU apresentou manifesta\u00e7\u00e3o ao STF na qual defende a declara\u00e7\u00e3o parcial de inconstitucionalidade da lei estadual do Paran\u00e1 (n\u00ba 21.272\/2022) que autorizou a desestatiza\u00e7\u00e3o da Copel. O processo est\u00e1 sob a relatoria do ministro Luiz Fux.<\/p>\n\n\n\n<p class=\"wp-block-paragraph\"><strong>Consci\u00eancia Negra<\/strong><\/p>\n\n\n\n<p class=\"wp-block-paragraph\">Estudo da Rede de Observat\u00f3rios revela que, em 2022, uma pessoa negra foi morta por policiais a cada quatro horas. O dado \u00e9 mencionado pelo senador Paulo Paim (PT-RS) ao defender a aprova\u00e7\u00e3o do projeto (PL 5.231\/2020) que visa a reeduca\u00e7\u00e3o de agentes p\u00fablicos e profissionais de seguran\u00e7a, combatendo abordagens motivadas por preconceito, discrimina\u00e7\u00e3o e racismo.<\/p>\n\n\n\n<p class=\"wp-block-paragraph\"><strong>Campo conectado<\/strong><\/p>\n\n\n\n<p class=\"wp-block-paragraph\">Chega a 90% o percentual de brasileiros com acesso \u00e0 internet. O dado \u00e9 de uma pesquisa do IBGE (PNAD sobre tecnologia). A m\u00e1 not\u00edcia \u00e9 que, apesar de estar crescendo, a internet no campo ainda engatinha. Mesmo assim, especialistas afirmam que o 5G vai proporcionar uma revolu\u00e7\u00e3o pela facilidade com que o produtor vai ter acesso a dados mais sens\u00edveis: clima, condi\u00e7\u00f5es de solo, umidade e at\u00e9 melhor hor\u00e1rio para o plantio.<\/p>\n\n\n\n<p class=\"wp-block-paragraph\"><strong>ESPLANADEIRA<\/strong><\/p>\n\n\n\n<p class=\"wp-block-paragraph\"># <strong>Isabel Almeida<\/strong> entrevista no dia 23 embaixador da Palestina, Ibrahim Alzeben, no programa BSB Flash. # <strong>DNDi <\/strong>realiza dia 28 evento sobre P&amp;D para doen\u00e7as negligenciadas no Rio. # <strong>AFRAC<\/strong> se manifesta contr\u00e1ria \u00e0 portaria do MTE que determina proibi\u00e7\u00e3o do trabalho aos domingos e feriados. # Pesquisa feita pelo <strong>Sebrae <\/strong>mostra que mulheres t\u00eam menos apoio para abrir ou gerir pequenas empresas. # Palestra <strong>&#8220;Impactos Socioambientais dos Projetos de Infraestrutura&#8221;<\/strong> acontece em Bras\u00edlia nesta quinta-feira (23). # Cl\u00ednica do <strong>MSF<\/strong> na cidade de Gaza foi atacada na manh\u00e3 de segunda-feira (20).<\/p>\n","protected":false},"excerpt":{"rendered":"<p>A articula\u00e7\u00e3o pol\u00edtica no Senado Federal pesou para a prov\u00e1vel indica\u00e7\u00e3o do vice-procurador geral eleitoral, Paulo Gonet Branco, para o comando da Procuradoria-Geral da Rep\u00fablica (PGR). Depois da traum\u00e1tica derrota com a rejei\u00e7\u00e3o ao nome de Igor Roque, indicado do presidente Lula da Silva \u00e0 Defensoria P\u00fablica da Uni\u00e3o (DPU), ministros palacianos e l\u00edderes no &#8230; <a title=\"Coluna Esplanada 21\/11\/2023\" class=\"read-more\" href=\"https:\/\/anoticiaonline.com.br\/site\/coluna-esplanada-21-11-2023\/\" aria-label=\"Read more about Coluna Esplanada 21\/11\/2023\">Ler mais<\/a><\/p>\n","protected":false},"author":7,"featured_media":0,"comment_status":"open","ping_status":"closed","sticky":false,"template":"","format":"standard","meta":{"_acf_changed":false,"_monsterinsights_skip_tracking":false,"footnotes":""},"categories":[7690],"tags":[],"class_list":["post-119383","post","type-post","status-publish","format-standard","hentry","category-opiniao"],"acf":[],"aioseo_notices":[],"aioseo_head":"\n\t\t<!-- All in One SEO 5.0.0.1 - aioseo.com -->\n\t<meta name=\"description\" content=\"A articula\u00e7\u00e3o pol\u00edtica no Senado Federal pesou para a prov\u00e1vel indica\u00e7\u00e3o do vice-procurador geral eleitoral, Paulo Gonet Branco, para o comando da Procuradoria-Geral da Rep\u00fablica (PGR). Depois da traum\u00e1tica derrota com a rejei\u00e7\u00e3o ao nome de Igor Roque, indicado do presidente Lula da Silva \u00e0 Defensoria P\u00fablica da Uni\u00e3o (DPU), ministros palacianos e l\u00edderes no\" \/>\n\t<meta name=\"robots\" content=\"max-image-preview:large\" \/>\n\t<meta name=\"author\" content=\"Leandro Bebiano\"\/>\n\t<link rel=\"canonical\" href=\"https:\/\/anoticiaonline.com.br\/site\/coluna-esplanada-21-11-2023\/\" \/>\n\t<meta name=\"generator\" content=\"All in One SEO (AIOSEO) 5.0.0.1\" \/>\n\t\t<meta property=\"og:locale\" content=\"pt_BR\" \/>\n\t\t<meta property=\"og:site_name\" content=\"A Not\u00edcia Online - Noticias de Muria\u00e9 e regi\u00e3o\" \/>\n\t\t<meta property=\"og:type\" content=\"article\" \/>\n\t\t<meta property=\"og:title\" content=\"Coluna Esplanada 21\/11\/2023 - A Not\u00edcia Online\" \/>\n\t\t<meta property=\"og:description\" content=\"A articula\u00e7\u00e3o pol\u00edtica no Senado Federal pesou para a prov\u00e1vel indica\u00e7\u00e3o do vice-procurador geral eleitoral, Paulo Gonet Branco, para o comando da Procuradoria-Geral da Rep\u00fablica (PGR). Depois da traum\u00e1tica derrota com a rejei\u00e7\u00e3o ao nome de Igor Roque, indicado do presidente Lula da Silva \u00e0 Defensoria P\u00fablica da Uni\u00e3o (DPU), ministros palacianos e l\u00edderes no\" \/>\n\t\t<meta property=\"og:url\" content=\"https:\/\/anoticiaonline.com.br\/site\/coluna-esplanada-21-11-2023\/\" \/>\n\t\t<meta property=\"og:image\" content=\"https:\/\/scontent-gig4-1.xx.fbcdn.net\/v\/t39.30808-1\/270437624_4564083193639691_6907940295614233970_n.jpg?stp=dst-jpg_s200x200_tt6&#038;_nc_cat=111&#038;ccb=1-7&#038;_nc_sid=f907e8&#038;_nc_ohc=SM1wRlP3lJwQ7kNvwEPuBYA&#038;_nc_oc=AdnqrjDN_BNjSSHWO-GbkIWH6fkGMLw4bqvL_NH6e2wMveX7G-rP2dAqsDSq1mJMOaY&#038;_nc_zt=24&#038;_nc_ht=scontent-gig4-1.xx&#038;_nc_gid=AoBFJeGrT1hVaew_6rchkQ&#038;oh=00_AfX7QmFGhQhG2jAllVgXCiM1ZrWgvtp80-Bfppyexh1QEg&#038;oe=689E923C\" \/>\n\t\t<meta property=\"og:image:secure_url\" content=\"https:\/\/scontent-gig4-1.xx.fbcdn.net\/v\/t39.30808-1\/270437624_4564083193639691_6907940295614233970_n.jpg?stp=dst-jpg_s200x200_tt6&#038;_nc_cat=111&#038;ccb=1-7&#038;_nc_sid=f907e8&#038;_nc_ohc=SM1wRlP3lJwQ7kNvwEPuBYA&#038;_nc_oc=AdnqrjDN_BNjSSHWO-GbkIWH6fkGMLw4bqvL_NH6e2wMveX7G-rP2dAqsDSq1mJMOaY&#038;_nc_zt=24&#038;_nc_ht=scontent-gig4-1.xx&#038;_nc_gid=AoBFJeGrT1hVaew_6rchkQ&#038;oh=00_AfX7QmFGhQhG2jAllVgXCiM1ZrWgvtp80-Bfppyexh1QEg&#038;oe=689E923C\" \/>\n\t\t<meta property=\"article:published_time\" content=\"2023-11-21T13:23:13+00:00\" \/>\n\t\t<meta property=\"article:modified_time\" content=\"2023-11-21T13:29:16+00:00\" \/>\n\t\t<meta name=\"twitter:card\" content=\"summary_large_image\" \/>\n\t\t<meta name=\"twitter:title\" content=\"Coluna Esplanada 21\/11\/2023 - A Not\u00edcia Online\" \/>\n\t\t<meta name=\"twitter:description\" content=\"A articula\u00e7\u00e3o pol\u00edtica no Senado Federal pesou para a prov\u00e1vel indica\u00e7\u00e3o do vice-procurador geral eleitoral, Paulo Gonet Branco, para o comando da Procuradoria-Geral da Rep\u00fablica (PGR). Depois da traum\u00e1tica derrota com a rejei\u00e7\u00e3o ao nome de Igor Roque, indicado do presidente Lula da Silva \u00e0 Defensoria P\u00fablica da Uni\u00e3o (DPU), ministros palacianos e l\u00edderes no\" \/>\n\t\t<meta name=\"twitter:image\" content=\"https:\/\/scontent-gig4-1.xx.fbcdn.net\/v\/t39.30808-1\/270437624_4564083193639691_6907940295614233970_n.jpg?stp=dst-jpg_s200x200_tt6&amp;_nc_cat=111&amp;ccb=1-7&amp;_nc_sid=f907e8&amp;_nc_ohc=SM1wRlP3lJwQ7kNvwEPuBYA&amp;_nc_oc=AdnqrjDN_BNjSSHWO-GbkIWH6fkGMLw4bqvL_NH6e2wMveX7G-rP2dAqsDSq1mJMOaY&amp;_nc_zt=24&amp;_nc_ht=scontent-gig4-1.xx&amp;_nc_gid=AoBFJeGrT1hVaew_6rchkQ&amp;oh=00_AfX7QmFGhQhG2jAllVgXCiM1ZrWgvtp80-Bfppyexh1QEg&amp;oe=689E923C\" \/>\n\t\t<script type=\"application\/ld+json\" class=\"aioseo-schema\">\n\t\t\t{\"@context\":\"https:\\\/\\\/schema.org\",\"@graph\":[{\"@type\":\"BlogPosting\",\"@id\":\"https:\\\/\\\/anoticiaonline.com.br\\\/site\\\/coluna-esplanada-21-11-2023\\\/#blogposting\",\"name\":\"Coluna Esplanada 21\\\/11\\\/2023 - A Not\\u00edcia Online\",\"headline\":\"Coluna Esplanada 21\\\/11\\\/2023\",\"author\":{\"@id\":\"https:\\\/\\\/anoticiaonline.com.br\\\/site\\\/author\\\/leandro\\\/#author\"},\"publisher\":{\"@id\":\"https:\\\/\\\/anoticiaonline.com.br\\\/site\\\/#organization\"},\"image\":{\"@type\":\"ImageObject\",\"url\":\"https:\\\/\\\/anoticiaonline.com.br\\\/site\\\/wp-content\\\/uploads\\\/2023\\\/11\\\/21-11-23.jpg\",\"@id\":\"https:\\\/\\\/anoticiaonline.com.br\\\/site\\\/coluna-esplanada-21-11-2023\\\/#articleImage\",\"width\":800,\"height\":774},\"datePublished\":\"2023-11-21T10:23:13-03:00\",\"dateModified\":\"2023-11-21T10:29:16-03:00\",\"inLanguage\":\"pt-BR\",\"mainEntityOfPage\":{\"@id\":\"https:\\\/\\\/anoticiaonline.com.br\\\/site\\\/coluna-esplanada-21-11-2023\\\/#webpage\"},\"isPartOf\":{\"@id\":\"https:\\\/\\\/anoticiaonline.com.br\\\/site\\\/coluna-esplanada-21-11-2023\\\/#webpage\"},\"articleSection\":\"Opini\\u00e3o\"},{\"@type\":\"BreadcrumbList\",\"@id\":\"https:\\\/\\\/anoticiaonline.com.br\\\/site\\\/coluna-esplanada-21-11-2023\\\/#breadcrumblist\",\"itemListElement\":[{\"@type\":\"ListItem\",\"@id\":\"https:\\\/\\\/anoticiaonline.com.br\\\/site#listItem\",\"position\":1,\"name\":\"Home\",\"item\":\"https:\\\/\\\/anoticiaonline.com.br\\\/site\",\"nextItem\":{\"@type\":\"ListItem\",\"@id\":\"https:\\\/\\\/anoticiaonline.com.br\\\/site\\\/categoria\\\/colunistas\\\/#listItem\",\"name\":\"Colunistas\"}},{\"@type\":\"ListItem\",\"@id\":\"https:\\\/\\\/anoticiaonline.com.br\\\/site\\\/categoria\\\/colunistas\\\/#listItem\",\"position\":2,\"name\":\"Colunistas\",\"item\":\"https:\\\/\\\/anoticiaonline.com.br\\\/site\\\/categoria\\\/colunistas\\\/\",\"nextItem\":{\"@type\":\"ListItem\",\"@id\":\"https:\\\/\\\/anoticiaonline.com.br\\\/site\\\/categoria\\\/colunistas\\\/opiniao\\\/#listItem\",\"name\":\"Opini\\u00e3o\"},\"previousItem\":{\"@type\":\"ListItem\",\"@id\":\"https:\\\/\\\/anoticiaonline.com.br\\\/site#listItem\",\"name\":\"Home\"}},{\"@type\":\"ListItem\",\"@id\":\"https:\\\/\\\/anoticiaonline.com.br\\\/site\\\/categoria\\\/colunistas\\\/opiniao\\\/#listItem\",\"position\":3,\"name\":\"Opini\\u00e3o\",\"item\":\"https:\\\/\\\/anoticiaonline.com.br\\\/site\\\/categoria\\\/colunistas\\\/opiniao\\\/\",\"nextItem\":{\"@type\":\"ListItem\",\"@id\":\"https:\\\/\\\/anoticiaonline.com.br\\\/site\\\/coluna-esplanada-21-11-2023\\\/#listItem\",\"name\":\"Coluna Esplanada 21\\\/11\\\/2023\"},\"previousItem\":{\"@type\":\"ListItem\",\"@id\":\"https:\\\/\\\/anoticiaonline.com.br\\\/site\\\/categoria\\\/colunistas\\\/#listItem\",\"name\":\"Colunistas\"}},{\"@type\":\"ListItem\",\"@id\":\"https:\\\/\\\/anoticiaonline.com.br\\\/site\\\/coluna-esplanada-21-11-2023\\\/#listItem\",\"position\":4,\"name\":\"Coluna Esplanada 21\\\/11\\\/2023\",\"previousItem\":{\"@type\":\"ListItem\",\"@id\":\"https:\\\/\\\/anoticiaonline.com.br\\\/site\\\/categoria\\\/colunistas\\\/opiniao\\\/#listItem\",\"name\":\"Opini\\u00e3o\"}}]},{\"@type\":\"Organization\",\"@id\":\"https:\\\/\\\/anoticiaonline.com.br\\\/site\\\/#organization\",\"name\":\"A Not\\u00edcia Online\",\"description\":\"Noticias de Muria\\u00e9 e regi\\u00e3o\",\"url\":\"https:\\\/\\\/anoticiaonline.com.br\\\/site\\\/\",\"logo\":{\"@type\":\"ImageObject\",\"url\":\"https:\\\/\\\/scontent-gig4-1.xx.fbcdn.net\\\/v\\\/t39.30808-1\\\/270437624_4564083193639691_6907940295614233970_n.jpg?stp=dst-jpg_s200x200_tt6&_nc_cat=111&ccb=1-7&_nc_sid=f907e8&_nc_ohc=SM1wRlP3lJwQ7kNvwEPuBYA&_nc_oc=AdnqrjDN_BNjSSHWO-GbkIWH6fkGMLw4bqvL_NH6e2wMveX7G-rP2dAqsDSq1mJMOaY&_nc_zt=24&_nc_ht=scontent-gig4-1.xx&_nc_gid=AoBFJeGrT1hVaew_6rchkQ&oh=00_AfX7QmFGhQhG2jAllVgXCiM1ZrWgvtp80-Bfppyexh1QEg&oe=689E923C\",\"@id\":\"https:\\\/\\\/anoticiaonline.com.br\\\/site\\\/coluna-esplanada-21-11-2023\\\/#organizationLogo\"},\"image\":{\"@id\":\"https:\\\/\\\/anoticiaonline.com.br\\\/site\\\/coluna-esplanada-21-11-2023\\\/#organizationLogo\"}},{\"@type\":\"Person\",\"@id\":\"https:\\\/\\\/anoticiaonline.com.br\\\/site\\\/author\\\/leandro\\\/#author\",\"url\":\"https:\\\/\\\/anoticiaonline.com.br\\\/site\\\/author\\\/leandro\\\/\",\"name\":\"Leandro Bebiano\",\"image\":{\"@type\":\"ImageObject\",\"@id\":\"https:\\\/\\\/anoticiaonline.com.br\\\/site\\\/coluna-esplanada-21-11-2023\\\/#authorImage\",\"url\":\"https:\\\/\\\/secure.gravatar.com\\\/avatar\\\/99966a20c143db97c8590c2013307c7c234a4cca48ed5657cbb47e22a400bd5f?s=96&d=mm&r=g\",\"width\":96,\"height\":96,\"caption\":\"Leandro Bebiano\"}},{\"@type\":\"WebPage\",\"@id\":\"https:\\\/\\\/anoticiaonline.com.br\\\/site\\\/coluna-esplanada-21-11-2023\\\/#webpage\",\"url\":\"https:\\\/\\\/anoticiaonline.com.br\\\/site\\\/coluna-esplanada-21-11-2023\\\/\",\"name\":\"Coluna Esplanada 21\\\/11\\\/2023 - A Not\\u00edcia Online\",\"description\":\"A articula\\u00e7\\u00e3o pol\\u00edtica no Senado Federal pesou para a prov\\u00e1vel indica\\u00e7\\u00e3o do vice-procurador geral eleitoral, Paulo Gonet Branco, para o comando da Procuradoria-Geral da Rep\\u00fablica (PGR). Depois da traum\\u00e1tica derrota com a rejei\\u00e7\\u00e3o ao nome de Igor Roque, indicado do presidente Lula da Silva \\u00e0 Defensoria P\\u00fablica da Uni\\u00e3o (DPU), ministros palacianos e l\\u00edderes no\",\"inLanguage\":\"pt-BR\",\"isPartOf\":{\"@id\":\"https:\\\/\\\/anoticiaonline.com.br\\\/site\\\/#website\"},\"breadcrumb\":{\"@id\":\"https:\\\/\\\/anoticiaonline.com.br\\\/site\\\/coluna-esplanada-21-11-2023\\\/#breadcrumblist\"},\"author\":{\"@id\":\"https:\\\/\\\/anoticiaonline.com.br\\\/site\\\/author\\\/leandro\\\/#author\"},\"creator\":{\"@id\":\"https:\\\/\\\/anoticiaonline.com.br\\\/site\\\/author\\\/leandro\\\/#author\"},\"datePublished\":\"2023-11-21T10:23:13-03:00\",\"dateModified\":\"2023-11-21T10:29:16-03:00\"},{\"@type\":\"WebSite\",\"@id\":\"https:\\\/\\\/anoticiaonline.com.br\\\/site\\\/#website\",\"url\":\"https:\\\/\\\/anoticiaonline.com.br\\\/site\\\/\",\"name\":\"A Not\\u00edcia Online\",\"description\":\"Noticias de Muria\\u00e9 e regi\\u00e3o\",\"inLanguage\":\"pt-BR\",\"publisher\":{\"@id\":\"https:\\\/\\\/anoticiaonline.com.br\\\/site\\\/#organization\"}}]}\n\t\t<\/script>\n\t\t<!-- All in One SEO -->\n\n","aioseo_head_json":{"title":"Coluna Esplanada 21\/11\/2023 - A Not\u00edcia Online","description":"A articula\u00e7\u00e3o pol\u00edtica no Senado Federal pesou para a prov\u00e1vel indica\u00e7\u00e3o do vice-procurador geral eleitoral, Paulo Gonet Branco, para o comando da Procuradoria-Geral da Rep\u00fablica (PGR). Depois da traum\u00e1tica derrota com a rejei\u00e7\u00e3o ao nome de Igor Roque, indicado do presidente Lula da Silva \u00e0 Defensoria P\u00fablica da Uni\u00e3o (DPU), ministros palacianos e l\u00edderes no","canonical_url":"https:\/\/anoticiaonline.com.br\/site\/coluna-esplanada-21-11-2023\/","robots":"max-image-preview:large","keywords":"","webmasterTools":{"miscellaneous":""},"schema":{"@context":"https:\/\/schema.org","@graph":[{"@type":"BlogPosting","@id":"https:\/\/anoticiaonline.com.br\/site\/coluna-esplanada-21-11-2023\/#blogposting","name":"Coluna Esplanada 21\/11\/2023 - A Not\u00edcia Online","headline":"Coluna Esplanada 21\/11\/2023","author":{"@id":"https:\/\/anoticiaonline.com.br\/site\/author\/leandro\/#author"},"publisher":{"@id":"https:\/\/anoticiaonline.com.br\/site\/#organization"},"image":{"@type":"ImageObject","url":"https:\/\/anoticiaonline.com.br\/site\/wp-content\/uploads\/2023\/11\/21-11-23.jpg","@id":"https:\/\/anoticiaonline.com.br\/site\/coluna-esplanada-21-11-2023\/#articleImage","width":800,"height":774},"datePublished":"2023-11-21T10:23:13-03:00","dateModified":"2023-11-21T10:29:16-03:00","inLanguage":"pt-BR","mainEntityOfPage":{"@id":"https:\/\/anoticiaonline.com.br\/site\/coluna-esplanada-21-11-2023\/#webpage"},"isPartOf":{"@id":"https:\/\/anoticiaonline.com.br\/site\/coluna-esplanada-21-11-2023\/#webpage"},"articleSection":"Opini\u00e3o"},{"@type":"BreadcrumbList","@id":"https:\/\/anoticiaonline.com.br\/site\/coluna-esplanada-21-11-2023\/#breadcrumblist","itemListElement":[{"@type":"ListItem","@id":"https:\/\/anoticiaonline.com.br\/site#listItem","position":1,"name":"Home","item":"https:\/\/anoticiaonline.com.br\/site","nextItem":{"@type":"ListItem","@id":"https:\/\/anoticiaonline.com.br\/site\/categoria\/colunistas\/#listItem","name":"Colunistas"}},{"@type":"ListItem","@id":"https:\/\/anoticiaonline.com.br\/site\/categoria\/colunistas\/#listItem","position":2,"name":"Colunistas","item":"https:\/\/anoticiaonline.com.br\/site\/categoria\/colunistas\/","nextItem":{"@type":"ListItem","@id":"https:\/\/anoticiaonline.com.br\/site\/categoria\/colunistas\/opiniao\/#listItem","name":"Opini\u00e3o"},"previousItem":{"@type":"ListItem","@id":"https:\/\/anoticiaonline.com.br\/site#listItem","name":"Home"}},{"@type":"ListItem","@id":"https:\/\/anoticiaonline.com.br\/site\/categoria\/colunistas\/opiniao\/#listItem","position":3,"name":"Opini\u00e3o","item":"https:\/\/anoticiaonline.com.br\/site\/categoria\/colunistas\/opiniao\/","nextItem":{"@type":"ListItem","@id":"https:\/\/anoticiaonline.com.br\/site\/coluna-esplanada-21-11-2023\/#listItem","name":"Coluna Esplanada 21\/11\/2023"},"previousItem":{"@type":"ListItem","@id":"https:\/\/anoticiaonline.com.br\/site\/categoria\/colunistas\/#listItem","name":"Colunistas"}},{"@type":"ListItem","@id":"https:\/\/anoticiaonline.com.br\/site\/coluna-esplanada-21-11-2023\/#listItem","position":4,"name":"Coluna Esplanada 21\/11\/2023","previousItem":{"@type":"ListItem","@id":"https:\/\/anoticiaonline.com.br\/site\/categoria\/colunistas\/opiniao\/#listItem","name":"Opini\u00e3o"}}]},{"@type":"Organization","@id":"https:\/\/anoticiaonline.com.br\/site\/#organization","name":"A Not\u00edcia Online","description":"Noticias de Muria\u00e9 e regi\u00e3o","url":"https:\/\/anoticiaonline.com.br\/site\/","logo":{"@type":"ImageObject","url":"https:\/\/scontent-gig4-1.xx.fbcdn.net\/v\/t39.30808-1\/270437624_4564083193639691_6907940295614233970_n.jpg?stp=dst-jpg_s200x200_tt6&_nc_cat=111&ccb=1-7&_nc_sid=f907e8&_nc_ohc=SM1wRlP3lJwQ7kNvwEPuBYA&_nc_oc=AdnqrjDN_BNjSSHWO-GbkIWH6fkGMLw4bqvL_NH6e2wMveX7G-rP2dAqsDSq1mJMOaY&_nc_zt=24&_nc_ht=scontent-gig4-1.xx&_nc_gid=AoBFJeGrT1hVaew_6rchkQ&oh=00_AfX7QmFGhQhG2jAllVgXCiM1ZrWgvtp80-Bfppyexh1QEg&oe=689E923C","@id":"https:\/\/anoticiaonline.com.br\/site\/coluna-esplanada-21-11-2023\/#organizationLogo"},"image":{"@id":"https:\/\/anoticiaonline.com.br\/site\/coluna-esplanada-21-11-2023\/#organizationLogo"}},{"@type":"Person","@id":"https:\/\/anoticiaonline.com.br\/site\/author\/leandro\/#author","url":"https:\/\/anoticiaonline.com.br\/site\/author\/leandro\/","name":"Leandro Bebiano","image":{"@type":"ImageObject","@id":"https:\/\/anoticiaonline.com.br\/site\/coluna-esplanada-21-11-2023\/#authorImage","url":"https:\/\/secure.gravatar.com\/avatar\/99966a20c143db97c8590c2013307c7c234a4cca48ed5657cbb47e22a400bd5f?s=96&d=mm&r=g","width":96,"height":96,"caption":"Leandro Bebiano"}},{"@type":"WebPage","@id":"https:\/\/anoticiaonline.com.br\/site\/coluna-esplanada-21-11-2023\/#webpage","url":"https:\/\/anoticiaonline.com.br\/site\/coluna-esplanada-21-11-2023\/","name":"Coluna Esplanada 21\/11\/2023 - A Not\u00edcia Online","description":"A articula\u00e7\u00e3o pol\u00edtica no Senado Federal pesou para a prov\u00e1vel indica\u00e7\u00e3o do vice-procurador geral eleitoral, Paulo Gonet Branco, para o comando da Procuradoria-Geral da Rep\u00fablica (PGR). Depois da traum\u00e1tica derrota com a rejei\u00e7\u00e3o ao nome de Igor Roque, indicado do presidente Lula da Silva \u00e0 Defensoria P\u00fablica da Uni\u00e3o (DPU), ministros palacianos e l\u00edderes no","inLanguage":"pt-BR","isPartOf":{"@id":"https:\/\/anoticiaonline.com.br\/site\/#website"},"breadcrumb":{"@id":"https:\/\/anoticiaonline.com.br\/site\/coluna-esplanada-21-11-2023\/#breadcrumblist"},"author":{"@id":"https:\/\/anoticiaonline.com.br\/site\/author\/leandro\/#author"},"creator":{"@id":"https:\/\/anoticiaonline.com.br\/site\/author\/leandro\/#author"},"datePublished":"2023-11-21T10:23:13-03:00","dateModified":"2023-11-21T10:29:16-03:00"},{"@type":"WebSite","@id":"https:\/\/anoticiaonline.com.br\/site\/#website","url":"https:\/\/anoticiaonline.com.br\/site\/","name":"A Not\u00edcia Online","description":"Noticias de Muria\u00e9 e regi\u00e3o","inLanguage":"pt-BR","publisher":{"@id":"https:\/\/anoticiaonline.com.br\/site\/#organization"}}]},"og:locale":"pt_BR","og:site_name":"A Not\u00edcia Online - Noticias de Muria\u00e9 e regi\u00e3o","og:type":"article","og:title":"Coluna Esplanada 21\/11\/2023 - A Not\u00edcia Online","og:description":"A articula\u00e7\u00e3o pol\u00edtica no Senado Federal pesou para a prov\u00e1vel indica\u00e7\u00e3o do vice-procurador geral eleitoral, Paulo Gonet Branco, para o comando da Procuradoria-Geral da Rep\u00fablica (PGR). Depois da traum\u00e1tica derrota com a rejei\u00e7\u00e3o ao nome de Igor Roque, indicado do presidente Lula da Silva \u00e0 Defensoria P\u00fablica da Uni\u00e3o (DPU), ministros palacianos e l\u00edderes no","og:url":"https:\/\/anoticiaonline.com.br\/site\/coluna-esplanada-21-11-2023\/","og:image":"https:\/\/scontent-gig4-1.xx.fbcdn.net\/v\/t39.30808-1\/270437624_4564083193639691_6907940295614233970_n.jpg?stp=dst-jpg_s200x200_tt6&#038;_nc_cat=111&#038;ccb=1-7&#038;_nc_sid=f907e8&#038;_nc_ohc=SM1wRlP3lJwQ7kNvwEPuBYA&#038;_nc_oc=AdnqrjDN_BNjSSHWO-GbkIWH6fkGMLw4bqvL_NH6e2wMveX7G-rP2dAqsDSq1mJMOaY&#038;_nc_zt=24&#038;_nc_ht=scontent-gig4-1.xx&#038;_nc_gid=AoBFJeGrT1hVaew_6rchkQ&#038;oh=00_AfX7QmFGhQhG2jAllVgXCiM1ZrWgvtp80-Bfppyexh1QEg&#038;oe=689E923C","og:image:secure_url":"https:\/\/scontent-gig4-1.xx.fbcdn.net\/v\/t39.30808-1\/270437624_4564083193639691_6907940295614233970_n.jpg?stp=dst-jpg_s200x200_tt6&#038;_nc_cat=111&#038;ccb=1-7&#038;_nc_sid=f907e8&#038;_nc_ohc=SM1wRlP3lJwQ7kNvwEPuBYA&#038;_nc_oc=AdnqrjDN_BNjSSHWO-GbkIWH6fkGMLw4bqvL_NH6e2wMveX7G-rP2dAqsDSq1mJMOaY&#038;_nc_zt=24&#038;_nc_ht=scontent-gig4-1.xx&#038;_nc_gid=AoBFJeGrT1hVaew_6rchkQ&#038;oh=00_AfX7QmFGhQhG2jAllVgXCiM1ZrWgvtp80-Bfppyexh1QEg&#038;oe=689E923C","article:published_time":"2023-11-21T13:23:13+00:00","article:modified_time":"2023-11-21T13:29:16+00:00","twitter:card":"summary_large_image","twitter:title":"Coluna Esplanada 21\/11\/2023 - A Not\u00edcia Online","twitter:description":"A articula\u00e7\u00e3o pol\u00edtica no Senado Federal pesou para a prov\u00e1vel indica\u00e7\u00e3o do vice-procurador geral eleitoral, Paulo Gonet Branco, para o comando da Procuradoria-Geral da Rep\u00fablica (PGR). Depois da traum\u00e1tica derrota com a rejei\u00e7\u00e3o ao nome de Igor Roque, indicado do presidente Lula da Silva \u00e0 Defensoria P\u00fablica da Uni\u00e3o (DPU), ministros palacianos e l\u00edderes no","twitter:image":"https:\/\/scontent-gig4-1.xx.fbcdn.net\/v\/t39.30808-1\/270437624_4564083193639691_6907940295614233970_n.jpg?stp=dst-jpg_s200x200_tt6&_nc_cat=111&ccb=1-7&_nc_sid=f907e8&_nc_ohc=SM1wRlP3lJwQ7kNvwEPuBYA&_nc_oc=AdnqrjDN_BNjSSHWO-GbkIWH6fkGMLw4bqvL_NH6e2wMveX7G-rP2dAqsDSq1mJMOaY&_nc_zt=24&_nc_ht=scontent-gig4-1.xx&_nc_gid=AoBFJeGrT1hVaew_6rchkQ&oh=00_AfX7QmFGhQhG2jAllVgXCiM1ZrWgvtp80-Bfppyexh1QEg&oe=689E923C"},"aioseo_meta_data":{"post_id":"119383","title":null,"description":null,"keywords":null,"keyphrases":null,"primary_term":null,"canonical_url":null,"og_title":null,"og_description":null,"og_object_type":"default","og_image_type":"default","og_image_url":null,"og_image_width":null,"og_image_height":null,"og_image_custom_url":null,"og_image_custom_fields":null,"og_video":null,"og_custom_url":null,"og_article_section":null,"og_article_tags":null,"twitter_use_og":false,"twitter_card":"default","twitter_image_type":"default","twitter_image_url":null,"twitter_image_custom_url":null,"twitter_image_custom_fields":null,"twitter_title":null,"twitter_description":null,"schema":{"blockGraphs":[],"customGraphs":[],"default":{"data":{"Article":[],"Course":[],"Dataset":[],"FAQPage":[],"Movie":[],"Person":[],"Product":[],"ProductReview":[],"Car":[],"Recipe":[],"Service":[],"SoftwareApplication":[],"WebPage":[]},"graphName":"","isEnabled":true},"graphs":[]},"schema_type":"default","schema_type_options":null,"pillar_content":false,"robots_default":true,"robots_noindex":false,"robots_noarchive":false,"robots_nosnippet":false,"robots_nofollow":false,"robots_noimageindex":false,"robots_noodp":false,"robots_notranslate":false,"robots_max_snippet":null,"robots_max_videopreview":null,"robots_max_imagepreview":"large","priority":null,"frequency":null,"local_seo":null,"breadcrumb_settings":null,"limit_modified_date":false,"ai":null,"created":"2025-08-17 09:48:26","updated":"2025-08-17 09:48:26","focus_keyword":null,"additional_keywords":null,"truseo_locale":null,"seo_analyzer_scan_date":null},"aioseo_breadcrumb":"<div class=\"aioseo-breadcrumbs\"><span class=\"aioseo-breadcrumb\">\n\t\t\t<a href=\"https:\/\/anoticiaonline.com.br\/site\" title=\"Home\">Home<\/a>\n\t\t<\/span><span class=\"aioseo-breadcrumb-separator\">&raquo;<\/span><span class=\"aioseo-breadcrumb\">\n\t\t\t<a href=\"https:\/\/anoticiaonline.com.br\/site\/categoria\/colunistas\/\" title=\"Colunistas\">Colunistas<\/a>\n\t\t<\/span><span class=\"aioseo-breadcrumb-separator\">&raquo;<\/span><span class=\"aioseo-breadcrumb\">\n\t\t\t<a href=\"https:\/\/anoticiaonline.com.br\/site\/categoria\/colunistas\/opiniao\/\" title=\"Opini\u00e3o\">Opini\u00e3o<\/a>\n\t\t<\/span><span class=\"aioseo-breadcrumb-separator\">&raquo;<\/span><span class=\"aioseo-breadcrumb\">\n\t\t\tColuna Esplanada 21\/11\/2023\n\t\t<\/span><\/div>","aioseo_breadcrumb_json":[{"label":"Home","link":"https:\/\/anoticiaonline.com.br\/site"},{"label":"Colunistas","link":"https:\/\/anoticiaonline.com.br\/site\/categoria\/colunistas\/"},{"label":"Opini\u00e3o","link":"https:\/\/anoticiaonline.com.br\/site\/categoria\/colunistas\/opiniao\/"},{"label":"Coluna Esplanada 21\/11\/2023","link":"https:\/\/anoticiaonline.com.br\/site\/coluna-esplanada-21-11-2023\/"}],"views":161,"_links":{"self":[{"href":"https:\/\/anoticiaonline.com.br\/site\/wp-json\/wp\/v2\/posts\/119383","targetHints":{"allow":["GET"]}}],"collection":[{"href":"https:\/\/anoticiaonline.com.br\/site\/wp-json\/wp\/v2\/posts"}],"about":[{"href":"https:\/\/anoticiaonline.com.br\/site\/wp-json\/wp\/v2\/types\/post"}],"author":[{"embeddable":true,"href":"https:\/\/anoticiaonline.com.br\/site\/wp-json\/wp\/v2\/users\/7"}],"replies":[{"embeddable":true,"href":"https:\/\/anoticiaonline.com.br\/site\/wp-json\/wp\/v2\/comments?post=119383"}],"version-history":[{"count":0,"href":"https:\/\/anoticiaonline.com.br\/site\/wp-json\/wp\/v2\/posts\/119383\/revisions"}],"wp:attachment":[{"href":"https:\/\/anoticiaonline.com.br\/site\/wp-json\/wp\/v2\/media?parent=119383"}],"wp:term":[{"taxonomy":"category","embeddable":true,"href":"https:\/\/anoticiaonline.com.br\/site\/wp-json\/wp\/v2\/categories?post=119383"},{"taxonomy":"post_tag","embeddable":true,"href":"https:\/\/anoticiaonline.com.br\/site\/wp-json\/wp\/v2\/tags?post=119383"}],"curies":[{"name":"wp","href":"https:\/\/api.w.org\/{rel}","templated":true}]}}